{"id":59350,"date":"2024-08-07T20:53:45","date_gmt":"2024-08-07T23:53:45","guid":{"rendered":"https:\/\/ismaelcolosi.com.br\/index.php\/2024\/08\/07\/professor-da-usp-e-afastado-do-hc-de-ribeirao-apos-denuncia-de-transfobia\/"},"modified":"2024-08-07T20:53:45","modified_gmt":"2024-08-07T23:53:45","slug":"professor-da-usp-e-afastado-do-hc-de-ribeirao-apos-denuncia-de-transfobia","status":"publish","type":"post","link":"https:\/\/ismaelcolosi.com.br\/index.php\/2024\/08\/07\/professor-da-usp-e-afastado-do-hc-de-ribeirao-apos-denuncia-de-transfobia\/","title":{"rendered":"Professor da USP \u00e9 afastado do HC de Ribeir\u00e3o ap\u00f3s den\u00fancia de transfobia"},"content":{"rendered":"<p> <br \/>\n<\/p>\n<div>\n<p>O <strong>Hospital das Cl\u00ednicas de Ribeir\u00e3o Preto (HC) <\/strong>afastou por 180 dias o professor <strong>Jyrson Guilherme Klamt<\/strong>, <strong>denunciado por transfobia<\/strong> depois de ofender duas alunas travestis em <strong>novembro de 2023<\/strong>.<\/p>\n<p>A decis\u00e3o do hospital foi publicada no <strong>Di\u00e1rio Oficial do Estado de S\u00e3o Paulo<\/strong> na segunda-feira (5). <mark style=\"background-color:#fcb900\" class=\"has-inline-color\">A medida foi aplicada em t<strong>om punitivo<\/strong>, portanto, <strong>Jyrson n\u00e3o poder\u00e1 exercer nenhuma atividade cl\u00ednica no hospital<\/strong>.<\/mark> Em caso de reincid\u00eancia, a penalidade pode ser mais severa.<\/p>\n<figure class=\"wp-block-pullquote\">\n<blockquote>\n<p>Acho que tem um peso muito grande, uma for\u00e7a muito grande, um recado muito grande, de impunidade n\u00e3o tem mais espa\u00e7o. As pessoas n\u00e3o podem, a partir do cargo delas, falarem o que quiserem, invadirem o seu espa\u00e7o, apontarem o dedo e te amea\u00e7arem, simplesmente porque elas tem essa falsa cren\u00e7a de est\u00e3o impunes<\/p>\n<p><cite>Stella Branco, aluna envolvida no caso<\/cite><\/p><\/blockquote>\n<\/figure>\n<p>Apesar da decis\u00e3o do <strong>HC<\/strong>, a den\u00fancia de transfobia ainda \u00e9 avaliada pela <strong>Faculdade de Medicina de Ribeir\u00e3o Preto (FMRP-USP)<\/strong>.<\/p>\n<p>Em nota encaminhada a <em>EPTV<\/em>, a diretoria da institui\u00e7\u00e3o informou que apura o caso internamente e que poss\u00edveis medidas cab\u00edveis s\u00f3 ser\u00e3o tomadas depois que esse trabalho terminar. A faculdade ainda reformou sua posi\u00e7\u00e3o \u201ca favor do respeito, do pertencimento e da inclus\u00e3o\u201d.<\/p>\n<h3 class=\"wp-block-heading\"><strong>Relembre o caso<\/strong><\/h3>\n<p>Na \u00e9poca do ocorrido, as duas mulheres, que s\u00e3o as primeiras alunas travestis do curso medicina, disseram que foram amea\u00e7adas e ofendidas pelo professor.<\/p>\n<p><strong><mark style=\"background-color:#fcb900\" class=\"has-inline-color\">O caso aconteceu um dia ap\u00f3s a universidade implantar o uso livre dos banheiros de acordo com o g\u00eanero com o qual a pessoa se identifica.<\/mark><\/strong> De acordo com <strong>Lou\u00edse Rodrigues e Silva<\/strong>, o docente teria sido debochado e ir\u00f4nico ao falar sobre a inaugura\u00e7\u00e3o do banheiro.<\/p>\n<figure class=\"wp-block-pullquote\">\n<blockquote>\n<p>Ele perguntou diretamente para mim qual banheiro eu iria utilizar a partir de agora. Nesse momento eu devolvi perguntando para ele qual banheiro ele achava que eu deveria utilizar. Nisso ele n\u00e3o respondeu a minha pergunta e voltou a falar o qu\u00e3o absurdo ele achava pessoas trans poderem usar o banheiro de acordo com o g\u00eanero que se identificam e que a faculdade j\u00e1 n\u00e3o era mais a mesma<\/p>\n<p><cite>Lou\u00edse Rodrigues e Silva<\/cite><\/p><\/blockquote>\n<\/figure>\n<p>Mesmo ap\u00f3s ter rebatido o docente, Lou\u00edse diz que as<strong> agress\u00f5es verbais continuaram<\/strong>, at\u00e9 o momento em que viraram amea\u00e7as. \u201cEle se manifesta dizendo que se a gente usasse o banheiro em que a filha dele estivesse presente, a gente sairia de l\u00e1 morta\u201d.<\/p>\n<p><strong>Stella Branco <\/strong>estava presente no momento do ocorrido e conta que ao perceber a gravidade da situa\u00e7\u00e3o, defendeu a amiga.<\/p>\n<p>\u201cEsse professor tem comportamentos bem problem\u00e1ticos, envolvendo falas que atacam in\u00fameras minorias ao inv\u00e9s de dar o conte\u00fado da disciplina dele, que \u00e9 o que ele \u00e9 pago para fazer ali, com dinheiro p\u00fablico\u201d, disse Stella.<\/p>\n<p><strong>Na \u00e9poca, um boletim de ocorr\u00eancia foi registrado por amea\u00e7a e inj\u00faria racial.<\/strong><\/p>\n<p><strong><em>(com informa\u00e7\u00f5es da EPTV)<\/em><\/strong><\/p>\n<hr class=\"wp-block-separator has-alpha-channel-opacity\"\/>\n<p>SAIBA MAIS<\/p>\n<p>Ruas de Ribeir\u00e3o Preto t\u00eam sentido de dire\u00e7\u00e3o alterado; Veja quais<\/p>\n<h4 class=\"wp-block-heading\"><strong>FIQUE ON<\/strong><\/h4>\n<p>Fique ligado em tudo que acontece em Ribeir\u00e3o Preto e regi\u00e3o. Siga os perfis do<strong>\u00a0acidade on<\/strong>\u00a0no\u00a0<a href=\"https:\/\/www.instagram.com\/acidadeonribeirao\/\" target=\"_blank\" rel=\"noreferrer noopener\">Instagram\u00a0<\/a>e no\u00a0<a href=\"https:\/\/www.facebook.com\/acidadeonribeirao\/\" target=\"_blank\" rel=\"noreferrer noopener\">Facebook<\/a>.<\/p>\n<p>Receba not\u00edcias do\u00a0<strong>acidade on<\/strong>\u00a0no WhatsApp.\u00a0<a href=\"https:\/\/chat.whatsapp.com\/Dtv9mxhy6V5BJBotM2OQ5k\" target=\"_blank\" rel=\"noreferrer noopener\">Para entrar no grupo, basta clicar aqui.<\/a><\/p>\n<p>Fa\u00e7a uma den\u00fancia ou sugira uma reportagem sobre Ribeir\u00e3o Preto e regi\u00e3o pelo WhatsApp: 16 99117 7802.<\/p>\n<p>VEJA TAMB\u00c9M<\/p>\n<p>Quem \u00e9 o autor de \u2018Mania de Voc\u00ea\u2019?<\/p>\n<p><!-- CONTENT END 1 -->\n<\/div>\n<p><script async src=\"\/\/www.instagram.com\/embed.js\"><\/script><br \/>\n<br \/><br \/>\n<br \/><a href=\"https:\/\/www.acidadeon.com\/ribeiraopreto\/cotidiano\/professor-da-usp-e-afastado-do-hc-de-ribeirao-apos-denuncia-de-transfobia\/\">Source link <\/a><\/p>\n","protected":false},"excerpt":{"rendered":"<p>O Hospital das Cl\u00ednicas de Ribeir\u00e3o Preto (HC) afastou por 180 dias o professor Jyrson Guilherme Klamt, denunciado por transfobia depois de ofender duas alunas&#8230;<\/p>\n","protected":false},"author":1,"featured_media":59351,"comment_status":"open","ping_status":"open","sticky":false,"template":"","format":"standard","meta":{"_uag_custom_page_level_css":"","advanced_seo_description":"","jetpack_seo_html_title":"","jetpack_seo_noindex":false,"jetpack_post_was_ever_published":false,"_jetpack_newsletter_access":"","_jetpack_dont_email_post_to_subs":false,"_jetpack_newsletter_tier_id":0,"_jetpack_memberships_contains_paywalled_content":false,"_jetpack_memberships_contains_paid_content":false,"footnotes":"","jetpack_publicize_message":"","jetpack_publicize_feature_enabled":true,"jetpack_social_post_already_shared":true,"jetpack_social_options":{"image_generator_settings":{"template":"highway","default_image_id":0,"font":"","enabled":false},"version":2}},"categories":[11],"tags":[],"class_list":["post-59350","post","type-post","status-publish","format-standard","has-post-thumbnail","hentry","category-noticias-de-ribeirao-preto-sp-e-regiao-ismael-colosi"],"jetpack_publicize_connections":[],"jetpack_featured_media_url":"https:\/\/i0.wp.com\/ismaelcolosi.com.br\/wp-content\/uploads\/2024\/08\/Copia-de-Copia-de-TAMANHO-EXATO-PARA-FOTOS-NO-SISTEMA-NOVO-2024-08-07T202446.247_2024-08-07_23-25-45_png_2024-08-07_23-25-45.webp.webp?fit=1200%2C675&ssl=1","uagb_featured_image_src":{"full":["https:\/\/i0.wp.com\/ismaelcolosi.com.br\/wp-content\/uploads\/2024\/08\/Copia-de-Copia-de-TAMANHO-EXATO-PARA-FOTOS-NO-SISTEMA-NOVO-2024-08-07T202446.247_2024-08-07_23-25-45_png_2024-08-07_23-25-45.webp.webp?fit=1200%2C675&ssl=1",1200,675,false],"thumbnail":["https:\/\/i0.wp.com\/ismaelcolosi.com.br\/wp-content\/uploads\/2024\/08\/Copia-de-Copia-de-TAMANHO-EXATO-PARA-FOTOS-NO-SISTEMA-NOVO-2024-08-07T202446.247_2024-08-07_23-25-45_png_2024-08-07_23-25-45.webp.webp?resize=150%2C150&ssl=1",150,150,true],"medium":["https:\/\/i0.wp.com\/ismaelcolosi.com.br\/wp-content\/uploads\/2024\/08\/Copia-de-Copia-de-TAMANHO-EXATO-PARA-FOTOS-NO-SISTEMA-NOVO-2024-08-07T202446.247_2024-08-07_23-25-45_png_2024-08-07_23-25-45.webp.webp?fit=300%2C169&ssl=1",300,169,true],"medium_large":["https:\/\/i0.wp.com\/ismaelcolosi.com.br\/wp-content\/uploads\/2024\/08\/Copia-de-Copia-de-TAMANHO-EXATO-PARA-FOTOS-NO-SISTEMA-NOVO-2024-08-07T202446.247_2024-08-07_23-25-45_png_2024-08-07_23-25-45.webp.webp?fit=768%2C432&ssl=1",768,432,true],"large":["https:\/\/i0.wp.com\/ismaelcolosi.com.br\/wp-content\/uploads\/2024\/08\/Copia-de-Copia-de-TAMANHO-EXATO-PARA-FOTOS-NO-SISTEMA-NOVO-2024-08-07T202446.247_2024-08-07_23-25-45_png_2024-08-07_23-25-45.webp.webp?fit=1024%2C576&ssl=1",1024,576,true],"1536x1536":["https:\/\/i0.wp.com\/ismaelcolosi.com.br\/wp-content\/uploads\/2024\/08\/Copia-de-Copia-de-TAMANHO-EXATO-PARA-FOTOS-NO-SISTEMA-NOVO-2024-08-07T202446.247_2024-08-07_23-25-45_png_2024-08-07_23-25-45.webp.webp?fit=1200%2C675&ssl=1",1200,675,true],"2048x2048":["https:\/\/i0.wp.com\/ismaelcolosi.com.br\/wp-content\/uploads\/2024\/08\/Copia-de-Copia-de-TAMANHO-EXATO-PARA-FOTOS-NO-SISTEMA-NOVO-2024-08-07T202446.247_2024-08-07_23-25-45_png_2024-08-07_23-25-45.webp.webp?fit=1200%2C675&ssl=1",1200,675,true],"really-simple-thumb":["https:\/\/i0.wp.com\/ismaelcolosi.com.br\/wp-content\/uploads\/2024\/08\/Copia-de-Copia-de-TAMANHO-EXATO-PARA-FOTOS-NO-SISTEMA-NOVO-2024-08-07T202446.247_2024-08-07_23-25-45_png_2024-08-07_23-25-45.webp.webp?resize=370%2C247&ssl=1",370,247,true]},"uagb_author_info":{"display_name":"ismaelcolosi.com.br","author_link":"https:\/\/ismaelcolosi.com.br\/index.php\/author\/vidareal-online\/"},"uagb_comment_info":0,"uagb_excerpt":"O Hospital das Cl\u00ednicas de Ribeir\u00e3o Preto (HC) afastou por 180 dias o professor Jyrson Guilherme Klamt, denunciado por transfobia depois de ofender duas alunas...","jetpack-related-posts":[{"id":73373,"url":"https:\/\/ismaelcolosi.com.br\/index.php\/2024\/10\/25\/usp-ribeirao-preto-afasta-professor-acusado-de-transfobia-e-ameaca\/","url_meta":{"origin":59350,"position":0},"title":"USP Ribeir\u00e3o Preto afasta professor acusado de transfobia e amea\u00e7a","author":"ismaelcolosi.com.br","date":"25 de October de 2024","format":false,"excerpt":"O professor Jyrson Guilherme Klamt,\u00a0acusado de transfobia contra duas alunas travestis da Universidade de S\u00e3o Paulo (USP) em Ribeir\u00e3o Preto, em novembro de 2023, foi suspenso das atividades por 90 dias. Em agosto deste ano,\u00a0o docente j\u00e1 tinha sido afastado do Hospital das Cl\u00ednicas de Ribeir\u00e3o Preto por 180 dias.\u2026","rel":"","context":"In &quot;Not\u00edcias de Ribeir\u00e3o Preto-SP e Regi\u00e3o&quot;","block_context":{"text":"Not\u00edcias de Ribeir\u00e3o Preto-SP e Regi\u00e3o","link":"https:\/\/ismaelcolosi.com.br\/index.php\/category\/noticias-de-ribeirao-preto-sp-e-regiao-ismael-colosi\/"},"img":{"alt_text":"","src":"https:\/\/i0.wp.com\/ismaelcolosi.com.br\/wp-content\/uploads\/2024\/10\/Copia-de-Copia-de-Copia-de-TAMANHO-EXATO-PARA-FOTOS-NO-SISTEMA-NOVO-47_2024-10-25_23-42-16_png_2024-10-25_23-42-17.webp.webp?fit=1200%2C675&ssl=1&resize=350%2C200","width":350,"height":200,"srcset":"https:\/\/i0.wp.com\/ismaelcolosi.com.br\/wp-content\/uploads\/2024\/10\/Copia-de-Copia-de-Copia-de-TAMANHO-EXATO-PARA-FOTOS-NO-SISTEMA-NOVO-47_2024-10-25_23-42-16_png_2024-10-25_23-42-17.webp.webp?fit=1200%2C675&ssl=1&resize=350%2C200 1x, https:\/\/i0.wp.com\/ismaelcolosi.com.br\/wp-content\/uploads\/2024\/10\/Copia-de-Copia-de-Copia-de-TAMANHO-EXATO-PARA-FOTOS-NO-SISTEMA-NOVO-47_2024-10-25_23-42-16_png_2024-10-25_23-42-17.webp.webp?fit=1200%2C675&ssl=1&resize=525%2C300 1.5x, https:\/\/i0.wp.com\/ismaelcolosi.com.br\/wp-content\/uploads\/2024\/10\/Copia-de-Copia-de-Copia-de-TAMANHO-EXATO-PARA-FOTOS-NO-SISTEMA-NOVO-47_2024-10-25_23-42-16_png_2024-10-25_23-42-17.webp.webp?fit=1200%2C675&ssl=1&resize=700%2C400 2x, https:\/\/i0.wp.com\/ismaelcolosi.com.br\/wp-content\/uploads\/2024\/10\/Copia-de-Copia-de-Copia-de-TAMANHO-EXATO-PARA-FOTOS-NO-SISTEMA-NOVO-47_2024-10-25_23-42-16_png_2024-10-25_23-42-17.webp.webp?fit=1200%2C675&ssl=1&resize=1050%2C600 3x"},"classes":[]},{"id":784,"url":"https:\/\/ismaelcolosi.com.br\/index.php\/2023\/11\/09\/alunas-de-medicina-da-usp-ribeirao-denunciam-professor-por-transfobia\/","url_meta":{"origin":59350,"position":1},"title":"Alunas de medicina da USP Ribeir\u00e3o denunciam professor por transfobia","author":"ismaelcolosi.com.br","date":"9 de November de 2023","format":false,"excerpt":"Duas estudantes da FMRP (Faculdade de Medicina de Ribeir\u00e3o Preto) da USP (Universidade de S\u00e3o Paulo) registraram um Boletim de Ocorr\u00eancia (BO) contra um professor por transfobia. As duas mulheres, que s\u00e3o as primeiras alunas transexuais do curso, disseram que foram amea\u00e7adas e ofendidas pelo homem, um dia ap\u00f3s a\u2026","rel":"","context":"In &quot;Not\u00edcias de Ribeir\u00e3o Preto-SP e Regi\u00e3o&quot;","block_context":{"text":"Not\u00edcias de Ribeir\u00e3o Preto-SP e Regi\u00e3o","link":"https:\/\/ismaelcolosi.com.br\/index.php\/category\/noticias-de-ribeirao-preto-sp-e-regiao-ismael-colosi\/"},"img":{"alt_text":"","src":"https:\/\/i0.wp.com\/ismaelcolosi.com.br\/wp-content\/uploads\/2023\/11\/faculdade-de-medicina-da-usp-ribeirao-preto.jpg?fit=1000%2C525&ssl=1&resize=350%2C200","width":350,"height":200,"srcset":"https:\/\/i0.wp.com\/ismaelcolosi.com.br\/wp-content\/uploads\/2023\/11\/faculdade-de-medicina-da-usp-ribeirao-preto.jpg?fit=1000%2C525&ssl=1&resize=350%2C200 1x, https:\/\/i0.wp.com\/ismaelcolosi.com.br\/wp-content\/uploads\/2023\/11\/faculdade-de-medicina-da-usp-ribeirao-preto.jpg?fit=1000%2C525&ssl=1&resize=525%2C300 1.5x, https:\/\/i0.wp.com\/ismaelcolosi.com.br\/wp-content\/uploads\/2023\/11\/faculdade-de-medicina-da-usp-ribeirao-preto.jpg?fit=1000%2C525&ssl=1&resize=700%2C400 2x"},"classes":[]},{"id":73387,"url":"https:\/\/ismaelcolosi.com.br\/index.php\/2024\/10\/26\/professor-da-usp-em-ribeirao-preto-e-afastado-apos-acusacoes-de-preconceito-e-ameacas-contra-alunas-travestis\/","url_meta":{"origin":59350,"position":2},"title":"Professor da USP em Ribeir\u00e3o Preto \u00e9 Afastado Ap\u00f3s Acusa\u00e7\u00f5es de Preconceito e Amea\u00e7as Contra Alunas Travestis","author":"ismaelcolosi.com.br","date":"26 de October de 2024","format":false,"excerpt":"A Universidade de S\u00e3o Paulo (USP), em Ribeir\u00e3o Preto, afastou um professor acusado de praticar preconceito e fazer amea\u00e7as contra alunas travestis. As den\u00fancias, feitas pelas pr\u00f3prias estudantes, apontam comportamentos transf\u00f3bicos e intimida\u00e7\u00f5es verbais durante aulas e atividades acad\u00eamicas, gerando grande repercuss\u00e3o dentro e fora da institui\u00e7\u00e3o. O caso, que\u2026","rel":"","context":"In &quot;Not\u00edcias de Ribeir\u00e3o Preto-SP e Regi\u00e3o&quot;","block_context":{"text":"Not\u00edcias de Ribeir\u00e3o Preto-SP e Regi\u00e3o","link":"https:\/\/ismaelcolosi.com.br\/index.php\/category\/noticias-de-ribeirao-preto-sp-e-regiao-ismael-colosi\/"},"img":{"alt_text":"","src":"https:\/\/i0.wp.com\/ismaelcolosi.com.br\/wp-content\/uploads\/2024\/09\/revalida_mcamgo_abr_100720211818.webp.webp?fit=1170%2C700&ssl=1&resize=350%2C200","width":350,"height":200,"srcset":"https:\/\/i0.wp.com\/ismaelcolosi.com.br\/wp-content\/uploads\/2024\/09\/revalida_mcamgo_abr_100720211818.webp.webp?fit=1170%2C700&ssl=1&resize=350%2C200 1x, https:\/\/i0.wp.com\/ismaelcolosi.com.br\/wp-content\/uploads\/2024\/09\/revalida_mcamgo_abr_100720211818.webp.webp?fit=1170%2C700&ssl=1&resize=525%2C300 1.5x, https:\/\/i0.wp.com\/ismaelcolosi.com.br\/wp-content\/uploads\/2024\/09\/revalida_mcamgo_abr_100720211818.webp.webp?fit=1170%2C700&ssl=1&resize=700%2C400 2x, https:\/\/i0.wp.com\/ismaelcolosi.com.br\/wp-content\/uploads\/2024\/09\/revalida_mcamgo_abr_100720211818.webp.webp?fit=1170%2C700&ssl=1&resize=1050%2C600 3x"},"classes":[]},{"id":4613,"url":"https:\/\/ismaelcolosi.com.br\/index.php\/2023\/11\/21\/vereadora-denuncia-ter-sido-vitima-de-transfobia-em-camara-de-cidade-na-regiao-de-ribeirao\/","url_meta":{"origin":59350,"position":3},"title":"Vereadora denuncia ter sido v\u00edtima de transfobia em C\u00e2mara de cidade na regi\u00e3o de Ribeir\u00e3o","author":"ismaelcolosi.com.br","date":"21 de November de 2023","format":false,"excerpt":"Em Patroc\u00ednio Paulista, cidade na regi\u00e3o de Ribeir\u00e3o Preto, a vereadora Dandara Ferreira (MDB) registrou um boletim de ocorr\u00eancia por transfobia, contra o tamb\u00e9m vereador Alcides Resende (Cidadania). A vereadora, que \u00e9 uma mulher transexual, alega ter sido v\u00edtima de inj\u00faria racial durante uma discuss\u00e3o na C\u00e2mara Municipal dos Vereadores,\u2026","rel":"","context":"In &quot;Not\u00edcias de Ribeir\u00e3o Preto-SP e Regi\u00e3o&quot;","block_context":{"text":"Not\u00edcias de Ribeir\u00e3o Preto-SP e Regi\u00e3o","link":"https:\/\/ismaelcolosi.com.br\/index.php\/category\/noticias-de-ribeirao-preto-sp-e-regiao-ismael-colosi\/"},"img":{"alt_text":"","src":"https:\/\/i0.wp.com\/ismaelcolosi.com.br\/wp-content\/uploads\/2023\/11\/Vereadora.png?fit=1200%2C708&ssl=1&resize=350%2C200","width":350,"height":200,"srcset":"https:\/\/i0.wp.com\/ismaelcolosi.com.br\/wp-content\/uploads\/2023\/11\/Vereadora.png?fit=1200%2C708&ssl=1&resize=350%2C200 1x, https:\/\/i0.wp.com\/ismaelcolosi.com.br\/wp-content\/uploads\/2023\/11\/Vereadora.png?fit=1200%2C708&ssl=1&resize=525%2C300 1.5x, https:\/\/i0.wp.com\/ismaelcolosi.com.br\/wp-content\/uploads\/2023\/11\/Vereadora.png?fit=1200%2C708&ssl=1&resize=700%2C400 2x, https:\/\/i0.wp.com\/ismaelcolosi.com.br\/wp-content\/uploads\/2023\/11\/Vereadora.png?fit=1200%2C708&ssl=1&resize=1050%2C600 3x"},"classes":[]},{"id":68214,"url":"https:\/\/ismaelcolosi.com.br\/index.php\/2024\/09\/27\/ubds-central-e-reestruturacao-da-cohab-veja-as-promessas-de-ricardo-silva-para-ribeirao-preto\/","url_meta":{"origin":59350,"position":4},"title":"UBDS Central e reestrutura\u00e7\u00e3o da Cohab: Veja as promessas de Ricardo Silva para Ribeir\u00e3o Preto","author":"ismaelcolosi.com.br","date":"27 de September de 2024","format":false,"excerpt":"O acidade on Ribeir\u00e3o realizou nesta semana uma s\u00e9rie de entrevistas com os candidatos \u00e0 Prefeitura de Ribeir\u00e3o Preto nas elei\u00e7\u00f5es 2024. Nesta sexta-feira (27) o entrevistado foi o deputado federal Ricardo Silva (PSD) \u2013 veja o player acima. Ricardo Silva \u00e9 candidato pela coliga\u00e7\u00e3o Pra Ribeir\u00e3o Avan\u00e7ar, formada por\u2026","rel":"","context":"In &quot;Not\u00edcias de Ribeir\u00e3o Preto-SP e Regi\u00e3o&quot;","block_context":{"text":"Not\u00edcias de Ribeir\u00e3o Preto-SP e Regi\u00e3o","link":"https:\/\/ismaelcolosi.com.br\/index.php\/category\/noticias-de-ribeirao-preto-sp-e-regiao-ismael-colosi\/"},"img":{"alt_text":"","src":"https:\/\/i0.wp.com\/ismaelcolosi.com.br\/wp-content\/uploads\/2024\/09\/ricardo-silva_2024-09-27_21-37-36_jpg_2024-09-27_21-37-36.webp.webp?fit=1200%2C703&ssl=1&resize=350%2C200","width":350,"height":200,"srcset":"https:\/\/i0.wp.com\/ismaelcolosi.com.br\/wp-content\/uploads\/2024\/09\/ricardo-silva_2024-09-27_21-37-36_jpg_2024-09-27_21-37-36.webp.webp?fit=1200%2C703&ssl=1&resize=350%2C200 1x, https:\/\/i0.wp.com\/ismaelcolosi.com.br\/wp-content\/uploads\/2024\/09\/ricardo-silva_2024-09-27_21-37-36_jpg_2024-09-27_21-37-36.webp.webp?fit=1200%2C703&ssl=1&resize=525%2C300 1.5x, https:\/\/i0.wp.com\/ismaelcolosi.com.br\/wp-content\/uploads\/2024\/09\/ricardo-silva_2024-09-27_21-37-36_jpg_2024-09-27_21-37-36.webp.webp?fit=1200%2C703&ssl=1&resize=700%2C400 2x, https:\/\/i0.wp.com\/ismaelcolosi.com.br\/wp-content\/uploads\/2024\/09\/ricardo-silva_2024-09-27_21-37-36_jpg_2024-09-27_21-37-36.webp.webp?fit=1200%2C703&ssl=1&resize=1050%2C600 3x"},"classes":[]},{"id":28106,"url":"https:\/\/ismaelcolosi.com.br\/index.php\/2024\/01\/14\/cirurgia-inedita-no-hc-de-ribeirao-e-realizada-em-paciente-amputada-ha-34-anos\/","url_meta":{"origin":59350,"position":5},"title":"Cirurgia in\u00e9dita no HC de Ribeir\u00e3o \u00e9 realizada em paciente amputada h\u00e1 34 anos\u00a0","author":"ismaelcolosi.com.br","date":"14 de January de 2024","format":false,"excerpt":"14 de janeiro de 2024 | 16:0014 de janeiro de 2024 | 10:23 0Adriana Dorazi \u2013 especial para o Tribuna Ribeir\u00e3o*com informa\u00e7\u00f5es e imagens da assessoria do HC\u00a0Procedimento in\u00e9dito em SP at\u00e9 o ano passado se assemelha a um implante dent\u00e1rio\u00a0(HC)A vida de quem precisa de uma pr\u00f3tese poder\u00e1 ficar\u2026","rel":"","context":"In &quot;Not\u00edcias de Ribeir\u00e3o Preto-SP e Regi\u00e3o&quot;","block_context":{"text":"Not\u00edcias de Ribeir\u00e3o Preto-SP e Regi\u00e3o","link":"https:\/\/ismaelcolosi.com.br\/index.php\/category\/noticias-de-ribeirao-preto-sp-e-regiao-ismael-colosi\/"},"img":{"alt_text":"","src":"https:\/\/i0.wp.com\/ismaelcolosi.com.br\/wp-content\/uploads\/2024\/01\/Osteointegracao_FotoHC_03-scaled.jpg?fit=860%2C645&ssl=1&resize=350%2C200","width":350,"height":200,"srcset":"https:\/\/i0.wp.com\/ismaelcolosi.com.br\/wp-content\/uploads\/2024\/01\/Osteointegracao_FotoHC_03-scaled.jpg?fit=860%2C645&ssl=1&resize=350%2C200 1x, https:\/\/i0.wp.com\/ismaelcolosi.com.br\/wp-content\/uploads\/2024\/01\/Osteointegracao_FotoHC_03-scaled.jpg?fit=860%2C645&ssl=1&resize=525%2C300 1.5x, https:\/\/i0.wp.com\/ismaelcolosi.com.br\/wp-content\/uploads\/2024\/01\/Osteointegracao_FotoHC_03-scaled.jpg?fit=860%2C645&ssl=1&resize=700%2C400 2x"},"classes":[]}],"jetpack_sharing_enabled":true,"jetpack_shortlink":"https:\/\/wp.me\/pfMlyK-frg","_links":{"self":[{"href":"https:\/\/ismaelcolosi.com.br\/index.php\/wp-json\/wp\/v2\/posts\/59350","targetHints":{"allow":["GET"]}}],"collection":[{"href":"https:\/\/ismaelcolosi.com.br\/index.php\/wp-json\/wp\/v2\/posts"}],"about":[{"href":"https:\/\/ismaelcolosi.com.br\/index.php\/wp-json\/wp\/v2\/types\/post"}],"author":[{"embeddable":true,"href":"https:\/\/ismaelcolosi.com.br\/index.php\/wp-json\/wp\/v2\/users\/1"}],"replies":[{"embeddable":true,"href":"https:\/\/ismaelcolosi.com.br\/index.php\/wp-json\/wp\/v2\/comments?post=59350"}],"version-history":[{"count":0,"href":"https:\/\/ismaelcolosi.com.br\/index.php\/wp-json\/wp\/v2\/posts\/59350\/revisions"}],"wp:featuredmedia":[{"embeddable":true,"href":"https:\/\/ismaelcolosi.com.br\/index.php\/wp-json\/wp\/v2\/media\/59351"}],"wp:attachment":[{"href":"https:\/\/ismaelcolosi.com.br\/index.php\/wp-json\/wp\/v2\/media?parent=59350"}],"wp:term":[{"taxonomy":"category","embeddable":true,"href":"https:\/\/ismaelcolosi.com.br\/index.php\/wp-json\/wp\/v2\/categories?post=59350"},{"taxonomy":"post_tag","embeddable":true,"href":"https:\/\/ismaelcolosi.com.br\/index.php\/wp-json\/wp\/v2\/tags?post=59350"}],"curies":[{"name":"wp","href":"https:\/\/api.w.org\/{rel}","templated":true}]}}