{"id":59347,"date":"2024-08-07T19:55:55","date_gmt":"2024-08-07T22:55:55","guid":{"rendered":"https:\/\/ismaelcolosi.com.br\/index.php\/2024\/08\/07\/acirp-celebra-120-anos-em-ribeirao-preto-conheca-a-historia-da-entidade\/"},"modified":"2024-08-07T19:55:55","modified_gmt":"2024-08-07T22:55:55","slug":"acirp-celebra-120-anos-em-ribeirao-preto-conheca-a-historia-da-entidade","status":"publish","type":"post","link":"https:\/\/ismaelcolosi.com.br\/index.php\/2024\/08\/07\/acirp-celebra-120-anos-em-ribeirao-preto-conheca-a-historia-da-entidade\/","title":{"rendered":"Acirp celebra 120 anos em Ribeir\u00e3o Preto; Conhe\u00e7a a hist\u00f3ria da entidade"},"content":{"rendered":"<p> <br \/>\n<\/p>\n<div>\n<p>A <strong>Associa\u00e7\u00e3o Comercial e Industrial de Ribeir\u00e3o Preto (Acirp)<\/strong> completa nesta quinta-feira (8), <strong>120 anos <\/strong>desde sua funda\u00e7\u00e3o em 1904.<\/p>\n<p>A institui\u00e7\u00e3o foi criada no auge do ciclo do Caf\u00e9 e, ao longo dos anos, atraiu lideran\u00e7as entre empres\u00e1rios que ajudaram no progresso de<strong> Ribeir\u00e3o Preto<\/strong>, como destaca a atual presidente da associa\u00e7\u00e3o.<\/p>\n<figure class=\"wp-block-pullquote\">\n<blockquote>\n<p>A ACIRP esteve presente em todos os principais momentos de nossa cidade. Superou junto com Ribeir\u00e3o Preto grandes desafios nestes 120 anos com o trabalho de empres\u00e1rios que voluntariamente doaram seu tempo e conhecimento em favor da coletividade<\/p>\n<p><cite>disse Sandra Brandani, presidente da Acirp<\/cite><\/p><\/blockquote>\n<\/figure>\n<p>A data tamb\u00e9m celebra os <strong>70 anos do Pal\u00e1cio do Com\u00e9rcio e Ind\u00fastria<\/strong>, edif\u00edcio hist\u00f3rico onde funciona a <strong>sede da associa\u00e7\u00e3o<\/strong> no munic\u00edpio.<\/p>\n<h3 class=\"wp-block-heading\"><strong>Hist\u00f3ria da Acirp<\/strong><\/h3>\n<p>A <strong>Acirp <\/strong>foi fundada por <strong>dez empres\u00e1rios imigrantes e filhos de imigrantes<\/strong>. <mark style=\"background-color:#fcb900\" class=\"has-inline-color\">Desde o in\u00edcio, a preocupa\u00e7\u00e3o da associa\u00e7\u00e3o era \u201cser a voz do empresariado ribeir\u00e3o-pretano, organizando a nova classe de empreendedores atra\u00edda ao Nordeste Paulista pelas grandes fazendas de caf\u00e9 da regi\u00e3o\u201d.<\/mark><\/p>\n<p>No final de 1938 e come\u00e7o de 1939, o ent\u00e3o presidente Gilberto N\u00f3brega comprou um <strong>sobrado em condi\u00e7\u00f5es bastante prec\u00e1rias<\/strong>, pertencente ao <strong>bispado de Ribeir\u00e3o Preto<\/strong>.<\/p>\n<p>A compra concluiria longas negocia\u00e7\u00f5es do antecessor de N\u00f3brega, Antonio da Costa Lima, e da comiss\u00e3o formada pelos diretores Heitor Rigon, Jos\u00e9 Sapienza e Salvador Sapienza, com o bispado. A associa\u00e7\u00e3o permaneceu ali por 16 anos, <strong>quando o im\u00f3vel foi derrubado para dar origem ao Pal\u00e1cio Com\u00e9rcio e Ind\u00fastria, onde se localiza e tem a sua sede at\u00e9 hoje.<\/strong><\/p>\n<p>O <strong>Pal\u00e1cio Com\u00e9rcio e Ind\u00fastria<\/strong>, localizado no cruzamento das ruas S\u00e3o Sebasti\u00e3o com Visconde de Inha\u00fama,<strong> foi constru\u00eddo<\/strong>. \u201cOs materiais e m\u00e3o de obra necess\u00e1rios \u00e0 constru\u00e7\u00e3o do pr\u00e9dio foram pagos com rifas, livros de ouro e, em casos como de, pelo menos, cinco diretores, com recursos pr\u00f3prios\u201d. <\/p>\n<p>Apesar das dificuldades enfrentadas para a constru\u00e7\u00e3o do im\u00f3vel, o Pal\u00e1cio foi erguido e permanece, at\u00e9 hoje, como sede da <strong>ACIRP<\/strong>, no Centro de <strong>Ribeir\u00e3o Preto<\/strong>.<\/p>\n<figure class=\"wp-block-pullquote\">\n<blockquote>\n<p>Foram duas pandemias globais, crises hist\u00f3ricas como a de 1930 e a de 2008, 11 mudan\u00e7as na moeda, hiperinfla\u00e7\u00e3o e dezenas de planos econ\u00f4micos e sempre sa\u00edmos mais fortes gra\u00e7as ao associativismo e ao senso de coletividade. Precisamos manter vivo este esp\u00edrito<\/p>\n<p><cite>Sandra Brandani, presidente da ACIRP<\/cite><\/p><\/blockquote>\n<\/figure>\n<p>Atualmente a entidade organiza-se em<strong> seis distritais<\/strong>, cada uma representando as principais regi\u00f5es empresariais de Ribeir\u00e3o Preto (Centro, Norte, Sul, Oeste, Sul e Sudoeste), e oferece variedade de servi\u00e7os a associados, como orienta\u00e7\u00e3o jur\u00eddica e econ\u00f4mica, certifica\u00e7\u00e3o digital, banco de talentos, consultas de cr\u00e9dito, cursos, palestras e etc.<\/p>\n<h4 class=\"wp-block-heading\"><strong>Programa\u00e7\u00e3o especial<\/strong><\/h4>\n<p>Para celebrar os 120 anos da entidade, a <strong>Acirp <\/strong>preparou uma agenda inclusiva e voltada a empres\u00e1rios de todos os portes e com os mais diversos objetivos. A programa\u00e7\u00e3o est\u00e1 sendo divulgada de forma escalonada ao longo do ano.<\/p>\n<p><mark style=\"background-color:#fcb900\" class=\"has-inline-color\">A pr\u00f3xima atividade \u00e9 o evento festivo de gala que acontece no Espa\u00e7o Multiplan Hall, no Ribeir\u00e3o Shopping, no dia 15 de agosto. <strong>Est\u00e3o confirmados cerca de 500 convidados, entre empres\u00e1rios, autoridades, lideran\u00e7as e outras entidades.<\/strong><\/mark><\/p>\n<p>No m\u00eas passado, a <strong>Acirp <\/strong>promoveu na pra\u00e7a Carlos Gomes, no Centro de Ribeir\u00e3o, um arrai\u00e1 in\u00e9dito. O evento teve entrada gratuita, shows e a\u00e7\u00f5es beneficentes, atraindo cerca de 4,5 mil pessoas. O <strong>Natal Luz<\/strong>, promovido e financiado pela entidade, tamb\u00e9m ter\u00e1 uma edi\u00e7\u00e3o especial em 2024.<\/p>\n<p>\u201cO Natal Luz ano passado atraiu 40 mil visitantes. \u00c9 um evento pelo qual o p\u00fablico e o com\u00e9rcio da cidade t\u00eam muito carinho. O que posso adiantar \u00e9 que teremos algumas surpresas este ano\u201d, afirma Carlos Ferreira, gestor de Marketing e Rela\u00e7\u00f5es Institucionais da Acirp.<\/p>\n<hr class=\"wp-block-separator has-alpha-channel-opacity\"\/>\n<p>SAIBA MAIS<\/p>\n<p>Cl\u00f3vis de Barros Filho participa de confer\u00eancia na 23\u00aa Feira do Livro de Ribeir\u00e3o nesta quinta<\/p>\n<h4 class=\"wp-block-heading\"><strong>FIQUE ON<\/strong><\/h4>\n<p>Fique ligado em tudo que acontece em Ribeir\u00e3o Preto e regi\u00e3o. Siga os perfis do<strong>\u00a0acidade on<\/strong>\u00a0no\u00a0<a href=\"https:\/\/www.instagram.com\/acidadeonribeirao\/\" target=\"_blank\" rel=\"noreferrer noopener\">Instagram\u00a0<\/a>e no\u00a0<a href=\"https:\/\/www.facebook.com\/acidadeonribeirao\/\" target=\"_blank\" rel=\"noreferrer noopener\">Facebook<\/a>.<\/p>\n<p>Receba not\u00edcias do\u00a0<strong>acidade on<\/strong>\u00a0no WhatsApp.\u00a0<a href=\"https:\/\/chat.whatsapp.com\/Dtv9mxhy6V5BJBotM2OQ5k\" target=\"_blank\" rel=\"noreferrer noopener\">Para entrar no grupo, basta clicar aqui.<\/a><\/p>\n<p>Fa\u00e7a uma den\u00fancia ou sugira uma reportagem sobre Ribeir\u00e3o Preto e regi\u00e3o pelo WhatsApp: 16 99117 7802.<\/p>\n<p>VEJA TAMB\u00c9M<\/p>\n<p>Bolo de cenoura de liquidificador; veja receita<\/p>\n<p><!-- CONTENT END 1 -->\n<\/div>\n<p><script async src=\"\/\/www.instagram.com\/embed.js\"><\/script><br \/>\n<br \/><br \/>\n<br \/><a href=\"https:\/\/www.acidadeon.com\/ribeiraopreto\/cotidiano\/acirp-celebra-120-anos-em-ribeirao-preto-conheca-a-historia-da-entidade\/\">Source link <\/a><\/p>\n","protected":false},"excerpt":{"rendered":"<p>A Associa\u00e7\u00e3o Comercial e Industrial de Ribeir\u00e3o Preto (Acirp) completa nesta quinta-feira (8), 120 anos desde sua funda\u00e7\u00e3o em 1904. A institui\u00e7\u00e3o foi criada no&#8230;<\/p>\n","protected":false},"author":1,"featured_media":40494,"comment_status":"open","ping_status":"open","sticky":false,"template":"","format":"standard","meta":{"_uag_custom_page_level_css":"","advanced_seo_description":"","jetpack_seo_html_title":"","jetpack_seo_noindex":false,"jetpack_post_was_ever_published":false,"_jetpack_newsletter_access":"","_jetpack_dont_email_post_to_subs":false,"_jetpack_newsletter_tier_id":0,"_jetpack_memberships_contains_paywalled_content":false,"_jetpack_memberships_contains_paid_content":false,"footnotes":"","jetpack_publicize_message":"","jetpack_publicize_feature_enabled":true,"jetpack_social_post_already_shared":true,"jetpack_social_options":{"image_generator_settings":{"template":"highway","default_image_id":0,"font":"","enabled":false},"version":2}},"categories":[11],"tags":[],"class_list":["post-59347","post","type-post","status-publish","format-standard","has-post-thumbnail","hentry","category-noticias-de-ribeirao-preto-sp-e-regiao-ismael-colosi"],"jetpack_publicize_connections":[],"jetpack_featured_media_url":"https:\/\/i0.wp.com\/ismaelcolosi.com.br\/wp-content\/uploads\/2024\/03\/AnyConv.com__acirp.webp.webp?fit=696%2C409&ssl=1","uagb_featured_image_src":{"full":["https:\/\/i0.wp.com\/ismaelcolosi.com.br\/wp-content\/uploads\/2024\/03\/AnyConv.com__acirp.webp.webp?fit=696%2C409&ssl=1",696,409,false],"thumbnail":["https:\/\/i0.wp.com\/ismaelcolosi.com.br\/wp-content\/uploads\/2024\/03\/AnyConv.com__acirp.webp.webp?resize=150%2C150&ssl=1",150,150,true],"medium":["https:\/\/i0.wp.com\/ismaelcolosi.com.br\/wp-content\/uploads\/2024\/03\/AnyConv.com__acirp.webp.webp?fit=300%2C176&ssl=1",300,176,true],"medium_large":["https:\/\/i0.wp.com\/ismaelcolosi.com.br\/wp-content\/uploads\/2024\/03\/AnyConv.com__acirp.webp.webp?fit=696%2C409&ssl=1",696,409,true],"large":["https:\/\/i0.wp.com\/ismaelcolosi.com.br\/wp-content\/uploads\/2024\/03\/AnyConv.com__acirp.webp.webp?fit=696%2C409&ssl=1",696,409,true],"1536x1536":["https:\/\/i0.wp.com\/ismaelcolosi.com.br\/wp-content\/uploads\/2024\/03\/AnyConv.com__acirp.webp.webp?fit=696%2C409&ssl=1",696,409,true],"2048x2048":["https:\/\/i0.wp.com\/ismaelcolosi.com.br\/wp-content\/uploads\/2024\/03\/AnyConv.com__acirp.webp.webp?fit=696%2C409&ssl=1",696,409,true],"really-simple-thumb":["https:\/\/i0.wp.com\/ismaelcolosi.com.br\/wp-content\/uploads\/2024\/03\/AnyConv.com__acirp.webp.webp?resize=370%2C247&ssl=1",370,247,true]},"uagb_author_info":{"display_name":"ismaelcolosi.com.br","author_link":"https:\/\/ismaelcolosi.com.br\/index.php\/author\/vidareal-online\/"},"uagb_comment_info":0,"uagb_excerpt":"A Associa\u00e7\u00e3o Comercial e Industrial de Ribeir\u00e3o Preto (Acirp) completa nesta quinta-feira (8), 120 anos desde sua funda\u00e7\u00e3o em 1904. A institui\u00e7\u00e3o foi criada no...","jetpack-related-posts":[{"id":40493,"url":"https:\/\/ismaelcolosi.com.br\/index.php\/2024\/03\/04\/acirp-completa-120-anos-com-programacao-especial-ao-longo-de-2024\/","url_meta":{"origin":59347,"position":0},"title":"Acirp completa 120 anos com programa\u00e7\u00e3o especial ao longo de 2024","author":"ismaelcolosi.com.br","date":"4 de March de 2024","format":false,"excerpt":"A Acirp (Associa\u00e7\u00e3o Comercial e Industrial de Ribeir\u00e3o Preto) comemora 120 anos em 2024 e para celebrar a marca anunciou que contar\u00e1 com programa\u00e7\u00e3o especial pensada para conectar ainda mais os empres\u00e1rios e a comunidade.\u00a0 A entidade tamb\u00e9m comemora os 70 anos de inaugura\u00e7\u00e3o de seu pr\u00e9dio hist\u00f3rico, o Pal\u00e1cio\u2026","rel":"","context":"In &quot;Not\u00edcias de Ribeir\u00e3o Preto-SP e Regi\u00e3o&quot;","block_context":{"text":"Not\u00edcias de Ribeir\u00e3o Preto-SP e Regi\u00e3o","link":"https:\/\/ismaelcolosi.com.br\/index.php\/category\/noticias-de-ribeirao-preto-sp-e-regiao-ismael-colosi\/"},"img":{"alt_text":"","src":"https:\/\/i0.wp.com\/ismaelcolosi.com.br\/wp-content\/uploads\/2024\/03\/AnyConv.com__acirp.webp.webp?fit=696%2C409&ssl=1&resize=350%2C200","width":350,"height":200,"srcset":"https:\/\/i0.wp.com\/ismaelcolosi.com.br\/wp-content\/uploads\/2024\/03\/AnyConv.com__acirp.webp.webp?fit=696%2C409&ssl=1&resize=350%2C200 1x, https:\/\/i0.wp.com\/ismaelcolosi.com.br\/wp-content\/uploads\/2024\/03\/AnyConv.com__acirp.webp.webp?fit=696%2C409&ssl=1&resize=525%2C300 1.5x"},"classes":[]},{"id":46026,"url":"https:\/\/ismaelcolosi.com.br\/index.php\/2024\/04\/09\/novo-site-da-acirp-permite-o-cadastro-de-vagas-de-emprego-e-curriculos\/","url_meta":{"origin":59347,"position":1},"title":"Novo site da Acirp permite o cadastro de vagas de emprego e curr\u00edculos","author":"ismaelcolosi.com.br","date":"9 de April de 2024","format":false,"excerpt":"A Acirp (Associa\u00e7\u00e3o Comercial e Industrial de Ribeir\u00e3o Preto) lan\u00e7a nesta ter\u00e7a-feira (8) o novo portal on-line da entidade. O site foi ampliado e conta com novas \u00e1reas para cadastro de vagas pelos empres\u00e1rios e de curr\u00edculos por profissionais em busca de oportunidades no mercado de trabalho \u2013 clique aqui.\u00a0\u2026","rel":"","context":"In &quot;Not\u00edcias de Ribeir\u00e3o Preto-SP e Regi\u00e3o&quot;","block_context":{"text":"Not\u00edcias de Ribeir\u00e3o Preto-SP e Regi\u00e3o","link":"https:\/\/ismaelcolosi.com.br\/index.php\/category\/noticias-de-ribeirao-preto-sp-e-regiao-ismael-colosi\/"},"img":{"alt_text":"","src":"https:\/\/i0.wp.com\/ismaelcolosi.com.br\/wp-content\/uploads\/2024\/04\/AnyConv.com__emprego.webp.webp?fit=1200%2C800&ssl=1&resize=350%2C200","width":350,"height":200,"srcset":"https:\/\/i0.wp.com\/ismaelcolosi.com.br\/wp-content\/uploads\/2024\/04\/AnyConv.com__emprego.webp.webp?fit=1200%2C800&ssl=1&resize=350%2C200 1x, https:\/\/i0.wp.com\/ismaelcolosi.com.br\/wp-content\/uploads\/2024\/04\/AnyConv.com__emprego.webp.webp?fit=1200%2C800&ssl=1&resize=525%2C300 1.5x, https:\/\/i0.wp.com\/ismaelcolosi.com.br\/wp-content\/uploads\/2024\/04\/AnyConv.com__emprego.webp.webp?fit=1200%2C800&ssl=1&resize=700%2C400 2x, https:\/\/i0.wp.com\/ismaelcolosi.com.br\/wp-content\/uploads\/2024\/04\/AnyConv.com__emprego.webp.webp?fit=1200%2C800&ssl=1&resize=1050%2C600 3x"},"classes":[]},{"id":22758,"url":"https:\/\/ismaelcolosi.com.br\/index.php\/2023\/12\/30\/natal-luz-da-acirp-atraiu-477-mil-visitantes-em-20-dias\/","url_meta":{"origin":59347,"position":2},"title":"Natal Luz da Acirp atraiu 47,7 mil visitantes em 20 dias\u00a0","author":"ismaelcolosi.com.br","date":"30 de December de 2023","format":false,"excerpt":"Movimenta\u00e7\u00e3o do Natal Luz da Acirp lotou o Centro e levou as fam\u00edlias para o com\u00e9rcio de rua da cidade (F\u00e1brica de Retratos)As atra\u00e7\u00f5es com Papai Noel do Natal Luz da Associa\u00e7\u00e3o Comercial e Industrial de Ribeir\u00e3o Preto (Acirp) receberam cerca de 47,7 mil visitantes entre os dias 2 e\u2026","rel":"","context":"In &quot;Not\u00edcias de Ribeir\u00e3o Preto-SP e Regi\u00e3o&quot;","block_context":{"text":"Not\u00edcias de Ribeir\u00e3o Preto-SP e Regi\u00e3o","link":"https:\/\/ismaelcolosi.com.br\/index.php\/category\/noticias-de-ribeirao-preto-sp-e-regiao-ismael-colosi\/"},"img":{"alt_text":"","src":"https:\/\/i0.wp.com\/ismaelcolosi.com.br\/wp-content\/uploads\/2023\/12\/1-natal-luz-foto-2-scaled.jpg?fit=967%2C645&ssl=1&resize=350%2C200","width":350,"height":200,"srcset":"https:\/\/i0.wp.com\/ismaelcolosi.com.br\/wp-content\/uploads\/2023\/12\/1-natal-luz-foto-2-scaled.jpg?fit=967%2C645&ssl=1&resize=350%2C200 1x, https:\/\/i0.wp.com\/ismaelcolosi.com.br\/wp-content\/uploads\/2023\/12\/1-natal-luz-foto-2-scaled.jpg?fit=967%2C645&ssl=1&resize=525%2C300 1.5x, https:\/\/i0.wp.com\/ismaelcolosi.com.br\/wp-content\/uploads\/2023\/12\/1-natal-luz-foto-2-scaled.jpg?fit=967%2C645&ssl=1&resize=700%2C400 2x"},"classes":[]},{"id":54898,"url":"https:\/\/ismaelcolosi.com.br\/index.php\/2024\/06\/28\/arraia-da-acirp-em-ribeirao-preto-confirma-atracoes-confira\/","url_meta":{"origin":59347,"position":3},"title":"Arrai\u00e1 da Acirp em Ribeir\u00e3o Preto confirma atra\u00e7\u00f5es; Confira","author":"ismaelcolosi.com.br","date":"28 de June de 2024","format":false,"excerpt":"O Arra\u00eda da Acirp, que acontece nos dias 5 e 6 de julho, na pra\u00e7a Carlos Gomes, no Centro de Ribeir\u00e3o Preto, confirmou as atra\u00e7\u00f5es musicais do evento. O evento \u00e9 gratuito e comemora os 120 anos da Associa\u00e7\u00e3o Comercial e Industrial de Ribeir\u00e3o Preto. Entre os artistas confirmados est\u00e3o:\u2026","rel":"","context":"In &quot;Not\u00edcias de Ribeir\u00e3o Preto-SP e Regi\u00e3o&quot;","block_context":{"text":"Not\u00edcias de Ribeir\u00e3o Preto-SP e Regi\u00e3o","link":"https:\/\/ismaelcolosi.com.br\/index.php\/category\/noticias-de-ribeirao-preto-sp-e-regiao-ismael-colosi\/"},"img":{"alt_text":"","src":"https:\/\/i0.wp.com\/ismaelcolosi.com.br\/wp-content\/uploads\/2024\/06\/conheca-a-maior-festa-junina-do-mundo-super-andreazza_2024-06-28_14-26-51_jpg_2024-06-28_14-26-51.webp.webp?fit=800%2C600&ssl=1&resize=350%2C200","width":350,"height":200,"srcset":"https:\/\/i0.wp.com\/ismaelcolosi.com.br\/wp-content\/uploads\/2024\/06\/conheca-a-maior-festa-junina-do-mundo-super-andreazza_2024-06-28_14-26-51_jpg_2024-06-28_14-26-51.webp.webp?fit=800%2C600&ssl=1&resize=350%2C200 1x, https:\/\/i0.wp.com\/ismaelcolosi.com.br\/wp-content\/uploads\/2024\/06\/conheca-a-maior-festa-junina-do-mundo-super-andreazza_2024-06-28_14-26-51_jpg_2024-06-28_14-26-51.webp.webp?fit=800%2C600&ssl=1&resize=525%2C300 1.5x, https:\/\/i0.wp.com\/ismaelcolosi.com.br\/wp-content\/uploads\/2024\/06\/conheca-a-maior-festa-junina-do-mundo-super-andreazza_2024-06-28_14-26-51_jpg_2024-06-28_14-26-51.webp.webp?fit=800%2C600&ssl=1&resize=700%2C400 2x"},"classes":[]},{"id":30113,"url":"https:\/\/ismaelcolosi.com.br\/index.php\/2024\/01\/20\/morre-marolo-ex-vice-presidente-da-acirp\/","url_meta":{"origin":59347,"position":4},"title":"Morre Marolo, ex-vice-presidente da Acirp","author":"ismaelcolosi.com.br","date":"20 de January de 2024","format":false,"excerpt":"20 de janeiro de 2024 | 7:52 0Morreu na tarde desta sexta-feira (19) o empres\u00e1rio e corretor de im\u00f3veis Carlos Roberto Mantovani \u2013 mais conhecido por \u201cMarolo\u201d. Ele tinha 68 anos. Era bacharel em direito e ci\u00eancias contab\u00e9is.Figura conhecida no meio empresarial e pol\u00edtico de Ribeir\u00e3o Preto, Marolo era natural\u2026","rel":"","context":"In &quot;Not\u00edcias de Ribeir\u00e3o Preto-SP e Regi\u00e3o&quot;","block_context":{"text":"Not\u00edcias de Ribeir\u00e3o Preto-SP e Regi\u00e3o","link":"https:\/\/ismaelcolosi.com.br\/index.php\/category\/noticias-de-ribeirao-preto-sp-e-regiao-ismael-colosi\/"},"img":{"alt_text":"","src":"https:\/\/i0.wp.com\/ismaelcolosi.com.br\/wp-content\/uploads\/2024\/01\/MAROLO1MODOK.jpg?fit=936%2C560&ssl=1&resize=350%2C200","width":350,"height":200,"srcset":"https:\/\/i0.wp.com\/ismaelcolosi.com.br\/wp-content\/uploads\/2024\/01\/MAROLO1MODOK.jpg?fit=936%2C560&ssl=1&resize=350%2C200 1x, https:\/\/i0.wp.com\/ismaelcolosi.com.br\/wp-content\/uploads\/2024\/01\/MAROLO1MODOK.jpg?fit=936%2C560&ssl=1&resize=525%2C300 1.5x, https:\/\/i0.wp.com\/ismaelcolosi.com.br\/wp-content\/uploads\/2024\/01\/MAROLO1MODOK.jpg?fit=936%2C560&ssl=1&resize=700%2C400 2x"},"classes":[]},{"id":46896,"url":"https:\/\/ismaelcolosi.com.br\/index.php\/2024\/04\/15\/parada-lgbtqiap-celebra-20-anos-em-ribeirao-preto-veja-calendario-de-eventos\/","url_meta":{"origin":59347,"position":5},"title":"Parada LGBTQIAP+ celebra 20 anos em Ribeir\u00e3o Preto; Veja calend\u00e1rio de eventos","author":"ismaelcolosi.com.br","date":"15 de April de 2024","format":false,"excerpt":"A 20\u00aa edi\u00e7\u00e3o da Parada LGBTQIAP+ de Ribeir\u00e3o Preto acontece no dia 16 de junho, com o tema: \u201cO show tem que continuar. Homofobia n\u00e3o\u201d. O evento \u00e9 realizado pela ONG Arco \u00cdris em parceria com a Secretaria da Cultura e Turismo da cidade. Neste ano, as celebra\u00e7\u00f5es marcam 20\u2026","rel":"","context":"In &quot;Not\u00edcias de Ribeir\u00e3o Preto-SP e Regi\u00e3o&quot;","block_context":{"text":"Not\u00edcias de Ribeir\u00e3o Preto-SP e Regi\u00e3o","link":"https:\/\/ismaelcolosi.com.br\/index.php\/category\/noticias-de-ribeirao-preto-sp-e-regiao-ismael-colosi\/"},"img":{"alt_text":"","src":"https:\/\/i0.wp.com\/ismaelcolosi.com.br\/wp-content\/uploads\/2024\/04\/parada_lgbt_1024x576_28062021202727_x1x.jpg?fit=1024%2C576&ssl=1&resize=350%2C200","width":350,"height":200,"srcset":"https:\/\/i0.wp.com\/ismaelcolosi.com.br\/wp-content\/uploads\/2024\/04\/parada_lgbt_1024x576_28062021202727_x1x.jpg?fit=1024%2C576&ssl=1&resize=350%2C200 1x, https:\/\/i0.wp.com\/ismaelcolosi.com.br\/wp-content\/uploads\/2024\/04\/parada_lgbt_1024x576_28062021202727_x1x.jpg?fit=1024%2C576&ssl=1&resize=525%2C300 1.5x, https:\/\/i0.wp.com\/ismaelcolosi.com.br\/wp-content\/uploads\/2024\/04\/parada_lgbt_1024x576_28062021202727_x1x.jpg?fit=1024%2C576&ssl=1&resize=700%2C400 2x"},"classes":[]}],"jetpack_sharing_enabled":true,"jetpack_shortlink":"https:\/\/wp.me\/pfMlyK-frd","_links":{"self":[{"href":"https:\/\/ismaelcolosi.com.br\/index.php\/wp-json\/wp\/v2\/posts\/59347","targetHints":{"allow":["GET"]}}],"collection":[{"href":"https:\/\/ismaelcolosi.com.br\/index.php\/wp-json\/wp\/v2\/posts"}],"about":[{"href":"https:\/\/ismaelcolosi.com.br\/index.php\/wp-json\/wp\/v2\/types\/post"}],"author":[{"embeddable":true,"href":"https:\/\/ismaelcolosi.com.br\/index.php\/wp-json\/wp\/v2\/users\/1"}],"replies":[{"embeddable":true,"href":"https:\/\/ismaelcolosi.com.br\/index.php\/wp-json\/wp\/v2\/comments?post=59347"}],"version-history":[{"count":0,"href":"https:\/\/ismaelcolosi.com.br\/index.php\/wp-json\/wp\/v2\/posts\/59347\/revisions"}],"wp:featuredmedia":[{"embeddable":true,"href":"https:\/\/ismaelcolosi.com.br\/index.php\/wp-json\/wp\/v2\/media\/40494"}],"wp:attachment":[{"href":"https:\/\/ismaelcolosi.com.br\/index.php\/wp-json\/wp\/v2\/media?parent=59347"}],"wp:term":[{"taxonomy":"category","embeddable":true,"href":"https:\/\/ismaelcolosi.com.br\/index.php\/wp-json\/wp\/v2\/categories?post=59347"},{"taxonomy":"post_tag","embeddable":true,"href":"https:\/\/ismaelcolosi.com.br\/index.php\/wp-json\/wp\/v2\/tags?post=59347"}],"curies":[{"name":"wp","href":"https:\/\/api.w.org\/{rel}","templated":true}]}}