{"id":59337,"date":"2024-08-07T18:07:01","date_gmt":"2024-08-07T21:07:01","guid":{"rendered":"https:\/\/ismaelcolosi.com.br\/index.php\/2024\/08\/07\/veja-quantas-pessoas-farao-o-enem-dos-concursos-em-ribeirao-preto\/"},"modified":"2024-08-07T18:07:01","modified_gmt":"2024-08-07T21:07:01","slug":"veja-quantas-pessoas-farao-o-enem-dos-concursos-em-ribeirao-preto","status":"publish","type":"post","link":"https:\/\/ismaelcolosi.com.br\/index.php\/2024\/08\/07\/veja-quantas-pessoas-farao-o-enem-dos-concursos-em-ribeirao-preto\/","title":{"rendered":"Veja quantas pessoas far\u00e3o o &#8216;Enem dos concursos&#8217; em Ribeir\u00e3o Preto"},"content":{"rendered":"<p> <br \/>\n<\/p>\n<div data-td-block-uid=\"tdi_106\">\n<div class=\"tdb-block-inner td-fix-index\">\n<p>O <strong>Minist\u00e9rio da Gest\u00e3o e Inova\u00e7\u00e3o em Servi\u00e7os P\u00fablicos<\/strong> <strong>(MIG)<\/strong> divulgou, nesta quarta-feira (7), o cart\u00e3o de confirma\u00e7\u00e3o de inscri\u00e7\u00e3o do \u201c<strong>Enem dos concursos<\/strong>\u201d. <mark style=\"background-color:#fcb900\" class=\"has-inline-color\"><strong>Em Ribeir\u00e3o Preto, mais de 14,2 mil pessoas v\u00e3o participar do Concurso P\u00fablico Nacional Unificado (CNU).<\/strong><\/mark><\/p>\n<p>A prova ser\u00e1 no dia<strong> 18 de agosto<\/strong> e a aplica\u00e7\u00e3o vai acontecer em <strong>228 cidades<\/strong>, distribu\u00eddos em 27 unidades da federa\u00e7\u00e3o (UF). De acordo com o <strong>Governo Federal<\/strong>, mais de <strong>2,1 milh\u00f5es de pessoas se inscreveram para o concurso.<\/strong><\/p>\n<h3 class=\"wp-block-heading\"><strong>Como consultar o local de prova?<\/strong><\/h3>\n<p>Os candidatos podem <strong>consultar os locais de prova<\/strong> atrav\u00e9s da <strong><a href=\"https:\/\/cpnu.cesgranrio.org.br\/login\" target=\"_blank\" rel=\"noreferrer noopener\">\u00c1rea do Candidato<\/a><\/strong>, mesma p\u00e1gina da Internet em que a pessoa fez a inscri\u00e7\u00e3o. Para acessar, \u00e9 preciso fazer login com os dados da conta <strong>GOV.BR<\/strong>.<\/p>\n<figure class=\"wp-block-pullquote\">\n<blockquote>\n<p>Apesar de n\u00e3o ser obrigat\u00f3rio, o Minist\u00e9rio da Gest\u00e3o e da Inova\u00e7\u00e3o em Servi\u00e7os P\u00fablicos (MGI) e a Funda\u00e7\u00e3o Cesgranrio recomendam levar o cart\u00e3o no dia da realiza\u00e7\u00e3o da prova, no dia 18 de agosto<\/p>\n<\/blockquote>\n<\/figure>\n<h4 class=\"wp-block-heading\"><strong>Como solicitar corre\u00e7\u00f5es no cart\u00e3o?<\/strong><\/h4>\n<p>Vale ressaltar que \u00e9 poss\u00edvel o candidato <strong>solicitar a corre\u00e7\u00e3o do cart\u00e3o de confirma\u00e7\u00e3o<\/strong>, de acordo com o que ele solicitou no ato da inscri\u00e7\u00e3o, <strong>mas n\u00e3o \u00e9 poss\u00edvel pedir para mudar de cidade<\/strong>.<\/p>\n<p><strong>De acordo com o Governo, o que vale \u00e9 o que foi declarado pelo candidato no ato da inscri\u00e7\u00e3o<\/strong>. \u201cSe a pessoa solicitou para fazer prova na cidade do Rio de Janeiro e saiu no cart\u00e3o que o meu local \u00e9 Campos, ela pode pedir o ajuste\u201d, informou o MIG.<\/p>\n<hr class=\"wp-block-separator has-alpha-channel-opacity\"\/>\n<p>SAIBA MAIS<\/p>\n<p>Correios abrem inscri\u00e7\u00f5es para concurso com vagas no interior de SP e sal\u00e1rios de R$ 6 mil<\/p>\n<h4 class=\"wp-block-heading\"><strong>FIQUE ON<\/strong><\/h4>\n<p>Fique ligado em tudo que acontece em Ribeir\u00e3o Preto e regi\u00e3o. Siga os perfis do<strong>\u00a0acidade on\u00a0<\/strong>no\u00a0<a href=\"https:\/\/www.instagram.com\/acidadeonribeirao\/\" target=\"_blank\" rel=\"noreferrer noopener\">Instagram\u00a0<\/a>e no\u00a0<a href=\"https:\/\/www.facebook.com\/acidadeonribeirao\/\" target=\"_blank\" rel=\"noreferrer noopener\">Facebook<\/a>.<\/p>\n<p>Receba not\u00edcias do\u00a0<strong>acidade on<\/strong>\u00a0no WhatsApp.<a href=\"https:\/\/chat.whatsapp.com\/Dtv9mxhy6V5BJBotM2OQ5k\" target=\"_blank\" rel=\"noreferrer noopener\">\u00a0Para entrar no grupo, basta clicar aqui.<\/a><\/p>\n<p>Fa\u00e7a uma den\u00fancia ou sugira uma reportagem sobre Ribeir\u00e3o Preto e regi\u00e3o pelo WhatsApp: 16 99117 7802.<\/p>\n<p>VEJA TAMB\u00c9M<\/p>\n<p>The First Berserker: Khazan tem janela de lan\u00e7amento revelada<\/p>\n<p><!-- CONTENT END 1 -->\n<\/div>\n<\/div>\n<p><script async src=\"\/\/www.instagram.com\/embed.js\"><\/script><br \/>\n<br \/><br \/>\n<br \/><a href=\"https:\/\/www.acidadeon.com\/ribeiraopreto\/economia\/veja-quantas-pessoas-farao-o-enem-dos-concursos-em-ribeirao-preto\/\">Source link <\/a><\/p>\n","protected":false},"excerpt":{"rendered":"<p>O Minist\u00e9rio da Gest\u00e3o e Inova\u00e7\u00e3o em Servi\u00e7os P\u00fablicos (MIG) divulgou, nesta quarta-feira (7), o cart\u00e3o de confirma\u00e7\u00e3o de inscri\u00e7\u00e3o do \u201cEnem dos concursos\u201d. Em&#8230;<\/p>\n","protected":false},"author":1,"featured_media":59338,"comment_status":"open","ping_status":"open","sticky":false,"template":"","format":"standard","meta":{"_uag_custom_page_level_css":"","advanced_seo_description":"","jetpack_seo_html_title":"","jetpack_seo_noindex":false,"jetpack_post_was_ever_published":false,"_jetpack_newsletter_access":"","_jetpack_dont_email_post_to_subs":false,"_jetpack_newsletter_tier_id":0,"_jetpack_memberships_contains_paywalled_content":false,"_jetpack_memberships_contains_paid_content":false,"footnotes":"","jetpack_publicize_message":"","jetpack_publicize_feature_enabled":true,"jetpack_social_post_already_shared":true,"jetpack_social_options":{"image_generator_settings":{"template":"highway","default_image_id":0,"font":"","enabled":false},"version":2}},"categories":[11],"tags":[],"class_list":["post-59337","post","type-post","status-publish","format-standard","has-post-thumbnail","hentry","category-noticias-de-ribeirao-preto-sp-e-regiao-ismael-colosi"],"jetpack_publicize_connections":[],"jetpack_featured_media_url":"https:\/\/i0.wp.com\/ismaelcolosi.com.br\/wp-content\/uploads\/2024\/08\/eu-amo-ribeirao-preto.jpeg?fit=1200%2C800&ssl=1","uagb_featured_image_src":{"full":["https:\/\/i0.wp.com\/ismaelcolosi.com.br\/wp-content\/uploads\/2024\/08\/eu-amo-ribeirao-preto.jpeg?fit=1200%2C800&ssl=1",1200,800,false],"thumbnail":["https:\/\/i0.wp.com\/ismaelcolosi.com.br\/wp-content\/uploads\/2024\/08\/eu-amo-ribeirao-preto.jpeg?resize=150%2C150&ssl=1",150,150,true],"medium":["https:\/\/i0.wp.com\/ismaelcolosi.com.br\/wp-content\/uploads\/2024\/08\/eu-amo-ribeirao-preto.jpeg?fit=300%2C200&ssl=1",300,200,true],"medium_large":["https:\/\/i0.wp.com\/ismaelcolosi.com.br\/wp-content\/uploads\/2024\/08\/eu-amo-ribeirao-preto.jpeg?fit=768%2C512&ssl=1",768,512,true],"large":["https:\/\/i0.wp.com\/ismaelcolosi.com.br\/wp-content\/uploads\/2024\/08\/eu-amo-ribeirao-preto.jpeg?fit=1024%2C683&ssl=1",1024,683,true],"1536x1536":["https:\/\/i0.wp.com\/ismaelcolosi.com.br\/wp-content\/uploads\/2024\/08\/eu-amo-ribeirao-preto.jpeg?fit=1200%2C800&ssl=1",1200,800,true],"2048x2048":["https:\/\/i0.wp.com\/ismaelcolosi.com.br\/wp-content\/uploads\/2024\/08\/eu-amo-ribeirao-preto.jpeg?fit=1200%2C800&ssl=1",1200,800,true],"really-simple-thumb":["https:\/\/i0.wp.com\/ismaelcolosi.com.br\/wp-content\/uploads\/2024\/08\/eu-amo-ribeirao-preto.jpeg?resize=370%2C247&ssl=1",370,247,true]},"uagb_author_info":{"display_name":"ismaelcolosi.com.br","author_link":"https:\/\/ismaelcolosi.com.br\/index.php\/author\/vidareal-online\/"},"uagb_comment_info":0,"uagb_excerpt":"O Minist\u00e9rio da Gest\u00e3o e Inova\u00e7\u00e3o em Servi\u00e7os P\u00fablicos (MIG) divulgou, nesta quarta-feira (7), o cart\u00e3o de confirma\u00e7\u00e3o de inscri\u00e7\u00e3o do \u201cEnem dos concursos\u201d. Em...","jetpack-related-posts":[{"id":36378,"url":"https:\/\/ismaelcolosi.com.br\/index.php\/2024\/02\/09\/ultimo-dia-para-se-inscrever-no-enem-dos-concursos\/","url_meta":{"origin":59337,"position":0},"title":"\u00daltimo dia para se inscrever no \u2018Enem dos Concursos\u2019","author":"ismaelcolosi.com.br","date":"9 de February de 2024","format":false,"excerpt":"Termina \u00e0s 23h59 desta sexta-feira (9), o prazo para os candidatos se inscreverem no Concurso P\u00fablico Nacional Unificado, o \u201cEnem dos Concursos\u201d.\u00a0 At\u00e9 o momento, cerca de dois milh\u00f5es de pessoas j\u00e1 se inscreveram. A prova do concurso p\u00fablico acontece no dia 5 de maio, em 220 cidades de todos\u2026","rel":"","context":"In &quot;Not\u00edcias de Ribeir\u00e3o Preto-SP e Regi\u00e3o&quot;","block_context":{"text":"Not\u00edcias de Ribeir\u00e3o Preto-SP e Regi\u00e3o","link":"https:\/\/ismaelcolosi.com.br\/index.php\/category\/noticias-de-ribeirao-preto-sp-e-regiao-ismael-colosi\/"},"img":{"alt_text":"","src":"https:\/\/i0.wp.com\/ismaelcolosi.com.br\/wp-content\/uploads\/2024\/02\/1707495149_enem.jpeg?fit=768%2C420&ssl=1&resize=350%2C200","width":350,"height":200,"srcset":"https:\/\/i0.wp.com\/ismaelcolosi.com.br\/wp-content\/uploads\/2024\/02\/1707495149_enem.jpeg?fit=768%2C420&ssl=1&resize=350%2C200 1x, https:\/\/i0.wp.com\/ismaelcolosi.com.br\/wp-content\/uploads\/2024\/02\/1707495149_enem.jpeg?fit=768%2C420&ssl=1&resize=525%2C300 1.5x, https:\/\/i0.wp.com\/ismaelcolosi.com.br\/wp-content\/uploads\/2024\/02\/1707495149_enem.jpeg?fit=768%2C420&ssl=1&resize=700%2C400 2x"},"classes":[]},{"id":37178,"url":"https:\/\/ismaelcolosi.com.br\/index.php\/2024\/02\/14\/prazo-para-pagamento-de-inscricoes-do-enem-dos-concursos-termina-na-sexta\/","url_meta":{"origin":59337,"position":1},"title":"Prazo para pagamento de inscri\u00e7\u00f5es do \u2018Enem dos Concursos\u2019 termina na sexta","author":"ismaelcolosi.com.br","date":"14 de February de 2024","format":false,"excerpt":"O prazo para o pagamento das inscri\u00e7\u00f5es do Concurso P\u00fablico Nacional Unificado (CPNU), chamado de \u201cEnem dos Concursos\u201d termina nesta sexta-feira (16). Segundo o Minist\u00e9rio da Gest\u00e3o e da Inova\u00e7\u00e3o em Servi\u00e7os P\u00fablicos, ao todo 2,65 milh\u00f5es de pessoas se inscreveram. Desse total, faltam 1,28 milh\u00e3o de candidatos pagarem a\u2026","rel":"","context":"In &quot;Not\u00edcias de Ribeir\u00e3o Preto-SP e Regi\u00e3o&quot;","block_context":{"text":"Not\u00edcias de Ribeir\u00e3o Preto-SP e Regi\u00e3o","link":"https:\/\/ismaelcolosi.com.br\/index.php\/category\/noticias-de-ribeirao-preto-sp-e-regiao-ismael-colosi\/"},"img":{"alt_text":"","src":"https:\/\/i0.wp.com\/ismaelcolosi.com.br\/wp-content\/uploads\/2024\/02\/65d0940e-7db2-4d9b-9336-735005991b79.jpeg?fit=768%2C512&ssl=1&resize=350%2C200","width":350,"height":200,"srcset":"https:\/\/i0.wp.com\/ismaelcolosi.com.br\/wp-content\/uploads\/2024\/02\/65d0940e-7db2-4d9b-9336-735005991b79.jpeg?fit=768%2C512&ssl=1&resize=350%2C200 1x, https:\/\/i0.wp.com\/ismaelcolosi.com.br\/wp-content\/uploads\/2024\/02\/65d0940e-7db2-4d9b-9336-735005991b79.jpeg?fit=768%2C512&ssl=1&resize=525%2C300 1.5x, https:\/\/i0.wp.com\/ismaelcolosi.com.br\/wp-content\/uploads\/2024\/02\/65d0940e-7db2-4d9b-9336-735005991b79.jpeg?fit=768%2C512&ssl=1&resize=700%2C400 2x"},"classes":[]},{"id":48556,"url":"https:\/\/ismaelcolosi.com.br\/index.php\/2024\/05\/03\/enem-dos-concursos-e-adiado-por-conta-de-chuvas-no-rio-grande-do-sul\/","url_meta":{"origin":59337,"position":2},"title":"&#8216;Enem dos Concursos&#8217; \u00e9 adiado por conta de chuvas no Rio Grande do Sul","author":"ismaelcolosi.com.br","date":"3 de May de 2024","format":false,"excerpt":"As provas do (CPNU) Concurso P\u00fablico Nacional Unificado, conhecido como \u201cEnem dos Concursos\u201d, foram adiadas por causa das fortes chuvas no Rio Grande do Sul. O an\u00fancio foi feito pelo Governo Federal nesta sexta-feira (3). As avalia\u00e7\u00f5es estavam marcadas para serem realizadas no domingo (5) em 228 munic\u00edpios, entre eles\u2026","rel":"","context":"In &quot;Not\u00edcias de Ribeir\u00e3o Preto-SP e Regi\u00e3o&quot;","block_context":{"text":"Not\u00edcias de Ribeir\u00e3o Preto-SP e Regi\u00e3o","link":"https:\/\/ismaelcolosi.com.br\/index.php\/category\/noticias-de-ribeirao-preto-sp-e-regiao-ismael-colosi\/"},"img":{"alt_text":"","src":"https:\/\/i0.wp.com\/ismaelcolosi.com.br\/wp-content\/uploads\/2024\/04\/AnyConv.com__concurso-publico-4.webp.webp?fit=1200%2C800&ssl=1&resize=350%2C200","width":350,"height":200,"srcset":"https:\/\/i0.wp.com\/ismaelcolosi.com.br\/wp-content\/uploads\/2024\/04\/AnyConv.com__concurso-publico-4.webp.webp?fit=1200%2C800&ssl=1&resize=350%2C200 1x, https:\/\/i0.wp.com\/ismaelcolosi.com.br\/wp-content\/uploads\/2024\/04\/AnyConv.com__concurso-publico-4.webp.webp?fit=1200%2C800&ssl=1&resize=525%2C300 1.5x, https:\/\/i0.wp.com\/ismaelcolosi.com.br\/wp-content\/uploads\/2024\/04\/AnyConv.com__concurso-publico-4.webp.webp?fit=1200%2C800&ssl=1&resize=700%2C400 2x, https:\/\/i0.wp.com\/ismaelcolosi.com.br\/wp-content\/uploads\/2024\/04\/AnyConv.com__concurso-publico-4.webp.webp?fit=1200%2C800&ssl=1&resize=1050%2C600 3x"},"classes":[]},{"id":51116,"url":"https:\/\/ismaelcolosi.com.br\/index.php\/2024\/05\/23\/veja-quando-sera-a-nova-data-da-prova-do-enem-dos-concursos\/","url_meta":{"origin":59337,"position":3},"title":"Veja quando ser\u00e1 a nova data da prova do \u2018Enem dos Concursos&#8217;","author":"ismaelcolosi.com.br","date":"23 de May de 2024","format":false,"excerpt":"O Concurso P\u00fablico Nacional Unificado, conhecido como o \u201cEnem dos Concursos\u201d, j\u00e1 tem nova data da prova definida: 18 de agosto. O an\u00fancio foi feito pelo Governo Federal, na manh\u00e3 desta quinta-feira (23). Ao todo, 228 munic\u00edpios receber\u00e3o os candidatos para as avalia\u00e7\u00f5es, entre eles, Ribeir\u00e3o Preto. De acordo com\u2026","rel":"","context":"In &quot;Not\u00edcias de Ribeir\u00e3o Preto-SP e Regi\u00e3o&quot;","block_context":{"text":"Not\u00edcias de Ribeir\u00e3o Preto-SP e Regi\u00e3o","link":"https:\/\/ismaelcolosi.com.br\/index.php\/category\/noticias-de-ribeirao-preto-sp-e-regiao-ismael-colosi\/"},"img":{"alt_text":"","src":"https:\/\/i0.wp.com\/ismaelcolosi.com.br\/wp-content\/uploads\/2024\/05\/Copia-de-Copia-de-TAMANHO-EXATO-PARA-FOTOS-NO-SISTEMA-NOVO-33_2024-05-23_13-39-05_jpg_2024-05-23_13-39-05.webp.webp?fit=1200%2C675&ssl=1&resize=350%2C200","width":350,"height":200,"srcset":"https:\/\/i0.wp.com\/ismaelcolosi.com.br\/wp-content\/uploads\/2024\/05\/Copia-de-Copia-de-TAMANHO-EXATO-PARA-FOTOS-NO-SISTEMA-NOVO-33_2024-05-23_13-39-05_jpg_2024-05-23_13-39-05.webp.webp?fit=1200%2C675&ssl=1&resize=350%2C200 1x, https:\/\/i0.wp.com\/ismaelcolosi.com.br\/wp-content\/uploads\/2024\/05\/Copia-de-Copia-de-TAMANHO-EXATO-PARA-FOTOS-NO-SISTEMA-NOVO-33_2024-05-23_13-39-05_jpg_2024-05-23_13-39-05.webp.webp?fit=1200%2C675&ssl=1&resize=525%2C300 1.5x, https:\/\/i0.wp.com\/ismaelcolosi.com.br\/wp-content\/uploads\/2024\/05\/Copia-de-Copia-de-TAMANHO-EXATO-PARA-FOTOS-NO-SISTEMA-NOVO-33_2024-05-23_13-39-05_jpg_2024-05-23_13-39-05.webp.webp?fit=1200%2C675&ssl=1&resize=700%2C400 2x, https:\/\/i0.wp.com\/ismaelcolosi.com.br\/wp-content\/uploads\/2024\/05\/Copia-de-Copia-de-TAMANHO-EXATO-PARA-FOTOS-NO-SISTEMA-NOVO-33_2024-05-23_13-39-05_jpg_2024-05-23_13-39-05.webp.webp?fit=1200%2C675&ssl=1&resize=1050%2C600 3x"},"classes":[]},{"id":26537,"url":"https:\/\/ismaelcolosi.com.br\/index.php\/2024\/01\/10\/edital-do-enem-dos-concursos-publicos-sera-divulgado-nesta-quarta-ribeirao-recebe-provas\/","url_meta":{"origin":59337,"position":4},"title":"Edital do \u2018Enem dos concursos p\u00fablicos\u2019 ser\u00e1 divulgado nesta quarta; Ribeir\u00e3o recebe provas","author":"ismaelcolosi.com.br","date":"10 de January de 2024","format":false,"excerpt":"O edital do Concurso P\u00fablico Nacional Unificado, o \u201cEnem dos Concursos P\u00fablicos\u201d, ser\u00e1 publicado nesta quarta-feira (10) pelo Governo Federal. A prova ser\u00e1 aplicada em 217 cidades de todo o Brasil, incluindo Ribeir\u00e3o Preto. As inscri\u00e7\u00f5es v\u00e3o come\u00e7ar dia 19 de janeiro e seguem at\u00e9 9 de fevereiro no site\u2026","rel":"","context":"In &quot;Not\u00edcias de Ribeir\u00e3o Preto-SP e Regi\u00e3o&quot;","block_context":{"text":"Not\u00edcias de Ribeir\u00e3o Preto-SP e Regi\u00e3o","link":"https:\/\/ismaelcolosi.com.br\/index.php\/category\/noticias-de-ribeirao-preto-sp-e-regiao-ismael-colosi\/"},"img":{"alt_text":"","src":"https:\/\/i0.wp.com\/ismaelcolosi.com.br\/wp-content\/uploads\/2024\/01\/1704886578_concurso-publico.jpg?fit=1200%2C800&ssl=1&resize=350%2C200","width":350,"height":200,"srcset":"https:\/\/i0.wp.com\/ismaelcolosi.com.br\/wp-content\/uploads\/2024\/01\/1704886578_concurso-publico.jpg?fit=1200%2C800&ssl=1&resize=350%2C200 1x, https:\/\/i0.wp.com\/ismaelcolosi.com.br\/wp-content\/uploads\/2024\/01\/1704886578_concurso-publico.jpg?fit=1200%2C800&ssl=1&resize=525%2C300 1.5x, https:\/\/i0.wp.com\/ismaelcolosi.com.br\/wp-content\/uploads\/2024\/01\/1704886578_concurso-publico.jpg?fit=1200%2C800&ssl=1&resize=700%2C400 2x, https:\/\/i0.wp.com\/ismaelcolosi.com.br\/wp-content\/uploads\/2024\/01\/1704886578_concurso-publico.jpg?fit=1200%2C800&ssl=1&resize=1050%2C600 3x"},"classes":[]},{"id":15875,"url":"https:\/\/ismaelcolosi.com.br\/index.php\/2023\/12\/14\/veja-quando-comecam-as-inscricoes-do-enem-dos-concursos-ribeirao-vai-receber-provas\/","url_meta":{"origin":59337,"position":5},"title":"Veja quando come\u00e7am as inscri\u00e7\u00f5es do \u2018Enem dos concursos\u2019; Ribeir\u00e3o vai receber provas","author":"ismaelcolosi.com.br","date":"14 de December de 2023","format":false,"excerpt":"O Minist\u00e9rio da Gest\u00e3o e da Inova\u00e7\u00e3o em Servi\u00e7os P\u00fablicos informou nesta quinta-feira (14) que as inscri\u00e7\u00f5es do Concurso P\u00fablico Nacional Unificado, o \u201cEnem dos concursos\u201d, v\u00e3o come\u00e7ar no dia 19 de janeiro. As provas ser\u00e3o realizadas em 217 cidades, incluindo Ribeir\u00e3o Preto. O edital com todas as regras do\u2026","rel":"","context":"In &quot;Not\u00edcias de Ribeir\u00e3o Preto-SP e Regi\u00e3o&quot;","block_context":{"text":"Not\u00edcias de Ribeir\u00e3o Preto-SP e Regi\u00e3o","link":"https:\/\/ismaelcolosi.com.br\/index.php\/category\/noticias-de-ribeirao-preto-sp-e-regiao-ismael-colosi\/"},"img":{"alt_text":"","src":"https:\/\/i0.wp.com\/ismaelcolosi.com.br\/wp-content\/uploads\/2023\/12\/concurso-publico-14.jpg?fit=1200%2C801&ssl=1&resize=350%2C200","width":350,"height":200,"srcset":"https:\/\/i0.wp.com\/ismaelcolosi.com.br\/wp-content\/uploads\/2023\/12\/concurso-publico-14.jpg?fit=1200%2C801&ssl=1&resize=350%2C200 1x, https:\/\/i0.wp.com\/ismaelcolosi.com.br\/wp-content\/uploads\/2023\/12\/concurso-publico-14.jpg?fit=1200%2C801&ssl=1&resize=525%2C300 1.5x, https:\/\/i0.wp.com\/ismaelcolosi.com.br\/wp-content\/uploads\/2023\/12\/concurso-publico-14.jpg?fit=1200%2C801&ssl=1&resize=700%2C400 2x, https:\/\/i0.wp.com\/ismaelcolosi.com.br\/wp-content\/uploads\/2023\/12\/concurso-publico-14.jpg?fit=1200%2C801&ssl=1&resize=1050%2C600 3x"},"classes":[]}],"jetpack_sharing_enabled":true,"jetpack_shortlink":"https:\/\/wp.me\/pfMlyK-fr3","_links":{"self":[{"href":"https:\/\/ismaelcolosi.com.br\/index.php\/wp-json\/wp\/v2\/posts\/59337","targetHints":{"allow":["GET"]}}],"collection":[{"href":"https:\/\/ismaelcolosi.com.br\/index.php\/wp-json\/wp\/v2\/posts"}],"about":[{"href":"https:\/\/ismaelcolosi.com.br\/index.php\/wp-json\/wp\/v2\/types\/post"}],"author":[{"embeddable":true,"href":"https:\/\/ismaelcolosi.com.br\/index.php\/wp-json\/wp\/v2\/users\/1"}],"replies":[{"embeddable":true,"href":"https:\/\/ismaelcolosi.com.br\/index.php\/wp-json\/wp\/v2\/comments?post=59337"}],"version-history":[{"count":0,"href":"https:\/\/ismaelcolosi.com.br\/index.php\/wp-json\/wp\/v2\/posts\/59337\/revisions"}],"wp:featuredmedia":[{"embeddable":true,"href":"https:\/\/ismaelcolosi.com.br\/index.php\/wp-json\/wp\/v2\/media\/59338"}],"wp:attachment":[{"href":"https:\/\/ismaelcolosi.com.br\/index.php\/wp-json\/wp\/v2\/media?parent=59337"}],"wp:term":[{"taxonomy":"category","embeddable":true,"href":"https:\/\/ismaelcolosi.com.br\/index.php\/wp-json\/wp\/v2\/categories?post=59337"},{"taxonomy":"post_tag","embeddable":true,"href":"https:\/\/ismaelcolosi.com.br\/index.php\/wp-json\/wp\/v2\/tags?post=59337"}],"curies":[{"name":"wp","href":"https:\/\/api.w.org\/{rel}","templated":true}]}}