{"id":59333,"date":"2024-08-07T17:37:08","date_gmt":"2024-08-07T20:37:08","guid":{"rendered":"https:\/\/ismaelcolosi.com.br\/index.php\/2024\/08\/07\/clovis-de-barros-filho-participa-de-conferencia-na-23a-feira-do-livro-de-ribeirao-nesta-quinta\/"},"modified":"2024-08-07T17:37:08","modified_gmt":"2024-08-07T20:37:08","slug":"clovis-de-barros-filho-participa-de-conferencia-na-23a-feira-do-livro-de-ribeirao-nesta-quinta","status":"publish","type":"post","link":"https:\/\/ismaelcolosi.com.br\/index.php\/2024\/08\/07\/clovis-de-barros-filho-participa-de-conferencia-na-23a-feira-do-livro-de-ribeirao-nesta-quinta\/","title":{"rendered":"Cl\u00f3vis de Barros Filho participa de confer\u00eancia na 23\u00aa Feira do Livro de Ribeir\u00e3o nesta quinta"},"content":{"rendered":"<p> <br \/>\n<\/p>\n<div>\n<p>Natural de<strong> Ribeir\u00e3o Preto<\/strong>, o escritor, fil\u00f3sofo, jornalista e advogado, <strong>Cl\u00f3vis de Barros Filho<\/strong>, participa da <strong>23\u00aa FIL (Feira Internacional do Livro)<\/strong>, nesta quinta-feira (8), \u00e0s 20h30, no <strong>Theatro Pedro II<\/strong>.<\/p>\n<p><mark style=\"background-color:#fcb900\" class=\"has-inline-color\">Ao lado do tamb\u00e9m escritor <strong>Ilan Brenman<\/strong>, <strong>Cl\u00f3vis <\/strong>apresenta a confer\u00eancia \u201c<strong>Filosofia ao p\u00e9 do ouvido<\/strong>\u201d que fala sobre felicidade, \u00e9tica, amizade e liberdade.<\/mark><\/p>\n<p>A proposta da atividade \u00e9 <strong>estabelecer uma troca de ideias com o p\u00fablico<\/strong> sobre quest\u00f5es <strong>intr\u00ednsecas ao cotidiano humano <\/strong>de forma descontra\u00edda, com boas hist\u00f3rias, questionamentos e uma pitada de irrever\u00eancia.<\/p>\n<p>Al\u00e9m dos conferencistas, o <strong>Theatro Pedro II<\/strong> tamb\u00e9m recebe o escritor Jeferson Ten\u00f3rio na Sess\u00e3o Filosofia, \u00e0s 19h. Professor e doutor em Teoria Liter\u00e1ria, Ten\u00f3rio vai falar sobre a filosofia no cotidiano.<\/p>\n<h4 class=\"wp-block-heading\"><strong>Cl\u00f3vis de Barros Filho e a doen\u00e7a autoimune<\/strong><\/h4>\n<p>Durante uma entrevista ao <strong><a href=\"https:\/\/www.estadao.com.br\/cultura\/literatura\/clovis-de-barros-filho-e-pouco-provavel-eu-estar-vivo-em-5-anos-a-vida-precisa-valer-agora\/\" target=\"_blank\" rel=\"noreferrer noopener\">Estad\u00e3o<\/a><\/strong>, Cl\u00f3vis disse que a \u201ca vida precisa valer agora\u201d completando uma frase em que ele disse ser <strong>\u201cpouco prov\u00e1vel\u201d que esteja vivo em cinco anos<\/strong>.<\/p>\n<figure class=\"wp-block-pullquote\">\n<blockquote>\n<p>\u00c9 muito pouco prov\u00e1vel que eu esteja vivo daqui cinco anos. Se o \u2018bem bom\u2019 vem daqui cinco anos, n\u00e3o serve para mim. A vida precisa valer agora<\/p>\n<p><cite>disse Cl\u00f3vis de Barros Filho, em entrevista ao Estad\u00e3o<\/cite><\/p><\/blockquote>\n<\/figure>\n<p>O escritor de 57 anos foi diagnosticado h\u00e1 mais de dois anos com uma<strong> doen\u00e7a autoimune<\/strong> chamada de <strong>S\u00edndrome de Beh\u00e7et<\/strong>.<\/p>\n<p>Conforme a<strong><a href=\"https:\/\/www.reumatologia.org.br\/doencas-reumaticas\/doenca-de-behcet\/\" target=\"_blank\" rel=\"noreferrer noopener\"> Sociedade Brasileira de Reumatologia<\/a><\/strong>, a doen\u00e7a provoca \u201caftas recorrentes que podem estar associadas ou n\u00e3o a \u00falceras genitais, les\u00f5es de pele, dores articulares, inflama\u00e7\u00e3o no olho, altera\u00e7\u00f5es neurol\u00f3gicas, intestinais, inflama\u00e7\u00e3o e trombose em veias, al\u00e9m da forma\u00e7\u00e3o de aneurismas em diferentes art\u00e9rias\u201d.<\/p>\n<h4 class=\"wp-block-heading\"><strong>Feira do livro<\/strong><\/h4>\n<p>A <strong>23\u00aa Feira Interacional do Livro de Ribeir\u00e3o Preto<\/strong> acontece at\u00e9 o dia 11 de agosto. Diversas atividades est\u00e3o distribu\u00eddas em 20 locais distintos do munic\u00edpio.<\/p>\n<p><strong><mark style=\"background-color:#fcb900\" class=\"has-inline-color\">A programa\u00e7\u00e3o completa do dia pode ser conferida logo pela manh\u00e3 no portal acidade on (clique aqui).<\/mark><\/strong> Para mais informa\u00e7\u00f5es, acesse o <a href=\"https:\/\/www.fundacaodolivroeleiturarp.com\/\" target=\"_blank\" rel=\"noreferrer noopener\">site oficial da FIL<\/a>.<\/p>\n<hr class=\"wp-block-separator has-alpha-channel-opacity\"\/>\n<p>SAIBA MAIS<\/p>\n<p>Ruas de Ribeir\u00e3o Preto t\u00eam sentido de dire\u00e7\u00e3o alterado; Veja quais<\/p>\n<h4 class=\"wp-block-heading\"><strong>FIQUE ON<\/strong><\/h4>\n<p>Fique ligado em tudo que acontece em Ribeir\u00e3o Preto e regi\u00e3o. Siga os perfis do<strong>\u00a0acidade on<\/strong>\u00a0no\u00a0<a href=\"https:\/\/www.instagram.com\/acidadeonribeirao\/\" target=\"_blank\" rel=\"noreferrer noopener\">Instagram\u00a0<\/a>e no\u00a0<a href=\"https:\/\/www.facebook.com\/acidadeonribeirao\/\" target=\"_blank\" rel=\"noreferrer noopener\">Facebook<\/a>.<\/p>\n<p>Receba not\u00edcias do\u00a0<strong>acidade on<\/strong>\u00a0no WhatsApp.\u00a0<a href=\"https:\/\/chat.whatsapp.com\/Dtv9mxhy6V5BJBotM2OQ5k\" target=\"_blank\" rel=\"noreferrer noopener\">Para entrar no grupo, basta clicar aqui.<\/a><\/p>\n<p>Fa\u00e7a uma den\u00fancia ou sugira uma reportagem sobre Ribeir\u00e3o Preto e regi\u00e3o pelo WhatsApp: 16 99117 7802.<\/p>\n<p>VEJA TAMB\u00c9M<\/p>\n<p>Quando ser\u00e3o revelados os participantes do Estrela da Casa?<\/p>\n<p><!-- CONTENT END 1 -->\n<\/div>\n<p><script async src=\"\/\/www.instagram.com\/embed.js\"><\/script><br \/>\n<br \/><br \/>\n<br \/><a href=\"https:\/\/www.acidadeon.com\/ribeiraopreto\/lazer-e-cultura\/clovis-de-barros-filho-participa-de-conferencia-na-23a-feira-do-livro-de-ribeirao-nesta-quinta\/\">Source link <\/a><\/p>\n","protected":false},"excerpt":{"rendered":"<p>Natural de Ribeir\u00e3o Preto, o escritor, fil\u00f3sofo, jornalista e advogado, Cl\u00f3vis de Barros Filho, participa da 23\u00aa FIL (Feira Internacional do Livro), nesta quinta-feira (8),&#8230;<\/p>\n","protected":false},"author":1,"featured_media":59334,"comment_status":"open","ping_status":"open","sticky":false,"template":"","format":"standard","meta":{"_uag_custom_page_level_css":"","advanced_seo_description":"","jetpack_seo_html_title":"","jetpack_seo_noindex":false,"jetpack_post_was_ever_published":false,"_jetpack_newsletter_access":"","_jetpack_dont_email_post_to_subs":false,"_jetpack_newsletter_tier_id":0,"_jetpack_memberships_contains_paywalled_content":false,"_jetpack_memberships_contains_paid_content":false,"footnotes":"","jetpack_publicize_message":"","jetpack_publicize_feature_enabled":true,"jetpack_social_post_already_shared":true,"jetpack_social_options":{"image_generator_settings":{"template":"highway","default_image_id":0,"font":"","enabled":false},"version":2}},"categories":[11],"tags":[],"class_list":["post-59333","post","type-post","status-publish","format-standard","has-post-thumbnail","hentry","category-noticias-de-ribeirao-preto-sp-e-regiao-ismael-colosi"],"jetpack_publicize_connections":[],"jetpack_featured_media_url":"https:\/\/i0.wp.com\/ismaelcolosi.com.br\/wp-content\/uploads\/2024\/08\/287f46cb-7546-4514-8eba-19be67961b7e_2024-08-07_20-09-23_jpg_2024-08-07_20-09-24.webp.webp?fit=1500%2C1225&ssl=1","uagb_featured_image_src":{"full":["https:\/\/i0.wp.com\/ismaelcolosi.com.br\/wp-content\/uploads\/2024\/08\/287f46cb-7546-4514-8eba-19be67961b7e_2024-08-07_20-09-23_jpg_2024-08-07_20-09-24.webp.webp?fit=1500%2C1225&ssl=1",1500,1225,false],"thumbnail":["https:\/\/i0.wp.com\/ismaelcolosi.com.br\/wp-content\/uploads\/2024\/08\/287f46cb-7546-4514-8eba-19be67961b7e_2024-08-07_20-09-23_jpg_2024-08-07_20-09-24.webp.webp?resize=150%2C150&ssl=1",150,150,true],"medium":["https:\/\/i0.wp.com\/ismaelcolosi.com.br\/wp-content\/uploads\/2024\/08\/287f46cb-7546-4514-8eba-19be67961b7e_2024-08-07_20-09-23_jpg_2024-08-07_20-09-24.webp.webp?fit=300%2C245&ssl=1",300,245,true],"medium_large":["https:\/\/i0.wp.com\/ismaelcolosi.com.br\/wp-content\/uploads\/2024\/08\/287f46cb-7546-4514-8eba-19be67961b7e_2024-08-07_20-09-23_jpg_2024-08-07_20-09-24.webp.webp?fit=768%2C627&ssl=1",768,627,true],"large":["https:\/\/i0.wp.com\/ismaelcolosi.com.br\/wp-content\/uploads\/2024\/08\/287f46cb-7546-4514-8eba-19be67961b7e_2024-08-07_20-09-23_jpg_2024-08-07_20-09-24.webp.webp?fit=1024%2C836&ssl=1",1024,836,true],"1536x1536":["https:\/\/i0.wp.com\/ismaelcolosi.com.br\/wp-content\/uploads\/2024\/08\/287f46cb-7546-4514-8eba-19be67961b7e_2024-08-07_20-09-23_jpg_2024-08-07_20-09-24.webp.webp?fit=1500%2C1225&ssl=1",1500,1225,true],"2048x2048":["https:\/\/i0.wp.com\/ismaelcolosi.com.br\/wp-content\/uploads\/2024\/08\/287f46cb-7546-4514-8eba-19be67961b7e_2024-08-07_20-09-23_jpg_2024-08-07_20-09-24.webp.webp?fit=1500%2C1225&ssl=1",1500,1225,true],"really-simple-thumb":["https:\/\/i0.wp.com\/ismaelcolosi.com.br\/wp-content\/uploads\/2024\/08\/287f46cb-7546-4514-8eba-19be67961b7e_2024-08-07_20-09-23_jpg_2024-08-07_20-09-24.webp.webp?resize=370%2C247&ssl=1",370,247,true]},"uagb_author_info":{"display_name":"ismaelcolosi.com.br","author_link":"https:\/\/ismaelcolosi.com.br\/index.php\/author\/vidareal-online\/"},"uagb_comment_info":0,"uagb_excerpt":"Natural de Ribeir\u00e3o Preto, o escritor, fil\u00f3sofo, jornalista e advogado, Cl\u00f3vis de Barros Filho, participa da 23\u00aa FIL (Feira Internacional do Livro), nesta quinta-feira (8),...","jetpack-related-posts":[{"id":57947,"url":"https:\/\/ismaelcolosi.com.br\/index.php\/2024\/07\/25\/clovis-de-barros-filho-e-atracao-na-feira-internacional-do-livro-em-ribeirao-preto\/","url_meta":{"origin":59333,"position":0},"title":"Cl\u00f3vis de Barros Filho \u00e9 atra\u00e7\u00e3o na Feira Internacional do Livro em Ribeir\u00e3o Preto","author":"ismaelcolosi.com.br","date":"25 de July de 2024","format":false,"excerpt":"O escritor, fil\u00f3sofo, jornalista e advogado, Cl\u00f3vis de Barros Filho, que em recente entrevista ao Estad\u00e3o, falou sobre a doen\u00e7a autoimune e a expectativa sobre a vida (veja abaixo), participa da 23\u00aa FIL (Feira Internacional do Livro de Ribeir\u00e3o Preto), no dia 8 de agosto, \u00e0s 20h30, no Theatro Pedro\u2026","rel":"","context":"In &quot;Not\u00edcias de Ribeir\u00e3o Preto-SP e Regi\u00e3o&quot;","block_context":{"text":"Not\u00edcias de Ribeir\u00e3o Preto-SP e Regi\u00e3o","link":"https:\/\/ismaelcolosi.com.br\/index.php\/category\/noticias-de-ribeirao-preto-sp-e-regiao-ismael-colosi\/"},"img":{"alt_text":"","src":"https:\/\/i0.wp.com\/ismaelcolosi.com.br\/wp-content\/uploads\/2024\/07\/Copia-de-Copia-de-TAMANHO-EXATO-PARA-FOTOS-NO-SISTEMA-NOVO-31_2024-07-25_20-14-09_jpg_2024-07-25_20-14-09.webp.webp?fit=1200%2C675&ssl=1&resize=350%2C200","width":350,"height":200,"srcset":"https:\/\/i0.wp.com\/ismaelcolosi.com.br\/wp-content\/uploads\/2024\/07\/Copia-de-Copia-de-TAMANHO-EXATO-PARA-FOTOS-NO-SISTEMA-NOVO-31_2024-07-25_20-14-09_jpg_2024-07-25_20-14-09.webp.webp?fit=1200%2C675&ssl=1&resize=350%2C200 1x, https:\/\/i0.wp.com\/ismaelcolosi.com.br\/wp-content\/uploads\/2024\/07\/Copia-de-Copia-de-TAMANHO-EXATO-PARA-FOTOS-NO-SISTEMA-NOVO-31_2024-07-25_20-14-09_jpg_2024-07-25_20-14-09.webp.webp?fit=1200%2C675&ssl=1&resize=525%2C300 1.5x, https:\/\/i0.wp.com\/ismaelcolosi.com.br\/wp-content\/uploads\/2024\/07\/Copia-de-Copia-de-TAMANHO-EXATO-PARA-FOTOS-NO-SISTEMA-NOVO-31_2024-07-25_20-14-09_jpg_2024-07-25_20-14-09.webp.webp?fit=1200%2C675&ssl=1&resize=700%2C400 2x, https:\/\/i0.wp.com\/ismaelcolosi.com.br\/wp-content\/uploads\/2024\/07\/Copia-de-Copia-de-TAMANHO-EXATO-PARA-FOTOS-NO-SISTEMA-NOVO-31_2024-07-25_20-14-09_jpg_2024-07-25_20-14-09.webp.webp?fit=1200%2C675&ssl=1&resize=1050%2C600 3x"},"classes":[]},{"id":59360,"url":"https:\/\/ismaelcolosi.com.br\/index.php\/2024\/08\/08\/confira-a-programacao-da-feira-do-livro-de-ribeirao-preto-nesta-quinta-feira\/","url_meta":{"origin":59333,"position":1},"title":"Confira a programa\u00e7\u00e3o da Feira do Livro de Ribeir\u00e3o Preto nesta quinta-feira","author":"ismaelcolosi.com.br","date":"8 de August de 2024","format":false,"excerpt":"O Centro de Ribeir\u00e3o Preto recebe pelo oitavo dia a 23\u00aa Feira Internacional do Livro. Nesta quinta-feira (8), acontece oficinas, rodas de conversas, shows e muito mais. O tema central da\u00a0Feira\u00a0este ano \u00e9: \u201cCotidianos po\u00e9ticos: Do \u00e9pico de Cam\u00f5es \u00e0s batalhas de rua\u201d. Cinco autores s\u00e3o homenageados: eles Ferreira Gullar,\u2026","rel":"","context":"In &quot;Not\u00edcias de Ribeir\u00e3o Preto-SP e Regi\u00e3o&quot;","block_context":{"text":"Not\u00edcias de Ribeir\u00e3o Preto-SP e Regi\u00e3o","link":"https:\/\/ismaelcolosi.com.br\/index.php\/category\/noticias-de-ribeirao-preto-sp-e-regiao-ismael-colosi\/"},"img":{"alt_text":"","src":"https:\/\/i0.wp.com\/ismaelcolosi.com.br\/wp-content\/uploads\/2024\/07\/Copia-de-Copia-de-TAMANHO-EXATO-PARA-FOTOS-NO-SISTEMA-NOVO-22_2024-07-15_20-06-36_jpg_2024-07-15_20-06-36.webp.webp?fit=1200%2C675&ssl=1&resize=350%2C200","width":350,"height":200,"srcset":"https:\/\/i0.wp.com\/ismaelcolosi.com.br\/wp-content\/uploads\/2024\/07\/Copia-de-Copia-de-TAMANHO-EXATO-PARA-FOTOS-NO-SISTEMA-NOVO-22_2024-07-15_20-06-36_jpg_2024-07-15_20-06-36.webp.webp?fit=1200%2C675&ssl=1&resize=350%2C200 1x, https:\/\/i0.wp.com\/ismaelcolosi.com.br\/wp-content\/uploads\/2024\/07\/Copia-de-Copia-de-TAMANHO-EXATO-PARA-FOTOS-NO-SISTEMA-NOVO-22_2024-07-15_20-06-36_jpg_2024-07-15_20-06-36.webp.webp?fit=1200%2C675&ssl=1&resize=525%2C300 1.5x, https:\/\/i0.wp.com\/ismaelcolosi.com.br\/wp-content\/uploads\/2024\/07\/Copia-de-Copia-de-TAMANHO-EXATO-PARA-FOTOS-NO-SISTEMA-NOVO-22_2024-07-15_20-06-36_jpg_2024-07-15_20-06-36.webp.webp?fit=1200%2C675&ssl=1&resize=700%2C400 2x, https:\/\/i0.wp.com\/ismaelcolosi.com.br\/wp-content\/uploads\/2024\/07\/Copia-de-Copia-de-TAMANHO-EXATO-PARA-FOTOS-NO-SISTEMA-NOVO-22_2024-07-15_20-06-36_jpg_2024-07-15_20-06-36.webp.webp?fit=1200%2C675&ssl=1&resize=1050%2C600 3x"},"classes":[]},{"id":58717,"url":"https:\/\/ismaelcolosi.com.br\/index.php\/2024\/08\/02\/veja-a-programacao-desta-sexta-feira-na-feira-do-livro-de-ribeirao-preto\/","url_meta":{"origin":59333,"position":2},"title":"Veja a programa\u00e7\u00e3o desta sexta-feira na Feira do Livro de Ribeir\u00e3o Preto","author":"ismaelcolosi.com.br","date":"2 de August de 2024","format":false,"excerpt":"Esta sexta-feira (2), \u00e9 o segundo dia da\u00a023\u00aa Feira Internacional do Livro de Ribeir\u00e3o Preto, que segue at\u00e9 o dia 11 de agosto. A programa\u00e7\u00e3o oferece mais de\u00a0400 atividades gratuitas\u00a0no Centro de Ribeir\u00e3o Preto. \u00a0 O tema central da Feira este ano \u00e9: \u201cCotidianos po\u00e9ticos: Do \u00e9pico de Cam\u00f5es \u00e0s\u2026","rel":"","context":"In &quot;Not\u00edcias de Ribeir\u00e3o Preto-SP e Regi\u00e3o&quot;","block_context":{"text":"Not\u00edcias de Ribeir\u00e3o Preto-SP e Regi\u00e3o","link":"https:\/\/ismaelcolosi.com.br\/index.php\/category\/noticias-de-ribeirao-preto-sp-e-regiao-ismael-colosi\/"},"img":{"alt_text":"","src":"https:\/\/i0.wp.com\/ismaelcolosi.com.br\/wp-content\/uploads\/2024\/08\/sesc-na-FIL_2024-08-01_14-36-39_jpeg_2024-08-01_14-36-39.webp.webp?fit=1200%2C800&ssl=1&resize=350%2C200","width":350,"height":200,"srcset":"https:\/\/i0.wp.com\/ismaelcolosi.com.br\/wp-content\/uploads\/2024\/08\/sesc-na-FIL_2024-08-01_14-36-39_jpeg_2024-08-01_14-36-39.webp.webp?fit=1200%2C800&ssl=1&resize=350%2C200 1x, https:\/\/i0.wp.com\/ismaelcolosi.com.br\/wp-content\/uploads\/2024\/08\/sesc-na-FIL_2024-08-01_14-36-39_jpeg_2024-08-01_14-36-39.webp.webp?fit=1200%2C800&ssl=1&resize=525%2C300 1.5x, https:\/\/i0.wp.com\/ismaelcolosi.com.br\/wp-content\/uploads\/2024\/08\/sesc-na-FIL_2024-08-01_14-36-39_jpeg_2024-08-01_14-36-39.webp.webp?fit=1200%2C800&ssl=1&resize=700%2C400 2x, https:\/\/i0.wp.com\/ismaelcolosi.com.br\/wp-content\/uploads\/2024\/08\/sesc-na-FIL_2024-08-01_14-36-39_jpeg_2024-08-01_14-36-39.webp.webp?fit=1200%2C800&ssl=1&resize=1050%2C600 3x"},"classes":[]},{"id":59002,"url":"https:\/\/ismaelcolosi.com.br\/index.php\/2024\/08\/05\/gregorio-duvivier-e-atracao-na-feira-do-livro-de-ribeirao-nesta-segunda-feira\/","url_meta":{"origin":59333,"position":3},"title":"Gregorio Duvivier \u00e9 atra\u00e7\u00e3o na Feira do Livro de Ribeir\u00e3o nesta segunda-feira","author":"ismaelcolosi.com.br","date":"5 de August de 2024","format":false,"excerpt":"A 23\u00aa Feira Internacional do Livro de Ribeir\u00e3o Preto chega ao quinto dia nesta segunda-feira (5) e Gregorio Duvivier marca presen\u00e7a na programa\u00e7\u00e3o. O ator, apresentador, humorista, escritor, roteirista e poeta brasileiro abre um bate-papo sobre cotidianos po\u00e9ticos, obras e poesias. Duvivier ficou conhecido por seu trabalho no cinema e\u2026","rel":"","context":"In &quot;Not\u00edcias de Ribeir\u00e3o Preto-SP e Regi\u00e3o&quot;","block_context":{"text":"Not\u00edcias de Ribeir\u00e3o Preto-SP e Regi\u00e3o","link":"https:\/\/ismaelcolosi.com.br\/index.php\/category\/noticias-de-ribeirao-preto-sp-e-regiao-ismael-colosi\/"},"img":{"alt_text":"","src":"https:\/\/i0.wp.com\/ismaelcolosi.com.br\/wp-content\/uploads\/2024\/08\/Copia-de-Copia-de-TAMANHO-EXATO-PARA-FOTOS-NO-SISTEMA-NOVO-30_2024-08-05_14-20-15_jpg_2024-08-05_14-20-15.webp.webp?fit=1200%2C675&ssl=1&resize=350%2C200","width":350,"height":200,"srcset":"https:\/\/i0.wp.com\/ismaelcolosi.com.br\/wp-content\/uploads\/2024\/08\/Copia-de-Copia-de-TAMANHO-EXATO-PARA-FOTOS-NO-SISTEMA-NOVO-30_2024-08-05_14-20-15_jpg_2024-08-05_14-20-15.webp.webp?fit=1200%2C675&ssl=1&resize=350%2C200 1x, https:\/\/i0.wp.com\/ismaelcolosi.com.br\/wp-content\/uploads\/2024\/08\/Copia-de-Copia-de-TAMANHO-EXATO-PARA-FOTOS-NO-SISTEMA-NOVO-30_2024-08-05_14-20-15_jpg_2024-08-05_14-20-15.webp.webp?fit=1200%2C675&ssl=1&resize=525%2C300 1.5x, https:\/\/i0.wp.com\/ismaelcolosi.com.br\/wp-content\/uploads\/2024\/08\/Copia-de-Copia-de-TAMANHO-EXATO-PARA-FOTOS-NO-SISTEMA-NOVO-30_2024-08-05_14-20-15_jpg_2024-08-05_14-20-15.webp.webp?fit=1200%2C675&ssl=1&resize=700%2C400 2x, https:\/\/i0.wp.com\/ismaelcolosi.com.br\/wp-content\/uploads\/2024\/08\/Copia-de-Copia-de-TAMANHO-EXATO-PARA-FOTOS-NO-SISTEMA-NOVO-30_2024-08-05_14-20-15_jpg_2024-08-05_14-20-15.webp.webp?fit=1200%2C675&ssl=1&resize=1050%2C600 3x"},"classes":[]},{"id":58576,"url":"https:\/\/ismaelcolosi.com.br\/index.php\/2024\/08\/01\/veja-a-programacao-do-primeiro-dia-da-feira-do-livro-de-ribeirao-preto\/","url_meta":{"origin":59333,"position":4},"title":"Veja a programa\u00e7\u00e3o do primeiro dia da Feira do Livro de Ribeir\u00e3o Preto","author":"ismaelcolosi.com.br","date":"1 de August de 2024","format":false,"excerpt":"A 23\u00aa edi\u00e7\u00e3o da Feira Internacional do Livro de Ribeir\u00e3o Preto inicia nesta quinta-feira (1\u00ba de agosto) e segue at\u00e9 o dia 11 de agosto, com uma programa\u00e7\u00e3o com mais de 400 atividades gratuitas que acontecem principalmente na Pra\u00e7a XV, Esplanada do Theatro Pedro II e o no Theatro Pedro\u2026","rel":"","context":"In &quot;Not\u00edcias de Ribeir\u00e3o Preto-SP e Regi\u00e3o&quot;","block_context":{"text":"Not\u00edcias de Ribeir\u00e3o Preto-SP e Regi\u00e3o","link":"https:\/\/ismaelcolosi.com.br\/index.php\/category\/noticias-de-ribeirao-preto-sp-e-regiao-ismael-colosi\/"},"img":{"alt_text":"","src":"https:\/\/i0.wp.com\/ismaelcolosi.com.br\/wp-content\/uploads\/2024\/08\/Copia-de-Copia-de-TAMANHO-EXATO-PARA-FOTOS-NO-SISTEMA-NOVO-20_2024-07-31_11-31-49_jpg_2024-07-31_11-31-49.webp.webp?fit=1200%2C675&ssl=1&resize=350%2C200","width":350,"height":200,"srcset":"https:\/\/i0.wp.com\/ismaelcolosi.com.br\/wp-content\/uploads\/2024\/08\/Copia-de-Copia-de-TAMANHO-EXATO-PARA-FOTOS-NO-SISTEMA-NOVO-20_2024-07-31_11-31-49_jpg_2024-07-31_11-31-49.webp.webp?fit=1200%2C675&ssl=1&resize=350%2C200 1x, https:\/\/i0.wp.com\/ismaelcolosi.com.br\/wp-content\/uploads\/2024\/08\/Copia-de-Copia-de-TAMANHO-EXATO-PARA-FOTOS-NO-SISTEMA-NOVO-20_2024-07-31_11-31-49_jpg_2024-07-31_11-31-49.webp.webp?fit=1200%2C675&ssl=1&resize=525%2C300 1.5x, https:\/\/i0.wp.com\/ismaelcolosi.com.br\/wp-content\/uploads\/2024\/08\/Copia-de-Copia-de-TAMANHO-EXATO-PARA-FOTOS-NO-SISTEMA-NOVO-20_2024-07-31_11-31-49_jpg_2024-07-31_11-31-49.webp.webp?fit=1200%2C675&ssl=1&resize=700%2C400 2x, https:\/\/i0.wp.com\/ismaelcolosi.com.br\/wp-content\/uploads\/2024\/08\/Copia-de-Copia-de-TAMANHO-EXATO-PARA-FOTOS-NO-SISTEMA-NOVO-20_2024-07-31_11-31-49_jpg_2024-07-31_11-31-49.webp.webp?fit=1200%2C675&ssl=1&resize=1050%2C600 3x"},"classes":[]},{"id":58743,"url":"https:\/\/ismaelcolosi.com.br\/index.php\/2024\/08\/02\/mv-bill-candlelight-e-dori-caymmi-confira-o-que-fazer-no-fim-de-semana-em-ribeirao-preto\/","url_meta":{"origin":59333,"position":5},"title":"MV Bill, \u2018Candlelight\u2019 e Dori Caymmi: Confira o que fazer no fim de semana em Ribeir\u00e3o Preto","author":"ismaelcolosi.com.br","date":"2 de August de 2024","format":false,"excerpt":"Sextou! O primeiro fim de semana de agosto come\u00e7ou e Ribeir\u00e3o Preto conta com diversas atividades culturais para quem n\u00e3o gosta de ficar parado. Entre as op\u00e7\u00f5es est\u00e3o a programa\u00e7\u00e3o da 23\u00aa Feira Internacional do Livro de Ribeir\u00e3o Preto, shows e circo digital. Confira o que fazer neste fim de\u2026","rel":"","context":"In &quot;Not\u00edcias de Ribeir\u00e3o Preto-SP e Regi\u00e3o&quot;","block_context":{"text":"Not\u00edcias de Ribeir\u00e3o Preto-SP e Regi\u00e3o","link":"https:\/\/ismaelcolosi.com.br\/index.php\/category\/noticias-de-ribeirao-preto-sp-e-regiao-ismael-colosi\/"},"img":{"alt_text":"","src":"https:\/\/i0.wp.com\/ismaelcolosi.com.br\/wp-content\/uploads\/2024\/08\/Copia-de-Copia-de-TAMANHO-EXATO-PARA-FOTOS-NO-SISTEMA-NOVO-24_2024-08-02_12-31-16_jpg_2024-08-02_12-31-16.webp.webp?fit=1200%2C675&ssl=1&resize=350%2C200","width":350,"height":200,"srcset":"https:\/\/i0.wp.com\/ismaelcolosi.com.br\/wp-content\/uploads\/2024\/08\/Copia-de-Copia-de-TAMANHO-EXATO-PARA-FOTOS-NO-SISTEMA-NOVO-24_2024-08-02_12-31-16_jpg_2024-08-02_12-31-16.webp.webp?fit=1200%2C675&ssl=1&resize=350%2C200 1x, https:\/\/i0.wp.com\/ismaelcolosi.com.br\/wp-content\/uploads\/2024\/08\/Copia-de-Copia-de-TAMANHO-EXATO-PARA-FOTOS-NO-SISTEMA-NOVO-24_2024-08-02_12-31-16_jpg_2024-08-02_12-31-16.webp.webp?fit=1200%2C675&ssl=1&resize=525%2C300 1.5x, https:\/\/i0.wp.com\/ismaelcolosi.com.br\/wp-content\/uploads\/2024\/08\/Copia-de-Copia-de-TAMANHO-EXATO-PARA-FOTOS-NO-SISTEMA-NOVO-24_2024-08-02_12-31-16_jpg_2024-08-02_12-31-16.webp.webp?fit=1200%2C675&ssl=1&resize=700%2C400 2x, https:\/\/i0.wp.com\/ismaelcolosi.com.br\/wp-content\/uploads\/2024\/08\/Copia-de-Copia-de-TAMANHO-EXATO-PARA-FOTOS-NO-SISTEMA-NOVO-24_2024-08-02_12-31-16_jpg_2024-08-02_12-31-16.webp.webp?fit=1200%2C675&ssl=1&resize=1050%2C600 3x"},"classes":[]}],"jetpack_sharing_enabled":true,"jetpack_shortlink":"https:\/\/wp.me\/pfMlyK-fqZ","_links":{"self":[{"href":"https:\/\/ismaelcolosi.com.br\/index.php\/wp-json\/wp\/v2\/posts\/59333","targetHints":{"allow":["GET"]}}],"collection":[{"href":"https:\/\/ismaelcolosi.com.br\/index.php\/wp-json\/wp\/v2\/posts"}],"about":[{"href":"https:\/\/ismaelcolosi.com.br\/index.php\/wp-json\/wp\/v2\/types\/post"}],"author":[{"embeddable":true,"href":"https:\/\/ismaelcolosi.com.br\/index.php\/wp-json\/wp\/v2\/users\/1"}],"replies":[{"embeddable":true,"href":"https:\/\/ismaelcolosi.com.br\/index.php\/wp-json\/wp\/v2\/comments?post=59333"}],"version-history":[{"count":0,"href":"https:\/\/ismaelcolosi.com.br\/index.php\/wp-json\/wp\/v2\/posts\/59333\/revisions"}],"wp:featuredmedia":[{"embeddable":true,"href":"https:\/\/ismaelcolosi.com.br\/index.php\/wp-json\/wp\/v2\/media\/59334"}],"wp:attachment":[{"href":"https:\/\/ismaelcolosi.com.br\/index.php\/wp-json\/wp\/v2\/media?parent=59333"}],"wp:term":[{"taxonomy":"category","embeddable":true,"href":"https:\/\/ismaelcolosi.com.br\/index.php\/wp-json\/wp\/v2\/categories?post=59333"},{"taxonomy":"post_tag","embeddable":true,"href":"https:\/\/ismaelcolosi.com.br\/index.php\/wp-json\/wp\/v2\/tags?post=59333"}],"curies":[{"name":"wp","href":"https:\/\/api.w.org\/{rel}","templated":true}]}}