{"id":59326,"date":"2024-08-07T16:50:06","date_gmt":"2024-08-07T19:50:06","guid":{"rendered":"https:\/\/ismaelcolosi.com.br\/index.php\/2024\/08\/07\/correios-abrem-inscricoes-para-concurso-com-vagas-no-interior-de-sp-e-salarios-de-r-6-mil\/"},"modified":"2024-08-07T16:50:06","modified_gmt":"2024-08-07T19:50:06","slug":"correios-abrem-inscricoes-para-concurso-com-vagas-no-interior-de-sp-e-salarios-de-r-6-mil","status":"publish","type":"post","link":"https:\/\/ismaelcolosi.com.br\/index.php\/2024\/08\/07\/correios-abrem-inscricoes-para-concurso-com-vagas-no-interior-de-sp-e-salarios-de-r-6-mil\/","title":{"rendered":"Correios abrem inscri\u00e7\u00f5es para concurso com vagas no interior de SP e sal\u00e1rios de R$ 6 mil"},"content":{"rendered":"<p> <br \/>\n<\/p>\n<div data-td-block-uid=\"tdi_106\">\n<div class=\"tdb-block-inner td-fix-index\">\n<p>As inscri\u00e7\u00f5es para o novo<strong> concurso p\u00fablico dos Correios<\/strong> come\u00e7aram nesta quarta-feira (7).<mark style=\"background-color:#fcb900\" class=\"has-inline-color\"><strong> S\u00e3o 33 vagas dispon\u00edveis, al\u00e9m de forma\u00e7\u00e3o de cadastro reserva.<\/strong><\/mark><\/p>\n<p>As oportunidades s\u00e3o para <strong>cargos da \u00e1rea de medicina e seguran\u00e7a do trabalho<\/strong>. Os sal\u00e1rios iniciais variam entre <strong>R$ 3,6 mil <\/strong>e <strong>R$ 6,8 mil<\/strong>.<\/p>\n<p>Al\u00e9m da remunera\u00e7\u00e3o, os <strong>Correios <\/strong>oferecem plano de cargos, carreiras e sal\u00e1rios (PCCS) e outros benef\u00edcios, como a possibilidade de ades\u00e3o ao plano de previd\u00eancia complementar e plano de sa\u00fade.<\/p>\n<h3 class=\"wp-block-heading\"><strong>Como se inscrever<\/strong><\/h3>\n<p>Os interessados devem se candidatar de <strong>forma on-line<\/strong>, <strong>atrav\u00e9s do <a href=\"https:\/\/www.iades.com.br\/inscricao\/ProcessoSeletivo.aspx?id=68dd58dc54\">site do Instituto Americano de Desenvolvimento (Iades)<\/a><\/strong>, at\u00e9 o dia 8 de setembro.<strong><mark style=\"background-color:#fcb900\" class=\"has-inline-color\"> A taxa de inscri\u00e7\u00e3o \u00e9 de R$ 70.<\/mark><\/strong><\/p>\n<h4 class=\"wp-block-heading\"><strong>Confira as oportunidades dispon\u00edveis<\/strong><\/h4>\n<ul>\n<li>Enfermeiro do Trabalho J\u00fanior<\/li>\n<\/ul>\n<ul>\n<li>Engenheiro de Seguran\u00e7a do Trabalho J\u00fanior<\/li>\n<\/ul>\n<ul>\n<li>M\u00e9dico do Trabalho J\u00fanior<\/li>\n<\/ul>\n<ul>\n<li>T\u00e9cnico em Seguran\u00e7a do Trabalho J\u00fanior\u00a0\u00a0\u00a0\u00a0\u00a0\u00a0\u00a0\u00a0\u00a0\u00a0\u00a0\u00a0\u00a0\u00a0\u00a0<\/li>\n<\/ul>\n<p>As provas objetivas ser\u00e3o aplicadas na data prov\u00e1vel de<strong> 13 de outubro de 2024<\/strong>. O edital completo pode ser conferido <a href=\"https:\/\/www.iades.com.br\/inscricao\/ProcessoSeletivo.aspx?id=68dd58dc54\" target=\"_blank\" rel=\"noreferrer noopener\">clicando aqui<\/a>.<\/p>\n<hr class=\"wp-block-separator has-alpha-channel-opacity\"\/>\n<p>SAIBA MAIS<\/p>\n<p>A\u00e9rea anuncia investimento de 2 bilh\u00f5es de d\u00f3lares com foco no interior de SP<\/p>\n<h4 class=\"wp-block-heading\"><strong>FIQUE ON<\/strong><\/h4>\n<p>Fique ligado em tudo que acontece em Ribeir\u00e3o Preto e regi\u00e3o. Siga os perfis do<strong>\u00a0acidade on\u00a0<\/strong>no\u00a0<a href=\"https:\/\/www.instagram.com\/acidadeonribeirao\/\" target=\"_blank\" rel=\"noreferrer noopener\">Instagram\u00a0<\/a>e no\u00a0<a href=\"https:\/\/www.facebook.com\/acidadeonribeirao\/\" target=\"_blank\" rel=\"noreferrer noopener\">Facebook<\/a>.<\/p>\n<p>Receba not\u00edcias do\u00a0<strong>acidade on<\/strong>\u00a0no WhatsApp.<a href=\"https:\/\/chat.whatsapp.com\/Dtv9mxhy6V5BJBotM2OQ5k\" target=\"_blank\" rel=\"noreferrer noopener\">\u00a0Para entrar no grupo, basta clicar aqui.<\/a><\/p>\n<p>Fa\u00e7a uma den\u00fancia ou sugira uma reportagem sobre Ribeir\u00e3o Preto e regi\u00e3o pelo WhatsApp: 16 99117 7802.<\/p>\n<p>VEJA TAMB\u00c9M<\/p>\n<p>Quando volta \u2018Cheias de Charme\u2019?<\/p>\n<p><!-- CONTENT END 1 -->\n<\/div>\n<\/div>\n<p><script async src=\"\/\/www.instagram.com\/embed.js\"><\/script><br \/>\n<br \/><br \/>\n<br \/><a href=\"https:\/\/www.acidadeon.com\/ribeiraopreto\/economia\/correios-abrem-inscricoes-para-concurso-com-vagas-no-interior-de-sp-e-salarios-de-r-6-mil\/\">Source link <\/a><\/p>\n","protected":false},"excerpt":{"rendered":"<p>As inscri\u00e7\u00f5es para o novo concurso p\u00fablico dos Correios come\u00e7aram nesta quarta-feira (7). S\u00e3o 33 vagas dispon\u00edveis, al\u00e9m de forma\u00e7\u00e3o de cadastro reserva. As oportunidades&#8230;<\/p>\n","protected":false},"author":1,"featured_media":59327,"comment_status":"open","ping_status":"open","sticky":false,"template":"","format":"standard","meta":{"_uag_custom_page_level_css":"","advanced_seo_description":"","jetpack_seo_html_title":"","jetpack_seo_noindex":false,"jetpack_post_was_ever_published":false,"_jetpack_newsletter_access":"","_jetpack_dont_email_post_to_subs":false,"_jetpack_newsletter_tier_id":0,"_jetpack_memberships_contains_paywalled_content":false,"_jetpack_memberships_contains_paid_content":false,"footnotes":"","jetpack_publicize_message":"","jetpack_publicize_feature_enabled":true,"jetpack_social_post_already_shared":true,"jetpack_social_options":{"image_generator_settings":{"template":"highway","default_image_id":0,"font":"","enabled":false},"version":2}},"categories":[11],"tags":[],"class_list":["post-59326","post","type-post","status-publish","format-standard","has-post-thumbnail","hentry","category-noticias-de-ribeirao-preto-sp-e-regiao-ismael-colosi"],"jetpack_publicize_connections":[],"jetpack_featured_media_url":"https:\/\/i0.wp.com\/ismaelcolosi.com.br\/wp-content\/uploads\/2024\/08\/Copia-de-Copia-de-TAMANHO-EXATO-PARA-FOTOS-NO-SISTEMA-NOVO-33_2024-05-03_18-21-50_jpg_2024-05-03_18-21-50.webp.webp?fit=1200%2C675&ssl=1","uagb_featured_image_src":{"full":["https:\/\/i0.wp.com\/ismaelcolosi.com.br\/wp-content\/uploads\/2024\/08\/Copia-de-Copia-de-TAMANHO-EXATO-PARA-FOTOS-NO-SISTEMA-NOVO-33_2024-05-03_18-21-50_jpg_2024-05-03_18-21-50.webp.webp?fit=1200%2C675&ssl=1",1200,675,false],"thumbnail":["https:\/\/i0.wp.com\/ismaelcolosi.com.br\/wp-content\/uploads\/2024\/08\/Copia-de-Copia-de-TAMANHO-EXATO-PARA-FOTOS-NO-SISTEMA-NOVO-33_2024-05-03_18-21-50_jpg_2024-05-03_18-21-50.webp.webp?resize=150%2C150&ssl=1",150,150,true],"medium":["https:\/\/i0.wp.com\/ismaelcolosi.com.br\/wp-content\/uploads\/2024\/08\/Copia-de-Copia-de-TAMANHO-EXATO-PARA-FOTOS-NO-SISTEMA-NOVO-33_2024-05-03_18-21-50_jpg_2024-05-03_18-21-50.webp.webp?fit=300%2C169&ssl=1",300,169,true],"medium_large":["https:\/\/i0.wp.com\/ismaelcolosi.com.br\/wp-content\/uploads\/2024\/08\/Copia-de-Copia-de-TAMANHO-EXATO-PARA-FOTOS-NO-SISTEMA-NOVO-33_2024-05-03_18-21-50_jpg_2024-05-03_18-21-50.webp.webp?fit=768%2C432&ssl=1",768,432,true],"large":["https:\/\/i0.wp.com\/ismaelcolosi.com.br\/wp-content\/uploads\/2024\/08\/Copia-de-Copia-de-TAMANHO-EXATO-PARA-FOTOS-NO-SISTEMA-NOVO-33_2024-05-03_18-21-50_jpg_2024-05-03_18-21-50.webp.webp?fit=1024%2C576&ssl=1",1024,576,true],"1536x1536":["https:\/\/i0.wp.com\/ismaelcolosi.com.br\/wp-content\/uploads\/2024\/08\/Copia-de-Copia-de-TAMANHO-EXATO-PARA-FOTOS-NO-SISTEMA-NOVO-33_2024-05-03_18-21-50_jpg_2024-05-03_18-21-50.webp.webp?fit=1200%2C675&ssl=1",1200,675,true],"2048x2048":["https:\/\/i0.wp.com\/ismaelcolosi.com.br\/wp-content\/uploads\/2024\/08\/Copia-de-Copia-de-TAMANHO-EXATO-PARA-FOTOS-NO-SISTEMA-NOVO-33_2024-05-03_18-21-50_jpg_2024-05-03_18-21-50.webp.webp?fit=1200%2C675&ssl=1",1200,675,true],"really-simple-thumb":["https:\/\/i0.wp.com\/ismaelcolosi.com.br\/wp-content\/uploads\/2024\/08\/Copia-de-Copia-de-TAMANHO-EXATO-PARA-FOTOS-NO-SISTEMA-NOVO-33_2024-05-03_18-21-50_jpg_2024-05-03_18-21-50.webp.webp?resize=370%2C247&ssl=1",370,247,true]},"uagb_author_info":{"display_name":"ismaelcolosi.com.br","author_link":"https:\/\/ismaelcolosi.com.br\/index.php\/author\/vidareal-online\/"},"uagb_comment_info":0,"uagb_excerpt":"As inscri\u00e7\u00f5es para o novo concurso p\u00fablico dos Correios come\u00e7aram nesta quarta-feira (7). S\u00e3o 33 vagas dispon\u00edveis, al\u00e9m de forma\u00e7\u00e3o de cadastro reserva. As oportunidades...","jetpack-related-posts":[{"id":78787,"url":"https:\/\/ismaelcolosi.com.br\/index.php\/2024\/12\/09\/concurso-dos-correios-veja-como-consultar-locais-da-prova-do-dia-15\/","url_meta":{"origin":59326,"position":0},"title":"Concurso dos Correios: veja como consultar locais da prova do dia 15","author":"ismaelcolosi.com.br","date":"9 de December de 2024","format":false,"excerpt":"Da reda\u00e7\u00e3oi Da reda\u00e7\u00e3o 09\/12\/2024 - 12:37 Os participantes que se inscreveram no Concurso dos Correios 2024 j\u00e1 podem consultar o local em que realizar\u00e3o a prova no pr\u00f3ximo domingo, 15 de dezembro. As informa\u00e7\u00f5es contidas no cart\u00e3o de convoca\u00e7\u00e3o est\u00e3o no site oficial do concurso.Como consultar meu local de\u2026","rel":"","context":"In &quot;Empregos - Classificados&quot;","block_context":{"text":"Empregos - Classificados","link":"https:\/\/ismaelcolosi.com.br\/index.php\/category\/empregos-classificados-vagas-trabalho\/"},"img":{"alt_text":"","src":"https:\/\/i0.wp.com\/ismaelcolosi.com.br\/wp-content\/uploads\/2024\/12\/correios.jpg?fit=1200%2C675&ssl=1&resize=350%2C200","width":350,"height":200,"srcset":"https:\/\/i0.wp.com\/ismaelcolosi.com.br\/wp-content\/uploads\/2024\/12\/correios.jpg?fit=1200%2C675&ssl=1&resize=350%2C200 1x, https:\/\/i0.wp.com\/ismaelcolosi.com.br\/wp-content\/uploads\/2024\/12\/correios.jpg?fit=1200%2C675&ssl=1&resize=525%2C300 1.5x, https:\/\/i0.wp.com\/ismaelcolosi.com.br\/wp-content\/uploads\/2024\/12\/correios.jpg?fit=1200%2C675&ssl=1&resize=700%2C400 2x, https:\/\/i0.wp.com\/ismaelcolosi.com.br\/wp-content\/uploads\/2024\/12\/correios.jpg?fit=1200%2C675&ssl=1&resize=1050%2C600 3x"},"classes":[]},{"id":62372,"url":"https:\/\/ismaelcolosi.com.br\/index.php\/2024\/08\/27\/concurso-dos-correios-tera-34-mil-vagas-e-salarios-de-ate-r-6-872-veja-o-que-ja-se-sabe\/","url_meta":{"origin":59326,"position":1},"title":"Concurso dos Correios ter\u00e1 3,4 mil vagas e sal\u00e1rios de at\u00e9 R$ 6.872; veja o\u00a0que\u00a0j\u00e1 se\u00a0sabe","author":"ismaelcolosi.com.br","date":"27 de August de 2024","format":false,"excerpt":"Da reda\u00e7\u00e3oi Da reda\u00e7\u00e3o 27\/08\/2024 - 10:41 Os Correios v\u00e3o abrir um novo concurso p\u00fablico nacional no segundo semestre, com 3.468 vagas.Ser\u00e3o 3.099 postos destinados para o cargo de agente e 369 para analista, com remunera\u00e7\u00f5es iniciais de R$ 2.429,26 e R$ 6.872,48, respectivamente.Os candidatos dever\u00e3o ter n\u00edvel m\u00e9dio para\u2026","rel":"","context":"In &quot;Empregos - Classificados&quot;","block_context":{"text":"Empregos - Classificados","link":"https:\/\/ismaelcolosi.com.br\/index.php\/category\/empregos-classificados-vagas-trabalho\/"},"img":{"alt_text":"","src":"https:\/\/i0.wp.com\/ismaelcolosi.com.br\/wp-content\/uploads\/2024\/08\/correios01.jpg?fit=1016%2C663&ssl=1&resize=350%2C200","width":350,"height":200,"srcset":"https:\/\/i0.wp.com\/ismaelcolosi.com.br\/wp-content\/uploads\/2024\/08\/correios01.jpg?fit=1016%2C663&ssl=1&resize=350%2C200 1x, https:\/\/i0.wp.com\/ismaelcolosi.com.br\/wp-content\/uploads\/2024\/08\/correios01.jpg?fit=1016%2C663&ssl=1&resize=525%2C300 1.5x, https:\/\/i0.wp.com\/ismaelcolosi.com.br\/wp-content\/uploads\/2024\/08\/correios01.jpg?fit=1016%2C663&ssl=1&resize=700%2C400 2x"},"classes":[]},{"id":79410,"url":"https:\/\/ismaelcolosi.com.br\/index.php\/2024\/12\/16\/concurso-dos-correios-confira-os-gabaritos-das-provas\/","url_meta":{"origin":59326,"position":2},"title":"Concurso dos Correios: confira os gabaritos das\u00a0provas","author":"ismaelcolosi.com.br","date":"16 de December de 2024","format":false,"excerpt":"Da reda\u00e7\u00e3oi Da reda\u00e7\u00e3o 16\/12\/2024 - 8:33 Nesta domingo, 15, pouco mais de 1 milh\u00e3o de candidatos realizaram as provas para o concurso dos Correios. Houve o comparecimento de pouco mais de 59,85%, dos quase 1,7 milh\u00e3o de inscritos.Veja abaixo como acessar o gabarito: Entre no site do IBFC \u2013\u2026","rel":"","context":"In &quot;Empregos - Classificados&quot;","block_context":{"text":"Empregos - Classificados","link":"https:\/\/ismaelcolosi.com.br\/index.php\/category\/empregos-classificados-vagas-trabalho\/"},"img":{"alt_text":"","src":"https:\/\/i0.wp.com\/ismaelcolosi.com.br\/wp-content\/uploads\/2024\/12\/correios01.jpg?fit=1024%2C768&ssl=1&resize=350%2C200","width":350,"height":200,"srcset":"https:\/\/i0.wp.com\/ismaelcolosi.com.br\/wp-content\/uploads\/2024\/12\/correios01.jpg?fit=1024%2C768&ssl=1&resize=350%2C200 1x, https:\/\/i0.wp.com\/ismaelcolosi.com.br\/wp-content\/uploads\/2024\/12\/correios01.jpg?fit=1024%2C768&ssl=1&resize=525%2C300 1.5x, https:\/\/i0.wp.com\/ismaelcolosi.com.br\/wp-content\/uploads\/2024\/12\/correios01.jpg?fit=1024%2C768&ssl=1&resize=700%2C400 2x"},"classes":[]},{"id":70828,"url":"https:\/\/ismaelcolosi.com.br\/index.php\/2024\/10\/13\/veja-cinco-concursos-publicos-com-mais-de-110-vagas-no-interior-de-sp\/","url_meta":{"origin":59326,"position":3},"title":"Veja cinco concursos p\u00fablicos com mais de 110 vagas no interior de SP","author":"ismaelcolosi.com.br","date":"13 de October de 2024","format":false,"excerpt":"Os interessados em concorrer a uma vaga em concurso p\u00fablico contam com mais de 110 oportunidades em cinco editais dispon\u00edveis no interior de S\u00e3o Paulo. As oportunidades s\u00e3o para cargos de n\u00edvel m\u00e9dio, t\u00e9cnico e superior. Os sal\u00e1rios variam entre R$ 2,1 mil e R$ 12,6 mil. Confira a lista\u2026","rel":"","context":"In &quot;Not\u00edcias de Ribeir\u00e3o Preto-SP e Regi\u00e3o&quot;","block_context":{"text":"Not\u00edcias de Ribeir\u00e3o Preto-SP e Regi\u00e3o","link":"https:\/\/ismaelcolosi.com.br\/index.php\/category\/noticias-de-ribeirao-preto-sp-e-regiao-ismael-colosi\/"},"img":{"alt_text":"","src":"https:\/\/i0.wp.com\/ismaelcolosi.com.br\/wp-content\/uploads\/2024\/07\/Copia-de-Copia-de-TAMANHO-EXATO-PARA-FOTOS-NO-SISTEMA-NOVO-22_2024-07-24_20-00-55_jpg_2024-07-24_20-00-55.webp.webp?fit=1200%2C675&ssl=1&resize=350%2C200","width":350,"height":200,"srcset":"https:\/\/i0.wp.com\/ismaelcolosi.com.br\/wp-content\/uploads\/2024\/07\/Copia-de-Copia-de-TAMANHO-EXATO-PARA-FOTOS-NO-SISTEMA-NOVO-22_2024-07-24_20-00-55_jpg_2024-07-24_20-00-55.webp.webp?fit=1200%2C675&ssl=1&resize=350%2C200 1x, https:\/\/i0.wp.com\/ismaelcolosi.com.br\/wp-content\/uploads\/2024\/07\/Copia-de-Copia-de-TAMANHO-EXATO-PARA-FOTOS-NO-SISTEMA-NOVO-22_2024-07-24_20-00-55_jpg_2024-07-24_20-00-55.webp.webp?fit=1200%2C675&ssl=1&resize=525%2C300 1.5x, https:\/\/i0.wp.com\/ismaelcolosi.com.br\/wp-content\/uploads\/2024\/07\/Copia-de-Copia-de-TAMANHO-EXATO-PARA-FOTOS-NO-SISTEMA-NOVO-22_2024-07-24_20-00-55_jpg_2024-07-24_20-00-55.webp.webp?fit=1200%2C675&ssl=1&resize=700%2C400 2x, https:\/\/i0.wp.com\/ismaelcolosi.com.br\/wp-content\/uploads\/2024\/07\/Copia-de-Copia-de-TAMANHO-EXATO-PARA-FOTOS-NO-SISTEMA-NOVO-22_2024-07-24_20-00-55_jpg_2024-07-24_20-00-55.webp.webp?fit=1200%2C675&ssl=1&resize=1050%2C600 3x"},"classes":[]},{"id":70036,"url":"https:\/\/ismaelcolosi.com.br\/index.php\/2024\/10\/09\/com-vagas-em-ribeirao-preto-concurso-publico-dos-correios-e-aberto\/","url_meta":{"origin":59326,"position":4},"title":"Com vagas em Ribeir\u00e3o Preto: Concurso p\u00fablico dos Correios \u00e9 aberto","author":"ismaelcolosi.com.br","date":"9 de October de 2024","format":false,"excerpt":"Os Correios publicaram nesta quarta-feira (9) o edital do concurso p\u00fablico com mais de 3,4 mil vagas e sal\u00e1rios de at\u00e9 6,8 mil. As oportunidades s\u00e3o para analista superior e agente carteiro, com vagas em Ribeir\u00e3o Preto. As inscri\u00e7\u00f5es devem ser realizadas pela internet, no site da IBFC (clique aqui),\u2026","rel":"","context":"In &quot;Not\u00edcias de Ribeir\u00e3o Preto-SP e Regi\u00e3o&quot;","block_context":{"text":"Not\u00edcias de Ribeir\u00e3o Preto-SP e Regi\u00e3o","link":"https:\/\/ismaelcolosi.com.br\/index.php\/category\/noticias-de-ribeirao-preto-sp-e-regiao-ismael-colosi\/"},"img":{"alt_text":"","src":"https:\/\/i0.wp.com\/ismaelcolosi.com.br\/wp-content\/uploads\/2024\/07\/correios-concurso_2024-07-23_14-30-50_jpg_2024-07-23_14-30-50.webp.webp?fit=1170%2C700&ssl=1&resize=350%2C200","width":350,"height":200,"srcset":"https:\/\/i0.wp.com\/ismaelcolosi.com.br\/wp-content\/uploads\/2024\/07\/correios-concurso_2024-07-23_14-30-50_jpg_2024-07-23_14-30-50.webp.webp?fit=1170%2C700&ssl=1&resize=350%2C200 1x, https:\/\/i0.wp.com\/ismaelcolosi.com.br\/wp-content\/uploads\/2024\/07\/correios-concurso_2024-07-23_14-30-50_jpg_2024-07-23_14-30-50.webp.webp?fit=1170%2C700&ssl=1&resize=525%2C300 1.5x, https:\/\/i0.wp.com\/ismaelcolosi.com.br\/wp-content\/uploads\/2024\/07\/correios-concurso_2024-07-23_14-30-50_jpg_2024-07-23_14-30-50.webp.webp?fit=1170%2C700&ssl=1&resize=700%2C400 2x, https:\/\/i0.wp.com\/ismaelcolosi.com.br\/wp-content\/uploads\/2024\/07\/correios-concurso_2024-07-23_14-30-50_jpg_2024-07-23_14-30-50.webp.webp?fit=1170%2C700&ssl=1&resize=1050%2C600 3x"},"classes":[]},{"id":57631,"url":"https:\/\/ismaelcolosi.com.br\/index.php\/2024\/07\/23\/concurso-publico-dos-correios-tem-vagas-no-interior-de-sp-e-salarios-de-r-6-mil\/","url_meta":{"origin":59326,"position":5},"title":"Concurso p\u00fablico dos Correios tem vagas no interior de SP e sal\u00e1rios de R$ 6 mil","author":"ismaelcolosi.com.br","date":"23 de July de 2024","format":false,"excerpt":"Os Correios publicaram nesta ter\u00e7a-feira (23) o edital do concurso p\u00fablico com 33 vagas e oportunidades para o cadastro de reserva. Os sal\u00e1rios variam entre R$ 3,6 mil e R$ 6,8 mil. As inscri\u00e7\u00f5es dever\u00e3o ser feitas pela internet, no site do Iades (clique aqui) no per\u00edodo entre 10h do\u2026","rel":"","context":"In &quot;Not\u00edcias de Ribeir\u00e3o Preto-SP e Regi\u00e3o&quot;","block_context":{"text":"Not\u00edcias de Ribeir\u00e3o Preto-SP e Regi\u00e3o","link":"https:\/\/ismaelcolosi.com.br\/index.php\/category\/noticias-de-ribeirao-preto-sp-e-regiao-ismael-colosi\/"},"img":{"alt_text":"","src":"https:\/\/i0.wp.com\/ismaelcolosi.com.br\/wp-content\/uploads\/2024\/07\/correios-concurso_2024-07-23_14-30-50_jpg_2024-07-23_14-30-50.webp.webp?fit=1170%2C700&ssl=1&resize=350%2C200","width":350,"height":200,"srcset":"https:\/\/i0.wp.com\/ismaelcolosi.com.br\/wp-content\/uploads\/2024\/07\/correios-concurso_2024-07-23_14-30-50_jpg_2024-07-23_14-30-50.webp.webp?fit=1170%2C700&ssl=1&resize=350%2C200 1x, https:\/\/i0.wp.com\/ismaelcolosi.com.br\/wp-content\/uploads\/2024\/07\/correios-concurso_2024-07-23_14-30-50_jpg_2024-07-23_14-30-50.webp.webp?fit=1170%2C700&ssl=1&resize=525%2C300 1.5x, https:\/\/i0.wp.com\/ismaelcolosi.com.br\/wp-content\/uploads\/2024\/07\/correios-concurso_2024-07-23_14-30-50_jpg_2024-07-23_14-30-50.webp.webp?fit=1170%2C700&ssl=1&resize=700%2C400 2x, https:\/\/i0.wp.com\/ismaelcolosi.com.br\/wp-content\/uploads\/2024\/07\/correios-concurso_2024-07-23_14-30-50_jpg_2024-07-23_14-30-50.webp.webp?fit=1170%2C700&ssl=1&resize=1050%2C600 3x"},"classes":[]}],"jetpack_sharing_enabled":true,"jetpack_shortlink":"https:\/\/wp.me\/pfMlyK-fqS","_links":{"self":[{"href":"https:\/\/ismaelcolosi.com.br\/index.php\/wp-json\/wp\/v2\/posts\/59326","targetHints":{"allow":["GET"]}}],"collection":[{"href":"https:\/\/ismaelcolosi.com.br\/index.php\/wp-json\/wp\/v2\/posts"}],"about":[{"href":"https:\/\/ismaelcolosi.com.br\/index.php\/wp-json\/wp\/v2\/types\/post"}],"author":[{"embeddable":true,"href":"https:\/\/ismaelcolosi.com.br\/index.php\/wp-json\/wp\/v2\/users\/1"}],"replies":[{"embeddable":true,"href":"https:\/\/ismaelcolosi.com.br\/index.php\/wp-json\/wp\/v2\/comments?post=59326"}],"version-history":[{"count":0,"href":"https:\/\/ismaelcolosi.com.br\/index.php\/wp-json\/wp\/v2\/posts\/59326\/revisions"}],"wp:featuredmedia":[{"embeddable":true,"href":"https:\/\/ismaelcolosi.com.br\/index.php\/wp-json\/wp\/v2\/media\/59327"}],"wp:attachment":[{"href":"https:\/\/ismaelcolosi.com.br\/index.php\/wp-json\/wp\/v2\/media?parent=59326"}],"wp:term":[{"taxonomy":"category","embeddable":true,"href":"https:\/\/ismaelcolosi.com.br\/index.php\/wp-json\/wp\/v2\/categories?post=59326"},{"taxonomy":"post_tag","embeddable":true,"href":"https:\/\/ismaelcolosi.com.br\/index.php\/wp-json\/wp\/v2\/tags?post=59326"}],"curies":[{"name":"wp","href":"https:\/\/api.w.org\/{rel}","templated":true}]}}