{"id":59322,"date":"2024-08-07T16:35:04","date_gmt":"2024-08-07T19:35:04","guid":{"rendered":"https:\/\/ismaelcolosi.com.br\/index.php\/2024\/08\/07\/ruas-de-ribeirao-preto-tem-sentido-de-direcao-alterado-veja-quais\/"},"modified":"2024-08-07T16:35:04","modified_gmt":"2024-08-07T19:35:04","slug":"ruas-de-ribeirao-preto-tem-sentido-de-direcao-alterado-veja-quais","status":"publish","type":"post","link":"https:\/\/ismaelcolosi.com.br\/index.php\/2024\/08\/07\/ruas-de-ribeirao-preto-tem-sentido-de-direcao-alterado-veja-quais\/","title":{"rendered":"Ruas de Ribeir\u00e3o Preto t\u00eam sentido de dire\u00e7\u00e3o alterado; Veja quais"},"content":{"rendered":"<p> <br \/>\n<\/p>\n<p>A<a href=\"https:\/\/www.ribeiraopreto.sp.gov.br\/portal\/rpmobi\/\" target=\"_blank\" rel=\"noreferrer noopener nofollow\"> <strong>RP Mobi<\/strong><\/a> informou que duas ruas de<strong> Ribeir\u00e3o Preto<\/strong> tiveram a implanta\u00e7\u00e3o do sentido \u00fanico de dire\u00e7\u00e3o, nesta quarta-feira (7).<\/p>\n<p>As altera\u00e7\u00f5es aconteceram no bairro<strong> Monte Alegre<\/strong>, na zona Oeste, e est\u00e3o sendo acompanhada pela equipe de departamento de tr\u00e2nsito.<\/p><div class='code-block code-block-8' style='margin: 8px auto; text-align: center; display: block; clear: both;'>\n<script>\n  atOptions = {\n    'key' : '66e2e2111ca34da796271819fc334058',\n    'format' : 'iframe',\n    'height' : 250,\n    'width' : 300,\n    'params' : {}\n  };\n<\/script>\n<script src=\"https:\/\/www.highperformanceformat.com\/66e2e2111ca34da796271819fc334058\/invoke.js\"><\/script>\n<\/div>\n\n<p><mark style=\"background-color:#fcb900\" class=\"has-inline-color has-black-color\">O sentido \u00fanico foi implantado nas ruas Aquidauana e Canind\u00e9<\/mark>. Veja como ficou:<\/p>\n<ul>\n<li>Rua Aquidauana: da rua In\u00e1cio Bruno da Costa at\u00e9 a rua Bela Vista, sentido centro\/bairro<\/li>\n<\/ul>\n<ul>\n<li>Rua Canind\u00e9: da rua Bela Vista at\u00e9 a rua Coronel Camis\u00e3o, sentido bairro\/centro<\/li>\n<\/ul>\n<p>SAIBA MAIS<br \/>A\u00e9rea anuncia investimento de 2 bilh\u00f5es de d\u00f3lares com foco no interior de SP<\/p>\n<h4 class=\"wp-block-heading\"><strong>FIQUE ON<\/strong><\/h4>\n<p>Fique ligado em tudo que acontece em Ribeir\u00e3o Preto e regi\u00e3o. Siga os perfis do<strong> acidade on<\/strong> no <a href=\"https:\/\/www.instagram.com\/acidadeonribeirao\/\" target=\"_blank\" rel=\"noreferrer noopener nofollow\">Instagram <\/a>e no <a href=\"https:\/\/www.facebook.com\/acidadeonribeirao\/\" target=\"_blank\" rel=\"noreferrer noopener nofollow\">Facebook<\/a>.<\/p>\n<p>Receba not\u00edcias do <strong>acidade on<\/strong> no WhatsApp. <a href=\"https:\/\/chat.whatsapp.com\/Dtv9mxhy6V5BJBotM2OQ5k\" target=\"_blank\" rel=\"noreferrer noopener nofollow\">Para entrar no grupo, basta clicar aqui.<\/a><\/p>\n<p>Fa\u00e7a uma den\u00fancia ou sugira uma reportagem sobre Ribeir\u00e3o Preto e regi\u00e3o pelo WhatsApp: 16 99117 7802.<\/p>\n<p>VEJA TAMB\u00c9M<br \/>Quando come\u00e7a a esfriar em SP?<\/p>\n<p>O post Ruas de Ribeir\u00e3o Preto t\u00eam sentido de dire\u00e7\u00e3o alterado; Veja quais apareceu primeiro em ACidade ON Ribeir\u00e3o Preto.<\/p>\n<p><script async src=\"\/\/www.instagram.com\/embed.js\"><\/script><br \/>\n<br \/><br \/>\n<br \/><a href=\"https:\/\/www.acidadeon.com\/ribeiraopreto\/cotidiano\/ruas-de-ribeirao-preto-tem-sentido-de-direcao-alterado-veja-quais\/\">Source link <\/a><\/p>\n<div class='code-block code-block-4' style='margin: 8px auto 8px 0; text-align: left; display: block; clear: both;'>\n\ud83d\udce2 Aviso Legal\n\nO site ismaelcolosi.com.br atua apenas como um canal de divulga\u00e7\u00e3o de oportunidades de emprego e n\u00e3o se responsabiliza pelo processo seletivo, contrata\u00e7\u00e3o ou qualquer outra etapa relacionada \u00e0s vagas publicadas. Todas as informa\u00e7\u00f5es s\u00e3o de responsabilidade dos anunciantes.\n\n\u26a0\ufe0f Aten\u00e7\u00e3o! Nunca pague por promessas de emprego nem compre cursos que garantam contrata\u00e7\u00e3o. Desconfie de qualquer cobran\u00e7a para participar de sele\u00e7\u00f5es.\n\n\n\n<\/div>\n<!-- CONTENT END 1 -->\n","protected":false},"excerpt":{"rendered":"<p>A RP Mobi informou que duas ruas de Ribeir\u00e3o Preto tiveram a implanta\u00e7\u00e3o do sentido \u00fanico de dire\u00e7\u00e3o, nesta quarta-feira (7). As altera\u00e7\u00f5es aconteceram no&#8230;<\/p>\n","protected":false},"author":1,"featured_media":59323,"comment_status":"open","ping_status":"open","sticky":false,"template":"","format":"standard","meta":{"_uag_custom_page_level_css":"","advanced_seo_description":"","jetpack_seo_html_title":"","jetpack_seo_noindex":false,"jetpack_post_was_ever_published":false,"_jetpack_newsletter_access":"","_jetpack_dont_email_post_to_subs":false,"_jetpack_newsletter_tier_id":0,"_jetpack_memberships_contains_paywalled_content":false,"_jetpack_memberships_contains_paid_content":false,"footnotes":"","jetpack_publicize_message":"","jetpack_publicize_feature_enabled":true,"jetpack_social_post_already_shared":true,"jetpack_social_options":{"image_generator_settings":{"template":"highway","default_image_id":0,"font":"","enabled":false},"version":2}},"categories":[11],"tags":[],"class_list":["post-59322","post","type-post","status-publish","format-standard","has-post-thumbnail","hentry","category-noticias-de-ribeirao-preto-sp-e-regiao-ismael-colosi"],"jetpack_publicize_connections":[],"jetpack_featured_media_url":"https:\/\/i0.wp.com\/ismaelcolosi.com.br\/wp-content\/uploads\/2024\/08\/rua-caninde_2024-08-07_19-26-44_jpg_2024-08-07_19-26-44.webp.webp?fit=1009%2C500&ssl=1","uagb_featured_image_src":{"full":["https:\/\/i0.wp.com\/ismaelcolosi.com.br\/wp-content\/uploads\/2024\/08\/rua-caninde_2024-08-07_19-26-44_jpg_2024-08-07_19-26-44.webp.webp?fit=1009%2C500&ssl=1",1009,500,false],"thumbnail":["https:\/\/i0.wp.com\/ismaelcolosi.com.br\/wp-content\/uploads\/2024\/08\/rua-caninde_2024-08-07_19-26-44_jpg_2024-08-07_19-26-44.webp.webp?resize=150%2C150&ssl=1",150,150,true],"medium":["https:\/\/i0.wp.com\/ismaelcolosi.com.br\/wp-content\/uploads\/2024\/08\/rua-caninde_2024-08-07_19-26-44_jpg_2024-08-07_19-26-44.webp.webp?fit=300%2C149&ssl=1",300,149,true],"medium_large":["https:\/\/i0.wp.com\/ismaelcolosi.com.br\/wp-content\/uploads\/2024\/08\/rua-caninde_2024-08-07_19-26-44_jpg_2024-08-07_19-26-44.webp.webp?fit=768%2C381&ssl=1",768,381,true],"large":["https:\/\/i0.wp.com\/ismaelcolosi.com.br\/wp-content\/uploads\/2024\/08\/rua-caninde_2024-08-07_19-26-44_jpg_2024-08-07_19-26-44.webp.webp?fit=1009%2C500&ssl=1",1009,500,true],"1536x1536":["https:\/\/i0.wp.com\/ismaelcolosi.com.br\/wp-content\/uploads\/2024\/08\/rua-caninde_2024-08-07_19-26-44_jpg_2024-08-07_19-26-44.webp.webp?fit=1009%2C500&ssl=1",1009,500,true],"2048x2048":["https:\/\/i0.wp.com\/ismaelcolosi.com.br\/wp-content\/uploads\/2024\/08\/rua-caninde_2024-08-07_19-26-44_jpg_2024-08-07_19-26-44.webp.webp?fit=1009%2C500&ssl=1",1009,500,true],"really-simple-thumb":["https:\/\/i0.wp.com\/ismaelcolosi.com.br\/wp-content\/uploads\/2024\/08\/rua-caninde_2024-08-07_19-26-44_jpg_2024-08-07_19-26-44.webp.webp?resize=370%2C247&ssl=1",370,247,true]},"uagb_author_info":{"display_name":"ismaelcolosi.com.br","author_link":"https:\/\/ismaelcolosi.com.br\/index.php\/author\/vidareal-online\/"},"uagb_comment_info":0,"uagb_excerpt":"A RP Mobi informou que duas ruas de Ribeir\u00e3o Preto tiveram a implanta\u00e7\u00e3o do sentido \u00fanico de dire\u00e7\u00e3o, nesta quarta-feira (7). As altera\u00e7\u00f5es aconteceram no...","jetpack-related-posts":[{"id":59480,"url":"https:\/\/ismaelcolosi.com.br\/index.php\/2024\/08\/08\/novas-ruas-de-ribeirao-preto-tem-sentido-de-direcao-alterado-veja-locais-afetados\/","url_meta":{"origin":59322,"position":0},"title":"Novas ruas de Ribeir\u00e3o Preto t\u00eam sentido de dire\u00e7\u00e3o alterado; Veja locais afetados","author":"ismaelcolosi.com.br","date":"8 de August de 2024","format":false,"excerpt":"A RP Mobi, empresa que gerencia o tr\u00e2nsito de Ribeir\u00e3o Preto, informou que duas novas ruas do munic\u00edpio tiveram implanta\u00e7\u00e3o de sentido \u00fanico de dire\u00e7\u00e3o, nesta quinta-feira (8). Conforme o comunicado, as altera\u00e7\u00f5es aconteceram na Vila Elisa, zona Norte de Ribeir\u00e3o Preto. \u201cA altera\u00e7\u00e3o da sinaliza\u00e7\u00e3o est\u00e1 sendo acompanhada pela\u2026","rel":"","context":"In &quot;Not\u00edcias de Ribeir\u00e3o Preto-SP e Regi\u00e3o&quot;","block_context":{"text":"Not\u00edcias de Ribeir\u00e3o Preto-SP e Regi\u00e3o","link":"https:\/\/ismaelcolosi.com.br\/index.php\/category\/noticias-de-ribeirao-preto-sp-e-regiao-ismael-colosi\/"},"img":{"alt_text":"","src":"https:\/\/i0.wp.com\/ismaelcolosi.com.br\/wp-content\/uploads\/2024\/08\/rua-belgica_2024-08-08_20-56-00_png_2024-08-08_20-56-00.webp.webp?fit=656%2C389&ssl=1&resize=350%2C200","width":350,"height":200,"srcset":"https:\/\/i0.wp.com\/ismaelcolosi.com.br\/wp-content\/uploads\/2024\/08\/rua-belgica_2024-08-08_20-56-00_png_2024-08-08_20-56-00.webp.webp?fit=656%2C389&ssl=1&resize=350%2C200 1x, https:\/\/i0.wp.com\/ismaelcolosi.com.br\/wp-content\/uploads\/2024\/08\/rua-belgica_2024-08-08_20-56-00_png_2024-08-08_20-56-00.webp.webp?fit=656%2C389&ssl=1&resize=525%2C300 1.5x"},"classes":[]},{"id":49380,"url":"https:\/\/ismaelcolosi.com.br\/index.php\/2024\/05\/10\/ruas-de-ribeirao-preto-passam-a-ter-sentido-unico-veja-os-locais\/","url_meta":{"origin":59322,"position":1},"title":"Ruas de Ribeir\u00e3o Preto passam a ter sentido \u00fanico; Veja os locais","author":"ismaelcolosi.com.br","date":"10 de May de 2024","format":false,"excerpt":"Tr\u00eas ruas na liga\u00e7\u00e3o os bairros Iguatemi e Nova Ribeir\u00e2nia, na zona Leste de Ribeir\u00e3o Preto, passaram a ter sentido \u00fanico. De acordo com a RP Mobi, as mudan\u00e7as foram necess\u00e1rias, em raz\u00e3o da implanta\u00e7\u00e3o do corredor de \u00f4nibus na avenida Le\u00e3o XIII. Essas ruas tinham um trecho com m\u00e3o\u2026","rel":"","context":"In &quot;Not\u00edcias de Ribeir\u00e3o Preto-SP e Regi\u00e3o&quot;","block_context":{"text":"Not\u00edcias de Ribeir\u00e3o Preto-SP e Regi\u00e3o","link":"https:\/\/ismaelcolosi.com.br\/index.php\/category\/noticias-de-ribeirao-preto-sp-e-regiao-ismael-colosi\/"},"img":{"alt_text":"","src":"https:\/\/i0.wp.com\/ismaelcolosi.com.br\/wp-content\/uploads\/2024\/05\/sentido-unico_2024-05-10_14-38-34_jpg_2024-05-10_14-38-34.webp.webp?fit=1196%2C800&ssl=1&resize=350%2C200","width":350,"height":200,"srcset":"https:\/\/i0.wp.com\/ismaelcolosi.com.br\/wp-content\/uploads\/2024\/05\/sentido-unico_2024-05-10_14-38-34_jpg_2024-05-10_14-38-34.webp.webp?fit=1196%2C800&ssl=1&resize=350%2C200 1x, https:\/\/i0.wp.com\/ismaelcolosi.com.br\/wp-content\/uploads\/2024\/05\/sentido-unico_2024-05-10_14-38-34_jpg_2024-05-10_14-38-34.webp.webp?fit=1196%2C800&ssl=1&resize=525%2C300 1.5x, https:\/\/i0.wp.com\/ismaelcolosi.com.br\/wp-content\/uploads\/2024\/05\/sentido-unico_2024-05-10_14-38-34_jpg_2024-05-10_14-38-34.webp.webp?fit=1196%2C800&ssl=1&resize=700%2C400 2x, https:\/\/i0.wp.com\/ismaelcolosi.com.br\/wp-content\/uploads\/2024\/05\/sentido-unico_2024-05-10_14-38-34_jpg_2024-05-10_14-38-34.webp.webp?fit=1196%2C800&ssl=1&resize=1050%2C600 3x"},"classes":[]},{"id":50001,"url":"https:\/\/ismaelcolosi.com.br\/index.php\/2024\/05\/14\/novas-ruas-de-ribeirao-preto-terao-sentido-alterado-veja-os-locais-afetados\/","url_meta":{"origin":59322,"position":2},"title":"Novas ruas de Ribeir\u00e3o Preto ter\u00e3o sentido alterado; Veja os locais afetados","author":"ismaelcolosi.com.br","date":"14 de May de 2024","format":false,"excerpt":"A RP Mobi realizar\u00e1 na manh\u00e3 desta ter\u00e7a-feira (14) a implanta\u00e7\u00e3o do sentido \u00fanico em duas ruas do bairro Valentina Figueiredo, na zona Norte de Ribeir\u00e3o Preto. As mudan\u00e7as afetam as ruas Tito Bonagamba e Jo\u00e3o Gual. Na semana passada, a medida j\u00e1 havia sido aplicada na zona Leste. Segundo\u2026","rel":"","context":"In &quot;Not\u00edcias de Ribeir\u00e3o Preto-SP e Regi\u00e3o&quot;","block_context":{"text":"Not\u00edcias de Ribeir\u00e3o Preto-SP e Regi\u00e3o","link":"https:\/\/ismaelcolosi.com.br\/index.php\/category\/noticias-de-ribeirao-preto-sp-e-regiao-ismael-colosi\/"},"img":{"alt_text":"","src":"https:\/\/i0.wp.com\/ismaelcolosi.com.br\/wp-content\/uploads\/2024\/05\/AnyConv.com__sentido-proibido_2024-05-14_13-52-38.webp.webp?fit=880%2C712&ssl=1&resize=350%2C200","width":350,"height":200,"srcset":"https:\/\/i0.wp.com\/ismaelcolosi.com.br\/wp-content\/uploads\/2024\/05\/AnyConv.com__sentido-proibido_2024-05-14_13-52-38.webp.webp?fit=880%2C712&ssl=1&resize=350%2C200 1x, https:\/\/i0.wp.com\/ismaelcolosi.com.br\/wp-content\/uploads\/2024\/05\/AnyConv.com__sentido-proibido_2024-05-14_13-52-38.webp.webp?fit=880%2C712&ssl=1&resize=525%2C300 1.5x, https:\/\/i0.wp.com\/ismaelcolosi.com.br\/wp-content\/uploads\/2024\/05\/AnyConv.com__sentido-proibido_2024-05-14_13-52-38.webp.webp?fit=880%2C712&ssl=1&resize=700%2C400 2x"},"classes":[]},{"id":57707,"url":"https:\/\/ismaelcolosi.com.br\/index.php\/2024\/07\/23\/ruas-da-zona-norte-de-ribeirao-preto-mudam-sentido-de-direcao\/","url_meta":{"origin":59322,"position":3},"title":"Ruas da zona Norte de Ribeir\u00e3o Preto mudam sentido de dire\u00e7\u00e3o","author":"ismaelcolosi.com.br","date":"23 de July de 2024","format":false,"excerpt":"A RP Mobi, empresa que gerencia o tr\u00e2nsito e o transporte em Ribeir\u00e3o Preto, alterou o sentido de dire\u00e7\u00e3o de duas ruas do bairro Jardim Maria Casagrande Lopes, na zona Norte de Ribeir\u00e3o Preto. A partir desta ter\u00e7a-feira (23), as ruas Gen\u00e1rio Bartolomeu, sentido avenida Ettore e Aurora Coraucci e\u2026","rel":"","context":"In &quot;Not\u00edcias de Ribeir\u00e3o Preto-SP e Regi\u00e3o&quot;","block_context":{"text":"Not\u00edcias de Ribeir\u00e3o Preto-SP e Regi\u00e3o","link":"https:\/\/ismaelcolosi.com.br\/index.php\/category\/noticias-de-ribeirao-preto-sp-e-regiao-ismael-colosi\/"},"img":{"alt_text":"","src":"https:\/\/i0.wp.com\/ismaelcolosi.com.br\/wp-content\/uploads\/2024\/07\/Copia-de-Copia-de-TAMANHO-EXATO-PARA-FOTOS-NO-SISTEMA-NOVO-32_2024-07-17_21-18-33_jpg_2024-07-17_21-18-33.webp.webp?fit=1200%2C675&ssl=1&resize=350%2C200","width":350,"height":200,"srcset":"https:\/\/i0.wp.com\/ismaelcolosi.com.br\/wp-content\/uploads\/2024\/07\/Copia-de-Copia-de-TAMANHO-EXATO-PARA-FOTOS-NO-SISTEMA-NOVO-32_2024-07-17_21-18-33_jpg_2024-07-17_21-18-33.webp.webp?fit=1200%2C675&ssl=1&resize=350%2C200 1x, https:\/\/i0.wp.com\/ismaelcolosi.com.br\/wp-content\/uploads\/2024\/07\/Copia-de-Copia-de-TAMANHO-EXATO-PARA-FOTOS-NO-SISTEMA-NOVO-32_2024-07-17_21-18-33_jpg_2024-07-17_21-18-33.webp.webp?fit=1200%2C675&ssl=1&resize=525%2C300 1.5x, https:\/\/i0.wp.com\/ismaelcolosi.com.br\/wp-content\/uploads\/2024\/07\/Copia-de-Copia-de-TAMANHO-EXATO-PARA-FOTOS-NO-SISTEMA-NOVO-32_2024-07-17_21-18-33_jpg_2024-07-17_21-18-33.webp.webp?fit=1200%2C675&ssl=1&resize=700%2C400 2x, https:\/\/i0.wp.com\/ismaelcolosi.com.br\/wp-content\/uploads\/2024\/07\/Copia-de-Copia-de-TAMANHO-EXATO-PARA-FOTOS-NO-SISTEMA-NOVO-32_2024-07-17_21-18-33_jpg_2024-07-17_21-18-33.webp.webp?fit=1200%2C675&ssl=1&resize=1050%2C600 3x"},"classes":[]},{"id":59992,"url":"https:\/\/ismaelcolosi.com.br\/index.php\/2024\/08\/13\/ruas-da-zona-norte-de-ribeirao-preto-tem-sentido-de-direcao-alterado-veja-quais\/","url_meta":{"origin":59322,"position":4},"title":"Ruas da zona Norte de Ribeir\u00e3o Preto t\u00eam sentido de dire\u00e7\u00e3o alterado; Veja quais","author":"ismaelcolosi.com.br","date":"13 de August de 2024","format":false,"excerpt":"A RP Mobi, empresa que gerencia o tr\u00e2nsito de Ribeir\u00e3o Preto, informou que realizou novas altera\u00e7\u00f5es no tr\u00e2nsito do munic\u00edpio nesta ter\u00e7a-feira (13). De acordo com o comunicado emitido, foi realizada a altera\u00e7\u00e3o no sentido das duas vias, denominadas Pra\u00e7a Alto de S\u00e3o Bento, devido \u00e0 conclus\u00e3o das obras do\u2026","rel":"","context":"In &quot;Not\u00edcias de Ribeir\u00e3o Preto-SP e Regi\u00e3o&quot;","block_context":{"text":"Not\u00edcias de Ribeir\u00e3o Preto-SP e Regi\u00e3o","link":"https:\/\/ismaelcolosi.com.br\/index.php\/category\/noticias-de-ribeirao-preto-sp-e-regiao-ismael-colosi\/"},"img":{"alt_text":"","src":"https:\/\/i0.wp.com\/ismaelcolosi.com.br\/wp-content\/uploads\/2024\/08\/via-praca-alto-do-sao-bento-2_2024-08-13_20-33-33_png_2024-08-13_20-33-33.webp.webp?fit=1200%2C624&ssl=1&resize=350%2C200","width":350,"height":200,"srcset":"https:\/\/i0.wp.com\/ismaelcolosi.com.br\/wp-content\/uploads\/2024\/08\/via-praca-alto-do-sao-bento-2_2024-08-13_20-33-33_png_2024-08-13_20-33-33.webp.webp?fit=1200%2C624&ssl=1&resize=350%2C200 1x, https:\/\/i0.wp.com\/ismaelcolosi.com.br\/wp-content\/uploads\/2024\/08\/via-praca-alto-do-sao-bento-2_2024-08-13_20-33-33_png_2024-08-13_20-33-33.webp.webp?fit=1200%2C624&ssl=1&resize=525%2C300 1.5x, https:\/\/i0.wp.com\/ismaelcolosi.com.br\/wp-content\/uploads\/2024\/08\/via-praca-alto-do-sao-bento-2_2024-08-13_20-33-33_png_2024-08-13_20-33-33.webp.webp?fit=1200%2C624&ssl=1&resize=700%2C400 2x, https:\/\/i0.wp.com\/ismaelcolosi.com.br\/wp-content\/uploads\/2024\/08\/via-praca-alto-do-sao-bento-2_2024-08-13_20-33-33_png_2024-08-13_20-33-33.webp.webp?fit=1200%2C624&ssl=1&resize=1050%2C600 3x"},"classes":[]},{"id":50323,"url":"https:\/\/ismaelcolosi.com.br\/index.php\/2024\/05\/15\/rua-da-zona-sul-de-ribeirao-preto-passa-ter-sentido-unico-veja-qual\/","url_meta":{"origin":59322,"position":5},"title":"Rua da zona Sul de Ribeir\u00e3o Preto passa ter sentido \u00fanico; Veja qual","author":"ismaelcolosi.com.br","date":"15 de May de 2024","format":false,"excerpt":"A RP Mobi, empresa que gerencia o tr\u00e2nsito e o transporte em Ribeir\u00e3o Preto, alterou nesta quarta-feira (15), para sentido \u00fanico a rua Galileu Galilei, a partir da rua Newton Stilac Leal em dire\u00e7\u00e3o a rua Dr. Benjamin A. Stauffer, no bairro Jardim Iraj\u00e1, na zona Sul da cidade. Al\u00e9m\u2026","rel":"","context":"In &quot;Not\u00edcias de Ribeir\u00e3o Preto-SP e Regi\u00e3o&quot;","block_context":{"text":"Not\u00edcias de Ribeir\u00e3o Preto-SP e Regi\u00e3o","link":"https:\/\/ismaelcolosi.com.br\/index.php\/category\/noticias-de-ribeirao-preto-sp-e-regiao-ismael-colosi\/"},"img":{"alt_text":"","src":"https:\/\/i0.wp.com\/ismaelcolosi.com.br\/wp-content\/uploads\/2024\/05\/Copia-de-Copia-de-TAMANHO-EXATO-PARA-FOTOS-NO-SISTEMA-NOVO-7_2024-05-15_21-09-22_jpg_2024-05-15_21-09-22.webp.webp?fit=1200%2C675&ssl=1&resize=350%2C200","width":350,"height":200,"srcset":"https:\/\/i0.wp.com\/ismaelcolosi.com.br\/wp-content\/uploads\/2024\/05\/Copia-de-Copia-de-TAMANHO-EXATO-PARA-FOTOS-NO-SISTEMA-NOVO-7_2024-05-15_21-09-22_jpg_2024-05-15_21-09-22.webp.webp?fit=1200%2C675&ssl=1&resize=350%2C200 1x, https:\/\/i0.wp.com\/ismaelcolosi.com.br\/wp-content\/uploads\/2024\/05\/Copia-de-Copia-de-TAMANHO-EXATO-PARA-FOTOS-NO-SISTEMA-NOVO-7_2024-05-15_21-09-22_jpg_2024-05-15_21-09-22.webp.webp?fit=1200%2C675&ssl=1&resize=525%2C300 1.5x, https:\/\/i0.wp.com\/ismaelcolosi.com.br\/wp-content\/uploads\/2024\/05\/Copia-de-Copia-de-TAMANHO-EXATO-PARA-FOTOS-NO-SISTEMA-NOVO-7_2024-05-15_21-09-22_jpg_2024-05-15_21-09-22.webp.webp?fit=1200%2C675&ssl=1&resize=700%2C400 2x, https:\/\/i0.wp.com\/ismaelcolosi.com.br\/wp-content\/uploads\/2024\/05\/Copia-de-Copia-de-TAMANHO-EXATO-PARA-FOTOS-NO-SISTEMA-NOVO-7_2024-05-15_21-09-22_jpg_2024-05-15_21-09-22.webp.webp?fit=1200%2C675&ssl=1&resize=1050%2C600 3x"},"classes":[]}],"jetpack_sharing_enabled":true,"jetpack_shortlink":"https:\/\/wp.me\/pfMlyK-fqO","_links":{"self":[{"href":"https:\/\/ismaelcolosi.com.br\/index.php\/wp-json\/wp\/v2\/posts\/59322","targetHints":{"allow":["GET"]}}],"collection":[{"href":"https:\/\/ismaelcolosi.com.br\/index.php\/wp-json\/wp\/v2\/posts"}],"about":[{"href":"https:\/\/ismaelcolosi.com.br\/index.php\/wp-json\/wp\/v2\/types\/post"}],"author":[{"embeddable":true,"href":"https:\/\/ismaelcolosi.com.br\/index.php\/wp-json\/wp\/v2\/users\/1"}],"replies":[{"embeddable":true,"href":"https:\/\/ismaelcolosi.com.br\/index.php\/wp-json\/wp\/v2\/comments?post=59322"}],"version-history":[{"count":0,"href":"https:\/\/ismaelcolosi.com.br\/index.php\/wp-json\/wp\/v2\/posts\/59322\/revisions"}],"wp:featuredmedia":[{"embeddable":true,"href":"https:\/\/ismaelcolosi.com.br\/index.php\/wp-json\/wp\/v2\/media\/59323"}],"wp:attachment":[{"href":"https:\/\/ismaelcolosi.com.br\/index.php\/wp-json\/wp\/v2\/media?parent=59322"}],"wp:term":[{"taxonomy":"category","embeddable":true,"href":"https:\/\/ismaelcolosi.com.br\/index.php\/wp-json\/wp\/v2\/categories?post=59322"},{"taxonomy":"post_tag","embeddable":true,"href":"https:\/\/ismaelcolosi.com.br\/index.php\/wp-json\/wp\/v2\/tags?post=59322"}],"curies":[{"name":"wp","href":"https:\/\/api.w.org\/{rel}","templated":true}]}}