{"id":59312,"date":"2024-08-07T15:46:27","date_gmt":"2024-08-07T18:46:27","guid":{"rendered":"https:\/\/ismaelcolosi.com.br\/index.php\/2024\/08\/07\/ia-redefine-rh-e-aumenta-competitividade\/"},"modified":"2024-08-07T15:46:27","modified_gmt":"2024-08-07T18:46:27","slug":"ia-redefine-rh-e-aumenta-competitividade","status":"publish","type":"post","link":"https:\/\/ismaelcolosi.com.br\/index.php\/2024\/08\/07\/ia-redefine-rh-e-aumenta-competitividade\/","title":{"rendered":"IA redefine RH e aumenta competitividade"},"content":{"rendered":"<p> <br \/>\n<\/p>\n<div>\n<p><img data-recalc-dims=\"1\" fetchpriority=\"high\" decoding=\"async\" class=\"alignnone alignnone size-full wp-image-624743\" src=\"https:\/\/i0.wp.com\/forbes.com.br\/wp-content\/uploads\/2024\/07\/bv-infojobs-768x512.jpg?resize=768%2C512&#038;ssl=1\" http:=\"\" alt=\"Foto: Divulga\u00e7\u00e3o\" width=\"768\" height=\"512\" data-lazy-src=\"https:\/\/forbes.com.br\/wp-content\/uploads\/2024\/07\/bv-infojobs-768x512.jpg\"\/><img data-recalc-dims=\"1\" fetchpriority=\"high\" decoding=\"async\" class=\"alignnone alignnone size-full wp-image-624743\" src=\"https:\/\/i0.wp.com\/forbes.com.br\/wp-content\/uploads\/2024\/07\/bv-infojobs-768x512.jpg?resize=768%2C512&#038;ssl=1\" alt=\"Foto: Divulga\u00e7\u00e3o\" width=\"768\" height=\"512\"\/><\/p>\n<div class=\"accessibility\">\n<p>Acessibilidade<\/p><div class='code-block code-block-8' style='margin: 8px auto; text-align: center; display: block; clear: both;'>\n<script>\n  atOptions = {\n    'key' : '66e2e2111ca34da796271819fc334058',\n    'format' : 'iframe',\n    'height' : 250,\n    'width' : 300,\n    'params' : {}\n  };\n<\/script>\n<script src=\"https:\/\/www.highperformanceformat.com\/66e2e2111ca34da796271819fc334058\/invoke.js\"><\/script>\n<\/div>\n\n<p>\n<button onclick=\"alterFont1()\" id=\"btn1\" class=\"btn\">L<\/button><br \/>\n<button onclick=\"alterFont2()\" id=\"btn2\" class=\"btn\" style=\"font-family: Merriweather\">L<\/button><br \/>\n<button onclick=\"alterFontSmallerSize()\" id=\"btn3\" class=\"btn\">A-<\/button><br \/>\n<button onclick=\"alterFontBiggerSize()\" id=\"btn4\" class=\"btn\">A+<\/button><\/p>\n<p><button onclick=\"alterBackground()\" id=\"btn6\" class=\"btn\">\u25d0<\/button><\/p>\n<\/div>\n<p><span style=\"font-weight: 400;\">O mercado de trabalho foi transformado pela ado\u00e7\u00e3o acelerada de tecnologias inovadoras, como a intelig\u00eancia artificial generativa. Essa revolu\u00e7\u00e3o remodelou o ambiente corporativo e redefiniu pr\u00e1ticas essenciais como recrutamento, desenvolvimento e reten\u00e7\u00e3o de talentos.<\/span><\/p>\n<p><span style=\"font-weight: 400;\">No RH, a IA \u00e9 usada desde o atendimento inicial por chatbots at\u00e9 algoritmos que analisam curr\u00edculos em segundos para identificar habilidades t\u00e9cnicas e comportamentais com precis\u00e3o. Essa efici\u00eancia permite que as empresas tomem decis\u00f5es mais r\u00e1pidas e assertivas, otimizando tempo e recursos.<\/span><\/p>\n<p><span style=\"font-weight: 400;\">Executivos que j\u00e1 usam IA em suas empresas precisam focar em como maximizar essas tecnologias para obter ganhos ainda maiores em produtividade e competitividade. De acordo com a Gartner, empresas que adotam IA relatam um aumento m\u00e9dio de 40% na efici\u00eancia operacional devido \u00e0 automa\u00e7\u00e3o de tarefas repetitivas e ao processamento de dados em grande escala. A Accenture prev\u00ea que a IA pode aumentar a produtividade em at\u00e9 40% e contribuir com um crescimento de US$ 14 trilh\u00f5es no PIB mundial at\u00e9 2035.<\/span><\/p>\n<p><span style=\"font-weight: 400;\">Para tirar o m\u00e1ximo proveito dessa tecnologia, \u00e9 crucial estimular iniciativas que a integrem de forma mais profunda nas opera\u00e7\u00f5es di\u00e1rias. De acordo com a Gartner, os gastos com IA e GenAI atingir\u00e3o n\u00edveis concretos para mais de 80% das organiza\u00e7\u00f5es.\u00a0<\/span><\/p>\n<p><span style=\"font-weight: 400;\">A requalifica\u00e7\u00e3o dos profissionais \u00e9 fundamental, como destaca a PwC, ao estimar que 40% dos trabalhadores precisar\u00e3o de requalifica\u00e7\u00e3o significativa para se adaptarem \u00e0s novas exig\u00eancias. Isso n\u00e3o s\u00f3 prepara a for\u00e7a de trabalho para o futuro, mas tamb\u00e9m garante que a empresa esteja sempre na vanguarda da inova\u00e7\u00e3o.<\/span><\/p>\n<p><span style=\"font-weight: 400;\">Empresas que alinham suas estrat\u00e9gias de RH e TI para criar um ecossistema digital robusto ter\u00e3o uma vantagem competitiva significativa. A automa\u00e7\u00e3o de processos, a an\u00e1lise preditiva de dados e a personaliza\u00e7\u00e3o de experi\u00eancias para colaboradores s\u00e3o apenas algumas das \u00e1reas onde a IA pode proporcionar melhorias substanciais.<\/span><\/p>\n<p><span style=\"font-weight: 400;\">Tr\u00eas fatores cr\u00edticos devem ser considerados para garantir o sucesso das iniciativas de IA: estrat\u00e9gia de neg\u00f3cios alinhada, trabalho colaborativo e uma governan\u00e7a eficaz. \u00c9 essencial vincular as iniciativas de IA aos objetivos da empresa, coordenar recursos de diferentes \u00e1reas de forma colaborativa e implementar uma gest\u00e3o abrangente para maximizar o impacto da IA.<\/span><\/p>\n<p><span style=\"font-weight: 400;\">Ao adotar solu\u00e7\u00f5es como o Pandap\u00e9, software de RH do <a href=\"https:\/\/www.pandape.com\/br\/\"><strong>Infojobs<\/strong><\/a>, os executivos podem garantir que suas empresas maximizem produtividade, inova\u00e7\u00e3o e crescimento ao unir a estrat\u00e9gia de RH \u00e0 estrat\u00e9gia digital de forma eficaz. O futuro do trabalho n\u00e3o \u00e9 apenas sobre automa\u00e7\u00e3o, mas sobre como usar a IA para criar um ambiente mais \u00e1gil, responsivo e centrado no colaborador para garantir a prosperidade em um mercado competitivo. <\/span><\/p>\n<p><i><span style=\"font-weight: 400;\">*<\/span><\/i><b><i>BrandVoice<\/i><\/b><i><span style=\"font-weight: 400;\"> \u00e9 de responsabilidade exclusiva dos autores e n\u00e3o reflete, necessariamente, a opini\u00e3o da FORBES Brasil e de seus editores.<\/span><\/i><\/p>\n<\/div>\n<p><script type=\"rocketlazyloadscript\">\n\t\t\t\t(function(d, s, id){\n\t\t\t\t\tvar js, fjs = d.getElementsByTagName(s)[0];\n\t\t\t\t\tif (d.getElementById(id)) return;\n\t\t\t\t\tjs = d.createElement(s); js.id = id;\n\t\t\t\t\tjs.src = \"\/\/connect.facebook.net\/pt_BR\/sdk.js#xfbml=1&version=v2.9\";\n\t\t\t\t\tfjs.parentNode.insertBefore(js, fjs);\n\t\t\t\t}(document, 'script', 'facebook-jssdk'));\n\t\t\t<\/script><br \/>\n<br \/><br \/>\n<br \/><a href=\"https:\/\/forbes.com.br\/brand-voice\/2024\/08\/brandvoice-infojobs-ia-redefine-rh-e-aumenta-competitividade\/\">Source link <\/a><\/p>\n<div class='code-block code-block-4' style='margin: 8px auto 8px 0; text-align: left; display: block; clear: both;'>\n\ud83d\udce2 Aviso Legal\n\nO site ismaelcolosi.com.br atua apenas como um canal de divulga\u00e7\u00e3o de oportunidades de emprego e n\u00e3o se responsabiliza pelo processo seletivo, contrata\u00e7\u00e3o ou qualquer outra etapa relacionada \u00e0s vagas publicadas. Todas as informa\u00e7\u00f5es s\u00e3o de responsabilidade dos anunciantes.\n\n\u26a0\ufe0f Aten\u00e7\u00e3o! Nunca pague por promessas de emprego nem compre cursos que garantam contrata\u00e7\u00e3o. Desconfie de qualquer cobran\u00e7a para participar de sele\u00e7\u00f5es.\n\n\n\n<\/div>\n<!-- CONTENT END 1 -->\n","protected":false},"excerpt":{"rendered":"<p>Acessibilidade L L A- A+ \u25d0 O mercado de trabalho foi transformado pela ado\u00e7\u00e3o acelerada de tecnologias inovadoras, como a intelig\u00eancia artificial generativa. Essa revolu\u00e7\u00e3o&#8230;<\/p>\n","protected":false},"author":1,"featured_media":59313,"comment_status":"open","ping_status":"open","sticky":false,"template":"","format":"standard","meta":{"_uag_custom_page_level_css":"","advanced_seo_description":"","jetpack_seo_html_title":"","jetpack_seo_noindex":false,"jetpack_post_was_ever_published":false,"_jetpack_newsletter_access":"","_jetpack_dont_email_post_to_subs":false,"_jetpack_newsletter_tier_id":0,"_jetpack_memberships_contains_paywalled_content":false,"_jetpack_memberships_contains_paid_content":false,"footnotes":"","jetpack_publicize_message":"","jetpack_publicize_feature_enabled":true,"jetpack_social_post_already_shared":true,"jetpack_social_options":{"image_generator_settings":{"template":"highway","default_image_id":0,"font":"","enabled":false},"version":2}},"categories":[1964],"tags":[],"class_list":["post-59312","post","type-post","status-publish","format-standard","has-post-thumbnail","hentry","category-carreira-e-sucesso-dicas-para-carreira"],"jetpack_publicize_connections":[],"jetpack_featured_media_url":"https:\/\/i0.wp.com\/ismaelcolosi.com.br\/wp-content\/uploads\/2024\/08\/bv-infojobs-1024x683.jpg?fit=1024%2C683&ssl=1","uagb_featured_image_src":{"full":["https:\/\/i0.wp.com\/ismaelcolosi.com.br\/wp-content\/uploads\/2024\/08\/bv-infojobs-1024x683.jpg?fit=1024%2C683&ssl=1",1024,683,false],"thumbnail":["https:\/\/i0.wp.com\/ismaelcolosi.com.br\/wp-content\/uploads\/2024\/08\/bv-infojobs-1024x683.jpg?resize=150%2C150&ssl=1",150,150,true],"medium":["https:\/\/i0.wp.com\/ismaelcolosi.com.br\/wp-content\/uploads\/2024\/08\/bv-infojobs-1024x683.jpg?fit=300%2C200&ssl=1",300,200,true],"medium_large":["https:\/\/i0.wp.com\/ismaelcolosi.com.br\/wp-content\/uploads\/2024\/08\/bv-infojobs-1024x683.jpg?fit=768%2C512&ssl=1",768,512,true],"large":["https:\/\/i0.wp.com\/ismaelcolosi.com.br\/wp-content\/uploads\/2024\/08\/bv-infojobs-1024x683.jpg?fit=1024%2C683&ssl=1",1024,683,true],"1536x1536":["https:\/\/i0.wp.com\/ismaelcolosi.com.br\/wp-content\/uploads\/2024\/08\/bv-infojobs-1024x683.jpg?fit=1024%2C683&ssl=1",1024,683,true],"2048x2048":["https:\/\/i0.wp.com\/ismaelcolosi.com.br\/wp-content\/uploads\/2024\/08\/bv-infojobs-1024x683.jpg?fit=1024%2C683&ssl=1",1024,683,true],"really-simple-thumb":["https:\/\/i0.wp.com\/ismaelcolosi.com.br\/wp-content\/uploads\/2024\/08\/bv-infojobs-1024x683.jpg?resize=370%2C247&ssl=1",370,247,true]},"uagb_author_info":{"display_name":"ismaelcolosi.com.br","author_link":"https:\/\/ismaelcolosi.com.br\/index.php\/author\/vidareal-online\/"},"uagb_comment_info":0,"uagb_excerpt":"Acessibilidade L L A- A+ \u25d0 O mercado de trabalho foi transformado pela ado\u00e7\u00e3o acelerada de tecnologias inovadoras, como a intelig\u00eancia artificial generativa. Essa revolu\u00e7\u00e3o...","jetpack-related-posts":[{"id":71983,"url":"https:\/\/ismaelcolosi.com.br\/index.php\/2024\/10\/18\/vagas-de-empregos-na-microset-tecnologia-para-trabalhar-em-ribeirao-preto-sp-16\/","url_meta":{"origin":59312,"position":0},"title":"Vagas de empregos na Microset Tecnologia  para trabalhar em Ribeir\u00e3o Preto-SP","author":"ismaelcolosi.com.br","date":"18 de October de 2024","format":false,"excerpt":"Assistente de Service Desk lRibeir\u00e3o Preto - SPEfetivo Microset Tecnologia Assistente de Service Desk lRibeir\u00e3o Preto - SPEfetivo V\u00eddeos","rel":"","context":"In &quot;Vagas de Emprego em Ribeir\u00e3o Preto-SP&quot;","block_context":{"text":"Vagas de Emprego em Ribeir\u00e3o Preto-SP","link":"https:\/\/ismaelcolosi.com.br\/index.php\/category\/empregos-classificados-vagas-trabalho\/vagas-de-empregos-em-ribeirao-preto-regiao-brasil\/"},"img":{"alt_text":"","src":"https:\/\/i0.wp.com\/ismaelcolosi.com.br\/wp-content\/uploads\/2024\/10\/1729282097_2023-03-15_13-45_bannerUrl.png?fit=1080%2C327&ssl=1&resize=350%2C200","width":350,"height":200,"srcset":"https:\/\/i0.wp.com\/ismaelcolosi.com.br\/wp-content\/uploads\/2024\/10\/1729282097_2023-03-15_13-45_bannerUrl.png?fit=1080%2C327&ssl=1&resize=350%2C200 1x, https:\/\/i0.wp.com\/ismaelcolosi.com.br\/wp-content\/uploads\/2024\/10\/1729282097_2023-03-15_13-45_bannerUrl.png?fit=1080%2C327&ssl=1&resize=525%2C300 1.5x, https:\/\/i0.wp.com\/ismaelcolosi.com.br\/wp-content\/uploads\/2024\/10\/1729282097_2023-03-15_13-45_bannerUrl.png?fit=1080%2C327&ssl=1&resize=700%2C400 2x, https:\/\/i0.wp.com\/ismaelcolosi.com.br\/wp-content\/uploads\/2024\/10\/1729282097_2023-03-15_13-45_bannerUrl.png?fit=1080%2C327&ssl=1&resize=1050%2C600 3x"},"classes":[]},{"id":74915,"url":"https:\/\/ismaelcolosi.com.br\/index.php\/2024\/11\/03\/vagas-de-empregos-na-microset-tecnologia-para-trabalhar-em-ribeirao-preto-sp-17\/","url_meta":{"origin":59312,"position":1},"title":"Vagas de empregos na Microset Tecnologia  para trabalhar em Ribeir\u00e3o Preto-SP","author":"ismaelcolosi.com.br","date":"3 de November de 2024","format":false,"excerpt":"Assistente de Service Desk lRibeir\u00e3o Preto - SPEfetivo Microset Tecnologia Assistente de Service Desk lRibeir\u00e3o Preto - SPEfetivo V\u00eddeos","rel":"","context":"In &quot;Vagas de Emprego em Ribeir\u00e3o Preto-SP&quot;","block_context":{"text":"Vagas de Emprego em Ribeir\u00e3o Preto-SP","link":"https:\/\/ismaelcolosi.com.br\/index.php\/category\/empregos-classificados-vagas-trabalho\/vagas-de-empregos-em-ribeirao-preto-regiao-brasil\/"},"img":{"alt_text":"","src":"https:\/\/i0.wp.com\/ismaelcolosi.com.br\/wp-content\/uploads\/2024\/11\/2023-03-15_13-45_bannerUrl.png?fit=1080%2C327&ssl=1&resize=350%2C200","width":350,"height":200,"srcset":"https:\/\/i0.wp.com\/ismaelcolosi.com.br\/wp-content\/uploads\/2024\/11\/2023-03-15_13-45_bannerUrl.png?fit=1080%2C327&ssl=1&resize=350%2C200 1x, https:\/\/i0.wp.com\/ismaelcolosi.com.br\/wp-content\/uploads\/2024\/11\/2023-03-15_13-45_bannerUrl.png?fit=1080%2C327&ssl=1&resize=525%2C300 1.5x, https:\/\/i0.wp.com\/ismaelcolosi.com.br\/wp-content\/uploads\/2024\/11\/2023-03-15_13-45_bannerUrl.png?fit=1080%2C327&ssl=1&resize=700%2C400 2x, https:\/\/i0.wp.com\/ismaelcolosi.com.br\/wp-content\/uploads\/2024\/11\/2023-03-15_13-45_bannerUrl.png?fit=1080%2C327&ssl=1&resize=1050%2C600 3x"},"classes":[]},{"id":82676,"url":"https:\/\/ismaelcolosi.com.br\/index.php\/2025\/02\/07\/vagas-de-empregos-na-microset-tecnologia-para-trabalhar-em-ribeirao-preto-sp-23\/","url_meta":{"origin":59312,"position":2},"title":"Vagas de empregos na Microset Tecnologia  para trabalhar em Ribeir\u00e3o Preto-SP","author":"ismaelcolosi.com.br","date":"7 de February de 2025","format":false,"excerpt":"Assistente de Service Desk l Ribeir\u00e3o Preto - SPEfetivo Auxiliar T\u00e9cnico de Redes Ribeir\u00e3o Preto - SPEfetivo Gerente de Neg\u00f3cios - Campinas e regi\u00e3o Ribeir\u00e3o Preto - SPPessoa jur\u00eddica Microset Tecnologia Assistente de Service Desk l Ribeir\u00e3o Preto - SPEfetivo V\u00eddeos","rel":"","context":"In &quot;Vagas de Emprego em Ribeir\u00e3o Preto-SP&quot;","block_context":{"text":"Vagas de Emprego em Ribeir\u00e3o Preto-SP","link":"https:\/\/ismaelcolosi.com.br\/index.php\/category\/empregos-classificados-vagas-trabalho\/vagas-de-empregos-em-ribeirao-preto-regiao-brasil\/"},"img":{"alt_text":"","src":"https:\/\/i0.wp.com\/ismaelcolosi.com.br\/wp-content\/uploads\/2025\/02\/2023-03-15_13-45_bannerUrl.png?fit=1080%2C327&ssl=1&resize=350%2C200","width":350,"height":200,"srcset":"https:\/\/i0.wp.com\/ismaelcolosi.com.br\/wp-content\/uploads\/2025\/02\/2023-03-15_13-45_bannerUrl.png?fit=1080%2C327&ssl=1&resize=350%2C200 1x, https:\/\/i0.wp.com\/ismaelcolosi.com.br\/wp-content\/uploads\/2025\/02\/2023-03-15_13-45_bannerUrl.png?fit=1080%2C327&ssl=1&resize=525%2C300 1.5x, https:\/\/i0.wp.com\/ismaelcolosi.com.br\/wp-content\/uploads\/2025\/02\/2023-03-15_13-45_bannerUrl.png?fit=1080%2C327&ssl=1&resize=700%2C400 2x, https:\/\/i0.wp.com\/ismaelcolosi.com.br\/wp-content\/uploads\/2025\/02\/2023-03-15_13-45_bannerUrl.png?fit=1080%2C327&ssl=1&resize=1050%2C600 3x"},"classes":[]},{"id":76947,"url":"https:\/\/ismaelcolosi.com.br\/index.php\/2024\/11\/19\/vagas-de-empregos-na-microset-tecnologia-para-trabalhar-em-ribeirao-preto-sp-18\/","url_meta":{"origin":59312,"position":3},"title":"Vagas de empregos na Microset Tecnologia  para trabalhar em Ribeir\u00e3o Preto-SP","author":"ismaelcolosi.com.br","date":"19 de November de 2024","format":false,"excerpt":"Assistente de Service Desk lRibeir\u00e3o Preto - SPEfetivo Auxiliar Administrativo Ribeir\u00e3o Preto - SPEfetivo Auxiliar T\u00e9cnico de RedesRibeir\u00e3o Preto - SPEfetivo Microset Tecnologia Assistente de Service Desk lRibeir\u00e3o Preto - SPEfetivo V\u00eddeos","rel":"","context":"In &quot;Vagas de Emprego em Ribeir\u00e3o Preto-SP&quot;","block_context":{"text":"Vagas de Emprego em Ribeir\u00e3o Preto-SP","link":"https:\/\/ismaelcolosi.com.br\/index.php\/category\/empregos-classificados-vagas-trabalho\/vagas-de-empregos-em-ribeirao-preto-regiao-brasil\/"},"img":{"alt_text":"","src":"https:\/\/i0.wp.com\/ismaelcolosi.com.br\/wp-content\/uploads\/2024\/11\/1732047822_2023-03-15_13-45_bannerUrl.png?fit=1080%2C327&ssl=1&resize=350%2C200","width":350,"height":200,"srcset":"https:\/\/i0.wp.com\/ismaelcolosi.com.br\/wp-content\/uploads\/2024\/11\/1732047822_2023-03-15_13-45_bannerUrl.png?fit=1080%2C327&ssl=1&resize=350%2C200 1x, https:\/\/i0.wp.com\/ismaelcolosi.com.br\/wp-content\/uploads\/2024\/11\/1732047822_2023-03-15_13-45_bannerUrl.png?fit=1080%2C327&ssl=1&resize=525%2C300 1.5x, https:\/\/i0.wp.com\/ismaelcolosi.com.br\/wp-content\/uploads\/2024\/11\/1732047822_2023-03-15_13-45_bannerUrl.png?fit=1080%2C327&ssl=1&resize=700%2C400 2x, https:\/\/i0.wp.com\/ismaelcolosi.com.br\/wp-content\/uploads\/2024\/11\/1732047822_2023-03-15_13-45_bannerUrl.png?fit=1080%2C327&ssl=1&resize=1050%2C600 3x"},"classes":[]},{"id":51227,"url":"https:\/\/ismaelcolosi.com.br\/index.php\/2024\/05\/24\/conselho-da-petrobras-aprova-magda-chambriard-como-ceo\/","url_meta":{"origin":59312,"position":4},"title":"Conselho da Petrobras aprova Magda Chambriard como CEO","author":"ismaelcolosi.com.br","date":"24 de May de 2024","format":false,"excerpt":"\u00a0 Acessibilidade L L A- A+ \u25d0 A Petrobras informou que seu conselho de administra\u00e7\u00e3o aprovou nesta sexta-feira (24) Magda Chambriard como nova presidente-executiva e conselheira da companhia. Segundo fato relevante, Chambriard tomou posse em ambos os cargos nesta sexta-feira e passou a integrar o conselho imediatamente, n\u00e3o sendo necess\u00e1ria\u2026","rel":"","context":"In &quot;Carreira e Sucesso&quot;","block_context":{"text":"Carreira e Sucesso","link":"https:\/\/ismaelcolosi.com.br\/index.php\/category\/carreira-e-sucesso-dicas-para-carreira\/"},"img":{"alt_text":"","src":"https:\/\/i0.wp.com\/ismaelcolosi.com.br\/wp-content\/uploads\/2024\/05\/Money_Magda-Chambriard_AgenciaBrasil-1024x683.jpg?fit=1024%2C683&ssl=1&resize=350%2C200","width":350,"height":200,"srcset":"https:\/\/i0.wp.com\/ismaelcolosi.com.br\/wp-content\/uploads\/2024\/05\/Money_Magda-Chambriard_AgenciaBrasil-1024x683.jpg?fit=1024%2C683&ssl=1&resize=350%2C200 1x, https:\/\/i0.wp.com\/ismaelcolosi.com.br\/wp-content\/uploads\/2024\/05\/Money_Magda-Chambriard_AgenciaBrasil-1024x683.jpg?fit=1024%2C683&ssl=1&resize=525%2C300 1.5x, https:\/\/i0.wp.com\/ismaelcolosi.com.br\/wp-content\/uploads\/2024\/05\/Money_Magda-Chambriard_AgenciaBrasil-1024x683.jpg?fit=1024%2C683&ssl=1&resize=700%2C400 2x"},"classes":[]},{"id":55226,"url":"https:\/\/ismaelcolosi.com.br\/index.php\/2024\/07\/01\/conselheira-da-vale-vera-marie-inkster-renuncia-ao-cargo\/","url_meta":{"origin":59312,"position":5},"title":"Conselheira da Vale Vera Marie Inkster renuncia ao cargo","author":"ismaelcolosi.com.br","date":"1 de July de 2024","format":false,"excerpt":"A mineradora Vale informou ao mercado em nota que Vera Marie Inkster apresentou sua ren\u00fancia ao cargo de membro do conselho de administra\u00e7\u00e3o da companhia nesta segunda-feira. Acessibilidade L L A- A+ \u25d0 Diante disso, a companhia afirmou que o colegiado \u201cest\u00e1 trabalhando em sua recomposi\u00e7\u00e3o e que, em momento\u2026","rel":"","context":"In &quot;Carreira e Sucesso&quot;","block_context":{"text":"Carreira e Sucesso","link":"https:\/\/ismaelcolosi.com.br\/index.php\/category\/carreira-e-sucesso-dicas-para-carreira\/"},"img":{"alt_text":"","src":"https:\/\/i0.wp.com\/ismaelcolosi.com.br\/wp-content\/uploads\/2024\/07\/Totem-com-logo-da-Vale-Foto-Washington-Alves-Reuters-1024x683.png?fit=1024%2C683&ssl=1&resize=350%2C200","width":350,"height":200,"srcset":"https:\/\/i0.wp.com\/ismaelcolosi.com.br\/wp-content\/uploads\/2024\/07\/Totem-com-logo-da-Vale-Foto-Washington-Alves-Reuters-1024x683.png?fit=1024%2C683&ssl=1&resize=350%2C200 1x, https:\/\/i0.wp.com\/ismaelcolosi.com.br\/wp-content\/uploads\/2024\/07\/Totem-com-logo-da-Vale-Foto-Washington-Alves-Reuters-1024x683.png?fit=1024%2C683&ssl=1&resize=525%2C300 1.5x, https:\/\/i0.wp.com\/ismaelcolosi.com.br\/wp-content\/uploads\/2024\/07\/Totem-com-logo-da-Vale-Foto-Washington-Alves-Reuters-1024x683.png?fit=1024%2C683&ssl=1&resize=700%2C400 2x"},"classes":[]}],"jetpack_sharing_enabled":true,"jetpack_shortlink":"https:\/\/wp.me\/pfMlyK-fqE","_links":{"self":[{"href":"https:\/\/ismaelcolosi.com.br\/index.php\/wp-json\/wp\/v2\/posts\/59312","targetHints":{"allow":["GET"]}}],"collection":[{"href":"https:\/\/ismaelcolosi.com.br\/index.php\/wp-json\/wp\/v2\/posts"}],"about":[{"href":"https:\/\/ismaelcolosi.com.br\/index.php\/wp-json\/wp\/v2\/types\/post"}],"author":[{"embeddable":true,"href":"https:\/\/ismaelcolosi.com.br\/index.php\/wp-json\/wp\/v2\/users\/1"}],"replies":[{"embeddable":true,"href":"https:\/\/ismaelcolosi.com.br\/index.php\/wp-json\/wp\/v2\/comments?post=59312"}],"version-history":[{"count":0,"href":"https:\/\/ismaelcolosi.com.br\/index.php\/wp-json\/wp\/v2\/posts\/59312\/revisions"}],"wp:featuredmedia":[{"embeddable":true,"href":"https:\/\/ismaelcolosi.com.br\/index.php\/wp-json\/wp\/v2\/media\/59313"}],"wp:attachment":[{"href":"https:\/\/ismaelcolosi.com.br\/index.php\/wp-json\/wp\/v2\/media?parent=59312"}],"wp:term":[{"taxonomy":"category","embeddable":true,"href":"https:\/\/ismaelcolosi.com.br\/index.php\/wp-json\/wp\/v2\/categories?post=59312"},{"taxonomy":"post_tag","embeddable":true,"href":"https:\/\/ismaelcolosi.com.br\/index.php\/wp-json\/wp\/v2\/tags?post=59312"}],"curies":[{"name":"wp","href":"https:\/\/api.w.org\/{rel}","templated":true}]}}