{"id":59311,"date":"2024-08-07T15:44:19","date_gmt":"2024-08-07T18:44:19","guid":{"rendered":"https:\/\/ismaelcolosi.com.br\/index.php\/2024\/08\/07\/tudo-sobre-a-onda-de-frio-que-vai-atingir-o-interior-de-sp-nos-proximos-dias\/"},"modified":"2024-08-07T15:44:19","modified_gmt":"2024-08-07T18:44:19","slug":"tudo-sobre-a-onda-de-frio-que-vai-atingir-o-interior-de-sp-nos-proximos-dias","status":"publish","type":"post","link":"https:\/\/ismaelcolosi.com.br\/index.php\/2024\/08\/07\/tudo-sobre-a-onda-de-frio-que-vai-atingir-o-interior-de-sp-nos-proximos-dias\/","title":{"rendered":"Tudo sobre a onda de frio que vai atingir o interior de SP nos pr\u00f3ximos dias"},"content":{"rendered":"<p> <br \/>\n<\/p>\n<div data-td-block-uid=\"tdi_106\">\n<div class=\"tdb-block-inner td-fix-index\">\n<p>Uma <strong>forte frente fria<\/strong> come\u00e7ou a se formar no Sul do Brasil nesta quarta-feira (7) e vai <strong>avan\u00e7ar em dire\u00e7\u00e3o ao Sudeste na quinta-feira (8)<\/strong>, de acordo com os meteorologistas.<\/p>\n<p>O deslocamento desse sistema ser\u00e1 capaz<strong> mudar o tempo em todo o Estado de S\u00e3o Paulo, inclusive no interior paulista<\/strong>, aumentando a <strong>intensidade dos ventos<\/strong> e at\u00e9 <strong>provocando chuva em algumas regi\u00f5es<\/strong>.<\/p>\n<p>\u201cOs ventos aumentam nesta quinta em todas as \u00e1reas do estado de S\u00e3o Paulo, conforme o sistema se desloca. S\u00e3o previstas rajadas em torno de 40 a 50 km\/h no norte e noroeste de S\u00e3o Paulo e ventos de 51 a 70 km\/h entre capital e o litoral\u201d, diz a <a href=\"https:\/\/www.climatempo.com.br\/\"><strong>Climatempo<\/strong><\/a>.<\/p>\n<h3 class=\"wp-block-heading\"><strong>Como a frente fria vai atuar no interior de SP?<\/strong><\/h3>\n<p>Conforme o servi\u00e7o de meteorologia, a chegada dessa frente fria vai<strong><mark style=\"background-color:#fcb900\" class=\"has-inline-color\"> diminuir o calor\u00e3o no interior de S\u00e3o Paulo<\/mark><\/strong>. A partir de sexta-feira (9), a previs\u00e3o \u00e9 sol entre nuvens e com chance de chuva, <strong>trazendo um al\u00edvio para o ar seco<\/strong>.<\/p>\n<figure class=\"wp-block-pullquote\">\n<blockquote>\n<p>Teremos um dia de sol entre nuvens e com chance de chuva mais irregular entre oeste, noroeste e norte paulista, trazendo um al\u00edvio para o ar seco em cidades como <strong>Jales<\/strong>, <strong>S\u00e3o Jos\u00e9 do Rio Preto<\/strong>, <strong>Barretos <\/strong>e <strong>Ribeir\u00e3o Preto<\/strong><\/p>\n<p><cite>explica o servi\u00e7o de meteorologia<\/cite><\/p><\/blockquote>\n<\/figure>\n<p>No final de semana <strong>a condi\u00e7\u00e3o para chuva diminui em todo o estado<\/strong>, contudo, \u201ca entrada do ar polar as m\u00ednimas ficam bem baixas e h\u00e1 possibilidade de geada pontual em cidades do extremo sul e oeste paulista.\u201d<\/p>\n<p>As tardes devem voltar a ficar mais ensolaradas, no entanto, <strong>a sensa\u00e7\u00e3o de frio continua<\/strong>, tanto no s\u00e1bado (10) quanto no domingo (11). <strong><mark style=\"background-color:#fcb900\" class=\"has-inline-color\">A previs\u00e3o \u00e9 de que as temperaturas fiquem mais baixas at\u00e9 o dia 14 de agosto.<\/mark><\/strong><\/p>\n<h4 class=\"wp-block-heading\"><strong>Veja a previs\u00e3o para Ribeir\u00e3o Preto<\/strong><\/h4>\n<ul>\n<li><strong>Quinta-feira (8): <\/strong>Sol com algumas nuvens. N\u00e3o chove. M\u00ednima de 18\u00baC e m\u00e1xima de 34\u00baC;<\/li>\n<\/ul>\n<ul>\n<li><strong>Sexta-feira (9):<\/strong> Sol com muitas nuvens. Pancadas de chuva \u00e0 tarde e \u00e0 noite. M\u00ednima de 16\u00baC e m\u00e1xima de 7\u00baC;<\/li>\n<\/ul>\n<ul>\n<li><strong>S\u00e1bado (10): <\/strong>Sol o dia todo sem nuvens no c\u00e9u. Noite de tempo aberto ainda sem nuvens. M\u00ednima de 12\u00baC e m\u00e1xima de 23\u00baC;<\/li>\n<\/ul>\n<ul>\n<li><strong>Domingo (11):<\/strong> Sol com algumas nuvens. N\u00e3o chove. M\u00ednima de 9\u00baC e m\u00e1xima de 27\u00baC.<\/li>\n<\/ul>\n<hr class=\"wp-block-separator has-alpha-channel-opacity\"\/>\n<p>SAIBA MAIS<\/p>\n<p>Veja quais s\u00e3o os sintomas da Febre Oropouche; SP tem cinco casos confirmados<\/p>\n<h4 class=\"wp-block-heading\"><strong>FIQUE ON<\/strong><\/h4>\n<p>Fique ligado em tudo que acontece em Ribeir\u00e3o Preto e regi\u00e3o. Siga os perfis do\u00a0<strong>acidade on\u00a0<\/strong>no\u00a0<a href=\"https:\/\/www.instagram.com\/acidadeonribeirao\" target=\"_blank\" rel=\"noreferrer noopener\">Instagram<\/a>\u00a0e no\u00a0<a href=\"https:\/\/www.facebook.com\/acidadeonribeirao\" target=\"_blank\" rel=\"noreferrer noopener\">Facebook<\/a>.<\/p>\n<p>Receba not\u00edcias do acidade on no WhatsApp. Para entrar no grupo, basta\u00a0<a href=\"https:\/\/chat.whatsapp.com\/Dtv9mxhy6V5BJBotM2OQ5k\" target=\"_blank\" rel=\"noreferrer noopener\">clicar aqui<\/a>.<\/p>\n<p>Fa\u00e7a uma den\u00fancia ou sugira uma reportagem sobre Ribeir\u00e3o Preto e regi\u00e3o pelo WhatsApp: 16 99117 7802.<\/p>\n<p>VEJA TAMB\u00c9M<\/p>\n<p>O que aconteceu na cabe\u00e7a de Alison dos Santos?<\/p>\n<p><!-- CONTENT END 1 -->\n<\/div>\n<\/div>\n<p><script async src=\"\/\/www.instagram.com\/embed.js\"><\/script><br \/>\n<br \/><br \/>\n<br \/><a href=\"https:\/\/www.acidadeon.com\/ribeiraopreto\/cotidiano\/tudo-sobre-a-onda-de-frio-que-vai-atingir-o-interior-de-sp-nos-proximos-dias\/\">Source link <\/a><\/p>\n","protected":false},"excerpt":{"rendered":"<p>Uma forte frente fria come\u00e7ou a se formar no Sul do Brasil nesta quarta-feira (7) e vai avan\u00e7ar em dire\u00e7\u00e3o ao Sudeste na quinta-feira (8),&#8230;<\/p>\n","protected":false},"author":1,"featured_media":56012,"comment_status":"open","ping_status":"open","sticky":false,"template":"","format":"standard","meta":{"_uag_custom_page_level_css":"","advanced_seo_description":"","jetpack_seo_html_title":"","jetpack_seo_noindex":false,"jetpack_post_was_ever_published":false,"_jetpack_newsletter_access":"","_jetpack_dont_email_post_to_subs":false,"_jetpack_newsletter_tier_id":0,"_jetpack_memberships_contains_paywalled_content":false,"_jetpack_memberships_contains_paid_content":false,"footnotes":"","jetpack_publicize_message":"","jetpack_publicize_feature_enabled":true,"jetpack_social_post_already_shared":true,"jetpack_social_options":{"image_generator_settings":{"template":"highway","default_image_id":0,"font":"","enabled":false},"version":2}},"categories":[11],"tags":[],"class_list":["post-59311","post","type-post","status-publish","format-standard","has-post-thumbnail","hentry","category-noticias-de-ribeirao-preto-sp-e-regiao-ismael-colosi"],"jetpack_publicize_connections":[],"jetpack_featured_media_url":"https:\/\/i0.wp.com\/ismaelcolosi.com.br\/wp-content\/uploads\/2024\/07\/frio-df_mcamgo_abr_110820221818-4_2024-07-08_17-50-52_jpg_2024-07-08_17-50-54-scaled.webp.webp?fit=2560%2C1707&ssl=1","uagb_featured_image_src":{"full":["https:\/\/i0.wp.com\/ismaelcolosi.com.br\/wp-content\/uploads\/2024\/07\/frio-df_mcamgo_abr_110820221818-4_2024-07-08_17-50-52_jpg_2024-07-08_17-50-54-scaled.webp.webp?fit=2560%2C1707&ssl=1",2560,1707,false],"thumbnail":["https:\/\/i0.wp.com\/ismaelcolosi.com.br\/wp-content\/uploads\/2024\/07\/frio-df_mcamgo_abr_110820221818-4_2024-07-08_17-50-52_jpg_2024-07-08_17-50-54-scaled.webp.webp?resize=150%2C150&ssl=1",150,150,true],"medium":["https:\/\/i0.wp.com\/ismaelcolosi.com.br\/wp-content\/uploads\/2024\/07\/frio-df_mcamgo_abr_110820221818-4_2024-07-08_17-50-52_jpg_2024-07-08_17-50-54-scaled.webp.webp?fit=300%2C200&ssl=1",300,200,true],"medium_large":["https:\/\/i0.wp.com\/ismaelcolosi.com.br\/wp-content\/uploads\/2024\/07\/frio-df_mcamgo_abr_110820221818-4_2024-07-08_17-50-52_jpg_2024-07-08_17-50-54-scaled.webp.webp?fit=768%2C512&ssl=1",768,512,true],"large":["https:\/\/i0.wp.com\/ismaelcolosi.com.br\/wp-content\/uploads\/2024\/07\/frio-df_mcamgo_abr_110820221818-4_2024-07-08_17-50-52_jpg_2024-07-08_17-50-54-scaled.webp.webp?fit=1024%2C683&ssl=1",1024,683,true],"1536x1536":["https:\/\/i0.wp.com\/ismaelcolosi.com.br\/wp-content\/uploads\/2024\/07\/frio-df_mcamgo_abr_110820221818-4_2024-07-08_17-50-52_jpg_2024-07-08_17-50-54-scaled.webp.webp?fit=1536%2C1024&ssl=1",1536,1024,true],"2048x2048":["https:\/\/i0.wp.com\/ismaelcolosi.com.br\/wp-content\/uploads\/2024\/07\/frio-df_mcamgo_abr_110820221818-4_2024-07-08_17-50-52_jpg_2024-07-08_17-50-54-scaled.webp.webp?fit=2048%2C1366&ssl=1",2048,1366,true],"really-simple-thumb":["https:\/\/i0.wp.com\/ismaelcolosi.com.br\/wp-content\/uploads\/2024\/07\/frio-df_mcamgo_abr_110820221818-4_2024-07-08_17-50-52_jpg_2024-07-08_17-50-54-scaled.webp.webp?resize=370%2C247&ssl=1",370,247,true]},"uagb_author_info":{"display_name":"ismaelcolosi.com.br","author_link":"https:\/\/ismaelcolosi.com.br\/index.php\/author\/vidareal-online\/"},"uagb_comment_info":0,"uagb_excerpt":"Uma forte frente fria come\u00e7ou a se formar no Sul do Brasil nesta quarta-feira (7) e vai avan\u00e7ar em dire\u00e7\u00e3o ao Sudeste na quinta-feira (8),...","jetpack-related-posts":[{"id":68933,"url":"https:\/\/ismaelcolosi.com.br\/index.php\/2024\/10\/02\/primeira-frente-fria-de-outubro-se-aproxima-do-interior-de-sp-com-chuva-e-ventos-intensos\/","url_meta":{"origin":59311,"position":0},"title":"Primeira frente fria de outubro se aproxima do interior de SP com chuva e ventos intensos","author":"ismaelcolosi.com.br","date":"2 de October de 2024","format":false,"excerpt":"A frente fria que se desloca pelo Brasil nesta quarta-feira (2) marca a entrada do primeiro sistema frontal significativo de outubro, trazendo instabilidades e mudan\u00e7as clim\u00e1ticas para amplas \u00e1reas do Pa\u00eds, principal para os estados da regi\u00e3o Sul, Mato Grosso do Sul e S\u00e3o Paulo, que podem registrar chuva e\u2026","rel":"","context":"In &quot;Not\u00edcias de Ribeir\u00e3o Preto-SP e Regi\u00e3o&quot;","block_context":{"text":"Not\u00edcias de Ribeir\u00e3o Preto-SP e Regi\u00e3o","link":"https:\/\/ismaelcolosi.com.br\/index.php\/category\/noticias-de-ribeirao-preto-sp-e-regiao-ismael-colosi\/"},"img":{"alt_text":"","src":"https:\/\/i0.wp.com\/ismaelcolosi.com.br\/wp-content\/uploads\/2024\/05\/AnyConv.com__frente-fria.webp.webp?fit=1200%2C628&ssl=1&resize=350%2C200","width":350,"height":200,"srcset":"https:\/\/i0.wp.com\/ismaelcolosi.com.br\/wp-content\/uploads\/2024\/05\/AnyConv.com__frente-fria.webp.webp?fit=1200%2C628&ssl=1&resize=350%2C200 1x, https:\/\/i0.wp.com\/ismaelcolosi.com.br\/wp-content\/uploads\/2024\/05\/AnyConv.com__frente-fria.webp.webp?fit=1200%2C628&ssl=1&resize=525%2C300 1.5x, https:\/\/i0.wp.com\/ismaelcolosi.com.br\/wp-content\/uploads\/2024\/05\/AnyConv.com__frente-fria.webp.webp?fit=1200%2C628&ssl=1&resize=700%2C400 2x, https:\/\/i0.wp.com\/ismaelcolosi.com.br\/wp-content\/uploads\/2024\/05\/AnyConv.com__frente-fria.webp.webp?fit=1200%2C628&ssl=1&resize=1050%2C600 3x"},"classes":[]},{"id":72714,"url":"https:\/\/ismaelcolosi.com.br\/index.php\/2024\/10\/23\/frente-fria-aumenta-risco-de-temporais-no-estado-de-sp-veja-previsao\/","url_meta":{"origin":59311,"position":1},"title":"Frente fria aumenta risco de temporais no estado de SP; Veja previs\u00e3o","author":"ismaelcolosi.com.br","date":"23 de October de 2024","format":false,"excerpt":"O risco de temporais aumenta nesta quarta-feira (23), no estado de S\u00e3o Paulo. Segundo a Climatempo, h\u00e1 alerta para as regi\u00f5es Centro-Sul e Leste do estado. J\u00e1 nas regi\u00f5es do Centro-Norte, Noroeste e Oeste podem ocorrer pancadas fortes com raios e ventos entre 51 km\/h a 70 km\/h. \u201cA passagem\u2026","rel":"","context":"In &quot;Not\u00edcias de Ribeir\u00e3o Preto-SP e Regi\u00e3o&quot;","block_context":{"text":"Not\u00edcias de Ribeir\u00e3o Preto-SP e Regi\u00e3o","link":"https:\/\/ismaelcolosi.com.br\/index.php\/category\/noticias-de-ribeirao-preto-sp-e-regiao-ismael-colosi\/"},"img":{"alt_text":"","src":"https:\/\/i0.wp.com\/ismaelcolosi.com.br\/wp-content\/uploads\/2024\/07\/RIBEIRAO-PRETO_2024-07-29_16-25-16_jpg_2024-07-29_16-25-17.webp.webp?fit=1200%2C679&ssl=1&resize=350%2C200","width":350,"height":200,"srcset":"https:\/\/i0.wp.com\/ismaelcolosi.com.br\/wp-content\/uploads\/2024\/07\/RIBEIRAO-PRETO_2024-07-29_16-25-16_jpg_2024-07-29_16-25-17.webp.webp?fit=1200%2C679&ssl=1&resize=350%2C200 1x, https:\/\/i0.wp.com\/ismaelcolosi.com.br\/wp-content\/uploads\/2024\/07\/RIBEIRAO-PRETO_2024-07-29_16-25-16_jpg_2024-07-29_16-25-17.webp.webp?fit=1200%2C679&ssl=1&resize=525%2C300 1.5x, https:\/\/i0.wp.com\/ismaelcolosi.com.br\/wp-content\/uploads\/2024\/07\/RIBEIRAO-PRETO_2024-07-29_16-25-16_jpg_2024-07-29_16-25-17.webp.webp?fit=1200%2C679&ssl=1&resize=700%2C400 2x, https:\/\/i0.wp.com\/ismaelcolosi.com.br\/wp-content\/uploads\/2024\/07\/RIBEIRAO-PRETO_2024-07-29_16-25-16_jpg_2024-07-29_16-25-17.webp.webp?fit=1200%2C679&ssl=1&resize=1050%2C600 3x"},"classes":[]},{"id":72942,"url":"https:\/\/ismaelcolosi.com.br\/index.php\/2024\/10\/24\/ciclone-e-frente-fria-deixam-estado-de-sp-em-alerta-para-tempestades\/","url_meta":{"origin":59311,"position":2},"title":"Ciclone e frente fria deixam estado de SP em alerta para tempestades","author":"ismaelcolosi.com.br","date":"24 de October de 2024","format":false,"excerpt":"O Inmet (Instituto Nacional de Meteorologia) emitiu dois novos alertas para tempestade no estado de S\u00e3o Paulo. Segundo a Climatempo, nesta quinta-feira (24), uma\u00a0frente fria associada a um ciclone extratropical\u00a0dever\u00e1 favorecer a intensifica\u00e7\u00e3o da chuva e dos ventos nas regi\u00f5es\u00a0Sul, Sudeste e Centro-Oeste.\u00a0 Os avisos do Inmet s\u00e3o divididos em\u2026","rel":"","context":"In &quot;Not\u00edcias de Ribeir\u00e3o Preto-SP e Regi\u00e3o&quot;","block_context":{"text":"Not\u00edcias de Ribeir\u00e3o Preto-SP e Regi\u00e3o","link":"https:\/\/ismaelcolosi.com.br\/index.php\/category\/noticias-de-ribeirao-preto-sp-e-regiao-ismael-colosi\/"},"img":{"alt_text":"","src":"https:\/\/i0.wp.com\/ismaelcolosi.com.br\/wp-content\/uploads\/2024\/10\/WhatsApp-Image-2024-10-11-at-06.55.12_2024-10-11_09-56-34_jpeg_2024-10-11_09-56-35.webp.webp?fit=1200%2C540&ssl=1&resize=350%2C200","width":350,"height":200,"srcset":"https:\/\/i0.wp.com\/ismaelcolosi.com.br\/wp-content\/uploads\/2024\/10\/WhatsApp-Image-2024-10-11-at-06.55.12_2024-10-11_09-56-34_jpeg_2024-10-11_09-56-35.webp.webp?fit=1200%2C540&ssl=1&resize=350%2C200 1x, https:\/\/i0.wp.com\/ismaelcolosi.com.br\/wp-content\/uploads\/2024\/10\/WhatsApp-Image-2024-10-11-at-06.55.12_2024-10-11_09-56-34_jpeg_2024-10-11_09-56-35.webp.webp?fit=1200%2C540&ssl=1&resize=525%2C300 1.5x, https:\/\/i0.wp.com\/ismaelcolosi.com.br\/wp-content\/uploads\/2024\/10\/WhatsApp-Image-2024-10-11-at-06.55.12_2024-10-11_09-56-34_jpeg_2024-10-11_09-56-35.webp.webp?fit=1200%2C540&ssl=1&resize=700%2C400 2x, https:\/\/i0.wp.com\/ismaelcolosi.com.br\/wp-content\/uploads\/2024\/10\/WhatsApp-Image-2024-10-11-at-06.55.12_2024-10-11_09-56-34_jpeg_2024-10-11_09-56-35.webp.webp?fit=1200%2C540&ssl=1&resize=1050%2C600 3x"},"classes":[]},{"id":63971,"url":"https:\/\/ismaelcolosi.com.br\/index.php\/2024\/09\/04\/interior-de-sp-pode-registrar-ventos-de-ate-50-km-h-veja-quando\/","url_meta":{"origin":59311,"position":3},"title":"Interior de SP pode registrar ventos de at\u00e9 50 km\/h; Veja quando","author":"ismaelcolosi.com.br","date":"4 de September de 2024","format":false,"excerpt":"Uma nova frente fria deve chegar nesta semana e mudar o tempo em algumas cidades do interior de S\u00e3o Paulo, da capital e litoral paulista, de acordo com os meteorologistas. Por conta desse cen\u00e1rio, a Defesa Civil publicou um aviso para ventos fortes em todo o estado de S\u00e3o Paulo.\u2026","rel":"","context":"In &quot;Not\u00edcias de Ribeir\u00e3o Preto-SP e Regi\u00e3o&quot;","block_context":{"text":"Not\u00edcias de Ribeir\u00e3o Preto-SP e Regi\u00e3o","link":"https:\/\/ismaelcolosi.com.br\/index.php\/category\/noticias-de-ribeirao-preto-sp-e-regiao-ismael-colosi\/"},"img":{"alt_text":"","src":"https:\/\/i0.wp.com\/ismaelcolosi.com.br\/wp-content\/uploads\/2024\/06\/WhatsApp-Image-2024-06-05-at-08.22.06_2024-06-05_11-29-47_jpeg_2024-06-05_11-29-48.webp.webp?fit=1200%2C540&ssl=1&resize=350%2C200","width":350,"height":200,"srcset":"https:\/\/i0.wp.com\/ismaelcolosi.com.br\/wp-content\/uploads\/2024\/06\/WhatsApp-Image-2024-06-05-at-08.22.06_2024-06-05_11-29-47_jpeg_2024-06-05_11-29-48.webp.webp?fit=1200%2C540&ssl=1&resize=350%2C200 1x, https:\/\/i0.wp.com\/ismaelcolosi.com.br\/wp-content\/uploads\/2024\/06\/WhatsApp-Image-2024-06-05-at-08.22.06_2024-06-05_11-29-47_jpeg_2024-06-05_11-29-48.webp.webp?fit=1200%2C540&ssl=1&resize=525%2C300 1.5x, https:\/\/i0.wp.com\/ismaelcolosi.com.br\/wp-content\/uploads\/2024\/06\/WhatsApp-Image-2024-06-05-at-08.22.06_2024-06-05_11-29-47_jpeg_2024-06-05_11-29-48.webp.webp?fit=1200%2C540&ssl=1&resize=700%2C400 2x, https:\/\/i0.wp.com\/ismaelcolosi.com.br\/wp-content\/uploads\/2024\/06\/WhatsApp-Image-2024-06-05-at-08.22.06_2024-06-05_11-29-47_jpeg_2024-06-05_11-29-48.webp.webp?fit=1200%2C540&ssl=1&resize=1050%2C600 3x"},"classes":[]},{"id":50701,"url":"https:\/\/ismaelcolosi.com.br\/index.php\/2024\/05\/18\/veja-se-a-frente-fria-vai-se-aproximar-do-interior-de-sao-paulo\/","url_meta":{"origin":59311,"position":4},"title":"Veja se a frente fria vai se aproximar do interior de S\u00e3o Paulo","author":"ismaelcolosi.com.br","date":"18 de May de 2024","format":false,"excerpt":"O Inmet (Instituto Nacional de Meteorologia) acendeu alerta de chuvas intensas e temporais para a regi\u00e3o Sul do Brasil, em raz\u00e3o de uma nova frente fria que avan\u00e7a pela regi\u00e3o desde a sexta-feira (17). A frente fria se aproxima do interior de S\u00e3o Paulo, mas, por ora, s\u00f3 aumenta a\u2026","rel":"","context":"In &quot;Not\u00edcias de Ribeir\u00e3o Preto-SP e Regi\u00e3o&quot;","block_context":{"text":"Not\u00edcias de Ribeir\u00e3o Preto-SP e Regi\u00e3o","link":"https:\/\/ismaelcolosi.com.br\/index.php\/category\/noticias-de-ribeirao-preto-sp-e-regiao-ismael-colosi\/"},"img":{"alt_text":"","src":"https:\/\/i0.wp.com\/ismaelcolosi.com.br\/wp-content\/uploads\/2024\/05\/AnyConv.com__frente-fria.webp.webp?fit=1200%2C628&ssl=1&resize=350%2C200","width":350,"height":200,"srcset":"https:\/\/i0.wp.com\/ismaelcolosi.com.br\/wp-content\/uploads\/2024\/05\/AnyConv.com__frente-fria.webp.webp?fit=1200%2C628&ssl=1&resize=350%2C200 1x, https:\/\/i0.wp.com\/ismaelcolosi.com.br\/wp-content\/uploads\/2024\/05\/AnyConv.com__frente-fria.webp.webp?fit=1200%2C628&ssl=1&resize=525%2C300 1.5x, https:\/\/i0.wp.com\/ismaelcolosi.com.br\/wp-content\/uploads\/2024\/05\/AnyConv.com__frente-fria.webp.webp?fit=1200%2C628&ssl=1&resize=700%2C400 2x, https:\/\/i0.wp.com\/ismaelcolosi.com.br\/wp-content\/uploads\/2024\/05\/AnyConv.com__frente-fria.webp.webp?fit=1200%2C628&ssl=1&resize=1050%2C600 3x"},"classes":[]},{"id":65650,"url":"https:\/\/ismaelcolosi.com.br\/index.php\/2024\/09\/13\/interior-de-sp-deve-ter-virada-no-tempo-com-frente-fria-veja-previsao\/","url_meta":{"origin":59311,"position":5},"title":"Interior de SP deve ter virada no tempo com frente fria; Veja previs\u00e3o","author":"ismaelcolosi.com.br","date":"13 de September de 2024","format":false,"excerpt":"Uma virada de tempo est\u00e1 prevista para ocorrer entre domingo (15) e segunda-feira\u00a0(16) no interior de S\u00e3o Paulo, por causa da aproxima\u00e7\u00e3o de uma frente fria. Segundo a Climatempo, o avan\u00e7o deste sistema sobre a costa do estado paulista deve favorecer a invers\u00e3o dos ventos e impedir a eleva\u00e7\u00e3o das\u2026","rel":"","context":"In &quot;Not\u00edcias de Ribeir\u00e3o Preto-SP e Regi\u00e3o&quot;","block_context":{"text":"Not\u00edcias de Ribeir\u00e3o Preto-SP e Regi\u00e3o","link":"https:\/\/ismaelcolosi.com.br\/index.php\/category\/noticias-de-ribeirao-preto-sp-e-regiao-ismael-colosi\/"},"img":{"alt_text":"","src":"https:\/\/i0.wp.com\/ismaelcolosi.com.br\/wp-content\/uploads\/2024\/09\/WhatsApp-Image-2023-12-25-at-18.44.25.jpeg?fit=1200%2C553&ssl=1&resize=350%2C200","width":350,"height":200,"srcset":"https:\/\/i0.wp.com\/ismaelcolosi.com.br\/wp-content\/uploads\/2024\/09\/WhatsApp-Image-2023-12-25-at-18.44.25.jpeg?fit=1200%2C553&ssl=1&resize=350%2C200 1x, https:\/\/i0.wp.com\/ismaelcolosi.com.br\/wp-content\/uploads\/2024\/09\/WhatsApp-Image-2023-12-25-at-18.44.25.jpeg?fit=1200%2C553&ssl=1&resize=525%2C300 1.5x, https:\/\/i0.wp.com\/ismaelcolosi.com.br\/wp-content\/uploads\/2024\/09\/WhatsApp-Image-2023-12-25-at-18.44.25.jpeg?fit=1200%2C553&ssl=1&resize=700%2C400 2x, https:\/\/i0.wp.com\/ismaelcolosi.com.br\/wp-content\/uploads\/2024\/09\/WhatsApp-Image-2023-12-25-at-18.44.25.jpeg?fit=1200%2C553&ssl=1&resize=1050%2C600 3x"},"classes":[]}],"jetpack_sharing_enabled":true,"jetpack_shortlink":"https:\/\/wp.me\/pfMlyK-fqD","_links":{"self":[{"href":"https:\/\/ismaelcolosi.com.br\/index.php\/wp-json\/wp\/v2\/posts\/59311","targetHints":{"allow":["GET"]}}],"collection":[{"href":"https:\/\/ismaelcolosi.com.br\/index.php\/wp-json\/wp\/v2\/posts"}],"about":[{"href":"https:\/\/ismaelcolosi.com.br\/index.php\/wp-json\/wp\/v2\/types\/post"}],"author":[{"embeddable":true,"href":"https:\/\/ismaelcolosi.com.br\/index.php\/wp-json\/wp\/v2\/users\/1"}],"replies":[{"embeddable":true,"href":"https:\/\/ismaelcolosi.com.br\/index.php\/wp-json\/wp\/v2\/comments?post=59311"}],"version-history":[{"count":0,"href":"https:\/\/ismaelcolosi.com.br\/index.php\/wp-json\/wp\/v2\/posts\/59311\/revisions"}],"wp:featuredmedia":[{"embeddable":true,"href":"https:\/\/ismaelcolosi.com.br\/index.php\/wp-json\/wp\/v2\/media\/56012"}],"wp:attachment":[{"href":"https:\/\/ismaelcolosi.com.br\/index.php\/wp-json\/wp\/v2\/media?parent=59311"}],"wp:term":[{"taxonomy":"category","embeddable":true,"href":"https:\/\/ismaelcolosi.com.br\/index.php\/wp-json\/wp\/v2\/categories?post=59311"},{"taxonomy":"post_tag","embeddable":true,"href":"https:\/\/ismaelcolosi.com.br\/index.php\/wp-json\/wp\/v2\/tags?post=59311"}],"curies":[{"name":"wp","href":"https:\/\/api.w.org\/{rel}","templated":true}]}}