{"id":59307,"date":"2024-08-07T15:31:06","date_gmt":"2024-08-07T18:31:06","guid":{"rendered":"https:\/\/ismaelcolosi.com.br\/index.php\/2024\/08\/07\/novo-presidente-da-marca-e-ex-ceo-da-kraft-heinz\/"},"modified":"2024-08-07T15:31:06","modified_gmt":"2024-08-07T18:31:06","slug":"novo-presidente-da-marca-e-ex-ceo-da-kraft-heinz","status":"publish","type":"post","link":"https:\/\/ismaelcolosi.com.br\/index.php\/2024\/08\/07\/novo-presidente-da-marca-e-ex-ceo-da-kraft-heinz\/","title":{"rendered":"novo presidente da marca \u00e9 ex-CEO da Kraft Heinz"},"content":{"rendered":"<p> <br \/>\n<\/p>\n<div>\n<div id=\"attachment_626701\" class=\"wp-caption alignnone style=\" max-width:=\"\"><img data-recalc-dims=\"1\" fetchpriority=\"high\" decoding=\"async\" class=\"alignnone wp-image-626701 size-medium\" src=\"https:\/\/i0.wp.com\/forbes.com.br\/wp-content\/uploads\/2024\/08\/fernando-rosa-768x512.jpg?resize=678%2C452&#038;ssl=1\" alt=\"Fernando Rosa, presidente da Havaianas\" width=\"678\" height=\"452\"\/><\/p>\n<p>Reprodu\u00e7\u00e3o\/LinkedIn<\/p><div class='code-block code-block-8' style='margin: 8px auto; text-align: center; display: block; clear: both;'>\n<script>\n  atOptions = {\n    'key' : '66e2e2111ca34da796271819fc334058',\n    'format' : 'iframe',\n    'height' : 250,\n    'width' : 300,\n    'params' : {}\n  };\n<\/script>\n<script src=\"https:\/\/www.highperformanceformat.com\/66e2e2111ca34da796271819fc334058\/invoke.js\"><\/script>\n<\/div>\n\n<p class=\"wp-caption-text\">Antes da Havaianas, Fernando Rosa foi presidente da Kraft Heinz no Brasil por quase quatro anos<\/p>\n<\/div>\n<div class=\"accessibility\">\n<p>Acessibilidade<\/p>\n<p>\n<button onclick=\"alterFont1()\" id=\"btn1\" class=\"btn\">L<\/button><br \/>\n<button onclick=\"alterFont2()\" id=\"btn2\" class=\"btn\" style=\"font-family: Merriweather\">L<\/button><br \/>\n<button onclick=\"alterFontSmallerSize()\" id=\"btn3\" class=\"btn\">A-<\/button><br \/>\n<button onclick=\"alterFontBiggerSize()\" id=\"btn4\" class=\"btn\">A+<\/button><\/p>\n<p><button onclick=\"alterBackground()\" id=\"btn6\" class=\"btn\">\u25d0<\/button><\/p>\n<\/div>\n<p>A Alpargatas, propriet\u00e1ria da Havaianas, acaba de anunciar o novo l\u00edder da marca de cal\u00e7ados no Brasil. A partir de 16 de setembro, Fernando Rosa assume a presid\u00eancia e passa a fazer parte do Comit\u00ea Executivo Global da Alpargatas.<\/p>\n<p>O executivo era presidente da Kraft Heinz no Brasil desde 2020. Com mais de duas d\u00e9cadas de experi\u00eancia nas \u00e1reas de vendas, marketing e comercial, ele tamb\u00e9m atuou na Coca-Cola, BRF, PepsiCo e Danone.<\/p>\n<h2>Leia tamb\u00e9m<\/h2>\n<p>Na presid\u00eancia da Havaianas no Brasil, o profissional vai responder diretamente ao CEO do grupo, Liel Miranda. Respons\u00e1vel por liderar o crescimento sustent\u00e1vel da marca, ele deve auxiliar no desenvolvimento de novos mercados e categorias, principalmente masculino e kids.<\/p>\n<ul>\n<li>\n<h3>Siga a <a href=\"https:\/\/whatsapp.com\/channel\/0029Va9gQKwBFLgM96cJnu0u\" target=\"_blank\" rel=\"noopener\">Forbes<\/a> no WhatsApp e receba as principais not\u00edcias sobre neg\u00f3cios, carreira, tecnologia e estilo de vida<\/h3>\n<\/li>\n<\/ul>\n<p>Miranda foi eleito para o cargo pelo Conselho de Administra\u00e7\u00e3o da Alpargatas e anunciado pela empresa no final do ano passado. O executivo ocupava desde 2019 a posi\u00e7\u00e3o de presidente da unidade brasileira da Mondel\u0113z International, e tem passagem pela Souza Cruz.<\/p>\n<h2>Escolhas do editor<\/h2>\n<\/div>\n<p><script type=\"rocketlazyloadscript\">\n\t\t\t\t(function(d, s, id){\n\t\t\t\t\tvar js, fjs = d.getElementsByTagName(s)[0];\n\t\t\t\t\tif (d.getElementById(id)) return;\n\t\t\t\t\tjs = d.createElement(s); js.id = id;\n\t\t\t\t\tjs.src = \"\/\/connect.facebook.net\/pt_BR\/sdk.js#xfbml=1&version=v2.9\";\n\t\t\t\t\tfjs.parentNode.insertBefore(js, fjs);\n\t\t\t\t}(document, 'script', 'facebook-jssdk'));\n\t\t\t<\/script><br \/>\n<br \/><br \/>\n<br \/><a href=\"https:\/\/forbes.com.br\/carreira\/2024\/08\/ex-ceo-da-kraft-heinz-fernando-rosa-e-o-novo-presidente-da-havaianas\/\">Source link <\/a><\/p>\n<div class='code-block code-block-4' style='margin: 8px auto 8px 0; text-align: left; display: block; clear: both;'>\n\ud83d\udce2 Aviso Legal\n\nO site ismaelcolosi.com.br atua apenas como um canal de divulga\u00e7\u00e3o de oportunidades de emprego e n\u00e3o se responsabiliza pelo processo seletivo, contrata\u00e7\u00e3o ou qualquer outra etapa relacionada \u00e0s vagas publicadas. Todas as informa\u00e7\u00f5es s\u00e3o de responsabilidade dos anunciantes.\n\n\u26a0\ufe0f Aten\u00e7\u00e3o! Nunca pague por promessas de emprego nem compre cursos que garantam contrata\u00e7\u00e3o. Desconfie de qualquer cobran\u00e7a para participar de sele\u00e7\u00f5es.\n\n\n\n<\/div>\n<!-- CONTENT END 1 -->\n","protected":false},"excerpt":{"rendered":"<p>Reprodu\u00e7\u00e3o\/LinkedIn Antes da Havaianas, Fernando Rosa foi presidente da Kraft Heinz no Brasil por quase quatro anos Acessibilidade L L A- A+ \u25d0 A Alpargatas,&#8230;<\/p>\n","protected":false},"author":1,"featured_media":59308,"comment_status":"open","ping_status":"open","sticky":false,"template":"","format":"standard","meta":{"_uag_custom_page_level_css":"","advanced_seo_description":"","jetpack_seo_html_title":"","jetpack_seo_noindex":false,"jetpack_post_was_ever_published":false,"_jetpack_newsletter_access":"","_jetpack_dont_email_post_to_subs":false,"_jetpack_newsletter_tier_id":0,"_jetpack_memberships_contains_paywalled_content":false,"_jetpack_memberships_contains_paid_content":false,"footnotes":"","jetpack_publicize_message":"","jetpack_publicize_feature_enabled":true,"jetpack_social_post_already_shared":true,"jetpack_social_options":{"image_generator_settings":{"template":"highway","default_image_id":0,"font":"","enabled":false},"version":2}},"categories":[1964],"tags":[],"class_list":["post-59307","post","type-post","status-publish","format-standard","has-post-thumbnail","hentry","category-carreira-e-sucesso-dicas-para-carreira"],"jetpack_publicize_connections":[],"jetpack_featured_media_url":"https:\/\/i0.wp.com\/ismaelcolosi.com.br\/wp-content\/uploads\/2024\/08\/fernando-rosa-1024x683.jpg?fit=1024%2C683&ssl=1","uagb_featured_image_src":{"full":["https:\/\/i0.wp.com\/ismaelcolosi.com.br\/wp-content\/uploads\/2024\/08\/fernando-rosa-1024x683.jpg?fit=1024%2C683&ssl=1",1024,683,false],"thumbnail":["https:\/\/i0.wp.com\/ismaelcolosi.com.br\/wp-content\/uploads\/2024\/08\/fernando-rosa-1024x683.jpg?resize=150%2C150&ssl=1",150,150,true],"medium":["https:\/\/i0.wp.com\/ismaelcolosi.com.br\/wp-content\/uploads\/2024\/08\/fernando-rosa-1024x683.jpg?fit=300%2C200&ssl=1",300,200,true],"medium_large":["https:\/\/i0.wp.com\/ismaelcolosi.com.br\/wp-content\/uploads\/2024\/08\/fernando-rosa-1024x683.jpg?fit=768%2C512&ssl=1",768,512,true],"large":["https:\/\/i0.wp.com\/ismaelcolosi.com.br\/wp-content\/uploads\/2024\/08\/fernando-rosa-1024x683.jpg?fit=1024%2C683&ssl=1",1024,683,true],"1536x1536":["https:\/\/i0.wp.com\/ismaelcolosi.com.br\/wp-content\/uploads\/2024\/08\/fernando-rosa-1024x683.jpg?fit=1024%2C683&ssl=1",1024,683,true],"2048x2048":["https:\/\/i0.wp.com\/ismaelcolosi.com.br\/wp-content\/uploads\/2024\/08\/fernando-rosa-1024x683.jpg?fit=1024%2C683&ssl=1",1024,683,true],"really-simple-thumb":["https:\/\/i0.wp.com\/ismaelcolosi.com.br\/wp-content\/uploads\/2024\/08\/fernando-rosa-1024x683.jpg?resize=370%2C247&ssl=1",370,247,true]},"uagb_author_info":{"display_name":"ismaelcolosi.com.br","author_link":"https:\/\/ismaelcolosi.com.br\/index.php\/author\/vidareal-online\/"},"uagb_comment_info":0,"uagb_excerpt":"Reprodu\u00e7\u00e3o\/LinkedIn Antes da Havaianas, Fernando Rosa foi presidente da Kraft Heinz no Brasil por quase quatro anos Acessibilidade L L A- A+ \u25d0 A Alpargatas,...","jetpack-related-posts":[{"id":86380,"url":"https:\/\/ismaelcolosi.com.br\/index.php\/2025\/06\/27\/cecilia-preto-alexandre-ex-heineken-e-kraft-heinz-e-a-nova-cmo-da-ca\/","url_meta":{"origin":59307,"position":0},"title":"Cec\u00edlia Preto Alexandre, Ex-Heineken e Kraft Heinz, \u00c9 a Nova CMO da C&#038;A","author":"ismaelcolosi.com.br","date":"27 de June de 2025","format":false,"excerpt":"\r \r \r \r Executiva com 25 anos de carreira no marketing tamb\u00e9m acumula passagens por BRF, Ambev e Mondel\u0113z \r \r \r \r \r Cec\u00edlia Preto Alexandre assume o marketing da C&A com o objetivo de fortalecer o relacionamento da marca com os consumidores\r Acessibilidade \r L\r L\r A-\r\u2026","rel":"","context":"In &quot;Carreira e Sucesso&quot;","block_context":{"text":"Carreira e Sucesso","link":"https:\/\/ismaelcolosi.com.br\/index.php\/category\/carreira-e-sucesso-dicas-para-carreira\/"},"img":{"alt_text":"","src":"https:\/\/i0.wp.com\/ismaelcolosi.com.br\/wp-content\/uploads\/2025\/06\/mulher-cecilia-preto-alexandre-cea-1200x675.jpg?fit=1200%2C675&ssl=1&resize=350%2C200","width":350,"height":200,"srcset":"https:\/\/i0.wp.com\/ismaelcolosi.com.br\/wp-content\/uploads\/2025\/06\/mulher-cecilia-preto-alexandre-cea-1200x675.jpg?fit=1200%2C675&ssl=1&resize=350%2C200 1x, https:\/\/i0.wp.com\/ismaelcolosi.com.br\/wp-content\/uploads\/2025\/06\/mulher-cecilia-preto-alexandre-cea-1200x675.jpg?fit=1200%2C675&ssl=1&resize=525%2C300 1.5x, https:\/\/i0.wp.com\/ismaelcolosi.com.br\/wp-content\/uploads\/2025\/06\/mulher-cecilia-preto-alexandre-cea-1200x675.jpg?fit=1200%2C675&ssl=1&resize=700%2C400 2x, https:\/\/i0.wp.com\/ismaelcolosi.com.br\/wp-content\/uploads\/2025\/06\/mulher-cecilia-preto-alexandre-cea-1200x675.jpg?fit=1200%2C675&ssl=1&resize=1050%2C600 3x"},"classes":[]},{"id":34058,"url":"https:\/\/ismaelcolosi.com.br\/index.php\/2024\/01\/31\/ana-bogus-assume-presidencia-da-nivea-no-brasil\/","url_meta":{"origin":59307,"position":1},"title":"Ana B\u00f3gus assume presid\u00eancia da Nivea no Brasil","author":"ismaelcolosi.com.br","date":"31 de January de 2024","format":false,"excerpt":"Ana B\u00f3gus chega \u00e0 Nivea em meio a um movimento para trazer mais lideran\u00e7as femininas A marca de cosm\u00e9ticos Nivea anunciou nesta quarta-feira (31) a administradora Ana B\u00f3gus como nova presidente da sua opera\u00e7\u00e3o no Brasil. B\u00f3gus deixou a lideran\u00e7a da Havaianas na Am\u00e9rica Latina, empresa em que passou os\u2026","rel":"","context":"In &quot;Carreira e Sucesso&quot;","block_context":{"text":"Carreira e Sucesso","link":"https:\/\/ismaelcolosi.com.br\/index.php\/category\/carreira-e-sucesso-dicas-para-carreira\/"},"img":{"alt_text":"","src":"https:\/\/i0.wp.com\/ismaelcolosi.com.br\/wp-content\/uploads\/2024\/01\/mulher-ana-bogus-nivea-1024x683.jpg?fit=1024%2C683&ssl=1&resize=350%2C200","width":350,"height":200,"srcset":"https:\/\/i0.wp.com\/ismaelcolosi.com.br\/wp-content\/uploads\/2024\/01\/mulher-ana-bogus-nivea-1024x683.jpg?fit=1024%2C683&ssl=1&resize=350%2C200 1x, https:\/\/i0.wp.com\/ismaelcolosi.com.br\/wp-content\/uploads\/2024\/01\/mulher-ana-bogus-nivea-1024x683.jpg?fit=1024%2C683&ssl=1&resize=525%2C300 1.5x, https:\/\/i0.wp.com\/ismaelcolosi.com.br\/wp-content\/uploads\/2024\/01\/mulher-ana-bogus-nivea-1024x683.jpg?fit=1024%2C683&ssl=1&resize=700%2C400 2x"},"classes":[]},{"id":87341,"url":"https:\/\/ismaelcolosi.com.br\/index.php\/2025\/09\/04\/ambev-sulamerica-e-kraft-heinz-abrem-programas-de-trainee-confira-dicas-para-se-destacar\/","url_meta":{"origin":59307,"position":2},"title":"Ambev, SulAm\u00e9rica e Kraft Heinz Abrem Programas de Trainee; Confira Dicas para se Destacar","author":"ismaelcolosi.com.br","date":"4 de September de 2025","format":false,"excerpt":"\r FG Trade\/Getty Images\r Programas de trainee oferecem diversos benef\u00edcios e oportunidades no in\u00edcio da carreira\r Acessibilidade \r L\r L\r A-\r A+\r \r \u25d0\r \r Ainda \u00e9 tempo de se inscrever para os processos de sele\u00e7\u00e3o de trainees em algumas das maiores empresas no Brasil.\u00a0No segundo semestre, diversas empresas abrem\u2026","rel":"","context":"In &quot;Carreira e Sucesso&quot;","block_context":{"text":"Carreira e Sucesso","link":"https:\/\/ismaelcolosi.com.br\/index.php\/category\/carreira-e-sucesso-dicas-para-carreira\/"},"img":{"alt_text":"","src":"https:\/\/i0.wp.com\/ismaelcolosi.com.br\/wp-content\/uploads\/2025\/09\/forbes-carreira-estagio-geracao-z-1200x675.jpg?fit=1200%2C675&ssl=1&resize=350%2C200","width":350,"height":200,"srcset":"https:\/\/i0.wp.com\/ismaelcolosi.com.br\/wp-content\/uploads\/2025\/09\/forbes-carreira-estagio-geracao-z-1200x675.jpg?fit=1200%2C675&ssl=1&resize=350%2C200 1x, https:\/\/i0.wp.com\/ismaelcolosi.com.br\/wp-content\/uploads\/2025\/09\/forbes-carreira-estagio-geracao-z-1200x675.jpg?fit=1200%2C675&ssl=1&resize=525%2C300 1.5x, https:\/\/i0.wp.com\/ismaelcolosi.com.br\/wp-content\/uploads\/2025\/09\/forbes-carreira-estagio-geracao-z-1200x675.jpg?fit=1200%2C675&ssl=1&resize=700%2C400 2x, https:\/\/i0.wp.com\/ismaelcolosi.com.br\/wp-content\/uploads\/2025\/09\/forbes-carreira-estagio-geracao-z-1200x675.jpg?fit=1200%2C675&ssl=1&resize=1050%2C600 3x"},"classes":[]},{"id":15819,"url":"https:\/\/ismaelcolosi.com.br\/index.php\/2023\/12\/14\/alpargatas-nomeia-liel-miranda-da-mondelez-como-ceo\/","url_meta":{"origin":59307,"position":3},"title":"Alpargatas nomeia Liel Miranda, da Mondel\u0113z, como CEO","author":"ismaelcolosi.com.br","date":"14 de December de 2023","format":false,"excerpt":"Liel Miranda substituir\u00e1 Luiz Fernando Edmond, que ocupava a presid\u00eancia da\u00a0Alpargatas\u00a0interinamente desde que Roberto Funari anunciou sua sa\u00edda em abril A empresa de cal\u00e7ados\u00a0Alpargatas, dona da marca Havaianas, anunciou na quarta-feira (13) Liel Miranda como seu novo presidente-executivo, a partir de 1\u00b0 de fevereiro de 2024. \u201cLiel ter\u00e1 um importante\u2026","rel":"","context":"In &quot;Carreira e Sucesso&quot;","block_context":{"text":"Carreira e Sucesso","link":"https:\/\/ismaelcolosi.com.br\/index.php\/category\/carreira-e-sucesso-dicas-para-carreira\/"},"img":{"alt_text":"","src":"https:\/\/i0.wp.com\/ismaelcolosi.com.br\/wp-content\/uploads\/2023\/12\/carreira-liel-miranda-mondelez-ceo-1024x683.jpg?fit=1024%2C683&ssl=1&resize=350%2C200","width":350,"height":200,"srcset":"https:\/\/i0.wp.com\/ismaelcolosi.com.br\/wp-content\/uploads\/2023\/12\/carreira-liel-miranda-mondelez-ceo-1024x683.jpg?fit=1024%2C683&ssl=1&resize=350%2C200 1x, https:\/\/i0.wp.com\/ismaelcolosi.com.br\/wp-content\/uploads\/2023\/12\/carreira-liel-miranda-mondelez-ceo-1024x683.jpg?fit=1024%2C683&ssl=1&resize=525%2C300 1.5x, https:\/\/i0.wp.com\/ismaelcolosi.com.br\/wp-content\/uploads\/2023\/12\/carreira-liel-miranda-mondelez-ceo-1024x683.jpg?fit=1024%2C683&ssl=1&resize=700%2C400 2x"},"classes":[]},{"id":44299,"url":"https:\/\/ismaelcolosi.com.br\/index.php\/2024\/03\/27\/vp-da-samsung-destaca-habilidade-de-priorizacao\/","url_meta":{"origin":59307,"position":4},"title":"VP da Samsung destaca habilidade de prioriza\u00e7\u00e3o","author":"ismaelcolosi.com.br","date":"27 de March de 2024","format":false,"excerpt":"Em 15 anos de Samsung, Gustavo Assun\u00e7\u00e3o passou por todos os neg\u00f3cios da empresa, em diferentes fun\u00e7\u00f5es H\u00e1 15 anos na Samsung, Gustavo Assun\u00e7\u00e3o acaba de ser promovido a vice-presidente s\u00eanior da empresa. O executivo, que j\u00e1 liderava todo o neg\u00f3cio de dispositivos m\u00f3veis da Samsung no Brasil, passa a\u2026","rel":"","context":"In &quot;Carreira e Sucesso&quot;","block_context":{"text":"Carreira e Sucesso","link":"https:\/\/ismaelcolosi.com.br\/index.php\/category\/carreira-e-sucesso-dicas-para-carreira\/"},"img":{"alt_text":"","src":"https:\/\/i0.wp.com\/ismaelcolosi.com.br\/wp-content\/uploads\/2024\/03\/carreira-gustavo-assuncao-vp-samsung-1024x683.jpg?fit=1024%2C683&ssl=1&resize=350%2C200","width":350,"height":200,"srcset":"https:\/\/i0.wp.com\/ismaelcolosi.com.br\/wp-content\/uploads\/2024\/03\/carreira-gustavo-assuncao-vp-samsung-1024x683.jpg?fit=1024%2C683&ssl=1&resize=350%2C200 1x, https:\/\/i0.wp.com\/ismaelcolosi.com.br\/wp-content\/uploads\/2024\/03\/carreira-gustavo-assuncao-vp-samsung-1024x683.jpg?fit=1024%2C683&ssl=1&resize=525%2C300 1.5x, https:\/\/i0.wp.com\/ismaelcolosi.com.br\/wp-content\/uploads\/2024\/03\/carreira-gustavo-assuncao-vp-samsung-1024x683.jpg?fit=1024%2C683&ssl=1&resize=700%2C400 2x"},"classes":[]},{"id":88146,"url":"https:\/\/ismaelcolosi.com.br\/index.php\/2025\/11\/04\/zamp-anuncia-novos-presidentes-para-burger-king-e-subway-no-brasil\/","url_meta":{"origin":59307,"position":5},"title":"ZAMP Anuncia Novos Presidentes para Burger King e Subway no Brasil","author":"ismaelcolosi.com.br","date":"4 de November de 2025","format":false,"excerpt":"\r Divulga\u00e7\u00e3o\r Gabriel Guimar\u00e3es, novo presidente do Burger King\r Acessibilidade \r L\r L\r A-\r A+\r \r \u25d0\r \r Gabriel Guimar\u00e3es foi anunciado nesta ter\u00e7a-feira (4) como o novo presidente do Burger King no Brasil. At\u00e9 ent\u00e3o, o executivo atuava como presidente interino da marca e CFO da ZAMP, detentora das\u2026","rel":"","context":"In &quot;Carreira e Sucesso&quot;","block_context":{"text":"Carreira e Sucesso","link":"https:\/\/ismaelcolosi.com.br\/index.php\/category\/carreira-e-sucesso-dicas-para-carreira\/"},"img":{"alt_text":"","src":"https:\/\/i0.wp.com\/ismaelcolosi.com.br\/wp-content\/uploads\/2025\/11\/Gabriel-Guimaraes-Presidente-de-Burger-King-1200x675.jpg?fit=1200%2C675&ssl=1&resize=350%2C200","width":350,"height":200,"srcset":"https:\/\/i0.wp.com\/ismaelcolosi.com.br\/wp-content\/uploads\/2025\/11\/Gabriel-Guimaraes-Presidente-de-Burger-King-1200x675.jpg?fit=1200%2C675&ssl=1&resize=350%2C200 1x, https:\/\/i0.wp.com\/ismaelcolosi.com.br\/wp-content\/uploads\/2025\/11\/Gabriel-Guimaraes-Presidente-de-Burger-King-1200x675.jpg?fit=1200%2C675&ssl=1&resize=525%2C300 1.5x, https:\/\/i0.wp.com\/ismaelcolosi.com.br\/wp-content\/uploads\/2025\/11\/Gabriel-Guimaraes-Presidente-de-Burger-King-1200x675.jpg?fit=1200%2C675&ssl=1&resize=700%2C400 2x, https:\/\/i0.wp.com\/ismaelcolosi.com.br\/wp-content\/uploads\/2025\/11\/Gabriel-Guimaraes-Presidente-de-Burger-King-1200x675.jpg?fit=1200%2C675&ssl=1&resize=1050%2C600 3x"},"classes":[]}],"jetpack_sharing_enabled":true,"jetpack_shortlink":"https:\/\/wp.me\/pfMlyK-fqz","_links":{"self":[{"href":"https:\/\/ismaelcolosi.com.br\/index.php\/wp-json\/wp\/v2\/posts\/59307","targetHints":{"allow":["GET"]}}],"collection":[{"href":"https:\/\/ismaelcolosi.com.br\/index.php\/wp-json\/wp\/v2\/posts"}],"about":[{"href":"https:\/\/ismaelcolosi.com.br\/index.php\/wp-json\/wp\/v2\/types\/post"}],"author":[{"embeddable":true,"href":"https:\/\/ismaelcolosi.com.br\/index.php\/wp-json\/wp\/v2\/users\/1"}],"replies":[{"embeddable":true,"href":"https:\/\/ismaelcolosi.com.br\/index.php\/wp-json\/wp\/v2\/comments?post=59307"}],"version-history":[{"count":0,"href":"https:\/\/ismaelcolosi.com.br\/index.php\/wp-json\/wp\/v2\/posts\/59307\/revisions"}],"wp:featuredmedia":[{"embeddable":true,"href":"https:\/\/ismaelcolosi.com.br\/index.php\/wp-json\/wp\/v2\/media\/59308"}],"wp:attachment":[{"href":"https:\/\/ismaelcolosi.com.br\/index.php\/wp-json\/wp\/v2\/media?parent=59307"}],"wp:term":[{"taxonomy":"category","embeddable":true,"href":"https:\/\/ismaelcolosi.com.br\/index.php\/wp-json\/wp\/v2\/categories?post=59307"},{"taxonomy":"post_tag","embeddable":true,"href":"https:\/\/ismaelcolosi.com.br\/index.php\/wp-json\/wp\/v2\/tags?post=59307"}],"curies":[{"name":"wp","href":"https:\/\/api.w.org\/{rel}","templated":true}]}}