{"id":59301,"date":"2024-08-07T14:31:00","date_gmt":"2024-08-07T17:31:00","guid":{"rendered":"https:\/\/ismaelcolosi.com.br\/index.php\/2024\/08\/07\/eleicoes-acidade-on-g1-e-cbn-transmitem-entrevista-com-unico-candidato-a-prefeito-de-batatais\/"},"modified":"2024-08-07T14:31:00","modified_gmt":"2024-08-07T17:31:00","slug":"eleicoes-acidade-on-g1-e-cbn-transmitem-entrevista-com-unico-candidato-a-prefeito-de-batatais","status":"publish","type":"post","link":"https:\/\/ismaelcolosi.com.br\/index.php\/2024\/08\/07\/eleicoes-acidade-on-g1-e-cbn-transmitem-entrevista-com-unico-candidato-a-prefeito-de-batatais\/","title":{"rendered":"Elei\u00e7\u00f5es: acidade on, g1 e CBN transmitem entrevista com \u00fanico candidato a prefeito de Batatais"},"content":{"rendered":"<p> <br \/>\n<\/p>\n<div>\n<p>O portal <strong>acidade on Ribeir\u00e3o<\/strong>, <strong>g1 Ribeir\u00e3o<\/strong> e a <strong>CBN Ribeir\u00e3o<\/strong> v\u00e3o realizar uma entrevista com o \u00fanico candidato \u00e0<strong> Prefeitura de Batatais<\/strong> nas elei\u00e7\u00f5es municipais 2024.<\/p>\n<p>A entrevista ter\u00e1 transmiss\u00e3o ao vivo em pool pelos ve\u00edculos de comunica\u00e7\u00e3o do<strong> Grupo EP<\/strong> e <mark style=\"background-color:#fcb900\" class=\"has-inline-color has-black-color\">acontece no dia 25 de setembro, a partir das 14h40, e ter\u00e1 dura\u00e7\u00e3o de 20 minutos.<\/mark><\/p>\n<p>As regras foram estabelecidas em reuni\u00e3o na sede da<strong> EPTV<\/strong>, em <strong>Ribeir\u00e3o Preto<\/strong>, nesta quarta-feira (7) com o candidato, acompanhado por assessores, e representantes do <strong>Grupo EP<\/strong>.<\/p>\n<p>A entrevista foi a modalidade escolhida no lugar de um debate, previsto inicialmente, porque <mark style=\"background-color:#fcb900\" class=\"has-inline-color has-black-color\"><strong>Juninho Gaspar (PP)<\/strong> foi o \u00fanico pol\u00edtico anunciado para as elei\u00e7\u00f5es majorit\u00e1rias do munic\u00edpio nas conven\u00e7\u00f5es partid\u00e1rias at\u00e9 5 de agosto.<\/mark><\/p>\n<p>O evento faz parte da maior cobertura eleitoral da hist\u00f3ria do grupo, que tamb\u00e9m vai contar com entrevistas com candidatos de outras cidades, programas ao vivo, interatividade e verifica\u00e7\u00e3o dos fatos.<\/p>\n<h4 class=\"wp-block-heading\"><strong>A candidatura<\/strong><\/h4>\n<p><strong>Juninho Gaspar (PP)<\/strong><\/p>\n<p><strong>Idade:<\/strong> 40 anos<\/p>\n<p><strong>Ocupa\u00e7\u00e3o:<\/strong> advogado<\/p>\n<p><strong>Coliga\u00e7\u00e3o: <\/strong>Todos por Batatais (PP\/Republicanos\/MDB\/PSDB (Federa\u00e7\u00e3o PSDB Cidadania)\/ PT\/PCdoB (Federa\u00e7\u00e3o PT, PCdoB e PV)\/PSD\/ Avante\/ Uni\u00e3o Brasil\/ PL)<\/p>\n<p><strong>Candidato a vice: <\/strong>Dr. Ricardinho (Republicanos)<\/p>\n<h4 class=\"wp-block-heading\"><strong>Sobre o Grupo EP<\/strong><\/h4>\n<p>O <strong>Grupo EP<\/strong> \u00e9 formado por um conglomerado de empresas de comunica\u00e7\u00e3o fundado pela fam\u00edlia Coutinho Nogueira em Campinas h\u00e1 44 anos, com atua\u00e7\u00e3o nas regi\u00f5es de<strong> Campinas<\/strong>, <strong>Ribeir\u00e3o Preto<\/strong>,<strong> Central <\/strong>e <strong>Sul de Minas Gerais.<\/strong><\/p>\n<p>As empresas de m\u00eddia do<strong> Grupo EP <\/strong>incluem a<strong> EPTV<\/strong>, afiliada da <strong>Rede Globo<\/strong>, sites <strong>Globo<\/strong> (<strong>g1<\/strong> e <strong>ge<\/strong>), <strong>acidade on<\/strong>, <strong>Tudo EP<\/strong>, <strong>r\u00e1dios CBN<\/strong>, <strong>EP FM<\/strong> e <strong>Jovem Pan<\/strong>, <strong>OA Eventos<\/strong>, <strong>EP Pain\u00e9is<\/strong> (<strong>M\u00eddia OOH<\/strong>) e participa\u00e7\u00e3o societ\u00e1ria na <strong>Rede Bahia<\/strong>.<\/p>\n<p>O conglomerado de m\u00eddia alcan\u00e7a mais de 12 milh\u00f5es de telespectadores e representa 7,07% do consumo de todo o pa\u00eds, segundo IPC Maps 2020.<\/p>\n<p>SAIBA MAIS<br \/>A\u00e9rea anuncia investimento de 2 bilh\u00f5es de d\u00f3lares com foco no interior de SP<\/p>\n<h4 class=\"wp-block-heading\"><strong>FIQUE ON<\/strong><\/h4>\n<p>Fique ligado em tudo que acontece em Ribeir\u00e3o Preto e regi\u00e3o. Siga os perfis do <strong>acidade on<\/strong> no<a href=\"https:\/\/www.instagram.com\/acidadeonribeirao\/\" target=\"_blank\" rel=\"noreferrer noopener nofollow\"> Instagram<\/a> e no <a href=\"https:\/\/www.facebook.com\/acidadeonribeirao\/\" target=\"_blank\" rel=\"noreferrer noopener nofollow\">Facebook<\/a>.<\/p>\n<p>Receba not\u00edcias do<strong> acidade on <\/strong>no WhatsApp. <a href=\"https:\/\/chat.whatsapp.com\/Dtv9mxhy6V5BJBotM2OQ5k\" target=\"_blank\" rel=\"noreferrer noopener nofollow\">Para entrar no grupo, basta clicar aqui<\/a>.<\/p>\n<p>Fa\u00e7a uma den\u00fancia ou sugira uma reportagem sobre Ribeir\u00e3o Preto e regi\u00e3o pelo WhatsApp: 16 99117 7802.<\/p>\n<p>VEJA TAMB\u00c9M<br \/>Onde ver o local de prova do Concurso Nacional Unificado?<\/p>\n<p><!-- CONTENT END 1 -->\n<\/div>\n<p><script async src=\"\/\/www.instagram.com\/embed.js\"><\/script><br \/>\n<br \/><br \/>\n<br \/><a href=\"https:\/\/www.acidadeon.com\/ribeiraopreto\/politica\/eleicoes\/eleicoes-acidade-on-g1-cbn-transmitem-entrevista-com-unico-candidato-a-prefeito-de-batatais\/\">Source link <\/a><\/p>\n","protected":false},"excerpt":{"rendered":"<p>O portal acidade on Ribeir\u00e3o, g1 Ribeir\u00e3o e a CBN Ribeir\u00e3o v\u00e3o realizar uma entrevista com o \u00fanico candidato \u00e0 Prefeitura de Batatais nas elei\u00e7\u00f5es&#8230;<\/p>\n","protected":false},"author":1,"featured_media":59302,"comment_status":"open","ping_status":"open","sticky":false,"template":"","format":"standard","meta":{"_uag_custom_page_level_css":"","advanced_seo_description":"","jetpack_seo_html_title":"","jetpack_seo_noindex":false,"jetpack_post_was_ever_published":false,"_jetpack_newsletter_access":"","_jetpack_dont_email_post_to_subs":false,"_jetpack_newsletter_tier_id":0,"_jetpack_memberships_contains_paywalled_content":false,"_jetpack_memberships_contains_paid_content":false,"footnotes":"","jetpack_publicize_message":"","jetpack_publicize_feature_enabled":true,"jetpack_social_post_already_shared":true,"jetpack_social_options":{"image_generator_settings":{"template":"highway","default_image_id":0,"font":"","enabled":false},"version":2}},"categories":[11],"tags":[],"class_list":["post-59301","post","type-post","status-publish","format-standard","has-post-thumbnail","hentry","category-noticias-de-ribeirao-preto-sp-e-regiao-ismael-colosi"],"jetpack_publicize_connections":[],"jetpack_featured_media_url":"https:\/\/i0.wp.com\/ismaelcolosi.com.br\/wp-content\/uploads\/2024\/08\/juninho-gaspar_2024-08-07_16-56-24_jpeg_2024-08-07_16-56-24.webp.webp?fit=1053%2C586&ssl=1","uagb_featured_image_src":{"full":["https:\/\/i0.wp.com\/ismaelcolosi.com.br\/wp-content\/uploads\/2024\/08\/juninho-gaspar_2024-08-07_16-56-24_jpeg_2024-08-07_16-56-24.webp.webp?fit=1053%2C586&ssl=1",1053,586,false],"thumbnail":["https:\/\/i0.wp.com\/ismaelcolosi.com.br\/wp-content\/uploads\/2024\/08\/juninho-gaspar_2024-08-07_16-56-24_jpeg_2024-08-07_16-56-24.webp.webp?resize=150%2C150&ssl=1",150,150,true],"medium":["https:\/\/i0.wp.com\/ismaelcolosi.com.br\/wp-content\/uploads\/2024\/08\/juninho-gaspar_2024-08-07_16-56-24_jpeg_2024-08-07_16-56-24.webp.webp?fit=300%2C167&ssl=1",300,167,true],"medium_large":["https:\/\/i0.wp.com\/ismaelcolosi.com.br\/wp-content\/uploads\/2024\/08\/juninho-gaspar_2024-08-07_16-56-24_jpeg_2024-08-07_16-56-24.webp.webp?fit=768%2C427&ssl=1",768,427,true],"large":["https:\/\/i0.wp.com\/ismaelcolosi.com.br\/wp-content\/uploads\/2024\/08\/juninho-gaspar_2024-08-07_16-56-24_jpeg_2024-08-07_16-56-24.webp.webp?fit=1024%2C570&ssl=1",1024,570,true],"1536x1536":["https:\/\/i0.wp.com\/ismaelcolosi.com.br\/wp-content\/uploads\/2024\/08\/juninho-gaspar_2024-08-07_16-56-24_jpeg_2024-08-07_16-56-24.webp.webp?fit=1053%2C586&ssl=1",1053,586,true],"2048x2048":["https:\/\/i0.wp.com\/ismaelcolosi.com.br\/wp-content\/uploads\/2024\/08\/juninho-gaspar_2024-08-07_16-56-24_jpeg_2024-08-07_16-56-24.webp.webp?fit=1053%2C586&ssl=1",1053,586,true],"really-simple-thumb":["https:\/\/i0.wp.com\/ismaelcolosi.com.br\/wp-content\/uploads\/2024\/08\/juninho-gaspar_2024-08-07_16-56-24_jpeg_2024-08-07_16-56-24.webp.webp?resize=370%2C247&ssl=1",370,247,true]},"uagb_author_info":{"display_name":"ismaelcolosi.com.br","author_link":"https:\/\/ismaelcolosi.com.br\/index.php\/author\/vidareal-online\/"},"uagb_comment_info":0,"uagb_excerpt":"O portal acidade on Ribeir\u00e3o, g1 Ribeir\u00e3o e a CBN Ribeir\u00e3o v\u00e3o realizar uma entrevista com o \u00fanico candidato \u00e0 Prefeitura de Batatais nas elei\u00e7\u00f5es...","jetpack-related-posts":[{"id":67676,"url":"https:\/\/ismaelcolosi.com.br\/index.php\/2024\/09\/24\/batatais-tera-entrevista-com-o-unico-candidato-a-prefeito-em-evento-promovido-pelo-grupo-ep\/","url_meta":{"origin":59301,"position":0},"title":"Batatais ter\u00e1 entrevista com o \u00fanico candidato a prefeito em evento promovido pelo Grupo EP","author":"ismaelcolosi.com.br","date":"24 de September de 2024","format":false,"excerpt":"O Grupo EP, conglomerado de m\u00eddia no interior paulista e sul de Minas Gerais, realiza uma entrevista com o candidato \u00e0 Prefeitura de Batatais, nesta quarta-feira (25), \u00e0s 14h40. A conversa ser\u00e1 transmitida ao vivo pelo portal g1 Ribeir\u00e3o Preto e Franca, CBN Ribeir\u00e3o Preto e site e canal de\u2026","rel":"","context":"In &quot;Not\u00edcias de Ribeir\u00e3o Preto-SP e Regi\u00e3o&quot;","block_context":{"text":"Not\u00edcias de Ribeir\u00e3o Preto-SP e Regi\u00e3o","link":"https:\/\/ismaelcolosi.com.br\/index.php\/category\/noticias-de-ribeirao-preto-sp-e-regiao-ismael-colosi\/"},"img":{"alt_text":"","src":"https:\/\/i0.wp.com\/ismaelcolosi.com.br\/wp-content\/uploads\/2024\/08\/juninho-gaspar_2024-08-07_16-56-24_jpeg_2024-08-07_16-56-24.webp.webp?fit=1053%2C586&ssl=1&resize=350%2C200","width":350,"height":200,"srcset":"https:\/\/i0.wp.com\/ismaelcolosi.com.br\/wp-content\/uploads\/2024\/08\/juninho-gaspar_2024-08-07_16-56-24_jpeg_2024-08-07_16-56-24.webp.webp?fit=1053%2C586&ssl=1&resize=350%2C200 1x, https:\/\/i0.wp.com\/ismaelcolosi.com.br\/wp-content\/uploads\/2024\/08\/juninho-gaspar_2024-08-07_16-56-24_jpeg_2024-08-07_16-56-24.webp.webp?fit=1053%2C586&ssl=1&resize=525%2C300 1.5x, https:\/\/i0.wp.com\/ismaelcolosi.com.br\/wp-content\/uploads\/2024\/08\/juninho-gaspar_2024-08-07_16-56-24_jpeg_2024-08-07_16-56-24.webp.webp?fit=1053%2C586&ssl=1&resize=700%2C400 2x, https:\/\/i0.wp.com\/ismaelcolosi.com.br\/wp-content\/uploads\/2024\/08\/juninho-gaspar_2024-08-07_16-56-24_jpeg_2024-08-07_16-56-24.webp.webp?fit=1053%2C586&ssl=1&resize=1050%2C600 3x"},"classes":[]},{"id":67862,"url":"https:\/\/ismaelcolosi.com.br\/index.php\/2024\/09\/25\/oportunidade-para-reconhecer-que-ainda-ha-desafios-afirma-candidato-unico-de-batatais\/","url_meta":{"origin":59301,"position":1},"title":"\u2018Oportunidade para reconhecer que ainda h\u00e1 desafios\u2019, afirma candidato \u00fanico de Batatais","author":"ismaelcolosi.com.br","date":"25 de September de 2024","format":false,"excerpt":"O prefeito de Batatais, Juninho Gaspar (PP), foi o entrevistado desta quarta-feira (25), do pool de ve\u00edculos do Grupo EP na cobertura das elei\u00e7\u00f5es 2024. Juninho \u00e9 o \u00fanico candidato ao Executivo de Batatais no pleito deste ano. A entrevista foi transmitida pelo canal do YouTube e no acidade on\u2026","rel":"","context":"In &quot;Not\u00edcias de Ribeir\u00e3o Preto-SP e Regi\u00e3o&quot;","block_context":{"text":"Not\u00edcias de Ribeir\u00e3o Preto-SP e Regi\u00e3o","link":"https:\/\/ismaelcolosi.com.br\/index.php\/category\/noticias-de-ribeirao-preto-sp-e-regiao-ismael-colosi\/"},"img":{"alt_text":"","src":"https:\/\/i0.wp.com\/ismaelcolosi.com.br\/wp-content\/uploads\/2024\/09\/juninho-gaspar-3_2024-09-25_22-01-39_jpeg_2024-09-25_22-01-40-scaled.webp.webp?fit=1200%2C683&ssl=1&resize=350%2C200","width":350,"height":200,"srcset":"https:\/\/i0.wp.com\/ismaelcolosi.com.br\/wp-content\/uploads\/2024\/09\/juninho-gaspar-3_2024-09-25_22-01-39_jpeg_2024-09-25_22-01-40-scaled.webp.webp?fit=1200%2C683&ssl=1&resize=350%2C200 1x, https:\/\/i0.wp.com\/ismaelcolosi.com.br\/wp-content\/uploads\/2024\/09\/juninho-gaspar-3_2024-09-25_22-01-39_jpeg_2024-09-25_22-01-40-scaled.webp.webp?fit=1200%2C683&ssl=1&resize=525%2C300 1.5x, https:\/\/i0.wp.com\/ismaelcolosi.com.br\/wp-content\/uploads\/2024\/09\/juninho-gaspar-3_2024-09-25_22-01-39_jpeg_2024-09-25_22-01-40-scaled.webp.webp?fit=1200%2C683&ssl=1&resize=700%2C400 2x, https:\/\/i0.wp.com\/ismaelcolosi.com.br\/wp-content\/uploads\/2024\/09\/juninho-gaspar-3_2024-09-25_22-01-39_jpeg_2024-09-25_22-01-40-scaled.webp.webp?fit=1200%2C683&ssl=1&resize=1050%2C600 3x"},"classes":[]},{"id":67805,"url":"https:\/\/ismaelcolosi.com.br\/index.php\/2024\/09\/25\/ao-vivo-veja-a-entrevista-com-o-candidato-unico-a-prefeitura-de-batatais\/","url_meta":{"origin":59301,"position":2},"title":"AO VIVO: Veja a entrevista com o candidato \u00fanico \u00e0 Prefeitura de Batatais","author":"ismaelcolosi.com.br","date":"25 de September de 2024","format":false,"excerpt":"O Grupo EP realiza nesta quarta-feira (25), \u00e0s 14h30, uma entrevista com o candidato \u00e0 Prefeitura de Batatais, Juninho Gaspar (PP). A conversa ser\u00e1 transmitida ao vivo pelo portal g1 Ribeir\u00e3o Preto e Franca, CBN Ribeir\u00e3o Preto e no canal de YouTube do portal acidade on Ribeir\u00e3o Preto \u2013 veja\u2026","rel":"","context":"In &quot;Not\u00edcias de Ribeir\u00e3o Preto-SP e Regi\u00e3o&quot;","block_context":{"text":"Not\u00edcias de Ribeir\u00e3o Preto-SP e Regi\u00e3o","link":"https:\/\/ismaelcolosi.com.br\/index.php\/category\/noticias-de-ribeirao-preto-sp-e-regiao-ismael-colosi\/"},"img":{"alt_text":"","src":"https:\/\/i0.wp.com\/ismaelcolosi.com.br\/wp-content\/uploads\/2024\/09\/juninho-gaspar-2_2024-09-25_17-12-07_jpeg_2024-09-25_17-12-07.webp.webp?fit=1200%2C675&ssl=1&resize=350%2C200","width":350,"height":200,"srcset":"https:\/\/i0.wp.com\/ismaelcolosi.com.br\/wp-content\/uploads\/2024\/09\/juninho-gaspar-2_2024-09-25_17-12-07_jpeg_2024-09-25_17-12-07.webp.webp?fit=1200%2C675&ssl=1&resize=350%2C200 1x, https:\/\/i0.wp.com\/ismaelcolosi.com.br\/wp-content\/uploads\/2024\/09\/juninho-gaspar-2_2024-09-25_17-12-07_jpeg_2024-09-25_17-12-07.webp.webp?fit=1200%2C675&ssl=1&resize=525%2C300 1.5x, https:\/\/i0.wp.com\/ismaelcolosi.com.br\/wp-content\/uploads\/2024\/09\/juninho-gaspar-2_2024-09-25_17-12-07_jpeg_2024-09-25_17-12-07.webp.webp?fit=1200%2C675&ssl=1&resize=700%2C400 2x, https:\/\/i0.wp.com\/ismaelcolosi.com.br\/wp-content\/uploads\/2024\/09\/juninho-gaspar-2_2024-09-25_17-12-07_jpeg_2024-09-25_17-12-07.webp.webp?fit=1200%2C675&ssl=1&resize=1050%2C600 3x"},"classes":[]},{"id":59586,"url":"https:\/\/ismaelcolosi.com.br\/index.php\/2024\/08\/09\/bebedouro-tera-debate-de-candidatos-a-prefeito-transmitido-em-pool-por-acidade-on-g1-e-cbn\/","url_meta":{"origin":59301,"position":3},"title":"Bebedouro ter\u00e1 debate de candidatos a prefeito transmitido em pool por acidade on, g1 e CBN","author":"ismaelcolosi.com.br","date":"9 de August de 2024","format":false,"excerpt":"O acidade on Ribeir\u00e3o, o g1 Ribeir\u00e3o e a CBN Ribeir\u00e3o v\u00e3o realizar, como parte da cobertura das elei\u00e7\u00f5es 2024, um debate eleitoral entre os candidatos \u00e0 Prefeitura de Bebedouro. O debate acontece no dia 4 de setembro, \u00e0s 14h30, com transmiss\u00e3o ao vivo em pool pelos ve\u00edculos de comunica\u00e7\u00e3o\u2026","rel":"","context":"In &quot;Not\u00edcias de Ribeir\u00e3o Preto-SP e Regi\u00e3o&quot;","block_context":{"text":"Not\u00edcias de Ribeir\u00e3o Preto-SP e Regi\u00e3o","link":"https:\/\/ismaelcolosi.com.br\/index.php\/category\/noticias-de-ribeirao-preto-sp-e-regiao-ismael-colosi\/"},"img":{"alt_text":"","src":"https:\/\/i0.wp.com\/ismaelcolosi.com.br\/wp-content\/uploads\/2024\/08\/debate-bebedouro_2024-08-09_18-59-25_jpg_2024-08-09_18-59-25.webp.webp?fit=975%2C551&ssl=1&resize=350%2C200","width":350,"height":200,"srcset":"https:\/\/i0.wp.com\/ismaelcolosi.com.br\/wp-content\/uploads\/2024\/08\/debate-bebedouro_2024-08-09_18-59-25_jpg_2024-08-09_18-59-25.webp.webp?fit=975%2C551&ssl=1&resize=350%2C200 1x, https:\/\/i0.wp.com\/ismaelcolosi.com.br\/wp-content\/uploads\/2024\/08\/debate-bebedouro_2024-08-09_18-59-25_jpg_2024-08-09_18-59-25.webp.webp?fit=975%2C551&ssl=1&resize=525%2C300 1.5x, https:\/\/i0.wp.com\/ismaelcolosi.com.br\/wp-content\/uploads\/2024\/08\/debate-bebedouro_2024-08-09_18-59-25_jpg_2024-08-09_18-59-25.webp.webp?fit=975%2C551&ssl=1&resize=700%2C400 2x"},"classes":[]},{"id":59958,"url":"https:\/\/ismaelcolosi.com.br\/index.php\/2024\/08\/13\/barretos-tera-debate-de-candidatos-a-prefeito-transmitido-em-pool-por-acidade-on-g1-e-cbn\/","url_meta":{"origin":59301,"position":4},"title":"Barretos ter\u00e1 debate de candidatos a prefeito transmitido em pool por acidade on, g1 e CBN","author":"ismaelcolosi.com.br","date":"13 de August de 2024","format":false,"excerpt":"O acidade on Ribeir\u00e3o, o g1 Ribeir\u00e3o e a CBN Ribeir\u00e3o v\u00e3o realizar, como parte da cobertura das elei\u00e7\u00f5es 2024, um debate eleitoral entre os candidatos \u00e0 Prefeitura de Barretos. O debate acontece no dia 11 de setembro, \u00e0s 14h30, com transmiss\u00e3o ao vivo em pool pelos ve\u00edculos de comunica\u00e7\u00e3o\u2026","rel":"","context":"In &quot;Not\u00edcias de Ribeir\u00e3o Preto-SP e Regi\u00e3o&quot;","block_context":{"text":"Not\u00edcias de Ribeir\u00e3o Preto-SP e Regi\u00e3o","link":"https:\/\/ismaelcolosi.com.br\/index.php\/category\/noticias-de-ribeirao-preto-sp-e-regiao-ismael-colosi\/"},"img":{"alt_text":"","src":"https:\/\/i0.wp.com\/ismaelcolosi.com.br\/wp-content\/uploads\/2024\/08\/reuniao_2024-08-13_17-32-36_jpg_2024-08-13_17-32-37.webp.webp?fit=1200%2C666&ssl=1&resize=350%2C200","width":350,"height":200,"srcset":"https:\/\/i0.wp.com\/ismaelcolosi.com.br\/wp-content\/uploads\/2024\/08\/reuniao_2024-08-13_17-32-36_jpg_2024-08-13_17-32-37.webp.webp?fit=1200%2C666&ssl=1&resize=350%2C200 1x, https:\/\/i0.wp.com\/ismaelcolosi.com.br\/wp-content\/uploads\/2024\/08\/reuniao_2024-08-13_17-32-36_jpg_2024-08-13_17-32-37.webp.webp?fit=1200%2C666&ssl=1&resize=525%2C300 1.5x, https:\/\/i0.wp.com\/ismaelcolosi.com.br\/wp-content\/uploads\/2024\/08\/reuniao_2024-08-13_17-32-36_jpg_2024-08-13_17-32-37.webp.webp?fit=1200%2C666&ssl=1&resize=700%2C400 2x, https:\/\/i0.wp.com\/ismaelcolosi.com.br\/wp-content\/uploads\/2024\/08\/reuniao_2024-08-13_17-32-36_jpg_2024-08-13_17-32-37.webp.webp?fit=1200%2C666&ssl=1&resize=1050%2C600 3x"},"classes":[]},{"id":60162,"url":"https:\/\/ismaelcolosi.com.br\/index.php\/2024\/08\/14\/sertaozinho-tera-debate-de-candidatos-a-prefeito-transmitido-em-pool-por-acidade-on-g1-e-cbn\/","url_meta":{"origin":59301,"position":5},"title":"Sert\u00e3ozinho ter\u00e1 debate de candidatos a prefeito transmitido em pool por acidade on, g1 e CBN","author":"ismaelcolosi.com.br","date":"14 de August de 2024","format":false,"excerpt":"O acidade on Ribeir\u00e3o, o g1 Ribeir\u00e3o e a CBN Ribeir\u00e3o v\u00e3o realizar, como parte da cobertura das elei\u00e7\u00f5es 2024, um debate eleitoral entre os candidatos \u00e0 Prefeitura de Sert\u00e3ozinho. O debate acontece no dia 18 de setembro, \u00e0s 14h30, com transmiss\u00e3o ao vivo em pool pelos ve\u00edculos de comunica\u00e7\u00e3o\u2026","rel":"","context":"In &quot;Not\u00edcias de Ribeir\u00e3o Preto-SP e Regi\u00e3o&quot;","block_context":{"text":"Not\u00edcias de Ribeir\u00e3o Preto-SP e Regi\u00e3o","link":"https:\/\/ismaelcolosi.com.br\/index.php\/category\/noticias-de-ribeirao-preto-sp-e-regiao-ismael-colosi\/"},"img":{"alt_text":"","src":"https:\/\/i0.wp.com\/ismaelcolosi.com.br\/wp-content\/uploads\/2024\/08\/debate-sertaozinho_2024-08-14_18-06-38_jpg_2024-08-14_18-06-38.webp.webp?fit=975%2C522&ssl=1&resize=350%2C200","width":350,"height":200,"srcset":"https:\/\/i0.wp.com\/ismaelcolosi.com.br\/wp-content\/uploads\/2024\/08\/debate-sertaozinho_2024-08-14_18-06-38_jpg_2024-08-14_18-06-38.webp.webp?fit=975%2C522&ssl=1&resize=350%2C200 1x, https:\/\/i0.wp.com\/ismaelcolosi.com.br\/wp-content\/uploads\/2024\/08\/debate-sertaozinho_2024-08-14_18-06-38_jpg_2024-08-14_18-06-38.webp.webp?fit=975%2C522&ssl=1&resize=525%2C300 1.5x, https:\/\/i0.wp.com\/ismaelcolosi.com.br\/wp-content\/uploads\/2024\/08\/debate-sertaozinho_2024-08-14_18-06-38_jpg_2024-08-14_18-06-38.webp.webp?fit=975%2C522&ssl=1&resize=700%2C400 2x"},"classes":[]}],"jetpack_sharing_enabled":true,"jetpack_shortlink":"https:\/\/wp.me\/pfMlyK-fqt","_links":{"self":[{"href":"https:\/\/ismaelcolosi.com.br\/index.php\/wp-json\/wp\/v2\/posts\/59301","targetHints":{"allow":["GET"]}}],"collection":[{"href":"https:\/\/ismaelcolosi.com.br\/index.php\/wp-json\/wp\/v2\/posts"}],"about":[{"href":"https:\/\/ismaelcolosi.com.br\/index.php\/wp-json\/wp\/v2\/types\/post"}],"author":[{"embeddable":true,"href":"https:\/\/ismaelcolosi.com.br\/index.php\/wp-json\/wp\/v2\/users\/1"}],"replies":[{"embeddable":true,"href":"https:\/\/ismaelcolosi.com.br\/index.php\/wp-json\/wp\/v2\/comments?post=59301"}],"version-history":[{"count":0,"href":"https:\/\/ismaelcolosi.com.br\/index.php\/wp-json\/wp\/v2\/posts\/59301\/revisions"}],"wp:featuredmedia":[{"embeddable":true,"href":"https:\/\/ismaelcolosi.com.br\/index.php\/wp-json\/wp\/v2\/media\/59302"}],"wp:attachment":[{"href":"https:\/\/ismaelcolosi.com.br\/index.php\/wp-json\/wp\/v2\/media?parent=59301"}],"wp:term":[{"taxonomy":"category","embeddable":true,"href":"https:\/\/ismaelcolosi.com.br\/index.php\/wp-json\/wp\/v2\/categories?post=59301"},{"taxonomy":"post_tag","embeddable":true,"href":"https:\/\/ismaelcolosi.com.br\/index.php\/wp-json\/wp\/v2\/tags?post=59301"}],"curies":[{"name":"wp","href":"https:\/\/api.w.org\/{rel}","templated":true}]}}