{"id":59293,"date":"2024-08-07T13:56:19","date_gmt":"2024-08-07T16:56:19","guid":{"rendered":"https:\/\/ismaelcolosi.com.br\/index.php\/2024\/08\/07\/o-que-se-sabe-sobre-troca-de-tiros-que-terminou-com-morte-na-regiao-de-ribeirao\/"},"modified":"2024-08-07T13:56:19","modified_gmt":"2024-08-07T16:56:19","slug":"o-que-se-sabe-sobre-troca-de-tiros-que-terminou-com-morte-na-regiao-de-ribeirao","status":"publish","type":"post","link":"https:\/\/ismaelcolosi.com.br\/index.php\/2024\/08\/07\/o-que-se-sabe-sobre-troca-de-tiros-que-terminou-com-morte-na-regiao-de-ribeirao\/","title":{"rendered":"O que se sabe sobre troca de tiros que terminou com morte na regi\u00e3o de Ribeir\u00e3o"},"content":{"rendered":"<p> <br \/>\n<\/p>\n<div>\n<p>Um <strong>homem morreu ap\u00f3s troca de tiros com a pol\u00edcia<\/strong> no bairro Jardim Porto Seguro, em <strong>Sert\u00e3ozinho<\/strong>, cidade na regi\u00e3o de <strong>Ribeir\u00e3o Preto<\/strong>, no come\u00e7o da noite desta ter\u00e7a-feira (6).<\/p>\n<p>De acordo com as informa\u00e7\u00f5es do<strong> boletim de ocorr\u00eancia (BO)<\/strong>, o criminoso teria <strong>roubado o carro de uma mulher que estava acompanhada do filho de 9 anos<\/strong>, no bairro Santa Marta. <strong>Ele teria se aproximado do ve\u00edculo e insinuado estar armado.<\/strong><\/p>\n<p>Ap\u00f3s o ocorrido, a mulher acionou a <strong>Pol\u00edcia Militar (PM)<\/strong> e, durante patrulhamento, foi localizado o autom\u00f3vel. Os agentes tentaram abordagem, no entanto, o homem acelerou e seguiu em fuga.<\/p>\n<p><mark style=\"background-color:#fcb900\" class=\"has-inline-color\">Houve uma <strong>intensa persegui\u00e7\u00e3o pelas ruas do munic\u00edpio e o helic\u00f3ptero \u00c1guia foi acionado<\/strong> \u2013 veja o v\u00eddeo abaixo.<\/mark> Pela rua Ant\u00f4nio Teteu Furlaneto, no bairro Jardim Porto Seguro, o homem <strong>perdeu o controle do ve\u00edculo <\/strong>e bateu em uma \u00e1rvore em frente a um terreno baldio.<\/p>\n<p>Nesse momento, conforme o <strong>BO<\/strong>, <strong>equipes da PM cercaram o envolvido e o mesmo come\u00e7ou a disparar contra os agentes, que reagiram.<\/strong> Durante a troca de tiros, o homem foi baleado dentro do carro e <strong>acabou morrendo no local<\/strong>.<\/p>\n<p>Nenhum policial ficou ferido na a\u00e7\u00e3o. A <strong>Per\u00edcia <\/strong>foi acionada e compareceu at\u00e9 o local. Os peritos n\u00e3o localizaram os documentos do envolvido, portanto, at\u00e9 o encerramento desta mat\u00e9ria, a identidade do homem n\u00e3o havia sido revelada.<\/p>\n<figure class=\"wp-block-video\"><video controls=\"\" src=\"https:\/\/www.acidadeon.com\/ribeiraopreto\/wp-content\/uploads\/sites\/3\/2024\/08\/WhatsApp-Video-2024-08-07-at-13.42.18-1.mp4\"\/><figcaption class=\"wp-element-caption\"><em>Homem morre ap\u00f3s persegui\u00e7\u00e3o e troca de tiros com a pol\u00edcia na regi\u00e3o de Ribeir\u00e3o Preto<\/em><\/figcaption><\/figure>\n<hr class=\"wp-block-separator has-alpha-channel-opacity\"\/>\n<p>SAIBA MAIS<\/p>\n<p>Motociclista morre ap\u00f3s uma semana internado por conta de acidente em Ribeir\u00e3o Preto<\/p>\n<h4 class=\"wp-block-heading\"><strong>FIQUE ON<\/strong><\/h4>\n<p>Fique ligado em tudo que acontece em Ribeir\u00e3o Preto e regi\u00e3o. Siga os perfis do<strong>\u00a0acidade on\u00a0<\/strong>no<a href=\"https:\/\/www.instagram.com\/acidadeonribeirao\/\" target=\"_blank\" rel=\"noreferrer noopener\">\u00a0Instagram\u00a0<\/a>e no\u00a0<a href=\"https:\/\/www.facebook.com\/acidadeonribeirao\/\" target=\"_blank\" rel=\"noreferrer noopener\">Facebook<\/a>.<\/p>\n<p>Receba not\u00edcias do<strong>\u00a0acidade on<\/strong>\u00a0no WhatsApp.\u00a0<a href=\"https:\/\/chat.whatsapp.com\/Dtv9mxhy6V5BJBotM2OQ5k\" target=\"_blank\" rel=\"noreferrer noopener\">Para entrar no grupo, basta clicar aqui.<\/a><\/p>\n<p>Fa\u00e7a uma den\u00fancia ou sugira uma reportagem sobre Ribeir\u00e3o Preto e regi\u00e3o pelo WhatsApp: 16 99117 7802.<\/p>\n<p>VEJA TAMB\u00c9M<\/p>\n<p>Quem \u00e9 o pai do filho de Dalila em \u2018Alma G\u00eamea\u2019?<\/p>\n<p><!-- CONTENT END 1 -->\n<\/div>\n<p><script async src=\"\/\/www.instagram.com\/embed.js\"><\/script><br \/>\n<br \/><br \/>\n<br \/><a href=\"https:\/\/www.acidadeon.com\/ribeiraopreto\/cotidiano\/o-que-se-sabe-sobre-troca-de-tiros-que-terminou-com-morte-na-regiao-de-ribeirao\/\">Source link <\/a><\/p>\n","protected":false},"excerpt":{"rendered":"<p>Um homem morreu ap\u00f3s troca de tiros com a pol\u00edcia no bairro Jardim Porto Seguro, em Sert\u00e3ozinho, cidade na regi\u00e3o de Ribeir\u00e3o Preto, no come\u00e7o&#8230;<\/p>\n","protected":false},"author":1,"featured_media":59294,"comment_status":"open","ping_status":"open","sticky":false,"template":"","format":"standard","meta":{"_uag_custom_page_level_css":"","advanced_seo_description":"","jetpack_seo_html_title":"","jetpack_seo_noindex":false,"jetpack_post_was_ever_published":false,"_jetpack_newsletter_access":"","_jetpack_dont_email_post_to_subs":false,"_jetpack_newsletter_tier_id":0,"_jetpack_memberships_contains_paywalled_content":false,"_jetpack_memberships_contains_paid_content":false,"footnotes":"","jetpack_publicize_message":"","jetpack_publicize_feature_enabled":true,"jetpack_social_post_already_shared":true,"jetpack_social_options":{"image_generator_settings":{"template":"highway","default_image_id":0,"font":"","enabled":false},"version":2}},"categories":[11],"tags":[],"class_list":["post-59293","post","type-post","status-publish","format-standard","has-post-thumbnail","hentry","category-noticias-de-ribeirao-preto-sp-e-regiao-ismael-colosi"],"jetpack_publicize_connections":[],"jetpack_featured_media_url":"https:\/\/i0.wp.com\/ismaelcolosi.com.br\/wp-content\/uploads\/2024\/08\/Copia-de-Copia-de-TAMANHO-EXATO-PARA-FOTOS-NO-SISTEMA-NOVO-2024-08-07T134753.436_2024-08-07_16-48-11_png_2024-08-07_16-48-11.webp.webp?fit=1200%2C675&ssl=1","uagb_featured_image_src":{"full":["https:\/\/i0.wp.com\/ismaelcolosi.com.br\/wp-content\/uploads\/2024\/08\/Copia-de-Copia-de-TAMANHO-EXATO-PARA-FOTOS-NO-SISTEMA-NOVO-2024-08-07T134753.436_2024-08-07_16-48-11_png_2024-08-07_16-48-11.webp.webp?fit=1200%2C675&ssl=1",1200,675,false],"thumbnail":["https:\/\/i0.wp.com\/ismaelcolosi.com.br\/wp-content\/uploads\/2024\/08\/Copia-de-Copia-de-TAMANHO-EXATO-PARA-FOTOS-NO-SISTEMA-NOVO-2024-08-07T134753.436_2024-08-07_16-48-11_png_2024-08-07_16-48-11.webp.webp?resize=150%2C150&ssl=1",150,150,true],"medium":["https:\/\/i0.wp.com\/ismaelcolosi.com.br\/wp-content\/uploads\/2024\/08\/Copia-de-Copia-de-TAMANHO-EXATO-PARA-FOTOS-NO-SISTEMA-NOVO-2024-08-07T134753.436_2024-08-07_16-48-11_png_2024-08-07_16-48-11.webp.webp?fit=300%2C169&ssl=1",300,169,true],"medium_large":["https:\/\/i0.wp.com\/ismaelcolosi.com.br\/wp-content\/uploads\/2024\/08\/Copia-de-Copia-de-TAMANHO-EXATO-PARA-FOTOS-NO-SISTEMA-NOVO-2024-08-07T134753.436_2024-08-07_16-48-11_png_2024-08-07_16-48-11.webp.webp?fit=768%2C432&ssl=1",768,432,true],"large":["https:\/\/i0.wp.com\/ismaelcolosi.com.br\/wp-content\/uploads\/2024\/08\/Copia-de-Copia-de-TAMANHO-EXATO-PARA-FOTOS-NO-SISTEMA-NOVO-2024-08-07T134753.436_2024-08-07_16-48-11_png_2024-08-07_16-48-11.webp.webp?fit=1024%2C576&ssl=1",1024,576,true],"1536x1536":["https:\/\/i0.wp.com\/ismaelcolosi.com.br\/wp-content\/uploads\/2024\/08\/Copia-de-Copia-de-TAMANHO-EXATO-PARA-FOTOS-NO-SISTEMA-NOVO-2024-08-07T134753.436_2024-08-07_16-48-11_png_2024-08-07_16-48-11.webp.webp?fit=1200%2C675&ssl=1",1200,675,true],"2048x2048":["https:\/\/i0.wp.com\/ismaelcolosi.com.br\/wp-content\/uploads\/2024\/08\/Copia-de-Copia-de-TAMANHO-EXATO-PARA-FOTOS-NO-SISTEMA-NOVO-2024-08-07T134753.436_2024-08-07_16-48-11_png_2024-08-07_16-48-11.webp.webp?fit=1200%2C675&ssl=1",1200,675,true],"really-simple-thumb":["https:\/\/i0.wp.com\/ismaelcolosi.com.br\/wp-content\/uploads\/2024\/08\/Copia-de-Copia-de-TAMANHO-EXATO-PARA-FOTOS-NO-SISTEMA-NOVO-2024-08-07T134753.436_2024-08-07_16-48-11_png_2024-08-07_16-48-11.webp.webp?resize=370%2C247&ssl=1",370,247,true]},"uagb_author_info":{"display_name":"ismaelcolosi.com.br","author_link":"https:\/\/ismaelcolosi.com.br\/index.php\/author\/vidareal-online\/"},"uagb_comment_info":0,"uagb_excerpt":"Um homem morreu ap\u00f3s troca de tiros com a pol\u00edcia no bairro Jardim Porto Seguro, em Sert\u00e3ozinho, cidade na regi\u00e3o de Ribeir\u00e3o Preto, no come\u00e7o...","jetpack-related-posts":[{"id":59199,"url":"https:\/\/ismaelcolosi.com.br\/index.php\/2024\/08\/06\/homem-morre-apos-perseguicao-policial-e-troca-de-tiros-na-regiao-de-ribeirao\/","url_meta":{"origin":59293,"position":0},"title":"Homem morre ap\u00f3s persegui\u00e7\u00e3o policial e troca de tiros na regi\u00e3o de Ribeir\u00e3o","author":"ismaelcolosi.com.br","date":"6 de August de 2024","format":false,"excerpt":"*Mat\u00e9ria em atualiza\u00e7\u00e3oUm homem morreu ap\u00f3s uma persegui\u00e7\u00e3o policial e troca de tiros em Sert\u00e3ozinho, cidade na regi\u00e3o de Ribeir\u00e3o Preto, na noite desta ter\u00e7a-feira (6). De acordo com as primeiras informa\u00e7\u00f5es, a suspeita \u00e9 de que o homem teria roubado um carro em uma avenida da cidade. As equipes\u2026","rel":"","context":"In &quot;Not\u00edcias de Ribeir\u00e3o Preto-SP e Regi\u00e3o&quot;","block_context":{"text":"Not\u00edcias de Ribeir\u00e3o Preto-SP e Regi\u00e3o","link":"https:\/\/ismaelcolosi.com.br\/index.php\/category\/noticias-de-ribeirao-preto-sp-e-regiao-ismael-colosi\/"},"img":{"alt_text":"","src":"https:\/\/i0.wp.com\/ismaelcolosi.com.br\/wp-content\/uploads\/2024\/08\/IMG_3567_2024-08-07_01-09-49_jpeg_2024-08-07_01-09-51-scaled.webp.webp?fit=1200%2C900&ssl=1&resize=350%2C200","width":350,"height":200,"srcset":"https:\/\/i0.wp.com\/ismaelcolosi.com.br\/wp-content\/uploads\/2024\/08\/IMG_3567_2024-08-07_01-09-49_jpeg_2024-08-07_01-09-51-scaled.webp.webp?fit=1200%2C900&ssl=1&resize=350%2C200 1x, https:\/\/i0.wp.com\/ismaelcolosi.com.br\/wp-content\/uploads\/2024\/08\/IMG_3567_2024-08-07_01-09-49_jpeg_2024-08-07_01-09-51-scaled.webp.webp?fit=1200%2C900&ssl=1&resize=525%2C300 1.5x, https:\/\/i0.wp.com\/ismaelcolosi.com.br\/wp-content\/uploads\/2024\/08\/IMG_3567_2024-08-07_01-09-49_jpeg_2024-08-07_01-09-51-scaled.webp.webp?fit=1200%2C900&ssl=1&resize=700%2C400 2x, https:\/\/i0.wp.com\/ismaelcolosi.com.br\/wp-content\/uploads\/2024\/08\/IMG_3567_2024-08-07_01-09-49_jpeg_2024-08-07_01-09-51-scaled.webp.webp?fit=1200%2C900&ssl=1&resize=1050%2C600 3x"},"classes":[]},{"id":46812,"url":"https:\/\/ismaelcolosi.com.br\/index.php\/2024\/04\/15\/homem-e-morto-a-tiros-e-mulher-e-baleada-na-zona-norte-de-ribeirao-preto\/","url_meta":{"origin":59293,"position":1},"title":"Homem \u00e9 morto a tiros e mulher \u00e9 baleada na zona Norte de Ribeir\u00e3o Preto","author":"ismaelcolosi.com.br","date":"15 de April de 2024","format":false,"excerpt":"Um homem de 26 anos foi morto a tiros na madrugada deste domingo (14), na rua Hermelindo Del Rosso, no Jardim J\u00f3quei Clube, zona Norte de Ribeir\u00e3o Preto. Uma mulher de 24 anos tamb\u00e9m foi atingida pelos disparos e acabou socorrida. De acordo com o boletim de ocorr\u00eancia (BO), a\u2026","rel":"","context":"In &quot;Not\u00edcias de Ribeir\u00e3o Preto-SP e Regi\u00e3o&quot;","block_context":{"text":"Not\u00edcias de Ribeir\u00e3o Preto-SP e Regi\u00e3o","link":"https:\/\/ismaelcolosi.com.br\/index.php\/category\/noticias-de-ribeirao-preto-sp-e-regiao-ismael-colosi\/"},"img":{"alt_text":"","src":"https:\/\/i0.wp.com\/ismaelcolosi.com.br\/wp-content\/uploads\/2024\/04\/WhatsApp-Image-2023-12-23-at-12.01.31.jpeg?fit=480%2C245&ssl=1&resize=350%2C200","width":350,"height":200},"classes":[]},{"id":56614,"url":"https:\/\/ismaelcolosi.com.br\/index.php\/2024\/07\/12\/mulher-e-crianca-sao-baleadas-apos-discussao-na-regiao-de-ribeirao-preto\/","url_meta":{"origin":59293,"position":2},"title":"Mulher e crian\u00e7a s\u00e3o baleadas ap\u00f3s discuss\u00e3o na regi\u00e3o de Ribeir\u00e3o Preto","author":"ismaelcolosi.com.br","date":"12 de July de 2024","format":false,"excerpt":"Uma mulher e uma crian\u00e7a foram baleadas na noite desta sexta-feira (12), em Pontal, cidade na regi\u00e3o de Ribeir\u00e3o Preto. O suspeito de ter efetuado os disparos \u00e9 o marido da v\u00edtima. De acordo com a apura\u00e7\u00e3o da EPTV, que conversou com a filha da mulher, a m\u00e3e e o\u2026","rel":"","context":"In &quot;Not\u00edcias de Ribeir\u00e3o Preto-SP e Regi\u00e3o&quot;","block_context":{"text":"Not\u00edcias de Ribeir\u00e3o Preto-SP e Regi\u00e3o","link":"https:\/\/ismaelcolosi.com.br\/index.php\/category\/noticias-de-ribeirao-preto-sp-e-regiao-ismael-colosi\/"},"img":{"alt_text":"","src":"https:\/\/i0.wp.com\/ismaelcolosi.com.br\/wp-content\/uploads\/2024\/07\/sirene_giroflex_1024x576_11032021085153.jpg?fit=1024%2C576&ssl=1&resize=350%2C200","width":350,"height":200,"srcset":"https:\/\/i0.wp.com\/ismaelcolosi.com.br\/wp-content\/uploads\/2024\/07\/sirene_giroflex_1024x576_11032021085153.jpg?fit=1024%2C576&ssl=1&resize=350%2C200 1x, https:\/\/i0.wp.com\/ismaelcolosi.com.br\/wp-content\/uploads\/2024\/07\/sirene_giroflex_1024x576_11032021085153.jpg?fit=1024%2C576&ssl=1&resize=525%2C300 1.5x, https:\/\/i0.wp.com\/ismaelcolosi.com.br\/wp-content\/uploads\/2024\/07\/sirene_giroflex_1024x576_11032021085153.jpg?fit=1024%2C576&ssl=1&resize=700%2C400 2x"},"classes":[]},{"id":74073,"url":"https:\/\/ismaelcolosi.com.br\/index.php\/2024\/10\/29\/homem-morre-em-troca-de-tiros-com-pm-na-regiao\/","url_meta":{"origin":59293,"position":3},"title":"Homem morre em troca de tiros com PM na regi\u00e3o","author":"ismaelcolosi.com.br","date":"29 de October de 2024","format":false,"excerpt":"Por: Adalberto Luque Um homem morreu ap\u00f3s troca de tiros e tentativa de fuga da Pol\u00edcia Militar, na noite desta sexta-feira (26). O caso ocorreu na Estrada Velha de Jardin\u00f3polis, zona Rural da cidade, regi\u00e3o metropolitana de Ribeir\u00e3o Preto. Segundo informa\u00e7\u00f5es, uma den\u00fancia an\u00f4nima feita pelo n\u00famero 190 indicou que\u2026","rel":"","context":"In &quot;Not\u00edcias de Ribeir\u00e3o Preto-SP e Regi\u00e3o&quot;","block_context":{"text":"Not\u00edcias de Ribeir\u00e3o Preto-SP e Regi\u00e3o","link":"https:\/\/ismaelcolosi.com.br\/index.php\/category\/noticias-de-ribeirao-preto-sp-e-regiao-ismael-colosi\/"},"img":{"alt_text":"","src":"https:\/\/i0.wp.com\/ismaelcolosi.com.br\/wp-content\/uploads\/2024\/10\/28out2024corpojardinopolis.jpg?fit=696%2C401&ssl=1&resize=350%2C200","width":350,"height":200,"srcset":"https:\/\/i0.wp.com\/ismaelcolosi.com.br\/wp-content\/uploads\/2024\/10\/28out2024corpojardinopolis.jpg?fit=696%2C401&ssl=1&resize=350%2C200 1x, https:\/\/i0.wp.com\/ismaelcolosi.com.br\/wp-content\/uploads\/2024\/10\/28out2024corpojardinopolis.jpg?fit=696%2C401&ssl=1&resize=525%2C300 1.5x"},"classes":[]},{"id":841,"url":"https:\/\/ismaelcolosi.com.br\/index.php\/2023\/11\/09\/homem-e-executado-a-tiros-na-rua-tabatinga-em-ribeirao-preto-x-tudo-ribeirao\/","url_meta":{"origin":59293,"position":4},"title":"Homem \u00e9 executado a tiros na rua Tabatinga, em Ribeir\u00e3o Preto \u2013 X Tudo Ribeir\u00e3o","author":"ismaelcolosi.com.br","date":"9 de November de 2023","format":false,"excerpt":"Um homem ainda sem identifica\u00e7\u00e3o foi executado a tiros na noite desta ter\u00e7a-feira (31\/10), na rua Tabatinga, no bairro Ipiranga na zona Norte de Ribeir\u00e3o Preto.\u00a0 Segundo informa\u00e7\u00f5es iniciais da Pol\u00edcia Militar, a v\u00edtima estava defronte ao numeral 2850 da rua Tabatinga, quando foi surpreendida pelo atirador. De acordo com\u2026","rel":"","context":"In &quot;Not\u00edcias de Ribeir\u00e3o Preto-SP e Regi\u00e3o&quot;","block_context":{"text":"Not\u00edcias de Ribeir\u00e3o Preto-SP e Regi\u00e3o","link":"https:\/\/ismaelcolosi.com.br\/index.php\/category\/noticias-de-ribeirao-preto-sp-e-regiao-ismael-colosi\/"},"img":{"alt_text":"","src":"https:\/\/i0.wp.com\/ismaelcolosi.com.br\/wp-content\/uploads\/2023\/11\/WhatsApp-Image-2023-10-31-at-21.29.19.jpeg?fit=1200%2C696&ssl=1&resize=350%2C200","width":350,"height":200,"srcset":"https:\/\/i0.wp.com\/ismaelcolosi.com.br\/wp-content\/uploads\/2023\/11\/WhatsApp-Image-2023-10-31-at-21.29.19.jpeg?fit=1200%2C696&ssl=1&resize=350%2C200 1x, https:\/\/i0.wp.com\/ismaelcolosi.com.br\/wp-content\/uploads\/2023\/11\/WhatsApp-Image-2023-10-31-at-21.29.19.jpeg?fit=1200%2C696&ssl=1&resize=525%2C300 1.5x, https:\/\/i0.wp.com\/ismaelcolosi.com.br\/wp-content\/uploads\/2023\/11\/WhatsApp-Image-2023-10-31-at-21.29.19.jpeg?fit=1200%2C696&ssl=1&resize=700%2C400 2x, https:\/\/i0.wp.com\/ismaelcolosi.com.br\/wp-content\/uploads\/2023\/11\/WhatsApp-Image-2023-10-31-at-21.29.19.jpeg?fit=1200%2C696&ssl=1&resize=1050%2C600 3x"},"classes":[]},{"id":26243,"url":"https:\/\/ismaelcolosi.com.br\/index.php\/2024\/01\/09\/policia-e-acionada-apos-confusao-em-encontro-amoroso-na-zona-sul-de-ribeirao\/","url_meta":{"origin":59293,"position":5},"title":"Pol\u00edcia \u00e9 acionada ap\u00f3s confus\u00e3o em encontro amoroso na zona Sul de Ribeir\u00e3o","author":"ismaelcolosi.com.br","date":"9 de January de 2024","format":false,"excerpt":"Um homem, de 31 anos, foi agredido no \u00faltimo domingo (7), em uma resid\u00eancia do bairro Vila Seixas, na zona Sul de Ribeir\u00e3o Preto, ap\u00f3s realizar um encontro sexual com uma mulher, de 33 anos. De acordo com o boletim de ocorr\u00eancia, a v\u00edtima teria informado aos policiais que contratou\u2026","rel":"","context":"In &quot;Not\u00edcias de Ribeir\u00e3o Preto-SP e Regi\u00e3o&quot;","block_context":{"text":"Not\u00edcias de Ribeir\u00e3o Preto-SP e Regi\u00e3o","link":"https:\/\/ismaelcolosi.com.br\/index.php\/category\/noticias-de-ribeirao-preto-sp-e-regiao-ismael-colosi\/"},"img":{"alt_text":"","src":"https:\/\/ismaelcolosi.com.br\/wp-content\/uploads\/2023\/11\/whatsapp_image_2022-08-14_at_12_10_03.jpe","width":350,"height":200,"srcset":"https:\/\/ismaelcolosi.com.br\/wp-content\/uploads\/2023\/11\/whatsapp_image_2022-08-14_at_12_10_03.jpe 1x, https:\/\/ismaelcolosi.com.br\/wp-content\/uploads\/2023\/11\/whatsapp_image_2022-08-14_at_12_10_03.jpe 1.5x, https:\/\/ismaelcolosi.com.br\/wp-content\/uploads\/2023\/11\/whatsapp_image_2022-08-14_at_12_10_03.jpe 2x, https:\/\/ismaelcolosi.com.br\/wp-content\/uploads\/2023\/11\/whatsapp_image_2022-08-14_at_12_10_03.jpe 3x"},"classes":[]}],"jetpack_sharing_enabled":true,"jetpack_shortlink":"https:\/\/wp.me\/pfMlyK-fql","_links":{"self":[{"href":"https:\/\/ismaelcolosi.com.br\/index.php\/wp-json\/wp\/v2\/posts\/59293","targetHints":{"allow":["GET"]}}],"collection":[{"href":"https:\/\/ismaelcolosi.com.br\/index.php\/wp-json\/wp\/v2\/posts"}],"about":[{"href":"https:\/\/ismaelcolosi.com.br\/index.php\/wp-json\/wp\/v2\/types\/post"}],"author":[{"embeddable":true,"href":"https:\/\/ismaelcolosi.com.br\/index.php\/wp-json\/wp\/v2\/users\/1"}],"replies":[{"embeddable":true,"href":"https:\/\/ismaelcolosi.com.br\/index.php\/wp-json\/wp\/v2\/comments?post=59293"}],"version-history":[{"count":0,"href":"https:\/\/ismaelcolosi.com.br\/index.php\/wp-json\/wp\/v2\/posts\/59293\/revisions"}],"wp:featuredmedia":[{"embeddable":true,"href":"https:\/\/ismaelcolosi.com.br\/index.php\/wp-json\/wp\/v2\/media\/59294"}],"wp:attachment":[{"href":"https:\/\/ismaelcolosi.com.br\/index.php\/wp-json\/wp\/v2\/media?parent=59293"}],"wp:term":[{"taxonomy":"category","embeddable":true,"href":"https:\/\/ismaelcolosi.com.br\/index.php\/wp-json\/wp\/v2\/categories?post=59293"},{"taxonomy":"post_tag","embeddable":true,"href":"https:\/\/ismaelcolosi.com.br\/index.php\/wp-json\/wp\/v2\/tags?post=59293"}],"curies":[{"name":"wp","href":"https:\/\/api.w.org\/{rel}","templated":true}]}}