{"id":59285,"date":"2024-08-07T13:10:36","date_gmt":"2024-08-07T16:10:36","guid":{"rendered":"https:\/\/ismaelcolosi.com.br\/index.php\/2024\/08\/07\/veja-quais-sao-os-sintomas-da-febre-oropouche-sp-tem-cinco-casos-confirmados\/"},"modified":"2024-08-07T13:10:36","modified_gmt":"2024-08-07T16:10:36","slug":"veja-quais-sao-os-sintomas-da-febre-oropouche-sp-tem-cinco-casos-confirmados","status":"publish","type":"post","link":"https:\/\/ismaelcolosi.com.br\/index.php\/2024\/08\/07\/veja-quais-sao-os-sintomas-da-febre-oropouche-sp-tem-cinco-casos-confirmados\/","title":{"rendered":"Veja quais s\u00e3o os sintomas da Febre Oropouche; SP tem cinco casos confirmados"},"content":{"rendered":"<p> <br \/>\n<\/p>\n<div data-td-block-uid=\"tdi_106\">\n<div class=\"tdb-block-inner td-fix-index\">\n<p>O <strong>Estado de S\u00e3o Paulo<\/strong> j\u00e1 registrou cinco casos de<strong> Febre Oropouche<\/strong>, sendo quatro deles no munic\u00edpio de <strong>Cajati<\/strong> e um em <strong>Pariquera-A\u00e7u<\/strong>, no interior paulista.<\/p>\n<p>Segundo a <strong>Secretaria Estadual de Sa\u00fade<\/strong>, todos os cinco pacientes diagnosticados com a doen\u00e7a j\u00e1 evolu\u00edram para cura. Por\u00e9m, \u00e9 importante estar alerta, veja quais s\u00e3o os sintomas da doen\u00e7a abaixo.<\/p>\n<h4 class=\"wp-block-heading\"><strong>Sintomas da Febre Oropouche<\/strong><\/h4>\n<p>De acordo com o <strong>Minist\u00e9rio da Sa\u00fade<\/strong>, os sintomas s\u00e3o parecidos com os da dengue. Veja o que a <strong>Febre Oropouche<\/strong> pode causar:<\/p>\n<ul>\n<li>Dor de cabe\u00e7a intensa<\/li>\n<li>Dor muscular<\/li>\n<li>N\u00e1usea<\/li>\n<li>Diarreia<\/li>\n<\/ul>\n<h4 class=\"wp-block-heading\"><strong>Transmiss\u00e3o<\/strong><\/h4>\n<p>A <strong>transmiss\u00e3o da doen\u00e7a <\/strong>ocorre principalmente pelo inseto conhecido como <em>Culicoides paraensis<\/em><strong>\u00a0(maruim)<\/strong>. Depois de picar uma pessoa ou animal infectado, o v\u00edrus permanece no inseto por alguns dias. Quando o inseto pica uma pessoa saud\u00e1vel ocorre a transmiss\u00e3o do v\u00edrus.<\/p>\n<p>O diagn\u00f3stico \u00e9 cl\u00ednico, epidemiol\u00f3gico e laboratorial. Ainda n\u00e3o h\u00e1 um tratamento especifico para a <strong>Febre Oropouche<\/strong>. Os pacientes devem permanecer em repouso, com tratamento sintom\u00e1tico e acompanhamento m\u00e9dico.<\/p>\n<p>SAIBA MAIS<br \/>A\u00e9rea anuncia investimento de 2 bilh\u00f5es de d\u00f3lares com foco no interior de SP<\/p>\n<h4 class=\"wp-block-heading\"><strong>FIQUE ON<\/strong><\/h4>\n<p>Fique ligado em tudo que acontece em Ribeir\u00e3o Preto e regi\u00e3o. Siga os perfis do <strong>acidade on <\/strong>no <a href=\"https:\/\/www.instagram.com\/acidadeonribeirao\" target=\"_blank\" rel=\"noreferrer noopener\">Instagram<\/a> e no <a href=\"https:\/\/www.facebook.com\/acidadeonribeirao\" target=\"_blank\" rel=\"noreferrer noopener\">Facebook<\/a>.<\/p>\n<p>Receba not\u00edcias do acidade on no WhatsApp. Para entrar no grupo, basta <a href=\"https:\/\/chat.whatsapp.com\/Dtv9mxhy6V5BJBotM2OQ5k\" target=\"_blank\" rel=\"noreferrer noopener\">clicar aqui<\/a>.<\/p>\n<p>Fa\u00e7a uma den\u00fancia ou sugira uma reportagem sobre Ribeir\u00e3o Preto e regi\u00e3o pelo WhatsApp: 16 99117 7802.<\/p>\n<p>VEJA TAMB\u00c9M<br \/>Por onde anda Rita Guedes?<\/p>\n<p><!-- CONTENT END 1 -->\n<\/div>\n<\/div>\n<p><script async src=\"\/\/www.instagram.com\/embed.js\"><\/script><br \/>\n<br \/><br \/>\n<br \/><a href=\"https:\/\/www.acidadeon.com\/ribeiraopreto\/cotidiano\/veja-quais-sao-os-sintomas-febre-oropouche-sp-tem-cinco-casos-confirmados\/\">Source link <\/a><\/p>\n","protected":false},"excerpt":{"rendered":"<p>O Estado de S\u00e3o Paulo j\u00e1 registrou cinco casos de Febre Oropouche, sendo quatro deles no munic\u00edpio de Cajati e um em Pariquera-A\u00e7u, no interior&#8230;<\/p>\n","protected":false},"author":1,"featured_media":59286,"comment_status":"open","ping_status":"open","sticky":false,"template":"","format":"standard","meta":{"_uag_custom_page_level_css":"","advanced_seo_description":"","jetpack_seo_html_title":"","jetpack_seo_noindex":false,"jetpack_post_was_ever_published":false,"_jetpack_newsletter_access":"","_jetpack_dont_email_post_to_subs":false,"_jetpack_newsletter_tier_id":0,"_jetpack_memberships_contains_paywalled_content":false,"_jetpack_memberships_contains_paid_content":false,"footnotes":"","jetpack_publicize_message":"","jetpack_publicize_feature_enabled":true,"jetpack_social_post_already_shared":true,"jetpack_social_options":{"image_generator_settings":{"template":"highway","default_image_id":0,"font":"","enabled":false},"version":2}},"categories":[11],"tags":[],"class_list":["post-59285","post","type-post","status-publish","format-standard","has-post-thumbnail","hentry","category-noticias-de-ribeirao-preto-sp-e-regiao-ismael-colosi"],"jetpack_publicize_connections":[],"jetpack_featured_media_url":"https:\/\/i0.wp.com\/ismaelcolosi.com.br\/wp-content\/uploads\/2024\/08\/Capturar_2024-08-07_15-15-50_jpg_2024-08-07_15-15-50.webp.webp?fit=975%2C549&ssl=1","uagb_featured_image_src":{"full":["https:\/\/i0.wp.com\/ismaelcolosi.com.br\/wp-content\/uploads\/2024\/08\/Capturar_2024-08-07_15-15-50_jpg_2024-08-07_15-15-50.webp.webp?fit=975%2C549&ssl=1",975,549,false],"thumbnail":["https:\/\/i0.wp.com\/ismaelcolosi.com.br\/wp-content\/uploads\/2024\/08\/Capturar_2024-08-07_15-15-50_jpg_2024-08-07_15-15-50.webp.webp?resize=150%2C150&ssl=1",150,150,true],"medium":["https:\/\/i0.wp.com\/ismaelcolosi.com.br\/wp-content\/uploads\/2024\/08\/Capturar_2024-08-07_15-15-50_jpg_2024-08-07_15-15-50.webp.webp?fit=300%2C169&ssl=1",300,169,true],"medium_large":["https:\/\/i0.wp.com\/ismaelcolosi.com.br\/wp-content\/uploads\/2024\/08\/Capturar_2024-08-07_15-15-50_jpg_2024-08-07_15-15-50.webp.webp?fit=768%2C432&ssl=1",768,432,true],"large":["https:\/\/i0.wp.com\/ismaelcolosi.com.br\/wp-content\/uploads\/2024\/08\/Capturar_2024-08-07_15-15-50_jpg_2024-08-07_15-15-50.webp.webp?fit=975%2C549&ssl=1",975,549,true],"1536x1536":["https:\/\/i0.wp.com\/ismaelcolosi.com.br\/wp-content\/uploads\/2024\/08\/Capturar_2024-08-07_15-15-50_jpg_2024-08-07_15-15-50.webp.webp?fit=975%2C549&ssl=1",975,549,true],"2048x2048":["https:\/\/i0.wp.com\/ismaelcolosi.com.br\/wp-content\/uploads\/2024\/08\/Capturar_2024-08-07_15-15-50_jpg_2024-08-07_15-15-50.webp.webp?fit=975%2C549&ssl=1",975,549,true],"really-simple-thumb":["https:\/\/i0.wp.com\/ismaelcolosi.com.br\/wp-content\/uploads\/2024\/08\/Capturar_2024-08-07_15-15-50_jpg_2024-08-07_15-15-50.webp.webp?resize=370%2C247&ssl=1",370,247,true]},"uagb_author_info":{"display_name":"ismaelcolosi.com.br","author_link":"https:\/\/ismaelcolosi.com.br\/index.php\/author\/vidareal-online\/"},"uagb_comment_info":0,"uagb_excerpt":"O Estado de S\u00e3o Paulo j\u00e1 registrou cinco casos de Febre Oropouche, sendo quatro deles no munic\u00edpio de Cajati e um em Pariquera-A\u00e7u, no interior...","jetpack-related-posts":[{"id":58055,"url":"https:\/\/ismaelcolosi.com.br\/index.php\/2024\/07\/26\/entenda-o-que-e-a-febre-do-oropouche-sintomas-sao-parecidos-com-a-dengue\/","url_meta":{"origin":59285,"position":0},"title":"Entenda o que \u00e9 a febre do Oropouche; sintomas s\u00e3o parecidos com a dengue","author":"ismaelcolosi.com.br","date":"26 de July de 2024","format":false,"excerpt":"Na \u00faltima quinta-feira (25), o Minist\u00e9rio da Sa\u00fade confirmou duas mortes por febre oropouche no interior da Bahia. A febre do Oropouche \u00e9 uma doen\u00e7a causada por um v\u00edrus transmitido principalmente pelo mosquito Culicoides paraenses, conhecido como maruim ou mosquito-p\u00f3lvora. Sintomas da febre do Oropouche De acordo com o Minist\u00e9rio\u2026","rel":"","context":"In &quot;Not\u00edcias de Ribeir\u00e3o Preto-SP e Regi\u00e3o&quot;","block_context":{"text":"Not\u00edcias de Ribeir\u00e3o Preto-SP e Regi\u00e3o","link":"https:\/\/ismaelcolosi.com.br\/index.php\/category\/noticias-de-ribeirao-preto-sp-e-regiao-ismael-colosi\/"},"img":{"alt_text":"","src":"https:\/\/i0.wp.com\/ismaelcolosi.com.br\/wp-content\/uploads\/2024\/07\/febre-do-Oropouche_2024-07-26_18-02-20_jpg_2024-07-26_18-02-20.webp.webp?fit=1200%2C800&ssl=1&resize=350%2C200","width":350,"height":200,"srcset":"https:\/\/i0.wp.com\/ismaelcolosi.com.br\/wp-content\/uploads\/2024\/07\/febre-do-Oropouche_2024-07-26_18-02-20_jpg_2024-07-26_18-02-20.webp.webp?fit=1200%2C800&ssl=1&resize=350%2C200 1x, https:\/\/i0.wp.com\/ismaelcolosi.com.br\/wp-content\/uploads\/2024\/07\/febre-do-Oropouche_2024-07-26_18-02-20_jpg_2024-07-26_18-02-20.webp.webp?fit=1200%2C800&ssl=1&resize=525%2C300 1.5x, https:\/\/i0.wp.com\/ismaelcolosi.com.br\/wp-content\/uploads\/2024\/07\/febre-do-Oropouche_2024-07-26_18-02-20_jpg_2024-07-26_18-02-20.webp.webp?fit=1200%2C800&ssl=1&resize=700%2C400 2x, https:\/\/i0.wp.com\/ismaelcolosi.com.br\/wp-content\/uploads\/2024\/07\/febre-do-Oropouche_2024-07-26_18-02-20_jpg_2024-07-26_18-02-20.webp.webp?fit=1200%2C800&ssl=1&resize=1050%2C600 3x"},"classes":[]},{"id":58938,"url":"https:\/\/ismaelcolosi.com.br\/index.php\/2024\/08\/04\/interior-de-sp-registra-mais-tres-casos-de-febre-oropouche-obito-fetal-e-confirmado-no-pais\/","url_meta":{"origin":59285,"position":1},"title":"Interior de SP registra mais tr\u00eas casos de Febre Oropouche; \u00d3bito fetal \u00e9 confirmado no pa\u00eds","author":"ismaelcolosi.com.br","date":"4 de August de 2024","format":false,"excerpt":"O Minist\u00e9rio da Sa\u00fade (MS) confirmou um caso de \u00f3bito fetal causado por\u00a0transmiss\u00e3o vertical de febre do Oropouche,\u00a0que acontece quando o v\u00edrus \u00e9 passado\u00a0 da m\u00e3e para o beb\u00ea, durante a gesta\u00e7\u00e3o ou no parto.\u00a0 A confirma\u00e7\u00e3o foi feita na sexta-feira (2) no estado de Pernambuco. A pasta informou que\u2026","rel":"","context":"In &quot;Not\u00edcias de Ribeir\u00e3o Preto-SP e Regi\u00e3o&quot;","block_context":{"text":"Not\u00edcias de Ribeir\u00e3o Preto-SP e Regi\u00e3o","link":"https:\/\/ismaelcolosi.com.br\/index.php\/category\/noticias-de-ribeirao-preto-sp-e-regiao-ismael-colosi\/"},"img":{"alt_text":"","src":"https:\/\/i0.wp.com\/ismaelcolosi.com.br\/wp-content\/uploads\/2024\/08\/img-20240608-wa0016-768x419a_2024-08-04_18-14-03.webp.webp?fit=1170%2C700&ssl=1&resize=350%2C200","width":350,"height":200,"srcset":"https:\/\/i0.wp.com\/ismaelcolosi.com.br\/wp-content\/uploads\/2024\/08\/img-20240608-wa0016-768x419a_2024-08-04_18-14-03.webp.webp?fit=1170%2C700&ssl=1&resize=350%2C200 1x, https:\/\/i0.wp.com\/ismaelcolosi.com.br\/wp-content\/uploads\/2024\/08\/img-20240608-wa0016-768x419a_2024-08-04_18-14-03.webp.webp?fit=1170%2C700&ssl=1&resize=525%2C300 1.5x, https:\/\/i0.wp.com\/ismaelcolosi.com.br\/wp-content\/uploads\/2024\/08\/img-20240608-wa0016-768x419a_2024-08-04_18-14-03.webp.webp?fit=1170%2C700&ssl=1&resize=700%2C400 2x, https:\/\/i0.wp.com\/ismaelcolosi.com.br\/wp-content\/uploads\/2024\/08\/img-20240608-wa0016-768x419a_2024-08-04_18-14-03.webp.webp?fit=1170%2C700&ssl=1&resize=1050%2C600 3x"},"classes":[]},{"id":58703,"url":"https:\/\/ismaelcolosi.com.br\/index.php\/2024\/08\/01\/interior-de-sp-confirma-dois-casos-de-febre-oropouche\/","url_meta":{"origin":59285,"position":2},"title":"Interior de SP confirma dois casos de Febre Oropouche","author":"ismaelcolosi.com.br","date":"1 de August de 2024","format":false,"excerpt":"A Secretaria da Sa\u00fade de S\u00e3o Paulo confirmou dois casos de Febre Oropouche no interior paulista. A doen\u00e7a \u00e9 causada pela picada do mosquito-maruim infectado com o v\u00edrus, tamb\u00e9m conhecido como \u201cmosquito p\u00f3lvora\u201d. Os casos aut\u00f3ctones foram identificados em Cajati, munic\u00edpio da regi\u00e3o do Vale do Ribeira. Casos aut\u00f3ctones s\u00e3o\u2026","rel":"","context":"In &quot;Not\u00edcias de Ribeir\u00e3o Preto-SP e Regi\u00e3o&quot;","block_context":{"text":"Not\u00edcias de Ribeir\u00e3o Preto-SP e Regi\u00e3o","link":"https:\/\/ismaelcolosi.com.br\/index.php\/category\/noticias-de-ribeirao-preto-sp-e-regiao-ismael-colosi\/"},"img":{"alt_text":"","src":"https:\/\/i0.wp.com\/ismaelcolosi.com.br\/wp-content\/uploads\/2024\/07\/febre-do-Oropouche_2024-07-26_18-02-20_jpg_2024-07-26_18-02-20.webp.webp?fit=1200%2C800&ssl=1&resize=350%2C200","width":350,"height":200,"srcset":"https:\/\/i0.wp.com\/ismaelcolosi.com.br\/wp-content\/uploads\/2024\/07\/febre-do-Oropouche_2024-07-26_18-02-20_jpg_2024-07-26_18-02-20.webp.webp?fit=1200%2C800&ssl=1&resize=350%2C200 1x, https:\/\/i0.wp.com\/ismaelcolosi.com.br\/wp-content\/uploads\/2024\/07\/febre-do-Oropouche_2024-07-26_18-02-20_jpg_2024-07-26_18-02-20.webp.webp?fit=1200%2C800&ssl=1&resize=525%2C300 1.5x, https:\/\/i0.wp.com\/ismaelcolosi.com.br\/wp-content\/uploads\/2024\/07\/febre-do-Oropouche_2024-07-26_18-02-20_jpg_2024-07-26_18-02-20.webp.webp?fit=1200%2C800&ssl=1&resize=700%2C400 2x, https:\/\/i0.wp.com\/ismaelcolosi.com.br\/wp-content\/uploads\/2024\/07\/febre-do-Oropouche_2024-07-26_18-02-20_jpg_2024-07-26_18-02-20.webp.webp?fit=1200%2C800&ssl=1&resize=1050%2C600 3x"},"classes":[]},{"id":40437,"url":"https:\/\/ismaelcolosi.com.br\/index.php\/2024\/03\/03\/entenda-a-diferenca-dos-sintomas-de-dengue-e-de-covid-19\/","url_meta":{"origin":59285,"position":3},"title":"Entenda a diferen\u00e7a dos sintomas de dengue e de covid-19\u00a0","author":"ismaelcolosi.com.br","date":"3 de March de 2024","format":false,"excerpt":"Em meio a uma explos\u00e3o de casos de dengue e o aumento de infec\u00e7\u00f5es por covid-19 no Brasil, sintomas como febre, dor de cabe\u00e7a e mal-estar passaram a assustar e gerar muitas d\u00favidas. No atual cen\u00e1rio epidemiol\u00f3gico, \u00e9 importante saber diferenciar os sinais de cada enfermidade.\u00a0O infectologista do Servi\u00e7o de\u2026","rel":"","context":"In &quot;Not\u00edcias de Ribeir\u00e3o Preto-SP e Regi\u00e3o&quot;","block_context":{"text":"Not\u00edcias de Ribeir\u00e3o Preto-SP e Regi\u00e3o","link":"https:\/\/ismaelcolosi.com.br\/index.php\/category\/noticias-de-ribeirao-preto-sp-e-regiao-ismael-colosi\/"},"img":{"alt_text":"","src":"https:\/\/i0.wp.com\/ismaelcolosi.com.br\/wp-content\/uploads\/2024\/03\/sintomas-covid-coronavirus-pandemia-diagnostico-teste.png?fit=1000%2C523&ssl=1&resize=350%2C200","width":350,"height":200,"srcset":"https:\/\/i0.wp.com\/ismaelcolosi.com.br\/wp-content\/uploads\/2024\/03\/sintomas-covid-coronavirus-pandemia-diagnostico-teste.png?fit=1000%2C523&ssl=1&resize=350%2C200 1x, https:\/\/i0.wp.com\/ismaelcolosi.com.br\/wp-content\/uploads\/2024\/03\/sintomas-covid-coronavirus-pandemia-diagnostico-teste.png?fit=1000%2C523&ssl=1&resize=525%2C300 1.5x, https:\/\/i0.wp.com\/ismaelcolosi.com.br\/wp-content\/uploads\/2024\/03\/sintomas-covid-coronavirus-pandemia-diagnostico-teste.png?fit=1000%2C523&ssl=1&resize=700%2C400 2x"},"classes":[]},{"id":944,"url":"https:\/\/ismaelcolosi.com.br\/index.php\/2023\/11\/09\/febre-maculosa-cidade-na-regiao-de-ribeirao-confirma-primeiro-caso-da-doenca\/","url_meta":{"origin":59285,"position":4},"title":"Febre maculosa: Cidade na regi\u00e3o de Ribeir\u00e3o confirma primeiro caso da doen\u00e7a","author":"ismaelcolosi.com.br","date":"9 de November de 2023","format":false,"excerpt":"A Prefeitura de Sert\u00e3ozinho, cidade na regi\u00e3o de Ribeir\u00e3o Preto, informou nesta quinta-feira (9), que recebeu um resultado positivo para febre maculosa de uma pessoa residente do munic\u00edpio, na quarta-feira (8). De acordo com a Secret\u00e1ria Municipal de Sa\u00fade, o paciente apresentou sintomas no m\u00eas de julho e o tratamento\u2026","rel":"","context":"In &quot;Not\u00edcias de Ribeir\u00e3o Preto-SP e Regi\u00e3o&quot;","block_context":{"text":"Not\u00edcias de Ribeir\u00e3o Preto-SP e Regi\u00e3o","link":"https:\/\/ismaelcolosi.com.br\/index.php\/category\/noticias-de-ribeirao-preto-sp-e-regiao-ismael-colosi\/"},"img":{"alt_text":"","src":"https:\/\/i0.wp.com\/ismaelcolosi.com.br\/wp-content\/uploads\/2023\/11\/FebremaculosaMorreadolescentequeesteveemfestanointeriordeSP_Tamanho_2_image.jpg?fit=1200%2C900&ssl=1&resize=350%2C200","width":350,"height":200,"srcset":"https:\/\/i0.wp.com\/ismaelcolosi.com.br\/wp-content\/uploads\/2023\/11\/FebremaculosaMorreadolescentequeesteveemfestanointeriordeSP_Tamanho_2_image.jpg?fit=1200%2C900&ssl=1&resize=350%2C200 1x, https:\/\/i0.wp.com\/ismaelcolosi.com.br\/wp-content\/uploads\/2023\/11\/FebremaculosaMorreadolescentequeesteveemfestanointeriordeSP_Tamanho_2_image.jpg?fit=1200%2C900&ssl=1&resize=525%2C300 1.5x, https:\/\/i0.wp.com\/ismaelcolosi.com.br\/wp-content\/uploads\/2023\/11\/FebremaculosaMorreadolescentequeesteveemfestanointeriordeSP_Tamanho_2_image.jpg?fit=1200%2C900&ssl=1&resize=700%2C400 2x, https:\/\/i0.wp.com\/ismaelcolosi.com.br\/wp-content\/uploads\/2023\/11\/FebremaculosaMorreadolescentequeesteveemfestanointeriordeSP_Tamanho_2_image.jpg?fit=1200%2C900&ssl=1&resize=1050%2C600 3x"},"classes":[]},{"id":948,"url":"https:\/\/ismaelcolosi.com.br\/index.php\/2023\/11\/09\/febre-maculosa-cidade-na-regiao-de-ribeirao-confirma-caso-da-doenca\/","url_meta":{"origin":59285,"position":5},"title":"Febre maculosa: Cidade na regi\u00e3o de Ribeir\u00e3o confirma caso da doen\u00e7a","author":"ismaelcolosi.com.br","date":"9 de November de 2023","format":false,"excerpt":"A Prefeitura de Sert\u00e3ozinho, cidade na regi\u00e3o de Ribeir\u00e3o Preto, informou nesta quinta-feira (9), que recebeu um resultado positivo para febre maculosa de uma pessoa residente do munic\u00edpio, na quarta-feira (8). De acordo com a Secret\u00e1ria Municipal de Sa\u00fade, o paciente apresentou sintomas no m\u00eas de julho e o tratamento\u2026","rel":"","context":"In &quot;Not\u00edcias de Ribeir\u00e3o Preto-SP e Regi\u00e3o&quot;","block_context":{"text":"Not\u00edcias de Ribeir\u00e3o Preto-SP e Regi\u00e3o","link":"https:\/\/ismaelcolosi.com.br\/index.php\/category\/noticias-de-ribeirao-preto-sp-e-regiao-ismael-colosi\/"},"img":{"alt_text":"","src":"https:\/\/i0.wp.com\/ismaelcolosi.com.br\/wp-content\/uploads\/2023\/11\/1699565708_FebremaculosaMorreadolescentequeesteveemfestanointeriordeSP_Tamanho_2_image.jpg?fit=1200%2C900&ssl=1&resize=350%2C200","width":350,"height":200,"srcset":"https:\/\/i0.wp.com\/ismaelcolosi.com.br\/wp-content\/uploads\/2023\/11\/1699565708_FebremaculosaMorreadolescentequeesteveemfestanointeriordeSP_Tamanho_2_image.jpg?fit=1200%2C900&ssl=1&resize=350%2C200 1x, https:\/\/i0.wp.com\/ismaelcolosi.com.br\/wp-content\/uploads\/2023\/11\/1699565708_FebremaculosaMorreadolescentequeesteveemfestanointeriordeSP_Tamanho_2_image.jpg?fit=1200%2C900&ssl=1&resize=525%2C300 1.5x, https:\/\/i0.wp.com\/ismaelcolosi.com.br\/wp-content\/uploads\/2023\/11\/1699565708_FebremaculosaMorreadolescentequeesteveemfestanointeriordeSP_Tamanho_2_image.jpg?fit=1200%2C900&ssl=1&resize=700%2C400 2x, https:\/\/i0.wp.com\/ismaelcolosi.com.br\/wp-content\/uploads\/2023\/11\/1699565708_FebremaculosaMorreadolescentequeesteveemfestanointeriordeSP_Tamanho_2_image.jpg?fit=1200%2C900&ssl=1&resize=1050%2C600 3x"},"classes":[]}],"jetpack_sharing_enabled":true,"jetpack_shortlink":"https:\/\/wp.me\/pfMlyK-fqd","_links":{"self":[{"href":"https:\/\/ismaelcolosi.com.br\/index.php\/wp-json\/wp\/v2\/posts\/59285","targetHints":{"allow":["GET"]}}],"collection":[{"href":"https:\/\/ismaelcolosi.com.br\/index.php\/wp-json\/wp\/v2\/posts"}],"about":[{"href":"https:\/\/ismaelcolosi.com.br\/index.php\/wp-json\/wp\/v2\/types\/post"}],"author":[{"embeddable":true,"href":"https:\/\/ismaelcolosi.com.br\/index.php\/wp-json\/wp\/v2\/users\/1"}],"replies":[{"embeddable":true,"href":"https:\/\/ismaelcolosi.com.br\/index.php\/wp-json\/wp\/v2\/comments?post=59285"}],"version-history":[{"count":0,"href":"https:\/\/ismaelcolosi.com.br\/index.php\/wp-json\/wp\/v2\/posts\/59285\/revisions"}],"wp:featuredmedia":[{"embeddable":true,"href":"https:\/\/ismaelcolosi.com.br\/index.php\/wp-json\/wp\/v2\/media\/59286"}],"wp:attachment":[{"href":"https:\/\/ismaelcolosi.com.br\/index.php\/wp-json\/wp\/v2\/media?parent=59285"}],"wp:term":[{"taxonomy":"category","embeddable":true,"href":"https:\/\/ismaelcolosi.com.br\/index.php\/wp-json\/wp\/v2\/categories?post=59285"},{"taxonomy":"post_tag","embeddable":true,"href":"https:\/\/ismaelcolosi.com.br\/index.php\/wp-json\/wp\/v2\/tags?post=59285"}],"curies":[{"name":"wp","href":"https:\/\/api.w.org\/{rel}","templated":true}]}}