{"id":59281,"date":"2024-08-07T12:54:39","date_gmt":"2024-08-07T15:54:39","guid":{"rendered":"https:\/\/ismaelcolosi.com.br\/index.php\/2024\/08\/07\/sexteto-colibri-se-apresenta-no-chorinho-na-7-em-ribeirao-preto\/"},"modified":"2024-08-07T12:54:39","modified_gmt":"2024-08-07T15:54:39","slug":"sexteto-colibri-se-apresenta-no-chorinho-na-7-em-ribeirao-preto","status":"publish","type":"post","link":"https:\/\/ismaelcolosi.com.br\/index.php\/2024\/08\/07\/sexteto-colibri-se-apresenta-no-chorinho-na-7-em-ribeirao-preto\/","title":{"rendered":"Sexteto Colibri se apresenta no &#8216;Chorinho na 7&#8217; em Ribeir\u00e3o Preto"},"content":{"rendered":"<p> <br \/>\n<\/p>\n<div data-td-block-uid=\"tdi_106\">\n<div class=\"tdb-block-inner td-fix-index\">\n<p>O <strong>Sexteto Colibri<\/strong>, grupo tradicional de seresteiros, se apresenta no projeto \u201c<strong>Chorinho na 7<\/strong>\u201d, realizado no coreto da pra\u00e7a <strong>Sete de Setembro<\/strong>, nesta <strong>sexta-feira (9)<\/strong>, \u00e0s <strong>19h<\/strong>. A <mark style=\"background-color:#fcb900\" class=\"has-inline-color has-black-color\">entrada \u00e9 gratuita.<\/mark><\/p>\n<p>O repert\u00f3rio do grupo conta com obras de<strong> Altamiro Carrilho<\/strong>, <strong>Ernesto Nazareth<\/strong>, <strong>Jacob Bandolim<\/strong>, <strong>Pixinguinha<\/strong>, <strong>Paulo Moura<\/strong>, entre outros.<\/p>\n<p>O <strong>Sexteto Colibri<\/strong> foi criado em <strong>1999<\/strong> por um grupo de amigos que tocavam para os pacientes do <strong>Sanat\u00f3rio Espirita Vicente de Paulo<\/strong>. <\/p>\n<h4 class=\"wp-block-heading\"><strong>Chorinho na 7<\/strong><\/h4>\n<p>O <strong>projeto \u00e9 gratuito<\/strong> e acontece <mark style=\"background-color:#fcb900\" class=\"has-inline-color has-black-color\">sempre \u00e0s sextas-feiras, \u00e0s 19h, na pra\u00e7a Sete de Setembro.<\/mark> A iniciativa \u00e9 da <strong>Secretaria da Cultura e Turismo de Ribeir\u00e3o Preto<\/strong>, em parceria com o projeto <strong>Choro da Casa<\/strong>.<\/p>\n<p>SAIBA MAIS<br \/>Motociclista morre ap\u00f3s uma semana internado por conta de acidente em Ribeir\u00e3o Preto<\/p>\n<h4 class=\"wp-block-heading\"><strong>FIQUE ON<\/strong><\/h4>\n<p>Fique ligado em tudo que acontece em Ribeir\u00e3o Preto e regi\u00e3o. Siga os perfis do <strong>acidade on <\/strong>no <a href=\"https:\/\/www.instagram.com\/acidadeonribeirao\" target=\"_blank\" rel=\"noreferrer noopener\">Instagram<\/a> e no <a href=\"https:\/\/www.facebook.com\/acidadeonribeirao\" target=\"_blank\" rel=\"noreferrer noopener\">Facebook<\/a>.<\/p>\n<p>Receba not\u00edcias do <strong>acidade on <\/strong>no WhatsApp. Para entrar no grupo, basta <a href=\"https:\/\/chat.whatsapp.com\/Dtv9mxhy6V5BJBotM2OQ5k\" target=\"_blank\" rel=\"noreferrer noopener\">clicar aqui<\/a>.<\/p>\n<p>Fa\u00e7a uma den\u00fancia ou sugira uma reportagem sobre Ribeir\u00e3o Preto e regi\u00e3o pelo WhatsApp: 16 99117 7802.<\/p>\n<p>VEJA TAMB\u00c9M<br \/>Que horas \u00e9 \u2018Renascer\u2019 hoje?<\/p>\n<p><!-- CONTENT END 1 -->\n<\/div>\n<\/div>\n<p><script async src=\"\/\/www.instagram.com\/embed.js\"><\/script><br \/>\n<br \/><br \/>\n<br \/><a href=\"https:\/\/www.acidadeon.com\/ribeiraopreto\/lazer-e-cultura\/sexteto-colibri-se-apresenta-no-chorinho-na-7-no-centro-de-ribeirao-preto\/\">Source link <\/a><\/p>\n","protected":false},"excerpt":{"rendered":"<p>O Sexteto Colibri, grupo tradicional de seresteiros, se apresenta no projeto \u201cChorinho na 7\u201d, realizado no coreto da pra\u00e7a Sete de Setembro, nesta sexta-feira (9),&#8230;<\/p>\n","protected":false},"author":1,"featured_media":59282,"comment_status":"open","ping_status":"open","sticky":false,"template":"","format":"standard","meta":{"_uag_custom_page_level_css":"","advanced_seo_description":"","jetpack_seo_html_title":"","jetpack_seo_noindex":false,"jetpack_post_was_ever_published":false,"_jetpack_newsletter_access":"","_jetpack_dont_email_post_to_subs":false,"_jetpack_newsletter_tier_id":0,"_jetpack_memberships_contains_paywalled_content":false,"_jetpack_memberships_contains_paid_content":false,"footnotes":"","jetpack_publicize_message":"","jetpack_publicize_feature_enabled":true,"jetpack_social_post_already_shared":true,"jetpack_social_options":{"image_generator_settings":{"template":"highway","default_image_id":0,"font":"","enabled":false},"version":2}},"categories":[11],"tags":[],"class_list":["post-59281","post","type-post","status-publish","format-standard","has-post-thumbnail","hentry","category-noticias-de-ribeirao-preto-sp-e-regiao-ismael-colosi"],"jetpack_publicize_connections":[],"jetpack_featured_media_url":"https:\/\/i0.wp.com\/ismaelcolosi.com.br\/wp-content\/uploads\/2024\/08\/WhatsApp-Image-2024-08-07-at-10.11.03_2024-08-07_13-31-19_jpeg_2024-08-07_13-31-20.webp.webp?fit=1600%2C1200&ssl=1","uagb_featured_image_src":{"full":["https:\/\/i0.wp.com\/ismaelcolosi.com.br\/wp-content\/uploads\/2024\/08\/WhatsApp-Image-2024-08-07-at-10.11.03_2024-08-07_13-31-19_jpeg_2024-08-07_13-31-20.webp.webp?fit=1600%2C1200&ssl=1",1600,1200,false],"thumbnail":["https:\/\/i0.wp.com\/ismaelcolosi.com.br\/wp-content\/uploads\/2024\/08\/WhatsApp-Image-2024-08-07-at-10.11.03_2024-08-07_13-31-19_jpeg_2024-08-07_13-31-20.webp.webp?resize=150%2C150&ssl=1",150,150,true],"medium":["https:\/\/i0.wp.com\/ismaelcolosi.com.br\/wp-content\/uploads\/2024\/08\/WhatsApp-Image-2024-08-07-at-10.11.03_2024-08-07_13-31-19_jpeg_2024-08-07_13-31-20.webp.webp?fit=300%2C225&ssl=1",300,225,true],"medium_large":["https:\/\/i0.wp.com\/ismaelcolosi.com.br\/wp-content\/uploads\/2024\/08\/WhatsApp-Image-2024-08-07-at-10.11.03_2024-08-07_13-31-19_jpeg_2024-08-07_13-31-20.webp.webp?fit=768%2C576&ssl=1",768,576,true],"large":["https:\/\/i0.wp.com\/ismaelcolosi.com.br\/wp-content\/uploads\/2024\/08\/WhatsApp-Image-2024-08-07-at-10.11.03_2024-08-07_13-31-19_jpeg_2024-08-07_13-31-20.webp.webp?fit=1024%2C768&ssl=1",1024,768,true],"1536x1536":["https:\/\/i0.wp.com\/ismaelcolosi.com.br\/wp-content\/uploads\/2024\/08\/WhatsApp-Image-2024-08-07-at-10.11.03_2024-08-07_13-31-19_jpeg_2024-08-07_13-31-20.webp.webp?fit=1536%2C1152&ssl=1",1536,1152,true],"2048x2048":["https:\/\/i0.wp.com\/ismaelcolosi.com.br\/wp-content\/uploads\/2024\/08\/WhatsApp-Image-2024-08-07-at-10.11.03_2024-08-07_13-31-19_jpeg_2024-08-07_13-31-20.webp.webp?fit=1600%2C1200&ssl=1",1600,1200,true],"really-simple-thumb":["https:\/\/i0.wp.com\/ismaelcolosi.com.br\/wp-content\/uploads\/2024\/08\/WhatsApp-Image-2024-08-07-at-10.11.03_2024-08-07_13-31-19_jpeg_2024-08-07_13-31-20.webp.webp?resize=370%2C247&ssl=1",370,247,true]},"uagb_author_info":{"display_name":"ismaelcolosi.com.br","author_link":"https:\/\/ismaelcolosi.com.br\/index.php\/author\/vidareal-online\/"},"uagb_comment_info":0,"uagb_excerpt":"O Sexteto Colibri, grupo tradicional de seresteiros, se apresenta no projeto \u201cChorinho na 7\u201d, realizado no coreto da pra\u00e7a Sete de Setembro, nesta sexta-feira (9),...","jetpack-related-posts":[{"id":29848,"url":"https:\/\/ismaelcolosi.com.br\/index.php\/2024\/01\/19\/sexteto-colibri-no-chorinho-na-7\/","url_meta":{"origin":59281,"position":0},"title":"Sexteto Colibri no Chorinho na 7","author":"ismaelcolosi.com.br","date":"19 de January de 2024","format":false,"excerpt":"19 de janeiro de 2024 | 14:0019 de janeiro de 2024 | 10:02 0Nesta sexta-feira, 19 de janeiro, \u00e0s 19 horas, o projeto Chorinho na 7 recebe mais uma vez o Sexteto Colibri, grupo tradicional de seresteiros da cidade, para uma noite especial de muita m\u00fasica na pra\u00e7a Sete de\u2026","rel":"","context":"In &quot;Not\u00edcias de Ribeir\u00e3o Preto-SP e Regi\u00e3o&quot;","block_context":{"text":"Not\u00edcias de Ribeir\u00e3o Preto-SP e Regi\u00e3o","link":"https:\/\/ismaelcolosi.com.br\/index.php\/category\/noticias-de-ribeirao-preto-sp-e-regiao-ismael-colosi\/"},"img":{"alt_text":"","src":"https:\/\/i0.wp.com\/ismaelcolosi.com.br\/wp-content\/uploads\/2024\/01\/Choro07-Col-Divulgacao-01-scaled.jpeg?fit=860%2C645&ssl=1&resize=350%2C200","width":350,"height":200,"srcset":"https:\/\/i0.wp.com\/ismaelcolosi.com.br\/wp-content\/uploads\/2024\/01\/Choro07-Col-Divulgacao-01-scaled.jpeg?fit=860%2C645&ssl=1&resize=350%2C200 1x, https:\/\/i0.wp.com\/ismaelcolosi.com.br\/wp-content\/uploads\/2024\/01\/Choro07-Col-Divulgacao-01-scaled.jpeg?fit=860%2C645&ssl=1&resize=525%2C300 1.5x, https:\/\/i0.wp.com\/ismaelcolosi.com.br\/wp-content\/uploads\/2024\/01\/Choro07-Col-Divulgacao-01-scaled.jpeg?fit=860%2C645&ssl=1&resize=700%2C400 2x"},"classes":[]},{"id":32836,"url":"https:\/\/ismaelcolosi.com.br\/index.php\/2024\/01\/26\/chorinho-da-7-recebe-o-grupo-sexteto-colibri-nesta-sexta-feira-em-ribeirao\/","url_meta":{"origin":59281,"position":1},"title":"&#8216;Chorinho da 7&#8217; recebe o grupo Sexteto Colibri nesta sexta-feira em Ribeir\u00e3o","author":"ismaelcolosi.com.br","date":"26 de January de 2024","format":false,"excerpt":"O projeto \u201cChorinho da 7\u201d recebe, nesta sexta-feira (26), o tradicional grupo de seresteiros, Sexteto Colibri, na pra\u00e7a 7 de Setembro, em Ribeir\u00e3o Preto, a partir das 19h. O grupo \u00e9 um antigo conhecido do p\u00fablico, pois comandou por 16 anos o projeto Ribeir\u00e3o das Serestas, que tinha o intuito\u2026","rel":"","context":"In &quot;Not\u00edcias de Ribeir\u00e3o Preto-SP e Regi\u00e3o&quot;","block_context":{"text":"Not\u00edcias de Ribeir\u00e3o Preto-SP e Regi\u00e3o","link":"https:\/\/ismaelcolosi.com.br\/index.php\/category\/noticias-de-ribeirao-preto-sp-e-regiao-ismael-colosi\/"},"img":{"alt_text":"","src":"https:\/\/i0.wp.com\/ismaelcolosi.com.br\/wp-content\/uploads\/2024\/01\/chorinho7.jpeg?fit=1024%2C768&ssl=1&resize=350%2C200","width":350,"height":200,"srcset":"https:\/\/i0.wp.com\/ismaelcolosi.com.br\/wp-content\/uploads\/2024\/01\/chorinho7.jpeg?fit=1024%2C768&ssl=1&resize=350%2C200 1x, https:\/\/i0.wp.com\/ismaelcolosi.com.br\/wp-content\/uploads\/2024\/01\/chorinho7.jpeg?fit=1024%2C768&ssl=1&resize=525%2C300 1.5x, https:\/\/i0.wp.com\/ismaelcolosi.com.br\/wp-content\/uploads\/2024\/01\/chorinho7.jpeg?fit=1024%2C768&ssl=1&resize=700%2C400 2x"},"classes":[]},{"id":10504,"url":"https:\/\/ismaelcolosi.com.br\/index.php\/2023\/12\/04\/grupo-colibri-foi-o-destaque-do-chorinho-na-7\/","url_meta":{"origin":59281,"position":2},"title":"Grupo Colibri foi o destaque do Chorinho na 7 \u2013 Folha de Ribeir\u00e3o","author":"ismaelcolosi.com.br","date":"4 de December de 2023","format":false,"excerpt":"Sexta-feira, dia 01 de dezembro, foi dia de mais uma apresenta\u00e7\u00e3o do Grupo Colibri, no projeto \u201cChorinho na 7\u201d, na pra\u00e7a Sete de Setembro, centro de Ribeir\u00e3o Preto. O grupo j\u00e1 \u00e9 conhecido do p\u00fablico que vai at\u00e9 a pra\u00e7a, \u00e0s sextas-feiras, para apreciar boa m\u00fasica. Eles embalaram a noite,\u2026","rel":"","context":"In &quot;Not\u00edcias de Ribeir\u00e3o Preto-SP e Regi\u00e3o&quot;","block_context":{"text":"Not\u00edcias de Ribeir\u00e3o Preto-SP e Regi\u00e3o","link":"https:\/\/ismaelcolosi.com.br\/index.php\/category\/noticias-de-ribeirao-preto-sp-e-regiao-ismael-colosi\/"},"img":{"alt_text":"","src":"https:\/\/i0.wp.com\/ismaelcolosi.com.br\/wp-content\/uploads\/2023\/12\/chorinho_na_7_3.jpeg?fit=1024%2C768&ssl=1&resize=350%2C200","width":350,"height":200,"srcset":"https:\/\/i0.wp.com\/ismaelcolosi.com.br\/wp-content\/uploads\/2023\/12\/chorinho_na_7_3.jpeg?fit=1024%2C768&ssl=1&resize=350%2C200 1x, https:\/\/i0.wp.com\/ismaelcolosi.com.br\/wp-content\/uploads\/2023\/12\/chorinho_na_7_3.jpeg?fit=1024%2C768&ssl=1&resize=525%2C300 1.5x, https:\/\/i0.wp.com\/ismaelcolosi.com.br\/wp-content\/uploads\/2023\/12\/chorinho_na_7_3.jpeg?fit=1024%2C768&ssl=1&resize=700%2C400 2x"},"classes":[]},{"id":9002,"url":"https:\/\/ismaelcolosi.com.br\/index.php\/2023\/12\/01\/thiaguinho-carpinejar-e-toninho-delicio-opcoes-para-curtir-o-fim-de-semana-em-ribeirao\/","url_meta":{"origin":59281,"position":3},"title":"Thiaguinho, Carpinejar e Toninho Del\u00edcio: Op\u00e7\u00f5es para curtir o fim de semana em Ribeir\u00e3o\u00a0","author":"ismaelcolosi.com.br","date":"1 de December de 2023","format":false,"excerpt":"O primeiro fim de semana do m\u00eas de dezembro em Ribeir\u00e3o Preto tem op\u00e7\u00f5es variadas para quem gosta de m\u00fasica e programa\u00e7\u00f5es em teatros. \u00a0 Apresenta\u00e7\u00e3o de chorinho, maracatu, stand up, show do Thiaguinho e mais. Confira\u00a0 DUO GIARDINI \u00a0 O Teatro Sesi de Ribeir\u00e3o Preto, no Jardim Castelo Branco,\u2026","rel":"","context":"In &quot;Not\u00edcias de Ribeir\u00e3o Preto-SP e Regi\u00e3o&quot;","block_context":{"text":"Not\u00edcias de Ribeir\u00e3o Preto-SP e Regi\u00e3o","link":"https:\/\/ismaelcolosi.com.br\/index.php\/category\/noticias-de-ribeirao-preto-sp-e-regiao-ismael-colosi\/"},"img":{"alt_text":"","src":"https:\/\/i0.wp.com\/ismaelcolosi.com.br\/wp-content\/uploads\/2023\/12\/WhatsApp-Image-2023-11-11-at-12.18.32.jpeg?fit=1080%2C745&ssl=1&resize=350%2C200","width":350,"height":200,"srcset":"https:\/\/i0.wp.com\/ismaelcolosi.com.br\/wp-content\/uploads\/2023\/12\/WhatsApp-Image-2023-11-11-at-12.18.32.jpeg?fit=1080%2C745&ssl=1&resize=350%2C200 1x, https:\/\/i0.wp.com\/ismaelcolosi.com.br\/wp-content\/uploads\/2023\/12\/WhatsApp-Image-2023-11-11-at-12.18.32.jpeg?fit=1080%2C745&ssl=1&resize=525%2C300 1.5x, https:\/\/i0.wp.com\/ismaelcolosi.com.br\/wp-content\/uploads\/2023\/12\/WhatsApp-Image-2023-11-11-at-12.18.32.jpeg?fit=1080%2C745&ssl=1&resize=700%2C400 2x, https:\/\/i0.wp.com\/ismaelcolosi.com.br\/wp-content\/uploads\/2023\/12\/WhatsApp-Image-2023-11-11-at-12.18.32.jpeg?fit=1080%2C745&ssl=1&resize=1050%2C600 3x"},"classes":[]},{"id":29690,"url":"https:\/\/ismaelcolosi.com.br\/index.php\/2024\/01\/19\/campos-eliseos-e-mais-tres-bairros-de-ribeirao-podem-ficar-sem-agua-ate-sexta\/","url_meta":{"origin":59281,"position":4},"title":"Campos El\u00edseos e mais tr\u00eas bairros de Ribeir\u00e3o Preto podem ficar sem \u00e1gua","author":"ismaelcolosi.com.br","date":"19 de January de 2024","format":false,"excerpt":"Moradores dos bairros Campos El\u00edseos, Jardim Independ\u00eancia, J\u00f3quei Clube e Jardim Patriarca devem ficar sem abastecimento de \u00e1gua na quinta-feira (18) e na sexta-feira (19). Segundo a Saerp (Secretaria de \u00c1gua e Esgoto de Ribeir\u00e3o Preto) a interrup\u00e7\u00e3o do servi\u00e7o \u00e9 devido a substitui\u00e7\u00e3o da bomba submersa do po\u00e7o Feapam,\u2026","rel":"","context":"In &quot;Not\u00edcias de Ribeir\u00e3o Preto-SP e Regi\u00e3o&quot;","block_context":{"text":"Not\u00edcias de Ribeir\u00e3o Preto-SP e Regi\u00e3o","link":"https:\/\/ismaelcolosi.com.br\/index.php\/category\/noticias-de-ribeirao-preto-sp-e-regiao-ismael-colosi\/"},"img":{"alt_text":"","src":"https:\/\/i0.wp.com\/ismaelcolosi.com.br\/wp-content\/uploads\/2024\/01\/falta-agua.jpg?fit=1068%2C801&ssl=1&resize=350%2C200","width":350,"height":200,"srcset":"https:\/\/i0.wp.com\/ismaelcolosi.com.br\/wp-content\/uploads\/2024\/01\/falta-agua.jpg?fit=1068%2C801&ssl=1&resize=350%2C200 1x, https:\/\/i0.wp.com\/ismaelcolosi.com.br\/wp-content\/uploads\/2024\/01\/falta-agua.jpg?fit=1068%2C801&ssl=1&resize=525%2C300 1.5x, https:\/\/i0.wp.com\/ismaelcolosi.com.br\/wp-content\/uploads\/2024\/01\/falta-agua.jpg?fit=1068%2C801&ssl=1&resize=700%2C400 2x, https:\/\/i0.wp.com\/ismaelcolosi.com.br\/wp-content\/uploads\/2024\/01\/falta-agua.jpg?fit=1068%2C801&ssl=1&resize=1050%2C600 3x"},"classes":[]},{"id":41825,"url":"https:\/\/ismaelcolosi.com.br\/index.php\/2024\/03\/11\/choro-na-esquina-abre-programacao-com-o-escaletista-franca-musse\/","url_meta":{"origin":59281,"position":5},"title":"Choro na Esquina abre programa\u00e7\u00e3o com o Escaletista Fran\u00e7a Musse","author":"ismaelcolosi.com.br","date":"11 de March de 2024","format":false,"excerpt":"A s\u00e9rie Choro na Esquina foi criada em 2023 pela Minaz para envolver a comunidade em uma atividade art\u00edstica com proximidade e participa\u00e7\u00e3o, trazendo os m\u00fasicos para o sagu\u00e3o do teatro Minaz. No ano passado aconteceram sete apresenta\u00e7\u00f5es que contaram com a participa\u00e7\u00e3o dos m\u00fasicos do grupo Choro da Casa,\u2026","rel":"","context":"In &quot;Not\u00edcias de Ribeir\u00e3o Preto-SP e Regi\u00e3o&quot;","block_context":{"text":"Not\u00edcias de Ribeir\u00e3o Preto-SP e Regi\u00e3o","link":"https:\/\/ismaelcolosi.com.br\/index.php\/category\/noticias-de-ribeirao-preto-sp-e-regiao-ismael-colosi\/"},"img":{"alt_text":"","src":"https:\/\/i0.wp.com\/ismaelcolosi.com.br\/wp-content\/uploads\/2024\/03\/IMG_6936-1-scaled.jpg?fit=588%2C645&ssl=1&resize=350%2C200","width":350,"height":200,"srcset":"https:\/\/i0.wp.com\/ismaelcolosi.com.br\/wp-content\/uploads\/2024\/03\/IMG_6936-1-scaled.jpg?fit=588%2C645&ssl=1&resize=350%2C200 1x, https:\/\/i0.wp.com\/ismaelcolosi.com.br\/wp-content\/uploads\/2024\/03\/IMG_6936-1-scaled.jpg?fit=588%2C645&ssl=1&resize=525%2C300 1.5x"},"classes":[]}],"jetpack_sharing_enabled":true,"jetpack_shortlink":"https:\/\/wp.me\/pfMlyK-fq9","_links":{"self":[{"href":"https:\/\/ismaelcolosi.com.br\/index.php\/wp-json\/wp\/v2\/posts\/59281","targetHints":{"allow":["GET"]}}],"collection":[{"href":"https:\/\/ismaelcolosi.com.br\/index.php\/wp-json\/wp\/v2\/posts"}],"about":[{"href":"https:\/\/ismaelcolosi.com.br\/index.php\/wp-json\/wp\/v2\/types\/post"}],"author":[{"embeddable":true,"href":"https:\/\/ismaelcolosi.com.br\/index.php\/wp-json\/wp\/v2\/users\/1"}],"replies":[{"embeddable":true,"href":"https:\/\/ismaelcolosi.com.br\/index.php\/wp-json\/wp\/v2\/comments?post=59281"}],"version-history":[{"count":0,"href":"https:\/\/ismaelcolosi.com.br\/index.php\/wp-json\/wp\/v2\/posts\/59281\/revisions"}],"wp:featuredmedia":[{"embeddable":true,"href":"https:\/\/ismaelcolosi.com.br\/index.php\/wp-json\/wp\/v2\/media\/59282"}],"wp:attachment":[{"href":"https:\/\/ismaelcolosi.com.br\/index.php\/wp-json\/wp\/v2\/media?parent=59281"}],"wp:term":[{"taxonomy":"category","embeddable":true,"href":"https:\/\/ismaelcolosi.com.br\/index.php\/wp-json\/wp\/v2\/categories?post=59281"},{"taxonomy":"post_tag","embeddable":true,"href":"https:\/\/ismaelcolosi.com.br\/index.php\/wp-json\/wp\/v2\/tags?post=59281"}],"curies":[{"name":"wp","href":"https:\/\/api.w.org\/{rel}","templated":true}]}}