{"id":59263,"date":"2024-08-07T11:44:32","date_gmt":"2024-08-07T14:44:32","guid":{"rendered":"https:\/\/ismaelcolosi.com.br\/index.php\/2024\/08\/07\/aerea-anuncia-investimento-de-2-bilhoes-de-dolares-com-foco-no-interior-de-sp\/"},"modified":"2024-08-07T11:44:32","modified_gmt":"2024-08-07T14:44:32","slug":"aerea-anuncia-investimento-de-2-bilhoes-de-dolares-com-foco-no-interior-de-sp","status":"publish","type":"post","link":"https:\/\/ismaelcolosi.com.br\/index.php\/2024\/08\/07\/aerea-anuncia-investimento-de-2-bilhoes-de-dolares-com-foco-no-interior-de-sp\/","title":{"rendered":"A\u00e9rea anuncia investimento de 2 bilh\u00f5es de d\u00f3lares com foco no interior de SP"},"content":{"rendered":"<p> <br \/>\n<\/p>\n<div data-td-block-uid=\"tdi_106\">\n<div class=\"tdb-block-inner td-fix-index\">\n<p><mark style=\"background-color:#fcb900\" class=\"has-inline-color has-black-color\">O grupo<strong><a href=\"https:\/\/www.latamairlines.com\/br\/pt\/imprensa\/noticias\/visita-lula-chile\" target=\"_blank\" rel=\"noreferrer noopener nofollow\"> Latam Airlines<\/a><\/strong> anunciou na \u00faltima segunda-feira (5) um investimento de 2 bilh\u00f5es de d\u00f3lares no Brasil nos pr\u00f3ximos dois anos. <\/mark>Um dos focos do investimento s\u00e3o as instala\u00e7\u00f5es da companhia em<strong> S\u00e3o Carlos<\/strong>, no <strong>interior de S\u00e3o Paulo<\/strong>.<\/p>\n<p>No local, funciona o centro de manuten\u00e7\u00e3o de aeronaves, considerado o maior da Am\u00e9rica do Sul. De acordo com a companhia, foi assinado um protocolo de inten\u00e7\u00f5es com o Governo Federal para qualifica\u00e7\u00e3o de m\u00e3o de obra e empreg\u00e1-la no interior paulista.<\/p>\n<p><mark style=\"background-color:#fcb900\" class=\"has-inline-color has-black-color\">Os investimentos previstos tamb\u00e9m t\u00eam foco em produtos, tecnologias e servi\u00e7os ao passageiro, e em atividades de manuten\u00e7\u00e3o aeron\u00e1utica.<\/mark><\/p>\n<p>Atualmente, a Latam Airlines Brasil emprega 19 mil funcion\u00e1rios no Pa\u00eds, sendo 1,8 mil somente em S\u00e3o Carlos, onde atuam profissionais de diversas especializa\u00e7\u00f5es: mec\u00e2nica, engenharias, qu\u00edmica, confec\u00e7\u00e3o e t\u00e9cnicos. O local \u00e9 respons\u00e1vel pela manuten\u00e7\u00e3o de 60% da frota de avi\u00f5es da companhia.<\/p>\n<p>A audi\u00eancia foi realizada no <strong>Chile<\/strong> e contou com a presen\u00e7a do presidente<strong> Luiz In\u00e1cio Lula da Silva (PT)<\/strong> e do CEO da Latam,<strong> Jerome Cadier<\/strong>.<\/p>\n<p>SAIBA MAIS<br \/>Qual \u00e9 a escola mais antiga de Ribeir\u00e3o Preto? Confira<\/p>\n<h4 class=\"wp-block-heading\"><strong>FIQUE ON<\/strong><\/h4>\n<p>Fique ligado em tudo que acontece em Ribeir\u00e3o Preto e regi\u00e3o. Siga os perfis do<strong> acidade on <\/strong>no <a href=\"https:\/\/www.instagram.com\/acidadeonribeirao\/\" target=\"_blank\" rel=\"noreferrer noopener nofollow\">Instagram <\/a>e no <a href=\"https:\/\/www.facebook.com\/acidadeonribeirao\/\" target=\"_blank\" rel=\"noreferrer noopener nofollow\">Facebook<\/a>.<\/p>\n<p>Receba not\u00edcias do <strong>acidade on<\/strong> no WhatsApp.<a href=\"https:\/\/chat.whatsapp.com\/Dtv9mxhy6V5BJBotM2OQ5k\" target=\"_blank\" rel=\"noreferrer noopener nofollow\"> Para entrar no grupo, basta clicar aqui.<\/a><\/p>\n<p>Fa\u00e7a uma den\u00fancia ou sugira uma reportagem sobre Ribeir\u00e3o Preto e regi\u00e3o pelo WhatsApp: 16 99117 7802.<\/p>\n<p>VEJA TAMB\u00c9M<br \/>Quando come\u00e7a a esfriar em SP?<\/p>\n<p><!-- CONTENT END 1 -->\n<\/div>\n<\/div>\n<p><script async src=\"\/\/www.instagram.com\/embed.js\"><\/script><br \/>\n<br \/><br \/>\n<br \/><a href=\"https:\/\/www.acidadeon.com\/ribeiraopreto\/economia\/aerea-anuncia-investimento-de-2-bilhoes-de-dolares-com-foco-no-interior-de-sp\/\">Source link <\/a><\/p>\n","protected":false},"excerpt":{"rendered":"<p>O grupo Latam Airlines anunciou na \u00faltima segunda-feira (5) um investimento de 2 bilh\u00f5es de d\u00f3lares no Brasil nos pr\u00f3ximos dois anos. Um dos focos&#8230;<\/p>\n","protected":false},"author":1,"featured_media":59264,"comment_status":"open","ping_status":"open","sticky":false,"template":"","format":"standard","meta":{"_uag_custom_page_level_css":"","advanced_seo_description":"","jetpack_seo_html_title":"","jetpack_seo_noindex":false,"jetpack_post_was_ever_published":false,"_jetpack_newsletter_access":"","_jetpack_dont_email_post_to_subs":false,"_jetpack_newsletter_tier_id":0,"_jetpack_memberships_contains_paywalled_content":false,"_jetpack_memberships_contains_paid_content":false,"footnotes":"","jetpack_publicize_message":"","jetpack_publicize_feature_enabled":true,"jetpack_social_post_already_shared":true,"jetpack_social_options":{"image_generator_settings":{"template":"highway","default_image_id":0,"font":"","enabled":false},"version":2}},"categories":[11],"tags":[],"class_list":["post-59263","post","type-post","status-publish","format-standard","has-post-thumbnail","hentry","category-noticias-de-ribeirao-preto-sp-e-regiao-ismael-colosi"],"jetpack_publicize_connections":[],"jetpack_featured_media_url":"https:\/\/i0.wp.com\/ismaelcolosi.com.br\/wp-content\/uploads\/2024\/08\/LATAM_2024-08-07_14-15-51_jpg_2024-08-07_14-15-51.webp.webp?fit=1440%2C960&ssl=1","uagb_featured_image_src":{"full":["https:\/\/i0.wp.com\/ismaelcolosi.com.br\/wp-content\/uploads\/2024\/08\/LATAM_2024-08-07_14-15-51_jpg_2024-08-07_14-15-51.webp.webp?fit=1440%2C960&ssl=1",1440,960,false],"thumbnail":["https:\/\/i0.wp.com\/ismaelcolosi.com.br\/wp-content\/uploads\/2024\/08\/LATAM_2024-08-07_14-15-51_jpg_2024-08-07_14-15-51.webp.webp?resize=150%2C150&ssl=1",150,150,true],"medium":["https:\/\/i0.wp.com\/ismaelcolosi.com.br\/wp-content\/uploads\/2024\/08\/LATAM_2024-08-07_14-15-51_jpg_2024-08-07_14-15-51.webp.webp?fit=300%2C200&ssl=1",300,200,true],"medium_large":["https:\/\/i0.wp.com\/ismaelcolosi.com.br\/wp-content\/uploads\/2024\/08\/LATAM_2024-08-07_14-15-51_jpg_2024-08-07_14-15-51.webp.webp?fit=768%2C512&ssl=1",768,512,true],"large":["https:\/\/i0.wp.com\/ismaelcolosi.com.br\/wp-content\/uploads\/2024\/08\/LATAM_2024-08-07_14-15-51_jpg_2024-08-07_14-15-51.webp.webp?fit=1024%2C683&ssl=1",1024,683,true],"1536x1536":["https:\/\/i0.wp.com\/ismaelcolosi.com.br\/wp-content\/uploads\/2024\/08\/LATAM_2024-08-07_14-15-51_jpg_2024-08-07_14-15-51.webp.webp?fit=1440%2C960&ssl=1",1440,960,true],"2048x2048":["https:\/\/i0.wp.com\/ismaelcolosi.com.br\/wp-content\/uploads\/2024\/08\/LATAM_2024-08-07_14-15-51_jpg_2024-08-07_14-15-51.webp.webp?fit=1440%2C960&ssl=1",1440,960,true],"really-simple-thumb":["https:\/\/i0.wp.com\/ismaelcolosi.com.br\/wp-content\/uploads\/2024\/08\/LATAM_2024-08-07_14-15-51_jpg_2024-08-07_14-15-51.webp.webp?resize=370%2C247&ssl=1",370,247,true]},"uagb_author_info":{"display_name":"ismaelcolosi.com.br","author_link":"https:\/\/ismaelcolosi.com.br\/index.php\/author\/vidareal-online\/"},"uagb_comment_info":0,"uagb_excerpt":"O grupo Latam Airlines anunciou na \u00faltima segunda-feira (5) um investimento de 2 bilh\u00f5es de d\u00f3lares no Brasil nos pr\u00f3ximos dois anos. Um dos focos...","jetpack-related-posts":[{"id":59285,"url":"https:\/\/ismaelcolosi.com.br\/index.php\/2024\/08\/07\/veja-quais-sao-os-sintomas-da-febre-oropouche-sp-tem-cinco-casos-confirmados\/","url_meta":{"origin":59263,"position":0},"title":"Veja quais s\u00e3o os sintomas da Febre Oropouche; SP tem cinco casos confirmados","author":"ismaelcolosi.com.br","date":"7 de August de 2024","format":false,"excerpt":"O Estado de S\u00e3o Paulo j\u00e1 registrou cinco casos de Febre Oropouche, sendo quatro deles no munic\u00edpio de Cajati e um em Pariquera-A\u00e7u, no interior paulista. Segundo a Secretaria Estadual de Sa\u00fade, todos os cinco pacientes diagnosticados com a doen\u00e7a j\u00e1 evolu\u00edram para cura. Por\u00e9m, \u00e9 importante estar alerta, veja\u2026","rel":"","context":"In &quot;Not\u00edcias de Ribeir\u00e3o Preto-SP e Regi\u00e3o&quot;","block_context":{"text":"Not\u00edcias de Ribeir\u00e3o Preto-SP e Regi\u00e3o","link":"https:\/\/ismaelcolosi.com.br\/index.php\/category\/noticias-de-ribeirao-preto-sp-e-regiao-ismael-colosi\/"},"img":{"alt_text":"","src":"https:\/\/i0.wp.com\/ismaelcolosi.com.br\/wp-content\/uploads\/2024\/08\/Capturar_2024-08-07_15-15-50_jpg_2024-08-07_15-15-50.webp.webp?fit=975%2C549&ssl=1&resize=350%2C200","width":350,"height":200,"srcset":"https:\/\/i0.wp.com\/ismaelcolosi.com.br\/wp-content\/uploads\/2024\/08\/Capturar_2024-08-07_15-15-50_jpg_2024-08-07_15-15-50.webp.webp?fit=975%2C549&ssl=1&resize=350%2C200 1x, https:\/\/i0.wp.com\/ismaelcolosi.com.br\/wp-content\/uploads\/2024\/08\/Capturar_2024-08-07_15-15-50_jpg_2024-08-07_15-15-50.webp.webp?fit=975%2C549&ssl=1&resize=525%2C300 1.5x, https:\/\/i0.wp.com\/ismaelcolosi.com.br\/wp-content\/uploads\/2024\/08\/Capturar_2024-08-07_15-15-50_jpg_2024-08-07_15-15-50.webp.webp?fit=975%2C549&ssl=1&resize=700%2C400 2x"},"classes":[]},{"id":59326,"url":"https:\/\/ismaelcolosi.com.br\/index.php\/2024\/08\/07\/correios-abrem-inscricoes-para-concurso-com-vagas-no-interior-de-sp-e-salarios-de-r-6-mil\/","url_meta":{"origin":59263,"position":1},"title":"Correios abrem inscri\u00e7\u00f5es para concurso com vagas no interior de SP e sal\u00e1rios de R$ 6 mil","author":"ismaelcolosi.com.br","date":"7 de August de 2024","format":false,"excerpt":"As inscri\u00e7\u00f5es para o novo concurso p\u00fablico dos Correios come\u00e7aram nesta quarta-feira (7). S\u00e3o 33 vagas dispon\u00edveis, al\u00e9m de forma\u00e7\u00e3o de cadastro reserva. As oportunidades s\u00e3o para cargos da \u00e1rea de medicina e seguran\u00e7a do trabalho. Os sal\u00e1rios iniciais variam entre R$ 3,6 mil e R$ 6,8 mil. Al\u00e9m da\u2026","rel":"","context":"In &quot;Not\u00edcias de Ribeir\u00e3o Preto-SP e Regi\u00e3o&quot;","block_context":{"text":"Not\u00edcias de Ribeir\u00e3o Preto-SP e Regi\u00e3o","link":"https:\/\/ismaelcolosi.com.br\/index.php\/category\/noticias-de-ribeirao-preto-sp-e-regiao-ismael-colosi\/"},"img":{"alt_text":"","src":"https:\/\/i0.wp.com\/ismaelcolosi.com.br\/wp-content\/uploads\/2024\/08\/Copia-de-Copia-de-TAMANHO-EXATO-PARA-FOTOS-NO-SISTEMA-NOVO-33_2024-05-03_18-21-50_jpg_2024-05-03_18-21-50.webp.webp?fit=1200%2C675&ssl=1&resize=350%2C200","width":350,"height":200,"srcset":"https:\/\/i0.wp.com\/ismaelcolosi.com.br\/wp-content\/uploads\/2024\/08\/Copia-de-Copia-de-TAMANHO-EXATO-PARA-FOTOS-NO-SISTEMA-NOVO-33_2024-05-03_18-21-50_jpg_2024-05-03_18-21-50.webp.webp?fit=1200%2C675&ssl=1&resize=350%2C200 1x, https:\/\/i0.wp.com\/ismaelcolosi.com.br\/wp-content\/uploads\/2024\/08\/Copia-de-Copia-de-TAMANHO-EXATO-PARA-FOTOS-NO-SISTEMA-NOVO-33_2024-05-03_18-21-50_jpg_2024-05-03_18-21-50.webp.webp?fit=1200%2C675&ssl=1&resize=525%2C300 1.5x, https:\/\/i0.wp.com\/ismaelcolosi.com.br\/wp-content\/uploads\/2024\/08\/Copia-de-Copia-de-TAMANHO-EXATO-PARA-FOTOS-NO-SISTEMA-NOVO-33_2024-05-03_18-21-50_jpg_2024-05-03_18-21-50.webp.webp?fit=1200%2C675&ssl=1&resize=700%2C400 2x, https:\/\/i0.wp.com\/ismaelcolosi.com.br\/wp-content\/uploads\/2024\/08\/Copia-de-Copia-de-TAMANHO-EXATO-PARA-FOTOS-NO-SISTEMA-NOVO-33_2024-05-03_18-21-50_jpg_2024-05-03_18-21-50.webp.webp?fit=1200%2C675&ssl=1&resize=1050%2C600 3x"},"classes":[]},{"id":40124,"url":"https:\/\/ismaelcolosi.com.br\/index.php\/2024\/03\/01\/trem-sp-campinas-vai-operar-em-2031\/","url_meta":{"origin":59263,"position":2},"title":"Trem SP-Campinas vai operar em 2031","author":"ismaelcolosi.com.br","date":"1 de March de 2024","format":false,"excerpt":"1 de mar\u00e7o de 2024 | 10:001 de mar\u00e7o de 2024 | 8:36 0O governador Tarc\u00edsio de Freitas (Republicanos) voltou \u00e0 sede da B3 nesta quinta-feira, 29 de fevereiro, para bater o martelo no leil\u00e3o internacional de concess\u00e3o do Trem Intercidades (TIC) Eixo Norte, que vai ligar a cidade de\u2026","rel":"","context":"In &quot;Not\u00edcias de Ribeir\u00e3o Preto-SP e Regi\u00e3o&quot;","block_context":{"text":"Not\u00edcias de Ribeir\u00e3o Preto-SP e Regi\u00e3o","link":"https:\/\/ismaelcolosi.com.br\/index.php\/category\/noticias-de-ribeirao-preto-sp-e-regiao-ismael-colosi\/"},"img":{"alt_text":"","src":"https:\/\/i0.wp.com\/ismaelcolosi.com.br\/wp-content\/uploads\/2024\/03\/TremRP-TIC-Governo-de-Sao-Paulo-scaled.jpg?fit=1000%2C555&ssl=1&resize=350%2C200","width":350,"height":200,"srcset":"https:\/\/i0.wp.com\/ismaelcolosi.com.br\/wp-content\/uploads\/2024\/03\/TremRP-TIC-Governo-de-Sao-Paulo-scaled.jpg?fit=1000%2C555&ssl=1&resize=350%2C200 1x, https:\/\/i0.wp.com\/ismaelcolosi.com.br\/wp-content\/uploads\/2024\/03\/TremRP-TIC-Governo-de-Sao-Paulo-scaled.jpg?fit=1000%2C555&ssl=1&resize=525%2C300 1.5x, https:\/\/i0.wp.com\/ismaelcolosi.com.br\/wp-content\/uploads\/2024\/03\/TremRP-TIC-Governo-de-Sao-Paulo-scaled.jpg?fit=1000%2C555&ssl=1&resize=700%2C400 2x"},"classes":[]},{"id":59322,"url":"https:\/\/ismaelcolosi.com.br\/index.php\/2024\/08\/07\/ruas-de-ribeirao-preto-tem-sentido-de-direcao-alterado-veja-quais\/","url_meta":{"origin":59263,"position":3},"title":"Ruas de Ribeir\u00e3o Preto t\u00eam sentido de dire\u00e7\u00e3o alterado; Veja quais","author":"ismaelcolosi.com.br","date":"7 de August de 2024","format":false,"excerpt":"A RP Mobi informou que duas ruas de Ribeir\u00e3o Preto tiveram a implanta\u00e7\u00e3o do sentido \u00fanico de dire\u00e7\u00e3o, nesta quarta-feira (7). As altera\u00e7\u00f5es aconteceram no bairro Monte Alegre, na zona Oeste, e est\u00e3o sendo acompanhada pela equipe de departamento de tr\u00e2nsito. O sentido \u00fanico foi implantado nas ruas Aquidauana e\u2026","rel":"","context":"In &quot;Not\u00edcias de Ribeir\u00e3o Preto-SP e Regi\u00e3o&quot;","block_context":{"text":"Not\u00edcias de Ribeir\u00e3o Preto-SP e Regi\u00e3o","link":"https:\/\/ismaelcolosi.com.br\/index.php\/category\/noticias-de-ribeirao-preto-sp-e-regiao-ismael-colosi\/"},"img":{"alt_text":"","src":"https:\/\/i0.wp.com\/ismaelcolosi.com.br\/wp-content\/uploads\/2024\/08\/rua-caninde_2024-08-07_19-26-44_jpg_2024-08-07_19-26-44.webp.webp?fit=1009%2C500&ssl=1&resize=350%2C200","width":350,"height":200,"srcset":"https:\/\/i0.wp.com\/ismaelcolosi.com.br\/wp-content\/uploads\/2024\/08\/rua-caninde_2024-08-07_19-26-44_jpg_2024-08-07_19-26-44.webp.webp?fit=1009%2C500&ssl=1&resize=350%2C200 1x, https:\/\/i0.wp.com\/ismaelcolosi.com.br\/wp-content\/uploads\/2024\/08\/rua-caninde_2024-08-07_19-26-44_jpg_2024-08-07_19-26-44.webp.webp?fit=1009%2C500&ssl=1&resize=525%2C300 1.5x, https:\/\/i0.wp.com\/ismaelcolosi.com.br\/wp-content\/uploads\/2024\/08\/rua-caninde_2024-08-07_19-26-44_jpg_2024-08-07_19-26-44.webp.webp?fit=1009%2C500&ssl=1&resize=700%2C400 2x"},"classes":[]},{"id":12712,"url":"https:\/\/ismaelcolosi.com.br\/index.php\/2023\/12\/08\/deputados-autorizam-privatizacao-da-sabesp\/","url_meta":{"origin":59263,"position":4},"title":"Deputados autorizam privatiza\u00e7\u00e3o da Sabesp\u00a0","author":"ismaelcolosi.com.br","date":"8 de December de 2023","format":false,"excerpt":"8 de dezembro de 2023 | 13:008 de dezembro de 2023 | 8:54 0Em uma sess\u00e3o esvaziada ap\u00f3s confronto de Policiais Militares com manifestantes, a base aliada do governador Tarc\u00edsio de Freitas (Republicanos) aprovou na Assembleia Legislativa de S\u00e3o Paulo (Alesp) a privatiza\u00e7\u00e3o da Companhia de Saneamento B\u00e1sico do Estado\u2026","rel":"","context":"In &quot;Not\u00edcias de Ribeir\u00e3o Preto-SP e Regi\u00e3o&quot;","block_context":{"text":"Not\u00edcias de Ribeir\u00e3o Preto-SP e Regi\u00e3o","link":"https:\/\/ismaelcolosi.com.br\/index.php\/category\/noticias-de-ribeirao-preto-sp-e-regiao-ismael-colosi\/"},"img":{"alt_text":"","src":"https:\/\/i0.wp.com\/ismaelcolosi.com.br\/wp-content\/uploads\/2023\/12\/Sabesp-scaled.jpg?fit=1000%2C602&ssl=1&resize=350%2C200","width":350,"height":200,"srcset":"https:\/\/i0.wp.com\/ismaelcolosi.com.br\/wp-content\/uploads\/2023\/12\/Sabesp-scaled.jpg?fit=1000%2C602&ssl=1&resize=350%2C200 1x, https:\/\/i0.wp.com\/ismaelcolosi.com.br\/wp-content\/uploads\/2023\/12\/Sabesp-scaled.jpg?fit=1000%2C602&ssl=1&resize=525%2C300 1.5x, https:\/\/i0.wp.com\/ismaelcolosi.com.br\/wp-content\/uploads\/2023\/12\/Sabesp-scaled.jpg?fit=1000%2C602&ssl=1&resize=700%2C400 2x"},"classes":[]},{"id":26658,"url":"https:\/\/ismaelcolosi.com.br\/index.php\/2024\/01\/10\/amazon-vai-demitir-centenas-de-funcionarios-de-suas-operacoes-de-streaming-e-estudio\/","url_meta":{"origin":59263,"position":5},"title":"Amazon vai demitir centenas de funcion\u00e1rios de suas opera\u00e7\u00f5es de streaming e est\u00fadio","author":"ismaelcolosi.com.br","date":"10 de January de 2024","format":false,"excerpt":"A Amazon.com demitir\u00e1 v\u00e1rias centenas de funcion\u00e1rios em suas opera\u00e7\u00f5es de streaming e est\u00fadio, conforme comunicado interno da empresa nesta quarta-feira. Os funcion\u00e1rios dispensados do Prime Video e Amazon MGM Studios nas Am\u00e9ricas ser\u00e3o informados nesta quarta-feira e at\u00e9 o final da semana na maioria das outras regi\u00f5es. Siga o\u2026","rel":"","context":"In &quot;Carreira e Sucesso&quot;","block_context":{"text":"Carreira e Sucesso","link":"https:\/\/ismaelcolosi.com.br\/index.php\/category\/carreira-e-sucesso-dicas-para-carreira\/"},"img":{"alt_text":"","src":"https:\/\/i0.wp.com\/ismaelcolosi.com.br\/wp-content\/uploads\/2024\/01\/Amazon-reuters-1024x683.jpg?fit=1024%2C683&ssl=1&resize=350%2C200","width":350,"height":200,"srcset":"https:\/\/i0.wp.com\/ismaelcolosi.com.br\/wp-content\/uploads\/2024\/01\/Amazon-reuters-1024x683.jpg?fit=1024%2C683&ssl=1&resize=350%2C200 1x, https:\/\/i0.wp.com\/ismaelcolosi.com.br\/wp-content\/uploads\/2024\/01\/Amazon-reuters-1024x683.jpg?fit=1024%2C683&ssl=1&resize=525%2C300 1.5x, https:\/\/i0.wp.com\/ismaelcolosi.com.br\/wp-content\/uploads\/2024\/01\/Amazon-reuters-1024x683.jpg?fit=1024%2C683&ssl=1&resize=700%2C400 2x"},"classes":[]}],"jetpack_sharing_enabled":true,"jetpack_shortlink":"https:\/\/wp.me\/pfMlyK-fpR","_links":{"self":[{"href":"https:\/\/ismaelcolosi.com.br\/index.php\/wp-json\/wp\/v2\/posts\/59263","targetHints":{"allow":["GET"]}}],"collection":[{"href":"https:\/\/ismaelcolosi.com.br\/index.php\/wp-json\/wp\/v2\/posts"}],"about":[{"href":"https:\/\/ismaelcolosi.com.br\/index.php\/wp-json\/wp\/v2\/types\/post"}],"author":[{"embeddable":true,"href":"https:\/\/ismaelcolosi.com.br\/index.php\/wp-json\/wp\/v2\/users\/1"}],"replies":[{"embeddable":true,"href":"https:\/\/ismaelcolosi.com.br\/index.php\/wp-json\/wp\/v2\/comments?post=59263"}],"version-history":[{"count":0,"href":"https:\/\/ismaelcolosi.com.br\/index.php\/wp-json\/wp\/v2\/posts\/59263\/revisions"}],"wp:featuredmedia":[{"embeddable":true,"href":"https:\/\/ismaelcolosi.com.br\/index.php\/wp-json\/wp\/v2\/media\/59264"}],"wp:attachment":[{"href":"https:\/\/ismaelcolosi.com.br\/index.php\/wp-json\/wp\/v2\/media?parent=59263"}],"wp:term":[{"taxonomy":"category","embeddable":true,"href":"https:\/\/ismaelcolosi.com.br\/index.php\/wp-json\/wp\/v2\/categories?post=59263"},{"taxonomy":"post_tag","embeddable":true,"href":"https:\/\/ismaelcolosi.com.br\/index.php\/wp-json\/wp\/v2\/tags?post=59263"}],"curies":[{"name":"wp","href":"https:\/\/api.w.org\/{rel}","templated":true}]}}