{"id":59255,"date":"2024-08-07T11:14:33","date_gmt":"2024-08-07T14:14:33","guid":{"rendered":"https:\/\/ismaelcolosi.com.br\/index.php\/2024\/08\/07\/sete-dias-de-descanso-por-semana-ribeirao-tem-peca-gratuita-sobre-o-tema\/"},"modified":"2024-08-07T11:14:33","modified_gmt":"2024-08-07T14:14:33","slug":"sete-dias-de-descanso-por-semana-ribeirao-tem-peca-gratuita-sobre-o-tema","status":"publish","type":"post","link":"https:\/\/ismaelcolosi.com.br\/index.php\/2024\/08\/07\/sete-dias-de-descanso-por-semana-ribeirao-tem-peca-gratuita-sobre-o-tema\/","title":{"rendered":"Sete dias de descanso por semana? Ribeir\u00e3o tem pe\u00e7a gratuita sobre o tema"},"content":{"rendered":"<p> <br \/>\n<\/p>\n<div data-td-block-uid=\"tdi_106\">\n<div class=\"tdb-block-inner td-fix-index\">\n<p>O <strong>Teatro Minaz<\/strong>, em <strong>Ribeir\u00e3o Preto<\/strong>, ir\u00e1 receber neste fim de semana uma pe\u00e7a de <strong>Bertold Brecht,<\/strong> musicada por <strong>Kurt Weil<\/strong>, a \u201c<strong>Ascens\u00e3o e queda da cidade de Mahagonny<\/strong>\u201d. A <mark style=\"background-color:#fcb900\" class=\"has-inline-color has-black-color\">entrada \u00e9 gratuita.<\/mark><mark style=\"background-color:#ffffff\" class=\"has-inline-color has-black-color\"> <\/mark><\/p>\n<p>O espet\u00e1culo conta a hist\u00f3ria de tr\u00eas fugitivos encurralados numa regi\u00e3o deserta que decidem criar uma cidade para atrair pessoas e arrancar seu dinheiro. Assim nasce <strong>Mahagonny<\/strong>, cidade onde h\u00e1 muita bebida, divers\u00e3o e sete dias de descanso na semana.<\/p>\n<p>Al\u00e9m dos solistas da <strong>Cia. Minaz<\/strong>, comp\u00f5e o elenco os atores convidados <strong>Evaristo Moura<\/strong>, <strong>Leonardo Santarosa<\/strong> e a atriz e diretora teatral <strong>Esther G\u00f3es<\/strong>. A <mark style=\"background-color:#fcb900\" class=\"has-inline-color has-black-color\">classifica\u00e7\u00e3o indicativa \u00e9 de 18 anos.<\/mark><\/p>\n<h4 class=\"wp-block-heading\"><strong>Datas e reserva de ingressos<\/strong><\/h4>\n<p>A apresenta\u00e7\u00e3o acontece neste <strong>s\u00e1bado (10)<\/strong>, \u00e0s <strong>20h, <\/strong>e no <strong>domingo (11)<\/strong>, \u00e0s <strong>19h<\/strong>. Os <strong>ingressos<\/strong> devem ser reservados no site (<a href=\"https:\/\/www.minaz.com.br\/programacao\" target=\"_blank\" rel=\"noreferrer noopener\">clique aqui<\/a>). O <strong>Teatro Minaz<\/strong> est\u00e1 localizado na<strong> rua Carlos Chagas, 273<\/strong>.<\/p>\n<h4 class=\"wp-block-heading\"><strong>Servi\u00e7o<\/strong><\/h4>\n<p><strong>Ascens\u00e3o e queda da cidade de Mahagonny<\/strong><\/p>\n<p><strong>Quando:<\/strong> 10 e 11 de agosto, s\u00e1bado e domingo <br \/><strong>Hor\u00e1rio:<\/strong> S\u00e1bado (10) \u00e0s 20h e domingo (11) \u00e0s 19h<br \/><strong>Local:<\/strong> Teatro Minaz<br \/><strong>Entrada \u00e9 gratuita<\/strong>, mas \u00e9 necess\u00e1rio reservar ingressos (<a href=\"https:\/\/www.minaz.com.br\/programacao\" target=\"_blank\" rel=\"noreferrer noopener\">clique aqui<\/a>)<\/p>\n<p>SAIBA MAIS<br \/>Qual \u00e9 a escola mais antiga de Ribeir\u00e3o Preto? Confira<\/p>\n<h4 class=\"wp-block-heading\"><strong>FIQUE ON<\/strong><\/h4>\n<p>Fique ligado em tudo que acontece em Ribeir\u00e3o Preto e regi\u00e3o. Siga os perfis do <strong>acidade on <\/strong>no <a href=\"https:\/\/www.instagram.com\/acidadeonribeirao\" target=\"_blank\" rel=\"noreferrer noopener\">Instagram<\/a> e no <a href=\"https:\/\/www.facebook.com\/acidadeonribeirao\" target=\"_blank\" rel=\"noreferrer noopener\">Facebook<\/a>.<\/p>\n<p>Receba not\u00edcias do acidade on no WhatsApp. Para entrar no grupo, basta <a href=\"https:\/\/chat.whatsapp.com\/Dtv9mxhy6V5BJBotM2OQ5k\" target=\"_blank\" rel=\"noreferrer noopener\">clicar aqui<\/a>.<\/p>\n<p>Fa\u00e7a uma den\u00fancia ou sugira uma reportagem sobre Ribeir\u00e3o Preto e regi\u00e3o pelo WhatsApp: 16 99117 7802.<\/p>\n<p>VEJA TAMB\u00c9M<br \/>Quem era Daniel Mastral?<\/p>\n<p><!-- CONTENT END 1 -->\n<\/div>\n<\/div>\n<p><script async src=\"\/\/www.instagram.com\/embed.js\"><\/script><br \/>\n<br \/><br \/>\n<br \/><a href=\"https:\/\/www.acidadeon.com\/ribeiraopreto\/lazer-e-cultura\/sete-dias-de-descanso-por-semana-ribeirao-tem-peca-gratuita-sobre-o-tema\/\">Source link <\/a><\/p>\n","protected":false},"excerpt":{"rendered":"<p>O Teatro Minaz, em Ribeir\u00e3o Preto, ir\u00e1 receber neste fim de semana uma pe\u00e7a de Bertold Brecht, musicada por Kurt Weil, a \u201cAscens\u00e3o e queda&#8230;<\/p>\n","protected":false},"author":1,"featured_media":59256,"comment_status":"open","ping_status":"open","sticky":false,"template":"","format":"standard","meta":{"_uag_custom_page_level_css":"","advanced_seo_description":"","jetpack_seo_html_title":"","jetpack_seo_noindex":false,"jetpack_post_was_ever_published":false,"_jetpack_newsletter_access":"","_jetpack_dont_email_post_to_subs":false,"_jetpack_newsletter_tier_id":0,"_jetpack_memberships_contains_paywalled_content":false,"_jetpack_memberships_contains_paid_content":false,"footnotes":"","jetpack_publicize_message":"","jetpack_publicize_feature_enabled":true,"jetpack_social_post_already_shared":true,"jetpack_social_options":{"image_generator_settings":{"template":"highway","default_image_id":0,"font":"","enabled":false},"version":2}},"categories":[11],"tags":[],"class_list":["post-59255","post","type-post","status-publish","format-standard","has-post-thumbnail","hentry","category-noticias-de-ribeirao-preto-sp-e-regiao-ismael-colosi"],"jetpack_publicize_connections":[],"jetpack_featured_media_url":"https:\/\/i0.wp.com\/ismaelcolosi.com.br\/wp-content\/uploads\/2024\/08\/3_2024-08-07_12-49-17_jpg_2024-08-07_12-49-20-scaled.webp.webp?fit=2560%2C1707&ssl=1","uagb_featured_image_src":{"full":["https:\/\/i0.wp.com\/ismaelcolosi.com.br\/wp-content\/uploads\/2024\/08\/3_2024-08-07_12-49-17_jpg_2024-08-07_12-49-20-scaled.webp.webp?fit=2560%2C1707&ssl=1",2560,1707,false],"thumbnail":["https:\/\/i0.wp.com\/ismaelcolosi.com.br\/wp-content\/uploads\/2024\/08\/3_2024-08-07_12-49-17_jpg_2024-08-07_12-49-20-scaled.webp.webp?resize=150%2C150&ssl=1",150,150,true],"medium":["https:\/\/i0.wp.com\/ismaelcolosi.com.br\/wp-content\/uploads\/2024\/08\/3_2024-08-07_12-49-17_jpg_2024-08-07_12-49-20-scaled.webp.webp?fit=300%2C200&ssl=1",300,200,true],"medium_large":["https:\/\/i0.wp.com\/ismaelcolosi.com.br\/wp-content\/uploads\/2024\/08\/3_2024-08-07_12-49-17_jpg_2024-08-07_12-49-20-scaled.webp.webp?fit=768%2C512&ssl=1",768,512,true],"large":["https:\/\/i0.wp.com\/ismaelcolosi.com.br\/wp-content\/uploads\/2024\/08\/3_2024-08-07_12-49-17_jpg_2024-08-07_12-49-20-scaled.webp.webp?fit=1024%2C683&ssl=1",1024,683,true],"1536x1536":["https:\/\/i0.wp.com\/ismaelcolosi.com.br\/wp-content\/uploads\/2024\/08\/3_2024-08-07_12-49-17_jpg_2024-08-07_12-49-20-scaled.webp.webp?fit=1536%2C1024&ssl=1",1536,1024,true],"2048x2048":["https:\/\/i0.wp.com\/ismaelcolosi.com.br\/wp-content\/uploads\/2024\/08\/3_2024-08-07_12-49-17_jpg_2024-08-07_12-49-20-scaled.webp.webp?fit=2048%2C1366&ssl=1",2048,1366,true],"really-simple-thumb":["https:\/\/i0.wp.com\/ismaelcolosi.com.br\/wp-content\/uploads\/2024\/08\/3_2024-08-07_12-49-17_jpg_2024-08-07_12-49-20-scaled.webp.webp?resize=370%2C247&ssl=1",370,247,true]},"uagb_author_info":{"display_name":"ismaelcolosi.com.br","author_link":"https:\/\/ismaelcolosi.com.br\/index.php\/author\/vidareal-online\/"},"uagb_comment_info":0,"uagb_excerpt":"O Teatro Minaz, em Ribeir\u00e3o Preto, ir\u00e1 receber neste fim de semana uma pe\u00e7a de Bertold Brecht, musicada por Kurt Weil, a \u201cAscens\u00e3o e queda...","jetpack-related-posts":[{"id":59522,"url":"https:\/\/ismaelcolosi.com.br\/index.php\/2024\/08\/09\/henrique-e-juliano-rodrigo-bocardi-e-muito-rock-veja-a-programacao-do-fim-de-semana-em-ribeirao-preto\/","url_meta":{"origin":59255,"position":0},"title":"Henrique e Juliano, Rodrigo Bocardi e muito rock: Veja a programa\u00e7\u00e3o do fim de semana em Ribeir\u00e3o Preto","author":"ismaelcolosi.com.br","date":"9 de August de 2024","format":false,"excerpt":"Ribeir\u00e3o Preto conta com uma agenda cultural recheada de op\u00e7\u00f5es para quem quer aproveitar o fim de semana. Henrique e Juliano, Rodrigo Bocardi e shows de diversas bandas de rock marcam presen\u00e7a na programa\u00e7\u00e3o. Confira: Henrique e Juliano A dupla se apresenta neste s\u00e1bado (10), no Parque Permanente de Exposi\u00e7\u00f5es,\u2026","rel":"","context":"In &quot;Not\u00edcias de Ribeir\u00e3o Preto-SP e Regi\u00e3o&quot;","block_context":{"text":"Not\u00edcias de Ribeir\u00e3o Preto-SP e Regi\u00e3o","link":"https:\/\/ismaelcolosi.com.br\/index.php\/category\/noticias-de-ribeirao-preto-sp-e-regiao-ismael-colosi\/"},"img":{"alt_text":"","src":"https:\/\/i0.wp.com\/ismaelcolosi.com.br\/wp-content\/uploads\/2024\/08\/Copia-de-Copia-de-TAMANHO-EXATO-PARA-FOTOS-NO-SISTEMA-NOVO-39_2024-08-09_12-48-12_jpg_2024-08-09_12-48-12.webp.webp?fit=1200%2C675&ssl=1&resize=350%2C200","width":350,"height":200,"srcset":"https:\/\/i0.wp.com\/ismaelcolosi.com.br\/wp-content\/uploads\/2024\/08\/Copia-de-Copia-de-TAMANHO-EXATO-PARA-FOTOS-NO-SISTEMA-NOVO-39_2024-08-09_12-48-12_jpg_2024-08-09_12-48-12.webp.webp?fit=1200%2C675&ssl=1&resize=350%2C200 1x, https:\/\/i0.wp.com\/ismaelcolosi.com.br\/wp-content\/uploads\/2024\/08\/Copia-de-Copia-de-TAMANHO-EXATO-PARA-FOTOS-NO-SISTEMA-NOVO-39_2024-08-09_12-48-12_jpg_2024-08-09_12-48-12.webp.webp?fit=1200%2C675&ssl=1&resize=525%2C300 1.5x, https:\/\/i0.wp.com\/ismaelcolosi.com.br\/wp-content\/uploads\/2024\/08\/Copia-de-Copia-de-TAMANHO-EXATO-PARA-FOTOS-NO-SISTEMA-NOVO-39_2024-08-09_12-48-12_jpg_2024-08-09_12-48-12.webp.webp?fit=1200%2C675&ssl=1&resize=700%2C400 2x, https:\/\/i0.wp.com\/ismaelcolosi.com.br\/wp-content\/uploads\/2024\/08\/Copia-de-Copia-de-TAMANHO-EXATO-PARA-FOTOS-NO-SISTEMA-NOVO-39_2024-08-09_12-48-12_jpg_2024-08-09_12-48-12.webp.webp?fit=1200%2C675&ssl=1&resize=1050%2C600 3x"},"classes":[]},{"id":52408,"url":"https:\/\/ismaelcolosi.com.br\/index.php\/2024\/06\/06\/teatro-de-arena-de-ribeirao-recebe-show-de-rock-neste-fim-de-semana\/","url_meta":{"origin":59255,"position":1},"title":"Teatro de Arena de Ribeir\u00e3o recebe show de rock neste fim de semana","author":"ismaelcolosi.com.br","date":"6 de June de 2024","format":false,"excerpt":"A Cia. Minaz retorna ao Teatro de Arena Jaime Zeiger, em Ribeir\u00e3o Preto, para apresentar neste domingo (9) o show \u201cMinaz Rock\u201d, \u00e0s 19h. O evento integra a programa\u00e7\u00e3o de anivers\u00e1rio de 168 anos da cidade. A companhia estreou o festival \u201cMinaz Arena Rock\u201d em 2010, evento que durava tr\u00eas\u2026","rel":"","context":"In &quot;Not\u00edcias de Ribeir\u00e3o Preto-SP e Regi\u00e3o&quot;","block_context":{"text":"Not\u00edcias de Ribeir\u00e3o Preto-SP e Regi\u00e3o","link":"https:\/\/ismaelcolosi.com.br\/index.php\/category\/noticias-de-ribeirao-preto-sp-e-regiao-ismael-colosi\/"},"img":{"alt_text":"","src":"https:\/\/i0.wp.com\/ismaelcolosi.com.br\/wp-content\/uploads\/2024\/06\/minaz_arena_rock_-_credito_claudio_frateschi_0606_2024-06-06_14-05-48_png_2024-06-06_14-05-48.webp.webp?fit=1000%2C666&ssl=1&resize=350%2C200","width":350,"height":200,"srcset":"https:\/\/i0.wp.com\/ismaelcolosi.com.br\/wp-content\/uploads\/2024\/06\/minaz_arena_rock_-_credito_claudio_frateschi_0606_2024-06-06_14-05-48_png_2024-06-06_14-05-48.webp.webp?fit=1000%2C666&ssl=1&resize=350%2C200 1x, https:\/\/i0.wp.com\/ismaelcolosi.com.br\/wp-content\/uploads\/2024\/06\/minaz_arena_rock_-_credito_claudio_frateschi_0606_2024-06-06_14-05-48_png_2024-06-06_14-05-48.webp.webp?fit=1000%2C666&ssl=1&resize=525%2C300 1.5x, https:\/\/i0.wp.com\/ismaelcolosi.com.br\/wp-content\/uploads\/2024\/06\/minaz_arena_rock_-_credito_claudio_frateschi_0606_2024-06-06_14-05-48_png_2024-06-06_14-05-48.webp.webp?fit=1000%2C666&ssl=1&resize=700%2C400 2x"},"classes":[]},{"id":46537,"url":"https:\/\/ismaelcolosi.com.br\/index.php\/2024\/04\/12\/agenda-cultural-veja-o-que-fazer-neste-fim-de-semana-em-ribeirao-preto\/","url_meta":{"origin":59255,"position":2},"title":"Agenda cultural: Veja o que fazer neste fim de semana em Ribeir\u00e3o Preto","author":"ismaelcolosi.com.br","date":"12 de April de 2024","format":false,"excerpt":"Ribeir\u00e3o Preto conta com uma\u00a0agenda cultural\u00a0cheia de op\u00e7\u00f5es para diferentes gostos e idades neste fim de semana.\u00a0Entre as op\u00e7\u00f5es, h\u00e1 pe\u00e7as de teatro, shows, feiras e at\u00e9 encontro de carros. Confira a programa\u00e7\u00e3o: Um Amor a Cada Bloco Ribeir\u00e3o Preto\u00a0recebe a primeira edi\u00e7\u00e3o p\u00f3s-carnaval do \u2018Um Amor em Cada Bloco\u2019,\u2026","rel":"","context":"In &quot;Not\u00edcias de Ribeir\u00e3o Preto-SP e Regi\u00e3o&quot;","block_context":{"text":"Not\u00edcias de Ribeir\u00e3o Preto-SP e Regi\u00e3o","link":"https:\/\/ismaelcolosi.com.br\/index.php\/category\/noticias-de-ribeirao-preto-sp-e-regiao-ismael-colosi\/"},"img":{"alt_text":"","src":"https:\/\/i0.wp.com\/ismaelcolosi.com.br\/wp-content\/uploads\/2024\/04\/Orquestra.jpg?fit=1071%2C518&ssl=1&resize=350%2C200","width":350,"height":200,"srcset":"https:\/\/i0.wp.com\/ismaelcolosi.com.br\/wp-content\/uploads\/2024\/04\/Orquestra.jpg?fit=1071%2C518&ssl=1&resize=350%2C200 1x, https:\/\/i0.wp.com\/ismaelcolosi.com.br\/wp-content\/uploads\/2024\/04\/Orquestra.jpg?fit=1071%2C518&ssl=1&resize=525%2C300 1.5x, https:\/\/i0.wp.com\/ismaelcolosi.com.br\/wp-content\/uploads\/2024\/04\/Orquestra.jpg?fit=1071%2C518&ssl=1&resize=700%2C400 2x, https:\/\/i0.wp.com\/ismaelcolosi.com.br\/wp-content\/uploads\/2024\/04\/Orquestra.jpg?fit=1071%2C518&ssl=1&resize=1050%2C600 3x"},"classes":[]},{"id":60127,"url":"https:\/\/ismaelcolosi.com.br\/index.php\/2024\/08\/14\/cia-minaz-estreia-opera-o-afiador-de-facas-com-entrada-gratuita-em-ribeirao-preto\/","url_meta":{"origin":59255,"position":3},"title":"Cia Minaz estreia \u00f3pera &#8216;O Afiador de Facas&#8217; com entrada gratuita em Ribeir\u00e3o Preto","author":"ismaelcolosi.com.br","date":"14 de August de 2024","format":false,"excerpt":"A Cia Minaz estreia neste fim de semana a \u00f3pera \u201cO Afiador de Facas\u201d, vencedora do concurso feito pelo F\u00f3rum Brasileiro de \u00d3pera, Dan\u00e7a e M\u00fasica de concerto (FB-ODM), em 2021. As apresenta\u00e7\u00f5es acontecem no s\u00e1bado (17), \u00e0s 20h e no domingo (18), \u00e0s 19h no Teatro Minaz, em Ribeir\u00e3o\u2026","rel":"","context":"In &quot;Not\u00edcias de Ribeir\u00e3o Preto-SP e Regi\u00e3o&quot;","block_context":{"text":"Not\u00edcias de Ribeir\u00e3o Preto-SP e Regi\u00e3o","link":"https:\/\/ismaelcolosi.com.br\/index.php\/category\/noticias-de-ribeirao-preto-sp-e-regiao-ismael-colosi\/"},"img":{"alt_text":"","src":"https:\/\/i0.wp.com\/ismaelcolosi.com.br\/wp-content\/uploads\/2024\/08\/teatro-minaz_2024-08-14_15-55-47_png_2024-08-14_15-55-47.webp.webp?fit=930%2C602&ssl=1&resize=350%2C200","width":350,"height":200,"srcset":"https:\/\/i0.wp.com\/ismaelcolosi.com.br\/wp-content\/uploads\/2024\/08\/teatro-minaz_2024-08-14_15-55-47_png_2024-08-14_15-55-47.webp.webp?fit=930%2C602&ssl=1&resize=350%2C200 1x, https:\/\/i0.wp.com\/ismaelcolosi.com.br\/wp-content\/uploads\/2024\/08\/teatro-minaz_2024-08-14_15-55-47_png_2024-08-14_15-55-47.webp.webp?fit=930%2C602&ssl=1&resize=525%2C300 1.5x, https:\/\/i0.wp.com\/ismaelcolosi.com.br\/wp-content\/uploads\/2024\/08\/teatro-minaz_2024-08-14_15-55-47_png_2024-08-14_15-55-47.webp.webp?fit=930%2C602&ssl=1&resize=700%2C400 2x"},"classes":[]},{"id":29782,"url":"https:\/\/ismaelcolosi.com.br\/index.php\/2024\/01\/19\/quermesse-encontro-de-fuscas-e-musica-veja-as-opcoes-para-aproveitar-o-final-de-semana-em-ribeirao-preto\/","url_meta":{"origin":59255,"position":4},"title":"Quermesse, encontro de Fuscas e m\u00fasica: Veja as op\u00e7\u00f5es para aproveitar o final de semana em Ribeir\u00e3o Preto","author":"ismaelcolosi.com.br","date":"19 de January de 2024","format":false,"excerpt":"Quem for passar o final de semana em Ribeir\u00e3o Preto ter\u00e1 diversas op\u00e7\u00f5es de cultura e lazer. Tem quermesse, encontro de Fuscas e muita m\u00fasica. Al\u00e9m disso, o Bosque F\u00e1bio Barreto e o Museu Casa da Mem\u00f3ria Italiana, contam com programa\u00e7\u00e3o de f\u00e9rias para a crian\u00e7ada. Confira a programa\u00e7\u00e3o: Bosque\u2026","rel":"","context":"In &quot;Not\u00edcias de Ribeir\u00e3o Preto-SP e Regi\u00e3o&quot;","block_context":{"text":"Not\u00edcias de Ribeir\u00e3o Preto-SP e Regi\u00e3o","link":"https:\/\/ismaelcolosi.com.br\/index.php\/category\/noticias-de-ribeirao-preto-sp-e-regiao-ismael-colosi\/"},"img":{"alt_text":"","src":"https:\/\/i0.wp.com\/ismaelcolosi.com.br\/wp-content\/uploads\/2024\/01\/Design-sem-nome.jpg?fit=811%2C491&ssl=1&resize=350%2C200","width":350,"height":200,"srcset":"https:\/\/i0.wp.com\/ismaelcolosi.com.br\/wp-content\/uploads\/2024\/01\/Design-sem-nome.jpg?fit=811%2C491&ssl=1&resize=350%2C200 1x, https:\/\/i0.wp.com\/ismaelcolosi.com.br\/wp-content\/uploads\/2024\/01\/Design-sem-nome.jpg?fit=811%2C491&ssl=1&resize=525%2C300 1.5x, https:\/\/i0.wp.com\/ismaelcolosi.com.br\/wp-content\/uploads\/2024\/01\/Design-sem-nome.jpg?fit=811%2C491&ssl=1&resize=700%2C400 2x"},"classes":[]},{"id":58743,"url":"https:\/\/ismaelcolosi.com.br\/index.php\/2024\/08\/02\/mv-bill-candlelight-e-dori-caymmi-confira-o-que-fazer-no-fim-de-semana-em-ribeirao-preto\/","url_meta":{"origin":59255,"position":5},"title":"MV Bill, \u2018Candlelight\u2019 e Dori Caymmi: Confira o que fazer no fim de semana em Ribeir\u00e3o Preto","author":"ismaelcolosi.com.br","date":"2 de August de 2024","format":false,"excerpt":"Sextou! O primeiro fim de semana de agosto come\u00e7ou e Ribeir\u00e3o Preto conta com diversas atividades culturais para quem n\u00e3o gosta de ficar parado. Entre as op\u00e7\u00f5es est\u00e3o a programa\u00e7\u00e3o da 23\u00aa Feira Internacional do Livro de Ribeir\u00e3o Preto, shows e circo digital. Confira o que fazer neste fim de\u2026","rel":"","context":"In &quot;Not\u00edcias de Ribeir\u00e3o Preto-SP e Regi\u00e3o&quot;","block_context":{"text":"Not\u00edcias de Ribeir\u00e3o Preto-SP e Regi\u00e3o","link":"https:\/\/ismaelcolosi.com.br\/index.php\/category\/noticias-de-ribeirao-preto-sp-e-regiao-ismael-colosi\/"},"img":{"alt_text":"","src":"https:\/\/i0.wp.com\/ismaelcolosi.com.br\/wp-content\/uploads\/2024\/08\/Copia-de-Copia-de-TAMANHO-EXATO-PARA-FOTOS-NO-SISTEMA-NOVO-24_2024-08-02_12-31-16_jpg_2024-08-02_12-31-16.webp.webp?fit=1200%2C675&ssl=1&resize=350%2C200","width":350,"height":200,"srcset":"https:\/\/i0.wp.com\/ismaelcolosi.com.br\/wp-content\/uploads\/2024\/08\/Copia-de-Copia-de-TAMANHO-EXATO-PARA-FOTOS-NO-SISTEMA-NOVO-24_2024-08-02_12-31-16_jpg_2024-08-02_12-31-16.webp.webp?fit=1200%2C675&ssl=1&resize=350%2C200 1x, https:\/\/i0.wp.com\/ismaelcolosi.com.br\/wp-content\/uploads\/2024\/08\/Copia-de-Copia-de-TAMANHO-EXATO-PARA-FOTOS-NO-SISTEMA-NOVO-24_2024-08-02_12-31-16_jpg_2024-08-02_12-31-16.webp.webp?fit=1200%2C675&ssl=1&resize=525%2C300 1.5x, https:\/\/i0.wp.com\/ismaelcolosi.com.br\/wp-content\/uploads\/2024\/08\/Copia-de-Copia-de-TAMANHO-EXATO-PARA-FOTOS-NO-SISTEMA-NOVO-24_2024-08-02_12-31-16_jpg_2024-08-02_12-31-16.webp.webp?fit=1200%2C675&ssl=1&resize=700%2C400 2x, https:\/\/i0.wp.com\/ismaelcolosi.com.br\/wp-content\/uploads\/2024\/08\/Copia-de-Copia-de-TAMANHO-EXATO-PARA-FOTOS-NO-SISTEMA-NOVO-24_2024-08-02_12-31-16_jpg_2024-08-02_12-31-16.webp.webp?fit=1200%2C675&ssl=1&resize=1050%2C600 3x"},"classes":[]}],"jetpack_sharing_enabled":true,"jetpack_shortlink":"https:\/\/wp.me\/pfMlyK-fpJ","_links":{"self":[{"href":"https:\/\/ismaelcolosi.com.br\/index.php\/wp-json\/wp\/v2\/posts\/59255","targetHints":{"allow":["GET"]}}],"collection":[{"href":"https:\/\/ismaelcolosi.com.br\/index.php\/wp-json\/wp\/v2\/posts"}],"about":[{"href":"https:\/\/ismaelcolosi.com.br\/index.php\/wp-json\/wp\/v2\/types\/post"}],"author":[{"embeddable":true,"href":"https:\/\/ismaelcolosi.com.br\/index.php\/wp-json\/wp\/v2\/users\/1"}],"replies":[{"embeddable":true,"href":"https:\/\/ismaelcolosi.com.br\/index.php\/wp-json\/wp\/v2\/comments?post=59255"}],"version-history":[{"count":0,"href":"https:\/\/ismaelcolosi.com.br\/index.php\/wp-json\/wp\/v2\/posts\/59255\/revisions"}],"wp:featuredmedia":[{"embeddable":true,"href":"https:\/\/ismaelcolosi.com.br\/index.php\/wp-json\/wp\/v2\/media\/59256"}],"wp:attachment":[{"href":"https:\/\/ismaelcolosi.com.br\/index.php\/wp-json\/wp\/v2\/media?parent=59255"}],"wp:term":[{"taxonomy":"category","embeddable":true,"href":"https:\/\/ismaelcolosi.com.br\/index.php\/wp-json\/wp\/v2\/categories?post=59255"},{"taxonomy":"post_tag","embeddable":true,"href":"https:\/\/ismaelcolosi.com.br\/index.php\/wp-json\/wp\/v2\/tags?post=59255"}],"curies":[{"name":"wp","href":"https:\/\/api.w.org\/{rel}","templated":true}]}}