{"id":59249,"date":"2024-08-07T10:45:33","date_gmt":"2024-08-07T13:45:33","guid":{"rendered":"https:\/\/ismaelcolosi.com.br\/index.php\/2024\/08\/07\/motociclista-morre-apos-uma-semana-internado-por-conta-de-acidente-em-ribeirao-preto\/"},"modified":"2024-08-07T10:45:33","modified_gmt":"2024-08-07T13:45:33","slug":"motociclista-morre-apos-uma-semana-internado-por-conta-de-acidente-em-ribeirao-preto","status":"publish","type":"post","link":"https:\/\/ismaelcolosi.com.br\/index.php\/2024\/08\/07\/motociclista-morre-apos-uma-semana-internado-por-conta-de-acidente-em-ribeirao-preto\/","title":{"rendered":"Motociclista morre ap\u00f3s uma semana internado por conta de acidente em Ribeir\u00e3o Preto"},"content":{"rendered":"<p> <br \/>\n<\/p>\n<div data-td-block-uid=\"tdi_106\">\n<div class=\"tdb-block-inner td-fix-index\">\n<p>Um motociclista de 28 anos morreu, na \u00faltima ter\u00e7a-feira (6), ap\u00f3s uma semana internado por conta de um acidente de tr\u00e2nsito em <strong>Ribeir\u00e3o Preto<\/strong>.<\/p>\n<p>Segundo o <strong>BO (boletim de ocorr\u00eancia)<\/strong>, a v\u00edtima pilotava uma moto quando foi atingido por um carro.<\/p>\n<p>O documento afirma que <mark style=\"background-color:#fcb900\" class=\"has-inline-color has-black-color\">o jovem foi arremessado por 20 metros ap\u00f3s a colis\u00e3o com um carro na rua Paulo de Frontin<\/mark>, na <strong>Vila Virg\u00ednia<\/strong>, no \u00faltimo dia 30 de julho, por volta das 10h.<\/p>\n<p>Luan Mendes Queiroz foi socorrido pelo <strong>Samu (Servi\u00e7o de Atendimento M\u00f3vel de Urg\u00eancia)<\/strong> e levado para o <strong>HC-UE (Hospital das Cl\u00ednicas \u2013 Unidade de Emerg\u00eancia)<\/strong>, em estado grave.<\/p>\n<p>Contudo, o rapaz n\u00e3o resistiu aos ferimentos e morreu.<\/p>\n<p>SAIBA MAIS<br \/>Saerp alerta para falta d\u2019\u00e1gua em bairros de Ribeir\u00e3o Preto; Veja quais<\/p>\n<h4 class=\"wp-block-heading\"><strong>FIQUE ON<\/strong><\/h4>\n<p>Fique ligado em tudo que acontece em Ribeir\u00e3o Preto e regi\u00e3o. Siga os perfis do<strong> acidade on <\/strong>no<a href=\"https:\/\/www.instagram.com\/acidadeonribeirao\/\" target=\"_blank\" rel=\"noreferrer noopener nofollow\"> Instagram <\/a>e no <a href=\"https:\/\/www.facebook.com\/acidadeonribeirao\/\" target=\"_blank\" rel=\"noreferrer noopener nofollow\">Facebook<\/a>.<\/p>\n<p>Receba not\u00edcias do<strong> acidade on<\/strong> no WhatsApp. <a href=\"https:\/\/chat.whatsapp.com\/Dtv9mxhy6V5BJBotM2OQ5k\" target=\"_blank\" rel=\"noreferrer noopener nofollow\">Para entrar no grupo, basta clicar aqui.<\/a><\/p>\n<p>Fa\u00e7a uma den\u00fancia ou sugira uma reportagem sobre Ribeir\u00e3o Preto e regi\u00e3o pelo WhatsApp: 16 99117 7802.<\/p>\n<p>VEJA TAMB\u00c9M<br \/>15 de agosto \u00e9 feriado?<\/p>\n<p><!-- CONTENT END 1 -->\n<\/div>\n<\/div>\n<p><script async src=\"\/\/www.instagram.com\/embed.js\"><\/script><br \/>\n<br \/><br \/>\n<br \/><a href=\"https:\/\/www.acidadeon.com\/ribeiraopreto\/cotidiano\/motociclista-morre-apos-uma-semana-internado-acidente-em-ribeirao-preto\/\">Source link <\/a><\/p>\n","protected":false},"excerpt":{"rendered":"<p>Um motociclista de 28 anos morreu, na \u00faltima ter\u00e7a-feira (6), ap\u00f3s uma semana internado por conta de um acidente de tr\u00e2nsito em Ribeir\u00e3o Preto. Segundo&#8230;<\/p>\n","protected":false},"author":1,"featured_media":59250,"comment_status":"open","ping_status":"open","sticky":false,"template":"","format":"standard","meta":{"_uag_custom_page_level_css":"","advanced_seo_description":"","jetpack_seo_html_title":"","jetpack_seo_noindex":false,"jetpack_post_was_ever_published":false,"_jetpack_newsletter_access":"","_jetpack_dont_email_post_to_subs":false,"_jetpack_newsletter_tier_id":0,"_jetpack_memberships_contains_paywalled_content":false,"_jetpack_memberships_contains_paid_content":false,"footnotes":"","jetpack_publicize_message":"","jetpack_publicize_feature_enabled":true,"jetpack_social_post_already_shared":true,"jetpack_social_options":{"image_generator_settings":{"template":"highway","default_image_id":0,"font":"","enabled":false},"version":2}},"categories":[11],"tags":[],"class_list":["post-59249","post","type-post","status-publish","format-standard","has-post-thumbnail","hentry","category-noticias-de-ribeirao-preto-sp-e-regiao-ismael-colosi"],"jetpack_publicize_connections":[],"jetpack_featured_media_url":"https:\/\/i0.wp.com\/ismaelcolosi.com.br\/wp-content\/uploads\/2024\/08\/hc-ue.jpg?fit=733%2C414&ssl=1","uagb_featured_image_src":{"full":["https:\/\/i0.wp.com\/ismaelcolosi.com.br\/wp-content\/uploads\/2024\/08\/hc-ue.jpg?fit=733%2C414&ssl=1",733,414,false],"thumbnail":["https:\/\/i0.wp.com\/ismaelcolosi.com.br\/wp-content\/uploads\/2024\/08\/hc-ue.jpg?resize=150%2C150&ssl=1",150,150,true],"medium":["https:\/\/i0.wp.com\/ismaelcolosi.com.br\/wp-content\/uploads\/2024\/08\/hc-ue.jpg?fit=300%2C169&ssl=1",300,169,true],"medium_large":["https:\/\/i0.wp.com\/ismaelcolosi.com.br\/wp-content\/uploads\/2024\/08\/hc-ue.jpg?fit=733%2C414&ssl=1",733,414,true],"large":["https:\/\/i0.wp.com\/ismaelcolosi.com.br\/wp-content\/uploads\/2024\/08\/hc-ue.jpg?fit=733%2C414&ssl=1",733,414,true],"1536x1536":["https:\/\/i0.wp.com\/ismaelcolosi.com.br\/wp-content\/uploads\/2024\/08\/hc-ue.jpg?fit=733%2C414&ssl=1",733,414,true],"2048x2048":["https:\/\/i0.wp.com\/ismaelcolosi.com.br\/wp-content\/uploads\/2024\/08\/hc-ue.jpg?fit=733%2C414&ssl=1",733,414,true],"really-simple-thumb":["https:\/\/i0.wp.com\/ismaelcolosi.com.br\/wp-content\/uploads\/2024\/08\/hc-ue.jpg?resize=370%2C247&ssl=1",370,247,true]},"uagb_author_info":{"display_name":"ismaelcolosi.com.br","author_link":"https:\/\/ismaelcolosi.com.br\/index.php\/author\/vidareal-online\/"},"uagb_comment_info":0,"uagb_excerpt":"Um motociclista de 28 anos morreu, na \u00faltima ter\u00e7a-feira (6), ap\u00f3s uma semana internado por conta de um acidente de tr\u00e2nsito em Ribeir\u00e3o Preto. Segundo...","jetpack-related-posts":[{"id":51801,"url":"https:\/\/ismaelcolosi.com.br\/index.php\/2024\/05\/31\/motociclista-morre-apos-acidente-em-cruzamento-na-zona-norte-de-ribeirao-preto\/","url_meta":{"origin":59249,"position":0},"title":"Motociclista morre ap\u00f3s acidente em cruzamento na zona Norte de Ribeir\u00e3o Preto","author":"ismaelcolosi.com.br","date":"31 de May de 2024","format":false,"excerpt":"O motociclista Carlos Kawynderson Lopes de Moura, de 27 anos, morreu na quarta-feira (29), tr\u00eas dias ap\u00f3s ser internado, em decorr\u00eancia de um acidente no cruzamento das ruas Javari com a Rio Paragua\u00e7u, no bairro Ipiranga, zona Norte de Ribeir\u00e3o Preto. Segundo o boletim de ocorr\u00eancia, o motorista do carro\u2026","rel":"","context":"In &quot;Not\u00edcias de Ribeir\u00e3o Preto-SP e Regi\u00e3o&quot;","block_context":{"text":"Not\u00edcias de Ribeir\u00e3o Preto-SP e Regi\u00e3o","link":"https:\/\/ismaelcolosi.com.br\/index.php\/category\/noticias-de-ribeirao-preto-sp-e-regiao-ismael-colosi\/"},"img":{"alt_text":"","src":"https:\/\/i0.wp.com\/ismaelcolosi.com.br\/wp-content\/uploads\/2024\/05\/BOMBEIROS-1024x575-1_2024-05-31_13-44-44_jpg_2024-05-31_13-44-44.webp.webp?fit=1024%2C575&ssl=1&resize=350%2C200","width":350,"height":200,"srcset":"https:\/\/i0.wp.com\/ismaelcolosi.com.br\/wp-content\/uploads\/2024\/05\/BOMBEIROS-1024x575-1_2024-05-31_13-44-44_jpg_2024-05-31_13-44-44.webp.webp?fit=1024%2C575&ssl=1&resize=350%2C200 1x, https:\/\/i0.wp.com\/ismaelcolosi.com.br\/wp-content\/uploads\/2024\/05\/BOMBEIROS-1024x575-1_2024-05-31_13-44-44_jpg_2024-05-31_13-44-44.webp.webp?fit=1024%2C575&ssl=1&resize=525%2C300 1.5x, https:\/\/i0.wp.com\/ismaelcolosi.com.br\/wp-content\/uploads\/2024\/05\/BOMBEIROS-1024x575-1_2024-05-31_13-44-44_jpg_2024-05-31_13-44-44.webp.webp?fit=1024%2C575&ssl=1&resize=700%2C400 2x"},"classes":[]},{"id":52262,"url":"https:\/\/ismaelcolosi.com.br\/index.php\/2024\/06\/05\/motociclista-morre-apos-acidente-na-regiao-de-ribeirao-preto-motorista-fugiu\/","url_meta":{"origin":59249,"position":1},"title":"Motociclista morre ap\u00f3s acidente na regi\u00e3o de Ribeir\u00e3o Preto; Motorista fugiu","author":"ismaelcolosi.com.br","date":"5 de June de 2024","format":false,"excerpt":"O motociclista Joel Alves da Silva, de 28 anos, morreu na noite de ter\u00e7a-feira (4), depois de permanecer internado por quatro dias em decorr\u00eancia de um acidente em Serrana, na regi\u00e3o de Ribeir\u00e3o Preto. Na ocasi\u00e3o, o motorista da caminhonete que bateu contra a moto fugiu sem prestar socorro. De\u2026","rel":"","context":"In &quot;Not\u00edcias de Ribeir\u00e3o Preto-SP e Regi\u00e3o&quot;","block_context":{"text":"Not\u00edcias de Ribeir\u00e3o Preto-SP e Regi\u00e3o","link":"https:\/\/ismaelcolosi.com.br\/index.php\/category\/noticias-de-ribeirao-preto-sp-e-regiao-ismael-colosi\/"},"img":{"alt_text":"","src":"https:\/\/i0.wp.com\/ismaelcolosi.com.br\/wp-content\/uploads\/2024\/06\/Copia-de-Copia-de-TAMANHO-EXATO-PARA-FOTOS-NO-SISTEMA-NOVO-10-1.jpg?fit=1200%2C675&ssl=1&resize=350%2C200","width":350,"height":200,"srcset":"https:\/\/i0.wp.com\/ismaelcolosi.com.br\/wp-content\/uploads\/2024\/06\/Copia-de-Copia-de-TAMANHO-EXATO-PARA-FOTOS-NO-SISTEMA-NOVO-10-1.jpg?fit=1200%2C675&ssl=1&resize=350%2C200 1x, https:\/\/i0.wp.com\/ismaelcolosi.com.br\/wp-content\/uploads\/2024\/06\/Copia-de-Copia-de-TAMANHO-EXATO-PARA-FOTOS-NO-SISTEMA-NOVO-10-1.jpg?fit=1200%2C675&ssl=1&resize=525%2C300 1.5x, https:\/\/i0.wp.com\/ismaelcolosi.com.br\/wp-content\/uploads\/2024\/06\/Copia-de-Copia-de-TAMANHO-EXATO-PARA-FOTOS-NO-SISTEMA-NOVO-10-1.jpg?fit=1200%2C675&ssl=1&resize=700%2C400 2x, https:\/\/i0.wp.com\/ismaelcolosi.com.br\/wp-content\/uploads\/2024\/06\/Copia-de-Copia-de-TAMANHO-EXATO-PARA-FOTOS-NO-SISTEMA-NOVO-10-1.jpg?fit=1200%2C675&ssl=1&resize=1050%2C600 3x"},"classes":[]},{"id":14900,"url":"https:\/\/ismaelcolosi.com.br\/index.php\/2023\/12\/12\/motociclista-morre-apos-bater-em-carro-e-ser-atropelado-por-caminhonete-em-ribeirao\/","url_meta":{"origin":59249,"position":2},"title":"Motociclista morre ap\u00f3s bater em carro e ser atropelado por caminhonete em Ribeir\u00e3o","author":"ismaelcolosi.com.br","date":"12 de December de 2023","format":false,"excerpt":"Um motociclista morreu, na tarde desta ter\u00e7a-feira (12), ap\u00f3s se envolver em um acidente na avenida Alfredo Ravaneli, na zona Leste de Ribeir\u00e3o Preto. De acordo com a apura\u00e7\u00e3o da EPTV, o homem, de 35 anos, pilotava a moto quando bateu na traseira de um ve\u00edculo que seguia no mesmo\u2026","rel":"","context":"In &quot;Not\u00edcias de Ribeir\u00e3o Preto-SP e Regi\u00e3o&quot;","block_context":{"text":"Not\u00edcias de Ribeir\u00e3o Preto-SP e Regi\u00e3o","link":"https:\/\/ismaelcolosi.com.br\/index.php\/category\/noticias-de-ribeirao-preto-sp-e-regiao-ismael-colosi\/"},"img":{"alt_text":"","src":"https:\/\/i0.wp.com\/ismaelcolosi.com.br\/wp-content\/uploads\/2023\/12\/Copia-de-Copia-de-TAMANHO-EXATO-PARA-FOTOS-NO-SISTEMA-NOVO-16.png?fit=1200%2C675&ssl=1&resize=350%2C200","width":350,"height":200,"srcset":"https:\/\/i0.wp.com\/ismaelcolosi.com.br\/wp-content\/uploads\/2023\/12\/Copia-de-Copia-de-TAMANHO-EXATO-PARA-FOTOS-NO-SISTEMA-NOVO-16.png?fit=1200%2C675&ssl=1&resize=350%2C200 1x, https:\/\/i0.wp.com\/ismaelcolosi.com.br\/wp-content\/uploads\/2023\/12\/Copia-de-Copia-de-TAMANHO-EXATO-PARA-FOTOS-NO-SISTEMA-NOVO-16.png?fit=1200%2C675&ssl=1&resize=525%2C300 1.5x, https:\/\/i0.wp.com\/ismaelcolosi.com.br\/wp-content\/uploads\/2023\/12\/Copia-de-Copia-de-TAMANHO-EXATO-PARA-FOTOS-NO-SISTEMA-NOVO-16.png?fit=1200%2C675&ssl=1&resize=700%2C400 2x, https:\/\/i0.wp.com\/ismaelcolosi.com.br\/wp-content\/uploads\/2023\/12\/Copia-de-Copia-de-TAMANHO-EXATO-PARA-FOTOS-NO-SISTEMA-NOVO-16.png?fit=1200%2C675&ssl=1&resize=1050%2C600 3x"},"classes":[]},{"id":55015,"url":"https:\/\/ismaelcolosi.com.br\/index.php\/2024\/06\/29\/identificado-jovem-que-morreu-apos-acidente-em-rodovia-da-regiao-de-ribeirao-preto\/","url_meta":{"origin":59249,"position":3},"title":"Identificado jovem que morreu ap\u00f3s acidente em rodovia da regi\u00e3o de Ribeir\u00e3o Preto","author":"ismaelcolosi.com.br","date":"29 de June de 2024","format":false,"excerpt":"O jovem que morreu em um acidente no quil\u00f4metro 211 da rodovia Deputado Cunha Bueno (SP-253), em Jaboticabal, na regi\u00e3o de Ribeir\u00e3o Preto, foi identificado como Renan Izildo Antonio, de 28 anos. O acidente ocorreu na tarde de sexta-feira (28). Renan era de Monte Alto, cursava engenharia agron\u00f4mica e, de\u2026","rel":"","context":"In &quot;Not\u00edcias de Ribeir\u00e3o Preto-SP e Regi\u00e3o&quot;","block_context":{"text":"Not\u00edcias de Ribeir\u00e3o Preto-SP e Regi\u00e3o","link":"https:\/\/ismaelcolosi.com.br\/index.php\/category\/noticias-de-ribeirao-preto-sp-e-regiao-ismael-colosi\/"},"img":{"alt_text":"","src":"https:\/\/i0.wp.com\/ismaelcolosi.com.br\/wp-content\/uploads\/2024\/06\/Copia-de-Copia-de-TAMANHO-EXATO-PARA-FOTOS-NO-SISTEMA-NOVO-27_2024-06-29_15-51-24_jpg_2024-06-29_15-51-25.webp.webp?fit=1200%2C675&ssl=1&resize=350%2C200","width":350,"height":200,"srcset":"https:\/\/i0.wp.com\/ismaelcolosi.com.br\/wp-content\/uploads\/2024\/06\/Copia-de-Copia-de-TAMANHO-EXATO-PARA-FOTOS-NO-SISTEMA-NOVO-27_2024-06-29_15-51-24_jpg_2024-06-29_15-51-25.webp.webp?fit=1200%2C675&ssl=1&resize=350%2C200 1x, https:\/\/i0.wp.com\/ismaelcolosi.com.br\/wp-content\/uploads\/2024\/06\/Copia-de-Copia-de-TAMANHO-EXATO-PARA-FOTOS-NO-SISTEMA-NOVO-27_2024-06-29_15-51-24_jpg_2024-06-29_15-51-25.webp.webp?fit=1200%2C675&ssl=1&resize=525%2C300 1.5x, https:\/\/i0.wp.com\/ismaelcolosi.com.br\/wp-content\/uploads\/2024\/06\/Copia-de-Copia-de-TAMANHO-EXATO-PARA-FOTOS-NO-SISTEMA-NOVO-27_2024-06-29_15-51-24_jpg_2024-06-29_15-51-25.webp.webp?fit=1200%2C675&ssl=1&resize=700%2C400 2x, https:\/\/i0.wp.com\/ismaelcolosi.com.br\/wp-content\/uploads\/2024\/06\/Copia-de-Copia-de-TAMANHO-EXATO-PARA-FOTOS-NO-SISTEMA-NOVO-27_2024-06-29_15-51-24_jpg_2024-06-29_15-51-25.webp.webp?fit=1200%2C675&ssl=1&resize=1050%2C600 3x"},"classes":[]},{"id":41600,"url":"https:\/\/ismaelcolosi.com.br\/index.php\/2024\/03\/09\/motociclista-morre-apos-bater-em-onibus-e-ser-arrastado-por-caminhonete-na-regiao-de-ribeirao\/","url_meta":{"origin":59249,"position":4},"title":"Motociclista morre ap\u00f3s bater em \u00f4nibus e ser arrastado por caminhonete na regi\u00e3o de Ribeir\u00e3o","author":"ismaelcolosi.com.br","date":"9 de March de 2024","format":false,"excerpt":"Na noite desta sexta-feira (8), um motociclista de 47 anos morreu depois de se envolver em um acidente com um \u00f4nibus e uma caminhonete, na rodovia Doutor William Amin (SP-385), entre Miguel\u00f3polis e Ituverava, na regi\u00e3o de Ribeir\u00e3o Preto. De acordo com o motorista do \u00f4nibus, ele seguia pela via,\u2026","rel":"","context":"In &quot;Not\u00edcias de Ribeir\u00e3o Preto-SP e Regi\u00e3o&quot;","block_context":{"text":"Not\u00edcias de Ribeir\u00e3o Preto-SP e Regi\u00e3o","link":"https:\/\/ismaelcolosi.com.br\/index.php\/category\/noticias-de-ribeirao-preto-sp-e-regiao-ismael-colosi\/"},"img":{"alt_text":"","src":"https:\/\/i0.wp.com\/ismaelcolosi.com.br\/wp-content\/uploads\/2024\/03\/AnyConv.com__MOTOCICLISTA.webp.webp?fit=1200%2C750&ssl=1&resize=350%2C200","width":350,"height":200,"srcset":"https:\/\/i0.wp.com\/ismaelcolosi.com.br\/wp-content\/uploads\/2024\/03\/AnyConv.com__MOTOCICLISTA.webp.webp?fit=1200%2C750&ssl=1&resize=350%2C200 1x, https:\/\/i0.wp.com\/ismaelcolosi.com.br\/wp-content\/uploads\/2024\/03\/AnyConv.com__MOTOCICLISTA.webp.webp?fit=1200%2C750&ssl=1&resize=525%2C300 1.5x, https:\/\/i0.wp.com\/ismaelcolosi.com.br\/wp-content\/uploads\/2024\/03\/AnyConv.com__MOTOCICLISTA.webp.webp?fit=1200%2C750&ssl=1&resize=700%2C400 2x, https:\/\/i0.wp.com\/ismaelcolosi.com.br\/wp-content\/uploads\/2024\/03\/AnyConv.com__MOTOCICLISTA.webp.webp?fit=1200%2C750&ssl=1&resize=1050%2C600 3x"},"classes":[]},{"id":59293,"url":"https:\/\/ismaelcolosi.com.br\/index.php\/2024\/08\/07\/o-que-se-sabe-sobre-troca-de-tiros-que-terminou-com-morte-na-regiao-de-ribeirao\/","url_meta":{"origin":59249,"position":5},"title":"O que se sabe sobre troca de tiros que terminou com morte na regi\u00e3o de Ribeir\u00e3o","author":"ismaelcolosi.com.br","date":"7 de August de 2024","format":false,"excerpt":"Um homem morreu ap\u00f3s troca de tiros com a pol\u00edcia no bairro Jardim Porto Seguro, em Sert\u00e3ozinho, cidade na regi\u00e3o de Ribeir\u00e3o Preto, no come\u00e7o da noite desta ter\u00e7a-feira (6). De acordo com as informa\u00e7\u00f5es do boletim de ocorr\u00eancia (BO), o criminoso teria roubado o carro de uma mulher que\u2026","rel":"","context":"In &quot;Not\u00edcias de Ribeir\u00e3o Preto-SP e Regi\u00e3o&quot;","block_context":{"text":"Not\u00edcias de Ribeir\u00e3o Preto-SP e Regi\u00e3o","link":"https:\/\/ismaelcolosi.com.br\/index.php\/category\/noticias-de-ribeirao-preto-sp-e-regiao-ismael-colosi\/"},"img":{"alt_text":"","src":"https:\/\/i0.wp.com\/ismaelcolosi.com.br\/wp-content\/uploads\/2024\/08\/Copia-de-Copia-de-TAMANHO-EXATO-PARA-FOTOS-NO-SISTEMA-NOVO-2024-08-07T134753.436_2024-08-07_16-48-11_png_2024-08-07_16-48-11.webp.webp?fit=1200%2C675&ssl=1&resize=350%2C200","width":350,"height":200,"srcset":"https:\/\/i0.wp.com\/ismaelcolosi.com.br\/wp-content\/uploads\/2024\/08\/Copia-de-Copia-de-TAMANHO-EXATO-PARA-FOTOS-NO-SISTEMA-NOVO-2024-08-07T134753.436_2024-08-07_16-48-11_png_2024-08-07_16-48-11.webp.webp?fit=1200%2C675&ssl=1&resize=350%2C200 1x, https:\/\/i0.wp.com\/ismaelcolosi.com.br\/wp-content\/uploads\/2024\/08\/Copia-de-Copia-de-TAMANHO-EXATO-PARA-FOTOS-NO-SISTEMA-NOVO-2024-08-07T134753.436_2024-08-07_16-48-11_png_2024-08-07_16-48-11.webp.webp?fit=1200%2C675&ssl=1&resize=525%2C300 1.5x, https:\/\/i0.wp.com\/ismaelcolosi.com.br\/wp-content\/uploads\/2024\/08\/Copia-de-Copia-de-TAMANHO-EXATO-PARA-FOTOS-NO-SISTEMA-NOVO-2024-08-07T134753.436_2024-08-07_16-48-11_png_2024-08-07_16-48-11.webp.webp?fit=1200%2C675&ssl=1&resize=700%2C400 2x, https:\/\/i0.wp.com\/ismaelcolosi.com.br\/wp-content\/uploads\/2024\/08\/Copia-de-Copia-de-TAMANHO-EXATO-PARA-FOTOS-NO-SISTEMA-NOVO-2024-08-07T134753.436_2024-08-07_16-48-11_png_2024-08-07_16-48-11.webp.webp?fit=1200%2C675&ssl=1&resize=1050%2C600 3x"},"classes":[]}],"jetpack_sharing_enabled":true,"jetpack_shortlink":"https:\/\/wp.me\/pfMlyK-fpD","_links":{"self":[{"href":"https:\/\/ismaelcolosi.com.br\/index.php\/wp-json\/wp\/v2\/posts\/59249","targetHints":{"allow":["GET"]}}],"collection":[{"href":"https:\/\/ismaelcolosi.com.br\/index.php\/wp-json\/wp\/v2\/posts"}],"about":[{"href":"https:\/\/ismaelcolosi.com.br\/index.php\/wp-json\/wp\/v2\/types\/post"}],"author":[{"embeddable":true,"href":"https:\/\/ismaelcolosi.com.br\/index.php\/wp-json\/wp\/v2\/users\/1"}],"replies":[{"embeddable":true,"href":"https:\/\/ismaelcolosi.com.br\/index.php\/wp-json\/wp\/v2\/comments?post=59249"}],"version-history":[{"count":0,"href":"https:\/\/ismaelcolosi.com.br\/index.php\/wp-json\/wp\/v2\/posts\/59249\/revisions"}],"wp:featuredmedia":[{"embeddable":true,"href":"https:\/\/ismaelcolosi.com.br\/index.php\/wp-json\/wp\/v2\/media\/59250"}],"wp:attachment":[{"href":"https:\/\/ismaelcolosi.com.br\/index.php\/wp-json\/wp\/v2\/media?parent=59249"}],"wp:term":[{"taxonomy":"category","embeddable":true,"href":"https:\/\/ismaelcolosi.com.br\/index.php\/wp-json\/wp\/v2\/categories?post=59249"},{"taxonomy":"post_tag","embeddable":true,"href":"https:\/\/ismaelcolosi.com.br\/index.php\/wp-json\/wp\/v2\/tags?post=59249"}],"curies":[{"name":"wp","href":"https:\/\/api.w.org\/{rel}","templated":true}]}}