{"id":59243,"date":"2024-08-07T10:18:36","date_gmt":"2024-08-07T13:18:36","guid":{"rendered":"https:\/\/ismaelcolosi.com.br\/index.php\/2024\/08\/07\/camera-flagra-homem-colocando-fogo-em-mato-na-regiao-de-ribeirao-veja-o-video\/"},"modified":"2024-08-07T10:18:36","modified_gmt":"2024-08-07T13:18:36","slug":"camera-flagra-homem-colocando-fogo-em-mato-na-regiao-de-ribeirao-veja-o-video","status":"publish","type":"post","link":"https:\/\/ismaelcolosi.com.br\/index.php\/2024\/08\/07\/camera-flagra-homem-colocando-fogo-em-mato-na-regiao-de-ribeirao-veja-o-video\/","title":{"rendered":"C\u00e2mera flagra homem colocando fogo em mato na regi\u00e3o de Ribeir\u00e3o; Veja o v\u00eddeo"},"content":{"rendered":"<p> <br \/>\n<\/p>\n<p>Uma c\u00e2mera de seguran\u00e7a flagrou o momento que um homem colocou fogo no mato em uma \u00e1rea de pasto em <strong>Barretos<\/strong>, na regi\u00e3o de <strong>Ribeir\u00e3o Preto<\/strong>, manh\u00e3 desta quarta-feira (7) \u2013 veja o v\u00eddeo abaixo.<\/p>\n<h4 class=\"wp-block-heading\"><strong>VEJA O V\u00cdDEO<\/strong><\/h4>\n<blockquote class=\"instagram-media\" data-instgrm-permalink=\"https:\/\/www.instagram.com\/reel\/C-XirLHO-NY\/?utm_source=ig_embed&amp;utm_campaign=loading\" data-instgrm-version=\"14\" style=\"background:#FFF;border:0;border-radius:3px;margin: 1px;max-width:540px;min-width:326px;padding:0;width:99.375%;width:-webkit-calc(100% - 2px);width:calc(100% - 2px)\">\n<div style=\"padding:16px\"> <a href=\"https:\/\/www.instagram.com\/reel\/C-XirLHO-NY\/?utm_source=ig_embed&amp;utm_campaign=loading\" style=\"background:#FFFFFF;line-height:0;padding:0 0;text-align:center;text-decoration:none;width:100%\" target=\"_blank\" rel=\"noopener\"> <\/p>\n<div style=\"flex-direction: row;align-items: center\">\n<div style=\"background-color: #F4F4F4;border-radius: 50%;flex-grow: 0;height: 40px;margin-right: 14px;width: 40px\"><\/div>\n<div style=\"flex-direction: column;flex-grow: 1;justify-content: center\">\n<div style=\"background-color: #F4F4F4;border-radius: 4px;flex-grow: 0;height: 14px;margin-bottom: 6px;width: 100px\"><\/div>\n<div style=\"background-color: #F4F4F4;border-radius: 4px;flex-grow: 0;height: 14px;width: 60px\"><\/div>\n<\/div>\n<\/div>\n<div style=\"padding: 19% 0\"><\/div>\n<div style=\"height:50px;margin:0 auto 12px;width:50px\"><\/div>\n<div style=\"padding-top: 8px\">\n<div style=\"color:#3897f0;font-family:Arial,sans-serif;font-size:14px;font-style:normal;font-weight:550;line-height:18px\">Ver essa foto no Instagram<\/div>\n<\/div>\n<div style=\"padding: 12.5% 0\"><\/div>\n<div style=\"flex-direction: row;margin-bottom: 14px;align-items: center\">\n<div>\n<div style=\"background-color: #F4F4F4;border-radius: 50%;height: 12.5px;width: 12.5px\"><\/div>\n<div style=\"background-color: #F4F4F4;height: 12.5px;width: 12.5px;flex-grow: 0;margin-right: 14px;margin-left: 2px\"><\/div>\n<div style=\"background-color: #F4F4F4;border-radius: 50%;height: 12.5px;width: 12.5px\"><\/div>\n<\/div>\n<div style=\"margin-left: 8px\">\n<div style=\"background-color: #F4F4F4;border-radius: 50%;flex-grow: 0;height: 20px;width: 20px\"><\/div>\n<div style=\"width: 0;height: 0;border-top: 2px solid transparent;border-left: 6px solid #f4f4f4;border-bottom: 2px solid transparent\"><\/div>\n<\/div>\n<div style=\"margin-left: auto\">\n<div style=\"width: 0px;border-top: 8px solid #F4F4F4;border-right: 8px solid transparent\"><\/div>\n<div style=\"background-color: #F4F4F4;flex-grow: 0;height: 12px;width: 16px\"><\/div>\n<div style=\"width: 0;height: 0;border-top: 8px solid #F4F4F4;border-left: 8px solid transparent\"><\/div>\n<\/div>\n<\/div>\n<div style=\"flex-direction: column;flex-grow: 1;justify-content: center;margin-bottom: 24px\">\n<div style=\"background-color: #F4F4F4;border-radius: 4px;flex-grow: 0;height: 14px;margin-bottom: 6px;width: 224px\"><\/div>\n<div style=\"background-color: #F4F4F4;border-radius: 4px;flex-grow: 0;height: 14px;width: 144px\"><\/div>\n<\/div>\n<p><\/a><\/p>\n<p style=\"color:#c9c8cd;font-family:Arial,sans-serif;font-size:14px;line-height:17px;margin-bottom:0;margin-top:8px;overflow:hidden;padding:8px 0 7px;text-align:center\"><a href=\"https:\/\/www.instagram.com\/reel\/C-XirLHO-NY\/?utm_source=ig_embed&amp;utm_campaign=loading\" style=\"color:#c9c8cd;font-family:Arial,sans-serif;font-size:14px;font-style:normal;font-weight:normal;line-height:17px;text-decoration:none\" target=\"_blank\" rel=\"noopener\">Uma publica\u00e7\u00e3o compartilhada por acidade on Ribeir\u00e3o (@acidadeonribeirao)<\/a><\/p>\n<\/div>\n<\/blockquote>\n<p>Segundo moradores, os Bombeiros foram acionados, mas o fogo continua no local. Contudo, n\u00e3o tomou grandes propor\u00e7\u00f5es.<\/p><div class='code-block code-block-8' style='margin: 8px auto; text-align: center; display: block; clear: both;'>\n<script>\n  atOptions = {\n    'key' : '66e2e2111ca34da796271819fc334058',\n    'format' : 'iframe',\n    'height' : 250,\n    'width' : 300,\n    'params' : {}\n  };\n<\/script>\n<script src=\"https:\/\/www.highperformanceformat.com\/66e2e2111ca34da796271819fc334058\/invoke.js\"><\/script>\n<\/div>\n\n<p>De acordo com a<strong> Defesa Civil<\/strong>, <mark style=\"background-color:#fcb900\" class=\"has-inline-color has-black-color\">a regi\u00e3o est\u00e1 em alerta para risco elevado de inc\u00eandios florestais e refor\u00e7a que colocar fogo no mato \u00e9 crime.<\/mark><\/p>\n<p>SAIBA MAIS<br \/>Saerp alerta para falta d\u2019\u00e1gua em seis bairros de Ribeir\u00e3o Preto; Veja quais<\/p>\n<h4 class=\"wp-block-heading\"><strong>FIQUE ON<\/strong><\/h4>\n<p>Fique ligado em tudo que acontece em Ribeir\u00e3o Preto e regi\u00e3o. Siga os perfis do<strong> acidade on <\/strong>no <a href=\"https:\/\/www.instagram.com\/acidadeonribeirao\/\" target=\"_blank\" rel=\"noreferrer noopener nofollow\">Instagram <\/a>e no <a href=\"https:\/\/www.facebook.com\/acidadeonribeirao\/\" target=\"_blank\" rel=\"noreferrer noopener nofollow\">Facebook<\/a>.<\/p>\n<p>Receba not\u00edcias do<strong> acidade on <\/strong>no WhatsApp. <a href=\"https:\/\/chat.whatsapp.com\/Dtv9mxhy6V5BJBotM2OQ5k\" target=\"_blank\" rel=\"noreferrer noopener nofollow\">Para entrar no grupo, basta clicar aqui.<\/a><\/p>\n<p>Fa\u00e7a uma den\u00fancia ou sugira uma reportagem sobre Ribeir\u00e3o Preto e regi\u00e3o pelo WhatsApp: 16 99117 7802.<\/p>\n<p>VEJA TAMB\u00c9M<br \/>15 de agosto \u00e9 feriado?<\/p>\n<p>O post C\u00e2mera flagra homem colocando fogo em mato na regi\u00e3o de Ribeir\u00e3o; Veja o v\u00eddeo apareceu primeiro em ACidade ON Ribeir\u00e3o Preto.<\/p>\n<p><script async src=\"\/\/www.instagram.com\/embed.js\"><\/script><br \/>\n<br \/><br \/>\n<br \/><a href=\"https:\/\/www.acidadeon.com\/ribeiraopreto\/cotidiano\/camera-flagra-homem-colocando-fogo-em-mato-na-regiao-de-ribeirao-veja-o-video\/\">Source link <\/a><\/p>\n<div class='code-block code-block-4' style='margin: 8px auto 8px 0; text-align: left; display: block; clear: both;'>\n\ud83d\udce2 Aviso Legal\n\nO site ismaelcolosi.com.br atua apenas como um canal de divulga\u00e7\u00e3o de oportunidades de emprego e n\u00e3o se responsabiliza pelo processo seletivo, contrata\u00e7\u00e3o ou qualquer outra etapa relacionada \u00e0s vagas publicadas. Todas as informa\u00e7\u00f5es s\u00e3o de responsabilidade dos anunciantes.\n\n\u26a0\ufe0f Aten\u00e7\u00e3o! Nunca pague por promessas de emprego nem compre cursos que garantam contrata\u00e7\u00e3o. Desconfie de qualquer cobran\u00e7a para participar de sele\u00e7\u00f5es.\n\n\n\n<\/div>\n<!-- CONTENT END 1 -->\n","protected":false},"excerpt":{"rendered":"<p>Uma c\u00e2mera de seguran\u00e7a flagrou o momento que um homem colocou fogo no mato em uma \u00e1rea de pasto em Barretos, na regi\u00e3o de Ribeir\u00e3o&#8230;<\/p>\n","protected":false},"author":1,"featured_media":59244,"comment_status":"open","ping_status":"open","sticky":false,"template":"","format":"standard","meta":{"_uag_custom_page_level_css":"","advanced_seo_description":"","jetpack_seo_html_title":"","jetpack_seo_noindex":false,"jetpack_post_was_ever_published":false,"_jetpack_newsletter_access":"","_jetpack_dont_email_post_to_subs":false,"_jetpack_newsletter_tier_id":0,"_jetpack_memberships_contains_paywalled_content":false,"_jetpack_memberships_contains_paid_content":false,"footnotes":"","jetpack_publicize_message":"","jetpack_publicize_feature_enabled":true,"jetpack_social_post_already_shared":true,"jetpack_social_options":{"image_generator_settings":{"template":"highway","default_image_id":0,"font":"","enabled":false},"version":2}},"categories":[11],"tags":[],"class_list":["post-59243","post","type-post","status-publish","format-standard","has-post-thumbnail","hentry","category-noticias-de-ribeirao-preto-sp-e-regiao-ismael-colosi"],"jetpack_publicize_connections":[],"jetpack_featured_media_url":"https:\/\/i0.wp.com\/ismaelcolosi.com.br\/wp-content\/uploads\/2024\/08\/fogo-mato_2024-08-07_12-44-15_jpg_2024-08-07_12-44-15.webp.webp?fit=897%2C567&ssl=1","uagb_featured_image_src":{"full":["https:\/\/i0.wp.com\/ismaelcolosi.com.br\/wp-content\/uploads\/2024\/08\/fogo-mato_2024-08-07_12-44-15_jpg_2024-08-07_12-44-15.webp.webp?fit=897%2C567&ssl=1",897,567,false],"thumbnail":["https:\/\/i0.wp.com\/ismaelcolosi.com.br\/wp-content\/uploads\/2024\/08\/fogo-mato_2024-08-07_12-44-15_jpg_2024-08-07_12-44-15.webp.webp?resize=150%2C150&ssl=1",150,150,true],"medium":["https:\/\/i0.wp.com\/ismaelcolosi.com.br\/wp-content\/uploads\/2024\/08\/fogo-mato_2024-08-07_12-44-15_jpg_2024-08-07_12-44-15.webp.webp?fit=300%2C190&ssl=1",300,190,true],"medium_large":["https:\/\/i0.wp.com\/ismaelcolosi.com.br\/wp-content\/uploads\/2024\/08\/fogo-mato_2024-08-07_12-44-15_jpg_2024-08-07_12-44-15.webp.webp?fit=768%2C485&ssl=1",768,485,true],"large":["https:\/\/i0.wp.com\/ismaelcolosi.com.br\/wp-content\/uploads\/2024\/08\/fogo-mato_2024-08-07_12-44-15_jpg_2024-08-07_12-44-15.webp.webp?fit=897%2C567&ssl=1",897,567,true],"1536x1536":["https:\/\/i0.wp.com\/ismaelcolosi.com.br\/wp-content\/uploads\/2024\/08\/fogo-mato_2024-08-07_12-44-15_jpg_2024-08-07_12-44-15.webp.webp?fit=897%2C567&ssl=1",897,567,true],"2048x2048":["https:\/\/i0.wp.com\/ismaelcolosi.com.br\/wp-content\/uploads\/2024\/08\/fogo-mato_2024-08-07_12-44-15_jpg_2024-08-07_12-44-15.webp.webp?fit=897%2C567&ssl=1",897,567,true],"really-simple-thumb":["https:\/\/i0.wp.com\/ismaelcolosi.com.br\/wp-content\/uploads\/2024\/08\/fogo-mato_2024-08-07_12-44-15_jpg_2024-08-07_12-44-15.webp.webp?resize=370%2C247&ssl=1",370,247,true]},"uagb_author_info":{"display_name":"ismaelcolosi.com.br","author_link":"https:\/\/ismaelcolosi.com.br\/index.php\/author\/vidareal-online\/"},"uagb_comment_info":0,"uagb_excerpt":"Uma c\u00e2mera de seguran\u00e7a flagrou o momento que um homem colocou fogo no mato em uma \u00e1rea de pasto em Barretos, na regi\u00e3o de Ribeir\u00e3o...","jetpack-related-posts":[{"id":58901,"url":"https:\/\/ismaelcolosi.com.br\/index.php\/2024\/08\/03\/fogo-atinge-area-de-mato-e-assusta-moradores-na-zona-sul-de-ribeirao-veja-video\/","url_meta":{"origin":59243,"position":0},"title":"Fogo atinge \u00e1rea de mato e assusta moradores na zona Sul de Ribeir\u00e3o; Veja v\u00eddeo","author":"ismaelcolosi.com.br","date":"3 de August de 2024","format":false,"excerpt":"Um inc\u00eandio em uma \u00e1rea de mato causou muita fuma\u00e7a e assustou moradores na tarde deste s\u00e1bado (3), no Jardim Nova Alian\u00e7a, zona Sul de Ribeir\u00e3o Preto. Assista ao v\u00eddeo abaixo. O fogo tomou praticamente todo o terreno pela rua Romeu Engracia de Faria, pr\u00f3ximo de uma universidade particular. \u201cFico\u2026","rel":"","context":"In &quot;Not\u00edcias de Ribeir\u00e3o Preto-SP e Regi\u00e3o&quot;","block_context":{"text":"Not\u00edcias de Ribeir\u00e3o Preto-SP e Regi\u00e3o","link":"https:\/\/ismaelcolosi.com.br\/index.php\/category\/noticias-de-ribeirao-preto-sp-e-regiao-ismael-colosi\/"},"img":{"alt_text":"","src":"https:\/\/i0.wp.com\/ismaelcolosi.com.br\/wp-content\/uploads\/2024\/08\/WhatsApp-Image-2024-08-03-at-15.36.51_2024-08-03_18-49-29_jpeg_2024-08-03_18-49-29.webp.webp?fit=1200%2C958&ssl=1&resize=350%2C200","width":350,"height":200,"srcset":"https:\/\/i0.wp.com\/ismaelcolosi.com.br\/wp-content\/uploads\/2024\/08\/WhatsApp-Image-2024-08-03-at-15.36.51_2024-08-03_18-49-29_jpeg_2024-08-03_18-49-29.webp.webp?fit=1200%2C958&ssl=1&resize=350%2C200 1x, https:\/\/i0.wp.com\/ismaelcolosi.com.br\/wp-content\/uploads\/2024\/08\/WhatsApp-Image-2024-08-03-at-15.36.51_2024-08-03_18-49-29_jpeg_2024-08-03_18-49-29.webp.webp?fit=1200%2C958&ssl=1&resize=525%2C300 1.5x, https:\/\/i0.wp.com\/ismaelcolosi.com.br\/wp-content\/uploads\/2024\/08\/WhatsApp-Image-2024-08-03-at-15.36.51_2024-08-03_18-49-29_jpeg_2024-08-03_18-49-29.webp.webp?fit=1200%2C958&ssl=1&resize=700%2C400 2x, https:\/\/i0.wp.com\/ismaelcolosi.com.br\/wp-content\/uploads\/2024\/08\/WhatsApp-Image-2024-08-03-at-15.36.51_2024-08-03_18-49-29_jpeg_2024-08-03_18-49-29.webp.webp?fit=1200%2C958&ssl=1&resize=1050%2C600 3x"},"classes":[]},{"id":64202,"url":"https:\/\/ismaelcolosi.com.br\/index.php\/2024\/09\/06\/mais-um-homem-e-preso-por-incendio-criminoso-na-regiao-de-ribeirao-preto\/","url_meta":{"origin":59243,"position":1},"title":"Mais um homem \u00e9 preso por inc\u00eandio criminoso na regi\u00e3o de Ribeir\u00e3o Preto","author":"ismaelcolosi.com.br","date":"6 de September de 2024","format":false,"excerpt":"Um homem de 34 anos foi preso nesta quinta-feira (5) suspeito de atear fogo no mato em um terreno baldio de Franca, cidade a aproximadamente 80 quil\u00f4metros de Ribeir\u00e3o Preto. Outros dois suspeitos consegiram fugir. Em todo o\u00a0estado de S\u00e3o Paulo foram efetuadas 13 pris\u00f5es de suspeitos de inc\u00eandios criminosos,\u2026","rel":"","context":"In &quot;Not\u00edcias de Ribeir\u00e3o Preto-SP e Regi\u00e3o&quot;","block_context":{"text":"Not\u00edcias de Ribeir\u00e3o Preto-SP e Regi\u00e3o","link":"https:\/\/ismaelcolosi.com.br\/index.php\/category\/noticias-de-ribeirao-preto-sp-e-regiao-ismael-colosi\/"},"img":{"alt_text":"","src":"https:\/\/i0.wp.com\/ismaelcolosi.com.br\/wp-content\/uploads\/2024\/09\/WhatsApp-Image-2024-09-05-at-18.55.41_2024-09-06_11-23-47_jpeg_2024-09-06_11-23-47.webp.webp?fit=1200%2C900&ssl=1&resize=350%2C200","width":350,"height":200,"srcset":"https:\/\/i0.wp.com\/ismaelcolosi.com.br\/wp-content\/uploads\/2024\/09\/WhatsApp-Image-2024-09-05-at-18.55.41_2024-09-06_11-23-47_jpeg_2024-09-06_11-23-47.webp.webp?fit=1200%2C900&ssl=1&resize=350%2C200 1x, https:\/\/i0.wp.com\/ismaelcolosi.com.br\/wp-content\/uploads\/2024\/09\/WhatsApp-Image-2024-09-05-at-18.55.41_2024-09-06_11-23-47_jpeg_2024-09-06_11-23-47.webp.webp?fit=1200%2C900&ssl=1&resize=525%2C300 1.5x, https:\/\/i0.wp.com\/ismaelcolosi.com.br\/wp-content\/uploads\/2024\/09\/WhatsApp-Image-2024-09-05-at-18.55.41_2024-09-06_11-23-47_jpeg_2024-09-06_11-23-47.webp.webp?fit=1200%2C900&ssl=1&resize=700%2C400 2x, https:\/\/i0.wp.com\/ismaelcolosi.com.br\/wp-content\/uploads\/2024\/09\/WhatsApp-Image-2024-09-05-at-18.55.41_2024-09-06_11-23-47_jpeg_2024-09-06_11-23-47.webp.webp?fit=1200%2C900&ssl=1&resize=1050%2C600 3x"},"classes":[]},{"id":23274,"url":"https:\/\/ismaelcolosi.com.br\/index.php\/2024\/01\/01\/homem-e-preso-apos-atirar-em-evento-de-reveillon-na-regiao-de-ribeirao-veja-o-video\/","url_meta":{"origin":59243,"position":2},"title":"Homem \u00e9 preso ap\u00f3s atirar em evento de r\u00e9veillon na regi\u00e3o de Ribeir\u00e3o; Veja o v\u00eddeo","author":"ismaelcolosi.com.br","date":"1 de January de 2024","format":false,"excerpt":"Um homem foi preso nesta segunda-feira (1\u00ba) em Bebedouro, cidade na regi\u00e3o de Ribeir\u00e3o Preto, ap\u00f3s realizar disparos de arma de fogo, em um evento da Prefeitura Municipal, durante a virada de ano no munic\u00edpio. Um v\u00eddeo que circula nas redes sociais mostra o momento em que o homem efetua\u2026","rel":"","context":"In &quot;Not\u00edcias de Ribeir\u00e3o Preto-SP e Regi\u00e3o&quot;","block_context":{"text":"Not\u00edcias de Ribeir\u00e3o Preto-SP e Regi\u00e3o","link":"https:\/\/ismaelcolosi.com.br\/index.php\/category\/noticias-de-ribeirao-preto-sp-e-regiao-ismael-colosi\/"},"img":{"alt_text":"","src":"https:\/\/i0.wp.com\/ismaelcolosi.com.br\/wp-content\/uploads\/2024\/01\/WhatsApp-Image-2024-01-01-at-17.45.53.jpeg?fit=1200%2C900&ssl=1&resize=350%2C200","width":350,"height":200,"srcset":"https:\/\/i0.wp.com\/ismaelcolosi.com.br\/wp-content\/uploads\/2024\/01\/WhatsApp-Image-2024-01-01-at-17.45.53.jpeg?fit=1200%2C900&ssl=1&resize=350%2C200 1x, https:\/\/i0.wp.com\/ismaelcolosi.com.br\/wp-content\/uploads\/2024\/01\/WhatsApp-Image-2024-01-01-at-17.45.53.jpeg?fit=1200%2C900&ssl=1&resize=525%2C300 1.5x, https:\/\/i0.wp.com\/ismaelcolosi.com.br\/wp-content\/uploads\/2024\/01\/WhatsApp-Image-2024-01-01-at-17.45.53.jpeg?fit=1200%2C900&ssl=1&resize=700%2C400 2x, https:\/\/i0.wp.com\/ismaelcolosi.com.br\/wp-content\/uploads\/2024\/01\/WhatsApp-Image-2024-01-01-at-17.45.53.jpeg?fit=1200%2C900&ssl=1&resize=1050%2C600 3x"},"classes":[]},{"id":67204,"url":"https:\/\/ismaelcolosi.com.br\/index.php\/2024\/09\/21\/homem-e-suspeito-de-colocar-fogo-em-canavial-para-fugir-da-policia-na-regiao-de-ribeirao\/","url_meta":{"origin":59243,"position":3},"title":"Homem \u00e9 suspeito de colocar fogo em canavial para fugir da pol\u00edcia na regi\u00e3o de Ribeir\u00e3o","author":"ismaelcolosi.com.br","date":"21 de September de 2024","format":false,"excerpt":"Um homem \u00e9 suspeito de colocar fogo em um canavial \u00e0s margens da rodovia Anhanguera (SP-330) enquanto tentava fugir da pol\u00edcia na noite desta sexta-feira (20), em S\u00e3o Sim\u00e3o, cidade na regi\u00e3o de Ribeir\u00e3o Preto \u2013 veja v\u00eddeo abaixo. Conforme a Pol\u00edcia Militar (PM), dois homens foram abordados em um\u2026","rel":"","context":"In &quot;Not\u00edcias de Ribeir\u00e3o Preto-SP e Regi\u00e3o&quot;","block_context":{"text":"Not\u00edcias de Ribeir\u00e3o Preto-SP e Regi\u00e3o","link":"https:\/\/ismaelcolosi.com.br\/index.php\/category\/noticias-de-ribeirao-preto-sp-e-regiao-ismael-colosi\/"},"img":{"alt_text":"","src":"https:\/\/i0.wp.com\/ismaelcolosi.com.br\/wp-content\/uploads\/2024\/09\/Copia-de-Copia-de-Copia-de-TAMANHO-EXATO-PARA-FOTOS-NO-SISTEMA-NOVO-66_2024-09-21_17-32-46_png_2024-09-21_17-32-46.webp.webp?fit=1200%2C675&ssl=1&resize=350%2C200","width":350,"height":200,"srcset":"https:\/\/i0.wp.com\/ismaelcolosi.com.br\/wp-content\/uploads\/2024\/09\/Copia-de-Copia-de-Copia-de-TAMANHO-EXATO-PARA-FOTOS-NO-SISTEMA-NOVO-66_2024-09-21_17-32-46_png_2024-09-21_17-32-46.webp.webp?fit=1200%2C675&ssl=1&resize=350%2C200 1x, https:\/\/i0.wp.com\/ismaelcolosi.com.br\/wp-content\/uploads\/2024\/09\/Copia-de-Copia-de-Copia-de-TAMANHO-EXATO-PARA-FOTOS-NO-SISTEMA-NOVO-66_2024-09-21_17-32-46_png_2024-09-21_17-32-46.webp.webp?fit=1200%2C675&ssl=1&resize=525%2C300 1.5x, https:\/\/i0.wp.com\/ismaelcolosi.com.br\/wp-content\/uploads\/2024\/09\/Copia-de-Copia-de-Copia-de-TAMANHO-EXATO-PARA-FOTOS-NO-SISTEMA-NOVO-66_2024-09-21_17-32-46_png_2024-09-21_17-32-46.webp.webp?fit=1200%2C675&ssl=1&resize=700%2C400 2x, https:\/\/i0.wp.com\/ismaelcolosi.com.br\/wp-content\/uploads\/2024\/09\/Copia-de-Copia-de-Copia-de-TAMANHO-EXATO-PARA-FOTOS-NO-SISTEMA-NOVO-66_2024-09-21_17-32-46_png_2024-09-21_17-32-46.webp.webp?fit=1200%2C675&ssl=1&resize=1050%2C600 3x"},"classes":[]},{"id":37640,"url":"https:\/\/ismaelcolosi.com.br\/index.php\/2024\/02\/17\/incendio-em-lanchonete-no-interior-de-sp-mobiliza-corpo-de-bombeiros-veja-video\/","url_meta":{"origin":59243,"position":4},"title":"Inc\u00eandio em lanchonete no interior de SP mobiliza Corpo de Bombeiros; Veja v\u00eddeo","author":"ismaelcolosi.com.br","date":"17 de February de 2024","format":false,"excerpt":"Um inc\u00eandio destruiu uma lanchonete na noite de sexta-feira (16), em Jaboticabal, na regi\u00e3o de Ribeir\u00e3o Preto (veja v\u00eddeo).\u00a0 O local estava funcionando e com clientes, no momento em que o fogo teve in\u00edcio, mas ningu\u00e9m ficou ferido. Segundo informa\u00e7\u00f5es da Pol\u00edcia Militar, algumas pessoas que estavam no local correram\u2026","rel":"","context":"In &quot;Not\u00edcias de Ribeir\u00e3o Preto-SP e Regi\u00e3o&quot;","block_context":{"text":"Not\u00edcias de Ribeir\u00e3o Preto-SP e Regi\u00e3o","link":"https:\/\/ismaelcolosi.com.br\/index.php\/category\/noticias-de-ribeirao-preto-sp-e-regiao-ismael-colosi\/"},"img":{"alt_text":"","src":"https:\/\/i0.wp.com\/ismaelcolosi.com.br\/wp-content\/uploads\/2024\/02\/3.png?fit=1200%2C675&ssl=1&resize=350%2C200","width":350,"height":200,"srcset":"https:\/\/i0.wp.com\/ismaelcolosi.com.br\/wp-content\/uploads\/2024\/02\/3.png?fit=1200%2C675&ssl=1&resize=350%2C200 1x, https:\/\/i0.wp.com\/ismaelcolosi.com.br\/wp-content\/uploads\/2024\/02\/3.png?fit=1200%2C675&ssl=1&resize=525%2C300 1.5x, https:\/\/i0.wp.com\/ismaelcolosi.com.br\/wp-content\/uploads\/2024\/02\/3.png?fit=1200%2C675&ssl=1&resize=700%2C400 2x, https:\/\/i0.wp.com\/ismaelcolosi.com.br\/wp-content\/uploads\/2024\/02\/3.png?fit=1200%2C675&ssl=1&resize=1050%2C600 3x"},"classes":[]},{"id":21262,"url":"https:\/\/ismaelcolosi.com.br\/index.php\/2023\/12\/27\/camera-registra-queda-de-marquise-sobre-homem-em-ribeirao-preto-video\/","url_meta":{"origin":59243,"position":5},"title":"C\u00e2mera registra queda de marquise sobre homem em Ribeir\u00e3o Preto; V\u00eddeo","author":"ismaelcolosi.com.br","date":"27 de December de 2023","format":false,"excerpt":"Uma c\u00e2mera de seguran\u00e7a registrou o momento em que a marquise de um pr\u00e9dio comercial desabou sobre um homem no cruzamento da rua Jos\u00e9 de Alencar com a avenida Saudade, em Ribeir\u00e3o Preto \u2013 veja o v\u00eddeo abaixo. O caso aconteceu na tarde da \u00faltima segunda-feira (25) e a v\u00edtima,\u2026","rel":"","context":"In &quot;Not\u00edcias de Ribeir\u00e3o Preto-SP e Regi\u00e3o&quot;","block_context":{"text":"Not\u00edcias de Ribeir\u00e3o Preto-SP e Regi\u00e3o","link":"https:\/\/ismaelcolosi.com.br\/index.php\/category\/noticias-de-ribeirao-preto-sp-e-regiao-ismael-colosi\/"},"img":{"alt_text":"","src":"https:\/\/i0.wp.com\/ismaelcolosi.com.br\/wp-content\/uploads\/2023\/12\/marquise-1.jpg?fit=837%2C639&ssl=1&resize=350%2C200","width":350,"height":200,"srcset":"https:\/\/i0.wp.com\/ismaelcolosi.com.br\/wp-content\/uploads\/2023\/12\/marquise-1.jpg?fit=837%2C639&ssl=1&resize=350%2C200 1x, https:\/\/i0.wp.com\/ismaelcolosi.com.br\/wp-content\/uploads\/2023\/12\/marquise-1.jpg?fit=837%2C639&ssl=1&resize=525%2C300 1.5x, https:\/\/i0.wp.com\/ismaelcolosi.com.br\/wp-content\/uploads\/2023\/12\/marquise-1.jpg?fit=837%2C639&ssl=1&resize=700%2C400 2x"},"classes":[]}],"jetpack_sharing_enabled":true,"jetpack_shortlink":"https:\/\/wp.me\/pfMlyK-fpx","_links":{"self":[{"href":"https:\/\/ismaelcolosi.com.br\/index.php\/wp-json\/wp\/v2\/posts\/59243","targetHints":{"allow":["GET"]}}],"collection":[{"href":"https:\/\/ismaelcolosi.com.br\/index.php\/wp-json\/wp\/v2\/posts"}],"about":[{"href":"https:\/\/ismaelcolosi.com.br\/index.php\/wp-json\/wp\/v2\/types\/post"}],"author":[{"embeddable":true,"href":"https:\/\/ismaelcolosi.com.br\/index.php\/wp-json\/wp\/v2\/users\/1"}],"replies":[{"embeddable":true,"href":"https:\/\/ismaelcolosi.com.br\/index.php\/wp-json\/wp\/v2\/comments?post=59243"}],"version-history":[{"count":0,"href":"https:\/\/ismaelcolosi.com.br\/index.php\/wp-json\/wp\/v2\/posts\/59243\/revisions"}],"wp:featuredmedia":[{"embeddable":true,"href":"https:\/\/ismaelcolosi.com.br\/index.php\/wp-json\/wp\/v2\/media\/59244"}],"wp:attachment":[{"href":"https:\/\/ismaelcolosi.com.br\/index.php\/wp-json\/wp\/v2\/media?parent=59243"}],"wp:term":[{"taxonomy":"category","embeddable":true,"href":"https:\/\/ismaelcolosi.com.br\/index.php\/wp-json\/wp\/v2\/categories?post=59243"},{"taxonomy":"post_tag","embeddable":true,"href":"https:\/\/ismaelcolosi.com.br\/index.php\/wp-json\/wp\/v2\/tags?post=59243"}],"curies":[{"name":"wp","href":"https:\/\/api.w.org\/{rel}","templated":true}]}}