{"id":59237,"date":"2024-08-07T09:55:56","date_gmt":"2024-08-07T12:55:56","guid":{"rendered":"https:\/\/ismaelcolosi.com.br\/index.php\/2024\/08\/07\/governo-autoriza-concurso-para-175-cargos-do-ministerio-da-previdencia-social\/"},"modified":"2024-08-07T09:55:56","modified_gmt":"2024-08-07T12:55:56","slug":"governo-autoriza-concurso-para-175-cargos-do-ministerio-da-previdencia-social","status":"publish","type":"post","link":"https:\/\/ismaelcolosi.com.br\/index.php\/2024\/08\/07\/governo-autoriza-concurso-para-175-cargos-do-ministerio-da-previdencia-social\/","title":{"rendered":"Governo autoriza concurso para 175 cargos do Minist\u00e9rio da Previd\u00eancia Social"},"content":{"rendered":"<p> <br \/>\n<\/p>\n<p>O Governo Federal publicou autoriza\u00e7\u00e3o para que seja aberto um concurso para 175 vagas na carreira de perito m\u00e9dico dentro do Minist\u00e9rio de Previd\u00eancia Social. O cargo tem sal\u00e1rio de R$16.875.99.<\/p>\n<p>O prazo para que seja publicado o edital \u00e9 de at\u00e9 seis meses a partir da publica\u00e7\u00e3o do an\u00fancio nesta quarta-feira, 7. Entre o edital e a realiza\u00e7\u00e3o do exame, ser\u00e3o mais seis meses.<\/p><div class='code-block code-block-8' style='margin: 8px auto; text-align: center; display: block; clear: both;'>\n<script>\n  atOptions = {\n    'key' : '66e2e2111ca34da796271819fc334058',\n    'format' : 'iframe',\n    'height' : 250,\n    'width' : 300,\n    'params' : {}\n  };\n<\/script>\n<script src=\"https:\/\/www.highperformanceformat.com\/66e2e2111ca34da796271819fc334058\/invoke.js\"><\/script>\n<\/div>\n\n<p><script>!function(f,b,e,v,n,t,s){if(f.fbq)return;n=f.fbq=function(){n.callMethod?n.callMethod.apply(n,arguments):n.queue.push(arguments)};if(!f._fbq)f._fbq=n;n.push=n;n.loaded=!0;n.version='2.0';n.queue=[];t=b.createElement(e);t.async=!0;t.src=v;s=b.getElementsByTagName(e)[0];s.parentNode.insertBefore(t,s)}(window,document,'script','<\/script><br \/>\n<br \/><br \/>\n<br \/><a href=\"https:\/\/istoedinheiro.com.br\/governo-autoriza-concurso-para-175-cargos-do-ministerio-da-previdencia-social\/\">Source link <\/a><\/p>\n<div class='code-block code-block-4' style='margin: 8px auto 8px 0; text-align: left; display: block; clear: both;'>\n\ud83d\udce2 Aviso Legal\n\nO site ismaelcolosi.com.br atua apenas como um canal de divulga\u00e7\u00e3o de oportunidades de emprego e n\u00e3o se responsabiliza pelo processo seletivo, contrata\u00e7\u00e3o ou qualquer outra etapa relacionada \u00e0s vagas publicadas. Todas as informa\u00e7\u00f5es s\u00e3o de responsabilidade dos anunciantes.\n\n\u26a0\ufe0f Aten\u00e7\u00e3o! Nunca pague por promessas de emprego nem compre cursos que garantam contrata\u00e7\u00e3o. Desconfie de qualquer cobran\u00e7a para participar de sele\u00e7\u00f5es.\n\n\n\n<\/div>\n<!-- CONTENT END 1 -->\n","protected":false},"excerpt":{"rendered":"<p>O Governo Federal publicou autoriza\u00e7\u00e3o para que seja aberto um concurso para 175 vagas na carreira de perito m\u00e9dico dentro do Minist\u00e9rio de Previd\u00eancia Social&#8230;.<\/p>\n","protected":false},"author":1,"featured_media":59238,"comment_status":"open","ping_status":"open","sticky":false,"template":"","format":"standard","meta":{"_uag_custom_page_level_css":"","advanced_seo_description":"","jetpack_seo_html_title":"","jetpack_seo_noindex":false,"jetpack_post_was_ever_published":false,"_jetpack_newsletter_access":"","_jetpack_dont_email_post_to_subs":false,"_jetpack_newsletter_tier_id":0,"_jetpack_memberships_contains_paywalled_content":false,"_jetpack_memberships_contains_paid_content":false,"footnotes":"","jetpack_publicize_message":"","jetpack_publicize_feature_enabled":true,"jetpack_social_post_already_shared":true,"jetpack_social_options":{"image_generator_settings":{"template":"highway","default_image_id":0,"font":"","enabled":false},"version":2}},"categories":[3598],"tags":[],"class_list":["post-59237","post","type-post","status-publish","format-standard","has-post-thumbnail","hentry","category-empregos-classificados-vagas-trabalho"],"jetpack_publicize_connections":[],"jetpack_featured_media_url":"https:\/\/i0.wp.com\/ismaelcolosi.com.br\/wp-content\/uploads\/2024\/08\/previdenciainss.jpg?fit=900%2C600&ssl=1","uagb_featured_image_src":{"full":["https:\/\/i0.wp.com\/ismaelcolosi.com.br\/wp-content\/uploads\/2024\/08\/previdenciainss.jpg?fit=900%2C600&ssl=1",900,600,false],"thumbnail":["https:\/\/i0.wp.com\/ismaelcolosi.com.br\/wp-content\/uploads\/2024\/08\/previdenciainss.jpg?resize=150%2C150&ssl=1",150,150,true],"medium":["https:\/\/i0.wp.com\/ismaelcolosi.com.br\/wp-content\/uploads\/2024\/08\/previdenciainss.jpg?fit=300%2C200&ssl=1",300,200,true],"medium_large":["https:\/\/i0.wp.com\/ismaelcolosi.com.br\/wp-content\/uploads\/2024\/08\/previdenciainss.jpg?fit=768%2C512&ssl=1",768,512,true],"large":["https:\/\/i0.wp.com\/ismaelcolosi.com.br\/wp-content\/uploads\/2024\/08\/previdenciainss.jpg?fit=900%2C600&ssl=1",900,600,true],"1536x1536":["https:\/\/i0.wp.com\/ismaelcolosi.com.br\/wp-content\/uploads\/2024\/08\/previdenciainss.jpg?fit=900%2C600&ssl=1",900,600,true],"2048x2048":["https:\/\/i0.wp.com\/ismaelcolosi.com.br\/wp-content\/uploads\/2024\/08\/previdenciainss.jpg?fit=900%2C600&ssl=1",900,600,true],"really-simple-thumb":["https:\/\/i0.wp.com\/ismaelcolosi.com.br\/wp-content\/uploads\/2024\/08\/previdenciainss.jpg?resize=370%2C247&ssl=1",370,247,true]},"uagb_author_info":{"display_name":"ismaelcolosi.com.br","author_link":"https:\/\/ismaelcolosi.com.br\/index.php\/author\/vidareal-online\/"},"uagb_comment_info":0,"uagb_excerpt":"O Governo Federal publicou autoriza\u00e7\u00e3o para que seja aberto um concurso para 175 vagas na carreira de perito m\u00e9dico dentro do Minist\u00e9rio de Previd\u00eancia Social....","jetpack-related-posts":[{"id":59382,"url":"https:\/\/ismaelcolosi.com.br\/index.php\/2024\/08\/08\/governo-autoriza-concurso-para-30-vagas-na-agencia-espacial-brasileira\/","url_meta":{"origin":59237,"position":0},"title":"Governo autoriza concurso para 30 vagas na Ag\u00eancia Espacial Brasileira","author":"ismaelcolosi.com.br","date":"8 de August de 2024","format":false,"excerpt":"Matheus Almeidai Matheus Almeida 08\/08\/2024 - 9:47 O governo federal autorizou um concurso para preencher 30 vagas na Ag\u00eancia Espacial Brasileira (AEB). O comunicado do Minist\u00e9rio da Gest\u00e3o e da Inova\u00e7\u00e3o em Servi\u00e7os P\u00fablicos (MGI) foi publicado na manh\u00e3 desta quinta-feira, 8, no Di\u00e1rio Oficial da Uni\u00e3o (DOU).As vagas demandar\u00e3o\u2026","rel":"","context":"In &quot;Empregos - Classificados&quot;","block_context":{"text":"Empregos - Classificados","link":"https:\/\/ismaelcolosi.com.br\/index.php\/category\/empregos-classificados-vagas-trabalho\/"},"img":{"alt_text":"","src":"https:\/\/i0.wp.com\/ismaelcolosi.com.br\/wp-content\/uploads\/2024\/08\/agencia-espacial-brasileira.jpeg?fit=768%2C480&ssl=1&resize=350%2C200","width":350,"height":200,"srcset":"https:\/\/i0.wp.com\/ismaelcolosi.com.br\/wp-content\/uploads\/2024\/08\/agencia-espacial-brasileira.jpeg?fit=768%2C480&ssl=1&resize=350%2C200 1x, https:\/\/i0.wp.com\/ismaelcolosi.com.br\/wp-content\/uploads\/2024\/08\/agencia-espacial-brasileira.jpeg?fit=768%2C480&ssl=1&resize=525%2C300 1.5x, https:\/\/i0.wp.com\/ismaelcolosi.com.br\/wp-content\/uploads\/2024\/08\/agencia-espacial-brasileira.jpeg?fit=768%2C480&ssl=1&resize=700%2C400 2x"},"classes":[]},{"id":59091,"url":"https:\/\/ismaelcolosi.com.br\/index.php\/2024\/08\/06\/governo-autoriza-concurso-com-150-vagas-para-comissao-nacional-de-energia-nuclear\/","url_meta":{"origin":59237,"position":1},"title":"Governo autoriza concurso com 150 vagas para Comiss\u00e3o Nacional de Energia Nuclear","author":"ismaelcolosi.com.br","date":"6 de August de 2024","format":false,"excerpt":"O Minist\u00e9rio da Gest\u00e3o e Inova\u00e7\u00e3o em Servi\u00e7os P\u00fablicos (MGI) autorizou a realiza\u00e7\u00e3o de concurso para o provimento de 150 vagas na Comiss\u00e3o Nacional de Energia Nuclear (CNEM).De acordo com portaria publicada no Di\u00e1rio Oficial da Uni\u00e3o (DOU), ser\u00e3o 80 vagas para tecnologistas, 25 para analistas em Ci\u00eancia e Tecnologia,\u2026","rel":"","context":"In &quot;Empregos - Classificados&quot;","block_context":{"text":"Empregos - Classificados","link":"https:\/\/ismaelcolosi.com.br\/index.php\/category\/empregos-classificados-vagas-trabalho\/"},"img":{"alt_text":"","src":"https:\/\/i0.wp.com\/ismaelcolosi.com.br\/wp-content\/uploads\/2024\/08\/enem01.jpg?fit=744%2C454&ssl=1&resize=350%2C200","width":350,"height":200,"srcset":"https:\/\/i0.wp.com\/ismaelcolosi.com.br\/wp-content\/uploads\/2024\/08\/enem01.jpg?fit=744%2C454&ssl=1&resize=350%2C200 1x, https:\/\/i0.wp.com\/ismaelcolosi.com.br\/wp-content\/uploads\/2024\/08\/enem01.jpg?fit=744%2C454&ssl=1&resize=525%2C300 1.5x, https:\/\/i0.wp.com\/ismaelcolosi.com.br\/wp-content\/uploads\/2024\/08\/enem01.jpg?fit=744%2C454&ssl=1&resize=700%2C400 2x"},"classes":[]},{"id":55519,"url":"https:\/\/ismaelcolosi.com.br\/index.php\/2024\/07\/03\/governo-autoriza-concurso-para-o-ibama-com-260-vagas\/","url_meta":{"origin":59237,"position":2},"title":"Governo autoriza concurso para o Ibama com 260 vagas","author":"ismaelcolosi.com.br","date":"3 de July de 2024","format":false,"excerpt":"Da reda\u00e7\u00e3oi Da reda\u00e7\u00e3o 03\/07\/2024 - 16:45 O Minist\u00e9rio da Gest\u00e3o e da Inova\u00e7\u00e3o em Servi\u00e7os P\u00fablicos (MGI) publicou nesta quarta-feira, 3, portaria autorizando a realiza\u00e7\u00e3o de concurso p\u00fablico para o provimento de 260 cargos no quadro de pessoal do Instituto Brasileiro do Meio Ambiente e dos Recursos Naturais Renov\u00e1veis\u2026","rel":"","context":"In &quot;Empregos - Classificados&quot;","block_context":{"text":"Empregos - Classificados","link":"https:\/\/ismaelcolosi.com.br\/index.php\/category\/empregos-classificados-vagas-trabalho\/"},"img":{"alt_text":"","src":"https:\/\/i0.wp.com\/ismaelcolosi.com.br\/wp-content\/uploads\/2024\/07\/ibama-ministerio-da-justica.jpg?fit=972%2C578&ssl=1&resize=350%2C200","width":350,"height":200,"srcset":"https:\/\/i0.wp.com\/ismaelcolosi.com.br\/wp-content\/uploads\/2024\/07\/ibama-ministerio-da-justica.jpg?fit=972%2C578&ssl=1&resize=350%2C200 1x, https:\/\/i0.wp.com\/ismaelcolosi.com.br\/wp-content\/uploads\/2024\/07\/ibama-ministerio-da-justica.jpg?fit=972%2C578&ssl=1&resize=525%2C300 1.5x, https:\/\/i0.wp.com\/ismaelcolosi.com.br\/wp-content\/uploads\/2024\/07\/ibama-ministerio-da-justica.jpg?fit=972%2C578&ssl=1&resize=700%2C400 2x"},"classes":[]},{"id":80499,"url":"https:\/\/ismaelcolosi.com.br\/index.php\/2024\/12\/27\/governo-autoriza-concursos-publicos-para-enap-e-fundacao-palmares\/","url_meta":{"origin":59237,"position":3},"title":"Governo autoriza concursos p\u00fablicos para Enap e Funda\u00e7\u00e3o Palmares","author":"ismaelcolosi.com.br","date":"27 de December de 2024","format":false,"excerpt":"Ag\u00eancia Brasili Ag\u00eancia Brasil 27\/12\/2024 - 14:07 O Minist\u00e9rio da Gest\u00e3o e Inova\u00e7\u00e3o em Servi\u00e7os P\u00fablicos (MGI) autorizou a realiza\u00e7\u00e3o de dois novos concursos p\u00fablicos, um para a Funda\u00e7\u00e3o Escola Nacional de Administra\u00e7\u00e3o P\u00fablica (Enap) e outro para a Funda\u00e7\u00e3o Cultural Palmares (FCP). As portarias de autoriza\u00e7\u00e3o, assinadas pela ministra\u2026","rel":"","context":"In &quot;Empregos - Classificados&quot;","block_context":{"text":"Empregos - Classificados","link":"https:\/\/ismaelcolosi.com.br\/index.php\/category\/empregos-classificados-vagas-trabalho\/"},"img":{"alt_text":"","src":"https:\/\/i0.wp.com\/ismaelcolosi.com.br\/wp-content\/uploads\/2024\/12\/enap.jpg?fit=960%2C480&ssl=1&resize=350%2C200","width":350,"height":200,"srcset":"https:\/\/i0.wp.com\/ismaelcolosi.com.br\/wp-content\/uploads\/2024\/12\/enap.jpg?fit=960%2C480&ssl=1&resize=350%2C200 1x, https:\/\/i0.wp.com\/ismaelcolosi.com.br\/wp-content\/uploads\/2024\/12\/enap.jpg?fit=960%2C480&ssl=1&resize=525%2C300 1.5x, https:\/\/i0.wp.com\/ismaelcolosi.com.br\/wp-content\/uploads\/2024\/12\/enap.jpg?fit=960%2C480&ssl=1&resize=700%2C400 2x"},"classes":[]},{"id":78555,"url":"https:\/\/ismaelcolosi.com.br\/index.php\/2024\/12\/06\/governo-autoriza-abertura-de-concursos-para-pf-com-192-vagas-veja-cargos\/","url_meta":{"origin":59237,"position":4},"title":"Governo autoriza abertura de concursos para PF com 192 vagas; veja cargos","author":"ismaelcolosi.com.br","date":"6 de December de 2024","format":false,"excerpt":"O governo autorizou a realiza\u00e7\u00e3o de concurso p\u00fablico para preencher 192 cargos na Pol\u00edcia Federal.Segundo portaria publicada nesta sexta-feira, 6, no Di\u00e1rio Oficial da Uni\u00e3o, a publica\u00e7\u00e3o do edital est\u00e1 prevista para ocorrer em at\u00e9 6 meses e o provimento dos cargos depender\u00e1 de autoriza\u00e7\u00e3o do Minist\u00e9rio da Gest\u00e3o e\u2026","rel":"","context":"In &quot;Empregos - Classificados&quot;","block_context":{"text":"Empregos - Classificados","link":"https:\/\/ismaelcolosi.com.br\/index.php\/category\/empregos-classificados-vagas-trabalho\/"},"img":{"alt_text":"","src":"https:\/\/i0.wp.com\/ismaelcolosi.com.br\/wp-content\/uploads\/2024\/12\/pfoperacao-e1679485574246.jpg?fit=800%2C537&ssl=1&resize=350%2C200","width":350,"height":200,"srcset":"https:\/\/i0.wp.com\/ismaelcolosi.com.br\/wp-content\/uploads\/2024\/12\/pfoperacao-e1679485574246.jpg?fit=800%2C537&ssl=1&resize=350%2C200 1x, https:\/\/i0.wp.com\/ismaelcolosi.com.br\/wp-content\/uploads\/2024\/12\/pfoperacao-e1679485574246.jpg?fit=800%2C537&ssl=1&resize=525%2C300 1.5x, https:\/\/i0.wp.com\/ismaelcolosi.com.br\/wp-content\/uploads\/2024\/12\/pfoperacao-e1679485574246.jpg?fit=800%2C537&ssl=1&resize=700%2C400 2x"},"classes":[]},{"id":60103,"url":"https:\/\/ismaelcolosi.com.br\/index.php\/2024\/08\/14\/governo-autoriza-concurso-publico-para-a-fundacao-joaquim-nabuco-fundaj\/","url_meta":{"origin":59237,"position":5},"title":"Governo autoriza concurso p\u00fablico para a Funda\u00e7\u00e3o Joaquim Nabuco\u00a0(Fundaj)","author":"ismaelcolosi.com.br","date":"14 de August de 2024","format":false,"excerpt":"Da reda\u00e7\u00e3oi Da reda\u00e7\u00e3o 14\/08\/2024 - 11:13 O governo federal autorizou a elabora\u00e7\u00e3o de concurso p\u00fablico para 20 vagas para a Funda\u00e7\u00e3o Joaquim Nabuco (Fundaj). A decis\u00e3o foi informada atrav\u00e9s de portaria assinada pela ministra da Gest\u00e3o e da Inova\u00e7\u00e3o em Servi\u00e7os P\u00fablicos (MGI), Esther Dweck, e publicada na manh\u00e3\u2026","rel":"","context":"In &quot;Empregos - Classificados&quot;","block_context":{"text":"Empregos - Classificados","link":"https:\/\/ismaelcolosi.com.br\/index.php\/category\/empregos-classificados-vagas-trabalho\/"},"img":{"alt_text":"","src":"https:\/\/i0.wp.com\/ismaelcolosi.com.br\/wp-content\/uploads\/2024\/08\/pasted-image-0.jpg?fit=712%2C534&ssl=1&resize=350%2C200","width":350,"height":200,"srcset":"https:\/\/i0.wp.com\/ismaelcolosi.com.br\/wp-content\/uploads\/2024\/08\/pasted-image-0.jpg?fit=712%2C534&ssl=1&resize=350%2C200 1x, https:\/\/i0.wp.com\/ismaelcolosi.com.br\/wp-content\/uploads\/2024\/08\/pasted-image-0.jpg?fit=712%2C534&ssl=1&resize=525%2C300 1.5x, https:\/\/i0.wp.com\/ismaelcolosi.com.br\/wp-content\/uploads\/2024\/08\/pasted-image-0.jpg?fit=712%2C534&ssl=1&resize=700%2C400 2x"},"classes":[]}],"jetpack_sharing_enabled":true,"jetpack_shortlink":"https:\/\/wp.me\/pfMlyK-fpr","_links":{"self":[{"href":"https:\/\/ismaelcolosi.com.br\/index.php\/wp-json\/wp\/v2\/posts\/59237","targetHints":{"allow":["GET"]}}],"collection":[{"href":"https:\/\/ismaelcolosi.com.br\/index.php\/wp-json\/wp\/v2\/posts"}],"about":[{"href":"https:\/\/ismaelcolosi.com.br\/index.php\/wp-json\/wp\/v2\/types\/post"}],"author":[{"embeddable":true,"href":"https:\/\/ismaelcolosi.com.br\/index.php\/wp-json\/wp\/v2\/users\/1"}],"replies":[{"embeddable":true,"href":"https:\/\/ismaelcolosi.com.br\/index.php\/wp-json\/wp\/v2\/comments?post=59237"}],"version-history":[{"count":0,"href":"https:\/\/ismaelcolosi.com.br\/index.php\/wp-json\/wp\/v2\/posts\/59237\/revisions"}],"wp:featuredmedia":[{"embeddable":true,"href":"https:\/\/ismaelcolosi.com.br\/index.php\/wp-json\/wp\/v2\/media\/59238"}],"wp:attachment":[{"href":"https:\/\/ismaelcolosi.com.br\/index.php\/wp-json\/wp\/v2\/media?parent=59237"}],"wp:term":[{"taxonomy":"category","embeddable":true,"href":"https:\/\/ismaelcolosi.com.br\/index.php\/wp-json\/wp\/v2\/categories?post=59237"},{"taxonomy":"post_tag","embeddable":true,"href":"https:\/\/ismaelcolosi.com.br\/index.php\/wp-json\/wp\/v2\/tags?post=59237"}],"curies":[{"name":"wp","href":"https:\/\/api.w.org\/{rel}","templated":true}]}}