{"id":59227,"date":"2024-08-07T09:09:35","date_gmt":"2024-08-07T12:09:35","guid":{"rendered":"https:\/\/ismaelcolosi.com.br\/index.php\/2024\/08\/07\/qual-e-a-escola-mais-antiga-de-ribeirao-preto-confira\/"},"modified":"2024-08-07T09:09:35","modified_gmt":"2024-08-07T12:09:35","slug":"qual-e-a-escola-mais-antiga-de-ribeirao-preto-confira","status":"publish","type":"post","link":"https:\/\/ismaelcolosi.com.br\/index.php\/2024\/08\/07\/qual-e-a-escola-mais-antiga-de-ribeirao-preto-confira\/","title":{"rendered":"Qual \u00e9 a escola mais antiga de Ribeir\u00e3o Preto? Confira"},"content":{"rendered":"<p> <br \/>\n<\/p>\n<div data-td-block-uid=\"tdi_106\">\n<div class=\"tdb-block-inner td-fix-index\">\n<p>Voc\u00ea j\u00e1 se perguntou <mark style=\"background-color:#fcb900\" class=\"has-inline-color has-black-color\">qual a escola mais antiga de <strong>Ribeir\u00e3o Preto<\/strong>?<\/mark><mark style=\"background-color:#ffffff\" class=\"has-inline-color has-black-color\"> <\/mark>A <strong>escola estadual Doutor Guimar\u00e3es J\u00fanior<\/strong>, que fica no Centro,<strong> <\/strong>carrega esse t\u00edtulo. <\/p>\n<p>De acordo com a <strong>Secretaria da Educa\u00e7\u00e3o do Governo do Estado de S\u00e3o Paulo<\/strong>, a escola, que fica no pr\u00e9dio localizado na <strong>rua Lafaiete, 584, <\/strong> foi fundado em <strong>1\u00ba de julho de 1901<\/strong> e completou<strong> 123 anos<\/strong> neste ano.<\/p>\n<p>Segundo a <strong>Condephaat<\/strong> (Conselho de Defesa do Patrim\u00f4nio Hist\u00f3rico, Arqueol\u00f3gico, Art\u00edstico e Tur\u00edstico do Estado de S\u00e3o Paulo), a institui\u00e7\u00e3o funcionou primeiramente em dois pr\u00e9dios, um deles na <strong>rua Duque de Caxias<\/strong>.<\/p>\n<p>Mais tarde, a escola foi transferida para o edif\u00edcio constru\u00eddo, a partir de um conjunto de projetos de <strong>Jos\u00e9 Van Humbeeck<\/strong>, implantado em <strong>cinco munic\u00edpios<\/strong>.<\/p>\n<p>Al\u00e9m disso, a <strong>Guimar\u00e3es Junior<\/strong> \u00e9 uma das integrantes de conjunto de <strong>126 escolas p\u00fablicas <\/strong>constru\u00eddas pelo<strong> Estado de S\u00e3o Paulo entre 1890 e 1930<\/strong>.<\/p>\n<h4 class=\"wp-block-heading\"><strong>Como est\u00e1 hoje em dia?<\/strong><\/h4>\n<p>Atualmente, a escola mais antiga de <strong>Ribeir\u00e3o Preto<\/strong> conta com aproximadamente <strong>800 alunos matriculados<\/strong>, entre alunos do <strong>6\u00ba ano do Ensino Fundamental<\/strong> at\u00e9 a <strong>3\u00aa s\u00e9rie do Ensino M\u00e9dio<\/strong>.<\/p>\n<p>SAIBA MAIS<br \/>Saerp alerta para falta d\u2019\u00e1gua em seis bairros de Ribeir\u00e3o Preto; Veja quais<\/p>\n<h4 class=\"wp-block-heading\"><strong>FIQUE ON<\/strong><\/h4>\n<p>Fique ligado em tudo que acontece em Ribeir\u00e3o Preto e regi\u00e3o. Siga os perfis do <strong>acidade on <\/strong>no <a href=\"https:\/\/www.instagram.com\/acidadeonribeirao\" target=\"_blank\" rel=\"noreferrer noopener\">Instagram<\/a> e no <a href=\"https:\/\/www.facebook.com\/acidadeonribeirao\" target=\"_blank\" rel=\"noreferrer noopener\">Facebook<\/a>.<\/p>\n<p>Receba not\u00edcias do acidade on no WhatsApp. Para entrar no grupo, basta <a href=\"https:\/\/chat.whatsapp.com\/Dtv9mxhy6V5BJBotM2OQ5k\" target=\"_blank\" rel=\"noreferrer noopener\">clicar aqui<\/a>.<\/p>\n<p>Fa\u00e7a uma den\u00fancia ou sugira uma reportagem sobre Ribeir\u00e3o Preto e regi\u00e3o pelo WhatsApp: 16 99117 7802.<\/p>\n<p>VEJA TAMB\u00c9M<br \/>Com quem professora Lu fica em \u2018Renascer\u2019?<\/p>\n<p><!-- CONTENT END 1 -->\n<\/div>\n<\/div>\n<p><script async src=\"\/\/www.instagram.com\/embed.js\"><\/script><br \/>\n<br \/><br \/>\n<br \/><a href=\"https:\/\/www.acidadeon.com\/ribeiraopreto\/lazer-e-cultura\/qual-e-a-escola-mais-antiga-de-ribeirao-preto-confira\/\">Source link <\/a><\/p>\n","protected":false},"excerpt":{"rendered":"<p>Voc\u00ea j\u00e1 se perguntou qual a escola mais antiga de Ribeir\u00e3o Preto? A escola estadual Doutor Guimar\u00e3es J\u00fanior, que fica no Centro, carrega esse t\u00edtulo&#8230;.<\/p>\n","protected":false},"author":1,"featured_media":59228,"comment_status":"open","ping_status":"open","sticky":false,"template":"","format":"standard","meta":{"_uag_custom_page_level_css":"","advanced_seo_description":"","jetpack_seo_html_title":"","jetpack_seo_noindex":false,"jetpack_post_was_ever_published":false,"_jetpack_newsletter_access":"","_jetpack_dont_email_post_to_subs":false,"_jetpack_newsletter_tier_id":0,"_jetpack_memberships_contains_paywalled_content":false,"_jetpack_memberships_contains_paid_content":false,"footnotes":"","jetpack_publicize_message":"","jetpack_publicize_feature_enabled":true,"jetpack_social_post_already_shared":true,"jetpack_social_options":{"image_generator_settings":{"template":"highway","default_image_id":0,"font":"","enabled":false},"version":2}},"categories":[11],"tags":[],"class_list":["post-59227","post","type-post","status-publish","format-standard","has-post-thumbnail","hentry","category-noticias-de-ribeirao-preto-sp-e-regiao-ismael-colosi"],"jetpack_publicize_connections":[],"jetpack_featured_media_url":"https:\/\/i0.wp.com\/ismaelcolosi.com.br\/wp-content\/uploads\/2024\/08\/WhatsApp-Image-2024-08-06-at-11.09.39_2024-08-07_11-54-13_jpeg_2024-08-07_11-54-13.webp.webp?fit=1119%2C648&ssl=1","uagb_featured_image_src":{"full":["https:\/\/i0.wp.com\/ismaelcolosi.com.br\/wp-content\/uploads\/2024\/08\/WhatsApp-Image-2024-08-06-at-11.09.39_2024-08-07_11-54-13_jpeg_2024-08-07_11-54-13.webp.webp?fit=1119%2C648&ssl=1",1119,648,false],"thumbnail":["https:\/\/i0.wp.com\/ismaelcolosi.com.br\/wp-content\/uploads\/2024\/08\/WhatsApp-Image-2024-08-06-at-11.09.39_2024-08-07_11-54-13_jpeg_2024-08-07_11-54-13.webp.webp?resize=150%2C150&ssl=1",150,150,true],"medium":["https:\/\/i0.wp.com\/ismaelcolosi.com.br\/wp-content\/uploads\/2024\/08\/WhatsApp-Image-2024-08-06-at-11.09.39_2024-08-07_11-54-13_jpeg_2024-08-07_11-54-13.webp.webp?fit=300%2C174&ssl=1",300,174,true],"medium_large":["https:\/\/i0.wp.com\/ismaelcolosi.com.br\/wp-content\/uploads\/2024\/08\/WhatsApp-Image-2024-08-06-at-11.09.39_2024-08-07_11-54-13_jpeg_2024-08-07_11-54-13.webp.webp?fit=768%2C445&ssl=1",768,445,true],"large":["https:\/\/i0.wp.com\/ismaelcolosi.com.br\/wp-content\/uploads\/2024\/08\/WhatsApp-Image-2024-08-06-at-11.09.39_2024-08-07_11-54-13_jpeg_2024-08-07_11-54-13.webp.webp?fit=1024%2C593&ssl=1",1024,593,true],"1536x1536":["https:\/\/i0.wp.com\/ismaelcolosi.com.br\/wp-content\/uploads\/2024\/08\/WhatsApp-Image-2024-08-06-at-11.09.39_2024-08-07_11-54-13_jpeg_2024-08-07_11-54-13.webp.webp?fit=1119%2C648&ssl=1",1119,648,true],"2048x2048":["https:\/\/i0.wp.com\/ismaelcolosi.com.br\/wp-content\/uploads\/2024\/08\/WhatsApp-Image-2024-08-06-at-11.09.39_2024-08-07_11-54-13_jpeg_2024-08-07_11-54-13.webp.webp?fit=1119%2C648&ssl=1",1119,648,true],"really-simple-thumb":["https:\/\/i0.wp.com\/ismaelcolosi.com.br\/wp-content\/uploads\/2024\/08\/WhatsApp-Image-2024-08-06-at-11.09.39_2024-08-07_11-54-13_jpeg_2024-08-07_11-54-13.webp.webp?resize=370%2C247&ssl=1",370,247,true]},"uagb_author_info":{"display_name":"ismaelcolosi.com.br","author_link":"https:\/\/ismaelcolosi.com.br\/index.php\/author\/vidareal-online\/"},"uagb_comment_info":0,"uagb_excerpt":"Voc\u00ea j\u00e1 se perguntou qual a escola mais antiga de Ribeir\u00e3o Preto? A escola estadual Doutor Guimar\u00e3es J\u00fanior, que fica no Centro, carrega esse t\u00edtulo....","jetpack-related-posts":[{"id":49060,"url":"https:\/\/ismaelcolosi.com.br\/index.php\/2024\/05\/08\/ladrao-cai-do-telhado-apos-tentativa-de-furto-em-escola-de-ribeirao-preto\/","url_meta":{"origin":59227,"position":0},"title":"Ladr\u00e3o cai do telhado ap\u00f3s tentativa de furto em escola de Ribeir\u00e3o Preto","author":"ismaelcolosi.com.br","date":"8 de May de 2024","format":false,"excerpt":"Um ladr\u00e3o caiu do telhado da escola estadual Walter Paiva, ap\u00f3s tentar furtar os fios de energia da unidade, que fica localizada na rua Tupinamb\u00e1, no bairro Ipiranga, na zona Norte de Ribeir\u00e3o Preto. O caso aconteceu na noite da \u00faltima ter\u00e7a-feira (7). Consta no BO (boletim de ocorr\u00eancia), que\u2026","rel":"","context":"In &quot;Not\u00edcias de Ribeir\u00e3o Preto-SP e Regi\u00e3o&quot;","block_context":{"text":"Not\u00edcias de Ribeir\u00e3o Preto-SP e Regi\u00e3o","link":"https:\/\/ismaelcolosi.com.br\/index.php\/category\/noticias-de-ribeirao-preto-sp-e-regiao-ismael-colosi\/"},"img":{"alt_text":"","src":"https:\/\/i0.wp.com\/ismaelcolosi.com.br\/wp-content\/uploads\/2024\/05\/walter-paiva_2024-05-08_14-16-43_jpg_2024-05-08_14-16-43.webp.webp?fit=1096%2C839&ssl=1&resize=350%2C200","width":350,"height":200,"srcset":"https:\/\/i0.wp.com\/ismaelcolosi.com.br\/wp-content\/uploads\/2024\/05\/walter-paiva_2024-05-08_14-16-43_jpg_2024-05-08_14-16-43.webp.webp?fit=1096%2C839&ssl=1&resize=350%2C200 1x, https:\/\/i0.wp.com\/ismaelcolosi.com.br\/wp-content\/uploads\/2024\/05\/walter-paiva_2024-05-08_14-16-43_jpg_2024-05-08_14-16-43.webp.webp?fit=1096%2C839&ssl=1&resize=525%2C300 1.5x, https:\/\/i0.wp.com\/ismaelcolosi.com.br\/wp-content\/uploads\/2024\/05\/walter-paiva_2024-05-08_14-16-43_jpg_2024-05-08_14-16-43.webp.webp?fit=1096%2C839&ssl=1&resize=700%2C400 2x, https:\/\/i0.wp.com\/ismaelcolosi.com.br\/wp-content\/uploads\/2024\/05\/walter-paiva_2024-05-08_14-16-43_jpg_2024-05-08_14-16-43.webp.webp?fit=1096%2C839&ssl=1&resize=1050%2C600 3x"},"classes":[]},{"id":45584,"url":"https:\/\/ismaelcolosi.com.br\/index.php\/2024\/04\/05\/domingos-angerami-sera-inaugurada-nesta-sexta\/","url_meta":{"origin":59227,"position":1},"title":"Domingos Angerami ser\u00e1 inaugurada nesta sexta\u00a0","author":"ismaelcolosi.com.br","date":"5 de April de 2024","format":false,"excerpt":"Ap\u00f3s quase seis anos da interdi\u00e7\u00e3o da antiga unidade, a prefeitura de Ribeir\u00e3o Preto, por meio da Secretaria da Educa\u00e7\u00e3o, vai inaugurar nesta sexta-feira, 5 de abril, \u00e0s nove horas, o novo pr\u00e9dio da Escola Municipal de Ensino Fundamental (Emef) Domingos Angerami, na rua Jer\u00f4nimo da Rosa Martins n\u00ba 99,\u2026","rel":"","context":"In &quot;Not\u00edcias de Ribeir\u00e3o Preto-SP e Regi\u00e3o&quot;","block_context":{"text":"Not\u00edcias de Ribeir\u00e3o Preto-SP e Regi\u00e3o","link":"https:\/\/ismaelcolosi.com.br\/index.php\/category\/noticias-de-ribeirao-preto-sp-e-regiao-ismael-colosi\/"},"img":{"alt_text":"","src":"https:\/\/i0.wp.com\/ismaelcolosi.com.br\/wp-content\/uploads\/2024\/04\/CrecheRP-Alfredo-Risk.jpg?fit=800%2C500&ssl=1&resize=350%2C200","width":350,"height":200,"srcset":"https:\/\/i0.wp.com\/ismaelcolosi.com.br\/wp-content\/uploads\/2024\/04\/CrecheRP-Alfredo-Risk.jpg?fit=800%2C500&ssl=1&resize=350%2C200 1x, https:\/\/i0.wp.com\/ismaelcolosi.com.br\/wp-content\/uploads\/2024\/04\/CrecheRP-Alfredo-Risk.jpg?fit=800%2C500&ssl=1&resize=525%2C300 1.5x, https:\/\/i0.wp.com\/ismaelcolosi.com.br\/wp-content\/uploads\/2024\/04\/CrecheRP-Alfredo-Risk.jpg?fit=800%2C500&ssl=1&resize=700%2C400 2x"},"classes":[]},{"id":45533,"url":"https:\/\/ismaelcolosi.com.br\/index.php\/2024\/04\/04\/apos-mais-de-cinco-anos-fechada-escola-sera-reinaugurada-em-ribeirao-preto\/","url_meta":{"origin":59227,"position":2},"title":"Ap\u00f3s mais de cinco anos fechada, escola ser\u00e1 reinaugurada em Ribeir\u00e3o Preto","author":"ismaelcolosi.com.br","date":"4 de April de 2024","format":false,"excerpt":"A escola municipal Domingos Angerami, interditada em setembro de 2018 pela Justi\u00e7a por problemas estruturais, ser\u00e1 reinaugurada nesta sexta-feira (5). A solenidade, anunciada pela Prefeitura de Ribeir\u00e3o Preto, ser\u00e1 \u00e0s 9h. O novo pr\u00e9dio, localizado no bairro Jardim Pedra Branca, que faz parte do Complexo Ribeir\u00e3o Verde, tem capacidade para\u2026","rel":"","context":"In &quot;Not\u00edcias de Ribeir\u00e3o Preto-SP e Regi\u00e3o&quot;","block_context":{"text":"Not\u00edcias de Ribeir\u00e3o Preto-SP e Regi\u00e3o","link":"https:\/\/ismaelcolosi.com.br\/index.php\/category\/noticias-de-ribeirao-preto-sp-e-regiao-ismael-colosi\/"},"img":{"alt_text":"","src":"https:\/\/i0.wp.com\/ismaelcolosi.com.br\/wp-content\/uploads\/2024\/04\/WhatsApp-Image-2024-02-25-at-08.59.44.jpeg?fit=1200%2C717&ssl=1&resize=350%2C200","width":350,"height":200,"srcset":"https:\/\/i0.wp.com\/ismaelcolosi.com.br\/wp-content\/uploads\/2024\/04\/WhatsApp-Image-2024-02-25-at-08.59.44.jpeg?fit=1200%2C717&ssl=1&resize=350%2C200 1x, https:\/\/i0.wp.com\/ismaelcolosi.com.br\/wp-content\/uploads\/2024\/04\/WhatsApp-Image-2024-02-25-at-08.59.44.jpeg?fit=1200%2C717&ssl=1&resize=525%2C300 1.5x, https:\/\/i0.wp.com\/ismaelcolosi.com.br\/wp-content\/uploads\/2024\/04\/WhatsApp-Image-2024-02-25-at-08.59.44.jpeg?fit=1200%2C717&ssl=1&resize=700%2C400 2x, https:\/\/i0.wp.com\/ismaelcolosi.com.br\/wp-content\/uploads\/2024\/04\/WhatsApp-Image-2024-02-25-at-08.59.44.jpeg?fit=1200%2C717&ssl=1&resize=1050%2C600 3x"},"classes":[]},{"id":46760,"url":"https:\/\/ismaelcolosi.com.br\/index.php\/2024\/04\/14\/alunos-voltam-ter-aulas-em-escola-fechada-por-mais-de-cinco-anos-em-ribeirao-preto\/","url_meta":{"origin":59227,"position":3},"title":"Alunos voltam ter aulas em escola fechada por mais de cinco anos em Ribeir\u00e3o Preto","author":"ismaelcolosi.com.br","date":"14 de April de 2024","format":false,"excerpt":"Os estudantes do ensino fundamental da escola municipal Domingos Angerami voltam, nesta segunda-feira (15), a ter aulas no pr\u00e9dio rec\u00e9m-inaugurado, ap\u00f3s mais de cinco anos fechado. A escola foi interditada em setembro de 2018 pela Justi\u00e7a por problemas estruturais apontados por um laudo do MP-SP (Minist\u00e9rio P\u00fablico de S\u00e3o Paulo).\u2026","rel":"","context":"In &quot;Not\u00edcias de Ribeir\u00e3o Preto-SP e Regi\u00e3o&quot;","block_context":{"text":"Not\u00edcias de Ribeir\u00e3o Preto-SP e Regi\u00e3o","link":"https:\/\/ismaelcolosi.com.br\/index.php\/category\/noticias-de-ribeirao-preto-sp-e-regiao-ismael-colosi\/"},"img":{"alt_text":"","src":"https:\/\/i0.wp.com\/ismaelcolosi.com.br\/wp-content\/uploads\/2024\/04\/Copia-de-Copia-de-TAMANHO-EXATO-PARA-FOTOS-NO-SISTEMA-NOVO-36.webp.webp?fit=1200%2C675&ssl=1&resize=350%2C200","width":350,"height":200,"srcset":"https:\/\/i0.wp.com\/ismaelcolosi.com.br\/wp-content\/uploads\/2024\/04\/Copia-de-Copia-de-TAMANHO-EXATO-PARA-FOTOS-NO-SISTEMA-NOVO-36.webp.webp?fit=1200%2C675&ssl=1&resize=350%2C200 1x, https:\/\/i0.wp.com\/ismaelcolosi.com.br\/wp-content\/uploads\/2024\/04\/Copia-de-Copia-de-TAMANHO-EXATO-PARA-FOTOS-NO-SISTEMA-NOVO-36.webp.webp?fit=1200%2C675&ssl=1&resize=525%2C300 1.5x, https:\/\/i0.wp.com\/ismaelcolosi.com.br\/wp-content\/uploads\/2024\/04\/Copia-de-Copia-de-TAMANHO-EXATO-PARA-FOTOS-NO-SISTEMA-NOVO-36.webp.webp?fit=1200%2C675&ssl=1&resize=700%2C400 2x, https:\/\/i0.wp.com\/ismaelcolosi.com.br\/wp-content\/uploads\/2024\/04\/Copia-de-Copia-de-TAMANHO-EXATO-PARA-FOTOS-NO-SISTEMA-NOVO-36.webp.webp?fit=1200%2C675&ssl=1&resize=1050%2C600 3x"},"classes":[]},{"id":8316,"url":"https:\/\/ismaelcolosi.com.br\/index.php\/2023\/11\/29\/medicina-usp-ribeirao-tem-a-maior-nota-de-corte-da-fuvest-veja-a-lista\/","url_meta":{"origin":59227,"position":4},"title":"Medicina USP Ribeir\u00e3o t\u00eam a maior nota de corte da Fuvest; Veja a lista","author":"ismaelcolosi.com.br","date":"29 de November de 2023","format":false,"excerpt":"A Fuvest, o vestibular da Universidade de S\u00e3o Paulo (USP), divulgou nesta quarta-feira, 29, as notas de corte da primeira fase. A maior nota de corte na ampla concorr\u00eancia foi para os cursos de Medicina em Ribeir\u00e3o Preto e em S\u00e3o Paulo, com 79 pontos cada. Na sequ\u00eancia, Medicina na\u2026","rel":"","context":"In &quot;Not\u00edcias de Ribeir\u00e3o Preto-SP e Regi\u00e3o&quot;","block_context":{"text":"Not\u00edcias de Ribeir\u00e3o Preto-SP e Regi\u00e3o","link":"https:\/\/ismaelcolosi.com.br\/index.php\/category\/noticias-de-ribeirao-preto-sp-e-regiao-ismael-colosi\/"},"img":{"alt_text":"","src":"https:\/\/i0.wp.com\/ismaelcolosi.com.br\/wp-content\/uploads\/2023\/11\/49-1068x712-1.jpg?fit=881%2C636&ssl=1&resize=350%2C200","width":350,"height":200,"srcset":"https:\/\/i0.wp.com\/ismaelcolosi.com.br\/wp-content\/uploads\/2023\/11\/49-1068x712-1.jpg?fit=881%2C636&ssl=1&resize=350%2C200 1x, https:\/\/i0.wp.com\/ismaelcolosi.com.br\/wp-content\/uploads\/2023\/11\/49-1068x712-1.jpg?fit=881%2C636&ssl=1&resize=525%2C300 1.5x, https:\/\/i0.wp.com\/ismaelcolosi.com.br\/wp-content\/uploads\/2023\/11\/49-1068x712-1.jpg?fit=881%2C636&ssl=1&resize=700%2C400 2x"},"classes":[]},{"id":59848,"url":"https:\/\/ismaelcolosi.com.br\/index.php\/2024\/08\/12\/ela-era-uma-pessoa-de-muita-luz-diz-escola-de-aviacao-sobre-comissaria-de-ribeirao-preto\/","url_meta":{"origin":59227,"position":5},"title":"&#8216;Ela era uma pessoa de muita luz&#8217; diz escola de avia\u00e7\u00e3o sobre comiss\u00e1ria de Ribeir\u00e3o Preto","author":"ismaelcolosi.com.br","date":"12 de August de 2024","format":false,"excerpt":"\u201cEla era uma pessoa de muita luz. Aonde ela chegava, iluminava todos. Uma pessoa incr\u00edvel\u201d. \u00c9 assim que Rubia Silva de Lima, v\u00edtima da queda de um avi\u00e3o da Voepass, ser\u00e1 lembrada pelo propriet\u00e1rio da escola de avia\u00e7\u00e3o em que se formou. A comiss\u00e1ria de bordo morreu ap\u00f3s a aeronave\u2026","rel":"","context":"In &quot;Not\u00edcias de Ribeir\u00e3o Preto-SP e Regi\u00e3o&quot;","block_context":{"text":"Not\u00edcias de Ribeir\u00e3o Preto-SP e Regi\u00e3o","link":"https:\/\/ismaelcolosi.com.br\/index.php\/category\/noticias-de-ribeirao-preto-sp-e-regiao-ismael-colosi\/"},"img":{"alt_text":"","src":"https:\/\/i0.wp.com\/ismaelcolosi.com.br\/wp-content\/uploads\/2024\/08\/Copia-de-Copia-de-TAMANHO-EXATO-PARA-FOTOS-NO-SISTEMA-NOVO-2024-08-12T193923.220_2024-08-12_22-39-31_png_2024-08-12_22-39-31.webp.webp?fit=1200%2C675&ssl=1&resize=350%2C200","width":350,"height":200,"srcset":"https:\/\/i0.wp.com\/ismaelcolosi.com.br\/wp-content\/uploads\/2024\/08\/Copia-de-Copia-de-TAMANHO-EXATO-PARA-FOTOS-NO-SISTEMA-NOVO-2024-08-12T193923.220_2024-08-12_22-39-31_png_2024-08-12_22-39-31.webp.webp?fit=1200%2C675&ssl=1&resize=350%2C200 1x, https:\/\/i0.wp.com\/ismaelcolosi.com.br\/wp-content\/uploads\/2024\/08\/Copia-de-Copia-de-TAMANHO-EXATO-PARA-FOTOS-NO-SISTEMA-NOVO-2024-08-12T193923.220_2024-08-12_22-39-31_png_2024-08-12_22-39-31.webp.webp?fit=1200%2C675&ssl=1&resize=525%2C300 1.5x, https:\/\/i0.wp.com\/ismaelcolosi.com.br\/wp-content\/uploads\/2024\/08\/Copia-de-Copia-de-TAMANHO-EXATO-PARA-FOTOS-NO-SISTEMA-NOVO-2024-08-12T193923.220_2024-08-12_22-39-31_png_2024-08-12_22-39-31.webp.webp?fit=1200%2C675&ssl=1&resize=700%2C400 2x, https:\/\/i0.wp.com\/ismaelcolosi.com.br\/wp-content\/uploads\/2024\/08\/Copia-de-Copia-de-TAMANHO-EXATO-PARA-FOTOS-NO-SISTEMA-NOVO-2024-08-12T193923.220_2024-08-12_22-39-31_png_2024-08-12_22-39-31.webp.webp?fit=1200%2C675&ssl=1&resize=1050%2C600 3x"},"classes":[]}],"jetpack_sharing_enabled":true,"jetpack_shortlink":"https:\/\/wp.me\/pfMlyK-fph","_links":{"self":[{"href":"https:\/\/ismaelcolosi.com.br\/index.php\/wp-json\/wp\/v2\/posts\/59227","targetHints":{"allow":["GET"]}}],"collection":[{"href":"https:\/\/ismaelcolosi.com.br\/index.php\/wp-json\/wp\/v2\/posts"}],"about":[{"href":"https:\/\/ismaelcolosi.com.br\/index.php\/wp-json\/wp\/v2\/types\/post"}],"author":[{"embeddable":true,"href":"https:\/\/ismaelcolosi.com.br\/index.php\/wp-json\/wp\/v2\/users\/1"}],"replies":[{"embeddable":true,"href":"https:\/\/ismaelcolosi.com.br\/index.php\/wp-json\/wp\/v2\/comments?post=59227"}],"version-history":[{"count":0,"href":"https:\/\/ismaelcolosi.com.br\/index.php\/wp-json\/wp\/v2\/posts\/59227\/revisions"}],"wp:featuredmedia":[{"embeddable":true,"href":"https:\/\/ismaelcolosi.com.br\/index.php\/wp-json\/wp\/v2\/media\/59228"}],"wp:attachment":[{"href":"https:\/\/ismaelcolosi.com.br\/index.php\/wp-json\/wp\/v2\/media?parent=59227"}],"wp:term":[{"taxonomy":"category","embeddable":true,"href":"https:\/\/ismaelcolosi.com.br\/index.php\/wp-json\/wp\/v2\/categories?post=59227"},{"taxonomy":"post_tag","embeddable":true,"href":"https:\/\/ismaelcolosi.com.br\/index.php\/wp-json\/wp\/v2\/tags?post=59227"}],"curies":[{"name":"wp","href":"https:\/\/api.w.org\/{rel}","templated":true}]}}