{"id":59215,"date":"2024-08-07T06:42:26","date_gmt":"2024-08-07T09:42:26","guid":{"rendered":"https:\/\/ismaelcolosi.com.br\/index.php\/2024\/08\/07\/entenda-por-que-cargos-de-ciberseguranca-explodiram-no-brasil-segundo-o-linkedin\/"},"modified":"2024-08-07T06:42:26","modified_gmt":"2024-08-07T09:42:26","slug":"entenda-por-que-cargos-de-ciberseguranca-explodiram-no-brasil-segundo-o-linkedin","status":"publish","type":"post","link":"https:\/\/ismaelcolosi.com.br\/index.php\/2024\/08\/07\/entenda-por-que-cargos-de-ciberseguranca-explodiram-no-brasil-segundo-o-linkedin\/","title":{"rendered":"Entenda por que cargos de ciberseguran\u00e7a explodiram no Brasil, segundo o LinkedIn"},"content":{"rendered":"<p> <br \/>\n<\/p>\n<div>\n<div id=\"attachment_380946\" class=\"wp-caption alignnone style=\" max-width:=\"\"><img data-recalc-dims=\"1\" fetchpriority=\"high\" decoding=\"async\" class=\"alignnone wp-image-380946 size-full\" src=\"https:\/\/i0.wp.com\/forbes.com.br\/wp-content\/uploads\/2021\/02\/carreira_nuvem_24022021_LaurenceDutton_getty-768x512.jpg?resize=678%2C452&#038;ssl=1\" http:=\"\" alt=\"Laurence Dutton\/Getty Images\" width=\"678\" height=\"452\" data-lazy-src=\"https:\/\/forbes.com.br\/wp-content\/uploads\/2021\/02\/carreira_nuvem_24022021_LaurenceDutton_getty-768x512.jpg\"\/><img data-recalc-dims=\"1\" fetchpriority=\"high\" decoding=\"async\" class=\"alignnone wp-image-380946 size-full\" src=\"https:\/\/i0.wp.com\/forbes.com.br\/wp-content\/uploads\/2021\/02\/carreira_nuvem_24022021_LaurenceDutton_getty-768x512.jpg?resize=678%2C452&#038;ssl=1\" alt=\"Laurence Dutton\/Getty Images\" width=\"678\" height=\"452\"\/><\/p>\n<p>Laurence Dutton\/Getty Images<\/p><div class='code-block code-block-8' style='margin: 8px auto; text-align: center; display: block; clear: both;'>\n<script>\n  atOptions = {\n    'key' : '66e2e2111ca34da796271819fc334058',\n    'format' : 'iframe',\n    'height' : 250,\n    'width' : 300,\n    'params' : {}\n  };\n<\/script>\n<script src=\"https:\/\/www.highperformanceformat.com\/66e2e2111ca34da796271819fc334058\/invoke.js\"><\/script>\n<\/div>\n\n<p class=\"wp-caption-text\">Embora a \u00e1rea continue sendo dominada por homens, que ainda ocupam 80% dos cargos em ciberseguran\u00e7a, a participa\u00e7\u00e3o das brasileiras foi a que mais cresceu no mundo, com um aumento de 4,45% no per\u00edodo<\/p>\n<\/div>\n<div class=\"accessibility\">\n<p>Acessibilidade<\/p>\n<p>\n<button onclick=\"alterFont1()\" id=\"btn1\" class=\"btn\">L<\/button><br \/>\n<button onclick=\"alterFont2()\" id=\"btn2\" class=\"btn\" style=\"font-family: Merriweather\">L<\/button><br \/>\n<button onclick=\"alterFontSmallerSize()\" id=\"btn3\" class=\"btn\">A-<\/button><br \/>\n<button onclick=\"alterFontBiggerSize()\" id=\"btn4\" class=\"btn\">A+<\/button><\/p>\n<p><button onclick=\"alterBackground()\" id=\"btn6\" class=\"btn\">\u25d0<\/button><\/p>\n<\/div>\n<p>O Brasil ficou entre os tr\u00eas principais pa\u00edses do mundo em <strong>aumento nos cargos de ciberseguran\u00e7a<\/strong>. A constata\u00e7\u00e3o \u00e9 do estudo <strong>LinkedIn Economic Graph<\/strong>, levantamento da rede que considerou o per\u00edodo de maio de 2023 a maio de 2024 e identificou uma <strong>alta de 4,7% nas contrata\u00e7\u00f5es em cargos da \u00e1rea<\/strong>, deixando o Brasil atr\u00e1s apenas da Alemanha, onde o crescimento foi de 4,7%, e da Espanha, onde a alta foi de 5,5%.<\/p>\n<p>De acordo com o estudo, se todos os profissionais brasileiros com habilidades ou certifica\u00e7\u00f5es em ciberseguran\u00e7a estivessem trabalhando na \u00e1rea, o setor poderia potencialmente crescer 41,7%, suprindo uma parte significativa da demanda por especialistas.<\/p>\n<h2>Leia tamb\u00e9m<\/h2>\n<p>Embora a \u00e1rea continue sendo dominada por homens, que ainda ocupam 80% dos cargos em ciberseguran\u00e7a, <strong>a participa\u00e7\u00e3o das brasileiras foi a que mais cresceu no mundo, com um aumento de 4,45% no per\u00edodo<\/strong>, seguidas pelas polonesas, com 3,55%. <strong>Globalmente, as mulheres s\u00e3o menos de um ter\u00e7o da for\u00e7a de trabalho na \u00e1rea.<\/strong><\/p>\n<p>\u201c\u00c0 medida que as amea\u00e7as cibern\u00e9ticas continuam a crescer e se tornam ainda mais sofisticadas, a tend\u00eancia \u00e9 que cada vez mais empresas invistam em talentos para refor\u00e7ar suas defesas digitais. O crescimento acelerado do setor representa uma oportunidade significativa para profissionais atentos \u00e0s tend\u00eancias de mercado e setores em ascens\u00e3o\u201d, explica Milton Beck, Diretor Geral do LinkedIn para Am\u00e9rica Latina e \u00c1frica.<\/p>\n<p>O Brasil tamb\u00e9m lidera a lista de pa\u00edses onde a propor\u00e7\u00e3o de vagas em ciberseguran\u00e7a, em compara\u00e7\u00e3o com outros setores, cresceu na soma dos \u00faltimos quatro anos, atingindo 11,2%. No entanto, a propor\u00e7\u00e3o de an\u00fancio de novas vagas diminuiu 2,3% entre 2023 e 2024, assim como em quase todos os 14 pa\u00edses avaliados no relat\u00f3rio.<\/p>\n<p>A maior queda nas novas contrata\u00e7\u00f5es foi nos Estados Unidos, onde o n\u00famero de vagas diminuiu 5,3%. Por outro lado, o relat\u00f3rio mostrou destaques positivos como o crescimento na Espanha, onde houve um aumento de 5,4%, e no M\u00e9xico, que viu as contrata\u00e7\u00f5es crescerem 6,8% entre 2023 e 2024.<\/p>\n<p>\u201cDe 2016 a 2018, a seguran\u00e7a cibern\u00e9tica tornou-se uma quest\u00e3o mais cr\u00edtica no Brasil, com um aumento nos ataques locais e globais. O mercado de trabalho estava despreparado, com escassez de profissionais de seguran\u00e7a. Eu, por exemplo, retornei \u00e0 seguran\u00e7a na Accenture para liderar a equipe na Am\u00e9rica Latina, ap\u00f3s anos em gest\u00e3o e estrat\u00e9gia. Desde ent\u00e3o, a digitaliza\u00e7\u00e3o dos neg\u00f3cios acelerou, impulsionada pela pandemia e pela intelig\u00eancia artificial generativa. Em 2018, \u00e9ramos 20 profissionais em seguran\u00e7a na regi\u00e3o e hoje somos mais de mil, com mais de 500 no Brasil, formando novos profissionais e ajudando outros na transi\u00e7\u00e3o de carreira para atender \u00e0 demanda por m\u00e3o de obra qualificada\u201d, analisa Andr\u00e9 Fleury, l\u00edder de Ciberseguran\u00e7a da Accenture na Am\u00e9rica Latina.<\/p>\n<h2>Escolhas do editor<\/h2>\n<\/div>\n<p><script type=\"rocketlazyloadscript\">\n\t\t\t\t(function(d, s, id){\n\t\t\t\t\tvar js, fjs = d.getElementsByTagName(s)[0];\n\t\t\t\t\tif (d.getElementById(id)) return;\n\t\t\t\t\tjs = d.createElement(s); js.id = id;\n\t\t\t\t\tjs.src = \"\/\/connect.facebook.net\/pt_BR\/sdk.js#xfbml=1&version=v2.9\";\n\t\t\t\t\tfjs.parentNode.insertBefore(js, fjs);\n\t\t\t\t}(document, 'script', 'facebook-jssdk'));\n\t\t\t<\/script><br \/>\n<br \/><br \/>\n<br \/><a href=\"https:\/\/forbes.com.br\/manchete-2\/2024\/08\/entenda-por-que-cargos-de-ciberseguranca-explodiram-no-brasil-segundo-o-linkedin\/\">Source link <\/a><\/p>\n<div class='code-block code-block-4' style='margin: 8px auto 8px 0; text-align: left; display: block; clear: both;'>\n\ud83d\udce2 Aviso Legal\n\nO site ismaelcolosi.com.br atua apenas como um canal de divulga\u00e7\u00e3o de oportunidades de emprego e n\u00e3o se responsabiliza pelo processo seletivo, contrata\u00e7\u00e3o ou qualquer outra etapa relacionada \u00e0s vagas publicadas. Todas as informa\u00e7\u00f5es s\u00e3o de responsabilidade dos anunciantes.\n\n\u26a0\ufe0f Aten\u00e7\u00e3o! Nunca pague por promessas de emprego nem compre cursos que garantam contrata\u00e7\u00e3o. Desconfie de qualquer cobran\u00e7a para participar de sele\u00e7\u00f5es.\n\n\n\n<\/div>\n<!-- CONTENT END 1 -->\n","protected":false},"excerpt":{"rendered":"<p>Laurence Dutton\/Getty Images Embora a \u00e1rea continue sendo dominada por homens, que ainda ocupam 80% dos cargos em ciberseguran\u00e7a, a participa\u00e7\u00e3o das brasileiras foi a&#8230;<\/p>\n","protected":false},"author":1,"featured_media":59216,"comment_status":"open","ping_status":"open","sticky":false,"template":"","format":"standard","meta":{"_uag_custom_page_level_css":"","advanced_seo_description":"","jetpack_seo_html_title":"","jetpack_seo_noindex":false,"jetpack_post_was_ever_published":false,"_jetpack_newsletter_access":"","_jetpack_dont_email_post_to_subs":false,"_jetpack_newsletter_tier_id":0,"_jetpack_memberships_contains_paywalled_content":false,"_jetpack_memberships_contains_paid_content":false,"footnotes":"","jetpack_publicize_message":"","jetpack_publicize_feature_enabled":true,"jetpack_social_post_already_shared":true,"jetpack_social_options":{"image_generator_settings":{"template":"highway","default_image_id":0,"font":"","enabled":false},"version":2}},"categories":[1964],"tags":[],"class_list":["post-59215","post","type-post","status-publish","format-standard","has-post-thumbnail","hentry","category-carreira-e-sucesso-dicas-para-carreira"],"jetpack_publicize_connections":[],"jetpack_featured_media_url":"https:\/\/i0.wp.com\/ismaelcolosi.com.br\/wp-content\/uploads\/2024\/08\/5_carreira_TI_IA_05112020_LaurenceDutton_getty-1536x1024-1-1024x683.jpg?fit=1024%2C683&ssl=1","uagb_featured_image_src":{"full":["https:\/\/i0.wp.com\/ismaelcolosi.com.br\/wp-content\/uploads\/2024\/08\/5_carreira_TI_IA_05112020_LaurenceDutton_getty-1536x1024-1-1024x683.jpg?fit=1024%2C683&ssl=1",1024,683,false],"thumbnail":["https:\/\/i0.wp.com\/ismaelcolosi.com.br\/wp-content\/uploads\/2024\/08\/5_carreira_TI_IA_05112020_LaurenceDutton_getty-1536x1024-1-1024x683.jpg?resize=150%2C150&ssl=1",150,150,true],"medium":["https:\/\/i0.wp.com\/ismaelcolosi.com.br\/wp-content\/uploads\/2024\/08\/5_carreira_TI_IA_05112020_LaurenceDutton_getty-1536x1024-1-1024x683.jpg?fit=300%2C200&ssl=1",300,200,true],"medium_large":["https:\/\/i0.wp.com\/ismaelcolosi.com.br\/wp-content\/uploads\/2024\/08\/5_carreira_TI_IA_05112020_LaurenceDutton_getty-1536x1024-1-1024x683.jpg?fit=768%2C512&ssl=1",768,512,true],"large":["https:\/\/i0.wp.com\/ismaelcolosi.com.br\/wp-content\/uploads\/2024\/08\/5_carreira_TI_IA_05112020_LaurenceDutton_getty-1536x1024-1-1024x683.jpg?fit=1024%2C683&ssl=1",1024,683,true],"1536x1536":["https:\/\/i0.wp.com\/ismaelcolosi.com.br\/wp-content\/uploads\/2024\/08\/5_carreira_TI_IA_05112020_LaurenceDutton_getty-1536x1024-1-1024x683.jpg?fit=1024%2C683&ssl=1",1024,683,true],"2048x2048":["https:\/\/i0.wp.com\/ismaelcolosi.com.br\/wp-content\/uploads\/2024\/08\/5_carreira_TI_IA_05112020_LaurenceDutton_getty-1536x1024-1-1024x683.jpg?fit=1024%2C683&ssl=1",1024,683,true],"really-simple-thumb":["https:\/\/i0.wp.com\/ismaelcolosi.com.br\/wp-content\/uploads\/2024\/08\/5_carreira_TI_IA_05112020_LaurenceDutton_getty-1536x1024-1-1024x683.jpg?resize=370%2C247&ssl=1",370,247,true]},"uagb_author_info":{"display_name":"ismaelcolosi.com.br","author_link":"https:\/\/ismaelcolosi.com.br\/index.php\/author\/vidareal-online\/"},"uagb_comment_info":0,"uagb_excerpt":"Laurence Dutton\/Getty Images Embora a \u00e1rea continue sendo dominada por homens, que ainda ocupam 80% dos cargos em ciberseguran\u00e7a, a participa\u00e7\u00e3o das brasileiras foi a...","jetpack-related-posts":[{"id":59217,"url":"https:\/\/ismaelcolosi.com.br\/index.php\/2024\/08\/07\/entenda-por-que-cargos-de-ciberseguranca-explodiram-no-brasil-segundo-o-linkedin-2\/","url_meta":{"origin":59215,"position":0},"title":"Entenda por que cargos de ciberseguran\u00e7a explodiram no Brasil, segundo o LinkedIn","author":"ismaelcolosi.com.br","date":"7 de August de 2024","format":false,"excerpt":"Laurence Dutton\/Getty ImagesEmbora a \u00e1rea continue sendo dominada por homens, que ainda ocupam 80% dos cargos em ciberseguran\u00e7a, a participa\u00e7\u00e3o das brasileiras foi a que mais cresceu no mundo, com um aumento de 4,45% no per\u00edodo Acessibilidade L L A- A+ \u25d0 O Brasil ficou entre os tr\u00eas principais pa\u00edses\u2026","rel":"","context":"In &quot;Carreira e Sucesso&quot;","block_context":{"text":"Carreira e Sucesso","link":"https:\/\/ismaelcolosi.com.br\/index.php\/category\/carreira-e-sucesso-dicas-para-carreira\/"},"img":{"alt_text":"","src":"https:\/\/i0.wp.com\/ismaelcolosi.com.br\/wp-content\/uploads\/2024\/08\/1723024586_5_carreira_TI_IA_05112020_LaurenceDutton_getty-1536x1024-1-1024x683.jpg?fit=1024%2C683&ssl=1&resize=350%2C200","width":350,"height":200,"srcset":"https:\/\/i0.wp.com\/ismaelcolosi.com.br\/wp-content\/uploads\/2024\/08\/1723024586_5_carreira_TI_IA_05112020_LaurenceDutton_getty-1536x1024-1-1024x683.jpg?fit=1024%2C683&ssl=1&resize=350%2C200 1x, https:\/\/i0.wp.com\/ismaelcolosi.com.br\/wp-content\/uploads\/2024\/08\/1723024586_5_carreira_TI_IA_05112020_LaurenceDutton_getty-1536x1024-1-1024x683.jpg?fit=1024%2C683&ssl=1&resize=525%2C300 1.5x, https:\/\/i0.wp.com\/ismaelcolosi.com.br\/wp-content\/uploads\/2024\/08\/1723024586_5_carreira_TI_IA_05112020_LaurenceDutton_getty-1536x1024-1-1024x683.jpg?fit=1024%2C683&ssl=1&resize=700%2C400 2x"},"classes":[]},{"id":85602,"url":"https:\/\/ismaelcolosi.com.br\/index.php\/2025\/05\/22\/pesquisa-revela-os-10-cargos-que-mais-crescem-em-6-capitais-brasileiras-veja-lista-2\/","url_meta":{"origin":59215,"position":1},"title":"Pesquisa revela os 10 cargos que mais crescem em 6 capitais brasileiras; veja lista","author":"ismaelcolosi.com.br","date":"22 de May de 2025","format":false,"excerpt":"Uma pesquisa realizada pelo LinkedIn listou os empregos que mais crescem em 2025 em seis capitais brasileiras. O ranking exibe os dez principais cargos para as cidades de S\u00e3o Paulo, Rio de Janeiro, Belo Horizonte, Curitiba, Bras\u00edlia e Salvador. Para o levantamento, pesquisadores da plataforma analisaram milh\u00f5es de vagas ocupadas\u2026","rel":"","context":"In &quot;Empregos - Classificados&quot;","block_context":{"text":"Empregos - Classificados","link":"https:\/\/ismaelcolosi.com.br\/index.php\/category\/empregos-classificados-vagas-trabalho\/"},"img":{"alt_text":"","src":"","width":0,"height":0},"classes":[]},{"id":82460,"url":"https:\/\/ismaelcolosi.com.br\/index.php\/2025\/01\/31\/pesquisa-revela-os-10-cargos-que-mais-crescem-em-6-capitais-brasileiras-veja-lista\/","url_meta":{"origin":59215,"position":2},"title":"Pesquisa revela os 10 cargos que mais crescem em 6 capitais brasileiras; veja lista","author":"ismaelcolosi.com.br","date":"31 de January de 2025","format":false,"excerpt":"Da reda\u00e7\u00e3oi Da reda\u00e7\u00e3o 31\/01\/2025 - 12:47 Uma pesquisa realizada pelo LinkedIn listou os empregos que mais crescem em 2025 em seis capitais brasileiras. O ranking exibe os dez principais cargos para as cidades de S\u00e3o Paulo, Rio de Janeiro, Belo Horizonte, Curitiba, Bras\u00edlia e Salvador.Para o levantamento, pesquisadores da\u2026","rel":"","context":"In &quot;Empregos - Classificados&quot;","block_context":{"text":"Empregos - Classificados","link":"https:\/\/ismaelcolosi.com.br\/index.php\/category\/empregos-classificados-vagas-trabalho\/"},"img":{"alt_text":"","src":"https:\/\/i0.wp.com\/ismaelcolosi.com.br\/wp-content\/uploads\/2025\/01\/carteira-de-trabalho-digital-mcamgo-abr-240620211818.jpg?fit=746%2C497&ssl=1&resize=350%2C200","width":350,"height":200,"srcset":"https:\/\/i0.wp.com\/ismaelcolosi.com.br\/wp-content\/uploads\/2025\/01\/carteira-de-trabalho-digital-mcamgo-abr-240620211818.jpg?fit=746%2C497&ssl=1&resize=350%2C200 1x, https:\/\/i0.wp.com\/ismaelcolosi.com.br\/wp-content\/uploads\/2025\/01\/carteira-de-trabalho-digital-mcamgo-abr-240620211818.jpg?fit=746%2C497&ssl=1&resize=525%2C300 1.5x, https:\/\/i0.wp.com\/ismaelcolosi.com.br\/wp-content\/uploads\/2025\/01\/carteira-de-trabalho-digital-mcamgo-abr-240620211818.jpg?fit=746%2C497&ssl=1&resize=700%2C400 2x"},"classes":[]},{"id":21779,"url":"https:\/\/ismaelcolosi.com.br\/index.php\/2023\/12\/28\/politica-nacional-de-ciberseguranca-ja-esta-vigorando-no-brasil\/","url_meta":{"origin":59215,"position":3},"title":"Pol\u00edtica Nacional de Ciberseguran\u00e7a j\u00e1 est\u00e1 vigorando no Brasil\u00a0","author":"ismaelcolosi.com.br","date":"28 de December de 2023","format":false,"excerpt":"28 de dezembro de 2023 | 13:0028 de dezembro de 2023 | 8:54 0Decreto presidencial publicado no Di\u00e1rio Oficial da Uni\u00e3o desta quarta-feira (27) institui a Pol\u00edtica Nacional de Ciberseguran\u00e7a (PNCiber), que ter\u00e1 como finalidade orientar a atividade de seguran\u00e7a cibern\u00e9tica no pa\u00eds.\u00a0O decreto, assinado pelo presidente Luiz In\u00e1cio Lula\u2026","rel":"","context":"In &quot;Not\u00edcias de Ribeir\u00e3o Preto-SP e Regi\u00e3o&quot;","block_context":{"text":"Not\u00edcias de Ribeir\u00e3o Preto-SP e Regi\u00e3o","link":"https:\/\/ismaelcolosi.com.br\/index.php\/category\/noticias-de-ribeirao-preto-sp-e-regiao-ismael-colosi\/"},"img":{"alt_text":"","src":"https:\/\/i0.wp.com\/ismaelcolosi.com.br\/wp-content\/uploads\/2023\/12\/2cciberdefesa-elza-fiuza-scaled.jpg?fit=1000%2C598&ssl=1&resize=350%2C200","width":350,"height":200,"srcset":"https:\/\/i0.wp.com\/ismaelcolosi.com.br\/wp-content\/uploads\/2023\/12\/2cciberdefesa-elza-fiuza-scaled.jpg?fit=1000%2C598&ssl=1&resize=350%2C200 1x, https:\/\/i0.wp.com\/ismaelcolosi.com.br\/wp-content\/uploads\/2023\/12\/2cciberdefesa-elza-fiuza-scaled.jpg?fit=1000%2C598&ssl=1&resize=525%2C300 1.5x, https:\/\/i0.wp.com\/ismaelcolosi.com.br\/wp-content\/uploads\/2023\/12\/2cciberdefesa-elza-fiuza-scaled.jpg?fit=1000%2C598&ssl=1&resize=700%2C400 2x"},"classes":[]},{"id":76846,"url":"https:\/\/ismaelcolosi.com.br\/index.php\/2024\/11\/18\/ciberseguranca-o-que-e-como-ingressar-e-tudo-o-que-precisa-saber\/","url_meta":{"origin":59215,"position":4},"title":"Ciberseguran\u00e7a: o que \u00e9, como ingressar e tudo o que precisa saber","author":"ismaelcolosi.com.br","date":"18 de November de 2024","format":false,"excerpt":"Em um mundo cada vez mais digital, a ciberseguran\u00e7a se tornou essencial para\u00a0proteger dados e sistemas\u00a0contra amea\u00e7as cibern\u00e9ticas. Mas o que \u00e9 ciberseguran\u00e7a? Trata-se de um conjunto de pr\u00e1ticas e [\u2026] O post Ciberseguran\u00e7a: o que \u00e9, como ingressar e tudo o que precisa saber apareceu primeiro em Carreira &\u2026","rel":"","context":"In &quot;Carreira e Sucesso&quot;","block_context":{"text":"Carreira e Sucesso","link":"https:\/\/ismaelcolosi.com.br\/index.php\/category\/carreira-e-sucesso-dicas-para-carreira\/"},"img":{"alt_text":"","src":"","width":0,"height":0},"classes":[]},{"id":81740,"url":"https:\/\/ismaelcolosi.com.br\/index.php\/2025\/01\/15\/linkedin-lista-as-25-profissoes-que-mais-crescem-no-brasil\/","url_meta":{"origin":59215,"position":5},"title":"LinkedIn lista as 25 profiss\u00f5es que mais crescem no Brasil","author":"ismaelcolosi.com.br","date":"15 de January de 2025","format":false,"excerpt":"\r Getty Images\r O cargo de Chief Revenue Officer, ou diretor de receita, foi o que apresentou maior crescimento no Brasil nos \u00faltimos tr\u00eas anos, segundo o LinkedIn\r \u00a0 Acessibilidade \r L\r L\r A-\r A+\r \r \u25d0\r \r O mercado de trabalho passa por uma velocidade de transforma\u00e7\u00f5es sem precedentes,\u2026","rel":"","context":"In &quot;Carreira e Sucesso&quot;","block_context":{"text":"Carreira e Sucesso","link":"https:\/\/ismaelcolosi.com.br\/index.php\/category\/carreira-e-sucesso-dicas-para-carreira\/"},"img":{"alt_text":"","src":"https:\/\/i0.wp.com\/ismaelcolosi.com.br\/wp-content\/uploads\/2025\/01\/carreira-trabalho-mercado-financeiro-1200x675.jpg?fit=1200%2C675&ssl=1&resize=350%2C200","width":350,"height":200,"srcset":"https:\/\/i0.wp.com\/ismaelcolosi.com.br\/wp-content\/uploads\/2025\/01\/carreira-trabalho-mercado-financeiro-1200x675.jpg?fit=1200%2C675&ssl=1&resize=350%2C200 1x, https:\/\/i0.wp.com\/ismaelcolosi.com.br\/wp-content\/uploads\/2025\/01\/carreira-trabalho-mercado-financeiro-1200x675.jpg?fit=1200%2C675&ssl=1&resize=525%2C300 1.5x, https:\/\/i0.wp.com\/ismaelcolosi.com.br\/wp-content\/uploads\/2025\/01\/carreira-trabalho-mercado-financeiro-1200x675.jpg?fit=1200%2C675&ssl=1&resize=700%2C400 2x, https:\/\/i0.wp.com\/ismaelcolosi.com.br\/wp-content\/uploads\/2025\/01\/carreira-trabalho-mercado-financeiro-1200x675.jpg?fit=1200%2C675&ssl=1&resize=1050%2C600 3x"},"classes":[]}],"jetpack_sharing_enabled":true,"jetpack_shortlink":"https:\/\/wp.me\/pfMlyK-fp5","_links":{"self":[{"href":"https:\/\/ismaelcolosi.com.br\/index.php\/wp-json\/wp\/v2\/posts\/59215","targetHints":{"allow":["GET"]}}],"collection":[{"href":"https:\/\/ismaelcolosi.com.br\/index.php\/wp-json\/wp\/v2\/posts"}],"about":[{"href":"https:\/\/ismaelcolosi.com.br\/index.php\/wp-json\/wp\/v2\/types\/post"}],"author":[{"embeddable":true,"href":"https:\/\/ismaelcolosi.com.br\/index.php\/wp-json\/wp\/v2\/users\/1"}],"replies":[{"embeddable":true,"href":"https:\/\/ismaelcolosi.com.br\/index.php\/wp-json\/wp\/v2\/comments?post=59215"}],"version-history":[{"count":0,"href":"https:\/\/ismaelcolosi.com.br\/index.php\/wp-json\/wp\/v2\/posts\/59215\/revisions"}],"wp:featuredmedia":[{"embeddable":true,"href":"https:\/\/ismaelcolosi.com.br\/index.php\/wp-json\/wp\/v2\/media\/59216"}],"wp:attachment":[{"href":"https:\/\/ismaelcolosi.com.br\/index.php\/wp-json\/wp\/v2\/media?parent=59215"}],"wp:term":[{"taxonomy":"category","embeddable":true,"href":"https:\/\/ismaelcolosi.com.br\/index.php\/wp-json\/wp\/v2\/categories?post=59215"},{"taxonomy":"post_tag","embeddable":true,"href":"https:\/\/ismaelcolosi.com.br\/index.php\/wp-json\/wp\/v2\/tags?post=59215"}],"curies":[{"name":"wp","href":"https:\/\/api.w.org\/{rel}","templated":true}]}}