{"id":59213,"date":"2024-08-07T06:39:52","date_gmt":"2024-08-07T09:39:52","guid":{"rendered":"https:\/\/ismaelcolosi.com.br\/index.php\/2024\/08\/07\/confira-a-programacao-da-feira-do-livro-de-ribeirao-preto-nesta-quarta-feira\/"},"modified":"2024-08-07T06:39:52","modified_gmt":"2024-08-07T09:39:52","slug":"confira-a-programacao-da-feira-do-livro-de-ribeirao-preto-nesta-quarta-feira","status":"publish","type":"post","link":"https:\/\/ismaelcolosi.com.br\/index.php\/2024\/08\/07\/confira-a-programacao-da-feira-do-livro-de-ribeirao-preto-nesta-quarta-feira\/","title":{"rendered":"Confira a programa\u00e7\u00e3o da Feira do Livro de Ribeir\u00e3o Preto nesta quarta-feira"},"content":{"rendered":"<p> <br \/>\n<\/p>\n<div>\n<p>A <strong>23\u00aa Feira Internacional do Livro de Ribeir\u00e3o Preto<\/strong> completa uma semana de atividades no <strong>Centro<\/strong> de <strong>Ribeir\u00e3o Preto<\/strong>. A <strong>quarta-feira (7)<\/strong> ser\u00e1 marcada com a presen\u00e7a de Jacque Falcheti e Roberta Estrela D\u2019Alva<\/p>\n<p>O tema central da\u00a0<strong>Feira<\/strong>\u00a0este ano \u00e9: \u201c<strong>Cotidianos po\u00e9ticos: Do \u00e9pico de Cam\u00f5es \u00e0s batalhas de rua<\/strong>\u201d. Cinco autores s\u00e3o homenageados: eles Ferreira Gullar, Carlos de Assump\u00e7\u00e3o, Perce Polegatto, Sueli Carneiro e Jana\u00edna Tokitaka. O secret\u00e1rio estadual de Desenvolvimento Econ\u00f4mico, Jorge Lima, \u00e9 o patrono do evento.<\/p>\n<h4 class=\"wp-block-heading\"><strong>Confira a programa\u00e7\u00e3o da Feira do Livro nesta quarta-feira:<\/strong><\/h4>\n<p><strong>8h: <\/strong><strong>Roda de Conversa \u00b7 Pr\u00e1ticas integrativas e promo\u00e7\u00e3o de sa\u00fade<\/strong> <strong>\u2013 <\/strong>Atividade realizada pela Secretaria Municipal da Sa\u00fade<br \/><strong>Local:\u00a0<\/strong>Estande da Prefeitura de Ribeir\u00e3o Preto \u00b7 Pra\u00e7a XV de Novembro<\/p>\n<p><strong>8h30 | 10h:\u00a0<\/strong><strong>Conta\u00e7\u00e3o de Hist\u00f3ria: Esses viajantes e suas historietas com Badai\u00e1 Arte \u2013 <\/strong>A atividade conduz os espectadores para uma encantadora viagem de celebra\u00e7\u00e3o das ra\u00edzes culturais do Brasil. Narrativas ancestrais, mitos, lendas e causos regionais alinhavam o espet\u00e1culo.<br \/><strong>Local:\u00a0<\/strong>Espa\u00e7o Ambient de Leitura \u00b7 Esplanada Theatro Pedro II<\/p>\n<p><strong>8h30 | 10h:\u00a0<\/strong>Bate-papo: <strong>Universidades p\u00fablicas e sujeitos perif\u00e9ricos com Hariff Barbosa \u2013 <\/strong>Um encontro com informa\u00e7\u00f5es sobre os meios de ingresso no ensino superior, p\u00fablico ou privado. Os programas SISU, PROUNI e FIES ser\u00e3o discutidos pela psic\u00f3loga e orientadora vocacional.<br \/><strong>Local:\u00a0<\/strong>CUFA \u2013 Espa\u00e7o Favela \u00b7 Coreto \u2013 Pra\u00e7a XV de Novembro<\/p>\n<p><strong>9h:\u00a0<\/strong><strong>Jogos e brincadeiras musicais<\/strong> <strong>\u2013 <\/strong>Atividade realizada pela Secretaria Municipal da Educa\u00e7\u00e3o.<br \/><strong>Local:\u00a0<\/strong>Estande da Prefeitura de Ribeir\u00e3o Preto \u00b7 Pra\u00e7a XV de Novembro<\/p>\n<p><strong>9h30: <\/strong><strong>Roda de Conversa: Dum, o pequeno aprendiz e a magia da Literatura infantil com Augusto Sarvam e Maria Luiza de Paiva Diniz<\/strong> <strong>\u2013 <\/strong>A proposta \u00e9 discutir a import\u00e2ncia do incentivo \u00e0 leitura e os recursos que podem ser utilizados nesse processo a partir do ensino infantil.<br \/><strong>Local:\u00a0<\/strong>Centro Cultural Palace \u00b7 Audit\u00f3rio Pedro Paulo da Silva<\/p>\n<p><strong>10h:\u00a0<\/strong><strong>Visita Mediada \u2013 <\/strong>Atividade guiada por monitores que contam a hist\u00f3ria do antigo palacete da era cafeeira.<br \/><strong>Local:\u00a0<\/strong>Biblioteca Sinh\u00e1 Junqueira<\/p>\n<p><strong>10h | 14h:\u00a0<\/strong><strong>Sesc na FIL \u00b7 Oficina: Marca p\u00e1gina com \u00edm\u00e3 com A\u00ed Tem Coisa- <\/strong>L\u00fadica e divertida, a oficina une leitura com artesanato criativo ao ensinar o passo a passo da confec\u00e7\u00e3o de \u00edm\u00e3s para servirem de marca p\u00e1ginas.<br \/><strong>Local:\u00a0<\/strong>Tenda Sesc \u00b7 Esplanada Theatro Pedro II<\/p>\n<p><strong>10h:\u00a0<\/strong><strong>Sesc na FIL \u00b7 Conta\u00e7\u00e3o de Hist\u00f3ria: Contos e m\u00fasicas origin\u00e1rias com An\u00e9lita Nu\u00f1ez e Jeff Neferkturu \u2013 <\/strong>Juntos, a cantora e compositora guarani e o m\u00fasico multi-instrumentista divertem e encantam crian\u00e7as e adultos com hist\u00f3rias e can\u00e7\u00f5es tradicionais dos povos origin\u00e1rios.<br \/><strong>Local:\u00a0<\/strong>Tenda Sesc \u00b7 Esplanada Theatro Pedro II<\/p>\n<p><strong>10h:\u00a0<\/strong><strong>Oficina: Confec\u00e7\u00e3o de brinquedos com<\/strong> <strong>recicl\u00e1veis com Centro Ann Sullivan do Brasil \u2013 RP<\/strong> <strong>\u2013 <\/strong>A projeto Posso Aprender, Posso Ensinar promove a conscientiza\u00e7\u00e3o ambiental, ensinando a import\u00e2ncia da reciclagem e favorecendo a intera\u00e7\u00e3o entre os participantes atrav\u00e9s de atividades que estimulam a criatividade.<br \/><strong>Local:\u00a0<\/strong>Estande Diversidade \u00b7 Pra\u00e7a XV de Novembro<\/p>\n<p><strong>10h20:\u00a0<\/strong><strong>Oficina Senac \u00b7 Fotografando com celular: um olhar sobre o \u00f3bvio<\/strong> \u00a0<strong>\u2013 <\/strong>A oficina de fotografia com smartphone, orientada por professores do Senac, capacita os participantes a explorarem o potencial de suas c\u00e2meras m\u00f3veis, com dicas para capturar imagens de alta qualidade, transformando a maneira como os participantes utilizam seus smartphones para a fotografia.<br \/><strong>Local:\u00a0<\/strong>Estande Senac \u00b7 Pra\u00e7a XV de Novembro<\/p>\n<p><strong>10h30 | 15h:\u00a0<\/strong><strong>Sesc na FIL \u00b7 Hist\u00f3rias de Terrir com Cia Malas Portam<\/strong> <strong>\u2013 <\/strong>Aventuras envolvendo temas como medo do escuro, coragem e ast\u00facia s\u00e3o apresentadas a partir de quatro hist\u00f3rias infantis: \u201cO Ursinho Apavorado\u201d, \u201cA Madrinha Morte\u201d (adapta\u00e7\u00e3o da obra dos Irm\u00e3os Grimm), \u201cJo\u00e3o sem Medo\u201d (conto popular brasileiro) e \u201cPequenininha\u201d (conto popular ingl\u00eas). Para p\u00fablico de todas as idades.<br \/><strong>Local:\u00a0<\/strong>Tenda Sesc \u00b7 Esplanada Theatro Pedro II<\/p>\n<p><strong>10h30:\u00a0<\/strong><strong>Conta\u00e7\u00e3o de Hist\u00f3ria: Tio Edu! Contando hist\u00f3rias, eternizando amigos<\/strong> <strong>\u2013 <\/strong>Incentivar as crian\u00e7as a descobrirem o prazer da leitura \u00e9 o foco desta atividade. Com mais de 25 anos de experi\u00eancia com o p\u00fablico infantil, o ator e educador Eduardo Pretel assume o personagem Tio Edu, que leva a crian\u00e7ada a uma m\u00e1gica jornada por meio da literatura e da imagina\u00e7\u00e3o.<br \/><strong>Local:\u00a0<\/strong>Espa\u00e7o Usina do Saber \u00b7 Pra\u00e7a XV de Novembro<\/p>\n<p><strong>10h40:\u00a0<\/strong><strong>Oficina: Atividade de percuss\u00e3o corporal Projeto Posso Aprender, Posso Ensinar \u00b7 com Centro Ann Sallivan do Brasil \u2013 RP<\/strong> <strong>\u2013 <\/strong>A atividade trabalha o movimento corporal, contribuindo para o desenvolvimento da coordena\u00e7\u00e3o motora e o aprimoramento de habilidades r\u00edtmicas e aten\u00e7\u00e3o<br \/><strong>Local:\u00a0<\/strong>Estande Diversidade \u00b7 Pra\u00e7a XV de Novembro<\/p>\n<p><strong>11h | 13h:\u00a0<\/strong><strong>Sesc na FIL \u00b7 Interven\u00e7\u00e3o: Psiu! Com PsiulCria, Fibs e convidados \u2013 <\/strong>A atividade convida os visitantes a enxergarem a poesia ao seu redor. A poesia que anda, atravessa e se extrapola para chegar at\u00e9 cada pessoa que passa pela Pra\u00e7a XV de Novembro. As rimas e melodias das poesias apresentadas trazem temas cotidianos, sendo algumas criadas no momento da interven\u00e7\u00e3o.<br \/><strong>Local:\u00a0<\/strong>Esplanada Theatro Pedro II<\/p>\n<p><strong>11h:\u00a0<\/strong><strong>Roda de Conversa: Atendimento odontol\u00f3gico do beb\u00ea<\/strong> <strong>\u2013 <\/strong>Atividade realizade pela Secretaria Municipal da Sa\u00fade.<br \/><strong>Local:\u00a0<\/strong>Estande da Prefeitura de Ribeir\u00e3o Preto \u00b7 Pra\u00e7a XV de Novembro<\/p>\n<p><strong>12h:\u00a0<\/strong><strong>Caterp: Central de Servi\u00e7os<\/strong> <strong>\u2013 <\/strong>Orienta\u00e7\u00f5es sobre os sevi\u00e7os oferecidos pelo Caterp (Centro de Apoio ao Trabalhador Empreendedor de Ribeir\u00e3o Preto): PAT (Intermedia\u00e7\u00e3o de Vagas e M\u00e3o de Obra, Entrada no Seguro Desemprego e Carteira de Trabalho Digital), PEI (Inser\u00e7\u00e3o da pessoa com defici\u00eancia no mercado de trabalho e Apoio Perman\u00eancia), SEBRAE Aqui (formaliza\u00e7\u00e3o, regulariza\u00e7\u00e3o, direitos e deveres do MEI) e Inclus\u00e3o Produtiva (cursos de capacita\u00e7\u00e3o gratuitos). Atividade realizada pela Secretaria Municipal da Inova\u00e7\u00e3o e Desenvolvimento.<br \/><strong>Local:\u00a0<\/strong>Estande da Prefeitura de Ribeir\u00e3o Preto \u00b7 Pra\u00e7a XV de Novembro<\/p>\n<p><strong>12h:\u00a0<\/strong><strong>Sesc na FIL \u00b7 Sarau Encontr\u00e3o Po\u00e9tico \u2013 Poesia resist\u00eancia e afeto \u2013 <\/strong>O p\u00fablico \u00e9 convidado a participar deste espa\u00e7o de livre manifesta\u00e7\u00e3o po\u00e9tica. Vale declama\u00e7\u00e3o de poemas autorais ou n\u00e3o. O importante \u00e9 ningu\u00e9m ficar sem poesia.<br \/><strong>Local:\u00a0<\/strong>Tenda Sesc \u00b7 Esplanada Theatro Pedro II<\/p>\n<p><strong>14h:\u00a0<\/strong><strong>Oficina: Audiovisual e social media com Murilo Estrela<\/strong> <strong>\u2013 <\/strong>O influenciador ribeir\u00e3o-pretano compartilha informa\u00e7\u00f5es sobre audiovisual e social media atrav\u00e9s de din\u00e2micas criativas, descontra\u00eddas e cr\u00edticas.<br \/><strong>Local:\u00a0<\/strong>CUFA \u2013 Espa\u00e7o Favela \u00b7 Coreto \u2013 Pra\u00e7a XV de Novembro<\/p>\n<p><strong>14h:\u00a0<\/strong><strong>Estatuto do Idoso em Cena: rumo \u00e0s batalhas pela garantia dos direitos na sociedade atual<\/strong> <strong>\u2013 <\/strong>Atividade realizada pela Secretaria Municipal da Assist\u00eancia Social. <strong>Local:\u00a0<\/strong>Estande da Prefeitura de Ribeir\u00e3o Preto \u00b7 Pra\u00e7a XV de Novembro<\/p>\n<p><strong>14h:\u00a0<\/strong><strong>Oficinas Liter\u00e1rias \u2013 Instituto do Livro<\/strong> <strong>\u2013 <\/strong>Projeto de est\u00edmulo \u00e0 escrita e forma\u00e7\u00e3o de novos autores e leitores, promovendo a integra\u00e7\u00e3o dos participantes com artes visuais, dramaturgia e dan\u00e7a.<br \/><strong>Local:\u00a0<\/strong>Biblioteca Sinh\u00e1 Junqueira \u00b7 Sala Casar\u00e3o<\/p>\n<p><strong>14h30:\u00a0<\/strong><strong>Oficina Senac \u00b7 Horta caseira<\/strong> <strong>\u2013 <\/strong>A oficina ensinar\u00e1 a produ\u00e7\u00e3o do pr\u00f3prio alimento, abordando desde a montagem do substrato adequado para o plantio at\u00e9 a escolha do local ideal e das hortali\u00e7as. Os participantes aprender\u00e3o sobre a necessidade de luz e irriga\u00e7\u00e3o, o ciclo das hortali\u00e7as e a colheita, capacitando-os a cultivar com sucesso seus pr\u00f3prios alimentos em casa.<br \/><strong>Local:\u00a0<\/strong>Estande Senac \u00b7 Pra\u00e7a XV de Novembro<\/p>\n<p><strong>14h30:\u00a0<\/strong><strong>Conta\u00e7\u00e3o de Hist\u00f3ria: A pregui\u00e7a n\u00e3o mora mais aqui<\/strong> <strong>com M\u00e1rcia Aparecida Novato Souza, Silvane Stucchi e Renata Silveira Salviano de Paula \u2013 Funda\u00e7\u00e3o Logos\u00f3fica de Ribeir\u00e3o Preto<\/strong> <strong>\u2013 <\/strong>Baseada em livro hom\u00f4nimo, a atividade aborda o cansa\u00e7o e a procrastina\u00e7\u00e3o por meio da hist\u00f3ria de Pedro que encontra uma misteriosa caixa com uma geringon\u00e7a bastante curiosa dentro.<br \/><strong>Local:\u00a0<\/strong>Centro Cultural Palace \u00b7 Audit\u00f3rio Pedro Paulo da Silva<\/p>\n<p><strong>16h:\u00a0<\/strong><strong>Conta\u00e7\u00e3o de Hist\u00f3ria: A \u00e1rvore generosa com Fam\u00edlia Uir\u00e1 Mirim<\/strong> <strong>\u2013 <\/strong>Atividade centrada na educa\u00e7\u00e3o ambiental l\u00fadica, a conta\u00e7\u00e3o aborda os ciclos da vida e as possibilidades de rela\u00e7\u00f5es entre seres humanos e natureza a partir do amor incondicional de uma \u00e1rvore a um menino. Conduzida por can\u00e7\u00f5es da mem\u00f3ria da inf\u00e2ncia, a narrativa convida o p\u00fablico a importantes reflex\u00f5es ambientais.<br \/><strong>Local:\u00a0<\/strong>Espa\u00e7o Ambient de Leitura \u00b7 Esplanada Theatro Pedro II<\/p>\n<p><strong>14h30:\u00a0<\/strong><strong>Espet\u00e1culo: Madame M com Teatro de Riscos \u2013 <\/strong>O espet\u00e1culo infantojuvenil trata da invisibilidade de pessoas em situa\u00e7\u00e3o de rua, dos riscos e da luta para serem vistas, ouvidas e respeitadas. A pe\u00e7a \u00e9 contemplada pelo ProAC N\u00ba 07\/2023<br \/><strong>Local:\u00a0<\/strong>Teatro Municipal<\/p>\n<p><strong>14h30:\u00a0<\/strong><strong>Bate-papo: Educa\u00e7\u00e3o e leitura na primeira inf\u00e2ncia com Mozart Neves Ramos e Vasti Ferrari Marques<\/strong> <strong>\u2013 <\/strong>Com proposta interativa, o qu\u00edmico, educador e escritor Mozart Ramos e a pedagoga e gestora de Educa\u00e7\u00e3o P\u00fablica, Vast\u00ed Marques, debatem a import\u00e2ncia da educa\u00e7\u00e3o e da leitura na primeira inf\u00e2ncia para o desenvolvimento cognitivo, emocional e social das crian\u00e7as. Atividade realizada pelo IEA-RP\/USP.<br \/><strong>Local:\u00a0<\/strong>Biblioteca Sinh\u00e1 Junqueira \u00b7 Audit\u00f3rio<\/p>\n<p><strong>15h:\u00a0<\/strong><strong>Oficina de Composteiras \u00b7 IE Composta! Com Instituto Estre \u2013 <\/strong>Atividade realizada pela Secretaria Municipal do Meio Ambiente.<strong><br \/>Local:\u00a0<\/strong>Estande da Prefeitura de Ribeir\u00e3o Preto \u00b7 Pra\u00e7a XV de Novembro<\/p>\n<p><strong>15h:\u00a0<\/strong><strong>Conta\u00e7\u00e3o de Hist\u00f3ria: As Belas Hist\u00f3rias de Tokitaka com G. U. T. E \u2013 Grupo Urutau de Teatro Experimental \u2013 <\/strong>Espet\u00e1culo apresenta vers\u00e3o teatral de algumas hist\u00f3rias da escritora Janaina Tokitaka, autora infantojuvenil homenageada da 23\u00aa FIL.<br \/><strong>Local:\u00a0<\/strong>Espa\u00e7o Usina do Saber \u00b7 Pra\u00e7a XV de Novembro<\/p>\n<p><strong>16h:\u00a0<\/strong><strong>Oficina de placas sustent\u00e1veis: Economia Circular na Pr\u00e1tica com Instituto Estre \u2013 <\/strong>Atividade realizada pela Secretaria Municipal do Meio Ambiente.<br \/><strong>Local:\u00a0<\/strong>Estande da Prefeitura de Ribeir\u00e3o Preto \u00b7 Pra\u00e7a XV de Novembro<\/p>\n<p><strong>16h:\u00a0<\/strong><strong>Mesa Redonda Incubadora Cultural \u00b7 Debate: Presente e<\/strong> <strong>Futuro com Heloisa Martins Alves e Filomena Elaine Paiva Assolini<\/strong> <strong>media\u00e7\u00e3o de Camilo Andr\u00e9 M\u00e9rcio Xavier<\/strong><br \/><strong>Local:<\/strong> Centro Cultural Palace \u00b7 Audit\u00f3rio Pedro Paulo da Silva<\/p>\n<p><strong>16h: Mesa Redonda Incubadora Cultural \u00b7 Palestra: A viagem \u00e9pica de Cam\u00f5es pela poesia com Perce Polegato<\/strong> <strong>\u2013 <\/strong>Homenageado como autor ribeir\u00e3o-pretano nesta 23\u00aa FIL, Polegatto mapeia a produ\u00e7\u00e3o po\u00e9tica de Cam\u00f5es, estabelecendo pontes com a evolu\u00e7\u00e3o liter\u00e1ria portuguesa e brasileira.<br \/><strong>Local:\u00a0<\/strong>Centro Cultural Palace \u00b7 Audit\u00f3rio Pedro Paulo da Silva<\/p>\n<p><strong>16h:\u00a0<\/strong><strong>Roda de Conversa: Chega de r\u00f3tulos! Abaixo o capacitismo! Com Ribdown \u2013 <\/strong>Uma conversa sobre a constru\u00e7\u00e3o de sociedades mais inclusivas, abordando o preconceito a quem possui alguma defici\u00eancia f\u00edsica ou intelectual.<br \/><strong>Local:\u00a0<\/strong>Estande Diversidade \u00b7 Pra\u00e7a XV de Novembro<\/p>\n<p><strong>17h:\u00a0<\/strong><strong>Sesc na FIL <\/strong>\u00b7<strong> Bate-papo: Loucura na civiliza\u00e7\u00e3o: uma hist\u00f3ria cultural da insanidade com Raquel Gouveia e Daniela Arbex media\u00e7\u00e3o de Andr\u00e9 Nader \u00a0\u2013 <\/strong>Debate fundamentado no livro do soci\u00f3logo Andrew Scull, que apresenta a loucura atrav\u00e9s dos tempos, revelando como os transtornos mentais sempre estiveram envoltos em estigma e rejei\u00e7\u00e3o, como se deu o surgimento e a institucionaliza\u00e7\u00e3o dos hosp\u00edcios e como as concep\u00e7\u00f5es de insanidade foram sendo constru\u00eddas para justificar o enclausuramento e o silenciamento dos socialmente indesejados.<br \/><strong>Local:\u00a0<\/strong>Tenda Sesc \u00b7 Esplanada Theatro Pedro II<\/p>\n<p><strong>19h:\u00a0<\/strong><strong>Sess\u00e3o Filosofia \u00b7 O que \u00e9 filosofar? Com Renato Janine Ribeiro media\u00e7\u00e3o de Felipe Ziotti Narita<\/strong> <strong>\u2013 <\/strong>O fil\u00f3sofo brasileiro encontra o p\u00fablico da FIL para uma troca a respeito de como nasce e o que siginifica a filosofia, como esse conceito destoa do senso comum e qual seu papel pr\u00e1tico ao lidar com a a\u00e7\u00e3o humana. Renato Janine Ribeiro \u00e9 professor de \u00c9tica e Filosofia Pol\u00edtica na USP, estudioso da teoria pol\u00edtica cl\u00e1ssica e da democracia atual. \u00c9 o atual presidente da SBPC (Sociedade Brasileira para o Progresso da Ci\u00eancia). Seu romance hist\u00f3rico \u201cA neve quente dos tr\u00f3picos\u201d sair\u00e1 este ano no Brasil pela Esta\u00e7\u00e3o Liberdade.<br \/><strong>Local:\u00a0<\/strong>Theatro Pedro II \u00b7 Audit\u00f3rio Meira J\u00fanior<\/p>\n<p><strong>19h:\u00a0<\/strong><strong>Roda de Conversa: Lugar de Escuta<\/strong> <strong>\u2013 <\/strong>Neste projeto idealizado por Fausto Neto, homens trocam experi\u00eancias sobre quest\u00f5es do universo masculino, buscando cultivar a masculinidade saud\u00e1vel por meio da escuta, do di\u00e1logo, da autoreflex\u00e3o e da valoriza\u00e7\u00e3o da diversidade<br \/><strong>Local:\u00a0<\/strong>Biblioteca Sinh\u00e1 Junqueira \u00b7 Espa\u00e7o Infantil<\/p>\n<p><strong>19h30:\u00a0Oficina Senac \u00b7 Imers\u00e3o fotogr\u00e1fica<\/strong> <strong>\u2013 <\/strong>A imers\u00e3o fotogr\u00e1fica oferece a chance de aprimorar habilidades em um est\u00fadio profissional, com acesso a equipamentos de ponta e instru\u00e7\u00f5es detalhadas sobre ilumina\u00e7\u00e3o e composi\u00e7\u00e3o. Orientada pelos professores de fotografia do Senac, a atividade permite vivenciar uma produ\u00e7\u00e3o real em est\u00fadio.<br \/><strong>Local:\u00a0<\/strong>Estande Senac \u00b7 Pra\u00e7a XV de Novembro<\/p>\n<p><strong>19h30:\u00a0<\/strong><strong>Sarau art\u00edstico-liter\u00e1rio dos cursos de Licenciatura do Centro Universit\u00e1rio Bar\u00e3o de Mau\u00e1<\/strong> <strong>\u2013 <\/strong>Alunos, professores e coordenadores apresentam declama\u00e7\u00f5es po\u00e9ticas, encena\u00e7\u00f5es teatrais e n\u00fameros musicais. Convite para o p\u00fablico se aproximar da literatura por meio de diferentes linguagens, relaxar, poetizar e se inspirar.<br \/><strong>Local:\u00a0<\/strong>Biblioteca Sinh\u00e1 Junqueira \u00b7 Quintal<\/p>\n<p><strong>20h30:\u00a0<\/strong><strong>Show: CRUA, lan\u00e7amento de livro e exposi\u00e7\u00e3o com Jacque Falcheti e participa\u00e7\u00e3o de Fernanda Marx<\/strong> <strong>\u2013 <\/strong>CRUA \u00e9 o projeto solo da cantora e compositora ribeir\u00e3o-pretana Jacque Falcheti, em um formato minimalista com voz e viol\u00e3o. Al\u00e9m do show, a artista lan\u00e7a o livro hom\u00f4nimo e a exposi\u00e7\u00e3o \u201cDi\u00e1rio de produ\u00e7\u00e3o \u2013 2 anos CRUA\u201d, produzida em parceria com Thain\u00e1 Rossati, produtora, fot\u00f3grafa e artista visual. A exposi\u00e7\u00e3o acontece na Biblioteca Sinh\u00e1 Junqueira. O trabalho mostra os bastidores de eventos nacionais e internacionais que Falcheti participou. A apresenta\u00e7\u00e3o ter\u00e1 participa\u00e7\u00e3o especial da jornalista, atriz e cantora, Fernanda Marx<br \/><strong>Local:\u00a0<\/strong>Espa\u00e7o Ambient de Leitura \u00b7 Esplanada Theatro Pedro II<\/p>\n<p><strong>20h30:\u00a0<\/strong><strong>Final SLAM 016 FIL com Roberta Estrela D\u2019Alva<\/strong> <strong>\u2013 <\/strong>A final da competi\u00e7\u00e3o de poesia falada reunir\u00e1 slammers da macrorregi\u00e3o de Ribeir\u00e3o Preto. O campeonato ganhou espa\u00e7o de destaque nesta edi\u00e7\u00e3o da FIL, realizado em parceria com o Instituto Abayomi de Direitos Humanos \u2013 Coletivo Abayomi. O encontro ter\u00e1 a participa\u00e7\u00e3o especial de Roberta Estrela D\u2019Alva, poeta, atriz, pesquisadora cultural e pioneira do movimento da poesia falada no Brasil, nome feminino central do slam brasileiro.<br \/><strong>Local:\u00a0<\/strong>Theatro Pedro II \u00b7 Sala Principal<\/p>\n<p>SAIBA MAIS<br \/>Show Ira! Folk chega este m\u00eas em Ribeir\u00e3o Preto; Ainda h\u00e1 ingressos<\/p>\n<h4 class=\"wp-block-heading\"><strong>FIQUE ON<\/strong><\/h4>\n<p>Fique ligado em tudo que acontece em Ribeir\u00e3o Preto e regi\u00e3o. Siga os perfis do <strong>acidade on <\/strong>no <a href=\"https:\/\/www.instagram.com\/acidadeonribeirao\" target=\"_blank\" rel=\"noreferrer noopener\">Instagram<\/a> e no <a href=\"https:\/\/www.facebook.com\/acidadeonribeirao\" target=\"_blank\" rel=\"noreferrer noopener\">Facebook<\/a>.<\/p>\n<p>Receba not\u00edcias do acidade on no WhatsApp. Para entrar no grupo, basta <a href=\"https:\/\/chat.whatsapp.com\/Dtv9mxhy6V5BJBotM2OQ5k\" target=\"_blank\" rel=\"noreferrer noopener\">clicar aqui<\/a>.<\/p>\n<p>Fa\u00e7a uma den\u00fancia ou sugira uma reportagem sobre Ribeir\u00e3o Preto e regi\u00e3o pelo WhatsApp: 16 99117 7802.<\/p>\n<p>VEJA TAMB\u00c9M<br \/>Que horas vai passar \u2018Alma G\u00eamea\u2019 hoje?<\/p>\n<p><!-- CONTENT END 1 -->\n<\/div>\n<p><script async src=\"\/\/www.instagram.com\/embed.js\"><\/script><br \/>\n<br \/><br \/>\n<br \/><a href=\"https:\/\/www.acidadeon.com\/ribeiraopreto\/lazer-e-cultura\/confira-a-programacao-da-feira-do-livro-de-ribeirao-preto-nesta-quarta-feira\/\">Source link <\/a><\/p>\n","protected":false},"excerpt":{"rendered":"<p>A 23\u00aa Feira Internacional do Livro de Ribeir\u00e3o Preto completa uma semana de atividades no Centro de Ribeir\u00e3o Preto. A quarta-feira (7) ser\u00e1 marcada com&#8230;<\/p>\n","protected":false},"author":1,"featured_media":59214,"comment_status":"open","ping_status":"open","sticky":false,"template":"","format":"standard","meta":{"_uag_custom_page_level_css":"","advanced_seo_description":"","jetpack_seo_html_title":"","jetpack_seo_noindex":false,"jetpack_post_was_ever_published":false,"_jetpack_newsletter_access":"","_jetpack_dont_email_post_to_subs":false,"_jetpack_newsletter_tier_id":0,"_jetpack_memberships_contains_paywalled_content":false,"_jetpack_memberships_contains_paid_content":false,"footnotes":"","jetpack_publicize_message":"","jetpack_publicize_feature_enabled":true,"jetpack_social_post_already_shared":true,"jetpack_social_options":{"image_generator_settings":{"template":"highway","default_image_id":0,"font":"","enabled":false},"version":2}},"categories":[11],"tags":[],"class_list":["post-59213","post","type-post","status-publish","format-standard","has-post-thumbnail","hentry","category-noticias-de-ribeirao-preto-sp-e-regiao-ismael-colosi"],"jetpack_publicize_connections":[],"jetpack_featured_media_url":"https:\/\/i0.wp.com\/ismaelcolosi.com.br\/wp-content\/uploads\/2024\/08\/a384ca67-ba2c-458d-b5bc-c1aa1591a44e_2024-08-06_16-06-42_jpg_2024-08-06_16-06-43.webp.webp?fit=990%2C660&ssl=1","uagb_featured_image_src":{"full":["https:\/\/i0.wp.com\/ismaelcolosi.com.br\/wp-content\/uploads\/2024\/08\/a384ca67-ba2c-458d-b5bc-c1aa1591a44e_2024-08-06_16-06-42_jpg_2024-08-06_16-06-43.webp.webp?fit=990%2C660&ssl=1",990,660,false],"thumbnail":["https:\/\/i0.wp.com\/ismaelcolosi.com.br\/wp-content\/uploads\/2024\/08\/a384ca67-ba2c-458d-b5bc-c1aa1591a44e_2024-08-06_16-06-42_jpg_2024-08-06_16-06-43.webp.webp?resize=150%2C150&ssl=1",150,150,true],"medium":["https:\/\/i0.wp.com\/ismaelcolosi.com.br\/wp-content\/uploads\/2024\/08\/a384ca67-ba2c-458d-b5bc-c1aa1591a44e_2024-08-06_16-06-42_jpg_2024-08-06_16-06-43.webp.webp?fit=300%2C200&ssl=1",300,200,true],"medium_large":["https:\/\/i0.wp.com\/ismaelcolosi.com.br\/wp-content\/uploads\/2024\/08\/a384ca67-ba2c-458d-b5bc-c1aa1591a44e_2024-08-06_16-06-42_jpg_2024-08-06_16-06-43.webp.webp?fit=768%2C512&ssl=1",768,512,true],"large":["https:\/\/i0.wp.com\/ismaelcolosi.com.br\/wp-content\/uploads\/2024\/08\/a384ca67-ba2c-458d-b5bc-c1aa1591a44e_2024-08-06_16-06-42_jpg_2024-08-06_16-06-43.webp.webp?fit=990%2C660&ssl=1",990,660,true],"1536x1536":["https:\/\/i0.wp.com\/ismaelcolosi.com.br\/wp-content\/uploads\/2024\/08\/a384ca67-ba2c-458d-b5bc-c1aa1591a44e_2024-08-06_16-06-42_jpg_2024-08-06_16-06-43.webp.webp?fit=990%2C660&ssl=1",990,660,true],"2048x2048":["https:\/\/i0.wp.com\/ismaelcolosi.com.br\/wp-content\/uploads\/2024\/08\/a384ca67-ba2c-458d-b5bc-c1aa1591a44e_2024-08-06_16-06-42_jpg_2024-08-06_16-06-43.webp.webp?fit=990%2C660&ssl=1",990,660,true],"really-simple-thumb":["https:\/\/i0.wp.com\/ismaelcolosi.com.br\/wp-content\/uploads\/2024\/08\/a384ca67-ba2c-458d-b5bc-c1aa1591a44e_2024-08-06_16-06-42_jpg_2024-08-06_16-06-43.webp.webp?resize=370%2C247&ssl=1",370,247,true]},"uagb_author_info":{"display_name":"ismaelcolosi.com.br","author_link":"https:\/\/ismaelcolosi.com.br\/index.php\/author\/vidareal-online\/"},"uagb_comment_info":0,"uagb_excerpt":"A 23\u00aa Feira Internacional do Livro de Ribeir\u00e3o Preto completa uma semana de atividades no Centro de Ribeir\u00e3o Preto. A quarta-feira (7) ser\u00e1 marcada com...","jetpack-related-posts":[{"id":55794,"url":"https:\/\/ismaelcolosi.com.br\/index.php\/2024\/07\/05\/confira-a-programacao-da-feira-internacional-do-livro-de-ribeirao-preto-2024\/","url_meta":{"origin":59213,"position":0},"title":"Confira a programa\u00e7\u00e3o da Feira Internacional do Livro de Ribeir\u00e3o Preto 2024","author":"ismaelcolosi.com.br","date":"5 de July de 2024","format":false,"excerpt":"A 23\u00aa edi\u00e7\u00e3o da FIL (Feira Internacional do Livro de Ribeir\u00e3o Preto) come\u00e7a no pr\u00f3ximo dia 1\u00ba de agosto. O tema central deste ano \u00e9: \u201cCotidianos po\u00e9ticos: Do \u00e9pico de Cam\u00f5es \u00e0s batalhas de rua\u201d. A programa\u00e7\u00e3o completa da feira foi divulgada nesta sexta-feira (5). Nesta edi\u00e7\u00e3o, cinco autores s\u00e3o\u2026","rel":"","context":"In &quot;Not\u00edcias de Ribeir\u00e3o Preto-SP e Regi\u00e3o&quot;","block_context":{"text":"Not\u00edcias de Ribeir\u00e3o Preto-SP e Regi\u00e3o","link":"https:\/\/ismaelcolosi.com.br\/index.php\/category\/noticias-de-ribeirao-preto-sp-e-regiao-ismael-colosi\/"},"img":{"alt_text":"","src":"https:\/\/i0.wp.com\/ismaelcolosi.com.br\/wp-content\/uploads\/2024\/07\/WhatsApp-Image-2024-07-05-at-11.23.19_2024-07-05_15-02-58_jpeg_2024-07-05_15-02-58.webp.webp?fit=1200%2C675&ssl=1&resize=350%2C200","width":350,"height":200,"srcset":"https:\/\/i0.wp.com\/ismaelcolosi.com.br\/wp-content\/uploads\/2024\/07\/WhatsApp-Image-2024-07-05-at-11.23.19_2024-07-05_15-02-58_jpeg_2024-07-05_15-02-58.webp.webp?fit=1200%2C675&ssl=1&resize=350%2C200 1x, https:\/\/i0.wp.com\/ismaelcolosi.com.br\/wp-content\/uploads\/2024\/07\/WhatsApp-Image-2024-07-05-at-11.23.19_2024-07-05_15-02-58_jpeg_2024-07-05_15-02-58.webp.webp?fit=1200%2C675&ssl=1&resize=525%2C300 1.5x, https:\/\/i0.wp.com\/ismaelcolosi.com.br\/wp-content\/uploads\/2024\/07\/WhatsApp-Image-2024-07-05-at-11.23.19_2024-07-05_15-02-58_jpeg_2024-07-05_15-02-58.webp.webp?fit=1200%2C675&ssl=1&resize=700%2C400 2x, https:\/\/i0.wp.com\/ismaelcolosi.com.br\/wp-content\/uploads\/2024\/07\/WhatsApp-Image-2024-07-05-at-11.23.19_2024-07-05_15-02-58_jpeg_2024-07-05_15-02-58.webp.webp?fit=1200%2C675&ssl=1&resize=1050%2C600 3x"},"classes":[]},{"id":58576,"url":"https:\/\/ismaelcolosi.com.br\/index.php\/2024\/08\/01\/veja-a-programacao-do-primeiro-dia-da-feira-do-livro-de-ribeirao-preto\/","url_meta":{"origin":59213,"position":1},"title":"Veja a programa\u00e7\u00e3o do primeiro dia da Feira do Livro de Ribeir\u00e3o Preto","author":"ismaelcolosi.com.br","date":"1 de August de 2024","format":false,"excerpt":"A 23\u00aa edi\u00e7\u00e3o da Feira Internacional do Livro de Ribeir\u00e3o Preto inicia nesta quinta-feira (1\u00ba de agosto) e segue at\u00e9 o dia 11 de agosto, com uma programa\u00e7\u00e3o com mais de 400 atividades gratuitas que acontecem principalmente na Pra\u00e7a XV, Esplanada do Theatro Pedro II e o no Theatro Pedro\u2026","rel":"","context":"In &quot;Not\u00edcias de Ribeir\u00e3o Preto-SP e Regi\u00e3o&quot;","block_context":{"text":"Not\u00edcias de Ribeir\u00e3o Preto-SP e Regi\u00e3o","link":"https:\/\/ismaelcolosi.com.br\/index.php\/category\/noticias-de-ribeirao-preto-sp-e-regiao-ismael-colosi\/"},"img":{"alt_text":"","src":"https:\/\/i0.wp.com\/ismaelcolosi.com.br\/wp-content\/uploads\/2024\/08\/Copia-de-Copia-de-TAMANHO-EXATO-PARA-FOTOS-NO-SISTEMA-NOVO-20_2024-07-31_11-31-49_jpg_2024-07-31_11-31-49.webp.webp?fit=1200%2C675&ssl=1&resize=350%2C200","width":350,"height":200,"srcset":"https:\/\/i0.wp.com\/ismaelcolosi.com.br\/wp-content\/uploads\/2024\/08\/Copia-de-Copia-de-TAMANHO-EXATO-PARA-FOTOS-NO-SISTEMA-NOVO-20_2024-07-31_11-31-49_jpg_2024-07-31_11-31-49.webp.webp?fit=1200%2C675&ssl=1&resize=350%2C200 1x, https:\/\/i0.wp.com\/ismaelcolosi.com.br\/wp-content\/uploads\/2024\/08\/Copia-de-Copia-de-TAMANHO-EXATO-PARA-FOTOS-NO-SISTEMA-NOVO-20_2024-07-31_11-31-49_jpg_2024-07-31_11-31-49.webp.webp?fit=1200%2C675&ssl=1&resize=525%2C300 1.5x, https:\/\/i0.wp.com\/ismaelcolosi.com.br\/wp-content\/uploads\/2024\/08\/Copia-de-Copia-de-TAMANHO-EXATO-PARA-FOTOS-NO-SISTEMA-NOVO-20_2024-07-31_11-31-49_jpg_2024-07-31_11-31-49.webp.webp?fit=1200%2C675&ssl=1&resize=700%2C400 2x, https:\/\/i0.wp.com\/ismaelcolosi.com.br\/wp-content\/uploads\/2024\/08\/Copia-de-Copia-de-TAMANHO-EXATO-PARA-FOTOS-NO-SISTEMA-NOVO-20_2024-07-31_11-31-49_jpg_2024-07-31_11-31-49.webp.webp?fit=1200%2C675&ssl=1&resize=1050%2C600 3x"},"classes":[]},{"id":58717,"url":"https:\/\/ismaelcolosi.com.br\/index.php\/2024\/08\/02\/veja-a-programacao-desta-sexta-feira-na-feira-do-livro-de-ribeirao-preto\/","url_meta":{"origin":59213,"position":2},"title":"Veja a programa\u00e7\u00e3o desta sexta-feira na Feira do Livro de Ribeir\u00e3o Preto","author":"ismaelcolosi.com.br","date":"2 de August de 2024","format":false,"excerpt":"Esta sexta-feira (2), \u00e9 o segundo dia da\u00a023\u00aa Feira Internacional do Livro de Ribeir\u00e3o Preto, que segue at\u00e9 o dia 11 de agosto. A programa\u00e7\u00e3o oferece mais de\u00a0400 atividades gratuitas\u00a0no Centro de Ribeir\u00e3o Preto. \u00a0 O tema central da Feira este ano \u00e9: \u201cCotidianos po\u00e9ticos: Do \u00e9pico de Cam\u00f5es \u00e0s\u2026","rel":"","context":"In &quot;Not\u00edcias de Ribeir\u00e3o Preto-SP e Regi\u00e3o&quot;","block_context":{"text":"Not\u00edcias de Ribeir\u00e3o Preto-SP e Regi\u00e3o","link":"https:\/\/ismaelcolosi.com.br\/index.php\/category\/noticias-de-ribeirao-preto-sp-e-regiao-ismael-colosi\/"},"img":{"alt_text":"","src":"https:\/\/i0.wp.com\/ismaelcolosi.com.br\/wp-content\/uploads\/2024\/08\/sesc-na-FIL_2024-08-01_14-36-39_jpeg_2024-08-01_14-36-39.webp.webp?fit=1200%2C800&ssl=1&resize=350%2C200","width":350,"height":200,"srcset":"https:\/\/i0.wp.com\/ismaelcolosi.com.br\/wp-content\/uploads\/2024\/08\/sesc-na-FIL_2024-08-01_14-36-39_jpeg_2024-08-01_14-36-39.webp.webp?fit=1200%2C800&ssl=1&resize=350%2C200 1x, https:\/\/i0.wp.com\/ismaelcolosi.com.br\/wp-content\/uploads\/2024\/08\/sesc-na-FIL_2024-08-01_14-36-39_jpeg_2024-08-01_14-36-39.webp.webp?fit=1200%2C800&ssl=1&resize=525%2C300 1.5x, https:\/\/i0.wp.com\/ismaelcolosi.com.br\/wp-content\/uploads\/2024\/08\/sesc-na-FIL_2024-08-01_14-36-39_jpeg_2024-08-01_14-36-39.webp.webp?fit=1200%2C800&ssl=1&resize=700%2C400 2x, https:\/\/i0.wp.com\/ismaelcolosi.com.br\/wp-content\/uploads\/2024\/08\/sesc-na-FIL_2024-08-01_14-36-39_jpeg_2024-08-01_14-36-39.webp.webp?fit=1200%2C800&ssl=1&resize=1050%2C600 3x"},"classes":[]},{"id":59088,"url":"https:\/\/ismaelcolosi.com.br\/index.php\/2024\/08\/06\/vai-chover-confira-a-previsao-do-tempo-para-os-proximos-cinco-dias-em-ribeirao-preto\/","url_meta":{"origin":59213,"position":3},"title":"Vai chover? Confira a previs\u00e3o do tempo para os pr\u00f3ximos cinco dias em Ribeir\u00e3o Preto","author":"ismaelcolosi.com.br","date":"6 de August de 2024","format":false,"excerpt":"At\u00e9 sexta-feira (9), o calor deve continuar em Ribeir\u00e3o Preto, assim como o clima seco. Contudo, a partir do final de semana as temperaturas devem cair e existe a possibilidade de chuva para Ribeir\u00e3o Preto, de acordo com a Climatempo. Veja a previs\u00e3o Ter\u00e7a-feira, 6\u00a0 de agostoM\u00e1xima: 33\u00b0CM\u00ednima: 17\u00b0CSol com\u2026","rel":"","context":"In &quot;Not\u00edcias de Ribeir\u00e3o Preto-SP e Regi\u00e3o&quot;","block_context":{"text":"Not\u00edcias de Ribeir\u00e3o Preto-SP e Regi\u00e3o","link":"https:\/\/ismaelcolosi.com.br\/index.php\/category\/noticias-de-ribeirao-preto-sp-e-regiao-ismael-colosi\/"},"img":{"alt_text":"","src":"https:\/\/i0.wp.com\/ismaelcolosi.com.br\/wp-content\/uploads\/2024\/03\/AnyConv.com__tempo-ribeirao-preto-2.webp.webp?fit=1200%2C675&ssl=1&resize=350%2C200","width":350,"height":200,"srcset":"https:\/\/i0.wp.com\/ismaelcolosi.com.br\/wp-content\/uploads\/2024\/03\/AnyConv.com__tempo-ribeirao-preto-2.webp.webp?fit=1200%2C675&ssl=1&resize=350%2C200 1x, https:\/\/i0.wp.com\/ismaelcolosi.com.br\/wp-content\/uploads\/2024\/03\/AnyConv.com__tempo-ribeirao-preto-2.webp.webp?fit=1200%2C675&ssl=1&resize=525%2C300 1.5x, https:\/\/i0.wp.com\/ismaelcolosi.com.br\/wp-content\/uploads\/2024\/03\/AnyConv.com__tempo-ribeirao-preto-2.webp.webp?fit=1200%2C675&ssl=1&resize=700%2C400 2x, https:\/\/i0.wp.com\/ismaelcolosi.com.br\/wp-content\/uploads\/2024\/03\/AnyConv.com__tempo-ribeirao-preto-2.webp.webp?fit=1200%2C675&ssl=1&resize=1050%2C600 3x"},"classes":[]},{"id":65169,"url":"https:\/\/ismaelcolosi.com.br\/index.php\/2024\/09\/11\/cinema-troca-de-livros-e-contacao-de-historias-sesi-ribeirao-tem-programacao-gratuita\/","url_meta":{"origin":59213,"position":4},"title":"Cinema, troca de livros e conta\u00e7\u00e3o de hist\u00f3rias: Sesi Ribeir\u00e3o tem programa\u00e7\u00e3o gratuita","author":"ismaelcolosi.com.br","date":"11 de September de 2024","format":false,"excerpt":"O Sesi Ribeir\u00e3o Preto oferece uma programa\u00e7\u00e3o cultural com cinema, feira para troca de livros e conta\u00e7\u00e3o de hist\u00f3rias. As atividades t\u00eam inicio nesta quarta-feira (11), a partir das 19h30. Embora as atividades sejam\u00a0gratuitas, ainda \u00e9 necess\u00e1rio\u00a0reservar os ingressos\u00a0on-line atrav\u00e9s do sistema\u00a0Meu Sesi. Confira a programa\u00e7\u00e3o cultural completa: Mostra Cine\u2026","rel":"","context":"In &quot;Not\u00edcias de Ribeir\u00e3o Preto-SP e Regi\u00e3o&quot;","block_context":{"text":"Not\u00edcias de Ribeir\u00e3o Preto-SP e Regi\u00e3o","link":"https:\/\/ismaelcolosi.com.br\/index.php\/category\/noticias-de-ribeirao-preto-sp-e-regiao-ismael-colosi\/"},"img":{"alt_text":"","src":"https:\/\/i0.wp.com\/ismaelcolosi.com.br\/wp-content\/uploads\/2024\/09\/b1485220-e35f-41ef-ba0a-ac1a202d66f9_2024-09-11_12-14-48_png_2024-09-11_12-14-48.webp.webp?fit=1066%2C600&ssl=1&resize=350%2C200","width":350,"height":200,"srcset":"https:\/\/i0.wp.com\/ismaelcolosi.com.br\/wp-content\/uploads\/2024\/09\/b1485220-e35f-41ef-ba0a-ac1a202d66f9_2024-09-11_12-14-48_png_2024-09-11_12-14-48.webp.webp?fit=1066%2C600&ssl=1&resize=350%2C200 1x, https:\/\/i0.wp.com\/ismaelcolosi.com.br\/wp-content\/uploads\/2024\/09\/b1485220-e35f-41ef-ba0a-ac1a202d66f9_2024-09-11_12-14-48_png_2024-09-11_12-14-48.webp.webp?fit=1066%2C600&ssl=1&resize=525%2C300 1.5x, https:\/\/i0.wp.com\/ismaelcolosi.com.br\/wp-content\/uploads\/2024\/09\/b1485220-e35f-41ef-ba0a-ac1a202d66f9_2024-09-11_12-14-48_png_2024-09-11_12-14-48.webp.webp?fit=1066%2C600&ssl=1&resize=700%2C400 2x, https:\/\/i0.wp.com\/ismaelcolosi.com.br\/wp-content\/uploads\/2024\/09\/b1485220-e35f-41ef-ba0a-ac1a202d66f9_2024-09-11_12-14-48_png_2024-09-11_12-14-48.webp.webp?fit=1066%2C600&ssl=1&resize=1050%2C600 3x"},"classes":[]},{"id":59369,"url":"https:\/\/ismaelcolosi.com.br\/index.php\/2024\/08\/08\/alerta-de-falta-dagua-em-ribeirao-preto-continua-nesta-quinta-veja-os-locais\/","url_meta":{"origin":59213,"position":5},"title":"Alerta de falta d\u2019\u00e1gua em Ribeir\u00e3o Preto continua nesta quinta; Veja os locais","author":"ismaelcolosi.com.br","date":"8 de August de 2024","format":false,"excerpt":"A Saerp (Secretaria de \u00c1gua e Esgoto de Ribeir\u00e3o Preto) informou que seis bairros da zona Leste de Ribeir\u00e3o Preto podem ficar sem \u00e1gua nesta quinta-feira (8), em raz\u00e3o da substitui\u00e7\u00e3o de uma bomba do po\u00e7o Parque dos Lagos. Os trabalhos come\u00e7aram na \u00faltima quarta-feira (7) e, a secretaria, informa\u2026","rel":"","context":"In &quot;Not\u00edcias de Ribeir\u00e3o Preto-SP e Regi\u00e3o&quot;","block_context":{"text":"Not\u00edcias de Ribeir\u00e3o Preto-SP e Regi\u00e3o","link":"https:\/\/ismaelcolosi.com.br\/index.php\/category\/noticias-de-ribeirao-preto-sp-e-regiao-ismael-colosi\/"},"img":{"alt_text":"","src":"https:\/\/i0.wp.com\/ismaelcolosi.com.br\/wp-content\/uploads\/2024\/07\/AnyConv.com__Copia-de-Copia-de-TAMANHO-EXATO-PARA-FOTOS-NO-SISTEMA-NOVO-8_2024-06-17_15-27-00.webp.webp?fit=1200%2C675&ssl=1&resize=350%2C200","width":350,"height":200,"srcset":"https:\/\/i0.wp.com\/ismaelcolosi.com.br\/wp-content\/uploads\/2024\/07\/AnyConv.com__Copia-de-Copia-de-TAMANHO-EXATO-PARA-FOTOS-NO-SISTEMA-NOVO-8_2024-06-17_15-27-00.webp.webp?fit=1200%2C675&ssl=1&resize=350%2C200 1x, https:\/\/i0.wp.com\/ismaelcolosi.com.br\/wp-content\/uploads\/2024\/07\/AnyConv.com__Copia-de-Copia-de-TAMANHO-EXATO-PARA-FOTOS-NO-SISTEMA-NOVO-8_2024-06-17_15-27-00.webp.webp?fit=1200%2C675&ssl=1&resize=525%2C300 1.5x, https:\/\/i0.wp.com\/ismaelcolosi.com.br\/wp-content\/uploads\/2024\/07\/AnyConv.com__Copia-de-Copia-de-TAMANHO-EXATO-PARA-FOTOS-NO-SISTEMA-NOVO-8_2024-06-17_15-27-00.webp.webp?fit=1200%2C675&ssl=1&resize=700%2C400 2x, https:\/\/i0.wp.com\/ismaelcolosi.com.br\/wp-content\/uploads\/2024\/07\/AnyConv.com__Copia-de-Copia-de-TAMANHO-EXATO-PARA-FOTOS-NO-SISTEMA-NOVO-8_2024-06-17_15-27-00.webp.webp?fit=1200%2C675&ssl=1&resize=1050%2C600 3x"},"classes":[]}],"jetpack_sharing_enabled":true,"jetpack_shortlink":"https:\/\/wp.me\/pfMlyK-fp3","_links":{"self":[{"href":"https:\/\/ismaelcolosi.com.br\/index.php\/wp-json\/wp\/v2\/posts\/59213","targetHints":{"allow":["GET"]}}],"collection":[{"href":"https:\/\/ismaelcolosi.com.br\/index.php\/wp-json\/wp\/v2\/posts"}],"about":[{"href":"https:\/\/ismaelcolosi.com.br\/index.php\/wp-json\/wp\/v2\/types\/post"}],"author":[{"embeddable":true,"href":"https:\/\/ismaelcolosi.com.br\/index.php\/wp-json\/wp\/v2\/users\/1"}],"replies":[{"embeddable":true,"href":"https:\/\/ismaelcolosi.com.br\/index.php\/wp-json\/wp\/v2\/comments?post=59213"}],"version-history":[{"count":0,"href":"https:\/\/ismaelcolosi.com.br\/index.php\/wp-json\/wp\/v2\/posts\/59213\/revisions"}],"wp:featuredmedia":[{"embeddable":true,"href":"https:\/\/ismaelcolosi.com.br\/index.php\/wp-json\/wp\/v2\/media\/59214"}],"wp:attachment":[{"href":"https:\/\/ismaelcolosi.com.br\/index.php\/wp-json\/wp\/v2\/media?parent=59213"}],"wp:term":[{"taxonomy":"category","embeddable":true,"href":"https:\/\/ismaelcolosi.com.br\/index.php\/wp-json\/wp\/v2\/categories?post=59213"},{"taxonomy":"post_tag","embeddable":true,"href":"https:\/\/ismaelcolosi.com.br\/index.php\/wp-json\/wp\/v2\/tags?post=59213"}],"curies":[{"name":"wp","href":"https:\/\/api.w.org\/{rel}","templated":true}]}}