{"id":59209,"date":"2024-08-07T05:31:51","date_gmt":"2024-08-07T08:31:51","guid":{"rendered":"https:\/\/ismaelcolosi.com.br\/index.php\/2024\/08\/07\/concurso-dos-correios-com-salario-de-ate-r-6-872-veja-como-se-inscrever\/"},"modified":"2024-08-07T05:31:51","modified_gmt":"2024-08-07T08:31:51","slug":"concurso-dos-correios-com-salario-de-ate-r-6-872-veja-como-se-inscrever","status":"publish","type":"post","link":"https:\/\/ismaelcolosi.com.br\/index.php\/2024\/08\/07\/concurso-dos-correios-com-salario-de-ate-r-6-872-veja-como-se-inscrever\/","title":{"rendered":"Concurso dos Correios com sal\u00e1rio de at\u00e9 R$ 6.872: veja como se inscrever"},"content":{"rendered":"<p> <br \/>\n<\/p>\n<div id=\"\">\n<div class=\"content-infos\">\n<div class=\"texts\">\n<p class=\"author tooltip-comp\"> Da reda\u00e7\u00e3o<span class=\"icon-i\">i<\/span><span class=\"tooltiptext\"> <span class=\"author\"><span>Da reda\u00e7\u00e3o<\/span> <\/span><span class=\"desc\"\/> <\/span><\/p>\n<p>07\/08\/2024 &#8211; 5:30<\/p><div class='code-block code-block-8' style='margin: 8px auto; text-align: center; display: block; clear: both;'>\n<script>\n  atOptions = {\n    'key' : '66e2e2111ca34da796271819fc334058',\n    'format' : 'iframe',\n    'height' : 250,\n    'width' : 300,\n    'params' : {}\n  };\n<\/script>\n<script src=\"https:\/\/www.highperformanceformat.com\/66e2e2111ca34da796271819fc334058\/invoke.js\"><\/script>\n<\/div>\n\n<\/div>\n<div id=\"share-modal\" class=\"share-modal\"> <button class=\"box-close btn-share\"> <img decoding=\"async\" src=\"https:\/\/istoedinheiro.com.br\/wp-content\/themes\/dinheiro-wp-theme\/assets\/img\/svg\/closeIcon.svg?x46096\" alt=\"Close icon\" class=\"close-btn lazy\"\/> <\/button><\/div>\n<\/p><\/div>\n<p>Os <strong>Correios<\/strong> abrem nesta quarta-feira, 7, a partir das 10h, as inscri\u00e7\u00f5es de seu concurso p\u00fablico para 33 vagas na \u00e1rea de medicina e seguran\u00e7a do trabalho, al\u00e9m de forma\u00e7\u00e3o de cadastro de reserva.<\/p>\n<p>A empresa destinou 10% das vagas para pessoas com defici\u00eancia (PCD) e 20% para pessoas que se declararem negras (pretas ou pardas).<\/p>\n<p><strong>+ Governo autoriza concurso com 150 vagas para Comiss\u00e3o Nacional de Energia Nuclear<\/strong><br \/><strong>+ \u2018Enem dos concursos\u2019: saiba como acessar cart\u00e3o de confirma\u00e7\u00e3o e locais de prova<\/strong><\/p>\n<h3>Inscri\u00e7\u00f5es<\/h3>\n<p>As inscri\u00e7\u00f5es podem ser feitas at\u00e9 o dia 8 de setembro. Elas dever\u00e3o ser feitas exclusivamente via internet (<strong><a href=\"https:\/\/www.iades.com.br\/inscricao\" target=\"_blank\" rel=\"noopener\">neste link<\/a><\/strong>), mediante o pagamento de R$ 70.<\/p>\n<h3>Confira abaixo os cargos e o sal\u00e1rio inicial:<\/h3>\n<ul>\n<li><strong>T\u00e9cnico de Seguran\u00e7a do Trabalho J\u00fanior: <\/strong>R$ 3.672,84<\/li>\n<li><strong>Enfermeiro do Trabalho J\u00fanior: <\/strong>R$ 6.583,54<\/li>\n<li><strong>Engenheiro de Seguran\u00e7a do Trabalho J\u00fanior: <\/strong>R$ 6.872,48<\/li>\n<li><strong>M\u00e9dico do Trabalho J\u00fanior: <\/strong>R$ 6.872,48<\/li>\n<\/ul>\n<h3>Avalia\u00e7\u00e3o<\/h3>\n<p>A avalia\u00e7\u00e3o ser\u00e1 executada pelo Iades (Instituto Americano de Desenvolvimento) e pelos Correios.<\/p>\n<p>A primeira fase ser\u00e1 composta de provas objetivas (de car\u00e1ter eliminat\u00f3rio e classificat\u00f3rio), enquanto a segunda fase ser\u00e1 de comprova\u00e7\u00e3o de requisitos, an\u00e1lise de perfil profissional e realiza\u00e7\u00e3o de exames m\u00e9dicos admissionais.<\/p>\n<p>A aplica\u00e7\u00e3o das provas est\u00e1 prevista para o dia 13 de outubro. A divulga\u00e7\u00e3o do resultado final est\u00e1 marcada para o dia 20 de novembro.<\/p>\n<p>A expectativa dos Correios \u00e9 realizar as primeiras contrata\u00e7\u00f5es ainda neste ano.<\/p>\n<div id=\"share-modal\" class=\"share-modal\"> <button class=\"box-close btn-share\"> <img decoding=\"async\" src=\"https:\/\/istoedinheiro.com.br\/wp-content\/themes\/dinheiro-wp-theme\/assets\/img\/svg\/closeIcon.svg?x46096\" alt=\"Close icon\" class=\"close-btn lazy\"\/> <\/button><\/div>\n<\/p><\/div>\n<p><script>!function(f,b,e,v,n,t,s){if(f.fbq)return;n=f.fbq=function(){n.callMethod?n.callMethod.apply(n,arguments):n.queue.push(arguments)};if(!f._fbq)f._fbq=n;n.push=n;n.loaded=!0;n.version='2.0';n.queue=[];t=b.createElement(e);t.async=!0;t.src=v;s=b.getElementsByTagName(e)[0];s.parentNode.insertBefore(t,s)}(window,document,'script','<\/script><br \/>\n<br \/><br \/>\n<br \/><a href=\"https:\/\/istoedinheiro.com.br\/concurso-dos-correios-com-salario-de-ate-r-6-872-veja-como-se-inscrever\/\">Source link <\/a><\/p>\n<div class='code-block code-block-4' style='margin: 8px auto 8px 0; text-align: left; display: block; clear: both;'>\n\ud83d\udce2 Aviso Legal\n\nO site ismaelcolosi.com.br atua apenas como um canal de divulga\u00e7\u00e3o de oportunidades de emprego e n\u00e3o se responsabiliza pelo processo seletivo, contrata\u00e7\u00e3o ou qualquer outra etapa relacionada \u00e0s vagas publicadas. Todas as informa\u00e7\u00f5es s\u00e3o de responsabilidade dos anunciantes.\n\n\u26a0\ufe0f Aten\u00e7\u00e3o! Nunca pague por promessas de emprego nem compre cursos que garantam contrata\u00e7\u00e3o. Desconfie de qualquer cobran\u00e7a para participar de sele\u00e7\u00f5es.\n\n\n\n<\/div>\n<!-- CONTENT END 1 -->\n","protected":false},"excerpt":{"rendered":"<p>Da reda\u00e7\u00e3oi Da reda\u00e7\u00e3o 07\/08\/2024 &#8211; 5:30 Os Correios abrem nesta quarta-feira, 7, a partir das 10h, as inscri\u00e7\u00f5es de seu concurso p\u00fablico para 33&#8230;<\/p>\n","protected":false},"author":1,"featured_media":59210,"comment_status":"open","ping_status":"open","sticky":false,"template":"","format":"standard","meta":{"_uag_custom_page_level_css":"","advanced_seo_description":"","jetpack_seo_html_title":"","jetpack_seo_noindex":false,"jetpack_post_was_ever_published":false,"_jetpack_newsletter_access":"","_jetpack_dont_email_post_to_subs":false,"_jetpack_newsletter_tier_id":0,"_jetpack_memberships_contains_paywalled_content":false,"_jetpack_memberships_contains_paid_content":false,"footnotes":"","jetpack_publicize_message":"","jetpack_publicize_feature_enabled":true,"jetpack_social_post_already_shared":true,"jetpack_social_options":{"image_generator_settings":{"template":"highway","default_image_id":0,"font":"","enabled":false},"version":2}},"categories":[3598],"tags":[],"class_list":["post-59209","post","type-post","status-publish","format-standard","has-post-thumbnail","hentry","category-empregos-classificados-vagas-trabalho"],"jetpack_publicize_connections":[],"jetpack_featured_media_url":"https:\/\/i0.wp.com\/ismaelcolosi.com.br\/wp-content\/uploads\/2024\/08\/correios-1.jpg?fit=1019%2C659&ssl=1","uagb_featured_image_src":{"full":["https:\/\/i0.wp.com\/ismaelcolosi.com.br\/wp-content\/uploads\/2024\/08\/correios-1.jpg?fit=1019%2C659&ssl=1",1019,659,false],"thumbnail":["https:\/\/i0.wp.com\/ismaelcolosi.com.br\/wp-content\/uploads\/2024\/08\/correios-1.jpg?resize=150%2C150&ssl=1",150,150,true],"medium":["https:\/\/i0.wp.com\/ismaelcolosi.com.br\/wp-content\/uploads\/2024\/08\/correios-1.jpg?fit=300%2C194&ssl=1",300,194,true],"medium_large":["https:\/\/i0.wp.com\/ismaelcolosi.com.br\/wp-content\/uploads\/2024\/08\/correios-1.jpg?fit=768%2C497&ssl=1",768,497,true],"large":["https:\/\/i0.wp.com\/ismaelcolosi.com.br\/wp-content\/uploads\/2024\/08\/correios-1.jpg?fit=1019%2C659&ssl=1",1019,659,true],"1536x1536":["https:\/\/i0.wp.com\/ismaelcolosi.com.br\/wp-content\/uploads\/2024\/08\/correios-1.jpg?fit=1019%2C659&ssl=1",1019,659,true],"2048x2048":["https:\/\/i0.wp.com\/ismaelcolosi.com.br\/wp-content\/uploads\/2024\/08\/correios-1.jpg?fit=1019%2C659&ssl=1",1019,659,true],"really-simple-thumb":["https:\/\/i0.wp.com\/ismaelcolosi.com.br\/wp-content\/uploads\/2024\/08\/correios-1.jpg?resize=370%2C247&ssl=1",370,247,true]},"uagb_author_info":{"display_name":"ismaelcolosi.com.br","author_link":"https:\/\/ismaelcolosi.com.br\/index.php\/author\/vidareal-online\/"},"uagb_comment_info":0,"uagb_excerpt":"Da reda\u00e7\u00e3oi Da reda\u00e7\u00e3o 07\/08\/2024 &#8211; 5:30 Os Correios abrem nesta quarta-feira, 7, a partir das 10h, as inscri\u00e7\u00f5es de seu concurso p\u00fablico para 33...","jetpack-related-posts":[{"id":85618,"url":"https:\/\/ismaelcolosi.com.br\/index.php\/2025\/05\/22\/concurso-dos-correios-resultados-preliminares-sao-divulgados-veja-como-consultar-2\/","url_meta":{"origin":59209,"position":0},"title":"Concurso dos Correios: resultados preliminares s\u00e3o divulgados; veja como consultar","author":"ismaelcolosi.com.br","date":"22 de May de 2025","format":false,"excerpt":"Nesta sexta-feira, 17, foram divulgados os resultados do concurso promovido pelos Correios. Mais de 1 milh\u00e3o de candidatos se inscreveram no certame, sendo que cerca de 60% do total de inscritos compareceram para fazer as provas, aplicadas em 15 de dezembro. Os resultados est\u00e3o dispon\u00edveis site do Instituto Brasileiro de\u2026","rel":"","context":"In &quot;Empregos - Classificados&quot;","block_context":{"text":"Empregos - Classificados","link":"https:\/\/ismaelcolosi.com.br\/index.php\/category\/empregos-classificados-vagas-trabalho\/"},"img":{"alt_text":"","src":"","width":0,"height":0},"classes":[]},{"id":85620,"url":"https:\/\/ismaelcolosi.com.br\/index.php\/2025\/05\/22\/resultados-de-concurso-dos-correios-serao-divulgados-nesta-sexta-veja-como-conferir-2\/","url_meta":{"origin":59209,"position":1},"title":"Resultados de concurso dos Correios ser\u00e3o divulgados nesta sexta; veja como conferir","author":"ismaelcolosi.com.br","date":"22 de May de 2025","format":false,"excerpt":"Na pr\u00f3xima sexta-feira, 17, ser\u00e3o divulgados os resultados do concurso promovido pelos Correios. Mais de 1 milh\u00e3o de candidatos se inscreveram no certame, sendo que cerca de 60% do total de inscritos compareceram para fazer as provas, aplicadas em 15 de dezembro. Os resultados estar\u00e3o dispon\u00edveis site do Instituto Brasileiro\u2026","rel":"","context":"In &quot;Empregos - Classificados&quot;","block_context":{"text":"Empregos - Classificados","link":"https:\/\/ismaelcolosi.com.br\/index.php\/category\/empregos-classificados-vagas-trabalho\/"},"img":{"alt_text":"","src":"","width":0,"height":0},"classes":[]},{"id":81805,"url":"https:\/\/ismaelcolosi.com.br\/index.php\/2025\/01\/17\/concurso-dos-correios-resultados-preliminares-sao-divulgados-veja-como-consultar\/","url_meta":{"origin":59209,"position":2},"title":"Concurso dos Correios: resultados preliminares s\u00e3o divulgados; veja como consultar","author":"ismaelcolosi.com.br","date":"17 de January de 2025","format":false,"excerpt":"Da reda\u00e7\u00e3oi Da reda\u00e7\u00e3o 17\/01\/2025 - 9:44 Nesta sexta-feira, 17, foram divulgados os resultados do concurso promovido pelos Correios. Mais de 1 milh\u00e3o de candidatos se inscreveram no certame, sendo que cerca de 60% do total de inscritos compareceram para fazer as provas, aplicadas em 15 de dezembro.Os resultados est\u00e3o\u2026","rel":"","context":"In &quot;Empregos - Classificados&quot;","block_context":{"text":"Empregos - Classificados","link":"https:\/\/ismaelcolosi.com.br\/index.php\/category\/empregos-classificados-vagas-trabalho\/"},"img":{"alt_text":"","src":"https:\/\/i0.wp.com\/ismaelcolosi.com.br\/wp-content\/uploads\/2025\/01\/correios00.jpg?fit=1010%2C611&ssl=1&resize=350%2C200","width":350,"height":200,"srcset":"https:\/\/i0.wp.com\/ismaelcolosi.com.br\/wp-content\/uploads\/2025\/01\/correios00.jpg?fit=1010%2C611&ssl=1&resize=350%2C200 1x, https:\/\/i0.wp.com\/ismaelcolosi.com.br\/wp-content\/uploads\/2025\/01\/correios00.jpg?fit=1010%2C611&ssl=1&resize=525%2C300 1.5x, https:\/\/i0.wp.com\/ismaelcolosi.com.br\/wp-content\/uploads\/2025\/01\/correios00.jpg?fit=1010%2C611&ssl=1&resize=700%2C400 2x"},"classes":[]},{"id":70199,"url":"https:\/\/ismaelcolosi.com.br\/index.php\/2024\/10\/10\/concurso-dos-correios-com-3-511-vagas-veja-como-se-inscrever\/","url_meta":{"origin":59209,"position":3},"title":"Concurso dos Correios com 3.511 vagas: veja como se inscrever","author":"ismaelcolosi.com.br","date":"10 de October de 2024","format":false,"excerpt":"Da reda\u00e7\u00e3oi Da reda\u00e7\u00e3o 10\/10\/2024 - 7:00 A partir desta quinta-feira, 10, os interessados j\u00e1 podem se inscrever nas 3.511 vagas disponibilizadas pelos Correios para o concurso p\u00fablico nacional da estatal. S\u00e3o 3.099 vagas de n\u00edvel m\u00e9dio e 412 vagas de n\u00edvel superior. As inscri\u00e7\u00f5es devem ser realizadas pelo site\u2026","rel":"","context":"In &quot;Empregos - Classificados&quot;","block_context":{"text":"Empregos - Classificados","link":"https:\/\/ismaelcolosi.com.br\/index.php\/category\/empregos-classificados-vagas-trabalho\/"},"img":{"alt_text":"","src":"https:\/\/i0.wp.com\/ismaelcolosi.com.br\/wp-content\/uploads\/2024\/10\/correios01.jpg?fit=1016%2C663&ssl=1&resize=350%2C200","width":350,"height":200,"srcset":"https:\/\/i0.wp.com\/ismaelcolosi.com.br\/wp-content\/uploads\/2024\/10\/correios01.jpg?fit=1016%2C663&ssl=1&resize=350%2C200 1x, https:\/\/i0.wp.com\/ismaelcolosi.com.br\/wp-content\/uploads\/2024\/10\/correios01.jpg?fit=1016%2C663&ssl=1&resize=525%2C300 1.5x, https:\/\/i0.wp.com\/ismaelcolosi.com.br\/wp-content\/uploads\/2024\/10\/correios01.jpg?fit=1016%2C663&ssl=1&resize=700%2C400 2x"},"classes":[]},{"id":81774,"url":"https:\/\/ismaelcolosi.com.br\/index.php\/2025\/01\/16\/resultados-de-concurso-dos-correios-serao-divulgados-nesta-sexta-veja-como-conferir\/","url_meta":{"origin":59209,"position":4},"title":"Resultados de concurso dos Correios ser\u00e3o divulgados nesta sexta; veja como conferir","author":"ismaelcolosi.com.br","date":"16 de January de 2025","format":false,"excerpt":"Da reda\u00e7\u00e3oi Da reda\u00e7\u00e3o 16\/01\/2025 - 10:27 Na pr\u00f3xima sexta-feira, 17, ser\u00e3o divulgados os resultados do concurso promovido pelos Correios. Mais de 1 milh\u00e3o de candidatos, sendo que cerca de 60% do total de inscritos compareceram para fazer as provas, aplicadas em 15 de dezembro.Os resultados do certame dos Correios\u2026","rel":"","context":"In &quot;Empregos - Classificados&quot;","block_context":{"text":"Empregos - Classificados","link":"https:\/\/ismaelcolosi.com.br\/index.php\/category\/empregos-classificados-vagas-trabalho\/"},"img":{"alt_text":"","src":"https:\/\/i0.wp.com\/ismaelcolosi.com.br\/wp-content\/uploads\/2025\/01\/correios.jpg?fit=882%2C508&ssl=1&resize=350%2C200","width":350,"height":200,"srcset":"https:\/\/i0.wp.com\/ismaelcolosi.com.br\/wp-content\/uploads\/2025\/01\/correios.jpg?fit=882%2C508&ssl=1&resize=350%2C200 1x, https:\/\/i0.wp.com\/ismaelcolosi.com.br\/wp-content\/uploads\/2025\/01\/correios.jpg?fit=882%2C508&ssl=1&resize=525%2C300 1.5x, https:\/\/i0.wp.com\/ismaelcolosi.com.br\/wp-content\/uploads\/2025\/01\/correios.jpg?fit=882%2C508&ssl=1&resize=700%2C400 2x"},"classes":[]},{"id":69131,"url":"https:\/\/ismaelcolosi.com.br\/index.php\/2024\/10\/03\/concurso-dos-correios-tera-30-das-vagas-para-negros-e-indigenas-veja-cronograma\/","url_meta":{"origin":59209,"position":5},"title":"Concurso dos Correios ter\u00e1 30% das vagas para negros e ind\u00edgenas;\u00a0veja\u00a0cronograma","author":"ismaelcolosi.com.br","date":"3 de October de 2024","format":false,"excerpt":"Da reda\u00e7\u00e3oi Da reda\u00e7\u00e3o 03\/10\/2024 - 16:31 O concurso p\u00fablico dos Correios vai destinar 30% das vagas para pessoas negras (pretas e pardas) e ind\u00edgenas. Vale destacar que a estatal est\u00e1 na etapa final de revis\u00e3o e an\u00e1lise dos editais, que ser\u00e3o publicados na pr\u00f3xima quarta-feira, 9.Ao todo, ser\u00e3o ofertadas\u2026","rel":"","context":"In &quot;Empregos - Classificados&quot;","block_context":{"text":"Empregos - Classificados","link":"https:\/\/ismaelcolosi.com.br\/index.php\/category\/empregos-classificados-vagas-trabalho\/"},"img":{"alt_text":"","src":"https:\/\/i0.wp.com\/ismaelcolosi.com.br\/wp-content\/uploads\/2024\/10\/correios00.jpg?fit=1018%2C612&ssl=1&resize=350%2C200","width":350,"height":200,"srcset":"https:\/\/i0.wp.com\/ismaelcolosi.com.br\/wp-content\/uploads\/2024\/10\/correios00.jpg?fit=1018%2C612&ssl=1&resize=350%2C200 1x, https:\/\/i0.wp.com\/ismaelcolosi.com.br\/wp-content\/uploads\/2024\/10\/correios00.jpg?fit=1018%2C612&ssl=1&resize=525%2C300 1.5x, https:\/\/i0.wp.com\/ismaelcolosi.com.br\/wp-content\/uploads\/2024\/10\/correios00.jpg?fit=1018%2C612&ssl=1&resize=700%2C400 2x"},"classes":[]}],"jetpack_sharing_enabled":true,"jetpack_shortlink":"https:\/\/wp.me\/pfMlyK-foZ","_links":{"self":[{"href":"https:\/\/ismaelcolosi.com.br\/index.php\/wp-json\/wp\/v2\/posts\/59209","targetHints":{"allow":["GET"]}}],"collection":[{"href":"https:\/\/ismaelcolosi.com.br\/index.php\/wp-json\/wp\/v2\/posts"}],"about":[{"href":"https:\/\/ismaelcolosi.com.br\/index.php\/wp-json\/wp\/v2\/types\/post"}],"author":[{"embeddable":true,"href":"https:\/\/ismaelcolosi.com.br\/index.php\/wp-json\/wp\/v2\/users\/1"}],"replies":[{"embeddable":true,"href":"https:\/\/ismaelcolosi.com.br\/index.php\/wp-json\/wp\/v2\/comments?post=59209"}],"version-history":[{"count":0,"href":"https:\/\/ismaelcolosi.com.br\/index.php\/wp-json\/wp\/v2\/posts\/59209\/revisions"}],"wp:featuredmedia":[{"embeddable":true,"href":"https:\/\/ismaelcolosi.com.br\/index.php\/wp-json\/wp\/v2\/media\/59210"}],"wp:attachment":[{"href":"https:\/\/ismaelcolosi.com.br\/index.php\/wp-json\/wp\/v2\/media?parent=59209"}],"wp:term":[{"taxonomy":"category","embeddable":true,"href":"https:\/\/ismaelcolosi.com.br\/index.php\/wp-json\/wp\/v2\/categories?post=59209"},{"taxonomy":"post_tag","embeddable":true,"href":"https:\/\/ismaelcolosi.com.br\/index.php\/wp-json\/wp\/v2\/tags?post=59209"}],"curies":[{"name":"wp","href":"https:\/\/api.w.org\/{rel}","templated":true}]}}