{"id":59203,"date":"2024-08-07T05:03:55","date_gmt":"2024-08-07T08:03:55","guid":{"rendered":"https:\/\/ismaelcolosi.com.br\/index.php\/2024\/08\/07\/semana-de-4-dias-no-brasil-o-que-dizem-empresas-e-funcionarios-apos-6-meses-de-teste\/"},"modified":"2024-08-07T05:03:55","modified_gmt":"2024-08-07T08:03:55","slug":"semana-de-4-dias-no-brasil-o-que-dizem-empresas-e-funcionarios-apos-6-meses-de-teste","status":"publish","type":"post","link":"https:\/\/ismaelcolosi.com.br\/index.php\/2024\/08\/07\/semana-de-4-dias-no-brasil-o-que-dizem-empresas-e-funcionarios-apos-6-meses-de-teste\/","title":{"rendered":"Semana de 4 dias no Brasil: o que dizem empresas e funcion\u00e1rios ap\u00f3s 6 meses de teste"},"content":{"rendered":"<p> <br \/>\n<\/p>\n<div id=\"\">\n<div class=\"content-infos\">\n<div class=\"texts\">\n<p class=\"author tooltip-comp\"> Bruno Pavan<span class=\"icon-i\">i<\/span><span class=\"tooltiptext\"> <span class=\"author\"><span>Bruno Pavan<\/span> <\/span><span class=\"desc\"\/> <\/span><\/p>\n<p>07\/08\/2024 &#8211; 5:00<\/p><div class='code-block code-block-8' style='margin: 8px auto; text-align: center; display: block; clear: both;'>\n<script>\n  atOptions = {\n    'key' : '66e2e2111ca34da796271819fc334058',\n    'format' : 'iframe',\n    'height' : 250,\n    'width' : 300,\n    'params' : {}\n  };\n<\/script>\n<script src=\"https:\/\/www.highperformanceformat.com\/66e2e2111ca34da796271819fc334058\/invoke.js\"><\/script>\n<\/div>\n\n<\/div>\n<div id=\"share-modal\" class=\"share-modal\"> <button class=\"box-close btn-share\"> <img decoding=\"async\" src=\"https:\/\/istoedinheiro.com.br\/wp-content\/themes\/dinheiro-wp-theme\/assets\/img\/svg\/closeIcon.svg?x46096\" alt=\"Close icon\" class=\"close-btn lazy\"\/> <\/button><\/div>\n<\/p><\/div>\n<p>Ap\u00f3s seis meses de implanta\u00e7\u00e3o, o programa 4 Days Week divulgou os primeiros dados de funcion\u00e1rios e empresas que adotaram o projeto da semana de trabalho mais curta\u00a0 no Brasil.<\/p>\n<p>Conforme a pesquisa, a ansiedade semanal foi reduzida em 30,5%, enquanto a produtividade aumentou em 71,5%. As companhias chegaram a esses dados baseados em respostas de funcion\u00e1rios a relat\u00f3rios e feedbacks dos gestores das \u00e1reas. Al\u00e9m disso, 84,6% dos l\u00edderes acreditam que a participa\u00e7\u00e3o no piloto trouxe benef\u00edcios para as suas empresas e 97,5% das pessoas gostariam muito que a semana de 4 dias continuasse na empresa.<\/p>\n<p><strong>+ Quase 30% de quem tem semana de trabalho de 4 dias n\u00e3o troca a escala por sal\u00e1rio maior<\/strong><\/p>\n<p>O primeiro piloto foi realizado com 19 empresas e mais de 250 funcion\u00e1rios. O Brasil \u00e9 o primeiro pa\u00eds da Am\u00e9rica do Sul a embarcar nessa jornada. O teste foi feito por um modelo chamado 100-80-100TM: 100% do sal\u00e1rio, 80% da carga hor\u00e1ria e 100% da produtividade<\/p>\n<blockquote>\n<p style=\"text-align: center\"><span style=\"color: #993300\"><strong>\u201cA pesquisa mostra que o piloto deu muito certo porque as empresas participantes estavam dispostas a redesenhar suas formas de trabalhar e a implementarem novas ferramentas para reduzir improdutividade\u201d, diz Renata Rivetti, diretora da Reconnect Happiness at Work.<\/strong><\/span><\/p>\n<\/blockquote>\n<p>Pelo lado das companhias, 84,6% dos l\u00edderes acreditam que a participa\u00e7\u00e3o no piloto trouxe benef\u00edcios para as suas empresas. Segundo a pesquisa, 72,7% das empresas apresentaram aumento na receita e 63,6% tiveram lucros maiores na compara\u00e7\u00e3o com o mesmo per\u00edodo de 2023.<\/p>\n<h3><strong>Menos frustra\u00e7\u00e3o no trabalho<\/strong><\/h3>\n<p>O estudo tamb\u00e9m apontou uma redu\u00e7\u00e3o de 65,5% na frustra\u00e7\u00e3o com o trabalho frequente e de 49,8% do trabalho como desgastante no ponto de vista emocional. Al\u00e9m disso, os colaboradores acreditam que o sentimento de fadiga frequente reduziu em 36,2%, assim como a exaust\u00e3o pela manh\u00e3 ao pensar em ir trabalhar em 64,7%.<\/p>\n<p>Os trabalhadores tamb\u00e9m afirmam que se sentiram melhor para fazer o seu trabalho com mais criatividade. Segundo a pesquisa, 87,4% tiveram mais energia para realizar suas tarefas e 80,7% apresentaram o seu trabalho com mais criatividade e inova\u00e7\u00e3o.<\/p>\n<p>\u201cOs benef\u00edcios mencionados pelos colaboradores foram amplos e significativos. Al\u00e9m da melhora na sa\u00fade e no equil\u00edbrio entre vida pessoal e profissional, houve um aumento na satisfa\u00e7\u00e3o no trabalho e na produtividade, al\u00e9m de maior flexibilidade e a melhoria na organiza\u00e7\u00e3o e comprometimento com o trabalho\u201d, refor\u00e7a Renata.<\/p>\n<h3>Abaixo a lista das empresas que aderiram a programa*<\/h3>\n<div>\n<p>Ab Aeterno<\/p>\n<p>Ag\u00eancia Piu Comunica<\/p>\n<p>Alimentare Nutru\u00e7\u00e3o\u00a0e Servi\u00e7os Ltda<\/p>\n<p>Clara Associados<\/p>\n<p>Clementino &amp; Teixeira Advocacia<\/p>\n<p>MOL Impacto<\/p>\n<p>GR Assessoria Cont\u00e1bil<\/p>\n<p>Greco Design<\/p>\n<p>Haze Shift<\/p>\n<p>Hospital Indian\u00f3polis<\/p>\n<p>Innuvem<\/p>\n<p>Inspira<\/p>\n<p>Maker Brands<\/p>\n<p>NOONO Studio<\/p>\n<p>Plong\u00ea<\/p>\n<p>Smart Duo<\/p>\n<p>Soma CSC<\/p>\n<p>Thanks For Sharing<\/p>\n<p>Oxygen<\/p>\n<p>* Uma empresa que participou n\u00e3o autorizou veicular o nome<\/p>\n<\/div>\n<div id=\"share-modal\" class=\"share-modal\"> <button class=\"box-close btn-share\"> <img decoding=\"async\" src=\"https:\/\/istoedinheiro.com.br\/wp-content\/themes\/dinheiro-wp-theme\/assets\/img\/svg\/closeIcon.svg?x46096\" alt=\"Close icon\" class=\"close-btn lazy\"\/> <\/button><\/div>\n<\/p><\/div>\n<p><script>!function(f,b,e,v,n,t,s){if(f.fbq)return;n=f.fbq=function(){n.callMethod?n.callMethod.apply(n,arguments):n.queue.push(arguments)};if(!f._fbq)f._fbq=n;n.push=n;n.loaded=!0;n.version='2.0';n.queue=[];t=b.createElement(e);t.async=!0;t.src=v;s=b.getElementsByTagName(e)[0];s.parentNode.insertBefore(t,s)}(window,document,'script','<\/script><br \/>\n<br \/><br \/>\n<br \/><a href=\"https:\/\/istoedinheiro.com.br\/semana-de-4-dias-no-brasil-o-que-dizem-empresas-e-funcionarios-apos-6-meses-de-teste\/\">Source link <\/a><\/p>\n<div class='code-block code-block-4' style='margin: 8px auto 8px 0; text-align: left; display: block; clear: both;'>\n\ud83d\udce2 Aviso Legal\n\nO site ismaelcolosi.com.br atua apenas como um canal de divulga\u00e7\u00e3o de oportunidades de emprego e n\u00e3o se responsabiliza pelo processo seletivo, contrata\u00e7\u00e3o ou qualquer outra etapa relacionada \u00e0s vagas publicadas. Todas as informa\u00e7\u00f5es s\u00e3o de responsabilidade dos anunciantes.\n\n\u26a0\ufe0f Aten\u00e7\u00e3o! Nunca pague por promessas de emprego nem compre cursos que garantam contrata\u00e7\u00e3o. Desconfie de qualquer cobran\u00e7a para participar de sele\u00e7\u00f5es.\n\n\n\n<\/div>\n<!-- CONTENT END 1 -->\n","protected":false},"excerpt":{"rendered":"<p>Bruno Pavani Bruno Pavan 07\/08\/2024 &#8211; 5:00 Ap\u00f3s seis meses de implanta\u00e7\u00e3o, o programa 4 Days Week divulgou os primeiros dados de funcion\u00e1rios e empresas&#8230;<\/p>\n","protected":false},"author":1,"featured_media":59204,"comment_status":"open","ping_status":"open","sticky":false,"template":"","format":"standard","meta":{"_uag_custom_page_level_css":"","advanced_seo_description":"","jetpack_seo_html_title":"","jetpack_seo_noindex":false,"jetpack_post_was_ever_published":false,"_jetpack_newsletter_access":"","_jetpack_dont_email_post_to_subs":false,"_jetpack_newsletter_tier_id":0,"_jetpack_memberships_contains_paywalled_content":false,"_jetpack_memberships_contains_paid_content":false,"footnotes":"","jetpack_publicize_message":"","jetpack_publicize_feature_enabled":true,"jetpack_social_post_already_shared":true,"jetpack_social_options":{"image_generator_settings":{"template":"highway","default_image_id":0,"font":"","enabled":false},"version":2}},"categories":[3598],"tags":[],"class_list":["post-59203","post","type-post","status-publish","format-standard","has-post-thumbnail","hentry","category-empregos-classificados-vagas-trabalho"],"jetpack_publicize_connections":[],"jetpack_featured_media_url":"https:\/\/i0.wp.com\/ismaelcolosi.com.br\/wp-content\/uploads\/2024\/08\/calendario.jpg?fit=900%2C600&ssl=1","uagb_featured_image_src":{"full":["https:\/\/i0.wp.com\/ismaelcolosi.com.br\/wp-content\/uploads\/2024\/08\/calendario.jpg?fit=900%2C600&ssl=1",900,600,false],"thumbnail":["https:\/\/i0.wp.com\/ismaelcolosi.com.br\/wp-content\/uploads\/2024\/08\/calendario.jpg?resize=150%2C150&ssl=1",150,150,true],"medium":["https:\/\/i0.wp.com\/ismaelcolosi.com.br\/wp-content\/uploads\/2024\/08\/calendario.jpg?fit=300%2C200&ssl=1",300,200,true],"medium_large":["https:\/\/i0.wp.com\/ismaelcolosi.com.br\/wp-content\/uploads\/2024\/08\/calendario.jpg?fit=768%2C512&ssl=1",768,512,true],"large":["https:\/\/i0.wp.com\/ismaelcolosi.com.br\/wp-content\/uploads\/2024\/08\/calendario.jpg?fit=900%2C600&ssl=1",900,600,true],"1536x1536":["https:\/\/i0.wp.com\/ismaelcolosi.com.br\/wp-content\/uploads\/2024\/08\/calendario.jpg?fit=900%2C600&ssl=1",900,600,true],"2048x2048":["https:\/\/i0.wp.com\/ismaelcolosi.com.br\/wp-content\/uploads\/2024\/08\/calendario.jpg?fit=900%2C600&ssl=1",900,600,true],"really-simple-thumb":["https:\/\/i0.wp.com\/ismaelcolosi.com.br\/wp-content\/uploads\/2024\/08\/calendario.jpg?resize=370%2C247&ssl=1",370,247,true]},"uagb_author_info":{"display_name":"ismaelcolosi.com.br","author_link":"https:\/\/ismaelcolosi.com.br\/index.php\/author\/vidareal-online\/"},"uagb_comment_info":0,"uagb_excerpt":"Bruno Pavani Bruno Pavan 07\/08\/2024 &#8211; 5:00 Ap\u00f3s seis meses de implanta\u00e7\u00e3o, o programa 4 Days Week divulgou os primeiros dados de funcion\u00e1rios e empresas...","jetpack-related-posts":[{"id":27772,"url":"https:\/\/ismaelcolosi.com.br\/index.php\/2024\/01\/13\/empresas-comecam-testar-a-semana-de-4-dias-de-trabalho-no-brasil\/","url_meta":{"origin":59203,"position":0},"title":"Empresas come\u00e7am testar a semana de 4 dias de trabalho no Brasil","author":"ismaelcolosi.com.br","date":"13 de January de 2024","format":false,"excerpt":"Bruno Pavani Bruno Pavan 13\/01\/2024 - 9:00 Ap\u00f3s anunciarem a ado\u00e7\u00e3o de um teste da semana de 4 dias de trabalho no final de 2023, 22 empresas come\u00e7aram a realizar a nova jornada de trabalho na primeira semana de janeiro de 2024.\u00a0O per\u00edodo de teste ser\u00e1 registrado em um estudo\u2026","rel":"","context":"In &quot;Vagas de Emprego em Ribeir\u00e3o Preto-SP&quot;","block_context":{"text":"Vagas de Emprego em Ribeir\u00e3o Preto-SP","link":"https:\/\/ismaelcolosi.com.br\/index.php\/category\/empregos-classificados-vagas-trabalho\/vagas-de-empregos-em-ribeirao-preto-regiao-brasil\/"},"img":{"alt_text":"","src":"https:\/\/i0.wp.com\/ismaelcolosi.com.br\/wp-content\/uploads\/2024\/01\/grupo-de-pessoas-trabalhando-no-plano-de-negocios-em-um-escritorio-scaled.jpg?fit=1200%2C800&ssl=1&resize=350%2C200","width":350,"height":200,"srcset":"https:\/\/i0.wp.com\/ismaelcolosi.com.br\/wp-content\/uploads\/2024\/01\/grupo-de-pessoas-trabalhando-no-plano-de-negocios-em-um-escritorio-scaled.jpg?fit=1200%2C800&ssl=1&resize=350%2C200 1x, https:\/\/i0.wp.com\/ismaelcolosi.com.br\/wp-content\/uploads\/2024\/01\/grupo-de-pessoas-trabalhando-no-plano-de-negocios-em-um-escritorio-scaled.jpg?fit=1200%2C800&ssl=1&resize=525%2C300 1.5x, https:\/\/i0.wp.com\/ismaelcolosi.com.br\/wp-content\/uploads\/2024\/01\/grupo-de-pessoas-trabalhando-no-plano-de-negocios-em-um-escritorio-scaled.jpg?fit=1200%2C800&ssl=1&resize=700%2C400 2x, https:\/\/i0.wp.com\/ismaelcolosi.com.br\/wp-content\/uploads\/2024\/01\/grupo-de-pessoas-trabalhando-no-plano-de-negocios-em-um-escritorio-scaled.jpg?fit=1200%2C800&ssl=1&resize=1050%2C600 3x"},"classes":[]},{"id":87473,"url":"https:\/\/ismaelcolosi.com.br\/index.php\/2025\/09\/11\/como-as-empresas-medem-a-produtividade-dos-funcionarios\/","url_meta":{"origin":59203,"position":1},"title":"Como as Empresas Medem a Produtividade dos Funcion\u00e1rios","author":"ismaelcolosi.com.br","date":"11 de September de 2025","format":false,"excerpt":"\r Getty Images\r Sistemas de monitoramento de produtividade podem incluir capturas de tela autom\u00e1ticas, relat\u00f3rios de sites visitados, geolocaliza\u00e7\u00e3o e an\u00e1lises de padr\u00f5es de digita\u00e7\u00e3o\r Acessibilidade \r L\r L\r A-\r A+\r \r \u25d0\r \r No Brasil e no mundo, o debate em torno da produtividade tem ganhado cada vez mais\u2026","rel":"","context":"In &quot;Carreira e Sucesso&quot;","block_context":{"text":"Carreira e Sucesso","link":"https:\/\/ismaelcolosi.com.br\/index.php\/category\/carreira-e-sucesso-dicas-para-carreira\/"},"img":{"alt_text":"","src":"https:\/\/i0.wp.com\/ismaelcolosi.com.br\/wp-content\/uploads\/2025\/09\/carreira-home-office-trabalho-remoto-1200x675.jpg?fit=1200%2C675&ssl=1&resize=350%2C200","width":350,"height":200,"srcset":"https:\/\/i0.wp.com\/ismaelcolosi.com.br\/wp-content\/uploads\/2025\/09\/carreira-home-office-trabalho-remoto-1200x675.jpg?fit=1200%2C675&ssl=1&resize=350%2C200 1x, https:\/\/i0.wp.com\/ismaelcolosi.com.br\/wp-content\/uploads\/2025\/09\/carreira-home-office-trabalho-remoto-1200x675.jpg?fit=1200%2C675&ssl=1&resize=525%2C300 1.5x, https:\/\/i0.wp.com\/ismaelcolosi.com.br\/wp-content\/uploads\/2025\/09\/carreira-home-office-trabalho-remoto-1200x675.jpg?fit=1200%2C675&ssl=1&resize=700%2C400 2x, https:\/\/i0.wp.com\/ismaelcolosi.com.br\/wp-content\/uploads\/2025\/09\/carreira-home-office-trabalho-remoto-1200x675.jpg?fit=1200%2C675&ssl=1&resize=1050%2C600 3x"},"classes":[]},{"id":66533,"url":"https:\/\/ismaelcolosi.com.br\/index.php\/2024\/09\/18\/na-contramao-do-setor-de-tecnologia-amazon-quer-os-funcionarios-cinco-dias-no-escritorio\/","url_meta":{"origin":59203,"position":2},"title":"Na contram\u00e3o do setor de tecnologia, Amazon quer os funcion\u00e1rios cinco dias no escrit\u00f3rio","author":"ismaelcolosi.com.br","date":"18 de September de 2024","format":false,"excerpt":"\u00a0 Acessibilidade L L A- A+ \u25d0 \u00a0 O CEO da Amazon, Andy Jassy, anunciou na segunda-feira (16) que, a partir de janeiro de 2025, os funcion\u00e1rios da gigante do e-commerce dever\u00e3o voltar ao modelo de trabalho presencial, com cinco dias por semana no escrit\u00f3rio. Entre os CEOs de grandes\u2026","rel":"","context":"In &quot;Carreira e Sucesso&quot;","block_context":{"text":"Carreira e Sucesso","link":"https:\/\/ismaelcolosi.com.br\/index.php\/category\/carreira-e-sucesso-dicas-para-carreira\/"},"img":{"alt_text":"","src":"https:\/\/i0.wp.com\/ismaelcolosi.com.br\/wp-content\/uploads\/2024\/09\/Design-sem-nome-15-1024x683.jpg?fit=1024%2C683&ssl=1&resize=350%2C200","width":350,"height":200,"srcset":"https:\/\/i0.wp.com\/ismaelcolosi.com.br\/wp-content\/uploads\/2024\/09\/Design-sem-nome-15-1024x683.jpg?fit=1024%2C683&ssl=1&resize=350%2C200 1x, https:\/\/i0.wp.com\/ismaelcolosi.com.br\/wp-content\/uploads\/2024\/09\/Design-sem-nome-15-1024x683.jpg?fit=1024%2C683&ssl=1&resize=525%2C300 1.5x, https:\/\/i0.wp.com\/ismaelcolosi.com.br\/wp-content\/uploads\/2024\/09\/Design-sem-nome-15-1024x683.jpg?fit=1024%2C683&ssl=1&resize=700%2C400 2x"},"classes":[]},{"id":25476,"url":"https:\/\/ismaelcolosi.com.br\/index.php\/2024\/01\/07\/carreira-43-pediriam-demissao-em-caso-de-retorno-ao-trabalho-100-presencial\/","url_meta":{"origin":59203,"position":3},"title":"Carreira: 43% pediriam demiss\u00e3o em caso de retorno ao trabalho 100% presencial","author":"ismaelcolosi.com.br","date":"7 de January de 2024","format":false,"excerpt":"Bruno Pavani Bruno Pavan 07\/01\/2024 - 15:00 Ap\u00f3s um boom de vagas remotas ou h\u00edbridas por conta da pandemia de Covid-19, cada vez mais empresas est\u00e3o exigindo que seus funcion\u00e1rios voltem ao modelo de trabalho 100% presencial. De acordo com a plataforma Infojobs, entre novembro de 2022 e janeiro de\u2026","rel":"","context":"In &quot;Vagas de Emprego em Ribeir\u00e3o Preto-SP&quot;","block_context":{"text":"Vagas de Emprego em Ribeir\u00e3o Preto-SP","link":"https:\/\/ismaelcolosi.com.br\/index.php\/category\/empregos-classificados-vagas-trabalho\/vagas-de-empregos-em-ribeirao-preto-regiao-brasil\/"},"img":{"alt_text":"","src":"https:\/\/i0.wp.com\/ismaelcolosi.com.br\/wp-content\/uploads\/2024\/01\/pexels-fauxels-3183150-scaled.jpg?fit=1200%2C801&ssl=1&resize=350%2C200","width":350,"height":200,"srcset":"https:\/\/i0.wp.com\/ismaelcolosi.com.br\/wp-content\/uploads\/2024\/01\/pexels-fauxels-3183150-scaled.jpg?fit=1200%2C801&ssl=1&resize=350%2C200 1x, https:\/\/i0.wp.com\/ismaelcolosi.com.br\/wp-content\/uploads\/2024\/01\/pexels-fauxels-3183150-scaled.jpg?fit=1200%2C801&ssl=1&resize=525%2C300 1.5x, https:\/\/i0.wp.com\/ismaelcolosi.com.br\/wp-content\/uploads\/2024\/01\/pexels-fauxels-3183150-scaled.jpg?fit=1200%2C801&ssl=1&resize=700%2C400 2x, https:\/\/i0.wp.com\/ismaelcolosi.com.br\/wp-content\/uploads\/2024\/01\/pexels-fauxels-3183150-scaled.jpg?fit=1200%2C801&ssl=1&resize=1050%2C600 3x"},"classes":[]},{"id":18837,"url":"https:\/\/ismaelcolosi.com.br\/index.php\/2023\/12\/21\/como-ficam-as-acoes-das-empresas-apos-demissoes\/","url_meta":{"origin":59203,"position":4},"title":"Como ficam as a\u00e7\u00f5es das empresas ap\u00f3s demiss\u00f5es","author":"ismaelcolosi.com.br","date":"21 de December de 2023","format":false,"excerpt":"Getty ImagesO portal Layoffs.fyi estima que 257.538 pessoas tenham sido desligadas de 1.154 empresas de tecnologia em 2023 No in\u00edcio deste m\u00eas, o Spotify anunciou que iria demitir 1,5 mil funcion\u00e1rios em um esfor\u00e7o de corte de gastos. No pr\u00e9-mercado do mesmo dia, as a\u00e7\u00f5es da empresa j\u00e1 haviam aumentado\u2026","rel":"","context":"In &quot;Carreira e Sucesso&quot;","block_context":{"text":"Carreira e Sucesso","link":"https:\/\/ismaelcolosi.com.br\/index.php\/category\/carreira-e-sucesso-dicas-para-carreira\/"},"img":{"alt_text":"","src":"https:\/\/i0.wp.com\/ismaelcolosi.com.br\/wp-content\/uploads\/2023\/12\/carreira-demissao-layoffs-1024x683.jpg?fit=1024%2C683&ssl=1&resize=350%2C200","width":350,"height":200,"srcset":"https:\/\/i0.wp.com\/ismaelcolosi.com.br\/wp-content\/uploads\/2023\/12\/carreira-demissao-layoffs-1024x683.jpg?fit=1024%2C683&ssl=1&resize=350%2C200 1x, https:\/\/i0.wp.com\/ismaelcolosi.com.br\/wp-content\/uploads\/2023\/12\/carreira-demissao-layoffs-1024x683.jpg?fit=1024%2C683&ssl=1&resize=525%2C300 1.5x, https:\/\/i0.wp.com\/ismaelcolosi.com.br\/wp-content\/uploads\/2023\/12\/carreira-demissao-layoffs-1024x683.jpg?fit=1024%2C683&ssl=1&resize=700%2C400 2x"},"classes":[]},{"id":63816,"url":"https:\/\/ismaelcolosi.com.br\/index.php\/2024\/09\/04\/semana-de-4-dias-no-brasil-empresas-ja-podem-se-cadastrar-na-2a-edicao-do-projeto\/","url_meta":{"origin":59203,"position":5},"title":"Semana de 4 dias no Brasil: empresas j\u00e1 podem se cadastrar na 2\u00aa edi\u00e7\u00e3o do projeto","author":"ismaelcolosi.com.br","date":"4 de September de 2024","format":false,"excerpt":"Bruno Pavani Bruno Pavan 04\/09\/2024 - 6:30 O segundo piloto da semana 4 dias, projeto que apresenta novas organiza\u00e7\u00f5es de trabalho, est\u00e1 com as inscri\u00e7\u00f5es abertas at\u00e9 o final de setembro. As empresas interessadas em participar podem se inscrever pelo link.\u00a0\u00a0O modelo adotado \u00e9 o 100-80-100: 100% de pagamento do\u2026","rel":"","context":"In &quot;Empregos - Classificados&quot;","block_context":{"text":"Empregos - Classificados","link":"https:\/\/ismaelcolosi.com.br\/index.php\/category\/empregos-classificados-vagas-trabalho\/"},"img":{"alt_text":"","src":"https:\/\/i0.wp.com\/ismaelcolosi.com.br\/wp-content\/uploads\/2024\/09\/escritorio.jpg?fit=900%2C600&ssl=1&resize=350%2C200","width":350,"height":200,"srcset":"https:\/\/i0.wp.com\/ismaelcolosi.com.br\/wp-content\/uploads\/2024\/09\/escritorio.jpg?fit=900%2C600&ssl=1&resize=350%2C200 1x, https:\/\/i0.wp.com\/ismaelcolosi.com.br\/wp-content\/uploads\/2024\/09\/escritorio.jpg?fit=900%2C600&ssl=1&resize=525%2C300 1.5x, https:\/\/i0.wp.com\/ismaelcolosi.com.br\/wp-content\/uploads\/2024\/09\/escritorio.jpg?fit=900%2C600&ssl=1&resize=700%2C400 2x"},"classes":[]}],"jetpack_sharing_enabled":true,"jetpack_shortlink":"https:\/\/wp.me\/pfMlyK-foT","_links":{"self":[{"href":"https:\/\/ismaelcolosi.com.br\/index.php\/wp-json\/wp\/v2\/posts\/59203","targetHints":{"allow":["GET"]}}],"collection":[{"href":"https:\/\/ismaelcolosi.com.br\/index.php\/wp-json\/wp\/v2\/posts"}],"about":[{"href":"https:\/\/ismaelcolosi.com.br\/index.php\/wp-json\/wp\/v2\/types\/post"}],"author":[{"embeddable":true,"href":"https:\/\/ismaelcolosi.com.br\/index.php\/wp-json\/wp\/v2\/users\/1"}],"replies":[{"embeddable":true,"href":"https:\/\/ismaelcolosi.com.br\/index.php\/wp-json\/wp\/v2\/comments?post=59203"}],"version-history":[{"count":0,"href":"https:\/\/ismaelcolosi.com.br\/index.php\/wp-json\/wp\/v2\/posts\/59203\/revisions"}],"wp:featuredmedia":[{"embeddable":true,"href":"https:\/\/ismaelcolosi.com.br\/index.php\/wp-json\/wp\/v2\/media\/59204"}],"wp:attachment":[{"href":"https:\/\/ismaelcolosi.com.br\/index.php\/wp-json\/wp\/v2\/media?parent=59203"}],"wp:term":[{"taxonomy":"category","embeddable":true,"href":"https:\/\/ismaelcolosi.com.br\/index.php\/wp-json\/wp\/v2\/categories?post=59203"},{"taxonomy":"post_tag","embeddable":true,"href":"https:\/\/ismaelcolosi.com.br\/index.php\/wp-json\/wp\/v2\/tags?post=59203"}],"curies":[{"name":"wp","href":"https:\/\/api.w.org\/{rel}","templated":true}]}}