{"id":59201,"date":"2024-08-06T22:45:17","date_gmt":"2024-08-07T01:45:17","guid":{"rendered":"https:\/\/ismaelcolosi.com.br\/index.php\/2024\/08\/06\/tse-lanca-canal-para-receber-denuncias-de-desinformacao-nas-eleicoes\/"},"modified":"2024-08-06T22:45:17","modified_gmt":"2024-08-07T01:45:17","slug":"tse-lanca-canal-para-receber-denuncias-de-desinformacao-nas-eleicoes","status":"publish","type":"post","link":"https:\/\/ismaelcolosi.com.br\/index.php\/2024\/08\/06\/tse-lanca-canal-para-receber-denuncias-de-desinformacao-nas-eleicoes\/","title":{"rendered":"TSE lan\u00e7a canal para receber den\u00fancias de desinforma\u00e7\u00e3o nas elei\u00e7\u00f5es"},"content":{"rendered":"<p> <br \/>\n<\/p>\n<div>\n<p>A<strong> presidente do Tribunal Superior Eleitoral (TSE)<\/strong>, ministra <strong>C\u00e1rmen L\u00facia<\/strong>, informou nesta ter\u00e7a-feira (6) que os eleitores poder\u00e3o denunciar casos de desinforma\u00e7\u00e3o durante a campanha eleitoral.\u00a0<img data-recalc-dims=\"1\" decoding=\"async\" src=\"https:\/\/i0.wp.com\/agenciabrasil.ebc.com.br\/ebc.png?ssl=1\"\/><img data-recalc-dims=\"1\" decoding=\"async\" src=\"https:\/\/i0.wp.com\/agenciabrasil.ebc.com.br\/ebc.gif?ssl=1\"\/><\/p>\n<p><mark style=\"background-color:#fcb900\" class=\"has-inline-color\">A <strong>Justi\u00e7a Eleitoral <\/strong>vai disponibilizar o n\u00famero telef\u00f4nico <strong>1491<\/strong>, pelo qual o cidad\u00e3o poder\u00e1 informar \u00e0 Justi\u00e7a Eleitoral qualquer tipo de desinforma\u00e7\u00e3o que tiver presenciado. <strong>A liga\u00e7\u00e3o \u00e9 gratuita<\/strong>.\u00a0<\/mark><\/p>\n<p>Ao receber a den\u00fancia, o <strong>Centro Integrado de Enfrentamento \u00e0 Desinforma\u00e7\u00e3o e Defesa da Democracia<\/strong>, \u00f3rg\u00e3o do <strong>TSE<\/strong>, vai verificar a proced\u00eancia da informa\u00e7\u00e3o e encaminhar o caso para a <strong>Pol\u00edcia Federal<\/strong> ou o <strong>Minist\u00e9rio P\u00fablico Eleitoral (MPE)<\/strong> para as provid\u00eancias cab\u00edveis. <mark style=\"background-color:#fcb900\" class=\"has-inline-color\">O servi\u00e7o estar\u00e1 dispon\u00edvel a partir desta quarta-feira\u00a0(7).\u00a0<\/mark><\/p>\n<p>Al\u00e9m disso, a Pol\u00edcia Federal ter\u00e1 um painel de acompanhamento do andamento das den\u00fancias recebidas.\u00a0<\/p>\n<figure class=\"wp-block-pullquote\">\n<blockquote>\n<p>\u201cSer\u00e1 devidamente encaminhado para que, em tempo e velocidade recorde, a gente possa ter a resposta devida a essa den\u00fancia, essa desconfian\u00e7a, para que a pessoa n\u00e3o se engane daquilo que \u00e9 passado\u201d, afirmou a presidente.\u00a0<\/p>\n<\/blockquote>\n<\/figure>\n<p>A ministra tamb\u00e9m informou que as <strong>plataformas de internet <\/strong>assinaram acordos com o <strong>TSE <\/strong>para combater a desinforma\u00e7\u00e3o durante o pleito. De acordo com a presidente, as redes sociais dever\u00e3o colaborar com a Justi\u00e7a Eleitoral para garantir o voto livre e sem contamina\u00e7\u00e3o por mentiras.\u00a0<\/p>\n<p>\u201cEsses acordos foram assinados nos \u00faltimos dias e j\u00e1 est\u00e3o em vigor\u201d, completou a ministra.\u00a0<\/p>\n<h4 class=\"wp-block-heading\"><strong>Campanha eleitoral<\/strong><\/h4>\n<p>Nesta<strong> ter\u00e7a-feira (6)<\/strong>, o <strong>TSE <\/strong>tamb\u00e9m lan\u00e7ou uma campanha informativa em parceria com a <strong>Associa\u00e7\u00e3o Nacional dos Editores de Revistas (Aner)<\/strong> para evitar a dissemina\u00e7\u00e3o de mentiras durante o pleito. Com o slogan \u201c<strong>Jornalismo \u00e9 confi\u00e1vel<\/strong>\u201c, a campanha trar\u00e1 an\u00fancios informativos para esclarecer o eleitor e evitar a propaga\u00e7\u00e3o de mentiras que possam abalar o pleito.\u00a0<\/p>\n<hr class=\"wp-block-separator has-alpha-channel-opacity\"\/>\n<p>SAIBA MAIS<\/p>\n<p>Ribeir\u00e3o Preto tem inscri\u00e7\u00e3o para castra\u00e7\u00e3o gratuita de c\u00e3es e gatos; Veja quando<\/p>\n<h4 class=\"wp-block-heading\"><strong>FIQUE ON<\/strong><\/h4>\n<p>Fique ligado em tudo que acontece em Ribeir\u00e3o Preto e regi\u00e3o. Siga os perfis do\u00a0<strong>acidade on<\/strong>\u00a0no<a href=\"https:\/\/www.instagram.com\/acidadeonribeirao\/\" target=\"_blank\" rel=\"noreferrer noopener\">\u00a0Instagram<\/a>\u00a0e no\u00a0<a href=\"https:\/\/www.facebook.com\/acidadeonribeirao\/\" target=\"_blank\" rel=\"noreferrer noopener\">Facebook<\/a>.<\/p>\n<p>Receba not\u00edcias do<strong>\u00a0acidade on<\/strong>\u00a0no WhatsApp.\u00a0<a href=\"https:\/\/chat.whatsapp.com\/Dtv9mxhy6V5BJBotM2OQ5k\" target=\"_blank\" rel=\"noreferrer noopener\">Para entrar no grupo, basta clicar aqui.<\/a><\/p>\n<p>Fa\u00e7a uma den\u00fancia ou sugira uma reportagem sobre Ribeir\u00e3o Preto e regi\u00e3o pelo WhatsApp: 16 99117 7802.<\/p>\n<p>VEJA TAMB\u00c9M<\/p>\n<p>Com quem professora Lu fica em \u2018Renascer\u2019?<\/p>\n<p><!-- CONTENT END 1 -->\n<\/div>\n<p><script async src=\"\/\/www.instagram.com\/embed.js\"><\/script><br \/>\n<br \/><br \/>\n<br \/><a href=\"https:\/\/www.acidadeon.com\/ribeiraopreto\/politica\/tse-lanca-canal-para-receber-denuncias-de-desinformacao-nas-eleicoes\/\">Source link <\/a><\/p>\n","protected":false},"excerpt":{"rendered":"<p>A presidente do Tribunal Superior Eleitoral (TSE), ministra C\u00e1rmen L\u00facia, informou nesta ter\u00e7a-feira (6) que os eleitores poder\u00e3o denunciar casos de desinforma\u00e7\u00e3o durante a campanha&#8230;<\/p>\n","protected":false},"author":1,"featured_media":59202,"comment_status":"open","ping_status":"open","sticky":false,"template":"","format":"standard","meta":{"_uag_custom_page_level_css":"","advanced_seo_description":"","jetpack_seo_html_title":"","jetpack_seo_noindex":false,"jetpack_post_was_ever_published":false,"_jetpack_newsletter_access":"","_jetpack_dont_email_post_to_subs":false,"_jetpack_newsletter_tier_id":0,"_jetpack_memberships_contains_paywalled_content":false,"_jetpack_memberships_contains_paid_content":false,"footnotes":"","jetpack_publicize_message":"","jetpack_publicize_feature_enabled":true,"jetpack_social_post_already_shared":true,"jetpack_social_options":{"image_generator_settings":{"template":"highway","default_image_id":0,"font":"","enabled":false},"version":2}},"categories":[11],"tags":[],"class_list":["post-59201","post","type-post","status-publish","format-standard","has-post-thumbnail","hentry","category-noticias-de-ribeirao-preto-sp-e-regiao-ismael-colosi"],"jetpack_publicize_connections":[],"jetpack_featured_media_url":"https:\/\/i0.wp.com\/ismaelcolosi.com.br\/wp-content\/uploads\/2024\/08\/08-10-2020_tse-3.jpg?fit=1170%2C700&ssl=1","uagb_featured_image_src":{"full":["https:\/\/i0.wp.com\/ismaelcolosi.com.br\/wp-content\/uploads\/2024\/08\/08-10-2020_tse-3.jpg?fit=1170%2C700&ssl=1",1170,700,false],"thumbnail":["https:\/\/i0.wp.com\/ismaelcolosi.com.br\/wp-content\/uploads\/2024\/08\/08-10-2020_tse-3.jpg?resize=150%2C150&ssl=1",150,150,true],"medium":["https:\/\/i0.wp.com\/ismaelcolosi.com.br\/wp-content\/uploads\/2024\/08\/08-10-2020_tse-3.jpg?fit=300%2C179&ssl=1",300,179,true],"medium_large":["https:\/\/i0.wp.com\/ismaelcolosi.com.br\/wp-content\/uploads\/2024\/08\/08-10-2020_tse-3.jpg?fit=768%2C459&ssl=1",768,459,true],"large":["https:\/\/i0.wp.com\/ismaelcolosi.com.br\/wp-content\/uploads\/2024\/08\/08-10-2020_tse-3.jpg?fit=1024%2C613&ssl=1",1024,613,true],"1536x1536":["https:\/\/i0.wp.com\/ismaelcolosi.com.br\/wp-content\/uploads\/2024\/08\/08-10-2020_tse-3.jpg?fit=1170%2C700&ssl=1",1170,700,true],"2048x2048":["https:\/\/i0.wp.com\/ismaelcolosi.com.br\/wp-content\/uploads\/2024\/08\/08-10-2020_tse-3.jpg?fit=1170%2C700&ssl=1",1170,700,true],"really-simple-thumb":["https:\/\/i0.wp.com\/ismaelcolosi.com.br\/wp-content\/uploads\/2024\/08\/08-10-2020_tse-3.jpg?resize=370%2C247&ssl=1",370,247,true]},"uagb_author_info":{"display_name":"ismaelcolosi.com.br","author_link":"https:\/\/ismaelcolosi.com.br\/index.php\/author\/vidareal-online\/"},"uagb_comment_info":0,"uagb_excerpt":"A presidente do Tribunal Superior Eleitoral (TSE), ministra C\u00e1rmen L\u00facia, informou nesta ter\u00e7a-feira (6) que os eleitores poder\u00e3o denunciar casos de desinforma\u00e7\u00e3o durante a campanha...","jetpack-related-posts":[{"id":43000,"url":"https:\/\/ismaelcolosi.com.br\/index.php\/2024\/03\/18\/justica-eleitoral-quer-incentivar-jovem-eleitor\/","url_meta":{"origin":59201,"position":0},"title":"Justi\u00e7a Eleitoral promove Semana do Jovem Eleitor","author":"ismaelcolosi.com.br","date":"18 de March de 2024","format":false,"excerpt":"18 de mar\u00e7o de 2024 | 16:0018 de mar\u00e7o de 2024 | 12:41 0A Justi\u00e7a Eleitoral lan\u00e7ou nesta segunda-feira (18) a Semana do Jovem Eleitoral 2024, voltada a incentivar o alistamento eleitoral de jovens entre 15 e 17 anos, que n\u00e3o s\u00e3o obrigados, mas j\u00e1 podem votar nas elei\u00e7\u00f5es municipais\u2026","rel":"","context":"In &quot;Not\u00edcias de Ribeir\u00e3o Preto-SP e Regi\u00e3o&quot;","block_context":{"text":"Not\u00edcias de Ribeir\u00e3o Preto-SP e Regi\u00e3o","link":"https:\/\/ismaelcolosi.com.br\/index.php\/category\/noticias-de-ribeirao-preto-sp-e-regiao-ismael-colosi\/"},"img":{"alt_text":"","src":"https:\/\/i0.wp.com\/ismaelcolosi.com.br\/wp-content\/uploads\/2024\/03\/IMG_2381-JPG-scaled.jpg?fit=1000%2C562&ssl=1&resize=350%2C200","width":350,"height":200,"srcset":"https:\/\/i0.wp.com\/ismaelcolosi.com.br\/wp-content\/uploads\/2024\/03\/IMG_2381-JPG-scaled.jpg?fit=1000%2C562&ssl=1&resize=350%2C200 1x, https:\/\/i0.wp.com\/ismaelcolosi.com.br\/wp-content\/uploads\/2024\/03\/IMG_2381-JPG-scaled.jpg?fit=1000%2C562&ssl=1&resize=525%2C300 1.5x, https:\/\/i0.wp.com\/ismaelcolosi.com.br\/wp-content\/uploads\/2024\/03\/IMG_2381-JPG-scaled.jpg?fit=1000%2C562&ssl=1&resize=700%2C400 2x"},"classes":[]},{"id":23118,"url":"https:\/\/ismaelcolosi.com.br\/index.php\/2024\/01\/01\/tse-pede-sugestoes-sobre-as-eleicoes-2024-e-pesquisas-eleitorais\/","url_meta":{"origin":59201,"position":1},"title":"TSE pede sugest\u00f5es sobre as elei\u00e7\u00f5es 2024 e pesquisas eleitorais","author":"ismaelcolosi.com.br","date":"1 de January de 2024","format":false,"excerpt":"1 de janeiro de 2024 | 10:0031 de dezembro de 2023 | 14:43 0O Tribunal Superior Eleitoral (TSE) vai recolher sugest\u00f5es de pessoas e institui\u00e7\u00f5es p\u00fablicas e privadas para aprimorar as resolu\u00e7\u00f5es que v\u00e3o reger as elei\u00e7\u00f5es de 2024. As ideias podem ser enviadas por meio de um formul\u00e1rio que\u2026","rel":"","context":"In &quot;Not\u00edcias de Ribeir\u00e3o Preto-SP e Regi\u00e3o&quot;","block_context":{"text":"Not\u00edcias de Ribeir\u00e3o Preto-SP e Regi\u00e3o","link":"https:\/\/ismaelcolosi.com.br\/index.php\/category\/noticias-de-ribeirao-preto-sp-e-regiao-ismael-colosi\/"},"img":{"alt_text":"","src":"https:\/\/i0.wp.com\/ismaelcolosi.com.br\/wp-content\/uploads\/2024\/01\/b67ea840-d22d-4a93-95c7-51651cc79e11-scaled.jpg?fit=1000%2C598&ssl=1&resize=350%2C200","width":350,"height":200,"srcset":"https:\/\/i0.wp.com\/ismaelcolosi.com.br\/wp-content\/uploads\/2024\/01\/b67ea840-d22d-4a93-95c7-51651cc79e11-scaled.jpg?fit=1000%2C598&ssl=1&resize=350%2C200 1x, https:\/\/i0.wp.com\/ismaelcolosi.com.br\/wp-content\/uploads\/2024\/01\/b67ea840-d22d-4a93-95c7-51651cc79e11-scaled.jpg?fit=1000%2C598&ssl=1&resize=525%2C300 1.5x, https:\/\/i0.wp.com\/ismaelcolosi.com.br\/wp-content\/uploads\/2024\/01\/b67ea840-d22d-4a93-95c7-51651cc79e11-scaled.jpg?fit=1000%2C598&ssl=1&resize=700%2C400 2x"},"classes":[]},{"id":11815,"url":"https:\/\/ismaelcolosi.com.br\/index.php\/2023\/12\/06\/tse-fecha-acordo-com-anatel-para-derrubada-imediata-de-sites-com-fake-news\/","url_meta":{"origin":59201,"position":2},"title":"TSE fecha acordo com Anatel para derrubada imediata de sites com fake news","author":"ismaelcolosi.com.br","date":"6 de December de 2023","format":false,"excerpt":"O presidente do Tribunal Superior Eleitoral (TSE), Alexandre de Moraes, assinou na \u00faltima ter\u00e7a-feira, 5, um acordo de coopera\u00e7\u00e3o t\u00e9cnica com a Ag\u00eancia Nacional de Telecomunica\u00e7\u00f5es (Anatel) para acelerar o processo de remo\u00e7\u00e3o de sites identificados como propagadores de fake news.Antes, o processo dependia de que um oficial de Justi\u00e7a\u2026","rel":"","context":"In &quot;Not\u00edcias de Ribeir\u00e3o Preto-SP e Regi\u00e3o&quot;","block_context":{"text":"Not\u00edcias de Ribeir\u00e3o Preto-SP e Regi\u00e3o","link":"https:\/\/ismaelcolosi.com.br\/index.php\/category\/noticias-de-ribeirao-preto-sp-e-regiao-ismael-colosi\/"},"img":{"alt_text":"","src":"https:\/\/i0.wp.com\/ismaelcolosi.com.br\/wp-content\/uploads\/2023\/12\/fake.jpeg?fit=829%2C409&ssl=1&resize=350%2C200","width":350,"height":200,"srcset":"https:\/\/i0.wp.com\/ismaelcolosi.com.br\/wp-content\/uploads\/2023\/12\/fake.jpeg?fit=829%2C409&ssl=1&resize=350%2C200 1x, https:\/\/i0.wp.com\/ismaelcolosi.com.br\/wp-content\/uploads\/2023\/12\/fake.jpeg?fit=829%2C409&ssl=1&resize=525%2C300 1.5x, https:\/\/i0.wp.com\/ismaelcolosi.com.br\/wp-content\/uploads\/2023\/12\/fake.jpeg?fit=829%2C409&ssl=1&resize=700%2C400 2x"},"classes":[]},{"id":73878,"url":"https:\/\/ismaelcolosi.com.br\/index.php\/2024\/10\/29\/eleitores-ausentes-no-segundo-turno-tem-ate-7-de-janeiro-para-justificar-voto\/","url_meta":{"origin":59201,"position":3},"title":"Eleitores Ausentes no Segundo Turno T\u00eam At\u00e9 7 de Janeiro para Justificar Voto","author":"ismaelcolosi.com.br","date":"29 de October de 2024","format":false,"excerpt":"O Tribunal Superior Eleitoral (TSE) estabeleceu o dia 7 de janeiro de 2025 como o prazo final para que eleitores que n\u00e3o compareceram ao segundo turno das elei\u00e7\u00f5es deste ano justifiquem sua aus\u00eancia. A medida \u00e9 crucial para os eleitores que n\u00e3o puderam votar e desejam manter sua situa\u00e7\u00e3o regular\u2026","rel":"","context":"In &quot;Not\u00edcias de Ribeir\u00e3o Preto-SP e Regi\u00e3o&quot;","block_context":{"text":"Not\u00edcias de Ribeir\u00e3o Preto-SP e Regi\u00e3o","link":"https:\/\/ismaelcolosi.com.br\/index.php\/category\/noticias-de-ribeirao-preto-sp-e-regiao-ismael-colosi\/"},"img":{"alt_text":"","src":"https:\/\/i0.wp.com\/ismaelcolosi.com.br\/wp-content\/uploads\/2024\/10\/lacracao-urnas-eletronicas_mcamgo_abr_210920221818-11.webp.webp?fit=1170%2C700&ssl=1&resize=350%2C200","width":350,"height":200,"srcset":"https:\/\/i0.wp.com\/ismaelcolosi.com.br\/wp-content\/uploads\/2024\/10\/lacracao-urnas-eletronicas_mcamgo_abr_210920221818-11.webp.webp?fit=1170%2C700&ssl=1&resize=350%2C200 1x, https:\/\/i0.wp.com\/ismaelcolosi.com.br\/wp-content\/uploads\/2024\/10\/lacracao-urnas-eletronicas_mcamgo_abr_210920221818-11.webp.webp?fit=1170%2C700&ssl=1&resize=525%2C300 1.5x, https:\/\/i0.wp.com\/ismaelcolosi.com.br\/wp-content\/uploads\/2024\/10\/lacracao-urnas-eletronicas_mcamgo_abr_210920221818-11.webp.webp?fit=1170%2C700&ssl=1&resize=700%2C400 2x, https:\/\/i0.wp.com\/ismaelcolosi.com.br\/wp-content\/uploads\/2024\/10\/lacracao-urnas-eletronicas_mcamgo_abr_210920221818-11.webp.webp?fit=1170%2C700&ssl=1&resize=1050%2C600 3x"},"classes":[]},{"id":73946,"url":"https:\/\/ismaelcolosi.com.br\/index.php\/2024\/10\/29\/utm_sourcerssutm_mediumrssutm_campaigneleitores-ausentes-no-segundo-turno-tem-ate-7-de-janeiro-para-justificar-voto\/","url_meta":{"origin":59201,"position":4},"title":"Eleitores Ausentes no Segundo Turno T\u00eam At\u00e9 7 de Janeiro para Justificar Voto","author":"ismaelcolosi.com.br","date":"29 de October de 2024","format":false,"excerpt":"O Tribunal Superior Eleitoral (TSE) estabeleceu o dia 7 de janeiro de 2025 como o prazo final para que eleitores que n\u00e3o compareceram ao segundo turno das elei\u00e7\u00f5es deste ano justifiquem sua aus\u00eancia. A medida \u00e9 crucial para os eleitores que n\u00e3o puderam votar e desejam manter sua situa\u00e7\u00e3o regular\u2026","rel":"","context":"In &quot;Not\u00edcias de Ribeir\u00e3o Preto-SP e Regi\u00e3o&quot;","block_context":{"text":"Not\u00edcias de Ribeir\u00e3o Preto-SP e Regi\u00e3o","link":"https:\/\/ismaelcolosi.com.br\/index.php\/category\/noticias-de-ribeirao-preto-sp-e-regiao-ismael-colosi\/"},"img":{"alt_text":"","src":"https:\/\/i0.wp.com\/ismaelcolosi.com.br\/wp-content\/uploads\/2024\/10\/lacracao-urnas-eletronicas_mcamgo_abr_210920221818-11.webp.webp?fit=1170%2C700&ssl=1&resize=350%2C200","width":350,"height":200,"srcset":"https:\/\/i0.wp.com\/ismaelcolosi.com.br\/wp-content\/uploads\/2024\/10\/lacracao-urnas-eletronicas_mcamgo_abr_210920221818-11.webp.webp?fit=1170%2C700&ssl=1&resize=350%2C200 1x, https:\/\/i0.wp.com\/ismaelcolosi.com.br\/wp-content\/uploads\/2024\/10\/lacracao-urnas-eletronicas_mcamgo_abr_210920221818-11.webp.webp?fit=1170%2C700&ssl=1&resize=525%2C300 1.5x, https:\/\/i0.wp.com\/ismaelcolosi.com.br\/wp-content\/uploads\/2024\/10\/lacracao-urnas-eletronicas_mcamgo_abr_210920221818-11.webp.webp?fit=1170%2C700&ssl=1&resize=700%2C400 2x, https:\/\/i0.wp.com\/ismaelcolosi.com.br\/wp-content\/uploads\/2024\/10\/lacracao-urnas-eletronicas_mcamgo_abr_210920221818-11.webp.webp?fit=1170%2C700&ssl=1&resize=1050%2C600 3x"},"classes":[]},{"id":28556,"url":"https:\/\/ismaelcolosi.com.br\/index.php\/2024\/01\/16\/tse-recebe-ate-sexta-19-sugestoes-sobre-regras-para-eleicoes\/","url_meta":{"origin":59201,"position":5},"title":"TSE recebe at\u00e9 sexta (19) sugest\u00f5es sobre regras para elei\u00e7\u00f5es","author":"ismaelcolosi.com.br","date":"16 de January de 2024","format":false,"excerpt":"15 de janeiro de 2024 | 16:0015 de janeiro de 2024 | 12:46 0O Tribunal Superior Eleitoral (TSE) recebe at\u00e9 a pr\u00f3xima sexta-feira (19) sugest\u00f5es sobre as regras que v\u00e3o valer para as elei\u00e7\u00f5es municipais de outubro. Ao todo, s\u00e3o 10 temas sob consulta, que devem ser regulados por resolu\u00e7\u00f5es\u2026","rel":"","context":"In &quot;Not\u00edcias de Ribeir\u00e3o Preto-SP e Regi\u00e3o&quot;","block_context":{"text":"Not\u00edcias de Ribeir\u00e3o Preto-SP e Regi\u00e3o","link":"https:\/\/ismaelcolosi.com.br\/index.php\/category\/noticias-de-ribeirao-preto-sp-e-regiao-ismael-colosi\/"},"img":{"alt_text":"","src":"https:\/\/i0.wp.com\/ismaelcolosi.com.br\/wp-content\/uploads\/2024\/01\/tse_1908200982-1-scaled.jpg?fit=1000%2C598&ssl=1&resize=350%2C200","width":350,"height":200,"srcset":"https:\/\/i0.wp.com\/ismaelcolosi.com.br\/wp-content\/uploads\/2024\/01\/tse_1908200982-1-scaled.jpg?fit=1000%2C598&ssl=1&resize=350%2C200 1x, https:\/\/i0.wp.com\/ismaelcolosi.com.br\/wp-content\/uploads\/2024\/01\/tse_1908200982-1-scaled.jpg?fit=1000%2C598&ssl=1&resize=525%2C300 1.5x, https:\/\/i0.wp.com\/ismaelcolosi.com.br\/wp-content\/uploads\/2024\/01\/tse_1908200982-1-scaled.jpg?fit=1000%2C598&ssl=1&resize=700%2C400 2x"},"classes":[]}],"jetpack_sharing_enabled":true,"jetpack_shortlink":"https:\/\/wp.me\/pfMlyK-foR","_links":{"self":[{"href":"https:\/\/ismaelcolosi.com.br\/index.php\/wp-json\/wp\/v2\/posts\/59201","targetHints":{"allow":["GET"]}}],"collection":[{"href":"https:\/\/ismaelcolosi.com.br\/index.php\/wp-json\/wp\/v2\/posts"}],"about":[{"href":"https:\/\/ismaelcolosi.com.br\/index.php\/wp-json\/wp\/v2\/types\/post"}],"author":[{"embeddable":true,"href":"https:\/\/ismaelcolosi.com.br\/index.php\/wp-json\/wp\/v2\/users\/1"}],"replies":[{"embeddable":true,"href":"https:\/\/ismaelcolosi.com.br\/index.php\/wp-json\/wp\/v2\/comments?post=59201"}],"version-history":[{"count":0,"href":"https:\/\/ismaelcolosi.com.br\/index.php\/wp-json\/wp\/v2\/posts\/59201\/revisions"}],"wp:featuredmedia":[{"embeddable":true,"href":"https:\/\/ismaelcolosi.com.br\/index.php\/wp-json\/wp\/v2\/media\/59202"}],"wp:attachment":[{"href":"https:\/\/ismaelcolosi.com.br\/index.php\/wp-json\/wp\/v2\/media?parent=59201"}],"wp:term":[{"taxonomy":"category","embeddable":true,"href":"https:\/\/ismaelcolosi.com.br\/index.php\/wp-json\/wp\/v2\/categories?post=59201"},{"taxonomy":"post_tag","embeddable":true,"href":"https:\/\/ismaelcolosi.com.br\/index.php\/wp-json\/wp\/v2\/tags?post=59201"}],"curies":[{"name":"wp","href":"https:\/\/api.w.org\/{rel}","templated":true}]}}