{"id":59199,"date":"2024-08-06T22:31:17","date_gmt":"2024-08-07T01:31:17","guid":{"rendered":"https:\/\/ismaelcolosi.com.br\/index.php\/2024\/08\/06\/homem-morre-apos-perseguicao-policial-e-troca-de-tiros-na-regiao-de-ribeirao\/"},"modified":"2024-08-06T22:31:17","modified_gmt":"2024-08-07T01:31:17","slug":"homem-morre-apos-perseguicao-policial-e-troca-de-tiros-na-regiao-de-ribeirao","status":"publish","type":"post","link":"https:\/\/ismaelcolosi.com.br\/index.php\/2024\/08\/06\/homem-morre-apos-perseguicao-policial-e-troca-de-tiros-na-regiao-de-ribeirao\/","title":{"rendered":"Homem morre ap\u00f3s persegui\u00e7\u00e3o policial e troca de tiros na regi\u00e3o de Ribeir\u00e3o"},"content":{"rendered":"<p> <br \/>\n<\/p>\n<div data-td-block-uid=\"tdi_106\">\n<div class=\"tdb-block-inner td-fix-index\">\n<p><strong><em>*Mat\u00e9ria em atualiza\u00e7\u00e3o<\/em><\/strong><\/p>\n<p>Um homem morreu ap\u00f3s uma persegui\u00e7\u00e3o policial e troca de tiros em Sert\u00e3ozinho, cidade na regi\u00e3o de Ribeir\u00e3o Preto, na noite desta ter\u00e7a-feira (6).<\/p>\n<p>De acordo com as primeiras informa\u00e7\u00f5es, a suspeita \u00e9 de que o homem teria roubado um carro em uma avenida da cidade.<\/p>\n<p>As equipes da PM foram acionadas e conseguiram localizar o envolvido. Houve persegui\u00e7\u00e3o e troca de tiros.<\/p>\n<p>O assaltante foi baleado e morreu no local, pr\u00f3ximo ao Jardim Campo Belo.<\/p>\n<p>A PM e a Per\u00edcia est\u00e3o no local.<\/p>\n<p><!-- CONTENT END 1 -->\n<\/div>\n<\/div>\n<p><br \/>\n<br \/><a href=\"https:\/\/www.acidadeon.com\/ribeiraopreto\/cotidiano\/homem-morre-apos-perseguicao-policial-e-troca-de-tiros-na-regiao-de-ribeirao\/\">Source link <\/a><\/p>\n","protected":false},"excerpt":{"rendered":"<p>*Mat\u00e9ria em atualiza\u00e7\u00e3o Um homem morreu ap\u00f3s uma persegui\u00e7\u00e3o policial e troca de tiros em Sert\u00e3ozinho, cidade na regi\u00e3o de Ribeir\u00e3o Preto, na noite desta&#8230;<\/p>\n","protected":false},"author":1,"featured_media":59200,"comment_status":"open","ping_status":"open","sticky":false,"template":"","format":"standard","meta":{"_uag_custom_page_level_css":"","advanced_seo_description":"","jetpack_seo_html_title":"","jetpack_seo_noindex":false,"jetpack_post_was_ever_published":false,"_jetpack_newsletter_access":"","_jetpack_dont_email_post_to_subs":false,"_jetpack_newsletter_tier_id":0,"_jetpack_memberships_contains_paywalled_content":false,"_jetpack_memberships_contains_paid_content":false,"footnotes":"","jetpack_publicize_message":"","jetpack_publicize_feature_enabled":true,"jetpack_social_post_already_shared":true,"jetpack_social_options":{"image_generator_settings":{"template":"highway","default_image_id":0,"font":"","enabled":false},"version":2}},"categories":[11],"tags":[],"class_list":["post-59199","post","type-post","status-publish","format-standard","has-post-thumbnail","hentry","category-noticias-de-ribeirao-preto-sp-e-regiao-ismael-colosi"],"jetpack_publicize_connections":[],"jetpack_featured_media_url":"https:\/\/i0.wp.com\/ismaelcolosi.com.br\/wp-content\/uploads\/2024\/08\/IMG_3567_2024-08-07_01-09-49_jpeg_2024-08-07_01-09-51-scaled.webp.webp?fit=2560%2C1920&ssl=1","uagb_featured_image_src":{"full":["https:\/\/i0.wp.com\/ismaelcolosi.com.br\/wp-content\/uploads\/2024\/08\/IMG_3567_2024-08-07_01-09-49_jpeg_2024-08-07_01-09-51-scaled.webp.webp?fit=2560%2C1920&ssl=1",2560,1920,false],"thumbnail":["https:\/\/i0.wp.com\/ismaelcolosi.com.br\/wp-content\/uploads\/2024\/08\/IMG_3567_2024-08-07_01-09-49_jpeg_2024-08-07_01-09-51-scaled.webp.webp?resize=150%2C150&ssl=1",150,150,true],"medium":["https:\/\/i0.wp.com\/ismaelcolosi.com.br\/wp-content\/uploads\/2024\/08\/IMG_3567_2024-08-07_01-09-49_jpeg_2024-08-07_01-09-51-scaled.webp.webp?fit=300%2C225&ssl=1",300,225,true],"medium_large":["https:\/\/i0.wp.com\/ismaelcolosi.com.br\/wp-content\/uploads\/2024\/08\/IMG_3567_2024-08-07_01-09-49_jpeg_2024-08-07_01-09-51-scaled.webp.webp?fit=768%2C576&ssl=1",768,576,true],"large":["https:\/\/i0.wp.com\/ismaelcolosi.com.br\/wp-content\/uploads\/2024\/08\/IMG_3567_2024-08-07_01-09-49_jpeg_2024-08-07_01-09-51-scaled.webp.webp?fit=1024%2C768&ssl=1",1024,768,true],"1536x1536":["https:\/\/i0.wp.com\/ismaelcolosi.com.br\/wp-content\/uploads\/2024\/08\/IMG_3567_2024-08-07_01-09-49_jpeg_2024-08-07_01-09-51-scaled.webp.webp?fit=1536%2C1152&ssl=1",1536,1152,true],"2048x2048":["https:\/\/i0.wp.com\/ismaelcolosi.com.br\/wp-content\/uploads\/2024\/08\/IMG_3567_2024-08-07_01-09-49_jpeg_2024-08-07_01-09-51-scaled.webp.webp?fit=2048%2C1536&ssl=1",2048,1536,true],"really-simple-thumb":["https:\/\/i0.wp.com\/ismaelcolosi.com.br\/wp-content\/uploads\/2024\/08\/IMG_3567_2024-08-07_01-09-49_jpeg_2024-08-07_01-09-51-scaled.webp.webp?resize=370%2C247&ssl=1",370,247,true]},"uagb_author_info":{"display_name":"ismaelcolosi.com.br","author_link":"https:\/\/ismaelcolosi.com.br\/index.php\/author\/vidareal-online\/"},"uagb_comment_info":0,"uagb_excerpt":"*Mat\u00e9ria em atualiza\u00e7\u00e3o Um homem morreu ap\u00f3s uma persegui\u00e7\u00e3o policial e troca de tiros em Sert\u00e3ozinho, cidade na regi\u00e3o de Ribeir\u00e3o Preto, na noite desta...","jetpack-related-posts":[{"id":59293,"url":"https:\/\/ismaelcolosi.com.br\/index.php\/2024\/08\/07\/o-que-se-sabe-sobre-troca-de-tiros-que-terminou-com-morte-na-regiao-de-ribeirao\/","url_meta":{"origin":59199,"position":0},"title":"O que se sabe sobre troca de tiros que terminou com morte na regi\u00e3o de Ribeir\u00e3o","author":"ismaelcolosi.com.br","date":"7 de August de 2024","format":false,"excerpt":"Um homem morreu ap\u00f3s troca de tiros com a pol\u00edcia no bairro Jardim Porto Seguro, em Sert\u00e3ozinho, cidade na regi\u00e3o de Ribeir\u00e3o Preto, no come\u00e7o da noite desta ter\u00e7a-feira (6). De acordo com as informa\u00e7\u00f5es do boletim de ocorr\u00eancia (BO), o criminoso teria roubado o carro de uma mulher que\u2026","rel":"","context":"In &quot;Not\u00edcias de Ribeir\u00e3o Preto-SP e Regi\u00e3o&quot;","block_context":{"text":"Not\u00edcias de Ribeir\u00e3o Preto-SP e Regi\u00e3o","link":"https:\/\/ismaelcolosi.com.br\/index.php\/category\/noticias-de-ribeirao-preto-sp-e-regiao-ismael-colosi\/"},"img":{"alt_text":"","src":"https:\/\/i0.wp.com\/ismaelcolosi.com.br\/wp-content\/uploads\/2024\/08\/Copia-de-Copia-de-TAMANHO-EXATO-PARA-FOTOS-NO-SISTEMA-NOVO-2024-08-07T134753.436_2024-08-07_16-48-11_png_2024-08-07_16-48-11.webp.webp?fit=1200%2C675&ssl=1&resize=350%2C200","width":350,"height":200,"srcset":"https:\/\/i0.wp.com\/ismaelcolosi.com.br\/wp-content\/uploads\/2024\/08\/Copia-de-Copia-de-TAMANHO-EXATO-PARA-FOTOS-NO-SISTEMA-NOVO-2024-08-07T134753.436_2024-08-07_16-48-11_png_2024-08-07_16-48-11.webp.webp?fit=1200%2C675&ssl=1&resize=350%2C200 1x, https:\/\/i0.wp.com\/ismaelcolosi.com.br\/wp-content\/uploads\/2024\/08\/Copia-de-Copia-de-TAMANHO-EXATO-PARA-FOTOS-NO-SISTEMA-NOVO-2024-08-07T134753.436_2024-08-07_16-48-11_png_2024-08-07_16-48-11.webp.webp?fit=1200%2C675&ssl=1&resize=525%2C300 1.5x, https:\/\/i0.wp.com\/ismaelcolosi.com.br\/wp-content\/uploads\/2024\/08\/Copia-de-Copia-de-TAMANHO-EXATO-PARA-FOTOS-NO-SISTEMA-NOVO-2024-08-07T134753.436_2024-08-07_16-48-11_png_2024-08-07_16-48-11.webp.webp?fit=1200%2C675&ssl=1&resize=700%2C400 2x, https:\/\/i0.wp.com\/ismaelcolosi.com.br\/wp-content\/uploads\/2024\/08\/Copia-de-Copia-de-TAMANHO-EXATO-PARA-FOTOS-NO-SISTEMA-NOVO-2024-08-07T134753.436_2024-08-07_16-48-11_png_2024-08-07_16-48-11.webp.webp?fit=1200%2C675&ssl=1&resize=1050%2C600 3x"},"classes":[]},{"id":65316,"url":"https:\/\/ismaelcolosi.com.br\/index.php\/2024\/09\/11\/o-que-se-sabe-sobre-troca-de-tiros-e-perseguicao-policial-na-regiao-de-ribeirao\/","url_meta":{"origin":59199,"position":1},"title":"O que se sabe sobre troca de tiros e persegui\u00e7\u00e3o policial na regi\u00e3o de Ribeir\u00e3o","author":"ismaelcolosi.com.br","date":"11 de September de 2024","format":false,"excerpt":"Uma troca de tiros deixou pelo menos um policial morto e outro ferido na tarde desta quarta-feira (11), na rodovia Joaquim Ferreira (SP-338), pr\u00f3ximo ao trevo que liga Cajuru e Altin\u00f3polis, cidades na regi\u00e3o de Ribeir\u00e3o Preto. De acordo com as primeiras informa\u00e7\u00f5es da pol\u00edcia, equipes do Batalh\u00e3o de A\u00e7\u00f5es\u2026","rel":"","context":"In &quot;Not\u00edcias de Ribeir\u00e3o Preto-SP e Regi\u00e3o&quot;","block_context":{"text":"Not\u00edcias de Ribeir\u00e3o Preto-SP e Regi\u00e3o","link":"https:\/\/ismaelcolosi.com.br\/index.php\/category\/noticias-de-ribeirao-preto-sp-e-regiao-ismael-colosi\/"},"img":{"alt_text":"","src":"https:\/\/i0.wp.com\/ismaelcolosi.com.br\/wp-content\/uploads\/2024\/09\/WhatsApp-Image-2024-09-11-at-16.34.25_2024-09-11_20-39-55_jpeg_2024-09-11_20-39-55.webp.webp?fit=1200%2C900&ssl=1&resize=350%2C200","width":350,"height":200,"srcset":"https:\/\/i0.wp.com\/ismaelcolosi.com.br\/wp-content\/uploads\/2024\/09\/WhatsApp-Image-2024-09-11-at-16.34.25_2024-09-11_20-39-55_jpeg_2024-09-11_20-39-55.webp.webp?fit=1200%2C900&ssl=1&resize=350%2C200 1x, https:\/\/i0.wp.com\/ismaelcolosi.com.br\/wp-content\/uploads\/2024\/09\/WhatsApp-Image-2024-09-11-at-16.34.25_2024-09-11_20-39-55_jpeg_2024-09-11_20-39-55.webp.webp?fit=1200%2C900&ssl=1&resize=525%2C300 1.5x, https:\/\/i0.wp.com\/ismaelcolosi.com.br\/wp-content\/uploads\/2024\/09\/WhatsApp-Image-2024-09-11-at-16.34.25_2024-09-11_20-39-55_jpeg_2024-09-11_20-39-55.webp.webp?fit=1200%2C900&ssl=1&resize=700%2C400 2x, https:\/\/i0.wp.com\/ismaelcolosi.com.br\/wp-content\/uploads\/2024\/09\/WhatsApp-Image-2024-09-11-at-16.34.25_2024-09-11_20-39-55_jpeg_2024-09-11_20-39-55.webp.webp?fit=1200%2C900&ssl=1&resize=1050%2C600 3x"},"classes":[]},{"id":73715,"url":"https:\/\/ismaelcolosi.com.br\/index.php\/2024\/10\/28\/pm-encontra-corpo-apos-troca-de-tiros-que-deixou-um-morto-em-ribeirao-preto\/","url_meta":{"origin":59199,"position":2},"title":"PM encontra corpo ap\u00f3s troca de tiros que deixou um morto em Ribeir\u00e3o Preto","author":"ismaelcolosi.com.br","date":"28 de October de 2024","format":false,"excerpt":"A PM (Pol\u00edcia Militar) encontrou um corpo depois de um confronto que resultou em uma morte na noite da \u00faltima sexta-feira (25), na estrada velha de Jardin\u00f3polis, em Ribeir\u00e3o Preto. Segundo o boletim de ocorr\u00eancia (BO), o corpo era de um homem e estava decepado, com perfura\u00e7\u00f5es no abd\u00f4men e\u2026","rel":"","context":"In &quot;Not\u00edcias de Ribeir\u00e3o Preto-SP e Regi\u00e3o&quot;","block_context":{"text":"Not\u00edcias de Ribeir\u00e3o Preto-SP e Regi\u00e3o","link":"https:\/\/ismaelcolosi.com.br\/index.php\/category\/noticias-de-ribeirao-preto-sp-e-regiao-ismael-colosi\/"},"img":{"alt_text":"","src":"https:\/\/i0.wp.com\/ismaelcolosi.com.br\/wp-content\/uploads\/2024\/10\/1730133198_20220620_114539075_policia_qru_1024x576_25052021184749_jpg_715985292.jpg?fit=1200%2C606&ssl=1&resize=350%2C200","width":350,"height":200,"srcset":"https:\/\/i0.wp.com\/ismaelcolosi.com.br\/wp-content\/uploads\/2024\/10\/1730133198_20220620_114539075_policia_qru_1024x576_25052021184749_jpg_715985292.jpg?fit=1200%2C606&ssl=1&resize=350%2C200 1x, https:\/\/i0.wp.com\/ismaelcolosi.com.br\/wp-content\/uploads\/2024\/10\/1730133198_20220620_114539075_policia_qru_1024x576_25052021184749_jpg_715985292.jpg?fit=1200%2C606&ssl=1&resize=525%2C300 1.5x, https:\/\/i0.wp.com\/ismaelcolosi.com.br\/wp-content\/uploads\/2024\/10\/1730133198_20220620_114539075_policia_qru_1024x576_25052021184749_jpg_715985292.jpg?fit=1200%2C606&ssl=1&resize=700%2C400 2x, https:\/\/i0.wp.com\/ismaelcolosi.com.br\/wp-content\/uploads\/2024\/10\/1730133198_20220620_114539075_policia_qru_1024x576_25052021184749_jpg_715985292.jpg?fit=1200%2C606&ssl=1&resize=1050%2C600 3x"},"classes":[]},{"id":74073,"url":"https:\/\/ismaelcolosi.com.br\/index.php\/2024\/10\/29\/homem-morre-em-troca-de-tiros-com-pm-na-regiao\/","url_meta":{"origin":59199,"position":3},"title":"Homem morre em troca de tiros com PM na regi\u00e3o","author":"ismaelcolosi.com.br","date":"29 de October de 2024","format":false,"excerpt":"Por: Adalberto Luque Um homem morreu ap\u00f3s troca de tiros e tentativa de fuga da Pol\u00edcia Militar, na noite desta sexta-feira (26). O caso ocorreu na Estrada Velha de Jardin\u00f3polis, zona Rural da cidade, regi\u00e3o metropolitana de Ribeir\u00e3o Preto. Segundo informa\u00e7\u00f5es, uma den\u00fancia an\u00f4nima feita pelo n\u00famero 190 indicou que\u2026","rel":"","context":"In &quot;Not\u00edcias de Ribeir\u00e3o Preto-SP e Regi\u00e3o&quot;","block_context":{"text":"Not\u00edcias de Ribeir\u00e3o Preto-SP e Regi\u00e3o","link":"https:\/\/ismaelcolosi.com.br\/index.php\/category\/noticias-de-ribeirao-preto-sp-e-regiao-ismael-colosi\/"},"img":{"alt_text":"","src":"https:\/\/i0.wp.com\/ismaelcolosi.com.br\/wp-content\/uploads\/2024\/10\/28out2024corpojardinopolis.jpg?fit=696%2C401&ssl=1&resize=350%2C200","width":350,"height":200,"srcset":"https:\/\/i0.wp.com\/ismaelcolosi.com.br\/wp-content\/uploads\/2024\/10\/28out2024corpojardinopolis.jpg?fit=696%2C401&ssl=1&resize=350%2C200 1x, https:\/\/i0.wp.com\/ismaelcolosi.com.br\/wp-content\/uploads\/2024\/10\/28out2024corpojardinopolis.jpg?fit=696%2C401&ssl=1&resize=525%2C300 1.5x"},"classes":[]},{"id":38606,"url":"https:\/\/ismaelcolosi.com.br\/index.php\/2024\/02\/20\/video-enteado-de-pm-assassinado-divulga-video-agradecendo-apoio\/","url_meta":{"origin":59199,"position":4},"title":"V\u00cdDEO &#8211; Enteado de PM assassinado divulga v\u00eddeo agradecendo apoio","author":"ismaelcolosi.com.br","date":"20 de February de 2024","format":false,"excerpt":"Rafael Bernardes Farias foi ferido durante latroc\u00ednio do policial aposentado e recebeu alta ap\u00f3s interna\u00e7\u00e3o hospitalar por conta de troca de tiros com assaltantes 20 de fevereiro de 2024 | 16:4720 de fevereiro de 2024 | 16:54 2Por: Adalberto LuqueO homem ferido durante tiroteio que resultou na morte do policial\u2026","rel":"","context":"In &quot;Not\u00edcias de Ribeir\u00e3o Preto-SP e Regi\u00e3o&quot;","block_context":{"text":"Not\u00edcias de Ribeir\u00e3o Preto-SP e Regi\u00e3o","link":"https:\/\/ismaelcolosi.com.br\/index.php\/category\/noticias-de-ribeirao-preto-sp-e-regiao-ismael-colosi\/"},"img":{"alt_text":"","src":"https:\/\/i0.wp.com\/ismaelcolosi.com.br\/wp-content\/uploads\/2024\/02\/00-20-fev-2024-latrocinio-pm-aposentato-foto-reproducao.jpg?fit=772%2C542&ssl=1&resize=350%2C200","width":350,"height":200,"srcset":"https:\/\/i0.wp.com\/ismaelcolosi.com.br\/wp-content\/uploads\/2024\/02\/00-20-fev-2024-latrocinio-pm-aposentato-foto-reproducao.jpg?fit=772%2C542&ssl=1&resize=350%2C200 1x, https:\/\/i0.wp.com\/ismaelcolosi.com.br\/wp-content\/uploads\/2024\/02\/00-20-fev-2024-latrocinio-pm-aposentato-foto-reproducao.jpg?fit=772%2C542&ssl=1&resize=525%2C300 1.5x, https:\/\/i0.wp.com\/ismaelcolosi.com.br\/wp-content\/uploads\/2024\/02\/00-20-fev-2024-latrocinio-pm-aposentato-foto-reproducao.jpg?fit=772%2C542&ssl=1&resize=700%2C400 2x"},"classes":[]},{"id":57396,"url":"https:\/\/ismaelcolosi.com.br\/index.php\/2024\/07\/20\/suspeito-fica-em-estado-grave-apos-acidente-durante-perseguicao-em-ribeirao-preto\/","url_meta":{"origin":59199,"position":5},"title":"Suspeito fica em estado grave ap\u00f3s acidente durante persegui\u00e7\u00e3o em Ribeir\u00e3o Preto","author":"ismaelcolosi.com.br","date":"20 de July de 2024","format":false,"excerpt":"Um homem ficou ferido em estado grave durante uma persegui\u00e7\u00e3o policial em Ribeir\u00e3o Preto, na tarde deste s\u00e1bado (20). O suspeito seguia na contram\u00e3o, quando foi atingido por um carro na avenida Maestro Herv\u00e9 Cordovil, no Jardim Marincek, zona Norte. O suspeito era alvo de uma persegui\u00e7\u00e3o policial. Contudo, ainda\u2026","rel":"","context":"In &quot;Not\u00edcias de Ribeir\u00e3o Preto-SP e Regi\u00e3o&quot;","block_context":{"text":"Not\u00edcias de Ribeir\u00e3o Preto-SP e Regi\u00e3o","link":"https:\/\/ismaelcolosi.com.br\/index.php\/category\/noticias-de-ribeirao-preto-sp-e-regiao-ismael-colosi\/"},"img":{"alt_text":"","src":"https:\/\/i0.wp.com\/ismaelcolosi.com.br\/wp-content\/uploads\/2024\/07\/perseguicao-ribeirao-preto_2024-07-20_20-10-00_jpg_2024-07-20_20-10-00.webp.webp?fit=1066%2C780&ssl=1&resize=350%2C200","width":350,"height":200,"srcset":"https:\/\/i0.wp.com\/ismaelcolosi.com.br\/wp-content\/uploads\/2024\/07\/perseguicao-ribeirao-preto_2024-07-20_20-10-00_jpg_2024-07-20_20-10-00.webp.webp?fit=1066%2C780&ssl=1&resize=350%2C200 1x, https:\/\/i0.wp.com\/ismaelcolosi.com.br\/wp-content\/uploads\/2024\/07\/perseguicao-ribeirao-preto_2024-07-20_20-10-00_jpg_2024-07-20_20-10-00.webp.webp?fit=1066%2C780&ssl=1&resize=525%2C300 1.5x, https:\/\/i0.wp.com\/ismaelcolosi.com.br\/wp-content\/uploads\/2024\/07\/perseguicao-ribeirao-preto_2024-07-20_20-10-00_jpg_2024-07-20_20-10-00.webp.webp?fit=1066%2C780&ssl=1&resize=700%2C400 2x, https:\/\/i0.wp.com\/ismaelcolosi.com.br\/wp-content\/uploads\/2024\/07\/perseguicao-ribeirao-preto_2024-07-20_20-10-00_jpg_2024-07-20_20-10-00.webp.webp?fit=1066%2C780&ssl=1&resize=1050%2C600 3x"},"classes":[]}],"jetpack_sharing_enabled":true,"jetpack_shortlink":"https:\/\/wp.me\/pfMlyK-foP","_links":{"self":[{"href":"https:\/\/ismaelcolosi.com.br\/index.php\/wp-json\/wp\/v2\/posts\/59199","targetHints":{"allow":["GET"]}}],"collection":[{"href":"https:\/\/ismaelcolosi.com.br\/index.php\/wp-json\/wp\/v2\/posts"}],"about":[{"href":"https:\/\/ismaelcolosi.com.br\/index.php\/wp-json\/wp\/v2\/types\/post"}],"author":[{"embeddable":true,"href":"https:\/\/ismaelcolosi.com.br\/index.php\/wp-json\/wp\/v2\/users\/1"}],"replies":[{"embeddable":true,"href":"https:\/\/ismaelcolosi.com.br\/index.php\/wp-json\/wp\/v2\/comments?post=59199"}],"version-history":[{"count":0,"href":"https:\/\/ismaelcolosi.com.br\/index.php\/wp-json\/wp\/v2\/posts\/59199\/revisions"}],"wp:featuredmedia":[{"embeddable":true,"href":"https:\/\/ismaelcolosi.com.br\/index.php\/wp-json\/wp\/v2\/media\/59200"}],"wp:attachment":[{"href":"https:\/\/ismaelcolosi.com.br\/index.php\/wp-json\/wp\/v2\/media?parent=59199"}],"wp:term":[{"taxonomy":"category","embeddable":true,"href":"https:\/\/ismaelcolosi.com.br\/index.php\/wp-json\/wp\/v2\/categories?post=59199"},{"taxonomy":"post_tag","embeddable":true,"href":"https:\/\/ismaelcolosi.com.br\/index.php\/wp-json\/wp\/v2\/tags?post=59199"}],"curies":[{"name":"wp","href":"https:\/\/api.w.org\/{rel}","templated":true}]}}