{"id":59107,"date":"2024-08-06T09:57:03","date_gmt":"2024-08-06T12:57:03","guid":{"rendered":"https:\/\/ismaelcolosi.com.br\/index.php\/2024\/08\/06\/ribeirao-preto-tem-inscricoes-para-curso-profissionalizante-gratuito\/"},"modified":"2024-08-06T09:57:03","modified_gmt":"2024-08-06T12:57:03","slug":"ribeirao-preto-tem-inscricoes-para-curso-profissionalizante-gratuito","status":"publish","type":"post","link":"https:\/\/ismaelcolosi.com.br\/index.php\/2024\/08\/06\/ribeirao-preto-tem-inscricoes-para-curso-profissionalizante-gratuito\/","title":{"rendered":"Ribeir\u00e3o Preto tem inscri\u00e7\u00f5es para curso profissionalizante gratuito"},"content":{"rendered":"<p> <br \/>\n<\/p>\n<div data-td-block-uid=\"tdi_106\">\n<div class=\"tdb-block-inner td-fix-index\">\n<p><mark style=\"background-color:#fcb900\" class=\"has-inline-color has-black-color\"><strong>Ribeir\u00e3o Preto<\/strong> conta com 20 vagas gratuitas para o curso de Pintura e Texturiza\u00e7\u00e3o Residencial <\/mark>do programa <strong><a href=\"https:\/\/www.qualificasp.sp.gov.br\/\" target=\"_blank\" rel=\"noreferrer noopener nofollow\">Qualifica SP \u2013 Novo Emprego<\/a><\/strong>, do <strong>Governo de S\u00e3o Paulo<\/strong>.<\/p>\n<p>As inscri\u00e7\u00f5es devem ser realizadas pelo<a href=\"https:\/\/www.qualificasp.sp.gov.br\/\" target=\"_blank\" rel=\"noreferrer noopener nofollow\"> site (clique aqui)<\/a> at\u00e9 12 de agosto. Podem se inscrever candidatos a partir de 16 anos, alfabetizados.<\/p>\n<p>As aulas s\u00e3o presenciais e t\u00eam previs\u00e3o de in\u00edcio para o dia 19 de agosto, na <strong>Escola Municipal de Educa\u00e7\u00e3o Profissional Celso Charuri.<\/strong><\/p>\n<p>Caso o n\u00famero de inscritos seja superior ao n\u00famero de vagas, ser\u00e3o priorizadas as pessoas desempregadas, com baixa renda e com defici\u00eancia.<\/p>\n<p>A convoca\u00e7\u00e3o dos candidatos selecionados ocorrer\u00e1 por e-mail. As aulas s\u00e3o presenciais e t\u00eam previs\u00e3o de in\u00edcio para o dia 19 de agosto. Para receber o certificado, o aluno deve ter ao menos 75% de presen\u00e7a nas aulas do curso.<\/p>\n<p>SAIBA MAIS<br \/>Confira a programa\u00e7\u00e3o da Feira do Livro de Ribeir\u00e3o Preto nesta ter\u00e7a-feira<\/p>\n<h4 class=\"wp-block-heading\"><strong>FIQUE ON<\/strong><\/h4>\n<p>Fique ligado em tudo que acontece em Ribeir\u00e3o Preto e regi\u00e3o. Siga os perfis do <strong>acidade on<\/strong> no <a href=\"https:\/\/www.instagram.com\/acidadeonribeirao\" target=\"_blank\" rel=\"noreferrer noopener nofollow\">Instagram<\/a> e no <a href=\"https:\/\/www.facebook.com\/acidadeonribeirao\/\" target=\"_blank\" rel=\"noreferrer noopener nofollow\">Facebook<\/a>.<\/p>\n<p>Receba not\u00edcias do<strong> acidade on <\/strong>no WhatsApp. <a href=\"https:\/\/chat.whatsapp.com\/Dtv9mxhy6V5BJBotM2OQ5k\" target=\"_blank\" rel=\"noreferrer noopener nofollow\">Para entrar no grupo, basta clicar aqui.<\/a><\/p>\n<p>Fa\u00e7a uma den\u00fancia ou sugira uma reportagem sobre Ribeir\u00e3o Preto e regi\u00e3o pelo WhatsApp: 16 99117 7802.<\/p>\n<p>VEJA TAMB\u00c9M<br \/>15 de agosto \u00e9 feriado?<\/p>\n<p><!-- CONTENT END 1 -->\n<\/div>\n<\/div>\n<p><script async src=\"\/\/www.instagram.com\/embed.js\"><\/script><br \/>\n<br \/><br \/>\n<br \/><a href=\"https:\/\/www.acidadeon.com\/ribeiraopreto\/economia\/ribeirao-preto-tem-inscricoes-para-curso-profissionalizante-gratuito\/\">Source link <\/a><\/p>\n","protected":false},"excerpt":{"rendered":"<p>Ribeir\u00e3o Preto conta com 20 vagas gratuitas para o curso de Pintura e Texturiza\u00e7\u00e3o Residencial do programa Qualifica SP \u2013 Novo Emprego, do Governo de&#8230;<\/p>\n","protected":false},"author":1,"featured_media":59108,"comment_status":"open","ping_status":"open","sticky":false,"template":"","format":"standard","meta":{"_uag_custom_page_level_css":"","advanced_seo_description":"","jetpack_seo_html_title":"","jetpack_seo_noindex":false,"jetpack_post_was_ever_published":false,"_jetpack_newsletter_access":"","_jetpack_dont_email_post_to_subs":false,"_jetpack_newsletter_tier_id":0,"_jetpack_memberships_contains_paywalled_content":false,"_jetpack_memberships_contains_paid_content":false,"footnotes":"","jetpack_publicize_message":"","jetpack_publicize_feature_enabled":true,"jetpack_social_post_already_shared":true,"jetpack_social_options":{"image_generator_settings":{"template":"highway","default_image_id":0,"font":"","enabled":false},"version":2}},"categories":[11],"tags":[],"class_list":["post-59107","post","type-post","status-publish","format-standard","has-post-thumbnail","hentry","category-noticias-de-ribeirao-preto-sp-e-regiao-ismael-colosi"],"jetpack_publicize_connections":[],"jetpack_featured_media_url":"https:\/\/i0.wp.com\/ismaelcolosi.com.br\/wp-content\/uploads\/2024\/08\/curso-gratuito-1_2024-08-06_12-11-19_jpg_2024-08-06_12-11-20.webp.webp?fit=1200%2C857&ssl=1","uagb_featured_image_src":{"full":["https:\/\/i0.wp.com\/ismaelcolosi.com.br\/wp-content\/uploads\/2024\/08\/curso-gratuito-1_2024-08-06_12-11-19_jpg_2024-08-06_12-11-20.webp.webp?fit=1200%2C857&ssl=1",1200,857,false],"thumbnail":["https:\/\/i0.wp.com\/ismaelcolosi.com.br\/wp-content\/uploads\/2024\/08\/curso-gratuito-1_2024-08-06_12-11-19_jpg_2024-08-06_12-11-20.webp.webp?resize=150%2C150&ssl=1",150,150,true],"medium":["https:\/\/i0.wp.com\/ismaelcolosi.com.br\/wp-content\/uploads\/2024\/08\/curso-gratuito-1_2024-08-06_12-11-19_jpg_2024-08-06_12-11-20.webp.webp?fit=300%2C214&ssl=1",300,214,true],"medium_large":["https:\/\/i0.wp.com\/ismaelcolosi.com.br\/wp-content\/uploads\/2024\/08\/curso-gratuito-1_2024-08-06_12-11-19_jpg_2024-08-06_12-11-20.webp.webp?fit=768%2C548&ssl=1",768,548,true],"large":["https:\/\/i0.wp.com\/ismaelcolosi.com.br\/wp-content\/uploads\/2024\/08\/curso-gratuito-1_2024-08-06_12-11-19_jpg_2024-08-06_12-11-20.webp.webp?fit=1024%2C731&ssl=1",1024,731,true],"1536x1536":["https:\/\/i0.wp.com\/ismaelcolosi.com.br\/wp-content\/uploads\/2024\/08\/curso-gratuito-1_2024-08-06_12-11-19_jpg_2024-08-06_12-11-20.webp.webp?fit=1200%2C857&ssl=1",1200,857,true],"2048x2048":["https:\/\/i0.wp.com\/ismaelcolosi.com.br\/wp-content\/uploads\/2024\/08\/curso-gratuito-1_2024-08-06_12-11-19_jpg_2024-08-06_12-11-20.webp.webp?fit=1200%2C857&ssl=1",1200,857,true],"really-simple-thumb":["https:\/\/i0.wp.com\/ismaelcolosi.com.br\/wp-content\/uploads\/2024\/08\/curso-gratuito-1_2024-08-06_12-11-19_jpg_2024-08-06_12-11-20.webp.webp?resize=370%2C247&ssl=1",370,247,true]},"uagb_author_info":{"display_name":"ismaelcolosi.com.br","author_link":"https:\/\/ismaelcolosi.com.br\/index.php\/author\/vidareal-online\/"},"uagb_comment_info":0,"uagb_excerpt":"Ribeir\u00e3o Preto conta com 20 vagas gratuitas para o curso de Pintura e Texturiza\u00e7\u00e3o Residencial do programa Qualifica SP \u2013 Novo Emprego, do Governo de...","jetpack-related-posts":[{"id":59115,"url":"https:\/\/ismaelcolosi.com.br\/index.php\/2024\/08\/06\/desenvolve-sp-abre-concurso-publico-com-cinco-vagas-e-salarios-de-r-7-mil\/","url_meta":{"origin":59107,"position":0},"title":"Desenvolve-SP abre concurso p\u00fablico com cinco vagas e sal\u00e1rios de R$ 7 mil","author":"ismaelcolosi.com.br","date":"6 de August de 2024","format":false,"excerpt":"A Desenvolve-SP abriu concurso p\u00fablico com cinco vagas. As vagas s\u00e3o de n\u00edvel superior e os sal\u00e1rios para os cargos variam entre R$ 4,6 mil e R$ 7 mil. As inscri\u00e7\u00f5es devem ser realizadas no per\u00edodo entre 10h do dia 7 de agosto e 23h59 do dia 29 de agosto\u2026","rel":"","context":"In &quot;Not\u00edcias de Ribeir\u00e3o Preto-SP e Regi\u00e3o&quot;","block_context":{"text":"Not\u00edcias de Ribeir\u00e3o Preto-SP e Regi\u00e3o","link":"https:\/\/ismaelcolosi.com.br\/index.php\/category\/noticias-de-ribeirao-preto-sp-e-regiao-ismael-colosi\/"},"img":{"alt_text":"","src":"https:\/\/i0.wp.com\/ismaelcolosi.com.br\/wp-content\/uploads\/2024\/06\/Copia-de-Copia-de-TAMANHO-EXATO-PARA-FOTOS-NO-SISTEMA-NOVO-6_2024-06-11_13-40-15_jpg_2024-06-11_13-40-15.webp.webp?fit=1200%2C675&ssl=1&resize=350%2C200","width":350,"height":200,"srcset":"https:\/\/i0.wp.com\/ismaelcolosi.com.br\/wp-content\/uploads\/2024\/06\/Copia-de-Copia-de-TAMANHO-EXATO-PARA-FOTOS-NO-SISTEMA-NOVO-6_2024-06-11_13-40-15_jpg_2024-06-11_13-40-15.webp.webp?fit=1200%2C675&ssl=1&resize=350%2C200 1x, https:\/\/i0.wp.com\/ismaelcolosi.com.br\/wp-content\/uploads\/2024\/06\/Copia-de-Copia-de-TAMANHO-EXATO-PARA-FOTOS-NO-SISTEMA-NOVO-6_2024-06-11_13-40-15_jpg_2024-06-11_13-40-15.webp.webp?fit=1200%2C675&ssl=1&resize=525%2C300 1.5x, https:\/\/i0.wp.com\/ismaelcolosi.com.br\/wp-content\/uploads\/2024\/06\/Copia-de-Copia-de-TAMANHO-EXATO-PARA-FOTOS-NO-SISTEMA-NOVO-6_2024-06-11_13-40-15_jpg_2024-06-11_13-40-15.webp.webp?fit=1200%2C675&ssl=1&resize=700%2C400 2x, https:\/\/i0.wp.com\/ismaelcolosi.com.br\/wp-content\/uploads\/2024\/06\/Copia-de-Copia-de-TAMANHO-EXATO-PARA-FOTOS-NO-SISTEMA-NOVO-6_2024-06-11_13-40-15_jpg_2024-06-11_13-40-15.webp.webp?fit=1200%2C675&ssl=1&resize=1050%2C600 3x"},"classes":[]},{"id":58578,"url":"https:\/\/ismaelcolosi.com.br\/index.php\/2024\/08\/01\/projeto-oferece-30-vagas-em-curso-gratuito-de-logistica-em-ribeirao-veja-como-se-inscrever\/","url_meta":{"origin":59107,"position":1},"title":"Projeto oferece 30 vagas em curso gratuito de log\u00edstica em Ribeir\u00e3o; Veja como se inscrever","author":"ismaelcolosi.com.br","date":"1 de August de 2024","format":false,"excerpt":"Um projeto est\u00e1 com inscri\u00e7\u00f5es abertas at\u00e9 o dia 6 de agosto para 30 vagas em um curso b\u00e1sico gratuito de log\u00edstica, em Ribeir\u00e3o Preto. Podem participar pessoas com ensino m\u00e9dio completo, renda familiar de at\u00e9 dois sal\u00e1rios m\u00ednimos e disponibilidade de quatro horas di\u00e1rias durante duas semanas. Clique aqui\u2026","rel":"","context":"In &quot;Not\u00edcias de Ribeir\u00e3o Preto-SP e Regi\u00e3o&quot;","block_context":{"text":"Not\u00edcias de Ribeir\u00e3o Preto-SP e Regi\u00e3o","link":"https:\/\/ismaelcolosi.com.br\/index.php\/category\/noticias-de-ribeirao-preto-sp-e-regiao-ismael-colosi\/"},"img":{"alt_text":"","src":"https:\/\/i0.wp.com\/ismaelcolosi.com.br\/wp-content\/uploads\/2024\/08\/high-level-rack-408222_1920_2024-08-01_09-56-03_jpg_2024-08-01_09-56-03.webp.webp?fit=1200%2C800&ssl=1&resize=350%2C200","width":350,"height":200,"srcset":"https:\/\/i0.wp.com\/ismaelcolosi.com.br\/wp-content\/uploads\/2024\/08\/high-level-rack-408222_1920_2024-08-01_09-56-03_jpg_2024-08-01_09-56-03.webp.webp?fit=1200%2C800&ssl=1&resize=350%2C200 1x, https:\/\/i0.wp.com\/ismaelcolosi.com.br\/wp-content\/uploads\/2024\/08\/high-level-rack-408222_1920_2024-08-01_09-56-03_jpg_2024-08-01_09-56-03.webp.webp?fit=1200%2C800&ssl=1&resize=525%2C300 1.5x, https:\/\/i0.wp.com\/ismaelcolosi.com.br\/wp-content\/uploads\/2024\/08\/high-level-rack-408222_1920_2024-08-01_09-56-03_jpg_2024-08-01_09-56-03.webp.webp?fit=1200%2C800&ssl=1&resize=700%2C400 2x, https:\/\/i0.wp.com\/ismaelcolosi.com.br\/wp-content\/uploads\/2024\/08\/high-level-rack-408222_1920_2024-08-01_09-56-03_jpg_2024-08-01_09-56-03.webp.webp?fit=1200%2C800&ssl=1&resize=1050%2C600 3x"},"classes":[]},{"id":58020,"url":"https:\/\/ismaelcolosi.com.br\/index.php\/2024\/07\/26\/ribeirao-preto-conta-com-700-vagas-em-cursos-tecnicos-gratuitos-veja-como-participar\/","url_meta":{"origin":59107,"position":2},"title":"Ribeir\u00e3o Preto conta com 700 vagas em cursos t\u00e9cnicos gratuitos; Veja como participar","author":"ismaelcolosi.com.br","date":"26 de July de 2024","format":false,"excerpt":"O Senac de Ribeir\u00e3o Preto oferece quase 700 bolsas de estudos gratuitas para cursos t\u00e9cnicos no segundo semestre de 2024. Entre as op\u00e7\u00f5es, est\u00e3o os cursos t\u00e9cnicos em restaurante e bar e internet das coisas. Al\u00e9m destes t\u00edtulos, tamb\u00e9m s\u00e3o oferecidas bolsas nos cursos t\u00e9cnicos a seguir: T\u00e9cnico em Administra\u00e7\u00e3o;\u2026","rel":"","context":"In &quot;Not\u00edcias de Ribeir\u00e3o Preto-SP e Regi\u00e3o&quot;","block_context":{"text":"Not\u00edcias de Ribeir\u00e3o Preto-SP e Regi\u00e3o","link":"https:\/\/ismaelcolosi.com.br\/index.php\/category\/noticias-de-ribeirao-preto-sp-e-regiao-ismael-colosi\/"},"img":{"alt_text":"","src":"https:\/\/i0.wp.com\/ismaelcolosi.com.br\/wp-content\/uploads\/2024\/07\/senac-ribeirao-preto_2024-07-26_14-17-16_jpg_2024-07-26_14-17-16.webp.webp?fit=1200%2C800&ssl=1&resize=350%2C200","width":350,"height":200,"srcset":"https:\/\/i0.wp.com\/ismaelcolosi.com.br\/wp-content\/uploads\/2024\/07\/senac-ribeirao-preto_2024-07-26_14-17-16_jpg_2024-07-26_14-17-16.webp.webp?fit=1200%2C800&ssl=1&resize=350%2C200 1x, https:\/\/i0.wp.com\/ismaelcolosi.com.br\/wp-content\/uploads\/2024\/07\/senac-ribeirao-preto_2024-07-26_14-17-16_jpg_2024-07-26_14-17-16.webp.webp?fit=1200%2C800&ssl=1&resize=525%2C300 1.5x, https:\/\/i0.wp.com\/ismaelcolosi.com.br\/wp-content\/uploads\/2024\/07\/senac-ribeirao-preto_2024-07-26_14-17-16_jpg_2024-07-26_14-17-16.webp.webp?fit=1200%2C800&ssl=1&resize=700%2C400 2x, https:\/\/i0.wp.com\/ismaelcolosi.com.br\/wp-content\/uploads\/2024\/07\/senac-ribeirao-preto_2024-07-26_14-17-16_jpg_2024-07-26_14-17-16.webp.webp?fit=1200%2C800&ssl=1&resize=1050%2C600 3x"},"classes":[]},{"id":55482,"url":"https:\/\/ismaelcolosi.com.br\/index.php\/2024\/07\/03\/ribeirao-preto-tem-inscricoes-para-cursos-profissionalizantes-gratuitos-confira\/","url_meta":{"origin":59107,"position":3},"title":"Ribeir\u00e3o Preto tem inscri\u00e7\u00f5es para cursos profissionalizantes gratuitos; Confira","author":"ismaelcolosi.com.br","date":"3 de July de 2024","format":false,"excerpt":"A Secretaria de Desenvolvimento Econ\u00f4mico abriu inscri\u00e7\u00f5es para cursos profissionalizantes gratuitos do Qualifica SP \u2013 Meu Primeiro Emprego. S\u00e3o 425 vagas para Ribeir\u00e3o Preto e regi\u00e3o. Al\u00e9m de Ribeir\u00e3o Preto, as vagas s\u00e3o para os munic\u00edpios: Cravinhos, Guariba, Jaboticabal, Monte Alto, Santa Rosa de Viterbo, S\u00e3o Sim\u00e3o e Serrana. As\u2026","rel":"","context":"In &quot;Not\u00edcias de Ribeir\u00e3o Preto-SP e Regi\u00e3o&quot;","block_context":{"text":"Not\u00edcias de Ribeir\u00e3o Preto-SP e Regi\u00e3o","link":"https:\/\/ismaelcolosi.com.br\/index.php\/category\/noticias-de-ribeirao-preto-sp-e-regiao-ismael-colosi\/"},"img":{"alt_text":"","src":"https:\/\/i0.wp.com\/ismaelcolosi.com.br\/wp-content\/uploads\/2024\/07\/Copia-de-Copia-de-TAMANHO-EXATO-PARA-FOTOS-NO-SISTEMA-NOVO-4_2024-07-03_15-25-10_jpg_2024-07-03_15-25-10.webp.webp?fit=1200%2C675&ssl=1&resize=350%2C200","width":350,"height":200,"srcset":"https:\/\/i0.wp.com\/ismaelcolosi.com.br\/wp-content\/uploads\/2024\/07\/Copia-de-Copia-de-TAMANHO-EXATO-PARA-FOTOS-NO-SISTEMA-NOVO-4_2024-07-03_15-25-10_jpg_2024-07-03_15-25-10.webp.webp?fit=1200%2C675&ssl=1&resize=350%2C200 1x, https:\/\/i0.wp.com\/ismaelcolosi.com.br\/wp-content\/uploads\/2024\/07\/Copia-de-Copia-de-TAMANHO-EXATO-PARA-FOTOS-NO-SISTEMA-NOVO-4_2024-07-03_15-25-10_jpg_2024-07-03_15-25-10.webp.webp?fit=1200%2C675&ssl=1&resize=525%2C300 1.5x, https:\/\/i0.wp.com\/ismaelcolosi.com.br\/wp-content\/uploads\/2024\/07\/Copia-de-Copia-de-TAMANHO-EXATO-PARA-FOTOS-NO-SISTEMA-NOVO-4_2024-07-03_15-25-10_jpg_2024-07-03_15-25-10.webp.webp?fit=1200%2C675&ssl=1&resize=700%2C400 2x, https:\/\/i0.wp.com\/ismaelcolosi.com.br\/wp-content\/uploads\/2024\/07\/Copia-de-Copia-de-TAMANHO-EXATO-PARA-FOTOS-NO-SISTEMA-NOVO-4_2024-07-03_15-25-10_jpg_2024-07-03_15-25-10.webp.webp?fit=1200%2C675&ssl=1&resize=1050%2C600 3x"},"classes":[]},{"id":57935,"url":"https:\/\/ismaelcolosi.com.br\/index.php\/2024\/07\/25\/educacao-de-sp-esta-com-inscricoes-abertas-para-processo-seletivo-com-3-mil-vagas\/","url_meta":{"origin":59107,"position":4},"title":"Educa\u00e7\u00e3o de SP est\u00e1 com inscri\u00e7\u00f5es abertas para processo seletivo com 3 mil vagas","author":"ismaelcolosi.com.br","date":"25 de July de 2024","format":false,"excerpt":"A Secretaria de Estado da Educa\u00e7\u00e3o est\u00e1 com inscri\u00e7\u00f5es abertas para um processo seletivo com 3 mil vagas em todo Estado de S\u00e3o Paulo, incluindo 130 para a regi\u00e3o de Ribeir\u00e3o Preto. As oportunidades s\u00e3o para profissionais graduados que queiram atuar em 2025 em classes do ensino t\u00e9cnico. O sal\u00e1rio\u2026","rel":"","context":"In &quot;Not\u00edcias de Ribeir\u00e3o Preto-SP e Regi\u00e3o&quot;","block_context":{"text":"Not\u00edcias de Ribeir\u00e3o Preto-SP e Regi\u00e3o","link":"https:\/\/ismaelcolosi.com.br\/index.php\/category\/noticias-de-ribeirao-preto-sp-e-regiao-ismael-colosi\/"},"img":{"alt_text":"","src":"https:\/\/i0.wp.com\/ismaelcolosi.com.br\/wp-content\/uploads\/2024\/07\/Copia-de-Copia-de-TAMANHO-EXATO-PARA-FOTOS-NO-SISTEMA-NOVO-30_2024-07-25_19-13-25_jpg_2024-07-25_19-13-25.webp.webp?fit=1200%2C675&ssl=1&resize=350%2C200","width":350,"height":200,"srcset":"https:\/\/i0.wp.com\/ismaelcolosi.com.br\/wp-content\/uploads\/2024\/07\/Copia-de-Copia-de-TAMANHO-EXATO-PARA-FOTOS-NO-SISTEMA-NOVO-30_2024-07-25_19-13-25_jpg_2024-07-25_19-13-25.webp.webp?fit=1200%2C675&ssl=1&resize=350%2C200 1x, https:\/\/i0.wp.com\/ismaelcolosi.com.br\/wp-content\/uploads\/2024\/07\/Copia-de-Copia-de-TAMANHO-EXATO-PARA-FOTOS-NO-SISTEMA-NOVO-30_2024-07-25_19-13-25_jpg_2024-07-25_19-13-25.webp.webp?fit=1200%2C675&ssl=1&resize=525%2C300 1.5x, https:\/\/i0.wp.com\/ismaelcolosi.com.br\/wp-content\/uploads\/2024\/07\/Copia-de-Copia-de-TAMANHO-EXATO-PARA-FOTOS-NO-SISTEMA-NOVO-30_2024-07-25_19-13-25_jpg_2024-07-25_19-13-25.webp.webp?fit=1200%2C675&ssl=1&resize=700%2C400 2x, https:\/\/i0.wp.com\/ismaelcolosi.com.br\/wp-content\/uploads\/2024\/07\/Copia-de-Copia-de-TAMANHO-EXATO-PARA-FOTOS-NO-SISTEMA-NOVO-30_2024-07-25_19-13-25_jpg_2024-07-25_19-13-25.webp.webp?fit=1200%2C675&ssl=1&resize=1050%2C600 3x"},"classes":[]},{"id":56681,"url":"https:\/\/ismaelcolosi.com.br\/index.php\/2024\/07\/14\/saiba-ate-quando-vao-as-inscricoes-para-o-processo-seletivo-no-hc-ribeirao-preto\/","url_meta":{"origin":59107,"position":5},"title":"Saiba at\u00e9 quando v\u00e3o as inscri\u00e7\u00f5es para o processo seletivo no HC Ribeir\u00e3o Preto","author":"ismaelcolosi.com.br","date":"14 de July de 2024","format":false,"excerpt":"As inscri\u00e7\u00f5es para o processo seletivo do HCRP (Hospital das Cl\u00ednicas de Ribeir\u00e3o Preto), com vagas para cursos profissionalizantes gratuitos de cuidadores de idosos e fabrica\u00e7\u00e3o de \u00f3rteses e pr\u00f3teses, v\u00e3o at\u00e9 a pr\u00f3xima sexta-feira (19). Os interessados, em uma das 47 vagas (veja abaixo), devem se inscrever pelo site\u2026","rel":"","context":"In &quot;Not\u00edcias de Ribeir\u00e3o Preto-SP e Regi\u00e3o&quot;","block_context":{"text":"Not\u00edcias de Ribeir\u00e3o Preto-SP e Regi\u00e3o","link":"https:\/\/ismaelcolosi.com.br\/index.php\/category\/noticias-de-ribeirao-preto-sp-e-regiao-ismael-colosi\/"},"img":{"alt_text":"","src":"https:\/\/i0.wp.com\/ismaelcolosi.com.br\/wp-content\/uploads\/2024\/07\/Copia-de-Copia-de-TAMANHO-EXATO-PARA-FOTOS-NO-SISTEMA-NOVO-13_2024-07-14_14-37-47_jpg_2024-07-14_14-37-47.webp.webp?fit=1200%2C675&ssl=1&resize=350%2C200","width":350,"height":200,"srcset":"https:\/\/i0.wp.com\/ismaelcolosi.com.br\/wp-content\/uploads\/2024\/07\/Copia-de-Copia-de-TAMANHO-EXATO-PARA-FOTOS-NO-SISTEMA-NOVO-13_2024-07-14_14-37-47_jpg_2024-07-14_14-37-47.webp.webp?fit=1200%2C675&ssl=1&resize=350%2C200 1x, https:\/\/i0.wp.com\/ismaelcolosi.com.br\/wp-content\/uploads\/2024\/07\/Copia-de-Copia-de-TAMANHO-EXATO-PARA-FOTOS-NO-SISTEMA-NOVO-13_2024-07-14_14-37-47_jpg_2024-07-14_14-37-47.webp.webp?fit=1200%2C675&ssl=1&resize=525%2C300 1.5x, https:\/\/i0.wp.com\/ismaelcolosi.com.br\/wp-content\/uploads\/2024\/07\/Copia-de-Copia-de-TAMANHO-EXATO-PARA-FOTOS-NO-SISTEMA-NOVO-13_2024-07-14_14-37-47_jpg_2024-07-14_14-37-47.webp.webp?fit=1200%2C675&ssl=1&resize=700%2C400 2x, https:\/\/i0.wp.com\/ismaelcolosi.com.br\/wp-content\/uploads\/2024\/07\/Copia-de-Copia-de-TAMANHO-EXATO-PARA-FOTOS-NO-SISTEMA-NOVO-13_2024-07-14_14-37-47_jpg_2024-07-14_14-37-47.webp.webp?fit=1200%2C675&ssl=1&resize=1050%2C600 3x"},"classes":[]}],"jetpack_sharing_enabled":true,"jetpack_shortlink":"https:\/\/wp.me\/pfMlyK-fnl","_links":{"self":[{"href":"https:\/\/ismaelcolosi.com.br\/index.php\/wp-json\/wp\/v2\/posts\/59107","targetHints":{"allow":["GET"]}}],"collection":[{"href":"https:\/\/ismaelcolosi.com.br\/index.php\/wp-json\/wp\/v2\/posts"}],"about":[{"href":"https:\/\/ismaelcolosi.com.br\/index.php\/wp-json\/wp\/v2\/types\/post"}],"author":[{"embeddable":true,"href":"https:\/\/ismaelcolosi.com.br\/index.php\/wp-json\/wp\/v2\/users\/1"}],"replies":[{"embeddable":true,"href":"https:\/\/ismaelcolosi.com.br\/index.php\/wp-json\/wp\/v2\/comments?post=59107"}],"version-history":[{"count":0,"href":"https:\/\/ismaelcolosi.com.br\/index.php\/wp-json\/wp\/v2\/posts\/59107\/revisions"}],"wp:featuredmedia":[{"embeddable":true,"href":"https:\/\/ismaelcolosi.com.br\/index.php\/wp-json\/wp\/v2\/media\/59108"}],"wp:attachment":[{"href":"https:\/\/ismaelcolosi.com.br\/index.php\/wp-json\/wp\/v2\/media?parent=59107"}],"wp:term":[{"taxonomy":"category","embeddable":true,"href":"https:\/\/ismaelcolosi.com.br\/index.php\/wp-json\/wp\/v2\/categories?post=59107"},{"taxonomy":"post_tag","embeddable":true,"href":"https:\/\/ismaelcolosi.com.br\/index.php\/wp-json\/wp\/v2\/tags?post=59107"}],"curies":[{"name":"wp","href":"https:\/\/api.w.org\/{rel}","templated":true}]}}