{"id":5907,"date":"2023-11-24T14:09:58","date_gmt":"2023-11-24T17:09:58","guid":{"rendered":"https:\/\/ismaelcolosi.com.br\/index.php\/2023\/11\/24\/motorista-morre-apos-bater-carro-em-caminhao-bau-estacionado-na-regiao-de-ribeirao\/"},"modified":"2023-11-24T14:09:58","modified_gmt":"2023-11-24T17:09:58","slug":"motorista-morre-apos-bater-carro-em-caminhao-bau-estacionado-na-regiao-de-ribeirao","status":"publish","type":"post","link":"https:\/\/ismaelcolosi.com.br\/index.php\/2023\/11\/24\/motorista-morre-apos-bater-carro-em-caminhao-bau-estacionado-na-regiao-de-ribeirao\/","title":{"rendered":"Motorista morre ap\u00f3s bater carro em caminh\u00e3o-ba\u00fa estacionado na regi\u00e3o de Ribeir\u00e3o"},"content":{"rendered":"<p> <br \/>\n<\/p>\n<div>\n<p>O <strong>motorista <\/strong>de <strong>carro morreu\u00a0<\/strong>na madrugada desta sexta-feira (24), depois de <strong>bater <\/strong>o <strong>ve\u00edculo <\/strong>na <strong>traseira <\/strong>de um <strong>caminh\u00e3o-ba\u00fa<\/strong> <strong>estacionado <\/strong>em uma <strong>avenida<\/strong> de <strong>Sert\u00e3ozinho<\/strong>, na regi\u00e3o de <strong>Ribeir\u00e3o Preto<\/strong>.<\/p>\n<p>Segundo o <strong>boletim de ocorr\u00eancia (BO)<\/strong>, <strong>Bruno Aparecido Ferreira Lopes, de 27 anos<\/strong>, seguia com um Fiat Pr\u00eamio pela <strong>avenida Elizeu Tami\u00e3o<\/strong>, no <strong>Jardim Porto Seguro<\/strong>, quando atingiu o <strong>caminh\u00e3o<\/strong>, no sentido Centro-bairro. <\/p><div class='code-block code-block-8' style='margin: 8px auto; text-align: center; display: block; clear: both;'>\n<script>\n  atOptions = {\n    'key' : '66e2e2111ca34da796271819fc334058',\n    'format' : 'iframe',\n    'height' : 250,\n    'width' : 300,\n    'params' : {}\n  };\n<\/script>\n<script src=\"https:\/\/www.highperformanceformat.com\/66e2e2111ca34da796271819fc334058\/invoke.js\"><\/script>\n<\/div>\n\n<p>A pol\u00edcia apurou que o <strong>caminh\u00e3o <\/strong>estava <strong>estacionado corretamente <\/strong>em frente \u00e0 casa do propriet\u00e1rio.<\/p>\n<p>Ainda consta no <strong>BO <\/strong>que a <strong>v\u00edtima <\/strong>chegou a ser <strong>socorrida <\/strong>por equipes do <strong>Samu <\/strong>e <strong>Corpo de Bombeiros<\/strong>, mas n\u00e3o resistiu e <strong>faleceu <\/strong>ainda no local.<\/p>\n<p>A <strong>pol\u00edcia <\/strong>n\u00e3o encontrou <strong>testemunhas <\/strong>e, \u00e0 princ\u00edpio, n\u00e3o havia identificado c\u00e2meras de seguran\u00e7a nas proximidades.<\/p>\n<p>As <strong>causas<\/strong>, contudo, ainda dever\u00e3o ser <strong>investigadas<\/strong>.<\/p>\n<p>O <strong>carro <\/strong>acabou <strong>apreendido <\/strong>administrativamente. Por\u00e9m, o motivo n\u00e3o foi informado.<\/p>\n<p>O <strong>BO <\/strong>foi registrado no <strong>Plant\u00e3o da Delegacia Seccional de Sert\u00e3ozinho<\/strong> como <strong>morte suspeita a e acidental, e colis\u00e3o.<\/strong><\/p>\n<p>VEJA TAMB\u00c9M<\/p>\n<p>Vem chuva? Saiba a previs\u00e3o do tempo para o fim de semana no interior de SP<\/p>\n<h4 class=\"wp-block-heading\"><strong>FIQUE ON<\/strong><\/h4>\n<p>Fique ligado em tudo que acontece em Ribeir\u00e3o Preto e regi\u00e3o. Siga os perfis do\u00a0<strong>acidade on<\/strong>\u00a0no\u00a0<a href=\"https:\/\/www.instagram.com\/acidadeonribeirao\" target=\"_blank\" rel=\"noreferrer noopener\">Instagram\u00a0<\/a>e no<a href=\"https:\/\/www.facebook.com\/acidadeonribeirao\" target=\"_blank\" rel=\"noreferrer noopener\">\u00a0Facebook.<\/a><\/p>\n<p>Receba not\u00edcias do\u00a0<strong>acidade on\u00a0<\/strong>no WhatsApp.\u00a0<a href=\"https:\/\/chat.whatsapp.com\/Bnv2w66ZT4VDyZW3oiZ69n\" target=\"_blank\" rel=\"noreferrer noopener\">Para entrar no grupo, basta clicar aqui.<\/a><\/p>\n<p>Fa\u00e7a uma den\u00fancia ou sugira uma reportagem sobre Ribeir\u00e3o Preto e regi\u00e3o pelo WhatsApp:\u00a0<strong>(16) 99117 7802.<\/strong><\/p>\n<p>LEIA MAIS<\/p>\n<p><a href=\"https:\/\/www.tudoep.com\/tudo-noticias\/NOT,0,0,1868161,golpe-do-franui-veja-como-identificar-sites-falsos-de-venda.aspx\" target=\"_blank\" rel=\"noreferrer noopener\">Golpe do Franu\u00ed: veja como identificar sites falsos de venda<\/a><\/p>\n<p><!-- AI CONTENT END 1 -->\n<\/div>\n<p><script async src=\"\/\/www.instagram.com\/embed.js\"><\/script><br \/>\n<br \/><br \/>\n<br \/><a href=\"https:\/\/www.acidadeon.com\/ribeiraopreto\/cotidiano\/motorista-morre-apos-bater-carro-em-caminhao-bau-estacionado-na-regiao-de-ribeirao\/\">Source link <\/a><\/p>\n<div class='code-block code-block-4' style='margin: 8px auto 8px 0; text-align: left; display: block; clear: both;'>\n\ud83d\udce2 Aviso Legal\n\nO site ismaelcolosi.com.br atua apenas como um canal de divulga\u00e7\u00e3o de oportunidades de emprego e n\u00e3o se responsabiliza pelo processo seletivo, contrata\u00e7\u00e3o ou qualquer outra etapa relacionada \u00e0s vagas publicadas. Todas as informa\u00e7\u00f5es s\u00e3o de responsabilidade dos anunciantes.\n\n\u26a0\ufe0f Aten\u00e7\u00e3o! Nunca pague por promessas de emprego nem compre cursos que garantam contrata\u00e7\u00e3o. Desconfie de qualquer cobran\u00e7a para participar de sele\u00e7\u00f5es.\n\n\n\n<\/div>\n<!-- CONTENT END 1 -->\n","protected":false},"excerpt":{"rendered":"<p>O motorista de carro morreu\u00a0na madrugada desta sexta-feira (24), depois de bater o ve\u00edculo na traseira de um caminh\u00e3o-ba\u00fa estacionado em uma avenida de Sert\u00e3ozinho,&#8230;<\/p>\n","protected":false},"author":1,"featured_media":5908,"comment_status":"open","ping_status":"open","sticky":false,"template":"","format":"standard","meta":{"_uag_custom_page_level_css":"","advanced_seo_description":"","jetpack_seo_html_title":"","jetpack_seo_noindex":false,"jetpack_post_was_ever_published":false,"_jetpack_newsletter_access":"","_jetpack_dont_email_post_to_subs":false,"_jetpack_newsletter_tier_id":0,"_jetpack_memberships_contains_paywalled_content":false,"_jetpack_memberships_contains_paid_content":false,"footnotes":"","jetpack_publicize_message":"","jetpack_publicize_feature_enabled":true,"jetpack_social_post_already_shared":true,"jetpack_social_options":{"image_generator_settings":{"template":"highway","default_image_id":0,"font":"","enabled":false},"version":2}},"categories":[11],"tags":[37,661,662,295,663,271,319,277,26],"class_list":["post-5907","post","type-post","status-publish","format-standard","has-post-thumbnail","hentry","category-noticias-de-ribeirao-preto-sp-e-regiao-ismael-colosi","tag-apos","tag-bater","tag-caminhaobau","tag-carro","tag-estacionado","tag-morre","tag-motorista","tag-regiao","tag-ribeirao"],"jetpack_publicize_connections":[],"jetpack_featured_media_url":"https:\/\/i0.wp.com\/ismaelcolosi.com.br\/wp-content\/uploads\/2023\/11\/samu_1024x576_06032020094007.jpg?fit=1024%2C576&ssl=1","uagb_featured_image_src":{"full":["https:\/\/i0.wp.com\/ismaelcolosi.com.br\/wp-content\/uploads\/2023\/11\/samu_1024x576_06032020094007.jpg?fit=1024%2C576&ssl=1",1024,576,false],"thumbnail":["https:\/\/i0.wp.com\/ismaelcolosi.com.br\/wp-content\/uploads\/2023\/11\/samu_1024x576_06032020094007.jpg?resize=150%2C150&ssl=1",150,150,true],"medium":["https:\/\/i0.wp.com\/ismaelcolosi.com.br\/wp-content\/uploads\/2023\/11\/samu_1024x576_06032020094007.jpg?fit=300%2C169&ssl=1",300,169,true],"medium_large":["https:\/\/i0.wp.com\/ismaelcolosi.com.br\/wp-content\/uploads\/2023\/11\/samu_1024x576_06032020094007.jpg?fit=768%2C432&ssl=1",768,432,true],"large":["https:\/\/i0.wp.com\/ismaelcolosi.com.br\/wp-content\/uploads\/2023\/11\/samu_1024x576_06032020094007.jpg?fit=1024%2C576&ssl=1",1024,576,true],"1536x1536":["https:\/\/i0.wp.com\/ismaelcolosi.com.br\/wp-content\/uploads\/2023\/11\/samu_1024x576_06032020094007.jpg?fit=1024%2C576&ssl=1",1024,576,true],"2048x2048":["https:\/\/i0.wp.com\/ismaelcolosi.com.br\/wp-content\/uploads\/2023\/11\/samu_1024x576_06032020094007.jpg?fit=1024%2C576&ssl=1",1024,576,true],"really-simple-thumb":["https:\/\/i0.wp.com\/ismaelcolosi.com.br\/wp-content\/uploads\/2023\/11\/samu_1024x576_06032020094007.jpg?resize=370%2C247&ssl=1",370,247,true]},"uagb_author_info":{"display_name":"ismaelcolosi.com.br","author_link":"https:\/\/ismaelcolosi.com.br\/index.php\/author\/vidareal-online\/"},"uagb_comment_info":0,"uagb_excerpt":"O motorista de carro morreu\u00a0na madrugada desta sexta-feira (24), depois de bater o ve\u00edculo na traseira de um caminh\u00e3o-ba\u00fa estacionado em uma avenida de Sert\u00e3ozinho,...","jetpack-related-posts":[{"id":28518,"url":"https:\/\/ismaelcolosi.com.br\/index.php\/2024\/01\/16\/casal-de-idosos-morre-apos-colidir-com-caminhao-estacionado-na-regiao-de-ribeirao-veja-o-video\/","url_meta":{"origin":5907,"position":0},"title":"Casal de idosos morre ap\u00f3s colidir com caminh\u00e3o estacionado na regi\u00e3o de Ribeir\u00e3o; Veja o v\u00eddeo","author":"ismaelcolosi.com.br","date":"16 de January de 2024","format":false,"excerpt":"Dois idosos morreram ap\u00f3s colidir com um caminh\u00e3o que estava estacionado em um posto de combust\u00edvel, na tarde deste domingo (14), em Sert\u00e3ozinho, cidade na regi\u00e3o de Ribeir\u00e3o Preto. O acidente aconteceu por volta das 15h22 e foi registrado por uma c\u00e2mera de seguran\u00e7a (veja o v\u00eddeo abaixo). Nas imagens\u2026","rel":"","context":"In &quot;Not\u00edcias de Ribeir\u00e3o Preto-SP e Regi\u00e3o&quot;","block_context":{"text":"Not\u00edcias de Ribeir\u00e3o Preto-SP e Regi\u00e3o","link":"https:\/\/ismaelcolosi.com.br\/index.php\/category\/noticias-de-ribeirao-preto-sp-e-regiao-ismael-colosi\/"},"img":{"alt_text":"","src":"https:\/\/i0.wp.com\/ismaelcolosi.com.br\/wp-content\/uploads\/2024\/01\/WhatsApp-Image-2024-01-15-at-17.34.55.jpeg?fit=750%2C424&ssl=1&resize=350%2C200","width":350,"height":200,"srcset":"https:\/\/i0.wp.com\/ismaelcolosi.com.br\/wp-content\/uploads\/2024\/01\/WhatsApp-Image-2024-01-15-at-17.34.55.jpeg?fit=750%2C424&ssl=1&resize=350%2C200 1x, https:\/\/i0.wp.com\/ismaelcolosi.com.br\/wp-content\/uploads\/2024\/01\/WhatsApp-Image-2024-01-15-at-17.34.55.jpeg?fit=750%2C424&ssl=1&resize=525%2C300 1.5x, https:\/\/i0.wp.com\/ismaelcolosi.com.br\/wp-content\/uploads\/2024\/01\/WhatsApp-Image-2024-01-15-at-17.34.55.jpeg?fit=750%2C424&ssl=1&resize=700%2C400 2x"},"classes":[]},{"id":58080,"url":"https:\/\/ismaelcolosi.com.br\/index.php\/2024\/07\/26\/motorista-morre-depois-de-bater-em-traseira-de-caminhao-em-rodovia-da-regiao-de-ribeirao\/","url_meta":{"origin":5907,"position":1},"title":"Motorista morre depois de bater em traseira de caminh\u00e3o em rodovia da regi\u00e3o de Ribeir\u00e3o","author":"ismaelcolosi.com.br","date":"26 de July de 2024","format":false,"excerpt":"Um motorista morreu, ap\u00f3s bater o carro na traseira de um caminh\u00e3o, no quil\u00f4metro 267 da rodovia Anhanguera (SP-330) em S\u00e3o Sim\u00e3o. A batida foi na tarde desta sexta-feira (26). De acordo com a Arteris\/ViaPaulista, uma mulher de 24 anos foi socorrida em estado grave e duas crian\u00e7as, de cinco\u2026","rel":"","context":"In &quot;Not\u00edcias de Ribeir\u00e3o Preto-SP e Regi\u00e3o&quot;","block_context":{"text":"Not\u00edcias de Ribeir\u00e3o Preto-SP e Regi\u00e3o","link":"https:\/\/ismaelcolosi.com.br\/index.php\/category\/noticias-de-ribeirao-preto-sp-e-regiao-ismael-colosi\/"},"img":{"alt_text":"","src":"https:\/\/i0.wp.com\/ismaelcolosi.com.br\/wp-content\/uploads\/2024\/07\/Copia-de-Copia-de-TAMANHO-EXATO-PARA-FOTOS-NO-SISTEMA-NOVO-2_2024-07-26_21-32-36_png_2024-07-26_21-32-36.webp.webp?fit=1200%2C675&ssl=1&resize=350%2C200","width":350,"height":200,"srcset":"https:\/\/i0.wp.com\/ismaelcolosi.com.br\/wp-content\/uploads\/2024\/07\/Copia-de-Copia-de-TAMANHO-EXATO-PARA-FOTOS-NO-SISTEMA-NOVO-2_2024-07-26_21-32-36_png_2024-07-26_21-32-36.webp.webp?fit=1200%2C675&ssl=1&resize=350%2C200 1x, https:\/\/i0.wp.com\/ismaelcolosi.com.br\/wp-content\/uploads\/2024\/07\/Copia-de-Copia-de-TAMANHO-EXATO-PARA-FOTOS-NO-SISTEMA-NOVO-2_2024-07-26_21-32-36_png_2024-07-26_21-32-36.webp.webp?fit=1200%2C675&ssl=1&resize=525%2C300 1.5x, https:\/\/i0.wp.com\/ismaelcolosi.com.br\/wp-content\/uploads\/2024\/07\/Copia-de-Copia-de-TAMANHO-EXATO-PARA-FOTOS-NO-SISTEMA-NOVO-2_2024-07-26_21-32-36_png_2024-07-26_21-32-36.webp.webp?fit=1200%2C675&ssl=1&resize=700%2C400 2x, https:\/\/i0.wp.com\/ismaelcolosi.com.br\/wp-content\/uploads\/2024\/07\/Copia-de-Copia-de-TAMANHO-EXATO-PARA-FOTOS-NO-SISTEMA-NOVO-2_2024-07-26_21-32-36_png_2024-07-26_21-32-36.webp.webp?fit=1200%2C675&ssl=1&resize=1050%2C600 3x"},"classes":[]},{"id":51414,"url":"https:\/\/ismaelcolosi.com.br\/index.php\/2024\/05\/27\/motorista-quase-capota-apos-colidir-com-carro-estacionado-em-ribeirao-preto-veja-o-video\/","url_meta":{"origin":5907,"position":2},"title":"Motorista quase capota ap\u00f3s colidir com carro estacionado em Ribeir\u00e3o Preto; Veja o v\u00eddeo","author":"ismaelcolosi.com.br","date":"27 de May de 2024","format":false,"excerpt":"Um motorista quase capotou o carro ap\u00f3s colidir com um ve\u00edculo que estava estacionado na rua Carlos Chagas, no Jardim Paulista, zona Leste de Ribeir\u00e3o Preto, no final da tarde deste s\u00e1bado (25). O caso foi registrado por c\u00e2meras de seguran\u00e7a \u2013 veja abaixo. Nas imagens \u00e9 poss\u00edvel observar o\u2026","rel":"","context":"In &quot;Not\u00edcias de Ribeir\u00e3o Preto-SP e Regi\u00e3o&quot;","block_context":{"text":"Not\u00edcias de Ribeir\u00e3o Preto-SP e Regi\u00e3o","link":"https:\/\/ismaelcolosi.com.br\/index.php\/category\/noticias-de-ribeirao-preto-sp-e-regiao-ismael-colosi\/"},"img":{"alt_text":"","src":"https:\/\/i0.wp.com\/ismaelcolosi.com.br\/wp-content\/uploads\/2024\/05\/Copia-de-Copia-de-TAMANHO-EXATO-PARA-FOTOS-NO-SISTEMA-NOVO-57_2024-05-27_19-39-21_png_2024-05-27_19-39-21.webp.webp?fit=1200%2C675&ssl=1&resize=350%2C200","width":350,"height":200,"srcset":"https:\/\/i0.wp.com\/ismaelcolosi.com.br\/wp-content\/uploads\/2024\/05\/Copia-de-Copia-de-TAMANHO-EXATO-PARA-FOTOS-NO-SISTEMA-NOVO-57_2024-05-27_19-39-21_png_2024-05-27_19-39-21.webp.webp?fit=1200%2C675&ssl=1&resize=350%2C200 1x, https:\/\/i0.wp.com\/ismaelcolosi.com.br\/wp-content\/uploads\/2024\/05\/Copia-de-Copia-de-TAMANHO-EXATO-PARA-FOTOS-NO-SISTEMA-NOVO-57_2024-05-27_19-39-21_png_2024-05-27_19-39-21.webp.webp?fit=1200%2C675&ssl=1&resize=525%2C300 1.5x, https:\/\/i0.wp.com\/ismaelcolosi.com.br\/wp-content\/uploads\/2024\/05\/Copia-de-Copia-de-TAMANHO-EXATO-PARA-FOTOS-NO-SISTEMA-NOVO-57_2024-05-27_19-39-21_png_2024-05-27_19-39-21.webp.webp?fit=1200%2C675&ssl=1&resize=700%2C400 2x, https:\/\/i0.wp.com\/ismaelcolosi.com.br\/wp-content\/uploads\/2024\/05\/Copia-de-Copia-de-TAMANHO-EXATO-PARA-FOTOS-NO-SISTEMA-NOVO-57_2024-05-27_19-39-21_png_2024-05-27_19-39-21.webp.webp?fit=1200%2C675&ssl=1&resize=1050%2C600 3x"},"classes":[]},{"id":56330,"url":"https:\/\/ismaelcolosi.com.br\/index.php\/2024\/07\/11\/idoso-morre-apos-batida-entre-carro-e-caminhao-em-vicinal-na-regiao-de-ribeirao-preto\/","url_meta":{"origin":5907,"position":3},"title":"Idoso morre ap\u00f3s batida entre carro e caminh\u00e3o em vicinal na regi\u00e3o de Ribeir\u00e3o Preto","author":"ismaelcolosi.com.br","date":"11 de July de 2024","format":false,"excerpt":"O motorista de um carro morreu na noite desta quarta-feira (10), depois da batida do ve\u00edculo com um caminh\u00e3o na estrada vicinal Cel. Francisco Orlando, em Morro Agudo, a aproximadamente 70 quil\u00f4metros de\u00a0Ribeir\u00e3o Preto. Segundo o boletim de ocorr\u00eancia (BO), Carlos Henrique de Castro, de 68 anos, chegou\u00a0 a ser\u2026","rel":"","context":"In &quot;Not\u00edcias de Ribeir\u00e3o Preto-SP e Regi\u00e3o&quot;","block_context":{"text":"Not\u00edcias de Ribeir\u00e3o Preto-SP e Regi\u00e3o","link":"https:\/\/ismaelcolosi.com.br\/index.php\/category\/noticias-de-ribeirao-preto-sp-e-regiao-ismael-colosi\/"},"img":{"alt_text":"","src":"https:\/\/i0.wp.com\/ismaelcolosi.com.br\/wp-content\/uploads\/2024\/07\/WhatsApp-Image-2024-07-11-at-08.40.14_2024-07-11_11-41-37_jpeg_2024-07-11_11-41-37.webp.webp?fit=1200%2C1100&ssl=1&resize=350%2C200","width":350,"height":200,"srcset":"https:\/\/i0.wp.com\/ismaelcolosi.com.br\/wp-content\/uploads\/2024\/07\/WhatsApp-Image-2024-07-11-at-08.40.14_2024-07-11_11-41-37_jpeg_2024-07-11_11-41-37.webp.webp?fit=1200%2C1100&ssl=1&resize=350%2C200 1x, https:\/\/i0.wp.com\/ismaelcolosi.com.br\/wp-content\/uploads\/2024\/07\/WhatsApp-Image-2024-07-11-at-08.40.14_2024-07-11_11-41-37_jpeg_2024-07-11_11-41-37.webp.webp?fit=1200%2C1100&ssl=1&resize=525%2C300 1.5x, https:\/\/i0.wp.com\/ismaelcolosi.com.br\/wp-content\/uploads\/2024\/07\/WhatsApp-Image-2024-07-11-at-08.40.14_2024-07-11_11-41-37_jpeg_2024-07-11_11-41-37.webp.webp?fit=1200%2C1100&ssl=1&resize=700%2C400 2x, https:\/\/i0.wp.com\/ismaelcolosi.com.br\/wp-content\/uploads\/2024\/07\/WhatsApp-Image-2024-07-11-at-08.40.14_2024-07-11_11-41-37_jpeg_2024-07-11_11-41-37.webp.webp?fit=1200%2C1100&ssl=1&resize=1050%2C600 3x"},"classes":[]},{"id":49754,"url":"https:\/\/ismaelcolosi.com.br\/index.php\/2024\/05\/13\/professor-e-preso-por-embriaguez-apos-dirigir-na-contramao-no-centro-de-ribeirao-preto\/","url_meta":{"origin":5907,"position":4},"title":"Professor \u00e9 preso por embriaguez ap\u00f3s dirigir na contram\u00e3o no Centro de Ribeir\u00e3o Preto","author":"ismaelcolosi.com.br","date":"13 de May de 2024","format":false,"excerpt":"Na madrugada de domingo (12), um professor de 55 anos foi preso por embriaguez ao volante ap\u00f3s dirigir na contram\u00e3o na rua Bar\u00e3o do Amazonas, no Centro de Ribeir\u00e3o Preto. Segundo o BO (boletim de ocorr\u00eancia),\u00a0os policiais militares foram acionados e quando chegaram no local, encontraram o motorista dentro do\u2026","rel":"","context":"In &quot;Not\u00edcias de Ribeir\u00e3o Preto-SP e Regi\u00e3o&quot;","block_context":{"text":"Not\u00edcias de Ribeir\u00e3o Preto-SP e Regi\u00e3o","link":"https:\/\/ismaelcolosi.com.br\/index.php\/category\/noticias-de-ribeirao-preto-sp-e-regiao-ismael-colosi\/"},"img":{"alt_text":"","src":"https:\/\/i0.wp.com\/ismaelcolosi.com.br\/wp-content\/uploads\/2024\/05\/WhatsApp-Image-2023-12-23-at-12.01.31.jpeg?fit=480%2C245&ssl=1&resize=350%2C200","width":350,"height":200},"classes":[]},{"id":46030,"url":"https:\/\/ismaelcolosi.com.br\/index.php\/2024\/04\/09\/camera-flagra-batida-de-carro-e-caminhao-na-zona-norte-de-ribeirao-veja-video\/","url_meta":{"origin":5907,"position":5},"title":"C\u00e2mera flagra batida de carro e caminh\u00e3o na zona Norte de Ribeir\u00e3o; Veja v\u00eddeo","author":"ismaelcolosi.com.br","date":"9 de April de 2024","format":false,"excerpt":"Uma batida entre um carro e um caminh\u00e3o deixou uma v\u00edtima na manh\u00e3 desta segunda-feira (8), no cruzamento das ruas Petr\u00f3polis e Jardin\u00f3polis, na Vila Brasil, zona Norte de Ribeir\u00e3o Preto. Segundo o boletim de ocorr\u00eancia (BO), o motorista do carro, de 33 anos, teria ficado preso nas ferragens e\u2026","rel":"","context":"In &quot;Not\u00edcias de Ribeir\u00e3o Preto-SP e Regi\u00e3o&quot;","block_context":{"text":"Not\u00edcias de Ribeir\u00e3o Preto-SP e Regi\u00e3o","link":"https:\/\/ismaelcolosi.com.br\/index.php\/category\/noticias-de-ribeirao-preto-sp-e-regiao-ismael-colosi\/"},"img":{"alt_text":"","src":"https:\/\/i0.wp.com\/ismaelcolosi.com.br\/wp-content\/uploads\/2024\/04\/ACDIDENTE.jpg?fit=1200%2C794&ssl=1&resize=350%2C200","width":350,"height":200,"srcset":"https:\/\/i0.wp.com\/ismaelcolosi.com.br\/wp-content\/uploads\/2024\/04\/ACDIDENTE.jpg?fit=1200%2C794&ssl=1&resize=350%2C200 1x, https:\/\/i0.wp.com\/ismaelcolosi.com.br\/wp-content\/uploads\/2024\/04\/ACDIDENTE.jpg?fit=1200%2C794&ssl=1&resize=525%2C300 1.5x, https:\/\/i0.wp.com\/ismaelcolosi.com.br\/wp-content\/uploads\/2024\/04\/ACDIDENTE.jpg?fit=1200%2C794&ssl=1&resize=700%2C400 2x, https:\/\/i0.wp.com\/ismaelcolosi.com.br\/wp-content\/uploads\/2024\/04\/ACDIDENTE.jpg?fit=1200%2C794&ssl=1&resize=1050%2C600 3x"},"classes":[]}],"jetpack_sharing_enabled":true,"jetpack_shortlink":"https:\/\/wp.me\/pfMlyK-1xh","_links":{"self":[{"href":"https:\/\/ismaelcolosi.com.br\/index.php\/wp-json\/wp\/v2\/posts\/5907","targetHints":{"allow":["GET"]}}],"collection":[{"href":"https:\/\/ismaelcolosi.com.br\/index.php\/wp-json\/wp\/v2\/posts"}],"about":[{"href":"https:\/\/ismaelcolosi.com.br\/index.php\/wp-json\/wp\/v2\/types\/post"}],"author":[{"embeddable":true,"href":"https:\/\/ismaelcolosi.com.br\/index.php\/wp-json\/wp\/v2\/users\/1"}],"replies":[{"embeddable":true,"href":"https:\/\/ismaelcolosi.com.br\/index.php\/wp-json\/wp\/v2\/comments?post=5907"}],"version-history":[{"count":0,"href":"https:\/\/ismaelcolosi.com.br\/index.php\/wp-json\/wp\/v2\/posts\/5907\/revisions"}],"wp:featuredmedia":[{"embeddable":true,"href":"https:\/\/ismaelcolosi.com.br\/index.php\/wp-json\/wp\/v2\/media\/5908"}],"wp:attachment":[{"href":"https:\/\/ismaelcolosi.com.br\/index.php\/wp-json\/wp\/v2\/media?parent=5907"}],"wp:term":[{"taxonomy":"category","embeddable":true,"href":"https:\/\/ismaelcolosi.com.br\/index.php\/wp-json\/wp\/v2\/categories?post=5907"},{"taxonomy":"post_tag","embeddable":true,"href":"https:\/\/ismaelcolosi.com.br\/index.php\/wp-json\/wp\/v2\/tags?post=5907"}],"curies":[{"name":"wp","href":"https:\/\/api.w.org\/{rel}","templated":true}]}}