{"id":58916,"date":"2024-08-04T08:31:24","date_gmt":"2024-08-04T11:31:24","guid":{"rendered":"https:\/\/ismaelcolosi.com.br\/index.php\/2024\/08\/04\/tres-pessoas-morrem-em-queda-de-aviao-no-interior-de-sp\/"},"modified":"2024-08-04T08:31:24","modified_gmt":"2024-08-04T11:31:24","slug":"tres-pessoas-morrem-em-queda-de-aviao-no-interior-de-sp","status":"publish","type":"post","link":"https:\/\/ismaelcolosi.com.br\/index.php\/2024\/08\/04\/tres-pessoas-morrem-em-queda-de-aviao-no-interior-de-sp\/","title":{"rendered":"Tr\u00eas pessoas morrem em queda de avi\u00e3o no interior de SP"},"content":{"rendered":"<p> <br \/>\n<\/p>\n<div data-td-block-uid=\"tdi_106\">\n<div class=\"tdb-block-inner td-fix-index\">\n<p><strong>Tr\u00eas pessoas morreram neste s\u00e1bado (3), ap\u00f3s um avi\u00e3o de pequeno porte cair em uma propiedade rural no km 5 da rodovia Senador Teot\u00f4nio Vilela, em Birigui, munic\u00edpio do noroeste do estado de S\u00e3o Paulo. <\/strong><\/p>\n<p>De acordo com o <strong>Corpo de Bombeiros<\/strong>, a <strong>aronave incendiou <\/strong>com a <strong>queda <\/strong>e ficou totalmente queimada. <mark style=\"background-color:#fcb900\" class=\"has-inline-color has-black-color\">As v\u00edtimas teriam morrido carbonizadas.<\/mark><\/p>\n<p>O acidente ocorreu por volta das 13h50 e \u00e0s 16h o fogo j\u00e1 tinha sido totalmente debelado pelos bombeiros. <\/p>\n<p>A <strong>Pol\u00edcia Civil <\/strong>informou que o avi\u00e3o passou por manuten\u00e7\u00e3o no <strong>Aeroclube de Birigui<\/strong> e seguia com destino \u00e0 <strong>Socorro (SP)<\/strong>.<\/p>\n<p>Est\u00e1 sendo realizada <strong>per\u00edcia <\/strong>para entender o que causou a <strong>queda <\/strong>e a <strong>explos\u00e3o<\/strong>. <mark style=\"background-color:#fcb900\" class=\"has-inline-color\">Ainda n\u00e3o foram divulgadas informa\u00e7\u00f5es sobre as identidades das v\u00edtimas.<\/mark> (Com TV Tem e Ag\u00eancia Estado)<\/p>\n<p>SAIBA MAIS<\/p>\n<p>Motociclista morre e irm\u00e3 \u00e9 socorrida em acidente na zona Sul de Ribeir\u00e3o Preto<\/p>\n<h4 class=\"wp-block-heading\"><strong>FIQUE ON<\/strong><\/h4>\n<p>Fique ligado em tudo que acontece em Ribeir\u00e3o Preto e regi\u00e3o. Siga os perfis do\u00a0<strong>acidade on\u00a0<\/strong>no\u00a0<a href=\"https:\/\/www.instagram.com\/acidadeonribeirao\" target=\"_blank\" rel=\"noreferrer noopener\">Instagram<\/a>\u00a0e no\u00a0<a href=\"https:\/\/www.facebook.com\/acidadeonribeirao\" target=\"_blank\" rel=\"noreferrer noopener\">Facebook<\/a>.<\/p>\n<p>Receba not\u00edcias do acidade on no WhatsApp. Para entrar no grupo, basta\u00a0<a href=\"https:\/\/chat.whatsapp.com\/Dtv9mxhy6V5BJBotM2OQ5k\" target=\"_blank\" rel=\"noreferrer noopener\">clicar aqui<\/a>.<\/p>\n<p>Fa\u00e7a uma den\u00fancia ou sugira uma reportagem sobre Ribeir\u00e3o Preto e regi\u00e3o pelo WhatsApp: 16 99117 7802.<\/p>\n<p>VEJA TAMB\u00c9M<\/p>\n<p>Adhemar Ferreira da Silva: A Alma dos Ouros Ol\u00edmpicos<\/p>\n<p><!-- CONTENT END 1 -->\n<\/div>\n<\/div>\n<p><script async src=\"\/\/www.instagram.com\/embed.js\"><\/script><br \/>\n<br \/><br \/>\n<br \/><a href=\"https:\/\/www.acidadeon.com\/ribeiraopreto\/cotidiano\/tres-pessoas-morrem-em-queda-de-aviao-no-interior-de-sp\/\">Source link <\/a><\/p>\n","protected":false},"excerpt":{"rendered":"<p>Tr\u00eas pessoas morreram neste s\u00e1bado (3), ap\u00f3s um avi\u00e3o de pequeno porte cair em uma propiedade rural no km 5 da rodovia Senador Teot\u00f4nio Vilela,&#8230;<\/p>\n","protected":false},"author":1,"featured_media":58917,"comment_status":"open","ping_status":"open","sticky":false,"template":"","format":"standard","meta":{"_uag_custom_page_level_css":"","advanced_seo_description":"","jetpack_seo_html_title":"","jetpack_seo_noindex":false,"jetpack_post_was_ever_published":false,"_jetpack_newsletter_access":"","_jetpack_dont_email_post_to_subs":false,"_jetpack_newsletter_tier_id":0,"_jetpack_memberships_contains_paywalled_content":false,"_jetpack_memberships_contains_paid_content":false,"footnotes":"","jetpack_publicize_message":"","jetpack_publicize_feature_enabled":true,"jetpack_social_post_already_shared":true,"jetpack_social_options":{"image_generator_settings":{"template":"highway","default_image_id":0,"font":"","enabled":false},"version":2}},"categories":[11],"tags":[],"class_list":["post-58916","post","type-post","status-publish","format-standard","has-post-thumbnail","hentry","category-noticias-de-ribeirao-preto-sp-e-regiao-ismael-colosi"],"jetpack_publicize_connections":[],"jetpack_featured_media_url":"https:\/\/i0.wp.com\/ismaelcolosi.com.br\/wp-content\/uploads\/2024\/08\/AVIAO_2024-08-03_23-10-38_jpg_2024-08-03_23-10-38.webp.webp?fit=2000%2C1195&ssl=1","uagb_featured_image_src":{"full":["https:\/\/i0.wp.com\/ismaelcolosi.com.br\/wp-content\/uploads\/2024\/08\/AVIAO_2024-08-03_23-10-38_jpg_2024-08-03_23-10-38.webp.webp?fit=2000%2C1195&ssl=1",2000,1195,false],"thumbnail":["https:\/\/i0.wp.com\/ismaelcolosi.com.br\/wp-content\/uploads\/2024\/08\/AVIAO_2024-08-03_23-10-38_jpg_2024-08-03_23-10-38.webp.webp?resize=150%2C150&ssl=1",150,150,true],"medium":["https:\/\/i0.wp.com\/ismaelcolosi.com.br\/wp-content\/uploads\/2024\/08\/AVIAO_2024-08-03_23-10-38_jpg_2024-08-03_23-10-38.webp.webp?fit=300%2C179&ssl=1",300,179,true],"medium_large":["https:\/\/i0.wp.com\/ismaelcolosi.com.br\/wp-content\/uploads\/2024\/08\/AVIAO_2024-08-03_23-10-38_jpg_2024-08-03_23-10-38.webp.webp?fit=768%2C459&ssl=1",768,459,true],"large":["https:\/\/i0.wp.com\/ismaelcolosi.com.br\/wp-content\/uploads\/2024\/08\/AVIAO_2024-08-03_23-10-38_jpg_2024-08-03_23-10-38.webp.webp?fit=1024%2C612&ssl=1",1024,612,true],"1536x1536":["https:\/\/i0.wp.com\/ismaelcolosi.com.br\/wp-content\/uploads\/2024\/08\/AVIAO_2024-08-03_23-10-38_jpg_2024-08-03_23-10-38.webp.webp?fit=1536%2C918&ssl=1",1536,918,true],"2048x2048":["https:\/\/i0.wp.com\/ismaelcolosi.com.br\/wp-content\/uploads\/2024\/08\/AVIAO_2024-08-03_23-10-38_jpg_2024-08-03_23-10-38.webp.webp?fit=2000%2C1195&ssl=1",2000,1195,true],"really-simple-thumb":["https:\/\/i0.wp.com\/ismaelcolosi.com.br\/wp-content\/uploads\/2024\/08\/AVIAO_2024-08-03_23-10-38_jpg_2024-08-03_23-10-38.webp.webp?resize=370%2C247&ssl=1",370,247,true]},"uagb_author_info":{"display_name":"ismaelcolosi.com.br","author_link":"https:\/\/ismaelcolosi.com.br\/index.php\/author\/vidareal-online\/"},"uagb_comment_info":0,"uagb_excerpt":"Tr\u00eas pessoas morreram neste s\u00e1bado (3), ap\u00f3s um avi\u00e3o de pequeno porte cair em uma propiedade rural no km 5 da rodovia Senador Teot\u00f4nio Vilela,...","jetpack-related-posts":[{"id":72988,"url":"https:\/\/ismaelcolosi.com.br\/index.php\/2024\/10\/24\/cinco-pessoas-morrem-em-queda-de-aviao-no-interior-de-sp\/","url_meta":{"origin":58916,"position":0},"title":"Cinco pessoas morrem em queda de avi\u00e3o no interior de SP","author":"ismaelcolosi.com.br","date":"24 de October de 2024","format":false,"excerpt":"Cinco pessoas morreram na queda de um avi\u00e3o de pequeno porte na noite da \u00faltima quarta-feira (23), em Paraibuna, no interior de S\u00e3o Paulo. Segundo o Corpo de Bombeiros, a aeronave sobrevoava a regi\u00e3o em um per\u00edodo de forte tempestade e teria se chocado contra um morro e pegado fogo\u2026","rel":"","context":"In &quot;Not\u00edcias de Ribeir\u00e3o Preto-SP e Regi\u00e3o&quot;","block_context":{"text":"Not\u00edcias de Ribeir\u00e3o Preto-SP e Regi\u00e3o","link":"https:\/\/ismaelcolosi.com.br\/index.php\/category\/noticias-de-ribeirao-preto-sp-e-regiao-ismael-colosi\/"},"img":{"alt_text":"","src":"https:\/\/i0.wp.com\/ismaelcolosi.com.br\/wp-content\/uploads\/2024\/10\/represa-paraibuna.jpeg?fit=1200%2C539&ssl=1&resize=350%2C200","width":350,"height":200,"srcset":"https:\/\/i0.wp.com\/ismaelcolosi.com.br\/wp-content\/uploads\/2024\/10\/represa-paraibuna.jpeg?fit=1200%2C539&ssl=1&resize=350%2C200 1x, https:\/\/i0.wp.com\/ismaelcolosi.com.br\/wp-content\/uploads\/2024\/10\/represa-paraibuna.jpeg?fit=1200%2C539&ssl=1&resize=525%2C300 1.5x, https:\/\/i0.wp.com\/ismaelcolosi.com.br\/wp-content\/uploads\/2024\/10\/represa-paraibuna.jpeg?fit=1200%2C539&ssl=1&resize=700%2C400 2x, https:\/\/i0.wp.com\/ismaelcolosi.com.br\/wp-content\/uploads\/2024\/10\/represa-paraibuna.jpeg?fit=1200%2C539&ssl=1&resize=1050%2C600 3x"},"classes":[]},{"id":19942,"url":"https:\/\/ismaelcolosi.com.br\/index.php\/2023\/12\/23\/veja-quem-sao-as-vitimas-que-morreram-na-queda-de-aviao-na-regiao-de-ribeirao\/","url_meta":{"origin":58916,"position":1},"title":"Veja quem s\u00e3o as v\u00edtimas que morreram na queda de avi\u00e3o na regi\u00e3o de Ribeir\u00e3o","author":"ismaelcolosi.com.br","date":"23 de December de 2023","format":false,"excerpt":"Est\u00e3o identificadas as cinco pessoas que morreram na queda de um avi\u00e3o em uma pra\u00e7a na cidade Jaboticabal, a 70 quil\u00f4metros de Ribeir\u00e3o Preto, na manh\u00e3 deste s\u00e1bado (22). Segundo o apurado, o pol\u00edtico e empres\u00e1rio Delcides Menezes Tiago, conhecido por Tiago da \u00d3tica, tinha ido at\u00e9 Fernand\u00f3polis buscar amigos\u2026","rel":"","context":"In &quot;Not\u00edcias de Ribeir\u00e3o Preto-SP e Regi\u00e3o&quot;","block_context":{"text":"Not\u00edcias de Ribeir\u00e3o Preto-SP e Regi\u00e3o","link":"https:\/\/ismaelcolosi.com.br\/index.php\/category\/noticias-de-ribeirao-preto-sp-e-regiao-ismael-colosi\/"},"img":{"alt_text":"","src":"https:\/\/i0.wp.com\/ismaelcolosi.com.br\/wp-content\/uploads\/2023\/12\/WhatsApp-Image-2023-12-23-at-14.20.40.jpeg?fit=1200%2C800&ssl=1&resize=350%2C200","width":350,"height":200,"srcset":"https:\/\/i0.wp.com\/ismaelcolosi.com.br\/wp-content\/uploads\/2023\/12\/WhatsApp-Image-2023-12-23-at-14.20.40.jpeg?fit=1200%2C800&ssl=1&resize=350%2C200 1x, https:\/\/i0.wp.com\/ismaelcolosi.com.br\/wp-content\/uploads\/2023\/12\/WhatsApp-Image-2023-12-23-at-14.20.40.jpeg?fit=1200%2C800&ssl=1&resize=525%2C300 1.5x, https:\/\/i0.wp.com\/ismaelcolosi.com.br\/wp-content\/uploads\/2023\/12\/WhatsApp-Image-2023-12-23-at-14.20.40.jpeg?fit=1200%2C800&ssl=1&resize=700%2C400 2x, https:\/\/i0.wp.com\/ismaelcolosi.com.br\/wp-content\/uploads\/2023\/12\/WhatsApp-Image-2023-12-23-at-14.20.40.jpeg?fit=1200%2C800&ssl=1&resize=1050%2C600 3x"},"classes":[]},{"id":20148,"url":"https:\/\/ismaelcolosi.com.br\/index.php\/2023\/12\/24\/piloto-de-aviao-que-caiu-em-jaboticabal-e-enterrado-no-interior-de-sp\/","url_meta":{"origin":58916,"position":2},"title":"Piloto de avi\u00e3o que caiu em Jaboticabal \u00e9 enterrado no interior de SP","author":"ismaelcolosi.com.br","date":"24 de December de 2023","format":false,"excerpt":"Delcides Menezes Tiago, conhecido como Tiago da \u00d3tica, de 65 anos, foi enterrado na manh\u00e3 deste domingo (24) em Monte Alto, cidade a 70 quil\u00f4metros de Ribeir\u00e3o Preto. Ele pilotava o avi\u00e3o que caiu em uma pra\u00e7a da cidade de Jaboticabal na manh\u00e3 do s\u00e1bado (23). Al\u00e9m dele, outras quatro\u2026","rel":"","context":"In &quot;Not\u00edcias de Ribeir\u00e3o Preto-SP e Regi\u00e3o&quot;","block_context":{"text":"Not\u00edcias de Ribeir\u00e3o Preto-SP e Regi\u00e3o","link":"https:\/\/ismaelcolosi.com.br\/index.php\/category\/noticias-de-ribeirao-preto-sp-e-regiao-ismael-colosi\/"},"img":{"alt_text":"","src":"https:\/\/i0.wp.com\/ismaelcolosi.com.br\/wp-content\/uploads\/2023\/12\/WhatsApp-Image-2023-12-24-at-11.19.04.jpeg?fit=1200%2C674&ssl=1&resize=350%2C200","width":350,"height":200,"srcset":"https:\/\/i0.wp.com\/ismaelcolosi.com.br\/wp-content\/uploads\/2023\/12\/WhatsApp-Image-2023-12-24-at-11.19.04.jpeg?fit=1200%2C674&ssl=1&resize=350%2C200 1x, https:\/\/i0.wp.com\/ismaelcolosi.com.br\/wp-content\/uploads\/2023\/12\/WhatsApp-Image-2023-12-24-at-11.19.04.jpeg?fit=1200%2C674&ssl=1&resize=525%2C300 1.5x, https:\/\/i0.wp.com\/ismaelcolosi.com.br\/wp-content\/uploads\/2023\/12\/WhatsApp-Image-2023-12-24-at-11.19.04.jpeg?fit=1200%2C674&ssl=1&resize=700%2C400 2x, https:\/\/i0.wp.com\/ismaelcolosi.com.br\/wp-content\/uploads\/2023\/12\/WhatsApp-Image-2023-12-24-at-11.19.04.jpeg?fit=1200%2C674&ssl=1&resize=1050%2C600 3x"},"classes":[]},{"id":21542,"url":"https:\/\/ismaelcolosi.com.br\/index.php\/2023\/12\/28\/nova-imagem-mostra-queda-de-aviao-que-matou-5-pessoas-em-cidade-na-regiao-de-ribeirao\/","url_meta":{"origin":58916,"position":3},"title":"Nova imagem mostra queda de avi\u00e3o que matou 5 pessoas em cidade na regi\u00e3o de Ribeir\u00e3o","author":"ismaelcolosi.com.br","date":"28 de December de 2023","format":false,"excerpt":"Novas imagens de uma c\u00e2mera de seguran\u00e7a foram divulgadas, nesta quarta-feira (27), e mostram o momento em que a aeronave que caiu em uma pra\u00e7a na cidade de Jaboticabal, regi\u00e3o de Ribeir\u00e3o Preto,\u00a0na manh\u00e3 do \u00faltimo s\u00e1bado (23), despenca com a parte da frente apontada para baixo.\u00a0 O registro j\u00e1\u2026","rel":"","context":"In &quot;Not\u00edcias de Ribeir\u00e3o Preto-SP e Regi\u00e3o&quot;","block_context":{"text":"Not\u00edcias de Ribeir\u00e3o Preto-SP e Regi\u00e3o","link":"https:\/\/ismaelcolosi.com.br\/index.php\/category\/noticias-de-ribeirao-preto-sp-e-regiao-ismael-colosi\/"},"img":{"alt_text":"","src":"https:\/\/i0.wp.com\/ismaelcolosi.com.br\/wp-content\/uploads\/2023\/12\/IMG_9083.jpeg?fit=941%2C536&ssl=1&resize=350%2C200","width":350,"height":200,"srcset":"https:\/\/i0.wp.com\/ismaelcolosi.com.br\/wp-content\/uploads\/2023\/12\/IMG_9083.jpeg?fit=941%2C536&ssl=1&resize=350%2C200 1x, https:\/\/i0.wp.com\/ismaelcolosi.com.br\/wp-content\/uploads\/2023\/12\/IMG_9083.jpeg?fit=941%2C536&ssl=1&resize=525%2C300 1.5x, https:\/\/i0.wp.com\/ismaelcolosi.com.br\/wp-content\/uploads\/2023\/12\/IMG_9083.jpeg?fit=941%2C536&ssl=1&resize=700%2C400 2x"},"classes":[]},{"id":19875,"url":"https:\/\/ismaelcolosi.com.br\/index.php\/2023\/12\/23\/aviao-cai-em-praca-de-sp-e-deixa-5-vitimas-fatais-uma-delas-era-empresario-conhecido\/","url_meta":{"origin":58916,"position":4},"title":"Avi\u00e3o cai em pra\u00e7a de SP e deixa 5 v\u00edtimas fatais; uma delas era empres\u00e1rio conhecido","author":"ismaelcolosi.com.br","date":"23 de December de 2023","format":false,"excerpt":"Um avi\u00e3o de pequeno porte caiu na manh\u00e3 deste s\u00e1bado (23\/12) e deixou v\u00e1rias v\u00edtimas. O monomotor despencou em cima da Pra\u00e7a das Jaboticabeiras, que fica situada no bairro Jardim Universit\u00e1rio, em Jaboticabal, no interior de S\u00e3o Paulo.Uma das v\u00edtimas da trag\u00e9dia foi o empres\u00e1rio Delcides Menezes Tiago, que era\u2026","rel":"","context":"In &quot;Blog&quot;","block_context":{"text":"Blog","link":"https:\/\/ismaelcolosi.com.br\/index.php\/category\/blog\/"},"img":{"alt_text":"","src":"https:\/\/i0.wp.com\/ismaelcolosi.com.br\/wp-content\/uploads\/2023\/12\/postimg-6587176b535d75024.jpg?fit=1200%2C628&ssl=1&resize=350%2C200","width":350,"height":200,"srcset":"https:\/\/i0.wp.com\/ismaelcolosi.com.br\/wp-content\/uploads\/2023\/12\/postimg-6587176b535d75024.jpg?fit=1200%2C628&ssl=1&resize=350%2C200 1x, https:\/\/i0.wp.com\/ismaelcolosi.com.br\/wp-content\/uploads\/2023\/12\/postimg-6587176b535d75024.jpg?fit=1200%2C628&ssl=1&resize=525%2C300 1.5x, https:\/\/i0.wp.com\/ismaelcolosi.com.br\/wp-content\/uploads\/2023\/12\/postimg-6587176b535d75024.jpg?fit=1200%2C628&ssl=1&resize=700%2C400 2x, https:\/\/i0.wp.com\/ismaelcolosi.com.br\/wp-content\/uploads\/2023\/12\/postimg-6587176b535d75024.jpg?fit=1200%2C628&ssl=1&resize=1050%2C600 3x"},"classes":[]},{"id":59568,"url":"https:\/\/ismaelcolosi.com.br\/index.php\/2024\/08\/09\/aviao-cai-no-interior-de-sp\/","url_meta":{"origin":58916,"position":5},"title":"Avi\u00e3o cai no interior de SP","author":"ismaelcolosi.com.br","date":"9 de August de 2024","format":false,"excerpt":"Um avi\u00e3o caiu no come\u00e7o da tarde desta sexta-feira (9), na regi\u00e3o do bairro Capela, em Vinhedo, interior de S\u00e3o Paulo. De acordo com as primeiras informa\u00e7\u00f5es, a aeronave possui capacidade para 68 passageiros e caiu na rua Jo\u00e3o Edueta, altura do n\u00famero 500, na regi\u00e3o do bairro Capela, pr\u00f3ximo\u2026","rel":"","context":"In &quot;Not\u00edcias de Ribeir\u00e3o Preto-SP e Regi\u00e3o&quot;","block_context":{"text":"Not\u00edcias de Ribeir\u00e3o Preto-SP e Regi\u00e3o","link":"https:\/\/ismaelcolosi.com.br\/index.php\/category\/noticias-de-ribeirao-preto-sp-e-regiao-ismael-colosi\/"},"img":{"alt_text":"","src":"https:\/\/i0.wp.com\/ismaelcolosi.com.br\/wp-content\/uploads\/2024\/08\/quedaaviao_2024-08-09_16-44-05_jpg_2024-08-09_16-44-05_2024-08-09_17-08-34.webp.webp?fit=371%2C243&ssl=1&resize=350%2C200","width":350,"height":200},"classes":[]}],"jetpack_sharing_enabled":true,"jetpack_shortlink":"https:\/\/wp.me\/pfMlyK-fkg","_links":{"self":[{"href":"https:\/\/ismaelcolosi.com.br\/index.php\/wp-json\/wp\/v2\/posts\/58916","targetHints":{"allow":["GET"]}}],"collection":[{"href":"https:\/\/ismaelcolosi.com.br\/index.php\/wp-json\/wp\/v2\/posts"}],"about":[{"href":"https:\/\/ismaelcolosi.com.br\/index.php\/wp-json\/wp\/v2\/types\/post"}],"author":[{"embeddable":true,"href":"https:\/\/ismaelcolosi.com.br\/index.php\/wp-json\/wp\/v2\/users\/1"}],"replies":[{"embeddable":true,"href":"https:\/\/ismaelcolosi.com.br\/index.php\/wp-json\/wp\/v2\/comments?post=58916"}],"version-history":[{"count":0,"href":"https:\/\/ismaelcolosi.com.br\/index.php\/wp-json\/wp\/v2\/posts\/58916\/revisions"}],"wp:featuredmedia":[{"embeddable":true,"href":"https:\/\/ismaelcolosi.com.br\/index.php\/wp-json\/wp\/v2\/media\/58917"}],"wp:attachment":[{"href":"https:\/\/ismaelcolosi.com.br\/index.php\/wp-json\/wp\/v2\/media?parent=58916"}],"wp:term":[{"taxonomy":"category","embeddable":true,"href":"https:\/\/ismaelcolosi.com.br\/index.php\/wp-json\/wp\/v2\/categories?post=58916"},{"taxonomy":"post_tag","embeddable":true,"href":"https:\/\/ismaelcolosi.com.br\/index.php\/wp-json\/wp\/v2\/tags?post=58916"}],"curies":[{"name":"wp","href":"https:\/\/api.w.org\/{rel}","templated":true}]}}