{"id":58914,"date":"2024-08-04T08:13:13","date_gmt":"2024-08-04T11:13:13","guid":{"rendered":"https:\/\/ismaelcolosi.com.br\/index.php\/2024\/08\/04\/confira-a-programacao-da-feira-do-livro-de-ribeirao-preto-neste-domingo\/"},"modified":"2024-08-04T08:13:13","modified_gmt":"2024-08-04T11:13:13","slug":"confira-a-programacao-da-feira-do-livro-de-ribeirao-preto-neste-domingo","status":"publish","type":"post","link":"https:\/\/ismaelcolosi.com.br\/index.php\/2024\/08\/04\/confira-a-programacao-da-feira-do-livro-de-ribeirao-preto-neste-domingo\/","title":{"rendered":"Confira a programa\u00e7\u00e3o da Feira do Livro de Ribeir\u00e3o Preto neste domingo"},"content":{"rendered":"<p> <br \/>\n<\/p>\n<div>\n<p>A <strong><strong>23\u00aa edi\u00e7\u00e3o da Feira Internacional do Livro de Ribeir\u00e3o Preto\u00a0(FIL)<\/strong><\/strong> chega ao seu <strong>4\u00ba dia<\/strong> neste <strong>domingo (4)<\/strong>. O evento segue at\u00e9 o dia\u00a0<strong>11 de agosto<\/strong>.\u00a0<mark style=\"background-color:#fcb900\" class=\"has-inline-color has-black-color\">A programa\u00e7\u00e3o cultural gratuita acontece principalmente na Pra\u00e7a XV de Dezembro, no Centro da cidade.<\/mark><\/p>\n<p>O tema central da\u00a0<strong>FIL<\/strong> neste ano \u00e9: \u201c<strong>Cotidianos po\u00e9ticos: Do \u00e9pico de Cam\u00f5es \u00e0s batalhas de rua<\/strong>\u201d. <\/p>\n<p>Cinco autores s\u00e3o homenageados: F<strong>erreira Gullar, Carlos de Assump\u00e7\u00e3o, Perce Polegatto, Sueli Carneiro e Jana\u00edna Tokitaka<\/strong>. O <strong>secret\u00e1rio estadual <\/strong>de <strong>Desenvolvimento Econ\u00f4mico<\/strong>, <strong>Jorge Lima<\/strong>, \u00e9 o <strong>patrono <\/strong>do <strong>evento<\/strong>.<\/p>\n<h4 class=\"wp-block-heading\"><strong>Confira a programa\u00e7\u00e3o da Feira Internacional do Livro neste domingo:<\/strong><\/h4>\n<p><strong>8h30 | 10h:\u00a0Interven\u00e7\u00e3o: Intera\u00e7\u00e3o no mundo dos games \u2013 Games Educativos \u2013\u00a0<\/strong>A atividade explora conceitos de matem\u00e1tica, hist\u00f3ria e ci\u00eancias de maneira pr\u00e1tica e l\u00fadica, dentro do universo dos jogos eletr\u00f4nicos.<strong><br \/>Local:\u00a0<\/strong>CUFA \u2013 Espa\u00e7o Favela \u2013 Coreto Pra\u00e7a XV de Novembro<\/p>\n<p><strong>8h30 | 10h:\u00a0<\/strong><strong>Oficina: Artesanato Afro \u2013 Cores e Ra\u00edzes com Adriana Domingos<\/strong><strong> \u2013 <\/strong>A oficina refor\u00e7a a transforma\u00e7\u00e3o de tradi\u00e7\u00f5es em oportunidades de neg\u00f3cio sustent\u00e1vel a partir da riqueza cultural afrobrasileira, especialmente no artesanato, o que promove desenvolvimento econ\u00f4mico e gera\u00e7\u00e3o de renda<strong><br \/><\/strong><strong>Local:\u00a0<\/strong>CUFA \u2013 Espa\u00e7o Favela \u2013 Coreto Pra\u00e7a XV de Novembro<\/p>\n<p><strong>9h: Feira de ado\u00e7\u00e3o \u2013 <\/strong>Atividade realizada pela Secretaria do Meio Ambiente<br \/><strong>Local:<\/strong> Pra\u00e7a XV de Novembro<\/p>\n<p><strong>10h: Apresenta\u00e7\u00f5es Art\u00edsticas: Programa Cultura Livre (CEU das Artes)<\/strong> <strong>\u2013 <\/strong>Atividade realizada pela Secretaria do Meio Ambiente<br \/><strong>Local:<\/strong> Pra\u00e7a XV de Novembro<\/p>\n<p><strong>10h: Apresenta\u00e7\u00f5es Art\u00edsticas: Programa Cultura Livre (Centro Cultural Quintino II)<\/strong> <strong>\u2013 <\/strong>Atividade realizada pela Secretaria Municipal da Cultura e Turismo.<br \/><strong>Local:<\/strong> Estande da Prefeitura de Ribeir\u00e3o Preto \u2013 Pra\u00e7a XV de Novembro<\/p>\n<p><strong>10h<\/strong><strong>: Visita Mediada<\/strong><strong> \u2013 <\/strong>Atividade guiada por monitores que contam a hist\u00f3ria do antigo palacete da era cafeeira.<br \/><strong>Local:<\/strong> Biblioteca Sinh\u00e1 Junqueira<\/p>\n<p><strong>10h: Interven\u00e7\u00e3o e debate: O rastro do meu passo \u00b7 Metamorfose<\/strong> <strong>\u2013 <\/strong>Interven\u00e7\u00e3o com bate-papo que aborda o perigo do descarte irrespons\u00e1vel de res\u00edduos s\u00f3lidos e a urgente necessidade de mudan\u00e7a de comportamento para revers\u00e3o dessa realidade. Projeto contemplado pela Lei Paulo Gustavo via Secretaria da Cultura, Economia e Ind\u00fastria Criativas do Governo do Estado de S\u00e3o Paulo, Governo Federal e Minist\u00e9rio da Cultura.<br \/><strong>Local:<\/strong> Espa\u00e7o Ambient de Leitura \u2013 Esplanada Theatro Pedro II<\/p>\n<p><strong>10h: Oficina de Libras com ASRP (Associa\u00e7\u00e3o dos Surdos de Ribeir\u00e3o Preto) \u2013 <\/strong>A atividade oferece uma introdu\u00e7\u00e3o \u00e0 L\u00edngua Brasileira de Sinais (Libras), proporcionando a\u00e7\u00f5es pr\u00e1ticas e din\u00e2micas, al\u00e9m do ensino de alguns sinais b\u00e1sicos.<br \/><strong>Local:<\/strong> Estande Diversidade \u2013 Pra\u00e7a XV de Novembro<\/p>\n<p><strong>10h: Sesc na FIL \u00b7 Conta\u00e7\u00e3o de Hist\u00f3ria: Meus brinquedos de contar com Cia Clara Rosa \u2013 <\/strong>Atividade apresenta narrativas baseadas em mem\u00f3rias de inf\u00e2ncia, identidade, valores e aprendizados adquiridos a partir da natureza<br \/><strong>Local:<\/strong> Tenda Sesc \u2013 Esplanada Theatro Pedro II<\/p>\n<p><strong>10h: Bate-papo: Lan\u00e7amento do Livro \u00b7 Uma cidade na luta pela vida \u2013 da pandemia ao 8 de janeiro com Edinho Silva \u00a0\u2013 <\/strong>O prefeito de Araraquara aborda em \u201cUma cidade na luta pela vida \u2013 da pandemia ao 8 de janeiro\u201d, seu mais recente livro, o dia a dia e os desafios enfrentados durante a pandemia de covid-19. Araraquara foi a primeira cidade do pa\u00eds a implantar o isolamento\/lockdown para frear a contamina\u00e7\u00e3o da doen\u00e7a, tornando as iniciativas exemplos nas esferas nacional e internacional. O livro tamb\u00e9m traz uma an\u00e1lise sobre os desafios da gest\u00e3o p\u00fablica e sua atua\u00e7\u00e3o na coordena\u00e7\u00e3o de comunica\u00e7\u00e3o da elei\u00e7\u00e3o presidencial de 2022.<br \/><strong>Local:<\/strong> Biblioteca Sinh\u00e1 Junqueira \u2013 Quintal<\/p>\n<p><strong>11h: Sess\u00e3o Poesia com Bruna Mitriano e Luiza Rom\u00e3o \u2013 <\/strong>Atividade re\u00fane a poeta, atriz e slammer ribeir\u00e3o- -pretana Luiza Rom\u00e3o e a escritora e professora carioca Bruna Mitriano, para uma troca po\u00e9tica envolvente com o p\u00fablico<br \/><strong>Local:<\/strong> Theatro Pedro II \u2013 Audit\u00f3rio Meira J\u00fanior<\/p>\n<p><strong>11h: Oficina: Costura Lit\u00e9raria com Anderson de Lima \u2013 <\/strong>Atividade entrela\u00e7a hist\u00f3rias infantis cl\u00e1ssicas, criando tape\u00e7arias liter\u00e1rias inovadoras. A proposta explora conex\u00f5es narrativas e estimula a criatividade e a pr\u00e1tica da escrita.<br \/><strong>Local:<\/strong> Biblioteca Sinh\u00e1 Junqueira \u2013 Espa\u00e7o Infantil<\/p>\n<p><strong>11h: Coral: Mania de Mulher com Grupo Feminino Z\u00eanite e Coral da USP-RP<\/strong> <strong>\u2013 <\/strong>M\u00fasica popular e sacra, de diversos pa\u00edses, comp\u00f5em o repert\u00f3rio desta apresenta\u00e7\u00e3o, que reflete o trabalho de protagonismo feminino realizado pelo Grupo Z\u00eanite.<br \/><strong>Local:<\/strong> Centro Cultural Palace \u2013 Audit\u00f3rio Pedro Paulo da Silva<\/p>\n<p><strong>11h: Sesc na FIL \u00b7 Bate-papo: Literatura Infantil e o seu papel na forma\u00e7\u00e3o de novos leitores com Blandina Franco, Jos\u00e9 Carlos Lollo e Andr\u00e9 Augusto Dias \u2013 <\/strong>Debate com especialistas da \u00e1rea sobre a import\u00e2ncia da introdu\u00e7\u00e3o e manuten\u00e7\u00e3o da leitura no cotidiano infantil.<br \/><strong>Local:<\/strong> Tenda Sesc \u2013 Esplanada Theatro Pedro II<\/p>\n<p><strong>11h: Oficina: Pintura de MDF \u2013 <\/strong>Atividade realizada pela Secretaria Municipal da Cultura e Turismo em parceria com Lucimara Silva.<br \/><strong>Local:<\/strong> Estande da Prefeitura de Ribeir\u00e3o Preto \u2013 Pra\u00e7a XV de Novembro<\/p>\n<p><strong>11h: Bate-papo: Do cotidiano ao extraordin\u00e1rio e vice-versa com Ign\u00e1cio de Loyola Brand\u00e3o e Duarte Nogueira<\/strong> <strong>\u2013 <\/strong>O escritor, jornalista e cronista Ign\u00e1cio de Loyola Brand\u00e3o e o prefeito de Ribeir\u00e3o Preto realizam a segunda edi\u00e7\u00e3o de conversa sobre literatura, administra\u00e7\u00e3o p\u00fablica e cotidiano.<br \/><strong>Local:<\/strong> Biblioteca Sinh\u00e1 Junqueira \u2013 Audit\u00f3rio<\/p>\n<p><strong>12h: Sesc na FIL \u00b7 Sarau Encontr\u00e3o Po\u00e9tico: Poesia resist\u00eancia e afeto com Betto Souza, Emaye Natalia Marques e Convidados \u2013 <\/strong>O p\u00fablico \u00e9 convidado a participar deste espa\u00e7o de livre manifesta\u00e7\u00e3o po\u00e9tica. Vale declama\u00e7\u00e3o de poemas autorais ou n\u00e3o. O importante \u00e9 ningu\u00e9m ficar sem poesia.<br \/><strong>Local:<\/strong> Tenda Sesc \u2013 Esplanada Theatro Pedro II<\/p>\n<p><strong>12h: Intera\u00e7\u00e3o com o time de futebol americano de Ribeir\u00e3o Preto \u00b7 Moura Lacerda Dragons<\/strong> <strong>\u2013 <\/strong>Atividade realizada pela Secretaria Municipal do Esporte.<br \/><strong>Local:<\/strong> Estande da Prefeitura de Ribeir\u00e3o Preto \u2013 Pra\u00e7a XV de Novembro<\/p>\n<p><strong>12h30: M\u00fasica caipira e declama\u00e7\u00e3o de poemas sertanejo por Barrinha Filho \u2013 <\/strong>Atividade com m\u00fasica e declama\u00e7\u00e3o de poemas caipiras ao toque de berrante; e lan\u00e7amento do livro \u201cQuanta Saudade!\u201d, de literatura de cordel.<br \/><strong>Local:<\/strong> Estande da Prefeitura de Ribeir\u00e3o Preto \u2013 Pra\u00e7a XV de Novembro<\/p>\n<p><strong>12h: Intera\u00e7\u00e3o com o time de futebol americano de Ribeir\u00e3o Preto \u00b7 Moura Lacerda Dragons<\/strong> <strong>\u2013 <\/strong>Atividade realizada pela Secretaria Municipal do Esporte.<br \/><strong>Local:<\/strong> Centro Cultural Palace \u2013 Audit\u00f3rio Pedro Paulo da Silva<\/p>\n<p><strong>13h: Viajando com as Hist\u00f3rias<\/strong> <strong>\u2013 <\/strong>Conta\u00e7\u00e3o de hist\u00f3rias realizada pela Secretaria Municipal da Cultura e Turismo.<br \/><strong>Local:<\/strong> Estande da Prefeitura de Ribeir\u00e3o Preto \u2013 Pra\u00e7a XV de Novembro<\/p>\n<p><strong>14h: Recrea\u00e7\u00e3o: Pintura Facial<\/strong> \u00a0<strong>\u2013 <\/strong>Atividade realizada pela Secretaria Municipal da Cultura e Turismo em parceria com Por\u00e3o \u2013 Produ\u00e7\u00f5es Culturais.<br \/><strong>Local:<\/strong> Estande da Prefeitura de Ribeir\u00e3o Preto \u2013 Pra\u00e7a XV de Novembro<\/p>\n<p><strong>14h: Conta\u00e7\u00e3o de Hist\u00f3ria: Prosa &amp; Arte \u2013 Um v\u00f4o na imagina\u00e7\u00e3o<\/strong> \u00a0<strong>\u2013 <\/strong>A escritora infantil narra a hist\u00f3ria de uma crian\u00e7a de grande imagina\u00e7\u00e3o, mas que estava se tornando quieta e calada, at\u00e9 que sua professora cria um plano para ajud\u00e1-la. O texto chama aten\u00e7\u00e3o para a import\u00e2ncia da leitura na vida das crian\u00e7as.<br \/><strong>Local:<\/strong> Centro Cultural Palace \u2013 Audit\u00f3rio Pedro Paulo da Silva<\/p>\n<p><strong>14h<\/strong><strong>: Sesc na FIL \u00b7 Interven\u00e7\u00e3o: Liberte a Poesia com Cia Clara Rosa<\/strong> \u00a0<strong>\u2013 <\/strong>Os artistas Renato Souza e Susana Diniz convidam o p\u00fablico para abrir a gaiola e libertar poesias.<br \/><strong>Local:<\/strong> Esplanada Theatro Pedro II<\/p>\n<p><strong>14h: M\u00fasica: Percuss\u00e3o \u00b7 Os Bambas<\/strong> <strong>\u2013 <\/strong>A mais antiga escola de samba registrada no Brasil leva sua hist\u00f3ria e cultura para a 23\u00aa FIL, compartilhando sua trajet\u00f3ria e enriquecendo a experi\u00eancia liter\u00e1ria com a viv\u00eancia do samba.<br \/><strong>Local:<\/strong> CUFA \u2013 Espa\u00e7o Favela \u2013 Coreto \u2013 Pra\u00e7a XV de Novembro<\/p>\n<p><strong>15h: Sesc na FIL \u00b7 Bate-papo: Literatura ind\u00edgena na contemporaneidade com Sony Ferseck e Geni N\u00fa\u00f1ez \u2013 <\/strong>Atividade aborda a produ\u00e7\u00e3o liter\u00e1ria ind\u00edgena brasileira em diferentes eixos, a partir das experi\u00eancias das duas escritoras. Sony, da tribo Macuxi (RO), foi finalista do Pr\u00eamio Jabuti 2023. Geni, da tribo Guarani, \u00e9 assistente da Comiss\u00e3o Guarani Yvyrupa, organiza\u00e7\u00e3o de luta por terrras no Sul e Sudeste.<br \/><strong>Local:<\/strong> Tenda Sesc \u2013 Esplanada Theatro Pedro II<\/p>\n<p><strong>15h: Palestra: Cotidianos Po\u00e9ticos: Da \u00e9poca de Cam\u00f5es \u00e0s batalhas de rua com Nelson Jacintho \u2013 <\/strong>O criador do Grupo de M\u00e9dicos Escritores de Ribeir\u00e3o Preto fala sobre sua paix\u00e3o pela poesia e aborda a evolu\u00e7\u00e3o deste g\u00eanero liter\u00e1rio no Brasil.<br \/><strong>Local:<\/strong> Biblioteca Sinh\u00e1 Junqueira \u2013 Audit\u00f3rio<\/p>\n<p><strong>15h: Sal\u00e3o de Ideias com St\u00eanio Gardel \u2013 <\/strong>O autor cearense fala de sua trajet\u00f3ria liter\u00e1ria, que inclui t\u00edtulos adultos e infantis. Especialista em Escrita Liter\u00e1ria, em 2022 foi finalista dos Pr\u00eamios Jabuti e S\u00e3o Paulo de Literatura. Publicado tamb\u00e9m em ingl\u00eas, seu romance \u201cA Palavra que Resta\u201d foi vencedor do National Book Awards 2023 e semifinalista do Dublin Literary Award 2024. Sua produ\u00e7\u00e3o infantil \u201cBento, Vento, Tempo\u201d, ser\u00e1 lan\u00e7ada na 23\u00aa FIL.<br \/><strong>Local:<\/strong> Theatro Pedro II \u2013 Audit\u00f3rio Meira J\u00fanior<\/p>\n<p><strong>15h: Clube de Leitura \u00b7 A obra de Ferreira Gullar com Ana Let\u00edcia Brunelli e Adonai Takeshi Ishimoto \u2013 <\/strong>Encontro convida a um passeio pela obra de Ferreira Gullar \u2014 autor homenageado pela 23\u00aa FIL \u2014, conduzido pelos mediadores Ana Let\u00edcia Brunelli, membro da Coletiva Liter\u00e1ria, e Adonai Takeshi Ishimoto, bibliotec\u00e1rio e produtor cultural.<br \/><strong>Local:<\/strong> Biblioteca Sinh\u00e1 Junqueira \u2013 Sala Casar\u00e3o<\/p>\n<p><strong>15h<\/strong><strong>: Bate-papo: Edif\u00edcio Diederichsen com Tatiana de Souza Gaspar<\/strong> <strong>\u2013 <\/strong>A pesquisa acad\u00eamica da arquiteta tem como tema a concep\u00e7\u00e3o e a trajet\u00f3ria do Edif\u00edcio Diederichsen. Neste encontro, ela falar\u00e1 sobre o passado, mas tamb\u00e9m apontar\u00e1 os caminhos que ser\u00e3o percorridos durante o processo de restauro do pr\u00e9dio.<br \/><strong>Local:<\/strong> Edif\u00edcio Diederichsen<\/p>\n<p><strong>15h30: Exposi\u00e7\u00e3o e oficina de ballet P\u00e9 no Ch\u00e3o<\/strong> <strong>\u2013 <\/strong>A mostra homenageia a bailarina e core\u00f3grafa Mercedes Baptista, reconhecida por sua inova\u00e7\u00e3o na dan\u00e7a afrobrasileira com a cria\u00e7\u00e3o da t\u00e9cnica ballet de p\u00e9 no ch\u00e3o. A oficina, com o professor Fl\u00e1vio S\u00e9rio, \u00e9 aberta ao p\u00fablico.<br \/><strong>Local:<\/strong> CUFA \u2013 Espa\u00e7o Favela \u2013 Coreto \u2013 Pra\u00e7a XV de Novembro<\/p>\n<p><strong>16h: Conta\u00e7\u00e3o: Trupe das Hist\u00f3rias \u2013 Instituto do Livro \u2013 <\/strong>Os contadores de hist\u00f3rias encantam adultos e crian\u00e7as. Levam momentos de alegria e despertam o gosto pela leitura.<br \/><strong>Local:<\/strong> Estande da Prefeitura de Ribeir\u00e3o Preto \u2013 Pra\u00e7a XV de Novembro<\/p>\n<p><strong>16h: Oficina: Esporte como ferramenta de inclus\u00e3o com Projeto Fada<\/strong> <strong>\u2013 <\/strong>Coordenada por Denilson Agostinho, a atividade convida o p\u00fablico para uma oficina de boxe, com equipe especializada para um aprendizado coletivo e de colabora\u00e7\u00e3o m\u00fatua.<br \/><strong>Local:<\/strong> Estande Diversidade \u2013 Pra\u00e7a XV de Novembro<\/p>\n<p><strong>16h: Roda de Conversa: Explorando distopia, fantasia e fic\u00e7\u00e3o cient\u00edfica com C. P. Torber<\/strong> <strong>\u2013 <\/strong>Neste encontro, o professor e escritor Cl\u00e1udio Pierini (C. P. Torber) convida o p\u00fablico a mergulhar no intrigante mundo de Control, Base, Omina e Eons \u2014 os quatro primeiros volumes de sua s\u00e9rie Control. Tem\u00e1ticas sociais e ambientais estabelecem conex\u00f5es entre fic\u00e7\u00e3o e realidade, no fascinante universo criado pelo autor.<br \/><strong>Local:<\/strong> Centro Cultural Palace \u2013 Audit\u00f3rio Pedro Paulo da Silva<\/p>\n<p><strong>17h: Sarau do Instituto do Livro<\/strong> <strong>\u2013 <\/strong>Declama\u00e7\u00f5es, leituras po\u00e9ticas e apresenta\u00e7\u00f5es musicais t\u00eam presen\u00e7a garantida neste sarau, uma das formas de difus\u00e3o da literatura.<br \/><strong>Local:<\/strong> Estande da Prefeitura de Ribeir\u00e3o Preto \u2013 Pra\u00e7a XV de Novembro<\/p>\n<p><strong>17h: Sesc na FIL \u00b7 Show: Trio Mana Flor<\/strong> <strong>\u2013 <\/strong>Com formato tradicional (sanfona, tri\u00e2ngulo e zabumba), Cimara Fr\u00f3is, Carolina Guimar\u00e3es e Talita Larcipretti formam o primeiro trio de forr\u00f3 feminino criado no Brasil. Mana Flor \u00e9 premiado em festivais nacionais e internacionais, al\u00e9m de j\u00e1 ter se apresentado ao lado de artistas consagrados como Elba Ramalho e Dominguinhos.<br \/><strong>Local:<\/strong> Tenda Sesc \u2013 Esplanada Theatro Pedro II<\/p>\n<p><strong>17h<\/strong>: <strong>M\u00fasica: Cora Lim\u00e3<\/strong> <strong>\u2013 <\/strong>O quarteto formado pelas irm\u00e3s L\u00edgia (voz) e Milena de Castro (piano), Vitor Coelho (bateria) e Felipe Pedroso (baixo), apresenta repert\u00f3rio repleto de brasilidades e sonoridade plural, passeando por ritmos como samba, bai\u00e3o, ijex\u00e1 e bossa nova.<br \/><strong>Local:<\/strong> Biblioteca Sinh\u00e1 Junqueira \u2013 Quintal<\/p>\n<p><strong>18h30: Apresenta\u00e7\u00e3o musical Banda Sinf\u00f4nica do Senai de Ribeir\u00e3o Preto<\/strong> <strong>\u2013 <\/strong>Atividade realizada pela Secretaria Municipal da Cultura e Turismo em parceria com Senai de Ribeir\u00e3o Preto.<br \/><strong>Local:<\/strong> Estande da Prefeitura de Ribeir\u00e3o Preto \u2013 Pra\u00e7a XV de Novembro<\/p>\n<p><strong>20h: Sesc na FIL \u00b7 Show: Dori Caymmi<\/strong> <strong>\u2013 <\/strong>Dori Caymmi, filho de Dorival Caymmi, participa ativamente da hist\u00f3ria da m\u00fasica brasileira. Cantor, produtor, arranjador e compositor, suas influ\u00eancias principais, al\u00e9m do pai, foram Jo\u00e3o Gilberto, Tom Jobim e o norte-americano Barney Kesser. Aos 80 anos, seu legado \u00e9 celebrado no livro \u201cDori Caymmi songbook: 80 anos de um cantador\u201d, que 20H apresenta suas partituras e uma colet\u00e2nea de depoimentos, hist\u00f3rias, informa\u00e7\u00f5es e link para o disco digital, \u00e1lbum produzido pelo Selo Sesc. O livro estar\u00e1 dispon\u00edvel para vendas na Tenda Sesc na FIL. Neste show, Dori Caymmi apresenta seu trabalho como compositor e violonista, incluindo can\u00e7\u00f5es de destaque como Alegre Menina, Porto, Ninho de Vespa e Desenredo.<br \/><strong>Local:<\/strong> Theatro Pedro II \u2013 Sala Principal<\/p>\n<p>SAIBA MAIS<br \/>MV Bill e Carlos de Assump\u00e7\u00e3o falam sobre literatura, racismo e RAP na Feira do Livro de Ribeir\u00e3o<\/p>\n<h4 class=\"wp-block-heading\"><strong>FIQUE ON<\/strong><\/h4>\n<p>Fique ligado em tudo que acontece em Ribeir\u00e3o Preto e regi\u00e3o. Siga os perfis do <strong>acidade on <\/strong>no <a href=\"https:\/\/www.instagram.com\/acidadeonribeirao\" target=\"_blank\" rel=\"noreferrer noopener\">Instagram<\/a> e no <a href=\"https:\/\/www.facebook.com\/acidadeonribeirao\" target=\"_blank\" rel=\"noreferrer noopener\">Facebook<\/a>.<\/p>\n<p>Receba not\u00edcias do acidade on no WhatsApp. Para entrar no grupo, basta <a href=\"https:\/\/chat.whatsapp.com\/Dtv9mxhy6V5BJBotM2OQ5k\" target=\"_blank\" rel=\"noreferrer noopener\">clicar aqui<\/a>.<\/p>\n<p>Fa\u00e7a uma den\u00fancia ou sugira uma reportagem sobre Ribeir\u00e3o Preto e regi\u00e3o pelo WhatsApp: 16 99117 7802.<\/p>\n<p>VEJA TAMB\u00c9M<br \/>Qual hor\u00e1rio de \u2018Alma G\u00eamea\u2019 desta sexta-feira?<\/p>\n<p><!-- CONTENT END 1 -->\n<\/div>\n<p><script async src=\"\/\/www.instagram.com\/embed.js\"><\/script><br \/>\n<br \/><br \/>\n<br \/><a href=\"https:\/\/www.acidadeon.com\/ribeiraopreto\/lazer-e-cultura\/confira-a-programacao-da-feira-do-livro-de-ribeirao-preto-neste-domingo\/\">Source link <\/a><\/p>\n","protected":false},"excerpt":{"rendered":"<p>A 23\u00aa edi\u00e7\u00e3o da Feira Internacional do Livro de Ribeir\u00e3o Preto\u00a0(FIL) chega ao seu 4\u00ba dia neste domingo (4). O evento segue at\u00e9 o dia\u00a011&#8230;<\/p>\n","protected":false},"author":1,"featured_media":58915,"comment_status":"open","ping_status":"open","sticky":false,"template":"","format":"standard","meta":{"_uag_custom_page_level_css":"","advanced_seo_description":"","jetpack_seo_html_title":"","jetpack_seo_noindex":false,"jetpack_post_was_ever_published":false,"_jetpack_newsletter_access":"","_jetpack_dont_email_post_to_subs":false,"_jetpack_newsletter_tier_id":0,"_jetpack_memberships_contains_paywalled_content":false,"_jetpack_memberships_contains_paid_content":false,"footnotes":"","jetpack_publicize_message":"","jetpack_publicize_feature_enabled":true,"jetpack_social_post_already_shared":true,"jetpack_social_options":{"image_generator_settings":{"template":"highway","default_image_id":0,"font":"","enabled":false},"version":2}},"categories":[11],"tags":[],"class_list":["post-58914","post","type-post","status-publish","format-standard","has-post-thumbnail","hentry","category-noticias-de-ribeirao-preto-sp-e-regiao-ismael-colosi"],"jetpack_publicize_connections":[],"jetpack_featured_media_url":"https:\/\/i0.wp.com\/ismaelcolosi.com.br\/wp-content\/uploads\/2024\/08\/62cd3eeb-5026-464e-b8d0-d043ee122430_2024-08-03_17-28-45_jpg_2024-08-03_17-28-47-scaled.webp.webp?fit=2560%2C1707&ssl=1","uagb_featured_image_src":{"full":["https:\/\/i0.wp.com\/ismaelcolosi.com.br\/wp-content\/uploads\/2024\/08\/62cd3eeb-5026-464e-b8d0-d043ee122430_2024-08-03_17-28-45_jpg_2024-08-03_17-28-47-scaled.webp.webp?fit=2560%2C1707&ssl=1",2560,1707,false],"thumbnail":["https:\/\/i0.wp.com\/ismaelcolosi.com.br\/wp-content\/uploads\/2024\/08\/62cd3eeb-5026-464e-b8d0-d043ee122430_2024-08-03_17-28-45_jpg_2024-08-03_17-28-47-scaled.webp.webp?resize=150%2C150&ssl=1",150,150,true],"medium":["https:\/\/i0.wp.com\/ismaelcolosi.com.br\/wp-content\/uploads\/2024\/08\/62cd3eeb-5026-464e-b8d0-d043ee122430_2024-08-03_17-28-45_jpg_2024-08-03_17-28-47-scaled.webp.webp?fit=300%2C200&ssl=1",300,200,true],"medium_large":["https:\/\/i0.wp.com\/ismaelcolosi.com.br\/wp-content\/uploads\/2024\/08\/62cd3eeb-5026-464e-b8d0-d043ee122430_2024-08-03_17-28-45_jpg_2024-08-03_17-28-47-scaled.webp.webp?fit=768%2C512&ssl=1",768,512,true],"large":["https:\/\/i0.wp.com\/ismaelcolosi.com.br\/wp-content\/uploads\/2024\/08\/62cd3eeb-5026-464e-b8d0-d043ee122430_2024-08-03_17-28-45_jpg_2024-08-03_17-28-47-scaled.webp.webp?fit=1024%2C683&ssl=1",1024,683,true],"1536x1536":["https:\/\/i0.wp.com\/ismaelcolosi.com.br\/wp-content\/uploads\/2024\/08\/62cd3eeb-5026-464e-b8d0-d043ee122430_2024-08-03_17-28-45_jpg_2024-08-03_17-28-47-scaled.webp.webp?fit=1536%2C1024&ssl=1",1536,1024,true],"2048x2048":["https:\/\/i0.wp.com\/ismaelcolosi.com.br\/wp-content\/uploads\/2024\/08\/62cd3eeb-5026-464e-b8d0-d043ee122430_2024-08-03_17-28-45_jpg_2024-08-03_17-28-47-scaled.webp.webp?fit=2048%2C1366&ssl=1",2048,1366,true],"really-simple-thumb":["https:\/\/i0.wp.com\/ismaelcolosi.com.br\/wp-content\/uploads\/2024\/08\/62cd3eeb-5026-464e-b8d0-d043ee122430_2024-08-03_17-28-45_jpg_2024-08-03_17-28-47-scaled.webp.webp?resize=370%2C247&ssl=1",370,247,true]},"uagb_author_info":{"display_name":"ismaelcolosi.com.br","author_link":"https:\/\/ismaelcolosi.com.br\/index.php\/author\/vidareal-online\/"},"uagb_comment_info":0,"uagb_excerpt":"A 23\u00aa edi\u00e7\u00e3o da Feira Internacional do Livro de Ribeir\u00e3o Preto\u00a0(FIL) chega ao seu 4\u00ba dia neste domingo (4). O evento segue at\u00e9 o dia\u00a011...","jetpack-related-posts":[{"id":55794,"url":"https:\/\/ismaelcolosi.com.br\/index.php\/2024\/07\/05\/confira-a-programacao-da-feira-internacional-do-livro-de-ribeirao-preto-2024\/","url_meta":{"origin":58914,"position":0},"title":"Confira a programa\u00e7\u00e3o da Feira Internacional do Livro de Ribeir\u00e3o Preto 2024","author":"ismaelcolosi.com.br","date":"5 de July de 2024","format":false,"excerpt":"A 23\u00aa edi\u00e7\u00e3o da FIL (Feira Internacional do Livro de Ribeir\u00e3o Preto) come\u00e7a no pr\u00f3ximo dia 1\u00ba de agosto. O tema central deste ano \u00e9: \u201cCotidianos po\u00e9ticos: Do \u00e9pico de Cam\u00f5es \u00e0s batalhas de rua\u201d. A programa\u00e7\u00e3o completa da feira foi divulgada nesta sexta-feira (5). Nesta edi\u00e7\u00e3o, cinco autores s\u00e3o\u2026","rel":"","context":"In &quot;Not\u00edcias de Ribeir\u00e3o Preto-SP e Regi\u00e3o&quot;","block_context":{"text":"Not\u00edcias de Ribeir\u00e3o Preto-SP e Regi\u00e3o","link":"https:\/\/ismaelcolosi.com.br\/index.php\/category\/noticias-de-ribeirao-preto-sp-e-regiao-ismael-colosi\/"},"img":{"alt_text":"","src":"https:\/\/i0.wp.com\/ismaelcolosi.com.br\/wp-content\/uploads\/2024\/07\/WhatsApp-Image-2024-07-05-at-11.23.19_2024-07-05_15-02-58_jpeg_2024-07-05_15-02-58.webp.webp?fit=1200%2C675&ssl=1&resize=350%2C200","width":350,"height":200,"srcset":"https:\/\/i0.wp.com\/ismaelcolosi.com.br\/wp-content\/uploads\/2024\/07\/WhatsApp-Image-2024-07-05-at-11.23.19_2024-07-05_15-02-58_jpeg_2024-07-05_15-02-58.webp.webp?fit=1200%2C675&ssl=1&resize=350%2C200 1x, https:\/\/i0.wp.com\/ismaelcolosi.com.br\/wp-content\/uploads\/2024\/07\/WhatsApp-Image-2024-07-05-at-11.23.19_2024-07-05_15-02-58_jpeg_2024-07-05_15-02-58.webp.webp?fit=1200%2C675&ssl=1&resize=525%2C300 1.5x, https:\/\/i0.wp.com\/ismaelcolosi.com.br\/wp-content\/uploads\/2024\/07\/WhatsApp-Image-2024-07-05-at-11.23.19_2024-07-05_15-02-58_jpeg_2024-07-05_15-02-58.webp.webp?fit=1200%2C675&ssl=1&resize=700%2C400 2x, https:\/\/i0.wp.com\/ismaelcolosi.com.br\/wp-content\/uploads\/2024\/07\/WhatsApp-Image-2024-07-05-at-11.23.19_2024-07-05_15-02-58_jpeg_2024-07-05_15-02-58.webp.webp?fit=1200%2C675&ssl=1&resize=1050%2C600 3x"},"classes":[]},{"id":58717,"url":"https:\/\/ismaelcolosi.com.br\/index.php\/2024\/08\/02\/veja-a-programacao-desta-sexta-feira-na-feira-do-livro-de-ribeirao-preto\/","url_meta":{"origin":58914,"position":1},"title":"Veja a programa\u00e7\u00e3o desta sexta-feira na Feira do Livro de Ribeir\u00e3o Preto","author":"ismaelcolosi.com.br","date":"2 de August de 2024","format":false,"excerpt":"Esta sexta-feira (2), \u00e9 o segundo dia da\u00a023\u00aa Feira Internacional do Livro de Ribeir\u00e3o Preto, que segue at\u00e9 o dia 11 de agosto. A programa\u00e7\u00e3o oferece mais de\u00a0400 atividades gratuitas\u00a0no Centro de Ribeir\u00e3o Preto. \u00a0 O tema central da Feira este ano \u00e9: \u201cCotidianos po\u00e9ticos: Do \u00e9pico de Cam\u00f5es \u00e0s\u2026","rel":"","context":"In &quot;Not\u00edcias de Ribeir\u00e3o Preto-SP e Regi\u00e3o&quot;","block_context":{"text":"Not\u00edcias de Ribeir\u00e3o Preto-SP e Regi\u00e3o","link":"https:\/\/ismaelcolosi.com.br\/index.php\/category\/noticias-de-ribeirao-preto-sp-e-regiao-ismael-colosi\/"},"img":{"alt_text":"","src":"https:\/\/i0.wp.com\/ismaelcolosi.com.br\/wp-content\/uploads\/2024\/08\/sesc-na-FIL_2024-08-01_14-36-39_jpeg_2024-08-01_14-36-39.webp.webp?fit=1200%2C800&ssl=1&resize=350%2C200","width":350,"height":200,"srcset":"https:\/\/i0.wp.com\/ismaelcolosi.com.br\/wp-content\/uploads\/2024\/08\/sesc-na-FIL_2024-08-01_14-36-39_jpeg_2024-08-01_14-36-39.webp.webp?fit=1200%2C800&ssl=1&resize=350%2C200 1x, https:\/\/i0.wp.com\/ismaelcolosi.com.br\/wp-content\/uploads\/2024\/08\/sesc-na-FIL_2024-08-01_14-36-39_jpeg_2024-08-01_14-36-39.webp.webp?fit=1200%2C800&ssl=1&resize=525%2C300 1.5x, https:\/\/i0.wp.com\/ismaelcolosi.com.br\/wp-content\/uploads\/2024\/08\/sesc-na-FIL_2024-08-01_14-36-39_jpeg_2024-08-01_14-36-39.webp.webp?fit=1200%2C800&ssl=1&resize=700%2C400 2x, https:\/\/i0.wp.com\/ismaelcolosi.com.br\/wp-content\/uploads\/2024\/08\/sesc-na-FIL_2024-08-01_14-36-39_jpeg_2024-08-01_14-36-39.webp.webp?fit=1200%2C800&ssl=1&resize=1050%2C600 3x"},"classes":[]},{"id":58743,"url":"https:\/\/ismaelcolosi.com.br\/index.php\/2024\/08\/02\/mv-bill-candlelight-e-dori-caymmi-confira-o-que-fazer-no-fim-de-semana-em-ribeirao-preto\/","url_meta":{"origin":58914,"position":2},"title":"MV Bill, \u2018Candlelight\u2019 e Dori Caymmi: Confira o que fazer no fim de semana em Ribeir\u00e3o Preto","author":"ismaelcolosi.com.br","date":"2 de August de 2024","format":false,"excerpt":"Sextou! O primeiro fim de semana de agosto come\u00e7ou e Ribeir\u00e3o Preto conta com diversas atividades culturais para quem n\u00e3o gosta de ficar parado. Entre as op\u00e7\u00f5es est\u00e3o a programa\u00e7\u00e3o da 23\u00aa Feira Internacional do Livro de Ribeir\u00e3o Preto, shows e circo digital. Confira o que fazer neste fim de\u2026","rel":"","context":"In &quot;Not\u00edcias de Ribeir\u00e3o Preto-SP e Regi\u00e3o&quot;","block_context":{"text":"Not\u00edcias de Ribeir\u00e3o Preto-SP e Regi\u00e3o","link":"https:\/\/ismaelcolosi.com.br\/index.php\/category\/noticias-de-ribeirao-preto-sp-e-regiao-ismael-colosi\/"},"img":{"alt_text":"","src":"https:\/\/i0.wp.com\/ismaelcolosi.com.br\/wp-content\/uploads\/2024\/08\/Copia-de-Copia-de-TAMANHO-EXATO-PARA-FOTOS-NO-SISTEMA-NOVO-24_2024-08-02_12-31-16_jpg_2024-08-02_12-31-16.webp.webp?fit=1200%2C675&ssl=1&resize=350%2C200","width":350,"height":200,"srcset":"https:\/\/i0.wp.com\/ismaelcolosi.com.br\/wp-content\/uploads\/2024\/08\/Copia-de-Copia-de-TAMANHO-EXATO-PARA-FOTOS-NO-SISTEMA-NOVO-24_2024-08-02_12-31-16_jpg_2024-08-02_12-31-16.webp.webp?fit=1200%2C675&ssl=1&resize=350%2C200 1x, https:\/\/i0.wp.com\/ismaelcolosi.com.br\/wp-content\/uploads\/2024\/08\/Copia-de-Copia-de-TAMANHO-EXATO-PARA-FOTOS-NO-SISTEMA-NOVO-24_2024-08-02_12-31-16_jpg_2024-08-02_12-31-16.webp.webp?fit=1200%2C675&ssl=1&resize=525%2C300 1.5x, https:\/\/i0.wp.com\/ismaelcolosi.com.br\/wp-content\/uploads\/2024\/08\/Copia-de-Copia-de-TAMANHO-EXATO-PARA-FOTOS-NO-SISTEMA-NOVO-24_2024-08-02_12-31-16_jpg_2024-08-02_12-31-16.webp.webp?fit=1200%2C675&ssl=1&resize=700%2C400 2x, https:\/\/i0.wp.com\/ismaelcolosi.com.br\/wp-content\/uploads\/2024\/08\/Copia-de-Copia-de-TAMANHO-EXATO-PARA-FOTOS-NO-SISTEMA-NOVO-24_2024-08-02_12-31-16_jpg_2024-08-02_12-31-16.webp.webp?fit=1200%2C675&ssl=1&resize=1050%2C600 3x"},"classes":[]},{"id":58576,"url":"https:\/\/ismaelcolosi.com.br\/index.php\/2024\/08\/01\/veja-a-programacao-do-primeiro-dia-da-feira-do-livro-de-ribeirao-preto\/","url_meta":{"origin":58914,"position":3},"title":"Veja a programa\u00e7\u00e3o do primeiro dia da Feira do Livro de Ribeir\u00e3o Preto","author":"ismaelcolosi.com.br","date":"1 de August de 2024","format":false,"excerpt":"A 23\u00aa edi\u00e7\u00e3o da Feira Internacional do Livro de Ribeir\u00e3o Preto inicia nesta quinta-feira (1\u00ba de agosto) e segue at\u00e9 o dia 11 de agosto, com uma programa\u00e7\u00e3o com mais de 400 atividades gratuitas que acontecem principalmente na Pra\u00e7a XV, Esplanada do Theatro Pedro II e o no Theatro Pedro\u2026","rel":"","context":"In &quot;Not\u00edcias de Ribeir\u00e3o Preto-SP e Regi\u00e3o&quot;","block_context":{"text":"Not\u00edcias de Ribeir\u00e3o Preto-SP e Regi\u00e3o","link":"https:\/\/ismaelcolosi.com.br\/index.php\/category\/noticias-de-ribeirao-preto-sp-e-regiao-ismael-colosi\/"},"img":{"alt_text":"","src":"https:\/\/i0.wp.com\/ismaelcolosi.com.br\/wp-content\/uploads\/2024\/08\/Copia-de-Copia-de-TAMANHO-EXATO-PARA-FOTOS-NO-SISTEMA-NOVO-20_2024-07-31_11-31-49_jpg_2024-07-31_11-31-49.webp.webp?fit=1200%2C675&ssl=1&resize=350%2C200","width":350,"height":200,"srcset":"https:\/\/i0.wp.com\/ismaelcolosi.com.br\/wp-content\/uploads\/2024\/08\/Copia-de-Copia-de-TAMANHO-EXATO-PARA-FOTOS-NO-SISTEMA-NOVO-20_2024-07-31_11-31-49_jpg_2024-07-31_11-31-49.webp.webp?fit=1200%2C675&ssl=1&resize=350%2C200 1x, https:\/\/i0.wp.com\/ismaelcolosi.com.br\/wp-content\/uploads\/2024\/08\/Copia-de-Copia-de-TAMANHO-EXATO-PARA-FOTOS-NO-SISTEMA-NOVO-20_2024-07-31_11-31-49_jpg_2024-07-31_11-31-49.webp.webp?fit=1200%2C675&ssl=1&resize=525%2C300 1.5x, https:\/\/i0.wp.com\/ismaelcolosi.com.br\/wp-content\/uploads\/2024\/08\/Copia-de-Copia-de-TAMANHO-EXATO-PARA-FOTOS-NO-SISTEMA-NOVO-20_2024-07-31_11-31-49_jpg_2024-07-31_11-31-49.webp.webp?fit=1200%2C675&ssl=1&resize=700%2C400 2x, https:\/\/i0.wp.com\/ismaelcolosi.com.br\/wp-content\/uploads\/2024\/08\/Copia-de-Copia-de-TAMANHO-EXATO-PARA-FOTOS-NO-SISTEMA-NOVO-20_2024-07-31_11-31-49_jpg_2024-07-31_11-31-49.webp.webp?fit=1200%2C675&ssl=1&resize=1050%2C600 3x"},"classes":[]},{"id":59788,"url":"https:\/\/ismaelcolosi.com.br\/index.php\/2024\/08\/12\/mais-de-250-mil-pessoas-passaram-pela-feira-do-livro-de-ribeirao-preto-em-2024\/","url_meta":{"origin":58914,"position":4},"title":"Mais de 250 mil pessoas passaram pela Feira do Livro de Ribeir\u00e3o Preto em 2024","author":"ismaelcolosi.com.br","date":"12 de August de 2024","format":false,"excerpt":"A 23\u00aa FIL (Feira Internacional do Livro) de Ribeir\u00e3o Preto terminou no \u00faltimo domingo (11), registrando um p\u00fablico de 250 mil pessoas durante os 11 dias de realiza\u00e7\u00e3o. A abertura da feira aconteceu no dia 1\u00ba de agosto e a programa\u00e7\u00e3o di\u00e1ria, de 2 a 11 de agosto, foi oferecida\u2026","rel":"","context":"In &quot;Not\u00edcias de Ribeir\u00e3o Preto-SP e Regi\u00e3o&quot;","block_context":{"text":"Not\u00edcias de Ribeir\u00e3o Preto-SP e Regi\u00e3o","link":"https:\/\/ismaelcolosi.com.br\/index.php\/category\/noticias-de-ribeirao-preto-sp-e-regiao-ismael-colosi\/"},"img":{"alt_text":"","src":"https:\/\/i0.wp.com\/ismaelcolosi.com.br\/wp-content\/uploads\/2024\/08\/feira-do-livro_2024-08-12_16-48-15_jpg_2024-08-12_16-48-16-scaled.webp.webp?fit=1200%2C800&ssl=1&resize=350%2C200","width":350,"height":200,"srcset":"https:\/\/i0.wp.com\/ismaelcolosi.com.br\/wp-content\/uploads\/2024\/08\/feira-do-livro_2024-08-12_16-48-15_jpg_2024-08-12_16-48-16-scaled.webp.webp?fit=1200%2C800&ssl=1&resize=350%2C200 1x, https:\/\/i0.wp.com\/ismaelcolosi.com.br\/wp-content\/uploads\/2024\/08\/feira-do-livro_2024-08-12_16-48-15_jpg_2024-08-12_16-48-16-scaled.webp.webp?fit=1200%2C800&ssl=1&resize=525%2C300 1.5x, https:\/\/i0.wp.com\/ismaelcolosi.com.br\/wp-content\/uploads\/2024\/08\/feira-do-livro_2024-08-12_16-48-15_jpg_2024-08-12_16-48-16-scaled.webp.webp?fit=1200%2C800&ssl=1&resize=700%2C400 2x, https:\/\/i0.wp.com\/ismaelcolosi.com.br\/wp-content\/uploads\/2024\/08\/feira-do-livro_2024-08-12_16-48-15_jpg_2024-08-12_16-48-16-scaled.webp.webp?fit=1200%2C800&ssl=1&resize=1050%2C600 3x"},"classes":[]},{"id":42296,"url":"https:\/\/ismaelcolosi.com.br\/index.php\/2024\/03\/13\/artistas-podem-se-cadastrar-para-a-23a-feira-internacional-do-livro\/","url_meta":{"origin":58914,"position":5},"title":"Artistas podem se cadastrar para a 23\u00aa Feira Internacional do Livro","author":"ismaelcolosi.com.br","date":"13 de March de 2024","format":false,"excerpt":"13 de mar\u00e7o de 2024 | 16:37 0A Funda\u00e7\u00e3o do Livro e Leitura, em parceria com a Secretaria da Cultura e Turismo de Ribeir\u00e3o Preto, ir\u00e1 selecionar artistas que tenham interesse em participar da programa\u00e7\u00e3o da 23\u00aa edi\u00e7\u00e3o da FIL \u2013 Feira Internacional do Livro de Ribeir\u00e3o Preto, que acontece\u2026","rel":"","context":"In &quot;Not\u00edcias de Ribeir\u00e3o Preto-SP e Regi\u00e3o&quot;","block_context":{"text":"Not\u00edcias de Ribeir\u00e3o Preto-SP e Regi\u00e3o","link":"https:\/\/ismaelcolosi.com.br\/index.php\/category\/noticias-de-ribeirao-preto-sp-e-regiao-ismael-colosi\/"},"img":{"alt_text":"","src":"https:\/\/i0.wp.com\/ismaelcolosi.com.br\/wp-content\/uploads\/2024\/03\/artistas_se_apresentam_durante_a_22_edicao_da_fil_em_2023_2-scaled.jpg?fit=967%2C645&ssl=1&resize=350%2C200","width":350,"height":200,"srcset":"https:\/\/i0.wp.com\/ismaelcolosi.com.br\/wp-content\/uploads\/2024\/03\/artistas_se_apresentam_durante_a_22_edicao_da_fil_em_2023_2-scaled.jpg?fit=967%2C645&ssl=1&resize=350%2C200 1x, https:\/\/i0.wp.com\/ismaelcolosi.com.br\/wp-content\/uploads\/2024\/03\/artistas_se_apresentam_durante_a_22_edicao_da_fil_em_2023_2-scaled.jpg?fit=967%2C645&ssl=1&resize=525%2C300 1.5x, https:\/\/i0.wp.com\/ismaelcolosi.com.br\/wp-content\/uploads\/2024\/03\/artistas_se_apresentam_durante_a_22_edicao_da_fil_em_2023_2-scaled.jpg?fit=967%2C645&ssl=1&resize=700%2C400 2x"},"classes":[]}],"jetpack_sharing_enabled":true,"jetpack_shortlink":"https:\/\/wp.me\/pfMlyK-fke","_links":{"self":[{"href":"https:\/\/ismaelcolosi.com.br\/index.php\/wp-json\/wp\/v2\/posts\/58914","targetHints":{"allow":["GET"]}}],"collection":[{"href":"https:\/\/ismaelcolosi.com.br\/index.php\/wp-json\/wp\/v2\/posts"}],"about":[{"href":"https:\/\/ismaelcolosi.com.br\/index.php\/wp-json\/wp\/v2\/types\/post"}],"author":[{"embeddable":true,"href":"https:\/\/ismaelcolosi.com.br\/index.php\/wp-json\/wp\/v2\/users\/1"}],"replies":[{"embeddable":true,"href":"https:\/\/ismaelcolosi.com.br\/index.php\/wp-json\/wp\/v2\/comments?post=58914"}],"version-history":[{"count":0,"href":"https:\/\/ismaelcolosi.com.br\/index.php\/wp-json\/wp\/v2\/posts\/58914\/revisions"}],"wp:featuredmedia":[{"embeddable":true,"href":"https:\/\/ismaelcolosi.com.br\/index.php\/wp-json\/wp\/v2\/media\/58915"}],"wp:attachment":[{"href":"https:\/\/ismaelcolosi.com.br\/index.php\/wp-json\/wp\/v2\/media?parent=58914"}],"wp:term":[{"taxonomy":"category","embeddable":true,"href":"https:\/\/ismaelcolosi.com.br\/index.php\/wp-json\/wp\/v2\/categories?post=58914"},{"taxonomy":"post_tag","embeddable":true,"href":"https:\/\/ismaelcolosi.com.br\/index.php\/wp-json\/wp\/v2\/tags?post=58914"}],"curies":[{"name":"wp","href":"https:\/\/api.w.org\/{rel}","templated":true}]}}