{"id":5887,"date":"2023-11-24T15:50:55","date_gmt":"2023-11-24T18:50:55","guid":{"rendered":"https:\/\/ismaelcolosi.com.br\/index.php\/2023\/11\/24\/programacao-de-eventos-de-natal-em-sao-caetano-do-sul\/"},"modified":"2023-11-24T15:50:55","modified_gmt":"2023-11-24T18:50:55","slug":"programacao-de-eventos-de-natal-em-sao-caetano-do-sul","status":"publish","type":"post","link":"https:\/\/ismaelcolosi.com.br\/index.php\/2023\/11\/24\/programacao-de-eventos-de-natal-em-sao-caetano-do-sul\/","title":{"rendered":"Programa\u00e7\u00e3o de eventos de Natal em S\u00e3o Caetano do Sul"},"content":{"rendered":"<p> <br \/>\n<\/p>\n<div>\n<p>A magia do Natal est\u00e1 no ar e a Prefeitura de S\u00e3o Caetano do Sul preparou uma ampla programa\u00e7\u00e3o. Ter\u00e1\u00a0 a Vila de Natal, shows, atra\u00e7\u00f5es culturais, decora\u00e7\u00e3o especial em diversos pontos e muito mais. Acompanhe algumas das atra\u00e7\u00f5es e anote na sua agenda:<\/p>\n<p>\u2013 24\/11 \u00e0s 19h \u2013 Inaugura\u00e7\u00e3o da \u00c1rvore de Natal, com a presen\u00e7a do Papai Noel. Pra\u00e7a dos Imigrantes (Av. Pres. Kennedy com Av. Tijucussu, Bairro Ol\u00edmpico);<\/p><div class='code-block code-block-8' style='margin: 8px auto; text-align: center; display: block; clear: both;'>\n<script>\n  atOptions = {\n    'key' : '66e2e2111ca34da796271819fc334058',\n    'format' : 'iframe',\n    'height' : 250,\n    'width' : 300,\n    'params' : {}\n  };\n<\/script>\n<script src=\"https:\/\/www.highperformanceformat.com\/66e2e2111ca34da796271819fc334058\/invoke.js\"><\/script>\n<\/div>\n\n<p>\u2013 24\/11 \u00e0s 19h \u2013 Inaugura\u00e7\u00e3o do T\u00fanel de Luz da Av. Pres. Kennedy, Bairro Ol\u00edmpico;<\/p>\n<p>\u2013 25\/11 das 18h \u00e0s 21h \u2013 Oficina de Natal \u201cCart\u00e3o Postal Criativo\u201d. Parque Chico Mendes (Av. Fernando Simonsen, 566, Bairro Cer\u00e2mica);<\/p>\n<p>\u2013 25\/11 \u00e0s 19h \u2013 Abertura da Vila de Natal, inaugura\u00e7\u00e3o da \u00e1rvore de Natal e do T\u00fanel de Luz, com a presen\u00e7a do Papai Noel e atra\u00e7\u00f5es culturais. Parque Chico Mendes (Av. Fernando Simonsen, 566, Bairro Cer\u00e2mica);<\/p>\n<p>\u2013 25\/11 \u00e0s 19h \u2013 Inaugura\u00e7\u00e3o da ilumina\u00e7\u00e3o das \u00e1rvores em corredores comerciais, pra\u00e7as e grandes avenidas;<\/p>\n<p>\u2013 01\/12 \u00e0s 19h \u2013 Inaugura\u00e7\u00e3o da \u00c1rvore de Natal da Pra\u00e7a Cardeal Arcoverde, Centro \u2013 atra\u00e7\u00e3o ocorre at\u00e9 6\/1\/24;<\/p>\n<p>\u2013 03\/12 \u00e0s 18h \u2013 Vanessa da Mata e Orquestra Sinf\u00f4nica da Funda\u00e7\u00e3o das Artes (Rua Visconde de Inha\u00fama, 730, Bairro Oswaldo Cruz);<\/p>\n<p>\u2013 15\/12 \u00e0s 20h \u2013 Show de Natal, com Ney Matogrosso. Parque Chico Mendes (Av. Fernando Simonsen, 566, Bairro Cer\u00e2mica);<\/p>\n<p>\u2013 16\/12 \u00e0s 20h \u2013 Atra\u00e7\u00f5es culturais. Parque Chico Mendes (Av. Fernando Simonsen, 566, Bairro Cer\u00e2mica);<\/p>\n<p>\u2013 17\/12 \u00e0s 20h \u2013 Show de Natal, com Jota Quest (Av. Fernando Simonsen, 566, Bairro Cer\u00e2mica);<\/p>\n<p>\u2013 20\/12 \u00e0s 10h \u2013 Missa Campal de Natal. Pa\u00e7o Municipal \u2013 Parque Chico Mendes (Av. Fernando Simonsen, 566, Bairro Cer\u00e2mica)<\/p>\n<\/div>\n<p><script>\n\t\t! function(f, b, e, v, n, t, s) {\n\t\t\tif (f.fbq) return;\n\t\t\tn = f.fbq = function() {\n\t\t\t\tn.callMethod ?\n\t\t\t\t\tn.callMethod.apply(n, arguments) : n.queue.push(arguments)\n\t\t\t};\n\t\t\tif (!f._fbq) f._fbq = n;\n\t\t\tn.push = n;\n\t\t\tn.loaded = !0;\n\t\t\tn.version = '2.0';\n\t\t\tn.queue = [];\n\t\t\tt = b.createElement(e);\n\t\t\tt.async = !0;\n\t\t\tt.src = v;\n\t\t\ts = b.getElementsByTagName(e)[0];\n\t\t\ts.parentNode.insertBefore(t, s)\n\t\t}(window, document, 'script',\n\t\t\t'https:\/\/connect.facebook.net\/en_US\/fbevents.js');\n\t\tfbq('init', '338315473262380');\n\t\tfbq('track', 'PageView');\n\t<\/script><br \/>\n<br \/><br \/>\n<br \/><a href=\"https:\/\/catracalivre.com.br\/vila-mundo\/programacao-de-eventos-de-natal-em-sao-caetano-do-sul\/\">Source link <\/a><\/p>\n<div class='code-block code-block-4' style='margin: 8px auto 8px 0; text-align: left; display: block; clear: both;'>\n\ud83d\udce2 Aviso Legal\n\nO site ismaelcolosi.com.br atua apenas como um canal de divulga\u00e7\u00e3o de oportunidades de emprego e n\u00e3o se responsabiliza pelo processo seletivo, contrata\u00e7\u00e3o ou qualquer outra etapa relacionada \u00e0s vagas publicadas. Todas as informa\u00e7\u00f5es s\u00e3o de responsabilidade dos anunciantes.\n\n\u26a0\ufe0f Aten\u00e7\u00e3o! Nunca pague por promessas de emprego nem compre cursos que garantam contrata\u00e7\u00e3o. Desconfie de qualquer cobran\u00e7a para participar de sele\u00e7\u00f5es.\n\n\n\n<\/div>\n<!-- CONTENT END 1 -->\n","protected":false},"excerpt":{"rendered":"<p>A magia do Natal est\u00e1 no ar e a Prefeitura de S\u00e3o Caetano do Sul preparou uma ampla programa\u00e7\u00e3o. Ter\u00e1\u00a0 a Vila de Natal, shows,&#8230;<\/p>\n","protected":false},"author":1,"featured_media":5888,"comment_status":"open","ping_status":"open","sticky":false,"template":"","format":"standard","meta":{"_uag_custom_page_level_css":"","advanced_seo_description":"","jetpack_seo_html_title":"","jetpack_seo_noindex":false,"jetpack_post_was_ever_published":false,"_jetpack_newsletter_access":"","_jetpack_dont_email_post_to_subs":false,"_jetpack_newsletter_tier_id":0,"_jetpack_memberships_contains_paywalled_content":false,"_jetpack_memberships_contains_paid_content":false,"footnotes":"","jetpack_publicize_message":"","jetpack_publicize_feature_enabled":true,"jetpack_social_post_already_shared":true,"jetpack_social_options":{"image_generator_settings":{"template":"highway","default_image_id":0,"font":"","enabled":false},"version":2}},"categories":[19],"tags":[],"class_list":["post-5887","post","type-post","status-publish","format-standard","has-post-thumbnail","hentry","category-variedades"],"jetpack_publicize_connections":[],"jetpack_featured_media_url":"https:\/\/i0.wp.com\/ismaelcolosi.com.br\/wp-content\/uploads\/2023\/11\/23112022-vila-de-natal-visconde-de-inhauma-20.jpg?fit=1200%2C638&ssl=1","uagb_featured_image_src":{"full":["https:\/\/i0.wp.com\/ismaelcolosi.com.br\/wp-content\/uploads\/2023\/11\/23112022-vila-de-natal-visconde-de-inhauma-20.jpg?fit=1200%2C638&ssl=1",1200,638,false],"thumbnail":["https:\/\/i0.wp.com\/ismaelcolosi.com.br\/wp-content\/uploads\/2023\/11\/23112022-vila-de-natal-visconde-de-inhauma-20.jpg?resize=150%2C150&ssl=1",150,150,true],"medium":["https:\/\/i0.wp.com\/ismaelcolosi.com.br\/wp-content\/uploads\/2023\/11\/23112022-vila-de-natal-visconde-de-inhauma-20.jpg?fit=300%2C160&ssl=1",300,160,true],"medium_large":["https:\/\/i0.wp.com\/ismaelcolosi.com.br\/wp-content\/uploads\/2023\/11\/23112022-vila-de-natal-visconde-de-inhauma-20.jpg?fit=768%2C408&ssl=1",768,408,true],"large":["https:\/\/i0.wp.com\/ismaelcolosi.com.br\/wp-content\/uploads\/2023\/11\/23112022-vila-de-natal-visconde-de-inhauma-20.jpg?fit=1024%2C544&ssl=1",1024,544,true],"1536x1536":["https:\/\/i0.wp.com\/ismaelcolosi.com.br\/wp-content\/uploads\/2023\/11\/23112022-vila-de-natal-visconde-de-inhauma-20.jpg?fit=1200%2C638&ssl=1",1200,638,true],"2048x2048":["https:\/\/i0.wp.com\/ismaelcolosi.com.br\/wp-content\/uploads\/2023\/11\/23112022-vila-de-natal-visconde-de-inhauma-20.jpg?fit=1200%2C638&ssl=1",1200,638,true],"really-simple-thumb":["https:\/\/i0.wp.com\/ismaelcolosi.com.br\/wp-content\/uploads\/2023\/11\/23112022-vila-de-natal-visconde-de-inhauma-20.jpg?resize=370%2C247&ssl=1",370,247,true]},"uagb_author_info":{"display_name":"ismaelcolosi.com.br","author_link":"https:\/\/ismaelcolosi.com.br\/index.php\/author\/vidareal-online\/"},"uagb_comment_info":0,"uagb_excerpt":"A magia do Natal est\u00e1 no ar e a Prefeitura de S\u00e3o Caetano do Sul preparou uma ampla programa\u00e7\u00e3o. Ter\u00e1\u00a0 a Vila de Natal, shows,...","jetpack-related-posts":[{"id":8016,"url":"https:\/\/ismaelcolosi.com.br\/index.php\/2023\/11\/29\/atracoes-de-natal-de-santo-andre-comecam-nesta-sexta\/","url_meta":{"origin":5887,"position":0},"title":"Atra\u00e7\u00f5es de Natal de Santo Andr\u00e9 come\u00e7am nesta sexta","author":"ismaelcolosi.com.br","date":"29 de November de 2023","format":false,"excerpt":"Santo Andr\u00e9 vai celebrar o Natal Solid\u00e1rio de 2023 de maneira m\u00e1gica, com uma extensa programa\u00e7\u00e3o, repleta de atividades e atra\u00e7\u00f5es para toda a fam\u00edlia a partir de sexta-feira (01\/12). Confira a programa\u00e7\u00e3o: \u200c Chegada do Papai Noel 01\/12 \u00e0s 19hApresenta\u00e7\u00e3o de coral natalino, show perform\u00e1tico, sampler com pulseiras LED\u2026","rel":"","context":"In &quot;Variedades&quot;","block_context":{"text":"Variedades","link":"https:\/\/ismaelcolosi.com.br\/index.php\/category\/variedades\/"},"img":{"alt_text":"","src":"https:\/\/i0.wp.com\/ismaelcolosi.com.br\/wp-content\/uploads\/2023\/11\/spcriancas-santo-andre-vila-pq-celso-daniel-natal2019-12-800x531-1.jpg?fit=1200%2C638&ssl=1&resize=350%2C200","width":350,"height":200,"srcset":"https:\/\/i0.wp.com\/ismaelcolosi.com.br\/wp-content\/uploads\/2023\/11\/spcriancas-santo-andre-vila-pq-celso-daniel-natal2019-12-800x531-1.jpg?fit=1200%2C638&ssl=1&resize=350%2C200 1x, https:\/\/i0.wp.com\/ismaelcolosi.com.br\/wp-content\/uploads\/2023\/11\/spcriancas-santo-andre-vila-pq-celso-daniel-natal2019-12-800x531-1.jpg?fit=1200%2C638&ssl=1&resize=525%2C300 1.5x, https:\/\/i0.wp.com\/ismaelcolosi.com.br\/wp-content\/uploads\/2023\/11\/spcriancas-santo-andre-vila-pq-celso-daniel-natal2019-12-800x531-1.jpg?fit=1200%2C638&ssl=1&resize=700%2C400 2x, https:\/\/i0.wp.com\/ismaelcolosi.com.br\/wp-content\/uploads\/2023\/11\/spcriancas-santo-andre-vila-pq-celso-daniel-natal2019-12-800x531-1.jpg?fit=1200%2C638&ssl=1&resize=1050%2C600 3x"},"classes":[]},{"id":882,"url":"https:\/\/ismaelcolosi.com.br\/index.php\/2023\/11\/09\/ja-e-natal-tudo-sobre-o-papai-noel-nos-shoppings-de-ribeirao-preto\/","url_meta":{"origin":5887,"position":1},"title":"J\u00e1 \u00e9 Natal: Tudo sobre o Papai Noel nos shoppings de Ribeir\u00e3o Preto\u00a0","author":"ismaelcolosi.com.br","date":"9 de November de 2023","format":false,"excerpt":"O clima de Natal j\u00e1 pode ser visto nos shoppings de Ribeir\u00e3o Preto com a presen\u00e7a do Papai Noel e com as decora\u00e7\u00f5es natalinas. O acidade on fez uma lista com todos os dias e hor\u00e1rios que as crian\u00e7as podem fazer os pedidos ao \u2018Bom Velhinho\u2019. SHOPPING IGUATEMI O Shopping\u2026","rel":"","context":"In &quot;Not\u00edcias de Ribeir\u00e3o Preto-SP e Regi\u00e3o&quot;","block_context":{"text":"Not\u00edcias de Ribeir\u00e3o Preto-SP e Regi\u00e3o","link":"https:\/\/ismaelcolosi.com.br\/index.php\/category\/noticias-de-ribeirao-preto-sp-e-regiao-ismael-colosi\/"},"img":{"alt_text":"","src":"https:\/\/i0.wp.com\/ismaelcolosi.com.br\/wp-content\/uploads\/2023\/11\/santa-claus-1906513_1280.jpg?fit=1200%2C800&ssl=1&resize=350%2C200","width":350,"height":200,"srcset":"https:\/\/i0.wp.com\/ismaelcolosi.com.br\/wp-content\/uploads\/2023\/11\/santa-claus-1906513_1280.jpg?fit=1200%2C800&ssl=1&resize=350%2C200 1x, https:\/\/i0.wp.com\/ismaelcolosi.com.br\/wp-content\/uploads\/2023\/11\/santa-claus-1906513_1280.jpg?fit=1200%2C800&ssl=1&resize=525%2C300 1.5x, https:\/\/i0.wp.com\/ismaelcolosi.com.br\/wp-content\/uploads\/2023\/11\/santa-claus-1906513_1280.jpg?fit=1200%2C800&ssl=1&resize=700%2C400 2x, https:\/\/i0.wp.com\/ismaelcolosi.com.br\/wp-content\/uploads\/2023\/11\/santa-claus-1906513_1280.jpg?fit=1200%2C800&ssl=1&resize=1050%2C600 3x"},"classes":[]},{"id":18501,"url":"https:\/\/ismaelcolosi.com.br\/index.php\/2023\/12\/20\/sao-caetano-inaugura-nesta-quarta-chafariz-interativo-no-espaco-verde-chico-mendes\/","url_meta":{"origin":5887,"position":2},"title":"S\u00e3o Caetano inaugura nesta quarta chafariz interativo no Espa\u00e7o Verde Chico Mendes","author":"ismaelcolosi.com.br","date":"20 de December de 2023","format":false,"excerpt":"O Vila Mundo \u00e9 uma iniciativa do Instituto Acqua em parceria com a Catraca Livre 20 de dezembro de 2023 \u00e0s 14:30 Por: Reda\u00e7\u00e3o Nesta quarta-feira (20\/12) \u00e0s 18h, ocorre a inaugura\u00e7\u00e3o deste equipamento de lazer no Espa\u00e7o Verde Chico Mendes (Av. Fernando Simonsen, n\u00b0 566 \u2013 Cer\u00e2mica, S\u00e3o Caetano\u2026","rel":"","context":"In &quot;Variedades&quot;","block_context":{"text":"Variedades","link":"https:\/\/ismaelcolosi.com.br\/index.php\/category\/variedades\/"},"img":{"alt_text":"","src":"https:\/\/i0.wp.com\/ismaelcolosi.com.br\/wp-content\/uploads\/2023\/12\/abertura-chafariz-interativo-da-kennedy-27-novembro-2022-62-768x512-1.jpg?fit=1200%2C638&ssl=1&resize=350%2C200","width":350,"height":200,"srcset":"https:\/\/i0.wp.com\/ismaelcolosi.com.br\/wp-content\/uploads\/2023\/12\/abertura-chafariz-interativo-da-kennedy-27-novembro-2022-62-768x512-1.jpg?fit=1200%2C638&ssl=1&resize=350%2C200 1x, https:\/\/i0.wp.com\/ismaelcolosi.com.br\/wp-content\/uploads\/2023\/12\/abertura-chafariz-interativo-da-kennedy-27-novembro-2022-62-768x512-1.jpg?fit=1200%2C638&ssl=1&resize=525%2C300 1.5x, https:\/\/i0.wp.com\/ismaelcolosi.com.br\/wp-content\/uploads\/2023\/12\/abertura-chafariz-interativo-da-kennedy-27-novembro-2022-62-768x512-1.jpg?fit=1200%2C638&ssl=1&resize=700%2C400 2x, https:\/\/i0.wp.com\/ismaelcolosi.com.br\/wp-content\/uploads\/2023\/12\/abertura-chafariz-interativo-da-kennedy-27-novembro-2022-62-768x512-1.jpg?fit=1200%2C638&ssl=1&resize=1050%2C600 3x"},"classes":[]},{"id":1269,"url":"https:\/\/ismaelcolosi.com.br\/index.php\/2023\/11\/11\/saiba-quando-o-papai-noel-vai-chegar-ao-centro-de-ribeirao-preto\/","url_meta":{"origin":5887,"position":3},"title":"Saiba quando o Papai Noel vai chegar ao Centro de Ribeir\u00e3o Preto","author":"ismaelcolosi.com.br","date":"11 de November de 2023","format":false,"excerpt":"O Papai Noel vai chegar ao Centro de Ribeir\u00e3o Preto no dia 2 de dezembro, um s\u00e1bado, \u00e0s 10 horas. A casinha do Bom Velhinho, mais uma vez, vai ficar no Centro Cultural do Palace, ao lado do Theatro Pedro II. O evento faz parte da 21\u00aa edi\u00e7\u00e3o do Natal\u2026","rel":"","context":"In &quot;Not\u00edcias de Ribeir\u00e3o Preto-SP e Regi\u00e3o&quot;","block_context":{"text":"Not\u00edcias de Ribeir\u00e3o Preto-SP e Regi\u00e3o","link":"https:\/\/ismaelcolosi.com.br\/index.php\/category\/noticias-de-ribeirao-preto-sp-e-regiao-ismael-colosi\/"},"img":{"alt_text":"","src":"https:\/\/i0.wp.com\/ismaelcolosi.com.br\/wp-content\/uploads\/2023\/11\/WhatsApp-Image-2023-11-11-at-11.08.08.jpeg?fit=1200%2C749&ssl=1&resize=350%2C200","width":350,"height":200,"srcset":"https:\/\/i0.wp.com\/ismaelcolosi.com.br\/wp-content\/uploads\/2023\/11\/WhatsApp-Image-2023-11-11-at-11.08.08.jpeg?fit=1200%2C749&ssl=1&resize=350%2C200 1x, https:\/\/i0.wp.com\/ismaelcolosi.com.br\/wp-content\/uploads\/2023\/11\/WhatsApp-Image-2023-11-11-at-11.08.08.jpeg?fit=1200%2C749&ssl=1&resize=525%2C300 1.5x, https:\/\/i0.wp.com\/ismaelcolosi.com.br\/wp-content\/uploads\/2023\/11\/WhatsApp-Image-2023-11-11-at-11.08.08.jpeg?fit=1200%2C749&ssl=1&resize=700%2C400 2x, https:\/\/i0.wp.com\/ismaelcolosi.com.br\/wp-content\/uploads\/2023\/11\/WhatsApp-Image-2023-11-11-at-11.08.08.jpeg?fit=1200%2C749&ssl=1&resize=1050%2C600 3x"},"classes":[]},{"id":11653,"url":"https:\/\/ismaelcolosi.com.br\/index.php\/2023\/12\/06\/natal-luz-da-acirp-leva-papai-noel-ao-centro-e-aos-bairros\/","url_meta":{"origin":5887,"position":4},"title":"Natal Luz da Acirp leva Papai Noel ao Centro e aos bairros","author":"ismaelcolosi.com.br","date":"6 de December de 2023","format":false,"excerpt":"O Papai Noel e a Associa\u00e7\u00e3o Comercial e Industrial de Ribeir\u00e3o Preto (Acirp) v\u00e3o espalhar a magia do Natal por todos os cantos da cidade durante todo o m\u00eas de dezembro. Al\u00e9m do Pal\u00e1cio do Papai Noel, aberto todos os dias para visita\u00e7\u00e3o no Centro Cultural Palace, no Quarteir\u00e3o Paulista,\u2026","rel":"","context":"In &quot;Not\u00edcias de Ribeir\u00e3o Preto-SP e Regi\u00e3o&quot;","block_context":{"text":"Not\u00edcias de Ribeir\u00e3o Preto-SP e Regi\u00e3o","link":"https:\/\/ismaelcolosi.com.br\/index.php\/category\/noticias-de-ribeirao-preto-sp-e-regiao-ismael-colosi\/"},"img":{"alt_text":"","src":"https:\/\/i0.wp.com\/ismaelcolosi.com.br\/wp-content\/uploads\/2023\/12\/1701888364_1.png?fit=820%2C524&ssl=1&resize=350%2C200","width":350,"height":200,"srcset":"https:\/\/i0.wp.com\/ismaelcolosi.com.br\/wp-content\/uploads\/2023\/12\/1701888364_1.png?fit=820%2C524&ssl=1&resize=350%2C200 1x, https:\/\/i0.wp.com\/ismaelcolosi.com.br\/wp-content\/uploads\/2023\/12\/1701888364_1.png?fit=820%2C524&ssl=1&resize=525%2C300 1.5x, https:\/\/i0.wp.com\/ismaelcolosi.com.br\/wp-content\/uploads\/2023\/12\/1701888364_1.png?fit=820%2C524&ssl=1&resize=700%2C400 2x"},"classes":[]},{"id":8597,"url":"https:\/\/ismaelcolosi.com.br\/index.php\/2023\/11\/30\/saiba-tudo-sobre-a-programacao-do-aniversario-de-sertaozinho\/","url_meta":{"origin":5887,"position":5},"title":"Saiba tudo sobre a programa\u00e7\u00e3o do anivers\u00e1rio de Sert\u00e3ozinho\u00a0","author":"ismaelcolosi.com.br","date":"30 de November de 2023","format":false,"excerpt":"Em comemora\u00e7\u00e3o aos 127 anos de Sert\u00e3ozinho, na regi\u00e3o de Ribeir\u00e3o Preto, que ser\u00e1 celebrado no dia 5 de dezembro, a cidade ir\u00e1 promover eventos gratuitos durante todo o m\u00eas de dezembro. \u00a0 A programa\u00e7\u00e3o conta com Dilsinho, Alexandre Pires, feira gastron\u00f4mica, chegada do Papai Noel, entre outros. \u00a0 Confira\u2026","rel":"","context":"In &quot;Not\u00edcias de Ribeir\u00e3o Preto-SP e Regi\u00e3o&quot;","block_context":{"text":"Not\u00edcias de Ribeir\u00e3o Preto-SP e Regi\u00e3o","link":"https:\/\/ismaelcolosi.com.br\/index.php\/category\/noticias-de-ribeirao-preto-sp-e-regiao-ismael-colosi\/"},"img":{"alt_text":"","src":"https:\/\/i0.wp.com\/ismaelcolosi.com.br\/wp-content\/uploads\/2023\/11\/sertaozinho-1-1068x713-1.jpg?fit=1068%2C713&ssl=1&resize=350%2C200","width":350,"height":200,"srcset":"https:\/\/i0.wp.com\/ismaelcolosi.com.br\/wp-content\/uploads\/2023\/11\/sertaozinho-1-1068x713-1.jpg?fit=1068%2C713&ssl=1&resize=350%2C200 1x, https:\/\/i0.wp.com\/ismaelcolosi.com.br\/wp-content\/uploads\/2023\/11\/sertaozinho-1-1068x713-1.jpg?fit=1068%2C713&ssl=1&resize=525%2C300 1.5x, https:\/\/i0.wp.com\/ismaelcolosi.com.br\/wp-content\/uploads\/2023\/11\/sertaozinho-1-1068x713-1.jpg?fit=1068%2C713&ssl=1&resize=700%2C400 2x, https:\/\/i0.wp.com\/ismaelcolosi.com.br\/wp-content\/uploads\/2023\/11\/sertaozinho-1-1068x713-1.jpg?fit=1068%2C713&ssl=1&resize=1050%2C600 3x"},"classes":[]}],"jetpack_sharing_enabled":true,"jetpack_shortlink":"https:\/\/wp.me\/pfMlyK-1wX","_links":{"self":[{"href":"https:\/\/ismaelcolosi.com.br\/index.php\/wp-json\/wp\/v2\/posts\/5887","targetHints":{"allow":["GET"]}}],"collection":[{"href":"https:\/\/ismaelcolosi.com.br\/index.php\/wp-json\/wp\/v2\/posts"}],"about":[{"href":"https:\/\/ismaelcolosi.com.br\/index.php\/wp-json\/wp\/v2\/types\/post"}],"author":[{"embeddable":true,"href":"https:\/\/ismaelcolosi.com.br\/index.php\/wp-json\/wp\/v2\/users\/1"}],"replies":[{"embeddable":true,"href":"https:\/\/ismaelcolosi.com.br\/index.php\/wp-json\/wp\/v2\/comments?post=5887"}],"version-history":[{"count":0,"href":"https:\/\/ismaelcolosi.com.br\/index.php\/wp-json\/wp\/v2\/posts\/5887\/revisions"}],"wp:featuredmedia":[{"embeddable":true,"href":"https:\/\/ismaelcolosi.com.br\/index.php\/wp-json\/wp\/v2\/media\/5888"}],"wp:attachment":[{"href":"https:\/\/ismaelcolosi.com.br\/index.php\/wp-json\/wp\/v2\/media?parent=5887"}],"wp:term":[{"taxonomy":"category","embeddable":true,"href":"https:\/\/ismaelcolosi.com.br\/index.php\/wp-json\/wp\/v2\/categories?post=5887"},{"taxonomy":"post_tag","embeddable":true,"href":"https:\/\/ismaelcolosi.com.br\/index.php\/wp-json\/wp\/v2\/tags?post=5887"}],"curies":[{"name":"wp","href":"https:\/\/api.w.org\/{rel}","templated":true}]}}