{"id":58768,"date":"2024-08-02T12:05:14","date_gmt":"2024-08-02T15:05:14","guid":{"rendered":"https:\/\/ismaelcolosi.com.br\/index.php\/2024\/08\/02\/itau-abre-inscricoes-para-programa-de-trainee-com-salario-de-r-8-mil\/"},"modified":"2024-08-02T12:05:14","modified_gmt":"2024-08-02T15:05:14","slug":"itau-abre-inscricoes-para-programa-de-trainee-com-salario-de-r-8-mil","status":"publish","type":"post","link":"https:\/\/ismaelcolosi.com.br\/index.php\/2024\/08\/02\/itau-abre-inscricoes-para-programa-de-trainee-com-salario-de-r-8-mil\/","title":{"rendered":"Ita\u00fa abre inscri\u00e7\u00f5es para programa de trainee com sal\u00e1rio de R$ 8 mil"},"content":{"rendered":"<p> <br \/>\n<\/p>\n<div id=\"\">\n<div class=\"content-infos\">\n<div class=\"texts\">\n<p class=\"author tooltip-comp\"> Da reda\u00e7\u00e3o<span class=\"icon-i\">i<\/span><span class=\"tooltiptext\"> <span class=\"author\"><span>Da reda\u00e7\u00e3o<\/span> <\/span><span class=\"desc\"\/> <\/span><\/p>\n<p>02\/08\/2024 &#8211; 11:53<\/p><div class='code-block code-block-8' style='margin: 8px auto; text-align: center; display: block; clear: both;'>\n<script>\n  atOptions = {\n    'key' : '66e2e2111ca34da796271819fc334058',\n    'format' : 'iframe',\n    'height' : 250,\n    'width' : 300,\n    'params' : {}\n  };\n<\/script>\n<script src=\"https:\/\/www.highperformanceformat.com\/66e2e2111ca34da796271819fc334058\/invoke.js\"><\/script>\n<\/div>\n\n<\/div>\n<div id=\"share-modal\" class=\"share-modal\"> <button class=\"box-close btn-share\"> <img decoding=\"async\" src=\"https:\/\/istoedinheiro.com.br\/wp-content\/themes\/dinheiro-wp-theme\/assets\/img\/svg\/closeIcon.svg?x46096\" alt=\"Close icon\" class=\"close-btn lazy\"\/> <\/button><\/div>\n<\/p><\/div>\n<p>O Ita\u00fa Unibanco est\u00e1 com inscri\u00e7\u00f5es abertas para a edi\u00e7\u00e3o de 2025 do seu programa de trainee. Quem deseja participar tem at\u00e9 o dia 2 de setembro para se candidatar e fazer as avalia\u00e7\u00f5es de perfil e de habilidades online.<\/p>\n<p>O treinamento tem dura\u00e7\u00e3o de 18 meses, com sal\u00e1rio de R$ 8.800, e oferece uma lista de benef\u00edcios: vale-refei\u00e7\u00e3o e alimenta\u00e7\u00e3o, vale-transporte, seguro de vida, assist\u00eancia m\u00e9dica e odontol\u00f3gica, aux\u00edlio creche para filhos de at\u00e9 71 meses, incentivo a curso de idiomas e participa\u00e7\u00e3o nos lucros e resultados.<\/p>\n<p><strong>+Sal\u00e1rio de R$ 20,9 mil: BNDES abre inscri\u00e7\u00f5es para concurso com 900 vagas<\/strong><\/p>\n<p>O programa possui tr\u00eas op\u00e7\u00f5es de trilhas de aprendizado: Neg\u00f3cios Varejo, Neg\u00f3cio Atacado e Institucional.<\/p>\n<h3>Processo seletivo<\/h3>\n<p>Para se inscrever, \u00e9 necess\u00e1rio ter se formado em um curso de gradua\u00e7\u00e3o de longa dura\u00e7\u00e3o ap\u00f3s novembro de 2022, ou estar cursando com conclus\u00e3o prevista para at\u00e9 dezembro de 2025. Na trilha de Neg\u00f3cios Atacado, tamb\u00e9m \u00e9 requerido ingl\u00eas avan\u00e7ado.<\/p>\n<p>\u00c9 preciso disponibilidade para trabalhar presencialmente por oito horas em formato h\u00edbrido, com presencial na cidade de S\u00e3o Paulo. Candidatos aprovados de outros lugares receber\u00e3o um aux\u00edlio no valor de um sal\u00e1rio para realoca\u00e7\u00e3o, caso seja necess\u00e1rio.<\/p>\n<p>Durante os meses de setembro e novembro, ap\u00f3s a avalia\u00e7\u00e3o de perfil e habilidade, os selecionados receber\u00e3o um case para ser desenvolvido e avaliado pelo RH do banco.<\/p>\n<p>Entre outubro e novembro, quem avan\u00e7ar para a pr\u00f3xima etapa ter\u00e1 de resolver em grupo um desafio real de neg\u00f3cio e apresentar a solu\u00e7\u00e3o aos gestores do Ita\u00fa. Por fim, ainda em novembro, ser\u00e3o feitas entrevistas individuais pelos diretores do Ita\u00fa.<\/p>\n<p>Para mais informa\u00e7\u00f5es, confira o site oficial do programa <a href=\"https:\/\/traineefeitodefuturo.com.br\/\" target=\"_blank\" rel=\"noopener\">neste link<\/a>. Para se inscrever e fazer as avalia\u00e7\u00f5es online de habilidades, preenche o formul\u00e1rio <a href=\"https:\/\/vemproitau.gupy.io\/jobs\/7443737?jobBoardSource=gupy_public_page\" target=\"_blank\" rel=\"noopener\">neste link<\/a>.<\/p>\n<div id=\"share-modal\" class=\"share-modal\"> <button class=\"box-close btn-share\"> <img decoding=\"async\" src=\"https:\/\/istoedinheiro.com.br\/wp-content\/themes\/dinheiro-wp-theme\/assets\/img\/svg\/closeIcon.svg?x46096\" alt=\"Close icon\" class=\"close-btn lazy\"\/> <\/button><\/div>\n<\/p><\/div>\n<p><script>!function(f,b,e,v,n,t,s){if(f.fbq)return;n=f.fbq=function(){n.callMethod?n.callMethod.apply(n,arguments):n.queue.push(arguments)};if(!f._fbq)f._fbq=n;n.push=n;n.loaded=!0;n.version='2.0';n.queue=[];t=b.createElement(e);t.async=!0;t.src=v;s=b.getElementsByTagName(e)[0];s.parentNode.insertBefore(t,s)}(window,document,'script','<\/script><br \/>\n<br \/><br \/>\n<br \/><a href=\"https:\/\/istoedinheiro.com.br\/itau-abre-inscricoes-para-programa-de-trainee-com-salario-de-r-8-mil\/\">Source link <\/a><\/p>\n<div class='code-block code-block-4' style='margin: 8px auto 8px 0; text-align: left; display: block; clear: both;'>\n\ud83d\udce2 Aviso Legal\n\nO site ismaelcolosi.com.br atua apenas como um canal de divulga\u00e7\u00e3o de oportunidades de emprego e n\u00e3o se responsabiliza pelo processo seletivo, contrata\u00e7\u00e3o ou qualquer outra etapa relacionada \u00e0s vagas publicadas. Todas as informa\u00e7\u00f5es s\u00e3o de responsabilidade dos anunciantes.\n\n\u26a0\ufe0f Aten\u00e7\u00e3o! Nunca pague por promessas de emprego nem compre cursos que garantam contrata\u00e7\u00e3o. Desconfie de qualquer cobran\u00e7a para participar de sele\u00e7\u00f5es.\n\n\n\n<\/div>\n<!-- CONTENT END 1 -->\n","protected":false},"excerpt":{"rendered":"<p>Da reda\u00e7\u00e3oi Da reda\u00e7\u00e3o 02\/08\/2024 &#8211; 11:53 O Ita\u00fa Unibanco est\u00e1 com inscri\u00e7\u00f5es abertas para a edi\u00e7\u00e3o de 2025 do seu programa de trainee. Quem&#8230;<\/p>\n","protected":false},"author":1,"featured_media":58769,"comment_status":"open","ping_status":"open","sticky":false,"template":"","format":"standard","meta":{"_uag_custom_page_level_css":"","advanced_seo_description":"","jetpack_seo_html_title":"","jetpack_seo_noindex":false,"jetpack_post_was_ever_published":false,"_jetpack_newsletter_access":"","_jetpack_dont_email_post_to_subs":false,"_jetpack_newsletter_tier_id":0,"_jetpack_memberships_contains_paywalled_content":false,"_jetpack_memberships_contains_paid_content":false,"footnotes":"","jetpack_publicize_message":"","jetpack_publicize_feature_enabled":true,"jetpack_social_post_already_shared":true,"jetpack_social_options":{"image_generator_settings":{"template":"highway","default_image_id":0,"font":"","enabled":false},"version":2}},"categories":[3598],"tags":[],"class_list":["post-58768","post","type-post","status-publish","format-standard","has-post-thumbnail","hentry","category-empregos-classificados-vagas-trabalho"],"jetpack_publicize_connections":[],"jetpack_featured_media_url":"https:\/\/i0.wp.com\/ismaelcolosi.com.br\/wp-content\/uploads\/2024\/08\/tagreuters.com2024binary_LYNXMPEK65001-VIEWIMAGE.jpg?fit=450%2C309&ssl=1","uagb_featured_image_src":{"full":["https:\/\/i0.wp.com\/ismaelcolosi.com.br\/wp-content\/uploads\/2024\/08\/tagreuters.com2024binary_LYNXMPEK65001-VIEWIMAGE.jpg?fit=450%2C309&ssl=1",450,309,false],"thumbnail":["https:\/\/i0.wp.com\/ismaelcolosi.com.br\/wp-content\/uploads\/2024\/08\/tagreuters.com2024binary_LYNXMPEK65001-VIEWIMAGE.jpg?resize=150%2C150&ssl=1",150,150,true],"medium":["https:\/\/i0.wp.com\/ismaelcolosi.com.br\/wp-content\/uploads\/2024\/08\/tagreuters.com2024binary_LYNXMPEK65001-VIEWIMAGE.jpg?fit=300%2C206&ssl=1",300,206,true],"medium_large":["https:\/\/i0.wp.com\/ismaelcolosi.com.br\/wp-content\/uploads\/2024\/08\/tagreuters.com2024binary_LYNXMPEK65001-VIEWIMAGE.jpg?fit=450%2C309&ssl=1",450,309,true],"large":["https:\/\/i0.wp.com\/ismaelcolosi.com.br\/wp-content\/uploads\/2024\/08\/tagreuters.com2024binary_LYNXMPEK65001-VIEWIMAGE.jpg?fit=450%2C309&ssl=1",450,309,true],"1536x1536":["https:\/\/i0.wp.com\/ismaelcolosi.com.br\/wp-content\/uploads\/2024\/08\/tagreuters.com2024binary_LYNXMPEK65001-VIEWIMAGE.jpg?fit=450%2C309&ssl=1",450,309,true],"2048x2048":["https:\/\/i0.wp.com\/ismaelcolosi.com.br\/wp-content\/uploads\/2024\/08\/tagreuters.com2024binary_LYNXMPEK65001-VIEWIMAGE.jpg?fit=450%2C309&ssl=1",450,309,true],"really-simple-thumb":["https:\/\/i0.wp.com\/ismaelcolosi.com.br\/wp-content\/uploads\/2024\/08\/tagreuters.com2024binary_LYNXMPEK65001-VIEWIMAGE.jpg?resize=370%2C247&ssl=1",370,247,true]},"uagb_author_info":{"display_name":"ismaelcolosi.com.br","author_link":"https:\/\/ismaelcolosi.com.br\/index.php\/author\/vidareal-online\/"},"uagb_comment_info":0,"uagb_excerpt":"Da reda\u00e7\u00e3oi Da reda\u00e7\u00e3o 02\/08\/2024 &#8211; 11:53 O Ita\u00fa Unibanco est\u00e1 com inscri\u00e7\u00f5es abertas para a edi\u00e7\u00e3o de 2025 do seu programa de trainee. Quem...","jetpack-related-posts":[{"id":87306,"url":"https:\/\/ismaelcolosi.com.br\/index.php\/2025\/08\/31\/inscricoes-para-programa-de-trainee-do-itau-com-salario-de-r-93-mil-encerram-nesta-segunda\/","url_meta":{"origin":58768,"position":0},"title":"Inscri\u00e7\u00f5es para programa de trainee do Ita\u00fa com sal\u00e1rio de R$ 9,3 mil encerram nesta segunda","author":"ismaelcolosi.com.br","date":"31 de August de 2025","format":false,"excerpt":"Termina nesta segunda-feira, 1\u00ba de setembro, o prazo de inscri\u00e7\u00f5es para o Programa Trainee 2026 do Ita\u00fa Unibanco. Os interessados t\u00eam at\u00e9 o fim do dia para se candidatar a uma vaga com remunera\u00e7\u00e3o de R$ 9.350, al\u00e9m de participa\u00e7\u00e3o nos lucros e resultados. +\u00a0Ambev abre inscri\u00e7\u00f5es para programa de\u2026","rel":"","context":"In &quot;Empregos - Classificados&quot;","block_context":{"text":"Empregos - Classificados","link":"https:\/\/ismaelcolosi.com.br\/index.php\/category\/empregos-classificados-vagas-trabalho\/"},"img":{"alt_text":"","src":"","width":0,"height":0},"classes":[]},{"id":87067,"url":"https:\/\/ismaelcolosi.com.br\/index.php\/2025\/08\/14\/itau-abre-inscricoes-para-programa-de-trainee-com-salario-de-r-93-mil\/","url_meta":{"origin":58768,"position":1},"title":"Ita\u00fa abre inscri\u00e7\u00f5es para programa de trainee com sal\u00e1rio de R$ 9,3 mil","author":"ismaelcolosi.com.br","date":"14 de August de 2025","format":false,"excerpt":"O Ita\u00fa Unibanco est\u00e1 com inscri\u00e7\u00f5es abertas para seu Programa Trainee 2026 at\u00e9 o dia 1\u00ba de setembro. Profissionais das \u00e1reas de Exatas, Humanas ou Biol\u00f3gicas podem concorrer a uma remunera\u00e7\u00e3o de R$ 9.350, al\u00e9m de participa\u00e7\u00e3o nos lucros e resultados. O n\u00famero de vagas varia conforme o de inscritos\u2026","rel":"","context":"In &quot;Empregos - Classificados&quot;","block_context":{"text":"Empregos - Classificados","link":"https:\/\/ismaelcolosi.com.br\/index.php\/category\/empregos-classificados-vagas-trabalho\/"},"img":{"alt_text":"","src":"","width":0,"height":0},"classes":[]},{"id":61280,"url":"https:\/\/ismaelcolosi.com.br\/index.php\/2024\/08\/21\/salarios-de-ate-r-8-800-itau-ambev-kraft-heinz-loreal-selecionam-trainees-veja-vagas\/","url_meta":{"origin":58768,"position":2},"title":"Sal\u00e1rios de at\u00e9 R$ 8.800: Ita\u00fa, Ambev, Kraft Heinz, L\u00b4Or\u00e9al selecionam trainees; veja vagas","author":"ismaelcolosi.com.br","date":"21 de August de 2024","format":false,"excerpt":"Da reda\u00e7\u00e3oi Da reda\u00e7\u00e3o 21\/08\/2024 - 6:30 Um caminho para entrar bem no mercado de trabalho fazer parte de um programa de trainee de uma grande empresa. Os cargos de trainee \u2013 palavra importada da l\u00edngua inglesa \u2013 s\u00e3o para jovens profissionais, rec\u00e9m-sa\u00eddos da gradua\u00e7\u00e3o, que j\u00e1 possuem alguma experi\u00eancia\u2026","rel":"","context":"In &quot;Empregos - Classificados&quot;","block_context":{"text":"Empregos - Classificados","link":"https:\/\/ismaelcolosi.com.br\/index.php\/category\/empregos-classificados-vagas-trabalho\/"},"img":{"alt_text":"","src":"https:\/\/i0.wp.com\/ismaelcolosi.com.br\/wp-content\/uploads\/2024\/08\/pexels-fauxels-3184295.jpg?fit=1200%2C800&ssl=1&resize=350%2C200","width":350,"height":200,"srcset":"https:\/\/i0.wp.com\/ismaelcolosi.com.br\/wp-content\/uploads\/2024\/08\/pexels-fauxels-3184295.jpg?fit=1200%2C800&ssl=1&resize=350%2C200 1x, https:\/\/i0.wp.com\/ismaelcolosi.com.br\/wp-content\/uploads\/2024\/08\/pexels-fauxels-3184295.jpg?fit=1200%2C800&ssl=1&resize=525%2C300 1.5x, https:\/\/i0.wp.com\/ismaelcolosi.com.br\/wp-content\/uploads\/2024\/08\/pexels-fauxels-3184295.jpg?fit=1200%2C800&ssl=1&resize=700%2C400 2x, https:\/\/i0.wp.com\/ismaelcolosi.com.br\/wp-content\/uploads\/2024\/08\/pexels-fauxels-3184295.jpg?fit=1200%2C800&ssl=1&resize=1050%2C600 3x"},"classes":[]},{"id":85564,"url":"https:\/\/ismaelcolosi.com.br\/index.php\/2025\/05\/22\/heineken-inclui-brasil-em-seu-novo-programa-de-trainee-e-oferece-salario-de-r-8-500-2\/","url_meta":{"origin":58768,"position":3},"title":"Heineken inclui Brasil em seu novo programa de trainee e oferece salario de R$ 8.500","author":"ismaelcolosi.com.br","date":"22 de May de 2025","format":false,"excerpt":"A Heineken abre nesta semana a nova edi\u00e7\u00e3o de seu programa de Trainee Global Graduate Program. O programa chega pela primeira vez no Brasil e oferece sal\u00e1rio de R$ 8.500 mais benef\u00edcios e a oportunidade de trabalhar em um escrit\u00f3rio fora do Brasil da marca por seis meses. A empresa\u2026","rel":"","context":"In &quot;Empregos - Classificados&quot;","block_context":{"text":"Empregos - Classificados","link":"https:\/\/ismaelcolosi.com.br\/index.php\/category\/empregos-classificados-vagas-trabalho\/"},"img":{"alt_text":"","src":"","width":0,"height":0},"classes":[]},{"id":64032,"url":"https:\/\/ismaelcolosi.com.br\/index.php\/2024\/09\/05\/programa-de-trainee-e-estagio-da-ambev-tem-inscricoes-abertas-ate-esta-quinta-salario-chega-a-r-85-mil\/","url_meta":{"origin":58768,"position":4},"title":"Programa de trainee e est\u00e1gio da Ambev tem inscri\u00e7\u00f5es abertas at\u00e9 esta quinta; sal\u00e1rio chega a R$ 8,5 mil","author":"ismaelcolosi.com.br","date":"5 de September de 2024","format":false,"excerpt":"Da reda\u00e7\u00e3oi Da reda\u00e7\u00e3o 05\/09\/2024 - 9:42 Esta quinta-feira, 5, \u00e9 o \u00faltimo dia de inscri\u00e7\u00f5es para o programa de est\u00e1gio e trainee da Ambev. Os sal\u00e1rios chegam at\u00e9 R$ 8,5 mil mensais.TraineePara as oportunidades de trainee, o candidato pode escolher a \u00e1rea de maior interesse: Business ou Supply Chain.O\u2026","rel":"","context":"In &quot;Empregos - Classificados&quot;","block_context":{"text":"Empregos - Classificados","link":"https:\/\/ismaelcolosi.com.br\/index.php\/category\/empregos-classificados-vagas-trabalho\/"},"img":{"alt_text":"","src":"https:\/\/i0.wp.com\/ismaelcolosi.com.br\/wp-content\/uploads\/2024\/09\/tagreuterscom2021binary-lynxmpeh6s15n-baseimage.jpg?fit=800%2C470&ssl=1&resize=350%2C200","width":350,"height":200,"srcset":"https:\/\/i0.wp.com\/ismaelcolosi.com.br\/wp-content\/uploads\/2024\/09\/tagreuterscom2021binary-lynxmpeh6s15n-baseimage.jpg?fit=800%2C470&ssl=1&resize=350%2C200 1x, https:\/\/i0.wp.com\/ismaelcolosi.com.br\/wp-content\/uploads\/2024\/09\/tagreuterscom2021binary-lynxmpeh6s15n-baseimage.jpg?fit=800%2C470&ssl=1&resize=525%2C300 1.5x, https:\/\/i0.wp.com\/ismaelcolosi.com.br\/wp-content\/uploads\/2024\/09\/tagreuterscom2021binary-lynxmpeh6s15n-baseimage.jpg?fit=800%2C470&ssl=1&resize=700%2C400 2x"},"classes":[]},{"id":87133,"url":"https:\/\/ismaelcolosi.com.br\/index.php\/2025\/08\/20\/ambev-abre-inscricoes-para-programa-de-trainee-com-salario-de-ate-r-9-mil\/","url_meta":{"origin":58768,"position":5},"title":"Ambev abre inscri\u00e7\u00f5es para programa de trainee com sal\u00e1rio de at\u00e9 R$ 9 mil","author":"ismaelcolosi.com.br","date":"20 de August de 2025","format":false,"excerpt":"Da reda\u00e7\u00e3oi Da reda\u00e7\u00e3o 19\/08\/2025 - 12:05 A Ambev anunciou a abertura das inscri\u00e7\u00f5es para seus programas de est\u00e1gio e trainee. O prazo se cadastrar e concorrer as mais de 200 vagas disponibilizadas vai at\u00e9 o dia 8 de setembro.Para o trainee, a sele\u00e7\u00e3o \u00e9 aberta a pessoas de todos\u2026","rel":"","context":"In &quot;Empregos - Classificados&quot;","block_context":{"text":"Empregos - Classificados","link":"https:\/\/ismaelcolosi.com.br\/index.php\/category\/empregos-classificados-vagas-trabalho\/"},"img":{"alt_text":"","src":"https:\/\/i0.wp.com\/ismaelcolosi.com.br\/wp-content\/uploads\/2025\/08\/unnamed-1.jpg?fit=827%2C551&ssl=1&resize=350%2C200","width":350,"height":200,"srcset":"https:\/\/i0.wp.com\/ismaelcolosi.com.br\/wp-content\/uploads\/2025\/08\/unnamed-1.jpg?fit=827%2C551&ssl=1&resize=350%2C200 1x, https:\/\/i0.wp.com\/ismaelcolosi.com.br\/wp-content\/uploads\/2025\/08\/unnamed-1.jpg?fit=827%2C551&ssl=1&resize=525%2C300 1.5x, https:\/\/i0.wp.com\/ismaelcolosi.com.br\/wp-content\/uploads\/2025\/08\/unnamed-1.jpg?fit=827%2C551&ssl=1&resize=700%2C400 2x"},"classes":[]}],"jetpack_sharing_enabled":true,"jetpack_shortlink":"https:\/\/wp.me\/pfMlyK-fhS","_links":{"self":[{"href":"https:\/\/ismaelcolosi.com.br\/index.php\/wp-json\/wp\/v2\/posts\/58768","targetHints":{"allow":["GET"]}}],"collection":[{"href":"https:\/\/ismaelcolosi.com.br\/index.php\/wp-json\/wp\/v2\/posts"}],"about":[{"href":"https:\/\/ismaelcolosi.com.br\/index.php\/wp-json\/wp\/v2\/types\/post"}],"author":[{"embeddable":true,"href":"https:\/\/ismaelcolosi.com.br\/index.php\/wp-json\/wp\/v2\/users\/1"}],"replies":[{"embeddable":true,"href":"https:\/\/ismaelcolosi.com.br\/index.php\/wp-json\/wp\/v2\/comments?post=58768"}],"version-history":[{"count":0,"href":"https:\/\/ismaelcolosi.com.br\/index.php\/wp-json\/wp\/v2\/posts\/58768\/revisions"}],"wp:featuredmedia":[{"embeddable":true,"href":"https:\/\/ismaelcolosi.com.br\/index.php\/wp-json\/wp\/v2\/media\/58769"}],"wp:attachment":[{"href":"https:\/\/ismaelcolosi.com.br\/index.php\/wp-json\/wp\/v2\/media?parent=58768"}],"wp:term":[{"taxonomy":"category","embeddable":true,"href":"https:\/\/ismaelcolosi.com.br\/index.php\/wp-json\/wp\/v2\/categories?post=58768"},{"taxonomy":"post_tag","embeddable":true,"href":"https:\/\/ismaelcolosi.com.br\/index.php\/wp-json\/wp\/v2\/tags?post=58768"}],"curies":[{"name":"wp","href":"https:\/\/api.w.org\/{rel}","templated":true}]}}