{"id":58743,"date":"2024-08-02T10:24:32","date_gmt":"2024-08-02T13:24:32","guid":{"rendered":"https:\/\/ismaelcolosi.com.br\/index.php\/2024\/08\/02\/mv-bill-candlelight-e-dori-caymmi-confira-o-que-fazer-no-fim-de-semana-em-ribeirao-preto\/"},"modified":"2024-08-02T10:24:32","modified_gmt":"2024-08-02T13:24:32","slug":"mv-bill-candlelight-e-dori-caymmi-confira-o-que-fazer-no-fim-de-semana-em-ribeirao-preto","status":"publish","type":"post","link":"https:\/\/ismaelcolosi.com.br\/index.php\/2024\/08\/02\/mv-bill-candlelight-e-dori-caymmi-confira-o-que-fazer-no-fim-de-semana-em-ribeirao-preto\/","title":{"rendered":"MV Bill, \u2018Candlelight\u2019 e Dori Caymmi: Confira o que fazer no fim de semana em Ribeir\u00e3o Preto"},"content":{"rendered":"<p> <br \/>\n<\/p>\n<div>\n<p><strong>Sextou!<\/strong> O primeiro fim de semana de agosto come\u00e7ou e <strong>Ribeir\u00e3o Preto<\/strong> conta com diversas atividades culturais para quem n\u00e3o gosta de ficar parado. Entre as op\u00e7\u00f5es est\u00e3o a programa\u00e7\u00e3o da <strong>23\u00aa Feira Internacional do Livro de Ribeir\u00e3o Preto<\/strong>, shows e circo digital. <mark style=\"background-color:#fcb900\" class=\"has-inline-color has-black-color\">Confira o que fazer neste fim de semana:<\/mark><\/p>\n<h4 class=\"wp-block-heading\"><strong>MV Bill na 23\u00aa Feira Internacional do Livro<\/strong><\/h4>\n<p>O <em>rapper<\/em> e escritor <strong>MV Bill<\/strong> integra a programa\u00e7\u00e3o da <strong>Feira Internacional do Livro de Ribeir\u00e3o Preto<\/strong>. Ao lado de <strong>Carlos de Assump\u00e7\u00e3o<\/strong>, escritor homenageado desta edi\u00e7\u00e3o, eles ir\u00e3o participar do \u201c<strong>Recital, RAP e Tal<\/strong>\u201d, nesta <strong>sexta-feira (2)<\/strong>, \u00e0s <strong>20h30<\/strong>, na <strong>Sala Principal <\/strong>do <strong>Theatro Pedro II<\/strong>. A <strong>entrada \u00e9 gratuita<\/strong>.<\/p>\n<h4 class=\"wp-block-heading\"><strong>Candlelight: Queen X ABBA<\/strong><\/h4>\n<p>O concerto <strong>Candlelight<\/strong> traz shows musicais ao vivo e uma atmosfera iluminada por um mar de velas. O show apresentado pelo <strong>Quarteto de Cordas \u2013 Monte Cristo<\/strong> traz um repert\u00f3rio dos cl\u00e1ssicos das bandas <strong>Queen<\/strong> e <strong>ABBA<\/strong>.<\/p>\n<p>O concerto acontece nesta <strong>sexta-feira (2)<\/strong>, \u00e0s <strong>19h<\/strong>, no <strong>Teatro Minaz<\/strong> e os ingressos podem ser adquiridos a partir de <strong>R$ 70 (meia-entrada)<\/strong>, no site (<a href=\"https:\/\/feverup.com\/m\/182296\" target=\"_blank\" rel=\"noreferrer noopener\">clique aqui<\/a>).<\/p>\n<h4 class=\"wp-block-heading\"><strong>Dori Caymmi na<\/strong><strong> 23\u00aa Feira Internacional do Livro<\/strong><strong\/><\/h4>\n<p>No <strong>domingo (4)<\/strong>, acontece a apresenta\u00e7\u00e3o <strong>gratuita<\/strong> do cantor <strong>Dori Caymmi<\/strong>, a partir das <strong>20h<\/strong>, no <strong>Theatro Pedro II<\/strong>. O compositor apresentar\u00e1 suas can\u00e7\u00f5es de destaque como \u201c<strong>Alegre Menina<\/strong>\u201d, \u201c<strong>Porto<\/strong>\u201d, \u201c<strong>Ninho de Vespa<\/strong>\u201d e \u201c<strong>Desenredo<\/strong>\u201d. Apesar da entrada ser gratuita, \u00e9 necess\u00e1rio <strong>retirar os ingressos<\/strong> com <strong>uma hora<\/strong> de anteced\u00eancia.<\/p>\n<h4 class=\"wp-block-heading\"><strong>Fernanda Marx \u2013 Brasilidades Pocket<\/strong><\/h4>\n<p>A cantora <strong>Fernanda Marx<\/strong> apresenta seu show \u201c<strong>Brasilidade Pocket<\/strong>\u201d neste <strong>s\u00e1bado (3)<\/strong>, \u00e0s<strong> 13h<\/strong>, no <strong>Centro Cultural Palace<\/strong>. A apresenta\u00e7\u00e3o celebra a diversidade cultural do<strong> Brasil <\/strong>com samba, xote e soul. A <strong>entrada \u00e9 gratuita<\/strong>.<\/p>\n<h4 class=\"wp-block-heading\"><strong>O Rastro do Meu Passo<\/strong><\/h4>\n<p>Uma boa op\u00e7\u00e3o do que fazer neste fim de semana em <strong>Ribeir\u00e3o Preto<\/strong> \u00e9 a pe\u00e7a de teatro sobre sustentabilidade \u201c<strong>O Rastro do Meu Passo<\/strong>\u201d. A apresenta\u00e7\u00e3o integra a programa\u00e7\u00e3o da <strong>23\u00aa FIL<\/strong> e acontece neste <strong>domingo (4)<\/strong>, \u00e0s <strong>10h<\/strong>, no espa\u00e7o <strong>Ambient de Leitura<\/strong>, na <strong>Esplanada do Theatro Pedro II<\/strong>. A <strong>entrada \u00e9 gratuita<\/strong>.<\/p>\n<h4 class=\"wp-block-heading\"><strong>O Incr\u00edvel Circo Digital<\/strong><\/h4>\n<p>A pe\u00e7a conta a hist\u00f3ria de uma garota que ap\u00f3s colocar um \u00f3culos de realidade virtual entra no \u201c<strong>Incr\u00edvel Circo Digital<\/strong>\u201d, onde se transforma em um bobo da corte e ganha um novo nome. Apesar de divertido, o circo guarda diversos mist\u00e9rios.<\/p>\n<p>A apresenta\u00e7\u00e3o acontece no <strong>Teatro Municipal de Arena<\/strong>, neste <strong>s\u00e1bado (3)<\/strong>, \u00e0s <strong>16h<\/strong>. A classifica\u00e7\u00e3o indicativa \u00e9 livre e os ingressos podem ser adquiridos <strong>on-line<\/strong> (<a href=\"https:\/\/www.megabilheteria.com\/evento?id=20240706115901\" target=\"_blank\" rel=\"noreferrer noopener\">clique aqui<\/a>) e custam a partir de <strong>R$ 35 <\/strong>(meia-entrada).<\/p>\n<h4 class=\"wp-block-heading\"><strong>Berimbau Mandou Chamar<\/strong><\/h4>\n<p>O espet\u00e1culo \u201c<strong>Berimbau Mandou Chamar<\/strong>\u201d acontece neste <strong>s\u00e1bado (3)<\/strong>, no <strong>Teatro de Arena \u201cJaime Zeiger\u201d<\/strong>, e comemora o <strong>Dia do Capoeirista<\/strong>. V\u00e3o acontecer apresenta\u00e7\u00f5es de <strong>Capoeira<\/strong> e <strong>Samba de Roda<\/strong> e ocupa\u00e7\u00e3o do espa\u00e7o por organiza\u00e7\u00f5es e mestres de capoeiras. As performances acontecem das <strong>8h30 \u00e0s 13h<\/strong> e tem <strong>entrada gratuita<\/strong>.<\/p>\n<h4 class=\"wp-block-heading\"><strong>M\u00e1quinas do Mundo <\/strong><\/h4>\n<p>\u201c<strong>M\u00e1quinas do Mundo<\/strong>\u201d \u00e9 uma obra <strong>h\u00edbrida<\/strong> composta por diversas linguagens, que re\u00fane narrativa, artes visuais, a\u00e7\u00e3o c\u00eanica ao vivo e instala\u00e7\u00e3o em movimento, o projeto \u00e9 idealizado por <strong>Laura Vinci<\/strong> e desenvolvido coletivamente por artistas de diferentes voca\u00e7\u00f5es.<\/p>\n<p>Al\u00e9m da performance na <strong>sexta-feira (2)<\/strong>, \u00e0s <strong>20h<\/strong>, ocorre visita\u00e7\u00e3o da instala\u00e7\u00e3o no <strong>s\u00e1bado (3)<\/strong>, das <strong>14h \u00e0s 19h<\/strong>. \u00c0s <strong>20h<\/strong>, outra <strong>apresenta\u00e7\u00e3o<\/strong> seguida de <strong>bate-papo com o p\u00fablico<\/strong> e das<strong> 14h \u00e0s 18h<\/strong> ocorre a <strong>oficina de <em>Viewpoints<\/em><\/strong> \u2013 uma pr\u00e1tica teatral. J\u00e1 no <strong>domingo (4)<\/strong>, a visita funcionar\u00e1 das <strong>14h \u00e0s 17h<\/strong>. \u00c0s <strong>16h<\/strong>, ter\u00e1 <strong>visita guiada<\/strong> e <strong>t\u00e1til<\/strong> e, \u00e0s <strong>18h,<\/strong> a <strong>apresenta\u00e7\u00e3o<\/strong> da performance.<\/p>\n<p>As apresenta\u00e7\u00f5es e instala\u00e7\u00e3o est\u00e3o no <strong>Instituto Figueiredo Ferraz<\/strong>, na <strong>zona Sul<\/strong> da cidade. J\u00e1 a oficina acontece na <strong>Escola de Artes Integradas<\/strong>. Todas as atividades s\u00e3o <strong>gratuitas<\/strong>.<\/p>\n<h4 class=\"wp-block-heading\"><strong>Francisco, El Hombre na 23\u00aa Feira Internacional do Livro de Ribeir\u00e3o Preto<\/strong><\/h4>\n<p>O show \u201c<strong>Francisco, El Hombre toca Novos Baianos<\/strong>\u201d \u00e9 promovido pelo <strong>Sesc<\/strong> e acontece no <strong>s\u00e1bado (3)<\/strong>, \u00e0s <strong>20h<\/strong>, na <strong>Sala Principal<\/strong> do <strong>Theatro Pedro II<\/strong>. A banda homenageia a \u201c<strong>Acabou Chorare<\/strong>\u201d, cl\u00e1ssico \u00e1lbum do grupo <strong>Novos Baianos<\/strong>, com releituras que mesclam<em> rock<\/em> psicod\u00e9lico e ritmos latinos.<\/p>\n<p>A entrada \u00e9 <strong>gratuita<\/strong>, por\u00e9m os ingressos devem ser retirados <strong>1h<\/strong> <strong>antes do in\u00edcio<\/strong> do espet\u00e1culo.<\/p>\n<h4 class=\"wp-block-heading\"><strong>Choro na Esquina<\/strong><\/h4>\n<p>Essa edi\u00e7\u00e3o de <strong>Choro na Esquina<\/strong> homenageia as obras de <strong>Pixinguinha<\/strong> e destacam os integrantes do grupo <strong>Choro da Casa<\/strong>: <strong>Samuel Hoscher<\/strong> na flauta e clarinete e <strong>Lu\u00eds Renato Gon\u00e7alves<\/strong> no saxofone tenor. A apresenta\u00e7\u00e3o acontece \u00e0s <strong>9h30<\/strong>, neste <strong>domingo (4)<\/strong>, no <strong>hall do Teatro Minaz<\/strong>. A <strong>entrada \u00e9 gratuita<\/strong>.<\/p>\n<p>SAIBA MAIS<br \/>Ciclista fica gravemente ferido ap\u00f3s ser atropelado por carro em Ribeir\u00e3o Preto<\/p>\n<h4 class=\"wp-block-heading\"><strong>FIQUE ON<\/strong><\/h4>\n<p>Fique ligado em tudo que acontece em Ribeir\u00e3o Preto e regi\u00e3o. Siga os perfis do <strong>acidade on <\/strong>no <a href=\"https:\/\/www.instagram.com\/acidadeonribeirao\" target=\"_blank\" rel=\"noreferrer noopener\">Instagram<\/a> e no <a href=\"https:\/\/www.facebook.com\/acidadeonribeirao\" target=\"_blank\" rel=\"noreferrer noopener\">Facebook<\/a>.<\/p>\n<p>Receba not\u00edcias do acidade on no WhatsApp. Para entrar no grupo, basta <a href=\"https:\/\/chat.whatsapp.com\/Dtv9mxhy6V5BJBotM2OQ5k\" target=\"_blank\" rel=\"noreferrer noopener\">clicar aqui<\/a>.<\/p>\n<p>Fa\u00e7a uma den\u00fancia ou sugira uma reportagem sobre Ribeir\u00e3o Preto e regi\u00e3o pelo WhatsApp: 16 99117 7802.<\/p>\n<p>VEJA TAMB\u00c9M<br \/>Quem \u00e9 Almir Sater em \u2018Renascer\u2019?<\/p>\n<p><!-- CONTENT END 1 -->\n<\/div>\n<p><script async src=\"\/\/www.instagram.com\/embed.js\"><\/script><br \/>\n<br \/><br \/>\n<br \/><a href=\"https:\/\/www.acidadeon.com\/ribeiraopreto\/lazer-e-cultura\/mv-bill-candlelight-e-dori-caymmi-confira-o-que-fazer-no-fim-de-semana-em-ribeirao-preto\/\">Source link <\/a><\/p>\n","protected":false},"excerpt":{"rendered":"<p>Sextou! O primeiro fim de semana de agosto come\u00e7ou e Ribeir\u00e3o Preto conta com diversas atividades culturais para quem n\u00e3o gosta de ficar parado. Entre&#8230;<\/p>\n","protected":false},"author":1,"featured_media":58744,"comment_status":"open","ping_status":"open","sticky":false,"template":"","format":"standard","meta":{"_uag_custom_page_level_css":"","advanced_seo_description":"","jetpack_seo_html_title":"","jetpack_seo_noindex":false,"jetpack_post_was_ever_published":false,"_jetpack_newsletter_access":"","_jetpack_dont_email_post_to_subs":false,"_jetpack_newsletter_tier_id":0,"_jetpack_memberships_contains_paywalled_content":false,"_jetpack_memberships_contains_paid_content":false,"footnotes":"","jetpack_publicize_message":"","jetpack_publicize_feature_enabled":true,"jetpack_social_post_already_shared":true,"jetpack_social_options":{"image_generator_settings":{"template":"highway","default_image_id":0,"font":"","enabled":false},"version":2}},"categories":[11],"tags":[],"class_list":["post-58743","post","type-post","status-publish","format-standard","has-post-thumbnail","hentry","category-noticias-de-ribeirao-preto-sp-e-regiao-ismael-colosi"],"jetpack_publicize_connections":[],"jetpack_featured_media_url":"https:\/\/i0.wp.com\/ismaelcolosi.com.br\/wp-content\/uploads\/2024\/08\/Copia-de-Copia-de-TAMANHO-EXATO-PARA-FOTOS-NO-SISTEMA-NOVO-24_2024-08-02_12-31-16_jpg_2024-08-02_12-31-16.webp.webp?fit=1200%2C675&ssl=1","uagb_featured_image_src":{"full":["https:\/\/i0.wp.com\/ismaelcolosi.com.br\/wp-content\/uploads\/2024\/08\/Copia-de-Copia-de-TAMANHO-EXATO-PARA-FOTOS-NO-SISTEMA-NOVO-24_2024-08-02_12-31-16_jpg_2024-08-02_12-31-16.webp.webp?fit=1200%2C675&ssl=1",1200,675,false],"thumbnail":["https:\/\/i0.wp.com\/ismaelcolosi.com.br\/wp-content\/uploads\/2024\/08\/Copia-de-Copia-de-TAMANHO-EXATO-PARA-FOTOS-NO-SISTEMA-NOVO-24_2024-08-02_12-31-16_jpg_2024-08-02_12-31-16.webp.webp?resize=150%2C150&ssl=1",150,150,true],"medium":["https:\/\/i0.wp.com\/ismaelcolosi.com.br\/wp-content\/uploads\/2024\/08\/Copia-de-Copia-de-TAMANHO-EXATO-PARA-FOTOS-NO-SISTEMA-NOVO-24_2024-08-02_12-31-16_jpg_2024-08-02_12-31-16.webp.webp?fit=300%2C169&ssl=1",300,169,true],"medium_large":["https:\/\/i0.wp.com\/ismaelcolosi.com.br\/wp-content\/uploads\/2024\/08\/Copia-de-Copia-de-TAMANHO-EXATO-PARA-FOTOS-NO-SISTEMA-NOVO-24_2024-08-02_12-31-16_jpg_2024-08-02_12-31-16.webp.webp?fit=768%2C432&ssl=1",768,432,true],"large":["https:\/\/i0.wp.com\/ismaelcolosi.com.br\/wp-content\/uploads\/2024\/08\/Copia-de-Copia-de-TAMANHO-EXATO-PARA-FOTOS-NO-SISTEMA-NOVO-24_2024-08-02_12-31-16_jpg_2024-08-02_12-31-16.webp.webp?fit=1024%2C576&ssl=1",1024,576,true],"1536x1536":["https:\/\/i0.wp.com\/ismaelcolosi.com.br\/wp-content\/uploads\/2024\/08\/Copia-de-Copia-de-TAMANHO-EXATO-PARA-FOTOS-NO-SISTEMA-NOVO-24_2024-08-02_12-31-16_jpg_2024-08-02_12-31-16.webp.webp?fit=1200%2C675&ssl=1",1200,675,true],"2048x2048":["https:\/\/i0.wp.com\/ismaelcolosi.com.br\/wp-content\/uploads\/2024\/08\/Copia-de-Copia-de-TAMANHO-EXATO-PARA-FOTOS-NO-SISTEMA-NOVO-24_2024-08-02_12-31-16_jpg_2024-08-02_12-31-16.webp.webp?fit=1200%2C675&ssl=1",1200,675,true],"really-simple-thumb":["https:\/\/i0.wp.com\/ismaelcolosi.com.br\/wp-content\/uploads\/2024\/08\/Copia-de-Copia-de-TAMANHO-EXATO-PARA-FOTOS-NO-SISTEMA-NOVO-24_2024-08-02_12-31-16_jpg_2024-08-02_12-31-16.webp.webp?resize=370%2C247&ssl=1",370,247,true]},"uagb_author_info":{"display_name":"ismaelcolosi.com.br","author_link":"https:\/\/ismaelcolosi.com.br\/index.php\/author\/vidareal-online\/"},"uagb_comment_info":0,"uagb_excerpt":"Sextou! O primeiro fim de semana de agosto come\u00e7ou e Ribeir\u00e3o Preto conta com diversas atividades culturais para quem n\u00e3o gosta de ficar parado. Entre...","jetpack-related-posts":[{"id":58717,"url":"https:\/\/ismaelcolosi.com.br\/index.php\/2024\/08\/02\/veja-a-programacao-desta-sexta-feira-na-feira-do-livro-de-ribeirao-preto\/","url_meta":{"origin":58743,"position":0},"title":"Veja a programa\u00e7\u00e3o desta sexta-feira na Feira do Livro de Ribeir\u00e3o Preto","author":"ismaelcolosi.com.br","date":"2 de August de 2024","format":false,"excerpt":"Esta sexta-feira (2), \u00e9 o segundo dia da\u00a023\u00aa Feira Internacional do Livro de Ribeir\u00e3o Preto, que segue at\u00e9 o dia 11 de agosto. A programa\u00e7\u00e3o oferece mais de\u00a0400 atividades gratuitas\u00a0no Centro de Ribeir\u00e3o Preto. \u00a0 O tema central da Feira este ano \u00e9: \u201cCotidianos po\u00e9ticos: Do \u00e9pico de Cam\u00f5es \u00e0s\u2026","rel":"","context":"In &quot;Not\u00edcias de Ribeir\u00e3o Preto-SP e Regi\u00e3o&quot;","block_context":{"text":"Not\u00edcias de Ribeir\u00e3o Preto-SP e Regi\u00e3o","link":"https:\/\/ismaelcolosi.com.br\/index.php\/category\/noticias-de-ribeirao-preto-sp-e-regiao-ismael-colosi\/"},"img":{"alt_text":"","src":"https:\/\/i0.wp.com\/ismaelcolosi.com.br\/wp-content\/uploads\/2024\/08\/sesc-na-FIL_2024-08-01_14-36-39_jpeg_2024-08-01_14-36-39.webp.webp?fit=1200%2C800&ssl=1&resize=350%2C200","width":350,"height":200,"srcset":"https:\/\/i0.wp.com\/ismaelcolosi.com.br\/wp-content\/uploads\/2024\/08\/sesc-na-FIL_2024-08-01_14-36-39_jpeg_2024-08-01_14-36-39.webp.webp?fit=1200%2C800&ssl=1&resize=350%2C200 1x, https:\/\/i0.wp.com\/ismaelcolosi.com.br\/wp-content\/uploads\/2024\/08\/sesc-na-FIL_2024-08-01_14-36-39_jpeg_2024-08-01_14-36-39.webp.webp?fit=1200%2C800&ssl=1&resize=525%2C300 1.5x, https:\/\/i0.wp.com\/ismaelcolosi.com.br\/wp-content\/uploads\/2024\/08\/sesc-na-FIL_2024-08-01_14-36-39_jpeg_2024-08-01_14-36-39.webp.webp?fit=1200%2C800&ssl=1&resize=700%2C400 2x, https:\/\/i0.wp.com\/ismaelcolosi.com.br\/wp-content\/uploads\/2024\/08\/sesc-na-FIL_2024-08-01_14-36-39_jpeg_2024-08-01_14-36-39.webp.webp?fit=1200%2C800&ssl=1&resize=1050%2C600 3x"},"classes":[]},{"id":55794,"url":"https:\/\/ismaelcolosi.com.br\/index.php\/2024\/07\/05\/confira-a-programacao-da-feira-internacional-do-livro-de-ribeirao-preto-2024\/","url_meta":{"origin":58743,"position":1},"title":"Confira a programa\u00e7\u00e3o da Feira Internacional do Livro de Ribeir\u00e3o Preto 2024","author":"ismaelcolosi.com.br","date":"5 de July de 2024","format":false,"excerpt":"A 23\u00aa edi\u00e7\u00e3o da FIL (Feira Internacional do Livro de Ribeir\u00e3o Preto) come\u00e7a no pr\u00f3ximo dia 1\u00ba de agosto. O tema central deste ano \u00e9: \u201cCotidianos po\u00e9ticos: Do \u00e9pico de Cam\u00f5es \u00e0s batalhas de rua\u201d. A programa\u00e7\u00e3o completa da feira foi divulgada nesta sexta-feira (5). Nesta edi\u00e7\u00e3o, cinco autores s\u00e3o\u2026","rel":"","context":"In &quot;Not\u00edcias de Ribeir\u00e3o Preto-SP e Regi\u00e3o&quot;","block_context":{"text":"Not\u00edcias de Ribeir\u00e3o Preto-SP e Regi\u00e3o","link":"https:\/\/ismaelcolosi.com.br\/index.php\/category\/noticias-de-ribeirao-preto-sp-e-regiao-ismael-colosi\/"},"img":{"alt_text":"","src":"https:\/\/i0.wp.com\/ismaelcolosi.com.br\/wp-content\/uploads\/2024\/07\/WhatsApp-Image-2024-07-05-at-11.23.19_2024-07-05_15-02-58_jpeg_2024-07-05_15-02-58.webp.webp?fit=1200%2C675&ssl=1&resize=350%2C200","width":350,"height":200,"srcset":"https:\/\/i0.wp.com\/ismaelcolosi.com.br\/wp-content\/uploads\/2024\/07\/WhatsApp-Image-2024-07-05-at-11.23.19_2024-07-05_15-02-58_jpeg_2024-07-05_15-02-58.webp.webp?fit=1200%2C675&ssl=1&resize=350%2C200 1x, https:\/\/i0.wp.com\/ismaelcolosi.com.br\/wp-content\/uploads\/2024\/07\/WhatsApp-Image-2024-07-05-at-11.23.19_2024-07-05_15-02-58_jpeg_2024-07-05_15-02-58.webp.webp?fit=1200%2C675&ssl=1&resize=525%2C300 1.5x, https:\/\/i0.wp.com\/ismaelcolosi.com.br\/wp-content\/uploads\/2024\/07\/WhatsApp-Image-2024-07-05-at-11.23.19_2024-07-05_15-02-58_jpeg_2024-07-05_15-02-58.webp.webp?fit=1200%2C675&ssl=1&resize=700%2C400 2x, https:\/\/i0.wp.com\/ismaelcolosi.com.br\/wp-content\/uploads\/2024\/07\/WhatsApp-Image-2024-07-05-at-11.23.19_2024-07-05_15-02-58_jpeg_2024-07-05_15-02-58.webp.webp?fit=1200%2C675&ssl=1&resize=1050%2C600 3x"},"classes":[]},{"id":58894,"url":"https:\/\/ismaelcolosi.com.br\/index.php\/2024\/08\/03\/mv-bill-e-carlos-de-assumpcao-falam-sobre-literatura-racismo-e-rap-na-feira-do-livro-de-ribeirao\/","url_meta":{"origin":58743,"position":2},"title":"MV Bill e Carlos de Assump\u00e7\u00e3o falam sobre literatura, racismo e RAP na Feira do Livro de Ribeir\u00e3o","author":"ismaelcolosi.com.br","date":"3 de August de 2024","format":false,"excerpt":"A 23\u00aa edi\u00e7\u00e3o da Feira Internacional do Livro de Ribeir\u00e3o Preto\u00a0(FIL) recebeu o rapper, escritor, ator e cineasta MV Bill, e o advogado, escritor homenageado e professor Carlos de Assump\u00e7\u00e3o nesta sexta-feira (3), no \u201cRecital, RAP e Tal: A atemporalidade da poesia\u201d. O encontro teve in\u00edcio com a apresenta\u00e7\u00e3o do\u2026","rel":"","context":"In &quot;Not\u00edcias de Ribeir\u00e3o Preto-SP e Regi\u00e3o&quot;","block_context":{"text":"Not\u00edcias de Ribeir\u00e3o Preto-SP e Regi\u00e3o","link":"https:\/\/ismaelcolosi.com.br\/index.php\/category\/noticias-de-ribeirao-preto-sp-e-regiao-ismael-colosi\/"},"img":{"alt_text":"","src":"https:\/\/i0.wp.com\/ismaelcolosi.com.br\/wp-content\/uploads\/2024\/08\/Copia-de-Copia-de-TAMANHO-EXATO-PARA-FOTOS-NO-SISTEMA-NOVO-26_2024-08-03_15-22-01_jpg_2024-08-03_15-22-01.webp.webp?fit=1200%2C675&ssl=1&resize=350%2C200","width":350,"height":200,"srcset":"https:\/\/i0.wp.com\/ismaelcolosi.com.br\/wp-content\/uploads\/2024\/08\/Copia-de-Copia-de-TAMANHO-EXATO-PARA-FOTOS-NO-SISTEMA-NOVO-26_2024-08-03_15-22-01_jpg_2024-08-03_15-22-01.webp.webp?fit=1200%2C675&ssl=1&resize=350%2C200 1x, https:\/\/i0.wp.com\/ismaelcolosi.com.br\/wp-content\/uploads\/2024\/08\/Copia-de-Copia-de-TAMANHO-EXATO-PARA-FOTOS-NO-SISTEMA-NOVO-26_2024-08-03_15-22-01_jpg_2024-08-03_15-22-01.webp.webp?fit=1200%2C675&ssl=1&resize=525%2C300 1.5x, https:\/\/i0.wp.com\/ismaelcolosi.com.br\/wp-content\/uploads\/2024\/08\/Copia-de-Copia-de-TAMANHO-EXATO-PARA-FOTOS-NO-SISTEMA-NOVO-26_2024-08-03_15-22-01_jpg_2024-08-03_15-22-01.webp.webp?fit=1200%2C675&ssl=1&resize=700%2C400 2x, https:\/\/i0.wp.com\/ismaelcolosi.com.br\/wp-content\/uploads\/2024\/08\/Copia-de-Copia-de-TAMANHO-EXATO-PARA-FOTOS-NO-SISTEMA-NOVO-26_2024-08-03_15-22-01_jpg_2024-08-03_15-22-01.webp.webp?fit=1200%2C675&ssl=1&resize=1050%2C600 3x"},"classes":[]},{"id":57545,"url":"https:\/\/ismaelcolosi.com.br\/index.php\/2024\/07\/22\/feira-internacional-do-livro-de-ribeirao-preto-comeca-na-proxima-semana-veja-programacao\/","url_meta":{"origin":58743,"position":3},"title":"Feira Internacional do Livro de Ribeir\u00e3o Preto come\u00e7a na pr\u00f3xima semana; Veja programa\u00e7\u00e3o","author":"ismaelcolosi.com.br","date":"22 de July de 2024","format":false,"excerpt":"Faltando uma semana para a 23\u00aa FIL (Feira Internacional do Livro), que acontece de 1\u00ba a 11 de agosto, a programa\u00e7\u00e3o, deste ano, conta com mais de 400 atividades distribu\u00eddas em 20 locais distintos espalhados por Ribeir\u00e3o Preto. Entre as atra\u00e7\u00f5es da FIL est\u00e3o: sal\u00f5es de ideias confer\u00eancias sess\u00f5es de\u2026","rel":"","context":"In &quot;Not\u00edcias de Ribeir\u00e3o Preto-SP e Regi\u00e3o&quot;","block_context":{"text":"Not\u00edcias de Ribeir\u00e3o Preto-SP e Regi\u00e3o","link":"https:\/\/ismaelcolosi.com.br\/index.php\/category\/noticias-de-ribeirao-preto-sp-e-regiao-ismael-colosi\/"},"img":{"alt_text":"","src":"https:\/\/i0.wp.com\/ismaelcolosi.com.br\/wp-content\/uploads\/2024\/07\/Copia-de-Copia-de-TAMANHO-EXATO-PARA-FOTOS-NO-SISTEMA-NOVO_2024-07-22_19-02-25_png_2024-07-22_19-02-26.webp.webp?fit=1200%2C675&ssl=1&resize=350%2C200","width":350,"height":200,"srcset":"https:\/\/i0.wp.com\/ismaelcolosi.com.br\/wp-content\/uploads\/2024\/07\/Copia-de-Copia-de-TAMANHO-EXATO-PARA-FOTOS-NO-SISTEMA-NOVO_2024-07-22_19-02-25_png_2024-07-22_19-02-26.webp.webp?fit=1200%2C675&ssl=1&resize=350%2C200 1x, https:\/\/i0.wp.com\/ismaelcolosi.com.br\/wp-content\/uploads\/2024\/07\/Copia-de-Copia-de-TAMANHO-EXATO-PARA-FOTOS-NO-SISTEMA-NOVO_2024-07-22_19-02-25_png_2024-07-22_19-02-26.webp.webp?fit=1200%2C675&ssl=1&resize=525%2C300 1.5x, https:\/\/i0.wp.com\/ismaelcolosi.com.br\/wp-content\/uploads\/2024\/07\/Copia-de-Copia-de-TAMANHO-EXATO-PARA-FOTOS-NO-SISTEMA-NOVO_2024-07-22_19-02-25_png_2024-07-22_19-02-26.webp.webp?fit=1200%2C675&ssl=1&resize=700%2C400 2x, https:\/\/i0.wp.com\/ismaelcolosi.com.br\/wp-content\/uploads\/2024\/07\/Copia-de-Copia-de-TAMANHO-EXATO-PARA-FOTOS-NO-SISTEMA-NOVO_2024-07-22_19-02-25_png_2024-07-22_19-02-26.webp.webp?fit=1200%2C675&ssl=1&resize=1050%2C600 3x"},"classes":[]},{"id":59333,"url":"https:\/\/ismaelcolosi.com.br\/index.php\/2024\/08\/07\/clovis-de-barros-filho-participa-de-conferencia-na-23a-feira-do-livro-de-ribeirao-nesta-quinta\/","url_meta":{"origin":58743,"position":4},"title":"Cl\u00f3vis de Barros Filho participa de confer\u00eancia na 23\u00aa Feira do Livro de Ribeir\u00e3o nesta quinta","author":"ismaelcolosi.com.br","date":"7 de August de 2024","format":false,"excerpt":"Natural de Ribeir\u00e3o Preto, o escritor, fil\u00f3sofo, jornalista e advogado, Cl\u00f3vis de Barros Filho, participa da 23\u00aa FIL (Feira Internacional do Livro), nesta quinta-feira (8), \u00e0s 20h30, no Theatro Pedro II. Ao lado do tamb\u00e9m escritor Ilan Brenman, Cl\u00f3vis apresenta a confer\u00eancia \u201cFilosofia ao p\u00e9 do ouvido\u201d que fala sobre\u2026","rel":"","context":"In &quot;Not\u00edcias de Ribeir\u00e3o Preto-SP e Regi\u00e3o&quot;","block_context":{"text":"Not\u00edcias de Ribeir\u00e3o Preto-SP e Regi\u00e3o","link":"https:\/\/ismaelcolosi.com.br\/index.php\/category\/noticias-de-ribeirao-preto-sp-e-regiao-ismael-colosi\/"},"img":{"alt_text":"","src":"https:\/\/i0.wp.com\/ismaelcolosi.com.br\/wp-content\/uploads\/2024\/08\/287f46cb-7546-4514-8eba-19be67961b7e_2024-08-07_20-09-23_jpg_2024-08-07_20-09-24.webp.webp?fit=1200%2C980&ssl=1&resize=350%2C200","width":350,"height":200,"srcset":"https:\/\/i0.wp.com\/ismaelcolosi.com.br\/wp-content\/uploads\/2024\/08\/287f46cb-7546-4514-8eba-19be67961b7e_2024-08-07_20-09-23_jpg_2024-08-07_20-09-24.webp.webp?fit=1200%2C980&ssl=1&resize=350%2C200 1x, https:\/\/i0.wp.com\/ismaelcolosi.com.br\/wp-content\/uploads\/2024\/08\/287f46cb-7546-4514-8eba-19be67961b7e_2024-08-07_20-09-23_jpg_2024-08-07_20-09-24.webp.webp?fit=1200%2C980&ssl=1&resize=525%2C300 1.5x, https:\/\/i0.wp.com\/ismaelcolosi.com.br\/wp-content\/uploads\/2024\/08\/287f46cb-7546-4514-8eba-19be67961b7e_2024-08-07_20-09-23_jpg_2024-08-07_20-09-24.webp.webp?fit=1200%2C980&ssl=1&resize=700%2C400 2x, https:\/\/i0.wp.com\/ismaelcolosi.com.br\/wp-content\/uploads\/2024\/08\/287f46cb-7546-4514-8eba-19be67961b7e_2024-08-07_20-09-23_jpg_2024-08-07_20-09-24.webp.webp?fit=1200%2C980&ssl=1&resize=1050%2C600 3x"},"classes":[]},{"id":58576,"url":"https:\/\/ismaelcolosi.com.br\/index.php\/2024\/08\/01\/veja-a-programacao-do-primeiro-dia-da-feira-do-livro-de-ribeirao-preto\/","url_meta":{"origin":58743,"position":5},"title":"Veja a programa\u00e7\u00e3o do primeiro dia da Feira do Livro de Ribeir\u00e3o Preto","author":"ismaelcolosi.com.br","date":"1 de August de 2024","format":false,"excerpt":"A 23\u00aa edi\u00e7\u00e3o da Feira Internacional do Livro de Ribeir\u00e3o Preto inicia nesta quinta-feira (1\u00ba de agosto) e segue at\u00e9 o dia 11 de agosto, com uma programa\u00e7\u00e3o com mais de 400 atividades gratuitas que acontecem principalmente na Pra\u00e7a XV, Esplanada do Theatro Pedro II e o no Theatro Pedro\u2026","rel":"","context":"In &quot;Not\u00edcias de Ribeir\u00e3o Preto-SP e Regi\u00e3o&quot;","block_context":{"text":"Not\u00edcias de Ribeir\u00e3o Preto-SP e Regi\u00e3o","link":"https:\/\/ismaelcolosi.com.br\/index.php\/category\/noticias-de-ribeirao-preto-sp-e-regiao-ismael-colosi\/"},"img":{"alt_text":"","src":"https:\/\/i0.wp.com\/ismaelcolosi.com.br\/wp-content\/uploads\/2024\/08\/Copia-de-Copia-de-TAMANHO-EXATO-PARA-FOTOS-NO-SISTEMA-NOVO-20_2024-07-31_11-31-49_jpg_2024-07-31_11-31-49.webp.webp?fit=1200%2C675&ssl=1&resize=350%2C200","width":350,"height":200,"srcset":"https:\/\/i0.wp.com\/ismaelcolosi.com.br\/wp-content\/uploads\/2024\/08\/Copia-de-Copia-de-TAMANHO-EXATO-PARA-FOTOS-NO-SISTEMA-NOVO-20_2024-07-31_11-31-49_jpg_2024-07-31_11-31-49.webp.webp?fit=1200%2C675&ssl=1&resize=350%2C200 1x, https:\/\/i0.wp.com\/ismaelcolosi.com.br\/wp-content\/uploads\/2024\/08\/Copia-de-Copia-de-TAMANHO-EXATO-PARA-FOTOS-NO-SISTEMA-NOVO-20_2024-07-31_11-31-49_jpg_2024-07-31_11-31-49.webp.webp?fit=1200%2C675&ssl=1&resize=525%2C300 1.5x, https:\/\/i0.wp.com\/ismaelcolosi.com.br\/wp-content\/uploads\/2024\/08\/Copia-de-Copia-de-TAMANHO-EXATO-PARA-FOTOS-NO-SISTEMA-NOVO-20_2024-07-31_11-31-49_jpg_2024-07-31_11-31-49.webp.webp?fit=1200%2C675&ssl=1&resize=700%2C400 2x, https:\/\/i0.wp.com\/ismaelcolosi.com.br\/wp-content\/uploads\/2024\/08\/Copia-de-Copia-de-TAMANHO-EXATO-PARA-FOTOS-NO-SISTEMA-NOVO-20_2024-07-31_11-31-49_jpg_2024-07-31_11-31-49.webp.webp?fit=1200%2C675&ssl=1&resize=1050%2C600 3x"},"classes":[]}],"jetpack_sharing_enabled":true,"jetpack_shortlink":"https:\/\/wp.me\/pfMlyK-fht","_links":{"self":[{"href":"https:\/\/ismaelcolosi.com.br\/index.php\/wp-json\/wp\/v2\/posts\/58743","targetHints":{"allow":["GET"]}}],"collection":[{"href":"https:\/\/ismaelcolosi.com.br\/index.php\/wp-json\/wp\/v2\/posts"}],"about":[{"href":"https:\/\/ismaelcolosi.com.br\/index.php\/wp-json\/wp\/v2\/types\/post"}],"author":[{"embeddable":true,"href":"https:\/\/ismaelcolosi.com.br\/index.php\/wp-json\/wp\/v2\/users\/1"}],"replies":[{"embeddable":true,"href":"https:\/\/ismaelcolosi.com.br\/index.php\/wp-json\/wp\/v2\/comments?post=58743"}],"version-history":[{"count":0,"href":"https:\/\/ismaelcolosi.com.br\/index.php\/wp-json\/wp\/v2\/posts\/58743\/revisions"}],"wp:featuredmedia":[{"embeddable":true,"href":"https:\/\/ismaelcolosi.com.br\/index.php\/wp-json\/wp\/v2\/media\/58744"}],"wp:attachment":[{"href":"https:\/\/ismaelcolosi.com.br\/index.php\/wp-json\/wp\/v2\/media?parent=58743"}],"wp:term":[{"taxonomy":"category","embeddable":true,"href":"https:\/\/ismaelcolosi.com.br\/index.php\/wp-json\/wp\/v2\/categories?post=58743"},{"taxonomy":"post_tag","embeddable":true,"href":"https:\/\/ismaelcolosi.com.br\/index.php\/wp-json\/wp\/v2\/tags?post=58743"}],"curies":[{"name":"wp","href":"https:\/\/api.w.org\/{rel}","templated":true}]}}