{"id":58733,"date":"2024-08-02T09:35:21","date_gmt":"2024-08-02T12:35:21","guid":{"rendered":"https:\/\/ismaelcolosi.com.br\/index.php\/2024\/08\/02\/edital-previsto-com-quase-900-vagas\/"},"modified":"2024-08-02T09:35:21","modified_gmt":"2024-08-02T12:35:21","slug":"edital-previsto-com-quase-900-vagas","status":"publish","type":"post","link":"https:\/\/ismaelcolosi.com.br\/index.php\/2024\/08\/02\/edital-previsto-com-quase-900-vagas\/","title":{"rendered":"edital previsto com quase 900 vagas"},"content":{"rendered":"<p> <br \/>\n<\/p>\n<div>\n<p>O <strong>concurso SES SE<\/strong> (Secretaria de Estado da Sa\u00fade de Sergipe) est\u00e1 autorizado e prev\u00ea a abertura de 878 vagas imediatas, bem como a forma\u00e7\u00e3o de cadastro reserva. As oportunidades previstas ser\u00e3o destinadas a profissionais com grau de escolaridade m\u00e9dio\/t\u00e9cnico e superior.<\/p>\n<div class=\"concur-prebid-lendo-1\" style=\"text-align: center; \" id=\"concur-573057015\">\n<p>continua depois da publicidade<\/p><div class='code-block code-block-8' style='margin: 8px auto; text-align: center; display: block; clear: both;'>\n<script>\n  atOptions = {\n    'key' : '66e2e2111ca34da796271819fc334058',\n    'format' : 'iframe',\n    'height' : 250,\n    'width' : 300,\n    'params' : {}\n  };\n<\/script>\n<script src=\"https:\/\/www.highperformanceformat.com\/66e2e2111ca34da796271819fc334058\/invoke.js\"><\/script>\n<\/div>\n\n<\/div>\n<p>Com a autoriza\u00e7\u00e3o divulgada pelo Governador do Estado de Sergipe, a expectativa agora \u00e9 para a defini\u00e7\u00e3o da banca organizadora que ser\u00e1 respons\u00e1vel pela sele\u00e7\u00e3o e posterior publica\u00e7\u00e3o de edital normativo.<\/p>\n<blockquote>\n<p>\u201cS\u00e3o quase 900 vagas. Estamos autorizando a opera\u00e7\u00e3o governamental para a realiza\u00e7\u00e3o do concurso p\u00fablico da Sa\u00fade. Estamos trabalhando para melhorar cada vez mais a nossa sa\u00fade. Voc\u00ea que \u00e9 concurseiro e quer entrar na \u00e1rea da Sa\u00fade, sua chance \u00e9 agora\u201d, informou o governador F\u00e1bio Mitidieri.<\/p>\n<\/blockquote>\n<h2>Concurso SES SE: vagas previstas<\/h2>\n<div id=\"attachment_246312\" style=\"width: 1210px\" class=\"wp-caption alignnone\"><img data-recalc-dims=\"1\" loading=\"lazy\" decoding=\"async\" aria-describedby=\"caption-attachment-246312\" class=\"wp-image-246312 size-full perfmatters-lazy\" alt=\"Concurso SES SE previsto, Concurso SES SE, Edital SES SE, sele\u00e7\u00e3o SES SE.\" width=\"1200\" height=\"675\" src=\"https:\/\/i0.wp.com\/concursosnobrasil.com\/wp-content\/uploads\/2024\/08\/concurso-ses-se-previsto.jpg?resize=1200%2C675&#038;ssl=1\" srcset=\"https:\/\/concursosnobrasil.com\/wp-content\/uploads\/2024\/08\/concurso-ses-se-previsto.jpg 1200w, https:\/\/concursosnobrasil.com\/wp-content\/uploads\/2024\/08\/concurso-ses-se-previsto-300x169.jpg 300w, https:\/\/concursosnobrasil.com\/wp-content\/uploads\/2024\/08\/concurso-ses-se-previsto-768x432.jpg 768w, https:\/\/concursosnobrasil.com\/wp-content\/uploads\/2024\/08\/concurso-ses-se-previsto-533x300.jpg 533w, https:\/\/concursosnobrasil.com\/wp-content\/uploads\/2024\/08\/concurso-ses-se-previsto-1066x600.jpg 1066w, https:\/\/concursosnobrasil.com\/wp-content\/uploads\/2024\/08\/concurso-ses-se-previsto-250x140.jpg 250w, https:\/\/concursosnobrasil.com\/wp-content\/uploads\/2024\/08\/concurso-ses-se-previsto-500x280.jpg 500w\" data-sizes=\"(max-width: 1200px) 100vw, 1200px\"\/><img data-recalc-dims=\"1\" loading=\"lazy\" decoding=\"async\" aria-describedby=\"caption-attachment-246312\" class=\"wp-image-246312 size-full\" src=\"https:\/\/i0.wp.com\/concursosnobrasil.com\/wp-content\/uploads\/2024\/08\/concurso-ses-se-previsto.jpg?resize=1200%2C675&#038;ssl=1\" alt=\"Concurso SES SE previsto, Concurso SES SE, Edital SES SE, sele\u00e7\u00e3o SES SE.\" width=\"1200\" height=\"675\" srcset=\"https:\/\/concursosnobrasil.com\/wp-content\/uploads\/2024\/08\/concurso-ses-se-previsto.jpg 1200w, https:\/\/concursosnobrasil.com\/wp-content\/uploads\/2024\/08\/concurso-ses-se-previsto-300x169.jpg 300w, https:\/\/concursosnobrasil.com\/wp-content\/uploads\/2024\/08\/concurso-ses-se-previsto-768x432.jpg 768w, https:\/\/concursosnobrasil.com\/wp-content\/uploads\/2024\/08\/concurso-ses-se-previsto-533x300.jpg 533w, https:\/\/concursosnobrasil.com\/wp-content\/uploads\/2024\/08\/concurso-ses-se-previsto-1066x600.jpg 1066w, https:\/\/concursosnobrasil.com\/wp-content\/uploads\/2024\/08\/concurso-ses-se-previsto-250x140.jpg 250w, https:\/\/concursosnobrasil.com\/wp-content\/uploads\/2024\/08\/concurso-ses-se-previsto-500x280.jpg 500w\" sizes=\"auto, (max-width: 1200px) 100vw, 1200px\"\/><\/p>\n<p id=\"caption-attachment-246312\" class=\"wp-caption-text\">Concurso SES SE previsto. Foto: montagem \/ Pexels \u2013 CanvaPRO<\/p>\n<\/div>\n<p>Conforme <a href=\"https:\/\/sead.se.gov.br\/governo-de-sergipe-anuncia-quase-900-vagas-em-concurso-na-area-da-saude\/\">informa\u00e7\u00f5es<\/a> da Secretaria de Estado da Administra\u00e7\u00e3o de Sergipe, as oportunidades do concurso SES SE ser\u00e3o para os cargos de Assistente Social, Bi\u00f3logo, Cirurgi\u00e3o-Dentista, Enfermeiro, Farmac\u00eautico, Bioqu\u00edmico, Fisioterapeuta, Fonoaudi\u00f3logo, M\u00e9dico, Nutricionista, Psic\u00f3logo, Sanitarista, T\u00e9cnico de Enfermagem, T\u00e9cnico em Radiologia e Terapeuta Ocupacional.<\/p>\n<p>O Governador fez o an\u00fancio dos cargos por meio de seu <a href=\"https:\/\/www.instagram.com\/p\/C8fA1UGuMBz\/?hl=pt-br\">perfil<\/a> no Instagram. N\u00e3o h\u00e1 mais informa\u00e7\u00f5es sobre sal\u00e1rios, requisitos e quando o edital normativo ser\u00e1 divulgado. Tentamos contato com a Secretaria de Estado da Administra\u00e7\u00e3o de Sergipe para obter atualiza\u00e7\u00f5es, mas n\u00e3o houve retorno at\u00e9 a publica\u00e7\u00e3o do conte\u00fado.<\/p>\n<div class=\"concur-prebid-lendo-2\" style=\"text-align: center; \" id=\"concur-2068059900\">\n<p>continua depois da publicidade<\/p>\n<\/div>\n<p>Esse \u00e9 um momento importante para come\u00e7ar com sua prepara\u00e7\u00e3o. Uma dica valiosa \u00e9 estudar conte\u00fados espec\u00edficos da sua profiss\u00e3o e L\u00edngua Portuguesa.<\/p>\n<h2>Concurso SES SE: edital anterior<\/h2>\n<p>O \u00faltimo concurso p\u00fablico da \u00e1rea da sa\u00fade estadual de Sergipe aconteceu no ano de 2008, sob <a href=\"http:\/\/www.cespe.unb.br\/concursos\/SEADSE_FPH2008\/\">responsabilidade<\/a> do Centro de Sele\u00e7\u00e3o e de Promo\u00e7\u00e3o de Eventos da Universidade de Bras\u00edlia. Ao todo, foram disponibilizadas 2.761 vagas para lota\u00e7\u00e3o na Funda\u00e7\u00e3o Hospitalar de Sa\u00fade (FHS).<\/p>\n<p>O sal\u00e1rio-b\u00e1sico oferecido aos profissionais variava de <strong>R$ 550,00 a R$ 3.000,00<\/strong>, a depender do emprego. As oportunidades eram destinadas a profissionais de n\u00edveis m\u00e9dio, m\u00e9dio\/t\u00e9cnico, fundamental e superior.<\/p>\n<div class=\"concur-prebid-lendo-3\" style=\"text-align: center; \" id=\"concur-438593438\">\n<p>continua depois da publicidade<\/p>\n<\/div>\n<p>Os candidatos inscritos no concurso SES SE 2008 foram avaliados por meio de prova objetiva (todos os cargos), de car\u00e1ter eliminat\u00f3rio e classificat\u00f3rio, e por avalia\u00e7\u00e3o de t\u00edtulos para ocupa\u00e7\u00e3o espec\u00edfica.<\/p>\n<\/div>\n<p><script async src=\"\/\/www.instagram.com\/embed.js\"><\/script><br \/>\n<br \/><br \/>\n<br \/><a href=\"https:\/\/concursosnobrasil.com\/concursos\/2024\/08\/02\/concurso-ses-se-previsto\/\">Source link <\/a><\/p>\n<div class='code-block code-block-4' style='margin: 8px auto 8px 0; text-align: left; display: block; clear: both;'>\n\ud83d\udce2 Aviso Legal\n\nO site ismaelcolosi.com.br atua apenas como um canal de divulga\u00e7\u00e3o de oportunidades de emprego e n\u00e3o se responsabiliza pelo processo seletivo, contrata\u00e7\u00e3o ou qualquer outra etapa relacionada \u00e0s vagas publicadas. Todas as informa\u00e7\u00f5es s\u00e3o de responsabilidade dos anunciantes.\n\n\u26a0\ufe0f Aten\u00e7\u00e3o! Nunca pague por promessas de emprego nem compre cursos que garantam contrata\u00e7\u00e3o. Desconfie de qualquer cobran\u00e7a para participar de sele\u00e7\u00f5es.\n\n\n\n<\/div>\n<!-- CONTENT END 1 -->\n","protected":false},"excerpt":{"rendered":"<p>O concurso SES SE (Secretaria de Estado da Sa\u00fade de Sergipe) est\u00e1 autorizado e prev\u00ea a abertura de 878 vagas imediatas, bem como a forma\u00e7\u00e3o&#8230;<\/p>\n","protected":false},"author":1,"featured_media":0,"comment_status":"open","ping_status":"open","sticky":false,"template":"","format":"standard","meta":{"_uag_custom_page_level_css":"","advanced_seo_description":"","jetpack_seo_html_title":"","jetpack_seo_noindex":false,"jetpack_post_was_ever_published":false,"_jetpack_newsletter_access":"","_jetpack_dont_email_post_to_subs":false,"_jetpack_newsletter_tier_id":0,"_jetpack_memberships_contains_paywalled_content":false,"_jetpack_memberships_contains_paid_content":false,"footnotes":"","jetpack_publicize_message":"","jetpack_publicize_feature_enabled":true,"jetpack_social_post_already_shared":false,"jetpack_social_options":{"image_generator_settings":{"template":"highway","default_image_id":0,"font":"","enabled":false},"version":2}},"categories":[],"tags":[],"class_list":["post-58733","post","type-post","status-publish","format-standard","hentry"],"jetpack_publicize_connections":[],"jetpack_featured_media_url":"","uagb_featured_image_src":{"full":false,"thumbnail":false,"medium":false,"medium_large":false,"large":false,"1536x1536":false,"2048x2048":false,"really-simple-thumb":false},"uagb_author_info":{"display_name":"ismaelcolosi.com.br","author_link":"https:\/\/ismaelcolosi.com.br\/index.php\/author\/vidareal-online\/"},"uagb_comment_info":0,"uagb_excerpt":"O concurso SES SE (Secretaria de Estado da Sa\u00fade de Sergipe) est\u00e1 autorizado e prev\u00ea a abertura de 878 vagas imediatas, bem como a forma\u00e7\u00e3o...","jetpack-related-posts":[{"id":49289,"url":"https:\/\/ismaelcolosi.com.br\/index.php\/2024\/05\/09\/terminam-hoje-inscricoes-para-concurso-publico-com-quase-400-vagas-no-interior-de-sp\/","url_meta":{"origin":58733,"position":0},"title":"Terminam hoje inscri\u00e7\u00f5es para concurso p\u00fablico com quase 400 vagas no interior de SP","author":"ismaelcolosi.com.br","date":"9 de May de 2024","format":false,"excerpt":"As inscri\u00e7\u00f5es para o concurso p\u00fablico com mais de 400 vagas da Prefeitura de Bebedouro, no interior de S\u00e3o Paulo, terminam nesta quinta-feira (9). Os interessados devem se inscrever pelo site da empresa organizadora (clique aqui). O valor da taxa de inscri\u00e7\u00e3o \u00e9 de R$ 56 a R$ 94 dependendo\u2026","rel":"","context":"In &quot;Not\u00edcias de Ribeir\u00e3o Preto-SP e Regi\u00e3o&quot;","block_context":{"text":"Not\u00edcias de Ribeir\u00e3o Preto-SP e Regi\u00e3o","link":"https:\/\/ismaelcolosi.com.br\/index.php\/category\/noticias-de-ribeirao-preto-sp-e-regiao-ismael-colosi\/"},"img":{"alt_text":"","src":"https:\/\/i0.wp.com\/ismaelcolosi.com.br\/wp-content\/uploads\/2024\/05\/concurso_publico_1-1024x683-1_2024-05-09_19-38-33_jpeg_2024-05-09_19-38-33.webp.webp?fit=1024%2C683&ssl=1&resize=350%2C200","width":350,"height":200,"srcset":"https:\/\/i0.wp.com\/ismaelcolosi.com.br\/wp-content\/uploads\/2024\/05\/concurso_publico_1-1024x683-1_2024-05-09_19-38-33_jpeg_2024-05-09_19-38-33.webp.webp?fit=1024%2C683&ssl=1&resize=350%2C200 1x, https:\/\/i0.wp.com\/ismaelcolosi.com.br\/wp-content\/uploads\/2024\/05\/concurso_publico_1-1024x683-1_2024-05-09_19-38-33_jpeg_2024-05-09_19-38-33.webp.webp?fit=1024%2C683&ssl=1&resize=525%2C300 1.5x, https:\/\/i0.wp.com\/ismaelcolosi.com.br\/wp-content\/uploads\/2024\/05\/concurso_publico_1-1024x683-1_2024-05-09_19-38-33_jpeg_2024-05-09_19-38-33.webp.webp?fit=1024%2C683&ssl=1&resize=700%2C400 2x"},"classes":[]},{"id":7505,"url":"https:\/\/ismaelcolosi.com.br\/index.php\/2023\/11\/28\/fundacao-renascer-sergipe-abre-vagas-para-concurso-publico-para-nivel-medio-completo\/","url_meta":{"origin":58733,"position":1},"title":"Funda\u00e7\u00e3o Renascer (Sergipe) abre vagas para concurso p\u00fablico para n\u00edvel m\u00e9dio completo","author":"ismaelcolosi.com.br","date":"28 de November de 2023","format":false,"excerpt":"28 de novembro de 2023 \u00e0s 10:31 Por: Reda\u00e7\u00e3o Cr\u00e9ditos: IStockFunda\u00e7\u00e3o RENASCER A Funda\u00e7\u00e3o Renascer, do Estado de\u00a0Sergipe, anuncia edital de n\u00ba 01\/2023 para concurso p\u00fablico, com objetivo de selecionar profissionais para contrata\u00e7\u00e3o tempor\u00e1ria de 30 vagas imediatas e forma\u00e7\u00e3o de cadastro reserva destinadas a pessoas com grau de escolaridade\u2026","rel":"","context":"In &quot;Variedades&quot;","block_context":{"text":"Variedades","link":"https:\/\/ismaelcolosi.com.br\/index.php\/category\/variedades\/"},"img":{"alt_text":"","src":"https:\/\/i0.wp.com\/ismaelcolosi.com.br\/wp-content\/uploads\/2023\/11\/istock-478002684.jpg?fit=1200%2C638&ssl=1&resize=350%2C200","width":350,"height":200,"srcset":"https:\/\/i0.wp.com\/ismaelcolosi.com.br\/wp-content\/uploads\/2023\/11\/istock-478002684.jpg?fit=1200%2C638&ssl=1&resize=350%2C200 1x, https:\/\/i0.wp.com\/ismaelcolosi.com.br\/wp-content\/uploads\/2023\/11\/istock-478002684.jpg?fit=1200%2C638&ssl=1&resize=525%2C300 1.5x, https:\/\/i0.wp.com\/ismaelcolosi.com.br\/wp-content\/uploads\/2023\/11\/istock-478002684.jpg?fit=1200%2C638&ssl=1&resize=700%2C400 2x, https:\/\/i0.wp.com\/ismaelcolosi.com.br\/wp-content\/uploads\/2023\/11\/istock-478002684.jpg?fit=1200%2C638&ssl=1&resize=1050%2C600 3x"},"classes":[]},{"id":7802,"url":"https:\/\/ismaelcolosi.com.br\/index.php\/2023\/11\/28\/concurso-publico-da-caern-no-rio-grande-do-norte-oferta-quase-700-vagas\/","url_meta":{"origin":58733,"position":2},"title":"Concurso p\u00fablico da CAERN, no Rio Grande do Norte, oferta quase 700 vagas","author":"ismaelcolosi.com.br","date":"28 de November de 2023","format":false,"excerpt":"Cr\u00e9ditos: IStockConcurso P\u00fablico da CAERN A Companhia de \u00c1guas e Esgotos do Rio Grande do Norte (CAERN) anuncia edital de n\u00ba 01\/2023 para concurso p\u00fablico, com a oferta de\u00a0693 vagas, sendo 33 vagas imediatas e 660 vagas para forma\u00e7\u00e3o de cadastro reserva. Essas oportunidades se destinam a profissionais de n\u00edveis\u2026","rel":"","context":"In &quot;Variedades&quot;","block_context":{"text":"Variedades","link":"https:\/\/ismaelcolosi.com.br\/index.php\/category\/variedades\/"},"img":{"alt_text":"","src":"https:\/\/i0.wp.com\/ismaelcolosi.com.br\/wp-content\/uploads\/2023\/11\/istock-530682793.jpg?fit=1200%2C638&ssl=1&resize=350%2C200","width":350,"height":200,"srcset":"https:\/\/i0.wp.com\/ismaelcolosi.com.br\/wp-content\/uploads\/2023\/11\/istock-530682793.jpg?fit=1200%2C638&ssl=1&resize=350%2C200 1x, https:\/\/i0.wp.com\/ismaelcolosi.com.br\/wp-content\/uploads\/2023\/11\/istock-530682793.jpg?fit=1200%2C638&ssl=1&resize=525%2C300 1.5x, https:\/\/i0.wp.com\/ismaelcolosi.com.br\/wp-content\/uploads\/2023\/11\/istock-530682793.jpg?fit=1200%2C638&ssl=1&resize=700%2C400 2x, https:\/\/i0.wp.com\/ismaelcolosi.com.br\/wp-content\/uploads\/2023\/11\/istock-530682793.jpg?fit=1200%2C638&ssl=1&resize=1050%2C600 3x"},"classes":[]},{"id":5300,"url":"https:\/\/ismaelcolosi.com.br\/index.php\/2023\/11\/23\/ribeirao-preto-prorroga-inscricoes-de-concurso-publico-com-39-vagas\/","url_meta":{"origin":58733,"position":3},"title":"Ribeir\u00e3o Preto prorroga inscri\u00e7\u00f5es de concurso p\u00fablico com 39 vagas","author":"ismaelcolosi.com.br","date":"23 de November de 2023","format":false,"excerpt":"A Prefeitura de Ribeir\u00e3o Preto prorrogou o prazo de inscri\u00e7\u00f5es de dois concursos p\u00fablicos com 39 vagas na \u00e1rea da sa\u00fade. O prazo terminaria nesta sexta-feira (24), mas foi prorrogado at\u00e9 as 16h de segunda-feira (27). De acordo com a RBO Concursos, organizadora da prova, a medida foi necess\u00e1ria por\u2026","rel":"","context":"In &quot;Not\u00edcias de Ribeir\u00e3o Preto-SP e Regi\u00e3o&quot;","block_context":{"text":"Not\u00edcias de Ribeir\u00e3o Preto-SP e Regi\u00e3o","link":"https:\/\/ismaelcolosi.com.br\/index.php\/category\/noticias-de-ribeirao-preto-sp-e-regiao-ismael-colosi\/"},"img":{"alt_text":"","src":"https:\/\/i0.wp.com\/ismaelcolosi.com.br\/wp-content\/uploads\/2023\/11\/medica.jpg?fit=1200%2C800&ssl=1&resize=350%2C200","width":350,"height":200,"srcset":"https:\/\/i0.wp.com\/ismaelcolosi.com.br\/wp-content\/uploads\/2023\/11\/medica.jpg?fit=1200%2C800&ssl=1&resize=350%2C200 1x, https:\/\/i0.wp.com\/ismaelcolosi.com.br\/wp-content\/uploads\/2023\/11\/medica.jpg?fit=1200%2C800&ssl=1&resize=525%2C300 1.5x, https:\/\/i0.wp.com\/ismaelcolosi.com.br\/wp-content\/uploads\/2023\/11\/medica.jpg?fit=1200%2C800&ssl=1&resize=700%2C400 2x, https:\/\/i0.wp.com\/ismaelcolosi.com.br\/wp-content\/uploads\/2023\/11\/medica.jpg?fit=1200%2C800&ssl=1&resize=1050%2C600 3x"},"classes":[]},{"id":26766,"url":"https:\/\/ismaelcolosi.com.br\/index.php\/2024\/01\/10\/enem-dos-concursos-o-que-voce-precisa-saber-sobre-o-concurso-publico-nacional-unificado\/","url_meta":{"origin":58733,"position":4},"title":"\u2018Enem dos concursos\u2019: o que voc\u00ea precisa saber sobre o Concurso P\u00fablico Nacional Unificado","author":"ismaelcolosi.com.br","date":"10 de January de 2024","format":false,"excerpt":"O governo detalhou nesta quarta-feira, 10, as regras do Concurso P\u00fablico Nacional Unificado, o chamado \u2018Enem dos concursos\u2019. O edital ser\u00e1 publicado em edi\u00e7\u00e3o extra do Di\u00e1rio Oficial da Uni\u00e3o (DOU). A ministra da Gest\u00e3o e Inova\u00e7\u00e3o em Servi\u00e7os P\u00fablicos, Esther Dweck, realizou uma coletiva para esclarecer alguns pontos.O Concurso\u2026","rel":"","context":"In &quot;Vagas de Emprego em Ribeir\u00e3o Preto-SP&quot;","block_context":{"text":"Vagas de Emprego em Ribeir\u00e3o Preto-SP","link":"https:\/\/ismaelcolosi.com.br\/index.php\/category\/empregos-classificados-vagas-trabalho\/vagas-de-empregos-em-ribeirao-preto-regiao-brasil\/"},"img":{"alt_text":"","src":"https:\/\/i0.wp.com\/ismaelcolosi.com.br\/wp-content\/uploads\/2024\/01\/1704922892_concurso-publico.jpg?fit=883%2C510&ssl=1&resize=350%2C200","width":350,"height":200,"srcset":"https:\/\/i0.wp.com\/ismaelcolosi.com.br\/wp-content\/uploads\/2024\/01\/1704922892_concurso-publico.jpg?fit=883%2C510&ssl=1&resize=350%2C200 1x, https:\/\/i0.wp.com\/ismaelcolosi.com.br\/wp-content\/uploads\/2024\/01\/1704922892_concurso-publico.jpg?fit=883%2C510&ssl=1&resize=525%2C300 1.5x, https:\/\/i0.wp.com\/ismaelcolosi.com.br\/wp-content\/uploads\/2024\/01\/1704922892_concurso-publico.jpg?fit=883%2C510&ssl=1&resize=700%2C400 2x"},"classes":[]},{"id":27011,"url":"https:\/\/ismaelcolosi.com.br\/index.php\/2024\/01\/11\/enem-dos-concursos-ocorrera-a-cada-dois-anos-diz-ministra\/","url_meta":{"origin":58733,"position":5},"title":"\u2018Enem dos concursos\u2019 ocorrer\u00e1 a cada dois anos, diz ministra","author":"ismaelcolosi.com.br","date":"11 de January de 2024","format":false,"excerpt":"Da reda\u00e7\u00e3oi Da reda\u00e7\u00e3o 11\/01\/2024 - 10:51 A ministra da Gest\u00e3o, Esther Dweck, afirmou que o concurso p\u00fablico unificado, conhecido como \u2018Enem dos concursos\u2019, deve ser realizado a cada dois anos. Neste ano, a primeira edi\u00e7\u00e3o, que teve o edital publicado na quarta-feira, 10, oferecer\u00e1\u00a0 6,6 mil vagas. A expectativa\u2026","rel":"","context":"In &quot;Vagas de Emprego em Ribeir\u00e3o Preto-SP&quot;","block_context":{"text":"Vagas de Emprego em Ribeir\u00e3o Preto-SP","link":"https:\/\/ismaelcolosi.com.br\/index.php\/category\/empregos-classificados-vagas-trabalho\/vagas-de-empregos-em-ribeirao-preto-regiao-brasil\/"},"img":{"alt_text":"","src":"https:\/\/i0.wp.com\/ismaelcolosi.com.br\/wp-content\/uploads\/2024\/01\/1704981211_concurso-publico.jpg?fit=883%2C510&ssl=1&resize=350%2C200","width":350,"height":200,"srcset":"https:\/\/i0.wp.com\/ismaelcolosi.com.br\/wp-content\/uploads\/2024\/01\/1704981211_concurso-publico.jpg?fit=883%2C510&ssl=1&resize=350%2C200 1x, https:\/\/i0.wp.com\/ismaelcolosi.com.br\/wp-content\/uploads\/2024\/01\/1704981211_concurso-publico.jpg?fit=883%2C510&ssl=1&resize=525%2C300 1.5x, https:\/\/i0.wp.com\/ismaelcolosi.com.br\/wp-content\/uploads\/2024\/01\/1704981211_concurso-publico.jpg?fit=883%2C510&ssl=1&resize=700%2C400 2x"},"classes":[]}],"jetpack_sharing_enabled":true,"jetpack_shortlink":"https:\/\/wp.me\/pfMlyK-fhj","_links":{"self":[{"href":"https:\/\/ismaelcolosi.com.br\/index.php\/wp-json\/wp\/v2\/posts\/58733","targetHints":{"allow":["GET"]}}],"collection":[{"href":"https:\/\/ismaelcolosi.com.br\/index.php\/wp-json\/wp\/v2\/posts"}],"about":[{"href":"https:\/\/ismaelcolosi.com.br\/index.php\/wp-json\/wp\/v2\/types\/post"}],"author":[{"embeddable":true,"href":"https:\/\/ismaelcolosi.com.br\/index.php\/wp-json\/wp\/v2\/users\/1"}],"replies":[{"embeddable":true,"href":"https:\/\/ismaelcolosi.com.br\/index.php\/wp-json\/wp\/v2\/comments?post=58733"}],"version-history":[{"count":0,"href":"https:\/\/ismaelcolosi.com.br\/index.php\/wp-json\/wp\/v2\/posts\/58733\/revisions"}],"wp:attachment":[{"href":"https:\/\/ismaelcolosi.com.br\/index.php\/wp-json\/wp\/v2\/media?parent=58733"}],"wp:term":[{"taxonomy":"category","embeddable":true,"href":"https:\/\/ismaelcolosi.com.br\/index.php\/wp-json\/wp\/v2\/categories?post=58733"},{"taxonomy":"post_tag","embeddable":true,"href":"https:\/\/ismaelcolosi.com.br\/index.php\/wp-json\/wp\/v2\/tags?post=58733"}],"curies":[{"name":"wp","href":"https:\/\/api.w.org\/{rel}","templated":true}]}}