{"id":58729,"date":"2024-08-02T09:13:52","date_gmt":"2024-08-02T12:13:52","guid":{"rendered":"https:\/\/ismaelcolosi.com.br\/index.php\/2024\/08\/02\/50-vagas-de-emprego-em-franca-sp-149\/"},"modified":"2024-08-02T09:13:52","modified_gmt":"2024-08-02T12:13:52","slug":"50-vagas-de-emprego-em-franca-sp-149","status":"publish","type":"post","link":"https:\/\/ismaelcolosi.com.br\/index.php\/2024\/08\/02\/50-vagas-de-emprego-em-franca-sp-149\/","title":{"rendered":"50 vagas de emprego em Franca-SP"},"content":{"rendered":"<div id=\"anuncios\">\n<header>\n<\/header>\n<p><\/p>\n<p>    <script async=\"\" src=\"https:\/\/pagead2.googlesyndication.com\/pagead\/js\/adsbygoogle.js?client=ca-pub-2853392113352629\" crossorigin=\"anonymous\"\/>\n    <ins class=\"adsbygoogle\" style=\"display:block\" data-ad-client=\"ca-pub-2853392113352629\" data-ad-slot=\"2925831803\" data-ad-format=\"auto\" data-full-width-responsive=\"true\"\/>\n    <script><![CDATA[\n    (adsbygoogle = window.adsbygoogle || []).push({});\n    ]]><\/script>   <\/p>\n<div class=\"emp\"><!--02\/08--><\/p><div class='code-block code-block-8' style='margin: 8px auto; text-align: center; display: block; clear: both;'>\n<script>\n  atOptions = {\n    'key' : '66e2e2111ca34da796271819fc334058',\n    'format' : 'iframe',\n    'height' : 250,\n    'width' : 300,\n    'params' : {}\n  };\n<\/script>\n<script src=\"https:\/\/www.highperformanceformat.com\/66e2e2111ca34da796271819fc334058\/invoke.js\"><\/script>\n<\/div>\n\n<p>\n            Recepcionista<br \/>Carism\u00e1tica, resiliente, saber lidar bem com sistemas, agenda de aulas, atendimento ao cliente.<br \/>Hor\u00e1rio: Seg a Sex das 12h \u00e0s 21h, S\u00e1bados das 8h as 12h<br \/>Sal\u00e1rio a combinar + Beneficios<br \/>(16) 98223-0008<br \/>Envie seu curr\u00edculo<br \/>Atendimento ao P\u00fablico<br \/>gabriela.franchini@sereiaacademia.com.br\n            <\/p>\n<p><strong>Compartilhe:<\/strong><\/p>\n<p>                <img data-recalc-dims=\"1\" loading=\"lazy\" decoding=\"async\" width=\"25\" height=\"25\" src=\"https:\/\/i0.wp.com\/francaclassificados.com\/\/source\/view\/img\/20w50.png?resize=25%2C25&#038;ssl=1\" alt=\"Imagem compartilhar whatsapp\"\/><\/p>\n<p>                <img data-recalc-dims=\"1\" loading=\"lazy\" decoding=\"async\" width=\"25\" height=\"25\" src=\"https:\/\/i0.wp.com\/francaclassificados.com\/\/source\/view\/img\/18w50.png?resize=25%2C25&#038;ssl=1\" alt=\"Imagem compartilhar facebook\"\/><\/p>\n<\/p><\/div>\n<div class=\"emp\"><!--02\/08--><\/p>\n<p>\n            Consultora de vendas<br \/>Vendas, atendimento, simpatia, capacidade de construir relacionamentos com clientes e trabalhar bem em equipe.<br \/>Hor\u00e1rio: Seg a Sex das 10h \u00e0s 20h, S\u00e1bados a serem definidos dentro do m\u00eas das 8h as 12h<br \/>Sal\u00e1rio a combinar + Beneficios<br \/>(16) 98223-0008<br \/>Envie seu curr\u00edculo<br \/>gabriela.franchini@sereiaacademia.com.br\n            <\/p>\n<p><strong>Compartilhe:<\/strong><\/p>\n<p>                <img data-recalc-dims=\"1\" loading=\"lazy\" decoding=\"async\" width=\"25\" height=\"25\" src=\"https:\/\/i0.wp.com\/francaclassificados.com\/\/source\/view\/img\/20w50.png?resize=25%2C25&#038;ssl=1\" alt=\"Imagem compartilhar whatsapp\"\/><\/p>\n<p>                <img data-recalc-dims=\"1\" loading=\"lazy\" decoding=\"async\" width=\"25\" height=\"25\" src=\"https:\/\/i0.wp.com\/francaclassificados.com\/\/source\/view\/img\/18w50.png?resize=25%2C25&#038;ssl=1\" alt=\"Imagem compartilhar facebook\"\/><\/p>\n<\/p><\/div>\n<p>    <script async=\"\" src=\"https:\/\/pagead2.googlesyndication.com\/pagead\/js\/adsbygoogle.js?client=ca-pub-2853392113352629\" crossorigin=\"anonymous\"\/>\n    <ins class=\"adsbygoogle\" style=\"display:block\" data-ad-client=\"ca-pub-2853392113352629\" data-ad-slot=\"2925831803\" data-ad-format=\"auto\" data-full-width-responsive=\"true\"\/>\n    <script><![CDATA[\n    (adsbygoogle = window.adsbygoogle || []).push({});\n    ]]><\/script><\/p>\n<div class=\"emp\">\n<p>\n            PRECISA-SE DE BALCONISTA COM EXPERI\u00caNCIA EM PADARIA, HOR\u00c1RIO DAS 13:00 \u00c0S 20:30 \u2013 AV. \u00c2NGELO PEDRO, 3026 \u2013 SANTA RITA OU NO E-MAIL: selenafranca1989@gmail.com\n            <\/p>\n<p><strong>Compartilhe:<\/strong><\/p>\n<p>                <img data-recalc-dims=\"1\" loading=\"lazy\" decoding=\"async\" width=\"25\" height=\"25\" src=\"https:\/\/i0.wp.com\/francaclassificados.com\/\/source\/view\/img\/20w50.png?resize=25%2C25&#038;ssl=1\" alt=\"Imagem compartilhar whatsapp\"\/><\/p>\n<p>                <img data-recalc-dims=\"1\" loading=\"lazy\" decoding=\"async\" width=\"25\" height=\"25\" src=\"https:\/\/i0.wp.com\/francaclassificados.com\/\/source\/view\/img\/18w50.png?resize=25%2C25&#038;ssl=1\" alt=\"Imagem compartilhar facebook\"\/><\/p>\n<\/p><\/div>\n<div class=\"emp\">\n<p>\n            PRECISA-SE DE GABINEIRO QUE SAIBA FAZER ACABAMENTO COM URG\u00caNCIA \u2013 99125-1919 FALAR COM LUIS.\n            <\/p>\n<p><strong>Compartilhe:<\/strong><\/p>\n<p>                <img data-recalc-dims=\"1\" loading=\"lazy\" decoding=\"async\" width=\"25\" height=\"25\" src=\"https:\/\/i0.wp.com\/francaclassificados.com\/\/source\/view\/img\/20w50.png?resize=25%2C25&#038;ssl=1\" alt=\"Imagem compartilhar whatsapp\"\/><\/p>\n<p>                <img data-recalc-dims=\"1\" loading=\"lazy\" decoding=\"async\" width=\"25\" height=\"25\" src=\"https:\/\/i0.wp.com\/francaclassificados.com\/\/source\/view\/img\/18w50.png?resize=25%2C25&#038;ssl=1\" alt=\"Imagem compartilhar facebook\"\/><\/p>\n<\/p><\/div>\n<p>    <script async=\"\" src=\"https:\/\/pagead2.googlesyndication.com\/pagead\/js\/adsbygoogle.js?client=ca-pub-2853392113352629\" crossorigin=\"anonymous\"\/>\n    <ins class=\"adsbygoogle\" style=\"display:block\" data-ad-client=\"ca-pub-2853392113352629\" data-ad-slot=\"2925831803\" data-ad-format=\"auto\" data-full-width-responsive=\"true\"\/>\n    <script><![CDATA[\n    (adsbygoogle = window.adsbygoogle || []).push({});\n    ]]><\/script><\/p>\n<div class=\"emp\">\n<p>\n            PRECISA-SE DE BANCA DE PESPONTO (PRODU\u00c7\u00c3O DE BOTA, COTURNO, SAPAT\u00caNIS E SAPATO SOCIAL), PRODU\u00c7\u00c3O DA F\u00c1BRICA 1000 PARES POR DIA, SITUADO NO JARDIM FRANCANO, SOMENTE COM EXPERI\u00caNCIA \u2013 WHATSAPP (16) 98160-4611.\n            <\/p>\n<p><strong>Compartilhe:<\/strong><\/p>\n<p>                <img data-recalc-dims=\"1\" loading=\"lazy\" decoding=\"async\" width=\"25\" height=\"25\" src=\"https:\/\/i0.wp.com\/francaclassificados.com\/\/source\/view\/img\/20w50.png?resize=25%2C25&#038;ssl=1\" alt=\"Imagem compartilhar whatsapp\"\/><\/p>\n<p>                <img data-recalc-dims=\"1\" loading=\"lazy\" decoding=\"async\" width=\"25\" height=\"25\" src=\"https:\/\/i0.wp.com\/francaclassificados.com\/\/source\/view\/img\/18w50.png?resize=25%2C25&#038;ssl=1\" alt=\"Imagem compartilhar facebook\"\/><\/p>\n<\/p><\/div>\n<div class=\"emp\">\n<p>\n            PRECISA-SE DE PESPONTADOR COM PRATICA EM M\u00c1QUINA ELETR\u00d4NICA, BAIRRO S\u00c3O LU\u00cdS \u2013 98872-0366.\n            <\/p>\n<p><strong>Compartilhe:<\/strong><\/p>\n<p>                <img data-recalc-dims=\"1\" loading=\"lazy\" decoding=\"async\" width=\"25\" height=\"25\" src=\"https:\/\/i0.wp.com\/francaclassificados.com\/\/source\/view\/img\/20w50.png?resize=25%2C25&#038;ssl=1\" alt=\"Imagem compartilhar whatsapp\"\/><\/p>\n<p>                <img data-recalc-dims=\"1\" loading=\"lazy\" decoding=\"async\" width=\"25\" height=\"25\" src=\"https:\/\/i0.wp.com\/francaclassificados.com\/\/source\/view\/img\/18w50.png?resize=25%2C25&#038;ssl=1\" alt=\"Imagem compartilhar facebook\"\/><\/p>\n<\/p><\/div>\n<p>        <img data-recalc-dims=\"1\" decoding=\"async\" src=\"https:\/\/i0.wp.com\/francaclassificados.com\/\/source\/view\/img\/cur.png?ssl=1\" class=\"img-fluid img-fluid2\" alt=\"Imagem publicidade\"\/><\/p>\n<div class=\"emp\">\n<p>\n            PRECISA-SE DE PESSOA PARA LIMPEZA, ATENDENTE DE PADARIA E REPOSITORA \u2013 99119-6100.\n            <\/p>\n<p><strong>Compartilhe:<\/strong><\/p>\n<p>                <img data-recalc-dims=\"1\" loading=\"lazy\" decoding=\"async\" width=\"25\" height=\"25\" src=\"https:\/\/i0.wp.com\/francaclassificados.com\/\/source\/view\/img\/20w50.png?resize=25%2C25&#038;ssl=1\" alt=\"Imagem compartilhar whatsapp\"\/><\/p>\n<p>                <img data-recalc-dims=\"1\" loading=\"lazy\" decoding=\"async\" width=\"25\" height=\"25\" src=\"https:\/\/i0.wp.com\/francaclassificados.com\/\/source\/view\/img\/18w50.png?resize=25%2C25&#038;ssl=1\" alt=\"Imagem compartilhar facebook\"\/><\/p>\n<\/p><\/div>\n<div class=\"emp\">\n<p>\n            PRECISA-SE DE MONTADOR NA PARTE DE MONTAGEM DIVIS\u00d3RIAS, FORRO PVC E DRY WALL. ENTREGAR O CURR\u00cdCULO NO ENDERE\u00c7O RUA CARLOS DE VILHENA, 3228 \u2013 BAIRRO CHICO J\u00daLIO.\n            <\/p>\n<p><strong>Compartilhe:<\/strong><\/p>\n<p>                <img data-recalc-dims=\"1\" loading=\"lazy\" decoding=\"async\" width=\"25\" height=\"25\" src=\"https:\/\/i0.wp.com\/francaclassificados.com\/\/source\/view\/img\/20w50.png?resize=25%2C25&#038;ssl=1\" alt=\"Imagem compartilhar whatsapp\"\/><\/p>\n<p>                <img data-recalc-dims=\"1\" loading=\"lazy\" decoding=\"async\" width=\"25\" height=\"25\" src=\"https:\/\/i0.wp.com\/francaclassificados.com\/\/source\/view\/img\/18w50.png?resize=25%2C25&#038;ssl=1\" alt=\"Imagem compartilhar facebook\"\/><\/p>\n<\/p><\/div>\n<p>    <script async=\"\" src=\"https:\/\/pagead2.googlesyndication.com\/pagead\/js\/adsbygoogle.js?client=ca-pub-2853392113352629\" crossorigin=\"anonymous\"\/>\n    <ins class=\"adsbygoogle\" style=\"display:block\" data-ad-client=\"ca-pub-2853392113352629\" data-ad-slot=\"2925831803\" data-ad-format=\"auto\" data-full-width-responsive=\"true\"\/>\n    <script><![CDATA[\n    (adsbygoogle = window.adsbygoogle || []).push({});\n    ]]><\/script><\/p>\n<div class=\"emp\">\n<p>\n            PRECISA-SE DE CAIXA SEXO FEMININO E MASCULINO, COM EXPERI\u00caNCIA. INTERESSADOS ENVIAR CURR\u00cdCULO PARA litoconconstrucao@gmail.com\n            <\/p>\n<p><strong>Compartilhe:<\/strong><\/p>\n<p>                <img data-recalc-dims=\"1\" loading=\"lazy\" decoding=\"async\" width=\"25\" height=\"25\" src=\"https:\/\/i0.wp.com\/francaclassificados.com\/\/source\/view\/img\/20w50.png?resize=25%2C25&#038;ssl=1\" alt=\"Imagem compartilhar whatsapp\"\/><\/p>\n<p>                <img data-recalc-dims=\"1\" loading=\"lazy\" decoding=\"async\" width=\"25\" height=\"25\" src=\"https:\/\/i0.wp.com\/francaclassificados.com\/\/source\/view\/img\/18w50.png?resize=25%2C25&#038;ssl=1\" alt=\"Imagem compartilhar facebook\"\/><\/p>\n<\/p><\/div>\n<div class=\"emp\">\n<p>\n            PRECISA-SE DE MOTORISTA COM EXPERI\u00caNCIA PARA FAZER ENTREGAS EM FRANCA, E DE UM ESTOQUISTA COM EXPERI\u00caNCIA.  LEVAR CURR\u00cdCULO NA RUA CARLOS DE VILHENA, 3466 \u2013 VILA FORMOSA.\n            <\/p>\n<p><strong>Compartilhe:<\/strong><\/p>\n<p>                <img data-recalc-dims=\"1\" loading=\"lazy\" decoding=\"async\" width=\"25\" height=\"25\" src=\"https:\/\/i0.wp.com\/francaclassificados.com\/\/source\/view\/img\/20w50.png?resize=25%2C25&#038;ssl=1\" alt=\"Imagem compartilhar whatsapp\"\/><\/p>\n<p>                <img data-recalc-dims=\"1\" loading=\"lazy\" decoding=\"async\" width=\"25\" height=\"25\" src=\"https:\/\/i0.wp.com\/francaclassificados.com\/\/source\/view\/img\/18w50.png?resize=25%2C25&#038;ssl=1\" alt=\"Imagem compartilhar facebook\"\/><\/p>\n<\/p><\/div>\n<p>    <script async=\"\" src=\"https:\/\/pagead2.googlesyndication.com\/pagead\/js\/adsbygoogle.js?client=ca-pub-2853392113352629\" crossorigin=\"anonymous\"\/>\n    <ins class=\"adsbygoogle\" style=\"display:block\" data-ad-client=\"ca-pub-2853392113352629\" data-ad-slot=\"2925831803\" data-ad-format=\"auto\" data-full-width-responsive=\"true\"\/>\n    <script><![CDATA[\n    (adsbygoogle = window.adsbygoogle || []).push({});\n    ]]><\/script><\/p>\n<div class=\"emp\">\n<p>\n            PRECISA-SE DE ATENDENTE, AUXILIAR DE CHURRASQUEIRO E AUXILIAR DE COZINHA. INTERESSADOS ENTREGAR CURRICULO NA AV. PRESIDENTE VARGAS, 840.\n            <\/p>\n<p><strong>Compartilhe:<\/strong><\/p>\n<p>                <img data-recalc-dims=\"1\" loading=\"lazy\" decoding=\"async\" width=\"25\" height=\"25\" src=\"https:\/\/i0.wp.com\/francaclassificados.com\/\/source\/view\/img\/20w50.png?resize=25%2C25&#038;ssl=1\" alt=\"Imagem compartilhar whatsapp\"\/><\/p>\n<p>                <img data-recalc-dims=\"1\" loading=\"lazy\" decoding=\"async\" width=\"25\" height=\"25\" src=\"https:\/\/i0.wp.com\/francaclassificados.com\/\/source\/view\/img\/18w50.png?resize=25%2C25&#038;ssl=1\" alt=\"Imagem compartilhar facebook\"\/><\/p>\n<\/p><\/div>\n<div class=\"emp\">\n<p>\n            PRECISA-SE DE AUXILIAR DE COMPRAS COM EXPERI\u00caNCIA. ENVIAR CURRICULO PARA sd3financeiro@gmail.com\n            <\/p>\n<p><strong>Compartilhe:<\/strong><\/p>\n<p>                <img data-recalc-dims=\"1\" loading=\"lazy\" decoding=\"async\" width=\"25\" height=\"25\" src=\"https:\/\/i0.wp.com\/francaclassificados.com\/\/source\/view\/img\/20w50.png?resize=25%2C25&#038;ssl=1\" alt=\"Imagem compartilhar whatsapp\"\/><\/p>\n<p>                <img data-recalc-dims=\"1\" loading=\"lazy\" decoding=\"async\" width=\"25\" height=\"25\" src=\"https:\/\/i0.wp.com\/francaclassificados.com\/\/source\/view\/img\/18w50.png?resize=25%2C25&#038;ssl=1\" alt=\"Imagem compartilhar facebook\"\/><\/p>\n<\/p><\/div>\n<p>    <script async=\"\" src=\"https:\/\/pagead2.googlesyndication.com\/pagead\/js\/adsbygoogle.js?client=ca-pub-2853392113352629\" crossorigin=\"anonymous\"\/>\n    <ins class=\"adsbygoogle\" style=\"display:block\" data-ad-client=\"ca-pub-2853392113352629\" data-ad-slot=\"2925831803\" data-ad-format=\"auto\" data-full-width-responsive=\"true\"\/>\n    <script><![CDATA[\n    (adsbygoogle = window.adsbygoogle || []).push({});\n    ]]><\/script><\/p>\n<div class=\"emp\">\n<p>\n            PRECISA-SE DE ESCALADOR DE SOLA. INTERESSADOS ENVIAR CURR\u00cdCULOS PARA: emprego.dp@hotmail.com\n            <\/p>\n<p><strong>Compartilhe:<\/strong><\/p>\n<p>                <img data-recalc-dims=\"1\" loading=\"lazy\" decoding=\"async\" width=\"25\" height=\"25\" src=\"https:\/\/i0.wp.com\/francaclassificados.com\/\/source\/view\/img\/20w50.png?resize=25%2C25&#038;ssl=1\" alt=\"Imagem compartilhar whatsapp\"\/><\/p>\n<p>                <img data-recalc-dims=\"1\" loading=\"lazy\" decoding=\"async\" width=\"25\" height=\"25\" src=\"https:\/\/i0.wp.com\/francaclassificados.com\/\/source\/view\/img\/18w50.png?resize=25%2C25&#038;ssl=1\" alt=\"Imagem compartilhar facebook\"\/><\/p>\n<\/p><\/div>\n<div class=\"emp\">\n<p>\n            PRECISA-SE DE AUXILIAR DE MANIPULA\u00c7\u00c3O DE ALIMENTOS PARA SETOR DE EMBALAGEM. TRABALHO DE SEGUNDA A SEXTA. VAGA TEMPORARIA COM POSSIBILIDADE DE EFETIVA\u00c7\u00c3O. PREFERIVEL QUE MORE NAS IMEDIACOES DA VILA REZENDE. ENVIAR CURRICULO NO E-MAIL rh.contratacao.vendas@gmail.com NECESSITA EXPERIENCIA.\n            <\/p>\n<p><strong>Compartilhe:<\/strong><\/p>\n<p>                <img data-recalc-dims=\"1\" loading=\"lazy\" decoding=\"async\" width=\"25\" height=\"25\" src=\"https:\/\/i0.wp.com\/francaclassificados.com\/\/source\/view\/img\/20w50.png?resize=25%2C25&#038;ssl=1\" alt=\"Imagem compartilhar whatsapp\"\/><\/p>\n<p>                <img data-recalc-dims=\"1\" loading=\"lazy\" decoding=\"async\" width=\"25\" height=\"25\" src=\"https:\/\/i0.wp.com\/francaclassificados.com\/\/source\/view\/img\/18w50.png?resize=25%2C25&#038;ssl=1\" alt=\"Imagem compartilhar facebook\"\/><\/p>\n<\/p><\/div>\n<p>    <script async=\"\" src=\"https:\/\/pagead2.googlesyndication.com\/pagead\/js\/adsbygoogle.js?client=ca-pub-2853392113352629\" crossorigin=\"anonymous\"\/>\n    <ins class=\"adsbygoogle\" style=\"display:block\" data-ad-client=\"ca-pub-2853392113352629\" data-ad-slot=\"2925831803\" data-ad-format=\"auto\" data-full-width-responsive=\"true\"\/>\n    <script><![CDATA[\n    (adsbygoogle = window.adsbygoogle || []).push({});\n    ]]><\/script><\/p>\n<div class=\"emp\">\n<p>\n            PRECISA-SE DE AUXILIAR DE MARCENARIA COM EXPERI\u00caNCIA E MARCENEIRO COM EXPERI\u00caNCIA, MONTADOR DE M\u00d3VEIS. ENVIAR CURRICULOS POR WHATSAPP 16 3704-3296.\n            <\/p>\n<p><strong>Compartilhe:<\/strong><\/p>\n<p>                <img data-recalc-dims=\"1\" loading=\"lazy\" decoding=\"async\" width=\"25\" height=\"25\" src=\"https:\/\/i0.wp.com\/francaclassificados.com\/\/source\/view\/img\/20w50.png?resize=25%2C25&#038;ssl=1\" alt=\"Imagem compartilhar whatsapp\"\/><\/p>\n<p>                <img data-recalc-dims=\"1\" loading=\"lazy\" decoding=\"async\" width=\"25\" height=\"25\" src=\"https:\/\/i0.wp.com\/francaclassificados.com\/\/source\/view\/img\/18w50.png?resize=25%2C25&#038;ssl=1\" alt=\"Imagem compartilhar facebook\"\/><\/p>\n<\/p><\/div>\n<div class=\"emp\">\n<p>\n            PRECISA-SE DE AUXILIAR DE LIMPEZA\/SERVI\u00c7OS GERAIS, REGISTRADO, DE SEGUNDA A SEXTA DAS 07:00 AS 12:00, SAL\u00c1RIO R$1000,00 REAIS. ENVIAR CURRICULOS PARA 16 3704-3296.\n            <\/p>\n<p><strong>Compartilhe:<\/strong><\/p>\n<p>                <img data-recalc-dims=\"1\" loading=\"lazy\" decoding=\"async\" width=\"25\" height=\"25\" src=\"https:\/\/i0.wp.com\/francaclassificados.com\/\/source\/view\/img\/20w50.png?resize=25%2C25&#038;ssl=1\" alt=\"Imagem compartilhar whatsapp\"\/><\/p>\n<p>                <img data-recalc-dims=\"1\" loading=\"lazy\" decoding=\"async\" width=\"25\" height=\"25\" src=\"https:\/\/i0.wp.com\/francaclassificados.com\/\/source\/view\/img\/18w50.png?resize=25%2C25&#038;ssl=1\" alt=\"Imagem compartilhar facebook\"\/><\/p>\n<\/p><\/div>\n<p>    <script async=\"\" src=\"https:\/\/pagead2.googlesyndication.com\/pagead\/js\/adsbygoogle.js?client=ca-pub-2853392113352629\" crossorigin=\"anonymous\"\/>\n    <ins class=\"adsbygoogle\" style=\"display:block\" data-ad-client=\"ca-pub-2853392113352629\" data-ad-slot=\"2925831803\" data-ad-format=\"auto\" data-full-width-responsive=\"true\"\/>\n    <script><![CDATA[\n    (adsbygoogle = window.adsbygoogle || []).push({});\n    ]]><\/script><\/p>\n<div class=\"emp\">\n<p>\n            PRECISA-SE DE BANCA DE PESPONTO COM URG\u00caNCIA. COMPARECER NA RUA JOS\u00c9 LUIZ GARCIA, 3760 \u2013 JARDIM INTEGRA\u00c7\u00c3O.\n            <\/p>\n<p><strong>Compartilhe:<\/strong><\/p>\n<p>                <img data-recalc-dims=\"1\" loading=\"lazy\" decoding=\"async\" width=\"25\" height=\"25\" src=\"https:\/\/i0.wp.com\/francaclassificados.com\/\/source\/view\/img\/20w50.png?resize=25%2C25&#038;ssl=1\" alt=\"Imagem compartilhar whatsapp\"\/><\/p>\n<p>                <img data-recalc-dims=\"1\" loading=\"lazy\" decoding=\"async\" width=\"25\" height=\"25\" src=\"https:\/\/i0.wp.com\/francaclassificados.com\/\/source\/view\/img\/18w50.png?resize=25%2C25&#038;ssl=1\" alt=\"Imagem compartilhar facebook\"\/><\/p>\n<\/p><\/div>\n<div class=\"emp\">\n<p>\n            PRECISA-SE DE AUXILIAR DE MONTAGEM\/GUARDAR FORMA, AUXILIAR DE INJETORA, CAL\u00c7ADOR DE CABEDAL NA FORMA, SACADOR DE CABEDAL DA FORMA, AUXILIAR DE ACABAMENTO\/FAZER CAIXA. BENEFICIOS: VALE TRANSPORTE, PLR, SEGURO DE VIDA, CARGA HORARIA: SEGUNDA A SEXTA. ENVIAR CURR\u00cdCULO PELO WHATSAPP 16 3713-7300 MENCIONAR A VAGA DESEJADA PARA AGENDAR A ENTREVISTA.\n            <\/p>\n<p><strong>Compartilhe:<\/strong><\/p>\n<p>                <img data-recalc-dims=\"1\" loading=\"lazy\" decoding=\"async\" width=\"25\" height=\"25\" src=\"https:\/\/i0.wp.com\/francaclassificados.com\/\/source\/view\/img\/20w50.png?resize=25%2C25&#038;ssl=1\" alt=\"Imagem compartilhar whatsapp\"\/><\/p>\n<p>                <img data-recalc-dims=\"1\" loading=\"lazy\" decoding=\"async\" width=\"25\" height=\"25\" src=\"https:\/\/i0.wp.com\/francaclassificados.com\/\/source\/view\/img\/18w50.png?resize=25%2C25&#038;ssl=1\" alt=\"Imagem compartilhar facebook\"\/><\/p>\n<\/p><\/div>\n<p>    <script async=\"\" src=\"https:\/\/pagead2.googlesyndication.com\/pagead\/js\/adsbygoogle.js?client=ca-pub-2853392113352629\" crossorigin=\"anonymous\"\/>\n    <ins class=\"adsbygoogle\" style=\"display:block\" data-ad-client=\"ca-pub-2853392113352629\" data-ad-slot=\"2925831803\" data-ad-format=\"auto\" data-full-width-responsive=\"true\"\/>\n    <script><![CDATA[\n    (adsbygoogle = window.adsbygoogle || []).push({});\n    ]]><\/script><\/p>\n<div class=\"emp\">\n<p>\n            PRECISA-SE DE AUXILIAR DE ESCRIT\u00d3RIO, CILINDREIRO, OPERADOR DE BAMBURY, AUXILIAR DE PRODU\u00c7\u00c3O E OPERADOR DE EXTRUSORA PVC (REVIR\u00c3O). ENVIAR CURRICULO PARA RH@SOFTWORKSEPI.COM.BR OU DEIXAR PESSOALMENTE NA AV. TRIST\u00c3O DE ALMEIDA, 3771 \u2013 DISTRITO INDUSTRIAL.\n            <\/p>\n<p><strong>Compartilhe:<\/strong><\/p>\n<p>                <img data-recalc-dims=\"1\" loading=\"lazy\" decoding=\"async\" width=\"25\" height=\"25\" src=\"https:\/\/i0.wp.com\/francaclassificados.com\/\/source\/view\/img\/20w50.png?resize=25%2C25&#038;ssl=1\" alt=\"Imagem compartilhar whatsapp\"\/><\/p>\n<p>                <img data-recalc-dims=\"1\" loading=\"lazy\" decoding=\"async\" width=\"25\" height=\"25\" src=\"https:\/\/i0.wp.com\/francaclassificados.com\/\/source\/view\/img\/18w50.png?resize=25%2C25&#038;ssl=1\" alt=\"Imagem compartilhar facebook\"\/><\/p>\n<\/p><\/div>\n<div class=\"emp\">\n<p>\n            PRECISA-SE DE OPERADOR MAQUINA STRING \/ STRINGADOR COM EXPERI\u00caNCIA, PERFIL RESPONSAVEL E COMPROMETIDO. INTERESSADOS ENVIAR CURRICULO WHATSAPP 16 3721 8372 OU ENTREGAR CURRICULO NO ENDERE\u00c7O RUA HIPOLITO ANTONIO PINHEIRO, 3810 \u2013 JARDIM INTEGRA\u00c7\u00c3O.\n            <\/p>\n<p><strong>Compartilhe:<\/strong><\/p>\n<p>                <img data-recalc-dims=\"1\" loading=\"lazy\" decoding=\"async\" width=\"25\" height=\"25\" src=\"https:\/\/i0.wp.com\/francaclassificados.com\/\/source\/view\/img\/20w50.png?resize=25%2C25&#038;ssl=1\" alt=\"Imagem compartilhar whatsapp\"\/><\/p>\n<p>                <img data-recalc-dims=\"1\" loading=\"lazy\" decoding=\"async\" width=\"25\" height=\"25\" src=\"https:\/\/i0.wp.com\/francaclassificados.com\/\/source\/view\/img\/18w50.png?resize=25%2C25&#038;ssl=1\" alt=\"Imagem compartilhar facebook\"\/><\/p>\n<\/p><\/div>\n<p>    <script async=\"\" src=\"https:\/\/pagead2.googlesyndication.com\/pagead\/js\/adsbygoogle.js?client=ca-pub-2853392113352629\" crossorigin=\"anonymous\"\/>\n    <ins class=\"adsbygoogle\" style=\"display:block\" data-ad-client=\"ca-pub-2853392113352629\" data-ad-slot=\"2925831803\" data-ad-format=\"auto\" data-full-width-responsive=\"true\"\/>\n    <script><![CDATA[\n    (adsbygoogle = window.adsbygoogle || []).push({});\n    ]]><\/script><\/p>\n<div class=\"emp\">\n<p>\n            PRECISA-SE DE AUXILIAR DE MONTAGEM, AUXILIAR DE ALMOXARIFADO, AUXILIAR DE PR\u00c9-FREZADO E LIXADOR DE PLANTA, NO JARDIM DERMINIO. ENVIAR CURR\u00cdCULOS PARA 99459-8503.\n            <\/p>\n<p><strong>Compartilhe:<\/strong><\/p>\n<p>                <img data-recalc-dims=\"1\" loading=\"lazy\" decoding=\"async\" width=\"25\" height=\"25\" src=\"https:\/\/i0.wp.com\/francaclassificados.com\/\/source\/view\/img\/20w50.png?resize=25%2C25&#038;ssl=1\" alt=\"Imagem compartilhar whatsapp\"\/><\/p>\n<p>                <img data-recalc-dims=\"1\" loading=\"lazy\" decoding=\"async\" width=\"25\" height=\"25\" src=\"https:\/\/i0.wp.com\/francaclassificados.com\/\/source\/view\/img\/18w50.png?resize=25%2C25&#038;ssl=1\" alt=\"Imagem compartilhar facebook\"\/><\/p>\n<\/p><\/div>\n<div class=\"emp\">\n<p>\n            PRECISA-SE DE DESCEDOR DE BASE, REVISOR(A) DE ACABAMENTO, COLADEIRA DE PE\u00c7AS, COM EXPERI\u00caNCIA. ENTREGAR CURRICULUM NA RUA BRUNO CILURZO, 1630 \u2013 JD. DERMINIO.\n            <\/p>\n<p><strong>Compartilhe:<\/strong><\/p>\n<p>                <img data-recalc-dims=\"1\" loading=\"lazy\" decoding=\"async\" width=\"25\" height=\"25\" src=\"https:\/\/i0.wp.com\/francaclassificados.com\/\/source\/view\/img\/20w50.png?resize=25%2C25&#038;ssl=1\" alt=\"Imagem compartilhar whatsapp\"\/><\/p>\n<p>                <img data-recalc-dims=\"1\" loading=\"lazy\" decoding=\"async\" width=\"25\" height=\"25\" src=\"https:\/\/i0.wp.com\/francaclassificados.com\/\/source\/view\/img\/18w50.png?resize=25%2C25&#038;ssl=1\" alt=\"Imagem compartilhar facebook\"\/><\/p>\n<\/p><\/div>\n<p>    <script async=\"\" src=\"https:\/\/pagead2.googlesyndication.com\/pagead\/js\/adsbygoogle.js?client=ca-pub-2853392113352629\" crossorigin=\"anonymous\"\/>\n    <ins class=\"adsbygoogle\" style=\"display:block\" data-ad-client=\"ca-pub-2853392113352629\" data-ad-slot=\"2925831803\" data-ad-format=\"auto\" data-full-width-responsive=\"true\"\/>\n    <script><![CDATA[\n    (adsbygoogle = window.adsbygoogle || []).push({});\n    ]]><\/script><\/p>\n<div class=\"emp\">\n<p>\n            PRECISA-SE DE REVISOR(A)\/EMPACOTADOR(A) DE SOLA, PRENSSEIRO COM PRATICA EM LATEX E COSTURADOR\/EIRA DE VIRAS \u2013 INTERESSADOS ENVIAR CURR\u00cdCULUM PARA O E-MAIL solaviras@hotmail.com OU COMPARECER \u00c0 RUA BENEDITO BARBOSA, 1150 -JARDIM PAULISTANO.\n            <\/p>\n<p><strong>Compartilhe:<\/strong><\/p>\n<p>                <img data-recalc-dims=\"1\" loading=\"lazy\" decoding=\"async\" width=\"25\" height=\"25\" src=\"https:\/\/i0.wp.com\/francaclassificados.com\/\/source\/view\/img\/20w50.png?resize=25%2C25&#038;ssl=1\" alt=\"Imagem compartilhar whatsapp\"\/><\/p>\n<p>                <img data-recalc-dims=\"1\" loading=\"lazy\" decoding=\"async\" width=\"25\" height=\"25\" src=\"https:\/\/i0.wp.com\/francaclassificados.com\/\/source\/view\/img\/18w50.png?resize=25%2C25&#038;ssl=1\" alt=\"Imagem compartilhar facebook\"\/><\/p>\n<\/p><\/div>\n<div class=\"emp\">\n<p>\n            PRECISA-SE DE CILINDREIRO E AJUDANTE DE CILINDRO, APARADOR\/APARADEIRA DE SOLA \u2013 RUA GILBERTO AGUILAR, 1120 \u2013 PAULISTANO 1.\n            <\/p>\n<p><strong>Compartilhe:<\/strong><\/p>\n<p>                <img data-recalc-dims=\"1\" loading=\"lazy\" decoding=\"async\" width=\"25\" height=\"25\" src=\"https:\/\/i0.wp.com\/francaclassificados.com\/\/source\/view\/img\/20w50.png?resize=25%2C25&#038;ssl=1\" alt=\"Imagem compartilhar whatsapp\"\/><\/p>\n<p>                <img data-recalc-dims=\"1\" loading=\"lazy\" decoding=\"async\" width=\"25\" height=\"25\" src=\"https:\/\/i0.wp.com\/francaclassificados.com\/\/source\/view\/img\/18w50.png?resize=25%2C25&#038;ssl=1\" alt=\"Imagem compartilhar facebook\"\/><\/p>\n<\/p><\/div>\n<p>    <script async=\"\" src=\"https:\/\/pagead2.googlesyndication.com\/pagead\/js\/adsbygoogle.js?client=ca-pub-2853392113352629\" crossorigin=\"anonymous\"\/>\n    <ins class=\"adsbygoogle\" style=\"display:block\" data-ad-client=\"ca-pub-2853392113352629\" data-ad-slot=\"2925831803\" data-ad-format=\"auto\" data-full-width-responsive=\"true\"\/>\n    <script><![CDATA[\n    (adsbygoogle = window.adsbygoogle || []).push({});\n    ]]><\/script><\/p>\n<div class=\"emp\">\n<p>\n            PRECISA-SE DE UMA COLADEIRA DE PE\u00c7A QUE SAIBA DOBRAR COM PR\u00c1TICA, SAPATO INFANTIL. ENTRAR EM CONTATO PELO WHATSAPP 16 99366-0067.\n            <\/p>\n<p><strong>Compartilhe:<\/strong><\/p>\n<p>                <img data-recalc-dims=\"1\" loading=\"lazy\" decoding=\"async\" width=\"25\" height=\"25\" src=\"https:\/\/i0.wp.com\/francaclassificados.com\/\/source\/view\/img\/20w50.png?resize=25%2C25&#038;ssl=1\" alt=\"Imagem compartilhar whatsapp\"\/><\/p>\n<p>                <img data-recalc-dims=\"1\" loading=\"lazy\" decoding=\"async\" width=\"25\" height=\"25\" src=\"https:\/\/i0.wp.com\/francaclassificados.com\/\/source\/view\/img\/18w50.png?resize=25%2C25&#038;ssl=1\" alt=\"Imagem compartilhar facebook\"\/><\/p>\n<\/p><\/div>\n<div class=\"emp\">\n<p>\n            PRECISA-SE DE REVISOR DE PESPONTO \u2013 16 99166-5983.\n            <\/p>\n<p><strong>Compartilhe:<\/strong><\/p>\n<p>                <img data-recalc-dims=\"1\" loading=\"lazy\" decoding=\"async\" width=\"25\" height=\"25\" src=\"https:\/\/i0.wp.com\/francaclassificados.com\/\/source\/view\/img\/20w50.png?resize=25%2C25&#038;ssl=1\" alt=\"Imagem compartilhar whatsapp\"\/><\/p>\n<p>                <img data-recalc-dims=\"1\" loading=\"lazy\" decoding=\"async\" width=\"25\" height=\"25\" src=\"https:\/\/i0.wp.com\/francaclassificados.com\/\/source\/view\/img\/18w50.png?resize=25%2C25&#038;ssl=1\" alt=\"Imagem compartilhar facebook\"\/><\/p>\n<\/p><\/div>\n<p>    <script async=\"\" src=\"https:\/\/pagead2.googlesyndication.com\/pagead\/js\/adsbygoogle.js?client=ca-pub-2853392113352629\" crossorigin=\"anonymous\"\/>\n    <ins class=\"adsbygoogle\" style=\"display:block\" data-ad-client=\"ca-pub-2853392113352629\" data-ad-slot=\"2925831803\" data-ad-format=\"auto\" data-full-width-responsive=\"true\"\/>\n    <script><![CDATA[\n    (adsbygoogle = window.adsbygoogle || []).push({});\n    ]]><\/script><\/p>\n<div class=\"emp\"><!--01\/08--><\/p>\n<p>\n            Auxiliar de Log\u00edstica<br \/>Requisitos: <br \/>Ensino Fundamental completo.<br \/>Disponibilidade para atuar com atividades operacionais.<br \/>Tem interesse nesta oportunidade? <br \/>Entre em contato pelo n\u00famero (11) 95349-0553.\n            <\/p>\n<p><strong>Compartilhe:<\/strong><\/p>\n<p>                <img data-recalc-dims=\"1\" loading=\"lazy\" decoding=\"async\" width=\"25\" height=\"25\" src=\"https:\/\/i0.wp.com\/francaclassificados.com\/\/source\/view\/img\/20w50.png?resize=25%2C25&#038;ssl=1\" alt=\"Imagem compartilhar whatsapp\"\/><\/p>\n<p>                <img data-recalc-dims=\"1\" loading=\"lazy\" decoding=\"async\" width=\"25\" height=\"25\" src=\"https:\/\/i0.wp.com\/francaclassificados.com\/\/source\/view\/img\/18w50.png?resize=25%2C25&#038;ssl=1\" alt=\"Imagem compartilhar facebook\"\/><\/p>\n<\/p><\/div>\n<div class=\"emp\"><!--31\/07--><\/p>\n<p>\n            MOTORISTA ENTREGA\/COLETA Franca<br \/>Ensino m\u00e9dio completo<br \/>Ter atuado na \u00e1rea de log\u00edstica\/transporte ser\u00e1 um diferencial.<br \/>Ter\u00e1 como principal tarefa ENTREGAS\/COLETAS de mercadorias em Franca, Necess\u00e1rio EXPERI\u00caNCIA e conhecimento no sistema GPS<br \/>De Segunda a sexta 08:00 \u00e0s 18:00 e S\u00e1bado das 08:00 \u00e0s 12:00<br \/>Sal\u00e1rio R$ 2.330,00<br \/>Interessado ? Enviar curr\u00edculo para oportunidademdl@gmail.com<br \/>Colocar no assunto VAGA MOTORISTA  ENTREGA\/COLETA Franca\n            <\/p>\n<p><strong>Compartilhe:<\/strong><\/p>\n<p>                <img data-recalc-dims=\"1\" loading=\"lazy\" decoding=\"async\" width=\"25\" height=\"25\" src=\"https:\/\/i0.wp.com\/francaclassificados.com\/\/source\/view\/img\/20w50.png?resize=25%2C25&#038;ssl=1\" alt=\"Imagem compartilhar whatsapp\"\/><\/p>\n<p>                <img data-recalc-dims=\"1\" loading=\"lazy\" decoding=\"async\" width=\"25\" height=\"25\" src=\"https:\/\/i0.wp.com\/francaclassificados.com\/\/source\/view\/img\/18w50.png?resize=25%2C25&#038;ssl=1\" alt=\"Imagem compartilhar facebook\"\/><\/p>\n<\/p><\/div>\n<p>    <script async=\"\" src=\"https:\/\/pagead2.googlesyndication.com\/pagead\/js\/adsbygoogle.js?client=ca-pub-2853392113352629\" crossorigin=\"anonymous\"\/>\n    <ins class=\"adsbygoogle\" style=\"display:block\" data-ad-client=\"ca-pub-2853392113352629\" data-ad-slot=\"2925831803\" data-ad-format=\"auto\" data-full-width-responsive=\"true\"\/>\n    <script><![CDATA[\n    (adsbygoogle = window.adsbygoogle || []).push({});\n    ]]><\/script><\/p>\n<div class=\"emp\"><!--29\/07--><\/p>\n<p>\n            Atendente de Restaurante <br \/>Descri\u00e7\u00e3o: Vaga para atendente de restaurante noturno.<br \/>Requisitos: ter acima de 18 anos <br \/>Forma(s) de contato 016 99786-4564\n            <\/p>\n<p><strong>Compartilhe:<\/strong><\/p>\n<p>                <img data-recalc-dims=\"1\" loading=\"lazy\" decoding=\"async\" width=\"25\" height=\"25\" src=\"https:\/\/i0.wp.com\/francaclassificados.com\/\/source\/view\/img\/20w50.png?resize=25%2C25&#038;ssl=1\" alt=\"Imagem compartilhar whatsapp\"\/><\/p>\n<p>                <img data-recalc-dims=\"1\" loading=\"lazy\" decoding=\"async\" width=\"25\" height=\"25\" src=\"https:\/\/i0.wp.com\/francaclassificados.com\/\/source\/view\/img\/18w50.png?resize=25%2C25&#038;ssl=1\" alt=\"Imagem compartilhar facebook\"\/><\/p>\n<\/p><\/div>\n<div class=\"emp\"><!--26\/07--><\/p>\n<p>\n            Contrata-se para in\u00edcio imediato:<br \/>* Enfuma\u00e7ador que saiba fazer conserto.<br \/>Interessados enviar curr\u00edculo para rh@dubuy.com.br\n            <\/p>\n<p><strong>Compartilhe:<\/strong><\/p>\n<p>                <img data-recalc-dims=\"1\" loading=\"lazy\" decoding=\"async\" width=\"25\" height=\"25\" src=\"https:\/\/i0.wp.com\/francaclassificados.com\/\/source\/view\/img\/20w50.png?resize=25%2C25&#038;ssl=1\" alt=\"Imagem compartilhar whatsapp\"\/><\/p>\n<p>                <img data-recalc-dims=\"1\" loading=\"lazy\" decoding=\"async\" width=\"25\" height=\"25\" src=\"https:\/\/i0.wp.com\/francaclassificados.com\/\/source\/view\/img\/18w50.png?resize=25%2C25&#038;ssl=1\" alt=\"Imagem compartilhar facebook\"\/><\/p>\n<\/p><\/div>\n<p>    <script async=\"\" src=\"https:\/\/pagead2.googlesyndication.com\/pagead\/js\/adsbygoogle.js?client=ca-pub-2853392113352629\" crossorigin=\"anonymous\"\/>\n    <ins class=\"adsbygoogle\" style=\"display:block\" data-ad-client=\"ca-pub-2853392113352629\" data-ad-slot=\"2925831803\" data-ad-format=\"auto\" data-full-width-responsive=\"true\"\/>\n    <script><![CDATA[\n    (adsbygoogle = window.adsbygoogle || []).push({});\n    ]]><\/script><\/p>\n<div class=\"emp\"><!--23\/07--><\/p>\n<p>\n            Contrata-se vendedora para loja infantil.<br \/>Requisitos: acima de 18 anos, comunicativa, experi\u00eancia pr\u00e9via em vendas e facilidade em lidar com crian\u00e7as.<br \/>Interessados enviar curr\u00edculo para: vagabambole@gmail.com\n            <\/p>\n<p><strong>Compartilhe:<\/strong><\/p>\n<p>                <img data-recalc-dims=\"1\" loading=\"lazy\" decoding=\"async\" width=\"25\" height=\"25\" src=\"https:\/\/i0.wp.com\/francaclassificados.com\/\/source\/view\/img\/20w50.png?resize=25%2C25&#038;ssl=1\" alt=\"Imagem compartilhar whatsapp\"\/><\/p>\n<p>                <img data-recalc-dims=\"1\" loading=\"lazy\" decoding=\"async\" width=\"25\" height=\"25\" src=\"https:\/\/i0.wp.com\/francaclassificados.com\/\/source\/view\/img\/18w50.png?resize=25%2C25&#038;ssl=1\" alt=\"Imagem compartilhar facebook\"\/><\/p>\n<\/p><\/div>\n<div class=\"emp\"><!--19\/07--><\/p>\n<p>\n            T\u00e9cnico Multskill<br \/>(Franca e S\u00e3o Sebasti\u00e3o do Para\u00edso)<br \/>Atribui\u00e7\u00f5es:<br \/>Instala\u00e7\u00f5es em campo<br \/>Atendimentos na casa do cliente<br \/>Atua\u00e7\u00e3o com fibra \u00f3ptica<br \/>Requisitos:<br \/>Conhecimento em rede de fibra \u00f3ptica (FTTx, FTTA e FTTH)<br \/>Disponibilidade para viagens<br \/>CNH definitiva e v\u00e1lida<br \/>Interessados enviar curr\u00edculo para:<br \/>rhsln@flexconstrucoes.com ou  monalisa.melo@flexconstrucoes.com\n            <\/p>\n<p><strong>Compartilhe:<\/strong><\/p>\n<p>                <img data-recalc-dims=\"1\" loading=\"lazy\" decoding=\"async\" width=\"25\" height=\"25\" src=\"https:\/\/i0.wp.com\/francaclassificados.com\/\/source\/view\/img\/20w50.png?resize=25%2C25&#038;ssl=1\" alt=\"Imagem compartilhar whatsapp\"\/><\/p>\n<p>                <img data-recalc-dims=\"1\" loading=\"lazy\" decoding=\"async\" width=\"25\" height=\"25\" src=\"https:\/\/i0.wp.com\/francaclassificados.com\/\/source\/view\/img\/18w50.png?resize=25%2C25&#038;ssl=1\" alt=\"Imagem compartilhar facebook\"\/><\/p>\n<\/p><\/div>\n<div class=\"emp\">\n<p>\n            Trocador de \u00d3leo<br \/>Habilidades: Responsabilidades, Comprometimento, Boa comunica\u00e7\u00e3o, Proatividade, Capacidade T\u00e9cnica, Agilidade, Aten\u00e7\u00e3o e \u00c9tica. Requisitos: Ensino M\u00e9dio Completo, 1 ano de experi\u00eancia na \u00e1rea, Conhecimento em lubrifica\u00e7\u00e3o automotiva, Conhecimento em manuten\u00e7\u00e3o preventiva e corretiva e Conhecimento em mec\u00e2nica e troca de \u00f3leo em ve\u00edculos gerais, importados e nacionais. Enviar curr\u00edculo: franlublubrificantesrh@outlook.com.br\n            <\/p>\n<p><strong>Compartilhe:<\/strong><\/p>\n<p>                <img data-recalc-dims=\"1\" loading=\"lazy\" decoding=\"async\" width=\"25\" height=\"25\" src=\"https:\/\/i0.wp.com\/francaclassificados.com\/\/source\/view\/img\/20w50.png?resize=25%2C25&#038;ssl=1\" alt=\"Imagem compartilhar whatsapp\"\/><\/p>\n<p>                <img data-recalc-dims=\"1\" loading=\"lazy\" decoding=\"async\" width=\"25\" height=\"25\" src=\"https:\/\/i0.wp.com\/francaclassificados.com\/\/source\/view\/img\/18w50.png?resize=25%2C25&#038;ssl=1\" alt=\"Imagem compartilhar facebook\"\/><\/p>\n<\/p><\/div>\n<p>    <script async=\"\" src=\"https:\/\/pagead2.googlesyndication.com\/pagead\/js\/adsbygoogle.js?client=ca-pub-2853392113352629\" crossorigin=\"anonymous\"\/>\n    <ins class=\"adsbygoogle\" style=\"display:block\" data-ad-client=\"ca-pub-2853392113352629\" data-ad-slot=\"2925831803\" data-ad-format=\"auto\" data-full-width-responsive=\"true\"\/>\n    <script><![CDATA[\n    (adsbygoogle = window.adsbygoogle || []).push({});\n    ]]><\/script>  <\/p>\n<div class=\"emp\">\n<p>\n            Contrata-se Coladeira de pe\u00e7as Amostra ,Apontador de sola, com experi\u00eancia.Entregar curr\u00edculo Av Angelo Pedro,3043 Santa Cruz\n            <\/p>\n<p><strong>Compartilhe:<\/strong><\/p>\n<p>                <img data-recalc-dims=\"1\" loading=\"lazy\" decoding=\"async\" width=\"25\" height=\"25\" src=\"https:\/\/i0.wp.com\/francaclassificados.com\/\/source\/view\/img\/20w50.png?resize=25%2C25&#038;ssl=1\" alt=\"Imagem compartilhar whatsapp\"\/><\/p>\n<p>                <img data-recalc-dims=\"1\" loading=\"lazy\" decoding=\"async\" width=\"25\" height=\"25\" src=\"https:\/\/i0.wp.com\/francaclassificados.com\/\/source\/view\/img\/18w50.png?resize=25%2C25&#038;ssl=1\" alt=\"Imagem compartilhar facebook\"\/><\/p>\n<\/p><\/div>\n<div class=\"emp\">\n<p>\n            Motorista Entrega\/Coleta<br \/>Estamos em busca de motoristas categoria A e B para fazer parte da nossa equipe. Se voc\u00ea tem experi\u00eancia na \u00e1rea de transporte e log\u00edstica, \u00e9 organizado e tem habilidades para trabalhar em um ambiente din\u00e2mico, queremos conhec\u00ea-lo! Perfil T\u00e9cnico: Ensino m\u00e9dio completo. Atividades: Entregas e coletas em Franca e regi\u00e3o. Sal\u00e1rio: R$ 2.330,74, Cesta b\u00e1sica, PLR, Vale transporte. Interessado ? Enviar curr\u00edculo para oportunidademdl@gmail.com\n            <\/p>\n<p><strong>Compartilhe:<\/strong><\/p>\n<p>                <img data-recalc-dims=\"1\" loading=\"lazy\" decoding=\"async\" width=\"25\" height=\"25\" src=\"https:\/\/i0.wp.com\/francaclassificados.com\/\/source\/view\/img\/20w50.png?resize=25%2C25&#038;ssl=1\" alt=\"Imagem compartilhar whatsapp\"\/><\/p>\n<p>                <img data-recalc-dims=\"1\" loading=\"lazy\" decoding=\"async\" width=\"25\" height=\"25\" src=\"https:\/\/i0.wp.com\/francaclassificados.com\/\/source\/view\/img\/18w50.png?resize=25%2C25&#038;ssl=1\" alt=\"Imagem compartilhar facebook\"\/><\/p>\n<\/p><\/div>\n<p>    <script async=\"\" src=\"https:\/\/pagead2.googlesyndication.com\/pagead\/js\/adsbygoogle.js?client=ca-pub-2853392113352629\" crossorigin=\"anonymous\"\/>\n    <ins class=\"adsbygoogle\" style=\"display:block\" data-ad-client=\"ca-pub-2853392113352629\" data-ad-slot=\"2925831803\" data-ad-format=\"auto\" data-full-width-responsive=\"true\"\/>\n    <script><![CDATA[\n    (adsbygoogle = window.adsbygoogle || []).push({});\n    ]]><\/script>  <\/p>\n<div class=\"emp\">\n<p>\n            MOTORISTA CAMINH\u00c3O (CNH-D)<br \/>Contrata-se MOTORISTA DISTRIBUI\u00c7\u00c3O, para a vaga \u00e9 necess\u00e1rio CNH-D as responsabilidades da vaga s\u00e3o: efetuar entregas de produtos conforme padr\u00e3o exigido pela empresa, demonstrar comportamento pessoal e profissional compat\u00edveis com a fun\u00e7\u00e3o e cumprir rigorosamente todos os procedimentos definidos pela equipe. Interessados encaminhar curr\u00edculo para o WhatsApp 16-99195-7140 ou e-mail recrutamento@rizatti.com.br\n            <\/p>\n<p><strong>Compartilhe:<\/strong><\/p>\n<p>                <img data-recalc-dims=\"1\" loading=\"lazy\" decoding=\"async\" width=\"25\" height=\"25\" src=\"https:\/\/i0.wp.com\/francaclassificados.com\/\/source\/view\/img\/20w50.png?resize=25%2C25&#038;ssl=1\" alt=\"Imagem compartilhar whatsapp\"\/><\/p>\n<p>                <img data-recalc-dims=\"1\" loading=\"lazy\" decoding=\"async\" width=\"25\" height=\"25\" src=\"https:\/\/i0.wp.com\/francaclassificados.com\/\/source\/view\/img\/18w50.png?resize=25%2C25&#038;ssl=1\" alt=\"Imagem compartilhar facebook\"\/><\/p>\n<\/p><\/div>\n<div class=\"emp\">\n<p>\n            CONTRATA AUXILIAR PRODU\u00c7\u00c3O, PASSADEIRA COLA NA SOLA E CABEDAL, COLADEIRA PE\u00c7AS E PESPONTADOR - INTERESSADOS DEIXAREM CURRICULUM AV. DOM PEDRO I, 525 - JARDIM PETRAGLIA - \u00c9 NECESS\u00c1RIO EXPERI\u00caNCIA NA FUN\u00c7\u00c3O.\n            <\/p>\n<p><strong>Compartilhe:<\/strong><\/p>\n<p>                <img data-recalc-dims=\"1\" loading=\"lazy\" decoding=\"async\" width=\"25\" height=\"25\" src=\"https:\/\/i0.wp.com\/francaclassificados.com\/\/source\/view\/img\/20w50.png?resize=25%2C25&#038;ssl=1\" alt=\"Imagem compartilhar whatsapp\"\/><\/p>\n<p>                <img data-recalc-dims=\"1\" loading=\"lazy\" decoding=\"async\" width=\"25\" height=\"25\" src=\"https:\/\/i0.wp.com\/francaclassificados.com\/\/source\/view\/img\/18w50.png?resize=25%2C25&#038;ssl=1\" alt=\"Imagem compartilhar facebook\"\/><\/p>\n<\/p><\/div>\n<p>    <script async=\"\" src=\"https:\/\/pagead2.googlesyndication.com\/pagead\/js\/adsbygoogle.js?client=ca-pub-2853392113352629\" crossorigin=\"anonymous\"\/>\n    <ins class=\"adsbygoogle\" style=\"display:block\" data-ad-client=\"ca-pub-2853392113352629\" data-ad-slot=\"2925831803\" data-ad-format=\"auto\" data-full-width-responsive=\"true\"\/>\n    <script><![CDATA[\n    (adsbygoogle = window.adsbygoogle || []).push({});\n    ]]><\/script> <\/p>\n<div class=\"emp\">\n<p>\n            Banca de pesponto<br \/>Contrata-se BANCA DE PESPONTO para sapato social, bota feminina. Interessados entrar em contato com Cristofer no telefone 16.99148-2178\n            <\/p>\n<p><strong>Compartilhe:<\/strong><\/p>\n<p>                <img data-recalc-dims=\"1\" loading=\"lazy\" decoding=\"async\" width=\"25\" height=\"25\" src=\"https:\/\/i0.wp.com\/francaclassificados.com\/\/source\/view\/img\/20w50.png?resize=25%2C25&#038;ssl=1\" alt=\"Imagem compartilhar whatsapp\"\/><\/p>\n<p>                <img data-recalc-dims=\"1\" loading=\"lazy\" decoding=\"async\" width=\"25\" height=\"25\" src=\"https:\/\/i0.wp.com\/francaclassificados.com\/\/source\/view\/img\/18w50.png?resize=25%2C25&#038;ssl=1\" alt=\"Imagem compartilhar facebook\"\/><\/p>\n<\/p><\/div>\n<div class=\"emp\">\n<p>\n            CONSULTOR DE VENDAS<br \/>QUER SER O PROTAGONISTA DO SEU SUCESSO? Junte-se a n\u00f3s e seja protagonista do seu sucesso, seja nosso Consultor de Vendas Vitta Franca: Apaixone-se pela arte de vender, supere metas e conquiste seus objetivos. Remunera\u00e7\u00e3o fixa + comiss\u00e3o + premia\u00e7\u00f5es vari\u00e1veis de acordo com campanhas comerciais.<br \/>\n            <br \/>matheus.teles@vendasvitta.com.br\n            <\/p>\n<p><strong>Compartilhe:<\/strong><\/p>\n<p>                <img data-recalc-dims=\"1\" loading=\"lazy\" decoding=\"async\" width=\"25\" height=\"25\" src=\"https:\/\/i0.wp.com\/francaclassificados.com\/\/source\/view\/img\/20w50.png?resize=25%2C25&#038;ssl=1\" alt=\"Imagem compartilhar whatsapp\"\/><\/p>\n<p>                <img data-recalc-dims=\"1\" loading=\"lazy\" decoding=\"async\" width=\"25\" height=\"25\" src=\"https:\/\/i0.wp.com\/francaclassificados.com\/\/source\/view\/img\/18w50.png?resize=25%2C25&#038;ssl=1\" alt=\"Imagem compartilhar facebook\"\/><\/p>\n<\/p><\/div>\n<p>    <script async=\"\" src=\"https:\/\/pagead2.googlesyndication.com\/pagead\/js\/adsbygoogle.js?client=ca-pub-2853392113352629\" crossorigin=\"anonymous\"\/>\n    <ins class=\"adsbygoogle\" style=\"display:block\" data-ad-client=\"ca-pub-2853392113352629\" data-ad-slot=\"2925831803\" data-ad-format=\"auto\" data-full-width-responsive=\"true\"\/>\n    <script><![CDATA[\n    (adsbygoogle = window.adsbygoogle || []).push({});\n    ]]><\/script>  <\/p>\n<div class=\"emp\">\n<p>\n            COORDENADOR DE VENDAS<br \/>Empresa varejista contrata Coordenador de Vendas, com as seguintes atribui\u00e7\u00f5es: Liderar e gerenciar a equipe de vendas, oferecendo suporte, orienta\u00e7\u00e3o e treinamento para alcan\u00e7ar metas e objetivos estabelecidos. Desenvolver estrat\u00e9gias de vendas eficazes e implementar planos para aumentar as receitas e a participa\u00e7\u00e3o de mercado. Monitorar o desempenho da equipe, fornecendo feedback regular e identificando \u00e1reas de melhoria. Curriculos : jls.gest\u00e3o@gmail.com\n            <\/p>\n<p><strong>Compartilhe:<\/strong><\/p>\n<p>                <img data-recalc-dims=\"1\" loading=\"lazy\" decoding=\"async\" width=\"25\" height=\"25\" src=\"https:\/\/i0.wp.com\/francaclassificados.com\/\/source\/view\/img\/20w50.png?resize=25%2C25&#038;ssl=1\" alt=\"Imagem compartilhar whatsapp\"\/><\/p>\n<p>                <img data-recalc-dims=\"1\" loading=\"lazy\" decoding=\"async\" width=\"25\" height=\"25\" src=\"https:\/\/i0.wp.com\/francaclassificados.com\/\/source\/view\/img\/18w50.png?resize=25%2C25&#038;ssl=1\" alt=\"Imagem compartilhar facebook\"\/><\/p>\n<\/p><\/div>\n<div class=\"emp\">\n<p>\n            EST\u00c1GIO<br \/>Temos vagas de estagio, para ambos os sexos, para montagem de placa pci de circuito eletronico, trabalho de segunda a sexta feira das 7:30 as 13:30 hrs (6 horas por dia) bolsa estagio no valor de R$ 1000,00 + 100,00 de ajuda transporte ... interessados por favor enviar curriculo para o email \/ vagas.rhon@gmail.com.br\n            <\/p>\n<p><strong>Compartilhe:<\/strong><\/p>\n<p>                <img data-recalc-dims=\"1\" loading=\"lazy\" decoding=\"async\" width=\"25\" height=\"25\" src=\"https:\/\/i0.wp.com\/francaclassificados.com\/\/source\/view\/img\/20w50.png?resize=25%2C25&#038;ssl=1\" alt=\"Imagem compartilhar whatsapp\"\/><\/p>\n<p>                <img data-recalc-dims=\"1\" loading=\"lazy\" decoding=\"async\" width=\"25\" height=\"25\" src=\"https:\/\/i0.wp.com\/francaclassificados.com\/\/source\/view\/img\/18w50.png?resize=25%2C25&#038;ssl=1\" alt=\"Imagem compartilhar facebook\"\/><\/p>\n<\/p><\/div>\n<p>    <script async=\"\" src=\"https:\/\/pagead2.googlesyndication.com\/pagead\/js\/adsbygoogle.js?client=ca-pub-2853392113352629\" crossorigin=\"anonymous\"\/>\n    <ins class=\"adsbygoogle\" style=\"display:block\" data-ad-client=\"ca-pub-2853392113352629\" data-ad-slot=\"2925831803\" data-ad-format=\"auto\" data-full-width-responsive=\"true\"\/>\n    <script><![CDATA[\n    (adsbygoogle = window.adsbygoogle || []).push({});\n    ]]><\/script>  <\/p>\n<div class=\"emp\">\n<p>\n            MOTORISTA categoria D<br \/>Empresa no ramo de combust\u00edveis, contrata motorista categoria D. Oferece sal\u00e1rio no valor de R$ 2596,01 + adicional de periculosidade R$ 778,80 + cesta b\u00e1sica. Necess\u00e1rio curso MOPP. Interessados enviar curr\u00edculo para rhpostoselecao@hotmail.com\n            <\/p>\n<p><strong>Compartilhe:<\/strong><\/p>\n<p>                <img data-recalc-dims=\"1\" loading=\"lazy\" decoding=\"async\" width=\"25\" height=\"25\" src=\"https:\/\/i0.wp.com\/francaclassificados.com\/\/source\/view\/img\/20w50.png?resize=25%2C25&#038;ssl=1\" alt=\"Imagem compartilhar whatsapp\"\/><\/p>\n<p>                <img data-recalc-dims=\"1\" loading=\"lazy\" decoding=\"async\" width=\"25\" height=\"25\" src=\"https:\/\/i0.wp.com\/francaclassificados.com\/\/source\/view\/img\/18w50.png?resize=25%2C25&#038;ssl=1\" alt=\"Imagem compartilhar facebook\"\/><\/p>\n<\/p><\/div>\n<div class=\"emp\">\n<p>\n            MECANICO DE MAQUINA DIESEL E AGRICOLA - LER ANUNCIO<br \/>VAGA PARA MECANICO DE MAQUINA QUE TENHA EXPERI\u00caNCIA EM HIDRAULICA E MOTORES DIESEL, MANUTEN\u00c7\u00d5ES NAS MAQUINA DA EMPRESA COMO MOTORES, REPAROS HIDRALICOS E ATENDIMENTO DAS NA OBRA POR MANUTEN\u00c7\u00c3O, ENVIAR CURRICULO PARA powerferramentas30@gmail.com OU PELO WHATS 16 999742309. COME\u00c7O IMEDIATO, CLT + VALE REFEI\u00c7\u00c3O\n            <\/p>\n<p><strong>Compartilhe:<\/strong><\/p>\n<p>                <img data-recalc-dims=\"1\" loading=\"lazy\" decoding=\"async\" width=\"25\" height=\"25\" src=\"https:\/\/i0.wp.com\/francaclassificados.com\/\/source\/view\/img\/20w50.png?resize=25%2C25&#038;ssl=1\" alt=\"Imagem compartilhar whatsapp\"\/><\/p>\n<p>                <img data-recalc-dims=\"1\" loading=\"lazy\" decoding=\"async\" width=\"25\" height=\"25\" src=\"https:\/\/i0.wp.com\/francaclassificados.com\/\/source\/view\/img\/18w50.png?resize=25%2C25&#038;ssl=1\" alt=\"Imagem compartilhar facebook\"\/><\/p>\n<\/p><\/div>\n<p>    <script async=\"\" src=\"https:\/\/pagead2.googlesyndication.com\/pagead\/js\/adsbygoogle.js?client=ca-pub-2853392113352629\" crossorigin=\"anonymous\"\/>\n    <ins class=\"adsbygoogle\" style=\"display:block\" data-ad-client=\"ca-pub-2853392113352629\" data-ad-slot=\"2925831803\" data-ad-format=\"auto\" data-full-width-responsive=\"true\"\/>\n    <script><![CDATA[\n    (adsbygoogle = window.adsbygoogle || []).push({});\n    ]]><\/script>  <\/p>\n<div class=\"emp\">\n<p>\n            VENDEDOR(a) - EXPANS\u00c3O FRANQUIAS <br \/>Se voc\u00ea gosta de vendas, quer uma oportunidade de crescimento, e vencer na vida junte-se a n\u00f3s, Carmen Steffens (matriz) empresa moderna e com grandes desafios busca pessoas com: Boa comunica\u00e7\u00e3o, que saibam receber feedbacks, fazer mais do que o esperado, persuas\u00e3o, aprendizado r\u00e1pido e conhecimento em inform\u00e1tica, (Sal\u00e1rio fixo 2.500,00 + vale alimenta\u00e7\u00e3o + vale transporte, premia\u00e7\u00e3o por metas atingidas). enviar com assunto: VENDAS para e-mail abaixo<br \/>\n            <br \/>talentos@carmensteffens.com.br\n            <\/p>\n<p><strong>Compartilhe:<\/strong><\/p>\n<p>                <img data-recalc-dims=\"1\" loading=\"lazy\" decoding=\"async\" width=\"25\" height=\"25\" src=\"https:\/\/i0.wp.com\/francaclassificados.com\/\/source\/view\/img\/20w50.png?resize=25%2C25&#038;ssl=1\" alt=\"Imagem compartilhar whatsapp\"\/><\/p>\n<p>                <img data-recalc-dims=\"1\" loading=\"lazy\" decoding=\"async\" width=\"25\" height=\"25\" src=\"https:\/\/i0.wp.com\/francaclassificados.com\/\/source\/view\/img\/18w50.png?resize=25%2C25&#038;ssl=1\" alt=\"Imagem compartilhar facebook\"\/><\/p>\n<\/p><\/div>\n<div class=\"emp\">\n<p>\n            DOM\u00c9STICA<br \/>CONTRATA-SE DOM\u00c9STICA PARA TRABALHAR EM CASA, DE SEGUNDA A SEXTA, QUE SEJA ORGANIZADA, QUE SEJA DISPOSTA PARA EXECUTAR TODOS OS AFAZERES DOM\u00c9STICOS QUE TENHA DISPONIBILIDADE DE HORARIO E QUE SAIBA COZINHAR, QUE TENHA CONDU\u00c7\u00c3O PR\u00d3PRIA E REFER\u00caNCIAS.INTERESSADAS ENVIAR CURRICULOS PARA O EMAIL: selecao.quimica2020@gmail.com (OBSERVA\u00c7\u00c3O DISPENSAMOS ESPECULA\u00c7\u00d5ES, POR GENTILEZA ENVIAR CURRICULO QUEM REALMENTE TENHA INTERESSE NA VAGA E QUE ESTEJA DISPON\u00cdVEL).\n            <\/p>\n<p><strong>Compartilhe:<\/strong><\/p>\n<p>                <img data-recalc-dims=\"1\" loading=\"lazy\" decoding=\"async\" width=\"25\" height=\"25\" src=\"https:\/\/i0.wp.com\/francaclassificados.com\/\/source\/view\/img\/20w50.png?resize=25%2C25&#038;ssl=1\" alt=\"Imagem compartilhar whatsapp\"\/><\/p>\n<p>                <img data-recalc-dims=\"1\" loading=\"lazy\" decoding=\"async\" width=\"25\" height=\"25\" src=\"https:\/\/i0.wp.com\/francaclassificados.com\/\/source\/view\/img\/18w50.png?resize=25%2C25&#038;ssl=1\" alt=\"Imagem compartilhar facebook\"\/><\/p>\n<\/p><\/div>\n<p>    <script async=\"\" src=\"https:\/\/pagead2.googlesyndication.com\/pagead\/js\/adsbygoogle.js?client=ca-pub-2853392113352629\" crossorigin=\"anonymous\"\/>\n    <ins class=\"adsbygoogle\" style=\"display:block\" data-ad-client=\"ca-pub-2853392113352629\" data-ad-slot=\"2925831803\" data-ad-format=\"auto\" data-full-width-responsive=\"true\"\/>\n    <script><![CDATA[\n    (adsbygoogle = window.adsbygoogle || []).push({});\n    ]]><\/script>  <\/p>\n<div class=\"emp\">\n<p>\n            SUPERVISOR DE VENDAS TELEMARKETING<br \/>Empresa em expans\u00e3o, contrata Supervisor de Vendas com Experi\u00eancia comprovada no m\u00ednimo de 3 anos na fun\u00e7\u00e3o, que tenha habilidade e facilidade em formar e conduzir equipes de vendas com sucesso em resultados e fechamento de metas. Ser proativo e comunicativo, com bom poder de persuas\u00e3o, e ambicioso. Possibilidade de altos ganhos. Benef\u00edcios: CLT, vale transporte, vale refei\u00e7\u00e3o, Melhores Comiss\u00f5es e premia\u00e7\u00f5es do Mercado. Envie curr\u00edculo com foto e idade para: selecaoadmx@gmail.com\n            <\/p>\n<p><strong>Compartilhe:<\/strong><\/p>\n<p>                <img data-recalc-dims=\"1\" loading=\"lazy\" decoding=\"async\" width=\"25\" height=\"25\" src=\"https:\/\/i0.wp.com\/francaclassificados.com\/\/source\/view\/img\/20w50.png?resize=25%2C25&#038;ssl=1\" alt=\"Imagem compartilhar whatsapp\"\/><\/p>\n<p>                <img data-recalc-dims=\"1\" loading=\"lazy\" decoding=\"async\" width=\"25\" height=\"25\" src=\"https:\/\/i0.wp.com\/francaclassificados.com\/\/source\/view\/img\/18w50.png?resize=25%2C25&#038;ssl=1\" alt=\"Imagem compartilhar facebook\"\/><\/p>\n<\/p><\/div>\n<div class=\"emp\">\n<p>\n            Auxiliar de Cozinha<br \/>Requisitos: Maior de 18 anos; Experi\u00eancia na \u00e1rea, Ensino m\u00e9dio completo, Organiza\u00e7\u00e3o, Pontualidade e Disposi\u00e7\u00e3o. Trabalho no per\u00edodo noturno, incluindo finais de semana. Benef\u00edcios: seguro de vida, conv\u00eanio m\u00e9dico e odontol\u00f3gico, e refei\u00e7\u00e3o no local. Interessados enviar curr\u00edculo para rhciadapizza@gmail.com\n            <\/p>\n<p><strong>Compartilhe:<\/strong><\/p>\n<p>                <img data-recalc-dims=\"1\" loading=\"lazy\" decoding=\"async\" width=\"25\" height=\"25\" src=\"https:\/\/i0.wp.com\/francaclassificados.com\/\/source\/view\/img\/20w50.png?resize=25%2C25&#038;ssl=1\" alt=\"Imagem compartilhar whatsapp\"\/><\/p>\n<p>                <img data-recalc-dims=\"1\" loading=\"lazy\" decoding=\"async\" width=\"25\" height=\"25\" src=\"https:\/\/i0.wp.com\/francaclassificados.com\/\/source\/view\/img\/18w50.png?resize=25%2C25&#038;ssl=1\" alt=\"Imagem compartilhar facebook\"\/><\/p>\n<\/p><\/div>\n<p>    <script async=\"\" src=\"https:\/\/pagead2.googlesyndication.com\/pagead\/js\/adsbygoogle.js?client=ca-pub-2853392113352629\" crossorigin=\"anonymous\"\/>\n    <ins class=\"adsbygoogle\" style=\"display:block\" data-ad-client=\"ca-pub-2853392113352629\" data-ad-slot=\"2925831803\" data-ad-format=\"auto\" data-full-width-responsive=\"true\"\/>\n    <script><![CDATA[\n    (adsbygoogle = window.adsbygoogle || []).push({});\n    ]]><\/script>  <\/p>\n<div class=\"emp\">\n<p>\n            Coladeira de Pe\u00e7as<br \/>Fabrica de Cal\u00e7ados contrata ,Coladeira de Calcanheira, Coladeira de pe\u00e7as, Interessados enviar Curriculum no email modelagem@successfull.com.br ou comparecer na Rua Goi\u00e1s n\u00ba844 Vila Aparecida\n            <\/p>\n<p><strong>Compartilhe:<\/strong><\/p>\n<p>                <img data-recalc-dims=\"1\" loading=\"lazy\" decoding=\"async\" width=\"25\" height=\"25\" src=\"https:\/\/i0.wp.com\/francaclassificados.com\/\/source\/view\/img\/20w50.png?resize=25%2C25&#038;ssl=1\" alt=\"Imagem compartilhar whatsapp\"\/><\/p>\n<p>                <img data-recalc-dims=\"1\" loading=\"lazy\" decoding=\"async\" width=\"25\" height=\"25\" src=\"https:\/\/i0.wp.com\/francaclassificados.com\/\/source\/view\/img\/18w50.png?resize=25%2C25&#038;ssl=1\" alt=\"Imagem compartilhar facebook\"\/><\/p>\n<\/p><\/div>\n<div class=\"emp\">\n<p>\n            MARCENEIRO E MONTADOR<br \/>Com experi\u00eancia em m\u00f3veis planejados. FRANCA -SP . Interessados entrar em contato pelo whatsaap (16) 99163-2101\n            <\/p>\n<p><strong>Compartilhe:<\/strong><\/p>\n<p>                <img data-recalc-dims=\"1\" loading=\"lazy\" decoding=\"async\" width=\"25\" height=\"25\" src=\"https:\/\/i0.wp.com\/francaclassificados.com\/\/source\/view\/img\/20w50.png?resize=25%2C25&#038;ssl=1\" alt=\"Imagem compartilhar whatsapp\"\/><\/p>\n<p>                <img data-recalc-dims=\"1\" loading=\"lazy\" decoding=\"async\" width=\"25\" height=\"25\" src=\"https:\/\/i0.wp.com\/francaclassificados.com\/\/source\/view\/img\/18w50.png?resize=25%2C25&#038;ssl=1\" alt=\"Imagem compartilhar facebook\"\/><\/p>\n<\/p><\/div>\n<p>    <script async=\"\" src=\"https:\/\/pagead2.googlesyndication.com\/pagead\/js\/adsbygoogle.js?client=ca-pub-2853392113352629\" crossorigin=\"anonymous\"\/>\n    <ins class=\"adsbygoogle\" style=\"display:block\" data-ad-client=\"ca-pub-2853392113352629\" data-ad-slot=\"2925831803\" data-ad-format=\"auto\" data-full-width-responsive=\"true\"\/>\n    <script><![CDATA[\n    (adsbygoogle = window.adsbygoogle || []).push({});\n    ]]><\/script>  <\/p>\n<div class=\"emp\">\n<p>\n            Administrativo Financeiro<br \/>Contrata-se para in\u00edcio imediato, experi\u00eancia nas fun\u00e7\u00f5es: contas a pagar, receber, cobran\u00e7a, faturamento, atendimento ao cliente, conhecimento em inform\u00e1tica, disponibilidade de hor\u00e1rio, proativo, com experi\u00eancia m\u00ednima de 02 anos, sal\u00e1rio de R$ 2.000,00 + bonifica\u00e7\u00e3o (CLT),. . Interessados enviar curr\u00edculo para: rh@originalbateria.com.br...palavra chave: ADM\n            <\/p>\n<p><strong>Compartilhe:<\/strong><\/p>\n<p>                <img data-recalc-dims=\"1\" loading=\"lazy\" decoding=\"async\" width=\"25\" height=\"25\" src=\"https:\/\/i0.wp.com\/francaclassificados.com\/\/source\/view\/img\/20w50.png?resize=25%2C25&#038;ssl=1\" alt=\"Imagem compartilhar whatsapp\"\/><\/p>\n<p>                <img data-recalc-dims=\"1\" loading=\"lazy\" decoding=\"async\" width=\"25\" height=\"25\" src=\"https:\/\/i0.wp.com\/francaclassificados.com\/\/source\/view\/img\/18w50.png?resize=25%2C25&#038;ssl=1\" alt=\"Imagem compartilhar facebook\"\/><\/p>\n<\/p><\/div>\n<div class=\"emp\">\n<p>\n            Farm\u00e1cia contrata:<br \/>Vendedor interno\/ Vendedor externo \/ tr\u00e1fego pago \/ Social M\u00eddia \/ Estagi\u00e1rio \/ Administrativo \/ Auxiliar de Laborat\u00f3rio- Curr\u00edculo para E-mail para: ykn10@hotmail.com\n            <\/p>\n<p><strong>Compartilhe:<\/strong><\/p>\n<p>                <img data-recalc-dims=\"1\" loading=\"lazy\" decoding=\"async\" width=\"25\" height=\"25\" src=\"https:\/\/i0.wp.com\/francaclassificados.com\/\/source\/view\/img\/20w50.png?resize=25%2C25&#038;ssl=1\" alt=\"Imagem compartilhar whatsapp\"\/><\/p>\n<p>                <img data-recalc-dims=\"1\" loading=\"lazy\" decoding=\"async\" width=\"25\" height=\"25\" src=\"https:\/\/i0.wp.com\/francaclassificados.com\/\/source\/view\/img\/18w50.png?resize=25%2C25&#038;ssl=1\" alt=\"Imagem compartilhar facebook\"\/><\/p>\n<\/p><\/div>\n<p>    <script async=\"\" src=\"https:\/\/pagead2.googlesyndication.com\/pagead\/js\/adsbygoogle.js?client=ca-pub-2853392113352629\" crossorigin=\"anonymous\"\/>\n    <ins class=\"adsbygoogle\" style=\"display:block\" data-ad-client=\"ca-pub-2853392113352629\" data-ad-slot=\"2925831803\" data-ad-format=\"auto\" data-full-width-responsive=\"true\"\/>\n    <script><![CDATA[\n    (adsbygoogle = window.adsbygoogle || []).push({});\n    ]]><\/script>  <\/p>\n<div class=\"emp\">\n<p>\n            PCD<br \/>Buscamos profissional* Portador de Defici\u00eancia F\u00edsica* para fazer parte do nosso time. Esse profissional vai atuar em \u00e1reas administrativas ou em setor estoque. Requisitos: Ensino M\u00e9dio Completo e disponibilidade para trabalhar em hor\u00e1rio comercial de segunda \u00e1 s\u00e1bado. Benef\u00edcios: Sal\u00e1rio Fixo, Vale Transporte e Seguro de Vida. Interessados enviar curr\u00edculos para: Vagas@palaciodasferramentas.com com sigla PCD\n            <\/p>\n<p><strong>Compartilhe:<\/strong><\/p>\n<p>                <img data-recalc-dims=\"1\" loading=\"lazy\" decoding=\"async\" width=\"25\" height=\"25\" src=\"https:\/\/i0.wp.com\/francaclassificados.com\/\/source\/view\/img\/20w50.png?resize=25%2C25&#038;ssl=1\" alt=\"Imagem compartilhar whatsapp\"\/><\/p>\n<p>                <img data-recalc-dims=\"1\" loading=\"lazy\" decoding=\"async\" width=\"25\" height=\"25\" src=\"https:\/\/i0.wp.com\/francaclassificados.com\/\/source\/view\/img\/18w50.png?resize=25%2C25&#038;ssl=1\" alt=\"Imagem compartilhar facebook\"\/><\/p>\n<\/p><\/div>\n<div class=\"emp\">\n<p>\n            Vendedor (sexo masculino)<br \/>Contrata-se vendedor sexo masculino para atendimento em balc\u00e3o que tenha experi\u00eancia em atendimento ,que possua CNH A\/B para trabalhar no ramo de tintas imobili\u00e1ria e automotivas,enviar curr\u00edculo com foto no zap. 16-99280-5544\n            <\/p>\n<p><strong>Compartilhe:<\/strong><\/p>\n<p>                <img data-recalc-dims=\"1\" loading=\"lazy\" decoding=\"async\" width=\"25\" height=\"25\" src=\"https:\/\/i0.wp.com\/francaclassificados.com\/\/source\/view\/img\/20w50.png?resize=25%2C25&#038;ssl=1\" alt=\"Imagem compartilhar whatsapp\"\/><\/p>\n<p>                <img data-recalc-dims=\"1\" loading=\"lazy\" decoding=\"async\" width=\"25\" height=\"25\" src=\"https:\/\/i0.wp.com\/francaclassificados.com\/\/source\/view\/img\/18w50.png?resize=25%2C25&#038;ssl=1\" alt=\"Imagem compartilhar facebook\"\/><\/p>\n<\/p><\/div>\n<p>    <script async=\"\" src=\"https:\/\/pagead2.googlesyndication.com\/pagead\/js\/adsbygoogle.js?client=ca-pub-2853392113352629\" crossorigin=\"anonymous\"\/>\n    <ins class=\"adsbygoogle\" style=\"display:block\" data-ad-client=\"ca-pub-2853392113352629\" data-ad-slot=\"2925831803\" data-ad-format=\"auto\" data-full-width-responsive=\"true\"\/>\n    <script><![CDATA[\n    (adsbygoogle = window.adsbygoogle || []).push({});\n    ]]><\/script>  <\/p>\n<div class=\"emp\">\n<p>\n            AUXILIAR DE PRODU\u00c7\u00c3O P\/ CONFEC\u00c7\u00c3O<br \/>Contrata-se AUXILIAR DE PRODU\u00c7\u00c3O para CONFEC\u00c7\u00c3O com experi\u00eancia em Separa\u00e7\u00e3o, Etiquetagem e Prepara\u00e7\u00e3o. - Requisitos: mais de 18 anos, disponibilidade para horas extras quando necess\u00e1rio. Interessados enviar CURRICULO para o e-mail ==&gt; emprego.rh2024@gmail.com\n            <\/p>\n<p><strong>Compartilhe:<\/strong><\/p>\n<p>                <img data-recalc-dims=\"1\" loading=\"lazy\" decoding=\"async\" width=\"25\" height=\"25\" src=\"https:\/\/i0.wp.com\/francaclassificados.com\/\/source\/view\/img\/20w50.png?resize=25%2C25&#038;ssl=1\" alt=\"Imagem compartilhar whatsapp\"\/><\/p>\n<p>                <img data-recalc-dims=\"1\" loading=\"lazy\" decoding=\"async\" width=\"25\" height=\"25\" src=\"https:\/\/i0.wp.com\/francaclassificados.com\/\/source\/view\/img\/18w50.png?resize=25%2C25&#038;ssl=1\" alt=\"Imagem compartilhar facebook\"\/><\/p>\n<\/p><\/div>\n<div class=\"emp\">\n<p>\n            EMPRESA DE CAL\u00c7ADOS CONTRATA<br \/>Apontador de sola, coringa de acabamento, auxiliares de produ\u00e7\u00e3o (maiores de 18 anos). Deixar currciulo na recep\u00e7\u00e3o da empresa. Rua Otilio Monteiro dos Santos, 2960 - Distrito Industrial\n            <\/p>\n<p><strong>Compartilhe:<\/strong><\/p>\n<p>                <img data-recalc-dims=\"1\" loading=\"lazy\" decoding=\"async\" width=\"25\" height=\"25\" src=\"https:\/\/i0.wp.com\/francaclassificados.com\/\/source\/view\/img\/20w50.png?resize=25%2C25&#038;ssl=1\" alt=\"Imagem compartilhar whatsapp\"\/><\/p>\n<p>                <img data-recalc-dims=\"1\" loading=\"lazy\" decoding=\"async\" width=\"25\" height=\"25\" src=\"https:\/\/i0.wp.com\/francaclassificados.com\/\/source\/view\/img\/18w50.png?resize=25%2C25&#038;ssl=1\" alt=\"Imagem compartilhar facebook\"\/><\/p>\n<\/p><\/div>\n<p>    <script async=\"\" src=\"https:\/\/pagead2.googlesyndication.com\/pagead\/js\/adsbygoogle.js?client=ca-pub-2853392113352629\" crossorigin=\"anonymous\"\/>\n    <ins class=\"adsbygoogle\" style=\"display:block\" data-ad-client=\"ca-pub-2853392113352629\" data-ad-slot=\"2925831803\" data-ad-format=\"auto\" data-full-width-responsive=\"true\"\/>\n    <script><![CDATA[\n    (adsbygoogle = window.adsbygoogle || []).push({});\n    ]]><\/script>  <\/p>\n<div class=\"emp\">\n<p>\n            VENDEDORA<br \/>Experi\u00eancia em vendas e atua\u00e7\u00e3o com metas, ensino m\u00e9dio completo (cursos de vendas e persuas\u00e3o ser\u00e3o um diferencial) e disponibilidade de hor\u00e1rio. Postura focada na realiza\u00e7\u00e3o de suas atividades, que se autoconhe\u00e7a, tenha o h\u00e1bito de se autodesenvolver. Empresa oferece (Vale transporte + convenio Medico ) Remunera\u00e7\u00e3o fixo + premia\u00e7\u00f5es . Envie seu curr\u00edculo com foto para E-mail : selecao@atram.com.br\n            <\/p>\n<p><strong>Compartilhe:<\/strong><\/p>\n<p>                <img data-recalc-dims=\"1\" loading=\"lazy\" decoding=\"async\" width=\"25\" height=\"25\" src=\"https:\/\/i0.wp.com\/francaclassificados.com\/\/source\/view\/img\/20w50.png?resize=25%2C25&#038;ssl=1\" alt=\"Imagem compartilhar whatsapp\"\/><\/p>\n<p>                <img data-recalc-dims=\"1\" loading=\"lazy\" decoding=\"async\" width=\"25\" height=\"25\" src=\"https:\/\/i0.wp.com\/francaclassificados.com\/\/source\/view\/img\/18w50.png?resize=25%2C25&#038;ssl=1\" alt=\"Imagem compartilhar facebook\"\/><\/p>\n<\/p><\/div>\n<div class=\"emp\">\n<p>\n            A\u00e7ougueiro<br \/>Procura- se A\u00e7ougueiro com experi\u00eancia, que saiba fazer manipula\u00e7\u00e3o, n\u00e3o \u00e9 necess\u00e1rio saber desossar. Enviar Curr\u00edculo no WhatsApp (16)99455-4879 ou comparecer ao estabelecimento na Rua Ota\u00eddes Euripedes Eleuterio 2435; Jardim Pulicano\n            <\/p>\n<p><strong>Compartilhe:<\/strong><\/p>\n<p>                <img data-recalc-dims=\"1\" loading=\"lazy\" decoding=\"async\" width=\"25\" height=\"25\" src=\"https:\/\/i0.wp.com\/francaclassificados.com\/\/source\/view\/img\/20w50.png?resize=25%2C25&#038;ssl=1\" alt=\"Imagem compartilhar whatsapp\"\/><\/p>\n<p>                <img data-recalc-dims=\"1\" loading=\"lazy\" decoding=\"async\" width=\"25\" height=\"25\" src=\"https:\/\/i0.wp.com\/francaclassificados.com\/\/source\/view\/img\/18w50.png?resize=25%2C25&#038;ssl=1\" alt=\"Imagem compartilhar facebook\"\/><\/p>\n<\/p><\/div>\n<p>    <script async=\"\" src=\"https:\/\/pagead2.googlesyndication.com\/pagead\/js\/adsbygoogle.js?client=ca-pub-2853392113352629\" crossorigin=\"anonymous\"\/>\n    <ins class=\"adsbygoogle\" style=\"display:block\" data-ad-client=\"ca-pub-2853392113352629\" data-ad-slot=\"2925831803\" data-ad-format=\"auto\" data-full-width-responsive=\"true\"\/>\n    <script><![CDATA[\n    (adsbygoogle = window.adsbygoogle || []).push({});\n    ]]><\/script>  <\/p>\n<div class=\"emp\">\n<p>\n            JARDINEIRO<br \/>Zelar pela conserva\u00e7\u00e3o de plantas e \u00e1rea verde da empresa, realizando atividades de limpeza, capina, corte, replantio, aduba\u00e7\u00e3o peri\u00f3dica, irriga\u00e7\u00e3o e varredura; opera\u00e7\u00e3o de equipamentos e m\u00e1quinas espec\u00edficas de jardinagem e realizar atividades relacionadas, conforme demandas. Requisitos: Experi\u00eancia na fun\u00e7\u00e3o e na opera\u00e7\u00e3o de ro\u00e7adeira; CNH B. Empresa oferece transporte, alimenta\u00e7\u00e3o e cesta b\u00e1sica. Interessados enviar curr\u00edculo para curriculos@leitejussara.com.br ou no WhatsApp 16 99763 5346.\n            <\/p>\n<p><strong>Compartilhe:<\/strong><\/p>\n<p>                <img data-recalc-dims=\"1\" loading=\"lazy\" decoding=\"async\" width=\"25\" height=\"25\" src=\"https:\/\/i0.wp.com\/francaclassificados.com\/\/source\/view\/img\/20w50.png?resize=25%2C25&#038;ssl=1\" alt=\"Imagem compartilhar whatsapp\"\/><\/p>\n<p>                <img data-recalc-dims=\"1\" loading=\"lazy\" decoding=\"async\" width=\"25\" height=\"25\" src=\"https:\/\/i0.wp.com\/francaclassificados.com\/\/source\/view\/img\/18w50.png?resize=25%2C25&#038;ssl=1\" alt=\"Imagem compartilhar facebook\"\/><\/p>\n<\/p><\/div>\n<div class=\"emp\">\n<p>\n            AUXILIAR DE ECOMMERCE<br \/>Contrata-se Para Inicio Imediato AUXILIAR DE ECOMMERCE - FUN\u00c7\u00d5ES: - Emiss\u00e3o de Nota Fiscal - Impress\u00e3o de etiquetas Shopee\/Mercado Livre\/ Magalu\/Irroba - Separa\u00e7\u00e3o de Pedidos - Atendimento ao Cliente Pr\u00e9 e P\u00f3s Venda O cargo necessita de aten\u00e7\u00e3o, velocidade e comprometimento. CONHECIMENTOS: Facilidade de trabalhar em computador (Em especial internet) Sistema ERP Bling ( ser\u00e1 um diferencial ) Sistema Irroba ( ser\u00e1 um diferencial ) ENVIAR CURRICULO VIA WHATS: 16 994555859\n            <\/p>\n<p><strong>Compartilhe:<\/strong><\/p>\n<p>                <img data-recalc-dims=\"1\" loading=\"lazy\" decoding=\"async\" width=\"25\" height=\"25\" src=\"https:\/\/i0.wp.com\/francaclassificados.com\/\/source\/view\/img\/20w50.png?resize=25%2C25&#038;ssl=1\" alt=\"Imagem compartilhar whatsapp\"\/><\/p>\n<p>                <img data-recalc-dims=\"1\" loading=\"lazy\" decoding=\"async\" width=\"25\" height=\"25\" src=\"https:\/\/i0.wp.com\/francaclassificados.com\/\/source\/view\/img\/18w50.png?resize=25%2C25&#038;ssl=1\" alt=\"Imagem compartilhar facebook\"\/><\/p>\n<\/p><\/div>\n<p>    <script async=\"\" src=\"https:\/\/pagead2.googlesyndication.com\/pagead\/js\/adsbygoogle.js?client=ca-pub-2853392113352629\" crossorigin=\"anonymous\"\/>\n    <ins class=\"adsbygoogle\" style=\"display:block\" data-ad-client=\"ca-pub-2853392113352629\" data-ad-slot=\"2925831803\" data-ad-format=\"auto\" data-full-width-responsive=\"true\"\/>\n    <script><![CDATA[\n    (adsbygoogle = window.adsbygoogle || []).push({});\n    ]]><\/script>  <\/p>\n<div class=\"emp\">\n<p>\n            AUXILIAR DE SERIGRAFIA<br \/>CONTRATA-SE PARA AUXILIAR DE SERIGRAFIA PARA IND\u00daSTRIA GR\u00c1FICA COM HOR\u00c1RIO DE TRABALHO DE SEGUNDA A QUINTA DAS 6H45 \u00c0S 17H15 E SEXTA DAS 6H45 AT\u00c9 11H45, N\u00c3O PRECISA TER EXPERI\u00caNCIA. INTERESSADOS MANDAR CURR\u00cdCULO PARA O TELEFONE (16) 99969-2718 OU PARA O E-MAIL CONTRATA-SE_FC@OUTLOOK.COM.\n            <\/p>\n<p><strong>Compartilhe:<\/strong><\/p>\n<p>                <img data-recalc-dims=\"1\" loading=\"lazy\" decoding=\"async\" width=\"25\" height=\"25\" src=\"https:\/\/i0.wp.com\/francaclassificados.com\/\/source\/view\/img\/20w50.png?resize=25%2C25&#038;ssl=1\" alt=\"Imagem compartilhar whatsapp\"\/><\/p>\n<p>                <img data-recalc-dims=\"1\" loading=\"lazy\" decoding=\"async\" width=\"25\" height=\"25\" src=\"https:\/\/i0.wp.com\/francaclassificados.com\/\/source\/view\/img\/18w50.png?resize=25%2C25&#038;ssl=1\" alt=\"Imagem compartilhar facebook\"\/><\/p>\n<\/p><\/div>\n<div class=\"emp\">\n<p>\n            Auxiliar Admnistrativo<br \/>Empresa setor cal\u00e7adista contrata auxiliar administrativo, com experi\u00eancia no setor admnistrativo\/financeiro. Conhecimento intermedi\u00e1rio Excel, Lan\u00e7ar NF e Faturar. Ser organizado (a), atencioso (a), conhecimento b\u00e1sico a intermedi\u00e1rio ( opera\u00e7\u00f5es fiscais, NCM, Suframa e Regime tribut\u00e1rio). rhcalcadosfranca@gmail.com\n            <\/p>\n<p><strong>Compartilhe:<\/strong><\/p>\n<p>                <img data-recalc-dims=\"1\" loading=\"lazy\" decoding=\"async\" width=\"25\" height=\"25\" src=\"https:\/\/i0.wp.com\/francaclassificados.com\/\/source\/view\/img\/20w50.png?resize=25%2C25&#038;ssl=1\" alt=\"Imagem compartilhar whatsapp\"\/><\/p>\n<p>                <img data-recalc-dims=\"1\" loading=\"lazy\" decoding=\"async\" width=\"25\" height=\"25\" src=\"https:\/\/i0.wp.com\/francaclassificados.com\/\/source\/view\/img\/18w50.png?resize=25%2C25&#038;ssl=1\" alt=\"Imagem compartilhar facebook\"\/><\/p>\n<\/p><\/div>\n<p>    <script async=\"\" src=\"https:\/\/pagead2.googlesyndication.com\/pagead\/js\/adsbygoogle.js?client=ca-pub-2853392113352629\" crossorigin=\"anonymous\"\/>\n    <ins class=\"adsbygoogle\" style=\"display:block\" data-ad-client=\"ca-pub-2853392113352629\" data-ad-slot=\"2925831803\" data-ad-format=\"auto\" data-full-width-responsive=\"true\"\/>\n    <script><![CDATA[\n    (adsbygoogle = window.adsbygoogle || []).push({});\n    ]]><\/script>  <\/p>\n<div class=\"emp\">\n<p>\n            Precisa se de pessoas que tenham experi\u00eancias com bolsas e sapatos para trabalhar em uma banca localizada na rua realindo jacinto mendon\u00e7a 4705 imperador tel: 16981802859 renato 992898683 graziela\n            <\/p>\n<p><strong>Compartilhe:<\/strong><\/p>\n<p>                <img data-recalc-dims=\"1\" loading=\"lazy\" decoding=\"async\" width=\"25\" height=\"25\" src=\"https:\/\/i0.wp.com\/francaclassificados.com\/\/source\/view\/img\/20w50.png?resize=25%2C25&#038;ssl=1\" alt=\"Imagem compartilhar whatsapp\"\/><\/p>\n<p>                <img data-recalc-dims=\"1\" loading=\"lazy\" decoding=\"async\" width=\"25\" height=\"25\" src=\"https:\/\/i0.wp.com\/francaclassificados.com\/\/source\/view\/img\/18w50.png?resize=25%2C25&#038;ssl=1\" alt=\"Imagem compartilhar facebook\"\/><\/p>\n<\/p><\/div>\n<div class=\"emp\">\n<p>\n            AUXILIAR DE COZINHA<br \/>Realizar produ\u00e7\u00f5es de cozinha, executar procedimentos de higiene e seguran\u00e7a, abastecer a cozinha e limpeza geral, realizar frituras das entradas dispon\u00edveis no card\u00e1pio, realizar montagem dos hamb\u00fargueres e realizar confer\u00eancia dos pedidos. Sal\u00e1rio 1900,00 + Abono salarial + Adicional noturno + Vale alimenta\u00e7\u00e3o + Aux\u00edlio transporte + Aux\u00edlio educa\u00e7\u00e3o por filho + Cesta de benef\u00edcios + Tri\u00eanio, 1 folga por semana + 1 ou 2 domingos por m\u00eas, das 18h as 02h20.<br \/>\n            <br \/>gestaodetalentosoburguesfranca@gmail.com\n            <\/p>\n<p><strong>Compartilhe:<\/strong><\/p>\n<p>                <img data-recalc-dims=\"1\" loading=\"lazy\" decoding=\"async\" width=\"25\" height=\"25\" src=\"https:\/\/i0.wp.com\/francaclassificados.com\/\/source\/view\/img\/20w50.png?resize=25%2C25&#038;ssl=1\" alt=\"Imagem compartilhar whatsapp\"\/><\/p>\n<p>                <img data-recalc-dims=\"1\" loading=\"lazy\" decoding=\"async\" width=\"25\" height=\"25\" src=\"https:\/\/i0.wp.com\/francaclassificados.com\/\/source\/view\/img\/18w50.png?resize=25%2C25&#038;ssl=1\" alt=\"Imagem compartilhar facebook\"\/><\/p>\n<\/p><\/div>\n<p>    <script async=\"\" src=\"https:\/\/pagead2.googlesyndication.com\/pagead\/js\/adsbygoogle.js?client=ca-pub-2853392113352629\" crossorigin=\"anonymous\"\/>\n    <ins class=\"adsbygoogle\" style=\"display:block\" data-ad-client=\"ca-pub-2853392113352629\" data-ad-slot=\"2925831803\" data-ad-format=\"auto\" data-full-width-responsive=\"true\"\/>\n    <script><![CDATA[\n    (adsbygoogle = window.adsbygoogle || []).push({});\n    ]]><\/script>  <\/p>\n<div class=\"emp\">\n<p>\n            Empresa nacional contrata OPERADOR(A) DE TELEVENDAS E OPERADOR(A) DE TELEMARKETING; Contrata\u00e7\u00e3o CLT + Premia\u00e7\u00f5es sobre vendas + Vale Transporte + Vale alimenta\u00e7\u00e3o. Enviar curr\u00edculos para: direcao@cebracfranca.com.br\n            <\/p>\n<p><strong>Compartilhe:<\/strong><\/p>\n<p>                <img data-recalc-dims=\"1\" loading=\"lazy\" decoding=\"async\" width=\"25\" height=\"25\" src=\"https:\/\/i0.wp.com\/francaclassificados.com\/\/source\/view\/img\/20w50.png?resize=25%2C25&#038;ssl=1\" alt=\"Imagem compartilhar whatsapp\"\/><\/p>\n<p>                <img data-recalc-dims=\"1\" loading=\"lazy\" decoding=\"async\" width=\"25\" height=\"25\" src=\"https:\/\/i0.wp.com\/francaclassificados.com\/\/source\/view\/img\/18w50.png?resize=25%2C25&#038;ssl=1\" alt=\"Imagem compartilhar facebook\"\/><\/p>\n<\/p><\/div>\n<div class=\"emp\">\n<p>\n            AUXILIAR DE E COMMERCE<br \/>Atender aos clientes em loja virtual e marketplaces por Chat, Whatsapp e\/ou e-mail; acompanhamento de pr\u00e9 e p\u00f3s venda; SAC; conduzir devolu\u00e7\u00f5es, assim como troca de mercadorias. Montagem de or\u00e7amentos e precifica\u00e7\u00e3o de produtos. Tratar, anexar e cadastrar produtos e itens na loja virtual e marketplaces. Que tenha no\u00e7\u00f5es das ferramentas de Photoshop e Canva. Manter bom funcionamento do site e RP. Dom\u00ednio de Excel. Cria\u00e7\u00e3o de an\u00fancios e cataloga\u00e7\u00f5es. Email: jmessiasj12@gmail.com\n            <\/p>\n<p><strong>Compartilhe:<\/strong><\/p>\n<p>                <img data-recalc-dims=\"1\" loading=\"lazy\" decoding=\"async\" width=\"25\" height=\"25\" src=\"https:\/\/i0.wp.com\/francaclassificados.com\/\/source\/view\/img\/20w50.png?resize=25%2C25&#038;ssl=1\" alt=\"Imagem compartilhar whatsapp\"\/><\/p>\n<p>                <img data-recalc-dims=\"1\" loading=\"lazy\" decoding=\"async\" width=\"25\" height=\"25\" src=\"https:\/\/i0.wp.com\/francaclassificados.com\/\/source\/view\/img\/18w50.png?resize=25%2C25&#038;ssl=1\" alt=\"Imagem compartilhar facebook\"\/><\/p>\n<\/p><\/div>\n<p>    <script async=\"\" src=\"https:\/\/pagead2.googlesyndication.com\/pagead\/js\/adsbygoogle.js?client=ca-pub-2853392113352629\" crossorigin=\"anonymous\"\/>\n    <ins class=\"adsbygoogle\" style=\"display:block\" data-ad-client=\"ca-pub-2853392113352629\" data-ad-slot=\"2925831803\" data-ad-format=\"auto\" data-full-width-responsive=\"true\"\/>\n    <script><![CDATA[\n    (adsbygoogle = window.adsbygoogle || []).push({});\n    ]]><\/script>  <\/p>\n<div class=\"emp\">\n<p>\n            Vendedor Balc\u00e3o \/ Auxiliar E-Commerce<br \/>Loja de equipamento eletr\u00f4nicos. Inicio Imediato. Experi\u00eancia nas \u00e1reas. Ensino M\u00e9dio Completo. De seg. a sex. 08:00 as 18:00 e sab. 08:00 as 13:00 horas. Salario de R$ 1899,20. Horas extras remuneradas e Comiss\u00e3o. Enviar curr\u00edculo: suporte@eletronicacastro.com.br ou (16)3724-7100. AC. Brenda.\n            <\/p>\n<p><strong>Compartilhe:<\/strong><\/p>\n<p>                <img data-recalc-dims=\"1\" loading=\"lazy\" decoding=\"async\" width=\"25\" height=\"25\" src=\"https:\/\/i0.wp.com\/francaclassificados.com\/\/source\/view\/img\/20w50.png?resize=25%2C25&#038;ssl=1\" alt=\"Imagem compartilhar whatsapp\"\/><\/p>\n<p>                <img data-recalc-dims=\"1\" loading=\"lazy\" decoding=\"async\" width=\"25\" height=\"25\" src=\"https:\/\/i0.wp.com\/francaclassificados.com\/\/source\/view\/img\/18w50.png?resize=25%2C25&#038;ssl=1\" alt=\"Imagem compartilhar facebook\"\/><\/p>\n<\/p><\/div>\n<div class=\"emp\">\n<p>\n            COSTUREIRA DE OVERLOCK<br \/>CONTRATA SE COSTUREIRA DE OVERLOCK COM EXPERIENCIA COMPROVADA EM CARTEIRA - SALARIO R$ 2.400,00 - INTERESSADOS ENVIAR CURRICULO NO SEGUINTE EMAIL: contato.empresafranca@gmail.com\n            <\/p>\n<p><strong>Compartilhe:<\/strong><\/p>\n<p>                <img data-recalc-dims=\"1\" loading=\"lazy\" decoding=\"async\" width=\"25\" height=\"25\" src=\"https:\/\/i0.wp.com\/francaclassificados.com\/\/source\/view\/img\/20w50.png?resize=25%2C25&#038;ssl=1\" alt=\"Imagem compartilhar whatsapp\"\/><\/p>\n<p>                <img data-recalc-dims=\"1\" loading=\"lazy\" decoding=\"async\" width=\"25\" height=\"25\" src=\"https:\/\/i0.wp.com\/francaclassificados.com\/\/source\/view\/img\/18w50.png?resize=25%2C25&#038;ssl=1\" alt=\"Imagem compartilhar facebook\"\/><\/p>\n<\/p><\/div>\n<p>    <script async=\"\" src=\"https:\/\/pagead2.googlesyndication.com\/pagead\/js\/adsbygoogle.js?client=ca-pub-2853392113352629\" crossorigin=\"anonymous\"\/>\n    <ins class=\"adsbygoogle\" style=\"display:block\" data-ad-client=\"ca-pub-2853392113352629\" data-ad-slot=\"2925831803\" data-ad-format=\"auto\" data-full-width-responsive=\"true\"\/>\n    <script><![CDATA[\n    (adsbygoogle = window.adsbygoogle || []).push({});\n    ]]><\/script>  <\/p>\n<div class=\"emp\">\n<p>\n            ATENDENTE<br \/>Estamos buscando novos talentos para se juntarem \u00e0 nossa equipe! Se voc\u00ea tem: Idade m\u00ednima de 21 anos, ensino m\u00e9dio completo, residir em Franca, disponibilidade de hor\u00e1rio. Oferecemos: sal\u00e1rio compat\u00edvel com o mercado, Vale transporte, alimenta\u00e7\u00e3o, seguro sa\u00fade, seguro odontol\u00f3gico. Para se candidatar: Envie seu curr\u00edculo para o e-mail giraffasvagas@gmail.com Giraffas Franca Shopping:\n            <\/p>\n<p><strong>Compartilhe:<\/strong><\/p>\n<p>                <img data-recalc-dims=\"1\" loading=\"lazy\" decoding=\"async\" width=\"25\" height=\"25\" src=\"https:\/\/i0.wp.com\/francaclassificados.com\/\/source\/view\/img\/20w50.png?resize=25%2C25&#038;ssl=1\" alt=\"Imagem compartilhar whatsapp\"\/><\/p>\n<p>                <img data-recalc-dims=\"1\" loading=\"lazy\" decoding=\"async\" width=\"25\" height=\"25\" src=\"https:\/\/i0.wp.com\/francaclassificados.com\/\/source\/view\/img\/18w50.png?resize=25%2C25&#038;ssl=1\" alt=\"Imagem compartilhar facebook\"\/><\/p>\n<\/p><\/div>\n<div class=\"emp\">\n<p>\n            AUXILIAR PRODU\u00c7\u00c3O - Sexo: Masculino<br \/>Setor Industria contrata: Auxiliar de produ\u00e7\u00e3o - Capacidade de trabalhar de forma respons\u00e1vel, comprometida com qualidade e efici\u00eancia. Habilidade para cumprir prazos e metas de produ\u00e7\u00e3o. Sal\u00e1rio da categoria e mais Benef\u00edcios. Interessados enviar curr\u00edculo para: rhselecao1021@hotmail.com\n            <\/p>\n<p><strong>Compartilhe:<\/strong><\/p>\n<p>                <img data-recalc-dims=\"1\" loading=\"lazy\" decoding=\"async\" width=\"25\" height=\"25\" src=\"https:\/\/i0.wp.com\/francaclassificados.com\/\/source\/view\/img\/20w50.png?resize=25%2C25&#038;ssl=1\" alt=\"Imagem compartilhar whatsapp\"\/><\/p>\n<p>                <img data-recalc-dims=\"1\" loading=\"lazy\" decoding=\"async\" width=\"25\" height=\"25\" src=\"https:\/\/i0.wp.com\/francaclassificados.com\/\/source\/view\/img\/18w50.png?resize=25%2C25&#038;ssl=1\" alt=\"Imagem compartilhar facebook\"\/><\/p>\n<\/p><\/div>\n<p>    <script async=\"\" src=\"https:\/\/pagead2.googlesyndication.com\/pagead\/js\/adsbygoogle.js?client=ca-pub-2853392113352629\" crossorigin=\"anonymous\"\/>\n    <ins class=\"adsbygoogle\" style=\"display:block\" data-ad-client=\"ca-pub-2853392113352629\" data-ad-slot=\"2925831803\" data-ad-format=\"auto\" data-full-width-responsive=\"true\"\/>\n    <script><![CDATA[\n    (adsbygoogle = window.adsbygoogle || []).push({});\n    ]]><\/script>  <\/p>\n<div class=\"emp\">\n<p>\n            Servente \/ encanador<br \/>Contrata se servente \/ encanador para servicos hidraulico e montagem de piscina, carga hor\u00e1ria de segunda a sexta<br \/>\n            <br \/>empregosilhabella@gmail.com\n            <\/p>\n<p><strong>Compartilhe:<\/strong><\/p>\n<p>                <img data-recalc-dims=\"1\" loading=\"lazy\" decoding=\"async\" width=\"25\" height=\"25\" src=\"https:\/\/i0.wp.com\/francaclassificados.com\/\/source\/view\/img\/20w50.png?resize=25%2C25&#038;ssl=1\" alt=\"Imagem compartilhar whatsapp\"\/><\/p>\n<p>                <img data-recalc-dims=\"1\" loading=\"lazy\" decoding=\"async\" width=\"25\" height=\"25\" src=\"https:\/\/i0.wp.com\/francaclassificados.com\/\/source\/view\/img\/18w50.png?resize=25%2C25&#038;ssl=1\" alt=\"Imagem compartilhar facebook\"\/><\/p>\n<\/p><\/div>\n<div class=\"emp\">\n<p>\n            Auxiliar de Servi\u00e7os Gerais<br \/>*N\u00c3O \u00c9 NECESSARIO TER EXPERIENCIA. Hor\u00e1rio de trabalho: Segunda a sexta: 7h \u00e0s 17h30, S\u00e1bado: 7h \u00e0s 11h O que oferecemos: Sal\u00e1rio de R$ 1.591,00, Vale-alimenta\u00e7\u00e3o de R$ 572,00 \u00d3timo ambiente de trabalho, Oportunidade de crescimento. A fun\u00e7\u00e3o: Conserva\u00e7\u00e3o de m\u00e1quinas e equipamentos de constru\u00e7\u00e3o civil, Limpeza e organiza\u00e7\u00e3o do ambiente de trabalho, carregar e descarregar andaimes, Aux\u00edlio em tarefas gerais. Envie seu curr\u00edculo para 16 994180217\n            <\/p>\n<p><strong>Compartilhe:<\/strong><\/p>\n<p>                <img data-recalc-dims=\"1\" loading=\"lazy\" decoding=\"async\" width=\"25\" height=\"25\" src=\"https:\/\/i0.wp.com\/francaclassificados.com\/\/source\/view\/img\/20w50.png?resize=25%2C25&#038;ssl=1\" alt=\"Imagem compartilhar whatsapp\"\/><\/p>\n<p>                <img data-recalc-dims=\"1\" loading=\"lazy\" decoding=\"async\" width=\"25\" height=\"25\" src=\"https:\/\/i0.wp.com\/francaclassificados.com\/\/source\/view\/img\/18w50.png?resize=25%2C25&#038;ssl=1\" alt=\"Imagem compartilhar facebook\"\/><\/p>\n<\/p><\/div>\n<p>    <script async=\"\" src=\"https:\/\/pagead2.googlesyndication.com\/pagead\/js\/adsbygoogle.js?client=ca-pub-2853392113352629\" crossorigin=\"anonymous\"\/>\n    <ins class=\"adsbygoogle\" style=\"display:block\" data-ad-client=\"ca-pub-2853392113352629\" data-ad-slot=\"2925831803\" data-ad-format=\"auto\" data-full-width-responsive=\"true\"\/>\n    <script><![CDATA[\n    (adsbygoogle = window.adsbygoogle || []).push({});\n    ]]><\/script>  <\/p>\n<div class=\"emp\">\n<p>\n            AUXILIAR DE LIMPEZA<br \/>PADARIA MASSA PURA CONTRATA AUXILIAR DE LIMPEZA Hor\u00e1rio: entra \u00e0s 08:00 e sai \u00e0s 16:20. Escala 6X1. Sal\u00e1rio de R$ 1640,00. Interessados(as) ENVIAR CURR\u00cdCULO no E-MAIL massapura@padariamassapura.com.br ou DEIXAR PESSOALMENTE no endere\u00e7o da loja: Avenida Presidente Vargas, 1416 - Cidade Nova.\n            <\/p>\n<p><strong>Compartilhe:<\/strong><\/p>\n<p>                <img data-recalc-dims=\"1\" loading=\"lazy\" decoding=\"async\" width=\"25\" height=\"25\" src=\"https:\/\/i0.wp.com\/francaclassificados.com\/\/source\/view\/img\/20w50.png?resize=25%2C25&#038;ssl=1\" alt=\"Imagem compartilhar whatsapp\"\/><\/p>\n<p>                <img data-recalc-dims=\"1\" loading=\"lazy\" decoding=\"async\" width=\"25\" height=\"25\" src=\"https:\/\/i0.wp.com\/francaclassificados.com\/\/source\/view\/img\/18w50.png?resize=25%2C25&#038;ssl=1\" alt=\"Imagem compartilhar facebook\"\/><\/p>\n<\/p><\/div>\n<div class=\"emp\">\n<p>\n            Ind\u00fastria de sapatilhas aqu\u00e1ticas, Busca parceria com costureiras, aut\u00f4nomas, para iniciar a produ\u00e7\u00e3o de camisetas de poliamida (tecido fino) de manga longa. Parceria com garantia de produ\u00e7\u00e3o di\u00e1ria e com pre\u00e7o especial. Interessados entrar em contato via whatsapp 16 99696-6160\n            <\/p>\n<p><strong>Compartilhe:<\/strong><\/p>\n<p>                <img data-recalc-dims=\"1\" loading=\"lazy\" decoding=\"async\" width=\"25\" height=\"25\" src=\"https:\/\/i0.wp.com\/francaclassificados.com\/\/source\/view\/img\/20w50.png?resize=25%2C25&#038;ssl=1\" alt=\"Imagem compartilhar whatsapp\"\/><\/p>\n<p>                <img data-recalc-dims=\"1\" loading=\"lazy\" decoding=\"async\" width=\"25\" height=\"25\" src=\"https:\/\/i0.wp.com\/francaclassificados.com\/\/source\/view\/img\/18w50.png?resize=25%2C25&#038;ssl=1\" alt=\"Imagem compartilhar facebook\"\/><\/p>\n<\/p><\/div>\n<p>    <script async=\"\" src=\"https:\/\/pagead2.googlesyndication.com\/pagead\/js\/adsbygoogle.js?client=ca-pub-2853392113352629\" crossorigin=\"anonymous\"\/>\n    <ins class=\"adsbygoogle\" style=\"display:block\" data-ad-client=\"ca-pub-2853392113352629\" data-ad-slot=\"2925831803\" data-ad-format=\"auto\" data-full-width-responsive=\"true\"\/>\n    <script><![CDATA[\n    (adsbygoogle = window.adsbygoogle || []).push({});\n    ]]><\/script>  <\/p>\n<div class=\"emp\">\n<p>\n            Auxiliar de Dep\u00f3sito<br \/>Requisitos: Ter disponibilidade de hor\u00e1rio, ser proativo, organizado e determinado. Tipo de vaga: Tempo integral, Efetivo CLT. Benef\u00edcios: vale transporte, plano odontol\u00f3gico, vale alimenta\u00e7\u00e3o e seguro de vida. Interessados enviar curr\u00edculo para: curriculos@franpisos.com.br . Franpisos, a loja das melhores marcas!\n            <\/p>\n<p><strong>Compartilhe:<\/strong><\/p>\n<p>                <img data-recalc-dims=\"1\" loading=\"lazy\" decoding=\"async\" width=\"25\" height=\"25\" src=\"https:\/\/i0.wp.com\/francaclassificados.com\/\/source\/view\/img\/20w50.png?resize=25%2C25&#038;ssl=1\" alt=\"Imagem compartilhar whatsapp\"\/><\/p>\n<p>                <img data-recalc-dims=\"1\" loading=\"lazy\" decoding=\"async\" width=\"25\" height=\"25\" src=\"https:\/\/i0.wp.com\/francaclassificados.com\/\/source\/view\/img\/18w50.png?resize=25%2C25&#038;ssl=1\" alt=\"Imagem compartilhar facebook\"\/><\/p>\n<\/p><\/div>\n<div class=\"emp\">\n<p>\n            Contrata Stringador, Auxiliar de Prepara\u00e7\u00e3o (Entretela), Auxiliar de Plancheamento (Atacador), Pregador de Palmilha, Banca de Pesponto e Auxiliar de Prepara\u00e7\u00e3o PCD com laudo (N\u00e3o \u00e9 necess\u00e1rio experi\u00eancia). Interessados enviar curr\u00edculo pelo WhatsApp (16) 99987-1399\n            <\/p>\n<p><strong>Compartilhe:<\/strong><\/p>\n<p>                <img data-recalc-dims=\"1\" loading=\"lazy\" decoding=\"async\" width=\"25\" height=\"25\" src=\"https:\/\/i0.wp.com\/francaclassificados.com\/\/source\/view\/img\/20w50.png?resize=25%2C25&#038;ssl=1\" alt=\"Imagem compartilhar whatsapp\"\/><\/p>\n<p>                <img data-recalc-dims=\"1\" loading=\"lazy\" decoding=\"async\" width=\"25\" height=\"25\" src=\"https:\/\/i0.wp.com\/francaclassificados.com\/\/source\/view\/img\/18w50.png?resize=25%2C25&#038;ssl=1\" alt=\"Imagem compartilhar facebook\"\/><\/p>\n<\/p><\/div>\n<p>    <script async=\"\" src=\"https:\/\/pagead2.googlesyndication.com\/pagead\/js\/adsbygoogle.js?client=ca-pub-2853392113352629\" crossorigin=\"anonymous\"\/>\n    <ins class=\"adsbygoogle\" style=\"display:block\" data-ad-client=\"ca-pub-2853392113352629\" data-ad-slot=\"2925831803\" data-ad-format=\"auto\" data-full-width-responsive=\"true\"\/>\n    <script><![CDATA[\n    (adsbygoogle = window.adsbygoogle || []).push({});\n    ]]><\/script>  <\/p>\n<div class=\"emp\">\n<p>\n            Montador Manual\/Revisora Pesponto\/Carimbadeira<br \/>Fabrica contratar Montador Manual(que saiba montar cordinha) Revisor(a)\/Distribuidor de pesponto e Carimbadeira. Enviar curr\u00edculo para e-mail:calcados_rh_franca@hotmail.com\n            <\/p>\n<p><strong>Compartilhe:<\/strong><\/p>\n<p>                <img data-recalc-dims=\"1\" loading=\"lazy\" decoding=\"async\" width=\"25\" height=\"25\" src=\"https:\/\/i0.wp.com\/francaclassificados.com\/\/source\/view\/img\/20w50.png?resize=25%2C25&#038;ssl=1\" alt=\"Imagem compartilhar whatsapp\"\/><\/p>\n<p>                <img data-recalc-dims=\"1\" loading=\"lazy\" decoding=\"async\" width=\"25\" height=\"25\" src=\"https:\/\/i0.wp.com\/francaclassificados.com\/\/source\/view\/img\/18w50.png?resize=25%2C25&#038;ssl=1\" alt=\"Imagem compartilhar facebook\"\/><\/p>\n<\/p><\/div>\n<div class=\"emp\">\n<p>\n            Estamos contratando para in\u00edcio imediato: DESCEDOR DE BASE, MOLINEIRO, APONTADOR DE SOLA E AUXILIAR DE ACAMENTO com experi\u00eancia. Interessados enviar curr\u00edculo no e-mail jp.admpessoal@gmail.com. Favor enviar apenas um curr\u00edculo.\n            <\/p>\n<p><strong>Compartilhe:<\/strong><\/p>\n<p>                <img data-recalc-dims=\"1\" loading=\"lazy\" decoding=\"async\" width=\"25\" height=\"25\" src=\"https:\/\/i0.wp.com\/francaclassificados.com\/\/source\/view\/img\/20w50.png?resize=25%2C25&#038;ssl=1\" alt=\"Imagem compartilhar whatsapp\"\/><\/p>\n<p>                <img data-recalc-dims=\"1\" loading=\"lazy\" decoding=\"async\" width=\"25\" height=\"25\" src=\"https:\/\/i0.wp.com\/francaclassificados.com\/\/source\/view\/img\/18w50.png?resize=25%2C25&#038;ssl=1\" alt=\"Imagem compartilhar facebook\"\/><\/p>\n<\/p><\/div>\n<p>    <script async=\"\" src=\"https:\/\/pagead2.googlesyndication.com\/pagead\/js\/adsbygoogle.js?client=ca-pub-2853392113352629\" crossorigin=\"anonymous\"\/>\n    <ins class=\"adsbygoogle\" style=\"display:block\" data-ad-client=\"ca-pub-2853392113352629\" data-ad-slot=\"2925831803\" data-ad-format=\"auto\" data-full-width-responsive=\"true\"\/>\n    <script><![CDATA[\n    (adsbygoogle = window.adsbygoogle || []).push({});\n    ]]><\/script>  <\/p>\n<div class=\"emp\">\n<p>\n            FABRICA DE CAL\u00c7ADOS CONTRATA<br \/>BANCAS DE PESPONTO E CORTADOR DE VAQUETA com experi\u00eancia, favor entrar em contato pelo whats 16 99404-4740 (fabrica localizada no Jardim Derminio).\n            <\/p>\n<p><strong>Compartilhe:<\/strong><\/p>\n<p>                <img data-recalc-dims=\"1\" loading=\"lazy\" decoding=\"async\" width=\"25\" height=\"25\" src=\"https:\/\/i0.wp.com\/francaclassificados.com\/\/source\/view\/img\/20w50.png?resize=25%2C25&#038;ssl=1\" alt=\"Imagem compartilhar whatsapp\"\/><\/p>\n<p>                <img data-recalc-dims=\"1\" loading=\"lazy\" decoding=\"async\" width=\"25\" height=\"25\" src=\"https:\/\/i0.wp.com\/francaclassificados.com\/\/source\/view\/img\/18w50.png?resize=25%2C25&#038;ssl=1\" alt=\"Imagem compartilhar facebook\"\/><\/p>\n<\/p><\/div>\n<div class=\"emp\">\n<p>\n            Contrata-se funcion\u00e1rio do sexo masculino,para exercer as seguintes fun\u00e7\u00f5es:Vendas, Atendimento ao cliente, almoxarife, entrega e separa\u00e7\u00e3o de mercadorias ( EXPERI\u00caNCIA EM COMPONENTES DE CAL\u00c7ADOS E BOLSAS SER\u00c1 UM DIFERENCIAL - Enviar curriculum com foto para: rhcomponentes20@gmail.com\n            <\/p>\n<p><strong>Compartilhe:<\/strong><\/p>\n<p>                <img data-recalc-dims=\"1\" loading=\"lazy\" decoding=\"async\" width=\"25\" height=\"25\" src=\"https:\/\/i0.wp.com\/francaclassificados.com\/\/source\/view\/img\/20w50.png?resize=25%2C25&#038;ssl=1\" alt=\"Imagem compartilhar whatsapp\"\/><\/p>\n<p>                <img data-recalc-dims=\"1\" loading=\"lazy\" decoding=\"async\" width=\"25\" height=\"25\" src=\"https:\/\/i0.wp.com\/francaclassificados.com\/\/source\/view\/img\/18w50.png?resize=25%2C25&#038;ssl=1\" alt=\"Imagem compartilhar facebook\"\/><\/p>\n<\/p><\/div>\n<p>    <script async=\"\" src=\"https:\/\/pagead2.googlesyndication.com\/pagead\/js\/adsbygoogle.js?client=ca-pub-2853392113352629\" crossorigin=\"anonymous\"\/>\n    <ins class=\"adsbygoogle\" style=\"display:block\" data-ad-client=\"ca-pub-2853392113352629\" data-ad-slot=\"2925831803\" data-ad-format=\"auto\" data-full-width-responsive=\"true\"\/>\n    <script><![CDATA[\n    (adsbygoogle = window.adsbygoogle || []).push({});\n    ]]><\/script>  <\/p>\n<div class=\"emp\">\n<p>\n            Molineiro, Coringa de Montagem<br \/>Fabrica de cal\u00e7ados contrata coringa de montagem que saiba montar bico, fechar lado e calceira com experi\u00eancia em cal\u00e7ados femininos. E procuramos auxiliares de prepara\u00e7\u00e3o com experi\u00eancia em cambrar e recortar g\u00e1spea.\n            <\/p>\n<p><strong>Compartilhe:<\/strong><\/p>\n<p>                <img data-recalc-dims=\"1\" loading=\"lazy\" decoding=\"async\" width=\"25\" height=\"25\" src=\"https:\/\/i0.wp.com\/francaclassificados.com\/\/source\/view\/img\/20w50.png?resize=25%2C25&#038;ssl=1\" alt=\"Imagem compartilhar whatsapp\"\/><\/p>\n<p>                <img data-recalc-dims=\"1\" loading=\"lazy\" decoding=\"async\" width=\"25\" height=\"25\" src=\"https:\/\/i0.wp.com\/francaclassificados.com\/\/source\/view\/img\/18w50.png?resize=25%2C25&#038;ssl=1\" alt=\"Imagem compartilhar facebook\"\/><\/p>\n<\/p><\/div>\n<div class=\"emp\">\n<p>\n            Costureiro<br \/>Contrata-se costureira que tenha experi\u00eancia em overlok, reta, galoneira, experi\u00eancia em moletom e paineis de festa, empresa localizada no Distrito industrial, manda curr\u00edculo no WhatsApp 16-99344-7219 Salario base+ comiss\u00e3o\n            <\/p>\n<p><strong>Compartilhe:<\/strong><\/p>\n<p>                <img data-recalc-dims=\"1\" loading=\"lazy\" decoding=\"async\" width=\"25\" height=\"25\" src=\"https:\/\/i0.wp.com\/francaclassificados.com\/\/source\/view\/img\/20w50.png?resize=25%2C25&#038;ssl=1\" alt=\"Imagem compartilhar whatsapp\"\/><\/p>\n<p>                <img data-recalc-dims=\"1\" loading=\"lazy\" decoding=\"async\" width=\"25\" height=\"25\" src=\"https:\/\/i0.wp.com\/francaclassificados.com\/\/source\/view\/img\/18w50.png?resize=25%2C25&#038;ssl=1\" alt=\"Imagem compartilhar facebook\"\/><\/p>\n<\/p><\/div>\n<p>    <script async=\"\" src=\"https:\/\/pagead2.googlesyndication.com\/pagead\/js\/adsbygoogle.js?client=ca-pub-2853392113352629\" crossorigin=\"anonymous\"\/>\n    <ins class=\"adsbygoogle\" style=\"display:block\" data-ad-client=\"ca-pub-2853392113352629\" data-ad-slot=\"2925831803\" data-ad-format=\"auto\" data-full-width-responsive=\"true\"\/>\n    <script><![CDATA[\n    (adsbygoogle = window.adsbygoogle || []).push({});\n    ]]><\/script>  <\/p>\n<div class=\"emp\">\n<p>\n            Profissional de Contas a Receber<br \/>Responsabilidades: Monitorar e gerenciar a inadimpl\u00eancia com dilig\u00eancia. Executar outras atividades administrativas relacionadas \u00e0 recupera\u00e7\u00e3o de cr\u00e9dito. Estabelecer comunica\u00e7\u00e3o eficaz com os clientes por meio de telefone e email. Facilitar acordos e negocia\u00e7\u00f5es vantajosas. Possuir CNH A\/B e experi\u00eancia comprovada em cobran\u00e7as e recupera\u00e7\u00e3o de cr\u00e9dito. Organiza\u00e7\u00e3o de documentos. Enviar curr\u00edculo para: curriculos@gobicar.com.br\n            <\/p>\n<p><strong>Compartilhe:<\/strong><\/p>\n<p>                <img data-recalc-dims=\"1\" loading=\"lazy\" decoding=\"async\" width=\"25\" height=\"25\" src=\"https:\/\/i0.wp.com\/francaclassificados.com\/\/source\/view\/img\/20w50.png?resize=25%2C25&#038;ssl=1\" alt=\"Imagem compartilhar whatsapp\"\/><\/p>\n<p>                <img data-recalc-dims=\"1\" loading=\"lazy\" decoding=\"async\" width=\"25\" height=\"25\" src=\"https:\/\/i0.wp.com\/francaclassificados.com\/\/source\/view\/img\/18w50.png?resize=25%2C25&#038;ssl=1\" alt=\"Imagem compartilhar facebook\"\/><\/p>\n<\/p><\/div>\n<div class=\"emp\">\n<p>\n            Atendente de Cafeteria<br \/>Contrata-se para trabalhar em cafeteria da cidade atendente com experi\u00eancia comprovada. Interessados enviar curr\u00edculo para<br \/>financeiro@cafemoscardini.com\n            <\/p>\n<p><strong>Compartilhe:<\/strong><\/p>\n<p>                <img data-recalc-dims=\"1\" loading=\"lazy\" decoding=\"async\" width=\"25\" height=\"25\" src=\"https:\/\/i0.wp.com\/francaclassificados.com\/\/source\/view\/img\/20w50.png?resize=25%2C25&#038;ssl=1\" alt=\"Imagem compartilhar whatsapp\"\/><\/p>\n<p>                <img data-recalc-dims=\"1\" loading=\"lazy\" decoding=\"async\" width=\"25\" height=\"25\" src=\"https:\/\/i0.wp.com\/francaclassificados.com\/\/source\/view\/img\/18w50.png?resize=25%2C25&#038;ssl=1\" alt=\"Imagem compartilhar facebook\"\/><\/p>\n<\/p><\/div>\n<p>    <script async=\"\" src=\"https:\/\/pagead2.googlesyndication.com\/pagead\/js\/adsbygoogle.js?client=ca-pub-2853392113352629\" crossorigin=\"anonymous\"\/>\n    <ins class=\"adsbygoogle\" style=\"display:block\" data-ad-client=\"ca-pub-2853392113352629\" data-ad-slot=\"2925831803\" data-ad-format=\"auto\" data-full-width-responsive=\"true\"\/>\n    <script><![CDATA[\n    (adsbygoogle = window.adsbygoogle || []).push({});\n    ]]><\/script>  <\/p>\n<div class=\"emp\">\n<p>\n            Designer Gr\u00e1fico \/ Arte Final<br \/>Trabalhar internamente designer grafico com experi\u00eancia din\u00e2mica e criativo e etc<br \/>\n            <br \/>franklindgp@gmail.com\n            <\/p>\n<p><strong>Compartilhe:<\/strong><\/p>\n<p>                <img data-recalc-dims=\"1\" loading=\"lazy\" decoding=\"async\" width=\"25\" height=\"25\" src=\"https:\/\/i0.wp.com\/francaclassificados.com\/\/source\/view\/img\/20w50.png?resize=25%2C25&#038;ssl=1\" alt=\"Imagem compartilhar whatsapp\"\/><\/p>\n<p>                <img data-recalc-dims=\"1\" loading=\"lazy\" decoding=\"async\" width=\"25\" height=\"25\" src=\"https:\/\/i0.wp.com\/francaclassificados.com\/\/source\/view\/img\/18w50.png?resize=25%2C25&#038;ssl=1\" alt=\"Imagem compartilhar facebook\"\/><\/p>\n<\/p><\/div>\n<div class=\"emp\">\n<p>\n            PADARIA CONTRATA<br \/>ATENDENTE DE PADARIA CARISM\u00c1TICA, MAIOR DE 18 ANOS, COM DISPONIBILIDADE PARA TRABALHAR DE SEGUNDA A S\u00c1BADO, AUXILIAR DE ALMOXARIFADO, MAIOR DE 18 ANOS, QUE GOSTE DE TRABALHAR EM EQUIPE PARA TRABALHAR DE SEGUNDA A S\u00c1BADO INTERESSADOS E AUXILIAR DE COZINHA MAIOR DE 18 ANOS QUE GOSTE DE TRABALHAR EM EQUIPE PARA TRABALHAR DE SEGUNDA A S\u00c1BADO INTERESSADOS ENVIAR CURR\u00cdCULO NO E-MAIL rhpadariafranca@gmail.com\n            <\/p>\n<p><strong>Compartilhe:<\/strong><\/p>\n<p>                <img data-recalc-dims=\"1\" loading=\"lazy\" decoding=\"async\" width=\"25\" height=\"25\" src=\"https:\/\/i0.wp.com\/francaclassificados.com\/\/source\/view\/img\/20w50.png?resize=25%2C25&#038;ssl=1\" alt=\"Imagem compartilhar whatsapp\"\/><\/p>\n<p>                <img data-recalc-dims=\"1\" loading=\"lazy\" decoding=\"async\" width=\"25\" height=\"25\" src=\"https:\/\/i0.wp.com\/francaclassificados.com\/\/source\/view\/img\/18w50.png?resize=25%2C25&#038;ssl=1\" alt=\"Imagem compartilhar facebook\"\/><\/p>\n<\/p><\/div>\n<p>    <script async=\"\" src=\"https:\/\/pagead2.googlesyndication.com\/pagead\/js\/adsbygoogle.js?client=ca-pub-2853392113352629\" crossorigin=\"anonymous\"\/>\n    <ins class=\"adsbygoogle\" style=\"display:block\" data-ad-client=\"ca-pub-2853392113352629\" data-ad-slot=\"2925831803\" data-ad-format=\"auto\" data-full-width-responsive=\"true\"\/>\n    <script><![CDATA[\n    (adsbygoogle = window.adsbygoogle || []).push({});\n    ]]><\/script>  <\/p>\n<div class=\"emp\">\n<p>\n            Motorista<br \/>Vaga: Motorista (Categoria D). Temos uma oportunidade para voc\u00ea! Vaga de Motorista (CLT + Benef\u00edcios). Os interessados dever\u00e3o enviar o curr\u00edculo at\u00e9 o dia 06\/08\/2024 para o email: vagasabertas53@gmail.com - Com o t\u00edtulo: Vaga de Motorista - Franca\n            <\/p>\n<p><strong>Compartilhe:<\/strong><\/p>\n<p>                <img data-recalc-dims=\"1\" loading=\"lazy\" decoding=\"async\" width=\"25\" height=\"25\" src=\"https:\/\/i0.wp.com\/francaclassificados.com\/\/source\/view\/img\/20w50.png?resize=25%2C25&#038;ssl=1\" alt=\"Imagem compartilhar whatsapp\"\/><\/p>\n<p>                <img data-recalc-dims=\"1\" loading=\"lazy\" decoding=\"async\" width=\"25\" height=\"25\" src=\"https:\/\/i0.wp.com\/francaclassificados.com\/\/source\/view\/img\/18w50.png?resize=25%2C25&#038;ssl=1\" alt=\"Imagem compartilhar facebook\"\/><\/p>\n<\/p><\/div>\n<div class=\"emp\">\n<p>\n            Vaga para setor comercial<br \/>Com pr\u00e1tica em an\u00fancios no Mercado Livre, Shopee e Shein e sitema ERP, usamos UpSeller e Bling. O colaborador fica respons\u00e1vel pela publica\u00e7\u00e3o de an\u00fancios e gest\u00e3o das plataformas, \u00e9 preciso no\u00e7\u00f5es b\u00e1sicas de inform\u00e1tica, boa escrita e comunica\u00e7\u00e3o, pois o colaborador al\u00e9m de responder \u00e0s perguntas dos clientes nas plataformas tamb\u00e9m far\u00e1 o descritivo dos an\u00fancios. \u00c9 imprescind\u00edvel ter pr\u00e1tica na fun\u00e7\u00e3o. Envie seu curr\u00edculo para (16) 99195-1421.\n            <\/p>\n<p><strong>Compartilhe:<\/strong><\/p>\n<p>                <img data-recalc-dims=\"1\" loading=\"lazy\" decoding=\"async\" width=\"25\" height=\"25\" src=\"https:\/\/i0.wp.com\/francaclassificados.com\/\/source\/view\/img\/20w50.png?resize=25%2C25&#038;ssl=1\" alt=\"Imagem compartilhar whatsapp\"\/><\/p>\n<p>                <img data-recalc-dims=\"1\" loading=\"lazy\" decoding=\"async\" width=\"25\" height=\"25\" src=\"https:\/\/i0.wp.com\/francaclassificados.com\/\/source\/view\/img\/18w50.png?resize=25%2C25&#038;ssl=1\" alt=\"Imagem compartilhar facebook\"\/><\/p>\n<\/p><\/div>\n<p>    <script async=\"\" src=\"https:\/\/pagead2.googlesyndication.com\/pagead\/js\/adsbygoogle.js?client=ca-pub-2853392113352629\" crossorigin=\"anonymous\"\/>\n    <ins class=\"adsbygoogle\" style=\"display:block\" data-ad-client=\"ca-pub-2853392113352629\" data-ad-slot=\"2925831803\" data-ad-format=\"auto\" data-full-width-responsive=\"true\"\/>\n    <script><![CDATA[\n    (adsbygoogle = window.adsbygoogle || []).push({});\n    ]]><\/script>  <\/p>\n<div class=\"emp\">\n<p>\n            OPORTUNIDADES: Auxiliar Financeiro, Auxiliar de Costureira, Repositor de Supermercado, Est\u00e1gio ADM e MKT, Entregador. Nos chame pelo Whatsapp: 16 98219-6535\n            <\/p>\n<p><strong>Compartilhe:<\/strong><\/p>\n<p>                <img data-recalc-dims=\"1\" loading=\"lazy\" decoding=\"async\" width=\"25\" height=\"25\" src=\"https:\/\/i0.wp.com\/francaclassificados.com\/\/source\/view\/img\/20w50.png?resize=25%2C25&#038;ssl=1\" alt=\"Imagem compartilhar whatsapp\"\/><\/p>\n<p>                <img data-recalc-dims=\"1\" loading=\"lazy\" decoding=\"async\" width=\"25\" height=\"25\" src=\"https:\/\/i0.wp.com\/francaclassificados.com\/\/source\/view\/img\/18w50.png?resize=25%2C25&#038;ssl=1\" alt=\"Imagem compartilhar facebook\"\/><\/p>\n<\/p><\/div>\n<div class=\"emp\">\n<p>\n            Contrata-se PESPONTADOR , para f\u00e1brica de bolsas, localizada nas imedia\u00e7\u00f5es da Avenida adhemar de Barros Interessados entrar em contato pelo WhatsApp 1699151-4137\n            <\/p>\n<p><strong>Compartilhe:<\/strong><\/p>\n<p>                <img data-recalc-dims=\"1\" loading=\"lazy\" decoding=\"async\" width=\"25\" height=\"25\" src=\"https:\/\/i0.wp.com\/francaclassificados.com\/\/source\/view\/img\/20w50.png?resize=25%2C25&#038;ssl=1\" alt=\"Imagem compartilhar whatsapp\"\/><\/p>\n<p>                <img data-recalc-dims=\"1\" loading=\"lazy\" decoding=\"async\" width=\"25\" height=\"25\" src=\"https:\/\/i0.wp.com\/francaclassificados.com\/\/source\/view\/img\/18w50.png?resize=25%2C25&#038;ssl=1\" alt=\"Imagem compartilhar facebook\"\/><\/p>\n<\/p><\/div>\n<p>    <script async=\"\" src=\"https:\/\/pagead2.googlesyndication.com\/pagead\/js\/adsbygoogle.js?client=ca-pub-2853392113352629\" crossorigin=\"anonymous\"\/>\n    <ins class=\"adsbygoogle\" style=\"display:block\" data-ad-client=\"ca-pub-2853392113352629\" data-ad-slot=\"2925831803\" data-ad-format=\"auto\" data-full-width-responsive=\"true\"\/>\n    <script><![CDATA[\n    (adsbygoogle = window.adsbygoogle || []).push({});\n    ]]><\/script>  <\/p>\n<div class=\"emp\">\n<p>\n            ATENDENTE DE E-COMMERCE<br \/>Estamos procurando um(a) Atendente de E-commerce apaixonado(a) por atendimento ao cliente, com experi\u00eancia em muscula\u00e7\u00e3o e rotina de academia. Queremos oferecer a melhor experi\u00eancia de compra, com suporte especializado e personalizado. Requisitos: experi\u00eancia em atendimento ao cliente, preferencialmente em e-commerce, excelentes habilidades de comunica\u00e7\u00e3o e familiaridade com plataformas de e-commerce. Envie seu curr\u00edculo para curriculorjg@gmail.com e junte-se a n\u00f3s!\n            <\/p>\n<p><strong>Compartilhe:<\/strong><\/p>\n<p>                <img data-recalc-dims=\"1\" loading=\"lazy\" decoding=\"async\" width=\"25\" height=\"25\" src=\"https:\/\/i0.wp.com\/francaclassificados.com\/\/source\/view\/img\/20w50.png?resize=25%2C25&#038;ssl=1\" alt=\"Imagem compartilhar whatsapp\"\/><\/p>\n<p>                <img data-recalc-dims=\"1\" loading=\"lazy\" decoding=\"async\" width=\"25\" height=\"25\" src=\"https:\/\/i0.wp.com\/francaclassificados.com\/\/source\/view\/img\/18w50.png?resize=25%2C25&#038;ssl=1\" alt=\"Imagem compartilhar facebook\"\/><\/p>\n<\/p><\/div>\n<div class=\"emp\">\n<p>\n            MOTORISTA ENTREGADOR HAB. D<br \/>Estamos contratando MOTORISTA ENTREGADOR com Experi\u00eancia e Habilita\u00e7\u00e3o D. Salario Fixo + Plano de Sa\u00fade 50%, Plano odontol\u00f3gico 100%, Seguro de Vida, Indicadores e premia\u00e7\u00f5es por produtividade. Enviar curriculo para o e-mail recrutamentofranca2024@gmail.com com e colocar no assunto MOTORISTA\n            <\/p>\n<p><strong>Compartilhe:<\/strong><\/p>\n<p>                <img data-recalc-dims=\"1\" loading=\"lazy\" decoding=\"async\" width=\"25\" height=\"25\" src=\"https:\/\/i0.wp.com\/francaclassificados.com\/\/source\/view\/img\/20w50.png?resize=25%2C25&#038;ssl=1\" alt=\"Imagem compartilhar whatsapp\"\/><\/p>\n<p>                <img data-recalc-dims=\"1\" loading=\"lazy\" decoding=\"async\" width=\"25\" height=\"25\" src=\"https:\/\/i0.wp.com\/francaclassificados.com\/\/source\/view\/img\/18w50.png?resize=25%2C25&#038;ssl=1\" alt=\"Imagem compartilhar facebook\"\/><\/p>\n<\/p><\/div>\n<p>    <script async=\"\" src=\"https:\/\/pagead2.googlesyndication.com\/pagead\/js\/adsbygoogle.js?client=ca-pub-2853392113352629\" crossorigin=\"anonymous\"\/>\n    <ins class=\"adsbygoogle\" style=\"display:block\" data-ad-client=\"ca-pub-2853392113352629\" data-ad-slot=\"2925831803\" data-ad-format=\"auto\" data-full-width-responsive=\"true\"\/>\n    <script><![CDATA[\n    (adsbygoogle = window.adsbygoogle || []).push({});\n    ]]><\/script>  <\/p>\n<div class=\"emp\">\n<p>\n            Assistente de E-commerce<br \/>Estamos contratando um Assistente de E-commerce para auxiliar em todas as atividades do nosso e-commerce, incluindo atendimento ao cliente, trocas e devolu\u00e7\u00f5es. \u00c9 necess\u00e1rio experi\u00eancia comprovada e conhecimento na plataforma irroba ser\u00e1 um diferencial. Envie seu curr\u00edculo para [curriculo.ecommerce2024@gmail.com] com o assunto \"Vaga Assistente de E-commerce\"\n            <\/p>\n<p><strong>Compartilhe:<\/strong><\/p>\n<p>                <img data-recalc-dims=\"1\" loading=\"lazy\" decoding=\"async\" width=\"25\" height=\"25\" src=\"https:\/\/i0.wp.com\/francaclassificados.com\/\/source\/view\/img\/20w50.png?resize=25%2C25&#038;ssl=1\" alt=\"Imagem compartilhar whatsapp\"\/><\/p>\n<p>                <img data-recalc-dims=\"1\" loading=\"lazy\" decoding=\"async\" width=\"25\" height=\"25\" src=\"https:\/\/i0.wp.com\/francaclassificados.com\/\/source\/view\/img\/18w50.png?resize=25%2C25&#038;ssl=1\" alt=\"Imagem compartilhar facebook\"\/><\/p>\n<\/p><\/div>\n<div class=\"emp\">\n<p>\n            CONTRATA PARA IN\u00cdCIO IMEDIATO STRINGADOR(A) COM EXPERI\u00caNCIA, ESTAMOS EM BUSCA DE UM PERFIL RESPONSAVEL E COMPROMETIDO. INTERESSADOS ENVIAR CURRICULO WHATSAPP 16 3721 8372 OU ENTREGAR CURRICULO NO ENDERE\u00c7O RUA HIPOLITO ANTONIO PINHEIRO,3810 - JARDIM INTEGRA\u00c7\u00c3O - FRANCA - SP\n            <\/p>\n<p><strong>Compartilhe:<\/strong><\/p>\n<p>                <img data-recalc-dims=\"1\" loading=\"lazy\" decoding=\"async\" width=\"25\" height=\"25\" src=\"https:\/\/i0.wp.com\/francaclassificados.com\/\/source\/view\/img\/20w50.png?resize=25%2C25&#038;ssl=1\" alt=\"Imagem compartilhar whatsapp\"\/><\/p>\n<p>                <img data-recalc-dims=\"1\" loading=\"lazy\" decoding=\"async\" width=\"25\" height=\"25\" src=\"https:\/\/i0.wp.com\/francaclassificados.com\/\/source\/view\/img\/18w50.png?resize=25%2C25&#038;ssl=1\" alt=\"Imagem compartilhar facebook\"\/><\/p>\n<\/p><\/div>\n<p>    <script async=\"\" src=\"https:\/\/pagead2.googlesyndication.com\/pagead\/js\/adsbygoogle.js?client=ca-pub-2853392113352629\" crossorigin=\"anonymous\"\/>\n    <ins class=\"adsbygoogle\" style=\"display:block\" data-ad-client=\"ca-pub-2853392113352629\" data-ad-slot=\"2925831803\" data-ad-format=\"auto\" data-full-width-responsive=\"true\"\/>\n    <script><![CDATA[\n    (adsbygoogle = window.adsbygoogle || []).push({});\n    ]]><\/script>  <\/p>\n<div class=\"emp\">\n<p>\n            VENDEDOR EXTERNO PAP (PORTA A PORTA)<br \/>Estamos buscando talentos para integrar nossa equipe de vendas externas para expandir ainda mais nossa presen\u00e7a no mercado. Local: Franca-SP Remunera\u00e7\u00e3o: R$1.700,00 Ajuda de Custo: R$500,00 + Comissionamento *OBSERVA\u00c7\u00c3O*: Ter experi\u00eancia na \u00e1rea de vendas ser\u00e1 um diferencial. Encaminhar curr\u00edculo para email: prime.telpap@gmail.com\n            <\/p>\n<p><strong>Compartilhe:<\/strong><\/p>\n<p>                <img data-recalc-dims=\"1\" loading=\"lazy\" decoding=\"async\" width=\"25\" height=\"25\" src=\"https:\/\/i0.wp.com\/francaclassificados.com\/\/source\/view\/img\/20w50.png?resize=25%2C25&#038;ssl=1\" alt=\"Imagem compartilhar whatsapp\"\/><\/p>\n<p>                <img data-recalc-dims=\"1\" loading=\"lazy\" decoding=\"async\" width=\"25\" height=\"25\" src=\"https:\/\/i0.wp.com\/francaclassificados.com\/\/source\/view\/img\/18w50.png?resize=25%2C25&#038;ssl=1\" alt=\"Imagem compartilhar facebook\"\/><\/p>\n<\/p><\/div>\n<div class=\"emp\">\n<p>\n            Admite-se estagi\u00e1rio que esteja cursando Design Gr\u00e1fico para tratamento de imagens, com no\u00e7\u00e3o em fotografia e v\u00eddeos . Interessados, por favor enviarem curr\u00edculo para: vagas.rhon@gmail.com\n            <\/p>\n<p><strong>Compartilhe:<\/strong><\/p>\n<p>                <img data-recalc-dims=\"1\" loading=\"lazy\" decoding=\"async\" width=\"25\" height=\"25\" src=\"https:\/\/i0.wp.com\/francaclassificados.com\/\/source\/view\/img\/20w50.png?resize=25%2C25&#038;ssl=1\" alt=\"Imagem compartilhar whatsapp\"\/><\/p>\n<p>                <img data-recalc-dims=\"1\" loading=\"lazy\" decoding=\"async\" width=\"25\" height=\"25\" src=\"https:\/\/i0.wp.com\/francaclassificados.com\/\/source\/view\/img\/18w50.png?resize=25%2C25&#038;ssl=1\" alt=\"Imagem compartilhar facebook\"\/><\/p>\n<\/p><\/div>\n<p>    <script async=\"\" src=\"https:\/\/pagead2.googlesyndication.com\/pagead\/js\/adsbygoogle.js?client=ca-pub-2853392113352629\" crossorigin=\"anonymous\"\/>\n    <ins class=\"adsbygoogle\" style=\"display:block\" data-ad-client=\"ca-pub-2853392113352629\" data-ad-slot=\"2925831803\" data-ad-format=\"auto\" data-full-width-responsive=\"true\"\/>\n    <script><![CDATA[\n    (adsbygoogle = window.adsbygoogle || []).push({});\n    ]]><\/script>  <\/p>\n<div class=\"emp\">\n<p>\n            Auxiliar de salgadeiro<br \/>Lavar formas,panelas,assar e fritar salgados e etc Curr\u00edculo com foto no WhatsApp n\u00e3o aceitamos liga\u00e7\u00f5es WhatsApp 16 99329-0590 diferencial Cnh\/A\/B .......................................... Auxiliar salgadeiro(assar ,fritar salgados,montar pastel e lavar utens\u00edlios utilizados) salario do com\u00e9rcio + cesta) TER CNH A\/B CURR\u00cdCULO ...\n            <\/p>\n<p><strong>Compartilhe:<\/strong><\/p>\n<p>                <img data-recalc-dims=\"1\" loading=\"lazy\" decoding=\"async\" width=\"25\" height=\"25\" src=\"https:\/\/i0.wp.com\/francaclassificados.com\/\/source\/view\/img\/20w50.png?resize=25%2C25&#038;ssl=1\" alt=\"Imagem compartilhar whatsapp\"\/><\/p>\n<p>                <img data-recalc-dims=\"1\" loading=\"lazy\" decoding=\"async\" width=\"25\" height=\"25\" src=\"https:\/\/i0.wp.com\/francaclassificados.com\/\/source\/view\/img\/18w50.png?resize=25%2C25&#038;ssl=1\" alt=\"Imagem compartilhar facebook\"\/><\/p>\n<\/p><\/div>\n<div class=\"emp\">\n<p>\n            AREA COMERCIAL<br \/>Estamos procurando uma pessoa din\u00e2mica e comunicativa para integrar nossa equipe na \u00e1rea comercial. Se voc\u00ea possui: Boa comunica\u00e7\u00e3o Conhecimentos b\u00e1sicos em Excel Habilidade de digita\u00e7\u00e3o intermedi\u00e1ria Experi\u00eancia ou interesse em grava\u00e7\u00e3o de v\u00eddeos Gostar\u00edamos de conhec\u00ea-lo! Envie seu curr\u00edculo para (16)3721-8372 . Fa\u00e7a parte desse time !!\n            <\/p>\n<p><strong>Compartilhe:<\/strong><\/p>\n<p>                <img data-recalc-dims=\"1\" loading=\"lazy\" decoding=\"async\" width=\"25\" height=\"25\" src=\"https:\/\/i0.wp.com\/francaclassificados.com\/\/source\/view\/img\/20w50.png?resize=25%2C25&#038;ssl=1\" alt=\"Imagem compartilhar whatsapp\"\/><\/p>\n<p>                <img data-recalc-dims=\"1\" loading=\"lazy\" decoding=\"async\" width=\"25\" height=\"25\" src=\"https:\/\/i0.wp.com\/francaclassificados.com\/\/source\/view\/img\/18w50.png?resize=25%2C25&#038;ssl=1\" alt=\"Imagem compartilhar facebook\"\/><\/p>\n<\/p><\/div>\n<p>    <script async=\"\" src=\"https:\/\/pagead2.googlesyndication.com\/pagead\/js\/adsbygoogle.js?client=ca-pub-2853392113352629\" crossorigin=\"anonymous\"\/>\n    <ins class=\"adsbygoogle\" style=\"display:block\" data-ad-client=\"ca-pub-2853392113352629\" data-ad-slot=\"2925831803\" data-ad-format=\"auto\" data-full-width-responsive=\"true\"\/>\n    <script><![CDATA[\n    (adsbygoogle = window.adsbygoogle || []).push({});\n    ]]><\/script>  <\/p>\n<div class=\"emp\">\n<p>\n            Auxiliar de expedi\u00e7\u00e3o<br \/>Precisa-se de Auxiliar de expedi\u00e7\u00e3o do sexo masculino. Interessados enviar curr\u00edculo pelo WhatsApp 1699166-6088\n            <\/p>\n<p><strong>Compartilhe:<\/strong><\/p>\n<p>                <img data-recalc-dims=\"1\" loading=\"lazy\" decoding=\"async\" width=\"25\" height=\"25\" src=\"https:\/\/i0.wp.com\/francaclassificados.com\/\/source\/view\/img\/20w50.png?resize=25%2C25&#038;ssl=1\" alt=\"Imagem compartilhar whatsapp\"\/><\/p>\n<p>                <img data-recalc-dims=\"1\" loading=\"lazy\" decoding=\"async\" width=\"25\" height=\"25\" src=\"https:\/\/i0.wp.com\/francaclassificados.com\/\/source\/view\/img\/18w50.png?resize=25%2C25&#038;ssl=1\" alt=\"Imagem compartilhar facebook\"\/><\/p>\n<\/p><\/div>\n<div class=\"emp\">\n<p>\n            Contrata-se especialista em moda, que tenha experi\u00eancia em redes sociais e no\u00e7\u00e3o b\u00e1sica de fotografia. Caso se encaixe nos requisitos, enviar curr\u00edculo para o n\u00famero (16)98112-5759 whatsapp aos cuidados de Eleonora\n            <\/p>\n<p><strong>Compartilhe:<\/strong><\/p>\n<p>                <img data-recalc-dims=\"1\" loading=\"lazy\" decoding=\"async\" width=\"25\" height=\"25\" src=\"https:\/\/i0.wp.com\/francaclassificados.com\/\/source\/view\/img\/20w50.png?resize=25%2C25&#038;ssl=1\" alt=\"Imagem compartilhar whatsapp\"\/><\/p>\n<p>                <img data-recalc-dims=\"1\" loading=\"lazy\" decoding=\"async\" width=\"25\" height=\"25\" src=\"https:\/\/i0.wp.com\/francaclassificados.com\/\/source\/view\/img\/18w50.png?resize=25%2C25&#038;ssl=1\" alt=\"Imagem compartilhar facebook\"\/><\/p>\n<\/p><\/div>\n<p>    <script async=\"\" src=\"https:\/\/pagead2.googlesyndication.com\/pagead\/js\/adsbygoogle.js?client=ca-pub-2853392113352629\" crossorigin=\"anonymous\"\/>\n    <ins class=\"adsbygoogle\" style=\"display:block\" data-ad-client=\"ca-pub-2853392113352629\" data-ad-slot=\"2925831803\" data-ad-format=\"auto\" data-full-width-responsive=\"true\"\/>\n    <script><![CDATA[\n    (adsbygoogle = window.adsbygoogle || []).push({});\n    ]]><\/script>  <\/p>\n<div class=\"emp\">\n<p>\n            AUXILIAR DE ESTOQUE PARA CONFEC\u00c7\u00c3O<br \/>Desenvolver atividades pertinentes a rotina de estoque (recebimento de produtos, armazenamento, movimenta\u00e7\u00e3o e organiza\u00e7\u00e3o dos produtos nas prateleiras). Necess\u00e1rio ter for\u00e7a de vontade, trabalho em equipe, pr\u00f3-atividade e disponibilidade de hor\u00e1rio. Hor\u00e1rio de trabalho: segunda a sexta das 07:30h \u00e0s 17:20h. Envie curr\u00edculo por e-mail: grupogiselefreitas@gmail.com\n            <\/p>\n<p><strong>Compartilhe:<\/strong><\/p>\n<p>                <img data-recalc-dims=\"1\" loading=\"lazy\" decoding=\"async\" width=\"25\" height=\"25\" src=\"https:\/\/i0.wp.com\/francaclassificados.com\/\/source\/view\/img\/20w50.png?resize=25%2C25&#038;ssl=1\" alt=\"Imagem compartilhar whatsapp\"\/><\/p>\n<p>                <img data-recalc-dims=\"1\" loading=\"lazy\" decoding=\"async\" width=\"25\" height=\"25\" src=\"https:\/\/i0.wp.com\/francaclassificados.com\/\/source\/view\/img\/18w50.png?resize=25%2C25&#038;ssl=1\" alt=\"Imagem compartilhar facebook\"\/><\/p>\n<\/p><\/div>\n<div class=\"emp\">\n<p>\n            AJUDANTE DE ARMAZ\u00c9M NOTURNO<br \/>Admite-se AJUDANTE DE ARMAZ\u00c9M para trabalho NOTURNO, as atribui\u00e7\u00f5es do cargo s\u00e3o: Efetuar a separa\u00e7\u00e3o cuidadosa dos produtos no armaz\u00e9m da Revenda; Promover a montagem das cargas e a organiza\u00e7\u00e3o do estoque; Interessados podem encaminhar o curr\u00edculo para o WhatsApp: 16-99195-7140 ou e-mail recrutamento@rizatti.com.br\n            <\/p>\n<p><strong>Compartilhe:<\/strong><\/p>\n<p>                <img data-recalc-dims=\"1\" loading=\"lazy\" decoding=\"async\" width=\"25\" height=\"25\" src=\"https:\/\/i0.wp.com\/francaclassificados.com\/\/source\/view\/img\/20w50.png?resize=25%2C25&#038;ssl=1\" alt=\"Imagem compartilhar whatsapp\"\/><\/p>\n<p>                <img data-recalc-dims=\"1\" loading=\"lazy\" decoding=\"async\" width=\"25\" height=\"25\" src=\"https:\/\/i0.wp.com\/francaclassificados.com\/\/source\/view\/img\/18w50.png?resize=25%2C25&#038;ssl=1\" alt=\"Imagem compartilhar facebook\"\/><\/p>\n<\/p><\/div>\n<p>    <script async=\"\" src=\"https:\/\/pagead2.googlesyndication.com\/pagead\/js\/adsbygoogle.js?client=ca-pub-2853392113352629\" crossorigin=\"anonymous\"\/>\n    <ins class=\"adsbygoogle\" style=\"display:block\" data-ad-client=\"ca-pub-2853392113352629\" data-ad-slot=\"2925831803\" data-ad-format=\"auto\" data-full-width-responsive=\"true\"\/>\n    <script><![CDATA[\n    (adsbygoogle = window.adsbygoogle || []).push({});\n    ]]><\/script>  <\/p>\n<div class=\"emp\">\n<p>\n            TORNEIRO MEC\u00c2NICO<br \/>CONTRATA OPERADOR DE TORNO CONVENCIONAL, CNC OU CENTRO DE USINAGEM PARA C\u00c9LULAS DE PRODU\u00c7\u00c3O. NECESS\u00c1RIO EXPERI\u00caNCIA NA \u00c1REA. REQUISITOS: ENSINO M\u00c9DIO COMPLETO, CURSOS NA \u00c1REA DE PROGRAMA\u00c7\u00c3O E OPERA\u00c7\u00c3O DE M\u00c1QUINAS CNC, LEITURA E INTERPRETA\u00c7\u00c3O DE DESENHO T\u00c9CNICO E INSTRUMENTOS DE MEDI\u00c7\u00c3O.INFORMA\u00c7\u00d5ES ADICIONAIS: SAL\u00c1RIO FIXO + BENEF\u00cdCIOS. ENVIAR CURR\u00cdCULO COM O ASSUNTO \"TORNEIRO\" PARA recrutamento@rochfer.com.br.\n            <\/p>\n<p><strong>Compartilhe:<\/strong><\/p>\n<p>                <img data-recalc-dims=\"1\" loading=\"lazy\" decoding=\"async\" width=\"25\" height=\"25\" src=\"https:\/\/i0.wp.com\/francaclassificados.com\/\/source\/view\/img\/20w50.png?resize=25%2C25&#038;ssl=1\" alt=\"Imagem compartilhar whatsapp\"\/><\/p>\n<p>                <img data-recalc-dims=\"1\" loading=\"lazy\" decoding=\"async\" width=\"25\" height=\"25\" src=\"https:\/\/i0.wp.com\/francaclassificados.com\/\/source\/view\/img\/18w50.png?resize=25%2C25&#038;ssl=1\" alt=\"Imagem compartilhar facebook\"\/><\/p>\n<\/p><\/div>\n<div class=\"emp\">\n<p>\n            Dom\u00e9stica para apartamento<br \/>Curriculo p\/e-mail: mari_silchi@hotmail.com Admite-se Dom\u00e9stica p\/Apartamento *Hor\u00e1rio: Segunda a Sexta-Feira(9h as 15h) *Registro em Carteira com Sal\u00e1rio M\u00ednimo da Categoria Proporcional carga 6h di\u00e1rias (30h semanais) *Requisitos: gostar Crian\u00e7as e Cachorro; ser Pontual, Proativa, \u00c1gil, Experi\u00eancia m\u00ednimo 1 ano comprovada em carteira *Desej\u00e1vel:Carta de Recomenda\u00e7\u00e3o \/ Indica\u00e7\u00e3o *Atribui\u00e7\u00f5es: Rotina di\u00e1ria com limpeza e organiza\u00e7\u00e3o de apartamento, lavar e passar roupas, preparo de refei\u00e7\u00f5es etc\n            <\/p>\n<p><strong>Compartilhe:<\/strong><\/p>\n<p>                <img data-recalc-dims=\"1\" loading=\"lazy\" decoding=\"async\" width=\"25\" height=\"25\" src=\"https:\/\/i0.wp.com\/francaclassificados.com\/\/source\/view\/img\/20w50.png?resize=25%2C25&#038;ssl=1\" alt=\"Imagem compartilhar whatsapp\"\/><\/p>\n<p>                <img data-recalc-dims=\"1\" loading=\"lazy\" decoding=\"async\" width=\"25\" height=\"25\" src=\"https:\/\/i0.wp.com\/francaclassificados.com\/\/source\/view\/img\/18w50.png?resize=25%2C25&#038;ssl=1\" alt=\"Imagem compartilhar facebook\"\/><\/p>\n<\/p><\/div>\n<p>    <script async=\"\" src=\"https:\/\/pagead2.googlesyndication.com\/pagead\/js\/adsbygoogle.js?client=ca-pub-2853392113352629\" crossorigin=\"anonymous\"\/>\n    <ins class=\"adsbygoogle\" style=\"display:block\" data-ad-client=\"ca-pub-2853392113352629\" data-ad-slot=\"2925831803\" data-ad-format=\"auto\" data-full-width-responsive=\"true\"\/>\n    <script><![CDATA[\n    (adsbygoogle = window.adsbygoogle || []).push({});\n    ]]><\/script>  <\/p>\n<div class=\"emp\">\n<p>\n            GERENTE PARA \u00d3TICA<br \/>Procuramos por gerentes que tenham experi\u00eancia em \u00f3tica ; habilidade com gest\u00e3o; conhecimento t\u00e9cnico de lentes e arma\u00e7\u00f5es e organiza\u00e7\u00e3o administrativa. Oferecemos: sal\u00e1rio fixo; premia\u00e7\u00e3o\/comiss\u00e3o; vale transporte; plano de sa\u00fade; conv\u00eanio farm\u00e1cia; vale alimenta\u00e7\u00e3o; seguro de vida, incentivos a capacita\u00e7\u00e3o e dayoff. Interessados podem enviar curr\u00edculo com o t\u00edtulo \"Gerente\" para: rh@melani.com.br\n            <\/p>\n<p><strong>Compartilhe:<\/strong><\/p>\n<p>                <img data-recalc-dims=\"1\" loading=\"lazy\" decoding=\"async\" width=\"25\" height=\"25\" src=\"https:\/\/i0.wp.com\/francaclassificados.com\/\/source\/view\/img\/20w50.png?resize=25%2C25&#038;ssl=1\" alt=\"Imagem compartilhar whatsapp\"\/><\/p>\n<p>                <img data-recalc-dims=\"1\" loading=\"lazy\" decoding=\"async\" width=\"25\" height=\"25\" src=\"https:\/\/i0.wp.com\/francaclassificados.com\/\/source\/view\/img\/18w50.png?resize=25%2C25&#038;ssl=1\" alt=\"Imagem compartilhar facebook\"\/><\/p>\n<\/p><\/div>\n<div class=\"emp\">\n<p>\n            ADMITIMOS: DESIGNER GRAFICO - GERENTE DE MARKETING - FAXINEIRA - EMPRESA EM PLENO DESENVOLVIMENTO E CRESCIMENTO - ENVIAR CURRICULO PARA trabalhaaquirh@gmail.com\n            <\/p>\n<p><strong>Compartilhe:<\/strong><\/p>\n<p>                <img data-recalc-dims=\"1\" loading=\"lazy\" decoding=\"async\" width=\"25\" height=\"25\" src=\"https:\/\/i0.wp.com\/francaclassificados.com\/\/source\/view\/img\/20w50.png?resize=25%2C25&#038;ssl=1\" alt=\"Imagem compartilhar whatsapp\"\/><\/p>\n<p>                <img data-recalc-dims=\"1\" loading=\"lazy\" decoding=\"async\" width=\"25\" height=\"25\" src=\"https:\/\/i0.wp.com\/francaclassificados.com\/\/source\/view\/img\/18w50.png?resize=25%2C25&#038;ssl=1\" alt=\"Imagem compartilhar facebook\"\/><\/p>\n<\/p><\/div>\n<p>    <script async=\"\" src=\"https:\/\/pagead2.googlesyndication.com\/pagead\/js\/adsbygoogle.js?client=ca-pub-2853392113352629\" crossorigin=\"anonymous\"\/>\n    <ins class=\"adsbygoogle\" style=\"display:block\" data-ad-client=\"ca-pub-2853392113352629\" data-ad-slot=\"2925831803\" data-ad-format=\"auto\" data-full-width-responsive=\"true\"\/>\n    <script><![CDATA[\n    (adsbygoogle = window.adsbygoogle || []).push({});\n    ]]><\/script>  <\/p>\n<div class=\"emp\">\n<p>\n            ANALISTA DE CR\u00c9DITO<br \/>ANALISE DE CADASTRO DE CLIENTES - CONSULTAS EM SITES ESPECIALIZADOS - DIGITA\u00c7\u00c3O E FORMALIZA\u00c7\u00c3O DE PROPOSTAS. De prefer\u00eancia com experi\u00eancia e que tenha conhecimento em inform\u00e1tica e Pacote Office. - Sal\u00e1rio fixo + VA - Enviar curr\u00edculo para o e-mail : rh.financeirafranca@gmail.com\n            <\/p>\n<p><strong>Compartilhe:<\/strong><\/p>\n<p>                <img data-recalc-dims=\"1\" loading=\"lazy\" decoding=\"async\" width=\"25\" height=\"25\" src=\"https:\/\/i0.wp.com\/francaclassificados.com\/\/source\/view\/img\/20w50.png?resize=25%2C25&#038;ssl=1\" alt=\"Imagem compartilhar whatsapp\"\/><\/p>\n<p>                <img data-recalc-dims=\"1\" loading=\"lazy\" decoding=\"async\" width=\"25\" height=\"25\" src=\"https:\/\/i0.wp.com\/francaclassificados.com\/\/source\/view\/img\/18w50.png?resize=25%2C25&#038;ssl=1\" alt=\"Imagem compartilhar facebook\"\/><\/p>\n<\/p><\/div>\n<div class=\"emp\">\n<p>\n            PROFESSORA EDUCA\u00c7\u00c3O FISICA<br \/>Contrata-se professor(a) de Educa\u00e7\u00e3o f\u00edsica . Interessados enviar curr\u00edculo para: curriculovagasf1@gmail.com\n            <\/p>\n<p><strong>Compartilhe:<\/strong><\/p>\n<p>                <img data-recalc-dims=\"1\" loading=\"lazy\" decoding=\"async\" width=\"25\" height=\"25\" src=\"https:\/\/i0.wp.com\/francaclassificados.com\/\/source\/view\/img\/20w50.png?resize=25%2C25&#038;ssl=1\" alt=\"Imagem compartilhar whatsapp\"\/><\/p>\n<p>                <img data-recalc-dims=\"1\" loading=\"lazy\" decoding=\"async\" width=\"25\" height=\"25\" src=\"https:\/\/i0.wp.com\/francaclassificados.com\/\/source\/view\/img\/18w50.png?resize=25%2C25&#038;ssl=1\" alt=\"Imagem compartilhar facebook\"\/><\/p>\n<\/p><\/div>\n<p>    <script async=\"\" src=\"https:\/\/pagead2.googlesyndication.com\/pagead\/js\/adsbygoogle.js?client=ca-pub-2853392113352629\" crossorigin=\"anonymous\"\/>\n    <ins class=\"adsbygoogle\" style=\"display:block\" data-ad-client=\"ca-pub-2853392113352629\" data-ad-slot=\"2925831803\" data-ad-format=\"auto\" data-full-width-responsive=\"true\"\/>\n    <script><![CDATA[\n    (adsbygoogle = window.adsbygoogle || []).push({});\n    ]]><\/script>  <\/p>\n<div class=\"emp\">\n<p>\n            Operador Log\u00edstico<br \/>Ensino m\u00e9dio completo, conhecimento intermedi\u00e1rio em (Excel). Ir\u00e1 atuar com roteiriza\u00e7\u00e3o, confer\u00eancia de manifesto, libera\u00e7\u00e3o de motoristas e controle de frota. De Segunda a Sexta das 07:30 \u00e0s 17:30 e S\u00e1bado das 08:00 \u00e0s 12:00. Sal\u00e1rio: R$ 1.857,27 + VA, VT. Enviar curr\u00edculo para oportunidademdl@gmail.com Colocar no assunto OPERADOR LOG\u00cdSTICO.\n            <\/p>\n<p><strong>Compartilhe:<\/strong><\/p>\n<p>                <img data-recalc-dims=\"1\" loading=\"lazy\" decoding=\"async\" width=\"25\" height=\"25\" src=\"https:\/\/i0.wp.com\/francaclassificados.com\/\/source\/view\/img\/20w50.png?resize=25%2C25&#038;ssl=1\" alt=\"Imagem compartilhar whatsapp\"\/><\/p>\n<p>                <img data-recalc-dims=\"1\" loading=\"lazy\" decoding=\"async\" width=\"25\" height=\"25\" src=\"https:\/\/i0.wp.com\/francaclassificados.com\/\/source\/view\/img\/18w50.png?resize=25%2C25&#038;ssl=1\" alt=\"Imagem compartilhar facebook\"\/><\/p>\n<\/p><\/div>\n<div class=\"emp\">\n<p>\n            VAGAS: Atendente - Aux. de cozinha e aux. de sushiman - Entregador que tenha moto pr\u00f3pria. Pr\u00e9 - requisitos: ser din\u00e2mico, pr\u00f3 - ativo, educado(a), saber trabalhar em equipe, respeitar hierarquia, ter for\u00e7a de vontade em aprender e querer trabalhar. \u00c9 necess\u00e1rio que tenha disponibilidade de hor\u00e1rio. Mandar curr\u00edculo para o e-mail: grupowanrh@outlook.com e mencionar no campo assunto a vaga pretendida\n            <\/p>\n<p><strong>Compartilhe:<\/strong><\/p>\n<p>                <img data-recalc-dims=\"1\" loading=\"lazy\" decoding=\"async\" width=\"25\" height=\"25\" src=\"https:\/\/i0.wp.com\/francaclassificados.com\/\/source\/view\/img\/20w50.png?resize=25%2C25&#038;ssl=1\" alt=\"Imagem compartilhar whatsapp\"\/><\/p>\n<p>                <img data-recalc-dims=\"1\" loading=\"lazy\" decoding=\"async\" width=\"25\" height=\"25\" src=\"https:\/\/i0.wp.com\/francaclassificados.com\/\/source\/view\/img\/18w50.png?resize=25%2C25&#038;ssl=1\" alt=\"Imagem compartilhar facebook\"\/><\/p>\n<\/p><\/div>\n<p>    <script async=\"\" src=\"https:\/\/pagead2.googlesyndication.com\/pagead\/js\/adsbygoogle.js?client=ca-pub-2853392113352629\" crossorigin=\"anonymous\"\/>\n    <ins class=\"adsbygoogle\" style=\"display:block\" data-ad-client=\"ca-pub-2853392113352629\" data-ad-slot=\"2925831803\" data-ad-format=\"auto\" data-full-width-responsive=\"true\"\/>\n    <script><![CDATA[\n    (adsbygoogle = window.adsbygoogle || []).push({});\n    ]]><\/script>  <\/p>\n<div class=\"emp\">\n<p>\n            Auxiliar de Vendas<br \/>Contrata-se Auxiliar de Vendas. Atendimento presencial e plataformas digitais, separar e embalar mercadorias. CNH A\/B - Sexo Masculino. Interessados enviar curr\u00edculo para usinagemfranca@yahoo.com ou via whatsapp (16) 99107 8965.\n            <\/p>\n<p><strong>Compartilhe:<\/strong><\/p>\n<p>                <img data-recalc-dims=\"1\" loading=\"lazy\" decoding=\"async\" width=\"25\" height=\"25\" src=\"https:\/\/i0.wp.com\/francaclassificados.com\/\/source\/view\/img\/20w50.png?resize=25%2C25&#038;ssl=1\" alt=\"Imagem compartilhar whatsapp\"\/><\/p>\n<p>                <img data-recalc-dims=\"1\" loading=\"lazy\" decoding=\"async\" width=\"25\" height=\"25\" src=\"https:\/\/i0.wp.com\/francaclassificados.com\/\/source\/view\/img\/18w50.png?resize=25%2C25&#038;ssl=1\" alt=\"Imagem compartilhar facebook\"\/><\/p>\n<\/p><\/div>\n<div class=\"emp\">\n<p>\n            Estamos contratando vendedora no Segmento \u00d3ptico com ou sem experi\u00eancia, Salario fixo, Premia\u00e7\u00e3o\/Comiss\u00e3o, Vale Transporte; Conv\u00eanio Farm\u00e1cia, Ajuda de Custo e principalmente Plano de Carreira no segmento.<br \/>\n            <br \/>oticaspontual2@outlook.com\n            <\/p>\n<p><strong>Compartilhe:<\/strong><\/p>\n<p>                <img data-recalc-dims=\"1\" loading=\"lazy\" decoding=\"async\" width=\"25\" height=\"25\" src=\"https:\/\/i0.wp.com\/francaclassificados.com\/\/source\/view\/img\/20w50.png?resize=25%2C25&#038;ssl=1\" alt=\"Imagem compartilhar whatsapp\"\/><\/p>\n<p>                <img data-recalc-dims=\"1\" loading=\"lazy\" decoding=\"async\" width=\"25\" height=\"25\" src=\"https:\/\/i0.wp.com\/francaclassificados.com\/\/source\/view\/img\/18w50.png?resize=25%2C25&#038;ssl=1\" alt=\"Imagem compartilhar facebook\"\/><\/p>\n<\/p><\/div>\n<p>    <script async=\"\" src=\"https:\/\/pagead2.googlesyndication.com\/pagead\/js\/adsbygoogle.js?client=ca-pub-2853392113352629\" crossorigin=\"anonymous\"\/>\n    <ins class=\"adsbygoogle\" style=\"display:block\" data-ad-client=\"ca-pub-2853392113352629\" data-ad-slot=\"2925831803\" data-ad-format=\"auto\" data-full-width-responsive=\"true\"\/>\n    <script><![CDATA[\n    (adsbygoogle = window.adsbygoogle || []).push({});\n    ]]><\/script>  <\/p>\n<div class=\"emp\">\n<p>\n            Torneiro mec\u00e2nico<br \/>F\u00e1cil aprendizagem. \u2022 Interesse na \u00e1rea mec\u00e2nica de m\u00e1quinas e equipamentos. \u2022 Facilidade de trabalho em equipe. Diferencial: \u2022 Experi\u00eancia com solda mig\/mag. \u2022 leitura e interpreta\u00e7\u00e3o de desenhos t\u00e9cnicos. \u2022 Experi\u00eancia com caldeiraria. \u2022 Experi\u00eancia com montagem de elementos de m\u00e1quinas. Encaminhar curr\u00edculo no E-mail.<br \/>\n            <br \/>contato@conformeacoequipamentos.com.br\n            <\/p>\n<p><strong>Compartilhe:<\/strong><\/p>\n<p>                <img data-recalc-dims=\"1\" loading=\"lazy\" decoding=\"async\" width=\"25\" height=\"25\" src=\"https:\/\/i0.wp.com\/francaclassificados.com\/\/source\/view\/img\/20w50.png?resize=25%2C25&#038;ssl=1\" alt=\"Imagem compartilhar whatsapp\"\/><\/p>\n<p>                <img data-recalc-dims=\"1\" loading=\"lazy\" decoding=\"async\" width=\"25\" height=\"25\" src=\"https:\/\/i0.wp.com\/francaclassificados.com\/\/source\/view\/img\/18w50.png?resize=25%2C25&#038;ssl=1\" alt=\"Imagem compartilhar facebook\"\/><\/p>\n<\/p><\/div>\n<div class=\"emp\">\n<p>\n            PESPONTADOR<br \/>CONTRATA SE PESPONTADOR - INTERESSADOS ENVIAR CURRICULO NO SEGUINTE EMAIL: contato.empresafranca@gmail.com\n            <\/p>\n<p><strong>Compartilhe:<\/strong><\/p>\n<p>                <img data-recalc-dims=\"1\" loading=\"lazy\" decoding=\"async\" width=\"25\" height=\"25\" src=\"https:\/\/i0.wp.com\/francaclassificados.com\/\/source\/view\/img\/20w50.png?resize=25%2C25&#038;ssl=1\" alt=\"Imagem compartilhar whatsapp\"\/><\/p>\n<p>                <img data-recalc-dims=\"1\" loading=\"lazy\" decoding=\"async\" width=\"25\" height=\"25\" src=\"https:\/\/i0.wp.com\/francaclassificados.com\/\/source\/view\/img\/18w50.png?resize=25%2C25&#038;ssl=1\" alt=\"Imagem compartilhar facebook\"\/><\/p>\n<\/p><\/div>\n<p>    <script async=\"\" src=\"https:\/\/pagead2.googlesyndication.com\/pagead\/js\/adsbygoogle.js?client=ca-pub-2853392113352629\" crossorigin=\"anonymous\"\/>\n    <ins class=\"adsbygoogle\" style=\"display:block\" data-ad-client=\"ca-pub-2853392113352629\" data-ad-slot=\"2925831803\" data-ad-format=\"auto\" data-full-width-responsive=\"true\"\/>\n    <script><![CDATA[\n    (adsbygoogle = window.adsbygoogle || []).push({});\n    ]]><\/script>  <\/p>\n<div class=\"emp\">\n<p>\n            TRATORISTA PARA FAZENDA<br \/>Contrata-se tratorista para morar em fazenda na regi\u00e3o de Pedregulho\/SP com experi\u00eancia, que tenha pr\u00e1tica em todos os processos com caf\u00e9 (Irriga\u00e7\u00e3o, pulveriza\u00e7\u00e3o, colheita, ro\u00e7adeira, adubadora, varredura, colhedeira, operar m\u00e1quinas e implementos agr\u00edcolas, etc). Interessados enviar curr\u00edculo para o seguinte endere\u00e7o: fazenda.cafe2019@gmail.com\n            <\/p>\n<p><strong>Compartilhe:<\/strong><\/p>\n<p>                <img data-recalc-dims=\"1\" loading=\"lazy\" decoding=\"async\" width=\"25\" height=\"25\" src=\"https:\/\/i0.wp.com\/francaclassificados.com\/\/source\/view\/img\/20w50.png?resize=25%2C25&#038;ssl=1\" alt=\"Imagem compartilhar whatsapp\"\/><\/p>\n<p>                <img data-recalc-dims=\"1\" loading=\"lazy\" decoding=\"async\" width=\"25\" height=\"25\" src=\"https:\/\/i0.wp.com\/francaclassificados.com\/\/source\/view\/img\/18w50.png?resize=25%2C25&#038;ssl=1\" alt=\"Imagem compartilhar facebook\"\/><\/p>\n<\/p><\/div>\n<div class=\"emp\">\n<p>\n            PRANCHEADOR COM EXPERIENCIA<br \/>Admite-se PRANCHEADOR que saiba fazer concerto. Interessados deixar curr\u00edculo via WhatsApp: (16)99248-6862 ou no local: Rua Belo Horizonte, 2780 - Jd Brasilandia.\n            <\/p>\n<p><strong>Compartilhe:<\/strong><\/p>\n<p>                <img data-recalc-dims=\"1\" loading=\"lazy\" decoding=\"async\" width=\"25\" height=\"25\" src=\"https:\/\/i0.wp.com\/francaclassificados.com\/\/source\/view\/img\/20w50.png?resize=25%2C25&#038;ssl=1\" alt=\"Imagem compartilhar whatsapp\"\/><\/p>\n<p>                <img data-recalc-dims=\"1\" loading=\"lazy\" decoding=\"async\" width=\"25\" height=\"25\" src=\"https:\/\/i0.wp.com\/francaclassificados.com\/\/source\/view\/img\/18w50.png?resize=25%2C25&#038;ssl=1\" alt=\"Imagem compartilhar facebook\"\/><\/p>\n<\/p><\/div>\n<p>    <script async=\"\" src=\"https:\/\/pagead2.googlesyndication.com\/pagead\/js\/adsbygoogle.js?client=ca-pub-2853392113352629\" crossorigin=\"anonymous\"\/>\n    <ins class=\"adsbygoogle\" style=\"display:block\" data-ad-client=\"ca-pub-2853392113352629\" data-ad-slot=\"2925831803\" data-ad-format=\"auto\" data-full-width-responsive=\"true\"\/>\n    <script><![CDATA[\n    (adsbygoogle = window.adsbygoogle || []).push({});\n    ]]><\/script>  <\/p>\n<div class=\"emp\">\n<p>\n            Vendedor(a) Externo de F\u00e1brica de Velas<br \/>Ind\u00fastria e Com\u00e9rcio de Velas Francana contrata-se vendedor externo aut\u00f4nomo para Franca e Regi\u00e3o (raio de 200km). Requisitos: Ve\u00edculo pr\u00f3prio, experi\u00eancia em vendas e preferencialmente trabalhe com produtos vendidos em Supermercados, Tabacarias, Mercearias. Interessados entrar em contato pelo nosso whatsapp (16) 99284-1873!\n            <\/p>\n<p><strong>Compartilhe:<\/strong><\/p>\n<p>                <img data-recalc-dims=\"1\" loading=\"lazy\" decoding=\"async\" width=\"25\" height=\"25\" src=\"https:\/\/i0.wp.com\/francaclassificados.com\/\/source\/view\/img\/20w50.png?resize=25%2C25&#038;ssl=1\" alt=\"Imagem compartilhar whatsapp\"\/><\/p>\n<p>                <img data-recalc-dims=\"1\" loading=\"lazy\" decoding=\"async\" width=\"25\" height=\"25\" src=\"https:\/\/i0.wp.com\/francaclassificados.com\/\/source\/view\/img\/18w50.png?resize=25%2C25&#038;ssl=1\" alt=\"Imagem compartilhar facebook\"\/><\/p>\n<\/p><\/div>\n<div class=\"emp\">\n<p>\n            Consultor de vendas<br \/>Voc\u00ea que gosta de desafios, tem habilidade em negociar e adora vendas e est\u00e1 em busca de uma excelente remunera\u00e7\u00e3o n\u00f3s temos vagas esperando por voc\u00ea. Requisitos: dinamismo, boa comunica\u00e7\u00e3o oral e escrita, experi\u00eancia com vendas por telefone, e experi\u00eancia com cons\u00f3rcio ser\u00e1 um diferencial. Proposta Salarial: Fixo + comiss\u00e3o +bonifica\u00e7\u00e3o+ vale alimenta\u00e7\u00e3o + gympass+ vale transporte + day off no anivers\u00e1rio + plano de carreira, b\u00f4nus por desempenho+ PLR. recruta@ancoraconsorcios.com.br\n            <\/p>\n<p><strong>Compartilhe:<\/strong><\/p>\n<p>                <img data-recalc-dims=\"1\" loading=\"lazy\" decoding=\"async\" width=\"25\" height=\"25\" src=\"https:\/\/i0.wp.com\/francaclassificados.com\/\/source\/view\/img\/20w50.png?resize=25%2C25&#038;ssl=1\" alt=\"Imagem compartilhar whatsapp\"\/><\/p>\n<p>                <img data-recalc-dims=\"1\" loading=\"lazy\" decoding=\"async\" width=\"25\" height=\"25\" src=\"https:\/\/i0.wp.com\/francaclassificados.com\/\/source\/view\/img\/18w50.png?resize=25%2C25&#038;ssl=1\" alt=\"Imagem compartilhar facebook\"\/><\/p>\n<\/p><\/div>\n<p>    <script async=\"\" src=\"https:\/\/pagead2.googlesyndication.com\/pagead\/js\/adsbygoogle.js?client=ca-pub-2853392113352629\" crossorigin=\"anonymous\"\/>\n    <ins class=\"adsbygoogle\" style=\"display:block\" data-ad-client=\"ca-pub-2853392113352629\" data-ad-slot=\"2925831803\" data-ad-format=\"auto\" data-full-width-responsive=\"true\"\/>\n    <script><![CDATA[\n    (adsbygoogle = window.adsbygoogle || []).push({});\n    ]]><\/script>  <\/p>\n<div class=\"emp\">\n<p>\n            AUXILIAR ADMNISTRATIVO<br \/>Desej\u00e1vel experiencia no sistema Superlogica e Presta\u00e7\u00e3o de contas SALARIO + BENEFICIOS: R$ 2.060,00 CARGA HORARIA: 44h semanais, segunda \u00e0 sexta das 8h \u00e0s 18h LOCAL DE TRABALHO: Bairro S\u00e3o Jos\u00e9 curr\u00edculos para admmytikas@gmail.com\n            <\/p>\n<p><strong>Compartilhe:<\/strong><\/p>\n<p>                <img data-recalc-dims=\"1\" loading=\"lazy\" decoding=\"async\" width=\"25\" height=\"25\" src=\"https:\/\/i0.wp.com\/francaclassificados.com\/\/source\/view\/img\/20w50.png?resize=25%2C25&#038;ssl=1\" alt=\"Imagem compartilhar whatsapp\"\/><\/p>\n<p>                <img data-recalc-dims=\"1\" loading=\"lazy\" decoding=\"async\" width=\"25\" height=\"25\" src=\"https:\/\/i0.wp.com\/francaclassificados.com\/\/source\/view\/img\/18w50.png?resize=25%2C25&#038;ssl=1\" alt=\"Imagem compartilhar facebook\"\/><\/p>\n<\/p><\/div>\n<div class=\"emp\">\n<p>\n            Estamos contratando 2 homens para vaga de servi\u00e7os gerais em Jardinagem e 1 Pedreiro para servi\u00e7o de uma pequena reforma em um barrac\u00e3o. Local de trabalho ser\u00e1 no Jd Parati. In\u00edcio de imediato. Mandar curr\u00edculo para whatsapp 999200-990\n            <\/p>\n<p><strong>Compartilhe:<\/strong><\/p>\n<p>                <img data-recalc-dims=\"1\" loading=\"lazy\" decoding=\"async\" width=\"25\" height=\"25\" src=\"https:\/\/i0.wp.com\/francaclassificados.com\/\/source\/view\/img\/20w50.png?resize=25%2C25&#038;ssl=1\" alt=\"Imagem compartilhar whatsapp\"\/><\/p>\n<p>                <img data-recalc-dims=\"1\" loading=\"lazy\" decoding=\"async\" width=\"25\" height=\"25\" src=\"https:\/\/i0.wp.com\/francaclassificados.com\/\/source\/view\/img\/18w50.png?resize=25%2C25&#038;ssl=1\" alt=\"Imagem compartilhar facebook\"\/><\/p>\n<\/p><\/div>\n<p>    <script async=\"\" src=\"https:\/\/pagead2.googlesyndication.com\/pagead\/js\/adsbygoogle.js?client=ca-pub-2853392113352629\" crossorigin=\"anonymous\"\/>\n    <ins class=\"adsbygoogle\" style=\"display:block\" data-ad-client=\"ca-pub-2853392113352629\" data-ad-slot=\"2925831803\" data-ad-format=\"auto\" data-full-width-responsive=\"true\"\/>\n    <script><![CDATA[\n    (adsbygoogle = window.adsbygoogle || []).push({});\n    ]]><\/script>  <\/p>\n<div class=\"emp\">\n<p>\n            Estamos contratando pessoas para ensaio fotogr\u00e1fico para atuar como modelo, do sexo masculino .Que vistam as numera\u00e7\u00f5es 42 ao 46. A forma de pagamento ser\u00e1 por sess\u00e3o individual, pr\u00e9 requisitos ter entre 40 a 50 anos .Interessados enviar 1 foto de rosto e 2 de corpo inteiro para o numero : (16) 98101-8991. N\u00e3o \u00e9 necess\u00e1rio ter experi\u00eancia.\n            <\/p>\n<p><strong>Compartilhe:<\/strong><\/p>\n<p>                <img data-recalc-dims=\"1\" loading=\"lazy\" decoding=\"async\" width=\"25\" height=\"25\" src=\"https:\/\/i0.wp.com\/francaclassificados.com\/\/source\/view\/img\/20w50.png?resize=25%2C25&#038;ssl=1\" alt=\"Imagem compartilhar whatsapp\"\/><\/p>\n<p>                <img data-recalc-dims=\"1\" loading=\"lazy\" decoding=\"async\" width=\"25\" height=\"25\" src=\"https:\/\/i0.wp.com\/francaclassificados.com\/\/source\/view\/img\/18w50.png?resize=25%2C25&#038;ssl=1\" alt=\"Imagem compartilhar facebook\"\/><\/p>\n<\/p><\/div>\n<div class=\"emp\">\n<p>\n            Empresa nacional contrata Supervisor de vendas externas e promotor de vendas externa; - Desej\u00e1vel experiencia de venda PAP; Contrata\u00e7\u00e3o CLT + Premia\u00e7\u00f5es sobre vendas + Vale Transpontre + Vale alimenta\u00e7\u00e3o. Enviar curr\u00edculos para: direcao@cebracfranca.com.br\n            <\/p>\n<p><strong>Compartilhe:<\/strong><\/p>\n<p>                <img data-recalc-dims=\"1\" loading=\"lazy\" decoding=\"async\" width=\"25\" height=\"25\" src=\"https:\/\/i0.wp.com\/francaclassificados.com\/\/source\/view\/img\/20w50.png?resize=25%2C25&#038;ssl=1\" alt=\"Imagem compartilhar whatsapp\"\/><\/p>\n<p>                <img data-recalc-dims=\"1\" loading=\"lazy\" decoding=\"async\" width=\"25\" height=\"25\" src=\"https:\/\/i0.wp.com\/francaclassificados.com\/\/source\/view\/img\/18w50.png?resize=25%2C25&#038;ssl=1\" alt=\"Imagem compartilhar facebook\"\/><\/p>\n<\/p><\/div>\n<p>    <script async=\"\" src=\"https:\/\/pagead2.googlesyndication.com\/pagead\/js\/adsbygoogle.js?client=ca-pub-2853392113352629\" crossorigin=\"anonymous\"\/>\n    <ins class=\"adsbygoogle\" style=\"display:block\" data-ad-client=\"ca-pub-2853392113352629\" data-ad-slot=\"2925831803\" data-ad-format=\"auto\" data-full-width-responsive=\"true\"\/>\n    <script><![CDATA[\n    (adsbygoogle = window.adsbygoogle || []).push({});\n    ]]><\/script>  <\/p>\n<div class=\"emp\">\n<p>\n            Estamos com vagas abertas para: *OPERADOR DE INJETORA*, *AUXILIAR DE PRODU\u00c7\u00c3O (Injetora)* , *AUXILIAR DE MONTAGEM*, *AUXILIAR DE ACABAMENTO (tirar cola)* , *AUXILIAR DE PESPONTO*, *AUXILIAR DE PREPARA\u00c7\u00c3O (Que tenha no\u00e7\u00e3o com revolver de cola)*, *PESPONTADOR DE AMOSTRAS*. Enviar curr\u00edculo vaga desejada para o e-mail: departamentopessoal@macboot.com.br ou entregar na portaria no endere\u00e7o Rua Francisco Assis Tomas da Silva, 2355, Bairro Distrito Industrial.\n            <\/p>\n<p><strong>Compartilhe:<\/strong><\/p>\n<p>                <img data-recalc-dims=\"1\" loading=\"lazy\" decoding=\"async\" width=\"25\" height=\"25\" src=\"https:\/\/i0.wp.com\/francaclassificados.com\/\/source\/view\/img\/20w50.png?resize=25%2C25&#038;ssl=1\" alt=\"Imagem compartilhar whatsapp\"\/><\/p>\n<p>                <img data-recalc-dims=\"1\" loading=\"lazy\" decoding=\"async\" width=\"25\" height=\"25\" src=\"https:\/\/i0.wp.com\/francaclassificados.com\/\/source\/view\/img\/18w50.png?resize=25%2C25&#038;ssl=1\" alt=\"Imagem compartilhar facebook\"\/><\/p>\n<\/p><\/div>\n<div class=\"emp\">\n<p>\n            Contrata-se para trabalhar em ag\u00eancia de viagens , venda de pacotes tur\u00edsticos, boa comunica\u00e7\u00e3o, conhecimentos geogr\u00e1ficos, bom vendedor, carism\u00e1tico. rh@nenaviagens.com.br\n            <\/p>\n<p><strong>Compartilhe:<\/strong><\/p>\n<p>                <img data-recalc-dims=\"1\" loading=\"lazy\" decoding=\"async\" width=\"25\" height=\"25\" src=\"https:\/\/i0.wp.com\/francaclassificados.com\/\/source\/view\/img\/20w50.png?resize=25%2C25&#038;ssl=1\" alt=\"Imagem compartilhar whatsapp\"\/><\/p>\n<p>                <img data-recalc-dims=\"1\" loading=\"lazy\" decoding=\"async\" width=\"25\" height=\"25\" src=\"https:\/\/i0.wp.com\/francaclassificados.com\/\/source\/view\/img\/18w50.png?resize=25%2C25&#038;ssl=1\" alt=\"Imagem compartilhar facebook\"\/><\/p>\n<\/p><\/div>\n<p>    <script async=\"\" src=\"https:\/\/pagead2.googlesyndication.com\/pagead\/js\/adsbygoogle.js?client=ca-pub-2853392113352629\" crossorigin=\"anonymous\"\/>\n    <ins class=\"adsbygoogle\" style=\"display:block\" data-ad-client=\"ca-pub-2853392113352629\" data-ad-slot=\"2925831803\" data-ad-format=\"auto\" data-full-width-responsive=\"true\"\/>\n    <script><![CDATA[\n    (adsbygoogle = window.adsbygoogle || []).push({});\n    ]]><\/script>  <\/p>\n<div class=\"emp\">\n<p>\n            Atendente balc\u00e3o<br \/>Precisa de atendente de pizzaria. Com disponibilidade de hor\u00e1rio noturno. Ter pr\u00e1tica com redes sociais, ser simp\u00e1tica com p\u00fablico. Interessados mandar curr\u00edculo para e-mail em PDF com endere\u00e7o completo. Curriculum com endere\u00e7o completo e idade<br \/>\n            <br \/>janeferrarezi@gmail.com\n            <\/p>\n<p><strong>Compartilhe:<\/strong><\/p>\n<p>                <img data-recalc-dims=\"1\" loading=\"lazy\" decoding=\"async\" width=\"25\" height=\"25\" src=\"https:\/\/i0.wp.com\/francaclassificados.com\/\/source\/view\/img\/20w50.png?resize=25%2C25&#038;ssl=1\" alt=\"Imagem compartilhar whatsapp\"\/><\/p>\n<p>                <img data-recalc-dims=\"1\" loading=\"lazy\" decoding=\"async\" width=\"25\" height=\"25\" src=\"https:\/\/i0.wp.com\/francaclassificados.com\/\/source\/view\/img\/18w50.png?resize=25%2C25&#038;ssl=1\" alt=\"Imagem compartilhar facebook\"\/><\/p>\n<\/p><\/div>\n<div class=\"emp\">\n<p>\n            Repositor<br \/>Contrata-se repositor com experi\u00eancia em organiza\u00e7\u00e3o de layout de loja e abastecimento de g\u00f4ndolas. Seg a Sex hor\u00e1rio comercial, s\u00e1bados 8:00 \u00e0s 12:30. Interessado enviar curriculo para: curriculoscpfranca@gmail.com - Colocar assunto REPOSITOR.\n            <\/p>\n<p><strong>Compartilhe:<\/strong><\/p>\n<p>                <img data-recalc-dims=\"1\" loading=\"lazy\" decoding=\"async\" width=\"25\" height=\"25\" src=\"https:\/\/i0.wp.com\/francaclassificados.com\/\/source\/view\/img\/20w50.png?resize=25%2C25&#038;ssl=1\" alt=\"Imagem compartilhar whatsapp\"\/><\/p>\n<p>                <img data-recalc-dims=\"1\" loading=\"lazy\" decoding=\"async\" width=\"25\" height=\"25\" src=\"https:\/\/i0.wp.com\/francaclassificados.com\/\/source\/view\/img\/18w50.png?resize=25%2C25&#038;ssl=1\" alt=\"Imagem compartilhar facebook\"\/><\/p>\n<\/p><\/div>\n<p>    <script async=\"\" src=\"https:\/\/pagead2.googlesyndication.com\/pagead\/js\/adsbygoogle.js?client=ca-pub-2853392113352629\" crossorigin=\"anonymous\"\/>\n    <ins class=\"adsbygoogle\" style=\"display:block\" data-ad-client=\"ca-pub-2853392113352629\" data-ad-slot=\"2925831803\" data-ad-format=\"auto\" data-full-width-responsive=\"true\"\/>\n    <script><![CDATA[\n    (adsbygoogle = window.adsbygoogle || []).push({});\n    ]]><\/script>  <\/p>\n<div class=\"emp\">\n<p>\n            AUXILIAR DE VENDAS<br \/>Buscamos pessoas para trabalhar com a gente, requisitos: Boa comunica\u00e7\u00e3o, escrita e orat\u00f3ria, conhecimento em inform\u00e1tica e e-commerce, dinamismo e determina\u00e7\u00e3o, proatividade, desejo de aprender e trabalhar em equipe. N\u00e3o \u00e9 necess\u00e1rio experi\u00eancia, estamos dispostos ensinar aqueles que estiverem dispostos aprender. Hor\u00e1rio comercial de segunda a s\u00e1bado. Curr\u00edculos ser\u00e3o avaliados somente enviados por email. Envie seu curr\u00edculo para: retenrolsac@gmail.com\n            <\/p>\n<p><strong>Compartilhe:<\/strong><\/p>\n<p>                <img data-recalc-dims=\"1\" loading=\"lazy\" decoding=\"async\" width=\"25\" height=\"25\" src=\"https:\/\/i0.wp.com\/francaclassificados.com\/\/source\/view\/img\/20w50.png?resize=25%2C25&#038;ssl=1\" alt=\"Imagem compartilhar whatsapp\"\/><\/p>\n<p>                <img data-recalc-dims=\"1\" loading=\"lazy\" decoding=\"async\" width=\"25\" height=\"25\" src=\"https:\/\/i0.wp.com\/francaclassificados.com\/\/source\/view\/img\/18w50.png?resize=25%2C25&#038;ssl=1\" alt=\"Imagem compartilhar facebook\"\/><\/p>\n<\/p><\/div>\n<div class=\"emp\">\n<p>\n            ESTOQUISTA (Apenas para mulheres)<br \/>Vagas para Mulheres Desenvolver atividades pertinentes a rotina de estoque. Conhecimento Excel, Trabalho em hor\u00e1rio comercial. Perfil: For\u00e7a de vontade, trabalho em equipe e vontade de fazer acontecer. vagas.atram@gmail.com\n            <\/p>\n<p><strong>Compartilhe:<\/strong><\/p>\n<p>                <img data-recalc-dims=\"1\" loading=\"lazy\" decoding=\"async\" width=\"25\" height=\"25\" src=\"https:\/\/i0.wp.com\/francaclassificados.com\/\/source\/view\/img\/20w50.png?resize=25%2C25&#038;ssl=1\" alt=\"Imagem compartilhar whatsapp\"\/><\/p>\n<p>                <img data-recalc-dims=\"1\" loading=\"lazy\" decoding=\"async\" width=\"25\" height=\"25\" src=\"https:\/\/i0.wp.com\/francaclassificados.com\/\/source\/view\/img\/18w50.png?resize=25%2C25&#038;ssl=1\" alt=\"Imagem compartilhar facebook\"\/><\/p>\n<\/p><\/div>\n<p>    <script async=\"\" src=\"https:\/\/pagead2.googlesyndication.com\/pagead\/js\/adsbygoogle.js?client=ca-pub-2853392113352629\" crossorigin=\"anonymous\"\/>\n    <ins class=\"adsbygoogle\" style=\"display:block\" data-ad-client=\"ca-pub-2853392113352629\" data-ad-slot=\"2925831803\" data-ad-format=\"auto\" data-full-width-responsive=\"true\"\/>\n    <script><![CDATA[\n    (adsbygoogle = window.adsbygoogle || []).push({});\n    ]]><\/script>  <\/p>\n<div class=\"emp\">\n<p>\n            CONTRATA-SE PARA OPERADOR DE CAIXA\/ ATENDENTE. QUE TENHA DISPONIBILIDADE DE HOR\u00c1RIOS, INCLUSIVE FINAIS DE SEMANA, FERIADOS E HOR\u00c1RIO NOTURNO. DOMINGO A QUINTA FEIRA DAS 14H AS 22H\/ SEXTA FEIRA E S\u00c1BADO DAS 15H AS 24H.LOJA DE CONVENI\u00caNCIA POSTO SORRISO (AV SANTA CRUZ) NECESS\u00c1RIO EXPERI\u00caNCIA COM CAIXA E GOSTAR DE TRABALHO COM O P\u00daBLICO.INTERESSADOS ENVIAR CURR\u00cdCULO PARA rhpostoselecao@gmail.com OU ENTREGAR PRESENCIALMENTE NA LOJA DE CONVENI\u00caNCIA\n            <\/p>\n<p><strong>Compartilhe:<\/strong><\/p>\n<p>                <img data-recalc-dims=\"1\" loading=\"lazy\" decoding=\"async\" width=\"25\" height=\"25\" src=\"https:\/\/i0.wp.com\/francaclassificados.com\/\/source\/view\/img\/20w50.png?resize=25%2C25&#038;ssl=1\" alt=\"Imagem compartilhar whatsapp\"\/><\/p>\n<p>                <img data-recalc-dims=\"1\" loading=\"lazy\" decoding=\"async\" width=\"25\" height=\"25\" src=\"https:\/\/i0.wp.com\/francaclassificados.com\/\/source\/view\/img\/18w50.png?resize=25%2C25&#038;ssl=1\" alt=\"Imagem compartilhar facebook\"\/><\/p>\n<\/p><\/div>\n<div class=\"emp\">\n<p>\n            AJUDANTE MARCENEIRO CARPINTEIRO<br \/>CONTRATA-SE AJUDANTE MARCENEIRO OU AJUDANTE CARPINTEIRO COM EXPERI\u00caNCIA EM SERRA CIRCULAR. INTERESSADOS ENVIAR CURRICULUM COM FOTO NO WHTAS APP 016 9933065330\n            <\/p>\n<p><strong>Compartilhe:<\/strong><\/p>\n<p>                <img data-recalc-dims=\"1\" loading=\"lazy\" decoding=\"async\" width=\"25\" height=\"25\" src=\"https:\/\/i0.wp.com\/francaclassificados.com\/\/source\/view\/img\/20w50.png?resize=25%2C25&#038;ssl=1\" alt=\"Imagem compartilhar whatsapp\"\/><\/p>\n<p>                <img data-recalc-dims=\"1\" loading=\"lazy\" decoding=\"async\" width=\"25\" height=\"25\" src=\"https:\/\/i0.wp.com\/francaclassificados.com\/\/source\/view\/img\/18w50.png?resize=25%2C25&#038;ssl=1\" alt=\"Imagem compartilhar facebook\"\/><\/p>\n<\/p><\/div>\n<p>    <script async=\"\" src=\"https:\/\/pagead2.googlesyndication.com\/pagead\/js\/adsbygoogle.js?client=ca-pub-2853392113352629\" crossorigin=\"anonymous\"\/>\n    <ins class=\"adsbygoogle\" style=\"display:block\" data-ad-client=\"ca-pub-2853392113352629\" data-ad-slot=\"2925831803\" data-ad-format=\"auto\" data-full-width-responsive=\"true\"\/>\n    <script><![CDATA[\n    (adsbygoogle = window.adsbygoogle || []).push({});\n    ]]><\/script>  <\/p>\n<div class=\"emp\">\n<p>\n            Contrata-se balconista e operadora de caixa com e sem experi\u00eancia, que tenha disponibilidade de hor\u00e1rio. Interessados enviar o curr\u00edculo no seguinte e-mail: rhelimar@hotmail.com\n            <\/p>\n<p><strong>Compartilhe:<\/strong><\/p>\n<p>                <img data-recalc-dims=\"1\" loading=\"lazy\" decoding=\"async\" width=\"25\" height=\"25\" src=\"https:\/\/i0.wp.com\/francaclassificados.com\/\/source\/view\/img\/20w50.png?resize=25%2C25&#038;ssl=1\" alt=\"Imagem compartilhar whatsapp\"\/><\/p>\n<p>                <img data-recalc-dims=\"1\" loading=\"lazy\" decoding=\"async\" width=\"25\" height=\"25\" src=\"https:\/\/i0.wp.com\/francaclassificados.com\/\/source\/view\/img\/18w50.png?resize=25%2C25&#038;ssl=1\" alt=\"Imagem compartilhar facebook\"\/><\/p>\n<\/p><\/div>\n<div class=\"emp\">\n<p>\n            Contrata-se Auxiliar de Estoque. Atividades: Separar, embalar mercadorias e auxiliar no carregamento de caminh\u00f5es. Necess\u00e1rio ter disponibilidade de hor\u00e1rio. Hor\u00e1rio de trabalho de segunda a sexta-feira das 12h00 as 22h00. Interessados enviar curr\u00edculo no e-mail: vagasselecaofranca@gmail.com\n            <\/p>\n<p><strong>Compartilhe:<\/strong><\/p>\n<p>                <img data-recalc-dims=\"1\" loading=\"lazy\" decoding=\"async\" width=\"25\" height=\"25\" src=\"https:\/\/i0.wp.com\/francaclassificados.com\/\/source\/view\/img\/20w50.png?resize=25%2C25&#038;ssl=1\" alt=\"Imagem compartilhar whatsapp\"\/><\/p>\n<p>                <img data-recalc-dims=\"1\" loading=\"lazy\" decoding=\"async\" width=\"25\" height=\"25\" src=\"https:\/\/i0.wp.com\/francaclassificados.com\/\/source\/view\/img\/18w50.png?resize=25%2C25&#038;ssl=1\" alt=\"Imagem compartilhar facebook\"\/><\/p>\n<\/p><\/div>\n<p>    <script async=\"\" src=\"https:\/\/pagead2.googlesyndication.com\/pagead\/js\/adsbygoogle.js?client=ca-pub-2853392113352629\" crossorigin=\"anonymous\"\/>\n    <ins class=\"adsbygoogle\" style=\"display:block\" data-ad-client=\"ca-pub-2853392113352629\" data-ad-slot=\"2925831803\" data-ad-format=\"auto\" data-full-width-responsive=\"true\"\/>\n    <script><![CDATA[\n    (adsbygoogle = window.adsbygoogle || []).push({});\n    ]]><\/script>  <\/p>\n<div class=\"emp\">\n<p>\n            Estamos Contratando: Pessoas com experi\u00eancia em a\u00e7ougue. Interessados, enviar curr\u00edculo para o WhatsApp (16) 99789-5306 Estamos localizados na Av. Paulino Pucci, 972, Jd. Francano.\n            <\/p>\n<p><strong>Compartilhe:<\/strong><\/p>\n<p>                <img data-recalc-dims=\"1\" loading=\"lazy\" decoding=\"async\" width=\"25\" height=\"25\" src=\"https:\/\/i0.wp.com\/francaclassificados.com\/\/source\/view\/img\/20w50.png?resize=25%2C25&#038;ssl=1\" alt=\"Imagem compartilhar whatsapp\"\/><\/p>\n<p>                <img data-recalc-dims=\"1\" loading=\"lazy\" decoding=\"async\" width=\"25\" height=\"25\" src=\"https:\/\/i0.wp.com\/francaclassificados.com\/\/source\/view\/img\/18w50.png?resize=25%2C25&#038;ssl=1\" alt=\"Imagem compartilhar facebook\"\/><\/p>\n<\/p><\/div>\n<div class=\"emp\">\n<p>\n            ESTETICISTA E MASSOTERAPEUTA<br \/>Com experi\u00eancia ou cursando est\u00e9tica. Oferecemos salario fixo + comiss\u00e3o. Trabalho de segunda a sexta-feira. Encaminhar curr\u00edculo atrav\u00e9s do e-mail contato@clinicadanielasalgado.com.br\n            <\/p>\n<p><strong>Compartilhe:<\/strong><\/p>\n<p>                <img data-recalc-dims=\"1\" loading=\"lazy\" decoding=\"async\" width=\"25\" height=\"25\" src=\"https:\/\/i0.wp.com\/francaclassificados.com\/\/source\/view\/img\/20w50.png?resize=25%2C25&#038;ssl=1\" alt=\"Imagem compartilhar whatsapp\"\/><\/p>\n<p>                <img data-recalc-dims=\"1\" loading=\"lazy\" decoding=\"async\" width=\"25\" height=\"25\" src=\"https:\/\/i0.wp.com\/francaclassificados.com\/\/source\/view\/img\/18w50.png?resize=25%2C25&#038;ssl=1\" alt=\"Imagem compartilhar facebook\"\/><\/p>\n<\/p><\/div>\n<p>    <script async=\"\" src=\"https:\/\/pagead2.googlesyndication.com\/pagead\/js\/adsbygoogle.js?client=ca-pub-2853392113352629\" crossorigin=\"anonymous\"\/>\n    <ins class=\"adsbygoogle\" style=\"display:block\" data-ad-client=\"ca-pub-2853392113352629\" data-ad-slot=\"2925831803\" data-ad-format=\"auto\" data-full-width-responsive=\"true\"\/>\n    <script><![CDATA[\n    (adsbygoogle = window.adsbygoogle || []).push({});\n    ]]><\/script>  <\/p>\n<div class=\"emp\">\n<p>\n            Atendente Padaria \/ Balconista Padaria<br \/>Contrata-se balconista com EXPERI\u00caNCIA EM PADARIA. Comprometimento e disponibilidade de hor\u00e1rio para finais de semana. Somente enviar com real interesse na vaga! ENVIAR CURR\u00cdCULO COM FOTO: trigosartesanopanificadora@gmail.com (Per\u00edodo da tarde) VILLAGIO MUNDO NOVO\n            <\/p>\n<p><strong>Compartilhe:<\/strong><\/p>\n<p>                <img data-recalc-dims=\"1\" loading=\"lazy\" decoding=\"async\" width=\"25\" height=\"25\" src=\"https:\/\/i0.wp.com\/francaclassificados.com\/\/source\/view\/img\/20w50.png?resize=25%2C25&#038;ssl=1\" alt=\"Imagem compartilhar whatsapp\"\/><\/p>\n<p>                <img data-recalc-dims=\"1\" loading=\"lazy\" decoding=\"async\" width=\"25\" height=\"25\" src=\"https:\/\/i0.wp.com\/francaclassificados.com\/\/source\/view\/img\/18w50.png?resize=25%2C25&#038;ssl=1\" alt=\"Imagem compartilhar facebook\"\/><\/p>\n<\/p><\/div>\n<div class=\"emp\">\n<p>\n            Vendedora loja<br \/>Contrata-se para in\u00edcio imediato vendedora. Focada em metas e desafios. Com disponibilidade para trabalhar no hor\u00e1rio comercial de segunda a s\u00e1bado. Benef\u00edcios: Sal\u00e1rio com\u00e9rcio + comiss\u00e3o + Vale transporte. Enviar curr\u00edculo para: 1699266-4997\n            <\/p>\n<p><strong>Compartilhe:<\/strong><\/p>\n<p>                <img data-recalc-dims=\"1\" loading=\"lazy\" decoding=\"async\" width=\"25\" height=\"25\" src=\"https:\/\/i0.wp.com\/francaclassificados.com\/\/source\/view\/img\/20w50.png?resize=25%2C25&#038;ssl=1\" alt=\"Imagem compartilhar whatsapp\"\/><\/p>\n<p>                <img data-recalc-dims=\"1\" loading=\"lazy\" decoding=\"async\" width=\"25\" height=\"25\" src=\"https:\/\/i0.wp.com\/francaclassificados.com\/\/source\/view\/img\/18w50.png?resize=25%2C25&#038;ssl=1\" alt=\"Imagem compartilhar facebook\"\/><\/p>\n<\/p><\/div>\n<p>    <script async=\"\" src=\"https:\/\/pagead2.googlesyndication.com\/pagead\/js\/adsbygoogle.js?client=ca-pub-2853392113352629\" crossorigin=\"anonymous\"\/>\n    <ins class=\"adsbygoogle\" style=\"display:block\" data-ad-client=\"ca-pub-2853392113352629\" data-ad-slot=\"2925831803\" data-ad-format=\"auto\" data-full-width-responsive=\"true\"\/>\n    <script><![CDATA[\n    (adsbygoogle = window.adsbygoogle || []).push({});\n    ]]><\/script>  <\/p>\n<div class=\"emp\">\n<p>\n            VENDEDORAS<br \/>Loja no Shopping busca vendedora COM EXPERI\u00caNCIA. Que seja comunicativa, proativa, comprometida e organizada, se identifique com metas\/comiss\u00f5es e tenha disponibilidade de hor\u00e1rios. Requisitos: Experi\u00eancia como vendedora, Segundo grau completo, inform\u00e1tica b\u00e1sica e dom\u00ednio em redes sociais. Se voc\u00ea se identifica com nossa Marca e quer fazer parte do nosso Time, envie seu Curr\u00edculo com foto! Proposta Salarial: Fixo + Benef\u00edcios + Comiss\u00f5es atrativas.<br \/>\n            <br \/>arezzofranca2@gmail.com\n            <\/p>\n<p><strong>Compartilhe:<\/strong><\/p>\n<p>                <img data-recalc-dims=\"1\" loading=\"lazy\" decoding=\"async\" width=\"25\" height=\"25\" src=\"https:\/\/i0.wp.com\/francaclassificados.com\/\/source\/view\/img\/20w50.png?resize=25%2C25&#038;ssl=1\" alt=\"Imagem compartilhar whatsapp\"\/><\/p>\n<p>                <img data-recalc-dims=\"1\" loading=\"lazy\" decoding=\"async\" width=\"25\" height=\"25\" src=\"https:\/\/i0.wp.com\/francaclassificados.com\/\/source\/view\/img\/18w50.png?resize=25%2C25&#038;ssl=1\" alt=\"Imagem compartilhar facebook\"\/><\/p>\n<\/p><\/div>\n<div class=\"emp\">\n<p>\n            Atendente Balc\u00e3o- Ramo aliment\u00edcio<br \/>In\u00edcio Imediato! Estamos em busca de um Atendente de Balc\u00e3o para integrar nossa equipe. O trabalho ser\u00e1 em um turno de 6 horas, das 17h \u00e0s 23h30, com 30 minutos de intervalo, de segunda a domingo, e uma folga fixa durante a semana. Se voc\u00ea tem experi\u00eancia com alimentos, \u00e9 proativo, gosta de trabalhar em equipe e tem disponibilidade para esse hor\u00e1rio, n\u00e3o perca essa chance! Envie seu curr\u00edculo para 16 99465-3317.\n            <\/p>\n<p><strong>Compartilhe:<\/strong><\/p>\n<p>                <img data-recalc-dims=\"1\" loading=\"lazy\" decoding=\"async\" width=\"25\" height=\"25\" src=\"https:\/\/i0.wp.com\/francaclassificados.com\/\/source\/view\/img\/20w50.png?resize=25%2C25&#038;ssl=1\" alt=\"Imagem compartilhar whatsapp\"\/><\/p>\n<p>                <img data-recalc-dims=\"1\" loading=\"lazy\" decoding=\"async\" width=\"25\" height=\"25\" src=\"https:\/\/i0.wp.com\/francaclassificados.com\/\/source\/view\/img\/18w50.png?resize=25%2C25&#038;ssl=1\" alt=\"Imagem compartilhar facebook\"\/><\/p>\n<\/p><\/div>\n<p>    <script async=\"\" src=\"https:\/\/pagead2.googlesyndication.com\/pagead\/js\/adsbygoogle.js?client=ca-pub-2853392113352629\" crossorigin=\"anonymous\"\/>\n    <ins class=\"adsbygoogle\" style=\"display:block\" data-ad-client=\"ca-pub-2853392113352629\" data-ad-slot=\"2925831803\" data-ad-format=\"auto\" data-full-width-responsive=\"true\"\/>\n    <script><![CDATA[\n    (adsbygoogle = window.adsbygoogle || []).push({});\n    ]]><\/script>  <\/p>\n<div class=\"emp\">\n<p>\n            ESTOQUISTA PARA ECOMMERCE<br \/>INICIO IMEDIADO ESTOQUISTA COM EXPERI\u00caNCIA EM ECOMMERCE. ESTAMOS EM BUSCA DE UM PERFIL RESPONSAVEL E COMPROMETIDO. INTERESSADOS ENVIAR CURRICULO WHATSAPP 16 3721 8372 OU ENTREGAR CURRICULO NO ENDERE\u00c7O RUA HIPOLITO ANTONIO PINHEIRO,3810 - JARDIM INTEGRA\u00c7\u00c3O - FRANCA - SP\n            <\/p>\n<p><strong>Compartilhe:<\/strong><\/p>\n<p>                <img data-recalc-dims=\"1\" loading=\"lazy\" decoding=\"async\" width=\"25\" height=\"25\" src=\"https:\/\/i0.wp.com\/francaclassificados.com\/\/source\/view\/img\/20w50.png?resize=25%2C25&#038;ssl=1\" alt=\"Imagem compartilhar whatsapp\"\/><\/p>\n<p>                <img data-recalc-dims=\"1\" loading=\"lazy\" decoding=\"async\" width=\"25\" height=\"25\" src=\"https:\/\/i0.wp.com\/francaclassificados.com\/\/source\/view\/img\/18w50.png?resize=25%2C25&#038;ssl=1\" alt=\"Imagem compartilhar facebook\"\/><\/p>\n<\/p><\/div>\n<div class=\"emp\">\n<p>\n            AUXILIAR DE PRODU\u00c7\u00c3O<br \/>Contrata-se auxiliar de produ\u00e7\u00e3o para f\u00e1brica de palmilhas. Experi\u00eancia ser\u00e1 um diferencial. Interessados enviar curr\u00edculo para: vagaspalmilhas@gmail.com (colocar no assunto do e-mail AUX PROD)\n            <\/p>\n<p><strong>Compartilhe:<\/strong><\/p>\n<p>                <img data-recalc-dims=\"1\" loading=\"lazy\" decoding=\"async\" width=\"25\" height=\"25\" src=\"https:\/\/i0.wp.com\/francaclassificados.com\/\/source\/view\/img\/20w50.png?resize=25%2C25&#038;ssl=1\" alt=\"Imagem compartilhar whatsapp\"\/><\/p>\n<p>                <img data-recalc-dims=\"1\" loading=\"lazy\" decoding=\"async\" width=\"25\" height=\"25\" src=\"https:\/\/i0.wp.com\/francaclassificados.com\/\/source\/view\/img\/18w50.png?resize=25%2C25&#038;ssl=1\" alt=\"Imagem compartilhar facebook\"\/><\/p>\n<\/p><\/div>\n<p>    <script async=\"\" src=\"https:\/\/pagead2.googlesyndication.com\/pagead\/js\/adsbygoogle.js?client=ca-pub-2853392113352629\" crossorigin=\"anonymous\"\/>\n    <ins class=\"adsbygoogle\" style=\"display:block\" data-ad-client=\"ca-pub-2853392113352629\" data-ad-slot=\"2925831803\" data-ad-format=\"auto\" data-full-width-responsive=\"true\"\/>\n    <script><![CDATA[\n    (adsbygoogle = window.adsbygoogle || []).push({});\n    ]]><\/script>  <\/p>\n<div class=\"emp\">\n<p>\n            INDUSTRIA DE CAL\u00c7ADOS CONTRATA PESPONTADOR DE BOLSAS. Enviar curr\u00edculo para: selecaocalcadosfranca@gmail.com\n            <\/p>\n<p><strong>Compartilhe:<\/strong><\/p>\n<p>                <img data-recalc-dims=\"1\" loading=\"lazy\" decoding=\"async\" width=\"25\" height=\"25\" src=\"https:\/\/i0.wp.com\/francaclassificados.com\/\/source\/view\/img\/20w50.png?resize=25%2C25&#038;ssl=1\" alt=\"Imagem compartilhar whatsapp\"\/><\/p>\n<p>                <img data-recalc-dims=\"1\" loading=\"lazy\" decoding=\"async\" width=\"25\" height=\"25\" src=\"https:\/\/i0.wp.com\/francaclassificados.com\/\/source\/view\/img\/18w50.png?resize=25%2C25&#038;ssl=1\" alt=\"Imagem compartilhar facebook\"\/><\/p>\n<\/p><\/div>\n<div class=\"emp\">\n<p>\n            Estamos aumentando nossa equipe. Temos vagas para Auxiliar de Almoxarifado (n\u00e3o exige experi\u00eancia) que vai realizar organiza\u00e7\u00e3o, expedi\u00e7\u00e3o de mercadoria. Exige for\u00e7a f\u00edsica. Temos vaga para Supervisor de Vendas que vai trabalhar com abertura de novos clientes, gest\u00e3o de relacionamento clientes e outras atividades relacionadas a \u00e1rea. Temos vaga tamb\u00e9m para Supervisor de Acabamento que vai trabalhar diretamente com a equipe. Sal\u00e1rio CLT + Benef\u00edcios + Poss. Crescim.<br \/>\n            <br \/>rhdequalidade@gmail.com\n            <\/p>\n<p><strong>Compartilhe:<\/strong><\/p>\n<p>                <img data-recalc-dims=\"1\" loading=\"lazy\" decoding=\"async\" width=\"25\" height=\"25\" src=\"https:\/\/i0.wp.com\/francaclassificados.com\/\/source\/view\/img\/20w50.png?resize=25%2C25&#038;ssl=1\" alt=\"Imagem compartilhar whatsapp\"\/><\/p>\n<p>                <img data-recalc-dims=\"1\" loading=\"lazy\" decoding=\"async\" width=\"25\" height=\"25\" src=\"https:\/\/i0.wp.com\/francaclassificados.com\/\/source\/view\/img\/18w50.png?resize=25%2C25&#038;ssl=1\" alt=\"Imagem compartilhar facebook\"\/><\/p>\n<\/p><\/div>\n<p>    <script async=\"\" src=\"https:\/\/pagead2.googlesyndication.com\/pagead\/js\/adsbygoogle.js?client=ca-pub-2853392113352629\" crossorigin=\"anonymous\"\/>\n    <ins class=\"adsbygoogle\" style=\"display:block\" data-ad-client=\"ca-pub-2853392113352629\" data-ad-slot=\"2925831803\" data-ad-format=\"auto\" data-full-width-responsive=\"true\"\/>\n    <script><![CDATA[\n    (adsbygoogle = window.adsbygoogle || []).push({});\n    ]]><\/script>  <\/p>\n<div class=\"emp\">\n<p>\n            COLABORADOR COBRAN\u00c7A<br \/>Empresa conceituada em Franca contrata profissional na \u00e1rea de cobran\u00e7a que tenha experi\u00eancia comprovada de no m\u00ednimo 6 meses, que tenha um bom conhecimento de inform\u00e1tica, que tenha facilidade em negocia\u00e7\u00f5es e queira crescer profissionalmente. BENEFICIOS contrato CLT salario fixo + premia\u00e7\u00f5es diarias, semanais e mensais + VT +VR. INTERESSADOS enviar curriculo por email ou pessoalmente na Rua Augusto Marques 1889 centro segunda a sexta das 09:00 as 18:00hs\n            <\/p>\n<p><strong>Compartilhe:<\/strong><\/p>\n<p>                <img data-recalc-dims=\"1\" loading=\"lazy\" decoding=\"async\" width=\"25\" height=\"25\" src=\"https:\/\/i0.wp.com\/francaclassificados.com\/\/source\/view\/img\/20w50.png?resize=25%2C25&#038;ssl=1\" alt=\"Imagem compartilhar whatsapp\"\/><\/p>\n<p>                <img data-recalc-dims=\"1\" loading=\"lazy\" decoding=\"async\" width=\"25\" height=\"25\" src=\"https:\/\/i0.wp.com\/francaclassificados.com\/\/source\/view\/img\/18w50.png?resize=25%2C25&#038;ssl=1\" alt=\"Imagem compartilhar facebook\"\/><\/p>\n<\/p><\/div>\n<div class=\"emp\">\n<p>\n            Motorista Caminh\u00e3o - Patrocinio Paulista<br \/>Sal\u00e1rio R$ 2664,37, Insalubridade 20% R$ 282,40, VR R$ 431,12, VA R$ 215,57. Hor\u00e1rio de trabalho Escala 12x36 5:00 as 17:00, intervalo de 1h. Fun\u00e7\u00f5es: Motorista de Caminh\u00e3o: Necess\u00e1rio experiencia na fun\u00e7\u00e3o, CNH D. Transporta, coleta de residuos. Verifica itiner\u00e1rio de viagens. Movimenta cargas volumosas e pesadas. Vistoria cargas e verifica documenta\u00e7\u00e3o de ve\u00edculos e de cargas. Envie seu curriculo para o e-mail: selecao@comercialecomix.com.br\n            <\/p>\n<p><strong>Compartilhe:<\/strong><\/p>\n<p>                <img data-recalc-dims=\"1\" loading=\"lazy\" decoding=\"async\" width=\"25\" height=\"25\" src=\"https:\/\/i0.wp.com\/francaclassificados.com\/\/source\/view\/img\/20w50.png?resize=25%2C25&#038;ssl=1\" alt=\"Imagem compartilhar whatsapp\"\/><\/p>\n<p>                <img data-recalc-dims=\"1\" loading=\"lazy\" decoding=\"async\" width=\"25\" height=\"25\" src=\"https:\/\/i0.wp.com\/francaclassificados.com\/\/source\/view\/img\/18w50.png?resize=25%2C25&#038;ssl=1\" alt=\"Imagem compartilhar facebook\"\/><\/p>\n<\/p><\/div>\n<p>    <script async=\"\" src=\"https:\/\/pagead2.googlesyndication.com\/pagead\/js\/adsbygoogle.js?client=ca-pub-2853392113352629\" crossorigin=\"anonymous\"\/>\n    <ins class=\"adsbygoogle\" style=\"display:block\" data-ad-client=\"ca-pub-2853392113352629\" data-ad-slot=\"2925831803\" data-ad-format=\"auto\" data-full-width-responsive=\"true\"\/>\n    <script><![CDATA[\n    (adsbygoogle = window.adsbygoogle || []).push({});\n    ]]><\/script>  <\/p>\n<div class=\"emp\">\n<p>\n            AUX.DE CORTE \/ AUX. DE IMPRESS\u00c3O<br \/>Contrata-se com experi\u00eancia comprovada em carteira para inicio imediato, aux. de corte confec\u00e7\u00e3o, aux.de impress\u00e3o. Enviar curr\u00edculo para: mva.vagas@gmail.com \/ 16-99440-0147.\n            <\/p>\n<p><strong>Compartilhe:<\/strong><\/p>\n<p>                <img data-recalc-dims=\"1\" loading=\"lazy\" decoding=\"async\" width=\"25\" height=\"25\" src=\"https:\/\/i0.wp.com\/francaclassificados.com\/\/source\/view\/img\/20w50.png?resize=25%2C25&#038;ssl=1\" alt=\"Imagem compartilhar whatsapp\"\/><\/p>\n<p>                <img data-recalc-dims=\"1\" loading=\"lazy\" decoding=\"async\" width=\"25\" height=\"25\" src=\"https:\/\/i0.wp.com\/francaclassificados.com\/\/source\/view\/img\/18w50.png?resize=25%2C25&#038;ssl=1\" alt=\"Imagem compartilhar facebook\"\/><\/p>\n<\/p><\/div>\n<div class=\"emp\">\n<p>\n            SUPORTE E CONSULTOR DE NEG\u00d3CIOS<br \/>Estamos contratando profissionais para Suporte Operacional e Consultoria de Neg\u00f3cios . As responsabilidades incluem a participa\u00e7\u00e3o ativa nas atividades di\u00e1rias do escrit\u00f3rio, gest\u00e3o de planilhas, relat\u00f3rios e controle de documentos. \u00c9 essencial ter habilidades em comunica\u00e7\u00e3o e trabalho em equipe. Oferecemos est\u00e1gio remunerado com Vale Transporte, al\u00e9m de vagas CLT com sal\u00e1rio fixo, Vale Refei\u00e7\u00e3o e Vale Transporte. Transforme seu futuro conosco! Envie seu curr\u00edculo para: mecontrata@audtax.com.br.\n            <\/p>\n<p><strong>Compartilhe:<\/strong><\/p>\n<p>                <img data-recalc-dims=\"1\" loading=\"lazy\" decoding=\"async\" width=\"25\" height=\"25\" src=\"https:\/\/i0.wp.com\/francaclassificados.com\/\/source\/view\/img\/20w50.png?resize=25%2C25&#038;ssl=1\" alt=\"Imagem compartilhar whatsapp\"\/><\/p>\n<p>                <img data-recalc-dims=\"1\" loading=\"lazy\" decoding=\"async\" width=\"25\" height=\"25\" src=\"https:\/\/i0.wp.com\/francaclassificados.com\/\/source\/view\/img\/18w50.png?resize=25%2C25&#038;ssl=1\" alt=\"Imagem compartilhar facebook\"\/><\/p>\n<\/p><\/div>\n<p>    <script async=\"\" src=\"https:\/\/pagead2.googlesyndication.com\/pagead\/js\/adsbygoogle.js?client=ca-pub-2853392113352629\" crossorigin=\"anonymous\"\/>\n    <ins class=\"adsbygoogle\" style=\"display:block\" data-ad-client=\"ca-pub-2853392113352629\" data-ad-slot=\"2925831803\" data-ad-format=\"auto\" data-full-width-responsive=\"true\"\/>\n    <script><![CDATA[\n    (adsbygoogle = window.adsbygoogle || []).push({});\n    ]]><\/script>  <\/p>\n<div class=\"emp\">\n<p>\n            Atendente Fast food - Shopping<br \/>ATEN\u00c7\u00c3O - SOMENTE PRIMEIRO EMPREGO! Procuramos pessoas que nunca trabalharam, que estejam em busca de sua primeira oportunidade. Somente maiores de 18 anos, ambos os sexos. NECESS\u00c1RIO TER DISPONIBILIDADE DE HOR\u00c1RIO, INCLUSIVE PARA TRABALHAR AOS S\u00c1BADOS, DOMINGOS E FERIADOS! Hor\u00e1rio de trabalho: das 14:20 as 22:40. Remunera\u00e7\u00e3o: sal\u00e1rio: R$1899,00. Vale alimenta\u00e7\u00e3o: R$340,00. Vale transporte: conforme o necess\u00e1rio para o m\u00eas. Interessados enviar curr\u00edculo para 16.99352-6301. FAVOR N\u00c3O LIGAR!!\n            <\/p>\n<p><strong>Compartilhe:<\/strong><\/p>\n<p>                <img data-recalc-dims=\"1\" loading=\"lazy\" decoding=\"async\" width=\"25\" height=\"25\" src=\"https:\/\/i0.wp.com\/francaclassificados.com\/\/source\/view\/img\/20w50.png?resize=25%2C25&#038;ssl=1\" alt=\"Imagem compartilhar whatsapp\"\/><\/p>\n<p>                <img data-recalc-dims=\"1\" loading=\"lazy\" decoding=\"async\" width=\"25\" height=\"25\" src=\"https:\/\/i0.wp.com\/francaclassificados.com\/\/source\/view\/img\/18w50.png?resize=25%2C25&#038;ssl=1\" alt=\"Imagem compartilhar facebook\"\/><\/p>\n<\/p><\/div>\n<div class=\"emp\">\n<p>\n            CONTATA-SE, BANCA DE PESPONTO\/ FECHADOR DE LADO QUE DESCE BASE\/ALMOXARIFE, ENVIAR CURRICULO PARA O EMAIL rhcontratafr@gmail.com\n            <\/p>\n<p><strong>Compartilhe:<\/strong><\/p>\n<p>                <img data-recalc-dims=\"1\" loading=\"lazy\" decoding=\"async\" width=\"25\" height=\"25\" src=\"https:\/\/i0.wp.com\/francaclassificados.com\/\/source\/view\/img\/20w50.png?resize=25%2C25&#038;ssl=1\" alt=\"Imagem compartilhar whatsapp\"\/><\/p>\n<p>                <img data-recalc-dims=\"1\" loading=\"lazy\" decoding=\"async\" width=\"25\" height=\"25\" src=\"https:\/\/i0.wp.com\/francaclassificados.com\/\/source\/view\/img\/18w50.png?resize=25%2C25&#038;ssl=1\" alt=\"Imagem compartilhar facebook\"\/><\/p>\n<\/p><\/div>\n<p>    <script async=\"\" src=\"https:\/\/pagead2.googlesyndication.com\/pagead\/js\/adsbygoogle.js?client=ca-pub-2853392113352629\" crossorigin=\"anonymous\"\/>\n    <ins class=\"adsbygoogle\" style=\"display:block\" data-ad-client=\"ca-pub-2853392113352629\" data-ad-slot=\"2925831803\" data-ad-format=\"auto\" data-full-width-responsive=\"true\"\/>\n    <script><![CDATA[\n    (adsbygoogle = window.adsbygoogle || []).push({});\n    ]]><\/script>  <\/p>\n<div class=\"emp\">\n<p>\n            Silcador<br \/>Contrata-se silcador, para trabalhar interno em confec\u00e7\u00e3o de roupas, com experi\u00eancia ou no m\u00ednimo no\u00e7\u00e3o e boa vontade em aprender. Requisitos: Agilidade, boa comunica\u00e7\u00e3o, responsabilidade, bom relacionamento. Bom sal\u00e1rio compat\u00edvel com a fun\u00e7\u00e3o. Local: Vila Exposi\u00e7\u00e3o ( pr\u00f3ximo ao Parque Fernando Costa ). Interessados enviar curr\u00edculo no WhatsApp (16)99219-0215\n            <\/p>\n<p><strong>Compartilhe:<\/strong><\/p>\n<p>                <img data-recalc-dims=\"1\" loading=\"lazy\" decoding=\"async\" width=\"25\" height=\"25\" src=\"https:\/\/i0.wp.com\/francaclassificados.com\/\/source\/view\/img\/20w50.png?resize=25%2C25&#038;ssl=1\" alt=\"Imagem compartilhar whatsapp\"\/><\/p>\n<p>                <img data-recalc-dims=\"1\" loading=\"lazy\" decoding=\"async\" width=\"25\" height=\"25\" src=\"https:\/\/i0.wp.com\/francaclassificados.com\/\/source\/view\/img\/18w50.png?resize=25%2C25&#038;ssl=1\" alt=\"Imagem compartilhar facebook\"\/><\/p>\n<\/p><\/div>\n<div class=\"emp\">\n<p>\n            Empresa de palmilha contrata<br \/>Interessados enviar curr\u00edculos para DEPARTAMENTOSELECAODEVAGAS@HOTMAIL.COM com disponibilidade imediata CORTADOR DE FORRO \/ APLICAROR(a) DE TRANSFERS \/ COM EXPERIENCIA EM MODELAGEM DE CAL\u00c7ADOS -MODELISTA \/ COM EXPERIENCIA EM CORTE LASER - CORTE MAQUINA LASER.\n            <\/p>\n<p><strong>Compartilhe:<\/strong><\/p>\n<p>                <img data-recalc-dims=\"1\" loading=\"lazy\" decoding=\"async\" width=\"25\" height=\"25\" src=\"https:\/\/i0.wp.com\/francaclassificados.com\/\/source\/view\/img\/20w50.png?resize=25%2C25&#038;ssl=1\" alt=\"Imagem compartilhar whatsapp\"\/><\/p>\n<p>                <img data-recalc-dims=\"1\" loading=\"lazy\" decoding=\"async\" width=\"25\" height=\"25\" src=\"https:\/\/i0.wp.com\/francaclassificados.com\/\/source\/view\/img\/18w50.png?resize=25%2C25&#038;ssl=1\" alt=\"Imagem compartilhar facebook\"\/><\/p>\n<\/p><\/div>\n<p>    <script async=\"\" src=\"https:\/\/pagead2.googlesyndication.com\/pagead\/js\/adsbygoogle.js?client=ca-pub-2853392113352629\" crossorigin=\"anonymous\"\/>\n    <ins class=\"adsbygoogle\" style=\"display:block\" data-ad-client=\"ca-pub-2853392113352629\" data-ad-slot=\"2925831803\" data-ad-format=\"auto\" data-full-width-responsive=\"true\"\/>\n    <script><![CDATA[\n    (adsbygoogle = window.adsbygoogle || []).push({});\n    ]]><\/script>  <\/p>\n<div class=\"emp\">\n<p>\n            ELETRICISTA e MECANICO INDUSTRIAL<br \/>Curtume em Patrocinio Paulista\/SP, contrata para inicio imediato eletricista e mec\u00e2nico industrial com experiencia, experiencia em curtume ser\u00e1 um diferencial. Interessados enviar curr\u00edculo para o email: dp@treatcouros.com.br\n            <\/p>\n<p><strong>Compartilhe:<\/strong><\/p>\n<p>                <img data-recalc-dims=\"1\" loading=\"lazy\" decoding=\"async\" width=\"25\" height=\"25\" src=\"https:\/\/i0.wp.com\/francaclassificados.com\/\/source\/view\/img\/20w50.png?resize=25%2C25&#038;ssl=1\" alt=\"Imagem compartilhar whatsapp\"\/><\/p>\n<p>                <img data-recalc-dims=\"1\" loading=\"lazy\" decoding=\"async\" width=\"25\" height=\"25\" src=\"https:\/\/i0.wp.com\/francaclassificados.com\/\/source\/view\/img\/18w50.png?resize=25%2C25&#038;ssl=1\" alt=\"Imagem compartilhar facebook\"\/><\/p>\n<\/p><\/div>\n<div class=\"emp\">\n<p>\n            VAGA DE EMPREGO ANALISTA DE TI - MEI<br \/>**ATEN\u00c7\u00c3O - Se voc\u00ea N\u00c3O possui experi\u00eancia na \u00e1rea, N\u00c3O enviar curr\u00edculo** - Micro Computa\u00e7\u00e3o - Formata\u00e7\u00e3o, Windows 10, 11 - Formata\u00e7\u00e3o Windows Server - Hardware B\u00e1sico - Atendimento ao Cliente - Carteira A (SOMENTE CARTEIRA A DE MOTO, N\u00c3O PRECISA DO VE\u00cdCULO) - Sal\u00e1rio - Bonifica\u00e7\u00e3o final do ano ao atingir metas - Indispens\u00e1vel ser ME ou MEI. ENVIAR CURR\u00cdCULO COM PRETENS\u00c3O SALARIAL PARA: tifrancavagas@gmail.com\n            <\/p>\n<p><strong>Compartilhe:<\/strong><\/p>\n<p>                <img data-recalc-dims=\"1\" loading=\"lazy\" decoding=\"async\" width=\"25\" height=\"25\" src=\"https:\/\/i0.wp.com\/francaclassificados.com\/\/source\/view\/img\/20w50.png?resize=25%2C25&#038;ssl=1\" alt=\"Imagem compartilhar whatsapp\"\/><\/p>\n<p>                <img data-recalc-dims=\"1\" loading=\"lazy\" decoding=\"async\" width=\"25\" height=\"25\" src=\"https:\/\/i0.wp.com\/francaclassificados.com\/\/source\/view\/img\/18w50.png?resize=25%2C25&#038;ssl=1\" alt=\"Imagem compartilhar facebook\"\/><\/p>\n<\/p><\/div>\n<p>    <script async=\"\" src=\"https:\/\/pagead2.googlesyndication.com\/pagead\/js\/adsbygoogle.js?client=ca-pub-2853392113352629\" crossorigin=\"anonymous\"\/>\n    <ins class=\"adsbygoogle\" style=\"display:block\" data-ad-client=\"ca-pub-2853392113352629\" data-ad-slot=\"2925831803\" data-ad-format=\"auto\" data-full-width-responsive=\"true\"\/>\n    <script><![CDATA[\n    (adsbygoogle = window.adsbygoogle || []).push({});\n    ]]><\/script>  <\/p>\n<div class=\"emp\">\n<p>\n            Suporte t\u00e9cnico - TI<br \/>Empresas especializados em solu\u00e7\u00f5es tecnol\u00f3gicas que incluem sistemas ERP, contrata: - Experi\u00eancia em suporte t\u00e9cnico e sistemas ERP - Conhecimento em centralizador de WhatsApp, emiss\u00e3o de notas, gest\u00e3o financeira - Forma\u00e7\u00e3o em TI ou \u00e1reas correlatas (desej\u00e1vel). Enviar e-mail: contato@evacloudd.com\n            <\/p>\n<p><strong>Compartilhe:<\/strong><\/p>\n<p>                <img data-recalc-dims=\"1\" loading=\"lazy\" decoding=\"async\" width=\"25\" height=\"25\" src=\"https:\/\/i0.wp.com\/francaclassificados.com\/\/source\/view\/img\/20w50.png?resize=25%2C25&#038;ssl=1\" alt=\"Imagem compartilhar whatsapp\"\/><\/p>\n<p>                <img data-recalc-dims=\"1\" loading=\"lazy\" decoding=\"async\" width=\"25\" height=\"25\" src=\"https:\/\/i0.wp.com\/francaclassificados.com\/\/source\/view\/img\/18w50.png?resize=25%2C25&#038;ssl=1\" alt=\"Imagem compartilhar facebook\"\/><\/p>\n<\/p><\/div>\n<div class=\"emp\">\n<p>\n            Estoquista c\/ experi\u00eancia<br \/>Atacadista contrata-se AUX ESTOQUE ambos sexo, com experi\u00eancia em sistemas. Que seja comunicativo e pr\u00f3 ativo. Seg a sex 08:15 as 18:00 sab 08:30 as 12:00. Salario fixo. Encaminhar curriculos p\/ jrecassola@gmail.com\n            <\/p>\n<p><strong>Compartilhe:<\/strong><\/p>\n<p>                <img data-recalc-dims=\"1\" loading=\"lazy\" decoding=\"async\" width=\"25\" height=\"25\" src=\"https:\/\/i0.wp.com\/francaclassificados.com\/\/source\/view\/img\/20w50.png?resize=25%2C25&#038;ssl=1\" alt=\"Imagem compartilhar whatsapp\"\/><\/p>\n<p>                <img data-recalc-dims=\"1\" loading=\"lazy\" decoding=\"async\" width=\"25\" height=\"25\" src=\"https:\/\/i0.wp.com\/francaclassificados.com\/\/source\/view\/img\/18w50.png?resize=25%2C25&#038;ssl=1\" alt=\"Imagem compartilhar facebook\"\/><\/p>\n<\/p><\/div>\n<p>    <script async=\"\" src=\"https:\/\/pagead2.googlesyndication.com\/pagead\/js\/adsbygoogle.js?client=ca-pub-2853392113352629\" crossorigin=\"anonymous\"\/>\n    <ins class=\"adsbygoogle\" style=\"display:block\" data-ad-client=\"ca-pub-2853392113352629\" data-ad-slot=\"2925831803\" data-ad-format=\"auto\" data-full-width-responsive=\"true\"\/>\n    <script><![CDATA[\n    (adsbygoogle = window.adsbygoogle || []).push({});\n    ]]><\/script>  <\/p>\n<div class=\"emp\">\n<p>\n            Aux padeiro\/ aux.salgadeiro \/ sushiman<br \/>Contrata-se para trabalhar ( com salgados), EXIGIMOS apenas experi\u00eancia na \u00e1rea ALIMENT\u00cdCIA, hor\u00e1rio de seg a s\u00e1bado das 7:00 hrs as 15:00, sal\u00e1rio a combinar. ( Registro em carteira).Mandar curr\u00edculo com foto para 16 9.9128-7616\n            <\/p>\n<p><strong>Compartilhe:<\/strong><\/p>\n<p>                <img data-recalc-dims=\"1\" loading=\"lazy\" decoding=\"async\" width=\"25\" height=\"25\" src=\"https:\/\/i0.wp.com\/francaclassificados.com\/\/source\/view\/img\/20w50.png?resize=25%2C25&#038;ssl=1\" alt=\"Imagem compartilhar whatsapp\"\/><\/p>\n<p>                <img data-recalc-dims=\"1\" loading=\"lazy\" decoding=\"async\" width=\"25\" height=\"25\" src=\"https:\/\/i0.wp.com\/francaclassificados.com\/\/source\/view\/img\/18w50.png?resize=25%2C25&#038;ssl=1\" alt=\"Imagem compartilhar facebook\"\/><\/p>\n<\/p><\/div>\n<div class=\"emp\">\n<p>\n            Admite-se para inicio imediato, auxiliar de ecommerce, costurador lateral, e faxineira ambos com experi\u00eancia, agilidade e pontualidade. Local: distrito. Interessados enviar Curr\u00edculo pelo WhatsApp: 16. 99353-3233\n            <\/p>\n<p><strong>Compartilhe:<\/strong><\/p>\n<p>                <img data-recalc-dims=\"1\" loading=\"lazy\" decoding=\"async\" width=\"25\" height=\"25\" src=\"https:\/\/i0.wp.com\/francaclassificados.com\/\/source\/view\/img\/20w50.png?resize=25%2C25&#038;ssl=1\" alt=\"Imagem compartilhar whatsapp\"\/><\/p>\n<p>                <img data-recalc-dims=\"1\" loading=\"lazy\" decoding=\"async\" width=\"25\" height=\"25\" src=\"https:\/\/i0.wp.com\/francaclassificados.com\/\/source\/view\/img\/18w50.png?resize=25%2C25&#038;ssl=1\" alt=\"Imagem compartilhar facebook\"\/><\/p>\n<\/p><\/div>\n<p>    <script async=\"\" src=\"https:\/\/pagead2.googlesyndication.com\/pagead\/js\/adsbygoogle.js?client=ca-pub-2853392113352629\" crossorigin=\"anonymous\"\/>\n    <ins class=\"adsbygoogle\" style=\"display:block\" data-ad-client=\"ca-pub-2853392113352629\" data-ad-slot=\"2925831803\" data-ad-format=\"auto\" data-full-width-responsive=\"true\"\/>\n    <script><![CDATA[\n    (adsbygoogle = window.adsbygoogle || []).push({});\n    ]]><\/script>  <\/p>\n<div class=\"emp\">\n<p>\n            Vendedora<br \/>Experi\u00eancia em vendas e atua\u00e7\u00e3o com metas, ensino m\u00e9dio completo (cursos de vendas e persuas\u00e3o ser\u00e3o um diferencial),disponibilidade de hor\u00e1rio. Postura focada na realiza\u00e7\u00e3o de suas atividades, que se autoconhe\u00e7a, tenha o h\u00e1bito de se autodesenvolver. Empresa oferece (Vale transporte + convenio Medico ) Remunera\u00e7\u00e3o por comiss\u00e3o + premia\u00e7\u00f5es . Envie seu curriculo com foto para E-mail : vagas.atram@gmail.com\n            <\/p>\n<p><strong>Compartilhe:<\/strong><\/p>\n<p>                <img data-recalc-dims=\"1\" loading=\"lazy\" decoding=\"async\" width=\"25\" height=\"25\" src=\"https:\/\/i0.wp.com\/francaclassificados.com\/\/source\/view\/img\/20w50.png?resize=25%2C25&#038;ssl=1\" alt=\"Imagem compartilhar whatsapp\"\/><\/p>\n<p>                <img data-recalc-dims=\"1\" loading=\"lazy\" decoding=\"async\" width=\"25\" height=\"25\" src=\"https:\/\/i0.wp.com\/francaclassificados.com\/\/source\/view\/img\/18w50.png?resize=25%2C25&#038;ssl=1\" alt=\"Imagem compartilhar facebook\"\/><\/p>\n<\/p><\/div>\n<div class=\"emp\">\n<p>\n            Atendimento em Pizzaria<br \/>Funcion\u00e1ria do Sexo Feminino para Atendimento e Servi\u00e7os Gerais. No\u00e7\u00f5es de informatica. Lidar com p\u00fablico. Trabalhar em equipe. \u00c9tica e Comprometimento. Obs: Registro Imediato - Trabalho Noturno e Finais de Semana.<br \/>\n            <br \/>babbofrancapizzaria@gmail.com\n            <\/p>\n<p><strong>Compartilhe:<\/strong><\/p>\n<p>                <img data-recalc-dims=\"1\" loading=\"lazy\" decoding=\"async\" width=\"25\" height=\"25\" src=\"https:\/\/i0.wp.com\/francaclassificados.com\/\/source\/view\/img\/20w50.png?resize=25%2C25&#038;ssl=1\" alt=\"Imagem compartilhar whatsapp\"\/><\/p>\n<p>                <img data-recalc-dims=\"1\" loading=\"lazy\" decoding=\"async\" width=\"25\" height=\"25\" src=\"https:\/\/i0.wp.com\/francaclassificados.com\/\/source\/view\/img\/18w50.png?resize=25%2C25&#038;ssl=1\" alt=\"Imagem compartilhar facebook\"\/><\/p>\n<\/p><\/div>\n<p>    <script async=\"\" src=\"https:\/\/pagead2.googlesyndication.com\/pagead\/js\/adsbygoogle.js?client=ca-pub-2853392113352629\" crossorigin=\"anonymous\"\/>\n    <ins class=\"adsbygoogle\" style=\"display:block\" data-ad-client=\"ca-pub-2853392113352629\" data-ad-slot=\"2925831803\" data-ad-format=\"auto\" data-full-width-responsive=\"true\"\/>\n    <script><![CDATA[\n    (adsbygoogle = window.adsbygoogle || []).push({});\n    ]]><\/script>  <\/p>\n<div class=\"emp\">\n<p>\n            Atendente de Restaurante Noturno<br \/>CONTRATA ATENDENTE DE RESTAURANTE PARA O PERIODO NOTURNO. NECESSARIO TER MAIOR 18 ANOS, ENSINO MEDIO COMPLETO, N\u00c3O PRECISA DE EXPERIENCIA. MANDAR CURRICULO PARA O EMAIL ZAMPCURRICULO@GMAIL.COM\n            <\/p>\n<p><strong>Compartilhe:<\/strong><\/p>\n<p>                <img data-recalc-dims=\"1\" loading=\"lazy\" decoding=\"async\" width=\"25\" height=\"25\" src=\"https:\/\/i0.wp.com\/francaclassificados.com\/\/source\/view\/img\/20w50.png?resize=25%2C25&#038;ssl=1\" alt=\"Imagem compartilhar whatsapp\"\/><\/p>\n<p>                <img data-recalc-dims=\"1\" loading=\"lazy\" decoding=\"async\" width=\"25\" height=\"25\" src=\"https:\/\/i0.wp.com\/francaclassificados.com\/\/source\/view\/img\/18w50.png?resize=25%2C25&#038;ssl=1\" alt=\"Imagem compartilhar facebook\"\/><\/p>\n<\/p><\/div>\n<div class=\"emp\">\n<p>\n            Empresa ramo cal\u00e7ado masculino , busca por Colador (eira) pe\u00e7as, com experi\u00eancia de 02 anos (comprovado em carteira) na fun\u00e7\u00e3o, bom relacionamento em equipe e ser pr\u00f3 ativo (a). rhcalcadosfranca@gmail.com\n            <\/p>\n<p><strong>Compartilhe:<\/strong><\/p>\n<p>                <img data-recalc-dims=\"1\" loading=\"lazy\" decoding=\"async\" width=\"25\" height=\"25\" src=\"https:\/\/i0.wp.com\/francaclassificados.com\/\/source\/view\/img\/20w50.png?resize=25%2C25&#038;ssl=1\" alt=\"Imagem compartilhar whatsapp\"\/><\/p>\n<p>                <img data-recalc-dims=\"1\" loading=\"lazy\" decoding=\"async\" width=\"25\" height=\"25\" src=\"https:\/\/i0.wp.com\/francaclassificados.com\/\/source\/view\/img\/18w50.png?resize=25%2C25&#038;ssl=1\" alt=\"Imagem compartilhar facebook\"\/><\/p>\n<\/p><\/div>\n<p>    <script async=\"\" src=\"https:\/\/pagead2.googlesyndication.com\/pagead\/js\/adsbygoogle.js?client=ca-pub-2853392113352629\" crossorigin=\"anonymous\"\/>\n    <ins class=\"adsbygoogle\" style=\"display:block\" data-ad-client=\"ca-pub-2853392113352629\" data-ad-slot=\"2925831803\" data-ad-format=\"auto\" data-full-width-responsive=\"true\"\/>\n    <script><![CDATA[\n    (adsbygoogle = window.adsbygoogle || []).push({});\n    ]]><\/script>  <\/p>\n<div class=\"emp\">\n<p>\n            Assistente Administrativo RH<br \/>Confer\u00eancias e lan\u00e7amentos da Folha de Pagamento e ponto; Executar e organizar processos administrativos. Superior completo em RH .Desej\u00e1vel viv\u00eancia em RH. Interessados enviar curr\u00edculo para rhempregafranca@gmail.com\n            <\/p>\n<p><strong>Compartilhe:<\/strong><\/p>\n<p>                <img data-recalc-dims=\"1\" loading=\"lazy\" decoding=\"async\" width=\"25\" height=\"25\" src=\"https:\/\/i0.wp.com\/francaclassificados.com\/\/source\/view\/img\/20w50.png?resize=25%2C25&#038;ssl=1\" alt=\"Imagem compartilhar whatsapp\"\/><\/p>\n<p>                <img data-recalc-dims=\"1\" loading=\"lazy\" decoding=\"async\" width=\"25\" height=\"25\" src=\"https:\/\/i0.wp.com\/francaclassificados.com\/\/source\/view\/img\/18w50.png?resize=25%2C25&#038;ssl=1\" alt=\"Imagem compartilhar facebook\"\/><\/p>\n<\/p><\/div>\n<div class=\"emp\">\n<p>\n            FAXINEIRO (A)<br \/>Contrata-se faxineiro ou faxineira para ind\u00fastria gr\u00e1fica com hor\u00e1rio de trabalho de segunda a quinta das 6h45 \u00e0s 17h15 e sexta das 6h45 at\u00e9 11h45. Interessados mandar curr\u00edculo para o telefone (16) 99969-2718 ou para o e-mail contrata-se_fc@outlook.com\n            <\/p>\n<p><strong>Compartilhe:<\/strong><\/p>\n<p>                <img data-recalc-dims=\"1\" loading=\"lazy\" decoding=\"async\" width=\"25\" height=\"25\" src=\"https:\/\/i0.wp.com\/francaclassificados.com\/\/source\/view\/img\/20w50.png?resize=25%2C25&#038;ssl=1\" alt=\"Imagem compartilhar whatsapp\"\/><\/p>\n<p>                <img data-recalc-dims=\"1\" loading=\"lazy\" decoding=\"async\" width=\"25\" height=\"25\" src=\"https:\/\/i0.wp.com\/francaclassificados.com\/\/source\/view\/img\/18w50.png?resize=25%2C25&#038;ssl=1\" alt=\"Imagem compartilhar facebook\"\/><\/p>\n<\/p><\/div>\n<p>    <script async=\"\" src=\"https:\/\/pagead2.googlesyndication.com\/pagead\/js\/adsbygoogle.js?client=ca-pub-2853392113352629\" crossorigin=\"anonymous\"\/>\n    <ins class=\"adsbygoogle\" style=\"display:block\" data-ad-client=\"ca-pub-2853392113352629\" data-ad-slot=\"2925831803\" data-ad-format=\"auto\" data-full-width-responsive=\"true\"\/>\n    <script><![CDATA[\n    (adsbygoogle = window.adsbygoogle || []).push({});\n    ]]><\/script>  <\/p>\n<div class=\"emp\">\n<p>\n            ENTREGADOR<br \/>CONTRATA-SE ENTREGADOR PARA FRANCA E REGI\u00c3O. ENVIAR CURRICULUM PARA: financeiro.rubmixx@hotmail.com\n            <\/p>\n<p><strong>Compartilhe:<\/strong><\/p>\n<p>                <img data-recalc-dims=\"1\" loading=\"lazy\" decoding=\"async\" width=\"25\" height=\"25\" src=\"https:\/\/i0.wp.com\/francaclassificados.com\/\/source\/view\/img\/20w50.png?resize=25%2C25&#038;ssl=1\" alt=\"Imagem compartilhar whatsapp\"\/><\/p>\n<p>                <img data-recalc-dims=\"1\" loading=\"lazy\" decoding=\"async\" width=\"25\" height=\"25\" src=\"https:\/\/i0.wp.com\/francaclassificados.com\/\/source\/view\/img\/18w50.png?resize=25%2C25&#038;ssl=1\" alt=\"Imagem compartilhar facebook\"\/><\/p>\n<\/p><\/div>\n<div class=\"emp\">\n<p>\n            Admite MONTADOR AUTOMOTIVO E MEC\u00c2NICO chamar no watss 16 99387 8813 ou curr\u00edculo para lucas@hetocar.com.br\n            <\/p>\n<p><strong>Compartilhe:<\/strong><\/p>\n<p>                <img data-recalc-dims=\"1\" loading=\"lazy\" decoding=\"async\" width=\"25\" height=\"25\" src=\"https:\/\/i0.wp.com\/francaclassificados.com\/\/source\/view\/img\/20w50.png?resize=25%2C25&#038;ssl=1\" alt=\"Imagem compartilhar whatsapp\"\/><\/p>\n<p>                <img data-recalc-dims=\"1\" loading=\"lazy\" decoding=\"async\" width=\"25\" height=\"25\" src=\"https:\/\/i0.wp.com\/francaclassificados.com\/\/source\/view\/img\/18w50.png?resize=25%2C25&#038;ssl=1\" alt=\"Imagem compartilhar facebook\"\/><\/p>\n<\/p><\/div>\n<p>    <script async=\"\" src=\"https:\/\/pagead2.googlesyndication.com\/pagead\/js\/adsbygoogle.js?client=ca-pub-2853392113352629\" crossorigin=\"anonymous\"\/>\n    <ins class=\"adsbygoogle\" style=\"display:block\" data-ad-client=\"ca-pub-2853392113352629\" data-ad-slot=\"2925831803\" data-ad-format=\"auto\" data-full-width-responsive=\"true\"\/>\n    <script><![CDATA[\n    (adsbygoogle = window.adsbygoogle || []).push({});\n    ]]><\/script>  <\/p>\n<div class=\"emp\">\n<p>\n            DEPARTAMENTO FISCAL<br \/>Escrit\u00f3rio Contrata para o Depto Fiscal em Franca \u2013 SP, com experi\u00eancia nas rotinas do setor (Escritura\u00e7\u00e3o de NFs, apura\u00e7\u00e3o de impostos de empresas do Lucro Real, Lucro Presumido e Simples Nacional, envio de obriga\u00e7\u00f5es acess\u00f3rias \u2013 EFD ICMS-IPI, EFD Contribui\u00e7\u00f5es, EFD-Reinf, DCTF-Web, Gia, DeSTDA, GissOnline \u2013 e atendimento a clientes). Experi\u00eancia em escrit\u00f3rio cont\u00e1bil ser\u00e1 um diferencial. Sal\u00e1rio + Vale Alimenta\u00e7\u00e3o. Interessados enviar curr\u00edculo para o e-mail: contabilescritorio.dp@gmail.com\n            <\/p>\n<p><strong>Compartilhe:<\/strong><\/p>\n<p>                <img data-recalc-dims=\"1\" loading=\"lazy\" decoding=\"async\" width=\"25\" height=\"25\" src=\"https:\/\/i0.wp.com\/francaclassificados.com\/\/source\/view\/img\/20w50.png?resize=25%2C25&#038;ssl=1\" alt=\"Imagem compartilhar whatsapp\"\/><\/p>\n<p>                <img data-recalc-dims=\"1\" loading=\"lazy\" decoding=\"async\" width=\"25\" height=\"25\" src=\"https:\/\/i0.wp.com\/francaclassificados.com\/\/source\/view\/img\/18w50.png?resize=25%2C25&#038;ssl=1\" alt=\"Imagem compartilhar facebook\"\/><\/p>\n<\/p><\/div>\n<div class=\"emp\">\n<p>\n            OPERADOR DE M\u00c1QUINAS\/EMBALADOR<br \/>CONTRATA OPERADOR DE M\u00c1QUINAS E EMBALAGEM DE PRODUTOS.REQUISITOS: ENSINO M\u00c9DIO COMPLETO. CURSO T\u00c9CNICO SER\u00c1 CONSIDERADO DIFERENCIAL. N\u00c3O \u00c9 NECESS\u00c1RIO EXPERI\u00caNCIA. INFORMA\u00c7\u00d5ES ADICIONAIS: SAL\u00c1RIO FIXO + BENEF\u00cdCIOS. ENVIAR CURR\u00cdCULO COM O ASSUNTO \"OPERADOR\" PARA recrutamento@rochfer.com.br.\n            <\/p>\n<p><strong>Compartilhe:<\/strong><\/p>\n<p>                <img data-recalc-dims=\"1\" loading=\"lazy\" decoding=\"async\" width=\"25\" height=\"25\" src=\"https:\/\/i0.wp.com\/francaclassificados.com\/\/source\/view\/img\/20w50.png?resize=25%2C25&#038;ssl=1\" alt=\"Imagem compartilhar whatsapp\"\/><\/p>\n<p>                <img data-recalc-dims=\"1\" loading=\"lazy\" decoding=\"async\" width=\"25\" height=\"25\" src=\"https:\/\/i0.wp.com\/francaclassificados.com\/\/source\/view\/img\/18w50.png?resize=25%2C25&#038;ssl=1\" alt=\"Imagem compartilhar facebook\"\/><\/p>\n<\/p><\/div>\n<p>    <script async=\"\" src=\"https:\/\/pagead2.googlesyndication.com\/pagead\/js\/adsbygoogle.js?client=ca-pub-2853392113352629\" crossorigin=\"anonymous\"\/>\n    <ins class=\"adsbygoogle\" style=\"display:block\" data-ad-client=\"ca-pub-2853392113352629\" data-ad-slot=\"2925831803\" data-ad-format=\"auto\" data-full-width-responsive=\"true\"\/>\n    <script><![CDATA[\n    (adsbygoogle = window.adsbygoogle || []).push({});\n    ]]><\/script>  <\/p>\n<div class=\"emp\">\n<p>\n            MARCENEIRO<br \/>Estamos admintindo MARCENEIRO com experiencia em serra de bancada, serra manual, e em trabalhos com MDF e MADEIRA MACI\u00c7A. Hor\u00e1rio de expediente das 07:00 as 17:00h de Segunda a Sexta. ENVIAR CURRICULO para o WHATSAPP: (16) 999694999 - FAVOR N\u00c3O FAZER CHAMADAS NESSE NUMERO. INICIO IMEDIATO.\n            <\/p>\n<p><strong>Compartilhe:<\/strong><\/p>\n<p>                <img data-recalc-dims=\"1\" loading=\"lazy\" decoding=\"async\" width=\"25\" height=\"25\" src=\"https:\/\/i0.wp.com\/francaclassificados.com\/\/source\/view\/img\/20w50.png?resize=25%2C25&#038;ssl=1\" alt=\"Imagem compartilhar whatsapp\"\/><\/p>\n<p>                <img data-recalc-dims=\"1\" loading=\"lazy\" decoding=\"async\" width=\"25\" height=\"25\" src=\"https:\/\/i0.wp.com\/francaclassificados.com\/\/source\/view\/img\/18w50.png?resize=25%2C25&#038;ssl=1\" alt=\"Imagem compartilhar facebook\"\/><\/p>\n<\/p><\/div>\n<div class=\"emp\">\n<p>\n            Contrata-se profissional para atuar como vendedor fazendo capta\u00e7\u00e3o de alunos e fechamento de matriculas. Ir\u00e1 trabalhar de segunda a sexta das 09 as 18 horas e aos s\u00e1bados das 9 as 13 horas. Sal\u00e1rio fixo de R$1500,00 + R$ 200,00 por matricula fechada + premia\u00e7\u00f5es conforme atingir metas. Profissional pr\u00f3 - ativo, comprometido e maior de 21 anos. Enviar curr\u00edculo para WhatsApp 16 98154-3527.\n            <\/p>\n<p><strong>Compartilhe:<\/strong><\/p>\n<p>                <img data-recalc-dims=\"1\" loading=\"lazy\" decoding=\"async\" width=\"25\" height=\"25\" src=\"https:\/\/i0.wp.com\/francaclassificados.com\/\/source\/view\/img\/20w50.png?resize=25%2C25&#038;ssl=1\" alt=\"Imagem compartilhar whatsapp\"\/><\/p>\n<p>                <img data-recalc-dims=\"1\" loading=\"lazy\" decoding=\"async\" width=\"25\" height=\"25\" src=\"https:\/\/i0.wp.com\/francaclassificados.com\/\/source\/view\/img\/18w50.png?resize=25%2C25&#038;ssl=1\" alt=\"Imagem compartilhar facebook\"\/><\/p>\n<\/p><\/div>\n<p>    <script async=\"\" src=\"https:\/\/pagead2.googlesyndication.com\/pagead\/js\/adsbygoogle.js?client=ca-pub-2853392113352629\" crossorigin=\"anonymous\"\/>\n    <ins class=\"adsbygoogle\" style=\"display:block\" data-ad-client=\"ca-pub-2853392113352629\" data-ad-slot=\"2925831803\" data-ad-format=\"auto\" data-full-width-responsive=\"true\"\/>\n    <script><![CDATA[\n    (adsbygoogle = window.adsbygoogle || []).push({});\n    ]]><\/script>  <\/p>\n<div class=\"emp\">\n<p>\n            TELEVENDAS COM EXPERI\u00caNCIA INICIO IMEDIATO Segunda \u00e0 sabado, fixo 1747,70 + VT e premia\u00e7\u00f5es por rendimento. Pessoas comunicativas, din\u00e2micas, persuasivas e com experi\u00eancia em vendas e metas. Venha fazer parte do nosso time. Interessados enviar curr\u00edculo para: contatotelevendas2017@gmail.com\n            <\/p>\n<p><strong>Compartilhe:<\/strong><\/p>\n<p>                <img data-recalc-dims=\"1\" loading=\"lazy\" decoding=\"async\" width=\"25\" height=\"25\" src=\"https:\/\/i0.wp.com\/francaclassificados.com\/\/source\/view\/img\/20w50.png?resize=25%2C25&#038;ssl=1\" alt=\"Imagem compartilhar whatsapp\"\/><\/p>\n<p>                <img data-recalc-dims=\"1\" loading=\"lazy\" decoding=\"async\" width=\"25\" height=\"25\" src=\"https:\/\/i0.wp.com\/francaclassificados.com\/\/source\/view\/img\/18w50.png?resize=25%2C25&#038;ssl=1\" alt=\"Imagem compartilhar facebook\"\/><\/p>\n<\/p><\/div>\n<div class=\"emp\">\n<p>\n            Auxiliar Fiscal<br \/>Contrata auxiliar fiscal com experi\u00eancia em emiss\u00e3o e lan\u00e7amentos de notas fiscais, apura\u00e7\u00e3o dos impostos, entrega das obriga\u00e7\u00f5es (SPED Fiscal e SPED Contribui\u00e7\u00f5es, GIA, REINF) e conhecimento b\u00e1sico em inform\u00e1tica. Sal\u00e1rio de R$ 1.837,27 + V.A. R$ 605,00 + V.T. Segunda \u00e0 Sexta das 7h40 \u00e1s 18h00 (1h30 de almo\u00e7o). Interessados enviar curr\u00edculo para contabil.anuncio@outlook.com.\n            <\/p>\n<p><strong>Compartilhe:<\/strong><\/p>\n<p>                <img data-recalc-dims=\"1\" loading=\"lazy\" decoding=\"async\" width=\"25\" height=\"25\" src=\"https:\/\/i0.wp.com\/francaclassificados.com\/\/source\/view\/img\/20w50.png?resize=25%2C25&#038;ssl=1\" alt=\"Imagem compartilhar whatsapp\"\/><\/p>\n<p>                <img data-recalc-dims=\"1\" loading=\"lazy\" decoding=\"async\" width=\"25\" height=\"25\" src=\"https:\/\/i0.wp.com\/francaclassificados.com\/\/source\/view\/img\/18w50.png?resize=25%2C25&#038;ssl=1\" alt=\"Imagem compartilhar facebook\"\/><\/p>\n<\/p><\/div>\n<p>    <script async=\"\" src=\"https:\/\/pagead2.googlesyndication.com\/pagead\/js\/adsbygoogle.js?client=ca-pub-2853392113352629\" crossorigin=\"anonymous\"\/>\n    <ins class=\"adsbygoogle\" style=\"display:block\" data-ad-client=\"ca-pub-2853392113352629\" data-ad-slot=\"2925831803\" data-ad-format=\"auto\" data-full-width-responsive=\"true\"\/>\n    <script><![CDATA[\n    (adsbygoogle = window.adsbygoogle || []).push({});\n    ]]><\/script>  <\/p>\n<div class=\"emp\">\n<p>\n            Auxiliar E-comerce<br \/>Contrata auxiliar em E-comeerce , que saiba pegar pedidos e cadastrar produtos em todas as plataformas, emitir nfs, etiquetas, e despachar pedidos. Conhecimento no canva para postagens di\u00e1rias instagram ser\u00e1 um diferencial. Interessados enviar curriculum no whatts 16 991313020\n            <\/p>\n<p><strong>Compartilhe:<\/strong><\/p>\n<p>                <img data-recalc-dims=\"1\" loading=\"lazy\" decoding=\"async\" width=\"25\" height=\"25\" src=\"https:\/\/i0.wp.com\/francaclassificados.com\/\/source\/view\/img\/20w50.png?resize=25%2C25&#038;ssl=1\" alt=\"Imagem compartilhar whatsapp\"\/><\/p>\n<p>                <img data-recalc-dims=\"1\" loading=\"lazy\" decoding=\"async\" width=\"25\" height=\"25\" src=\"https:\/\/i0.wp.com\/francaclassificados.com\/\/source\/view\/img\/18w50.png?resize=25%2C25&#038;ssl=1\" alt=\"Imagem compartilhar facebook\"\/><\/p>\n<\/p><\/div>\n<div class=\"emp\">\n<p>\n            ESTAMOS CONTRATANDO COZINHEIRA(O) COM EXPERI\u00caNCIA DE 2 ANOS E ATENDENTE, AMBAS AS VAGAS COM DISPONIBILIDADE DE HOR\u00c1RIO. ENVIE SEU CURR\u00cdCULO PARA: oportunidadecityposto@gmail.com\n            <\/p>\n<p><strong>Compartilhe:<\/strong><\/p>\n<p>                <img data-recalc-dims=\"1\" loading=\"lazy\" decoding=\"async\" width=\"25\" height=\"25\" src=\"https:\/\/i0.wp.com\/francaclassificados.com\/\/source\/view\/img\/20w50.png?resize=25%2C25&#038;ssl=1\" alt=\"Imagem compartilhar whatsapp\"\/><\/p>\n<p>                <img data-recalc-dims=\"1\" loading=\"lazy\" decoding=\"async\" width=\"25\" height=\"25\" src=\"https:\/\/i0.wp.com\/francaclassificados.com\/\/source\/view\/img\/18w50.png?resize=25%2C25&#038;ssl=1\" alt=\"Imagem compartilhar facebook\"\/><\/p>\n<\/p><\/div>\n<p>    <script async=\"\" src=\"https:\/\/pagead2.googlesyndication.com\/pagead\/js\/adsbygoogle.js?client=ca-pub-2853392113352629\" crossorigin=\"anonymous\"\/>\n    <ins class=\"adsbygoogle\" style=\"display:block\" data-ad-client=\"ca-pub-2853392113352629\" data-ad-slot=\"2925831803\" data-ad-format=\"auto\" data-full-width-responsive=\"true\"\/>\n    <script><![CDATA[\n    (adsbygoogle = window.adsbygoogle || []).push({});\n    ]]><\/script>  <\/p>\n<div class=\"emp\">\n<p>\n            DEPARTAMENTO PESSOAL<br \/>Escrit\u00f3rio Cont\u00e1bil, admite profissional com experi\u00eancia na \u00e1rea de departamento pessoal, com conhecimento espec\u00edfico em todas as rotinas do setor, acompanhamento de conven\u00e7\u00f5es coletivas, legisla\u00e7\u00e3o vigente.. etc. Enviar Curr\u00edculo para: eneas_04@hotmail.com\n            <\/p>\n<p><strong>Compartilhe:<\/strong><\/p>\n<p>                <img data-recalc-dims=\"1\" loading=\"lazy\" decoding=\"async\" width=\"25\" height=\"25\" src=\"https:\/\/i0.wp.com\/francaclassificados.com\/\/source\/view\/img\/20w50.png?resize=25%2C25&#038;ssl=1\" alt=\"Imagem compartilhar whatsapp\"\/><\/p>\n<p>                <img data-recalc-dims=\"1\" loading=\"lazy\" decoding=\"async\" width=\"25\" height=\"25\" src=\"https:\/\/i0.wp.com\/francaclassificados.com\/\/source\/view\/img\/18w50.png?resize=25%2C25&#038;ssl=1\" alt=\"Imagem compartilhar facebook\"\/><\/p>\n<\/p><\/div>\n<div class=\"emp\">\n<p>\n            CORTADOR E PESPONTADOR<br \/>Contrata-se cortador e pespontador para exercer a fun\u00e7\u00e3o de segunda \u00e1 sexta. S\u00e3o tr\u00eas vagas. Duas para cortadores de forro e uma para pespontador que saiba passar vi\u00e9s. Para exercer a fun\u00e7\u00e3o, faz-se necess\u00e1rio que o profissional j\u00e1 tenha o m\u00ednimo de experi\u00eancia na ar\u00e9a, seja organizado e respons\u00e1vel. O sal\u00e1rio \u00e9 negociav\u00e9l. Envio de curr\u00edculo pelo email sosinteticosfranca@gmail.com ou pelo WhatsApp (16) 99451-3721.\n            <\/p>\n<p><strong>Compartilhe:<\/strong><\/p>\n<p>                <img data-recalc-dims=\"1\" loading=\"lazy\" decoding=\"async\" width=\"25\" height=\"25\" src=\"https:\/\/i0.wp.com\/francaclassificados.com\/\/source\/view\/img\/20w50.png?resize=25%2C25&#038;ssl=1\" alt=\"Imagem compartilhar whatsapp\"\/><\/p>\n<p>                <img data-recalc-dims=\"1\" loading=\"lazy\" decoding=\"async\" width=\"25\" height=\"25\" src=\"https:\/\/i0.wp.com\/francaclassificados.com\/\/source\/view\/img\/18w50.png?resize=25%2C25&#038;ssl=1\" alt=\"Imagem compartilhar facebook\"\/><\/p>\n<\/p><\/div>\n<p>    <script async=\"\" src=\"https:\/\/pagead2.googlesyndication.com\/pagead\/js\/adsbygoogle.js?client=ca-pub-2853392113352629\" crossorigin=\"anonymous\"\/>\n    <ins class=\"adsbygoogle\" style=\"display:block\" data-ad-client=\"ca-pub-2853392113352629\" data-ad-slot=\"2925831803\" data-ad-format=\"auto\" data-full-width-responsive=\"true\"\/>\n    <script><![CDATA[\n    (adsbygoogle = window.adsbygoogle || []).push({});\n    ]]><\/script>  <\/p>\n<div class=\"emp\">\n<p>\n            BALCONISTA<br \/>Contrata-se balconista com experi\u00eancia para maiores de 18 anos. Mandar curr\u00edculo somente com real interesse e disponibilidade de hor\u00e1rio e comprometimento. E-mail: trigosartesanopanificadora@gmail.com\n            <\/p>\n<p><strong>Compartilhe:<\/strong><\/p>\n<p>                <img data-recalc-dims=\"1\" loading=\"lazy\" decoding=\"async\" width=\"25\" height=\"25\" src=\"https:\/\/i0.wp.com\/francaclassificados.com\/\/source\/view\/img\/20w50.png?resize=25%2C25&#038;ssl=1\" alt=\"Imagem compartilhar whatsapp\"\/><\/p>\n<p>                <img data-recalc-dims=\"1\" loading=\"lazy\" decoding=\"async\" width=\"25\" height=\"25\" src=\"https:\/\/i0.wp.com\/francaclassificados.com\/\/source\/view\/img\/18w50.png?resize=25%2C25&#038;ssl=1\" alt=\"Imagem compartilhar facebook\"\/><\/p>\n<\/p><\/div>\n<div class=\"emp\">\n<p>\n            ELETROMECANICO ESCALA 12X36<br \/>INDUSTRIA DE COL\u00c1GENO CONTRATA ELETROMECANICO PARA TRABALHAR NO PER\u00cdODO DIURNO NA ESCALA 12X36. REALIZAR\u00c1 MANUTEN\u00c7\u00c3O PREVENTIVA E CORRETIVA DE M\u00c1Q. E EQUIP. ELETROMEC\u00c2NICOS. DIAGNOSTICAR FALHAS EM SISTEMAS ELETROMEC\u00c2NICOS E ELETR\u00d4NICOS, UTILIZANDO FERRAMENTAS E EQUIPAMENTOS APROPRIADOS. NECESS\u00c1RIO FORMA\u00c7\u00c3O T\u00c9CNICA EM ELETROMEC\u00c2NICA, ELETR\u00d4NICA, MECATR\u00d4NICA OU \u00c1REAS CORRELATAS. EMPRESA OFERECE SAL\u00c1RIO + V.A + REFEI\u00c7\u00c3O NO LOCAL. INTERESSADOS ENCAMINHAR CURR\u00cdCULO PARA O E-MAIL rh@pepcol.com.br\n            <\/p>\n<p><strong>Compartilhe:<\/strong><\/p>\n<p>                <img data-recalc-dims=\"1\" loading=\"lazy\" decoding=\"async\" width=\"25\" height=\"25\" src=\"https:\/\/i0.wp.com\/francaclassificados.com\/\/source\/view\/img\/20w50.png?resize=25%2C25&#038;ssl=1\" alt=\"Imagem compartilhar whatsapp\"\/><\/p>\n<p>                <img data-recalc-dims=\"1\" loading=\"lazy\" decoding=\"async\" width=\"25\" height=\"25\" src=\"https:\/\/i0.wp.com\/francaclassificados.com\/\/source\/view\/img\/18w50.png?resize=25%2C25&#038;ssl=1\" alt=\"Imagem compartilhar facebook\"\/><\/p>\n<\/p><\/div>\n<p>    <script async=\"\" src=\"https:\/\/pagead2.googlesyndication.com\/pagead\/js\/adsbygoogle.js?client=ca-pub-2853392113352629\" crossorigin=\"anonymous\"\/>\n    <ins class=\"adsbygoogle\" style=\"display:block\" data-ad-client=\"ca-pub-2853392113352629\" data-ad-slot=\"2925831803\" data-ad-format=\"auto\" data-full-width-responsive=\"true\"\/>\n    <script><![CDATA[\n    (adsbygoogle = window.adsbygoogle || []).push({});\n    ]]><\/script>  <\/p>\n<div class=\"emp\">\n<p>\n            Estagi\u00e1ria<br \/>Contrata se estagi\u00e1ria Com idade a partir de 16 anos para a fun\u00e7\u00e3o de servi\u00e7os gerais\u2026 vagas para o per\u00edodo da manh\u00e3 De segunda \u00e0 sabado das 06:30 as 11:30 hrs contrato feito pelo CIEE salario 800,00+200,00 vale transporte Interessados enviar curr\u00edculo para o e-mail miniboxcontini07@gmail.com\n            <\/p>\n<p><strong>Compartilhe:<\/strong><\/p>\n<p>                <img data-recalc-dims=\"1\" loading=\"lazy\" decoding=\"async\" width=\"25\" height=\"25\" src=\"https:\/\/i0.wp.com\/francaclassificados.com\/\/source\/view\/img\/20w50.png?resize=25%2C25&#038;ssl=1\" alt=\"Imagem compartilhar whatsapp\"\/><\/p>\n<p>                <img data-recalc-dims=\"1\" loading=\"lazy\" decoding=\"async\" width=\"25\" height=\"25\" src=\"https:\/\/i0.wp.com\/francaclassificados.com\/\/source\/view\/img\/18w50.png?resize=25%2C25&#038;ssl=1\" alt=\"Imagem compartilhar facebook\"\/><\/p>\n<\/p><\/div>\n<div class=\"emp\">\n<p>\n            Montador e Instalador de esquadrias<br \/>Estamos contratando c\/ experiencia: Montador e instalador de esquadrias, Pessoa proativa, comprometida, pontual, disposto a aprender, com experi\u00eancia em instala\u00e7\u00e3o de vidros temperados e de alum\u00ednio e com no\u00e7\u00e3o de obra ser\u00e1 um diferencial. Hor\u00e1rios: das 7h as 17:15h com 1h e 30m de almo\u00e7o, sal\u00e1rio R$ 2.500,00. Interessados enviar curr\u00edculo para 16-99949-2861 com assunto: Montador e Instalador\n            <\/p>\n<p><strong>Compartilhe:<\/strong><\/p>\n<p>                <img data-recalc-dims=\"1\" loading=\"lazy\" decoding=\"async\" width=\"25\" height=\"25\" src=\"https:\/\/i0.wp.com\/francaclassificados.com\/\/source\/view\/img\/20w50.png?resize=25%2C25&#038;ssl=1\" alt=\"Imagem compartilhar whatsapp\"\/><\/p>\n<p>                <img data-recalc-dims=\"1\" loading=\"lazy\" decoding=\"async\" width=\"25\" height=\"25\" src=\"https:\/\/i0.wp.com\/francaclassificados.com\/\/source\/view\/img\/18w50.png?resize=25%2C25&#038;ssl=1\" alt=\"Imagem compartilhar facebook\"\/><\/p>\n<\/p><\/div>\n<p>    <script async=\"\" src=\"https:\/\/pagead2.googlesyndication.com\/pagead\/js\/adsbygoogle.js?client=ca-pub-2853392113352629\" crossorigin=\"anonymous\"\/>\n    <ins class=\"adsbygoogle\" style=\"display:block\" data-ad-client=\"ca-pub-2853392113352629\" data-ad-slot=\"2925831803\" data-ad-format=\"auto\" data-full-width-responsive=\"true\"\/>\n    <script><![CDATA[\n    (adsbygoogle = window.adsbygoogle || []).push({});\n    ]]><\/script>  <\/p>\n<div class=\"emp\">\n<p>\n            Consultor Imobiliario PJ<br \/>Buscamos Consultores Imobiliarios - com ou sem experi\u00eancia. Responsavel Capta\u00e7\u00e3o de novos clientes; Alimentar o CRM; Realizar v\u00eddeos e fotos dos im\u00f3veis para as redes sociais;- Beneficios: Comiss\u00f5es agressivas; Treinamento e Desenvolvimento; + de 1.000 im\u00f3veis em carteria; Acesso ao Gympass, Espa\u00e7o f\u00edsico completo, localizada na principal av. de Franca - Paulo IV. Interessados, entre em contato conosco atrav\u00e9s do nosso WhatsApp: 16 99646-7653\n            <\/p>\n<p><strong>Compartilhe:<\/strong><\/p>\n<p>                <img data-recalc-dims=\"1\" loading=\"lazy\" decoding=\"async\" width=\"25\" height=\"25\" src=\"https:\/\/i0.wp.com\/francaclassificados.com\/\/source\/view\/img\/20w50.png?resize=25%2C25&#038;ssl=1\" alt=\"Imagem compartilhar whatsapp\"\/><\/p>\n<p>                <img data-recalc-dims=\"1\" loading=\"lazy\" decoding=\"async\" width=\"25\" height=\"25\" src=\"https:\/\/i0.wp.com\/francaclassificados.com\/\/source\/view\/img\/18w50.png?resize=25%2C25&#038;ssl=1\" alt=\"Imagem compartilhar facebook\"\/><\/p>\n<\/p><\/div>\n<div class=\"emp\">\n<p>\n            \u00c1rea Rural - Residir<br \/>Temos vagas, para residir na fazenda, regi\u00f5es de Restinga, Igarapava e Sales Oliveira. Operador de Colhedeira de caf\u00e9, Tratorista, Servi\u00e7os Gerais Rurais, Jardineiro, Vaqueiro e Vigilante. Interessados enviar Curriculum para: curriculofazendas@gmail.com com a descri\u00e7\u00e3o quantidade de membros na fam\u00edlia e no assunto a vaga de interesse.\n            <\/p>\n<p><strong>Compartilhe:<\/strong><\/p>\n<p>                <img data-recalc-dims=\"1\" loading=\"lazy\" decoding=\"async\" width=\"25\" height=\"25\" src=\"https:\/\/i0.wp.com\/francaclassificados.com\/\/source\/view\/img\/20w50.png?resize=25%2C25&#038;ssl=1\" alt=\"Imagem compartilhar whatsapp\"\/><\/p>\n<p>                <img data-recalc-dims=\"1\" loading=\"lazy\" decoding=\"async\" width=\"25\" height=\"25\" src=\"https:\/\/i0.wp.com\/francaclassificados.com\/\/source\/view\/img\/18w50.png?resize=25%2C25&#038;ssl=1\" alt=\"Imagem compartilhar facebook\"\/><\/p>\n<\/p><\/div>\n<p>    <script async=\"\" src=\"https:\/\/pagead2.googlesyndication.com\/pagead\/js\/adsbygoogle.js?client=ca-pub-2853392113352629\" crossorigin=\"anonymous\"\/>\n    <ins class=\"adsbygoogle\" style=\"display:block\" data-ad-client=\"ca-pub-2853392113352629\" data-ad-slot=\"2925831803\" data-ad-format=\"auto\" data-full-width-responsive=\"true\"\/>\n    <script><![CDATA[\n    (adsbygoogle = window.adsbygoogle || []).push({});\n    ]]><\/script>  <\/p>\n<div class=\"emp\">\n<p>\n            Auxiliar Adm. e T\u00e9c. Inform\u00e1tica<br \/>Estamos Contratando: AUX. ADMINISTRATIVO E T\u00c9C. DE INFORM\u00c1TICA. Requisitos: Pontualidade, assiduidade, responsabilidade, pr\u00f3-atividade e comprometimento. Disponibilidade per\u00edodo integral. Interessados enviar curr\u00edculo para rh@mlobatofranca.com.br, com o assunto \"Auxiliar Administrativo\" ou \u201cT\u00e9c. De Inform\u00e1tica\u201d. ENTREVISTAS SOMENTE COM HORA MARCADA\n            <\/p>\n<p><strong>Compartilhe:<\/strong><\/p>\n<p>                <img data-recalc-dims=\"1\" loading=\"lazy\" decoding=\"async\" width=\"25\" height=\"25\" src=\"https:\/\/i0.wp.com\/francaclassificados.com\/\/source\/view\/img\/20w50.png?resize=25%2C25&#038;ssl=1\" alt=\"Imagem compartilhar whatsapp\"\/><\/p>\n<p>                <img data-recalc-dims=\"1\" loading=\"lazy\" decoding=\"async\" width=\"25\" height=\"25\" src=\"https:\/\/i0.wp.com\/francaclassificados.com\/\/source\/view\/img\/18w50.png?resize=25%2C25&#038;ssl=1\" alt=\"Imagem compartilhar facebook\"\/><\/p>\n<\/p><\/div>\n<div class=\"emp\">\n<p>\n            Empresa do ramo automotivo localizada em Franca\u2013SP, contrata: AUXILIAR DE DEPARTAMENTO PESSOAL, AUXILIAR DE PRODU\u00c7\u00c3O (SETOR BORDADO), PESPONTO (URGENTE), inicio imediato. Os interessados devem enviar o curr\u00edculo para o e-mail trabalheconosco@couroearte.com.br com o nome da vaga.\n            <\/p>\n<p><strong>Compartilhe:<\/strong><\/p>\n<p>                <img data-recalc-dims=\"1\" loading=\"lazy\" decoding=\"async\" width=\"25\" height=\"25\" src=\"https:\/\/i0.wp.com\/francaclassificados.com\/\/source\/view\/img\/20w50.png?resize=25%2C25&#038;ssl=1\" alt=\"Imagem compartilhar whatsapp\"\/><\/p>\n<p>                <img data-recalc-dims=\"1\" loading=\"lazy\" decoding=\"async\" width=\"25\" height=\"25\" src=\"https:\/\/i0.wp.com\/francaclassificados.com\/\/source\/view\/img\/18w50.png?resize=25%2C25&#038;ssl=1\" alt=\"Imagem compartilhar facebook\"\/><\/p>\n<\/p><\/div>\n<p>    <script async=\"\" src=\"https:\/\/pagead2.googlesyndication.com\/pagead\/js\/adsbygoogle.js?client=ca-pub-2853392113352629\" crossorigin=\"anonymous\"\/>\n    <ins class=\"adsbygoogle\" style=\"display:block\" data-ad-client=\"ca-pub-2853392113352629\" data-ad-slot=\"2925831803\" data-ad-format=\"auto\" data-full-width-responsive=\"true\"\/>\n    <script><![CDATA[\n    (adsbygoogle = window.adsbygoogle || []).push({});\n    ]]><\/script>  <\/p>\n<div class=\"emp\">\n<p>\n            Estamos contratando para in\u00edcio imediato: RISCADOR, APONTADO DE SOLA, PASSADEIRA DE COLA NA SOLA com experi\u00eancia. Interessados enviar curr\u00edculo no e-mail jp.admpessoal@gmail.com. Favor enviar apenas um curr\u00edculo.\n            <\/p>\n<p><strong>Compartilhe:<\/strong><\/p>\n<p>                <img data-recalc-dims=\"1\" loading=\"lazy\" decoding=\"async\" width=\"25\" height=\"25\" src=\"https:\/\/i0.wp.com\/francaclassificados.com\/\/source\/view\/img\/20w50.png?resize=25%2C25&#038;ssl=1\" alt=\"Imagem compartilhar whatsapp\"\/><\/p>\n<p>                <img data-recalc-dims=\"1\" loading=\"lazy\" decoding=\"async\" width=\"25\" height=\"25\" src=\"https:\/\/i0.wp.com\/francaclassificados.com\/\/source\/view\/img\/18w50.png?resize=25%2C25&#038;ssl=1\" alt=\"Imagem compartilhar facebook\"\/><\/p>\n<\/p><\/div>\n<div class=\"emp\">\n<p>\n            OPERADOR CONTROLE DE PRAGAS<br \/>Contrata-se operador de controle de pregas, com boa comunica\u00e7\u00e3o, CNH A\/B, 2\u00ba GRAU COMPLETO, Basico em excel.<br \/>interessados enviar curriculum para: quereguini@gmail.com\n            <\/p>\n<p><strong>Compartilhe:<\/strong><\/p>\n<p>                <img data-recalc-dims=\"1\" loading=\"lazy\" decoding=\"async\" width=\"25\" height=\"25\" src=\"https:\/\/i0.wp.com\/francaclassificados.com\/\/source\/view\/img\/20w50.png?resize=25%2C25&#038;ssl=1\" alt=\"Imagem compartilhar whatsapp\"\/><\/p>\n<p>                <img data-recalc-dims=\"1\" loading=\"lazy\" decoding=\"async\" width=\"25\" height=\"25\" src=\"https:\/\/i0.wp.com\/francaclassificados.com\/\/source\/view\/img\/18w50.png?resize=25%2C25&#038;ssl=1\" alt=\"Imagem compartilhar facebook\"\/><\/p>\n<\/p><\/div>\n<p>    <script async=\"\" src=\"https:\/\/pagead2.googlesyndication.com\/pagead\/js\/adsbygoogle.js?client=ca-pub-2853392113352629\" crossorigin=\"anonymous\"\/>\n    <ins class=\"adsbygoogle\" style=\"display:block\" data-ad-client=\"ca-pub-2853392113352629\" data-ad-slot=\"2925831803\" data-ad-format=\"auto\" data-full-width-responsive=\"true\"\/>\n    <script><![CDATA[\n    (adsbygoogle = window.adsbygoogle || []).push({});\n    ]]><\/script>  <\/p>\n<div class=\"emp\">\n<p>\n            Consultor Comercial<br \/>A jornada de trabalho ser\u00e1 de Segunda \u00e0 Sexta-feira das 10:00 \u00e0s 19:30 e s\u00e1bado das 8:00 \u00e0s 12:00.<br \/>Necess\u00e1rio ter ensino superior completo ou estar cursando .<br \/>Conhecimento em inform\u00e1tica, boa comunica\u00e7\u00e3o.<br \/>Experi\u00eancia em vendas.<br \/>Paga-se sal\u00e1rio fixo (CLT) +bolsa de estudos 100% para gradua\u00e7\u00e3o EAD+comiss\u00e3o por vendas.<br \/>Interessados enviar curr\u00edculo para taciane.freire@unicesumar.edu.br\n            <\/p>\n<p><strong>Compartilhe:<\/strong><\/p>\n<p>                <img data-recalc-dims=\"1\" loading=\"lazy\" decoding=\"async\" width=\"25\" height=\"25\" src=\"https:\/\/i0.wp.com\/francaclassificados.com\/\/source\/view\/img\/20w50.png?resize=25%2C25&#038;ssl=1\" alt=\"Imagem compartilhar whatsapp\"\/><\/p>\n<p>                <img data-recalc-dims=\"1\" loading=\"lazy\" decoding=\"async\" width=\"25\" height=\"25\" src=\"https:\/\/i0.wp.com\/francaclassificados.com\/\/source\/view\/img\/18w50.png?resize=25%2C25&#038;ssl=1\" alt=\"Imagem compartilhar facebook\"\/><\/p>\n<\/p><\/div>\n<div class=\"emp\">\n<p>\n            Atendimento Assist\u00eancia T\u00e9cnica e Vendas<br \/>Contrata-se para atendimento em assist\u00eancia t\u00e9cnica em aparelhos eletr\u00f4nicos e vendas de acessorios para celulares. Deve ter ensino m\u00e9dio completo. boa digita\u00e7\u00e3o, boa comunica\u00e7\u00e3o. Conhecimento em excel. Experi\u00eancia com atendimento e vendas \u00e9 diferencial, horario de trabalho de segunda \u00e0 sabado. Segunda \u00e0 sexta das 08:45 \u00e0s 18:00 e s\u00e1bados das 09:00 \u00e0s 13:00. Enviar curriculo com o titulo Atendimento para o email: vagas.te19@gmail.com\n            <\/p>\n<p><strong>Compartilhe:<\/strong><\/p>\n<p>                <img data-recalc-dims=\"1\" loading=\"lazy\" decoding=\"async\" width=\"25\" height=\"25\" src=\"https:\/\/i0.wp.com\/francaclassificados.com\/\/source\/view\/img\/20w50.png?resize=25%2C25&#038;ssl=1\" alt=\"Imagem compartilhar whatsapp\"\/><\/p>\n<p>                <img data-recalc-dims=\"1\" loading=\"lazy\" decoding=\"async\" width=\"25\" height=\"25\" src=\"https:\/\/i0.wp.com\/francaclassificados.com\/\/source\/view\/img\/18w50.png?resize=25%2C25&#038;ssl=1\" alt=\"Imagem compartilhar facebook\"\/><\/p>\n<\/p><\/div>\n<p>    <script async=\"\" src=\"https:\/\/pagead2.googlesyndication.com\/pagead\/js\/adsbygoogle.js?client=ca-pub-2853392113352629\" crossorigin=\"anonymous\"\/>\n    <ins class=\"adsbygoogle\" style=\"display:block\" data-ad-client=\"ca-pub-2853392113352629\" data-ad-slot=\"2925831803\" data-ad-format=\"auto\" data-full-width-responsive=\"true\"\/>\n    <script><![CDATA[\n    (adsbygoogle = window.adsbygoogle || []).push({});\n    ]]><\/script>  <\/p>\n<div class=\"emp\">\n<p>\n            ACABADOR<br \/>PRECISO DE ACABADOR COM PRATICA COMPROVADA, QUE SAIBA ARRANHAR E APONTAR SOLA. INTERESSADOS ENVIAR CURRICULO E LIGAR PARA ZAP 16 9 9399-3754 - NILTON.\n            <\/p>\n<p><strong>Compartilhe:<\/strong><\/p>\n<p>                <img data-recalc-dims=\"1\" loading=\"lazy\" decoding=\"async\" width=\"25\" height=\"25\" src=\"https:\/\/i0.wp.com\/francaclassificados.com\/\/source\/view\/img\/20w50.png?resize=25%2C25&#038;ssl=1\" alt=\"Imagem compartilhar whatsapp\"\/><\/p>\n<p>                <img data-recalc-dims=\"1\" loading=\"lazy\" decoding=\"async\" width=\"25\" height=\"25\" src=\"https:\/\/i0.wp.com\/francaclassificados.com\/\/source\/view\/img\/18w50.png?resize=25%2C25&#038;ssl=1\" alt=\"Imagem compartilhar facebook\"\/><\/p>\n<\/p><\/div>\n<div class=\"emp\">\n<p>\n            Estoquista<br \/>Empresa do seguimento de Ferramentas, busca estoquistas para compor seu quadro de colaboradores. Oferecemos sal\u00e1rio fixo + premia\u00e7\u00e3o. Requisitos: Ser maior de 18 anos. Experi\u00eancia na fun\u00e7\u00e3o ser\u00e1 considerado diferencial. Enviar curr\u00edculo para: curriculoscpfranca@gmail.com\n            <\/p>\n<p><strong>Compartilhe:<\/strong><\/p>\n<p>                <img data-recalc-dims=\"1\" loading=\"lazy\" decoding=\"async\" width=\"25\" height=\"25\" src=\"https:\/\/i0.wp.com\/francaclassificados.com\/\/source\/view\/img\/20w50.png?resize=25%2C25&#038;ssl=1\" alt=\"Imagem compartilhar whatsapp\"\/><\/p>\n<p>                <img data-recalc-dims=\"1\" loading=\"lazy\" decoding=\"async\" width=\"25\" height=\"25\" src=\"https:\/\/i0.wp.com\/francaclassificados.com\/\/source\/view\/img\/18w50.png?resize=25%2C25&#038;ssl=1\" alt=\"Imagem compartilhar facebook\"\/><\/p>\n<\/p><\/div>\n<p>    <script async=\"\" src=\"https:\/\/pagead2.googlesyndication.com\/pagead\/js\/adsbygoogle.js?client=ca-pub-2853392113352629\" crossorigin=\"anonymous\"\/>\n    <ins class=\"adsbygoogle\" style=\"display:block\" data-ad-client=\"ca-pub-2853392113352629\" data-ad-slot=\"2925831803\" data-ad-format=\"auto\" data-full-width-responsive=\"true\"\/>\n    <script><![CDATA[\n    (adsbygoogle = window.adsbygoogle || []).push({});\n    ]]><\/script>  <\/p>\n<div class=\"emp\">\n<p>\n            CONTRATA SE REVISOR(A) DE PESPONTO - INTERESSADOS ENVIAR CURRICULO NO SEGUINTE E-MAIL contato.empresafranca@gmail.com\n            <\/p>\n<p><strong>Compartilhe:<\/strong><\/p>\n<p>                <img data-recalc-dims=\"1\" loading=\"lazy\" decoding=\"async\" width=\"25\" height=\"25\" src=\"https:\/\/i0.wp.com\/francaclassificados.com\/\/source\/view\/img\/20w50.png?resize=25%2C25&#038;ssl=1\" alt=\"Imagem compartilhar whatsapp\"\/><\/p>\n<p>                <img data-recalc-dims=\"1\" loading=\"lazy\" decoding=\"async\" width=\"25\" height=\"25\" src=\"https:\/\/i0.wp.com\/francaclassificados.com\/\/source\/view\/img\/18w50.png?resize=25%2C25&#038;ssl=1\" alt=\"Imagem compartilhar facebook\"\/><\/p>\n<\/p><\/div>\n<div class=\"emp\">\n<p>\n            TELEMARKETING FINANCEIRA<br \/>CONTRATA-SE VENDEDORA COMERCIAL COM EXPERI\u00caNCIA EM ATENDIMENTO E VENDAS, COM BOA COMUNICA\u00c7\u00c3O E AGRESSIVIDADE EM VENDAS, LIDERAN\u00c7A E COMPROMISSO.<br \/>\n            <br \/>grupocoparh@gmail.com\n            <\/p>\n<p><strong>Compartilhe:<\/strong><\/p>\n<p>                <img data-recalc-dims=\"1\" loading=\"lazy\" decoding=\"async\" width=\"25\" height=\"25\" src=\"https:\/\/i0.wp.com\/francaclassificados.com\/\/source\/view\/img\/20w50.png?resize=25%2C25&#038;ssl=1\" alt=\"Imagem compartilhar whatsapp\"\/><\/p>\n<p>                <img data-recalc-dims=\"1\" loading=\"lazy\" decoding=\"async\" width=\"25\" height=\"25\" src=\"https:\/\/i0.wp.com\/francaclassificados.com\/\/source\/view\/img\/18w50.png?resize=25%2C25&#038;ssl=1\" alt=\"Imagem compartilhar facebook\"\/><\/p>\n<\/p><\/div>\n<p>    <script async=\"\" src=\"https:\/\/pagead2.googlesyndication.com\/pagead\/js\/adsbygoogle.js?client=ca-pub-2853392113352629\" crossorigin=\"anonymous\"\/>\n    <ins class=\"adsbygoogle\" style=\"display:block\" data-ad-client=\"ca-pub-2853392113352629\" data-ad-slot=\"2925831803\" data-ad-format=\"auto\" data-full-width-responsive=\"true\"\/>\n    <script><![CDATA[\n    (adsbygoogle = window.adsbygoogle || []).push({});\n    ]]><\/script>  <\/p>\n<div class=\"emp\">\n<p>\n            Auxiliar de Estoque<br \/>Loja de M\u00f3veis: Respons\u00e1vel pelo Controle de entrada e sa\u00edda de mercadorias no sistema, Confer\u00eancia minuciosa das pe\u00e7as, Controle de notas fiscais, Prepara\u00e7\u00e3o dos produtos para entrega, e realizar entregas, organiza\u00e7\u00e3o do estoque, auxiliar na organiza\u00e7\u00e3o e montagem dos produtos na loja. Fundamental conhecimento em Excel e internet, Ensino M\u00e9dio completo, Conhecimentos gerais em estoque\/log\u00edstica, possuir CNH B, Ser comunicativo, pr\u00f3 ativo. Curr\u00edculo: jmessiasj12@gmail.com\n            <\/p>\n<p><strong>Compartilhe:<\/strong><\/p>\n<p>                <img data-recalc-dims=\"1\" loading=\"lazy\" decoding=\"async\" width=\"25\" height=\"25\" src=\"https:\/\/i0.wp.com\/francaclassificados.com\/\/source\/view\/img\/20w50.png?resize=25%2C25&#038;ssl=1\" alt=\"Imagem compartilhar whatsapp\"\/><\/p>\n<p>                <img data-recalc-dims=\"1\" loading=\"lazy\" decoding=\"async\" width=\"25\" height=\"25\" src=\"https:\/\/i0.wp.com\/francaclassificados.com\/\/source\/view\/img\/18w50.png?resize=25%2C25&#038;ssl=1\" alt=\"Imagem compartilhar facebook\"\/><\/p>\n<\/p><\/div>\n<div class=\"emp\">\n<p>\n            FARMACEUTICO (A)<br \/>SAL\u00c1RIO COMPATIVEL COM FUN\u00c7\u00c3O\/DISPONIBILIDADE DE HOR\u00c1RIO\/EXPERI\u00caNCIA E AGILIDADE NO ATENDIMENTO ON-LINE E PRESENCIAL. INTERESSADOS ENCAMINHAR SEU CURRICULUM PARA O WHATSAPP 16 9211-8882 N\u00c3O ATENDEMOS LIGA\u00c7\u00d5ES !\n            <\/p>\n<p><strong>Compartilhe:<\/strong><\/p>\n<p>                <img data-recalc-dims=\"1\" loading=\"lazy\" decoding=\"async\" width=\"25\" height=\"25\" src=\"https:\/\/i0.wp.com\/francaclassificados.com\/\/source\/view\/img\/20w50.png?resize=25%2C25&#038;ssl=1\" alt=\"Imagem compartilhar whatsapp\"\/><\/p>\n<p>                <img data-recalc-dims=\"1\" loading=\"lazy\" decoding=\"async\" width=\"25\" height=\"25\" src=\"https:\/\/i0.wp.com\/francaclassificados.com\/\/source\/view\/img\/18w50.png?resize=25%2C25&#038;ssl=1\" alt=\"Imagem compartilhar facebook\"\/><\/p>\n<\/p><\/div>\n<p>    <script async=\"\" src=\"https:\/\/pagead2.googlesyndication.com\/pagead\/js\/adsbygoogle.js?client=ca-pub-2853392113352629\" crossorigin=\"anonymous\"\/>\n    <ins class=\"adsbygoogle\" style=\"display:block\" data-ad-client=\"ca-pub-2853392113352629\" data-ad-slot=\"2925831803\" data-ad-format=\"auto\" data-full-width-responsive=\"true\"\/>\n    <script><![CDATA[\n    (adsbygoogle = window.adsbygoogle || []).push({});\n    ]]><\/script>  <\/p>\n<div class=\"emp\">\n<p>\n            Aux. Administrativo\/Estoque<br \/>Contrata para in\u00edcio imediato auxiliar administrativo\/estoquista, com conhecimento em vendas e atendimento ao p\u00fablico, Experi\u00eancias em Sistemas gest\u00e3o e Office, proativo, CNH \u201cA\/B\u201d, Carga horaria de Segunda a Sexta... Enviar curr\u00edculos pelo e-mail rh@originalbateria.com.br com a palavra chave \"Estoque\"\n            <\/p>\n<p><strong>Compartilhe:<\/strong><\/p>\n<p>                <img data-recalc-dims=\"1\" loading=\"lazy\" decoding=\"async\" width=\"25\" height=\"25\" src=\"https:\/\/i0.wp.com\/francaclassificados.com\/\/source\/view\/img\/20w50.png?resize=25%2C25&#038;ssl=1\" alt=\"Imagem compartilhar whatsapp\"\/><\/p>\n<p>                <img data-recalc-dims=\"1\" loading=\"lazy\" decoding=\"async\" width=\"25\" height=\"25\" src=\"https:\/\/i0.wp.com\/francaclassificados.com\/\/source\/view\/img\/18w50.png?resize=25%2C25&#038;ssl=1\" alt=\"Imagem compartilhar facebook\"\/><\/p>\n<\/p><\/div>\n<div class=\"emp\">\n<p>\n            PEDREIRO<br \/>Realizar manuten\u00e7\u00e3o preventiva e corretiva de estruturas de alvenaria de forma a mant\u00ea-las em perfeitas condi\u00e7\u00f5es de uso bem como construir muros, paredes, funda\u00e7\u00f5es, bases de concreto, cal\u00e7adas e assentar pisos e azulejos. Requisitos: Experi\u00eancia na fun\u00e7\u00e3o. Empresa oferece transporte, alimenta\u00e7\u00e3o e cesta b\u00e1sica. Interessados enviar curr\u00edculo para curriculos@leitejussara.com.br ou pelo WhatsApp 16 99763 5346.\n            <\/p>\n<p><strong>Compartilhe:<\/strong><\/p>\n<p>                <img data-recalc-dims=\"1\" loading=\"lazy\" decoding=\"async\" width=\"25\" height=\"25\" src=\"https:\/\/i0.wp.com\/francaclassificados.com\/\/source\/view\/img\/20w50.png?resize=25%2C25&#038;ssl=1\" alt=\"Imagem compartilhar whatsapp\"\/><\/p>\n<p>                <img data-recalc-dims=\"1\" loading=\"lazy\" decoding=\"async\" width=\"25\" height=\"25\" src=\"https:\/\/i0.wp.com\/francaclassificados.com\/\/source\/view\/img\/18w50.png?resize=25%2C25&#038;ssl=1\" alt=\"Imagem compartilhar facebook\"\/><\/p>\n<\/p><\/div>\n<p>    <script async=\"\" src=\"https:\/\/pagead2.googlesyndication.com\/pagead\/js\/adsbygoogle.js?client=ca-pub-2853392113352629\" crossorigin=\"anonymous\"\/>\n    <ins class=\"adsbygoogle\" style=\"display:block\" data-ad-client=\"ca-pub-2853392113352629\" data-ad-slot=\"2925831803\" data-ad-format=\"auto\" data-full-width-responsive=\"true\"\/>\n    <script><![CDATA[\n    (adsbygoogle = window.adsbygoogle || []).push({});\n    ]]><\/script>  <\/p>\n<div class=\"emp\">\n<p>\n            Blaqueador<br \/>Precisa blaqueador com experi\u00eancia fundo e lateral 1520\/1530 com experi\u00eancia comprovada interessados enviar curr\u00edculo 016 991313020\n            <\/p>\n<p><strong>Compartilhe:<\/strong><\/p>\n<p>                <img data-recalc-dims=\"1\" loading=\"lazy\" decoding=\"async\" width=\"25\" height=\"25\" src=\"https:\/\/i0.wp.com\/francaclassificados.com\/\/source\/view\/img\/20w50.png?resize=25%2C25&#038;ssl=1\" alt=\"Imagem compartilhar whatsapp\"\/><\/p>\n<p>                <img data-recalc-dims=\"1\" loading=\"lazy\" decoding=\"async\" width=\"25\" height=\"25\" src=\"https:\/\/i0.wp.com\/francaclassificados.com\/\/source\/view\/img\/18w50.png?resize=25%2C25&#038;ssl=1\" alt=\"Imagem compartilhar facebook\"\/><\/p>\n<\/p><\/div>\n<div class=\"emp\">\n<p>\n            Consultor de Vendas<br \/>Contrata-se Consultor de Vendas para energia solar fotovoltaica, para fazer atendimentos e apresenta\u00e7\u00f5es de projetos, execu\u00e7\u00e3o de fechamento de contratos e visitas a clientes, com experi\u00eancia em vendas, que tenha veiculo pr\u00f3prio para trabalhar como PJ, Franca e regi\u00e3o. Interessados enviar curr\u00edculo para o e-mail: gestao@comjunior.com.br ou pelo WhatsApp (16)99210-7776.\n            <\/p>\n<p><strong>Compartilhe:<\/strong><\/p>\n<p>                <img data-recalc-dims=\"1\" loading=\"lazy\" decoding=\"async\" width=\"25\" height=\"25\" src=\"https:\/\/i0.wp.com\/francaclassificados.com\/\/source\/view\/img\/20w50.png?resize=25%2C25&#038;ssl=1\" alt=\"Imagem compartilhar whatsapp\"\/><\/p>\n<p>                <img data-recalc-dims=\"1\" loading=\"lazy\" decoding=\"async\" width=\"25\" height=\"25\" src=\"https:\/\/i0.wp.com\/francaclassificados.com\/\/source\/view\/img\/18w50.png?resize=25%2C25&#038;ssl=1\" alt=\"Imagem compartilhar facebook\"\/><\/p>\n<\/p><\/div>\n<p>    <script async=\"\" src=\"https:\/\/pagead2.googlesyndication.com\/pagead\/js\/adsbygoogle.js?client=ca-pub-2853392113352629\" crossorigin=\"anonymous\"\/>\n    <ins class=\"adsbygoogle\" style=\"display:block\" data-ad-client=\"ca-pub-2853392113352629\" data-ad-slot=\"2925831803\" data-ad-format=\"auto\" data-full-width-responsive=\"true\"\/>\n    <script><![CDATA[\n    (adsbygoogle = window.adsbygoogle || []).push({});\n    ]]><\/script>  <\/p>\n<div class=\"emp\">\n<p>\n            CONTRATA AUXILIAR DE ACABAMENTO QUE TIRE SAPATO DA FORMA,AUXILIAR DE ALMOXARIFE,AUXILIAR DE PREPARA\u00c7\u00c3O QUE SAIBA COLOCAR ILH\u00d3S NA M\u00c1QUINA,EXPEDI\u00c7\u00c3O DE E-COMMERCE ATUANDO NA SEPARA\u00c7\u00c3O E ENVIOS DE PRODUTOS,BANCA DE PESPONTO E SOCIAL MEDIA INTERESSADOS ENVIAR CURRICULUM PARA O E-MAIL recrutarhshoes@gmail.com\n            <\/p>\n<p><strong>Compartilhe:<\/strong><\/p>\n<p>                <img data-recalc-dims=\"1\" loading=\"lazy\" decoding=\"async\" width=\"25\" height=\"25\" src=\"https:\/\/i0.wp.com\/francaclassificados.com\/\/source\/view\/img\/20w50.png?resize=25%2C25&#038;ssl=1\" alt=\"Imagem compartilhar whatsapp\"\/><\/p>\n<p>                <img data-recalc-dims=\"1\" loading=\"lazy\" decoding=\"async\" width=\"25\" height=\"25\" src=\"https:\/\/i0.wp.com\/francaclassificados.com\/\/source\/view\/img\/18w50.png?resize=25%2C25&#038;ssl=1\" alt=\"Imagem compartilhar facebook\"\/><\/p>\n<\/p><\/div>\n<div class=\"emp\">\n<p>\n            COPEIRA<br \/>Empresa Cal\u00e7adista contrata Copeira com experi\u00eancia comprovada . Interessados enviar curr\u00edculo para: dpcontrat2024@gmail.com\n            <\/p>\n<p><strong>Compartilhe:<\/strong><\/p>\n<p>                <img data-recalc-dims=\"1\" loading=\"lazy\" decoding=\"async\" width=\"25\" height=\"25\" src=\"https:\/\/i0.wp.com\/francaclassificados.com\/\/source\/view\/img\/20w50.png?resize=25%2C25&#038;ssl=1\" alt=\"Imagem compartilhar whatsapp\"\/><\/p>\n<p>                <img data-recalc-dims=\"1\" loading=\"lazy\" decoding=\"async\" width=\"25\" height=\"25\" src=\"https:\/\/i0.wp.com\/francaclassificados.com\/\/source\/view\/img\/18w50.png?resize=25%2C25&#038;ssl=1\" alt=\"Imagem compartilhar facebook\"\/><\/p>\n<\/p><\/div>\n<p>    <script async=\"\" src=\"https:\/\/pagead2.googlesyndication.com\/pagead\/js\/adsbygoogle.js?client=ca-pub-2853392113352629\" crossorigin=\"anonymous\"\/>\n    <ins class=\"adsbygoogle\" style=\"display:block\" data-ad-client=\"ca-pub-2853392113352629\" data-ad-slot=\"2925831803\" data-ad-format=\"auto\" data-full-width-responsive=\"true\"\/>\n    <script><![CDATA[\n    (adsbygoogle = window.adsbygoogle || []).push({});\n    ]]><\/script>  <\/p>\n<div class=\"emp\">\n<p>\n            AUXILIAR DE PRODU\u00c7\u00c3O - CURTUME<br \/>Empresa de grande porte localizada pr\u00f3ximo ao Distrito Industrial, contrata para in\u00edcio imediato, com ou sem experi\u00eancia, Auxiliares de produ\u00e7\u00e3o para Curtume. Interessados enviar curr\u00edculo pelo e-mail: recrutamento@boisanto.com.br ou entrega-los na portaria da empresa, no seguinte endere\u00e7o: rodovia Nestor Ferreira KM 6 + 600 metros.\n            <\/p>\n<p><strong>Compartilhe:<\/strong><\/p>\n<p>                <img data-recalc-dims=\"1\" loading=\"lazy\" decoding=\"async\" width=\"25\" height=\"25\" src=\"https:\/\/i0.wp.com\/francaclassificados.com\/\/source\/view\/img\/20w50.png?resize=25%2C25&#038;ssl=1\" alt=\"Imagem compartilhar whatsapp\"\/><\/p>\n<p>                <img data-recalc-dims=\"1\" loading=\"lazy\" decoding=\"async\" width=\"25\" height=\"25\" src=\"https:\/\/i0.wp.com\/francaclassificados.com\/\/source\/view\/img\/18w50.png?resize=25%2C25&#038;ssl=1\" alt=\"Imagem compartilhar facebook\"\/><\/p>\n<\/p><\/div>\n<div class=\"emp\">\n<p>\n            Auxiliar Administrativo<br \/>Buscamos profissionais para atuar em \u00e1reas administrativas. Requisitos: Excel Intermedi\u00e1rio, bom relacionamento interpessoal, e saber trabalhar em equipe. Venha fazer parte do nosso time, envie seu curr\u00edculo para: vagas@palaciodasferramentas.com.br\n            <\/p>\n<p><strong>Compartilhe:<\/strong><\/p>\n<p>                <img data-recalc-dims=\"1\" loading=\"lazy\" decoding=\"async\" width=\"25\" height=\"25\" src=\"https:\/\/i0.wp.com\/francaclassificados.com\/\/source\/view\/img\/20w50.png?resize=25%2C25&#038;ssl=1\" alt=\"Imagem compartilhar whatsapp\"\/><\/p>\n<p>                <img data-recalc-dims=\"1\" loading=\"lazy\" decoding=\"async\" width=\"25\" height=\"25\" src=\"https:\/\/i0.wp.com\/francaclassificados.com\/\/source\/view\/img\/18w50.png?resize=25%2C25&#038;ssl=1\" alt=\"Imagem compartilhar facebook\"\/><\/p>\n<\/p><\/div>\n<p>    <script async=\"\" src=\"https:\/\/pagead2.googlesyndication.com\/pagead\/js\/adsbygoogle.js?client=ca-pub-2853392113352629\" crossorigin=\"anonymous\"\/>\n    <ins class=\"adsbygoogle\" style=\"display:block\" data-ad-client=\"ca-pub-2853392113352629\" data-ad-slot=\"2925831803\" data-ad-format=\"auto\" data-full-width-responsive=\"true\"\/>\n    <script><![CDATA[\n    (adsbygoogle = window.adsbygoogle || []).push({});\n    ]]><\/script>  <\/p>\n<div class=\"emp\">\n<p>\n            Assistente administrativo (Compras)<br \/>Estamos buscando um profissional din\u00e2mico, organizado e proativo. Se voc\u00ea possui experi\u00eancia em compras, negocia\u00e7\u00e3o e capta\u00e7\u00e3o de novos fornecedores, essa oportunidade \u00e9 para voc\u00ea ! Responsabilidades: Negociar pre\u00e7os e prazos de entrega de produtos e servi\u00e7os, acompanhar pedidos, monitorar execu\u00e7\u00e3o, entre outros. Requisitos: CNH B; conhecimento em pacote office e disponibilidade para viagens. Enviar curr\u00edculo por e-mail: vagasfrancasp@outlook.com\n            <\/p>\n<p><strong>Compartilhe:<\/strong><\/p>\n<p>                <img data-recalc-dims=\"1\" loading=\"lazy\" decoding=\"async\" width=\"25\" height=\"25\" src=\"https:\/\/i0.wp.com\/francaclassificados.com\/\/source\/view\/img\/20w50.png?resize=25%2C25&#038;ssl=1\" alt=\"Imagem compartilhar whatsapp\"\/><\/p>\n<p>                <img data-recalc-dims=\"1\" loading=\"lazy\" decoding=\"async\" width=\"25\" height=\"25\" src=\"https:\/\/i0.wp.com\/francaclassificados.com\/\/source\/view\/img\/18w50.png?resize=25%2C25&#038;ssl=1\" alt=\"Imagem compartilhar facebook\"\/><\/p>\n<\/p><\/div>\n<div class=\"emp\">\n<p>\n            CONTRATA CAIXA. Hor\u00e1rio: entra \u00e0s 15:00 e sai \u00e0s 23:30. Escala 6X1. Sal\u00e1rio de R$ 1640,00 + ADICIONAL NOTURNO. Interessados(as) ENVIAR CURR\u00cdCULO no E-MAIL massapura@padariamassapura.com.br ou DEIXAR PESSOALMENTE no endere\u00e7o da loja: Avenida Presidente Vargas, 1416 - Cidade Nova.\n            <\/p>\n<p><strong>Compartilhe:<\/strong><\/p>\n<p>                <img data-recalc-dims=\"1\" loading=\"lazy\" decoding=\"async\" width=\"25\" height=\"25\" src=\"https:\/\/i0.wp.com\/francaclassificados.com\/\/source\/view\/img\/20w50.png?resize=25%2C25&#038;ssl=1\" alt=\"Imagem compartilhar whatsapp\"\/><\/p>\n<p>                <img data-recalc-dims=\"1\" loading=\"lazy\" decoding=\"async\" width=\"25\" height=\"25\" src=\"https:\/\/i0.wp.com\/francaclassificados.com\/\/source\/view\/img\/18w50.png?resize=25%2C25&#038;ssl=1\" alt=\"Imagem compartilhar facebook\"\/><\/p>\n<\/p><\/div>\n<p>    <script async=\"\" src=\"https:\/\/pagead2.googlesyndication.com\/pagead\/js\/adsbygoogle.js?client=ca-pub-2853392113352629\" crossorigin=\"anonymous\"\/>\n    <ins class=\"adsbygoogle\" style=\"display:block\" data-ad-client=\"ca-pub-2853392113352629\" data-ad-slot=\"2925831803\" data-ad-format=\"auto\" data-full-width-responsive=\"true\"\/>\n    <script><![CDATA[\n    (adsbygoogle = window.adsbygoogle || []).push({});\n    ]]><\/script>  <\/p>\n<div class=\"emp\">\n<p>\n            VENDEDOR COM EXPERI\u00caNCIA<br \/>Estamos em busca de um(a) Vendedor(a) din\u00e2mico(a) e proativo(a) para se juntar \u00e0 nossa equipe. O candidato ideal ser\u00e1 respons\u00e1vel por atender clientes, identificar suas necessidades e oferecer solu\u00e7\u00f5es que atendam \u00e0s suas expectativas, contribuindo para o crescimento das vendas da empresa. Junte-se a n\u00f3s e fa\u00e7a parte de uma empresa que valoriza o talento e o desenvolvimento de seus colaboradores! Envie seu curr\u00edculo para ophicinafootwear.franca@gmail.com\n            <\/p>\n<p><strong>Compartilhe:<\/strong><\/p>\n<p>                <img data-recalc-dims=\"1\" loading=\"lazy\" decoding=\"async\" width=\"25\" height=\"25\" src=\"https:\/\/i0.wp.com\/francaclassificados.com\/\/source\/view\/img\/20w50.png?resize=25%2C25&#038;ssl=1\" alt=\"Imagem compartilhar whatsapp\"\/><\/p>\n<p>                <img data-recalc-dims=\"1\" loading=\"lazy\" decoding=\"async\" width=\"25\" height=\"25\" src=\"https:\/\/i0.wp.com\/francaclassificados.com\/\/source\/view\/img\/18w50.png?resize=25%2C25&#038;ssl=1\" alt=\"Imagem compartilhar facebook\"\/><\/p>\n<\/p><\/div>\n<div class=\"emp\">\n<p>\n            CORTADOR DE PALMILHAS DE PU<br \/>Contrata-se CORTADOR para f\u00e1brica de palmilhas de P.U - experi\u00eancia ser\u00e1 um diferencial. Necess\u00e1rio saber manusear balancim de corte. Interessados enviar curr\u00edculo para: vagaspalmilhas@gmail.com (COLOCAR \"CORTADOR\" NO ASSUNTO DO E-MAIL\n            <\/p>\n<p><strong>Compartilhe:<\/strong><\/p>\n<p>                <img data-recalc-dims=\"1\" loading=\"lazy\" decoding=\"async\" width=\"25\" height=\"25\" src=\"https:\/\/i0.wp.com\/francaclassificados.com\/\/source\/view\/img\/20w50.png?resize=25%2C25&#038;ssl=1\" alt=\"Imagem compartilhar whatsapp\"\/><\/p>\n<p>                <img data-recalc-dims=\"1\" loading=\"lazy\" decoding=\"async\" width=\"25\" height=\"25\" src=\"https:\/\/i0.wp.com\/francaclassificados.com\/\/source\/view\/img\/18w50.png?resize=25%2C25&#038;ssl=1\" alt=\"Imagem compartilhar facebook\"\/><\/p>\n<\/p><\/div>\n<p>    <script async=\"\" src=\"https:\/\/pagead2.googlesyndication.com\/pagead\/js\/adsbygoogle.js?client=ca-pub-2853392113352629\" crossorigin=\"anonymous\"\/>\n    <ins class=\"adsbygoogle\" style=\"display:block\" data-ad-client=\"ca-pub-2853392113352629\" data-ad-slot=\"2925831803\" data-ad-format=\"auto\" data-full-width-responsive=\"true\"\/>\n    <script><![CDATA[\n    (adsbygoogle = window.adsbygoogle || []).push({});\n    ]]><\/script>  <\/p>\n<div class=\"emp\">\n<p>\n            Escritorio Contabil Contrata Contador<br \/>Executar, controlar, orientar e distribuir as atividades inerentes \u00e0 an\u00e1lise da documenta\u00e7\u00e3o, lan\u00e7amentos cont\u00e1beis, classifica\u00e7\u00e3o e concilia\u00e7\u00f5es cont\u00e1beis Emiss\u00e3o de Demonstra\u00e7\u00f5es Financeiras - Balancete + DRE + Balan\u00e7o Patrimonial, envio de obriga\u00e7\u00f5es acess\u00f3rias, como ECD, ECF etc Manter-se atualizado sobre as mudan\u00e7as nas leis fiscais e cont\u00e1beis, garantir conformidade com os regulamentos. \u00c9 necess\u00e1rio ter CRC ativo! Enviar curriculo para rhdpvagas788@gmail.com\n            <\/p>\n<p><strong>Compartilhe:<\/strong><\/p>\n<p>                <img data-recalc-dims=\"1\" loading=\"lazy\" decoding=\"async\" width=\"25\" height=\"25\" src=\"https:\/\/i0.wp.com\/francaclassificados.com\/\/source\/view\/img\/20w50.png?resize=25%2C25&#038;ssl=1\" alt=\"Imagem compartilhar whatsapp\"\/><\/p>\n<p>                <img data-recalc-dims=\"1\" loading=\"lazy\" decoding=\"async\" width=\"25\" height=\"25\" src=\"https:\/\/i0.wp.com\/francaclassificados.com\/\/source\/view\/img\/18w50.png?resize=25%2C25&#038;ssl=1\" alt=\"Imagem compartilhar facebook\"\/><\/p>\n<\/p><\/div>\n<div class=\"emp\">\n<p>\n            COORDENADOR DE VENDAS<br \/>Empresa varejista contrata Coordenador de Vendas, com as seguintes atribui\u00e7\u00f5es: Liderar e gerenciar a equipe de vendas, oferecendo suporte, orienta\u00e7\u00e3o e treinamento para alcan\u00e7ar metas e objetivos estabelecidos. Desenvolver estrat\u00e9gias de vendas eficazes e implementar planos para aumentar as receitas e a participa\u00e7\u00e3o de mercado. Monitorar o desempenho da equipe, fornecendo feedback regular e identificando \u00e1reas de melhoria. Curriculos : jls.gest\u00e3o@gmail.com\n            <\/p>\n<p><strong>Compartilhe:<\/strong><\/p>\n<p>                <img data-recalc-dims=\"1\" loading=\"lazy\" decoding=\"async\" width=\"25\" height=\"25\" src=\"https:\/\/i0.wp.com\/francaclassificados.com\/\/source\/view\/img\/20w50.png?resize=25%2C25&#038;ssl=1\" alt=\"Imagem compartilhar whatsapp\"\/><\/p>\n<p>                <img data-recalc-dims=\"1\" loading=\"lazy\" decoding=\"async\" width=\"25\" height=\"25\" src=\"https:\/\/i0.wp.com\/francaclassificados.com\/\/source\/view\/img\/18w50.png?resize=25%2C25&#038;ssl=1\" alt=\"Imagem compartilhar facebook\"\/><\/p>\n<\/p><\/div>\n<p>    <script async=\"\" src=\"https:\/\/pagead2.googlesyndication.com\/pagead\/js\/adsbygoogle.js?client=ca-pub-2853392113352629\" crossorigin=\"anonymous\"\/>\n    <ins class=\"adsbygoogle\" style=\"display:block\" data-ad-client=\"ca-pub-2853392113352629\" data-ad-slot=\"2925831803\" data-ad-format=\"auto\" data-full-width-responsive=\"true\"\/>\n    <script><![CDATA[\n    (adsbygoogle = window.adsbygoogle || []).push({});\n    ]]><\/script>  <\/p>\n<div class=\"emp\">\n<p>\n            AUXILIAR DE LIMPEZA<br \/>CONTRATA AUXILIAR DE LIMPEZA Hor\u00e1rio: entra \u00e0s 08:00 e sai \u00e0s 16:20. Escala 6X1. Sal\u00e1rio de R$ 1640,00. Interessados(as) ENVIAR CURR\u00cdCULO no E-MAIL massapura@padariamassapura.com.br ou DEIXAR PESSOALMENTE no endere\u00e7o da loja: Avenida Presidente Vargas, 1416 - Cidade Nova.\n            <\/p>\n<p><strong>Compartilhe:<\/strong><\/p>\n<p>                <img data-recalc-dims=\"1\" loading=\"lazy\" decoding=\"async\" width=\"25\" height=\"25\" src=\"https:\/\/i0.wp.com\/francaclassificados.com\/\/source\/view\/img\/20w50.png?resize=25%2C25&#038;ssl=1\" alt=\"Imagem compartilhar whatsapp\"\/><\/p>\n<p>                <img data-recalc-dims=\"1\" loading=\"lazy\" decoding=\"async\" width=\"25\" height=\"25\" src=\"https:\/\/i0.wp.com\/francaclassificados.com\/\/source\/view\/img\/18w50.png?resize=25%2C25&#038;ssl=1\" alt=\"Imagem compartilhar facebook\"\/><\/p>\n<\/p><\/div>\n<div class=\"emp\">\n<p>\n            Vendedor (sexo masculino)<br \/>Contrata-se vendedor sexo masculino para atendimento em balc\u00e3o que tenha experi\u00eancia em atendimento ,que possua CNH A\/B para trabalhar no ramo de tintas imobili\u00e1ria e automotivas,enviar curr\u00edculo com foto no zap. 16-99280-5544\n            <\/p>\n<p><strong>Compartilhe:<\/strong><\/p>\n<p>                <img data-recalc-dims=\"1\" loading=\"lazy\" decoding=\"async\" width=\"25\" height=\"25\" src=\"https:\/\/i0.wp.com\/francaclassificados.com\/\/source\/view\/img\/20w50.png?resize=25%2C25&#038;ssl=1\" alt=\"Imagem compartilhar whatsapp\"\/><\/p>\n<p>                <img data-recalc-dims=\"1\" loading=\"lazy\" decoding=\"async\" width=\"25\" height=\"25\" src=\"https:\/\/i0.wp.com\/francaclassificados.com\/\/source\/view\/img\/18w50.png?resize=25%2C25&#038;ssl=1\" alt=\"Imagem compartilhar facebook\"\/><\/p>\n<\/p><\/div>\n<p>    <script async=\"\" src=\"https:\/\/pagead2.googlesyndication.com\/pagead\/js\/adsbygoogle.js?client=ca-pub-2853392113352629\" crossorigin=\"anonymous\"\/>\n    <ins class=\"adsbygoogle\" style=\"display:block\" data-ad-client=\"ca-pub-2853392113352629\" data-ad-slot=\"2925831803\" data-ad-format=\"auto\" data-full-width-responsive=\"true\"\/>\n    <script><![CDATA[\n    (adsbygoogle = window.adsbygoogle || []).push({});\n    ]]><\/script>  <\/p>\n<div class=\"emp\">\n<p>\n            Estoquista<br \/>Empresa do seguimento de Ferramentas, busca estoquistas para compor seu quadro de colaboradores. Oferecemos sal\u00e1rio fixo + premia\u00e7\u00e3o. Requisitos: Ser maior de 18 anos. Experi\u00eancia na fun\u00e7\u00e3o ser\u00e1 considerado diferencial. Enviar curr\u00edculo para: curriculoscpfranca@gmail.com\n            <\/p>\n<p><strong>Compartilhe:<\/strong><\/p>\n<p>                <img data-recalc-dims=\"1\" loading=\"lazy\" decoding=\"async\" width=\"25\" height=\"25\" src=\"https:\/\/i0.wp.com\/francaclassificados.com\/\/source\/view\/img\/20w50.png?resize=25%2C25&#038;ssl=1\" alt=\"Imagem compartilhar whatsapp\"\/><\/p>\n<p>                <img data-recalc-dims=\"1\" loading=\"lazy\" decoding=\"async\" width=\"25\" height=\"25\" src=\"https:\/\/i0.wp.com\/francaclassificados.com\/\/source\/view\/img\/18w50.png?resize=25%2C25&#038;ssl=1\" alt=\"Imagem compartilhar facebook\"\/><\/p>\n<\/p><\/div>\n<div class=\"emp\">\n<p>\n            Suporte t\u00e9cnico - TI<br \/>Empresas especializados em solu\u00e7\u00f5es tecnol\u00f3gicas que incluem sistemas ERP, contrata: - Experi\u00eancia em suporte t\u00e9cnico e sistemas ERP - Conhecimento em centralizador de WhatsApp, emiss\u00e3o de notas, gest\u00e3o financeira - Forma\u00e7\u00e3o em TI ou \u00e1reas correlatas (desej\u00e1vel). Enviar e-mail: contato@evacloudd.com\n            <\/p>\n<p><strong>Compartilhe:<\/strong><\/p>\n<p>                <img data-recalc-dims=\"1\" loading=\"lazy\" decoding=\"async\" width=\"25\" height=\"25\" src=\"https:\/\/i0.wp.com\/francaclassificados.com\/\/source\/view\/img\/20w50.png?resize=25%2C25&#038;ssl=1\" alt=\"Imagem compartilhar whatsapp\"\/><\/p>\n<p>                <img data-recalc-dims=\"1\" loading=\"lazy\" decoding=\"async\" width=\"25\" height=\"25\" src=\"https:\/\/i0.wp.com\/francaclassificados.com\/\/source\/view\/img\/18w50.png?resize=25%2C25&#038;ssl=1\" alt=\"Imagem compartilhar facebook\"\/><\/p>\n<\/p><\/div>\n<p>    <script async=\"\" src=\"https:\/\/pagead2.googlesyndication.com\/pagead\/js\/adsbygoogle.js?client=ca-pub-2853392113352629\" crossorigin=\"anonymous\"\/>\n    <ins class=\"adsbygoogle\" style=\"display:block\" data-ad-client=\"ca-pub-2853392113352629\" data-ad-slot=\"2925831803\" data-ad-format=\"auto\" data-full-width-responsive=\"true\"\/>\n    <script><![CDATA[\n    (adsbygoogle = window.adsbygoogle || []).push({});\n    ]]><\/script>  <\/p>\n<div class=\"emp\">\n<p>\n            PEDREIRO<br \/>Realizar manuten\u00e7\u00e3o preventiva e corretiva de estruturas de alvenaria de forma a mant\u00ea-las em perfeitas condi\u00e7\u00f5es de uso bem como construir muros, paredes, funda\u00e7\u00f5es, bases de concreto, cal\u00e7adas e assentar pisos e azulejos. Requisitos: Experi\u00eancia na fun\u00e7\u00e3o. Empresa oferece transporte, alimenta\u00e7\u00e3o e cesta b\u00e1sica. Interessados enviar curr\u00edculo para curriculos@leitejussara.com.br ou pelo WhatsApp 16 99763 5346.\n            <\/p>\n<p><strong>Compartilhe:<\/strong><\/p>\n<p>                <img data-recalc-dims=\"1\" loading=\"lazy\" decoding=\"async\" width=\"25\" height=\"25\" src=\"https:\/\/i0.wp.com\/francaclassificados.com\/\/source\/view\/img\/20w50.png?resize=25%2C25&#038;ssl=1\" alt=\"Imagem compartilhar whatsapp\"\/><\/p>\n<p>                <img data-recalc-dims=\"1\" loading=\"lazy\" decoding=\"async\" width=\"25\" height=\"25\" src=\"https:\/\/i0.wp.com\/francaclassificados.com\/\/source\/view\/img\/18w50.png?resize=25%2C25&#038;ssl=1\" alt=\"Imagem compartilhar facebook\"\/><\/p>\n<\/p><\/div>\n<div class=\"emp\">\n<p>\n            Contrata-se as seguintes fun\u00e7\u00f5es, com jornada de trabalho de segunda a sexta-feira e salario a combinar: Pregador de Palmilha, Passador de Cola na Sola, Auxiliar de Montagem, Moldador de Contraforte, Aplicador de Ilhos. Todas as vagas requerem experi\u00eancia. Os interessados devem enviar o curr\u00edculo no e-mail: administrativo@calcadosfork.com.br ou entregar no endere\u00e7o Rua Orestes Dalmaso, 2190 - Jd. Petraglia\n            <\/p>\n<p><strong>Compartilhe:<\/strong><\/p>\n<p>                <img data-recalc-dims=\"1\" loading=\"lazy\" decoding=\"async\" width=\"25\" height=\"25\" src=\"https:\/\/i0.wp.com\/francaclassificados.com\/\/source\/view\/img\/20w50.png?resize=25%2C25&#038;ssl=1\" alt=\"Imagem compartilhar whatsapp\"\/><\/p>\n<p>                <img data-recalc-dims=\"1\" loading=\"lazy\" decoding=\"async\" width=\"25\" height=\"25\" src=\"https:\/\/i0.wp.com\/francaclassificados.com\/\/source\/view\/img\/18w50.png?resize=25%2C25&#038;ssl=1\" alt=\"Imagem compartilhar facebook\"\/><\/p>\n<\/p><\/div>\n<p>    <script async=\"\" src=\"https:\/\/pagead2.googlesyndication.com\/pagead\/js\/adsbygoogle.js?client=ca-pub-2853392113352629\" crossorigin=\"anonymous\"\/>\n    <ins class=\"adsbygoogle\" style=\"display:block\" data-ad-client=\"ca-pub-2853392113352629\" data-ad-slot=\"2925831803\" data-ad-format=\"auto\" data-full-width-responsive=\"true\"\/>\n    <script><![CDATA[\n    (adsbygoogle = window.adsbygoogle || []).push({});\n    ]]><\/script>  <\/p>\n<div class=\"emp\">\n<p>\n            Empresa de Solados CONTRATA: \u2022APARADEIRA\/REFILADEIRA \u2022 APLICADOR DE DESMOLDANTE \u2022 PRENSEIRO \u2022 REVISORA \u2022OPERADOR DE INJETORA PU \u2022 CORTADOR DE PALMILHA \u2022TODOS COM EXPERI\u00caNCIA, Interessados enviar curr\u00edculo com o TITULO DE VAGA para empresasoladosrhdp@gmail.com\n            <\/p>\n<p><strong>Compartilhe:<\/strong><\/p>\n<p>                <img data-recalc-dims=\"1\" loading=\"lazy\" decoding=\"async\" width=\"25\" height=\"25\" src=\"https:\/\/i0.wp.com\/francaclassificados.com\/\/source\/view\/img\/20w50.png?resize=25%2C25&#038;ssl=1\" alt=\"Imagem compartilhar whatsapp\"\/><\/p>\n<p>                <img data-recalc-dims=\"1\" loading=\"lazy\" decoding=\"async\" width=\"25\" height=\"25\" src=\"https:\/\/i0.wp.com\/francaclassificados.com\/\/source\/view\/img\/18w50.png?resize=25%2C25&#038;ssl=1\" alt=\"Imagem compartilhar facebook\"\/><\/p>\n<\/p><\/div>\n<div class=\"emp\">\n<p>\n            Costureira<br \/>Contrata-se costureira com EXPERI\u00caNCIA em m\u00e1quinas overlock, galoneira e reta. Trabalho com registro em carteira imediato. De segunda \u00e0 sexta com 1h30 de almo\u00e7o e 1 folga por m\u00eas. Ambiente tranquilo e agrad\u00e1vel, m\u00e1quinas novas. Local pr\u00f3ximo ao parque Fernando Costa ( Expoagro ). Sal\u00e1rio compat\u00edvel com a fun\u00e7\u00e3o. Enviar curr\u00edculo no whatsapp (16)99219-0215\n            <\/p>\n<p><strong>Compartilhe:<\/strong><\/p>\n<p>                <img data-recalc-dims=\"1\" loading=\"lazy\" decoding=\"async\" width=\"25\" height=\"25\" src=\"https:\/\/i0.wp.com\/francaclassificados.com\/\/source\/view\/img\/20w50.png?resize=25%2C25&#038;ssl=1\" alt=\"Imagem compartilhar whatsapp\"\/><\/p>\n<p>                <img data-recalc-dims=\"1\" loading=\"lazy\" decoding=\"async\" width=\"25\" height=\"25\" src=\"https:\/\/i0.wp.com\/francaclassificados.com\/\/source\/view\/img\/18w50.png?resize=25%2C25&#038;ssl=1\" alt=\"Imagem compartilhar facebook\"\/><\/p>\n<\/p><\/div>\n<p>    <script async=\"\" src=\"https:\/\/pagead2.googlesyndication.com\/pagead\/js\/adsbygoogle.js?client=ca-pub-2853392113352629\" crossorigin=\"anonymous\"\/>\n    <ins class=\"adsbygoogle\" style=\"display:block\" data-ad-client=\"ca-pub-2853392113352629\" data-ad-slot=\"2925831803\" data-ad-format=\"auto\" data-full-width-responsive=\"true\"\/>\n    <script><![CDATA[\n    (adsbygoogle = window.adsbygoogle || []).push({});\n    ]]><\/script>  <\/p>\n<div class=\"emp\">\n<p>\n            Pizzaiolo e Chapeiro<br \/>Contrata-se Pizzaiolo e Chapeiro com Experi\u00eancia e agilidade, hor\u00e1rio 17h a 01:00 mandar curr\u00edculo WhatsApp 1699289-2938 Ou deixar Av Brasil 2272 vila aparecid\n            <\/p>\n<p><strong>Compartilhe:<\/strong><\/p>\n<p>                <img data-recalc-dims=\"1\" loading=\"lazy\" decoding=\"async\" width=\"25\" height=\"25\" src=\"https:\/\/i0.wp.com\/francaclassificados.com\/\/source\/view\/img\/20w50.png?resize=25%2C25&#038;ssl=1\" alt=\"Imagem compartilhar whatsapp\"\/><\/p>\n<p>                <img data-recalc-dims=\"1\" loading=\"lazy\" decoding=\"async\" width=\"25\" height=\"25\" src=\"https:\/\/i0.wp.com\/francaclassificados.com\/\/source\/view\/img\/18w50.png?resize=25%2C25&#038;ssl=1\" alt=\"Imagem compartilhar facebook\"\/><\/p>\n<\/p><\/div>\n<div class=\"emp\">\n<p>\n            ESTAGI\u00c1RIO (A) ADMINISTRATIVO\/MARKETING<br \/>Atendimento ao cliente\u2022suporte na elabora\u00e7\u00e3o de relat\u00f3rios\u2022Agendamento de visitas tecnicas \u2022Suporte em \u00e1reas administrativa e financeira\u2022Organiza\u00e7\u00e3o de documentos\u2022Colabora\u00e7ao no controle de estoque de materiais de escrit\u00f3rio\u2022Colaborar na elabora\u00e7\u00e3o de artes para redes sociais\u2022Cursando ensino t\u00e9cnico\/superior (\u00e1reas de Administra\u00e7\u00e3o\/Marketing)\u2022Boa comunica\u00e7\u00e3o verbal\/escrita\u2022Conhecimento em Pacote Office\u2022Bolsa-aux\u00edlio+Vale Transporte.Envie seu curr\u00edculo para: rhtalentos48@gmail.com.\n            <\/p>\n<p><strong>Compartilhe:<\/strong><\/p>\n<p>                <img data-recalc-dims=\"1\" loading=\"lazy\" decoding=\"async\" width=\"25\" height=\"25\" src=\"https:\/\/i0.wp.com\/francaclassificados.com\/\/source\/view\/img\/20w50.png?resize=25%2C25&#038;ssl=1\" alt=\"Imagem compartilhar whatsapp\"\/><\/p>\n<p>                <img data-recalc-dims=\"1\" loading=\"lazy\" decoding=\"async\" width=\"25\" height=\"25\" src=\"https:\/\/i0.wp.com\/francaclassificados.com\/\/source\/view\/img\/18w50.png?resize=25%2C25&#038;ssl=1\" alt=\"Imagem compartilhar facebook\"\/><\/p>\n<\/p><\/div>\n<p>    <script async=\"\" src=\"https:\/\/pagead2.googlesyndication.com\/pagead\/js\/adsbygoogle.js?client=ca-pub-2853392113352629\" crossorigin=\"anonymous\"\/>\n    <ins class=\"adsbygoogle\" style=\"display:block\" data-ad-client=\"ca-pub-2853392113352629\" data-ad-slot=\"2925831803\" data-ad-format=\"auto\" data-full-width-responsive=\"true\"\/>\n    <script><![CDATA[\n    (adsbygoogle = window.adsbygoogle || []).push({});\n    ]]><\/script>  <\/p>\n<div class=\"emp\">\n<p>\n            Estamos admitindo para a posi\u00e7\u00e3o de Atendimento \/ Auxiliar Administrativo. Buscamos algu\u00e9m organizado, proativo e com boas habilidades de comunica\u00e7\u00e3o. O candidato deve realizar tarefas administrativas diversas, prestar suporte ao atendimento ao cliente. Desej\u00e1vel: Ensino m\u00e9dio ou Superior. Conhecimento b\u00e1sico em inform\u00e1tica (Pacote Office) Boa comunica\u00e7\u00e3o verbal e escrita. Interessados devem enviar o curr\u00edculo email com o assunto \"Vaga Atendimento \/ Auxiliar Administrativo\". vagas.blts@gmail.com\n            <\/p>\n<p><strong>Compartilhe:<\/strong><\/p>\n<p>                <img data-recalc-dims=\"1\" loading=\"lazy\" decoding=\"async\" width=\"25\" height=\"25\" src=\"https:\/\/i0.wp.com\/francaclassificados.com\/\/source\/view\/img\/20w50.png?resize=25%2C25&#038;ssl=1\" alt=\"Imagem compartilhar whatsapp\"\/><\/p>\n<p>                <img data-recalc-dims=\"1\" loading=\"lazy\" decoding=\"async\" width=\"25\" height=\"25\" src=\"https:\/\/i0.wp.com\/francaclassificados.com\/\/source\/view\/img\/18w50.png?resize=25%2C25&#038;ssl=1\" alt=\"Imagem compartilhar facebook\"\/><\/p>\n<\/p><\/div>\n<div class=\"emp\">\n<p>\n            Gar\u00e7om \/ Cozinheira \/ Analista Adm<br \/>Contrata-se para restaurante as seguintes vagas:Gar\u00e7om,Cozinheira ,Analista Adm e Monitor de c\u00e2meras.Enviar curr\u00edculo com a vaga desejada pelo whatsapp 16 98250-4267.\n            <\/p>\n<p><strong>Compartilhe:<\/strong><\/p>\n<p>                <img data-recalc-dims=\"1\" loading=\"lazy\" decoding=\"async\" width=\"25\" height=\"25\" src=\"https:\/\/i0.wp.com\/francaclassificados.com\/\/source\/view\/img\/20w50.png?resize=25%2C25&#038;ssl=1\" alt=\"Imagem compartilhar whatsapp\"\/><\/p>\n<p>                <img data-recalc-dims=\"1\" loading=\"lazy\" decoding=\"async\" width=\"25\" height=\"25\" src=\"https:\/\/i0.wp.com\/francaclassificados.com\/\/source\/view\/img\/18w50.png?resize=25%2C25&#038;ssl=1\" alt=\"Imagem compartilhar facebook\"\/><\/p>\n<\/p><\/div>\n<p>    <script async=\"\" src=\"https:\/\/pagead2.googlesyndication.com\/pagead\/js\/adsbygoogle.js?client=ca-pub-2853392113352629\" crossorigin=\"anonymous\"\/>\n    <ins class=\"adsbygoogle\" style=\"display:block\" data-ad-client=\"ca-pub-2853392113352629\" data-ad-slot=\"2925831803\" data-ad-format=\"auto\" data-full-width-responsive=\"true\"\/>\n    <script><![CDATA[\n    (adsbygoogle = window.adsbygoogle || []).push({});\n    ]]><\/script>  <\/p>\n<div class=\"emp\">\n<p>\n            Entregador categoria AB<br \/>Contrata, entregador categoria AB com boa comunica\u00e7\u00e3o, que seja organizado e cuidadoso, trabalho de segunda a sexta das 08:00 \u00e0s 18:00. Curriculos para retificasovira@gmail.com\n            <\/p>\n<p><strong>Compartilhe:<\/strong><\/p>\n<p>                <img data-recalc-dims=\"1\" loading=\"lazy\" decoding=\"async\" width=\"25\" height=\"25\" src=\"https:\/\/i0.wp.com\/francaclassificados.com\/\/source\/view\/img\/20w50.png?resize=25%2C25&#038;ssl=1\" alt=\"Imagem compartilhar whatsapp\"\/><\/p>\n<p>                <img data-recalc-dims=\"1\" loading=\"lazy\" decoding=\"async\" width=\"25\" height=\"25\" src=\"https:\/\/i0.wp.com\/francaclassificados.com\/\/source\/view\/img\/18w50.png?resize=25%2C25&#038;ssl=1\" alt=\"Imagem compartilhar facebook\"\/><\/p>\n<\/p><\/div>\n<div class=\"emp\">\n<p>\n            T\u00c9CNICO EXTERNO<br \/>Empresa Metal\u00fargica atuante no setor agr\u00edcola, contrata profissional com conhecimento b\u00e1sico de mec\u00e2nica. Atua\u00e7\u00e3o fora da empresa em meio rural, com disponibilidade de viagem de at\u00e9 15 dias, e atua\u00e7\u00e3o dentro da empresa. Sal\u00e1rio Fixo com Comiss\u00e3o de venda de no m\u00ednimo R$ 3.000,00. Benef\u00edcios de Vale Alimenta\u00e7\u00e3o de R$ 250,00 + Plano de Sa\u00fade + Seguro de Vida. Interessados, enviar curr\u00edculo para recrutamentoeselecao-rh2024@hotmail.com\n            <\/p>\n<p><strong>Compartilhe:<\/strong><\/p>\n<p>                <img data-recalc-dims=\"1\" loading=\"lazy\" decoding=\"async\" width=\"25\" height=\"25\" src=\"https:\/\/i0.wp.com\/francaclassificados.com\/\/source\/view\/img\/20w50.png?resize=25%2C25&#038;ssl=1\" alt=\"Imagem compartilhar whatsapp\"\/><\/p>\n<p>                <img data-recalc-dims=\"1\" loading=\"lazy\" decoding=\"async\" width=\"25\" height=\"25\" src=\"https:\/\/i0.wp.com\/francaclassificados.com\/\/source\/view\/img\/18w50.png?resize=25%2C25&#038;ssl=1\" alt=\"Imagem compartilhar facebook\"\/><\/p>\n<\/p><\/div>\n<p>    <script async=\"\" src=\"https:\/\/pagead2.googlesyndication.com\/pagead\/js\/adsbygoogle.js?client=ca-pub-2853392113352629\" crossorigin=\"anonymous\"\/>\n    <ins class=\"adsbygoogle\" style=\"display:block\" data-ad-client=\"ca-pub-2853392113352629\" data-ad-slot=\"2925831803\" data-ad-format=\"auto\" data-full-width-responsive=\"true\"\/>\n    <script><![CDATA[\n    (adsbygoogle = window.adsbygoogle || []).push({});\n    ]]><\/script>  <\/p>\n<div class=\"emp\">\n<p>\n            SERRALHEIRO<br \/>Contrata-se serralheiro com experiencia comprovada. Pessoa com Vontade trabalhar e se desenvolver junto com a empresa. Salario compat\u00edvel com a fun\u00e7\u00e3o + Cesta b\u00e1sica. mais detalhes no numero 16-99979-3777 Cesar\n            <\/p>\n<p><strong>Compartilhe:<\/strong><\/p>\n<p>                <img data-recalc-dims=\"1\" loading=\"lazy\" decoding=\"async\" width=\"25\" height=\"25\" src=\"https:\/\/i0.wp.com\/francaclassificados.com\/\/source\/view\/img\/20w50.png?resize=25%2C25&#038;ssl=1\" alt=\"Imagem compartilhar whatsapp\"\/><\/p>\n<p>                <img data-recalc-dims=\"1\" loading=\"lazy\" decoding=\"async\" width=\"25\" height=\"25\" src=\"https:\/\/i0.wp.com\/francaclassificados.com\/\/source\/view\/img\/18w50.png?resize=25%2C25&#038;ssl=1\" alt=\"Imagem compartilhar facebook\"\/><\/p>\n<\/p><\/div>\n<div class=\"emp\">\n<p>\n            Cortador<br \/>Contrata cortador com experi\u00eancia, enviar curr\u00edculo para (16) 99160-0906 Tratar com Vandeir\n            <\/p>\n<p><strong>Compartilhe:<\/strong><\/p>\n<p>                <img data-recalc-dims=\"1\" loading=\"lazy\" decoding=\"async\" width=\"25\" height=\"25\" src=\"https:\/\/i0.wp.com\/francaclassificados.com\/\/source\/view\/img\/20w50.png?resize=25%2C25&#038;ssl=1\" alt=\"Imagem compartilhar whatsapp\"\/><\/p>\n<p>                <img data-recalc-dims=\"1\" loading=\"lazy\" decoding=\"async\" width=\"25\" height=\"25\" src=\"https:\/\/i0.wp.com\/francaclassificados.com\/\/source\/view\/img\/18w50.png?resize=25%2C25&#038;ssl=1\" alt=\"Imagem compartilhar facebook\"\/><\/p>\n<\/p><\/div>\n<p>    <script async=\"\" src=\"https:\/\/pagead2.googlesyndication.com\/pagead\/js\/adsbygoogle.js?client=ca-pub-2853392113352629\" crossorigin=\"anonymous\"\/>\n    <ins class=\"adsbygoogle\" style=\"display:block\" data-ad-client=\"ca-pub-2853392113352629\" data-ad-slot=\"2925831803\" data-ad-format=\"auto\" data-full-width-responsive=\"true\"\/>\n    <script><![CDATA[\n    (adsbygoogle = window.adsbygoogle || []).push({});\n    ]]><\/script>  <\/p>\n<div class=\"emp\">\n<p>\n            Admite-se ACABADOR e PRANCHEADOR com experiencia. Interessados deixar curr\u00edculo via WhatsApp: (16)99248-6862 ou no local: Rua Belo Horizonte, 2780 - Jd Brasilandia.\n            <\/p>\n<p><strong>Compartilhe:<\/strong><\/p>\n<p>                <img data-recalc-dims=\"1\" loading=\"lazy\" decoding=\"async\" width=\"25\" height=\"25\" src=\"https:\/\/i0.wp.com\/francaclassificados.com\/\/source\/view\/img\/20w50.png?resize=25%2C25&#038;ssl=1\" alt=\"Imagem compartilhar whatsapp\"\/><\/p>\n<p>                <img data-recalc-dims=\"1\" loading=\"lazy\" decoding=\"async\" width=\"25\" height=\"25\" src=\"https:\/\/i0.wp.com\/francaclassificados.com\/\/source\/view\/img\/18w50.png?resize=25%2C25&#038;ssl=1\" alt=\"Imagem compartilhar facebook\"\/><\/p>\n<\/p><\/div>\n<div class=\"emp\">\n<p>\n            PROFESSOR(A)<br \/>Contrata-se professor(a) na \u00e1rea de Inform\u00e1tica (PACOTE OFFICE), Web Designer e Programa\u00e7\u00e3o. Colocar no campo assunto: CURR\u00cdCULO INFORM\u00c1TICA. Enviar curr\u00edculo atualizado para coordenacaoescolapeople@gmail.com\n            <\/p>\n<p><strong>Compartilhe:<\/strong><\/p>\n<p>                <img data-recalc-dims=\"1\" loading=\"lazy\" decoding=\"async\" width=\"25\" height=\"25\" src=\"https:\/\/i0.wp.com\/francaclassificados.com\/\/source\/view\/img\/20w50.png?resize=25%2C25&#038;ssl=1\" alt=\"Imagem compartilhar whatsapp\"\/><\/p>\n<p>                <img data-recalc-dims=\"1\" loading=\"lazy\" decoding=\"async\" width=\"25\" height=\"25\" src=\"https:\/\/i0.wp.com\/francaclassificados.com\/\/source\/view\/img\/18w50.png?resize=25%2C25&#038;ssl=1\" alt=\"Imagem compartilhar facebook\"\/><\/p>\n<\/p><\/div>\n<p>    <script async=\"\" src=\"https:\/\/pagead2.googlesyndication.com\/pagead\/js\/adsbygoogle.js?client=ca-pub-2853392113352629\" crossorigin=\"anonymous\"\/>\n    <ins class=\"adsbygoogle\" style=\"display:block\" data-ad-client=\"ca-pub-2853392113352629\" data-ad-slot=\"2925831803\" data-ad-format=\"auto\" data-full-width-responsive=\"true\"\/>\n    <script><![CDATA[\n    (adsbygoogle = window.adsbygoogle || []).push({});\n    ]]><\/script>  <\/p>\n<div class=\"emp\">\n<p>\n            OPERADOR DE EMPILHADEIRA<br \/>Contrata: Operador de Empilhadeira Operar empilhadeira (g\u00e1s ou el\u00e9trica), movimentando paletes de produtos acabados e insumos. Requisitos: Forma\u00e7\u00e3o em NR 11 - Operador de Empilhadeira Experi\u00eancia com opera\u00e7\u00e3o de empilhadiera Local da vaga: Patroc\u00ednio Paulista - SP Empresa oferece transporte, alimenta\u00e7\u00e3o e cesta b\u00e1sica. Interessados enviar curr\u00edculo para curriculos@leitejussara.com.br ou pelo WhatsApp 16 99763 5346.\n            <\/p>\n<p><strong>Compartilhe:<\/strong><\/p>\n<p>                <img data-recalc-dims=\"1\" loading=\"lazy\" decoding=\"async\" width=\"25\" height=\"25\" src=\"https:\/\/i0.wp.com\/francaclassificados.com\/\/source\/view\/img\/20w50.png?resize=25%2C25&#038;ssl=1\" alt=\"Imagem compartilhar whatsapp\"\/><\/p>\n<p>                <img data-recalc-dims=\"1\" loading=\"lazy\" decoding=\"async\" width=\"25\" height=\"25\" src=\"https:\/\/i0.wp.com\/francaclassificados.com\/\/source\/view\/img\/18w50.png?resize=25%2C25&#038;ssl=1\" alt=\"Imagem compartilhar facebook\"\/><\/p>\n<\/p><\/div>\n<div class=\"emp\">\n<p>\n            Eletricista<br \/>Estamos contratando Eletricista para obra em Franca. Segunda a sexta, 07:00 \u00e0s 17:00. Sal\u00e1rio a combinar. Necess\u00e1rio Experi\u00eancia comprovada em carteira. Como se candidatar: Envie seu curr\u00edculo para (16) 99370-3374, falar com Fabiano.\n            <\/p>\n<p><strong>Compartilhe:<\/strong><\/p>\n<p>                <img data-recalc-dims=\"1\" loading=\"lazy\" decoding=\"async\" width=\"25\" height=\"25\" src=\"https:\/\/i0.wp.com\/francaclassificados.com\/\/source\/view\/img\/20w50.png?resize=25%2C25&#038;ssl=1\" alt=\"Imagem compartilhar whatsapp\"\/><\/p>\n<p>                <img data-recalc-dims=\"1\" loading=\"lazy\" decoding=\"async\" width=\"25\" height=\"25\" src=\"https:\/\/i0.wp.com\/francaclassificados.com\/\/source\/view\/img\/18w50.png?resize=25%2C25&#038;ssl=1\" alt=\"Imagem compartilhar facebook\"\/><\/p>\n<\/p><\/div>\n<p>    <script async=\"\" src=\"https:\/\/pagead2.googlesyndication.com\/pagead\/js\/adsbygoogle.js?client=ca-pub-2853392113352629\" crossorigin=\"anonymous\"\/>\n    <ins class=\"adsbygoogle\" style=\"display:block\" data-ad-client=\"ca-pub-2853392113352629\" data-ad-slot=\"2925831803\" data-ad-format=\"auto\" data-full-width-responsive=\"true\"\/>\n    <script><![CDATA[\n    (adsbygoogle = window.adsbygoogle || []).push({});\n    ]]><\/script>  <\/p>\n<div class=\"emp\">\n<p>\n            Contrata-se Pespontador de m\u00e1quina eletr\u00f4nica com pr\u00e1tica, f\u00e1brica de bolsas , localizada nas imedia\u00e7\u00f5es da AV adhemar Pereira de Barros , interessados entrar em contato pelo WhatsApp com junim (16)991514137\n            <\/p>\n<p><strong>Compartilhe:<\/strong><\/p>\n<p>                <img data-recalc-dims=\"1\" loading=\"lazy\" decoding=\"async\" width=\"25\" height=\"25\" src=\"https:\/\/i0.wp.com\/francaclassificados.com\/\/source\/view\/img\/20w50.png?resize=25%2C25&#038;ssl=1\" alt=\"Imagem compartilhar whatsapp\"\/><\/p>\n<p>                <img data-recalc-dims=\"1\" loading=\"lazy\" decoding=\"async\" width=\"25\" height=\"25\" src=\"https:\/\/i0.wp.com\/francaclassificados.com\/\/source\/view\/img\/18w50.png?resize=25%2C25&#038;ssl=1\" alt=\"Imagem compartilhar facebook\"\/><\/p>\n<\/p><\/div>\n<div class=\"emp\">\n<p>\n            Vendedor(a)<br \/>Venha trabalhar na escola de idiomas que mais cresce em Franca! Oferecemos treinamento completo na \u00e1rea comercial, al\u00e9m de acompanhamento e assist\u00eancia na rotina de trabalho. Procuramos pessoas comunicativas, extrovertidas e com vontade de crescer profissionalmente. Oferecemos al\u00e9m do sal\u00e1rio, vale alimenta\u00e7\u00e3o, comiss\u00f5es e b\u00f4nus. Interessados enviar curr\u00edculo para phselecoes@gmail.com com o titulo \"Vendas\".\n            <\/p>\n<p><strong>Compartilhe:<\/strong><\/p>\n<p>                <img data-recalc-dims=\"1\" loading=\"lazy\" decoding=\"async\" width=\"25\" height=\"25\" src=\"https:\/\/i0.wp.com\/francaclassificados.com\/\/source\/view\/img\/20w50.png?resize=25%2C25&#038;ssl=1\" alt=\"Imagem compartilhar whatsapp\"\/><\/p>\n<p>                <img data-recalc-dims=\"1\" loading=\"lazy\" decoding=\"async\" width=\"25\" height=\"25\" src=\"https:\/\/i0.wp.com\/francaclassificados.com\/\/source\/view\/img\/18w50.png?resize=25%2C25&#038;ssl=1\" alt=\"Imagem compartilhar facebook\"\/><\/p>\n<\/p><\/div>\n<p>    <script async=\"\" src=\"https:\/\/pagead2.googlesyndication.com\/pagead\/js\/adsbygoogle.js?client=ca-pub-2853392113352629\" crossorigin=\"anonymous\"\/>\n    <ins class=\"adsbygoogle\" style=\"display:block\" data-ad-client=\"ca-pub-2853392113352629\" data-ad-slot=\"2925831803\" data-ad-format=\"auto\" data-full-width-responsive=\"true\"\/>\n    <script><![CDATA[\n    (adsbygoogle = window.adsbygoogle || []).push({});\n    ]]><\/script>  <\/p>\n<div class=\"emp\">\n<p>\n            AUXILIAR DE PRODU\u00c7AO NOTURNO<br \/>Contrata AUXILIAR DE PRODU\u00c7\u00c3O NOTURNO: -Ser proativo e Flex\u00edvel; Requisitos -Ter vontade de aprender a operar maquinas e trabalhar em Industria; -Diferencial morar nas imedia\u00e7\u00f5es do Distrito ou ter condu\u00e7ao propria -trabalho de segunda a sexta feira. Das 20:00 as 05:00 MANDAR CURRICULO NO EMAIL recrutamento@harus.ind.br COM O ASSUNTO \"AUXILIAR DE PRODU\u00c7\u00c3O NOTURNO\"\n            <\/p>\n<p><strong>Compartilhe:<\/strong><\/p>\n<p>                <img data-recalc-dims=\"1\" loading=\"lazy\" decoding=\"async\" width=\"25\" height=\"25\" src=\"https:\/\/i0.wp.com\/francaclassificados.com\/\/source\/view\/img\/20w50.png?resize=25%2C25&#038;ssl=1\" alt=\"Imagem compartilhar whatsapp\"\/><\/p>\n<p>                <img data-recalc-dims=\"1\" loading=\"lazy\" decoding=\"async\" width=\"25\" height=\"25\" src=\"https:\/\/i0.wp.com\/francaclassificados.com\/\/source\/view\/img\/18w50.png?resize=25%2C25&#038;ssl=1\" alt=\"Imagem compartilhar facebook\"\/><\/p>\n<\/p><\/div>\n<div class=\"emp\">\n<p>\n            Admite-se Cozinheiro (a) com experi\u00eancia, Aux. de Cozinha, Camareira, Padeiro e Governanta. Interessados encaminhar o curr\u00edculo com o nome da vaga no whatsapp (16)99361-9466 Salario + Vale transporte + Vale alimenta\u00e7\u00e3o.\n            <\/p>\n<p><strong>Compartilhe:<\/strong><\/p>\n<p>                <img data-recalc-dims=\"1\" loading=\"lazy\" decoding=\"async\" width=\"25\" height=\"25\" src=\"https:\/\/i0.wp.com\/francaclassificados.com\/\/source\/view\/img\/20w50.png?resize=25%2C25&#038;ssl=1\" alt=\"Imagem compartilhar whatsapp\"\/><\/p>\n<p>                <img data-recalc-dims=\"1\" loading=\"lazy\" decoding=\"async\" width=\"25\" height=\"25\" src=\"https:\/\/i0.wp.com\/francaclassificados.com\/\/source\/view\/img\/18w50.png?resize=25%2C25&#038;ssl=1\" alt=\"Imagem compartilhar facebook\"\/><\/p>\n<\/p><\/div>\n<p>    <script async=\"\" src=\"https:\/\/pagead2.googlesyndication.com\/pagead\/js\/adsbygoogle.js?client=ca-pub-2853392113352629\" crossorigin=\"anonymous\"\/>\n    <ins class=\"adsbygoogle\" style=\"display:block\" data-ad-client=\"ca-pub-2853392113352629\" data-ad-slot=\"2925831803\" data-ad-format=\"auto\" data-full-width-responsive=\"true\"\/>\n    <script><![CDATA[\n    (adsbygoogle = window.adsbygoogle || []).push({});\n    ]]><\/script>  <\/p>\n<div class=\"emp\">\n<p>\n            Auxiliar para ind\u00fastria de plastisol.<br \/>Contrata se auxiliar para fazer borrachinha em ind\u00fastria de plastisol. - N\u00e3o \u00e9 necess\u00e1rio experi\u00eancia . - Pr\u00e9 Requisitos : - Idade entre 18 a 25 anos - Pro ativo - Atencioso<br \/>\n            <br \/>rmferreira3379@gmail.com\n            <\/p>\n<p><strong>Compartilhe:<\/strong><\/p>\n<p>                <img data-recalc-dims=\"1\" loading=\"lazy\" decoding=\"async\" width=\"25\" height=\"25\" src=\"https:\/\/i0.wp.com\/francaclassificados.com\/\/source\/view\/img\/20w50.png?resize=25%2C25&#038;ssl=1\" alt=\"Imagem compartilhar whatsapp\"\/><\/p>\n<p>                <img data-recalc-dims=\"1\" loading=\"lazy\" decoding=\"async\" width=\"25\" height=\"25\" src=\"https:\/\/i0.wp.com\/francaclassificados.com\/\/source\/view\/img\/18w50.png?resize=25%2C25&#038;ssl=1\" alt=\"Imagem compartilhar facebook\"\/><\/p>\n<\/p><\/div>\n<div class=\"emp\">\n<p>\n            Contrata-se Contador com experi\u00eancia em empresas do Regime tribut\u00e1rio Lucro Real, que tenha pr\u00e1tica em ECD e ECF, bem como nas an\u00e1lises de Balan\u00e7os e Demonstra\u00e7\u00f5es Cont\u00e1beis. Tamb\u00e9m h\u00e1 vagas para Auxiliar Cont\u00e1bil e Fiscal com experi\u00eancia. Sal\u00e1rio \u00e0 combinar. Interessados favor encaminhar os curriculos para o email: curriculocontabil23@gmail.com.\n            <\/p>\n<p><strong>Compartilhe:<\/strong><\/p>\n<p>                <img data-recalc-dims=\"1\" loading=\"lazy\" decoding=\"async\" width=\"25\" height=\"25\" src=\"https:\/\/i0.wp.com\/francaclassificados.com\/\/source\/view\/img\/20w50.png?resize=25%2C25&#038;ssl=1\" alt=\"Imagem compartilhar whatsapp\"\/><\/p>\n<p>                <img data-recalc-dims=\"1\" loading=\"lazy\" decoding=\"async\" width=\"25\" height=\"25\" src=\"https:\/\/i0.wp.com\/francaclassificados.com\/\/source\/view\/img\/18w50.png?resize=25%2C25&#038;ssl=1\" alt=\"Imagem compartilhar facebook\"\/><\/p>\n<\/p><\/div>\n<p>    <script async=\"\" src=\"https:\/\/pagead2.googlesyndication.com\/pagead\/js\/adsbygoogle.js?client=ca-pub-2853392113352629\" crossorigin=\"anonymous\"\/>\n    <ins class=\"adsbygoogle\" style=\"display:block\" data-ad-client=\"ca-pub-2853392113352629\" data-ad-slot=\"2925831803\" data-ad-format=\"auto\" data-full-width-responsive=\"true\"\/>\n    <script><![CDATA[\n    (adsbygoogle = window.adsbygoogle || []).push({});\n    ]]><\/script>  <\/p>\n<div class=\"emp\">\n<p>\n            Vendedoras<br \/>RESUMO DAS ATIVIDADES: Vendas receptivas e presenciais atrav\u00e9s (Whatsapp; Rede Social; E-mail; Telefone e Chat), acompanhar o cliente em toda sua jornada do pr\u00e9 ao p\u00f3s-venda. Proposta salarial: Fixo+Beneficios+Comissoes atrativas. REQUISITOS: Experi\u00eancia em atendimento ao cliente; Excelente comunica\u00e7\u00e3o verbal e escrita; Conhecimento no sistema Zendesk, ser\u00e1 um diferencial. Curr\u00edculos: email: decontrata2022@gmail.com\n            <\/p>\n<p><strong>Compartilhe:<\/strong><\/p>\n<p>                <img data-recalc-dims=\"1\" loading=\"lazy\" decoding=\"async\" width=\"25\" height=\"25\" src=\"https:\/\/i0.wp.com\/francaclassificados.com\/\/source\/view\/img\/20w50.png?resize=25%2C25&#038;ssl=1\" alt=\"Imagem compartilhar whatsapp\"\/><\/p>\n<p>                <img data-recalc-dims=\"1\" loading=\"lazy\" decoding=\"async\" width=\"25\" height=\"25\" src=\"https:\/\/i0.wp.com\/francaclassificados.com\/\/source\/view\/img\/18w50.png?resize=25%2C25&#038;ssl=1\" alt=\"Imagem compartilhar facebook\"\/><\/p>\n<\/p><\/div>\n<div class=\"emp\">\n<p>\n            Social media<br \/>Estamos contratando social media, ficando resp\u00f3nsavel pelas redes sociais e pelo site pr\u00f3prio (cadastro de produtos e embalagem de pedidos). Se voc\u00ea \u00e9 engajada, cria videos, imagens e domina o universo da maquiagem essa vaga \u00e9 pra voc\u00ea. Necess\u00e1rio ter experi\u00eancia na \u00e1rea. Nos envie um curr\u00edculo para missflorida.maquiagem@gmail.com\n            <\/p>\n<p><strong>Compartilhe:<\/strong><\/p>\n<p>                <img data-recalc-dims=\"1\" loading=\"lazy\" decoding=\"async\" width=\"25\" height=\"25\" src=\"https:\/\/i0.wp.com\/francaclassificados.com\/\/source\/view\/img\/20w50.png?resize=25%2C25&#038;ssl=1\" alt=\"Imagem compartilhar whatsapp\"\/><\/p>\n<p>                <img data-recalc-dims=\"1\" loading=\"lazy\" decoding=\"async\" width=\"25\" height=\"25\" src=\"https:\/\/i0.wp.com\/francaclassificados.com\/\/source\/view\/img\/18w50.png?resize=25%2C25&#038;ssl=1\" alt=\"Imagem compartilhar facebook\"\/><\/p>\n<\/p><\/div>\n<p>    <script async=\"\" src=\"https:\/\/pagead2.googlesyndication.com\/pagead\/js\/adsbygoogle.js?client=ca-pub-2853392113352629\" crossorigin=\"anonymous\"\/>\n    <ins class=\"adsbygoogle\" style=\"display:block\" data-ad-client=\"ca-pub-2853392113352629\" data-ad-slot=\"2925831803\" data-ad-format=\"auto\" data-full-width-responsive=\"true\"\/>\n    <script><![CDATA[\n    (adsbygoogle = window.adsbygoogle || []).push({});\n    ]]><\/script>  <\/p>\n<div class=\"emp\">\n<p>\n            Contrata-se Balconista e padeiro, com experi\u00eancia em padaria,e com disponibilidade horarios, inclusive em Fds, por favor dispensa curiosos e quem n\u00e3o tem exp\u00earincia. Entrar em contato no numero 16 99686-0910. Endere\u00e7o da empresa: Avenida S\u00e3o Vicente 5941.\n            <\/p>\n<p><strong>Compartilhe:<\/strong><\/p>\n<p>                <img data-recalc-dims=\"1\" loading=\"lazy\" decoding=\"async\" width=\"25\" height=\"25\" src=\"https:\/\/i0.wp.com\/francaclassificados.com\/\/source\/view\/img\/20w50.png?resize=25%2C25&#038;ssl=1\" alt=\"Imagem compartilhar whatsapp\"\/><\/p>\n<p>                <img data-recalc-dims=\"1\" loading=\"lazy\" decoding=\"async\" width=\"25\" height=\"25\" src=\"https:\/\/i0.wp.com\/francaclassificados.com\/\/source\/view\/img\/18w50.png?resize=25%2C25&#038;ssl=1\" alt=\"Imagem compartilhar facebook\"\/><\/p>\n<\/p><\/div>\n<div class=\"emp\">\n<p>\n            F\u00c1BRICA DE CAL\u00c7ADOS CONTRATA<br \/>* AUXILIAR DE ALMOXARIFADO ** AUXILIAR DE CORTE *** CONFERIDEIRA DE CORTE **** CORINGA DE PREPARA\u00c7\u00c3O. Todos com experi\u00eancia comprovada. Interessados enviar curr\u00edculo no email: deltagestaodepessoas@gmail.com\n            <\/p>\n<p><strong>Compartilhe:<\/strong><\/p>\n<p>                <img data-recalc-dims=\"1\" loading=\"lazy\" decoding=\"async\" width=\"25\" height=\"25\" src=\"https:\/\/i0.wp.com\/francaclassificados.com\/\/source\/view\/img\/20w50.png?resize=25%2C25&#038;ssl=1\" alt=\"Imagem compartilhar whatsapp\"\/><\/p>\n<p>                <img data-recalc-dims=\"1\" loading=\"lazy\" decoding=\"async\" width=\"25\" height=\"25\" src=\"https:\/\/i0.wp.com\/francaclassificados.com\/\/source\/view\/img\/18w50.png?resize=25%2C25&#038;ssl=1\" alt=\"Imagem compartilhar facebook\"\/><\/p>\n<\/p><\/div>\n<p>    <script async=\"\" src=\"https:\/\/pagead2.googlesyndication.com\/pagead\/js\/adsbygoogle.js?client=ca-pub-2853392113352629\" crossorigin=\"anonymous\"\/>\n    <ins class=\"adsbygoogle\" style=\"display:block\" data-ad-client=\"ca-pub-2853392113352629\" data-ad-slot=\"2925831803\" data-ad-format=\"auto\" data-full-width-responsive=\"true\"\/>\n    <script><![CDATA[\n    (adsbygoogle = window.adsbygoogle || []).push({});\n    ]]><\/script>  <\/p>\n<div class=\"emp\">\n<p>\n            Atendimento \/ Relacionamento com o cliente e Supervis\u00e3o e Gest\u00e3o da Equipe<br \/>Perfil de lideran\u00e7a. Acima dos 25 anos de idade. Experi\u00eancia pr\u00e9via em fun\u00e7\u00f5es relacionadas ao atendimento ao cliente, marketing, vendas ou gest\u00e3o de relacionamento com o cliente. Atendimento ao cliente por liga\u00e7\u00e3o e mensagem, elabora\u00e7\u00e3o de relat\u00f3rios, supervis\u00e3o e gest\u00e3o da equipe do CRM. Enviar email para: eliane.contratacaoescritorio@gmail.com\n            <\/p>\n<p><strong>Compartilhe:<\/strong><\/p>\n<p>                <img data-recalc-dims=\"1\" loading=\"lazy\" decoding=\"async\" width=\"25\" height=\"25\" src=\"https:\/\/i0.wp.com\/francaclassificados.com\/\/source\/view\/img\/20w50.png?resize=25%2C25&#038;ssl=1\" alt=\"Imagem compartilhar whatsapp\"\/><\/p>\n<p>                <img data-recalc-dims=\"1\" loading=\"lazy\" decoding=\"async\" width=\"25\" height=\"25\" src=\"https:\/\/i0.wp.com\/francaclassificados.com\/\/source\/view\/img\/18w50.png?resize=25%2C25&#038;ssl=1\" alt=\"Imagem compartilhar facebook\"\/><\/p>\n<\/p><\/div>\n<div class=\"emp\">\n<p>\n            AUXILIAR DE FATURAMENTO EXPERIENTE<br \/>Contrata-se auxiliar de faturamento com experi\u00eancia na \u00e1rea administrativa e que tenha facilidade com atendimento ao p\u00fablico. Interessados encaminhar curriculo para o email: curriculocontabil23@gmail.com\n            <\/p>\n<p><strong>Compartilhe:<\/strong><\/p>\n<p>                <img data-recalc-dims=\"1\" loading=\"lazy\" decoding=\"async\" width=\"25\" height=\"25\" src=\"https:\/\/i0.wp.com\/francaclassificados.com\/\/source\/view\/img\/20w50.png?resize=25%2C25&#038;ssl=1\" alt=\"Imagem compartilhar whatsapp\"\/><\/p>\n<p>                <img data-recalc-dims=\"1\" loading=\"lazy\" decoding=\"async\" width=\"25\" height=\"25\" src=\"https:\/\/i0.wp.com\/francaclassificados.com\/\/source\/view\/img\/18w50.png?resize=25%2C25&#038;ssl=1\" alt=\"Imagem compartilhar facebook\"\/><\/p>\n<\/p><\/div>\n<p>    <script async=\"\" src=\"https:\/\/pagead2.googlesyndication.com\/pagead\/js\/adsbygoogle.js?client=ca-pub-2853392113352629\" crossorigin=\"anonymous\"\/>\n    <ins class=\"adsbygoogle\" style=\"display:block\" data-ad-client=\"ca-pub-2853392113352629\" data-ad-slot=\"2925831803\" data-ad-format=\"auto\" data-full-width-responsive=\"true\"\/>\n    <script><![CDATA[\n    (adsbygoogle = window.adsbygoogle || []).push({});\n    ]]><\/script>  <\/p>\n<div class=\"emp\">\n<p>\n            Coringa de Pr\u00e9 Frezado\/Almoxarifado<br \/>Estamos em busca de um profissional respons\u00e1vel e proativo para atuar como: 01-Coringa de Pr\u00e9 Frezado:Necess\u00e1rio conhecimento em todos os processos da produ\u00e7\u00e3o de sola.Experi\u00eancia em cal\u00e7ados femininos ser\u00e1 um diferencial. 02- Almoxarife: Necess\u00e1rio ter conhecimento em lan\u00e7amento de NF e movimenta\u00e7\u00e3o de estoque. Conhecimento em sistema JRTI ser\u00e1 considerado um diferencial. Jard. Paulistano. Enviar curr\u00edculo para: rh.selecaoemfranca@gmail.com, identificando a vaga.\n            <\/p>\n<p><strong>Compartilhe:<\/strong><\/p>\n<p>                <img data-recalc-dims=\"1\" loading=\"lazy\" decoding=\"async\" width=\"25\" height=\"25\" src=\"https:\/\/i0.wp.com\/francaclassificados.com\/\/source\/view\/img\/20w50.png?resize=25%2C25&#038;ssl=1\" alt=\"Imagem compartilhar whatsapp\"\/><\/p>\n<p>                <img data-recalc-dims=\"1\" loading=\"lazy\" decoding=\"async\" width=\"25\" height=\"25\" src=\"https:\/\/i0.wp.com\/francaclassificados.com\/\/source\/view\/img\/18w50.png?resize=25%2C25&#038;ssl=1\" alt=\"Imagem compartilhar facebook\"\/><\/p>\n<\/p><\/div>\n<div class=\"emp\">\n<p>\n            ATENDENTE DE TELEMARKETING<br \/>Contrata-se profissional para atuar com atendimento telef\u00f4nico, realizando agendamento de pacientes, confirma\u00e7\u00e3o de agendas entre outras atividades via telefone, WhatsApp e que goste de trabalhar com metas. \u00c9 necess\u00e1rio ter conhecimento b\u00e1sico em Excel, ser uma pessoa din\u00e2mica, ter boa comunica\u00e7\u00e3o e boa escrita. Trabalho de segunda a s\u00e1bado. Enviar curr\u00edculo para: rh.vagasinternas@gmail.com Colocar no t\u00edtulo do e-mail: TLMK FRANCA\n            <\/p>\n<p><strong>Compartilhe:<\/strong><\/p>\n<p>                <img data-recalc-dims=\"1\" loading=\"lazy\" decoding=\"async\" width=\"25\" height=\"25\" src=\"https:\/\/i0.wp.com\/francaclassificados.com\/\/source\/view\/img\/20w50.png?resize=25%2C25&#038;ssl=1\" alt=\"Imagem compartilhar whatsapp\"\/><\/p>\n<p>                <img data-recalc-dims=\"1\" loading=\"lazy\" decoding=\"async\" width=\"25\" height=\"25\" src=\"https:\/\/i0.wp.com\/francaclassificados.com\/\/source\/view\/img\/18w50.png?resize=25%2C25&#038;ssl=1\" alt=\"Imagem compartilhar facebook\"\/><\/p>\n<\/p><\/div>\n<p>    <script async=\"\" src=\"https:\/\/pagead2.googlesyndication.com\/pagead\/js\/adsbygoogle.js?client=ca-pub-2853392113352629\" crossorigin=\"anonymous\"\/>\n    <ins class=\"adsbygoogle\" style=\"display:block\" data-ad-client=\"ca-pub-2853392113352629\" data-ad-slot=\"2925831803\" data-ad-format=\"auto\" data-full-width-responsive=\"true\"\/>\n    <script><![CDATA[\n    (adsbygoogle = window.adsbygoogle || []).push({});\n    ]]><\/script>  <\/p>\n<div class=\"emp\">\n<p>\n            CORTADOR DE BOLSA<br \/>Contrata-se cortador de bolsa para exercer a fun\u00e7\u00e3o de segunda \u00e1 sexta. cortador de sintetico e forro . Para exercer a fun\u00e7\u00e3o, faz-se necess\u00e1rio que o profissional j\u00e1 tenha o m\u00ednimo de experi\u00eancia na ar\u00e9a, seja organizado e respons\u00e1vel. O sal\u00e1rio \u00e9 negociav\u00e9l. Envio de curr\u00edculo pelo email equipedeboraribeiro@gmail.com ou pelo WhatsApp (16) 99218-0588.\n            <\/p>\n<p><strong>Compartilhe:<\/strong><\/p>\n<p>                <img data-recalc-dims=\"1\" loading=\"lazy\" decoding=\"async\" width=\"25\" height=\"25\" src=\"https:\/\/i0.wp.com\/francaclassificados.com\/\/source\/view\/img\/20w50.png?resize=25%2C25&#038;ssl=1\" alt=\"Imagem compartilhar whatsapp\"\/><\/p>\n<p>                <img data-recalc-dims=\"1\" loading=\"lazy\" decoding=\"async\" width=\"25\" height=\"25\" src=\"https:\/\/i0.wp.com\/francaclassificados.com\/\/source\/view\/img\/18w50.png?resize=25%2C25&#038;ssl=1\" alt=\"Imagem compartilhar facebook\"\/><\/p>\n<\/p><\/div>\n<div class=\"emp\">\n<p>\n            Servi\u00e7os Gerais<br \/>Buscamos pessoa respons\u00e1vel e comprometida para trabalhar em condom\u00ednio. Indispens\u00e1vel experi\u00eancia em: jardinagem, alvenaria, pequenos reparos el\u00e9tricos e trabalhos hidr\u00e1ulicos (desentupimento). Oferecemos sal\u00e1rio de R$ 1.785,36 + V.A de R$732,72 Enviar curr\u00edculo com as siglas SERVI\u00c7O GERAIS p\/: procurovagafranca@gmail.com\n            <\/p>\n<p><strong>Compartilhe:<\/strong><\/p>\n<p>                <img data-recalc-dims=\"1\" loading=\"lazy\" decoding=\"async\" width=\"25\" height=\"25\" src=\"https:\/\/i0.wp.com\/francaclassificados.com\/\/source\/view\/img\/20w50.png?resize=25%2C25&#038;ssl=1\" alt=\"Imagem compartilhar whatsapp\"\/><\/p>\n<p>                <img data-recalc-dims=\"1\" loading=\"lazy\" decoding=\"async\" width=\"25\" height=\"25\" src=\"https:\/\/i0.wp.com\/francaclassificados.com\/\/source\/view\/img\/18w50.png?resize=25%2C25&#038;ssl=1\" alt=\"Imagem compartilhar facebook\"\/><\/p>\n<\/p><\/div>\n<p>    <script async=\"\" src=\"https:\/\/pagead2.googlesyndication.com\/pagead\/js\/adsbygoogle.js?client=ca-pub-2853392113352629\" crossorigin=\"anonymous\"\/>\n    <ins class=\"adsbygoogle\" style=\"display:block\" data-ad-client=\"ca-pub-2853392113352629\" data-ad-slot=\"2925831803\" data-ad-format=\"auto\" data-full-width-responsive=\"true\"\/>\n    <script><![CDATA[\n    (adsbygoogle = window.adsbygoogle || []).push({});\n    ]]><\/script>  <\/p>\n<div class=\"emp\">\n<p>\n            Estoquista<br \/>Desenvolver atividades pertinentes a rotina de estoque (recebimento de produtos, armazenamento, separa\u00e7\u00e3o de pedidos). Necess\u00e1rio ter for\u00e7a de vontade, trabalho em equipe, pr\u00f3-atividade e disponibilidade de hor\u00e1rio. Hor\u00e1rio de trabalho: segunda a sexta das 08h \u00e0s 18:18h e s\u00e1bados intercalados das 08h as 13h. Envie curr\u00edculo por e-mail: vagas.atram@gmail.com\n            <\/p>\n<p><strong>Compartilhe:<\/strong><\/p>\n<p>                <img data-recalc-dims=\"1\" loading=\"lazy\" decoding=\"async\" width=\"25\" height=\"25\" src=\"https:\/\/i0.wp.com\/francaclassificados.com\/\/source\/view\/img\/20w50.png?resize=25%2C25&#038;ssl=1\" alt=\"Imagem compartilhar whatsapp\"\/><\/p>\n<p>                <img data-recalc-dims=\"1\" loading=\"lazy\" decoding=\"async\" width=\"25\" height=\"25\" src=\"https:\/\/i0.wp.com\/francaclassificados.com\/\/source\/view\/img\/18w50.png?resize=25%2C25&#038;ssl=1\" alt=\"Imagem compartilhar facebook\"\/><\/p>\n<\/p><\/div>\n<div class=\"emp\">\n<p>\n            VENDEDORA \/ Marketing Digital<br \/>LOJA ACESSORIOS DE CELULAR - Com experi\u00eancia em vendas, atenciosa, simp\u00e1tica, comunicativa, din\u00e2mica, facilidade em atendimento ao p\u00fablico. Criatividade para cria\u00e7\u00e3o de conte\u00fado atrativos (foto, v\u00eddeo, texto) para divulga\u00e7\u00e3o e gest\u00e3o de redes sociais, facilidade em trabalhar com ferramentas de edi\u00e7\u00e3o e v\u00eddeo. Enviar curriculum para: rharty1190@gmail.com\n            <\/p>\n<p><strong>Compartilhe:<\/strong><\/p>\n<p>                <img data-recalc-dims=\"1\" loading=\"lazy\" decoding=\"async\" width=\"25\" height=\"25\" src=\"https:\/\/i0.wp.com\/francaclassificados.com\/\/source\/view\/img\/20w50.png?resize=25%2C25&#038;ssl=1\" alt=\"Imagem compartilhar whatsapp\"\/><\/p>\n<p>                <img data-recalc-dims=\"1\" loading=\"lazy\" decoding=\"async\" width=\"25\" height=\"25\" src=\"https:\/\/i0.wp.com\/francaclassificados.com\/\/source\/view\/img\/18w50.png?resize=25%2C25&#038;ssl=1\" alt=\"Imagem compartilhar facebook\"\/><\/p>\n<\/p><\/div>\n<p>    <script async=\"\" src=\"https:\/\/pagead2.googlesyndication.com\/pagead\/js\/adsbygoogle.js?client=ca-pub-2853392113352629\" crossorigin=\"anonymous\"\/>\n    <ins class=\"adsbygoogle\" style=\"display:block\" data-ad-client=\"ca-pub-2853392113352629\" data-ad-slot=\"2925831803\" data-ad-format=\"auto\" data-full-width-responsive=\"true\"\/>\n    <script><![CDATA[\n    (adsbygoogle = window.adsbygoogle || []).push({});\n    ]]><\/script>  <\/p>\n<div class=\"emp\">\n<p>\n            Auxiliar de Expedi\u00e7\u00e3o<br \/>Estamos contratando de Auxiliar de Expedi\u00e7\u00e3o Habilita\u00e7\u00e3o A\/B - Curso de Empilhadeira sera diferencial. Empresa Oferece Salario Fixo + Plano de Sa\u00fade 50%, Plano odontol\u00f3gico 100%, Seguro de Vida, Indicadores e premia\u00e7\u00f5es por produtividade. Enviar curriculo para o e-mail recrutamentofranca2024@gmail.com com e colocar no assunto AUXILIAR EXPEDI\u00c7\u00c3O\n            <\/p>\n<p><strong>Compartilhe:<\/strong><\/p>\n<p>                <img data-recalc-dims=\"1\" loading=\"lazy\" decoding=\"async\" width=\"25\" height=\"25\" src=\"https:\/\/i0.wp.com\/francaclassificados.com\/\/source\/view\/img\/20w50.png?resize=25%2C25&#038;ssl=1\" alt=\"Imagem compartilhar whatsapp\"\/><\/p>\n<p>                <img data-recalc-dims=\"1\" loading=\"lazy\" decoding=\"async\" width=\"25\" height=\"25\" src=\"https:\/\/i0.wp.com\/francaclassificados.com\/\/source\/view\/img\/18w50.png?resize=25%2C25&#038;ssl=1\" alt=\"Imagem compartilhar facebook\"\/><\/p>\n<\/p><\/div>\n<div class=\"emp\">\n<p>\n            Vaga para auxiliar de produ\u00e7\u00e3o masculino, com no\u00e7\u00f5es de pesponto e experi\u00eancia em acabamento de cintos de couro. Enviar curr\u00edculo para 16 98815-2222, ou trazer pessoalmente na Av Abrah\u00e3o Brickmann, 3080, Jardim Luiza 2.\n            <\/p>\n<p><strong>Compartilhe:<\/strong><\/p>\n<p>                <img data-recalc-dims=\"1\" loading=\"lazy\" decoding=\"async\" width=\"25\" height=\"25\" src=\"https:\/\/i0.wp.com\/francaclassificados.com\/\/source\/view\/img\/20w50.png?resize=25%2C25&#038;ssl=1\" alt=\"Imagem compartilhar whatsapp\"\/><\/p>\n<p>                <img data-recalc-dims=\"1\" loading=\"lazy\" decoding=\"async\" width=\"25\" height=\"25\" src=\"https:\/\/i0.wp.com\/francaclassificados.com\/\/source\/view\/img\/18w50.png?resize=25%2C25&#038;ssl=1\" alt=\"Imagem compartilhar facebook\"\/><\/p>\n<\/p><\/div>\n<p>    <script async=\"\" src=\"https:\/\/pagead2.googlesyndication.com\/pagead\/js\/adsbygoogle.js?client=ca-pub-2853392113352629\" crossorigin=\"anonymous\"\/>\n    <ins class=\"adsbygoogle\" style=\"display:block\" data-ad-client=\"ca-pub-2853392113352629\" data-ad-slot=\"2925831803\" data-ad-format=\"auto\" data-full-width-responsive=\"true\"\/>\n    <script><![CDATA[\n    (adsbygoogle = window.adsbygoogle || []).push({});\n    ]]><\/script>  <\/p>\n<div class=\"emp\">\n<p>\n            Embonecador de giga, Coladeira(o) de vira na M\u00e1quina, Operador de Injetora, Auxiliar de Injetora, Auxiliar de produ\u00e7\u00e3o, Lixador. Enviar curr\u00edculo por e-mail para rh@dmatossolados.com.br . Endere\u00e7o: Avenida Professor Nicolau Del Monte, 3607 Bairro: JD Integra\u00e7\u00e3o\n            <\/p>\n<p><strong>Compartilhe:<\/strong><\/p>\n<p>                <img data-recalc-dims=\"1\" loading=\"lazy\" decoding=\"async\" width=\"25\" height=\"25\" src=\"https:\/\/i0.wp.com\/francaclassificados.com\/\/source\/view\/img\/20w50.png?resize=25%2C25&#038;ssl=1\" alt=\"Imagem compartilhar whatsapp\"\/><\/p>\n<p>                <img data-recalc-dims=\"1\" loading=\"lazy\" decoding=\"async\" width=\"25\" height=\"25\" src=\"https:\/\/i0.wp.com\/francaclassificados.com\/\/source\/view\/img\/18w50.png?resize=25%2C25&#038;ssl=1\" alt=\"Imagem compartilhar facebook\"\/><\/p>\n<\/p><\/div>\n<div class=\"emp\">\n<p>\n            Motorista<br \/>Contrata-se motorista com experi\u00eancia (carga e descarga). Para a vaga \u00e9 necess\u00e1rio CNH-C ou D. A vaga \u00e9 destinada ao p\u00fablico masculino, ser respons\u00e1vel e pontual. Os interessados devem enviar o curr\u00edculo para o e-mail franferferragens@gmail.com ou nosso WhatsApp (16)99154-6049.\n            <\/p>\n<p><strong>Compartilhe:<\/strong><\/p>\n<p>                <img data-recalc-dims=\"1\" loading=\"lazy\" decoding=\"async\" width=\"25\" height=\"25\" src=\"https:\/\/i0.wp.com\/francaclassificados.com\/\/source\/view\/img\/20w50.png?resize=25%2C25&#038;ssl=1\" alt=\"Imagem compartilhar whatsapp\"\/><\/p>\n<p>                <img data-recalc-dims=\"1\" loading=\"lazy\" decoding=\"async\" width=\"25\" height=\"25\" src=\"https:\/\/i0.wp.com\/francaclassificados.com\/\/source\/view\/img\/18w50.png?resize=25%2C25&#038;ssl=1\" alt=\"Imagem compartilhar facebook\"\/><\/p>\n<\/p><\/div>\n<p>    <script async=\"\" src=\"https:\/\/pagead2.googlesyndication.com\/pagead\/js\/adsbygoogle.js?client=ca-pub-2853392113352629\" crossorigin=\"anonymous\"\/>\n    <ins class=\"adsbygoogle\" style=\"display:block\" data-ad-client=\"ca-pub-2853392113352629\" data-ad-slot=\"2925831803\" data-ad-format=\"auto\" data-full-width-responsive=\"true\"\/>\n    <script><![CDATA[\n    (adsbygoogle = window.adsbygoogle || []).push({});\n    ]]><\/script>  <\/p>\n<div class=\"emp\">\n<p>\n            Contrata-se um(a) funcion\u00e1rio(a) para atuar na \u00e1rea administrativa, requisitos boa comunica\u00e7\u00e3o, ser atencioso(a), facilidade para trabalhar com computador, pr\u00f3 ativo(a), possua carteira de motorista categoria B e disponibilidade para trabalhar no hor\u00e1rio comercial de segunda a s\u00e1bado.. Interessados enviar o curr\u00edculo para administrativo@casinipisos.com.br\n            <\/p>\n<p><strong>Compartilhe:<\/strong><\/p>\n<p>                <img data-recalc-dims=\"1\" loading=\"lazy\" decoding=\"async\" width=\"25\" height=\"25\" src=\"https:\/\/i0.wp.com\/francaclassificados.com\/\/source\/view\/img\/20w50.png?resize=25%2C25&#038;ssl=1\" alt=\"Imagem compartilhar whatsapp\"\/><\/p>\n<p>                <img data-recalc-dims=\"1\" loading=\"lazy\" decoding=\"async\" width=\"25\" height=\"25\" src=\"https:\/\/i0.wp.com\/francaclassificados.com\/\/source\/view\/img\/18w50.png?resize=25%2C25&#038;ssl=1\" alt=\"Imagem compartilhar facebook\"\/><\/p>\n<\/p><\/div>\n<div class=\"emp\">\n<p>\n            Aux. Produ\u00e7\u00e3o \/ Pesador \/ Colorista<br \/>Sexo MASCULINO Acima 25anos Sal\u00e1rio: DA CATEGORIA Organizado \/ Pro Ativo \/ Disciplinado \/ EXPERIENCIA NA AREA SER\u00c1 UM DIFERENCIAL Enviar curriculum com foto para: contrataquimicafranca@gmail.com\n            <\/p>\n<p><strong>Compartilhe:<\/strong><\/p>\n<p>                <img data-recalc-dims=\"1\" loading=\"lazy\" decoding=\"async\" width=\"25\" height=\"25\" src=\"https:\/\/i0.wp.com\/francaclassificados.com\/\/source\/view\/img\/20w50.png?resize=25%2C25&#038;ssl=1\" alt=\"Imagem compartilhar whatsapp\"\/><\/p>\n<p>                <img data-recalc-dims=\"1\" loading=\"lazy\" decoding=\"async\" width=\"25\" height=\"25\" src=\"https:\/\/i0.wp.com\/francaclassificados.com\/\/source\/view\/img\/18w50.png?resize=25%2C25&#038;ssl=1\" alt=\"Imagem compartilhar facebook\"\/><\/p>\n<\/p><\/div>\n<p>    <script async=\"\" src=\"https:\/\/pagead2.googlesyndication.com\/pagead\/js\/adsbygoogle.js?client=ca-pub-2853392113352629\" crossorigin=\"anonymous\"\/>\n    <ins class=\"adsbygoogle\" style=\"display:block\" data-ad-client=\"ca-pub-2853392113352629\" data-ad-slot=\"2925831803\" data-ad-format=\"auto\" data-full-width-responsive=\"true\"\/>\n    <script><![CDATA[\n    (adsbygoogle = window.adsbygoogle || []).push({});\n    ]]><\/script>  <\/p>\n<div class=\"emp\">\n<p>\n            Auxiliar De PCP ( S\u00e3o Paulo)<br \/>Estamos em busca de um profissional do sexo feminino com experi\u00eancia na \u00e1rea do PCP, desej\u00e1vel a forma\u00e7\u00e3o em T\u00e9cnico T\u00eaxtil e Pacote Office. VAGA PARA CIDADE DE S\u00c3O PAULO, interessados enviar curriculum para o e-mail contabil2@goltextil.com.br\n            <\/p>\n<p><strong>Compartilhe:<\/strong><\/p>\n<p>                <img data-recalc-dims=\"1\" loading=\"lazy\" decoding=\"async\" width=\"25\" height=\"25\" src=\"https:\/\/i0.wp.com\/francaclassificados.com\/\/source\/view\/img\/20w50.png?resize=25%2C25&#038;ssl=1\" alt=\"Imagem compartilhar whatsapp\"\/><\/p>\n<p>                <img data-recalc-dims=\"1\" loading=\"lazy\" decoding=\"async\" width=\"25\" height=\"25\" src=\"https:\/\/i0.wp.com\/francaclassificados.com\/\/source\/view\/img\/18w50.png?resize=25%2C25&#038;ssl=1\" alt=\"Imagem compartilhar facebook\"\/><\/p>\n<\/p><\/div>\n<div class=\"emp\">\n<p>\n            AUX. PRODU\u00c7\u00c3O <br \/>COM BASTANTE EXPERIENCIA (COMPROVANDA EM CARTEIRA) ENTREGAR CURRICULUM NA RUA: PARANA, 823 - VILA APARECIDA.\n            <\/p>\n<p><strong>Compartilhe:<\/strong><\/p>\n<p>                <img data-recalc-dims=\"1\" loading=\"lazy\" decoding=\"async\" width=\"25\" height=\"25\" src=\"https:\/\/i0.wp.com\/francaclassificados.com\/\/source\/view\/img\/20w50.png?resize=25%2C25&#038;ssl=1\" alt=\"Imagem compartilhar whatsapp\"\/><\/p>\n<p>                <img data-recalc-dims=\"1\" loading=\"lazy\" decoding=\"async\" width=\"25\" height=\"25\" src=\"https:\/\/i0.wp.com\/francaclassificados.com\/\/source\/view\/img\/18w50.png?resize=25%2C25&#038;ssl=1\" alt=\"Imagem compartilhar facebook\"\/><\/p>\n<\/p><\/div>\n<p>    <script async=\"\" src=\"https:\/\/pagead2.googlesyndication.com\/pagead\/js\/adsbygoogle.js?client=ca-pub-2853392113352629\" crossorigin=\"anonymous\"\/>\n    <ins class=\"adsbygoogle\" style=\"display:block\" data-ad-client=\"ca-pub-2853392113352629\" data-ad-slot=\"2925831803\" data-ad-format=\"auto\" data-full-width-responsive=\"true\"\/>\n    <script><![CDATA[\n    (adsbygoogle = window.adsbygoogle || []).push({});\n    ]]><\/script>  <\/p>\n<div class=\"emp\">\n<p>\n            MODELISTA <br \/>Contrata para inicio IMEDIATO: MODELISTA DE CAL\u00c7ADOS, que tenha vasta experi\u00eancia cal\u00e7ados feminino\/masculino\/infantil, e saiba trabalhar com sistema CALIGOLA OU NAXO, mandar curriculo: dpcontrata24@gmail.com\n            <\/p>\n<p><strong>Compartilhe:<\/strong><\/p>\n<p>                <img data-recalc-dims=\"1\" loading=\"lazy\" decoding=\"async\" width=\"25\" height=\"25\" src=\"https:\/\/i0.wp.com\/francaclassificados.com\/\/source\/view\/img\/20w50.png?resize=25%2C25&#038;ssl=1\" alt=\"Imagem compartilhar whatsapp\"\/><\/p>\n<p>                <img data-recalc-dims=\"1\" loading=\"lazy\" decoding=\"async\" width=\"25\" height=\"25\" src=\"https:\/\/i0.wp.com\/francaclassificados.com\/\/source\/view\/img\/18w50.png?resize=25%2C25&#038;ssl=1\" alt=\"Imagem compartilhar facebook\"\/><\/p>\n<\/p><\/div>\n<div class=\"emp\">\n<p>\n            AJUDANTE DE MOTORISTA<br \/>CONTRATA-SE AJUDANTE DE MOTORISTA COM EXPERIENCIA COM ENTREGAS EM SUPERMERCADOS, ENTREGAS PARA FRANCA E TODA REGI\u00c3O. SALARIO R$1600,00 + V.A DE R$500,00 + V.R QUANDO TRABALHAR FORA DE FRANCA. WhatsApp 16-9-9153-3205 TRABALHO DE SEGUNDA \u00c0 SEXTA FEIRA\n            <\/p>\n<p><strong>Compartilhe:<\/strong><\/p>\n<p>                <img data-recalc-dims=\"1\" loading=\"lazy\" decoding=\"async\" width=\"25\" height=\"25\" src=\"https:\/\/i0.wp.com\/francaclassificados.com\/\/source\/view\/img\/20w50.png?resize=25%2C25&#038;ssl=1\" alt=\"Imagem compartilhar whatsapp\"\/><\/p>\n<p>                <img data-recalc-dims=\"1\" loading=\"lazy\" decoding=\"async\" width=\"25\" height=\"25\" src=\"https:\/\/i0.wp.com\/francaclassificados.com\/\/source\/view\/img\/18w50.png?resize=25%2C25&#038;ssl=1\" alt=\"Imagem compartilhar facebook\"\/><\/p>\n<\/p><\/div>\n<p>    <script async=\"\" src=\"https:\/\/pagead2.googlesyndication.com\/pagead\/js\/adsbygoogle.js?client=ca-pub-2853392113352629\" crossorigin=\"anonymous\"\/>\n    <ins class=\"adsbygoogle\" style=\"display:block\" data-ad-client=\"ca-pub-2853392113352629\" data-ad-slot=\"2925831803\" data-ad-format=\"auto\" data-full-width-responsive=\"true\"\/>\n    <script><![CDATA[\n    (adsbygoogle = window.adsbygoogle || []).push({});\n    ]]><\/script>  <\/p>\n<div class=\"emp\">\n<p>\n            Motorista de caminh\u00e3o<br \/>Contrata-se motorista de caminh\u00e3o com carta D (que descarrega a carga (moto chapa), CARGA PESADA. Levar curr\u00edculo rua Paulo Roberto Cavalheiro Coelho,2301 no dep\u00f3sito da Eufrauzino Acabamentos. Hor\u00e1rio comercial.\n            <\/p>\n<p><strong>Compartilhe:<\/strong><\/p>\n<p>                <img data-recalc-dims=\"1\" loading=\"lazy\" decoding=\"async\" width=\"25\" height=\"25\" src=\"https:\/\/i0.wp.com\/francaclassificados.com\/\/source\/view\/img\/20w50.png?resize=25%2C25&#038;ssl=1\" alt=\"Imagem compartilhar whatsapp\"\/><\/p>\n<p>                <img data-recalc-dims=\"1\" loading=\"lazy\" decoding=\"async\" width=\"25\" height=\"25\" src=\"https:\/\/i0.wp.com\/francaclassificados.com\/\/source\/view\/img\/18w50.png?resize=25%2C25&#038;ssl=1\" alt=\"Imagem compartilhar facebook\"\/><\/p>\n<\/p><\/div>\n<div class=\"emp\">\n<p>\n            Esteticista<br \/>CONTRATA-SE ESTETICISTA, ter experi\u00eancia em depila\u00e7\u00e3o a laser ser\u00e1 um diferencial. Atendimento ao cliente, aplica\u00e7\u00e3o de laser para depila\u00e7\u00e3o e outros procedimentos est\u00e9ticos faciais e corporais. Empresa fornece treinamentos. Hor\u00e1rio comercial de segunda a s\u00e1bado. Vaga CLT: sal\u00e1rio fixo + comiss\u00e3o + vale alimenta\u00e7\u00e3o<br \/>\n            <br \/>cris.serlaser@gmail.com\n            <\/p>\n<p><strong>Compartilhe:<\/strong><\/p>\n<p>                <img data-recalc-dims=\"1\" loading=\"lazy\" decoding=\"async\" width=\"25\" height=\"25\" src=\"https:\/\/i0.wp.com\/francaclassificados.com\/\/source\/view\/img\/20w50.png?resize=25%2C25&#038;ssl=1\" alt=\"Imagem compartilhar whatsapp\"\/><\/p>\n<p>                <img data-recalc-dims=\"1\" loading=\"lazy\" decoding=\"async\" width=\"25\" height=\"25\" src=\"https:\/\/i0.wp.com\/francaclassificados.com\/\/source\/view\/img\/18w50.png?resize=25%2C25&#038;ssl=1\" alt=\"Imagem compartilhar facebook\"\/><\/p>\n<\/p><\/div>\n<p>    <script async=\"\" src=\"https:\/\/pagead2.googlesyndication.com\/pagead\/js\/adsbygoogle.js?client=ca-pub-2853392113352629\" crossorigin=\"anonymous\"\/>\n    <ins class=\"adsbygoogle\" style=\"display:block\" data-ad-client=\"ca-pub-2853392113352629\" data-ad-slot=\"2925831803\" data-ad-format=\"auto\" data-full-width-responsive=\"true\"\/>\n    <script><![CDATA[\n    (adsbygoogle = window.adsbygoogle || []).push({});\n    ]]><\/script>  <\/p>\n<div class=\"emp\">\n<p>\n            Pespontador e Coladeira de Pe\u00e7as<br \/>Admite pespontador ou pespontadeira e coaldeira de pe\u00e7as para trabalhar em grupo interno com in\u00edcio imediato. Produ\u00e7\u00e3o de sapatos e botinas. Favor enviar o curr\u00edculo no e-mail: trillionboots@gmail.com ou deixar em nosso endere\u00e7o: Rua F\u00e9lix Garcia Garcia N\u00b03358 - Prolongamento Jardim \u00c2ngela Rosa.\n            <\/p>\n<p><strong>Compartilhe:<\/strong><\/p>\n<p>                <img data-recalc-dims=\"1\" loading=\"lazy\" decoding=\"async\" width=\"25\" height=\"25\" src=\"https:\/\/i0.wp.com\/francaclassificados.com\/\/source\/view\/img\/20w50.png?resize=25%2C25&#038;ssl=1\" alt=\"Imagem compartilhar whatsapp\"\/><\/p>\n<p>                <img data-recalc-dims=\"1\" loading=\"lazy\" decoding=\"async\" width=\"25\" height=\"25\" src=\"https:\/\/i0.wp.com\/francaclassificados.com\/\/source\/view\/img\/18w50.png?resize=25%2C25&#038;ssl=1\" alt=\"Imagem compartilhar facebook\"\/><\/p>\n<\/p><\/div>\n<div class=\"emp\">\n<p>\n            Secret\u00e1ria \/ Estagi\u00e1ria<br \/>Contrata-se estagi\u00e1ria\/secret\u00e1ria, estudante no periodo noturno. Cursos afins: Psicologia, Recursos Humanos, Administra\u00e7\u00e3o de Empresas e Outros. Jornada de trabalho de 30 horas semanais. Interessados enviar curr\u00edculo para o email: clinicatrc@outlook.com\n            <\/p>\n<p><strong>Compartilhe:<\/strong><\/p>\n<p>                <img data-recalc-dims=\"1\" loading=\"lazy\" decoding=\"async\" width=\"25\" height=\"25\" src=\"https:\/\/i0.wp.com\/francaclassificados.com\/\/source\/view\/img\/20w50.png?resize=25%2C25&#038;ssl=1\" alt=\"Imagem compartilhar whatsapp\"\/><\/p>\n<p>                <img data-recalc-dims=\"1\" loading=\"lazy\" decoding=\"async\" width=\"25\" height=\"25\" src=\"https:\/\/i0.wp.com\/francaclassificados.com\/\/source\/view\/img\/18w50.png?resize=25%2C25&#038;ssl=1\" alt=\"Imagem compartilhar facebook\"\/><\/p>\n<\/p><\/div>\n<p>    <script async=\"\" src=\"https:\/\/pagead2.googlesyndication.com\/pagead\/js\/adsbygoogle.js?client=ca-pub-2853392113352629\" crossorigin=\"anonymous\"\/>\n    <ins class=\"adsbygoogle\" style=\"display:block\" data-ad-client=\"ca-pub-2853392113352629\" data-ad-slot=\"2925831803\" data-ad-format=\"auto\" data-full-width-responsive=\"true\"\/>\n    <script><![CDATA[\n    (adsbygoogle = window.adsbygoogle || []).push({});\n    ]]><\/script>  <\/p>\n<div class=\"emp\">\n<p>\n            Caixa\/vendedora<br \/>Contrata-se operadora de caixa com experi\u00eancia e agilidade e vendedora extremamente comunicativa que goste de metas e desafios . Comparecer diretamente na loja com curr\u00edculo e carteira e procurar por janice. R. do Com\u00e9rcio, 1855 - Centro, Franca - SP,\n            <\/p>\n<p><strong>Compartilhe:<\/strong><\/p>\n<p>                <img data-recalc-dims=\"1\" loading=\"lazy\" decoding=\"async\" width=\"25\" height=\"25\" src=\"https:\/\/i0.wp.com\/francaclassificados.com\/\/source\/view\/img\/20w50.png?resize=25%2C25&#038;ssl=1\" alt=\"Imagem compartilhar whatsapp\"\/><\/p>\n<p>                <img data-recalc-dims=\"1\" loading=\"lazy\" decoding=\"async\" width=\"25\" height=\"25\" src=\"https:\/\/i0.wp.com\/francaclassificados.com\/\/source\/view\/img\/18w50.png?resize=25%2C25&#038;ssl=1\" alt=\"Imagem compartilhar facebook\"\/><\/p>\n<\/p><\/div>\n<div class=\"emp\">\n<p>\n            Auxiliar de Cozinha<br \/>Vaga de Auxiliar de Cozinha (Gelateria).Carga Hor\u00e1ria: ter\u00e7a \u00e0 domingo das 10h00 \u00e0s 18h20. Remunera\u00e7\u00e3o R$1900,00 + vale alimenta\u00e7\u00e3o R$360,00 + plano odontol\u00f3gico + plano de sa\u00fade + seguro de vida. DISPONIBILIDADE PARA TRABALHAR NOS FERIADOS. Curr\u00edculo para: selecaorecrutamentopsi@gmail.com\n            <\/p>\n<p><strong>Compartilhe:<\/strong><\/p>\n<p>                <img data-recalc-dims=\"1\" loading=\"lazy\" decoding=\"async\" width=\"25\" height=\"25\" src=\"https:\/\/i0.wp.com\/francaclassificados.com\/\/source\/view\/img\/20w50.png?resize=25%2C25&#038;ssl=1\" alt=\"Imagem compartilhar whatsapp\"\/><\/p>\n<p>                <img data-recalc-dims=\"1\" loading=\"lazy\" decoding=\"async\" width=\"25\" height=\"25\" src=\"https:\/\/i0.wp.com\/francaclassificados.com\/\/source\/view\/img\/18w50.png?resize=25%2C25&#038;ssl=1\" alt=\"Imagem compartilhar facebook\"\/><\/p>\n<\/p><\/div>\n<p>    <script async=\"\" src=\"https:\/\/pagead2.googlesyndication.com\/pagead\/js\/adsbygoogle.js?client=ca-pub-2853392113352629\" crossorigin=\"anonymous\"\/>\n    <ins class=\"adsbygoogle\" style=\"display:block\" data-ad-client=\"ca-pub-2853392113352629\" data-ad-slot=\"2925831803\" data-ad-format=\"auto\" data-full-width-responsive=\"true\"\/>\n    <script><![CDATA[\n    (adsbygoogle = window.adsbygoogle || []).push({});\n    ]]><\/script>  <\/p>\n<div class=\"emp\">\n<p>\n            AUXILIAR DE COMPRAS<br \/>Contrata-se AUXILIAR DE COMPRAS - Necess\u00e1rio boa digita\u00e7\u00e3o, rapidez, conhecimentos gerais em informatica. Ter conhecimento no Sistema \"Obra Prima\" e experiencia em compras, ser\u00e1 um diferencial . Enviar C.V no e-mail para : sd3financeiro@gmail.com .\n            <\/p>\n<p><strong>Compartilhe:<\/strong><\/p>\n<p>                <img data-recalc-dims=\"1\" loading=\"lazy\" decoding=\"async\" width=\"25\" height=\"25\" src=\"https:\/\/i0.wp.com\/francaclassificados.com\/\/source\/view\/img\/20w50.png?resize=25%2C25&#038;ssl=1\" alt=\"Imagem compartilhar whatsapp\"\/><\/p>\n<p>                <img data-recalc-dims=\"1\" loading=\"lazy\" decoding=\"async\" width=\"25\" height=\"25\" src=\"https:\/\/i0.wp.com\/francaclassificados.com\/\/source\/view\/img\/18w50.png?resize=25%2C25&#038;ssl=1\" alt=\"Imagem compartilhar facebook\"\/><\/p>\n<\/p><\/div>\n<div class=\"emp\">\n<p>\n            PASSADOR DE COLA\/REBAIXADOR\/RISCADOR<br \/>F\u00e1brica de cal\u00e7ados admite-se para 3 cargos dispon\u00edveis: PASSADOR DE COLA NO CABEDAL, RISCADOR, REBAIXADOR. F\u00e1brica localizada no Tropical: Chamar no Whatsapp 16 98809-9835\n            <\/p>\n<p><strong>Compartilhe:<\/strong><\/p>\n<p>                <img data-recalc-dims=\"1\" loading=\"lazy\" decoding=\"async\" width=\"25\" height=\"25\" src=\"https:\/\/i0.wp.com\/francaclassificados.com\/\/source\/view\/img\/20w50.png?resize=25%2C25&#038;ssl=1\" alt=\"Imagem compartilhar whatsapp\"\/><\/p>\n<p>                <img data-recalc-dims=\"1\" loading=\"lazy\" decoding=\"async\" width=\"25\" height=\"25\" src=\"https:\/\/i0.wp.com\/francaclassificados.com\/\/source\/view\/img\/18w50.png?resize=25%2C25&#038;ssl=1\" alt=\"Imagem compartilhar facebook\"\/><\/p>\n<\/p><\/div>\n<p>    <script async=\"\" src=\"https:\/\/pagead2.googlesyndication.com\/pagead\/js\/adsbygoogle.js?client=ca-pub-2853392113352629\" crossorigin=\"anonymous\"\/>\n    <ins class=\"adsbygoogle\" style=\"display:block\" data-ad-client=\"ca-pub-2853392113352629\" data-ad-slot=\"2925831803\" data-ad-format=\"auto\" data-full-width-responsive=\"true\"\/>\n    <script><![CDATA[\n    (adsbygoogle = window.adsbygoogle || []).push({});\n    ]]><\/script>  <\/p>\n<div class=\"emp\">\n<p>\n            ESTAMOS CONTRATANDO PESPONTADOR OU PESPONTADEIRA COM EXPERIENCIA EM BOLSAS. FAVOR ENTRAR EM CONTATO FALAR COM A NICE 016 99291-9393 OU 016 3727-1070.\n            <\/p>\n<p><strong>Compartilhe:<\/strong><\/p>\n<p>                <img data-recalc-dims=\"1\" loading=\"lazy\" decoding=\"async\" width=\"25\" height=\"25\" src=\"https:\/\/i0.wp.com\/francaclassificados.com\/\/source\/view\/img\/20w50.png?resize=25%2C25&#038;ssl=1\" alt=\"Imagem compartilhar whatsapp\"\/><\/p>\n<p>                <img data-recalc-dims=\"1\" loading=\"lazy\" decoding=\"async\" width=\"25\" height=\"25\" src=\"https:\/\/i0.wp.com\/francaclassificados.com\/\/source\/view\/img\/18w50.png?resize=25%2C25&#038;ssl=1\" alt=\"Imagem compartilhar facebook\"\/><\/p>\n<\/p><\/div>\n<div class=\"emp\">\n<p>\n            ANALISTA DE SUPORTE DE SISTEMA<br \/>Prestar suporte remoto\/ presencial a clientes; -identificar, diagnosticar e resolver problemas de softwares; -implanta\u00e7\u00e3o de sistema e treinamentos, -identificar tend\u00eancias para auxiliar na cria\u00e7\u00e3o de rotinas e relat\u00f3rios de tomada de decis\u00e3o; -Ser comunicativo, proativo e paciente; MANDAR CURRICULO NO EMAIL recrutamento@harus.ind.br\n            <\/p>\n<p><strong>Compartilhe:<\/strong><\/p>\n<p>                <img data-recalc-dims=\"1\" loading=\"lazy\" decoding=\"async\" width=\"25\" height=\"25\" src=\"https:\/\/i0.wp.com\/francaclassificados.com\/\/source\/view\/img\/20w50.png?resize=25%2C25&#038;ssl=1\" alt=\"Imagem compartilhar whatsapp\"\/><\/p>\n<p>                <img data-recalc-dims=\"1\" loading=\"lazy\" decoding=\"async\" width=\"25\" height=\"25\" src=\"https:\/\/i0.wp.com\/francaclassificados.com\/\/source\/view\/img\/18w50.png?resize=25%2C25&#038;ssl=1\" alt=\"Imagem compartilhar facebook\"\/><\/p>\n<\/p><\/div>\n<p>    <script async=\"\" src=\"https:\/\/pagead2.googlesyndication.com\/pagead\/js\/adsbygoogle.js?client=ca-pub-2853392113352629\" crossorigin=\"anonymous\"\/>\n    <ins class=\"adsbygoogle\" style=\"display:block\" data-ad-client=\"ca-pub-2853392113352629\" data-ad-slot=\"2925831803\" data-ad-format=\"auto\" data-full-width-responsive=\"true\"\/>\n    <script><![CDATA[\n    (adsbygoogle = window.adsbygoogle || []).push({});\n    ]]><\/script>  <\/p>\n<div class=\"emp\">\n<p>\n            Contrata - se Vendedor com experi\u00eancia, respons\u00e1vel, boa comunica\u00e7\u00e3o e proatividade. Enviar curr\u00edculo com foto e rede social para o email: contatoimperiomodasfranca@gmail.com\n            <\/p>\n<p><strong>Compartilhe:<\/strong><\/p>\n<p>                <img data-recalc-dims=\"1\" loading=\"lazy\" decoding=\"async\" width=\"25\" height=\"25\" src=\"https:\/\/i0.wp.com\/francaclassificados.com\/\/source\/view\/img\/20w50.png?resize=25%2C25&#038;ssl=1\" alt=\"Imagem compartilhar whatsapp\"\/><\/p>\n<p>                <img data-recalc-dims=\"1\" loading=\"lazy\" decoding=\"async\" width=\"25\" height=\"25\" src=\"https:\/\/i0.wp.com\/francaclassificados.com\/\/source\/view\/img\/18w50.png?resize=25%2C25&#038;ssl=1\" alt=\"Imagem compartilhar facebook\"\/><\/p>\n<\/p><\/div>\n<div class=\"emp\">\n<p>\n            Operador de injetora<br \/>Com experi\u00eancia em injetora monocolor e bicolor, inicio imediato, pessoa que saiba trabalhar em equipe, e seja pro ativo. solados.inje@gmail.com\n            <\/p>\n<p><strong>Compartilhe:<\/strong><\/p>\n<p>                <img data-recalc-dims=\"1\" loading=\"lazy\" decoding=\"async\" width=\"25\" height=\"25\" src=\"https:\/\/i0.wp.com\/francaclassificados.com\/\/source\/view\/img\/20w50.png?resize=25%2C25&#038;ssl=1\" alt=\"Imagem compartilhar whatsapp\"\/><\/p>\n<p>                <img data-recalc-dims=\"1\" loading=\"lazy\" decoding=\"async\" width=\"25\" height=\"25\" src=\"https:\/\/i0.wp.com\/francaclassificados.com\/\/source\/view\/img\/18w50.png?resize=25%2C25&#038;ssl=1\" alt=\"Imagem compartilhar facebook\"\/><\/p>\n<\/p><\/div>\n<p>    <script async=\"\" src=\"https:\/\/pagead2.googlesyndication.com\/pagead\/js\/adsbygoogle.js?client=ca-pub-2853392113352629\" crossorigin=\"anonymous\"\/>\n    <ins class=\"adsbygoogle\" style=\"display:block\" data-ad-client=\"ca-pub-2853392113352629\" data-ad-slot=\"2925831803\" data-ad-format=\"auto\" data-full-width-responsive=\"true\"\/>\n    <script><![CDATA[\n    (adsbygoogle = window.adsbygoogle || []).push({});\n    ]]><\/script>  <\/p>\n<div class=\"emp\">\n<p>\n            Profissional com experi\u00eancia\/conhecimento no setor CONT\u00c1BIL para escrit\u00f3rio de contabilidade. *Oferece: Sal\u00e1rio + Vale Alimenta\u00e7\u00e3o + Premia\u00e7\u00e3o*. Enviar curr\u00edculo para o E-mail: selecao.escritorio123@gmail.com\n            <\/p>\n<p><strong>Compartilhe:<\/strong><\/p>\n<p>                <img data-recalc-dims=\"1\" loading=\"lazy\" decoding=\"async\" width=\"25\" height=\"25\" src=\"https:\/\/i0.wp.com\/francaclassificados.com\/\/source\/view\/img\/20w50.png?resize=25%2C25&#038;ssl=1\" alt=\"Imagem compartilhar whatsapp\"\/><\/p>\n<p>                <img data-recalc-dims=\"1\" loading=\"lazy\" decoding=\"async\" width=\"25\" height=\"25\" src=\"https:\/\/i0.wp.com\/francaclassificados.com\/\/source\/view\/img\/18w50.png?resize=25%2C25&#038;ssl=1\" alt=\"Imagem compartilhar facebook\"\/><\/p>\n<\/p><\/div>\n<div class=\"emp\">\n<p>\n            Auxiliar e Auxiliar de Chapeiro<br \/>Vaga de trabalho para Auxiliar de Cozinha\/Chapeiro sem experi\u00eancia que vai trabalhar em Hamburgueria pr\u00f3ximo a Major Nic\u00e1cio com sal\u00e1rio CLT + V.T + VA + Horas Extras + Treinamento, hor\u00e1rio das 16h as 00h). Auxiliar de Ecommerce para trabalhar em Industrias (temos duas empresas contratando) realizando trafego pago, atendimento p\u00f3s venda e atividades relacionadas (CLT combinar + V.T + Possibilidade de crescimento).<br \/>\n            <br \/>rhdequalidade@gmail.com\n            <\/p>\n<p><strong>Compartilhe:<\/strong><\/p>\n<p>                <img data-recalc-dims=\"1\" loading=\"lazy\" decoding=\"async\" width=\"25\" height=\"25\" src=\"https:\/\/i0.wp.com\/francaclassificados.com\/\/source\/view\/img\/20w50.png?resize=25%2C25&#038;ssl=1\" alt=\"Imagem compartilhar whatsapp\"\/><\/p>\n<p>                <img data-recalc-dims=\"1\" loading=\"lazy\" decoding=\"async\" width=\"25\" height=\"25\" src=\"https:\/\/i0.wp.com\/francaclassificados.com\/\/source\/view\/img\/18w50.png?resize=25%2C25&#038;ssl=1\" alt=\"Imagem compartilhar facebook\"\/><\/p>\n<\/p><\/div>\n<p>    <script async=\"\" src=\"https:\/\/pagead2.googlesyndication.com\/pagead\/js\/adsbygoogle.js?client=ca-pub-2853392113352629\" crossorigin=\"anonymous\"\/>\n    <ins class=\"adsbygoogle\" style=\"display:block\" data-ad-client=\"ca-pub-2853392113352629\" data-ad-slot=\"2925831803\" data-ad-format=\"auto\" data-full-width-responsive=\"true\"\/>\n    <script><![CDATA[\n    (adsbygoogle = window.adsbygoogle || []).push({});\n    ]]><\/script>  <\/p>\n<div class=\"emp\">\n<p>\n            Precisa-se de PRENSEIRO, CILINDREIRO\/BAMBURISTA, diferencial ter EXPERI\u00caNCIA, masculino, inicio imediato, buscamos pessoas respons\u00e1veis, comprometida e que trabalhe em equipe, trabalho de segunda a sexta-feira. envie CURR\u00cdCULO pelo e_mail rhdp@rtmsolados.com.br ou trazer na Rua Alexandre Bittar S\u00e1bio de Mello, n\u00ba 3090 - Distrito Industrial - fone 16 3720 7781 &gt; whatsApp\n            <\/p>\n<p><strong>Compartilhe:<\/strong><\/p>\n<p>                <img data-recalc-dims=\"1\" loading=\"lazy\" decoding=\"async\" width=\"25\" height=\"25\" src=\"https:\/\/i0.wp.com\/francaclassificados.com\/\/source\/view\/img\/20w50.png?resize=25%2C25&#038;ssl=1\" alt=\"Imagem compartilhar whatsapp\"\/><\/p>\n<p>                <img data-recalc-dims=\"1\" loading=\"lazy\" decoding=\"async\" width=\"25\" height=\"25\" src=\"https:\/\/i0.wp.com\/francaclassificados.com\/\/source\/view\/img\/18w50.png?resize=25%2C25&#038;ssl=1\" alt=\"Imagem compartilhar facebook\"\/><\/p>\n<\/p><\/div>\n<div class=\"emp\">\n<p>\n            EXPEDI\u00c7\u00c3O\/ESTOQUE\/CARREGAMENTO<br \/>Contrata\u00e7\u00e3o: Profissional para Expedi\u00e7\u00e3o\/ Estoque. Sexo masculino Trabalho na \u00e1rea de expedi\u00e7\u00e3o embalagem e despacho de produtos,carregamento e descarregamento.,com agilidade . Ser pr\u00f3 ativo,com disponibilidade para iniciar ,acostumado com metas e confian\u00e7a,pegar\u00e1 pesos variados,acostumado com rotina ecommerce. Pessoa respons\u00e1vel . Experi\u00eancia \u00e9 diferencial. Sal\u00e1rio da categoria e segunda a sexta feira hor\u00e1rio comercial. Interessados enviar curriculo para o email: contratacaovagasrh@gmail.com\n            <\/p>\n<p><strong>Compartilhe:<\/strong><\/p>\n<p>                <img data-recalc-dims=\"1\" loading=\"lazy\" decoding=\"async\" width=\"25\" height=\"25\" src=\"https:\/\/i0.wp.com\/francaclassificados.com\/\/source\/view\/img\/20w50.png?resize=25%2C25&#038;ssl=1\" alt=\"Imagem compartilhar whatsapp\"\/><\/p>\n<p>                <img data-recalc-dims=\"1\" loading=\"lazy\" decoding=\"async\" width=\"25\" height=\"25\" src=\"https:\/\/i0.wp.com\/francaclassificados.com\/\/source\/view\/img\/18w50.png?resize=25%2C25&#038;ssl=1\" alt=\"Imagem compartilhar facebook\"\/><\/p>\n<\/p><\/div>\n<p>    <script async=\"\" src=\"https:\/\/pagead2.googlesyndication.com\/pagead\/js\/adsbygoogle.js?client=ca-pub-2853392113352629\" crossorigin=\"anonymous\"\/>\n    <ins class=\"adsbygoogle\" style=\"display:block\" data-ad-client=\"ca-pub-2853392113352629\" data-ad-slot=\"2925831803\" data-ad-format=\"auto\" data-full-width-responsive=\"true\"\/>\n    <script><![CDATA[\n    (adsbygoogle = window.adsbygoogle || []).push({});\n    ]]><\/script>  <\/p>\n<div class=\"emp\">\n<p>\n            PRENSEIRO DE ESTAMPAS (DTF)<br \/>BUSCAMOS PESSOAS PARA PRENSAR ESTAMPAS DTF EM CAMISETAS. N\u00c3O \u00c9 NECESS\u00c1RIO TER EXPERI\u00caNCIA NA \u00c1REA, POIS DISPONIBILIZAREMOS TODO O TREINAMENTO PARA FUN\u00c7\u00c3O. REQUISITOS: ENSINO M\u00c9DIO COMPLETO \/ VONTADE DE APRENDER \/ ORGANIZADO \/ PR\u00d3-ATIVO \/ TER COMPROMETIMENTO. HOR\u00c1RIO: SEGUNDA \u00c1 SEXTA (07H30 \u00c0S 17H30). MEDIA\u00c7\u00d5ES VILA REAL. ENVIAR CURRICULO COM FOTO PARA: adm.recrutamentosd@gmail.com\n            <\/p>\n<p><strong>Compartilhe:<\/strong><\/p>\n<p>                <img data-recalc-dims=\"1\" loading=\"lazy\" decoding=\"async\" width=\"25\" height=\"25\" src=\"https:\/\/i0.wp.com\/francaclassificados.com\/\/source\/view\/img\/20w50.png?resize=25%2C25&#038;ssl=1\" alt=\"Imagem compartilhar whatsapp\"\/><\/p>\n<p>                <img data-recalc-dims=\"1\" loading=\"lazy\" decoding=\"async\" width=\"25\" height=\"25\" src=\"https:\/\/i0.wp.com\/francaclassificados.com\/\/source\/view\/img\/18w50.png?resize=25%2C25&#038;ssl=1\" alt=\"Imagem compartilhar facebook\"\/><\/p>\n<\/p><\/div>\n<div class=\"emp\">\n<p>\n            Estagi\u00e1rio (a) para vendas<br \/>Atividades: \u2022 Vendas de servi\u00e7os \u2022 Atendimento ao cliente (presencial e online) \u2022Comunica\u00e7\u00e3o via WhatsApp e e-mail \u2022 Agendamento de visitas \u2022 Divulga\u00e7\u00e3o de cursos e eventos Requisitos: \u2022 Cursando ensino t\u00e9cnico ou superior (preferencialmente nas \u00e1reas de Administra\u00e7\u00e3o, Marketing, ou afins) \u2022 Boa comunica\u00e7\u00e3o verbal e escrita \u2022 Conhecimento b\u00e1sico em inform\u00e1tica (Pacote Office e ferramentas de comunica\u00e7\u00e3o) Oferecemos: \u2022 Bolsa-aux\u00edlio compat\u00edvel com o mercado<br \/>\n            <br \/>comercial@kriargep.com.br\n            <\/p>\n<p><strong>Compartilhe:<\/strong><\/p>\n<p>                <img data-recalc-dims=\"1\" loading=\"lazy\" decoding=\"async\" width=\"25\" height=\"25\" src=\"https:\/\/i0.wp.com\/francaclassificados.com\/\/source\/view\/img\/20w50.png?resize=25%2C25&#038;ssl=1\" alt=\"Imagem compartilhar whatsapp\"\/><\/p>\n<p>                <img data-recalc-dims=\"1\" loading=\"lazy\" decoding=\"async\" width=\"25\" height=\"25\" src=\"https:\/\/i0.wp.com\/francaclassificados.com\/\/source\/view\/img\/18w50.png?resize=25%2C25&#038;ssl=1\" alt=\"Imagem compartilhar facebook\"\/><\/p>\n<\/p><\/div>\n<p>    <script async=\"\" src=\"https:\/\/pagead2.googlesyndication.com\/pagead\/js\/adsbygoogle.js?client=ca-pub-2853392113352629\" crossorigin=\"anonymous\"\/>\n    <ins class=\"adsbygoogle\" style=\"display:block\" data-ad-client=\"ca-pub-2853392113352629\" data-ad-slot=\"2925831803\" data-ad-format=\"auto\" data-full-width-responsive=\"true\"\/>\n    <script><![CDATA[\n    (adsbygoogle = window.adsbygoogle || []).push({});\n    ]]><\/script>  <\/p>\n<div class=\"emp\">\n<p>\n            EMPRESA CONFEC\u00c7\u00c3O CONTRATA<br \/>Vaga 1: EXPEDIDOR DE MERCADORIAS com experi\u00eancia em estoque. Vaga 2: SUPORTE TECNICO para implanta\u00e7\u00e3o de sistema ERP. Vaga 3: AUXILIAR DE COSTURA para cortar vi\u00e9s e aplicar transfer. Enviar curr\u00edculo com o nome da vaga para o email: rhcontrata588@gmail.com\n            <\/p>\n<p><strong>Compartilhe:<\/strong><\/p>\n<p>                <img data-recalc-dims=\"1\" loading=\"lazy\" decoding=\"async\" width=\"25\" height=\"25\" src=\"https:\/\/i0.wp.com\/francaclassificados.com\/\/source\/view\/img\/20w50.png?resize=25%2C25&#038;ssl=1\" alt=\"Imagem compartilhar whatsapp\"\/><\/p>\n<p>                <img data-recalc-dims=\"1\" loading=\"lazy\" decoding=\"async\" width=\"25\" height=\"25\" src=\"https:\/\/i0.wp.com\/francaclassificados.com\/\/source\/view\/img\/18w50.png?resize=25%2C25&#038;ssl=1\" alt=\"Imagem compartilhar facebook\"\/><\/p>\n<\/p><\/div>\n<div class=\"emp\">\n<p>\n            Estagi\u00e1rio Depto Financeiro<br \/>A Empresa \u00c1gere BPO Financeiro, pertencente ao Grupo Peixoto e Gomes contrata: Estagi\u00e1rio (a) para o Departamento Financeiro.<br \/>Requisitos: estar cursando T\u00e9cnico\/Superior em Gest\u00e3o Financeira, Administra\u00e7\u00e3o ou \u00e1reas afins.<br \/>Ser proativo (a), organizado (a), atencioso (a), comprometido (a) e com facilidade para trabalhar em equipe.<br \/>rh@peixotoegomes.com.br\n            <\/p>\n<p><strong>Compartilhe:<\/strong><\/p>\n<p>                <img data-recalc-dims=\"1\" loading=\"lazy\" decoding=\"async\" width=\"25\" height=\"25\" src=\"https:\/\/i0.wp.com\/francaclassificados.com\/\/source\/view\/img\/20w50.png?resize=25%2C25&#038;ssl=1\" alt=\"Imagem compartilhar whatsapp\"\/><\/p>\n<p>                <img data-recalc-dims=\"1\" loading=\"lazy\" decoding=\"async\" width=\"25\" height=\"25\" src=\"https:\/\/i0.wp.com\/francaclassificados.com\/\/source\/view\/img\/18w50.png?resize=25%2C25&#038;ssl=1\" alt=\"Imagem compartilhar facebook\"\/><\/p>\n<\/p><\/div>\n<p>    <img data-recalc-dims=\"1\" decoding=\"async\" src=\"https:\/\/i0.wp.com\/francaclassificados.com\/\/source\/view\/img\/anun6.png?ssl=1\" class=\"img-fluid pub\" alt=\"Imagem publicidade\"\/><\/p>\n<p>\n    <script async=\"\" src=\"https:\/\/pagead2.googlesyndication.com\/pagead\/js\/adsbygoogle.js?client=ca-pub-2853392113352629\" crossorigin=\"anonymous\"\/> <!--block 2-->\n    <ins class=\"adsbygoogle\" style=\"display:block\" data-ad-format=\"autorelaxed\" data-ad-client=\"ca-pub-2853392113352629\" data-ad-slot=\"3674222755\"\/>\n    <script><![CDATA[\n    (adsbygoogle = window.adsbygoogle || []).push({});\n    ]]><\/script><br \/>\n    \n<\/div>\n<div class='code-block code-block-4' style='margin: 8px auto 8px 0; text-align: left; display: block; clear: both;'>\n\ud83d\udce2 Aviso Legal\n\nO site ismaelcolosi.com.br atua apenas como um canal de divulga\u00e7\u00e3o de oportunidades de emprego e n\u00e3o se responsabiliza pelo processo seletivo, contrata\u00e7\u00e3o ou qualquer outra etapa relacionada \u00e0s vagas publicadas. Todas as informa\u00e7\u00f5es s\u00e3o de responsabilidade dos anunciantes.\n\n\u26a0\ufe0f Aten\u00e7\u00e3o! Nunca pague por promessas de emprego nem compre cursos que garantam contrata\u00e7\u00e3o. Desconfie de qualquer cobran\u00e7a para participar de sele\u00e7\u00f5es.\n\n\n\n<\/div>\n<!-- CONTENT END 1 -->\n","protected":false},"excerpt":{"rendered":"<p>RecepcionistaCarism\u00e1tica, resiliente, saber lidar bem com sistemas, agenda de aulas, atendimento ao cliente.Hor\u00e1rio: Seg a Sex das 12h \u00e0s 21h, S\u00e1bados das 8h as 12hSal\u00e1rio&#8230;<\/p>\n","protected":false},"author":1,"featured_media":58730,"comment_status":"open","ping_status":"open","sticky":false,"template":"","format":"standard","meta":{"_uag_custom_page_level_css":"","advanced_seo_description":"","jetpack_seo_html_title":"","jetpack_seo_noindex":false,"jetpack_post_was_ever_published":false,"_jetpack_newsletter_access":"","_jetpack_dont_email_post_to_subs":false,"_jetpack_newsletter_tier_id":0,"_jetpack_memberships_contains_paywalled_content":false,"_jetpack_memberships_contains_paid_content":false,"footnotes":"","jetpack_publicize_message":"","jetpack_publicize_feature_enabled":true,"jetpack_social_post_already_shared":true,"jetpack_social_options":{"image_generator_settings":{"template":"highway","default_image_id":0,"font":"","enabled":false},"version":2}},"categories":[7],"tags":[],"class_list":["post-58729","post","type-post","status-publish","format-standard","has-post-thumbnail","hentry","category-vagas-de-empregos-em-ribeirao-preto-regiao-brasil"],"jetpack_publicize_connections":[],"jetpack_featured_media_url":"https:\/\/i0.wp.com\/ismaelcolosi.com.br\/wp-content\/uploads\/2024\/08\/1722600833_vagas2Bemprego2Bismael2Bcolosi2B2020.jpeg?fit=651%2C447&ssl=1","uagb_featured_image_src":{"full":["https:\/\/i0.wp.com\/ismaelcolosi.com.br\/wp-content\/uploads\/2024\/08\/1722600833_vagas2Bemprego2Bismael2Bcolosi2B2020.jpeg?fit=651%2C447&ssl=1",651,447,false],"thumbnail":["https:\/\/i0.wp.com\/ismaelcolosi.com.br\/wp-content\/uploads\/2024\/08\/1722600833_vagas2Bemprego2Bismael2Bcolosi2B2020.jpeg?resize=150%2C150&ssl=1",150,150,true],"medium":["https:\/\/i0.wp.com\/ismaelcolosi.com.br\/wp-content\/uploads\/2024\/08\/1722600833_vagas2Bemprego2Bismael2Bcolosi2B2020.jpeg?fit=300%2C206&ssl=1",300,206,true],"medium_large":["https:\/\/i0.wp.com\/ismaelcolosi.com.br\/wp-content\/uploads\/2024\/08\/1722600833_vagas2Bemprego2Bismael2Bcolosi2B2020.jpeg?fit=651%2C447&ssl=1",651,447,true],"large":["https:\/\/i0.wp.com\/ismaelcolosi.com.br\/wp-content\/uploads\/2024\/08\/1722600833_vagas2Bemprego2Bismael2Bcolosi2B2020.jpeg?fit=651%2C447&ssl=1",651,447,true],"1536x1536":["https:\/\/i0.wp.com\/ismaelcolosi.com.br\/wp-content\/uploads\/2024\/08\/1722600833_vagas2Bemprego2Bismael2Bcolosi2B2020.jpeg?fit=651%2C447&ssl=1",651,447,true],"2048x2048":["https:\/\/i0.wp.com\/ismaelcolosi.com.br\/wp-content\/uploads\/2024\/08\/1722600833_vagas2Bemprego2Bismael2Bcolosi2B2020.jpeg?fit=651%2C447&ssl=1",651,447,true],"really-simple-thumb":["https:\/\/i0.wp.com\/ismaelcolosi.com.br\/wp-content\/uploads\/2024\/08\/1722600833_vagas2Bemprego2Bismael2Bcolosi2B2020.jpeg?resize=370%2C247&ssl=1",370,247,true]},"uagb_author_info":{"display_name":"ismaelcolosi.com.br","author_link":"https:\/\/ismaelcolosi.com.br\/index.php\/author\/vidareal-online\/"},"uagb_comment_info":0,"uagb_excerpt":"RecepcionistaCarism\u00e1tica, resiliente, saber lidar bem com sistemas, agenda de aulas, atendimento ao cliente.Hor\u00e1rio: Seg a Sex das 12h \u00e0s 21h, S\u00e1bados das 8h as 12hSal\u00e1rio...","jetpack-related-posts":[{"id":55534,"url":"https:\/\/ismaelcolosi.com.br\/index.php\/2024\/07\/03\/1o-feirao-das-entrevistas-100-vagas-para-atendente-de-restaurante-com-entrevistas-no-local-e-inicio-imediato\/","url_meta":{"origin":58729,"position":0},"title":"1\u00ba Feir\u00e3o das Entrevistas: 100 Vagas para Atendente de Restaurante com Entrevistas no Local e In\u00edcio Imediato!","author":"ismaelcolosi.com.br","date":"3 de July de 2024","format":false,"excerpt":"1\u00ba Feir\u00e3o das Entrevistas: 100 Vagas para Atendente de Restaurante com Entrevistas no Local e In\u00edcio Imediato! Ribeir\u00e3o Preto, SP - No dia 5 de julho, o Cal\u00e7ad\u00e3o de Ribeir\u00e3o Preto vai sediar o 1\u00ba Feir\u00e3o das Entrevistas, organizado e realizado pelo Instituto Brasileiro do Emprego e Empreendedorismo - iBEE.\u2026","rel":"","context":"In &quot;Vagas de Emprego em Ribeir\u00e3o Preto-SP&quot;","block_context":{"text":"Vagas de Emprego em Ribeir\u00e3o Preto-SP","link":"https:\/\/ismaelcolosi.com.br\/index.php\/category\/empregos-classificados-vagas-trabalho\/vagas-de-empregos-em-ribeirao-preto-regiao-brasil\/"},"img":{"alt_text":"","src":"https:\/\/i0.wp.com\/ismaelcolosi.com.br\/wp-content\/uploads\/2024\/07\/HIRING-AD-6-Feito-com-PosterMyWall.jpg?fit=1080%2C1080&ssl=1&resize=350%2C200","width":350,"height":200,"srcset":"https:\/\/i0.wp.com\/ismaelcolosi.com.br\/wp-content\/uploads\/2024\/07\/HIRING-AD-6-Feito-com-PosterMyWall.jpg?fit=1080%2C1080&ssl=1&resize=350%2C200 1x, https:\/\/i0.wp.com\/ismaelcolosi.com.br\/wp-content\/uploads\/2024\/07\/HIRING-AD-6-Feito-com-PosterMyWall.jpg?fit=1080%2C1080&ssl=1&resize=525%2C300 1.5x, https:\/\/i0.wp.com\/ismaelcolosi.com.br\/wp-content\/uploads\/2024\/07\/HIRING-AD-6-Feito-com-PosterMyWall.jpg?fit=1080%2C1080&ssl=1&resize=700%2C400 2x, https:\/\/i0.wp.com\/ismaelcolosi.com.br\/wp-content\/uploads\/2024\/07\/HIRING-AD-6-Feito-com-PosterMyWall.jpg?fit=1080%2C1080&ssl=1&resize=1050%2C600 3x"},"classes":[]},{"id":48781,"url":"https:\/\/ismaelcolosi.com.br\/index.php\/2024\/05\/06\/ribeirao-preto-tem-mutirao-de-emprego-com-mais-de-300-vagas-saiba-mais\/","url_meta":{"origin":58729,"position":1},"title":"Ribeir\u00e3o Preto tem mutir\u00e3o de emprego com mais de 300 vagas; Saiba mais","author":"ismaelcolosi.com.br","date":"6 de May de 2024","format":false,"excerpt":"A Prefeitura de Ribeir\u00e3o Preto realiza nesta quarta-feira (8) um \u201cMutir\u00e3o de Emprego\u201d com mais de 300 vagas. A a\u00e7\u00e3o ser\u00e1 no Terminal Rodovi\u00e1rio, que fica na avenida Jer\u00f4nimo Gon\u00e7alves, 640, das 9h \u00e0s 12h. Os interessados em concorrer a uma das vagas, que v\u00e3o desde est\u00e1gios at\u00e9 recoloca\u00e7\u00e3o no\u2026","rel":"","context":"In &quot;Not\u00edcias de Ribeir\u00e3o Preto-SP e Regi\u00e3o&quot;","block_context":{"text":"Not\u00edcias de Ribeir\u00e3o Preto-SP e Regi\u00e3o","link":"https:\/\/ismaelcolosi.com.br\/index.php\/category\/noticias-de-ribeirao-preto-sp-e-regiao-ismael-colosi\/"},"img":{"alt_text":"","src":"https:\/\/i0.wp.com\/ismaelcolosi.com.br\/wp-content\/uploads\/2024\/05\/closeup-de-candidato-a-emprego-dando-seu-curriculo-durante-a-entrevista-de-emprego-no-escritorio-scaled.jpg?fit=1200%2C800&ssl=1&resize=350%2C200","width":350,"height":200,"srcset":"https:\/\/i0.wp.com\/ismaelcolosi.com.br\/wp-content\/uploads\/2024\/05\/closeup-de-candidato-a-emprego-dando-seu-curriculo-durante-a-entrevista-de-emprego-no-escritorio-scaled.jpg?fit=1200%2C800&ssl=1&resize=350%2C200 1x, https:\/\/i0.wp.com\/ismaelcolosi.com.br\/wp-content\/uploads\/2024\/05\/closeup-de-candidato-a-emprego-dando-seu-curriculo-durante-a-entrevista-de-emprego-no-escritorio-scaled.jpg?fit=1200%2C800&ssl=1&resize=525%2C300 1.5x, https:\/\/i0.wp.com\/ismaelcolosi.com.br\/wp-content\/uploads\/2024\/05\/closeup-de-candidato-a-emprego-dando-seu-curriculo-durante-a-entrevista-de-emprego-no-escritorio-scaled.jpg?fit=1200%2C800&ssl=1&resize=700%2C400 2x, https:\/\/i0.wp.com\/ismaelcolosi.com.br\/wp-content\/uploads\/2024\/05\/closeup-de-candidato-a-emprego-dando-seu-curriculo-durante-a-entrevista-de-emprego-no-escritorio-scaled.jpg?fit=1200%2C800&ssl=1&resize=1050%2C600 3x"},"classes":[]},{"id":5384,"url":"https:\/\/ismaelcolosi.com.br\/index.php\/2023\/11\/23\/50-vagas-de-emprego-para-trabalhar-de-casa-na-area-de-atendimento-ao-cliente-sac-vagas-home-office-clique-em-candidatar-5\/","url_meta":{"origin":58729,"position":2},"title":"50 vagas de emprego para trabalhar de casa na \u00e1rea de Atendimento ao Cliente &#8211; SAC. Vagas Home Office, clique em candidatar","author":"ismaelcolosi.com.br","date":"23 de November de 2023","format":false,"excerpt":"Atendimento E Cota\u00e7\u00e3o EMPLOY Brasil SAC Publicado h\u00e1 5 dias Candidatar Home Office \u2013 Atendente Comercial \u2013 (WP) Indispon\u00edvel Brasil SAC Publicado h\u00e1 5 dias Candidatar Customer Experience (CX) PL Sicredi Porto Alegre - RS SAC Publicado h\u00e1 6 dias Candidatar Atendente \u2013 Assessoria e Consultoria \u2013 R$ 1.500,00 \u2013\u2026","rel":"","context":"In &quot;Vagas de Emprego Remoto - Home Office&quot;","block_context":{"text":"Vagas de Emprego Remoto - Home Office","link":"https:\/\/ismaelcolosi.com.br\/index.php\/category\/empregos-classificados-vagas-trabalho\/vagas-de-empregos-em-ribeirao-preto-regiao-brasil\/vagas-de-emprego-para-trabalhar-de-casa-home-office-remoto\/"},"img":{"alt_text":"","src":"https:\/\/i0.wp.com\/ismaelcolosi.com.br\/wp-content\/uploads\/2023\/11\/1700761306_sac-20.jpg?fit=1000%2C1000&ssl=1&resize=350%2C200","width":350,"height":200,"srcset":"https:\/\/i0.wp.com\/ismaelcolosi.com.br\/wp-content\/uploads\/2023\/11\/1700761306_sac-20.jpg?fit=1000%2C1000&ssl=1&resize=350%2C200 1x, https:\/\/i0.wp.com\/ismaelcolosi.com.br\/wp-content\/uploads\/2023\/11\/1700761306_sac-20.jpg?fit=1000%2C1000&ssl=1&resize=525%2C300 1.5x, https:\/\/i0.wp.com\/ismaelcolosi.com.br\/wp-content\/uploads\/2023\/11\/1700761306_sac-20.jpg?fit=1000%2C1000&ssl=1&resize=700%2C400 2x"},"classes":[]},{"id":71024,"url":"https:\/\/ismaelcolosi.com.br\/index.php\/2024\/10\/14\/mutirao-com-mais-de-12-mil-vagas-de-emprego-acontece-em-ribeirao-preto\/","url_meta":{"origin":58729,"position":3},"title":"Mutir\u00e3o com mais de 1,2 mil vagas de emprego acontece em Ribeir\u00e3o Preto","author":"ismaelcolosi.com.br","date":"14 de October de 2024","format":false,"excerpt":"Um mutir\u00e3o do emprego com mais de 1,2 mil vagas acontece nesta quarta-feira (16), das 9h \u00e0s 12h, no Terminal Rodovi\u00e1rio de Ribeir\u00e3o Preto, regi\u00e3o central do munic\u00edpio. Ser\u00e3o disponibilizadas oportunidades para aqueles que buscam ingressar ou se recolocar no mercado de trabalho. A iniciativa tem parceria com empresas de\u2026","rel":"","context":"In &quot;Not\u00edcias de Ribeir\u00e3o Preto-SP e Regi\u00e3o&quot;","block_context":{"text":"Not\u00edcias de Ribeir\u00e3o Preto-SP e Regi\u00e3o","link":"https:\/\/ismaelcolosi.com.br\/index.php\/category\/noticias-de-ribeirao-preto-sp-e-regiao-ismael-colosi\/"},"img":{"alt_text":"","src":"https:\/\/i0.wp.com\/ismaelcolosi.com.br\/wp-content\/uploads\/2024\/10\/WhatsApp-Image-2023-12-21-at-16.11.23.jpeg?fit=1200%2C800&ssl=1&resize=350%2C200","width":350,"height":200,"srcset":"https:\/\/i0.wp.com\/ismaelcolosi.com.br\/wp-content\/uploads\/2024\/10\/WhatsApp-Image-2023-12-21-at-16.11.23.jpeg?fit=1200%2C800&ssl=1&resize=350%2C200 1x, https:\/\/i0.wp.com\/ismaelcolosi.com.br\/wp-content\/uploads\/2024\/10\/WhatsApp-Image-2023-12-21-at-16.11.23.jpeg?fit=1200%2C800&ssl=1&resize=525%2C300 1.5x, https:\/\/i0.wp.com\/ismaelcolosi.com.br\/wp-content\/uploads\/2024\/10\/WhatsApp-Image-2023-12-21-at-16.11.23.jpeg?fit=1200%2C800&ssl=1&resize=700%2C400 2x, https:\/\/i0.wp.com\/ismaelcolosi.com.br\/wp-content\/uploads\/2024\/10\/WhatsApp-Image-2023-12-21-at-16.11.23.jpeg?fit=1200%2C800&ssl=1&resize=1050%2C600 3x"},"classes":[]},{"id":54327,"url":"https:\/\/ismaelcolosi.com.br\/index.php\/2024\/06\/24\/ribeirao-preto-tem-72-vagas-de-emprego-no-inicio-desta-semana-veja-como-concorrer\/","url_meta":{"origin":58729,"position":4},"title":"Ribeir\u00e3o Preto tem 72 vagas de emprego no in\u00edcio desta semana; Veja como concorrer","author":"ismaelcolosi.com.br","date":"24 de June de 2024","format":false,"excerpt":"O Caterp (Centro de Apoio ao Trabalhador e Empreendedor de Ribeir\u00e3o Preto) est\u00e1 com 72 vagas de emprego nesta segunda-feira (24). Entre as vagas dispon\u00edveis est\u00e3o: a\u00e7ougueiro, balconista, gar\u00e7om, promotor de vendas, recepcionista, entre outras. Os interessados devem comparecer ao Caterp, das 8h \u00e0s 11h30 e das 13h \u00e0s 16h,\u2026","rel":"","context":"In &quot;Not\u00edcias de Ribeir\u00e3o Preto-SP e Regi\u00e3o&quot;","block_context":{"text":"Not\u00edcias de Ribeir\u00e3o Preto-SP e Regi\u00e3o","link":"https:\/\/ismaelcolosi.com.br\/index.php\/category\/noticias-de-ribeirao-preto-sp-e-regiao-ismael-colosi\/"},"img":{"alt_text":"","src":"https:\/\/i0.wp.com\/ismaelcolosi.com.br\/wp-content\/uploads\/2024\/04\/AnyConv.com__trabalho_carteira_digital_-_foto_guilherme_sircili_3004.webp.webp?fit=1200%2C799&ssl=1&resize=350%2C200","width":350,"height":200,"srcset":"https:\/\/i0.wp.com\/ismaelcolosi.com.br\/wp-content\/uploads\/2024\/04\/AnyConv.com__trabalho_carteira_digital_-_foto_guilherme_sircili_3004.webp.webp?fit=1200%2C799&ssl=1&resize=350%2C200 1x, https:\/\/i0.wp.com\/ismaelcolosi.com.br\/wp-content\/uploads\/2024\/04\/AnyConv.com__trabalho_carteira_digital_-_foto_guilherme_sircili_3004.webp.webp?fit=1200%2C799&ssl=1&resize=525%2C300 1.5x, https:\/\/i0.wp.com\/ismaelcolosi.com.br\/wp-content\/uploads\/2024\/04\/AnyConv.com__trabalho_carteira_digital_-_foto_guilherme_sircili_3004.webp.webp?fit=1200%2C799&ssl=1&resize=700%2C400 2x, https:\/\/i0.wp.com\/ismaelcolosi.com.br\/wp-content\/uploads\/2024\/04\/AnyConv.com__trabalho_carteira_digital_-_foto_guilherme_sircili_3004.webp.webp?fit=1200%2C799&ssl=1&resize=1050%2C600 3x"},"classes":[]},{"id":59711,"url":"https:\/\/ismaelcolosi.com.br\/index.php\/2024\/08\/12\/mutirao-de-emprego-oferecera-20-mil-vagas-em-sp-ate-sexta-feira\/","url_meta":{"origin":58729,"position":5},"title":"Mutir\u00e3o de emprego oferecer\u00e1 20 mil vagas em SP at\u00e9\u00a0sexta-feira","author":"ismaelcolosi.com.br","date":"12 de August de 2024","format":false,"excerpt":"Da reda\u00e7\u00e3oi Da reda\u00e7\u00e3o 12\/08\/2024 - 8:39 Nesta segunda-feira, 12, a UGT (Uni\u00e3o Geral dos Trabalhadores) abriu um mutir\u00e3o de emprego\u00a0com o apoio de diversas empresas, que acontecer\u00e1 at\u00e9 o dia 16 de agosto.O evento ocorrer\u00e1 na regi\u00e3o central da cidade de S\u00e3o Paulo, na sede do Sindicato dos Comerci\u00e1rios\u2026","rel":"","context":"In &quot;Empregos - Classificados&quot;","block_context":{"text":"Empregos - Classificados","link":"https:\/\/ismaelcolosi.com.br\/index.php\/category\/empregos-classificados-vagas-trabalho\/"},"img":{"alt_text":"","src":"https:\/\/i0.wp.com\/ismaelcolosi.com.br\/wp-content\/uploads\/2024\/08\/emprego.jpg?fit=993%2C629&ssl=1&resize=350%2C200","width":350,"height":200,"srcset":"https:\/\/i0.wp.com\/ismaelcolosi.com.br\/wp-content\/uploads\/2024\/08\/emprego.jpg?fit=993%2C629&ssl=1&resize=350%2C200 1x, https:\/\/i0.wp.com\/ismaelcolosi.com.br\/wp-content\/uploads\/2024\/08\/emprego.jpg?fit=993%2C629&ssl=1&resize=525%2C300 1.5x, https:\/\/i0.wp.com\/ismaelcolosi.com.br\/wp-content\/uploads\/2024\/08\/emprego.jpg?fit=993%2C629&ssl=1&resize=700%2C400 2x"},"classes":[]}],"jetpack_sharing_enabled":true,"jetpack_shortlink":"https:\/\/wp.me\/pfMlyK-fhf","_links":{"self":[{"href":"https:\/\/ismaelcolosi.com.br\/index.php\/wp-json\/wp\/v2\/posts\/58729","targetHints":{"allow":["GET"]}}],"collection":[{"href":"https:\/\/ismaelcolosi.com.br\/index.php\/wp-json\/wp\/v2\/posts"}],"about":[{"href":"https:\/\/ismaelcolosi.com.br\/index.php\/wp-json\/wp\/v2\/types\/post"}],"author":[{"embeddable":true,"href":"https:\/\/ismaelcolosi.com.br\/index.php\/wp-json\/wp\/v2\/users\/1"}],"replies":[{"embeddable":true,"href":"https:\/\/ismaelcolosi.com.br\/index.php\/wp-json\/wp\/v2\/comments?post=58729"}],"version-history":[{"count":0,"href":"https:\/\/ismaelcolosi.com.br\/index.php\/wp-json\/wp\/v2\/posts\/58729\/revisions"}],"wp:featuredmedia":[{"embeddable":true,"href":"https:\/\/ismaelcolosi.com.br\/index.php\/wp-json\/wp\/v2\/media\/58730"}],"wp:attachment":[{"href":"https:\/\/ismaelcolosi.com.br\/index.php\/wp-json\/wp\/v2\/media?parent=58729"}],"wp:term":[{"taxonomy":"category","embeddable":true,"href":"https:\/\/ismaelcolosi.com.br\/index.php\/wp-json\/wp\/v2\/categories?post=58729"},{"taxonomy":"post_tag","embeddable":true,"href":"https:\/\/ismaelcolosi.com.br\/index.php\/wp-json\/wp\/v2\/tags?post=58729"}],"curies":[{"name":"wp","href":"https:\/\/api.w.org\/{rel}","templated":true}]}}