{"id":58721,"date":"2024-08-02T08:40:42","date_gmt":"2024-08-02T11:40:42","guid":{"rendered":"https:\/\/ismaelcolosi.com.br\/index.php\/2024\/08\/02\/ciclista-fica-gravemente-ferido-apos-ser-atropelado-por-carro-em-ribeirao-preto\/"},"modified":"2024-08-02T08:40:42","modified_gmt":"2024-08-02T11:40:42","slug":"ciclista-fica-gravemente-ferido-apos-ser-atropelado-por-carro-em-ribeirao-preto","status":"publish","type":"post","link":"https:\/\/ismaelcolosi.com.br\/index.php\/2024\/08\/02\/ciclista-fica-gravemente-ferido-apos-ser-atropelado-por-carro-em-ribeirao-preto\/","title":{"rendered":"Ciclista fica gravemente ferido ap\u00f3s ser atropelado por carro em Ribeir\u00e3o Preto"},"content":{"rendered":"<p> <br \/>\n<\/p>\n<div data-td-block-uid=\"tdi_106\">\n<div class=\"tdb-block-inner td-fix-index\">\n<p><strong>Um ciclista ficou gravemente ferido na manh\u00e3 desta sexta-feira (2), ap\u00f3s ser atropelado por um carro na rotat\u00f3ria da avenida Castelo Branco, na zona Leste de Ribeir\u00e3o Preto.<\/strong><\/p>\n<p>Segundo as primeiras informa\u00e7\u00f5es, a bicicleta foi atingida na traseira, no acesso para a avenida Treze de Maio, e acabou arremessada no canteiro da rotat\u00f3ria.<\/p>\n<p>Ainda conforme as informa\u00e7\u00f5es, a v\u00edtima apresentava traumatismo craniano e fratura em um dos bra\u00e7os, e recebeu os primeiros socorros prestados pelo Samu. O ciclista foi encaminhado a um hospital particular. <\/p>\n<p>Colegas de trabalho disseram que ele havia acabado de sair de um atacado nas proximidades, onde atua no turno da noite.<\/p>\n<p>H\u00e1 interdi\u00e7\u00e3o na faixa da direita para o motorista que chega pela Castelo Branco no sentido \u00e0 Treze de Maio. O acesso para quem vem da avenida Maria de Jesus Condeixa no sentido \u00e0 Treze est\u00e1 fechado.<\/p>\n<p>No local h\u00e1 equipes da RP Mobi e PM (Pol\u00edcia Militar).<\/p>\n<p>As causas, por\u00e9m, ainda dever\u00e3o ser apuradas pela Pol\u00edcia Civil. (Com CBN Ribeir\u00e3o Preto)<\/p>\n<blockquote class=\"instagram-media\" data-instgrm-permalink=\"https:\/\/www.instagram.com\/reel\/C-KlF3AOvHk\/?utm_source=ig_embed&amp;utm_campaign=loading\" data-instgrm-version=\"14\" style=\" background:#FFF; border:0; border-radius:3px; box-shadow:0 0 1px 0 rgba(0,0,0,0.5),0 1px 10px 0 rgba(0,0,0,0.15); margin: 1px; max-width:540px; min-width:326px; padding:0; width:99.375%; width:-webkit-calc(100% - 2px); width:calc(100% - 2px);\"\/>\n<p>SAIBA MAIS<\/p>\n<p>Inmet faz novo alerta de perigo potencial ao interior de SP; Veja cidades afetadas<\/p>\n<h4 class=\"wp-block-heading\"><strong>FIQUE ON<\/strong><\/h4>\n<p>Fique ligado em tudo que acontece em Ribeir\u00e3o Preto e regi\u00e3o. Siga os perfis do\u00a0<strong>acidade on\u00a0<\/strong>no\u00a0<a href=\"https:\/\/www.instagram.com\/acidadeonribeirao\" target=\"_blank\" rel=\"noreferrer noopener\">Instagram<\/a>\u00a0e no\u00a0<a href=\"https:\/\/www.facebook.com\/acidadeonribeirao\" target=\"_blank\" rel=\"noreferrer noopener\">Facebook<\/a>.<\/p>\n<p>Receba not\u00edcias do acidade on no WhatsApp. Para entrar no grupo, basta\u00a0<a href=\"https:\/\/chat.whatsapp.com\/Dtv9mxhy6V5BJBotM2OQ5k\" target=\"_blank\" rel=\"noreferrer noopener\">clicar aqui<\/a>.<\/p>\n<p>Fa\u00e7a uma den\u00fancia ou sugira uma reportagem sobre Ribeir\u00e3o Preto e regi\u00e3o pelo WhatsApp: 16 99117 7802.<\/p>\n<p>VEJA TAMB\u00c9M<\/p>\n<p>\u00c1rea de soja no Brasil cresce 1,5%, em compara\u00e7\u00e3o com 2023\/24<\/p>\n<p><!-- CONTENT END 3 -->\n<\/div>\n<\/div>\n<p><script async src=\"\/\/www.instagram.com\/embed.js\"><\/script><br \/>\n<br \/><br \/>\n<br \/><a href=\"https:\/\/www.acidadeon.com\/ribeiraopreto\/cotidiano\/ciclista-fica-gravemente-ferido-apos-ser-atropelado-por-carro-em-ribeirao-preto\/\">Source link <\/a><\/p>\n","protected":false},"excerpt":{"rendered":"<p>Um ciclista ficou gravemente ferido na manh\u00e3 desta sexta-feira (2), ap\u00f3s ser atropelado por um carro na rotat\u00f3ria da avenida Castelo Branco, na zona Leste&#8230;<\/p>\n","protected":false},"author":1,"featured_media":58722,"comment_status":"open","ping_status":"open","sticky":false,"template":"","format":"standard","meta":{"_uag_custom_page_level_css":"","advanced_seo_description":"","jetpack_seo_html_title":"","jetpack_seo_noindex":false,"jetpack_post_was_ever_published":false,"_jetpack_newsletter_access":"","_jetpack_dont_email_post_to_subs":false,"_jetpack_newsletter_tier_id":0,"_jetpack_memberships_contains_paywalled_content":false,"_jetpack_memberships_contains_paid_content":false,"footnotes":"","jetpack_publicize_message":"","jetpack_publicize_feature_enabled":true,"jetpack_social_post_already_shared":true,"jetpack_social_options":{"image_generator_settings":{"template":"highway","default_image_id":0,"font":"","enabled":false},"version":2}},"categories":[11],"tags":[],"class_list":["post-58721","post","type-post","status-publish","format-standard","has-post-thumbnail","hentry","category-noticias-de-ribeirao-preto-sp-e-regiao-ismael-colosi"],"jetpack_publicize_connections":[],"jetpack_featured_media_url":"https:\/\/i0.wp.com\/ismaelcolosi.com.br\/wp-content\/uploads\/2024\/08\/ATROPELAMENTO_2024-08-02_11-17-23_jpg_2024-08-02_11-17-24.webp.webp?fit=2000%2C1184&ssl=1","uagb_featured_image_src":{"full":["https:\/\/i0.wp.com\/ismaelcolosi.com.br\/wp-content\/uploads\/2024\/08\/ATROPELAMENTO_2024-08-02_11-17-23_jpg_2024-08-02_11-17-24.webp.webp?fit=2000%2C1184&ssl=1",2000,1184,false],"thumbnail":["https:\/\/i0.wp.com\/ismaelcolosi.com.br\/wp-content\/uploads\/2024\/08\/ATROPELAMENTO_2024-08-02_11-17-23_jpg_2024-08-02_11-17-24.webp.webp?resize=150%2C150&ssl=1",150,150,true],"medium":["https:\/\/i0.wp.com\/ismaelcolosi.com.br\/wp-content\/uploads\/2024\/08\/ATROPELAMENTO_2024-08-02_11-17-23_jpg_2024-08-02_11-17-24.webp.webp?fit=300%2C178&ssl=1",300,178,true],"medium_large":["https:\/\/i0.wp.com\/ismaelcolosi.com.br\/wp-content\/uploads\/2024\/08\/ATROPELAMENTO_2024-08-02_11-17-23_jpg_2024-08-02_11-17-24.webp.webp?fit=768%2C455&ssl=1",768,455,true],"large":["https:\/\/i0.wp.com\/ismaelcolosi.com.br\/wp-content\/uploads\/2024\/08\/ATROPELAMENTO_2024-08-02_11-17-23_jpg_2024-08-02_11-17-24.webp.webp?fit=1024%2C606&ssl=1",1024,606,true],"1536x1536":["https:\/\/i0.wp.com\/ismaelcolosi.com.br\/wp-content\/uploads\/2024\/08\/ATROPELAMENTO_2024-08-02_11-17-23_jpg_2024-08-02_11-17-24.webp.webp?fit=1536%2C909&ssl=1",1536,909,true],"2048x2048":["https:\/\/i0.wp.com\/ismaelcolosi.com.br\/wp-content\/uploads\/2024\/08\/ATROPELAMENTO_2024-08-02_11-17-23_jpg_2024-08-02_11-17-24.webp.webp?fit=2000%2C1184&ssl=1",2000,1184,true],"really-simple-thumb":["https:\/\/i0.wp.com\/ismaelcolosi.com.br\/wp-content\/uploads\/2024\/08\/ATROPELAMENTO_2024-08-02_11-17-23_jpg_2024-08-02_11-17-24.webp.webp?resize=370%2C247&ssl=1",370,247,true]},"uagb_author_info":{"display_name":"ismaelcolosi.com.br","author_link":"https:\/\/ismaelcolosi.com.br\/index.php\/author\/vidareal-online\/"},"uagb_comment_info":0,"uagb_excerpt":"Um ciclista ficou gravemente ferido na manh\u00e3 desta sexta-feira (2), ap\u00f3s ser atropelado por um carro na rotat\u00f3ria da avenida Castelo Branco, na zona Leste...","jetpack-related-posts":[{"id":33359,"url":"https:\/\/ismaelcolosi.com.br\/index.php\/2024\/01\/29\/motociclista-fica-ferido-em-rotatoria-da-zona-leste\/","url_meta":{"origin":58721,"position":0},"title":"Motociclista fica ferido em rotat\u00f3ria da zona Leste","author":"ismaelcolosi.com.br","date":"29 de January de 2024","format":false,"excerpt":"Acidente ocorreu pr\u00f3ximo a sem\u00e1foro; condutor da moto teria batido na lateral de um ve\u00edculo e colidido contra \u00f4nibus 29 de janeiro de 2024 | 11:26 2Por: Adalberto LuqueUm motociclista ficou ferido, na manh\u00e3 desta segunda-feira (29), ap\u00f3s um acidente envolvendo sua moto, um ve\u00edculo e um \u00f4nibus de transporte\u2026","rel":"","context":"In &quot;Not\u00edcias de Ribeir\u00e3o Preto-SP e Regi\u00e3o&quot;","block_context":{"text":"Not\u00edcias de Ribeir\u00e3o Preto-SP e Regi\u00e3o","link":"https:\/\/ismaelcolosi.com.br\/index.php\/category\/noticias-de-ribeirao-preto-sp-e-regiao-ismael-colosi\/"},"img":{"alt_text":"","src":"https:\/\/i0.wp.com\/ismaelcolosi.com.br\/wp-content\/uploads\/2024\/01\/00-29-jan-2024-acidente-castelo-foto-max-gallao-mesquita-scaled.jpg?fit=1000%2C627&ssl=1&resize=350%2C200","width":350,"height":200,"srcset":"https:\/\/i0.wp.com\/ismaelcolosi.com.br\/wp-content\/uploads\/2024\/01\/00-29-jan-2024-acidente-castelo-foto-max-gallao-mesquita-scaled.jpg?fit=1000%2C627&ssl=1&resize=350%2C200 1x, https:\/\/i0.wp.com\/ismaelcolosi.com.br\/wp-content\/uploads\/2024\/01\/00-29-jan-2024-acidente-castelo-foto-max-gallao-mesquita-scaled.jpg?fit=1000%2C627&ssl=1&resize=525%2C300 1.5x, https:\/\/i0.wp.com\/ismaelcolosi.com.br\/wp-content\/uploads\/2024\/01\/00-29-jan-2024-acidente-castelo-foto-max-gallao-mesquita-scaled.jpg?fit=1000%2C627&ssl=1&resize=700%2C400 2x"},"classes":[]},{"id":36681,"url":"https:\/\/ismaelcolosi.com.br\/index.php\/2024\/02\/11\/ciclista-fica-ferido-apos-ser-atropelado-por-carro-em-ribeirao-preto\/","url_meta":{"origin":58721,"position":1},"title":"Ciclista fica ferido ap\u00f3s ser atropelado por carro em Ribeir\u00e3o Preto","author":"ismaelcolosi.com.br","date":"11 de February de 2024","format":false,"excerpt":"Um ciclista ficou ferido ap\u00f3s ser atropelado por um carro na manh\u00e3 deste domingo (11), na avenida Luzitana, no Parque Ribeir\u00e3o, na zona Oeste de Ribeir\u00e3o Preto. Por conta do acidente, o tr\u00e2nsito precisou ser interditado na altura da rua Roquete Pinto, no sentido bairro. O Samu (Servi\u00e7o de Atendimento\u2026","rel":"","context":"In &quot;Not\u00edcias de Ribeir\u00e3o Preto-SP e Regi\u00e3o&quot;","block_context":{"text":"Not\u00edcias de Ribeir\u00e3o Preto-SP e Regi\u00e3o","link":"https:\/\/ismaelcolosi.com.br\/index.php\/category\/noticias-de-ribeirao-preto-sp-e-regiao-ismael-colosi\/"},"img":{"alt_text":"","src":"https:\/\/i0.wp.com\/ismaelcolosi.com.br\/wp-content\/uploads\/2024\/02\/acidente-luzitana-1.jpg?fit=1200%2C675&ssl=1&resize=350%2C200","width":350,"height":200,"srcset":"https:\/\/i0.wp.com\/ismaelcolosi.com.br\/wp-content\/uploads\/2024\/02\/acidente-luzitana-1.jpg?fit=1200%2C675&ssl=1&resize=350%2C200 1x, https:\/\/i0.wp.com\/ismaelcolosi.com.br\/wp-content\/uploads\/2024\/02\/acidente-luzitana-1.jpg?fit=1200%2C675&ssl=1&resize=525%2C300 1.5x, https:\/\/i0.wp.com\/ismaelcolosi.com.br\/wp-content\/uploads\/2024\/02\/acidente-luzitana-1.jpg?fit=1200%2C675&ssl=1&resize=700%2C400 2x, https:\/\/i0.wp.com\/ismaelcolosi.com.br\/wp-content\/uploads\/2024\/02\/acidente-luzitana-1.jpg?fit=1200%2C675&ssl=1&resize=1050%2C600 3x"},"classes":[]},{"id":59131,"url":"https:\/\/ismaelcolosi.com.br\/index.php\/2024\/08\/06\/rotatoria-da-castelo-branco-e-interditada-por-cinco-dias-para-obras-em-ribeirao-preto\/","url_meta":{"origin":58721,"position":2},"title":"Rotat\u00f3ria da Castelo Branco \u00e9 interditada por cinco dias para obras em Ribeir\u00e3o Preto","author":"ismaelcolosi.com.br","date":"6 de August de 2024","format":false,"excerpt":"A rotat\u00f3ria da pra\u00e7a Arist\u00f3fanes Prudente Corr\u00eaa, que interliga as avenidas Castelo Branco, Treze de Maio, Maria de Jesus Condeixa e Cl\u00f3vis Bevilacqua foi interditada nesta ter\u00e7a-feira (6) e seguir\u00e1 com o bloqueio por cinco dias em raz\u00e3o das obras do corredor de \u00f4nibus. No local ser\u00e3o realizados servi\u00e7os de\u2026","rel":"","context":"In &quot;Not\u00edcias de Ribeir\u00e3o Preto-SP e Regi\u00e3o&quot;","block_context":{"text":"Not\u00edcias de Ribeir\u00e3o Preto-SP e Regi\u00e3o","link":"https:\/\/ismaelcolosi.com.br\/index.php\/category\/noticias-de-ribeirao-preto-sp-e-regiao-ismael-colosi\/"},"img":{"alt_text":"","src":"https:\/\/i0.wp.com\/ismaelcolosi.com.br\/wp-content\/uploads\/2024\/08\/Copia-de-Copia-de-TAMANHO-EXATO-PARA-FOTOS-NO-SISTEMA-NOVO-33_2024-08-06_13-50-14_jpg_2024-08-06_13-50-14.webp.webp?fit=1200%2C675&ssl=1&resize=350%2C200","width":350,"height":200,"srcset":"https:\/\/i0.wp.com\/ismaelcolosi.com.br\/wp-content\/uploads\/2024\/08\/Copia-de-Copia-de-TAMANHO-EXATO-PARA-FOTOS-NO-SISTEMA-NOVO-33_2024-08-06_13-50-14_jpg_2024-08-06_13-50-14.webp.webp?fit=1200%2C675&ssl=1&resize=350%2C200 1x, https:\/\/i0.wp.com\/ismaelcolosi.com.br\/wp-content\/uploads\/2024\/08\/Copia-de-Copia-de-TAMANHO-EXATO-PARA-FOTOS-NO-SISTEMA-NOVO-33_2024-08-06_13-50-14_jpg_2024-08-06_13-50-14.webp.webp?fit=1200%2C675&ssl=1&resize=525%2C300 1.5x, https:\/\/i0.wp.com\/ismaelcolosi.com.br\/wp-content\/uploads\/2024\/08\/Copia-de-Copia-de-TAMANHO-EXATO-PARA-FOTOS-NO-SISTEMA-NOVO-33_2024-08-06_13-50-14_jpg_2024-08-06_13-50-14.webp.webp?fit=1200%2C675&ssl=1&resize=700%2C400 2x, https:\/\/i0.wp.com\/ismaelcolosi.com.br\/wp-content\/uploads\/2024\/08\/Copia-de-Copia-de-TAMANHO-EXATO-PARA-FOTOS-NO-SISTEMA-NOVO-33_2024-08-06_13-50-14_jpg_2024-08-06_13-50-14.webp.webp?fit=1200%2C675&ssl=1&resize=1050%2C600 3x"},"classes":[]},{"id":16642,"url":"https:\/\/ismaelcolosi.com.br\/index.php\/2023\/12\/16\/carro-pega-fogo-em-rotatoria-de-rp\/","url_meta":{"origin":58721,"position":3},"title":"Carro pega fogo em rotat\u00f3ria de RP","author":"ismaelcolosi.com.br","date":"16 de December de 2023","format":false,"excerpt":"Ve\u00edculo pode ter sofrido pane el\u00e9trica e bombeiros interviram 15 de dezembro de 2023 | 15:52 2Por: Adalberto LuqueUm ve\u00edculo pegou fogo, no in\u00edcio da tarde desta sexta-feira (15), na Rotat\u00f3ria da conflu\u00eancia das avenidas Castelo Branco, 13 de Maio e Maria de Jesus Condeixa, no Castelo Branco, zona Leste\u2026","rel":"","context":"In &quot;Not\u00edcias de Ribeir\u00e3o Preto-SP e Regi\u00e3o&quot;","block_context":{"text":"Not\u00edcias de Ribeir\u00e3o Preto-SP e Regi\u00e3o","link":"https:\/\/ismaelcolosi.com.br\/index.php\/category\/noticias-de-ribeirao-preto-sp-e-regiao-ismael-colosi\/"},"img":{"alt_text":"","src":"https:\/\/i0.wp.com\/ismaelcolosi.com.br\/wp-content\/uploads\/2023\/12\/00-15-dez-2023-carro-incendiado-foto-max-gallao-mesquita-scaled.jpg?fit=1000%2C639&ssl=1&resize=350%2C200","width":350,"height":200,"srcset":"https:\/\/i0.wp.com\/ismaelcolosi.com.br\/wp-content\/uploads\/2023\/12\/00-15-dez-2023-carro-incendiado-foto-max-gallao-mesquita-scaled.jpg?fit=1000%2C639&ssl=1&resize=350%2C200 1x, https:\/\/i0.wp.com\/ismaelcolosi.com.br\/wp-content\/uploads\/2023\/12\/00-15-dez-2023-carro-incendiado-foto-max-gallao-mesquita-scaled.jpg?fit=1000%2C639&ssl=1&resize=525%2C300 1.5x, https:\/\/i0.wp.com\/ismaelcolosi.com.br\/wp-content\/uploads\/2023\/12\/00-15-dez-2023-carro-incendiado-foto-max-gallao-mesquita-scaled.jpg?fit=1000%2C639&ssl=1&resize=700%2C400 2x"},"classes":[]},{"id":58747,"url":"https:\/\/ismaelcolosi.com.br\/index.php\/2024\/08\/02\/motorista-com-sinais-de-embriaguez-e-preso-apos-bater-caminhonete-em-ribeirao-preto\/","url_meta":{"origin":58721,"position":4},"title":"Motorista com sinais de embriaguez \u00e9 preso ap\u00f3s bater caminhonete em Ribeir\u00e3o Preto","author":"ismaelcolosi.com.br","date":"2 de August de 2024","format":false,"excerpt":"Um motorista de 45 anos foi preso com sinais de embriaguez na noite desta quinta-feira (1), depois de bater a caminhonete na guia de uma rua, no Jardim Castelo Branco, zona Leste de Ribeir\u00e3o Preto. Segundo o boletim de ocorr\u00eancia (BO), a PM (Pol\u00edcia Militar) afirmou que o condutor estava\u2026","rel":"","context":"In &quot;Not\u00edcias de Ribeir\u00e3o Preto-SP e Regi\u00e3o&quot;","block_context":{"text":"Not\u00edcias de Ribeir\u00e3o Preto-SP e Regi\u00e3o","link":"https:\/\/ismaelcolosi.com.br\/index.php\/category\/noticias-de-ribeirao-preto-sp-e-regiao-ismael-colosi\/"},"img":{"alt_text":"","src":"https:\/\/i0.wp.com\/ismaelcolosi.com.br\/wp-content\/uploads\/2024\/08\/sirene_pm_1024x576_04022021085205.jpg?fit=1024%2C576&ssl=1&resize=350%2C200","width":350,"height":200,"srcset":"https:\/\/i0.wp.com\/ismaelcolosi.com.br\/wp-content\/uploads\/2024\/08\/sirene_pm_1024x576_04022021085205.jpg?fit=1024%2C576&ssl=1&resize=350%2C200 1x, https:\/\/i0.wp.com\/ismaelcolosi.com.br\/wp-content\/uploads\/2024\/08\/sirene_pm_1024x576_04022021085205.jpg?fit=1024%2C576&ssl=1&resize=525%2C300 1.5x, https:\/\/i0.wp.com\/ismaelcolosi.com.br\/wp-content\/uploads\/2024\/08\/sirene_pm_1024x576_04022021085205.jpg?fit=1024%2C576&ssl=1&resize=700%2C400 2x"},"classes":[]},{"id":53302,"url":"https:\/\/ismaelcolosi.com.br\/index.php\/2024\/06\/15\/morre-ciclista-atropelado-por-carro-na-francisco-junqueira-em-ribeirao-preto\/","url_meta":{"origin":58721,"position":5},"title":"Morre ciclista atropelado por carro na Francisco Junqueira em Ribeir\u00e3o Preto","author":"ismaelcolosi.com.br","date":"15 de June de 2024","format":false,"excerpt":"O ciclista atropelado por um carro na noite desta sexta-feira (14), na avenida Francisco Junqueira, morreu ap\u00f3s ter sido socorrido, em Ribeir\u00e3o Preto. Segundo o boletim de ocorr\u00eancia (BO), a v\u00edtima, identificada como Denas Aparecido de Souza, de 47 anos, foi parar embaixo do ve\u00edculo, na altura da liga\u00e7\u00e3o da\u2026","rel":"","context":"In &quot;Not\u00edcias de Ribeir\u00e3o Preto-SP e Regi\u00e3o&quot;","block_context":{"text":"Not\u00edcias de Ribeir\u00e3o Preto-SP e Regi\u00e3o","link":"https:\/\/ismaelcolosi.com.br\/index.php\/category\/noticias-de-ribeirao-preto-sp-e-regiao-ismael-colosi\/"},"img":{"alt_text":"","src":"https:\/\/i0.wp.com\/ismaelcolosi.com.br\/wp-content\/uploads\/2024\/06\/ACIDENTE-2_2024-06-15_13-40-38_jpg_2024-06-15_13-40-38.webp.webp?fit=1200%2C898&ssl=1&resize=350%2C200","width":350,"height":200,"srcset":"https:\/\/i0.wp.com\/ismaelcolosi.com.br\/wp-content\/uploads\/2024\/06\/ACIDENTE-2_2024-06-15_13-40-38_jpg_2024-06-15_13-40-38.webp.webp?fit=1200%2C898&ssl=1&resize=350%2C200 1x, https:\/\/i0.wp.com\/ismaelcolosi.com.br\/wp-content\/uploads\/2024\/06\/ACIDENTE-2_2024-06-15_13-40-38_jpg_2024-06-15_13-40-38.webp.webp?fit=1200%2C898&ssl=1&resize=525%2C300 1.5x, https:\/\/i0.wp.com\/ismaelcolosi.com.br\/wp-content\/uploads\/2024\/06\/ACIDENTE-2_2024-06-15_13-40-38_jpg_2024-06-15_13-40-38.webp.webp?fit=1200%2C898&ssl=1&resize=700%2C400 2x, https:\/\/i0.wp.com\/ismaelcolosi.com.br\/wp-content\/uploads\/2024\/06\/ACIDENTE-2_2024-06-15_13-40-38_jpg_2024-06-15_13-40-38.webp.webp?fit=1200%2C898&ssl=1&resize=1050%2C600 3x"},"classes":[]}],"jetpack_sharing_enabled":true,"jetpack_shortlink":"https:\/\/wp.me\/pfMlyK-fh7","_links":{"self":[{"href":"https:\/\/ismaelcolosi.com.br\/index.php\/wp-json\/wp\/v2\/posts\/58721","targetHints":{"allow":["GET"]}}],"collection":[{"href":"https:\/\/ismaelcolosi.com.br\/index.php\/wp-json\/wp\/v2\/posts"}],"about":[{"href":"https:\/\/ismaelcolosi.com.br\/index.php\/wp-json\/wp\/v2\/types\/post"}],"author":[{"embeddable":true,"href":"https:\/\/ismaelcolosi.com.br\/index.php\/wp-json\/wp\/v2\/users\/1"}],"replies":[{"embeddable":true,"href":"https:\/\/ismaelcolosi.com.br\/index.php\/wp-json\/wp\/v2\/comments?post=58721"}],"version-history":[{"count":0,"href":"https:\/\/ismaelcolosi.com.br\/index.php\/wp-json\/wp\/v2\/posts\/58721\/revisions"}],"wp:featuredmedia":[{"embeddable":true,"href":"https:\/\/ismaelcolosi.com.br\/index.php\/wp-json\/wp\/v2\/media\/58722"}],"wp:attachment":[{"href":"https:\/\/ismaelcolosi.com.br\/index.php\/wp-json\/wp\/v2\/media?parent=58721"}],"wp:term":[{"taxonomy":"category","embeddable":true,"href":"https:\/\/ismaelcolosi.com.br\/index.php\/wp-json\/wp\/v2\/categories?post=58721"},{"taxonomy":"post_tag","embeddable":true,"href":"https:\/\/ismaelcolosi.com.br\/index.php\/wp-json\/wp\/v2\/tags?post=58721"}],"curies":[{"name":"wp","href":"https:\/\/api.w.org\/{rel}","templated":true}]}}