{"id":58717,"date":"2024-08-02T07:01:37","date_gmt":"2024-08-02T10:01:37","guid":{"rendered":"https:\/\/ismaelcolosi.com.br\/index.php\/2024\/08\/02\/veja-a-programacao-desta-sexta-feira-na-feira-do-livro-de-ribeirao-preto\/"},"modified":"2024-08-02T07:01:37","modified_gmt":"2024-08-02T10:01:37","slug":"veja-a-programacao-desta-sexta-feira-na-feira-do-livro-de-ribeirao-preto","status":"publish","type":"post","link":"https:\/\/ismaelcolosi.com.br\/index.php\/2024\/08\/02\/veja-a-programacao-desta-sexta-feira-na-feira-do-livro-de-ribeirao-preto\/","title":{"rendered":"Veja a programa\u00e7\u00e3o desta sexta-feira na Feira do Livro de Ribeir\u00e3o Preto"},"content":{"rendered":"<p> <br \/>\n<\/p>\n<div>\n<p>Esta <strong>sexta-feira (2)<\/strong>,<strong> <\/strong>\u00e9 o segundo dia da\u00a0<strong>23\u00aa Feira Internacional do Livro de Ribeir\u00e3o Preto<\/strong>, que segue at\u00e9 o dia <strong>11 de agosto<\/strong>. A programa\u00e7\u00e3o oferece mais de\u00a0<strong>400 atividades gratuitas<\/strong>\u00a0no <strong>Centro<\/strong> de <strong>Ribeir\u00e3o Preto<\/strong>. \u00a0<\/p>\n<p>O tema central da <strong>Feira<\/strong> este ano \u00e9: \u201c<strong>Cotidianos po\u00e9ticos: Do \u00e9pico de Cam\u00f5es \u00e0s batalhas de rua<\/strong>\u201d.<\/p>\n<p>Ainda, cinco autores s\u00e3o homenageados: eles Ferreira Gullar, Carlos de Assump\u00e7\u00e3o, Perce Polegatto, Sueli Carneiro e Jana\u00edna Tokitaka. O secret\u00e1rio estadual de Desenvolvimento Econ\u00f4mico, Jorge Lima, \u00e9 o patrono do evento.<\/p>\n<h4 class=\"wp-block-heading\"><strong>Confira a programa\u00e7\u00e3o da Feira do Livro nesta quinta-feira<\/strong><\/h4>\n<p><strong>17h:\u00a0Sesc na FIL <\/strong>\u2013 O papel do Sesc na requalifica\u00e7\u00e3o do Centro da Cidade de Ribeir\u00e3o Preto com Luiz Deoclecio Massaro Galina, Sandra Brandani e Paulo C\u00e9sar Garcia Lopes. Diretor do Sesc, presidente da ACIRP e o presidente do Sincovarp conversam sobre os projetos de restauro de pr\u00e9dios e espa\u00e7os hist\u00f3ricos do centro da cidade.<br \/><strong>Local:\u00a0<\/strong>Theatro Pedro II \u2013 Audit\u00f3rio Meira J\u00fanior<\/p>\n<p><strong>19h:\u00a0Sal\u00e3o de Ideias Internacional com<\/strong> <strong>Sehdev Kumar<\/strong> \u2013 Sehdev Kumar f\u00edsico nuclear, professor, escritor, poeta, historiador, filosofo da ci\u00eancia e pacifista ir\u00e1 falar sobre quest\u00f5es relativas \u00e0 guerra e \u00e0 paz, tanto do ponto de vista cient\u00edfico quanto espiritual. Neste encontro, Kumar apresenta Korosh Kabir, poeta m\u00edstico indiano do s\u00e9culo XV.<br \/><strong>Local:\u00a0<\/strong>Biblioteca Sinh\u00e1 Junqueira \u2013 Audit\u00f3rio<\/p>\n<p><strong>20h30:\u00a0Recital, RAP e Tal: <\/strong>A atemporalidade da poesia com <strong>Carlos de Assump\u00e7\u00e3o<\/strong> e <strong>MV Bill<\/strong>. Carlos \u00e9 poeta, professor e advogado (escritor homenageado da 23\u00aa FIL) e o rapper, escritor, ator e cineasta, MV Bill realizam um encontro de m\u00fasica e literatura, passeando por tem\u00e1ticas diversas que envolvem a popula\u00e7\u00e3o preta.<br \/><strong>Local:\u00a0<\/strong>Theatro Pedro II \u2013 Sala Principal<\/p>\n<p>SAIBA MAIS<br \/>Cinema: \u2018O Exorcismo\u2019 e \u2018Tuesday\u2019 s\u00e3o as estreias nesta quinta em Ribeir\u00e3o<\/p>\n<h4 class=\"wp-block-heading\"><strong>FIQUE ON<\/strong><\/h4>\n<p>Fique ligado em tudo que acontece em Ribeir\u00e3o Preto e regi\u00e3o. Siga os perfis do <strong>acidade on <\/strong>no <a href=\"https:\/\/www.instagram.com\/acidadeonribeirao\" target=\"_blank\" rel=\"noreferrer noopener\">Instagram<\/a> e no <a href=\"https:\/\/www.facebook.com\/acidadeonribeirao\" target=\"_blank\" rel=\"noreferrer noopener\">Facebook<\/a>.<\/p>\n<p>Receba not\u00edcias do acidade on no WhatsApp. Para entrar no grupo, basta <a href=\"https:\/\/chat.whatsapp.com\/Dtv9mxhy6V5BJBotM2OQ5k\" target=\"_blank\" rel=\"noreferrer noopener\">clicar aqui<\/a>.<\/p>\n<p>Fa\u00e7a uma den\u00fancia ou sugira uma reportagem sobre Ribeir\u00e3o Preto e regi\u00e3o pelo WhatsApp: 16 99117 7802.<\/p>\n<p>VEJA TAMB\u00c9M<br \/>\u2018Brincando com Fogo Brasil\u2019 tem quantos epis\u00f3dios?<\/p>\n<p><!-- CONTENT END 1 -->\n<\/div>\n<p><script async src=\"\/\/www.instagram.com\/embed.js\"><\/script><br \/>\n<br \/><br \/>\n<br \/><a href=\"https:\/\/www.acidadeon.com\/ribeiraopreto\/lazer-e-cultura\/veja-a-programacao-desta-sexta-feira-na-feira-do-livro-de-ribeirao-preto\/\">Source link <\/a><\/p>\n","protected":false},"excerpt":{"rendered":"<p>Esta sexta-feira (2), \u00e9 o segundo dia da\u00a023\u00aa Feira Internacional do Livro de Ribeir\u00e3o Preto, que segue at\u00e9 o dia 11 de agosto. A programa\u00e7\u00e3o&#8230;<\/p>\n","protected":false},"author":1,"featured_media":58718,"comment_status":"open","ping_status":"open","sticky":false,"template":"","format":"standard","meta":{"_uag_custom_page_level_css":"","advanced_seo_description":"","jetpack_seo_html_title":"","jetpack_seo_noindex":false,"jetpack_post_was_ever_published":false,"_jetpack_newsletter_access":"","_jetpack_dont_email_post_to_subs":false,"_jetpack_newsletter_tier_id":0,"_jetpack_memberships_contains_paywalled_content":false,"_jetpack_memberships_contains_paid_content":false,"footnotes":"","jetpack_publicize_message":"","jetpack_publicize_feature_enabled":true,"jetpack_social_post_already_shared":true,"jetpack_social_options":{"image_generator_settings":{"template":"highway","default_image_id":0,"font":"","enabled":false},"version":2}},"categories":[11],"tags":[],"class_list":["post-58717","post","type-post","status-publish","format-standard","has-post-thumbnail","hentry","category-noticias-de-ribeirao-preto-sp-e-regiao-ismael-colosi"],"jetpack_publicize_connections":[],"jetpack_featured_media_url":"https:\/\/i0.wp.com\/ismaelcolosi.com.br\/wp-content\/uploads\/2024\/08\/sesc-na-FIL_2024-08-01_14-36-39_jpeg_2024-08-01_14-36-39.webp.webp?fit=1600%2C1066&ssl=1","uagb_featured_image_src":{"full":["https:\/\/i0.wp.com\/ismaelcolosi.com.br\/wp-content\/uploads\/2024\/08\/sesc-na-FIL_2024-08-01_14-36-39_jpeg_2024-08-01_14-36-39.webp.webp?fit=1600%2C1066&ssl=1",1600,1066,false],"thumbnail":["https:\/\/i0.wp.com\/ismaelcolosi.com.br\/wp-content\/uploads\/2024\/08\/sesc-na-FIL_2024-08-01_14-36-39_jpeg_2024-08-01_14-36-39.webp.webp?resize=150%2C150&ssl=1",150,150,true],"medium":["https:\/\/i0.wp.com\/ismaelcolosi.com.br\/wp-content\/uploads\/2024\/08\/sesc-na-FIL_2024-08-01_14-36-39_jpeg_2024-08-01_14-36-39.webp.webp?fit=300%2C200&ssl=1",300,200,true],"medium_large":["https:\/\/i0.wp.com\/ismaelcolosi.com.br\/wp-content\/uploads\/2024\/08\/sesc-na-FIL_2024-08-01_14-36-39_jpeg_2024-08-01_14-36-39.webp.webp?fit=768%2C512&ssl=1",768,512,true],"large":["https:\/\/i0.wp.com\/ismaelcolosi.com.br\/wp-content\/uploads\/2024\/08\/sesc-na-FIL_2024-08-01_14-36-39_jpeg_2024-08-01_14-36-39.webp.webp?fit=1024%2C682&ssl=1",1024,682,true],"1536x1536":["https:\/\/i0.wp.com\/ismaelcolosi.com.br\/wp-content\/uploads\/2024\/08\/sesc-na-FIL_2024-08-01_14-36-39_jpeg_2024-08-01_14-36-39.webp.webp?fit=1536%2C1023&ssl=1",1536,1023,true],"2048x2048":["https:\/\/i0.wp.com\/ismaelcolosi.com.br\/wp-content\/uploads\/2024\/08\/sesc-na-FIL_2024-08-01_14-36-39_jpeg_2024-08-01_14-36-39.webp.webp?fit=1600%2C1066&ssl=1",1600,1066,true],"really-simple-thumb":["https:\/\/i0.wp.com\/ismaelcolosi.com.br\/wp-content\/uploads\/2024\/08\/sesc-na-FIL_2024-08-01_14-36-39_jpeg_2024-08-01_14-36-39.webp.webp?resize=370%2C247&ssl=1",370,247,true]},"uagb_author_info":{"display_name":"ismaelcolosi.com.br","author_link":"https:\/\/ismaelcolosi.com.br\/index.php\/author\/vidareal-online\/"},"uagb_comment_info":0,"uagb_excerpt":"Esta sexta-feira (2), \u00e9 o segundo dia da\u00a023\u00aa Feira Internacional do Livro de Ribeir\u00e3o Preto, que segue at\u00e9 o dia 11 de agosto. A programa\u00e7\u00e3o...","jetpack-related-posts":[{"id":55540,"url":"https:\/\/ismaelcolosi.com.br\/index.php\/2024\/07\/03\/feira-do-livro-espirita-tem-programacao-no-centro-de-ribeirao-preto\/","url_meta":{"origin":58717,"position":0},"title":"Feira do Livro Esp\u00edrita tem programa\u00e7\u00e3o no Centro de Ribeir\u00e3o Preto","author":"ismaelcolosi.com.br","date":"3 de July de 2024","format":false,"excerpt":"A 51\u00aa edi\u00e7\u00e3o da Feira do Livro Esp\u00edrita de Ribeir\u00e3o Preto tem in\u00edcio nesta sexta-feira (5) e segue com programa\u00e7\u00e3o at\u00e9 o dia 14 de julho. As atividades, que incluem palestras, pe\u00e7as teatrais, shows musicais, bate-papos, encontro de jovens e a\u00e7\u00f5es para crian\u00e7as, acontecem na pra\u00e7a XV de Novembro e\u2026","rel":"","context":"In &quot;Not\u00edcias de Ribeir\u00e3o Preto-SP e Regi\u00e3o&quot;","block_context":{"text":"Not\u00edcias de Ribeir\u00e3o Preto-SP e Regi\u00e3o","link":"https:\/\/ismaelcolosi.com.br\/index.php\/category\/noticias-de-ribeirao-preto-sp-e-regiao-ismael-colosi\/"},"img":{"alt_text":"","src":"https:\/\/i0.wp.com\/ismaelcolosi.com.br\/wp-content\/uploads\/2024\/07\/Copia-de-Copia-de-TAMANHO-EXATO-PARA-FOTOS-NO-SISTEMA-NOVO_2024-07-03_20-51-22_png_2024-07-03_20-51-22.webp.webp?fit=1200%2C675&ssl=1&resize=350%2C200","width":350,"height":200,"srcset":"https:\/\/i0.wp.com\/ismaelcolosi.com.br\/wp-content\/uploads\/2024\/07\/Copia-de-Copia-de-TAMANHO-EXATO-PARA-FOTOS-NO-SISTEMA-NOVO_2024-07-03_20-51-22_png_2024-07-03_20-51-22.webp.webp?fit=1200%2C675&ssl=1&resize=350%2C200 1x, https:\/\/i0.wp.com\/ismaelcolosi.com.br\/wp-content\/uploads\/2024\/07\/Copia-de-Copia-de-TAMANHO-EXATO-PARA-FOTOS-NO-SISTEMA-NOVO_2024-07-03_20-51-22_png_2024-07-03_20-51-22.webp.webp?fit=1200%2C675&ssl=1&resize=525%2C300 1.5x, https:\/\/i0.wp.com\/ismaelcolosi.com.br\/wp-content\/uploads\/2024\/07\/Copia-de-Copia-de-TAMANHO-EXATO-PARA-FOTOS-NO-SISTEMA-NOVO_2024-07-03_20-51-22_png_2024-07-03_20-51-22.webp.webp?fit=1200%2C675&ssl=1&resize=700%2C400 2x, https:\/\/i0.wp.com\/ismaelcolosi.com.br\/wp-content\/uploads\/2024\/07\/Copia-de-Copia-de-TAMANHO-EXATO-PARA-FOTOS-NO-SISTEMA-NOVO_2024-07-03_20-51-22_png_2024-07-03_20-51-22.webp.webp?fit=1200%2C675&ssl=1&resize=1050%2C600 3x"},"classes":[]},{"id":59427,"url":"https:\/\/ismaelcolosi.com.br\/index.php\/2024\/08\/08\/rodrigo-bocardi-e-atracao-da-feira-do-livro-de-ribeirao-preto-nesta-sexta\/","url_meta":{"origin":58717,"position":1},"title":"Rodrigo Bocardi \u00e9 atra\u00e7\u00e3o da Feira do Livro de Ribeir\u00e3o Preto nesta sexta","author":"ismaelcolosi.com.br","date":"8 de August de 2024","format":false,"excerpt":"A 23\u00aa Feira Internacional do Livro de Ribeir\u00e3o Preto tem como destaque em sua programa\u00e7\u00e3o de sexta-feira (9) o jornalista Rodrigo Bocardi, apresentador do \u201cBom Dia S\u00e3o Paulo\u201d, da TV Globo\/EPTV. Rodrigo ir\u00e1 participar de um bate-papo sobre a carreira profissional e temas debatidos na sociedade contempor\u00e2nea, \u00e0s 18h30, no\u2026","rel":"","context":"In &quot;Not\u00edcias de Ribeir\u00e3o Preto-SP e Regi\u00e3o&quot;","block_context":{"text":"Not\u00edcias de Ribeir\u00e3o Preto-SP e Regi\u00e3o","link":"https:\/\/ismaelcolosi.com.br\/index.php\/category\/noticias-de-ribeirao-preto-sp-e-regiao-ismael-colosi\/"},"img":{"alt_text":"","src":"https:\/\/i0.wp.com\/ismaelcolosi.com.br\/wp-content\/uploads\/2024\/08\/Copia-de-Copia-de-TAMANHO-EXATO-PARA-FOTOS-NO-SISTEMA-NOVO-36_2024-08-08_14-00-52_jpg_2024-08-08_14-00-52.webp.webp?fit=1200%2C675&ssl=1&resize=350%2C200","width":350,"height":200,"srcset":"https:\/\/i0.wp.com\/ismaelcolosi.com.br\/wp-content\/uploads\/2024\/08\/Copia-de-Copia-de-TAMANHO-EXATO-PARA-FOTOS-NO-SISTEMA-NOVO-36_2024-08-08_14-00-52_jpg_2024-08-08_14-00-52.webp.webp?fit=1200%2C675&ssl=1&resize=350%2C200 1x, https:\/\/i0.wp.com\/ismaelcolosi.com.br\/wp-content\/uploads\/2024\/08\/Copia-de-Copia-de-TAMANHO-EXATO-PARA-FOTOS-NO-SISTEMA-NOVO-36_2024-08-08_14-00-52_jpg_2024-08-08_14-00-52.webp.webp?fit=1200%2C675&ssl=1&resize=525%2C300 1.5x, https:\/\/i0.wp.com\/ismaelcolosi.com.br\/wp-content\/uploads\/2024\/08\/Copia-de-Copia-de-TAMANHO-EXATO-PARA-FOTOS-NO-SISTEMA-NOVO-36_2024-08-08_14-00-52_jpg_2024-08-08_14-00-52.webp.webp?fit=1200%2C675&ssl=1&resize=700%2C400 2x, https:\/\/i0.wp.com\/ismaelcolosi.com.br\/wp-content\/uploads\/2024\/08\/Copia-de-Copia-de-TAMANHO-EXATO-PARA-FOTOS-NO-SISTEMA-NOVO-36_2024-08-08_14-00-52_jpg_2024-08-08_14-00-52.webp.webp?fit=1200%2C675&ssl=1&resize=1050%2C600 3x"},"classes":[]},{"id":67618,"url":"https:\/\/ismaelcolosi.com.br\/index.php\/2024\/09\/24\/ribeirao-preto-recebe-atividades-gratuitas-de-palhacaria-veja-a-programacao\/","url_meta":{"origin":58717,"position":2},"title":"Ribeir\u00e3o Preto recebe atividades gratuitas de \u2018palha\u00e7aria\u2019; Veja a programa\u00e7\u00e3o","author":"ismaelcolosi.com.br","date":"24 de September de 2024","format":false,"excerpt":"A 12\u00aa edi\u00e7\u00e3o do Encontro: Palha\u00e7aria em todo lugar come\u00e7ou nesta semana e segue at\u00e9 domingo (29), proporcionando ao p\u00fablico uma imers\u00e3o na linguagem dos palha\u00e7os. Nesta ter\u00e7a-feira (24), aconteceu a oficina intensiva com Palha\u00e7os Sem Fronteiras (S\u00e3o Paulo) pela manh\u00e3, e a noite fica por conta do espet\u00e1culo Am\u00e9rico,\u2026","rel":"","context":"In &quot;Not\u00edcias de Ribeir\u00e3o Preto-SP e Regi\u00e3o&quot;","block_context":{"text":"Not\u00edcias de Ribeir\u00e3o Preto-SP e Regi\u00e3o","link":"https:\/\/ismaelcolosi.com.br\/index.php\/category\/noticias-de-ribeirao-preto-sp-e-regiao-ismael-colosi\/"},"img":{"alt_text":"","src":"https:\/\/i0.wp.com\/ismaelcolosi.com.br\/wp-content\/uploads\/2024\/09\/Espetaculo-Gran-Cirque-Brado-foto-Nina-Pires_2024-09-24_16-20-50_jpg_2024-09-24_16-20-50-scaled.webp.webp?fit=1200%2C800&ssl=1&resize=350%2C200","width":350,"height":200,"srcset":"https:\/\/i0.wp.com\/ismaelcolosi.com.br\/wp-content\/uploads\/2024\/09\/Espetaculo-Gran-Cirque-Brado-foto-Nina-Pires_2024-09-24_16-20-50_jpg_2024-09-24_16-20-50-scaled.webp.webp?fit=1200%2C800&ssl=1&resize=350%2C200 1x, https:\/\/i0.wp.com\/ismaelcolosi.com.br\/wp-content\/uploads\/2024\/09\/Espetaculo-Gran-Cirque-Brado-foto-Nina-Pires_2024-09-24_16-20-50_jpg_2024-09-24_16-20-50-scaled.webp.webp?fit=1200%2C800&ssl=1&resize=525%2C300 1.5x, https:\/\/i0.wp.com\/ismaelcolosi.com.br\/wp-content\/uploads\/2024\/09\/Espetaculo-Gran-Cirque-Brado-foto-Nina-Pires_2024-09-24_16-20-50_jpg_2024-09-24_16-20-50-scaled.webp.webp?fit=1200%2C800&ssl=1&resize=700%2C400 2x, https:\/\/i0.wp.com\/ismaelcolosi.com.br\/wp-content\/uploads\/2024\/09\/Espetaculo-Gran-Cirque-Brado-foto-Nina-Pires_2024-09-24_16-20-50_jpg_2024-09-24_16-20-50-scaled.webp.webp?fit=1200%2C800&ssl=1&resize=1050%2C600 3x"},"classes":[]},{"id":55794,"url":"https:\/\/ismaelcolosi.com.br\/index.php\/2024\/07\/05\/confira-a-programacao-da-feira-internacional-do-livro-de-ribeirao-preto-2024\/","url_meta":{"origin":58717,"position":3},"title":"Confira a programa\u00e7\u00e3o da Feira Internacional do Livro de Ribeir\u00e3o Preto 2024","author":"ismaelcolosi.com.br","date":"5 de July de 2024","format":false,"excerpt":"A 23\u00aa edi\u00e7\u00e3o da FIL (Feira Internacional do Livro de Ribeir\u00e3o Preto) come\u00e7a no pr\u00f3ximo dia 1\u00ba de agosto. O tema central deste ano \u00e9: \u201cCotidianos po\u00e9ticos: Do \u00e9pico de Cam\u00f5es \u00e0s batalhas de rua\u201d. A programa\u00e7\u00e3o completa da feira foi divulgada nesta sexta-feira (5). Nesta edi\u00e7\u00e3o, cinco autores s\u00e3o\u2026","rel":"","context":"In &quot;Not\u00edcias de Ribeir\u00e3o Preto-SP e Regi\u00e3o&quot;","block_context":{"text":"Not\u00edcias de Ribeir\u00e3o Preto-SP e Regi\u00e3o","link":"https:\/\/ismaelcolosi.com.br\/index.php\/category\/noticias-de-ribeirao-preto-sp-e-regiao-ismael-colosi\/"},"img":{"alt_text":"","src":"https:\/\/i0.wp.com\/ismaelcolosi.com.br\/wp-content\/uploads\/2024\/07\/WhatsApp-Image-2024-07-05-at-11.23.19_2024-07-05_15-02-58_jpeg_2024-07-05_15-02-58.webp.webp?fit=1200%2C675&ssl=1&resize=350%2C200","width":350,"height":200,"srcset":"https:\/\/i0.wp.com\/ismaelcolosi.com.br\/wp-content\/uploads\/2024\/07\/WhatsApp-Image-2024-07-05-at-11.23.19_2024-07-05_15-02-58_jpeg_2024-07-05_15-02-58.webp.webp?fit=1200%2C675&ssl=1&resize=350%2C200 1x, https:\/\/i0.wp.com\/ismaelcolosi.com.br\/wp-content\/uploads\/2024\/07\/WhatsApp-Image-2024-07-05-at-11.23.19_2024-07-05_15-02-58_jpeg_2024-07-05_15-02-58.webp.webp?fit=1200%2C675&ssl=1&resize=525%2C300 1.5x, https:\/\/i0.wp.com\/ismaelcolosi.com.br\/wp-content\/uploads\/2024\/07\/WhatsApp-Image-2024-07-05-at-11.23.19_2024-07-05_15-02-58_jpeg_2024-07-05_15-02-58.webp.webp?fit=1200%2C675&ssl=1&resize=700%2C400 2x, https:\/\/i0.wp.com\/ismaelcolosi.com.br\/wp-content\/uploads\/2024\/07\/WhatsApp-Image-2024-07-05-at-11.23.19_2024-07-05_15-02-58_jpeg_2024-07-05_15-02-58.webp.webp?fit=1200%2C675&ssl=1&resize=1050%2C600 3x"},"classes":[]},{"id":58942,"url":"https:\/\/ismaelcolosi.com.br\/index.php\/2024\/08\/05\/confira-a-programacao-da-feira-do-livro-de-ribeirao-preto-nesta-segunda-feira\/","url_meta":{"origin":58717,"position":4},"title":"Confira a programa\u00e7\u00e3o da Feira do Livro de Ribeir\u00e3o Preto nesta segunda-feira","author":"ismaelcolosi.com.br","date":"5 de August de 2024","format":false,"excerpt":"A semana se inicia e a 23\u00aa Feira do Livro de Ribeir\u00e3o Preto chega ao seu quinto dia nesta segunda-feira (5) e segue at\u00e9 o dia\u00a011 de agosto.\u00a0A programa\u00e7\u00e3o do evento conta com mais de 400 atividades gratuitas. O tema central da\u00a0Feira\u00a0este ano \u00e9: \u201cCotidianos po\u00e9ticos: Do \u00e9pico de Cam\u00f5es\u2026","rel":"","context":"In &quot;Not\u00edcias de Ribeir\u00e3o Preto-SP e Regi\u00e3o&quot;","block_context":{"text":"Not\u00edcias de Ribeir\u00e3o Preto-SP e Regi\u00e3o","link":"https:\/\/ismaelcolosi.com.br\/index.php\/category\/noticias-de-ribeirao-preto-sp-e-regiao-ismael-colosi\/"},"img":{"alt_text":"","src":"https:\/\/i0.wp.com\/ismaelcolosi.com.br\/wp-content\/uploads\/2024\/08\/454235155_18453442147059855_5231844901886861220_n_2024-08-04_20-56-50.webp.webp?fit=1080%2C720&ssl=1&resize=350%2C200","width":350,"height":200,"srcset":"https:\/\/i0.wp.com\/ismaelcolosi.com.br\/wp-content\/uploads\/2024\/08\/454235155_18453442147059855_5231844901886861220_n_2024-08-04_20-56-50.webp.webp?fit=1080%2C720&ssl=1&resize=350%2C200 1x, https:\/\/i0.wp.com\/ismaelcolosi.com.br\/wp-content\/uploads\/2024\/08\/454235155_18453442147059855_5231844901886861220_n_2024-08-04_20-56-50.webp.webp?fit=1080%2C720&ssl=1&resize=525%2C300 1.5x, https:\/\/i0.wp.com\/ismaelcolosi.com.br\/wp-content\/uploads\/2024\/08\/454235155_18453442147059855_5231844901886861220_n_2024-08-04_20-56-50.webp.webp?fit=1080%2C720&ssl=1&resize=700%2C400 2x, https:\/\/i0.wp.com\/ismaelcolosi.com.br\/wp-content\/uploads\/2024\/08\/454235155_18453442147059855_5231844901886861220_n_2024-08-04_20-56-50.webp.webp?fit=1080%2C720&ssl=1&resize=1050%2C600 3x"},"classes":[]},{"id":58914,"url":"https:\/\/ismaelcolosi.com.br\/index.php\/2024\/08\/04\/confira-a-programacao-da-feira-do-livro-de-ribeirao-preto-neste-domingo\/","url_meta":{"origin":58717,"position":5},"title":"Confira a programa\u00e7\u00e3o da Feira do Livro de Ribeir\u00e3o Preto neste domingo","author":"ismaelcolosi.com.br","date":"4 de August de 2024","format":false,"excerpt":"A 23\u00aa edi\u00e7\u00e3o da Feira Internacional do Livro de Ribeir\u00e3o Preto\u00a0(FIL) chega ao seu 4\u00ba dia neste domingo (4). O evento segue at\u00e9 o dia\u00a011 de agosto.\u00a0A programa\u00e7\u00e3o cultural gratuita acontece principalmente na Pra\u00e7a XV de Dezembro, no Centro da cidade. O tema central da\u00a0FIL neste ano \u00e9: \u201cCotidianos po\u00e9ticos:\u2026","rel":"","context":"In &quot;Not\u00edcias de Ribeir\u00e3o Preto-SP e Regi\u00e3o&quot;","block_context":{"text":"Not\u00edcias de Ribeir\u00e3o Preto-SP e Regi\u00e3o","link":"https:\/\/ismaelcolosi.com.br\/index.php\/category\/noticias-de-ribeirao-preto-sp-e-regiao-ismael-colosi\/"},"img":{"alt_text":"","src":"https:\/\/i0.wp.com\/ismaelcolosi.com.br\/wp-content\/uploads\/2024\/08\/62cd3eeb-5026-464e-b8d0-d043ee122430_2024-08-03_17-28-45_jpg_2024-08-03_17-28-47-scaled.webp.webp?fit=1200%2C800&ssl=1&resize=350%2C200","width":350,"height":200,"srcset":"https:\/\/i0.wp.com\/ismaelcolosi.com.br\/wp-content\/uploads\/2024\/08\/62cd3eeb-5026-464e-b8d0-d043ee122430_2024-08-03_17-28-45_jpg_2024-08-03_17-28-47-scaled.webp.webp?fit=1200%2C800&ssl=1&resize=350%2C200 1x, https:\/\/i0.wp.com\/ismaelcolosi.com.br\/wp-content\/uploads\/2024\/08\/62cd3eeb-5026-464e-b8d0-d043ee122430_2024-08-03_17-28-45_jpg_2024-08-03_17-28-47-scaled.webp.webp?fit=1200%2C800&ssl=1&resize=525%2C300 1.5x, https:\/\/i0.wp.com\/ismaelcolosi.com.br\/wp-content\/uploads\/2024\/08\/62cd3eeb-5026-464e-b8d0-d043ee122430_2024-08-03_17-28-45_jpg_2024-08-03_17-28-47-scaled.webp.webp?fit=1200%2C800&ssl=1&resize=700%2C400 2x, https:\/\/i0.wp.com\/ismaelcolosi.com.br\/wp-content\/uploads\/2024\/08\/62cd3eeb-5026-464e-b8d0-d043ee122430_2024-08-03_17-28-45_jpg_2024-08-03_17-28-47-scaled.webp.webp?fit=1200%2C800&ssl=1&resize=1050%2C600 3x"},"classes":[]}],"jetpack_sharing_enabled":true,"jetpack_shortlink":"https:\/\/wp.me\/pfMlyK-fh3","_links":{"self":[{"href":"https:\/\/ismaelcolosi.com.br\/index.php\/wp-json\/wp\/v2\/posts\/58717","targetHints":{"allow":["GET"]}}],"collection":[{"href":"https:\/\/ismaelcolosi.com.br\/index.php\/wp-json\/wp\/v2\/posts"}],"about":[{"href":"https:\/\/ismaelcolosi.com.br\/index.php\/wp-json\/wp\/v2\/types\/post"}],"author":[{"embeddable":true,"href":"https:\/\/ismaelcolosi.com.br\/index.php\/wp-json\/wp\/v2\/users\/1"}],"replies":[{"embeddable":true,"href":"https:\/\/ismaelcolosi.com.br\/index.php\/wp-json\/wp\/v2\/comments?post=58717"}],"version-history":[{"count":0,"href":"https:\/\/ismaelcolosi.com.br\/index.php\/wp-json\/wp\/v2\/posts\/58717\/revisions"}],"wp:featuredmedia":[{"embeddable":true,"href":"https:\/\/ismaelcolosi.com.br\/index.php\/wp-json\/wp\/v2\/media\/58718"}],"wp:attachment":[{"href":"https:\/\/ismaelcolosi.com.br\/index.php\/wp-json\/wp\/v2\/media?parent=58717"}],"wp:term":[{"taxonomy":"category","embeddable":true,"href":"https:\/\/ismaelcolosi.com.br\/index.php\/wp-json\/wp\/v2\/categories?post=58717"},{"taxonomy":"post_tag","embeddable":true,"href":"https:\/\/ismaelcolosi.com.br\/index.php\/wp-json\/wp\/v2\/tags?post=58717"}],"curies":[{"name":"wp","href":"https:\/\/api.w.org\/{rel}","templated":true}]}}