{"id":58715,"date":"2024-08-02T06:34:07","date_gmt":"2024-08-02T09:34:07","guid":{"rendered":"https:\/\/ismaelcolosi.com.br\/index.php\/2024\/08\/02\/olimpiada-como-atletas-preparam-transicao-de-carreira\/"},"modified":"2024-08-02T06:34:07","modified_gmt":"2024-08-02T09:34:07","slug":"olimpiada-como-atletas-preparam-transicao-de-carreira","status":"publish","type":"post","link":"https:\/\/ismaelcolosi.com.br\/index.php\/2024\/08\/02\/olimpiada-como-atletas-preparam-transicao-de-carreira\/","title":{"rendered":"Olimp\u00edada: como atletas preparam transi\u00e7\u00e3o de carreira"},"content":{"rendered":"<p> <br \/>\n<\/p>\n<div>\n<div id=\"attachment_625688\" class=\"wp-caption alignnone style=\" max-width:=\"\"><img data-recalc-dims=\"1\" fetchpriority=\"high\" decoding=\"async\" class=\"alignnone wp-image-625688 size-full\" src=\"https:\/\/i0.wp.com\/forbes.com.br\/wp-content\/uploads\/2024\/08\/carreira-rebeca-andrade-768x512.jpg?resize=678%2C452&#038;ssl=1\" http:=\"\" alt=\"rebeca andrade\" width=\"678\" height=\"452\" data-lazy-src=\"https:\/\/forbes.com.br\/wp-content\/uploads\/2024\/08\/carreira-rebeca-andrade-768x512.jpg\"\/><img data-recalc-dims=\"1\" fetchpriority=\"high\" decoding=\"async\" class=\"alignnone wp-image-625688 size-full\" src=\"https:\/\/i0.wp.com\/forbes.com.br\/wp-content\/uploads\/2024\/08\/carreira-rebeca-andrade-768x512.jpg?resize=678%2C452&#038;ssl=1\" alt=\"rebeca andrade\" width=\"678\" height=\"452\"\/><\/p>\n<p>Jamie Squire\/Getty Images<\/p><div class='code-block code-block-8' style='margin: 8px auto; text-align: center; display: block; clear: both;'>\n<script>\n  atOptions = {\n    'key' : '66e2e2111ca34da796271819fc334058',\n    'format' : 'iframe',\n    'height' : 250,\n    'width' : 300,\n    'params' : {}\n  };\n<\/script>\n<script src=\"https:\/\/www.highperformanceformat.com\/66e2e2111ca34da796271819fc334058\/invoke.js\"><\/script>\n<\/div>\n\n<p class=\"wp-caption-text\">Rebeca Andrade, maior ginasta do Brasil e medalhista na Olimp\u00edada de Paris, \u00e9 estudante de psicologia<\/p>\n<\/div>\n<div class=\"accessibility\">\n<p>Acessibilidade<\/p>\n<p>\n<button onclick=\"alterFont1()\" id=\"btn1\" class=\"btn\">L<\/button><br \/>\n<button onclick=\"alterFont2()\" id=\"btn2\" class=\"btn\" style=\"font-family: Merriweather\">L<\/button><br \/>\n<button onclick=\"alterFontSmallerSize()\" id=\"btn3\" class=\"btn\">A-<\/button><br \/>\n<button onclick=\"alterFontBiggerSize()\" id=\"btn4\" class=\"btn\">A+<\/button><\/p>\n<p><button onclick=\"alterBackground()\" id=\"btn6\" class=\"btn\">\u25d0<\/button><\/p>\n<\/div>\n<p>A carreira de um atleta de alto rendimento pode come\u00e7ar cedo e terminar antes mesmo dos 30 anos. A ex-ginasta <strong>Daiane dos Santos<\/strong> iniciou no esporte com 11 anos, foi campe\u00e3 do mundo aos 20 e se aposentou com 29 devido a uma les\u00e3o.<\/p>\n<p>Aos 25 anos, <strong>Rebeca Andrade<\/strong>, uma das favoritas da gin\u00e1stica, coleciona medalhas e vit\u00f3rias no esporte. A atleta, que j\u00e1 se lesionou algumas vezes e ficou fora de competi\u00e7\u00f5es, tamb\u00e9m \u00e9 estudante de psicologia, e prepara o que podem ser os <strong>pr\u00f3ximos passos de sua carreira<\/strong>.<\/p>\n<h2>Leia tamb\u00e9m<\/h2>\n<h3>Entre estudos e Olimp\u00edada<\/h3>\n<p>Mas Rebeca n\u00e3o \u00e9 a \u00fanica a considerar e se preparar para novos momentos profissionais. \u201cO crescente interesse por educa\u00e7\u00e3o e forma\u00e7\u00e3o profissional reflete uma conscientiza\u00e7\u00e3o maior sobre a import\u00e2ncia de estar preparado para a vida ap\u00f3s o esporte\u201d, afirma Cl\u00e1udia Romano, presidente do Instituto Yduqs e vice-presidente do grupo educacional de mesmo nome. A atleta \u00e9 bolsista do Yduqs, que j\u00e1 investiu cerca de R$ 200 milh\u00f5es em educa\u00e7\u00e3o no esporte e envolveu 2 mil pessoas em seu programa de transi\u00e7\u00e3o de carreira para atletas e paratletas.<\/p>\n<p>Entre os 277 brasileiros que competem na Olimp\u00edada de Paris, 35 s\u00e3o alunos ou ex-alunos da Est\u00e1cio, universidade do grupo. Flavia Saraiva, companheira de Rebeca na gin\u00e1stica, cursa publicidade, e a veterana Jade Barbosa se formou em marketing. O ginasta Rayan Dutra cursa educa\u00e7\u00e3o f\u00edsica, a tenista<strong> Beatriz Haddad<\/strong> <strong>\u00e9 formada em administra\u00e7\u00e3o<\/strong> e a porta-bandeira da delega\u00e7\u00e3o Raquel Kochhann, capit\u00e3 da sele\u00e7\u00e3o feminina de Rugby, \u00e9 formada em educa\u00e7\u00e3o f\u00edsica.<\/p>\n<div id=\"attachment_624455\" class=\"wp-caption alignnone style=\" max-width:=\"\"><img data-recalc-dims=\"1\" loading=\"lazy\" decoding=\"async\" class=\"alignnone wp-image-624455 size-full\" src=\"https:\/\/i0.wp.com\/forbes.com.br\/wp-content\/uploads\/2024\/07\/mulher-Raquel-Kochhann-768x512.jpg?resize=678%2C452&#038;ssl=1\" http:=\"\" alt=\"Gaspar Nobrega\/COB\" width=\"678\" height=\"452\" data-lazy-src=\"https:\/\/forbes.com.br\/wp-content\/uploads\/2024\/07\/mulher-Raquel-Kochhann-768x512.jpg\"\/><img data-recalc-dims=\"1\" loading=\"lazy\" decoding=\"async\" class=\"alignnone wp-image-624455 size-full\" src=\"https:\/\/i0.wp.com\/forbes.com.br\/wp-content\/uploads\/2024\/07\/mulher-Raquel-Kochhann-768x512.jpg?resize=678%2C452&#038;ssl=1\" alt=\"Gaspar Nobrega\/COB\" width=\"678\" height=\"452\"\/><\/p>\n<p>Gaspar Nobrega\/COB<\/p>\n<p class=\"wp-caption-text\">Capit\u00e3 da sele\u00e7\u00e3o feminina de rugby, Raquel Kochhann superou batalha de quase dois anos contra c\u00e2ncer<\/p>\n<\/div>\n<p>Completar uma gradua\u00e7\u00e3o pode ajudar os atletas a ter seguran\u00e7a na vida ap\u00f3s o esporte. \u201cA forma\u00e7\u00e3o acad\u00eamica oferece uma base s\u00f3lida de conhecimento e habilidades que podem ser aplicadas em novas profiss\u00f5es, al\u00e9m de ajudar na constru\u00e7\u00e3o de uma rede profissional\u201d, diz Romano.<\/p>\n<h3>Vida depois do esporte<\/h3>\n<p>Por outro lado, as <strong>soft skills, ou habilidades comportamentais<\/strong>, desenvolvidas ao longo da trajet\u00f3ria no esporte s\u00e3o transfer\u00edveis para qualquer carreira. \u201cDisciplina, resili\u00eancia, capacidade de trabalhar em equipe, lideran\u00e7a, gest\u00e3o do tempo e habilidades de resolu\u00e7\u00e3o de problemas s\u00e3o altamente valorizadas em qualquer setor profissional.\u201d<\/p>\n<p>\u00c9 comum que ex-atletas aproveitem a expertise e a viv\u00eancia do esporte e assumam posi\u00e7\u00f5es como t\u00e9cnicos e comentaristas esportivos. Antes de se tornar o t\u00e9cnico com mais vit\u00f3rias do esporte brasileiro, <strong>Bernardinho<\/strong> atuou como jogador desde os 13 anos e vestiu a camisa da sele\u00e7\u00e3o de 1979 a 1986.<\/p>\n<p>Eleita a melhor do mundo na sua posi\u00e7\u00e3o, a <strong>ex-jogadora de v\u00f4lei Fof\u00e3o<\/strong> teve cinco participa\u00e7\u00f5es em Olimp\u00edadas, levou tr\u00eas medalhas ol\u00edmpicas, e agora voltou \u00e0s quadras n\u00e3o para jogar, mas para treinar a sele\u00e7\u00e3o sub-17 feminina.<\/p>\n<div id=\"attachment_529574\" class=\"wp-caption alignnone style=\" max-width:=\"\"><img data-recalc-dims=\"1\" loading=\"lazy\" decoding=\"async\" class=\"alignnone wp-image-529574 size-full\" src=\"https:\/\/i0.wp.com\/forbes.com.br\/wp-content\/uploads\/2023\/03\/mulher-fofao-volei-768x512.jpg?resize=678%2C452&#038;ssl=1\" http:=\"\" alt=\"Divulga\u00e7\u00e3o\" width=\"678\" height=\"452\" data-lazy-src=\"https:\/\/forbes.com.br\/wp-content\/uploads\/2023\/03\/mulher-fofao-volei-768x512.jpg\"\/><img data-recalc-dims=\"1\" loading=\"lazy\" decoding=\"async\" class=\"alignnone wp-image-529574 size-full\" src=\"https:\/\/i0.wp.com\/forbes.com.br\/wp-content\/uploads\/2023\/03\/mulher-fofao-volei-768x512.jpg?resize=678%2C452&#038;ssl=1\" alt=\"Divulga\u00e7\u00e3o\" width=\"678\" height=\"452\"\/><\/p>\n<p>Divulga\u00e7\u00e3o<\/p>\n<p class=\"wp-caption-text\">Fof\u00e3o, primeira mulher t\u00e9cnica de uma sele\u00e7\u00e3o de v\u00f4lei no Brasil, tamb\u00e9m \u00e9 empreendedora<\/p>\n<\/div>\n<p>A atua\u00e7\u00e3o da ex-levantadora H\u00e9lia Rog\u00e9rio de Souza, de 54 anos, vai al\u00e9m do esporte. Fof\u00e3o \u00e9 tamb\u00e9m <strong>s\u00f3cia e embaixadora da marca de cosm\u00e9ticos Beleza Negra<\/strong>, que tem produtos desenvolvidos especialmente para pessoas pretas. \u201cComo mulher negra, sei muito bem como funciona esse mercado e a necessidade que a gente tem de produtos de qualidade e mais variedade\u201d, disse ela em entrevista \u00e0 Forbes.<\/p>\n<h3>Do esporte aos neg\u00f3cios<\/h3>\n<p>O velejador <strong>Matheus Dellagnelo<\/strong>, medalhista nos Jogos Pan-americanos de Guadalajara (2011) e Lima (2019), deixou o mundo dos esportes pelo empreendedorismo.<\/p>\n<p>Matheus \u00e9 cofundador da <strong>Indicium<\/strong>, empresa de servi\u00e7os de intelig\u00eancia de mercado e an\u00e1lise de dados que recebeu um aporte de US$ 40 milh\u00f5es (R$ 226 milh\u00f5es) em rodada s\u00e9rie A em maio deste ano.<\/p>\n<div id=\"attachment_625693\" class=\"wp-caption alignnone style=\" max-width:=\"\"><img data-recalc-dims=\"1\" loading=\"lazy\" decoding=\"async\" class=\"alignnone wp-image-625693 size-full\" src=\"https:\/\/i0.wp.com\/forbes.com.br\/wp-content\/uploads\/2024\/08\/carreira-Matheus-Dellagnelo-768x512.jpg?resize=678%2C452&#038;ssl=1\" http:=\"\" alt=\"\" width=\"678\" height=\"452\" data-lazy-src=\"https:\/\/forbes.com.br\/wp-content\/uploads\/2024\/08\/carreira-Matheus-Dellagnelo-768x512.jpg\"\/><img data-recalc-dims=\"1\" loading=\"lazy\" decoding=\"async\" class=\"alignnone wp-image-625693 size-full\" src=\"https:\/\/i0.wp.com\/forbes.com.br\/wp-content\/uploads\/2024\/08\/carreira-Matheus-Dellagnelo-768x512.jpg?resize=678%2C452&#038;ssl=1\" alt=\"\" width=\"678\" height=\"452\"\/><\/p>\n<p class=\"wp-caption-text\">Matheus Dellagnelo \u00e9 ex-atleta de vela e cofundador da Indicium<\/p>\n<\/div>\n<p>O empreendedor reconhece as <strong>habilidades que traz do esporte para o dia a dia dos neg\u00f3cios<\/strong>. \u201cA an\u00e1lise de dados tamb\u00e9m impacta nos treinamentos, performance e estrat\u00e9gias quando estamos velejando\u201d, diz. \u201cPrecisamos nos atentar \u00e0 velocidade, dire\u00e7\u00e3o e \u00e2ngulo da vela, al\u00e9m de condi\u00e7\u00f5es ambientais, como velocidade do vento e correnteza.\u201d<\/p>\n<p>Como acredita na rela\u00e7\u00e3o entre esporte e mundo corporativo, Matheus chamou os funcion\u00e1rios da empresa para discutir sobre o tema e decidiu patrocinar um atleta ol\u00edmpico na Olimp\u00edada de Paris. O escolhido foi o velejador Bruno Fontes, que foi seu advers\u00e1rio e parceiro na equipe ol\u00edmpica entre 2012 e 2014.<\/p>\n<p>Seu hist\u00f3rico no esporte tamb\u00e9m ajuda a liderar seu time.\u00a0<span style=\"font-weight: 400;\">Aos 17 anos, viu treinadores gritando com atletas e percebeu que aquilo n\u00e3o funcionava.\u00a0<\/span><span style=\"font-weight: 400;\">\u201cEntendo o perfil de cada colaborador para aplicar feedbacks e direcionamentos de carreira adequados. Isso me ajuda a melhorar o desempenho do time, desde a motiva\u00e7\u00e3o \u00e0 entrega de resultados.\u201d<\/span><\/p>\n<ul>\n<li>\n<h4>Siga a <a href=\"https:\/\/whatsapp.com\/channel\/0029Va9gQKwBFLgM96cJnu0u&gt;\" target=\"_blank\" rel=\"noopener\">Forbes<\/a> no WhatsApp e receba as principais not\u00edcias sobre neg\u00f3cios, carreira, tecnologia e estilo de vida<\/h4>\n<\/li>\n<\/ul>\n<h3>Planejamento financeiro para atletas<\/h3>\n<p>Os atletas t\u00eam buscado se preparar para futuras carreiras, mas qualquer transi\u00e7\u00e3o profissional envolve planejamento \u2013 mental, profissional e tamb\u00e9m financeiro. <span style=\"font-weight: 400;\">\u201cInfelizmente, muitas vezes a real import\u00e2ncia disso \u00e9 vista quando acontece algum problema, por falta de apoio ou suporte\u201d, afirma Betina Roxo, s\u00f3cia e vice-presidente da Redoma Capital.<\/span><\/p>\n<p>Na Olimp\u00edada de T\u00f3quio, Rebeca Andrade levou R$ 400 mil por uma medalha de ouro e outra de prata. Este ano, j\u00e1 garantiu uma de bronze na final por equipes (que vale R$ 280 mil para o time), uma de prata no individual geral (que vale R$ 210 mil) e ainda vai disputar outras tr\u00eas finais.<\/p>\n<p>Apesar dos n\u00fameros relevantes, os Jogos Ol\u00edmpicos acontecem de quatro em quatro anos. Ou seja, entre os ciclos, os atletas continuam treinando, mas vivem de patroc\u00ednio \u2013 o que para alguns pode ser bem lucrativo, mas para outros \u00e9 um desafio.<\/p>\n<p>Al\u00e9m de atleta e estudante de psicologia, Rebeca Andrade \u00e9 influencer. Tem 4,7 milh\u00f5es de seguidores apenas no seu perfil do Instagram, onde faz publicidades para grandes marcas como Adidas, Havaianas e Volvo. Atletas menores tamb\u00e9m podem viver de sal\u00e1rio de clubes ou do programa do governo federal Bolsa Atleta, com valores mensais que variam de R$ 410,00 at\u00e9 R$16.690,00 conforme categoria.<\/p>\n<h3>3 estrat\u00e9gias para o sucesso financeiro dos atletas<\/h3>\n<p><span style=\"font-weight: 400;\">Para Betina Roxo, n\u00e3o existe receita m\u00e1gica para o sucesso financeiro dos atletas, mas existem pontos importantes para considerar. Ela destaca:<\/span><\/p>\n<p>1) Criar uma mentalidade de poupar e investir. \u201c\u00c9 importante que o atleta saiba quais s\u00e3o os seus desafios quanto a isso. \u00c9 quase uma \u2018fotografia financeira\u2019 para deixar tudo mais claro e projetar anos \u00e0 frente.\u201d<\/p>\n<p>2) Ter ajuda profissional. \u201cDa mesma forma que o atleta precisa do apoio de um fisioterapeuta, de um m\u00e9dico, de um treinador, \u00e9 preciso tamb\u00e9m ajuda financeira profissional, de uma pessoa de fato especialista em finan\u00e7as e investimentos.\u201d<\/p>\n<p>3) Saber se posicionar e trabalhar sua marca pessoal. \u201c\u00c9 um desafio, mas \u00e9 importante porque o mundo est\u00e1 cada vez mais digital. Ter profissionais ao seu lado para ajudar nesse posicionamento de marca faz com que voc\u00ea tenha uma recorr\u00eancia melhor de parcerias. Isso, unido ao planejamento financeiro, consegue antecipar e mitigar os momentos dif\u00edceis. Usar as redes ao seu favor, criar novas fontes de receita e planejar um futuro melhor s\u00e3o essenciais.\u201d<\/p>\n<h2>Escolhas do editor<\/h2>\n<\/div>\n<p><script type=\"rocketlazyloadscript\">\n\t\t\t\t(function(d, s, id){\n\t\t\t\t\tvar js, fjs = d.getElementsByTagName(s)[0];\n\t\t\t\t\tif (d.getElementById(id)) return;\n\t\t\t\t\tjs = d.createElement(s); js.id = id;\n\t\t\t\t\tjs.src = \"\/\/connect.facebook.net\/pt_BR\/sdk.js#xfbml=1&version=v2.9\";\n\t\t\t\t\tfjs.parentNode.insertBefore(js, fjs);\n\t\t\t\t}(document, 'script', 'facebook-jssdk'));\n\t\t\t<\/script><br \/>\n<br \/><br \/>\n<br \/><a href=\"https:\/\/forbes.com.br\/carreira\/2024\/08\/rebeca-andrade-faz-faculdade-atletas-olimpicos-preparam-transicao-de-carreira\/\">Source link <\/a><\/p>\n<div class='code-block code-block-4' style='margin: 8px auto 8px 0; text-align: left; display: block; clear: both;'>\n\ud83d\udce2 Aviso Legal\n\nO site ismaelcolosi.com.br atua apenas como um canal de divulga\u00e7\u00e3o de oportunidades de emprego e n\u00e3o se responsabiliza pelo processo seletivo, contrata\u00e7\u00e3o ou qualquer outra etapa relacionada \u00e0s vagas publicadas. Todas as informa\u00e7\u00f5es s\u00e3o de responsabilidade dos anunciantes.\n\n\u26a0\ufe0f Aten\u00e7\u00e3o! Nunca pague por promessas de emprego nem compre cursos que garantam contrata\u00e7\u00e3o. Desconfie de qualquer cobran\u00e7a para participar de sele\u00e7\u00f5es.\n\n\n\n<\/div>\n<!-- CONTENT END 1 -->\n","protected":false},"excerpt":{"rendered":"<p>Jamie Squire\/Getty Images Rebeca Andrade, maior ginasta do Brasil e medalhista na Olimp\u00edada de Paris, \u00e9 estudante de psicologia Acessibilidade L L A- A+ \u25d0&#8230;<\/p>\n","protected":false},"author":1,"featured_media":58716,"comment_status":"open","ping_status":"open","sticky":false,"template":"","format":"standard","meta":{"_uag_custom_page_level_css":"","advanced_seo_description":"","jetpack_seo_html_title":"","jetpack_seo_noindex":false,"jetpack_post_was_ever_published":false,"_jetpack_newsletter_access":"","_jetpack_dont_email_post_to_subs":false,"_jetpack_newsletter_tier_id":0,"_jetpack_memberships_contains_paywalled_content":false,"_jetpack_memberships_contains_paid_content":false,"footnotes":"","jetpack_publicize_message":"","jetpack_publicize_feature_enabled":true,"jetpack_social_post_already_shared":true,"jetpack_social_options":{"image_generator_settings":{"template":"highway","default_image_id":0,"font":"","enabled":false},"version":2}},"categories":[1964],"tags":[],"class_list":["post-58715","post","type-post","status-publish","format-standard","has-post-thumbnail","hentry","category-carreira-e-sucesso-dicas-para-carreira"],"jetpack_publicize_connections":[],"jetpack_featured_media_url":"https:\/\/i0.wp.com\/ismaelcolosi.com.br\/wp-content\/uploads\/2024\/08\/carreira-rebeca-andrade-1024x683.jpg?fit=1024%2C683&ssl=1","uagb_featured_image_src":{"full":["https:\/\/i0.wp.com\/ismaelcolosi.com.br\/wp-content\/uploads\/2024\/08\/carreira-rebeca-andrade-1024x683.jpg?fit=1024%2C683&ssl=1",1024,683,false],"thumbnail":["https:\/\/i0.wp.com\/ismaelcolosi.com.br\/wp-content\/uploads\/2024\/08\/carreira-rebeca-andrade-1024x683.jpg?resize=150%2C150&ssl=1",150,150,true],"medium":["https:\/\/i0.wp.com\/ismaelcolosi.com.br\/wp-content\/uploads\/2024\/08\/carreira-rebeca-andrade-1024x683.jpg?fit=300%2C200&ssl=1",300,200,true],"medium_large":["https:\/\/i0.wp.com\/ismaelcolosi.com.br\/wp-content\/uploads\/2024\/08\/carreira-rebeca-andrade-1024x683.jpg?fit=768%2C512&ssl=1",768,512,true],"large":["https:\/\/i0.wp.com\/ismaelcolosi.com.br\/wp-content\/uploads\/2024\/08\/carreira-rebeca-andrade-1024x683.jpg?fit=1024%2C683&ssl=1",1024,683,true],"1536x1536":["https:\/\/i0.wp.com\/ismaelcolosi.com.br\/wp-content\/uploads\/2024\/08\/carreira-rebeca-andrade-1024x683.jpg?fit=1024%2C683&ssl=1",1024,683,true],"2048x2048":["https:\/\/i0.wp.com\/ismaelcolosi.com.br\/wp-content\/uploads\/2024\/08\/carreira-rebeca-andrade-1024x683.jpg?fit=1024%2C683&ssl=1",1024,683,true],"really-simple-thumb":["https:\/\/i0.wp.com\/ismaelcolosi.com.br\/wp-content\/uploads\/2024\/08\/carreira-rebeca-andrade-1024x683.jpg?resize=370%2C247&ssl=1",370,247,true]},"uagb_author_info":{"display_name":"ismaelcolosi.com.br","author_link":"https:\/\/ismaelcolosi.com.br\/index.php\/author\/vidareal-online\/"},"uagb_comment_info":0,"uagb_excerpt":"Jamie Squire\/Getty Images Rebeca Andrade, maior ginasta do Brasil e medalhista na Olimp\u00edada de Paris, \u00e9 estudante de psicologia Acessibilidade L L A- A+ \u25d0...","jetpack-related-posts":[{"id":59358,"url":"https:\/\/ismaelcolosi.com.br\/index.php\/2024\/08\/08\/sucesso-alem-do-podio-as-licoes-da-olimpiada\/","url_meta":{"origin":58715,"position":0},"title":"Sucesso al\u00e9m do p\u00f3dio: as li\u00e7\u00f5es da Olimp\u00edada","author":"ismaelcolosi.com.br","date":"8 de August de 2024","format":false,"excerpt":"\u00a0 Acessibilidade L L A- A+ \u25d0 \u00a0 Desde o in\u00edcio da Olimp\u00edada de Paris 2024, temos visto v\u00e1rias postagens e mat\u00e9rias divulgando os valores de premia\u00e7\u00e3o a serem pagos para profissionais e equipes ganhadoras de medalhas de ouro, prata e bronze. Mas, para al\u00e9m dos valores, acredito que temos\u2026","rel":"","context":"In &quot;Carreira e Sucesso&quot;","block_context":{"text":"Carreira e Sucesso","link":"https:\/\/ismaelcolosi.com.br\/index.php\/category\/carreira-e-sucesso-dicas-para-carreira\/"},"img":{"alt_text":"","src":"https:\/\/i0.wp.com\/ismaelcolosi.com.br\/wp-content\/uploads\/2024\/08\/rebeca-andrade-simone-biles-olimpiada-jordan-chiles-1024x683.jpg?fit=1024%2C683&ssl=1&resize=350%2C200","width":350,"height":200,"srcset":"https:\/\/i0.wp.com\/ismaelcolosi.com.br\/wp-content\/uploads\/2024\/08\/rebeca-andrade-simone-biles-olimpiada-jordan-chiles-1024x683.jpg?fit=1024%2C683&ssl=1&resize=350%2C200 1x, https:\/\/i0.wp.com\/ismaelcolosi.com.br\/wp-content\/uploads\/2024\/08\/rebeca-andrade-simone-biles-olimpiada-jordan-chiles-1024x683.jpg?fit=1024%2C683&ssl=1&resize=525%2C300 1.5x, https:\/\/i0.wp.com\/ismaelcolosi.com.br\/wp-content\/uploads\/2024\/08\/rebeca-andrade-simone-biles-olimpiada-jordan-chiles-1024x683.jpg?fit=1024%2C683&ssl=1&resize=700%2C400 2x"},"classes":[]},{"id":60465,"url":"https:\/\/ismaelcolosi.com.br\/index.php\/2024\/08\/16\/a-forca-da-mente-no-caminho-para-o-sucesso\/","url_meta":{"origin":58715,"position":1},"title":"a for\u00e7a da mente no caminho para o sucesso","author":"ismaelcolosi.com.br","date":"16 de August de 2024","format":false,"excerpt":"\u00a0 Acessibilidade L L A- A+ \u25d0 \u00a0 \u201cQuero dar orgulho para os meus pais.\u201d Consigo ouvir uma atleta da Olimp\u00edada dizendo isso antes de subir ao p\u00f3dio. Muitos de n\u00f3s nos emocionamos e choramos juntos, com manifesta\u00e7\u00f5es de gratid\u00e3o como essa. Acontece que a declara\u00e7\u00e3o acima veio da Jaque,\u2026","rel":"","context":"In &quot;Carreira e Sucesso&quot;","block_context":{"text":"Carreira e Sucesso","link":"https:\/\/ismaelcolosi.com.br\/index.php\/category\/carreira-e-sucesso-dicas-para-carreira\/"},"img":{"alt_text":"","src":"https:\/\/i0.wp.com\/ismaelcolosi.com.br\/wp-content\/uploads\/2024\/08\/mulher-rebeca-andrade-simone-biles-1-1024x683.jpg?fit=1024%2C683&ssl=1&resize=350%2C200","width":350,"height":200,"srcset":"https:\/\/i0.wp.com\/ismaelcolosi.com.br\/wp-content\/uploads\/2024\/08\/mulher-rebeca-andrade-simone-biles-1-1024x683.jpg?fit=1024%2C683&ssl=1&resize=350%2C200 1x, https:\/\/i0.wp.com\/ismaelcolosi.com.br\/wp-content\/uploads\/2024\/08\/mulher-rebeca-andrade-simone-biles-1-1024x683.jpg?fit=1024%2C683&ssl=1&resize=525%2C300 1.5x, https:\/\/i0.wp.com\/ismaelcolosi.com.br\/wp-content\/uploads\/2024\/08\/mulher-rebeca-andrade-simone-biles-1-1024x683.jpg?fit=1024%2C683&ssl=1&resize=700%2C400 2x"},"classes":[]},{"id":6327,"url":"https:\/\/ismaelcolosi.com.br\/index.php\/2023\/11\/25\/o-geofisico-e-youtuber-e-embaixador-da-olimpiada-brasileira-de-astronomia-e-astronautica-oba\/","url_meta":{"origin":58715,"position":2},"title":"O geof\u00edsico e youtuber \u00e9 embaixador da Olimp\u00edada Brasileira de Astronomia e Astron\u00e1utica (OBA).","author":"ismaelcolosi.com.br","date":"25 de November de 2023","format":false,"excerpt":"25 de novembro de 2023 | 9:0022 de novembro de 2023 | 15:42 0O geof\u00edsico e youtuber S\u00e9rgio Sacani agora \u00e9 embaixador da Olimp\u00edada Brasileira de Astronomia e Astron\u00e1utica (OBA). Formado em geof\u00edsica pelo IAG da USP, mestre em engenharia do petr\u00f3leo pela UNICAMP e doutor em geoci\u00eancias pela UNICAMP,\u2026","rel":"","context":"In &quot;Not\u00edcias de Ribeir\u00e3o Preto-SP e Regi\u00e3o&quot;","block_context":{"text":"Not\u00edcias de Ribeir\u00e3o Preto-SP e Regi\u00e3o","link":"https:\/\/ismaelcolosi.com.br\/index.php\/category\/noticias-de-ribeirao-preto-sp-e-regiao-ismael-colosi\/"},"img":{"alt_text":"","src":"https:\/\/i0.wp.com\/ismaelcolosi.com.br\/wp-content\/uploads\/2023\/11\/geofisico.jpg?fit=572%2C964&ssl=1&resize=350%2C200","width":350,"height":200,"srcset":"https:\/\/i0.wp.com\/ismaelcolosi.com.br\/wp-content\/uploads\/2023\/11\/geofisico.jpg?fit=572%2C964&ssl=1&resize=350%2C200 1x, https:\/\/i0.wp.com\/ismaelcolosi.com.br\/wp-content\/uploads\/2023\/11\/geofisico.jpg?fit=572%2C964&ssl=1&resize=525%2C300 1.5x"},"classes":[]},{"id":1659,"url":"https:\/\/ismaelcolosi.com.br\/index.php\/2023\/11\/13\/estudantes-de-ribeirao-conquistam-medalhas-na-olimpiada-brasileira-de-astronomia\/","url_meta":{"origin":58715,"position":3},"title":"Estudantes de Ribeir\u00e3o conquistam medalhas na Olimp\u00edada Brasileira de Astronomia","author":"ismaelcolosi.com.br","date":"13 de November de 2023","format":false,"excerpt":"Tr\u00eas alunas do ensino m\u00e9dio t\u00e9cnico do Senac Ribeir\u00e3o Preto conquistaram a segunda e a terceira coloca\u00e7\u00f5es na 26\u00aa Olimp\u00edada Brasileira de Astronomia e Astron\u00e1utica (OBA). As estudantes Lorena Gualtieri Bonome e Yasmin Muniz Ramos, receberam a medalha de prata. J\u00e1 Lorena Aparecida Liboa, conquistou o terceiro lugar e recebeu\u2026","rel":"","context":"In &quot;Not\u00edcias de Ribeir\u00e3o Preto-SP e Regi\u00e3o&quot;","block_context":{"text":"Not\u00edcias de Ribeir\u00e3o Preto-SP e Regi\u00e3o","link":"https:\/\/ismaelcolosi.com.br\/index.php\/category\/noticias-de-ribeirao-preto-sp-e-regiao-ismael-colosi\/"},"img":{"alt_text":"","src":"https:\/\/i0.wp.com\/ismaelcolosi.com.br\/wp-content\/uploads\/2023\/11\/Ensino-medio-alunos.png?fit=1200%2C738&ssl=1&resize=350%2C200","width":350,"height":200,"srcset":"https:\/\/i0.wp.com\/ismaelcolosi.com.br\/wp-content\/uploads\/2023\/11\/Ensino-medio-alunos.png?fit=1200%2C738&ssl=1&resize=350%2C200 1x, https:\/\/i0.wp.com\/ismaelcolosi.com.br\/wp-content\/uploads\/2023\/11\/Ensino-medio-alunos.png?fit=1200%2C738&ssl=1&resize=525%2C300 1.5x, https:\/\/i0.wp.com\/ismaelcolosi.com.br\/wp-content\/uploads\/2023\/11\/Ensino-medio-alunos.png?fit=1200%2C738&ssl=1&resize=700%2C400 2x, https:\/\/i0.wp.com\/ismaelcolosi.com.br\/wp-content\/uploads\/2023\/11\/Ensino-medio-alunos.png?fit=1200%2C738&ssl=1&resize=1050%2C600 3x"},"classes":[]},{"id":58159,"url":"https:\/\/ismaelcolosi.com.br\/index.php\/2024\/07\/29\/vp-da-mastercard-vai-correr-maratona-na-olimpiada-paris\/","url_meta":{"origin":58715,"position":4},"title":"VP da Mastercard vai correr maratona na Olimp\u00edada Paris","author":"ismaelcolosi.com.br","date":"29 de July de 2024","format":false,"excerpt":"Ana Karina Scarlato, VP da Mastercard, conta como concilia uma rotina intensa de treinos para o Ironman com a vida corporativa agitada Acessibilidade L L A- A+ \u25d0 Na v\u00e9spera do encerramento da Olimp\u00edada de Paris, no dia 10 de agosto, 20 mil atletas amadores v\u00e3o participar da in\u00e9dita Maratona\u2026","rel":"","context":"In &quot;Carreira e Sucesso&quot;","block_context":{"text":"Carreira e Sucesso","link":"https:\/\/ismaelcolosi.com.br\/index.php\/category\/carreira-e-sucesso-dicas-para-carreira\/"},"img":{"alt_text":"","src":"https:\/\/i0.wp.com\/ismaelcolosi.com.br\/wp-content\/uploads\/2024\/07\/mulher-ana-karina-scarlato-1024x683.jpg?fit=1024%2C683&ssl=1&resize=350%2C200","width":350,"height":200,"srcset":"https:\/\/i0.wp.com\/ismaelcolosi.com.br\/wp-content\/uploads\/2024\/07\/mulher-ana-karina-scarlato-1024x683.jpg?fit=1024%2C683&ssl=1&resize=350%2C200 1x, https:\/\/i0.wp.com\/ismaelcolosi.com.br\/wp-content\/uploads\/2024\/07\/mulher-ana-karina-scarlato-1024x683.jpg?fit=1024%2C683&ssl=1&resize=525%2C300 1.5x, https:\/\/i0.wp.com\/ismaelcolosi.com.br\/wp-content\/uploads\/2024\/07\/mulher-ana-karina-scarlato-1024x683.jpg?fit=1024%2C683&ssl=1&resize=700%2C400 2x"},"classes":[]},{"id":59082,"url":"https:\/\/ismaelcolosi.com.br\/index.php\/2024\/08\/06\/atletas-tem-carreira-paralela-para-se-manter\/","url_meta":{"origin":58715,"position":5},"title":"atletas t\u00eam carreira paralela para se manter","author":"ismaelcolosi.com.br","date":"6 de August de 2024","format":false,"excerpt":"\u00a0 Acessibilidade L L A- A+ \u25d0 \u00a0 Os atletas que ganham medalhas nas Olimp\u00edadas s\u00e3o frequentemente recompensados com pr\u00eamios em dinheiro que variam dependendo do pa\u00eds. Esses pagamentos, por\u00e9m, n\u00e3o chegam para a maioria dos participantes. Aqueles que deixam a competi\u00e7\u00e3o sem pisar no p\u00f3dio frequentemente precisam de outros\u2026","rel":"","context":"In &quot;Carreira e Sucesso&quot;","block_context":{"text":"Carreira e Sucesso","link":"https:\/\/ismaelcolosi.com.br\/index.php\/category\/carreira-e-sucesso-dicas-para-carreira\/"},"img":{"alt_text":"","src":"https:\/\/i0.wp.com\/ismaelcolosi.com.br\/wp-content\/uploads\/2024\/08\/Robbie-Manson-rebeca-andrade-1024x683.jpg?fit=1024%2C683&ssl=1&resize=350%2C200","width":350,"height":200,"srcset":"https:\/\/i0.wp.com\/ismaelcolosi.com.br\/wp-content\/uploads\/2024\/08\/Robbie-Manson-rebeca-andrade-1024x683.jpg?fit=1024%2C683&ssl=1&resize=350%2C200 1x, https:\/\/i0.wp.com\/ismaelcolosi.com.br\/wp-content\/uploads\/2024\/08\/Robbie-Manson-rebeca-andrade-1024x683.jpg?fit=1024%2C683&ssl=1&resize=525%2C300 1.5x, https:\/\/i0.wp.com\/ismaelcolosi.com.br\/wp-content\/uploads\/2024\/08\/Robbie-Manson-rebeca-andrade-1024x683.jpg?fit=1024%2C683&ssl=1&resize=700%2C400 2x"},"classes":[]}],"jetpack_sharing_enabled":true,"jetpack_shortlink":"https:\/\/wp.me\/pfMlyK-fh1","_links":{"self":[{"href":"https:\/\/ismaelcolosi.com.br\/index.php\/wp-json\/wp\/v2\/posts\/58715","targetHints":{"allow":["GET"]}}],"collection":[{"href":"https:\/\/ismaelcolosi.com.br\/index.php\/wp-json\/wp\/v2\/posts"}],"about":[{"href":"https:\/\/ismaelcolosi.com.br\/index.php\/wp-json\/wp\/v2\/types\/post"}],"author":[{"embeddable":true,"href":"https:\/\/ismaelcolosi.com.br\/index.php\/wp-json\/wp\/v2\/users\/1"}],"replies":[{"embeddable":true,"href":"https:\/\/ismaelcolosi.com.br\/index.php\/wp-json\/wp\/v2\/comments?post=58715"}],"version-history":[{"count":0,"href":"https:\/\/ismaelcolosi.com.br\/index.php\/wp-json\/wp\/v2\/posts\/58715\/revisions"}],"wp:featuredmedia":[{"embeddable":true,"href":"https:\/\/ismaelcolosi.com.br\/index.php\/wp-json\/wp\/v2\/media\/58716"}],"wp:attachment":[{"href":"https:\/\/ismaelcolosi.com.br\/index.php\/wp-json\/wp\/v2\/media?parent=58715"}],"wp:term":[{"taxonomy":"category","embeddable":true,"href":"https:\/\/ismaelcolosi.com.br\/index.php\/wp-json\/wp\/v2\/categories?post=58715"},{"taxonomy":"post_tag","embeddable":true,"href":"https:\/\/ismaelcolosi.com.br\/index.php\/wp-json\/wp\/v2\/tags?post=58715"}],"curies":[{"name":"wp","href":"https:\/\/api.w.org\/{rel}","templated":true}]}}