{"id":58709,"date":"2024-08-01T21:30:15","date_gmt":"2024-08-02T00:30:15","guid":{"rendered":"https:\/\/ismaelcolosi.com.br\/index.php\/2024\/08\/01\/e-o-tchan-esta-confirmado-em-trio-eletrico-na-festa-do-peao-de-barretos\/"},"modified":"2024-08-01T21:30:15","modified_gmt":"2024-08-02T00:30:15","slug":"e-o-tchan-esta-confirmado-em-trio-eletrico-na-festa-do-peao-de-barretos","status":"publish","type":"post","link":"https:\/\/ismaelcolosi.com.br\/index.php\/2024\/08\/01\/e-o-tchan-esta-confirmado-em-trio-eletrico-na-festa-do-peao-de-barretos\/","title":{"rendered":"\u00c9 o Tchan est\u00e1 confirmado em trio el\u00e9trico na Festa do Pe\u00e3o de Barretos"},"content":{"rendered":"<p> <br \/>\n<\/p>\n<div data-td-block-uid=\"tdi_106\">\n<div class=\"tdb-block-inner td-fix-index\">\n<p>O grupo <strong>\u00c9 o Tchan<\/strong> est\u00e1 confirmado entre as atra\u00e7\u00f5es do<mark style=\"background-color:#fcb900\" class=\"has-inline-color has-black-color\"> trio el\u00e9trico que vai desfilar pelas ruas do Parque do Pe\u00e3o<\/mark>, durante a <strong>Festa do Pe\u00e3o de Barretos<\/strong>. Al\u00e9m do grupo, tamb\u00e9m estar\u00e3o no evento <strong>Michel Tel\u00f3<\/strong>,<strong> Banda Eva<\/strong> e C<strong>laudia Leitte<\/strong>.<\/p>\n<p>O Barret\u00e3o El\u00e9trico acontece nos dias 16, 17, 23 e 24 de agosto com o trio el\u00e9trico Mega Bordoada, sucesso e refer\u00eancia do Carnaval de Salvador.<\/p>\n<h4 class=\"wp-block-heading\"><strong>Agenda do trio el\u00e9trico<\/strong><\/h4>\n<ul>\n<li>A primeira atra\u00e7\u00e3o do trio el\u00e9trico ser\u00e1 Michel Tel\u00f3, no dia 16, sexta-feira.<\/li>\n<\/ul>\n<ul>\n<li>No s\u00e1bado, dia 17, \u00e9 a vez do grupo \u00c9 o Tchan.<\/li>\n<\/ul>\n<ul>\n<li>J\u00e1 na sexta-feira, dia 23, a Banda Eva subir\u00e1 no trio el\u00e9trico.<\/li>\n<\/ul>\n<ul>\n<li>No dia 24, s\u00e1bado, Claudia Leitte ser\u00e1 a atra\u00e7\u00e3o da micareta.<\/li>\n<\/ul>\n<h4 class=\"wp-block-heading\"><strong>Ingressos<\/strong><\/h4>\n<p>Os ingressos para o evento est\u00e3o dispon\u00edveis para venda exclusivamente<a href=\"https:\/\/barretos.totalacesso.com\/\" target=\"_blank\" rel=\"noreferrer noopener nofollow\"> no site oficial (clique aqui)<\/a>. Para os dias 17 e 24 de agosto, est\u00e3o esgotados os ingressos Parque\/Rodeio\/Show, que d\u00e3o acesso aos shows e competi\u00e7\u00f5es que ocorrem no Est\u00e1dio de Rodeios.<\/p>\n<p>No entanto, Pedro Muzeti explica que ainda restam ingressos da modalidade Parque, que permite o acesso a outros palcos e tamb\u00e9m ao trio el\u00e9trico.<\/p>\n<p>SAIBA MAIS<br \/>Ribeir\u00e3o Preto pode ganhar bairro inteligente inspirado em Puerto Madero; Entenda<\/p>\n<h4 class=\"wp-block-heading\"><strong>FIQUE ON<\/strong><\/h4>\n<p>Fique ligado em tudo que acontece em Ribeir\u00e3o Preto e regi\u00e3o. Siga os perfis do\u00a0<strong>acidade on\u00a0<\/strong>no\u00a0<a href=\"https:\/\/www.instagram.com\/acidadeonribeirao\" target=\"_blank\" rel=\"noreferrer noopener\">Instagram\u00a0<\/a>e no\u00a0<a href=\"https:\/\/www.facebook.com\/acidadeonribeirao\/\" target=\"_blank\" rel=\"noreferrer noopener\">Facebook<\/a>.<\/p>\n<p>Receba not\u00edcias do<strong>\u00a0acidade on\u00a0<\/strong>no WhatsApp.\u00a0<a href=\"https:\/\/chat.whatsapp.com\/Dtv9mxhy6V5BJBotM2OQ5k\" target=\"_blank\" rel=\"noreferrer noopener\">Para entrar no grupo, basta clicar aqui.<\/a><\/p>\n<p>Fa\u00e7a uma den\u00fancia ou sugira uma reportagem sobre Ribeir\u00e3o Preto e regi\u00e3o pelo WhatsApp: 16 99117 7802.<\/p>\n<p>VEJA TAMB\u00c9M<br \/>Qual o final de Sandra em \u201cRenascer\u201d?<\/p>\n<p><!-- CONTENT END 1 -->\n<\/div>\n<\/div>\n<p><script async src=\"\/\/www.instagram.com\/embed.js\"><\/script><br \/>\n<br \/><br \/>\n<br \/><a href=\"https:\/\/www.acidadeon.com\/ribeiraopreto\/lazer-e-cultura\/e-o-tchan-esta-confirmado-em-trio-eletrico-na-festa-do-peao-de-barretos\/\">Source link <\/a><\/p>\n","protected":false},"excerpt":{"rendered":"<p>O grupo \u00c9 o Tchan est\u00e1 confirmado entre as atra\u00e7\u00f5es do trio el\u00e9trico que vai desfilar pelas ruas do Parque do Pe\u00e3o, durante a Festa&#8230;<\/p>\n","protected":false},"author":1,"featured_media":58710,"comment_status":"open","ping_status":"open","sticky":false,"template":"","format":"standard","meta":{"_uag_custom_page_level_css":"","advanced_seo_description":"","jetpack_seo_html_title":"","jetpack_seo_noindex":false,"jetpack_post_was_ever_published":false,"_jetpack_newsletter_access":"","_jetpack_dont_email_post_to_subs":false,"_jetpack_newsletter_tier_id":0,"_jetpack_memberships_contains_paywalled_content":false,"_jetpack_memberships_contains_paid_content":false,"footnotes":"","jetpack_publicize_message":"","jetpack_publicize_feature_enabled":true,"jetpack_social_post_already_shared":true,"jetpack_social_options":{"image_generator_settings":{"template":"highway","default_image_id":0,"font":"","enabled":false},"version":2}},"categories":[11],"tags":[],"class_list":["post-58709","post","type-post","status-publish","format-standard","has-post-thumbnail","hentry","category-noticias-de-ribeirao-preto-sp-e-regiao-ismael-colosi"],"jetpack_publicize_connections":[],"jetpack_featured_media_url":"https:\/\/i0.wp.com\/ismaelcolosi.com.br\/wp-content\/uploads\/2024\/08\/e-o-tchan_2024-08-02_00-06-04_jpeg_2024-08-02_00-06-05.webp.webp?fit=1920%2C1079&ssl=1","uagb_featured_image_src":{"full":["https:\/\/i0.wp.com\/ismaelcolosi.com.br\/wp-content\/uploads\/2024\/08\/e-o-tchan_2024-08-02_00-06-04_jpeg_2024-08-02_00-06-05.webp.webp?fit=1920%2C1079&ssl=1",1920,1079,false],"thumbnail":["https:\/\/i0.wp.com\/ismaelcolosi.com.br\/wp-content\/uploads\/2024\/08\/e-o-tchan_2024-08-02_00-06-04_jpeg_2024-08-02_00-06-05.webp.webp?resize=150%2C150&ssl=1",150,150,true],"medium":["https:\/\/i0.wp.com\/ismaelcolosi.com.br\/wp-content\/uploads\/2024\/08\/e-o-tchan_2024-08-02_00-06-04_jpeg_2024-08-02_00-06-05.webp.webp?fit=300%2C169&ssl=1",300,169,true],"medium_large":["https:\/\/i0.wp.com\/ismaelcolosi.com.br\/wp-content\/uploads\/2024\/08\/e-o-tchan_2024-08-02_00-06-04_jpeg_2024-08-02_00-06-05.webp.webp?fit=768%2C432&ssl=1",768,432,true],"large":["https:\/\/i0.wp.com\/ismaelcolosi.com.br\/wp-content\/uploads\/2024\/08\/e-o-tchan_2024-08-02_00-06-04_jpeg_2024-08-02_00-06-05.webp.webp?fit=1024%2C575&ssl=1",1024,575,true],"1536x1536":["https:\/\/i0.wp.com\/ismaelcolosi.com.br\/wp-content\/uploads\/2024\/08\/e-o-tchan_2024-08-02_00-06-04_jpeg_2024-08-02_00-06-05.webp.webp?fit=1536%2C863&ssl=1",1536,863,true],"2048x2048":["https:\/\/i0.wp.com\/ismaelcolosi.com.br\/wp-content\/uploads\/2024\/08\/e-o-tchan_2024-08-02_00-06-04_jpeg_2024-08-02_00-06-05.webp.webp?fit=1920%2C1079&ssl=1",1920,1079,true],"really-simple-thumb":["https:\/\/i0.wp.com\/ismaelcolosi.com.br\/wp-content\/uploads\/2024\/08\/e-o-tchan_2024-08-02_00-06-04_jpeg_2024-08-02_00-06-05.webp.webp?resize=370%2C247&ssl=1",370,247,true]},"uagb_author_info":{"display_name":"ismaelcolosi.com.br","author_link":"https:\/\/ismaelcolosi.com.br\/index.php\/author\/vidareal-online\/"},"uagb_comment_info":0,"uagb_excerpt":"O grupo \u00c9 o Tchan est\u00e1 confirmado entre as atra\u00e7\u00f5es do trio el\u00e9trico que vai desfilar pelas ruas do Parque do Pe\u00e3o, durante a Festa...","jetpack-related-posts":[{"id":60193,"url":"https:\/\/ismaelcolosi.com.br\/index.php\/2024\/08\/14\/festa-do-peao-de-barretos-comeca-nesta-quinta-veja-programacao-de-shows\/","url_meta":{"origin":58709,"position":0},"title":"Festa do Pe\u00e3o de Barretos come\u00e7a nesta quinta; Veja programa\u00e7\u00e3o de shows","author":"ismaelcolosi.com.br","date":"14 de August de 2024","format":false,"excerpt":"A 69\u00aa Festa do Pe\u00e3o de Barretos, considerada a maior da Am\u00e9rica Latina, tem in\u00edcio nesta quinta-feira (15). Entre as atra\u00e7\u00f5es confirmadas para a abertura est\u00e3o Luan Pereira, Lauana Prado e DJ Lucas Beat. De acordo com a organiza\u00e7\u00e3o, o evento que acontece entre os dias 15 e 25 de\u2026","rel":"","context":"In &quot;Not\u00edcias de Ribeir\u00e3o Preto-SP e Regi\u00e3o&quot;","block_context":{"text":"Not\u00edcias de Ribeir\u00e3o Preto-SP e Regi\u00e3o","link":"https:\/\/ismaelcolosi.com.br\/index.php\/category\/noticias-de-ribeirao-preto-sp-e-regiao-ismael-colosi\/"},"img":{"alt_text":"","src":"https:\/\/i0.wp.com\/ismaelcolosi.com.br\/wp-content\/uploads\/2024\/08\/172312398066b4c90cb1cc8_2024-08-14_20-51-59_jpg_2024-08-14_20-51-59.webp.webp?fit=800%2C533&ssl=1&resize=350%2C200","width":350,"height":200,"srcset":"https:\/\/i0.wp.com\/ismaelcolosi.com.br\/wp-content\/uploads\/2024\/08\/172312398066b4c90cb1cc8_2024-08-14_20-51-59_jpg_2024-08-14_20-51-59.webp.webp?fit=800%2C533&ssl=1&resize=350%2C200 1x, https:\/\/i0.wp.com\/ismaelcolosi.com.br\/wp-content\/uploads\/2024\/08\/172312398066b4c90cb1cc8_2024-08-14_20-51-59_jpg_2024-08-14_20-51-59.webp.webp?fit=800%2C533&ssl=1&resize=525%2C300 1.5x, https:\/\/i0.wp.com\/ismaelcolosi.com.br\/wp-content\/uploads\/2024\/08\/172312398066b4c90cb1cc8_2024-08-14_20-51-59_jpg_2024-08-14_20-51-59.webp.webp?fit=800%2C533&ssl=1&resize=700%2C400 2x"},"classes":[]},{"id":60491,"url":"https:\/\/ismaelcolosi.com.br\/index.php\/2024\/08\/16\/festa-do-peao-teatro-e-zeca-pagodinho-veja-as-opcoes-para-o-fim-de-semana-em-ribeirao-e-regiao\/","url_meta":{"origin":58709,"position":1},"title":"Festa do Pe\u00e3o, teatro e Zeca Pagodinho: Veja as op\u00e7\u00f5es para o fim de semana em Ribeir\u00e3o e regi\u00e3o","author":"ismaelcolosi.com.br","date":"16 de August de 2024","format":false,"excerpt":"A programa\u00e7\u00e3o deste fim de semana em Ribeir\u00e3o Preto e regi\u00e3o conta com diversas atividades culturais com entrada paga e gratuita para quem n\u00e3o quer ficar parado. Entre as op\u00e7\u00f5es, est\u00e3o pe\u00e7as de teatro com Samuel de Assis, Festa do Pe\u00e3o de Barretos e show do Zeca Pagodinho. Confira: E\u2026","rel":"","context":"In &quot;Not\u00edcias de Ribeir\u00e3o Preto-SP e Regi\u00e3o&quot;","block_context":{"text":"Not\u00edcias de Ribeir\u00e3o Preto-SP e Regi\u00e3o","link":"https:\/\/ismaelcolosi.com.br\/index.php\/category\/noticias-de-ribeirao-preto-sp-e-regiao-ismael-colosi\/"},"img":{"alt_text":"","src":"https:\/\/i0.wp.com\/ismaelcolosi.com.br\/wp-content\/uploads\/2024\/08\/Copia-de-Copia-de-Copia-de-TAMANHO-EXATO-PARA-FOTOS-NO-SISTEMA-NOVO-3_2024-08-16_11-59-49_jpg_2024-08-16_11-59-49.webp.webp?fit=1200%2C675&ssl=1&resize=350%2C200","width":350,"height":200,"srcset":"https:\/\/i0.wp.com\/ismaelcolosi.com.br\/wp-content\/uploads\/2024\/08\/Copia-de-Copia-de-Copia-de-TAMANHO-EXATO-PARA-FOTOS-NO-SISTEMA-NOVO-3_2024-08-16_11-59-49_jpg_2024-08-16_11-59-49.webp.webp?fit=1200%2C675&ssl=1&resize=350%2C200 1x, https:\/\/i0.wp.com\/ismaelcolosi.com.br\/wp-content\/uploads\/2024\/08\/Copia-de-Copia-de-Copia-de-TAMANHO-EXATO-PARA-FOTOS-NO-SISTEMA-NOVO-3_2024-08-16_11-59-49_jpg_2024-08-16_11-59-49.webp.webp?fit=1200%2C675&ssl=1&resize=525%2C300 1.5x, https:\/\/i0.wp.com\/ismaelcolosi.com.br\/wp-content\/uploads\/2024\/08\/Copia-de-Copia-de-Copia-de-TAMANHO-EXATO-PARA-FOTOS-NO-SISTEMA-NOVO-3_2024-08-16_11-59-49_jpg_2024-08-16_11-59-49.webp.webp?fit=1200%2C675&ssl=1&resize=700%2C400 2x, https:\/\/i0.wp.com\/ismaelcolosi.com.br\/wp-content\/uploads\/2024\/08\/Copia-de-Copia-de-Copia-de-TAMANHO-EXATO-PARA-FOTOS-NO-SISTEMA-NOVO-3_2024-08-16_11-59-49_jpg_2024-08-16_11-59-49.webp.webp?fit=1200%2C675&ssl=1&resize=1050%2C600 3x"},"classes":[]},{"id":59184,"url":"https:\/\/ismaelcolosi.com.br\/index.php\/2024\/08\/06\/deive-leonardo-faz-show-beneficente-na-festa-do-peao-de-barretos-veja-como-reservar-ingresso\/","url_meta":{"origin":58709,"position":2},"title":"Deive Leonardo faz show beneficente na Festa do Pe\u00e3o de Barretos; veja como reservar ingresso","author":"ismaelcolosi.com.br","date":"6 de August de 2024","format":false,"excerpt":"As inscri\u00e7\u00f5es para a apresenta\u00e7\u00e3o do escritor e evangelista Deive Leonardo na 69\u00aa Festa do Pe\u00e3o de Barretos come\u00e7aram nesta ter\u00e7a-feira (6) \u2013 veja abaixo. Sua nova turn\u00ea mundial \u2018Antes & Depois\u2019 acontece no dia 19 de agosto, no Est\u00e1dio de Rodeios e est\u00e1 agendada para \u00e0s 21h. A Festa\u2026","rel":"","context":"In &quot;Not\u00edcias de Ribeir\u00e3o Preto-SP e Regi\u00e3o&quot;","block_context":{"text":"Not\u00edcias de Ribeir\u00e3o Preto-SP e Regi\u00e3o","link":"https:\/\/ismaelcolosi.com.br\/index.php\/category\/noticias-de-ribeirao-preto-sp-e-regiao-ismael-colosi\/"},"img":{"alt_text":"","src":"https:\/\/i0.wp.com\/ismaelcolosi.com.br\/wp-content\/uploads\/2024\/08\/Copia-de-Copia-de-TAMANHO-EXATO-PARA-FOTOS-NO-SISTEMA-NOVO-2024-08-06T155328.544_2024-08-06_18-53-43_png_2024-08-06_18-53-43.webp.webp?fit=1200%2C675&ssl=1&resize=350%2C200","width":350,"height":200,"srcset":"https:\/\/i0.wp.com\/ismaelcolosi.com.br\/wp-content\/uploads\/2024\/08\/Copia-de-Copia-de-TAMANHO-EXATO-PARA-FOTOS-NO-SISTEMA-NOVO-2024-08-06T155328.544_2024-08-06_18-53-43_png_2024-08-06_18-53-43.webp.webp?fit=1200%2C675&ssl=1&resize=350%2C200 1x, https:\/\/i0.wp.com\/ismaelcolosi.com.br\/wp-content\/uploads\/2024\/08\/Copia-de-Copia-de-TAMANHO-EXATO-PARA-FOTOS-NO-SISTEMA-NOVO-2024-08-06T155328.544_2024-08-06_18-53-43_png_2024-08-06_18-53-43.webp.webp?fit=1200%2C675&ssl=1&resize=525%2C300 1.5x, https:\/\/i0.wp.com\/ismaelcolosi.com.br\/wp-content\/uploads\/2024\/08\/Copia-de-Copia-de-TAMANHO-EXATO-PARA-FOTOS-NO-SISTEMA-NOVO-2024-08-06T155328.544_2024-08-06_18-53-43_png_2024-08-06_18-53-43.webp.webp?fit=1200%2C675&ssl=1&resize=700%2C400 2x, https:\/\/i0.wp.com\/ismaelcolosi.com.br\/wp-content\/uploads\/2024\/08\/Copia-de-Copia-de-TAMANHO-EXATO-PARA-FOTOS-NO-SISTEMA-NOVO-2024-08-06T155328.544_2024-08-06_18-53-43_png_2024-08-06_18-53-43.webp.webp?fit=1200%2C675&ssl=1&resize=1050%2C600 3x"},"classes":[]},{"id":45492,"url":"https:\/\/ismaelcolosi.com.br\/index.php\/2024\/04\/04\/show-de-daniel-e-confirmado-na-festa-do-peao-de-barretos\/","url_meta":{"origin":58709,"position":3},"title":"Show de Daniel \u00e9 confirmado na Festa do Pe\u00e3o de Barretos","author":"ismaelcolosi.com.br","date":"4 de April de 2024","format":false,"excerpt":"Show de Daniel \u00e9 confirmado na Festa do Pe\u00e3o de BarretosArtista com 40 anos de carreira, integra a grade musical de 22 de agosto. No mesmo dia, evento tamb\u00e9m ter\u00e1 shows de Matogrosso & Mathias, Victor & L\u00e9o e Pedro Paulo & Alex. Festa acontece de 15 a 25 de\u2026","rel":"","context":"In &quot;Not\u00edcias de Ribeir\u00e3o Preto-SP e Regi\u00e3o&quot;","block_context":{"text":"Not\u00edcias de Ribeir\u00e3o Preto-SP e Regi\u00e3o","link":"https:\/\/ismaelcolosi.com.br\/index.php\/category\/noticias-de-ribeirao-preto-sp-e-regiao-ismael-colosi\/"},"img":{"alt_text":"","src":"https:\/\/i0.wp.com\/ismaelcolosi.com.br\/wp-content\/uploads\/2024\/04\/Cantor-Daniel-celebra-40-anos-de-carreira-com-show-inedito.webp.webp?fit=1200%2C856&ssl=1&resize=350%2C200","width":350,"height":200,"srcset":"https:\/\/i0.wp.com\/ismaelcolosi.com.br\/wp-content\/uploads\/2024\/04\/Cantor-Daniel-celebra-40-anos-de-carreira-com-show-inedito.webp.webp?fit=1200%2C856&ssl=1&resize=350%2C200 1x, https:\/\/i0.wp.com\/ismaelcolosi.com.br\/wp-content\/uploads\/2024\/04\/Cantor-Daniel-celebra-40-anos-de-carreira-com-show-inedito.webp.webp?fit=1200%2C856&ssl=1&resize=525%2C300 1.5x, https:\/\/i0.wp.com\/ismaelcolosi.com.br\/wp-content\/uploads\/2024\/04\/Cantor-Daniel-celebra-40-anos-de-carreira-com-show-inedito.webp.webp?fit=1200%2C856&ssl=1&resize=700%2C400 2x, https:\/\/i0.wp.com\/ismaelcolosi.com.br\/wp-content\/uploads\/2024\/04\/Cantor-Daniel-celebra-40-anos-de-carreira-com-show-inedito.webp.webp?fit=1200%2C856&ssl=1&resize=1050%2C600 3x"},"classes":[]},{"id":39638,"url":"https:\/\/ismaelcolosi.com.br\/index.php\/2024\/02\/27\/lauana-prado-e-mais-uma-atracao-confirmada-na-festa-do-peao-de-barretos\/","url_meta":{"origin":58709,"position":4},"title":"Lauana Prado \u00e9 mais uma atra\u00e7\u00e3o confirmada na Festa do Pe\u00e3o de Barretos","author":"ismaelcolosi.com.br","date":"27 de February de 2024","format":false,"excerpt":"Foi confirmada nesta ter\u00e7a-feira (27) mais uma atra\u00e7\u00e3o para a 69\u00aa Festa do Pe\u00e3o de Boiadeiro de Barretos, cidade a cerca de 120 quil\u00f4metros de Ribeir\u00e3o Preto. Desta vez, quem se apresenta, pelo segundo ano consecutivo, \u00e9 a cantora Lauana Prado. O show \u201cRaiz Arena\u201d, que faz releituras de grandes\u2026","rel":"","context":"In &quot;Not\u00edcias de Ribeir\u00e3o Preto-SP e Regi\u00e3o&quot;","block_context":{"text":"Not\u00edcias de Ribeir\u00e3o Preto-SP e Regi\u00e3o","link":"https:\/\/ismaelcolosi.com.br\/index.php\/category\/noticias-de-ribeirao-preto-sp-e-regiao-ismael-colosi\/"},"img":{"alt_text":"","src":"https:\/\/i0.wp.com\/ismaelcolosi.com.br\/wp-content\/uploads\/2024\/02\/Copia-de-Copia-de-TAMANHO-EXATO-PARA-FOTOS-NO-SISTEMA-NOVO-15.jpg?fit=1200%2C675&ssl=1&resize=350%2C200","width":350,"height":200,"srcset":"https:\/\/i0.wp.com\/ismaelcolosi.com.br\/wp-content\/uploads\/2024\/02\/Copia-de-Copia-de-TAMANHO-EXATO-PARA-FOTOS-NO-SISTEMA-NOVO-15.jpg?fit=1200%2C675&ssl=1&resize=350%2C200 1x, https:\/\/i0.wp.com\/ismaelcolosi.com.br\/wp-content\/uploads\/2024\/02\/Copia-de-Copia-de-TAMANHO-EXATO-PARA-FOTOS-NO-SISTEMA-NOVO-15.jpg?fit=1200%2C675&ssl=1&resize=525%2C300 1.5x, https:\/\/i0.wp.com\/ismaelcolosi.com.br\/wp-content\/uploads\/2024\/02\/Copia-de-Copia-de-TAMANHO-EXATO-PARA-FOTOS-NO-SISTEMA-NOVO-15.jpg?fit=1200%2C675&ssl=1&resize=700%2C400 2x, https:\/\/i0.wp.com\/ismaelcolosi.com.br\/wp-content\/uploads\/2024\/02\/Copia-de-Copia-de-TAMANHO-EXATO-PARA-FOTOS-NO-SISTEMA-NOVO-15.jpg?fit=1200%2C675&ssl=1&resize=1050%2C600 3x"},"classes":[]},{"id":50257,"url":"https:\/\/ismaelcolosi.com.br\/index.php\/2024\/05\/15\/cesar-menotti-fabiano-fazem-show-extra-com-convidados-na-festa-do-peao-de-barretos\/","url_meta":{"origin":58709,"position":5},"title":"C\u00e9sar Menotti &#038; Fabiano fazem show extra com convidados na Festa do Pe\u00e3o de Barretos","author":"ismaelcolosi.com.br","date":"15 de May de 2024","format":false,"excerpt":"A dupla sertaneja C\u00e9sar Menotti & Fabiano far\u00e1 um show extra durante a 69\u00aa Festa do Pe\u00e3o de Barretos. A apresenta\u00e7\u00e3o especial com convidados , em comemora\u00e7\u00e3o aos 20 anos de carreira, ser\u00e1 no dia 21 de agosto. O show dos embaixadores, j\u00e1 anunciado anteriormente, ser\u00e1 no dia 17. Mesmo\u2026","rel":"","context":"In &quot;Not\u00edcias de Ribeir\u00e3o Preto-SP e Regi\u00e3o&quot;","block_context":{"text":"Not\u00edcias de Ribeir\u00e3o Preto-SP e Regi\u00e3o","link":"https:\/\/ismaelcolosi.com.br\/index.php\/category\/noticias-de-ribeirao-preto-sp-e-regiao-ismael-colosi\/"},"img":{"alt_text":"","src":"https:\/\/i0.wp.com\/ismaelcolosi.com.br\/wp-content\/uploads\/2024\/05\/WhatsApp-Image-2024-05-15-at-12.16.04-1_2024-05-15_16-01-49_jpeg_2024-05-15_16-01-49.webp.webp?fit=1200%2C800&ssl=1&resize=350%2C200","width":350,"height":200,"srcset":"https:\/\/i0.wp.com\/ismaelcolosi.com.br\/wp-content\/uploads\/2024\/05\/WhatsApp-Image-2024-05-15-at-12.16.04-1_2024-05-15_16-01-49_jpeg_2024-05-15_16-01-49.webp.webp?fit=1200%2C800&ssl=1&resize=350%2C200 1x, https:\/\/i0.wp.com\/ismaelcolosi.com.br\/wp-content\/uploads\/2024\/05\/WhatsApp-Image-2024-05-15-at-12.16.04-1_2024-05-15_16-01-49_jpeg_2024-05-15_16-01-49.webp.webp?fit=1200%2C800&ssl=1&resize=525%2C300 1.5x, https:\/\/i0.wp.com\/ismaelcolosi.com.br\/wp-content\/uploads\/2024\/05\/WhatsApp-Image-2024-05-15-at-12.16.04-1_2024-05-15_16-01-49_jpeg_2024-05-15_16-01-49.webp.webp?fit=1200%2C800&ssl=1&resize=700%2C400 2x, https:\/\/i0.wp.com\/ismaelcolosi.com.br\/wp-content\/uploads\/2024\/05\/WhatsApp-Image-2024-05-15-at-12.16.04-1_2024-05-15_16-01-49_jpeg_2024-05-15_16-01-49.webp.webp?fit=1200%2C800&ssl=1&resize=1050%2C600 3x"},"classes":[]}],"jetpack_sharing_enabled":true,"jetpack_shortlink":"https:\/\/wp.me\/pfMlyK-fgV","_links":{"self":[{"href":"https:\/\/ismaelcolosi.com.br\/index.php\/wp-json\/wp\/v2\/posts\/58709","targetHints":{"allow":["GET"]}}],"collection":[{"href":"https:\/\/ismaelcolosi.com.br\/index.php\/wp-json\/wp\/v2\/posts"}],"about":[{"href":"https:\/\/ismaelcolosi.com.br\/index.php\/wp-json\/wp\/v2\/types\/post"}],"author":[{"embeddable":true,"href":"https:\/\/ismaelcolosi.com.br\/index.php\/wp-json\/wp\/v2\/users\/1"}],"replies":[{"embeddable":true,"href":"https:\/\/ismaelcolosi.com.br\/index.php\/wp-json\/wp\/v2\/comments?post=58709"}],"version-history":[{"count":0,"href":"https:\/\/ismaelcolosi.com.br\/index.php\/wp-json\/wp\/v2\/posts\/58709\/revisions"}],"wp:featuredmedia":[{"embeddable":true,"href":"https:\/\/ismaelcolosi.com.br\/index.php\/wp-json\/wp\/v2\/media\/58710"}],"wp:attachment":[{"href":"https:\/\/ismaelcolosi.com.br\/index.php\/wp-json\/wp\/v2\/media?parent=58709"}],"wp:term":[{"taxonomy":"category","embeddable":true,"href":"https:\/\/ismaelcolosi.com.br\/index.php\/wp-json\/wp\/v2\/categories?post=58709"},{"taxonomy":"post_tag","embeddable":true,"href":"https:\/\/ismaelcolosi.com.br\/index.php\/wp-json\/wp\/v2\/tags?post=58709"}],"curies":[{"name":"wp","href":"https:\/\/api.w.org\/{rel}","templated":true}]}}