{"id":58706,"date":"2024-08-01T21:01:56","date_gmt":"2024-08-02T00:01:56","guid":{"rendered":"https:\/\/ismaelcolosi.com.br\/index.php\/2024\/08\/01\/saiba-como-fica-a-situacao-dos-associados-da-recra-com-a-venda-da-sede-em-ribeirao\/"},"modified":"2024-08-01T21:01:56","modified_gmt":"2024-08-02T00:01:56","slug":"saiba-como-fica-a-situacao-dos-associados-da-recra-com-a-venda-da-sede-em-ribeirao","status":"publish","type":"post","link":"https:\/\/ismaelcolosi.com.br\/index.php\/2024\/08\/01\/saiba-como-fica-a-situacao-dos-associados-da-recra-com-a-venda-da-sede-em-ribeirao\/","title":{"rendered":"Saiba como fica a situa\u00e7\u00e3o dos associados da Recra com a venda da sede em Ribeir\u00e3o"},"content":{"rendered":"<p> <br \/>\n<\/p>\n<div data-td-block-uid=\"tdi_106\">\n<div class=\"tdb-block-inner td-fix-index\">\n<p>Com a venda da sede da <strong>Sociedade Recreativa e de Esportes de Ribeir\u00e3o Preto<\/strong> para o<strong> Sesc<\/strong>, conclu\u00edda na \u00faltima quarta-feira (31), <mark style=\"background-color:#fcb900\" class=\"has-inline-color has-black-color\">os s\u00f3cios do clube poder\u00e3o continuar utilizando as depend\u00eancias da sede campestre<\/mark>.<\/p>\n<p>Em nota, a Recra informou que a venda do im\u00f3vel da<strong> avenida Nove de Julho<\/strong> n\u00e3o caracteriza a dissolu\u00e7\u00e3o do clube.<\/p>\n<p>\u201cQuanto aos associados, esclare\u00e7o que n\u00e3o haver\u00e1 dissolu\u00e7\u00e3o da associa\u00e7\u00e3o, que apenas ter\u00e1 seu endere\u00e7o alterado para a atual sede campestre\u201d, afirma advogada do clube, Renata Freitas de Abreu Machado.<\/p>\n<h4 class=\"wp-block-heading\"><strong>Sem recursos<\/strong><\/h4>\n<p>O comunicado ainda informa que a Recreativa n\u00e3o vai interpor recurso contra a venda da sede por R$ 44 milh\u00f5es, por considerar que as avalia\u00e7\u00f5es sobre o patrim\u00f4nio do clube tiveram fundamento mercadol\u00f3gico, garantindo o valor real do patrim\u00f4nio.<\/p>\n<p>O Sesc j\u00e1 informou que haver\u00e1 um prazo de 45 dias, a partir da emiss\u00e3o de transfer\u00eancia do im\u00f3vel, para que a Recra possa retirar os bens do local. Em seguida, ir\u00e1 avaliar o que ser\u00e1 feito no local.<\/p>\n<p>SAIBA MAIS<br \/>Ribeir\u00e3o Preto pode ganhar bairro inteligente inspirado em Puerto Madero; Entenda<\/p>\n<h4 class=\"wp-block-heading\"><strong>FIQUE ON<\/strong><\/h4>\n<p>Fique ligado em tudo que acontece em Ribeir\u00e3o Preto e regi\u00e3o. Siga os perfis do <strong>acidade on <\/strong>no <a href=\"https:\/\/www.instagram.com\/acidadeonribeirao\" target=\"_blank\" rel=\"noreferrer noopener nofollow\">Instagram <\/a>e no <a href=\"https:\/\/www.facebook.com\/acidadeonribeirao\/\" target=\"_blank\" rel=\"noreferrer noopener nofollow\">Facebook<\/a>.<\/p>\n<p>Receba not\u00edcias do<strong> acidade on <\/strong>no WhatsApp. <a href=\"https:\/\/chat.whatsapp.com\/Dtv9mxhy6V5BJBotM2OQ5k\" target=\"_blank\" rel=\"noreferrer noopener nofollow\">Para entrar no grupo, basta clicar aqui.<\/a><\/p>\n<p>Fa\u00e7a uma den\u00fancia ou sugira uma reportagem sobre Ribeir\u00e3o Preto e regi\u00e3o pelo WhatsApp: 16 99117 7802.<\/p>\n<p>VEJA TAMB\u00c9M<br \/>Qual o final de Sandra em \u201cRenascer\u201d?<\/p>\n<p><!-- CONTENT END 1 -->\n<\/div>\n<\/div>\n<p><script async src=\"\/\/www.instagram.com\/embed.js\"><\/script><br \/>\n<br \/><br \/>\n<br \/><a href=\"https:\/\/www.acidadeon.com\/ribeiraopreto\/esportes\/saiba-como-fica-a-situacao-dos-associados-da-recra-com-a-venda-da-sede-em-ribeirao\/\">Source link <\/a><\/p>\n","protected":false},"excerpt":{"rendered":"<p>Com a venda da sede da Sociedade Recreativa e de Esportes de Ribeir\u00e3o Preto para o Sesc, conclu\u00edda na \u00faltima quarta-feira (31), os s\u00f3cios do&#8230;<\/p>\n","protected":false},"author":1,"featured_media":54484,"comment_status":"open","ping_status":"open","sticky":false,"template":"","format":"standard","meta":{"_uag_custom_page_level_css":"","advanced_seo_description":"","jetpack_seo_html_title":"","jetpack_seo_noindex":false,"jetpack_post_was_ever_published":false,"_jetpack_newsletter_access":"","_jetpack_dont_email_post_to_subs":false,"_jetpack_newsletter_tier_id":0,"_jetpack_memberships_contains_paywalled_content":false,"_jetpack_memberships_contains_paid_content":false,"footnotes":"","jetpack_publicize_message":"","jetpack_publicize_feature_enabled":true,"jetpack_social_post_already_shared":true,"jetpack_social_options":{"image_generator_settings":{"template":"highway","default_image_id":0,"font":"","enabled":false},"version":2}},"categories":[11],"tags":[],"class_list":["post-58706","post","type-post","status-publish","format-standard","has-post-thumbnail","hentry","category-noticias-de-ribeirao-preto-sp-e-regiao-ismael-colosi"],"jetpack_publicize_connections":[],"jetpack_featured_media_url":"https:\/\/i0.wp.com\/ismaelcolosi.com.br\/wp-content\/uploads\/2024\/06\/12642819_952681848155743_1560950669454002895_n_2024-06-25_19-06-53_jpg_2024-06-25_19-06-53.webp.webp?fit=800%2C533&ssl=1","uagb_featured_image_src":{"full":["https:\/\/i0.wp.com\/ismaelcolosi.com.br\/wp-content\/uploads\/2024\/06\/12642819_952681848155743_1560950669454002895_n_2024-06-25_19-06-53_jpg_2024-06-25_19-06-53.webp.webp?fit=800%2C533&ssl=1",800,533,false],"thumbnail":["https:\/\/i0.wp.com\/ismaelcolosi.com.br\/wp-content\/uploads\/2024\/06\/12642819_952681848155743_1560950669454002895_n_2024-06-25_19-06-53_jpg_2024-06-25_19-06-53.webp.webp?resize=150%2C150&ssl=1",150,150,true],"medium":["https:\/\/i0.wp.com\/ismaelcolosi.com.br\/wp-content\/uploads\/2024\/06\/12642819_952681848155743_1560950669454002895_n_2024-06-25_19-06-53_jpg_2024-06-25_19-06-53.webp.webp?fit=300%2C200&ssl=1",300,200,true],"medium_large":["https:\/\/i0.wp.com\/ismaelcolosi.com.br\/wp-content\/uploads\/2024\/06\/12642819_952681848155743_1560950669454002895_n_2024-06-25_19-06-53_jpg_2024-06-25_19-06-53.webp.webp?fit=768%2C512&ssl=1",768,512,true],"large":["https:\/\/i0.wp.com\/ismaelcolosi.com.br\/wp-content\/uploads\/2024\/06\/12642819_952681848155743_1560950669454002895_n_2024-06-25_19-06-53_jpg_2024-06-25_19-06-53.webp.webp?fit=800%2C533&ssl=1",800,533,true],"1536x1536":["https:\/\/i0.wp.com\/ismaelcolosi.com.br\/wp-content\/uploads\/2024\/06\/12642819_952681848155743_1560950669454002895_n_2024-06-25_19-06-53_jpg_2024-06-25_19-06-53.webp.webp?fit=800%2C533&ssl=1",800,533,true],"2048x2048":["https:\/\/i0.wp.com\/ismaelcolosi.com.br\/wp-content\/uploads\/2024\/06\/12642819_952681848155743_1560950669454002895_n_2024-06-25_19-06-53_jpg_2024-06-25_19-06-53.webp.webp?fit=800%2C533&ssl=1",800,533,true],"really-simple-thumb":["https:\/\/i0.wp.com\/ismaelcolosi.com.br\/wp-content\/uploads\/2024\/06\/12642819_952681848155743_1560950669454002895_n_2024-06-25_19-06-53_jpg_2024-06-25_19-06-53.webp.webp?resize=370%2C247&ssl=1",370,247,true]},"uagb_author_info":{"display_name":"ismaelcolosi.com.br","author_link":"https:\/\/ismaelcolosi.com.br\/index.php\/author\/vidareal-online\/"},"uagb_comment_info":0,"uagb_excerpt":"Com a venda da sede da Sociedade Recreativa e de Esportes de Ribeir\u00e3o Preto para o Sesc, conclu\u00edda na \u00faltima quarta-feira (31), os s\u00f3cios do...","jetpack-related-posts":[{"id":54483,"url":"https:\/\/ismaelcolosi.com.br\/index.php\/2024\/06\/25\/veja-como-esta-a-situacao-da-possivel-venda-da-recreativa-de-ribeirao-preto-para-o-sesc\/","url_meta":{"origin":58706,"position":0},"title":"Veja como est\u00e1 a situa\u00e7\u00e3o da poss\u00edvel venda da Recreativa de Ribeir\u00e3o Preto para o Sesc","author":"ismaelcolosi.com.br","date":"25 de June de 2024","format":false,"excerpt":"O Sesc informou que n\u00e3o descartou a possibilidade de compra do im\u00f3vel onde funciona a sede cidade da Sociedade Recreativa e de Esportes de Ribeir\u00e3o Preto, a Recra. Em abril deste ano, a institui\u00e7\u00e3o anunciou um estudo sobre o local, localizado na avenida Nove de Julho, no Centro do munic\u00edpio,\u2026","rel":"","context":"In &quot;Not\u00edcias de Ribeir\u00e3o Preto-SP e Regi\u00e3o&quot;","block_context":{"text":"Not\u00edcias de Ribeir\u00e3o Preto-SP e Regi\u00e3o","link":"https:\/\/ismaelcolosi.com.br\/index.php\/category\/noticias-de-ribeirao-preto-sp-e-regiao-ismael-colosi\/"},"img":{"alt_text":"","src":"https:\/\/i0.wp.com\/ismaelcolosi.com.br\/wp-content\/uploads\/2024\/06\/12642819_952681848155743_1560950669454002895_n_2024-06-25_19-06-53_jpg_2024-06-25_19-06-53.webp.webp?fit=800%2C533&ssl=1&resize=350%2C200","width":350,"height":200,"srcset":"https:\/\/i0.wp.com\/ismaelcolosi.com.br\/wp-content\/uploads\/2024\/06\/12642819_952681848155743_1560950669454002895_n_2024-06-25_19-06-53_jpg_2024-06-25_19-06-53.webp.webp?fit=800%2C533&ssl=1&resize=350%2C200 1x, https:\/\/i0.wp.com\/ismaelcolosi.com.br\/wp-content\/uploads\/2024\/06\/12642819_952681848155743_1560950669454002895_n_2024-06-25_19-06-53_jpg_2024-06-25_19-06-53.webp.webp?fit=800%2C533&ssl=1&resize=525%2C300 1.5x, https:\/\/i0.wp.com\/ismaelcolosi.com.br\/wp-content\/uploads\/2024\/06\/12642819_952681848155743_1560950669454002895_n_2024-06-25_19-06-53_jpg_2024-06-25_19-06-53.webp.webp?fit=800%2C533&ssl=1&resize=700%2C400 2x"},"classes":[]},{"id":58034,"url":"https:\/\/ismaelcolosi.com.br\/index.php\/2024\/07\/26\/sesc-oferece-r-44-milhoes-para-compra-da-sede-da-recra-em-ribeirao-preto\/","url_meta":{"origin":58706,"position":1},"title":"Sesc oferece R$ 44 milh\u00f5es para compra da sede da Recra em Ribeir\u00e3o Preto","author":"ismaelcolosi.com.br","date":"26 de July de 2024","format":false,"excerpt":"O Sesc ofereceu R$ 44 milh\u00f5es para compra da sede da Sociedade Recreativa e de Esportes de Ribeir\u00e3o Preto, a Recra, na avenida Nove de Julho. De acordo com a Vegas Leil\u00f5es, o pagamento seria pago \u00e0 vista em at\u00e9 cinco dias ap\u00f3s a homologa\u00e7\u00e3o da proposta pela Justi\u00e7a. A\u2026","rel":"","context":"In &quot;Not\u00edcias de Ribeir\u00e3o Preto-SP e Regi\u00e3o&quot;","block_context":{"text":"Not\u00edcias de Ribeir\u00e3o Preto-SP e Regi\u00e3o","link":"https:\/\/ismaelcolosi.com.br\/index.php\/category\/noticias-de-ribeirao-preto-sp-e-regiao-ismael-colosi\/"},"img":{"alt_text":"","src":"https:\/\/i0.wp.com\/ismaelcolosi.com.br\/wp-content\/uploads\/2024\/06\/12642819_952681848155743_1560950669454002895_n_2024-06-25_19-06-53_jpg_2024-06-25_19-06-53.webp.webp?fit=800%2C533&ssl=1&resize=350%2C200","width":350,"height":200,"srcset":"https:\/\/i0.wp.com\/ismaelcolosi.com.br\/wp-content\/uploads\/2024\/06\/12642819_952681848155743_1560950669454002895_n_2024-06-25_19-06-53_jpg_2024-06-25_19-06-53.webp.webp?fit=800%2C533&ssl=1&resize=350%2C200 1x, https:\/\/i0.wp.com\/ismaelcolosi.com.br\/wp-content\/uploads\/2024\/06\/12642819_952681848155743_1560950669454002895_n_2024-06-25_19-06-53_jpg_2024-06-25_19-06-53.webp.webp?fit=800%2C533&ssl=1&resize=525%2C300 1.5x, https:\/\/i0.wp.com\/ismaelcolosi.com.br\/wp-content\/uploads\/2024\/06\/12642819_952681848155743_1560950669454002895_n_2024-06-25_19-06-53_jpg_2024-06-25_19-06-53.webp.webp?fit=800%2C533&ssl=1&resize=700%2C400 2x"},"classes":[]},{"id":12720,"url":"https:\/\/ismaelcolosi.com.br\/index.php\/2023\/12\/08\/veja-qual-foi-o-resultado-do-leilao-de-clube-tradicional-de-ribeirao-preto\/","url_meta":{"origin":58706,"position":2},"title":"Veja qual foi o resultado do leil\u00e3o de clube tradicional de Ribeir\u00e3o Preto","author":"ismaelcolosi.com.br","date":"8 de December de 2023","format":false,"excerpt":"A sede cidade da Sociedade Recreativa e de Esportes de Ribeir\u00e3o Preto, a Recra, foi novamente a leil\u00e3o na \u00faltima quinta-feira (7) e, de acordo com o leiloeiro JudHastas, o leil\u00e3o do im\u00f3vel n\u00e3o recebeu lances e, por isso, n\u00e3o foi vendido. O clube, que fica na avenida Nove de\u2026","rel":"","context":"In &quot;Not\u00edcias de Ribeir\u00e3o Preto-SP e Regi\u00e3o&quot;","block_context":{"text":"Not\u00edcias de Ribeir\u00e3o Preto-SP e Regi\u00e3o","link":"https:\/\/ismaelcolosi.com.br\/index.php\/category\/noticias-de-ribeirao-preto-sp-e-regiao-ismael-colosi\/"},"img":{"alt_text":"","src":"https:\/\/i0.wp.com\/ismaelcolosi.com.br\/wp-content\/uploads\/2023\/12\/recreativa.jpg?fit=767%2C480&ssl=1&resize=350%2C200","width":350,"height":200,"srcset":"https:\/\/i0.wp.com\/ismaelcolosi.com.br\/wp-content\/uploads\/2023\/12\/recreativa.jpg?fit=767%2C480&ssl=1&resize=350%2C200 1x, https:\/\/i0.wp.com\/ismaelcolosi.com.br\/wp-content\/uploads\/2023\/12\/recreativa.jpg?fit=767%2C480&ssl=1&resize=525%2C300 1.5x, https:\/\/i0.wp.com\/ismaelcolosi.com.br\/wp-content\/uploads\/2023\/12\/recreativa.jpg?fit=767%2C480&ssl=1&resize=700%2C400 2x"},"classes":[]},{"id":58557,"url":"https:\/\/ismaelcolosi.com.br\/index.php\/2024\/07\/31\/sesc-conclui-compra-da-sede-da-recra-em-ribeirao-preto\/","url_meta":{"origin":58706,"position":3},"title":"Sesc conclui compra da sede da Recra em Ribeir\u00e3o Preto","author":"ismaelcolosi.com.br","date":"31 de July de 2024","format":false,"excerpt":"A Justi\u00e7a homologou nesta quarta-feira (31) a compra da sede da Sociedade Recreativa e de Esportes de Ribeir\u00e3o Preto, a Recra, pelo Sesc. A opera\u00e7\u00e3o ser\u00e1 concretizada por R$ 44 milh\u00f5es. De acordo com a Vegas Leil\u00f5es, o pagamento seria pago \u00e0 vista em at\u00e9 cinco dias ap\u00f3s a homologa\u00e7\u00e3o\u2026","rel":"","context":"In &quot;Not\u00edcias de Ribeir\u00e3o Preto-SP e Regi\u00e3o&quot;","block_context":{"text":"Not\u00edcias de Ribeir\u00e3o Preto-SP e Regi\u00e3o","link":"https:\/\/ismaelcolosi.com.br\/index.php\/category\/noticias-de-ribeirao-preto-sp-e-regiao-ismael-colosi\/"},"img":{"alt_text":"","src":"https:\/\/i0.wp.com\/ismaelcolosi.com.br\/wp-content\/uploads\/2024\/07\/recreativa.jpg?fit=767%2C480&ssl=1&resize=350%2C200","width":350,"height":200,"srcset":"https:\/\/i0.wp.com\/ismaelcolosi.com.br\/wp-content\/uploads\/2024\/07\/recreativa.jpg?fit=767%2C480&ssl=1&resize=350%2C200 1x, https:\/\/i0.wp.com\/ismaelcolosi.com.br\/wp-content\/uploads\/2024\/07\/recreativa.jpg?fit=767%2C480&ssl=1&resize=525%2C300 1.5x, https:\/\/i0.wp.com\/ismaelcolosi.com.br\/wp-content\/uploads\/2024\/07\/recreativa.jpg?fit=767%2C480&ssl=1&resize=700%2C400 2x"},"classes":[]},{"id":4963,"url":"https:\/\/ismaelcolosi.com.br\/index.php\/2023\/11\/22\/clube-tradicional-de-ribeirao-preto-vai-a-leilao-novamente-entenda\/","url_meta":{"origin":58706,"position":4},"title":"Clube tradicional de Ribeir\u00e3o Preto vai a leil\u00e3o novamente; Entenda","author":"ismaelcolosi.com.br","date":"22 de November de 2023","format":false,"excerpt":"A sede cidade da Sociedade Recreativa e de Esportes de Ribeir\u00e3o Preto, a Recra vai novamente a leil\u00e3o, por conta de a\u00e7\u00f5es trabalhistas. O im\u00f3vel que fica na regi\u00e3o Central de Ribeir\u00e3o Preto tem lance m\u00ednimo de R$ 18.506.880. O leil\u00e3o \u00e9 realizado pelo Judhastas at\u00e9 o dia 7 de\u2026","rel":"","context":"In &quot;Not\u00edcias de Ribeir\u00e3o Preto-SP e Regi\u00e3o&quot;","block_context":{"text":"Not\u00edcias de Ribeir\u00e3o Preto-SP e Regi\u00e3o","link":"https:\/\/ismaelcolosi.com.br\/index.php\/category\/noticias-de-ribeirao-preto-sp-e-regiao-ismael-colosi\/"},"img":{"alt_text":"","src":"https:\/\/i0.wp.com\/ismaelcolosi.com.br\/wp-content\/uploads\/2023\/11\/recreativa.jpg?fit=767%2C480&ssl=1&resize=350%2C200","width":350,"height":200,"srcset":"https:\/\/i0.wp.com\/ismaelcolosi.com.br\/wp-content\/uploads\/2023\/11\/recreativa.jpg?fit=767%2C480&ssl=1&resize=350%2C200 1x, https:\/\/i0.wp.com\/ismaelcolosi.com.br\/wp-content\/uploads\/2023\/11\/recreativa.jpg?fit=767%2C480&ssl=1&resize=525%2C300 1.5x, https:\/\/i0.wp.com\/ismaelcolosi.com.br\/wp-content\/uploads\/2023\/11\/recreativa.jpg?fit=767%2C480&ssl=1&resize=700%2C400 2x"},"classes":[]},{"id":59643,"url":"https:\/\/ismaelcolosi.com.br\/index.php\/2024\/08\/10\/sesc-ribeirao-preto-toma-posse-da-sede-da-recra-nesta-semana\/","url_meta":{"origin":58706,"position":5},"title":"Sesc Ribeir\u00e3o Preto toma posse da sede da Recra nesta semana","author":"ismaelcolosi.com.br","date":"10 de August de 2024","format":false,"excerpt":"O Sesc toma posse da sede da Sociedade Recreativa e de Esportes de Ribeir\u00e3o Preto, na avenida Nove de Julho, na pr\u00f3xima ter\u00e7a-feira (13), \u00e0s 10h. A atual unidade Sesc permanecer\u00e1 em funcionamento. Ap\u00f3s a aprova\u00e7\u00e3o do acordo pela Justi\u00e7a, a compra do im\u00f3vel foi finalizada. O Sesc Ribeir\u00e3o realizou\u2026","rel":"","context":"In &quot;Not\u00edcias de Ribeir\u00e3o Preto-SP e Regi\u00e3o&quot;","block_context":{"text":"Not\u00edcias de Ribeir\u00e3o Preto-SP e Regi\u00e3o","link":"https:\/\/ismaelcolosi.com.br\/index.php\/category\/noticias-de-ribeirao-preto-sp-e-regiao-ismael-colosi\/"},"img":{"alt_text":"","src":"https:\/\/i0.wp.com\/ismaelcolosi.com.br\/wp-content\/uploads\/2024\/08\/recreativa.jpg?fit=767%2C480&ssl=1&resize=350%2C200","width":350,"height":200,"srcset":"https:\/\/i0.wp.com\/ismaelcolosi.com.br\/wp-content\/uploads\/2024\/08\/recreativa.jpg?fit=767%2C480&ssl=1&resize=350%2C200 1x, https:\/\/i0.wp.com\/ismaelcolosi.com.br\/wp-content\/uploads\/2024\/08\/recreativa.jpg?fit=767%2C480&ssl=1&resize=525%2C300 1.5x, https:\/\/i0.wp.com\/ismaelcolosi.com.br\/wp-content\/uploads\/2024\/08\/recreativa.jpg?fit=767%2C480&ssl=1&resize=700%2C400 2x"},"classes":[]}],"jetpack_sharing_enabled":true,"jetpack_shortlink":"https:\/\/wp.me\/pfMlyK-fgS","_links":{"self":[{"href":"https:\/\/ismaelcolosi.com.br\/index.php\/wp-json\/wp\/v2\/posts\/58706","targetHints":{"allow":["GET"]}}],"collection":[{"href":"https:\/\/ismaelcolosi.com.br\/index.php\/wp-json\/wp\/v2\/posts"}],"about":[{"href":"https:\/\/ismaelcolosi.com.br\/index.php\/wp-json\/wp\/v2\/types\/post"}],"author":[{"embeddable":true,"href":"https:\/\/ismaelcolosi.com.br\/index.php\/wp-json\/wp\/v2\/users\/1"}],"replies":[{"embeddable":true,"href":"https:\/\/ismaelcolosi.com.br\/index.php\/wp-json\/wp\/v2\/comments?post=58706"}],"version-history":[{"count":0,"href":"https:\/\/ismaelcolosi.com.br\/index.php\/wp-json\/wp\/v2\/posts\/58706\/revisions"}],"wp:featuredmedia":[{"embeddable":true,"href":"https:\/\/ismaelcolosi.com.br\/index.php\/wp-json\/wp\/v2\/media\/54484"}],"wp:attachment":[{"href":"https:\/\/ismaelcolosi.com.br\/index.php\/wp-json\/wp\/v2\/media?parent=58706"}],"wp:term":[{"taxonomy":"category","embeddable":true,"href":"https:\/\/ismaelcolosi.com.br\/index.php\/wp-json\/wp\/v2\/categories?post=58706"},{"taxonomy":"post_tag","embeddable":true,"href":"https:\/\/ismaelcolosi.com.br\/index.php\/wp-json\/wp\/v2\/tags?post=58706"}],"curies":[{"name":"wp","href":"https:\/\/api.w.org\/{rel}","templated":true}]}}