{"id":58703,"date":"2024-08-01T19:52:15","date_gmt":"2024-08-01T22:52:15","guid":{"rendered":"https:\/\/ismaelcolosi.com.br\/index.php\/2024\/08\/01\/interior-de-sp-confirma-dois-casos-de-febre-oropouche\/"},"modified":"2024-08-01T19:52:15","modified_gmt":"2024-08-01T22:52:15","slug":"interior-de-sp-confirma-dois-casos-de-febre-oropouche","status":"publish","type":"post","link":"https:\/\/ismaelcolosi.com.br\/index.php\/2024\/08\/01\/interior-de-sp-confirma-dois-casos-de-febre-oropouche\/","title":{"rendered":"Interior de SP confirma dois casos de Febre Oropouche"},"content":{"rendered":"<p> <br \/>\n<\/p>\n<div>\n<p>A <strong><a href=\"https:\/\/www.saude.sp.gov.br\/\" target=\"_blank\" rel=\"noreferrer noopener nofollow\">Secretaria da Sa\u00fade de S\u00e3o Paulo <\/a><\/strong>confirmou dois casos de<strong> Febre Oropouche<\/strong> no <strong>interior paulista<\/strong>. A <mark style=\"background-color:#fcb900\" class=\"has-inline-color has-black-color\">doen\u00e7a \u00e9 causada pela picada do mosquito-maruim infectado com o v\u00edrus, tamb\u00e9m conhecido como \u201cmosquito p\u00f3lvora\u201d<\/mark>. Os casos aut\u00f3ctones foram identificados em Cajati, munic\u00edpio da regi\u00e3o do Vale do Ribeira.<\/p>\n<p>Casos aut\u00f3ctones s\u00e3o aqueles em que o paciente foi infectado pela doen\u00e7a no pr\u00f3prio local onde vive, sem hist\u00f3rico de deslocamento para outras regi\u00f5es com maior reincid\u00eancia da doen\u00e7a.\u00a0<\/p>\n<p>Os dois casos foram atendidos em uma das 71 Unidades Sentinelas do estado, respons\u00e1veis pelo monitoramento das arboviroses.<\/p>\n<h4 class=\"wp-block-heading\"><strong>Sintomas<\/strong><\/h4>\n<p>Os pacientes apresentavam sintomas semelhantes aos da dengue e n\u00e3o possu\u00edam hist\u00f3rico de deslocamento nos \u00faltimos 30 dias. Ambos s\u00e3o residentes de uma \u00e1rea rural pr\u00f3xima a uma planta\u00e7\u00e3o de bananas e, posteriormente, evolu\u00edram para cura.<\/p>\n<p>O diagn\u00f3stico de <strong>Febre Oropouche <\/strong>ocorreu ap\u00f3s resultado de exame de RT-PCR realizado pelo <strong>Instituto Adolfo Lutz<\/strong>, e o descarte de doen\u00e7as como <strong>zika<\/strong>, <strong>chikungunya<\/strong> e <strong>febre amarela<\/strong>, entre outras.<\/p>\n<p><mark style=\"background-color:#fcb900\" class=\"has-inline-color has-black-color\">Os sintomas da febre de Oropouche causam fortes dores de cabe\u00e7a, dores musculares, n\u00e1usea e diarreia.<\/mark> Outros sinais como tontura, dor atr\u00e1s dos olhos e calafrios podem ser manifestados.<\/p>\n<p>N\u00e3o existe vacina para a doen\u00e7a e a forma de preven\u00e7\u00e3o mais eficaz \u00e9 o uso de repelentes. Como tratamento, al\u00e9m do repouso e ingest\u00e3o de l\u00edquidos.<\/p>\n<p>\u201cAo apresentar sinais e sintomas, recomenda-se procurar uma unidade B\u00e1sica de Sa\u00fade para que o paciente seja medicado de forma correta e inicie o tratamento\u201d, explica a coordenadora em sa\u00fade da pasta, Regiane de Paula.<\/p>\n<h4 class=\"wp-block-heading\"><strong>O que \u00e9 febre Oropouche?<\/strong><\/h4>\n<p>O v\u00edrus foi registrado pela primeira vez no pa\u00eds em 1960 e os casos s\u00e3o mais frequentes nos estados da regi\u00e3o Amaz\u00f4nica. No ciclo silvestre, al\u00e9m do inseto, os animais como bichos-pregui\u00e7a, aves silvestres e roedores podem ser hospedeiros do v\u00edrus.<\/p>\n<h4 class=\"wp-block-heading\"><strong>Preven\u00e7\u00e3o<\/strong><\/h4>\n<ul>\n<li> Evitar frequentar \u00e1reas com maior reincid\u00eancia de casos;<\/li>\n<\/ul>\n<ul>\n<li> Evitar o contato com \u00e1reas de ocorr\u00eancia e\/ou minimizar a exposi\u00e7\u00e3o \u00e0s picadas dos vetores;<\/li>\n<\/ul>\n<ul>\n<li> Usar roupas claras que cubram a maior parte do corpo e aplique repelente nas \u00e1reas expostas da pele;<\/li>\n<\/ul>\n<ul>\n<li> Limpeza de terrenos e de locais de cria\u00e7\u00e3o de animais;<\/li>\n<\/ul>\n<ul>\n<li> Recolhimento de folhas e frutos que caem no solo;<\/li>\n<\/ul>\n<ul>\n<li> Uso de telas de malha fina em portas e janelas.<\/li>\n<\/ul>\n<p>SAIBA MAIS<br \/>Ribeir\u00e3o Preto pode ganhar bairro inteligente inspirado em Puerto Madero; Entenda<\/p>\n<p>FIQUE ON<\/p>\n<p>Fique ligado em tudo que acontece em Ribeir\u00e3o Preto e regi\u00e3o. Siga os perfis do <strong>acidade on <\/strong>no<a href=\"https:\/\/www.instagram.com\/acidadeonribeirao\" target=\"_blank\" rel=\"noreferrer noopener nofollow\"> Instagram <\/a>e no <a href=\"https:\/\/www.facebook.com\/acidadeonribeirao\/\" target=\"_blank\" rel=\"noreferrer noopener nofollow\">Facebook.<\/a><\/p>\n<p>Receba not\u00edcias do <strong>acidade on<\/strong> no WhatsApp. <a href=\"https:\/\/chat.whatsapp.com\/Dtv9mxhy6V5BJBotM2OQ5k\" target=\"_blank\" rel=\"noreferrer noopener nofollow\">Para entrar no grupo, basta clicar aqui.<\/a><\/p>\n<p>Fa\u00e7a uma den\u00fancia ou sugira uma reportagem sobre Ribeir\u00e3o Preto e regi\u00e3o pelo WhatsApp: 16 99117 7802.<\/p>\n<p>VEJA TAMB\u00c9M<br \/>Quem \u00e9 Almir Sater em \u2018Renascer\u2019?<\/p>\n<p><!-- CONTENT END 1 -->\n<\/div>\n<p><script async src=\"\/\/www.instagram.com\/embed.js\"><\/script><br \/>\n<br \/><br \/>\n<br \/><a href=\"https:\/\/www.acidadeon.com\/ribeiraopreto\/cotidiano\/interior-de-sp-confirma-dois-casos-de-febre-oropouche\/\">Source link <\/a><\/p>\n","protected":false},"excerpt":{"rendered":"<p>A Secretaria da Sa\u00fade de S\u00e3o Paulo confirmou dois casos de Febre Oropouche no interior paulista. A doen\u00e7a \u00e9 causada pela picada do mosquito-maruim infectado&#8230;<\/p>\n","protected":false},"author":1,"featured_media":58056,"comment_status":"open","ping_status":"open","sticky":false,"template":"","format":"standard","meta":{"_uag_custom_page_level_css":"","advanced_seo_description":"","jetpack_seo_html_title":"","jetpack_seo_noindex":false,"jetpack_post_was_ever_published":false,"_jetpack_newsletter_access":"","_jetpack_dont_email_post_to_subs":false,"_jetpack_newsletter_tier_id":0,"_jetpack_memberships_contains_paywalled_content":false,"_jetpack_memberships_contains_paid_content":false,"footnotes":"","jetpack_publicize_message":"","jetpack_publicize_feature_enabled":true,"jetpack_social_post_already_shared":true,"jetpack_social_options":{"image_generator_settings":{"template":"highway","default_image_id":0,"font":"","enabled":false},"version":2}},"categories":[11],"tags":[],"class_list":["post-58703","post","type-post","status-publish","format-standard","has-post-thumbnail","hentry","category-noticias-de-ribeirao-preto-sp-e-regiao-ismael-colosi"],"jetpack_publicize_connections":[],"jetpack_featured_media_url":"https:\/\/i0.wp.com\/ismaelcolosi.com.br\/wp-content\/uploads\/2024\/07\/febre-do-Oropouche_2024-07-26_18-02-20_jpg_2024-07-26_18-02-20.webp.webp?fit=1200%2C800&ssl=1","uagb_featured_image_src":{"full":["https:\/\/i0.wp.com\/ismaelcolosi.com.br\/wp-content\/uploads\/2024\/07\/febre-do-Oropouche_2024-07-26_18-02-20_jpg_2024-07-26_18-02-20.webp.webp?fit=1200%2C800&ssl=1",1200,800,false],"thumbnail":["https:\/\/i0.wp.com\/ismaelcolosi.com.br\/wp-content\/uploads\/2024\/07\/febre-do-Oropouche_2024-07-26_18-02-20_jpg_2024-07-26_18-02-20.webp.webp?resize=150%2C150&ssl=1",150,150,true],"medium":["https:\/\/i0.wp.com\/ismaelcolosi.com.br\/wp-content\/uploads\/2024\/07\/febre-do-Oropouche_2024-07-26_18-02-20_jpg_2024-07-26_18-02-20.webp.webp?fit=300%2C200&ssl=1",300,200,true],"medium_large":["https:\/\/i0.wp.com\/ismaelcolosi.com.br\/wp-content\/uploads\/2024\/07\/febre-do-Oropouche_2024-07-26_18-02-20_jpg_2024-07-26_18-02-20.webp.webp?fit=768%2C512&ssl=1",768,512,true],"large":["https:\/\/i0.wp.com\/ismaelcolosi.com.br\/wp-content\/uploads\/2024\/07\/febre-do-Oropouche_2024-07-26_18-02-20_jpg_2024-07-26_18-02-20.webp.webp?fit=1024%2C683&ssl=1",1024,683,true],"1536x1536":["https:\/\/i0.wp.com\/ismaelcolosi.com.br\/wp-content\/uploads\/2024\/07\/febre-do-Oropouche_2024-07-26_18-02-20_jpg_2024-07-26_18-02-20.webp.webp?fit=1200%2C800&ssl=1",1200,800,true],"2048x2048":["https:\/\/i0.wp.com\/ismaelcolosi.com.br\/wp-content\/uploads\/2024\/07\/febre-do-Oropouche_2024-07-26_18-02-20_jpg_2024-07-26_18-02-20.webp.webp?fit=1200%2C800&ssl=1",1200,800,true],"really-simple-thumb":["https:\/\/i0.wp.com\/ismaelcolosi.com.br\/wp-content\/uploads\/2024\/07\/febre-do-Oropouche_2024-07-26_18-02-20_jpg_2024-07-26_18-02-20.webp.webp?resize=370%2C247&ssl=1",370,247,true]},"uagb_author_info":{"display_name":"ismaelcolosi.com.br","author_link":"https:\/\/ismaelcolosi.com.br\/index.php\/author\/vidareal-online\/"},"uagb_comment_info":0,"uagb_excerpt":"A Secretaria da Sa\u00fade de S\u00e3o Paulo confirmou dois casos de Febre Oropouche no interior paulista. A doen\u00e7a \u00e9 causada pela picada do mosquito-maruim infectado...","jetpack-related-posts":[{"id":59285,"url":"https:\/\/ismaelcolosi.com.br\/index.php\/2024\/08\/07\/veja-quais-sao-os-sintomas-da-febre-oropouche-sp-tem-cinco-casos-confirmados\/","url_meta":{"origin":58703,"position":0},"title":"Veja quais s\u00e3o os sintomas da Febre Oropouche; SP tem cinco casos confirmados","author":"ismaelcolosi.com.br","date":"7 de August de 2024","format":false,"excerpt":"O Estado de S\u00e3o Paulo j\u00e1 registrou cinco casos de Febre Oropouche, sendo quatro deles no munic\u00edpio de Cajati e um em Pariquera-A\u00e7u, no interior paulista. Segundo a Secretaria Estadual de Sa\u00fade, todos os cinco pacientes diagnosticados com a doen\u00e7a j\u00e1 evolu\u00edram para cura. Por\u00e9m, \u00e9 importante estar alerta, veja\u2026","rel":"","context":"In &quot;Not\u00edcias de Ribeir\u00e3o Preto-SP e Regi\u00e3o&quot;","block_context":{"text":"Not\u00edcias de Ribeir\u00e3o Preto-SP e Regi\u00e3o","link":"https:\/\/ismaelcolosi.com.br\/index.php\/category\/noticias-de-ribeirao-preto-sp-e-regiao-ismael-colosi\/"},"img":{"alt_text":"","src":"https:\/\/i0.wp.com\/ismaelcolosi.com.br\/wp-content\/uploads\/2024\/08\/Capturar_2024-08-07_15-15-50_jpg_2024-08-07_15-15-50.webp.webp?fit=975%2C549&ssl=1&resize=350%2C200","width":350,"height":200,"srcset":"https:\/\/i0.wp.com\/ismaelcolosi.com.br\/wp-content\/uploads\/2024\/08\/Capturar_2024-08-07_15-15-50_jpg_2024-08-07_15-15-50.webp.webp?fit=975%2C549&ssl=1&resize=350%2C200 1x, https:\/\/i0.wp.com\/ismaelcolosi.com.br\/wp-content\/uploads\/2024\/08\/Capturar_2024-08-07_15-15-50_jpg_2024-08-07_15-15-50.webp.webp?fit=975%2C549&ssl=1&resize=525%2C300 1.5x, https:\/\/i0.wp.com\/ismaelcolosi.com.br\/wp-content\/uploads\/2024\/08\/Capturar_2024-08-07_15-15-50_jpg_2024-08-07_15-15-50.webp.webp?fit=975%2C549&ssl=1&resize=700%2C400 2x"},"classes":[]},{"id":58938,"url":"https:\/\/ismaelcolosi.com.br\/index.php\/2024\/08\/04\/interior-de-sp-registra-mais-tres-casos-de-febre-oropouche-obito-fetal-e-confirmado-no-pais\/","url_meta":{"origin":58703,"position":1},"title":"Interior de SP registra mais tr\u00eas casos de Febre Oropouche; \u00d3bito fetal \u00e9 confirmado no pa\u00eds","author":"ismaelcolosi.com.br","date":"4 de August de 2024","format":false,"excerpt":"O Minist\u00e9rio da Sa\u00fade (MS) confirmou um caso de \u00f3bito fetal causado por\u00a0transmiss\u00e3o vertical de febre do Oropouche,\u00a0que acontece quando o v\u00edrus \u00e9 passado\u00a0 da m\u00e3e para o beb\u00ea, durante a gesta\u00e7\u00e3o ou no parto.\u00a0 A confirma\u00e7\u00e3o foi feita na sexta-feira (2) no estado de Pernambuco. A pasta informou que\u2026","rel":"","context":"In &quot;Not\u00edcias de Ribeir\u00e3o Preto-SP e Regi\u00e3o&quot;","block_context":{"text":"Not\u00edcias de Ribeir\u00e3o Preto-SP e Regi\u00e3o","link":"https:\/\/ismaelcolosi.com.br\/index.php\/category\/noticias-de-ribeirao-preto-sp-e-regiao-ismael-colosi\/"},"img":{"alt_text":"","src":"https:\/\/i0.wp.com\/ismaelcolosi.com.br\/wp-content\/uploads\/2024\/08\/img-20240608-wa0016-768x419a_2024-08-04_18-14-03.webp.webp?fit=1170%2C700&ssl=1&resize=350%2C200","width":350,"height":200,"srcset":"https:\/\/i0.wp.com\/ismaelcolosi.com.br\/wp-content\/uploads\/2024\/08\/img-20240608-wa0016-768x419a_2024-08-04_18-14-03.webp.webp?fit=1170%2C700&ssl=1&resize=350%2C200 1x, https:\/\/i0.wp.com\/ismaelcolosi.com.br\/wp-content\/uploads\/2024\/08\/img-20240608-wa0016-768x419a_2024-08-04_18-14-03.webp.webp?fit=1170%2C700&ssl=1&resize=525%2C300 1.5x, https:\/\/i0.wp.com\/ismaelcolosi.com.br\/wp-content\/uploads\/2024\/08\/img-20240608-wa0016-768x419a_2024-08-04_18-14-03.webp.webp?fit=1170%2C700&ssl=1&resize=700%2C400 2x, https:\/\/i0.wp.com\/ismaelcolosi.com.br\/wp-content\/uploads\/2024\/08\/img-20240608-wa0016-768x419a_2024-08-04_18-14-03.webp.webp?fit=1170%2C700&ssl=1&resize=1050%2C600 3x"},"classes":[]},{"id":58055,"url":"https:\/\/ismaelcolosi.com.br\/index.php\/2024\/07\/26\/entenda-o-que-e-a-febre-do-oropouche-sintomas-sao-parecidos-com-a-dengue\/","url_meta":{"origin":58703,"position":2},"title":"Entenda o que \u00e9 a febre do Oropouche; sintomas s\u00e3o parecidos com a dengue","author":"ismaelcolosi.com.br","date":"26 de July de 2024","format":false,"excerpt":"Na \u00faltima quinta-feira (25), o Minist\u00e9rio da Sa\u00fade confirmou duas mortes por febre oropouche no interior da Bahia. A febre do Oropouche \u00e9 uma doen\u00e7a causada por um v\u00edrus transmitido principalmente pelo mosquito Culicoides paraenses, conhecido como maruim ou mosquito-p\u00f3lvora. Sintomas da febre do Oropouche De acordo com o Minist\u00e9rio\u2026","rel":"","context":"In &quot;Not\u00edcias de Ribeir\u00e3o Preto-SP e Regi\u00e3o&quot;","block_context":{"text":"Not\u00edcias de Ribeir\u00e3o Preto-SP e Regi\u00e3o","link":"https:\/\/ismaelcolosi.com.br\/index.php\/category\/noticias-de-ribeirao-preto-sp-e-regiao-ismael-colosi\/"},"img":{"alt_text":"","src":"https:\/\/i0.wp.com\/ismaelcolosi.com.br\/wp-content\/uploads\/2024\/07\/febre-do-Oropouche_2024-07-26_18-02-20_jpg_2024-07-26_18-02-20.webp.webp?fit=1200%2C800&ssl=1&resize=350%2C200","width":350,"height":200,"srcset":"https:\/\/i0.wp.com\/ismaelcolosi.com.br\/wp-content\/uploads\/2024\/07\/febre-do-Oropouche_2024-07-26_18-02-20_jpg_2024-07-26_18-02-20.webp.webp?fit=1200%2C800&ssl=1&resize=350%2C200 1x, https:\/\/i0.wp.com\/ismaelcolosi.com.br\/wp-content\/uploads\/2024\/07\/febre-do-Oropouche_2024-07-26_18-02-20_jpg_2024-07-26_18-02-20.webp.webp?fit=1200%2C800&ssl=1&resize=525%2C300 1.5x, https:\/\/i0.wp.com\/ismaelcolosi.com.br\/wp-content\/uploads\/2024\/07\/febre-do-Oropouche_2024-07-26_18-02-20_jpg_2024-07-26_18-02-20.webp.webp?fit=1200%2C800&ssl=1&resize=700%2C400 2x, https:\/\/i0.wp.com\/ismaelcolosi.com.br\/wp-content\/uploads\/2024\/07\/febre-do-Oropouche_2024-07-26_18-02-20_jpg_2024-07-26_18-02-20.webp.webp?fit=1200%2C800&ssl=1&resize=1050%2C600 3x"},"classes":[]},{"id":43671,"url":"https:\/\/ismaelcolosi.com.br\/index.php\/2024\/03\/22\/dengue-ultrapassa-2-milhoes-de-casos\/","url_meta":{"origin":58703,"position":3},"title":"Dengue ultrapassa 2 milh\u00f5es de casos\u00a0","author":"ismaelcolosi.com.br","date":"22 de March de 2024","format":false,"excerpt":"22 de mar\u00e7o de 2024 | 16:0022 de mar\u00e7o de 2024 | 11:51 0 O Brasil superou a barreira de dois milh\u00f5es de casos de dengue. Desde o in\u00edcio do ano, j\u00e1 s\u00e3o 2.010.896 e 682 mortes confirmadas pela doen\u00e7a. Outros 1.042 \u00f3bitos est\u00e3o em investiga\u00e7\u00e3o. O coeficiente de incid\u00eancia\u2026","rel":"","context":"In &quot;Not\u00edcias de Ribeir\u00e3o Preto-SP e Regi\u00e3o&quot;","block_context":{"text":"Not\u00edcias de Ribeir\u00e3o Preto-SP e Regi\u00e3o","link":"https:\/\/ismaelcolosi.com.br\/index.php\/category\/noticias-de-ribeirao-preto-sp-e-regiao-ismael-colosi\/"},"img":{"alt_text":"","src":"https:\/\/i0.wp.com\/ismaelcolosi.com.br\/wp-content\/uploads\/2024\/03\/DengueRP-Divulgacao-okyy-scaled.jpg?fit=1000%2C562&ssl=1&resize=350%2C200","width":350,"height":200,"srcset":"https:\/\/i0.wp.com\/ismaelcolosi.com.br\/wp-content\/uploads\/2024\/03\/DengueRP-Divulgacao-okyy-scaled.jpg?fit=1000%2C562&ssl=1&resize=350%2C200 1x, https:\/\/i0.wp.com\/ismaelcolosi.com.br\/wp-content\/uploads\/2024\/03\/DengueRP-Divulgacao-okyy-scaled.jpg?fit=1000%2C562&ssl=1&resize=525%2C300 1.5x, https:\/\/i0.wp.com\/ismaelcolosi.com.br\/wp-content\/uploads\/2024\/03\/DengueRP-Divulgacao-okyy-scaled.jpg?fit=1000%2C562&ssl=1&resize=700%2C400 2x"},"classes":[]},{"id":44338,"url":"https:\/\/ismaelcolosi.com.br\/index.php\/2024\/03\/27\/dengue-supera-23-milhoes-de-casos\/","url_meta":{"origin":58703,"position":4},"title":"Dengue supera 2,3 milh\u00f5es de casos\u00a0","author":"ismaelcolosi.com.br","date":"27 de March de 2024","format":false,"excerpt":"27 de mar\u00e7o de 2024 | 12:0027 de mar\u00e7o de 2024 | 9:34 0 O Brasil superou a barreira de 2,3 milh\u00f5es de casos de dengue. Desde o in\u00edcio do ano, j\u00e1 s\u00e3o 2.321.050 e 831 mortes confirmadas pela doen\u00e7a. Outros 1.267 \u00f3bitos est\u00e3o em investiga\u00e7\u00e3o. O coeficiente de incid\u00eancia\u2026","rel":"","context":"In &quot;Not\u00edcias de Ribeir\u00e3o Preto-SP e Regi\u00e3o&quot;","block_context":{"text":"Not\u00edcias de Ribeir\u00e3o Preto-SP e Regi\u00e3o","link":"https:\/\/ismaelcolosi.com.br\/index.php\/category\/noticias-de-ribeirao-preto-sp-e-regiao-ismael-colosi\/"},"img":{"alt_text":"","src":"https:\/\/i0.wp.com\/ismaelcolosi.com.br\/wp-content\/uploads\/2024\/03\/DengueRP-Aedes-Arquivo-Ag.Br_.jpg?fit=1140%2C760&ssl=1&resize=350%2C200","width":350,"height":200,"srcset":"https:\/\/i0.wp.com\/ismaelcolosi.com.br\/wp-content\/uploads\/2024\/03\/DengueRP-Aedes-Arquivo-Ag.Br_.jpg?fit=1140%2C760&ssl=1&resize=350%2C200 1x, https:\/\/i0.wp.com\/ismaelcolosi.com.br\/wp-content\/uploads\/2024\/03\/DengueRP-Aedes-Arquivo-Ag.Br_.jpg?fit=1140%2C760&ssl=1&resize=525%2C300 1.5x, https:\/\/i0.wp.com\/ismaelcolosi.com.br\/wp-content\/uploads\/2024\/03\/DengueRP-Aedes-Arquivo-Ag.Br_.jpg?fit=1140%2C760&ssl=1&resize=700%2C400 2x, https:\/\/i0.wp.com\/ismaelcolosi.com.br\/wp-content\/uploads\/2024\/03\/DengueRP-Aedes-Arquivo-Ag.Br_.jpg?fit=1140%2C760&ssl=1&resize=1050%2C600 3x"},"classes":[]},{"id":41540,"url":"https:\/\/ismaelcolosi.com.br\/index.php\/2024\/03\/08\/brasil-supera-13-mi-de-casos-de-dengue\/","url_meta":{"origin":58703,"position":5},"title":"Brasil supera 1,3 mi de casos de dengue","author":"ismaelcolosi.com.br","date":"8 de March de 2024","format":false,"excerpt":"8 de mar\u00e7o de 2024 | 18:007 de mar\u00e7o de 2024 | 21:01 0Desde o in\u00edcio do ano, o Brasil registrou 1.318.336 casos prov\u00e1veis de dengue e 343 mortes confirmadas pela doen\u00e7a. Outros 775 \u00f3bitos est\u00e3o em investiga\u00e7\u00e3o. O coeficiente de incid\u00eancia da dengue no pa\u00eds, neste momento, \u00e9 de\u2026","rel":"","context":"In &quot;Not\u00edcias de Ribeir\u00e3o Preto-SP e Regi\u00e3o&quot;","block_context":{"text":"Not\u00edcias de Ribeir\u00e3o Preto-SP e Regi\u00e3o","link":"https:\/\/ismaelcolosi.com.br\/index.php\/category\/noticias-de-ribeirao-preto-sp-e-regiao-ismael-colosi\/"},"img":{"alt_text":"","src":"https:\/\/i0.wp.com\/ismaelcolosi.com.br\/wp-content\/uploads\/2024\/03\/DengueRP-Divulgacao-03-scaled.jpg?fit=1000%2C563&ssl=1&resize=350%2C200","width":350,"height":200,"srcset":"https:\/\/i0.wp.com\/ismaelcolosi.com.br\/wp-content\/uploads\/2024\/03\/DengueRP-Divulgacao-03-scaled.jpg?fit=1000%2C563&ssl=1&resize=350%2C200 1x, https:\/\/i0.wp.com\/ismaelcolosi.com.br\/wp-content\/uploads\/2024\/03\/DengueRP-Divulgacao-03-scaled.jpg?fit=1000%2C563&ssl=1&resize=525%2C300 1.5x, https:\/\/i0.wp.com\/ismaelcolosi.com.br\/wp-content\/uploads\/2024\/03\/DengueRP-Divulgacao-03-scaled.jpg?fit=1000%2C563&ssl=1&resize=700%2C400 2x"},"classes":[]}],"jetpack_sharing_enabled":true,"jetpack_shortlink":"https:\/\/wp.me\/pfMlyK-fgP","_links":{"self":[{"href":"https:\/\/ismaelcolosi.com.br\/index.php\/wp-json\/wp\/v2\/posts\/58703","targetHints":{"allow":["GET"]}}],"collection":[{"href":"https:\/\/ismaelcolosi.com.br\/index.php\/wp-json\/wp\/v2\/posts"}],"about":[{"href":"https:\/\/ismaelcolosi.com.br\/index.php\/wp-json\/wp\/v2\/types\/post"}],"author":[{"embeddable":true,"href":"https:\/\/ismaelcolosi.com.br\/index.php\/wp-json\/wp\/v2\/users\/1"}],"replies":[{"embeddable":true,"href":"https:\/\/ismaelcolosi.com.br\/index.php\/wp-json\/wp\/v2\/comments?post=58703"}],"version-history":[{"count":0,"href":"https:\/\/ismaelcolosi.com.br\/index.php\/wp-json\/wp\/v2\/posts\/58703\/revisions"}],"wp:featuredmedia":[{"embeddable":true,"href":"https:\/\/ismaelcolosi.com.br\/index.php\/wp-json\/wp\/v2\/media\/58056"}],"wp:attachment":[{"href":"https:\/\/ismaelcolosi.com.br\/index.php\/wp-json\/wp\/v2\/media?parent=58703"}],"wp:term":[{"taxonomy":"category","embeddable":true,"href":"https:\/\/ismaelcolosi.com.br\/index.php\/wp-json\/wp\/v2\/categories?post=58703"},{"taxonomy":"post_tag","embeddable":true,"href":"https:\/\/ismaelcolosi.com.br\/index.php\/wp-json\/wp\/v2\/tags?post=58703"}],"curies":[{"name":"wp","href":"https:\/\/api.w.org\/{rel}","templated":true}]}}