{"id":58701,"date":"2024-08-01T19:26:32","date_gmt":"2024-08-01T22:26:32","guid":{"rendered":"https:\/\/ismaelcolosi.com.br\/index.php\/2024\/08\/01\/veja-os-locais-das-provas-do-processo-seletivo-da-prefeitura-de-ribeirao-preto\/"},"modified":"2024-08-01T19:26:32","modified_gmt":"2024-08-01T22:26:32","slug":"veja-os-locais-das-provas-do-processo-seletivo-da-prefeitura-de-ribeirao-preto","status":"publish","type":"post","link":"https:\/\/ismaelcolosi.com.br\/index.php\/2024\/08\/01\/veja-os-locais-das-provas-do-processo-seletivo-da-prefeitura-de-ribeirao-preto\/","title":{"rendered":"Veja os locais das provas do processo seletivo da Prefeitura de Ribeir\u00e3o Preto"},"content":{"rendered":"<p> <br \/>\n<\/p>\n<div data-td-block-uid=\"tdi_106\">\n<div class=\"tdb-block-inner td-fix-index\">\n<p>A <strong><a href=\"https:\/\/www.ribeiraopreto.sp.gov.br\/\" target=\"_blank\" rel=\"noreferrer noopener nofollow\">Prefeitura de Ribeir\u00e3o Preto<\/a><\/strong> publicou nesta quinta-feira (1\u00ba de agosto) os locais das provas do processo seletivo para contrata\u00e7\u00e3o de professores. <mark style=\"background-color:#fcb900\" class=\"has-inline-color has-black-color\">As provas ser\u00e3o aplicadas no dia 11 de agosto em oito escolas da cidade<\/mark>.<\/p>\n<p>Os candidatos dever\u00e3o comparecer ao local da prova pelo menos 30 minutos antes da hora marcada munidos do protocolo de inscri\u00e7\u00e3o, documento oficial de identidade com foto e no original, caneta esferogr\u00e1fica azul ou preta, l\u00e1pis preto e borracha.<\/p>\n<p>N\u00e3o ser\u00e1 admitido na sala de prova o candidato que se apresentar ap\u00f3s o hor\u00e1rio estabelecido para o fechamento do port\u00e3o do pr\u00e9dio ou que n\u00e3o estiver de posse dos documentos h\u00e1beis\/ itens previstos no edital de abertura.<\/p>\n<p>A listagem completa de candidatos em ordem alfab\u00e9tica, contendo a indica\u00e7\u00e3o do local de prova, estar\u00e1 \u00e0 disposi\u00e7\u00e3o dos interessados no <a href=\"https:\/\/www.concursosrbo.com.br\/Painel\/Login.aspx?ReturnUrl=%2fPainel%2fPainel%2fArea-Candidato.aspx\" target=\"_blank\" rel=\"noreferrer noopener nofollow\">site da<strong> RBO Concursos<\/strong> (clique aqui)<\/a>.<\/p>\n<h4 class=\"wp-block-heading\"><strong>Locais das provas<\/strong><\/h4>\n<ul>\n<li><strong>EMEFEM DOM LU\u00cdS AMARAL MOUSINHO<br \/><\/strong>Rua Tamandar\u00e9, 353 \u2013 Campos El\u00edseos \u2013 Ribeir\u00e3o Preto\/SP<\/li>\n<\/ul>\n<ul>\n<li><strong>EMEFEM PROFESSOR ALFEU LUIZ GASPARINI<br \/><\/strong>Avenida Dom Pedro I, 196 \u2013 Ipiranga \u2013 Ribeir\u00e3o Preto\/SP<\/li>\n<\/ul>\n<ul>\n<li><strong>EMEF PROFESSORA NEUZA MICHELUTTI MARZOLA<br \/><\/strong>Rua Conde de Iraj\u00e1, 1931 \u2013 Vila Virginia \u2013 Ribeir\u00e3o Preto\/SP<\/li>\n<\/ul>\n<ul>\n<li><strong>EMEF PROF ENEIDA PEREIRA DOS SANTOS AGUIAR<br \/><\/strong>Rua Galo Bravo, 815 \u2013 Jardim Cristo Redentor \u2013 Ribeir\u00e3o Preto\/SP<\/li>\n<\/ul>\n<ul>\n<li><strong>EMEF NELSON MACHADO<br \/><\/strong>Rua Moacyr Canella, 131 \u2013 Jardim Maria Casagrande Lopes \u2013 Ribeir\u00e3o Preto\/SP<\/li>\n<\/ul>\n<ul>\n<li><strong>EMEF PROFESSOR ANISIO TEIXEIRA<br \/><\/strong>Rua Albino Gon\u00e7alves, 43 \u2013 Iguatemi \u2013 Ribeir\u00e3o Preto\/SP<\/li>\n<\/ul>\n<ul>\n<li><strong>EMEF ANTONIO PALOCCI \u2013 CAIC<br \/><\/strong>Rua Ant\u00f4nio Fornielles, 248 \u2013 Jardim Jos\u00e9 Sampaio Junior \u2013 Ribeir\u00e3o Preto\/SP<\/li>\n<\/ul>\n<ul>\n<li><strong>CEMEI VIRG\u00cdLIO SALATA<br \/><\/strong>Rua Japur\u00e1, 965 \u2013 Alto do Ipiranga \u2013 Ribeir\u00e3o Preto\/SP<\/li>\n<\/ul>\n<p>SAIBA MAIS<br \/>Ribeir\u00e3o Preto pode ganhar bairro inteligente inspirado em Puerto Madero; Entenda<\/p>\n<h4 class=\"wp-block-heading\"><strong>FIQUE ON<\/strong><\/h4>\n<p>Fique ligado em tudo que acontece em Ribeir\u00e3o Preto e regi\u00e3o. Siga os perfis do <strong>acidade on <\/strong>no<a href=\"https:\/\/www.instagram.com\/acidadeonribeirao\" target=\"_blank\" rel=\"noreferrer noopener nofollow\"> Instagram<\/a> e no <a href=\"https:\/\/www.facebook.com\/acidadeonribeirao\/\" target=\"_blank\" rel=\"noreferrer noopener nofollow\">Facebook<\/a>.<\/p>\n<p>Receba not\u00edcias do <strong>acidade on<\/strong> no WhatsApp. <a href=\"https:\/\/chat.whatsapp.com\/Dtv9mxhy6V5BJBotM2OQ5k\" target=\"_blank\" rel=\"noreferrer noopener nofollow\">Para entrar no grupo, basta clicar aqui.<\/a><\/p>\n<p>Fa\u00e7a uma den\u00fancia ou sugira uma reportagem sobre Ribeir\u00e3o Preto e regi\u00e3o pelo WhatsApp: 16 99117 7802.<\/p>\n<p>VEJA TAMB\u00c9M<br \/>Quem \u00e9 o bilion\u00e1rio que diz que sua fortuna de R$ 73 bi sumiu?<\/p>\n<p><!-- CONTENT END 1 -->\n<\/div>\n<\/div>\n<p><script async src=\"\/\/www.instagram.com\/embed.js\"><\/script><br \/>\n<br \/><br \/>\n<br \/><a href=\"https:\/\/www.acidadeon.com\/ribeiraopreto\/economia\/veja-os-locais-das-provas-do-processo-seletivo-da-prefeitura-de-ribeirao-preto\/\">Source link <\/a><\/p>\n","protected":false},"excerpt":{"rendered":"<p>A Prefeitura de Ribeir\u00e3o Preto publicou nesta quinta-feira (1\u00ba de agosto) os locais das provas do processo seletivo para contrata\u00e7\u00e3o de professores. As provas ser\u00e3o&#8230;<\/p>\n","protected":false},"author":1,"featured_media":58702,"comment_status":"open","ping_status":"open","sticky":false,"template":"","format":"standard","meta":{"_uag_custom_page_level_css":"","advanced_seo_description":"","jetpack_seo_html_title":"","jetpack_seo_noindex":false,"jetpack_post_was_ever_published":false,"_jetpack_newsletter_access":"","_jetpack_dont_email_post_to_subs":false,"_jetpack_newsletter_tier_id":0,"_jetpack_memberships_contains_paywalled_content":false,"_jetpack_memberships_contains_paid_content":false,"footnotes":"","jetpack_publicize_message":"","jetpack_publicize_feature_enabled":true,"jetpack_social_post_already_shared":true,"jetpack_social_options":{"image_generator_settings":{"template":"highway","default_image_id":0,"font":"","enabled":false},"version":2}},"categories":[11],"tags":[],"class_list":["post-58701","post","type-post","status-publish","format-standard","has-post-thumbnail","hentry","category-noticias-de-ribeirao-preto-sp-e-regiao-ismael-colosi"],"jetpack_publicize_connections":[],"jetpack_featured_media_url":"https:\/\/i0.wp.com\/ismaelcolosi.com.br\/wp-content\/uploads\/2024\/08\/prova-concurso-publico-3.jpg?fit=1500%2C1000&ssl=1","uagb_featured_image_src":{"full":["https:\/\/i0.wp.com\/ismaelcolosi.com.br\/wp-content\/uploads\/2024\/08\/prova-concurso-publico-3.jpg?fit=1500%2C1000&ssl=1",1500,1000,false],"thumbnail":["https:\/\/i0.wp.com\/ismaelcolosi.com.br\/wp-content\/uploads\/2024\/08\/prova-concurso-publico-3.jpg?resize=150%2C150&ssl=1",150,150,true],"medium":["https:\/\/i0.wp.com\/ismaelcolosi.com.br\/wp-content\/uploads\/2024\/08\/prova-concurso-publico-3.jpg?fit=300%2C200&ssl=1",300,200,true],"medium_large":["https:\/\/i0.wp.com\/ismaelcolosi.com.br\/wp-content\/uploads\/2024\/08\/prova-concurso-publico-3.jpg?fit=768%2C512&ssl=1",768,512,true],"large":["https:\/\/i0.wp.com\/ismaelcolosi.com.br\/wp-content\/uploads\/2024\/08\/prova-concurso-publico-3.jpg?fit=1024%2C683&ssl=1",1024,683,true],"1536x1536":["https:\/\/i0.wp.com\/ismaelcolosi.com.br\/wp-content\/uploads\/2024\/08\/prova-concurso-publico-3.jpg?fit=1500%2C1000&ssl=1",1500,1000,true],"2048x2048":["https:\/\/i0.wp.com\/ismaelcolosi.com.br\/wp-content\/uploads\/2024\/08\/prova-concurso-publico-3.jpg?fit=1500%2C1000&ssl=1",1500,1000,true],"really-simple-thumb":["https:\/\/i0.wp.com\/ismaelcolosi.com.br\/wp-content\/uploads\/2024\/08\/prova-concurso-publico-3.jpg?resize=370%2C247&ssl=1",370,247,true]},"uagb_author_info":{"display_name":"ismaelcolosi.com.br","author_link":"https:\/\/ismaelcolosi.com.br\/index.php\/author\/vidareal-online\/"},"uagb_comment_info":0,"uagb_excerpt":"A Prefeitura de Ribeir\u00e3o Preto publicou nesta quinta-feira (1\u00ba de agosto) os locais das provas do processo seletivo para contrata\u00e7\u00e3o de professores. As provas ser\u00e3o...","jetpack-related-posts":[{"id":26537,"url":"https:\/\/ismaelcolosi.com.br\/index.php\/2024\/01\/10\/edital-do-enem-dos-concursos-publicos-sera-divulgado-nesta-quarta-ribeirao-recebe-provas\/","url_meta":{"origin":58701,"position":0},"title":"Edital do \u2018Enem dos concursos p\u00fablicos\u2019 ser\u00e1 divulgado nesta quarta; Ribeir\u00e3o recebe provas","author":"ismaelcolosi.com.br","date":"10 de January de 2024","format":false,"excerpt":"O edital do Concurso P\u00fablico Nacional Unificado, o \u201cEnem dos Concursos P\u00fablicos\u201d, ser\u00e1 publicado nesta quarta-feira (10) pelo Governo Federal. A prova ser\u00e1 aplicada em 217 cidades de todo o Brasil, incluindo Ribeir\u00e3o Preto. As inscri\u00e7\u00f5es v\u00e3o come\u00e7ar dia 19 de janeiro e seguem at\u00e9 9 de fevereiro no site\u2026","rel":"","context":"In &quot;Not\u00edcias de Ribeir\u00e3o Preto-SP e Regi\u00e3o&quot;","block_context":{"text":"Not\u00edcias de Ribeir\u00e3o Preto-SP e Regi\u00e3o","link":"https:\/\/ismaelcolosi.com.br\/index.php\/category\/noticias-de-ribeirao-preto-sp-e-regiao-ismael-colosi\/"},"img":{"alt_text":"","src":"https:\/\/i0.wp.com\/ismaelcolosi.com.br\/wp-content\/uploads\/2024\/01\/1704886578_concurso-publico.jpg?fit=1200%2C800&ssl=1&resize=350%2C200","width":350,"height":200,"srcset":"https:\/\/i0.wp.com\/ismaelcolosi.com.br\/wp-content\/uploads\/2024\/01\/1704886578_concurso-publico.jpg?fit=1200%2C800&ssl=1&resize=350%2C200 1x, https:\/\/i0.wp.com\/ismaelcolosi.com.br\/wp-content\/uploads\/2024\/01\/1704886578_concurso-publico.jpg?fit=1200%2C800&ssl=1&resize=525%2C300 1.5x, https:\/\/i0.wp.com\/ismaelcolosi.com.br\/wp-content\/uploads\/2024\/01\/1704886578_concurso-publico.jpg?fit=1200%2C800&ssl=1&resize=700%2C400 2x, https:\/\/i0.wp.com\/ismaelcolosi.com.br\/wp-content\/uploads\/2024\/01\/1704886578_concurso-publico.jpg?fit=1200%2C800&ssl=1&resize=1050%2C600 3x"},"classes":[]},{"id":40601,"url":"https:\/\/ismaelcolosi.com.br\/index.php\/2024\/03\/04\/veja-os-locais-de-prova-de-concurso-publico-da-prefeitura-de-ribeirao-preto\/","url_meta":{"origin":58701,"position":1},"title":"Veja os locais de prova de concurso p\u00fablico da Prefeitura de Ribeir\u00e3o Preto","author":"ismaelcolosi.com.br","date":"4 de March de 2024","format":false,"excerpt":"Os locais de provas do concurso p\u00fablico 07\/2023 da Prefeitura de Ribeir\u00e3o Preto com vagas para a Saerp foram divulgados no Di\u00e1rio Oficial do Munic\u00edpio desta segunda-feira (4). Ao todo, s\u00e3o cinco escolas municipais que receber\u00e3o os candidatos (veja abaixo). As provas acontecem no domingo (10), com abertura dos port\u00f5es\u2026","rel":"","context":"In &quot;Not\u00edcias de Ribeir\u00e3o Preto-SP e Regi\u00e3o&quot;","block_context":{"text":"Not\u00edcias de Ribeir\u00e3o Preto-SP e Regi\u00e3o","link":"https:\/\/ismaelcolosi.com.br\/index.php\/category\/noticias-de-ribeirao-preto-sp-e-regiao-ismael-colosi\/"},"img":{"alt_text":"","src":"https:\/\/i0.wp.com\/ismaelcolosi.com.br\/wp-content\/uploads\/2024\/03\/concurso-publico.jpg?fit=1200%2C800&ssl=1&resize=350%2C200","width":350,"height":200,"srcset":"https:\/\/i0.wp.com\/ismaelcolosi.com.br\/wp-content\/uploads\/2024\/03\/concurso-publico.jpg?fit=1200%2C800&ssl=1&resize=350%2C200 1x, https:\/\/i0.wp.com\/ismaelcolosi.com.br\/wp-content\/uploads\/2024\/03\/concurso-publico.jpg?fit=1200%2C800&ssl=1&resize=525%2C300 1.5x, https:\/\/i0.wp.com\/ismaelcolosi.com.br\/wp-content\/uploads\/2024\/03\/concurso-publico.jpg?fit=1200%2C800&ssl=1&resize=700%2C400 2x, https:\/\/i0.wp.com\/ismaelcolosi.com.br\/wp-content\/uploads\/2024\/03\/concurso-publico.jpg?fit=1200%2C800&ssl=1&resize=1050%2C600 3x"},"classes":[]},{"id":43022,"url":"https:\/\/ismaelcolosi.com.br\/index.php\/2024\/03\/18\/veja-locais-de-prova-de-concurso-publico-com-salario-de-ate-r-54-mil-na-regiao-de-ribeirao\/","url_meta":{"origin":58701,"position":2},"title":"Veja locais de prova de concurso p\u00fablico com sal\u00e1rio de at\u00e9 R$ 5,4 mil na regi\u00e3o de Ribeir\u00e3o","author":"ismaelcolosi.com.br","date":"18 de March de 2024","format":false,"excerpt":"A Prefeitura de Franca publicou no Di\u00e1rio Oficial do Munic\u00edpio os locais de prova para os 9.900 candidatos que se inscreveram para os seis concursos p\u00fablicos realizados pela administra\u00e7\u00e3o municipal. A publica\u00e7\u00e3o ocorrei no \u00faltimo s\u00e1bado (16). As provas objetivas para todos os candidatos acontecer\u00e3o no domingo (24) nos per\u00edodos\u2026","rel":"","context":"In &quot;Not\u00edcias de Ribeir\u00e3o Preto-SP e Regi\u00e3o&quot;","block_context":{"text":"Not\u00edcias de Ribeir\u00e3o Preto-SP e Regi\u00e3o","link":"https:\/\/ismaelcolosi.com.br\/index.php\/category\/noticias-de-ribeirao-preto-sp-e-regiao-ismael-colosi\/"},"img":{"alt_text":"","src":"https:\/\/i0.wp.com\/ismaelcolosi.com.br\/wp-content\/uploads\/2024\/03\/Copia-de-Copia-de-TAMANHO-EXATO-PARA-FOTOS-NO-SISTEMA-NOVO-65.jpg?fit=1200%2C675&ssl=1&resize=350%2C200","width":350,"height":200,"srcset":"https:\/\/i0.wp.com\/ismaelcolosi.com.br\/wp-content\/uploads\/2024\/03\/Copia-de-Copia-de-TAMANHO-EXATO-PARA-FOTOS-NO-SISTEMA-NOVO-65.jpg?fit=1200%2C675&ssl=1&resize=350%2C200 1x, https:\/\/i0.wp.com\/ismaelcolosi.com.br\/wp-content\/uploads\/2024\/03\/Copia-de-Copia-de-TAMANHO-EXATO-PARA-FOTOS-NO-SISTEMA-NOVO-65.jpg?fit=1200%2C675&ssl=1&resize=525%2C300 1.5x, https:\/\/i0.wp.com\/ismaelcolosi.com.br\/wp-content\/uploads\/2024\/03\/Copia-de-Copia-de-TAMANHO-EXATO-PARA-FOTOS-NO-SISTEMA-NOVO-65.jpg?fit=1200%2C675&ssl=1&resize=700%2C400 2x, https:\/\/i0.wp.com\/ismaelcolosi.com.br\/wp-content\/uploads\/2024\/03\/Copia-de-Copia-de-TAMANHO-EXATO-PARA-FOTOS-NO-SISTEMA-NOVO-65.jpg?fit=1200%2C675&ssl=1&resize=1050%2C600 3x"},"classes":[]},{"id":43194,"url":"https:\/\/ismaelcolosi.com.br\/index.php\/2024\/03\/19\/concurso-publico-para-fiscal-fazendario-em-ribeirao-preto-tem-locais-de-prova-divulgados\/","url_meta":{"origin":58701,"position":3},"title":"Concurso p\u00fablico para fiscal fazend\u00e1rio em Ribeir\u00e3o Preto tem locais de prova divulgados","author":"ismaelcolosi.com.br","date":"19 de March de 2024","format":false,"excerpt":"Foi publicado no Di\u00e1rio Oficial do Munic\u00edpio nesta ter\u00e7a-feira (19) os locais e hor\u00e1rios de prova para o Concurso P\u00fablico 01\/2024 para o cargo de fiscal fazend\u00e1rio. O sal\u00e1rio \u00e9 de R$ 8.852,98 por 40 horas semanais de trabalho. As provas objetivas v\u00e3o acontecer no per\u00edodo da manh\u00e3, com abertura\u2026","rel":"","context":"In &quot;Not\u00edcias de Ribeir\u00e3o Preto-SP e Regi\u00e3o&quot;","block_context":{"text":"Not\u00edcias de Ribeir\u00e3o Preto-SP e Regi\u00e3o","link":"https:\/\/ismaelcolosi.com.br\/index.php\/category\/noticias-de-ribeirao-preto-sp-e-regiao-ismael-colosi\/"},"img":{"alt_text":"","src":"https:\/\/i0.wp.com\/ismaelcolosi.com.br\/wp-content\/uploads\/2024\/03\/Copia-de-Copia-de-TAMANHO-EXATO-PARA-FOTOS-NO-SISTEMA-NOVO-70.jpg?fit=1200%2C675&ssl=1&resize=350%2C200","width":350,"height":200,"srcset":"https:\/\/i0.wp.com\/ismaelcolosi.com.br\/wp-content\/uploads\/2024\/03\/Copia-de-Copia-de-TAMANHO-EXATO-PARA-FOTOS-NO-SISTEMA-NOVO-70.jpg?fit=1200%2C675&ssl=1&resize=350%2C200 1x, https:\/\/i0.wp.com\/ismaelcolosi.com.br\/wp-content\/uploads\/2024\/03\/Copia-de-Copia-de-TAMANHO-EXATO-PARA-FOTOS-NO-SISTEMA-NOVO-70.jpg?fit=1200%2C675&ssl=1&resize=525%2C300 1.5x, https:\/\/i0.wp.com\/ismaelcolosi.com.br\/wp-content\/uploads\/2024\/03\/Copia-de-Copia-de-TAMANHO-EXATO-PARA-FOTOS-NO-SISTEMA-NOVO-70.jpg?fit=1200%2C675&ssl=1&resize=700%2C400 2x, https:\/\/i0.wp.com\/ismaelcolosi.com.br\/wp-content\/uploads\/2024\/03\/Copia-de-Copia-de-TAMANHO-EXATO-PARA-FOTOS-NO-SISTEMA-NOVO-70.jpg?fit=1200%2C675&ssl=1&resize=1050%2C600 3x"},"classes":[]},{"id":48556,"url":"https:\/\/ismaelcolosi.com.br\/index.php\/2024\/05\/03\/enem-dos-concursos-e-adiado-por-conta-de-chuvas-no-rio-grande-do-sul\/","url_meta":{"origin":58701,"position":4},"title":"&#8216;Enem dos Concursos&#8217; \u00e9 adiado por conta de chuvas no Rio Grande do Sul","author":"ismaelcolosi.com.br","date":"3 de May de 2024","format":false,"excerpt":"As provas do (CPNU) Concurso P\u00fablico Nacional Unificado, conhecido como \u201cEnem dos Concursos\u201d, foram adiadas por causa das fortes chuvas no Rio Grande do Sul. O an\u00fancio foi feito pelo Governo Federal nesta sexta-feira (3). As avalia\u00e7\u00f5es estavam marcadas para serem realizadas no domingo (5) em 228 munic\u00edpios, entre eles\u2026","rel":"","context":"In &quot;Not\u00edcias de Ribeir\u00e3o Preto-SP e Regi\u00e3o&quot;","block_context":{"text":"Not\u00edcias de Ribeir\u00e3o Preto-SP e Regi\u00e3o","link":"https:\/\/ismaelcolosi.com.br\/index.php\/category\/noticias-de-ribeirao-preto-sp-e-regiao-ismael-colosi\/"},"img":{"alt_text":"","src":"https:\/\/i0.wp.com\/ismaelcolosi.com.br\/wp-content\/uploads\/2024\/04\/AnyConv.com__concurso-publico-4.webp.webp?fit=1200%2C800&ssl=1&resize=350%2C200","width":350,"height":200,"srcset":"https:\/\/i0.wp.com\/ismaelcolosi.com.br\/wp-content\/uploads\/2024\/04\/AnyConv.com__concurso-publico-4.webp.webp?fit=1200%2C800&ssl=1&resize=350%2C200 1x, https:\/\/i0.wp.com\/ismaelcolosi.com.br\/wp-content\/uploads\/2024\/04\/AnyConv.com__concurso-publico-4.webp.webp?fit=1200%2C800&ssl=1&resize=525%2C300 1.5x, https:\/\/i0.wp.com\/ismaelcolosi.com.br\/wp-content\/uploads\/2024\/04\/AnyConv.com__concurso-publico-4.webp.webp?fit=1200%2C800&ssl=1&resize=700%2C400 2x, https:\/\/i0.wp.com\/ismaelcolosi.com.br\/wp-content\/uploads\/2024\/04\/AnyConv.com__concurso-publico-4.webp.webp?fit=1200%2C800&ssl=1&resize=1050%2C600 3x"},"classes":[]},{"id":51116,"url":"https:\/\/ismaelcolosi.com.br\/index.php\/2024\/05\/23\/veja-quando-sera-a-nova-data-da-prova-do-enem-dos-concursos\/","url_meta":{"origin":58701,"position":5},"title":"Veja quando ser\u00e1 a nova data da prova do \u2018Enem dos Concursos&#8217;","author":"ismaelcolosi.com.br","date":"23 de May de 2024","format":false,"excerpt":"O Concurso P\u00fablico Nacional Unificado, conhecido como o \u201cEnem dos Concursos\u201d, j\u00e1 tem nova data da prova definida: 18 de agosto. O an\u00fancio foi feito pelo Governo Federal, na manh\u00e3 desta quinta-feira (23). Ao todo, 228 munic\u00edpios receber\u00e3o os candidatos para as avalia\u00e7\u00f5es, entre eles, Ribeir\u00e3o Preto. De acordo com\u2026","rel":"","context":"In &quot;Not\u00edcias de Ribeir\u00e3o Preto-SP e Regi\u00e3o&quot;","block_context":{"text":"Not\u00edcias de Ribeir\u00e3o Preto-SP e Regi\u00e3o","link":"https:\/\/ismaelcolosi.com.br\/index.php\/category\/noticias-de-ribeirao-preto-sp-e-regiao-ismael-colosi\/"},"img":{"alt_text":"","src":"https:\/\/i0.wp.com\/ismaelcolosi.com.br\/wp-content\/uploads\/2024\/05\/Copia-de-Copia-de-TAMANHO-EXATO-PARA-FOTOS-NO-SISTEMA-NOVO-33_2024-05-23_13-39-05_jpg_2024-05-23_13-39-05.webp.webp?fit=1200%2C675&ssl=1&resize=350%2C200","width":350,"height":200,"srcset":"https:\/\/i0.wp.com\/ismaelcolosi.com.br\/wp-content\/uploads\/2024\/05\/Copia-de-Copia-de-TAMANHO-EXATO-PARA-FOTOS-NO-SISTEMA-NOVO-33_2024-05-23_13-39-05_jpg_2024-05-23_13-39-05.webp.webp?fit=1200%2C675&ssl=1&resize=350%2C200 1x, https:\/\/i0.wp.com\/ismaelcolosi.com.br\/wp-content\/uploads\/2024\/05\/Copia-de-Copia-de-TAMANHO-EXATO-PARA-FOTOS-NO-SISTEMA-NOVO-33_2024-05-23_13-39-05_jpg_2024-05-23_13-39-05.webp.webp?fit=1200%2C675&ssl=1&resize=525%2C300 1.5x, https:\/\/i0.wp.com\/ismaelcolosi.com.br\/wp-content\/uploads\/2024\/05\/Copia-de-Copia-de-TAMANHO-EXATO-PARA-FOTOS-NO-SISTEMA-NOVO-33_2024-05-23_13-39-05_jpg_2024-05-23_13-39-05.webp.webp?fit=1200%2C675&ssl=1&resize=700%2C400 2x, https:\/\/i0.wp.com\/ismaelcolosi.com.br\/wp-content\/uploads\/2024\/05\/Copia-de-Copia-de-TAMANHO-EXATO-PARA-FOTOS-NO-SISTEMA-NOVO-33_2024-05-23_13-39-05_jpg_2024-05-23_13-39-05.webp.webp?fit=1200%2C675&ssl=1&resize=1050%2C600 3x"},"classes":[]}],"jetpack_sharing_enabled":true,"jetpack_shortlink":"https:\/\/wp.me\/pfMlyK-fgN","_links":{"self":[{"href":"https:\/\/ismaelcolosi.com.br\/index.php\/wp-json\/wp\/v2\/posts\/58701","targetHints":{"allow":["GET"]}}],"collection":[{"href":"https:\/\/ismaelcolosi.com.br\/index.php\/wp-json\/wp\/v2\/posts"}],"about":[{"href":"https:\/\/ismaelcolosi.com.br\/index.php\/wp-json\/wp\/v2\/types\/post"}],"author":[{"embeddable":true,"href":"https:\/\/ismaelcolosi.com.br\/index.php\/wp-json\/wp\/v2\/users\/1"}],"replies":[{"embeddable":true,"href":"https:\/\/ismaelcolosi.com.br\/index.php\/wp-json\/wp\/v2\/comments?post=58701"}],"version-history":[{"count":0,"href":"https:\/\/ismaelcolosi.com.br\/index.php\/wp-json\/wp\/v2\/posts\/58701\/revisions"}],"wp:featuredmedia":[{"embeddable":true,"href":"https:\/\/ismaelcolosi.com.br\/index.php\/wp-json\/wp\/v2\/media\/58702"}],"wp:attachment":[{"href":"https:\/\/ismaelcolosi.com.br\/index.php\/wp-json\/wp\/v2\/media?parent=58701"}],"wp:term":[{"taxonomy":"category","embeddable":true,"href":"https:\/\/ismaelcolosi.com.br\/index.php\/wp-json\/wp\/v2\/categories?post=58701"},{"taxonomy":"post_tag","embeddable":true,"href":"https:\/\/ismaelcolosi.com.br\/index.php\/wp-json\/wp\/v2\/tags?post=58701"}],"curies":[{"name":"wp","href":"https:\/\/api.w.org\/{rel}","templated":true}]}}