{"id":58699,"date":"2024-08-01T18:56:43","date_gmt":"2024-08-01T21:56:43","guid":{"rendered":"https:\/\/ismaelcolosi.com.br\/index.php\/2024\/08\/01\/nova-frente-fria-no-sul-provoca-aumento-das-temperaturas-no-interior-de-sp-entenda\/"},"modified":"2024-08-01T18:56:43","modified_gmt":"2024-08-01T21:56:43","slug":"nova-frente-fria-no-sul-provoca-aumento-das-temperaturas-no-interior-de-sp-entenda","status":"publish","type":"post","link":"https:\/\/ismaelcolosi.com.br\/index.php\/2024\/08\/01\/nova-frente-fria-no-sul-provoca-aumento-das-temperaturas-no-interior-de-sp-entenda\/","title":{"rendered":"Nova frente fria no Sul provoca aumento das temperaturas no interior de SP; Entenda"},"content":{"rendered":"<p> <br \/>\n<\/p>\n<div data-td-block-uid=\"tdi_106\">\n<div class=\"tdb-block-inner td-fix-index\">\n<p>A<strong> frente fria<\/strong> que chega \u00e0 regi\u00e3o Sul do<strong> Brasil <\/strong>no pr\u00f3ximo final de semana <mark style=\"background-color:#fcb900\" class=\"has-inline-color has-black-color\">provoca o aumento das temperaturas no <strong>interior de S\u00e3o Paulo<\/strong><\/mark>, de acordo com os meteorologistas.<\/p>\n<p>O meteorologista Luiz Felippe Gozzo, do site<strong><a href=\"https:\/\/www.tempo.com\/noticias\/previsao\/o-tempo-no-fim-de-semana-no-sudeste-do-brasil-temperaturas-vao-passar-dos-30-c-em-varias-cidades-da-regiao.html\" target=\"_blank\" rel=\"noreferrer noopener nofollow\"> Meteored<\/a><\/strong>, aponta que os pr\u00f3ximos dias no interior de S\u00e3o Paulo ser\u00e3o de calor e tempo seco.<\/p>\n<p>\u201cA eleva\u00e7\u00e3o da temperatura tem a ver com a passagem de uma frente fria mais ao sul; a frente n\u00e3o chega a atingir diretamente S\u00e3o Paulo, mas intensifica os ventos que sopram do Brasil Central na dianteira dela, fazendo com que esquente ainda mais em \u00e1reas que est\u00e3o \u2018adiante\u2019 da frente\u201d, informa.<\/p>\n<p>Segundo a <strong><a href=\"https:\/\/www.climatempo.com.br\/previsao-do-tempo\/15-dias\/cidade\/530\/ribeiraopreto-sp\" target=\"_blank\" rel=\"noreferrer noopener nofollow\">Climatempo<\/a><\/strong>, <mark style=\"background-color:#fcb900\" class=\"has-inline-color has-black-color\">os term\u00f4metros podem chegar aos 31\u00b0C em <strong>Ribeir\u00e3o Preto<\/strong> na sexta-feira (2), aos 32\u00b0C, no s\u00e1bado (3) e no domingo (4), e aos 33\u00b0C na segunda-feira (5).<\/mark><\/p>\n<h4 class=\"wp-block-heading\"><strong>Nova frente fria<\/strong><\/h4>\n<p>A nova frente fria se aproxima dos estados do Sul no primeiro fim de semana do m\u00eas de agosto, o que pode provocar chuva expressiva e que de temperaturas no Rio Grande do Sul e em Santa Catarina.<\/p>\n<p>\u201cA frente se deslocar\u00e1 rapidamente para o oceano, e n\u00e3o passar\u00e1 sobre Paran\u00e1 e S\u00e3o Paulo \u2013 nestes dois estados, seu efeito ser\u00e1 na verdade aumentar as temperaturas entre domingo e segunda\u201d, afirma o especialista.<\/p>\n<p>SAIBA MAIS<br \/>Ribeir\u00e3o Preto pode ganhar bairro inteligente inspirado em Puerto Madero; Entenda<\/p>\n<h4 class=\"wp-block-heading\"><strong>FIQUE ON<\/strong><\/h4>\n<p>Fique ligado em tudo que acontece em Ribeir\u00e3o Preto e regi\u00e3o. Siga os perfis do <strong>acidade on<\/strong> no<a href=\"https:\/\/www.instagram.com\/acidadeonribeirao\" target=\"_blank\" rel=\"noreferrer noopener nofollow\"> Instagram<\/a> e no <a href=\"https:\/\/www.facebook.com\/acidadeonribeirao\/\" target=\"_blank\" rel=\"noreferrer noopener nofollow\">Facebook<\/a>.<\/p>\n<p>Receba not\u00edcias do <strong>acidade on <\/strong>no WhatsApp.<a href=\"https:\/\/chat.whatsapp.com\/Dtv9mxhy6V5BJBotM2OQ5k\" target=\"_blank\" rel=\"noreferrer noopener nofollow\"> Para entrar no grupo, basta clicar aqui.<\/a><\/p>\n<p>Fa\u00e7a uma den\u00fancia ou sugira uma reportagem sobre Ribeir\u00e3o Preto e regi\u00e3o pelo WhatsApp: 16 99117 7802.<\/p>\n<p>VEJA TAMB\u00c9M<br \/>Quem \u00e9 o bilion\u00e1rio que diz que sua fortuna de R$ 73 bi sumiu?<\/p>\n<p><!-- CONTENT END 1 -->\n<\/div>\n<\/div>\n<p><script async src=\"\/\/www.instagram.com\/embed.js\"><\/script><br \/>\n<br \/><br \/>\n<br \/><a href=\"https:\/\/www.acidadeon.com\/ribeiraopreto\/cotidiano\/nova-frente-fria-no-sul-provoca-aumento-das-temperaturas-no-interior-de-sp-entenda\/\">Source link <\/a><\/p>\n","protected":false},"excerpt":{"rendered":"<p>A frente fria que chega \u00e0 regi\u00e3o Sul do Brasil no pr\u00f3ximo final de semana provoca o aumento das temperaturas no interior de S\u00e3o Paulo,&#8230;<\/p>\n","protected":false},"author":1,"featured_media":58700,"comment_status":"open","ping_status":"open","sticky":false,"template":"","format":"standard","meta":{"_uag_custom_page_level_css":"","advanced_seo_description":"","jetpack_seo_html_title":"","jetpack_seo_noindex":false,"jetpack_post_was_ever_published":false,"_jetpack_newsletter_access":"","_jetpack_dont_email_post_to_subs":false,"_jetpack_newsletter_tier_id":0,"_jetpack_memberships_contains_paywalled_content":false,"_jetpack_memberships_contains_paid_content":false,"footnotes":"","jetpack_publicize_message":"","jetpack_publicize_feature_enabled":true,"jetpack_social_post_already_shared":true,"jetpack_social_options":{"image_generator_settings":{"template":"highway","default_image_id":0,"font":"","enabled":false},"version":2}},"categories":[11],"tags":[],"class_list":["post-58699","post","type-post","status-publish","format-standard","has-post-thumbnail","hentry","category-noticias-de-ribeirao-preto-sp-e-regiao-ismael-colosi"],"jetpack_publicize_connections":[],"jetpack_featured_media_url":"https:\/\/i0.wp.com\/ismaelcolosi.com.br\/wp-content\/uploads\/2024\/08\/sertaozinho-2.jpg?fit=800%2C600&ssl=1","uagb_featured_image_src":{"full":["https:\/\/i0.wp.com\/ismaelcolosi.com.br\/wp-content\/uploads\/2024\/08\/sertaozinho-2.jpg?fit=800%2C600&ssl=1",800,600,false],"thumbnail":["https:\/\/i0.wp.com\/ismaelcolosi.com.br\/wp-content\/uploads\/2024\/08\/sertaozinho-2.jpg?resize=150%2C150&ssl=1",150,150,true],"medium":["https:\/\/i0.wp.com\/ismaelcolosi.com.br\/wp-content\/uploads\/2024\/08\/sertaozinho-2.jpg?fit=300%2C225&ssl=1",300,225,true],"medium_large":["https:\/\/i0.wp.com\/ismaelcolosi.com.br\/wp-content\/uploads\/2024\/08\/sertaozinho-2.jpg?fit=768%2C576&ssl=1",768,576,true],"large":["https:\/\/i0.wp.com\/ismaelcolosi.com.br\/wp-content\/uploads\/2024\/08\/sertaozinho-2.jpg?fit=800%2C600&ssl=1",800,600,true],"1536x1536":["https:\/\/i0.wp.com\/ismaelcolosi.com.br\/wp-content\/uploads\/2024\/08\/sertaozinho-2.jpg?fit=800%2C600&ssl=1",800,600,true],"2048x2048":["https:\/\/i0.wp.com\/ismaelcolosi.com.br\/wp-content\/uploads\/2024\/08\/sertaozinho-2.jpg?fit=800%2C600&ssl=1",800,600,true],"really-simple-thumb":["https:\/\/i0.wp.com\/ismaelcolosi.com.br\/wp-content\/uploads\/2024\/08\/sertaozinho-2.jpg?resize=370%2C247&ssl=1",370,247,true]},"uagb_author_info":{"display_name":"ismaelcolosi.com.br","author_link":"https:\/\/ismaelcolosi.com.br\/index.php\/author\/vidareal-online\/"},"uagb_comment_info":0,"uagb_excerpt":"A frente fria que chega \u00e0 regi\u00e3o Sul do Brasil no pr\u00f3ximo final de semana provoca o aumento das temperaturas no interior de S\u00e3o Paulo,...","jetpack-related-posts":[{"id":46284,"url":"https:\/\/ismaelcolosi.com.br\/index.php\/2024\/04\/10\/frente-fria-chega-ao-interior-de-sp-nesta-quinta-feira-veja-a-previsao\/","url_meta":{"origin":58699,"position":0},"title":"Frente fria chega ao interior de SP nesta quinta-feira; Veja a previs\u00e3o","author":"ismaelcolosi.com.br","date":"10 de April de 2024","format":false,"excerpt":"Uma frente fria formada na Argentina deve causar chuva e temperaturas mais amenas no Sul, antes de chegar ao Sudeste do pa\u00eds, incluindo o estado de S\u00e3o Paulo e o litoral paulista, nesta semana. A alta press\u00e3o que vem na retaguarda desse sistema deve trazer um pouco de ar frio,\u2026","rel":"","context":"In &quot;Not\u00edcias de Ribeir\u00e3o Preto-SP e Regi\u00e3o&quot;","block_context":{"text":"Not\u00edcias de Ribeir\u00e3o Preto-SP e Regi\u00e3o","link":"https:\/\/ismaelcolosi.com.br\/index.php\/category\/noticias-de-ribeirao-preto-sp-e-regiao-ismael-colosi\/"},"img":{"alt_text":"","src":"https:\/\/ismaelcolosi.com.br\/wp-content\/uploads\/2024\/04\/whatsapp_image_2022-08-08_at_07_42_08.jpe","width":350,"height":200,"srcset":"https:\/\/ismaelcolosi.com.br\/wp-content\/uploads\/2024\/04\/whatsapp_image_2022-08-08_at_07_42_08.jpe 1x, https:\/\/ismaelcolosi.com.br\/wp-content\/uploads\/2024\/04\/whatsapp_image_2022-08-08_at_07_42_08.jpe 1.5x, https:\/\/ismaelcolosi.com.br\/wp-content\/uploads\/2024\/04\/whatsapp_image_2022-08-08_at_07_42_08.jpe 2x, https:\/\/ismaelcolosi.com.br\/wp-content\/uploads\/2024\/04\/whatsapp_image_2022-08-08_at_07_42_08.jpe 3x"},"classes":[]},{"id":63755,"url":"https:\/\/ismaelcolosi.com.br\/index.php\/2024\/09\/03\/frente-fria-chega-ao-sudeste-nesta-semana-entenda\/","url_meta":{"origin":58699,"position":1},"title":"Frente fria chega ao Sudeste nesta semana; Entenda","author":"ismaelcolosi.com.br","date":"3 de September de 2024","format":false,"excerpt":"Os primeiros dias de setembro est\u00e3o sendo marcados pelo tempo seco e as altas temperaturas em todo o estado de S\u00e3o Paulo. Entretanto, de acordo com os meteorologistas, uma frente fria deve chegar ao Sudeste nesta semana e mudar o tempo em parte da regi\u00e3o. Quando chega a frente fria\u2026","rel":"","context":"In &quot;Not\u00edcias de Ribeir\u00e3o Preto-SP e Regi\u00e3o&quot;","block_context":{"text":"Not\u00edcias de Ribeir\u00e3o Preto-SP e Regi\u00e3o","link":"https:\/\/ismaelcolosi.com.br\/index.php\/category\/noticias-de-ribeirao-preto-sp-e-regiao-ismael-colosi\/"},"img":{"alt_text":"","src":"https:\/\/i0.wp.com\/ismaelcolosi.com.br\/wp-content\/uploads\/2024\/07\/frio-df_mcamgo_abr_110820221818-4_2024-07-08_17-50-52_jpg_2024-07-08_17-50-54-scaled.webp.webp?fit=1200%2C800&ssl=1&resize=350%2C200","width":350,"height":200,"srcset":"https:\/\/i0.wp.com\/ismaelcolosi.com.br\/wp-content\/uploads\/2024\/07\/frio-df_mcamgo_abr_110820221818-4_2024-07-08_17-50-52_jpg_2024-07-08_17-50-54-scaled.webp.webp?fit=1200%2C800&ssl=1&resize=350%2C200 1x, https:\/\/i0.wp.com\/ismaelcolosi.com.br\/wp-content\/uploads\/2024\/07\/frio-df_mcamgo_abr_110820221818-4_2024-07-08_17-50-52_jpg_2024-07-08_17-50-54-scaled.webp.webp?fit=1200%2C800&ssl=1&resize=525%2C300 1.5x, https:\/\/i0.wp.com\/ismaelcolosi.com.br\/wp-content\/uploads\/2024\/07\/frio-df_mcamgo_abr_110820221818-4_2024-07-08_17-50-52_jpg_2024-07-08_17-50-54-scaled.webp.webp?fit=1200%2C800&ssl=1&resize=700%2C400 2x, https:\/\/i0.wp.com\/ismaelcolosi.com.br\/wp-content\/uploads\/2024\/07\/frio-df_mcamgo_abr_110820221818-4_2024-07-08_17-50-52_jpg_2024-07-08_17-50-54-scaled.webp.webp?fit=1200%2C800&ssl=1&resize=1050%2C600 3x"},"classes":[]},{"id":57951,"url":"https:\/\/ismaelcolosi.com.br\/index.php\/2024\/07\/25\/veja-quando-a-frente-fria-chega-e-traz-chuva-para-o-interior-de-sp\/","url_meta":{"origin":58699,"position":2},"title":"Veja quando a frente fria chega e traz chuva para o interior de SP","author":"ismaelcolosi.com.br","date":"25 de July de 2024","format":false,"excerpt":"Com o t\u00e9rmino do veranico nesta quinta-feira (25), uma forte frente fria est\u00e1 prevista para o final do m\u00eas de julho para o interior de S\u00e3o Paulo, de acordo com a Climatempo. Com isso, os dias devem voltar a ter caracter\u00edsticas t\u00edpicas do inverno. Contudo, os meteorologistas informam que os\u2026","rel":"","context":"In &quot;Not\u00edcias de Ribeir\u00e3o Preto-SP e Regi\u00e3o&quot;","block_context":{"text":"Not\u00edcias de Ribeir\u00e3o Preto-SP e Regi\u00e3o","link":"https:\/\/ismaelcolosi.com.br\/index.php\/category\/noticias-de-ribeirao-preto-sp-e-regiao-ismael-colosi\/"},"img":{"alt_text":"","src":"https:\/\/i0.wp.com\/ismaelcolosi.com.br\/wp-content\/uploads\/2024\/07\/chuva.jpeg?fit=1200%2C903&ssl=1&resize=350%2C200","width":350,"height":200,"srcset":"https:\/\/i0.wp.com\/ismaelcolosi.com.br\/wp-content\/uploads\/2024\/07\/chuva.jpeg?fit=1200%2C903&ssl=1&resize=350%2C200 1x, https:\/\/i0.wp.com\/ismaelcolosi.com.br\/wp-content\/uploads\/2024\/07\/chuva.jpeg?fit=1200%2C903&ssl=1&resize=525%2C300 1.5x, https:\/\/i0.wp.com\/ismaelcolosi.com.br\/wp-content\/uploads\/2024\/07\/chuva.jpeg?fit=1200%2C903&ssl=1&resize=700%2C400 2x, https:\/\/i0.wp.com\/ismaelcolosi.com.br\/wp-content\/uploads\/2024\/07\/chuva.jpeg?fit=1200%2C903&ssl=1&resize=1050%2C600 3x"},"classes":[]},{"id":55721,"url":"https:\/\/ismaelcolosi.com.br\/index.php\/2024\/07\/05\/frente-fria-chega-ao-estado-de-sp-nesta-sexta-veja-como-fica-o-tempo-no-fim-de-semana\/","url_meta":{"origin":58699,"position":3},"title":"Frente fria chega ao estado de SP nesta sexta; Veja como fica o tempo no fim de semana","author":"ismaelcolosi.com.br","date":"5 de July de 2024","format":false,"excerpt":"Uma frente fria chega ao estado de S\u00e3o Paulo nesta sexta-feira (5). Segundo a Climatempo, este sistema tem fraca intensidade e deve atingir apenas o litoral paulista e o Vale do Ribeira. Ainda conforme a meteorologia, mesmo com\u00a0a frente fria, todo o estado de S\u00e3o Paulo tem previs\u00e3o de sol\u2026","rel":"","context":"In &quot;Not\u00edcias de Ribeir\u00e3o Preto-SP e Regi\u00e3o&quot;","block_context":{"text":"Not\u00edcias de Ribeir\u00e3o Preto-SP e Regi\u00e3o","link":"https:\/\/ismaelcolosi.com.br\/index.php\/category\/noticias-de-ribeirao-preto-sp-e-regiao-ismael-colosi\/"},"img":{"alt_text":"","src":"https:\/\/i0.wp.com\/ismaelcolosi.com.br\/wp-content\/uploads\/2024\/07\/RIBEIRAO-PRETO.jpg?fit=1200%2C708&ssl=1&resize=350%2C200","width":350,"height":200,"srcset":"https:\/\/i0.wp.com\/ismaelcolosi.com.br\/wp-content\/uploads\/2024\/07\/RIBEIRAO-PRETO.jpg?fit=1200%2C708&ssl=1&resize=350%2C200 1x, https:\/\/i0.wp.com\/ismaelcolosi.com.br\/wp-content\/uploads\/2024\/07\/RIBEIRAO-PRETO.jpg?fit=1200%2C708&ssl=1&resize=525%2C300 1.5x, https:\/\/i0.wp.com\/ismaelcolosi.com.br\/wp-content\/uploads\/2024\/07\/RIBEIRAO-PRETO.jpg?fit=1200%2C708&ssl=1&resize=700%2C400 2x, https:\/\/i0.wp.com\/ismaelcolosi.com.br\/wp-content\/uploads\/2024\/07\/RIBEIRAO-PRETO.jpg?fit=1200%2C708&ssl=1&resize=1050%2C600 3x"},"classes":[]},{"id":56243,"url":"https:\/\/ismaelcolosi.com.br\/index.php\/2024\/07\/10\/nova-frente-fria-traz-massa-de-ar-polar-para-o-interior-de-sp\/","url_meta":{"origin":58699,"position":4},"title":"Nova frente fria traz massa de ar polar para o interior de SP","author":"ismaelcolosi.com.br","date":"10 de July de 2024","format":false,"excerpt":"Uma nova frente fria que chega ao sul do Brasil nesta quinta-feira (11), trazendo uma massa de ar polar para o interior de S\u00e3o Paulo. Segundo a Climatempo, este sistema trar\u00e1 mais chuva e intensificar\u00e1 a sensa\u00e7\u00e3o de frio. \u201cA frente fria se deslocar\u00e1 rapidamente pelo Sul, canalizando umidade para\u2026","rel":"","context":"In &quot;Not\u00edcias de Ribeir\u00e3o Preto-SP e Regi\u00e3o&quot;","block_context":{"text":"Not\u00edcias de Ribeir\u00e3o Preto-SP e Regi\u00e3o","link":"https:\/\/ismaelcolosi.com.br\/index.php\/category\/noticias-de-ribeirao-preto-sp-e-regiao-ismael-colosi\/"},"img":{"alt_text":"","src":"https:\/\/i0.wp.com\/ismaelcolosi.com.br\/wp-content\/uploads\/2024\/07\/no_inverno_1024x576_03072020100617.jpg?fit=1024%2C576&ssl=1&resize=350%2C200","width":350,"height":200,"srcset":"https:\/\/i0.wp.com\/ismaelcolosi.com.br\/wp-content\/uploads\/2024\/07\/no_inverno_1024x576_03072020100617.jpg?fit=1024%2C576&ssl=1&resize=350%2C200 1x, https:\/\/i0.wp.com\/ismaelcolosi.com.br\/wp-content\/uploads\/2024\/07\/no_inverno_1024x576_03072020100617.jpg?fit=1024%2C576&ssl=1&resize=525%2C300 1.5x, https:\/\/i0.wp.com\/ismaelcolosi.com.br\/wp-content\/uploads\/2024\/07\/no_inverno_1024x576_03072020100617.jpg?fit=1024%2C576&ssl=1&resize=700%2C400 2x"},"classes":[]},{"id":58828,"url":"https:\/\/ismaelcolosi.com.br\/index.php\/2024\/08\/02\/frente-fria-tem-data-prevista-para-chegar-ao-estado-de-sp-veja-quando\/","url_meta":{"origin":58699,"position":5},"title":"Frente fria tem data prevista para chegar ao Estado de SP; Veja quando","author":"ismaelcolosi.com.br","date":"2 de August de 2024","format":false,"excerpt":"A previs\u00e3o para o final de semana no interior de S\u00e3o Paulo n\u00e3o \u00e9 nada boa para quem aguarda uma nova frente fria no estado. De acordo com os meteorologistas, o padr\u00e3o de bloqueio persiste e os pr\u00f3ximos dias devem ser quentes e sem chuva. Conforme a plataforma meteorol\u00f3gica Meteored,\u2026","rel":"","context":"In &quot;Not\u00edcias de Ribeir\u00e3o Preto-SP e Regi\u00e3o&quot;","block_context":{"text":"Not\u00edcias de Ribeir\u00e3o Preto-SP e Regi\u00e3o","link":"https:\/\/ismaelcolosi.com.br\/index.php\/category\/noticias-de-ribeirao-preto-sp-e-regiao-ismael-colosi\/"},"img":{"alt_text":"","src":"https:\/\/i0.wp.com\/ismaelcolosi.com.br\/wp-content\/uploads\/2024\/08\/WhatsApp-Image-2024-01-25-at-08.23.57.jpeg?fit=1200%2C553&ssl=1&resize=350%2C200","width":350,"height":200,"srcset":"https:\/\/i0.wp.com\/ismaelcolosi.com.br\/wp-content\/uploads\/2024\/08\/WhatsApp-Image-2024-01-25-at-08.23.57.jpeg?fit=1200%2C553&ssl=1&resize=350%2C200 1x, https:\/\/i0.wp.com\/ismaelcolosi.com.br\/wp-content\/uploads\/2024\/08\/WhatsApp-Image-2024-01-25-at-08.23.57.jpeg?fit=1200%2C553&ssl=1&resize=525%2C300 1.5x, https:\/\/i0.wp.com\/ismaelcolosi.com.br\/wp-content\/uploads\/2024\/08\/WhatsApp-Image-2024-01-25-at-08.23.57.jpeg?fit=1200%2C553&ssl=1&resize=700%2C400 2x, https:\/\/i0.wp.com\/ismaelcolosi.com.br\/wp-content\/uploads\/2024\/08\/WhatsApp-Image-2024-01-25-at-08.23.57.jpeg?fit=1200%2C553&ssl=1&resize=1050%2C600 3x"},"classes":[]}],"jetpack_sharing_enabled":true,"jetpack_shortlink":"https:\/\/wp.me\/pfMlyK-fgL","_links":{"self":[{"href":"https:\/\/ismaelcolosi.com.br\/index.php\/wp-json\/wp\/v2\/posts\/58699","targetHints":{"allow":["GET"]}}],"collection":[{"href":"https:\/\/ismaelcolosi.com.br\/index.php\/wp-json\/wp\/v2\/posts"}],"about":[{"href":"https:\/\/ismaelcolosi.com.br\/index.php\/wp-json\/wp\/v2\/types\/post"}],"author":[{"embeddable":true,"href":"https:\/\/ismaelcolosi.com.br\/index.php\/wp-json\/wp\/v2\/users\/1"}],"replies":[{"embeddable":true,"href":"https:\/\/ismaelcolosi.com.br\/index.php\/wp-json\/wp\/v2\/comments?post=58699"}],"version-history":[{"count":0,"href":"https:\/\/ismaelcolosi.com.br\/index.php\/wp-json\/wp\/v2\/posts\/58699\/revisions"}],"wp:featuredmedia":[{"embeddable":true,"href":"https:\/\/ismaelcolosi.com.br\/index.php\/wp-json\/wp\/v2\/media\/58700"}],"wp:attachment":[{"href":"https:\/\/ismaelcolosi.com.br\/index.php\/wp-json\/wp\/v2\/media?parent=58699"}],"wp:term":[{"taxonomy":"category","embeddable":true,"href":"https:\/\/ismaelcolosi.com.br\/index.php\/wp-json\/wp\/v2\/categories?post=58699"},{"taxonomy":"post_tag","embeddable":true,"href":"https:\/\/ismaelcolosi.com.br\/index.php\/wp-json\/wp\/v2\/tags?post=58699"}],"curies":[{"name":"wp","href":"https:\/\/api.w.org\/{rel}","templated":true}]}}