{"id":58689,"date":"2024-08-01T17:43:38","date_gmt":"2024-08-01T20:43:38","guid":{"rendered":"https:\/\/ismaelcolosi.com.br\/index.php\/2024\/08\/01\/rede-de-supermercados-celebra-aniversario-com-figurinhas-do-harry-potter-veja-como-participar\/"},"modified":"2024-08-01T17:43:38","modified_gmt":"2024-08-01T20:43:38","slug":"rede-de-supermercados-celebra-aniversario-com-figurinhas-do-harry-potter-veja-como-participar","status":"publish","type":"post","link":"https:\/\/ismaelcolosi.com.br\/index.php\/2024\/08\/01\/rede-de-supermercados-celebra-aniversario-com-figurinhas-do-harry-potter-veja-como-participar\/","title":{"rendered":"Rede de supermercados celebra anivers\u00e1rio com figurinhas do Harry Potter; Veja como participar"},"content":{"rendered":"<p> <br \/>\n<\/p>\n<div>\n<p>Durante as comemora\u00e7\u00f5es de anivers\u00e1rio dos 48 anos do <strong>Savegnago Supermercados<\/strong>, os clientes <strong>Save Ganhe<\/strong> poder\u00e3o participar da promo\u00e7\u00e3o do \u00e1lbum de figurinhas do<strong> Harry Potter<\/strong>. Na promo\u00e7\u00e3o, <mark style=\"background-color:#fcb900\" class=\"has-inline-color has-black-color\">a cada R$ 50 em compras em todas as lojas da rede, o consumidor ganha um pacote com quatro figurinhas adesivas.<\/mark><\/p>\n<p>J\u00e1 as compras com valor igual ou superior a R$ 250, pagas com o Nosso Cart\u00e3o, permitem a entrega de mais um pacote. O Livro Ilustrado Harry Potter, que abre as portas para um ambiente cheio de magia, pode ser adquirido por R$ 14,99.<\/p>\n<p>Al\u00e9m disso, as lojas contar\u00e3o com cen\u00e1rios instagram\u00e1veis de Harry Potter e, ainda, promover\u00e3o encontros para troca de figurinhas entre participantes. <mark style=\"background-color:#fcb900\" class=\"has-inline-color has-black-color\">A campanha come\u00e7a nesta quinta-feira, 1\u00ba de agosto, e segue at\u00e9 o dia 11 de setembro.<\/mark><\/p>\n<p>\u201cQueremos dividir a magia deste momento com nossos clientes atrav\u00e9s desta promo\u00e7\u00e3o com o Harry Potter, um personagem que encanta a todos \u201c, afirma o presidente-executivo do Grupo Savegnago, Chalim Savegnago.<\/p>\n<p><strong>Livro e Figurinhas<\/strong><\/p>\n<p>O Livro Ilustrado Harry Potter cont\u00e9m 48 p\u00e1ginas e sete cap\u00edtulos que celebram a magia da verdadeira amizade. Cada parte \u00e9 referente a um dos livros da saga: \u201cPedra Filosofal\u201d, \u201cC\u00e2mara Secreta\u201d, \u201cPrisioneiro de Azkaban\u201d, \u201cC\u00e1lice de Fogo\u201d, \u201cOrdem da F\u00eanix\u201d, \u201cEnigma do Pr\u00edncipe\u201d e \u201cRel\u00edquias da Morte\u201d.<\/p>\n<p>Na campanha comprou-ganhou, h\u00e1 a entrega de pacotes de figurinhas. Ao todo, <mark style=\"background-color:#fcb900\" class=\"has-inline-color has-black-color\">s\u00e3o 128 figurinhas <\/mark>que podem ser simples, com brilho, hologr\u00e1ficas, com tinta UV, al\u00e9m de adesivos em formatos diferentes.<\/p>\n<p>Para ganhar as figurinhas, as compras podem ser feitas em todas as unidades do Savegnago Supermercados, no delivery on-line pelo site (<a href=\"https:\/\/www.savegnago.com.br\/\" target=\"_blank\" rel=\"noreferrer noopener nofollow\">clicando aqui<\/a>), \u201cRetire na Loja\u201d ou pelo servi\u00e7o de televendas.<\/p>\n<p>Os pacotes de figurinhas s\u00e3o entregues no ato da compra no caso das lojas f\u00edsicas e enviados junto com a mercadoria nas vendas on-line. Os consumidores tamb\u00e9m podem adquirir o pacote avulso com quatro figurinhas adesivas por R$ 9,99 nas unidades da rede.<\/p>\n<h4 class=\"wp-block-heading\"><strong>Como funciona a campanha?<\/strong><\/h4>\n<ul>\n<li>\u00c9 exclusiva para clientes Save Ganhe;<\/li>\n<\/ul>\n<ul>\n<li>\u00c9 v\u00e1lida nas lojas do Savegnago Supermercados presentes em 20 cidades do interior paulista: Sert\u00e3ozinho, Ribeir\u00e3o Preto, Jardin\u00f3polis, Franca, Barretos, Bebedouro, Araraquara, Monte Alto, Mat\u00e3o, Jaboticabal, S\u00e3o Carlos, Piracicaba, Sumar\u00e9, Limeira, Araras, Campinas, Leme, Hortol\u00e2ndia, Americana e Rio Claro;<\/li>\n<\/ul>\n<ul>\n<li>A cada R$ 50 em compras, o consumidor ganha um pacote de figurinhas (com quatro unidades);<\/li>\n<\/ul>\n<ul>\n<li>Compras com valor igual ou superior a R$ 250, pagas com o Nosso Cart\u00e3o, permitem ao cliente mais um pacote de figurinhas;<\/li>\n<\/ul>\n<ul>\n<li>Os pacotes de figurinhas tamb\u00e9m podem ser comprados avulsos por R$ 9,99;<\/li>\n<\/ul>\n<ul>\n<li>O Livro Ilustrado Harry Potter \u00e9 vendido por R$ 14,99 e pode ser adquirido por todos os consumidores nas lojas da rede Savegnago;<\/li>\n<\/ul>\n<figure class=\"wp-block-image size-large\"><img data-recalc-dims=\"1\" loading=\"lazy\" decoding=\"async\" width=\"1024\" height=\"683\" src=\"https:\/\/i0.wp.com\/www.acidadeon.com\/ribeiraopreto\/wp-content\/uploads\/sites\/3\/2024\/08\/savegnago-aniversario_2024-08-01_20-24-46_jpg_2024-08-01_20-24-46-1024x683.webp?resize=1024%2C683&#038;ssl=1\" alt=\"\" class=\"wp-image-89453\" srcset=\"https:\/\/www.acidadeon.com\/ribeiraopreto\/wp-content\/uploads\/sites\/3\/2024\/08\/savegnago-aniversario_2024-08-01_20-24-46_jpg_2024-08-01_20-24-46-1024x683.webp 1024w, https:\/\/www.acidadeon.com\/ribeiraopreto\/wp-content\/uploads\/sites\/3\/2024\/08\/savegnago-aniversario_2024-08-01_20-24-46_jpg_2024-08-01_20-24-46-300x200.webp 300w, https:\/\/www.acidadeon.com\/ribeiraopreto\/wp-content\/uploads\/sites\/3\/2024\/08\/savegnago-aniversario_2024-08-01_20-24-46_jpg_2024-08-01_20-24-46-768x512.webp 768w, https:\/\/www.acidadeon.com\/ribeiraopreto\/wp-content\/uploads\/sites\/3\/2024\/08\/savegnago-aniversario_2024-08-01_20-24-46_jpg_2024-08-01_20-24-46-696x464.webp 696w, https:\/\/www.acidadeon.com\/ribeiraopreto\/wp-content\/uploads\/sites\/3\/2024\/08\/savegnago-aniversario_2024-08-01_20-24-46_jpg_2024-08-01_20-24-46-1068x712.webp 1068w, https:\/\/www.acidadeon.com\/ribeiraopreto\/wp-content\/uploads\/sites\/3\/2024\/08\/savegnago-aniversario_2024-08-01_20-24-46_jpg_2024-08-01_20-24-46.webp 1200w\" sizes=\"auto, (max-width: 1024px) 100vw, 1024px\"\/><figcaption class=\"wp-element-caption\">Savegnago Supermercados comemora 48 anos de funda\u00e7\u00e3o (Foto: divulga\u00e7\u00e3o)<\/figcaption><\/figure>\n<p>SAIBA MAIS<br \/>Ribeir\u00e3o Preto pode ganhar bairro inteligente inspirado em Puerto Madero; Entenda<\/p>\n<h4 class=\"wp-block-heading\"><strong>FIQUE ON<\/strong><\/h4>\n<p>Fique ligado em tudo que acontece em Ribeir\u00e3o Preto e regi\u00e3o. Siga os perfis do <strong>acidade on<\/strong> no<a href=\"https:\/\/www.instagram.com\/acidadeonribeirao\" target=\"_blank\" rel=\"noreferrer noopener nofollow\"> Instagram<\/a> e no <a href=\"https:\/\/www.facebook.com\/acidadeonribeirao\/\" target=\"_blank\" rel=\"noreferrer noopener nofollow\">Facebook<\/a>.<\/p>\n<p>Receba not\u00edcias do<strong> acidade on <\/strong>no WhatsApp.<a href=\"https:\/\/chat.whatsapp.com\/Dtv9mxhy6V5BJBotM2OQ5k\" target=\"_blank\" rel=\"noreferrer noopener nofollow\"> Para entrar no grupo, basta clicar aqui.<\/a><\/p>\n<p>Fa\u00e7a uma den\u00fancia ou sugira uma reportagem sobre Ribeir\u00e3o Preto e regi\u00e3o pelo WhatsApp: 16 99117 7802.<\/p>\n<p>VEJA TAMB\u00c9M<br \/>Cheesecake de chocolate da Ana Maria Braga; aprenda a fazer<\/p>\n<p><!-- CONTENT END 1 -->\n<\/div>\n<p><script async src=\"\/\/www.instagram.com\/embed.js\"><\/script><br \/>\n<br \/><br \/>\n<br \/><a href=\"https:\/\/www.acidadeon.com\/ribeiraopreto\/lazer-e-cultura\/giro-lazer-e-cultura\/rede-de-supermercados-celebra-aniversario-com-figurinhas-do-harry-potter-veja-como-participar\/\">Source link <\/a><\/p>\n","protected":false},"excerpt":{"rendered":"<p>Durante as comemora\u00e7\u00f5es de anivers\u00e1rio dos 48 anos do Savegnago Supermercados, os clientes Save Ganhe poder\u00e3o participar da promo\u00e7\u00e3o do \u00e1lbum de figurinhas do Harry&#8230;<\/p>\n","protected":false},"author":1,"featured_media":58690,"comment_status":"open","ping_status":"open","sticky":false,"template":"","format":"standard","meta":{"_uag_custom_page_level_css":"","advanced_seo_description":"","jetpack_seo_html_title":"","jetpack_seo_noindex":false,"jetpack_post_was_ever_published":false,"_jetpack_newsletter_access":"","_jetpack_dont_email_post_to_subs":false,"_jetpack_newsletter_tier_id":0,"_jetpack_memberships_contains_paywalled_content":false,"_jetpack_memberships_contains_paid_content":false,"footnotes":"","jetpack_publicize_message":"","jetpack_publicize_feature_enabled":true,"jetpack_social_post_already_shared":true,"jetpack_social_options":{"image_generator_settings":{"template":"highway","default_image_id":0,"font":"","enabled":false},"version":2}},"categories":[11],"tags":[],"class_list":["post-58689","post","type-post","status-publish","format-standard","has-post-thumbnail","hentry","category-noticias-de-ribeirao-preto-sp-e-regiao-ismael-colosi"],"jetpack_publicize_connections":[],"jetpack_featured_media_url":"https:\/\/i0.wp.com\/ismaelcolosi.com.br\/wp-content\/uploads\/2024\/08\/album-harry-potter-1_2024-08-01_20-22-02_jpg_2024-08-01_20-22-03.webp.webp?fit=1200%2C799&ssl=1","uagb_featured_image_src":{"full":["https:\/\/i0.wp.com\/ismaelcolosi.com.br\/wp-content\/uploads\/2024\/08\/album-harry-potter-1_2024-08-01_20-22-02_jpg_2024-08-01_20-22-03.webp.webp?fit=1200%2C799&ssl=1",1200,799,false],"thumbnail":["https:\/\/i0.wp.com\/ismaelcolosi.com.br\/wp-content\/uploads\/2024\/08\/album-harry-potter-1_2024-08-01_20-22-02_jpg_2024-08-01_20-22-03.webp.webp?resize=150%2C150&ssl=1",150,150,true],"medium":["https:\/\/i0.wp.com\/ismaelcolosi.com.br\/wp-content\/uploads\/2024\/08\/album-harry-potter-1_2024-08-01_20-22-02_jpg_2024-08-01_20-22-03.webp.webp?fit=300%2C200&ssl=1",300,200,true],"medium_large":["https:\/\/i0.wp.com\/ismaelcolosi.com.br\/wp-content\/uploads\/2024\/08\/album-harry-potter-1_2024-08-01_20-22-02_jpg_2024-08-01_20-22-03.webp.webp?fit=768%2C511&ssl=1",768,511,true],"large":["https:\/\/i0.wp.com\/ismaelcolosi.com.br\/wp-content\/uploads\/2024\/08\/album-harry-potter-1_2024-08-01_20-22-02_jpg_2024-08-01_20-22-03.webp.webp?fit=1024%2C682&ssl=1",1024,682,true],"1536x1536":["https:\/\/i0.wp.com\/ismaelcolosi.com.br\/wp-content\/uploads\/2024\/08\/album-harry-potter-1_2024-08-01_20-22-02_jpg_2024-08-01_20-22-03.webp.webp?fit=1200%2C799&ssl=1",1200,799,true],"2048x2048":["https:\/\/i0.wp.com\/ismaelcolosi.com.br\/wp-content\/uploads\/2024\/08\/album-harry-potter-1_2024-08-01_20-22-02_jpg_2024-08-01_20-22-03.webp.webp?fit=1200%2C799&ssl=1",1200,799,true],"really-simple-thumb":["https:\/\/i0.wp.com\/ismaelcolosi.com.br\/wp-content\/uploads\/2024\/08\/album-harry-potter-1_2024-08-01_20-22-02_jpg_2024-08-01_20-22-03.webp.webp?resize=370%2C247&ssl=1",370,247,true]},"uagb_author_info":{"display_name":"ismaelcolosi.com.br","author_link":"https:\/\/ismaelcolosi.com.br\/index.php\/author\/vidareal-online\/"},"uagb_comment_info":0,"uagb_excerpt":"Durante as comemora\u00e7\u00f5es de anivers\u00e1rio dos 48 anos do Savegnago Supermercados, os clientes Save Ganhe poder\u00e3o participar da promo\u00e7\u00e3o do \u00e1lbum de figurinhas do Harry...","jetpack-related-posts":[{"id":60321,"url":"https:\/\/ismaelcolosi.com.br\/index.php\/2024\/08\/15\/cinema-faz-maratona-de-harry-potter-com-os-tres-primeiros-filmes-da-franquia\/","url_meta":{"origin":58689,"position":0},"title":"Cinema faz maratona de Harry Potter com os tr\u00eas primeiros filmes da franquia","author":"ismaelcolosi.com.br","date":"15 de August de 2024","format":false,"excerpt":"Para os f\u00e3s de Harry Potter, a rede de cinema UCI traz uma maratona dos tr\u00eas primeiros filmes da saga. \u201cHarry Potter e a Pedra Filosofal\u201d, \u201cHarry Potter e a C\u00e2mera Secreta\u201d e \u201cHarry Potter e o Prisioneiro de Azkaban\u201d, ganham espa\u00e7o na programa\u00e7\u00e3o das telonas no pr\u00f3ximo dia 31\u2026","rel":"","context":"In &quot;Not\u00edcias de Ribeir\u00e3o Preto-SP e Regi\u00e3o&quot;","block_context":{"text":"Not\u00edcias de Ribeir\u00e3o Preto-SP e Regi\u00e3o","link":"https:\/\/ismaelcolosi.com.br\/index.php\/category\/noticias-de-ribeirao-preto-sp-e-regiao-ismael-colosi\/"},"img":{"alt_text":"","src":"https:\/\/i0.wp.com\/ismaelcolosi.com.br\/wp-content\/uploads\/2024\/08\/de835d37-b10e-425b-92a2-d899effab108_2024-08-15_13-18-38_jpg_2024-08-15_13-18-38.webp.webp?fit=1100%2C600&ssl=1&resize=350%2C200","width":350,"height":200,"srcset":"https:\/\/i0.wp.com\/ismaelcolosi.com.br\/wp-content\/uploads\/2024\/08\/de835d37-b10e-425b-92a2-d899effab108_2024-08-15_13-18-38_jpg_2024-08-15_13-18-38.webp.webp?fit=1100%2C600&ssl=1&resize=350%2C200 1x, https:\/\/i0.wp.com\/ismaelcolosi.com.br\/wp-content\/uploads\/2024\/08\/de835d37-b10e-425b-92a2-d899effab108_2024-08-15_13-18-38_jpg_2024-08-15_13-18-38.webp.webp?fit=1100%2C600&ssl=1&resize=525%2C300 1.5x, https:\/\/i0.wp.com\/ismaelcolosi.com.br\/wp-content\/uploads\/2024\/08\/de835d37-b10e-425b-92a2-d899effab108_2024-08-15_13-18-38_jpg_2024-08-15_13-18-38.webp.webp?fit=1100%2C600&ssl=1&resize=700%2C400 2x, https:\/\/i0.wp.com\/ismaelcolosi.com.br\/wp-content\/uploads\/2024\/08\/de835d37-b10e-425b-92a2-d899effab108_2024-08-15_13-18-38_jpg_2024-08-15_13-18-38.webp.webp?fit=1100%2C600&ssl=1&resize=1050%2C600 3x"},"classes":[]},{"id":51831,"url":"https:\/\/ismaelcolosi.com.br\/index.php\/2024\/05\/31\/rede-de-cinema-em-ribeirao-preto-oferece-ingressos-a-r-12-veja-qual\/","url_meta":{"origin":58689,"position":1},"title":"Rede de cinema em Ribeir\u00e3o Preto oferece ingressos a R$ 12; Veja qual","author":"ismaelcolosi.com.br","date":"31 de May de 2024","format":false,"excerpt":"A rede de cinema UCI reduzir\u00e1 o valor dos ingressos para R$ 12, a partir de segunda-feira (3). A a\u00e7\u00e3o denominada \u201cUCI Mega Promo\u201d \u00e9 v\u00e1lida apenas para as salas convencionais. A promo\u00e7\u00e3o acontece at\u00e9 o dia 19 de junho e s\u00f3 \u00e9 v\u00e1lida de segunda-feira a quinta-feira, exceto em\u2026","rel":"","context":"In &quot;Not\u00edcias de Ribeir\u00e3o Preto-SP e Regi\u00e3o&quot;","block_context":{"text":"Not\u00edcias de Ribeir\u00e3o Preto-SP e Regi\u00e3o","link":"https:\/\/ismaelcolosi.com.br\/index.php\/category\/noticias-de-ribeirao-preto-sp-e-regiao-ismael-colosi\/"},"img":{"alt_text":"","src":"https:\/\/i0.wp.com\/ismaelcolosi.com.br\/wp-content\/uploads\/2024\/05\/balde-pipoca_2024-05-31_14-30-10_jpg_2024-05-31_14-30-10.webp.webp?fit=926%2C622&ssl=1&resize=350%2C200","width":350,"height":200,"srcset":"https:\/\/i0.wp.com\/ismaelcolosi.com.br\/wp-content\/uploads\/2024\/05\/balde-pipoca_2024-05-31_14-30-10_jpg_2024-05-31_14-30-10.webp.webp?fit=926%2C622&ssl=1&resize=350%2C200 1x, https:\/\/i0.wp.com\/ismaelcolosi.com.br\/wp-content\/uploads\/2024\/05\/balde-pipoca_2024-05-31_14-30-10_jpg_2024-05-31_14-30-10.webp.webp?fit=926%2C622&ssl=1&resize=525%2C300 1.5x, https:\/\/i0.wp.com\/ismaelcolosi.com.br\/wp-content\/uploads\/2024\/05\/balde-pipoca_2024-05-31_14-30-10_jpg_2024-05-31_14-30-10.webp.webp?fit=926%2C622&ssl=1&resize=700%2C400 2x"},"classes":[]},{"id":52964,"url":"https:\/\/ismaelcolosi.com.br\/index.php\/2024\/06\/12\/harry-potter-e-o-prisioneiro-de-azkaban-tem-novas-sessoes-veja-como-comprar-ingressos\/","url_meta":{"origin":58689,"position":2},"title":"\u2018Harry Potter e o Prisioneiro de Azkaban\u2019 tem novas sess\u00f5es; Veja como comprar ingressos","author":"ismaelcolosi.com.br","date":"12 de June de 2024","format":false,"excerpt":"Terceiro filme da franquia, \u201cHarry Potter e o Prisioneiro de Azkaban\u201d t\u00eam novas sess\u00f5es nos cinemas brasileiros. A reexibi\u00e7\u00e3o do filme acontece no dia 29 de junho, \u00faltimo s\u00e1bado do m\u00eas, e a pr\u00e9-venda ser\u00e1 iniciada no pr\u00f3ximo dia 21 de junho. O anuncio das novas sess\u00f5es foi feito nesta\u2026","rel":"","context":"In &quot;Not\u00edcias de Ribeir\u00e3o Preto-SP e Regi\u00e3o&quot;","block_context":{"text":"Not\u00edcias de Ribeir\u00e3o Preto-SP e Regi\u00e3o","link":"https:\/\/ismaelcolosi.com.br\/index.php\/category\/noticias-de-ribeirao-preto-sp-e-regiao-ismael-colosi\/"},"img":{"alt_text":"","src":"https:\/\/i0.wp.com\/ismaelcolosi.com.br\/wp-content\/uploads\/2024\/06\/Copia-de-Copia-de-TAMANHO-EXATO-PARA-FOTOS-NO-SISTEMA-NOVO-10_2024-06-12_15-21-26_jpg_2024-06-12_15-21-26.webp.webp?fit=1200%2C675&ssl=1&resize=350%2C200","width":350,"height":200,"srcset":"https:\/\/i0.wp.com\/ismaelcolosi.com.br\/wp-content\/uploads\/2024\/06\/Copia-de-Copia-de-TAMANHO-EXATO-PARA-FOTOS-NO-SISTEMA-NOVO-10_2024-06-12_15-21-26_jpg_2024-06-12_15-21-26.webp.webp?fit=1200%2C675&ssl=1&resize=350%2C200 1x, https:\/\/i0.wp.com\/ismaelcolosi.com.br\/wp-content\/uploads\/2024\/06\/Copia-de-Copia-de-TAMANHO-EXATO-PARA-FOTOS-NO-SISTEMA-NOVO-10_2024-06-12_15-21-26_jpg_2024-06-12_15-21-26.webp.webp?fit=1200%2C675&ssl=1&resize=525%2C300 1.5x, https:\/\/i0.wp.com\/ismaelcolosi.com.br\/wp-content\/uploads\/2024\/06\/Copia-de-Copia-de-TAMANHO-EXATO-PARA-FOTOS-NO-SISTEMA-NOVO-10_2024-06-12_15-21-26_jpg_2024-06-12_15-21-26.webp.webp?fit=1200%2C675&ssl=1&resize=700%2C400 2x, https:\/\/i0.wp.com\/ismaelcolosi.com.br\/wp-content\/uploads\/2024\/06\/Copia-de-Copia-de-TAMANHO-EXATO-PARA-FOTOS-NO-SISTEMA-NOVO-10_2024-06-12_15-21-26_jpg_2024-06-12_15-21-26.webp.webp?fit=1200%2C675&ssl=1&resize=1050%2C600 3x"},"classes":[]},{"id":54316,"url":"https:\/\/ismaelcolosi.com.br\/index.php\/2024\/06\/24\/cinemas-reexibem-filme-de-harry-potter-e-o-prisioneiro-de-azkaban-neste-fim-de-semana\/","url_meta":{"origin":58689,"position":3},"title":"Cinemas reexibem filme de \u2018Harry Potter e o Prisioneiro de Azkaban\u2019 neste fim de semana","author":"ismaelcolosi.com.br","date":"24 de June de 2024","format":false,"excerpt":"Pela segunda vez no m\u00eas de junho, os cinemas brasileiros v\u00e3o reexibir \u201cHarry Potter e o Prisioneiro de Azkaban\u201d, o terceiro filme da franquia. O filme poder\u00e1 ser assistida novamente neste s\u00e1bado (29). A pr\u00e9-venda para a compra dos ingressos foi iniciada na \u00faltima sexta-feira (21) e ainda h\u00e1 sess\u00f5es\u2026","rel":"","context":"In &quot;Not\u00edcias de Ribeir\u00e3o Preto-SP e Regi\u00e3o&quot;","block_context":{"text":"Not\u00edcias de Ribeir\u00e3o Preto-SP e Regi\u00e3o","link":"https:\/\/ismaelcolosi.com.br\/index.php\/category\/noticias-de-ribeirao-preto-sp-e-regiao-ismael-colosi\/"},"img":{"alt_text":"","src":"https:\/\/i0.wp.com\/ismaelcolosi.com.br\/wp-content\/uploads\/2024\/06\/Copia-de-Copia-de-TAMANHO-EXATO-PARA-FOTOS-NO-SISTEMA-NOVO-20_2024-06-24_14-54-21_jpg_2024-06-24_14-54-22.webp.webp?fit=1200%2C675&ssl=1&resize=350%2C200","width":350,"height":200,"srcset":"https:\/\/i0.wp.com\/ismaelcolosi.com.br\/wp-content\/uploads\/2024\/06\/Copia-de-Copia-de-TAMANHO-EXATO-PARA-FOTOS-NO-SISTEMA-NOVO-20_2024-06-24_14-54-21_jpg_2024-06-24_14-54-22.webp.webp?fit=1200%2C675&ssl=1&resize=350%2C200 1x, https:\/\/i0.wp.com\/ismaelcolosi.com.br\/wp-content\/uploads\/2024\/06\/Copia-de-Copia-de-TAMANHO-EXATO-PARA-FOTOS-NO-SISTEMA-NOVO-20_2024-06-24_14-54-21_jpg_2024-06-24_14-54-22.webp.webp?fit=1200%2C675&ssl=1&resize=525%2C300 1.5x, https:\/\/i0.wp.com\/ismaelcolosi.com.br\/wp-content\/uploads\/2024\/06\/Copia-de-Copia-de-TAMANHO-EXATO-PARA-FOTOS-NO-SISTEMA-NOVO-20_2024-06-24_14-54-21_jpg_2024-06-24_14-54-22.webp.webp?fit=1200%2C675&ssl=1&resize=700%2C400 2x, https:\/\/i0.wp.com\/ismaelcolosi.com.br\/wp-content\/uploads\/2024\/06\/Copia-de-Copia-de-TAMANHO-EXATO-PARA-FOTOS-NO-SISTEMA-NOVO-20_2024-06-24_14-54-21_jpg_2024-06-24_14-54-22.webp.webp?fit=1200%2C675&ssl=1&resize=1050%2C600 3x"},"classes":[]},{"id":48686,"url":"https:\/\/ismaelcolosi.com.br\/index.php\/2024\/05\/05\/harry-potter-e-o-prisioneiro-de-azkaban-retorna-as-telonas-com-exibicoes-exclusivas-no-dia-4-de-junho\/","url_meta":{"origin":58689,"position":4},"title":"Harry Potter e o Prisioneiro de Azkaban retorna \u00e0s telonas com exibi\u00e7\u00f5es exclusivas no dia 4 de junho","author":"ismaelcolosi.com.br","date":"5 de May de 2024","format":false,"excerpt":"Harry Potter e o Prisioneiro de Azkaban retorna \u00e0s telonas com exibi\u00e7\u00f5es exclusivas no dia 4 de junhoAl\u00e9m de assistir ao filme, que este ano completa 20 anos desde sua estreia nas telonas, os Potterheads poder\u00e3o conferir a nova exposi\u00e7\u00e3o tem\u00e1tica que celebra a saga e chega ao Brasil em\u2026","rel":"","context":"In &quot;Not\u00edcias de Ribeir\u00e3o Preto-SP e Regi\u00e3o&quot;","block_context":{"text":"Not\u00edcias de Ribeir\u00e3o Preto-SP e Regi\u00e3o","link":"https:\/\/ismaelcolosi.com.br\/index.php\/category\/noticias-de-ribeirao-preto-sp-e-regiao-ismael-colosi\/"},"img":{"alt_text":"","src":"https:\/\/i0.wp.com\/ismaelcolosi.com.br\/wp-content\/uploads\/2024\/05\/39388397_605.jpg?fit=1199%2C674&ssl=1&resize=350%2C200","width":350,"height":200,"srcset":"https:\/\/i0.wp.com\/ismaelcolosi.com.br\/wp-content\/uploads\/2024\/05\/39388397_605.jpg?fit=1199%2C674&ssl=1&resize=350%2C200 1x, https:\/\/i0.wp.com\/ismaelcolosi.com.br\/wp-content\/uploads\/2024\/05\/39388397_605.jpg?fit=1199%2C674&ssl=1&resize=525%2C300 1.5x, https:\/\/i0.wp.com\/ismaelcolosi.com.br\/wp-content\/uploads\/2024\/05\/39388397_605.jpg?fit=1199%2C674&ssl=1&resize=700%2C400 2x, https:\/\/i0.wp.com\/ismaelcolosi.com.br\/wp-content\/uploads\/2024\/05\/39388397_605.jpg?fit=1199%2C674&ssl=1&resize=1050%2C600 3x"},"classes":[]},{"id":68124,"url":"https:\/\/ismaelcolosi.com.br\/index.php\/2024\/09\/27\/maggie-smith-estrela-de-harry-potter-e-downton-abbey-morre-aos-89-anos\/","url_meta":{"origin":58689,"position":5},"title":"Maggie Smith, estrela de Harry Potter e Downton Abbey, morre aos 89 anos","author":"ismaelcolosi.com.br","date":"27 de September de 2024","format":false,"excerpt":"A atriz Maggie Smith, conhecida por seus personagens em Harry Potter e Downton Abbey, morreu aos 89 anos, na manh\u00e3 desta sexta-feira (27). A informa\u00e7\u00e3o foi confirmada pelos filhos, contudo a causa da morte n\u00e3o foi divulgada. \u201cEla faleceu pacificamente no hospital na manh\u00e3 de sexta-feira, 27 de setembro\u201c, escreveu\u2026","rel":"","context":"In &quot;Not\u00edcias de Ribeir\u00e3o Preto-SP e Regi\u00e3o&quot;","block_context":{"text":"Not\u00edcias de Ribeir\u00e3o Preto-SP e Regi\u00e3o","link":"https:\/\/ismaelcolosi.com.br\/index.php\/category\/noticias-de-ribeirao-preto-sp-e-regiao-ismael-colosi\/"},"img":{"alt_text":"","src":"https:\/\/i0.wp.com\/ismaelcolosi.com.br\/wp-content\/uploads\/2024\/09\/maggie-smith_wcke.960_2024-09-27_14-09-50.webp.webp?fit=960%2C540&ssl=1&resize=350%2C200","width":350,"height":200,"srcset":"https:\/\/i0.wp.com\/ismaelcolosi.com.br\/wp-content\/uploads\/2024\/09\/maggie-smith_wcke.960_2024-09-27_14-09-50.webp.webp?fit=960%2C540&ssl=1&resize=350%2C200 1x, https:\/\/i0.wp.com\/ismaelcolosi.com.br\/wp-content\/uploads\/2024\/09\/maggie-smith_wcke.960_2024-09-27_14-09-50.webp.webp?fit=960%2C540&ssl=1&resize=525%2C300 1.5x, https:\/\/i0.wp.com\/ismaelcolosi.com.br\/wp-content\/uploads\/2024\/09\/maggie-smith_wcke.960_2024-09-27_14-09-50.webp.webp?fit=960%2C540&ssl=1&resize=700%2C400 2x"},"classes":[]}],"jetpack_sharing_enabled":true,"jetpack_shortlink":"https:\/\/wp.me\/pfMlyK-fgB","_links":{"self":[{"href":"https:\/\/ismaelcolosi.com.br\/index.php\/wp-json\/wp\/v2\/posts\/58689","targetHints":{"allow":["GET"]}}],"collection":[{"href":"https:\/\/ismaelcolosi.com.br\/index.php\/wp-json\/wp\/v2\/posts"}],"about":[{"href":"https:\/\/ismaelcolosi.com.br\/index.php\/wp-json\/wp\/v2\/types\/post"}],"author":[{"embeddable":true,"href":"https:\/\/ismaelcolosi.com.br\/index.php\/wp-json\/wp\/v2\/users\/1"}],"replies":[{"embeddable":true,"href":"https:\/\/ismaelcolosi.com.br\/index.php\/wp-json\/wp\/v2\/comments?post=58689"}],"version-history":[{"count":0,"href":"https:\/\/ismaelcolosi.com.br\/index.php\/wp-json\/wp\/v2\/posts\/58689\/revisions"}],"wp:featuredmedia":[{"embeddable":true,"href":"https:\/\/ismaelcolosi.com.br\/index.php\/wp-json\/wp\/v2\/media\/58690"}],"wp:attachment":[{"href":"https:\/\/ismaelcolosi.com.br\/index.php\/wp-json\/wp\/v2\/media?parent=58689"}],"wp:term":[{"taxonomy":"category","embeddable":true,"href":"https:\/\/ismaelcolosi.com.br\/index.php\/wp-json\/wp\/v2\/categories?post=58689"},{"taxonomy":"post_tag","embeddable":true,"href":"https:\/\/ismaelcolosi.com.br\/index.php\/wp-json\/wp\/v2\/tags?post=58689"}],"curies":[{"name":"wp","href":"https:\/\/api.w.org\/{rel}","templated":true}]}}