{"id":58683,"date":"2024-08-01T16:46:58","date_gmt":"2024-08-01T19:46:58","guid":{"rendered":"https:\/\/ismaelcolosi.com.br\/index.php\/2024\/08\/01\/incendio-provoca-engavetamento-em-rodovia-da-regiao-de-ribeirao-preto-veja-o-video\/"},"modified":"2024-08-01T16:46:58","modified_gmt":"2024-08-01T19:46:58","slug":"incendio-provoca-engavetamento-em-rodovia-da-regiao-de-ribeirao-preto-veja-o-video","status":"publish","type":"post","link":"https:\/\/ismaelcolosi.com.br\/index.php\/2024\/08\/01\/incendio-provoca-engavetamento-em-rodovia-da-regiao-de-ribeirao-preto-veja-o-video\/","title":{"rendered":"Inc\u00eandio provoca engavetamento em rodovia da regi\u00e3o de Ribeir\u00e3o Preto; Veja o v\u00eddeo"},"content":{"rendered":"<p> <br \/>\n<\/p>\n<div data-td-block-uid=\"tdi_106\">\n<div class=\"tdb-block-inner td-fix-index\">\n<p>Um <strong>inc\u00eandio<\/strong> no in\u00edcio da tarde desta <strong>quinta-feira<\/strong> (1), no quil\u00f4metro um da <strong>rodovia Maur\u00edlio Biagi <\/strong>(SPA 343\/322) em <strong>Pontal<\/strong>, na regi\u00e3o de<strong> Ribeir\u00e3o Preto<\/strong>, provocou <strong>um acidente envolvendo tr\u00eas carros<\/strong>. Informa\u00e7\u00f5es apuradas no local pela <strong>EPTV<\/strong> apontam que <strong>n\u00e3o houve v\u00edtimas<\/strong>.<\/p>\n<p>Segundo a <strong>Entrevias<\/strong>, equipes da concession\u00e1ria, <strong>Corpo de Bombeiros<\/strong> e de usinas da regi\u00e3o estiveram no local para <strong>combater o fogo<\/strong>. Al\u00e9m da <strong>Pol\u00edcia Rodovi\u00e1ria<\/strong>, que atendeu a ocorr\u00eancia <strong>de acidente de tr\u00e2nsito<\/strong> e <strong>apoiou a interdi\u00e7\u00e3o da rodovia<\/strong>, que ocorreu nos <strong>dois sentidos por ao menos 20 minutos<\/strong>.<\/p>\n<p>Ap\u00f3s o <strong>controle do fogo<\/strong>, a <strong>pista foi liberada<\/strong>. \u00a0<\/p>\n<blockquote class=\"instagram-media\" data-instgrm-captioned=\"\" data-instgrm-permalink=\"https:\/\/www.instagram.com\/reel\/C-I2jX-JD6G\/?utm_source=ig_embed&amp;utm_campaign=loading\" data-instgrm-version=\"14\" style=\" background:#FFF; border:0; border-radius:3px; box-shadow:0 0 1px 0 rgba(0,0,0,0.5),0 1px 10px 0 rgba(0,0,0,0.15); margin: 1px; max-width:540px; min-width:326px; padding:0; width:99.375%; width:-webkit-calc(100% - 2px); width:calc(100% - 2px);\"\/>\n<h2 class=\"wp-block-heading\"><strong>Outro inc\u00eandio<\/strong><\/h2>\n<p>Na <strong>rodovia Carlos Tonani <\/strong>(SP-333), no quil\u00f4metro 89, em <strong>Sert\u00e3ozinho<\/strong>, <strong>outro inc\u00eandio<\/strong> assustou os motoristas que passavam pelo local.<\/p>\n<p>A <strong>concession\u00e1ria<\/strong> EcoNoroeste <strong>apoiou o trabalho de controle do inc\u00eandio<\/strong> <strong>de grandes propor\u00e7\u00f5es <\/strong>em canavial, al\u00e9m de sinalizar a rodovia e manter a seguran\u00e7a dos usu\u00e1rios.<\/p>\n<p><strong><em>*Com informa\u00e7\u00f5es EPTV <\/em><\/strong><\/p>\n<p>SAIBA MAIS <\/p>\n<p>Motociclista ser\u00e1 indenizado ap\u00f3s acidente provocado por cachorro\u00a0no interior de SP<\/p>\n<h4 class=\"wp-block-heading\"><strong>FIQUE ON<\/strong><\/h4>\n<p>Fique ligado em tudo que acontece em Ribeir\u00e3o Preto e regi\u00e3o. Siga os perfis do<strong>\u00a0acidade on<\/strong>\u00a0no<a href=\"https:\/\/www.instagram.com\/acidadeonribeirao\" target=\"_blank\" rel=\"noreferrer noopener\">\u00a0Instagram<\/a>\u00a0e no\u00a0<a href=\"https:\/\/www.facebook.com\/acidadeonribeirao\/\" target=\"_blank\" rel=\"noreferrer noopener\">Facebook<\/a>.<\/p>\n<p>Receba not\u00edcias do\u00a0<strong>acidade on<\/strong>\u00a0no WhatsApp.\u00a0<a href=\"https:\/\/chat.whatsapp.com\/Dtv9mxhy6V5BJBotM2OQ5k\" target=\"_blank\" rel=\"noreferrer noopener\">Para entrar no grupo, basta clicar aqui.<\/a><\/p>\n<p>Fa\u00e7a uma den\u00fancia ou sugira uma reportagem sobre Ribeir\u00e3o Preto e regi\u00e3o pelo WhatsApp: 16 99117 7802.<\/p>\n<p>VEJA TAMB\u00c9M<\/p>\n<p>Comemos vespa quando comemos figo?\u00a0<\/p>\n<p><!-- CONTENT END 1 -->\n<\/div>\n<\/div>\n<p><script async src=\"\/\/www.instagram.com\/embed.js\"><\/script><br \/>\n<br \/><br \/>\n<br \/><a href=\"https:\/\/www.acidadeon.com\/ribeiraopreto\/cotidiano\/incendio-provoca-engavetamento-em-rodovia-da-regiao-de-ribeirao-preto-veja-o-video\/\">Source link <\/a><\/p>\n","protected":false},"excerpt":{"rendered":"<p>Um inc\u00eandio no in\u00edcio da tarde desta quinta-feira (1), no quil\u00f4metro um da rodovia Maur\u00edlio Biagi (SPA 343\/322) em Pontal, na regi\u00e3o de Ribeir\u00e3o Preto,&#8230;<\/p>\n","protected":false},"author":1,"featured_media":58684,"comment_status":"open","ping_status":"open","sticky":false,"template":"","format":"standard","meta":{"_uag_custom_page_level_css":"","advanced_seo_description":"","jetpack_seo_html_title":"","jetpack_seo_noindex":false,"jetpack_post_was_ever_published":false,"_jetpack_newsletter_access":"","_jetpack_dont_email_post_to_subs":false,"_jetpack_newsletter_tier_id":0,"_jetpack_memberships_contains_paywalled_content":false,"_jetpack_memberships_contains_paid_content":false,"footnotes":"","jetpack_publicize_message":"","jetpack_publicize_feature_enabled":true,"jetpack_social_post_already_shared":true,"jetpack_social_options":{"image_generator_settings":{"template":"highway","default_image_id":0,"font":"","enabled":false},"version":2}},"categories":[11],"tags":[],"class_list":["post-58683","post","type-post","status-publish","format-standard","has-post-thumbnail","hentry","category-noticias-de-ribeirao-preto-sp-e-regiao-ismael-colosi"],"jetpack_publicize_connections":[],"jetpack_featured_media_url":"https:\/\/i0.wp.com\/ismaelcolosi.com.br\/wp-content\/uploads\/2024\/08\/Copia-de-Copia-de-TAMANHO-EXATO-PARA-FOTOS-NO-SISTEMA-NOVO-21_2024-08-01_18-57-26_jpg_2024-08-01_18-57-26.webp.webp?fit=1200%2C675&ssl=1","uagb_featured_image_src":{"full":["https:\/\/i0.wp.com\/ismaelcolosi.com.br\/wp-content\/uploads\/2024\/08\/Copia-de-Copia-de-TAMANHO-EXATO-PARA-FOTOS-NO-SISTEMA-NOVO-21_2024-08-01_18-57-26_jpg_2024-08-01_18-57-26.webp.webp?fit=1200%2C675&ssl=1",1200,675,false],"thumbnail":["https:\/\/i0.wp.com\/ismaelcolosi.com.br\/wp-content\/uploads\/2024\/08\/Copia-de-Copia-de-TAMANHO-EXATO-PARA-FOTOS-NO-SISTEMA-NOVO-21_2024-08-01_18-57-26_jpg_2024-08-01_18-57-26.webp.webp?resize=150%2C150&ssl=1",150,150,true],"medium":["https:\/\/i0.wp.com\/ismaelcolosi.com.br\/wp-content\/uploads\/2024\/08\/Copia-de-Copia-de-TAMANHO-EXATO-PARA-FOTOS-NO-SISTEMA-NOVO-21_2024-08-01_18-57-26_jpg_2024-08-01_18-57-26.webp.webp?fit=300%2C169&ssl=1",300,169,true],"medium_large":["https:\/\/i0.wp.com\/ismaelcolosi.com.br\/wp-content\/uploads\/2024\/08\/Copia-de-Copia-de-TAMANHO-EXATO-PARA-FOTOS-NO-SISTEMA-NOVO-21_2024-08-01_18-57-26_jpg_2024-08-01_18-57-26.webp.webp?fit=768%2C432&ssl=1",768,432,true],"large":["https:\/\/i0.wp.com\/ismaelcolosi.com.br\/wp-content\/uploads\/2024\/08\/Copia-de-Copia-de-TAMANHO-EXATO-PARA-FOTOS-NO-SISTEMA-NOVO-21_2024-08-01_18-57-26_jpg_2024-08-01_18-57-26.webp.webp?fit=1024%2C576&ssl=1",1024,576,true],"1536x1536":["https:\/\/i0.wp.com\/ismaelcolosi.com.br\/wp-content\/uploads\/2024\/08\/Copia-de-Copia-de-TAMANHO-EXATO-PARA-FOTOS-NO-SISTEMA-NOVO-21_2024-08-01_18-57-26_jpg_2024-08-01_18-57-26.webp.webp?fit=1200%2C675&ssl=1",1200,675,true],"2048x2048":["https:\/\/i0.wp.com\/ismaelcolosi.com.br\/wp-content\/uploads\/2024\/08\/Copia-de-Copia-de-TAMANHO-EXATO-PARA-FOTOS-NO-SISTEMA-NOVO-21_2024-08-01_18-57-26_jpg_2024-08-01_18-57-26.webp.webp?fit=1200%2C675&ssl=1",1200,675,true],"really-simple-thumb":["https:\/\/i0.wp.com\/ismaelcolosi.com.br\/wp-content\/uploads\/2024\/08\/Copia-de-Copia-de-TAMANHO-EXATO-PARA-FOTOS-NO-SISTEMA-NOVO-21_2024-08-01_18-57-26_jpg_2024-08-01_18-57-26.webp.webp?resize=370%2C247&ssl=1",370,247,true]},"uagb_author_info":{"display_name":"ismaelcolosi.com.br","author_link":"https:\/\/ismaelcolosi.com.br\/index.php\/author\/vidareal-online\/"},"uagb_comment_info":0,"uagb_excerpt":"Um inc\u00eandio no in\u00edcio da tarde desta quinta-feira (1), no quil\u00f4metro um da rodovia Maur\u00edlio Biagi (SPA 343\/322) em Pontal, na regi\u00e3o de Ribeir\u00e3o Preto,...","jetpack-related-posts":[{"id":50696,"url":"https:\/\/ismaelcolosi.com.br\/index.php\/2024\/05\/18\/caminhao-com-etanol-pega-fogo-e-provoca-interdicao-de-rodovia-na-regiao-de-ribeirao\/","url_meta":{"origin":58683,"position":0},"title":"Caminh\u00e3o com etanol pega fogo e provoca interdi\u00e7\u00e3o de rodovia na regi\u00e3o de Ribeir\u00e3o","author":"ismaelcolosi.com.br","date":"18 de May de 2024","format":false,"excerpt":"Uma batida entre um caminh\u00e3o-tanque e um carro causou um inc\u00eandio que provocou a interdi\u00e7\u00e3o da rodovia Candido Portinari, em Batatais, na regi\u00e3o de Ribeir\u00e3o Preto. O acidente aconteceu no in\u00edcio da manh\u00e3 deste s\u00e1bado (18) e ningu\u00e9m ficou ferido. De acordo com a Arteris ViaPaulista, o acidente aconteceu na\u2026","rel":"","context":"In &quot;Not\u00edcias de Ribeir\u00e3o Preto-SP e Regi\u00e3o&quot;","block_context":{"text":"Not\u00edcias de Ribeir\u00e3o Preto-SP e Regi\u00e3o","link":"https:\/\/ismaelcolosi.com.br\/index.php\/category\/noticias-de-ribeirao-preto-sp-e-regiao-ismael-colosi\/"},"img":{"alt_text":"","src":"https:\/\/i0.wp.com\/ismaelcolosi.com.br\/wp-content\/uploads\/2024\/05\/AnyConv.com__incendio-caminhao_2024-05-18_12-19-18.webp.webp?fit=1200%2C675&ssl=1&resize=350%2C200","width":350,"height":200,"srcset":"https:\/\/i0.wp.com\/ismaelcolosi.com.br\/wp-content\/uploads\/2024\/05\/AnyConv.com__incendio-caminhao_2024-05-18_12-19-18.webp.webp?fit=1200%2C675&ssl=1&resize=350%2C200 1x, https:\/\/i0.wp.com\/ismaelcolosi.com.br\/wp-content\/uploads\/2024\/05\/AnyConv.com__incendio-caminhao_2024-05-18_12-19-18.webp.webp?fit=1200%2C675&ssl=1&resize=525%2C300 1.5x, https:\/\/i0.wp.com\/ismaelcolosi.com.br\/wp-content\/uploads\/2024\/05\/AnyConv.com__incendio-caminhao_2024-05-18_12-19-18.webp.webp?fit=1200%2C675&ssl=1&resize=700%2C400 2x, https:\/\/i0.wp.com\/ismaelcolosi.com.br\/wp-content\/uploads\/2024\/05\/AnyConv.com__incendio-caminhao_2024-05-18_12-19-18.webp.webp?fit=1200%2C675&ssl=1&resize=1050%2C600 3x"},"classes":[]},{"id":47776,"url":"https:\/\/ismaelcolosi.com.br\/index.php\/2024\/04\/28\/carreta-pega-fogo-apos-acidente-na-rodovia-anhanguera-na-regiao-de-ribeirao-preto\/","url_meta":{"origin":58683,"position":1},"title":"Carreta pega fogo ap\u00f3s acidente na rodovia Anhanguera na regi\u00e3o de Ribeir\u00e3o Preto","author":"ismaelcolosi.com.br","date":"28 de April de 2024","format":false,"excerpt":"Um acidente ocorrido no final da manh\u00e3 deste domingo (28) provocou a interdi\u00e7\u00e3o da rodovia Anhanguera (SP-330) pr\u00f3ximo ao km 240, em Santa Rita do Passa Quatro, cidade a aproximadamente 80 quil\u00f4metros de Ribeir\u00e3o Preto. De acordo com a concession\u00e1ria ViaPaulista, equipes foram acionadas para atender uma ocorr\u00eancia de choque\u2026","rel":"","context":"In &quot;Not\u00edcias de Ribeir\u00e3o Preto-SP e Regi\u00e3o&quot;","block_context":{"text":"Not\u00edcias de Ribeir\u00e3o Preto-SP e Regi\u00e3o","link":"https:\/\/ismaelcolosi.com.br\/index.php\/category\/noticias-de-ribeirao-preto-sp-e-regiao-ismael-colosi\/"},"img":{"alt_text":"","src":"https:\/\/i0.wp.com\/ismaelcolosi.com.br\/wp-content\/uploads\/2024\/04\/Copia-de-Copia-de-TAMANHO-EXATO-PARA-FOTOS-NO-SISTEMA-NOVO-16_2024-04-28_17-42-16_png.webp.webp?fit=1200%2C675&ssl=1&resize=350%2C200","width":350,"height":200,"srcset":"https:\/\/i0.wp.com\/ismaelcolosi.com.br\/wp-content\/uploads\/2024\/04\/Copia-de-Copia-de-TAMANHO-EXATO-PARA-FOTOS-NO-SISTEMA-NOVO-16_2024-04-28_17-42-16_png.webp.webp?fit=1200%2C675&ssl=1&resize=350%2C200 1x, https:\/\/i0.wp.com\/ismaelcolosi.com.br\/wp-content\/uploads\/2024\/04\/Copia-de-Copia-de-TAMANHO-EXATO-PARA-FOTOS-NO-SISTEMA-NOVO-16_2024-04-28_17-42-16_png.webp.webp?fit=1200%2C675&ssl=1&resize=525%2C300 1.5x, https:\/\/i0.wp.com\/ismaelcolosi.com.br\/wp-content\/uploads\/2024\/04\/Copia-de-Copia-de-TAMANHO-EXATO-PARA-FOTOS-NO-SISTEMA-NOVO-16_2024-04-28_17-42-16_png.webp.webp?fit=1200%2C675&ssl=1&resize=700%2C400 2x, https:\/\/i0.wp.com\/ismaelcolosi.com.br\/wp-content\/uploads\/2024\/04\/Copia-de-Copia-de-TAMANHO-EXATO-PARA-FOTOS-NO-SISTEMA-NOVO-16_2024-04-28_17-42-16_png.webp.webp?fit=1200%2C675&ssl=1&resize=1050%2C600 3x"},"classes":[]},{"id":12064,"url":"https:\/\/ismaelcolosi.com.br\/index.php\/2023\/12\/07\/idoso-fica-ferido-apos-carro-capotar-e-pegar-fogo-em-rodovia-na-regiao-de-ribeirao\/","url_meta":{"origin":58683,"position":2},"title":"Idoso fica ferido ap\u00f3s carro capotar e pegar fogo em rodovia na regi\u00e3o de Ribeir\u00e3o","author":"ismaelcolosi.com.br","date":"7 de December de 2023","format":false,"excerpt":"Um idoso de 62 anos ficou ferido ap\u00f3s um carro capotar e pegar fogo na rodovia Altino Arantes, na regi\u00e3o de Ribeir\u00e3o Preto, na manh\u00e3 desta quinta-feira (7). A v\u00edtima foi socorrida pelo Corpo de Bombeiros com ferimentos leves e o inc\u00eandio j\u00e1 foi controlado. O acidente aconteceu na altura\u2026","rel":"","context":"In &quot;Not\u00edcias de Ribeir\u00e3o Preto-SP e Regi\u00e3o&quot;","block_context":{"text":"Not\u00edcias de Ribeir\u00e3o Preto-SP e Regi\u00e3o","link":"https:\/\/ismaelcolosi.com.br\/index.php\/category\/noticias-de-ribeirao-preto-sp-e-regiao-ismael-colosi\/"},"img":{"alt_text":"","src":"https:\/\/i0.wp.com\/ismaelcolosi.com.br\/wp-content\/uploads\/2023\/12\/acidente-altino-arantes.jpeg?fit=1200%2C675&ssl=1&resize=350%2C200","width":350,"height":200,"srcset":"https:\/\/i0.wp.com\/ismaelcolosi.com.br\/wp-content\/uploads\/2023\/12\/acidente-altino-arantes.jpeg?fit=1200%2C675&ssl=1&resize=350%2C200 1x, https:\/\/i0.wp.com\/ismaelcolosi.com.br\/wp-content\/uploads\/2023\/12\/acidente-altino-arantes.jpeg?fit=1200%2C675&ssl=1&resize=525%2C300 1.5x, https:\/\/i0.wp.com\/ismaelcolosi.com.br\/wp-content\/uploads\/2023\/12\/acidente-altino-arantes.jpeg?fit=1200%2C675&ssl=1&resize=700%2C400 2x, https:\/\/i0.wp.com\/ismaelcolosi.com.br\/wp-content\/uploads\/2023\/12\/acidente-altino-arantes.jpeg?fit=1200%2C675&ssl=1&resize=1050%2C600 3x"},"classes":[]},{"id":61088,"url":"https:\/\/ismaelcolosi.com.br\/index.php\/2024\/08\/20\/motorista-morre-em-incendio-apos-acidente-na-regiao-de-ribeirao-preto\/","url_meta":{"origin":58683,"position":3},"title":"Motorista morre em inc\u00eandio ap\u00f3s acidente na regi\u00e3o de Ribeir\u00e3o Preto","author":"ismaelcolosi.com.br","date":"20 de August de 2024","format":false,"excerpt":"O motorista de um caminh\u00e3o morreu ap\u00f3s um acidente envolvendo o reboque de outro ve\u00edculo na rodovia F\u00e1bio Talarico, em Ipu\u00e3, na regi\u00e3o de Ribeir\u00e3o Preto. O acidente aconteceu por volta das 3h desta ter\u00e7a-feira (20), na altura do quil\u00f4metro 102, no trevo. De acordo com apura\u00e7\u00e3o da EPTV, o\u2026","rel":"","context":"In &quot;Not\u00edcias de Ribeir\u00e3o Preto-SP e Regi\u00e3o&quot;","block_context":{"text":"Not\u00edcias de Ribeir\u00e3o Preto-SP e Regi\u00e3o","link":"https:\/\/ismaelcolosi.com.br\/index.php\/category\/noticias-de-ribeirao-preto-sp-e-regiao-ismael-colosi\/"},"img":{"alt_text":"","src":"https:\/\/i0.wp.com\/ismaelcolosi.com.br\/wp-content\/uploads\/2024\/08\/transito_2024-08-20_11-44-03_jpeg_2024-08-20_11-44-03.webp.webp?fit=1200%2C674&ssl=1&resize=350%2C200","width":350,"height":200,"srcset":"https:\/\/i0.wp.com\/ismaelcolosi.com.br\/wp-content\/uploads\/2024\/08\/transito_2024-08-20_11-44-03_jpeg_2024-08-20_11-44-03.webp.webp?fit=1200%2C674&ssl=1&resize=350%2C200 1x, https:\/\/i0.wp.com\/ismaelcolosi.com.br\/wp-content\/uploads\/2024\/08\/transito_2024-08-20_11-44-03_jpeg_2024-08-20_11-44-03.webp.webp?fit=1200%2C674&ssl=1&resize=525%2C300 1.5x, https:\/\/i0.wp.com\/ismaelcolosi.com.br\/wp-content\/uploads\/2024\/08\/transito_2024-08-20_11-44-03_jpeg_2024-08-20_11-44-03.webp.webp?fit=1200%2C674&ssl=1&resize=700%2C400 2x, https:\/\/i0.wp.com\/ismaelcolosi.com.br\/wp-content\/uploads\/2024\/08\/transito_2024-08-20_11-44-03_jpeg_2024-08-20_11-44-03.webp.webp?fit=1200%2C674&ssl=1&resize=1050%2C600 3x"},"classes":[]},{"id":61674,"url":"https:\/\/ismaelcolosi.com.br\/index.php\/2024\/08\/22\/incendio-atinge-canavial-e-funcionarios-de-usina-na-regiao-de-ribeirao-preto-evacuam-o-local\/","url_meta":{"origin":58683,"position":4},"title":"Inc\u00eandio atinge canavial e funcion\u00e1rios de usina na regi\u00e3o de Ribeir\u00e3o Preto evacuam o local","author":"ismaelcolosi.com.br","date":"22 de August de 2024","format":false,"excerpt":"Um inc\u00eandio de grandes propor\u00e7\u00f5es atingiu uma regi\u00e3o de canavial pr\u00f3ximo \u00e0 rodovia Armando de Sales Oliveira (SP-322), em Sert\u00e3ozinho, cidade na regi\u00e3o de Ribeir\u00e3o Preto, e fez com que funcion\u00e1rios de uma usina deixassem o local na tarde desta quinta-feira (22). De acordo com a Ra\u00edzen, as chamas se\u2026","rel":"","context":"In &quot;Not\u00edcias de Ribeir\u00e3o Preto-SP e Regi\u00e3o&quot;","block_context":{"text":"Not\u00edcias de Ribeir\u00e3o Preto-SP e Regi\u00e3o","link":"https:\/\/ismaelcolosi.com.br\/index.php\/category\/noticias-de-ribeirao-preto-sp-e-regiao-ismael-colosi\/"},"img":{"alt_text":"","src":"https:\/\/i0.wp.com\/ismaelcolosi.com.br\/wp-content\/uploads\/2024\/08\/WhatsApp-Image-2024-08-22-at-19.11.40_2024-08-22_22-27-18_jpeg_2024-08-22_22-27-18.webp.webp?fit=750%2C427&ssl=1&resize=350%2C200","width":350,"height":200,"srcset":"https:\/\/i0.wp.com\/ismaelcolosi.com.br\/wp-content\/uploads\/2024\/08\/WhatsApp-Image-2024-08-22-at-19.11.40_2024-08-22_22-27-18_jpeg_2024-08-22_22-27-18.webp.webp?fit=750%2C427&ssl=1&resize=350%2C200 1x, https:\/\/i0.wp.com\/ismaelcolosi.com.br\/wp-content\/uploads\/2024\/08\/WhatsApp-Image-2024-08-22-at-19.11.40_2024-08-22_22-27-18_jpeg_2024-08-22_22-27-18.webp.webp?fit=750%2C427&ssl=1&resize=525%2C300 1.5x, https:\/\/i0.wp.com\/ismaelcolosi.com.br\/wp-content\/uploads\/2024\/08\/WhatsApp-Image-2024-08-22-at-19.11.40_2024-08-22_22-27-18_jpeg_2024-08-22_22-27-18.webp.webp?fit=750%2C427&ssl=1&resize=700%2C400 2x"},"classes":[]},{"id":58502,"url":"https:\/\/ismaelcolosi.com.br\/index.php\/2024\/07\/31\/carro-pega-fogo-em-rodovia-de-ribeirao-preto-assista-ao-video\/","url_meta":{"origin":58683,"position":5},"title":"Carro pega fogo em rodovia de Ribeir\u00e3o Preto; Assista ao v\u00eddeo","author":"ismaelcolosi.com.br","date":"31 de July de 2024","format":false,"excerpt":"Um carro pegou fogo na manh\u00e3 desta quarta-feira (31), na rodovia C\u00e2ndido Portinari (SP-334), em trecho logo ap\u00f3s a avenida Marechal Costa e Silva, em Ribeir\u00e3o Preto. Assista ao v\u00eddeo. Segundo informa\u00e7\u00f5es da concession\u00e1ria ViaPaulista, o inc\u00eandio ocorreu no km 318 e n\u00e3o h\u00e1 feridos. A Faixa 3 no sentido\u2026","rel":"","context":"In &quot;Not\u00edcias de Ribeir\u00e3o Preto-SP e Regi\u00e3o&quot;","block_context":{"text":"Not\u00edcias de Ribeir\u00e3o Preto-SP e Regi\u00e3o","link":"https:\/\/ismaelcolosi.com.br\/index.php\/category\/noticias-de-ribeirao-preto-sp-e-regiao-ismael-colosi\/"},"img":{"alt_text":"","src":"https:\/\/i0.wp.com\/ismaelcolosi.com.br\/wp-content\/uploads\/2024\/07\/INCENDIO_2024-07-31_14-17-31_jpg_2024-07-31_14-17-31.webp.webp?fit=1200%2C805&ssl=1&resize=350%2C200","width":350,"height":200,"srcset":"https:\/\/i0.wp.com\/ismaelcolosi.com.br\/wp-content\/uploads\/2024\/07\/INCENDIO_2024-07-31_14-17-31_jpg_2024-07-31_14-17-31.webp.webp?fit=1200%2C805&ssl=1&resize=350%2C200 1x, https:\/\/i0.wp.com\/ismaelcolosi.com.br\/wp-content\/uploads\/2024\/07\/INCENDIO_2024-07-31_14-17-31_jpg_2024-07-31_14-17-31.webp.webp?fit=1200%2C805&ssl=1&resize=525%2C300 1.5x, https:\/\/i0.wp.com\/ismaelcolosi.com.br\/wp-content\/uploads\/2024\/07\/INCENDIO_2024-07-31_14-17-31_jpg_2024-07-31_14-17-31.webp.webp?fit=1200%2C805&ssl=1&resize=700%2C400 2x, https:\/\/i0.wp.com\/ismaelcolosi.com.br\/wp-content\/uploads\/2024\/07\/INCENDIO_2024-07-31_14-17-31_jpg_2024-07-31_14-17-31.webp.webp?fit=1200%2C805&ssl=1&resize=1050%2C600 3x"},"classes":[]}],"jetpack_sharing_enabled":true,"jetpack_shortlink":"https:\/\/wp.me\/pfMlyK-fgv","_links":{"self":[{"href":"https:\/\/ismaelcolosi.com.br\/index.php\/wp-json\/wp\/v2\/posts\/58683","targetHints":{"allow":["GET"]}}],"collection":[{"href":"https:\/\/ismaelcolosi.com.br\/index.php\/wp-json\/wp\/v2\/posts"}],"about":[{"href":"https:\/\/ismaelcolosi.com.br\/index.php\/wp-json\/wp\/v2\/types\/post"}],"author":[{"embeddable":true,"href":"https:\/\/ismaelcolosi.com.br\/index.php\/wp-json\/wp\/v2\/users\/1"}],"replies":[{"embeddable":true,"href":"https:\/\/ismaelcolosi.com.br\/index.php\/wp-json\/wp\/v2\/comments?post=58683"}],"version-history":[{"count":0,"href":"https:\/\/ismaelcolosi.com.br\/index.php\/wp-json\/wp\/v2\/posts\/58683\/revisions"}],"wp:featuredmedia":[{"embeddable":true,"href":"https:\/\/ismaelcolosi.com.br\/index.php\/wp-json\/wp\/v2\/media\/58684"}],"wp:attachment":[{"href":"https:\/\/ismaelcolosi.com.br\/index.php\/wp-json\/wp\/v2\/media?parent=58683"}],"wp:term":[{"taxonomy":"category","embeddable":true,"href":"https:\/\/ismaelcolosi.com.br\/index.php\/wp-json\/wp\/v2\/categories?post=58683"},{"taxonomy":"post_tag","embeddable":true,"href":"https:\/\/ismaelcolosi.com.br\/index.php\/wp-json\/wp\/v2\/tags?post=58683"}],"curies":[{"name":"wp","href":"https:\/\/api.w.org\/{rel}","templated":true}]}}