{"id":58679,"date":"2024-08-01T16:31:38","date_gmt":"2024-08-01T19:31:38","guid":{"rendered":"https:\/\/ismaelcolosi.com.br\/index.php\/2024\/08\/01\/ribeirao-preto-pode-ganhar-bairro-inteligente-inspirado-em-puerto-madero-entenda\/"},"modified":"2024-08-01T16:31:38","modified_gmt":"2024-08-01T19:31:38","slug":"ribeirao-preto-pode-ganhar-bairro-inteligente-inspirado-em-puerto-madero-entenda","status":"publish","type":"post","link":"https:\/\/ismaelcolosi.com.br\/index.php\/2024\/08\/01\/ribeirao-preto-pode-ganhar-bairro-inteligente-inspirado-em-puerto-madero-entenda\/","title":{"rendered":"Ribeir\u00e3o Preto pode ganhar bairro inteligente inspirado em Puerto Madero; Entenda"},"content":{"rendered":"<p> <br \/>\n<\/p>\n<div>\n<p>O<a href=\"https:\/\/www.saopaulo.sp.gov.br\/orgaos-e-entidades\/secretarias\/desenvolvimento-economico-ciencia-tecnologia-e-inovacao\/#:~:text=Jorge%20Lima&amp;text=Em%202022%2C%20trabalhou%20como%20assessor,de%20diversos%20conselhos%20de%20empresas.\" target=\"_blank\" rel=\"noreferrer noopener nofollow\"> <strong>secret\u00e1rio de Desenvolvimento Econ\u00f4mico de S\u00e3o Paulo<\/strong>,<strong> Jorge Lima<\/strong><\/a>, afirmou que negocia com investidores estrangeiros a <mark style=\"background-color:#fcb900\" class=\"has-inline-color has-black-color\">constru\u00e7\u00e3o de um<strong> bairro inteligente<\/strong>, 100% sustent\u00e1vel, em <strong>Ribeir\u00e3o Preto<\/strong><\/mark>. O secret\u00e1rio se inspirou em projetos realizados no exterior, como o <strong>Puerto Madero<\/strong>, um dos bairros mais famosos de<strong> Buenos Aires<\/strong>, na<strong> Argentina<\/strong>.<\/p>\n<p>\u201cEu sou defensor de um bairro inteligente aqui. Vai ser o pr\u00f3ximo projeto que n\u00f3s vamos trazer para c\u00e1. N\u00f3s estamos negociando com investidores\u201d, disse Jorge Lima em entrevista ao <strong>acidade on Ribeir\u00e3o<\/strong>.<\/p>\n<p>O secret\u00e1rio est\u00e1 em Ribeir\u00e3o Preto para participar da cerim\u00f4nia de abertura da<strong> Feira Internacional do Livro<\/strong>, quando ele ser\u00e1 homenageado como patrono.<\/p>\n<h4 class=\"wp-block-heading\"><strong>\u2018O que \u00e9 um bairro inteligente?\u2019<\/strong><\/h4>\n<blockquote class=\"wp-block-quote\">\n<p>\u201c\u00c9 ser sustent\u00e1vel por completo. A renda per capita daqui te permite fazer isso\u201d, afirma Jorge Lima. Ele conta que conheceu iniciativas parecidas no Jap\u00e3o, na Coreia do Sul, na China e nos Estados Unidos, al\u00e9m de Puerto Madero, na Argentina. \u201cL\u00e1 n\u00e3o \u00e9 sustent\u00e1vel. N\u00f3s vamos fazer 100% sustent\u00e1vel\u201d, destaca.<\/p>\n<p><cite>Jorge Lima, secret\u00e1rio de Desenvolvimento Econ\u00f4mico de S\u00e3o Paulo<\/cite><\/p><\/blockquote>\n<p>\u201cVoc\u00ea imagina que vai pegar uma regi\u00e3o sustent\u00e1vel 100%. De energia, de res\u00edduo, tudo. Com um lado de moradia e um lado de com\u00e9rcio e no centro ali, voc\u00ea faz cinema, voc\u00ea faz restaurantes, voc\u00ea faz bares, s\u00f3 que o ambiente todo \u00e9 sustent\u00e1vel\u201d.<\/p>\n<h4 class=\"wp-block-heading\"><strong>Alto padr\u00e3o e turismo<\/strong><\/h4>\n<p>O secret\u00e1rio Jorge Lima afirma que Ribeir\u00e3o Preto poderia receber empreendimentos do tipo, por conta do poder aquisitivo da popula\u00e7\u00e3o. Al\u00e9m disso, ele pontua que o projeto pode impulsionar o turismo na cidade.<\/p>\n<p>\u201cEle \u00e9 alto padr\u00e3o, ent\u00e3o combina muito com <strong>Ribeir\u00e3o Preto<\/strong>, com <strong>Campinas<\/strong>, <strong>S\u00e3o Jos\u00e9 do Rio Preto<\/strong>. S\u00e3o cidades com renda per capita alta, que permitem fazer isso. Esse empreendimento acaba trazendo turismo no entorno, porque todo mundo quer conhecer\u201d, afirma.<\/p>\n<p>O secretario informou que o governo estadual est\u00e1 desenhando uma pol\u00edtica p\u00fablica para incentivar investidores aderirem ao projeto. \u201cIsso n\u00e3o \u00e9 do governo. A iniciativa privada precisa ter apetite e eles est\u00e3o com apetite\u201d, disse.<\/p>\n<p><mark style=\"background-color:#fcb900\" class=\"has-inline-color has-black-color\">Jorge Lima contou que vai apresentar o projeto para investidores indianos ainda em agosto<\/mark>. \u201cEst\u00e1 andando muito bem. Est\u00e1 bastante adiantado\u201d, completa.<\/p>\n<p>SAIBA MAIS<br \/>Gastronomia na Casacor Ribeir\u00e3o Preto; mostra ganha card\u00e1pios especiais<\/p>\n<h4 class=\"wp-block-heading\"><strong>FIQUE ON<\/strong><\/h4>\n<p>Fique ligado em tudo que acontece em Ribeir\u00e3o Preto e regi\u00e3o. Siga os perfis do <strong>acidade on <\/strong>no <a href=\"https:\/\/www.instagram.com\/acidadeonribeirao\" target=\"_blank\" rel=\"noreferrer noopener nofollow\">Instagram<\/a> e no <a href=\"https:\/\/www.facebook.com\/acidadeonribeirao\/\" target=\"_blank\" rel=\"noreferrer noopener nofollow\">Facebook.<\/a><\/p>\n<p>Receba not\u00edcias do<strong> acidade on <\/strong>no WhatsApp. <a href=\"https:\/\/chat.whatsapp.com\/Dtv9mxhy6V5BJBotM2OQ5k\" target=\"_blank\" rel=\"noreferrer noopener nofollow\">Para entrar no grupo, basta clicar aqui.<\/a><\/p>\n<p>Fa\u00e7a uma den\u00fancia ou sugira uma reportagem sobre Ribeir\u00e3o Preto e regi\u00e3o pelo WhatsApp: 16 99117 7802.<\/p>\n<p>VEJA TAMB\u00c9M<br \/>Quem \u00e9 o bilion\u00e1rio que diz que sua fortuna de R$ 73 bi sumiu?<\/p>\n<p><!-- CONTENT END 1 -->\n<\/div>\n<p><script async src=\"\/\/www.instagram.com\/embed.js\"><\/script><br \/>\n<br \/><br \/>\n<br \/><a href=\"https:\/\/www.acidadeon.com\/ribeiraopreto\/politica\/ribeirao-preto-pode-ganhar-bairro-inteligente-inspirado-em-puerto-madero-entenda\/\">Source link <\/a><\/p>\n","protected":false},"excerpt":{"rendered":"<p>O secret\u00e1rio de Desenvolvimento Econ\u00f4mico de S\u00e3o Paulo, Jorge Lima, afirmou que negocia com investidores estrangeiros a constru\u00e7\u00e3o de um bairro inteligente, 100% sustent\u00e1vel, em&#8230;<\/p>\n","protected":false},"author":1,"featured_media":58680,"comment_status":"open","ping_status":"open","sticky":false,"template":"","format":"standard","meta":{"_uag_custom_page_level_css":"","advanced_seo_description":"","jetpack_seo_html_title":"","jetpack_seo_noindex":false,"jetpack_post_was_ever_published":false,"_jetpack_newsletter_access":"","_jetpack_dont_email_post_to_subs":false,"_jetpack_newsletter_tier_id":0,"_jetpack_memberships_contains_paywalled_content":false,"_jetpack_memberships_contains_paid_content":false,"footnotes":"","jetpack_publicize_message":"","jetpack_publicize_feature_enabled":true,"jetpack_social_post_already_shared":true,"jetpack_social_options":{"image_generator_settings":{"template":"highway","default_image_id":0,"font":"","enabled":false},"version":2}},"categories":[11],"tags":[],"class_list":["post-58679","post","type-post","status-publish","format-standard","has-post-thumbnail","hentry","category-noticias-de-ribeirao-preto-sp-e-regiao-ismael-colosi"],"jetpack_publicize_connections":[],"jetpack_featured_media_url":"https:\/\/i0.wp.com\/ismaelcolosi.com.br\/wp-content\/uploads\/2024\/08\/puerto-madero_2024-08-01_19-17-41_jpg_2024-08-01_19-17-41.webp.webp?fit=1200%2C900&ssl=1","uagb_featured_image_src":{"full":["https:\/\/i0.wp.com\/ismaelcolosi.com.br\/wp-content\/uploads\/2024\/08\/puerto-madero_2024-08-01_19-17-41_jpg_2024-08-01_19-17-41.webp.webp?fit=1200%2C900&ssl=1",1200,900,false],"thumbnail":["https:\/\/i0.wp.com\/ismaelcolosi.com.br\/wp-content\/uploads\/2024\/08\/puerto-madero_2024-08-01_19-17-41_jpg_2024-08-01_19-17-41.webp.webp?resize=150%2C150&ssl=1",150,150,true],"medium":["https:\/\/i0.wp.com\/ismaelcolosi.com.br\/wp-content\/uploads\/2024\/08\/puerto-madero_2024-08-01_19-17-41_jpg_2024-08-01_19-17-41.webp.webp?fit=300%2C225&ssl=1",300,225,true],"medium_large":["https:\/\/i0.wp.com\/ismaelcolosi.com.br\/wp-content\/uploads\/2024\/08\/puerto-madero_2024-08-01_19-17-41_jpg_2024-08-01_19-17-41.webp.webp?fit=768%2C576&ssl=1",768,576,true],"large":["https:\/\/i0.wp.com\/ismaelcolosi.com.br\/wp-content\/uploads\/2024\/08\/puerto-madero_2024-08-01_19-17-41_jpg_2024-08-01_19-17-41.webp.webp?fit=1024%2C768&ssl=1",1024,768,true],"1536x1536":["https:\/\/i0.wp.com\/ismaelcolosi.com.br\/wp-content\/uploads\/2024\/08\/puerto-madero_2024-08-01_19-17-41_jpg_2024-08-01_19-17-41.webp.webp?fit=1200%2C900&ssl=1",1200,900,true],"2048x2048":["https:\/\/i0.wp.com\/ismaelcolosi.com.br\/wp-content\/uploads\/2024\/08\/puerto-madero_2024-08-01_19-17-41_jpg_2024-08-01_19-17-41.webp.webp?fit=1200%2C900&ssl=1",1200,900,true],"really-simple-thumb":["https:\/\/i0.wp.com\/ismaelcolosi.com.br\/wp-content\/uploads\/2024\/08\/puerto-madero_2024-08-01_19-17-41_jpg_2024-08-01_19-17-41.webp.webp?resize=370%2C247&ssl=1",370,247,true]},"uagb_author_info":{"display_name":"ismaelcolosi.com.br","author_link":"https:\/\/ismaelcolosi.com.br\/index.php\/author\/vidareal-online\/"},"uagb_comment_info":0,"uagb_excerpt":"O secret\u00e1rio de Desenvolvimento Econ\u00f4mico de S\u00e3o Paulo, Jorge Lima, afirmou que negocia com investidores estrangeiros a constru\u00e7\u00e3o de um bairro inteligente, 100% sustent\u00e1vel, em...","jetpack-related-posts":[{"id":58918,"url":"https:\/\/ismaelcolosi.com.br\/index.php\/2024\/08\/04\/ribeirao-preto-tem-duas-vocacoes-segundo-secretario-de-tarcisio-veja-quais-sao\/","url_meta":{"origin":58679,"position":0},"title":"Ribeir\u00e3o Preto tem duas voca\u00e7\u00f5es, segundo secret\u00e1rio de Tarc\u00edsio; Veja quais s\u00e3o","author":"ismaelcolosi.com.br","date":"4 de August de 2024","format":false,"excerpt":"O secret\u00e1rio de Desenvolvimento Econ\u00f4mico de S\u00e3o Paulo, Jorge Lima, afirmou que Ribeir\u00e3o Preto n\u00e3o pode depender de apenas uma voca\u00e7\u00e3o na economia. Em entrevista ao acidade on Ribeir\u00e3o, o secret\u00e1rio afirma que o t\u00edtulo de Capital do Chope e das Cervejas Artesanais pode facilitar o desenvolvimento dessa ind\u00fastria na\u2026","rel":"","context":"In &quot;Not\u00edcias de Ribeir\u00e3o Preto-SP e Regi\u00e3o&quot;","block_context":{"text":"Not\u00edcias de Ribeir\u00e3o Preto-SP e Regi\u00e3o","link":"https:\/\/ismaelcolosi.com.br\/index.php\/category\/noticias-de-ribeirao-preto-sp-e-regiao-ismael-colosi\/"},"img":{"alt_text":"","src":"https:\/\/i0.wp.com\/ismaelcolosi.com.br\/wp-content\/uploads\/2024\/08\/WhatsApp-Image-2024-08-04-at-09.05.30_2024-08-04_12-37-47_jpeg_2024-08-04_12-37-47.webp.webp?fit=1200%2C900&ssl=1&resize=350%2C200","width":350,"height":200,"srcset":"https:\/\/i0.wp.com\/ismaelcolosi.com.br\/wp-content\/uploads\/2024\/08\/WhatsApp-Image-2024-08-04-at-09.05.30_2024-08-04_12-37-47_jpeg_2024-08-04_12-37-47.webp.webp?fit=1200%2C900&ssl=1&resize=350%2C200 1x, https:\/\/i0.wp.com\/ismaelcolosi.com.br\/wp-content\/uploads\/2024\/08\/WhatsApp-Image-2024-08-04-at-09.05.30_2024-08-04_12-37-47_jpeg_2024-08-04_12-37-47.webp.webp?fit=1200%2C900&ssl=1&resize=525%2C300 1.5x, https:\/\/i0.wp.com\/ismaelcolosi.com.br\/wp-content\/uploads\/2024\/08\/WhatsApp-Image-2024-08-04-at-09.05.30_2024-08-04_12-37-47_jpeg_2024-08-04_12-37-47.webp.webp?fit=1200%2C900&ssl=1&resize=700%2C400 2x, https:\/\/i0.wp.com\/ismaelcolosi.com.br\/wp-content\/uploads\/2024\/08\/WhatsApp-Image-2024-08-04-at-09.05.30_2024-08-04_12-37-47_jpeg_2024-08-04_12-37-47.webp.webp?fit=1200%2C900&ssl=1&resize=1050%2C600 3x"},"classes":[]},{"id":58706,"url":"https:\/\/ismaelcolosi.com.br\/index.php\/2024\/08\/01\/saiba-como-fica-a-situacao-dos-associados-da-recra-com-a-venda-da-sede-em-ribeirao\/","url_meta":{"origin":58679,"position":1},"title":"Saiba como fica a situa\u00e7\u00e3o dos associados da Recra com a venda da sede em Ribeir\u00e3o","author":"ismaelcolosi.com.br","date":"1 de August de 2024","format":false,"excerpt":"Com a venda da sede da Sociedade Recreativa e de Esportes de Ribeir\u00e3o Preto para o Sesc, conclu\u00edda na \u00faltima quarta-feira (31), os s\u00f3cios do clube poder\u00e3o continuar utilizando as depend\u00eancias da sede campestre. Em nota, a Recra informou que a venda do im\u00f3vel da avenida Nove de Julho n\u00e3o\u2026","rel":"","context":"In &quot;Not\u00edcias de Ribeir\u00e3o Preto-SP e Regi\u00e3o&quot;","block_context":{"text":"Not\u00edcias de Ribeir\u00e3o Preto-SP e Regi\u00e3o","link":"https:\/\/ismaelcolosi.com.br\/index.php\/category\/noticias-de-ribeirao-preto-sp-e-regiao-ismael-colosi\/"},"img":{"alt_text":"","src":"https:\/\/i0.wp.com\/ismaelcolosi.com.br\/wp-content\/uploads\/2024\/06\/12642819_952681848155743_1560950669454002895_n_2024-06-25_19-06-53_jpg_2024-06-25_19-06-53.webp.webp?fit=800%2C533&ssl=1&resize=350%2C200","width":350,"height":200,"srcset":"https:\/\/i0.wp.com\/ismaelcolosi.com.br\/wp-content\/uploads\/2024\/06\/12642819_952681848155743_1560950669454002895_n_2024-06-25_19-06-53_jpg_2024-06-25_19-06-53.webp.webp?fit=800%2C533&ssl=1&resize=350%2C200 1x, https:\/\/i0.wp.com\/ismaelcolosi.com.br\/wp-content\/uploads\/2024\/06\/12642819_952681848155743_1560950669454002895_n_2024-06-25_19-06-53_jpg_2024-06-25_19-06-53.webp.webp?fit=800%2C533&ssl=1&resize=525%2C300 1.5x, https:\/\/i0.wp.com\/ismaelcolosi.com.br\/wp-content\/uploads\/2024\/06\/12642819_952681848155743_1560950669454002895_n_2024-06-25_19-06-53_jpg_2024-06-25_19-06-53.webp.webp?fit=800%2C533&ssl=1&resize=700%2C400 2x"},"classes":[]},{"id":58709,"url":"https:\/\/ismaelcolosi.com.br\/index.php\/2024\/08\/01\/e-o-tchan-esta-confirmado-em-trio-eletrico-na-festa-do-peao-de-barretos\/","url_meta":{"origin":58679,"position":2},"title":"\u00c9 o Tchan est\u00e1 confirmado em trio el\u00e9trico na Festa do Pe\u00e3o de Barretos","author":"ismaelcolosi.com.br","date":"1 de August de 2024","format":false,"excerpt":"O grupo \u00c9 o Tchan est\u00e1 confirmado entre as atra\u00e7\u00f5es do trio el\u00e9trico que vai desfilar pelas ruas do Parque do Pe\u00e3o, durante a Festa do Pe\u00e3o de Barretos. Al\u00e9m do grupo, tamb\u00e9m estar\u00e3o no evento Michel Tel\u00f3, Banda Eva e Claudia Leitte. O Barret\u00e3o El\u00e9trico acontece nos dias 16,\u2026","rel":"","context":"In &quot;Not\u00edcias de Ribeir\u00e3o Preto-SP e Regi\u00e3o&quot;","block_context":{"text":"Not\u00edcias de Ribeir\u00e3o Preto-SP e Regi\u00e3o","link":"https:\/\/ismaelcolosi.com.br\/index.php\/category\/noticias-de-ribeirao-preto-sp-e-regiao-ismael-colosi\/"},"img":{"alt_text":"","src":"https:\/\/i0.wp.com\/ismaelcolosi.com.br\/wp-content\/uploads\/2024\/08\/e-o-tchan_2024-08-02_00-06-04_jpeg_2024-08-02_00-06-05.webp.webp?fit=1200%2C674&ssl=1&resize=350%2C200","width":350,"height":200,"srcset":"https:\/\/i0.wp.com\/ismaelcolosi.com.br\/wp-content\/uploads\/2024\/08\/e-o-tchan_2024-08-02_00-06-04_jpeg_2024-08-02_00-06-05.webp.webp?fit=1200%2C674&ssl=1&resize=350%2C200 1x, https:\/\/i0.wp.com\/ismaelcolosi.com.br\/wp-content\/uploads\/2024\/08\/e-o-tchan_2024-08-02_00-06-04_jpeg_2024-08-02_00-06-05.webp.webp?fit=1200%2C674&ssl=1&resize=525%2C300 1.5x, https:\/\/i0.wp.com\/ismaelcolosi.com.br\/wp-content\/uploads\/2024\/08\/e-o-tchan_2024-08-02_00-06-04_jpeg_2024-08-02_00-06-05.webp.webp?fit=1200%2C674&ssl=1&resize=700%2C400 2x, https:\/\/i0.wp.com\/ismaelcolosi.com.br\/wp-content\/uploads\/2024\/08\/e-o-tchan_2024-08-02_00-06-04_jpeg_2024-08-02_00-06-05.webp.webp?fit=1200%2C674&ssl=1&resize=1050%2C600 3x"},"classes":[]},{"id":58699,"url":"https:\/\/ismaelcolosi.com.br\/index.php\/2024\/08\/01\/nova-frente-fria-no-sul-provoca-aumento-das-temperaturas-no-interior-de-sp-entenda\/","url_meta":{"origin":58679,"position":3},"title":"Nova frente fria no Sul provoca aumento das temperaturas no interior de SP; Entenda","author":"ismaelcolosi.com.br","date":"1 de August de 2024","format":false,"excerpt":"A frente fria que chega \u00e0 regi\u00e3o Sul do Brasil no pr\u00f3ximo final de semana provoca o aumento das temperaturas no interior de S\u00e3o Paulo, de acordo com os meteorologistas. O meteorologista Luiz Felippe Gozzo, do site Meteored, aponta que os pr\u00f3ximos dias no interior de S\u00e3o Paulo ser\u00e3o de\u2026","rel":"","context":"In &quot;Not\u00edcias de Ribeir\u00e3o Preto-SP e Regi\u00e3o&quot;","block_context":{"text":"Not\u00edcias de Ribeir\u00e3o Preto-SP e Regi\u00e3o","link":"https:\/\/ismaelcolosi.com.br\/index.php\/category\/noticias-de-ribeirao-preto-sp-e-regiao-ismael-colosi\/"},"img":{"alt_text":"","src":"https:\/\/i0.wp.com\/ismaelcolosi.com.br\/wp-content\/uploads\/2024\/08\/sertaozinho-2.jpg?fit=800%2C600&ssl=1&resize=350%2C200","width":350,"height":200,"srcset":"https:\/\/i0.wp.com\/ismaelcolosi.com.br\/wp-content\/uploads\/2024\/08\/sertaozinho-2.jpg?fit=800%2C600&ssl=1&resize=350%2C200 1x, https:\/\/i0.wp.com\/ismaelcolosi.com.br\/wp-content\/uploads\/2024\/08\/sertaozinho-2.jpg?fit=800%2C600&ssl=1&resize=525%2C300 1.5x, https:\/\/i0.wp.com\/ismaelcolosi.com.br\/wp-content\/uploads\/2024\/08\/sertaozinho-2.jpg?fit=800%2C600&ssl=1&resize=700%2C400 2x"},"classes":[]},{"id":58701,"url":"https:\/\/ismaelcolosi.com.br\/index.php\/2024\/08\/01\/veja-os-locais-das-provas-do-processo-seletivo-da-prefeitura-de-ribeirao-preto\/","url_meta":{"origin":58679,"position":4},"title":"Veja os locais das provas do processo seletivo da Prefeitura de Ribeir\u00e3o Preto","author":"ismaelcolosi.com.br","date":"1 de August de 2024","format":false,"excerpt":"A Prefeitura de Ribeir\u00e3o Preto publicou nesta quinta-feira (1\u00ba de agosto) os locais das provas do processo seletivo para contrata\u00e7\u00e3o de professores. As provas ser\u00e3o aplicadas no dia 11 de agosto em oito escolas da cidade. Os candidatos dever\u00e3o comparecer ao local da prova pelo menos 30 minutos antes da\u2026","rel":"","context":"In &quot;Not\u00edcias de Ribeir\u00e3o Preto-SP e Regi\u00e3o&quot;","block_context":{"text":"Not\u00edcias de Ribeir\u00e3o Preto-SP e Regi\u00e3o","link":"https:\/\/ismaelcolosi.com.br\/index.php\/category\/noticias-de-ribeirao-preto-sp-e-regiao-ismael-colosi\/"},"img":{"alt_text":"","src":"https:\/\/i0.wp.com\/ismaelcolosi.com.br\/wp-content\/uploads\/2024\/08\/prova-concurso-publico-3.jpg?fit=1200%2C800&ssl=1&resize=350%2C200","width":350,"height":200,"srcset":"https:\/\/i0.wp.com\/ismaelcolosi.com.br\/wp-content\/uploads\/2024\/08\/prova-concurso-publico-3.jpg?fit=1200%2C800&ssl=1&resize=350%2C200 1x, https:\/\/i0.wp.com\/ismaelcolosi.com.br\/wp-content\/uploads\/2024\/08\/prova-concurso-publico-3.jpg?fit=1200%2C800&ssl=1&resize=525%2C300 1.5x, https:\/\/i0.wp.com\/ismaelcolosi.com.br\/wp-content\/uploads\/2024\/08\/prova-concurso-publico-3.jpg?fit=1200%2C800&ssl=1&resize=700%2C400 2x, https:\/\/i0.wp.com\/ismaelcolosi.com.br\/wp-content\/uploads\/2024\/08\/prova-concurso-publico-3.jpg?fit=1200%2C800&ssl=1&resize=1050%2C600 3x"},"classes":[]},{"id":32806,"url":"https:\/\/ismaelcolosi.com.br\/index.php\/2024\/01\/26\/bairro-da-zona-leste-de-ribeirao-recebe-atividades-culturais-gratuitas-neste-sabado-2\/","url_meta":{"origin":58679,"position":5},"title":"Bairro da zona Leste de Ribeir\u00e3o recebe atividades culturais gratuitas neste s\u00e1bado","author":"ismaelcolosi.com.br","date":"26 de January de 2024","format":false,"excerpt":"Neste s\u00e1bado (27), o projeto \u201cCultura em Todo Lugar\u201d, da Secretaria Municipal da Cultura e Turismo de Ribeir\u00e3o Preto, chega ao bairro Jardim Manoel Penna. O evento \u00e9 gratuito e acontecer\u00e1 das 9h \u00e0s 12h, na Pra\u00e7a Leopoldo Lima, localizada na rua Alfredo Faria de Souza, 290, na zona Leste.\u2026","rel":"","context":"In &quot;Not\u00edcias de Ribeir\u00e3o Preto-SP e Regi\u00e3o&quot;","block_context":{"text":"Not\u00edcias de Ribeir\u00e3o Preto-SP e Regi\u00e3o","link":"https:\/\/ismaelcolosi.com.br\/index.php\/category\/noticias-de-ribeirao-preto-sp-e-regiao-ismael-colosi\/"},"img":{"alt_text":"","src":"https:\/\/i0.wp.com\/ismaelcolosi.com.br\/wp-content\/uploads\/2024\/01\/cultura_jardim_manoel_penna_1.jpeg?fit=1200%2C992&ssl=1&resize=350%2C200","width":350,"height":200,"srcset":"https:\/\/i0.wp.com\/ismaelcolosi.com.br\/wp-content\/uploads\/2024\/01\/cultura_jardim_manoel_penna_1.jpeg?fit=1200%2C992&ssl=1&resize=350%2C200 1x, https:\/\/i0.wp.com\/ismaelcolosi.com.br\/wp-content\/uploads\/2024\/01\/cultura_jardim_manoel_penna_1.jpeg?fit=1200%2C992&ssl=1&resize=525%2C300 1.5x, https:\/\/i0.wp.com\/ismaelcolosi.com.br\/wp-content\/uploads\/2024\/01\/cultura_jardim_manoel_penna_1.jpeg?fit=1200%2C992&ssl=1&resize=700%2C400 2x, https:\/\/i0.wp.com\/ismaelcolosi.com.br\/wp-content\/uploads\/2024\/01\/cultura_jardim_manoel_penna_1.jpeg?fit=1200%2C992&ssl=1&resize=1050%2C600 3x"},"classes":[]}],"jetpack_sharing_enabled":true,"jetpack_shortlink":"https:\/\/wp.me\/pfMlyK-fgr","_links":{"self":[{"href":"https:\/\/ismaelcolosi.com.br\/index.php\/wp-json\/wp\/v2\/posts\/58679","targetHints":{"allow":["GET"]}}],"collection":[{"href":"https:\/\/ismaelcolosi.com.br\/index.php\/wp-json\/wp\/v2\/posts"}],"about":[{"href":"https:\/\/ismaelcolosi.com.br\/index.php\/wp-json\/wp\/v2\/types\/post"}],"author":[{"embeddable":true,"href":"https:\/\/ismaelcolosi.com.br\/index.php\/wp-json\/wp\/v2\/users\/1"}],"replies":[{"embeddable":true,"href":"https:\/\/ismaelcolosi.com.br\/index.php\/wp-json\/wp\/v2\/comments?post=58679"}],"version-history":[{"count":0,"href":"https:\/\/ismaelcolosi.com.br\/index.php\/wp-json\/wp\/v2\/posts\/58679\/revisions"}],"wp:featuredmedia":[{"embeddable":true,"href":"https:\/\/ismaelcolosi.com.br\/index.php\/wp-json\/wp\/v2\/media\/58680"}],"wp:attachment":[{"href":"https:\/\/ismaelcolosi.com.br\/index.php\/wp-json\/wp\/v2\/media?parent=58679"}],"wp:term":[{"taxonomy":"category","embeddable":true,"href":"https:\/\/ismaelcolosi.com.br\/index.php\/wp-json\/wp\/v2\/categories?post=58679"},{"taxonomy":"post_tag","embeddable":true,"href":"https:\/\/ismaelcolosi.com.br\/index.php\/wp-json\/wp\/v2\/tags?post=58679"}],"curies":[{"name":"wp","href":"https:\/\/api.w.org\/{rel}","templated":true}]}}