{"id":58664,"date":"2024-08-01T15:24:58","date_gmt":"2024-08-01T18:24:58","guid":{"rendered":"https:\/\/ismaelcolosi.com.br\/index.php\/2024\/08\/01\/gastronomia-na-casacor-ribeirao-preto-mostra-ganha-cardapios-especiais\/"},"modified":"2024-08-01T15:24:58","modified_gmt":"2024-08-01T18:24:58","slug":"gastronomia-na-casacor-ribeirao-preto-mostra-ganha-cardapios-especiais","status":"publish","type":"post","link":"https:\/\/ismaelcolosi.com.br\/index.php\/2024\/08\/01\/gastronomia-na-casacor-ribeirao-preto-mostra-ganha-cardapios-especiais\/","title":{"rendered":"Gastronomia na Casacor Ribeir\u00e3o Preto; mostra ganha card\u00e1pios especiais"},"content":{"rendered":"<p> <br \/>\n<\/p>\n<div>\n<p>A gastronomia tamb\u00e9m marca presen\u00e7a na<strong><a href=\"http:\/\/www.casacor.com.br\" target=\"_blank\" rel=\"noreferrer noopener nofollow\"> Casacor Ribeir\u00e3o Preto<\/a><\/strong>, que<mark style=\"background-color:#fcb900\" class=\"has-inline-color has-black-color\"> acontece entre os dias 20 de agosto e 20 de outubro.<\/mark> O evento que apresenta inspira\u00e7\u00f5es nos segmentos de arquitetura, paisagismo, arte e design de interiores, vai ganhar card\u00e1pios especiais com espa\u00e7os operados por estabelecimentos da cidade.<\/p>\n<p>O<strong> Latulia Restaurante e Costelaria<\/strong>, especialista em cortes nobres feitos na brasa, est\u00e1 entre os nomes confirmados. \u201cEstamos preparando uma verdadeira jornada de sabores, com pratos preparados com paix\u00e3o e precis\u00e3o. Teremos, ainda, uma sele\u00e7\u00e3o de vinhos finos e drinks criativos que harmonizam com o menu\u201d, revela o chef Thullio Almeida.<\/p>\n<p>O espa\u00e7o, que recebeu o nome de<strong> Vista<\/strong>, est\u00e1 sendo projetado pela arquiteta Mariane Siqueira e apresentar\u00e1 ao p\u00fablico tend\u00eancias, principalmente na parte de revestimentos, com os pain\u00e9is de mdf \u201cJalap\u00e3o\u201d e \u201cPetar\u201d.<\/p>\n<h4 class=\"wp-block-heading\"><strong>Cen\u00e1rio perfeito para bons encontros<\/strong><\/h4>\n<p>J\u00e1 o restaurante<strong> Noip\u00ea <\/strong>\u00e9 respons\u00e1vel pelo bar. \u201cVamos transportar a ess\u00eancia da nossa casa para a CASACOR, criando um cen\u00e1rio perfeito para encontros com algumas das nossas entradas, pratos e drinks\u201d, explica o s\u00f3cio propriet\u00e1rio Miguel El Debs.<\/p>\n<p>Entre os destaques est\u00e3o<strong> <em>steak tartar<\/em><\/strong>,<strong> bolinho de brie<\/strong>,<strong> risoto de panceta com mel trufado<\/strong> e<strong> rigatoni<\/strong> com <strong>camar\u00f5es<\/strong> e <strong>aliche<\/strong>. Al\u00e9m disso, o restaurante aproveitar\u00e1 o evento para lan\u00e7ar sua cerveja, <strong>Bonami<\/strong>, agora em vers\u00e3o<em> long neck<\/em>.<\/p>\n<p>Assinado pelo arquiteto Victor Poiani de Moura e pela designer de mobili\u00e1rio Bete Said, o ambiente <strong>Il\u00e9 Omi<\/strong> (Casa das \u00c1guas em Yorub\u00e1) \u00e9 uma homenagem a ancestralidade afro-brasileira. \u201cS\u00e3o 160m\u00b2 entre p\u00e1tio da entrada, longe, bar, banheiro acess\u00edvel e cozinha funcional, com detalhes repletos de significado\u201d, comenta Victor.<\/p>\n<p><strong>Pausa para o caf\u00e9<\/strong><\/p>\n<p>A confeitaria <strong>Cookie Stories<\/strong> tamb\u00e9m estar\u00e1 presente na 6\u00aa edi\u00e7\u00e3o da Casacor. Com influ\u00eancia da cultura americana, a cafeteria apresenta os cookies, dos cl\u00e1ssicos aos mais inovadores, caf\u00e9s e drinks, mas n\u00e3o deixa de lado receitas tipicamente brasileiras, como o tradicional p\u00e3o de queijo.<\/p>\n<p>\u201cElaboramos uma sele\u00e7\u00e3o de produtos muito especial, com tudo o que h\u00e1 de melhor no nosso card\u00e1pio. Cada detalhe foi pensado para convidar o p\u00fablico a aproveitar ao m\u00e1ximo essa experi\u00eancia\u201d, adiantam os propriet\u00e1rios da Cookie Stories, Alessandro Lima e Hudson Pantosso. O ambiente est\u00e1 sendo desenvolvido pela arquiteta Laura Tomio.<\/p>\n<p>SAIBA MAIS<br \/>Ribeir\u00e3o Preto \u00e9 declarada \u2018Capital do Chope e das Cervejas Artesanais\u2019; Entenda<\/p>\n<h4 class=\"wp-block-heading\"><strong>FIQUE ON<\/strong><\/h4>\n<p>Fique ligado em tudo que acontece em Ribeir\u00e3o Preto e regi\u00e3o. Siga os perfis do <strong>acidade on<\/strong> no<a href=\"https:\/\/www.instagram.com\/acidadeonribeirao\" target=\"_blank\" rel=\"noreferrer noopener nofollow\"> Instagram<\/a> e no <a href=\"https:\/\/www.facebook.com\/acidadeonribeirao\/\" target=\"_blank\" rel=\"noreferrer noopener nofollow\">Facebook<\/a>.<\/p>\n<p>Receba not\u00edcias do<strong> acidade on<\/strong> no WhatsApp. <a href=\"https:\/\/chat.whatsapp.com\/Dtv9mxhy6V5BJBotM2OQ5k\" target=\"_blank\" rel=\"noreferrer noopener nofollow\">Para entrar no grupo, basta clicar aqui.<\/a><\/p>\n<p>Fa\u00e7a uma den\u00fancia ou sugira uma reportagem sobre Ribeir\u00e3o Preto e regi\u00e3o pelo WhatsApp: 16 99117 7802.<\/p>\n<p>VEJA TAMB\u00c9M<br \/>Quantas temporadas tem \u2018Brincando com Fogo\u2019?<\/p>\n<p><!-- CONTENT END 1 -->\n<\/div>\n<p><script async src=\"\/\/www.instagram.com\/embed.js\"><\/script><br \/>\n<br \/><br \/>\n<br \/><a href=\"https:\/\/www.acidadeon.com\/ribeiraopreto\/lazer-e-cultura\/giro-lazer-e-cultura\/gastronomia-na-casacor-ribeirao-preto-mostra-ganha-cardapios-especiais\/\">Source link <\/a><\/p>\n","protected":false},"excerpt":{"rendered":"<p>A gastronomia tamb\u00e9m marca presen\u00e7a na Casacor Ribeir\u00e3o Preto, que acontece entre os dias 20 de agosto e 20 de outubro. O evento que apresenta&#8230;<\/p>\n","protected":false},"author":1,"featured_media":58665,"comment_status":"open","ping_status":"open","sticky":false,"template":"","format":"standard","meta":{"_uag_custom_page_level_css":"","advanced_seo_description":"","jetpack_seo_html_title":"","jetpack_seo_noindex":false,"jetpack_post_was_ever_published":false,"_jetpack_newsletter_access":"","_jetpack_dont_email_post_to_subs":false,"_jetpack_newsletter_tier_id":0,"_jetpack_memberships_contains_paywalled_content":false,"_jetpack_memberships_contains_paid_content":false,"footnotes":"","jetpack_publicize_message":"","jetpack_publicize_feature_enabled":true,"jetpack_social_post_already_shared":true,"jetpack_social_options":{"image_generator_settings":{"template":"highway","default_image_id":0,"font":"","enabled":false},"version":2}},"categories":[11],"tags":[],"class_list":["post-58664","post","type-post","status-publish","format-standard","has-post-thumbnail","hentry","category-noticias-de-ribeirao-preto-sp-e-regiao-ismael-colosi"],"jetpack_publicize_connections":[],"jetpack_featured_media_url":"https:\/\/i0.wp.com\/ismaelcolosi.com.br\/wp-content\/uploads\/2024\/08\/casacor_2024-08-01_17-57-53_jpeg_2024-08-01_17-57-53.webp.webp?fit=1600%2C1200&ssl=1","uagb_featured_image_src":{"full":["https:\/\/i0.wp.com\/ismaelcolosi.com.br\/wp-content\/uploads\/2024\/08\/casacor_2024-08-01_17-57-53_jpeg_2024-08-01_17-57-53.webp.webp?fit=1600%2C1200&ssl=1",1600,1200,false],"thumbnail":["https:\/\/i0.wp.com\/ismaelcolosi.com.br\/wp-content\/uploads\/2024\/08\/casacor_2024-08-01_17-57-53_jpeg_2024-08-01_17-57-53.webp.webp?resize=150%2C150&ssl=1",150,150,true],"medium":["https:\/\/i0.wp.com\/ismaelcolosi.com.br\/wp-content\/uploads\/2024\/08\/casacor_2024-08-01_17-57-53_jpeg_2024-08-01_17-57-53.webp.webp?fit=300%2C225&ssl=1",300,225,true],"medium_large":["https:\/\/i0.wp.com\/ismaelcolosi.com.br\/wp-content\/uploads\/2024\/08\/casacor_2024-08-01_17-57-53_jpeg_2024-08-01_17-57-53.webp.webp?fit=768%2C576&ssl=1",768,576,true],"large":["https:\/\/i0.wp.com\/ismaelcolosi.com.br\/wp-content\/uploads\/2024\/08\/casacor_2024-08-01_17-57-53_jpeg_2024-08-01_17-57-53.webp.webp?fit=1024%2C768&ssl=1",1024,768,true],"1536x1536":["https:\/\/i0.wp.com\/ismaelcolosi.com.br\/wp-content\/uploads\/2024\/08\/casacor_2024-08-01_17-57-53_jpeg_2024-08-01_17-57-53.webp.webp?fit=1536%2C1152&ssl=1",1536,1152,true],"2048x2048":["https:\/\/i0.wp.com\/ismaelcolosi.com.br\/wp-content\/uploads\/2024\/08\/casacor_2024-08-01_17-57-53_jpeg_2024-08-01_17-57-53.webp.webp?fit=1600%2C1200&ssl=1",1600,1200,true],"really-simple-thumb":["https:\/\/i0.wp.com\/ismaelcolosi.com.br\/wp-content\/uploads\/2024\/08\/casacor_2024-08-01_17-57-53_jpeg_2024-08-01_17-57-53.webp.webp?resize=370%2C247&ssl=1",370,247,true]},"uagb_author_info":{"display_name":"ismaelcolosi.com.br","author_link":"https:\/\/ismaelcolosi.com.br\/index.php\/author\/vidareal-online\/"},"uagb_comment_info":0,"uagb_excerpt":"A gastronomia tamb\u00e9m marca presen\u00e7a na Casacor Ribeir\u00e3o Preto, que acontece entre os dias 20 de agosto e 20 de outubro. O evento que apresenta...","jetpack-related-posts":[{"id":58818,"url":"https:\/\/ismaelcolosi.com.br\/index.php\/2024\/08\/02\/veja-como-comprar-ingressos-com-descontos-para-a-casacor-ribeirao-preto\/","url_meta":{"origin":58664,"position":0},"title":"Veja como comprar ingressos com descontos para a Casacor Ribeir\u00e3o Preto","author":"ismaelcolosi.com.br","date":"2 de August de 2024","format":false,"excerpt":"Os ingressos para a Casacor Ribeir\u00e3o Preto, que acontece entre os dias 20 de agosto e 20 de outubro, podem ser adquiridos de forma on-line e com desconto, a partir desta sexta-feira (2). Os interessados em visitar o evento, que apresenta inspira\u00e7\u00f5es nos segmentos de arquitetura, paisagismo, arte e design\u2026","rel":"","context":"In &quot;Not\u00edcias de Ribeir\u00e3o Preto-SP e Regi\u00e3o&quot;","block_context":{"text":"Not\u00edcias de Ribeir\u00e3o Preto-SP e Regi\u00e3o","link":"https:\/\/ismaelcolosi.com.br\/index.php\/category\/noticias-de-ribeirao-preto-sp-e-regiao-ismael-colosi\/"},"img":{"alt_text":"","src":"https:\/\/i0.wp.com\/ismaelcolosi.com.br\/wp-content\/uploads\/2024\/08\/Copia-de-Copia-de-TAMANHO-EXATO-PARA-FOTOS-NO-SISTEMA-NOVO-2024-08-02T155836.169_2024-08-02_18-58-41_png_2024-08-02_18-58-41.webp.webp?fit=1200%2C675&ssl=1&resize=350%2C200","width":350,"height":200,"srcset":"https:\/\/i0.wp.com\/ismaelcolosi.com.br\/wp-content\/uploads\/2024\/08\/Copia-de-Copia-de-TAMANHO-EXATO-PARA-FOTOS-NO-SISTEMA-NOVO-2024-08-02T155836.169_2024-08-02_18-58-41_png_2024-08-02_18-58-41.webp.webp?fit=1200%2C675&ssl=1&resize=350%2C200 1x, https:\/\/i0.wp.com\/ismaelcolosi.com.br\/wp-content\/uploads\/2024\/08\/Copia-de-Copia-de-TAMANHO-EXATO-PARA-FOTOS-NO-SISTEMA-NOVO-2024-08-02T155836.169_2024-08-02_18-58-41_png_2024-08-02_18-58-41.webp.webp?fit=1200%2C675&ssl=1&resize=525%2C300 1.5x, https:\/\/i0.wp.com\/ismaelcolosi.com.br\/wp-content\/uploads\/2024\/08\/Copia-de-Copia-de-TAMANHO-EXATO-PARA-FOTOS-NO-SISTEMA-NOVO-2024-08-02T155836.169_2024-08-02_18-58-41_png_2024-08-02_18-58-41.webp.webp?fit=1200%2C675&ssl=1&resize=700%2C400 2x, https:\/\/i0.wp.com\/ismaelcolosi.com.br\/wp-content\/uploads\/2024\/08\/Copia-de-Copia-de-TAMANHO-EXATO-PARA-FOTOS-NO-SISTEMA-NOVO-2024-08-02T155836.169_2024-08-02_18-58-41_png_2024-08-02_18-58-41.webp.webp?fit=1200%2C675&ssl=1&resize=1050%2C600 3x"},"classes":[]},{"id":58711,"url":"https:\/\/ismaelcolosi.com.br\/index.php\/2024\/08\/01\/apostas-do-interior-de-sp-levam-premio-na-mega-sena-veja-os-numeros-sorteados-2\/","url_meta":{"origin":58664,"position":1},"title":"Apostas do interior de SP levam pr\u00eamio na Mega-Sena; Veja os n\u00fameros sorteados","author":"ismaelcolosi.com.br","date":"1 de August de 2024","format":false,"excerpt":"Nenhum apostador acertou as seis dezenas no concurso 2.756 da Mega-Sena, realizado na noite desta quinta-feira (1\u00b0 de agosto). Contudo, tr\u00eas apostadores do interior de S\u00e3o Paulo v\u00e3o levar o pr\u00eamio de R$ 32.726,42, cada um, por terem feito a quina da Mega-Sena. Os n\u00fameros do concurso 2.756 da Mega-Sena\u2026","rel":"","context":"In &quot;Not\u00edcias de Ribeir\u00e3o Preto-SP e Regi\u00e3o&quot;","block_context":{"text":"Not\u00edcias de Ribeir\u00e3o Preto-SP e Regi\u00e3o","link":"https:\/\/ismaelcolosi.com.br\/index.php\/category\/noticias-de-ribeirao-preto-sp-e-regiao-ismael-colosi\/"},"img":{"alt_text":"","src":"https:\/\/i0.wp.com\/ismaelcolosi.com.br\/wp-content\/uploads\/2024\/08\/20230622_182658.jpg?fit=1024%2C768&ssl=1&resize=350%2C200","width":350,"height":200,"srcset":"https:\/\/i0.wp.com\/ismaelcolosi.com.br\/wp-content\/uploads\/2024\/08\/20230622_182658.jpg?fit=1024%2C768&ssl=1&resize=350%2C200 1x, https:\/\/i0.wp.com\/ismaelcolosi.com.br\/wp-content\/uploads\/2024\/08\/20230622_182658.jpg?fit=1024%2C768&ssl=1&resize=525%2C300 1.5x, https:\/\/i0.wp.com\/ismaelcolosi.com.br\/wp-content\/uploads\/2024\/08\/20230622_182658.jpg?fit=1024%2C768&ssl=1&resize=700%2C400 2x"},"classes":[]},{"id":58679,"url":"https:\/\/ismaelcolosi.com.br\/index.php\/2024\/08\/01\/ribeirao-preto-pode-ganhar-bairro-inteligente-inspirado-em-puerto-madero-entenda\/","url_meta":{"origin":58664,"position":2},"title":"Ribeir\u00e3o Preto pode ganhar bairro inteligente inspirado em Puerto Madero; Entenda","author":"ismaelcolosi.com.br","date":"1 de August de 2024","format":false,"excerpt":"O secret\u00e1rio de Desenvolvimento Econ\u00f4mico de S\u00e3o Paulo, Jorge Lima, afirmou que negocia com investidores estrangeiros a constru\u00e7\u00e3o de um bairro inteligente, 100% sustent\u00e1vel, em Ribeir\u00e3o Preto. O secret\u00e1rio se inspirou em projetos realizados no exterior, como o Puerto Madero, um dos bairros mais famosos de Buenos Aires, na Argentina.\u2026","rel":"","context":"In &quot;Not\u00edcias de Ribeir\u00e3o Preto-SP e Regi\u00e3o&quot;","block_context":{"text":"Not\u00edcias de Ribeir\u00e3o Preto-SP e Regi\u00e3o","link":"https:\/\/ismaelcolosi.com.br\/index.php\/category\/noticias-de-ribeirao-preto-sp-e-regiao-ismael-colosi\/"},"img":{"alt_text":"","src":"https:\/\/i0.wp.com\/ismaelcolosi.com.br\/wp-content\/uploads\/2024\/08\/puerto-madero_2024-08-01_19-17-41_jpg_2024-08-01_19-17-41.webp.webp?fit=1200%2C900&ssl=1&resize=350%2C200","width":350,"height":200,"srcset":"https:\/\/i0.wp.com\/ismaelcolosi.com.br\/wp-content\/uploads\/2024\/08\/puerto-madero_2024-08-01_19-17-41_jpg_2024-08-01_19-17-41.webp.webp?fit=1200%2C900&ssl=1&resize=350%2C200 1x, https:\/\/i0.wp.com\/ismaelcolosi.com.br\/wp-content\/uploads\/2024\/08\/puerto-madero_2024-08-01_19-17-41_jpg_2024-08-01_19-17-41.webp.webp?fit=1200%2C900&ssl=1&resize=525%2C300 1.5x, https:\/\/i0.wp.com\/ismaelcolosi.com.br\/wp-content\/uploads\/2024\/08\/puerto-madero_2024-08-01_19-17-41_jpg_2024-08-01_19-17-41.webp.webp?fit=1200%2C900&ssl=1&resize=700%2C400 2x, https:\/\/i0.wp.com\/ismaelcolosi.com.br\/wp-content\/uploads\/2024\/08\/puerto-madero_2024-08-01_19-17-41_jpg_2024-08-01_19-17-41.webp.webp?fit=1200%2C900&ssl=1&resize=1050%2C600 3x"},"classes":[]},{"id":61002,"url":"https:\/\/ismaelcolosi.com.br\/index.php\/2024\/08\/19\/mostra-casacor-ribeirao-preto-2024-comeca-nesta-terca-feira\/","url_meta":{"origin":58664,"position":3},"title":"Mostra Casacor Ribeir\u00e3o Preto 2024 come\u00e7a nesta ter\u00e7a-feira","author":"ismaelcolosi.com.br","date":"19 de August de 2024","format":false,"excerpt":"Expondo mais de 30 ambientes com tend\u00eancias de arquitetura, design de interiores e paisagismo, a edi\u00e7\u00e3o 2024 da Casacor Ribeir\u00e3o Preto ser\u00e1 aberta nesta ter\u00e7a-feira (20). A mostra, que tem como tema \u201cDe Presente o Agora\u201d, segue at\u00e9 o dia 20 de outubro. Solu\u00e7\u00f5es sustent\u00e1veis, tecnol\u00f3gicas, arte e paisagismo tamb\u00e9m\u2026","rel":"","context":"In &quot;Not\u00edcias de Ribeir\u00e3o Preto-SP e Regi\u00e3o&quot;","block_context":{"text":"Not\u00edcias de Ribeir\u00e3o Preto-SP e Regi\u00e3o","link":"https:\/\/ismaelcolosi.com.br\/index.php\/category\/noticias-de-ribeirao-preto-sp-e-regiao-ismael-colosi\/"},"img":{"alt_text":"","src":"https:\/\/i0.wp.com\/ismaelcolosi.com.br\/wp-content\/uploads\/2024\/08\/casacor_2024-08-19_20-15-08_jpeg_2024-08-19_20-15-08.webp.webp?fit=1200%2C800&ssl=1&resize=350%2C200","width":350,"height":200,"srcset":"https:\/\/i0.wp.com\/ismaelcolosi.com.br\/wp-content\/uploads\/2024\/08\/casacor_2024-08-19_20-15-08_jpeg_2024-08-19_20-15-08.webp.webp?fit=1200%2C800&ssl=1&resize=350%2C200 1x, https:\/\/i0.wp.com\/ismaelcolosi.com.br\/wp-content\/uploads\/2024\/08\/casacor_2024-08-19_20-15-08_jpeg_2024-08-19_20-15-08.webp.webp?fit=1200%2C800&ssl=1&resize=525%2C300 1.5x, https:\/\/i0.wp.com\/ismaelcolosi.com.br\/wp-content\/uploads\/2024\/08\/casacor_2024-08-19_20-15-08_jpeg_2024-08-19_20-15-08.webp.webp?fit=1200%2C800&ssl=1&resize=700%2C400 2x, https:\/\/i0.wp.com\/ismaelcolosi.com.br\/wp-content\/uploads\/2024\/08\/casacor_2024-08-19_20-15-08_jpeg_2024-08-19_20-15-08.webp.webp?fit=1200%2C800&ssl=1&resize=1050%2C600 3x"},"classes":[]},{"id":55634,"url":"https:\/\/ismaelcolosi.com.br\/index.php\/2024\/07\/04\/saiba-tudo-sobre-a-edicao-2024-da-casacor-ribeirao-preto\/","url_meta":{"origin":58664,"position":4},"title":"Saiba tudo sobre a edi\u00e7\u00e3o 2024 da Casacor Ribeir\u00e3o Preto","author":"ismaelcolosi.com.br","date":"4 de July de 2024","format":false,"excerpt":"A Casacor Ribeir\u00e3o Preto, que acontece entre 20 de agosto e 20 de outubro, traz neste ano o tema \u201cDe presente, o agora\u201d. Na sexta edi\u00e7\u00e3o, a Casacor re\u00fane novos talentos e veteranos da arquitetura, que dar\u00e3o vida aos 31 ambientes da mostra. Os espa\u00e7os da nova edifica\u00e7\u00e3o \u2013 que\u2026","rel":"","context":"In &quot;Not\u00edcias de Ribeir\u00e3o Preto-SP e Regi\u00e3o&quot;","block_context":{"text":"Not\u00edcias de Ribeir\u00e3o Preto-SP e Regi\u00e3o","link":"https:\/\/ismaelcolosi.com.br\/index.php\/category\/noticias-de-ribeirao-preto-sp-e-regiao-ismael-colosi\/"},"img":{"alt_text":"","src":"https:\/\/i0.wp.com\/ismaelcolosi.com.br\/wp-content\/uploads\/2024\/07\/AnyConv.com__casacor_2024-07-04_15-11-18-scaled.webp.webp?fit=1200%2C800&ssl=1&resize=350%2C200","width":350,"height":200,"srcset":"https:\/\/i0.wp.com\/ismaelcolosi.com.br\/wp-content\/uploads\/2024\/07\/AnyConv.com__casacor_2024-07-04_15-11-18-scaled.webp.webp?fit=1200%2C800&ssl=1&resize=350%2C200 1x, https:\/\/i0.wp.com\/ismaelcolosi.com.br\/wp-content\/uploads\/2024\/07\/AnyConv.com__casacor_2024-07-04_15-11-18-scaled.webp.webp?fit=1200%2C800&ssl=1&resize=525%2C300 1.5x, https:\/\/i0.wp.com\/ismaelcolosi.com.br\/wp-content\/uploads\/2024\/07\/AnyConv.com__casacor_2024-07-04_15-11-18-scaled.webp.webp?fit=1200%2C800&ssl=1&resize=700%2C400 2x, https:\/\/i0.wp.com\/ismaelcolosi.com.br\/wp-content\/uploads\/2024\/07\/AnyConv.com__casacor_2024-07-04_15-11-18-scaled.webp.webp?fit=1200%2C800&ssl=1&resize=1050%2C600 3x"},"classes":[]},{"id":61015,"url":"https:\/\/ismaelcolosi.com.br\/index.php\/2024\/08\/19\/ferrugem-traz-turne-comemorativa-para-ribeirao-preto-veja-quando-sera-o-show\/","url_meta":{"origin":58664,"position":5},"title":"Ferrugem traz turn\u00ea comemorativa para Ribeir\u00e3o Preto; Veja quando ser\u00e1 o show","author":"ismaelcolosi.com.br","date":"19 de August de 2024","format":false,"excerpt":"O cantor e compositor Ferrugem traz para Ribeir\u00e3o Preto uma turn\u00ea especial que celebra seus 10 anos de estrada. A apresenta\u00e7\u00e3o acontece no dia 5 de outubro, no restaurante Fazendinha, na zona Norte do munic\u00edpio. De acordo com a organiza\u00e7\u00e3o, os ingressos ser\u00e3o vendidos a partir de R$ 60 e\u2026","rel":"","context":"In &quot;Not\u00edcias de Ribeir\u00e3o Preto-SP e Regi\u00e3o&quot;","block_context":{"text":"Not\u00edcias de Ribeir\u00e3o Preto-SP e Regi\u00e3o","link":"https:\/\/ismaelcolosi.com.br\/index.php\/category\/noticias-de-ribeirao-preto-sp-e-regiao-ismael-colosi\/"},"img":{"alt_text":"","src":"https:\/\/i0.wp.com\/ismaelcolosi.com.br\/wp-content\/uploads\/2024\/08\/Copia-de-Copia-de-Copia-de-TAMANHO-EXATO-PARA-FOTOS-NO-SISTEMA-NOVO-13_2024-08-19_21-21-02_png_2024-08-19_21-21-02.webp.webp?fit=1200%2C675&ssl=1&resize=350%2C200","width":350,"height":200,"srcset":"https:\/\/i0.wp.com\/ismaelcolosi.com.br\/wp-content\/uploads\/2024\/08\/Copia-de-Copia-de-Copia-de-TAMANHO-EXATO-PARA-FOTOS-NO-SISTEMA-NOVO-13_2024-08-19_21-21-02_png_2024-08-19_21-21-02.webp.webp?fit=1200%2C675&ssl=1&resize=350%2C200 1x, https:\/\/i0.wp.com\/ismaelcolosi.com.br\/wp-content\/uploads\/2024\/08\/Copia-de-Copia-de-Copia-de-TAMANHO-EXATO-PARA-FOTOS-NO-SISTEMA-NOVO-13_2024-08-19_21-21-02_png_2024-08-19_21-21-02.webp.webp?fit=1200%2C675&ssl=1&resize=525%2C300 1.5x, https:\/\/i0.wp.com\/ismaelcolosi.com.br\/wp-content\/uploads\/2024\/08\/Copia-de-Copia-de-Copia-de-TAMANHO-EXATO-PARA-FOTOS-NO-SISTEMA-NOVO-13_2024-08-19_21-21-02_png_2024-08-19_21-21-02.webp.webp?fit=1200%2C675&ssl=1&resize=700%2C400 2x, https:\/\/i0.wp.com\/ismaelcolosi.com.br\/wp-content\/uploads\/2024\/08\/Copia-de-Copia-de-Copia-de-TAMANHO-EXATO-PARA-FOTOS-NO-SISTEMA-NOVO-13_2024-08-19_21-21-02_png_2024-08-19_21-21-02.webp.webp?fit=1200%2C675&ssl=1&resize=1050%2C600 3x"},"classes":[]}],"jetpack_sharing_enabled":true,"jetpack_shortlink":"https:\/\/wp.me\/pfMlyK-fgc","_links":{"self":[{"href":"https:\/\/ismaelcolosi.com.br\/index.php\/wp-json\/wp\/v2\/posts\/58664","targetHints":{"allow":["GET"]}}],"collection":[{"href":"https:\/\/ismaelcolosi.com.br\/index.php\/wp-json\/wp\/v2\/posts"}],"about":[{"href":"https:\/\/ismaelcolosi.com.br\/index.php\/wp-json\/wp\/v2\/types\/post"}],"author":[{"embeddable":true,"href":"https:\/\/ismaelcolosi.com.br\/index.php\/wp-json\/wp\/v2\/users\/1"}],"replies":[{"embeddable":true,"href":"https:\/\/ismaelcolosi.com.br\/index.php\/wp-json\/wp\/v2\/comments?post=58664"}],"version-history":[{"count":0,"href":"https:\/\/ismaelcolosi.com.br\/index.php\/wp-json\/wp\/v2\/posts\/58664\/revisions"}],"wp:featuredmedia":[{"embeddable":true,"href":"https:\/\/ismaelcolosi.com.br\/index.php\/wp-json\/wp\/v2\/media\/58665"}],"wp:attachment":[{"href":"https:\/\/ismaelcolosi.com.br\/index.php\/wp-json\/wp\/v2\/media?parent=58664"}],"wp:term":[{"taxonomy":"category","embeddable":true,"href":"https:\/\/ismaelcolosi.com.br\/index.php\/wp-json\/wp\/v2\/categories?post=58664"},{"taxonomy":"post_tag","embeddable":true,"href":"https:\/\/ismaelcolosi.com.br\/index.php\/wp-json\/wp\/v2\/tags?post=58664"}],"curies":[{"name":"wp","href":"https:\/\/api.w.org\/{rel}","templated":true}]}}