{"id":58660,"date":"2024-08-01T14:57:13","date_gmt":"2024-08-01T17:57:13","guid":{"rendered":"https:\/\/ismaelcolosi.com.br\/index.php\/2024\/08\/01\/motociclista-sera-indenizado-apos-acidente-provocado-por-cachorro-no-interior-de-sp\/"},"modified":"2024-08-01T14:57:13","modified_gmt":"2024-08-01T17:57:13","slug":"motociclista-sera-indenizado-apos-acidente-provocado-por-cachorro-no-interior-de-sp","status":"publish","type":"post","link":"https:\/\/ismaelcolosi.com.br\/index.php\/2024\/08\/01\/motociclista-sera-indenizado-apos-acidente-provocado-por-cachorro-no-interior-de-sp\/","title":{"rendered":"Motociclista ser\u00e1 indenizado ap\u00f3s acidente provocado por cachorro\u00a0no interior de SP"},"content":{"rendered":"<p> <br \/>\n<\/p>\n<div data-td-block-uid=\"tdi_106\">\n<div class=\"tdb-block-inner td-fix-index\">\n<p><strong>O Tribunal de Justi\u00e7a de S\u00e3o Paulo (TJ-SP) manteve, parcialmente, a condena\u00e7\u00e3o a uma empresa e tutores de um cachorro a indenizar um motociclista que se envolveu em acidente causado pelo animal<strong> em Colina, cidade no interior de S\u00e3o Paulo, a aproximadamente 100 quil\u00f4metros de Ribeir\u00e3o Preto<\/strong>.<\/strong><\/p>\n<p><mark style=\"background-color:#fcb900\" class=\"has-inline-color has-black-color\">A indeniza\u00e7\u00e3o por danos morais foi definida em R$ 30 mil pela 29\u00aa C\u00e2mara de Direito Privado. <\/mark>O valor, contudo, foi reduzido, pois n\u00e3o foram reconhecidos os danos est\u00e9ticos. Tamb\u00e9m foi definida <strong>indeniza\u00e7\u00e3o <\/strong>pela diferen\u00e7a entre o valor pago pelo <strong>INSS (Instituto Nacional do Seguro Social) <\/strong>e a m\u00e9dia salarial do motociclista.<\/p>\n<h4 class=\"wp-block-heading\"><strong>O acidente<\/strong><\/h4>\n<p>Segundo o processo, o <strong>c\u00e3o escapou <\/strong>de uma <strong>f\u00e1brica <\/strong>de propriedade dos r\u00e9us e foi em dire\u00e7\u00e3o do <strong>motociclista<\/strong>, quando houve o <strong>acidente<\/strong>.<\/p>\n<p>\u201cA responsabiliza\u00e7\u00e3o do dono por dano causado por animal \u00e9 objetiva e puramente formal, n\u00e3o importando se o dono teve ou n\u00e3o culpa, se mantinha ou n\u00e3o o bicho sob vigil\u00e2ncia e guarda. Basta, para sua responsabiliza\u00e7\u00e3o, que o animal tenha causado dano a outrem\u201d, escreveu o <strong>relator<\/strong>, <strong>desembargador Carlos Henrique Miguel Trevisan<\/strong>.<\/p>\n<p>O <strong>acidade on<\/strong> entrou em contato com as <strong>defesas <\/strong>dos <strong>r\u00e9us <\/strong>e do <strong>motociclista<\/strong>, mas ainda n\u00e3o conseguiu <strong>retorno<\/strong>.<\/p>\n<p>SAIBA MAIS<\/p>\n<p>Projeto oferece 30 vagas em curso gratuito de log\u00edstica em Ribeir\u00e3o; Veja como se inscrever<\/p>\n<h4 class=\"wp-block-heading\"><strong>FIQUE ON<\/strong><\/h4>\n<p>Fique ligado em tudo que acontece em Ribeir\u00e3o Preto e regi\u00e3o. Siga os perfis do<strong>\u00a0acidade on<\/strong>\u00a0no<a href=\"https:\/\/www.instagram.com\/acidadeonribeirao\" target=\"_blank\" rel=\"noreferrer noopener\">\u00a0Instagram<\/a>\u00a0e no\u00a0<a href=\"https:\/\/www.facebook.com\/acidadeonribeirao\/\" target=\"_blank\" rel=\"noreferrer noopener\">Facebook<\/a>.<\/p>\n<p>Receba not\u00edcias do\u00a0<strong>acidade on<\/strong>\u00a0no WhatsApp.\u00a0<a href=\"https:\/\/chat.whatsapp.com\/Dtv9mxhy6V5BJBotM2OQ5k\" target=\"_blank\" rel=\"noreferrer noopener\">Para entrar no grupo, basta clicar aqui.<\/a><\/p>\n<p>Fa\u00e7a uma den\u00fancia ou sugira uma reportagem sobre Ribeir\u00e3o Preto e regi\u00e3o pelo WhatsApp: 16 99117 7802.<\/p>\n<p>VEJA TAMB\u00c9M<\/p>\n<p>Comemos vespa quando comemos figo?\u00a0<\/p>\n<p><!-- CONTENT END 1 -->\n<\/div>\n<\/div>\n<p><script async src=\"\/\/www.instagram.com\/embed.js\"><\/script><br \/>\n<br \/><br \/>\n<br \/><a href=\"https:\/\/www.acidadeon.com\/ribeiraopreto\/cotidiano\/motociclista-sera-indenizado-apos-acidente-provocado-por-cachorro-no-interior-de-sp\/\">Source link <\/a><\/p>\n","protected":false},"excerpt":{"rendered":"<p>O Tribunal de Justi\u00e7a de S\u00e3o Paulo (TJ-SP) manteve, parcialmente, a condena\u00e7\u00e3o a uma empresa e tutores de um cachorro a indenizar um motociclista que&#8230;<\/p>\n","protected":false},"author":1,"featured_media":58661,"comment_status":"open","ping_status":"open","sticky":false,"template":"","format":"standard","meta":{"_uag_custom_page_level_css":"","advanced_seo_description":"","jetpack_seo_html_title":"","jetpack_seo_noindex":false,"jetpack_post_was_ever_published":false,"_jetpack_newsletter_access":"","_jetpack_dont_email_post_to_subs":false,"_jetpack_newsletter_tier_id":0,"_jetpack_memberships_contains_paywalled_content":false,"_jetpack_memberships_contains_paid_content":false,"footnotes":"","jetpack_publicize_message":"","jetpack_publicize_feature_enabled":true,"jetpack_social_post_already_shared":true,"jetpack_social_options":{"image_generator_settings":{"template":"highway","default_image_id":0,"font":"","enabled":false},"version":2}},"categories":[11],"tags":[],"class_list":["post-58660","post","type-post","status-publish","format-standard","has-post-thumbnail","hentry","category-noticias-de-ribeirao-preto-sp-e-regiao-ismael-colosi"],"jetpack_publicize_connections":[],"jetpack_featured_media_url":"https:\/\/i0.wp.com\/ismaelcolosi.com.br\/wp-content\/uploads\/2024\/08\/biker-407123_1920.jpg?fit=2000%2C1475&ssl=1","uagb_featured_image_src":{"full":["https:\/\/i0.wp.com\/ismaelcolosi.com.br\/wp-content\/uploads\/2024\/08\/biker-407123_1920.jpg?fit=2000%2C1475&ssl=1",2000,1475,false],"thumbnail":["https:\/\/i0.wp.com\/ismaelcolosi.com.br\/wp-content\/uploads\/2024\/08\/biker-407123_1920.jpg?resize=150%2C150&ssl=1",150,150,true],"medium":["https:\/\/i0.wp.com\/ismaelcolosi.com.br\/wp-content\/uploads\/2024\/08\/biker-407123_1920.jpg?fit=300%2C221&ssl=1",300,221,true],"medium_large":["https:\/\/i0.wp.com\/ismaelcolosi.com.br\/wp-content\/uploads\/2024\/08\/biker-407123_1920.jpg?fit=768%2C566&ssl=1",768,566,true],"large":["https:\/\/i0.wp.com\/ismaelcolosi.com.br\/wp-content\/uploads\/2024\/08\/biker-407123_1920.jpg?fit=1024%2C755&ssl=1",1024,755,true],"1536x1536":["https:\/\/i0.wp.com\/ismaelcolosi.com.br\/wp-content\/uploads\/2024\/08\/biker-407123_1920.jpg?fit=1536%2C1133&ssl=1",1536,1133,true],"2048x2048":["https:\/\/i0.wp.com\/ismaelcolosi.com.br\/wp-content\/uploads\/2024\/08\/biker-407123_1920.jpg?fit=2000%2C1475&ssl=1",2000,1475,true],"really-simple-thumb":["https:\/\/i0.wp.com\/ismaelcolosi.com.br\/wp-content\/uploads\/2024\/08\/biker-407123_1920.jpg?resize=370%2C247&ssl=1",370,247,true]},"uagb_author_info":{"display_name":"ismaelcolosi.com.br","author_link":"https:\/\/ismaelcolosi.com.br\/index.php\/author\/vidareal-online\/"},"uagb_comment_info":0,"uagb_excerpt":"O Tribunal de Justi\u00e7a de S\u00e3o Paulo (TJ-SP) manteve, parcialmente, a condena\u00e7\u00e3o a uma empresa e tutores de um cachorro a indenizar um motociclista que...","jetpack-related-posts":[{"id":73024,"url":"https:\/\/ismaelcolosi.com.br\/index.php\/2024\/10\/24\/motociclista-morta-em-acidente-e-identificada-em-ribeirao-preto\/","url_meta":{"origin":58660,"position":0},"title":"Motociclista morta em acidente \u00e9 identificada em Ribeir\u00e3o Preto","author":"ismaelcolosi.com.br","date":"24 de October de 2024","format":false,"excerpt":"A motociclista que morreu em um acidente na manh\u00e3 desta quinta-feira (24), na avenida Francisco Junqueira, em Ribeir\u00e3o Preto, foi identificada. A v\u00edtima Daiana Veloso Meira, de 37 anos, n\u00e3o resistiu e faleceu ainda no local, apesar do socorro prestado pelo Samu. Segundo a PM (Pol\u00edcia Militar), a motociclista teria\u2026","rel":"","context":"In &quot;Not\u00edcias de Ribeir\u00e3o Preto-SP e Regi\u00e3o&quot;","block_context":{"text":"Not\u00edcias de Ribeir\u00e3o Preto-SP e Regi\u00e3o","link":"https:\/\/ismaelcolosi.com.br\/index.php\/category\/noticias-de-ribeirao-preto-sp-e-regiao-ismael-colosi\/"},"img":{"alt_text":"","src":"https:\/\/i0.wp.com\/ismaelcolosi.com.br\/wp-content\/uploads\/2024\/10\/WhatsApp-Image-2024-10-24-at-12.25.21-1_2024-10-24_15-26-59_jpeg_2024-10-24_15-27-00.webp.webp?fit=1200%2C675&ssl=1&resize=350%2C200","width":350,"height":200,"srcset":"https:\/\/i0.wp.com\/ismaelcolosi.com.br\/wp-content\/uploads\/2024\/10\/WhatsApp-Image-2024-10-24-at-12.25.21-1_2024-10-24_15-26-59_jpeg_2024-10-24_15-27-00.webp.webp?fit=1200%2C675&ssl=1&resize=350%2C200 1x, https:\/\/i0.wp.com\/ismaelcolosi.com.br\/wp-content\/uploads\/2024\/10\/WhatsApp-Image-2024-10-24-at-12.25.21-1_2024-10-24_15-26-59_jpeg_2024-10-24_15-27-00.webp.webp?fit=1200%2C675&ssl=1&resize=525%2C300 1.5x, https:\/\/i0.wp.com\/ismaelcolosi.com.br\/wp-content\/uploads\/2024\/10\/WhatsApp-Image-2024-10-24-at-12.25.21-1_2024-10-24_15-26-59_jpeg_2024-10-24_15-27-00.webp.webp?fit=1200%2C675&ssl=1&resize=700%2C400 2x, https:\/\/i0.wp.com\/ismaelcolosi.com.br\/wp-content\/uploads\/2024\/10\/WhatsApp-Image-2024-10-24-at-12.25.21-1_2024-10-24_15-26-59_jpeg_2024-10-24_15-27-00.webp.webp?fit=1200%2C675&ssl=1&resize=1050%2C600 3x"},"classes":[]},{"id":72946,"url":"https:\/\/ismaelcolosi.com.br\/index.php\/2024\/10\/24\/motociclista-morre-em-acidente-na-francisco-junqueira-em-ribeirao\/","url_meta":{"origin":58660,"position":1},"title":"Motociclista morre em acidente na Francisco Junqueira em Ribeir\u00e3o","author":"ismaelcolosi.com.br","date":"24 de October de 2024","format":false,"excerpt":"Uma motociclista de 37 anos morreu em um acidente na manh\u00e3 desta quinta-feira (24), na avenida Francisco Junqueira, em Ribeir\u00e3o Preto. Segundo as primeiras informa\u00e7\u00f5es, a v\u00edtima teria ca\u00eddo na via ap\u00f3s uma batida com um carro. Na sequ\u00eancia, um caminh\u00e3o teria atropelado a motociclista. O Samu foi acionado, mas\u2026","rel":"","context":"In &quot;Not\u00edcias de Ribeir\u00e3o Preto-SP e Regi\u00e3o&quot;","block_context":{"text":"Not\u00edcias de Ribeir\u00e3o Preto-SP e Regi\u00e3o","link":"https:\/\/ismaelcolosi.com.br\/index.php\/category\/noticias-de-ribeirao-preto-sp-e-regiao-ismael-colosi\/"},"img":{"alt_text":"","src":"https:\/\/i0.wp.com\/ismaelcolosi.com.br\/wp-content\/uploads\/2024\/10\/ACIDENTE_2024-10-24_11-27-08_jpg_2024-10-24_11-27-09.webp.webp?fit=1200%2C811&ssl=1&resize=350%2C200","width":350,"height":200,"srcset":"https:\/\/i0.wp.com\/ismaelcolosi.com.br\/wp-content\/uploads\/2024\/10\/ACIDENTE_2024-10-24_11-27-08_jpg_2024-10-24_11-27-09.webp.webp?fit=1200%2C811&ssl=1&resize=350%2C200 1x, https:\/\/i0.wp.com\/ismaelcolosi.com.br\/wp-content\/uploads\/2024\/10\/ACIDENTE_2024-10-24_11-27-08_jpg_2024-10-24_11-27-09.webp.webp?fit=1200%2C811&ssl=1&resize=525%2C300 1.5x, https:\/\/i0.wp.com\/ismaelcolosi.com.br\/wp-content\/uploads\/2024\/10\/ACIDENTE_2024-10-24_11-27-08_jpg_2024-10-24_11-27-09.webp.webp?fit=1200%2C811&ssl=1&resize=700%2C400 2x, https:\/\/i0.wp.com\/ismaelcolosi.com.br\/wp-content\/uploads\/2024\/10\/ACIDENTE_2024-10-24_11-27-08_jpg_2024-10-24_11-27-09.webp.webp?fit=1200%2C811&ssl=1&resize=1050%2C600 3x"},"classes":[]},{"id":58899,"url":"https:\/\/ismaelcolosi.com.br\/index.php\/2024\/08\/03\/motociclista-morre-e-irma-e-socorrida-em-acidente-na-zona-sul-de-ribeirao-preto\/","url_meta":{"origin":58660,"position":2},"title":"Motociclista morre e irm\u00e3 \u00e9 socorrida em acidente na zona Sul de Ribeir\u00e3o Preto","author":"ismaelcolosi.com.br","date":"3 de August de 2024","format":false,"excerpt":"Uma motociclista de 31 anos morreu e a irm\u00e3 dela foi socorrida em um acidente neste s\u00e1bado (3), na zona Sul de Ribeir\u00e3o Preto. Segunda a PMR (Pol\u00edcia Militar Rodovi\u00e1ria), a motociclista vinha do Anel Vi\u00e1rio Sul (rodovia Ant\u00f4nio Duarte Nogueira, SP-322), quando, por raz\u00f5es ainda a serem esclarecidas, perdeu\u2026","rel":"","context":"In &quot;Not\u00edcias de Ribeir\u00e3o Preto-SP e Regi\u00e3o&quot;","block_context":{"text":"Not\u00edcias de Ribeir\u00e3o Preto-SP e Regi\u00e3o","link":"https:\/\/ismaelcolosi.com.br\/index.php\/category\/noticias-de-ribeirao-preto-sp-e-regiao-ismael-colosi\/"},"img":{"alt_text":"","src":"https:\/\/i0.wp.com\/ismaelcolosi.com.br\/wp-content\/uploads\/2024\/08\/ACIDENTE_2024-08-03_17-21-12_jpg_2024-08-03_17-21-13.webp.webp?fit=1200%2C734&ssl=1&resize=350%2C200","width":350,"height":200,"srcset":"https:\/\/i0.wp.com\/ismaelcolosi.com.br\/wp-content\/uploads\/2024\/08\/ACIDENTE_2024-08-03_17-21-12_jpg_2024-08-03_17-21-13.webp.webp?fit=1200%2C734&ssl=1&resize=350%2C200 1x, https:\/\/i0.wp.com\/ismaelcolosi.com.br\/wp-content\/uploads\/2024\/08\/ACIDENTE_2024-08-03_17-21-12_jpg_2024-08-03_17-21-13.webp.webp?fit=1200%2C734&ssl=1&resize=525%2C300 1.5x, https:\/\/i0.wp.com\/ismaelcolosi.com.br\/wp-content\/uploads\/2024\/08\/ACIDENTE_2024-08-03_17-21-12_jpg_2024-08-03_17-21-13.webp.webp?fit=1200%2C734&ssl=1&resize=700%2C400 2x, https:\/\/i0.wp.com\/ismaelcolosi.com.br\/wp-content\/uploads\/2024\/08\/ACIDENTE_2024-08-03_17-21-12_jpg_2024-08-03_17-21-13.webp.webp?fit=1200%2C734&ssl=1&resize=1050%2C600 3x"},"classes":[]},{"id":59249,"url":"https:\/\/ismaelcolosi.com.br\/index.php\/2024\/08\/07\/motociclista-morre-apos-uma-semana-internado-por-conta-de-acidente-em-ribeirao-preto\/","url_meta":{"origin":58660,"position":3},"title":"Motociclista morre ap\u00f3s uma semana internado por conta de acidente em Ribeir\u00e3o Preto","author":"ismaelcolosi.com.br","date":"7 de August de 2024","format":false,"excerpt":"Um motociclista de 28 anos morreu, na \u00faltima ter\u00e7a-feira (6), ap\u00f3s uma semana internado por conta de um acidente de tr\u00e2nsito em Ribeir\u00e3o Preto. Segundo o BO (boletim de ocorr\u00eancia), a v\u00edtima pilotava uma moto quando foi atingido por um carro. O documento afirma que o jovem foi arremessado por\u2026","rel":"","context":"In &quot;Not\u00edcias de Ribeir\u00e3o Preto-SP e Regi\u00e3o&quot;","block_context":{"text":"Not\u00edcias de Ribeir\u00e3o Preto-SP e Regi\u00e3o","link":"https:\/\/ismaelcolosi.com.br\/index.php\/category\/noticias-de-ribeirao-preto-sp-e-regiao-ismael-colosi\/"},"img":{"alt_text":"","src":"https:\/\/i0.wp.com\/ismaelcolosi.com.br\/wp-content\/uploads\/2024\/08\/hc-ue.jpg?fit=733%2C414&ssl=1&resize=350%2C200","width":350,"height":200,"srcset":"https:\/\/i0.wp.com\/ismaelcolosi.com.br\/wp-content\/uploads\/2024\/08\/hc-ue.jpg?fit=733%2C414&ssl=1&resize=350%2C200 1x, https:\/\/i0.wp.com\/ismaelcolosi.com.br\/wp-content\/uploads\/2024\/08\/hc-ue.jpg?fit=733%2C414&ssl=1&resize=525%2C300 1.5x, https:\/\/i0.wp.com\/ismaelcolosi.com.br\/wp-content\/uploads\/2024\/08\/hc-ue.jpg?fit=733%2C414&ssl=1&resize=700%2C400 2x"},"classes":[]},{"id":49798,"url":"https:\/\/ismaelcolosi.com.br\/index.php\/2024\/05\/13\/motociclista-morre-em-acidente-na-anhanguera\/","url_meta":{"origin":58660,"position":4},"title":"Motociclista morre em acidente na Anhanguera","author":"ismaelcolosi.com.br","date":"13 de May de 2024","format":false,"excerpt":"Ap\u00f3s bater com sua moto, v\u00edtima caiu e foi atropelada por v\u00e1rios ve\u00edculos 13 de maio de 202413 Compartilhar2 Por: Adalberto Luque Um homem de 41 anos morreu, na noite deste domingo (12), depois de se envolver em um acidente com sua moto. Ele seguia pela Rodovia Anhanguera (SP-330), na\u2026","rel":"","context":"In &quot;Not\u00edcias de Ribeir\u00e3o Preto-SP e Regi\u00e3o&quot;","block_context":{"text":"Not\u00edcias de Ribeir\u00e3o Preto-SP e Regi\u00e3o","link":"https:\/\/ismaelcolosi.com.br\/index.php\/category\/noticias-de-ribeirao-preto-sp-e-regiao-ismael-colosi\/"},"img":{"alt_text":"","src":"https:\/\/i0.wp.com\/ismaelcolosi.com.br\/wp-content\/uploads\/2024\/05\/dupla_anhanguera-scaled-1.jpeg?fit=700%2C524&ssl=1&resize=350%2C200","width":350,"height":200,"srcset":"https:\/\/i0.wp.com\/ismaelcolosi.com.br\/wp-content\/uploads\/2024\/05\/dupla_anhanguera-scaled-1.jpeg?fit=700%2C524&ssl=1&resize=350%2C200 1x, https:\/\/i0.wp.com\/ismaelcolosi.com.br\/wp-content\/uploads\/2024\/05\/dupla_anhanguera-scaled-1.jpeg?fit=700%2C524&ssl=1&resize=525%2C300 1.5x, https:\/\/i0.wp.com\/ismaelcolosi.com.br\/wp-content\/uploads\/2024\/05\/dupla_anhanguera-scaled-1.jpeg?fit=700%2C524&ssl=1&resize=700%2C400 2x"},"classes":[]},{"id":36266,"url":"https:\/\/ismaelcolosi.com.br\/index.php\/2024\/02\/09\/motociclista-fica-ferido-em-colisao-na-v-seixas\/","url_meta":{"origin":58660,"position":5},"title":"Motociclista fica ferido em colis\u00e3o na V. Seixas","author":"ismaelcolosi.com.br","date":"9 de February de 2024","format":false,"excerpt":"Um dos ve\u00edculos envolvidos n\u00e3o teria respeitado a preferencial e causou o acidente 8 de fevereiro de 2024 | 16:25 2Por: Adalberto LuqueUm motociclista ficou ferido, na tarde desta quinta-feira (08), ap\u00f3s um acidente entre um carro e uma motocicleta. Segundo o Corpo de Bombeiros, houve a v\u00edtima do acidente\u2026","rel":"","context":"In &quot;Not\u00edcias de Ribeir\u00e3o Preto-SP e Regi\u00e3o&quot;","block_context":{"text":"Not\u00edcias de Ribeir\u00e3o Preto-SP e Regi\u00e3o","link":"https:\/\/ismaelcolosi.com.br\/index.php\/category\/noticias-de-ribeirao-preto-sp-e-regiao-ismael-colosi\/"},"img":{"alt_text":"","src":"https:\/\/i0.wp.com\/ismaelcolosi.com.br\/wp-content\/uploads\/2024\/02\/00-08-fev-2024-acidente-motociclista-foto-max-gallao-mesquita-scaled.jpg?fit=967%2C645&ssl=1&resize=350%2C200","width":350,"height":200,"srcset":"https:\/\/i0.wp.com\/ismaelcolosi.com.br\/wp-content\/uploads\/2024\/02\/00-08-fev-2024-acidente-motociclista-foto-max-gallao-mesquita-scaled.jpg?fit=967%2C645&ssl=1&resize=350%2C200 1x, https:\/\/i0.wp.com\/ismaelcolosi.com.br\/wp-content\/uploads\/2024\/02\/00-08-fev-2024-acidente-motociclista-foto-max-gallao-mesquita-scaled.jpg?fit=967%2C645&ssl=1&resize=525%2C300 1.5x, https:\/\/i0.wp.com\/ismaelcolosi.com.br\/wp-content\/uploads\/2024\/02\/00-08-fev-2024-acidente-motociclista-foto-max-gallao-mesquita-scaled.jpg?fit=967%2C645&ssl=1&resize=700%2C400 2x"},"classes":[]}],"jetpack_sharing_enabled":true,"jetpack_shortlink":"https:\/\/wp.me\/pfMlyK-fg8","_links":{"self":[{"href":"https:\/\/ismaelcolosi.com.br\/index.php\/wp-json\/wp\/v2\/posts\/58660","targetHints":{"allow":["GET"]}}],"collection":[{"href":"https:\/\/ismaelcolosi.com.br\/index.php\/wp-json\/wp\/v2\/posts"}],"about":[{"href":"https:\/\/ismaelcolosi.com.br\/index.php\/wp-json\/wp\/v2\/types\/post"}],"author":[{"embeddable":true,"href":"https:\/\/ismaelcolosi.com.br\/index.php\/wp-json\/wp\/v2\/users\/1"}],"replies":[{"embeddable":true,"href":"https:\/\/ismaelcolosi.com.br\/index.php\/wp-json\/wp\/v2\/comments?post=58660"}],"version-history":[{"count":0,"href":"https:\/\/ismaelcolosi.com.br\/index.php\/wp-json\/wp\/v2\/posts\/58660\/revisions"}],"wp:featuredmedia":[{"embeddable":true,"href":"https:\/\/ismaelcolosi.com.br\/index.php\/wp-json\/wp\/v2\/media\/58661"}],"wp:attachment":[{"href":"https:\/\/ismaelcolosi.com.br\/index.php\/wp-json\/wp\/v2\/media?parent=58660"}],"wp:term":[{"taxonomy":"category","embeddable":true,"href":"https:\/\/ismaelcolosi.com.br\/index.php\/wp-json\/wp\/v2\/categories?post=58660"},{"taxonomy":"post_tag","embeddable":true,"href":"https:\/\/ismaelcolosi.com.br\/index.php\/wp-json\/wp\/v2\/tags?post=58660"}],"curies":[{"name":"wp","href":"https:\/\/api.w.org\/{rel}","templated":true}]}}