{"id":58653,"date":"2024-08-01T13:47:27","date_gmt":"2024-08-01T16:47:27","guid":{"rendered":"https:\/\/ismaelcolosi.com.br\/index.php\/2024\/08\/01\/procon-abre-processo-seletivo-para-estudantes-do-interior-de-sp-vejas-as-cidades\/"},"modified":"2024-08-01T13:47:27","modified_gmt":"2024-08-01T16:47:27","slug":"procon-abre-processo-seletivo-para-estudantes-do-interior-de-sp-vejas-as-cidades","status":"publish","type":"post","link":"https:\/\/ismaelcolosi.com.br\/index.php\/2024\/08\/01\/procon-abre-processo-seletivo-para-estudantes-do-interior-de-sp-vejas-as-cidades\/","title":{"rendered":"Procon abre processo seletivo para estudantes do interior de SP; Vejas as cidades"},"content":{"rendered":"<p> <br \/>\n<\/p>\n<div>\n<p>O <strong>Procon do Estado de S\u00e3o Paulo<\/strong> est\u00e1 com <strong>inscri\u00e7\u00f5es abertas<\/strong> para <strong>processo seletivo<\/strong> destinado a <strong>estudantes do ensino m\u00e9dio<\/strong> e <strong>superior<\/strong>, com <strong>vagas<\/strong>, para cadastro reserva, na capital e no <strong>interior de S\u00e3o Paulo<\/strong>, incluindo <strong>Ribeir\u00e3o Preto<\/strong>.<\/p>\n<p>Os <strong>interessados<\/strong> devem se inscrever, exclusivamente, pelo<strong> site do CIEE <\/strong>(<a href=\"https:\/\/pp.ciee.org.br\/vitrine\/12510\/detalhe\" target=\"_blank\" rel=\"noreferrer noopener nofollow\">clique aqui<\/a>) at\u00e9 o dia <strong>19 de agosto<\/strong>.<\/p>\n<p>As <strong>oportunidades<\/strong> para <strong>alunos<\/strong>, a partir do 1\u00ba ano do<strong> ensino m\u00e9dio<\/strong>, s\u00e3o para: Presidente Prudente,<strong> Ribeir\u00e3o Preto<\/strong>, Santos, S\u00e3o Jos\u00e9 do Rio Preto e S\u00e3o Paulo. J\u00e1, as <strong>vagas<\/strong> para \u00a0estudantes do <strong>ensino superior<\/strong> s\u00e3o para a capital paulista.<\/p>\n<h2 class=\"wp-block-heading\"><strong>Sobre as vagas<\/strong><\/h2>\n<p><strong>Ensino M\u00e9dio (Interior de S\u00e3o Paulo e capital)<\/strong> \u2013 A<strong> bolsa-aux\u00edlio<\/strong> \u00e9 de <strong>R$ 475 <\/strong>para jornada de <strong>20h de trabalho<\/strong> e <strong>R$ 712,57<\/strong> para <strong>30h<\/strong>. Al\u00e9m disso, ser\u00e1 oferecido <strong>aux\u00edlio-transporte<\/strong> no valor de <strong>R$ 8,80 por dia<\/strong>.<\/p>\n<p><strong>Ensino Superior (somente capital)<\/strong> \u2013 A jornada de trabalho \u00e9 de <strong>30h semanais<\/strong> com uma <strong>bolsa de R$ 937,59<\/strong> e aux\u00edlio-transporte de R$ 8,80 di\u00e1rio.<\/p>\n<h2 class=\"wp-block-heading\"><strong>Provas e classifica\u00e7\u00e3o final<\/strong><\/h2>\n<p>As <strong>provas<\/strong>, que acontecer\u00e3o virtualmente, ter\u00e3o <strong>20 quest\u00f5es<\/strong> de l\u00edngua portuguesa e conhecimentos gerais.<\/p>\n<p>Os <strong>candidatos aprovados<\/strong> ter\u00e3o acesso a<strong> classifica\u00e7\u00e3o final <\/strong>no dia <strong>16 de setembro<\/strong>. O processo seletivo tem validade de 12 meses.<\/p>\n<p>SAIBA MAIS <\/p>\n<p>USP Ribeir\u00e3o Preto abre inscri\u00e7\u00f5es para atividades esportivas destinadas a crian\u00e7as<\/p>\n<h4 class=\"wp-block-heading\"><strong>FIQUE ON<\/strong><\/h4>\n<p>Fique ligado em tudo que acontece em Ribeir\u00e3o Preto e regi\u00e3o. Siga os perfis do\u00a0<strong>acidade on\u00a0<\/strong>no\u00a0<a href=\"https:\/\/www.instagram.com\/acidadeonribeirao\" target=\"_blank\" rel=\"noreferrer noopener\">Instagram<\/a>\u00a0e no\u00a0<a href=\"https:\/\/www.facebook.com\/acidadeonribeirao\" target=\"_blank\" rel=\"noreferrer noopener\">Facebook<\/a>.<\/p>\n<p>Receba not\u00edcias do acidade on no WhatsApp. Para entrar no grupo, basta\u00a0<a href=\"https:\/\/chat.whatsapp.com\/Dtv9mxhy6V5BJBotM2OQ5k\" target=\"_blank\" rel=\"noreferrer noopener\">clicar aqui<\/a>.<\/p>\n<p>Fa\u00e7a uma den\u00fancia ou sugira uma reportagem sobre Ribeir\u00e3o Preto e regi\u00e3o pelo WhatsApp: 16 99117 7802.<\/p>\n<p>VEJA TAMB\u00c9M<br \/>Quantas temporadas tem \u2018Brincando com Fogo\u2019?<\/p>\n<p><!-- CONTENT END 1 -->\n<\/div>\n<p><script async src=\"\/\/www.instagram.com\/embed.js\"><\/script><br \/>\n<br \/><br \/>\n<br \/><a href=\"https:\/\/www.acidadeon.com\/ribeiraopreto\/economia\/procon-abre-processo-seletivo-para-estudantes-do-interior-de-sp-vejas-as-cidades\/\">Source link <\/a><\/p>\n","protected":false},"excerpt":{"rendered":"<p>O Procon do Estado de S\u00e3o Paulo est\u00e1 com inscri\u00e7\u00f5es abertas para processo seletivo destinado a estudantes do ensino m\u00e9dio e superior, com vagas, para&#8230;<\/p>\n","protected":false},"author":1,"featured_media":58654,"comment_status":"open","ping_status":"open","sticky":false,"template":"","format":"standard","meta":{"_uag_custom_page_level_css":"","advanced_seo_description":"","jetpack_seo_html_title":"","jetpack_seo_noindex":false,"jetpack_post_was_ever_published":false,"_jetpack_newsletter_access":"","_jetpack_dont_email_post_to_subs":false,"_jetpack_newsletter_tier_id":0,"_jetpack_memberships_contains_paywalled_content":false,"_jetpack_memberships_contains_paid_content":false,"footnotes":"","jetpack_publicize_message":"","jetpack_publicize_feature_enabled":true,"jetpack_social_post_already_shared":true,"jetpack_social_options":{"image_generator_settings":{"template":"highway","default_image_id":0,"font":"","enabled":false},"version":2}},"categories":[11],"tags":[],"class_list":["post-58653","post","type-post","status-publish","format-standard","has-post-thumbnail","hentry","category-noticias-de-ribeirao-preto-sp-e-regiao-ismael-colosi"],"jetpack_publicize_connections":[],"jetpack_featured_media_url":"https:\/\/i0.wp.com\/ismaelcolosi.com.br\/wp-content\/uploads\/2024\/08\/Copia-de-Copia-de-TAMANHO-EXATO-PARA-FOTOS-NO-SISTEMA-NOVO-20_2024-08-01_16-32-51_jpg_2024-08-01_16-32-51.webp.webp?fit=1200%2C675&ssl=1","uagb_featured_image_src":{"full":["https:\/\/i0.wp.com\/ismaelcolosi.com.br\/wp-content\/uploads\/2024\/08\/Copia-de-Copia-de-TAMANHO-EXATO-PARA-FOTOS-NO-SISTEMA-NOVO-20_2024-08-01_16-32-51_jpg_2024-08-01_16-32-51.webp.webp?fit=1200%2C675&ssl=1",1200,675,false],"thumbnail":["https:\/\/i0.wp.com\/ismaelcolosi.com.br\/wp-content\/uploads\/2024\/08\/Copia-de-Copia-de-TAMANHO-EXATO-PARA-FOTOS-NO-SISTEMA-NOVO-20_2024-08-01_16-32-51_jpg_2024-08-01_16-32-51.webp.webp?resize=150%2C150&ssl=1",150,150,true],"medium":["https:\/\/i0.wp.com\/ismaelcolosi.com.br\/wp-content\/uploads\/2024\/08\/Copia-de-Copia-de-TAMANHO-EXATO-PARA-FOTOS-NO-SISTEMA-NOVO-20_2024-08-01_16-32-51_jpg_2024-08-01_16-32-51.webp.webp?fit=300%2C169&ssl=1",300,169,true],"medium_large":["https:\/\/i0.wp.com\/ismaelcolosi.com.br\/wp-content\/uploads\/2024\/08\/Copia-de-Copia-de-TAMANHO-EXATO-PARA-FOTOS-NO-SISTEMA-NOVO-20_2024-08-01_16-32-51_jpg_2024-08-01_16-32-51.webp.webp?fit=768%2C432&ssl=1",768,432,true],"large":["https:\/\/i0.wp.com\/ismaelcolosi.com.br\/wp-content\/uploads\/2024\/08\/Copia-de-Copia-de-TAMANHO-EXATO-PARA-FOTOS-NO-SISTEMA-NOVO-20_2024-08-01_16-32-51_jpg_2024-08-01_16-32-51.webp.webp?fit=1024%2C576&ssl=1",1024,576,true],"1536x1536":["https:\/\/i0.wp.com\/ismaelcolosi.com.br\/wp-content\/uploads\/2024\/08\/Copia-de-Copia-de-TAMANHO-EXATO-PARA-FOTOS-NO-SISTEMA-NOVO-20_2024-08-01_16-32-51_jpg_2024-08-01_16-32-51.webp.webp?fit=1200%2C675&ssl=1",1200,675,true],"2048x2048":["https:\/\/i0.wp.com\/ismaelcolosi.com.br\/wp-content\/uploads\/2024\/08\/Copia-de-Copia-de-TAMANHO-EXATO-PARA-FOTOS-NO-SISTEMA-NOVO-20_2024-08-01_16-32-51_jpg_2024-08-01_16-32-51.webp.webp?fit=1200%2C675&ssl=1",1200,675,true],"really-simple-thumb":["https:\/\/i0.wp.com\/ismaelcolosi.com.br\/wp-content\/uploads\/2024\/08\/Copia-de-Copia-de-TAMANHO-EXATO-PARA-FOTOS-NO-SISTEMA-NOVO-20_2024-08-01_16-32-51_jpg_2024-08-01_16-32-51.webp.webp?resize=370%2C247&ssl=1",370,247,true]},"uagb_author_info":{"display_name":"ismaelcolosi.com.br","author_link":"https:\/\/ismaelcolosi.com.br\/index.php\/author\/vidareal-online\/"},"uagb_comment_info":0,"uagb_excerpt":"O Procon do Estado de S\u00e3o Paulo est\u00e1 com inscri\u00e7\u00f5es abertas para processo seletivo destinado a estudantes do ensino m\u00e9dio e superior, com vagas, para...","jetpack-related-posts":[{"id":35543,"url":"https:\/\/ismaelcolosi.com.br\/index.php\/2024\/02\/06\/procon-sp-tem-processo-seletivo-de-estagio-com-vagas-em-ribeirao-preto\/","url_meta":{"origin":58653,"position":0},"title":"Procon-SP tem processo seletivo de est\u00e1gio com vagas em Ribeir\u00e3o Preto","author":"ismaelcolosi.com.br","date":"6 de February de 2024","format":false,"excerpt":"O Procon-SP abriu processo seletivo para contrata\u00e7\u00e3o de estagi\u00e1rios com vagas em todo o Estado de S\u00e3o Paulo, incluindo Ribeir\u00e3o Preto. As oportunidades s\u00e3o para estudantes de n\u00edvel m\u00e9dio e superior. As inscri\u00e7\u00f5es dever\u00e3o ser realizadas pela internet, no site do Ciee (clique aqui), no per\u00edodo entre 8 e 28\u2026","rel":"","context":"In &quot;Not\u00edcias de Ribeir\u00e3o Preto-SP e Regi\u00e3o&quot;","block_context":{"text":"Not\u00edcias de Ribeir\u00e3o Preto-SP e Regi\u00e3o","link":"https:\/\/ismaelcolosi.com.br\/index.php\/category\/noticias-de-ribeirao-preto-sp-e-regiao-ismael-colosi\/"},"img":{"alt_text":"","src":"https:\/\/i0.wp.com\/ismaelcolosi.com.br\/wp-content\/uploads\/2024\/02\/estagio.jpg?fit=1200%2C800&ssl=1&resize=350%2C200","width":350,"height":200,"srcset":"https:\/\/i0.wp.com\/ismaelcolosi.com.br\/wp-content\/uploads\/2024\/02\/estagio.jpg?fit=1200%2C800&ssl=1&resize=350%2C200 1x, https:\/\/i0.wp.com\/ismaelcolosi.com.br\/wp-content\/uploads\/2024\/02\/estagio.jpg?fit=1200%2C800&ssl=1&resize=525%2C300 1.5x, https:\/\/i0.wp.com\/ismaelcolosi.com.br\/wp-content\/uploads\/2024\/02\/estagio.jpg?fit=1200%2C800&ssl=1&resize=700%2C400 2x, https:\/\/i0.wp.com\/ismaelcolosi.com.br\/wp-content\/uploads\/2024\/02\/estagio.jpg?fit=1200%2C800&ssl=1&resize=1050%2C600 3x"},"classes":[]},{"id":36318,"url":"https:\/\/ismaelcolosi.com.br\/index.php\/2024\/02\/09\/procon-sp-abre-inscricoes-para-estagio\/","url_meta":{"origin":58653,"position":1},"title":"Procon-SP abre inscri\u00e7\u00f5es para est\u00e1gio","author":"ismaelcolosi.com.br","date":"9 de February de 2024","format":false,"excerpt":"Da reda\u00e7\u00e3oi Da reda\u00e7\u00e3o 09\/02\/2024 - 8:25 O Procon-SP, atrav\u00e9s do Centro de Integra\u00e7\u00e3o Empresa Escola \u2013 CIEE, vai abrir inscri\u00e7\u00f5es online para processo seletivo de est\u00e1gio para forma\u00e7\u00e3o de cadastro de reserva tanto para a Capital quanto para o Interior e Litoral. As inscri\u00e7\u00f5es ser\u00e3o somente pela internet diretamente\u2026","rel":"","context":"In &quot;Empregos - Classificados&quot;","block_context":{"text":"Empregos - Classificados","link":"https:\/\/ismaelcolosi.com.br\/index.php\/category\/empregos-classificados-vagas-trabalho\/"},"img":{"alt_text":"","src":"https:\/\/i0.wp.com\/ismaelcolosi.com.br\/wp-content\/uploads\/2024\/02\/atendimentopessoal-1024x684-1.jpeg?fit=1024%2C684&ssl=1&resize=350%2C200","width":350,"height":200,"srcset":"https:\/\/i0.wp.com\/ismaelcolosi.com.br\/wp-content\/uploads\/2024\/02\/atendimentopessoal-1024x684-1.jpeg?fit=1024%2C684&ssl=1&resize=350%2C200 1x, https:\/\/i0.wp.com\/ismaelcolosi.com.br\/wp-content\/uploads\/2024\/02\/atendimentopessoal-1024x684-1.jpeg?fit=1024%2C684&ssl=1&resize=525%2C300 1.5x, https:\/\/i0.wp.com\/ismaelcolosi.com.br\/wp-content\/uploads\/2024\/02\/atendimentopessoal-1024x684-1.jpeg?fit=1024%2C684&ssl=1&resize=700%2C400 2x"},"classes":[]},{"id":57791,"url":"https:\/\/ismaelcolosi.com.br\/index.php\/2024\/07\/24\/cdhu-abre-processo-seletivo-para-estagio-no-interior-de-sp-veja-onde\/","url_meta":{"origin":58653,"position":2},"title":"CDHU abre processo seletivo para est\u00e1gio no interior de SP; Veja onde","author":"ismaelcolosi.com.br","date":"24 de July de 2024","format":false,"excerpt":"A CDHU (Companhia de Desenvolvimento Habitacional e Urbano) abriu processo seletivo para contrata\u00e7\u00e3o de estudantes do ensino superior. Ao todo, s\u00e3o 39 vagas distribu\u00eddas pela capital e interior de S\u00e3o Paulo, entre os munic\u00edpios est\u00e1 Ribeir\u00e3o Preto (veja abaixo). Os interessados devem se inscrever de forma on-line pelo link (clique\u2026","rel":"","context":"In &quot;Not\u00edcias de Ribeir\u00e3o Preto-SP e Regi\u00e3o&quot;","block_context":{"text":"Not\u00edcias de Ribeir\u00e3o Preto-SP e Regi\u00e3o","link":"https:\/\/ismaelcolosi.com.br\/index.php\/category\/noticias-de-ribeirao-preto-sp-e-regiao-ismael-colosi\/"},"img":{"alt_text":"","src":"https:\/\/i0.wp.com\/ismaelcolosi.com.br\/wp-content\/uploads\/2024\/07\/Copia-de-Copia-de-TAMANHO-EXATO-PARA-FOTOS-NO-SISTEMA-NOVO-21_2024-07-24_17-48-57_jpg_2024-07-24_17-48-57.webp.webp?fit=1200%2C675&ssl=1&resize=350%2C200","width":350,"height":200,"srcset":"https:\/\/i0.wp.com\/ismaelcolosi.com.br\/wp-content\/uploads\/2024\/07\/Copia-de-Copia-de-TAMANHO-EXATO-PARA-FOTOS-NO-SISTEMA-NOVO-21_2024-07-24_17-48-57_jpg_2024-07-24_17-48-57.webp.webp?fit=1200%2C675&ssl=1&resize=350%2C200 1x, https:\/\/i0.wp.com\/ismaelcolosi.com.br\/wp-content\/uploads\/2024\/07\/Copia-de-Copia-de-TAMANHO-EXATO-PARA-FOTOS-NO-SISTEMA-NOVO-21_2024-07-24_17-48-57_jpg_2024-07-24_17-48-57.webp.webp?fit=1200%2C675&ssl=1&resize=525%2C300 1.5x, https:\/\/i0.wp.com\/ismaelcolosi.com.br\/wp-content\/uploads\/2024\/07\/Copia-de-Copia-de-TAMANHO-EXATO-PARA-FOTOS-NO-SISTEMA-NOVO-21_2024-07-24_17-48-57_jpg_2024-07-24_17-48-57.webp.webp?fit=1200%2C675&ssl=1&resize=700%2C400 2x, https:\/\/i0.wp.com\/ismaelcolosi.com.br\/wp-content\/uploads\/2024\/07\/Copia-de-Copia-de-TAMANHO-EXATO-PARA-FOTOS-NO-SISTEMA-NOVO-21_2024-07-24_17-48-57_jpg_2024-07-24_17-48-57.webp.webp?fit=1200%2C675&ssl=1&resize=1050%2C600 3x"},"classes":[]},{"id":38520,"url":"https:\/\/ismaelcolosi.com.br\/index.php\/2024\/02\/20\/sassom-de-ribeirao-preto-tem-processo-seletivo-para-diversas-areas-confira\/","url_meta":{"origin":58653,"position":3},"title":"Sassom de Ribeir\u00e3o Preto tem processo seletivo para diversas \u00e1reas; Confira","author":"ismaelcolosi.com.br","date":"20 de February de 2024","format":false,"excerpt":"O Sassom (Servi\u00e7o de Assist\u00eancia \u00e0 Sa\u00fade dos Municipi\u00e1rios de Ribeir\u00e3o Preto) abriu processo seletivo para contrata\u00e7\u00e3o de estagi\u00e1rios em diversas \u00e1reas. As oportunidades s\u00e3o para estudantes de n\u00edvel m\u00e9dio, t\u00e9cnico e superior. As inscri\u00e7\u00f5es devem ser realizadas no portal do Ciee (clique aqui) no per\u00edodo entre 26 de fevereiro\u2026","rel":"","context":"In &quot;Not\u00edcias de Ribeir\u00e3o Preto-SP e Regi\u00e3o&quot;","block_context":{"text":"Not\u00edcias de Ribeir\u00e3o Preto-SP e Regi\u00e3o","link":"https:\/\/ismaelcolosi.com.br\/index.php\/category\/noticias-de-ribeirao-preto-sp-e-regiao-ismael-colosi\/"},"img":{"alt_text":"","src":"https:\/\/i0.wp.com\/ismaelcolosi.com.br\/wp-content\/uploads\/2024\/02\/1708446430_entrevista-de-emprego.jpg?fit=1200%2C800&ssl=1&resize=350%2C200","width":350,"height":200,"srcset":"https:\/\/i0.wp.com\/ismaelcolosi.com.br\/wp-content\/uploads\/2024\/02\/1708446430_entrevista-de-emprego.jpg?fit=1200%2C800&ssl=1&resize=350%2C200 1x, https:\/\/i0.wp.com\/ismaelcolosi.com.br\/wp-content\/uploads\/2024\/02\/1708446430_entrevista-de-emprego.jpg?fit=1200%2C800&ssl=1&resize=525%2C300 1.5x, https:\/\/i0.wp.com\/ismaelcolosi.com.br\/wp-content\/uploads\/2024\/02\/1708446430_entrevista-de-emprego.jpg?fit=1200%2C800&ssl=1&resize=700%2C400 2x, https:\/\/i0.wp.com\/ismaelcolosi.com.br\/wp-content\/uploads\/2024\/02\/1708446430_entrevista-de-emprego.jpg?fit=1200%2C800&ssl=1&resize=1050%2C600 3x"},"classes":[]},{"id":54795,"url":"https:\/\/ismaelcolosi.com.br\/index.php\/2024\/06\/27\/ultimos-dias-para-inscricoes-de-estagio-no-tre-sp-com-vagas-no-interior-de-sao-paulo\/","url_meta":{"origin":58653,"position":4},"title":"\u00daltimos dias para inscri\u00e7\u00f5es de est\u00e1gio no TRE-SP com vagas no interior de S\u00e3o Paulo","author":"ismaelcolosi.com.br","date":"27 de June de 2024","format":false,"excerpt":"As inscri\u00e7\u00f5es para o processo seletivo de est\u00e1gio no TRE-SP (Tribunal Regional Eleitoral de S\u00e3o Paulo), com 124 vagas no interior de S\u00e3o Paulo, terminam no pr\u00f3ximo domingo (30). Entre as oportunidades, para estudantes de n\u00edvel m\u00e9dio, h\u00e1 vagas para 24 cidades da regi\u00e3o de Ribeir\u00e3o Preto (veja abaixo). Os\u2026","rel":"","context":"In &quot;Not\u00edcias de Ribeir\u00e3o Preto-SP e Regi\u00e3o&quot;","block_context":{"text":"Not\u00edcias de Ribeir\u00e3o Preto-SP e Regi\u00e3o","link":"https:\/\/ismaelcolosi.com.br\/index.php\/category\/noticias-de-ribeirao-preto-sp-e-regiao-ismael-colosi\/"},"img":{"alt_text":"","src":"https:\/\/i0.wp.com\/ismaelcolosi.com.br\/wp-content\/uploads\/2024\/06\/Copia-de-Copia-de-TAMANHO-EXATO-PARA-FOTOS-NO-SISTEMA-NOVO-22_2024-06-27_20-47-10_jpg_2024-06-27_20-47-10.webp.webp?fit=1200%2C675&ssl=1&resize=350%2C200","width":350,"height":200,"srcset":"https:\/\/i0.wp.com\/ismaelcolosi.com.br\/wp-content\/uploads\/2024\/06\/Copia-de-Copia-de-TAMANHO-EXATO-PARA-FOTOS-NO-SISTEMA-NOVO-22_2024-06-27_20-47-10_jpg_2024-06-27_20-47-10.webp.webp?fit=1200%2C675&ssl=1&resize=350%2C200 1x, https:\/\/i0.wp.com\/ismaelcolosi.com.br\/wp-content\/uploads\/2024\/06\/Copia-de-Copia-de-TAMANHO-EXATO-PARA-FOTOS-NO-SISTEMA-NOVO-22_2024-06-27_20-47-10_jpg_2024-06-27_20-47-10.webp.webp?fit=1200%2C675&ssl=1&resize=525%2C300 1.5x, https:\/\/i0.wp.com\/ismaelcolosi.com.br\/wp-content\/uploads\/2024\/06\/Copia-de-Copia-de-TAMANHO-EXATO-PARA-FOTOS-NO-SISTEMA-NOVO-22_2024-06-27_20-47-10_jpg_2024-06-27_20-47-10.webp.webp?fit=1200%2C675&ssl=1&resize=700%2C400 2x, https:\/\/i0.wp.com\/ismaelcolosi.com.br\/wp-content\/uploads\/2024\/06\/Copia-de-Copia-de-TAMANHO-EXATO-PARA-FOTOS-NO-SISTEMA-NOVO-22_2024-06-27_20-47-10_jpg_2024-06-27_20-47-10.webp.webp?fit=1200%2C675&ssl=1&resize=1050%2C600 3x"},"classes":[]},{"id":42492,"url":"https:\/\/ismaelcolosi.com.br\/index.php\/2024\/03\/14\/inscricoes-abertas-para-agentes-da-rede-estadual-de-ensino-em-ribeirao-preto\/","url_meta":{"origin":58653,"position":5},"title":"Inscri\u00e7\u00f5es abertas para agentes da rede estadual de ensino em Ribeir\u00e3o Preto","author":"ismaelcolosi.com.br","date":"14 de March de 2024","format":false,"excerpt":"A Diretoria de Ensino da Regi\u00e3o de Ribeir\u00e3o Preto abriu nesta quinta-feira (14) as inscri\u00e7\u00f5es para os interessados em participar do processo seletivo que oferece 179 vagas para agentes de organiza\u00e7\u00e3o escolar, em regime de contrata\u00e7\u00e3o tempor\u00e1ria. As inscri\u00e7\u00f5es s\u00e3o gratuitas e v\u00e3o at\u00e9 dia 27 de mar\u00e7o. Para participar\u2026","rel":"","context":"In &quot;Not\u00edcias de Ribeir\u00e3o Preto-SP e Regi\u00e3o&quot;","block_context":{"text":"Not\u00edcias de Ribeir\u00e3o Preto-SP e Regi\u00e3o","link":"https:\/\/ismaelcolosi.com.br\/index.php\/category\/noticias-de-ribeirao-preto-sp-e-regiao-ismael-colosi\/"},"img":{"alt_text":"","src":"https:\/\/i0.wp.com\/ismaelcolosi.com.br\/wp-content\/uploads\/2024\/03\/1710454113_Capturar-3.jpg?fit=874%2C525&ssl=1&resize=350%2C200","width":350,"height":200,"srcset":"https:\/\/i0.wp.com\/ismaelcolosi.com.br\/wp-content\/uploads\/2024\/03\/1710454113_Capturar-3.jpg?fit=874%2C525&ssl=1&resize=350%2C200 1x, https:\/\/i0.wp.com\/ismaelcolosi.com.br\/wp-content\/uploads\/2024\/03\/1710454113_Capturar-3.jpg?fit=874%2C525&ssl=1&resize=525%2C300 1.5x, https:\/\/i0.wp.com\/ismaelcolosi.com.br\/wp-content\/uploads\/2024\/03\/1710454113_Capturar-3.jpg?fit=874%2C525&ssl=1&resize=700%2C400 2x"},"classes":[]}],"jetpack_sharing_enabled":true,"jetpack_shortlink":"https:\/\/wp.me\/pfMlyK-fg1","_links":{"self":[{"href":"https:\/\/ismaelcolosi.com.br\/index.php\/wp-json\/wp\/v2\/posts\/58653","targetHints":{"allow":["GET"]}}],"collection":[{"href":"https:\/\/ismaelcolosi.com.br\/index.php\/wp-json\/wp\/v2\/posts"}],"about":[{"href":"https:\/\/ismaelcolosi.com.br\/index.php\/wp-json\/wp\/v2\/types\/post"}],"author":[{"embeddable":true,"href":"https:\/\/ismaelcolosi.com.br\/index.php\/wp-json\/wp\/v2\/users\/1"}],"replies":[{"embeddable":true,"href":"https:\/\/ismaelcolosi.com.br\/index.php\/wp-json\/wp\/v2\/comments?post=58653"}],"version-history":[{"count":0,"href":"https:\/\/ismaelcolosi.com.br\/index.php\/wp-json\/wp\/v2\/posts\/58653\/revisions"}],"wp:featuredmedia":[{"embeddable":true,"href":"https:\/\/ismaelcolosi.com.br\/index.php\/wp-json\/wp\/v2\/media\/58654"}],"wp:attachment":[{"href":"https:\/\/ismaelcolosi.com.br\/index.php\/wp-json\/wp\/v2\/media?parent=58653"}],"wp:term":[{"taxonomy":"category","embeddable":true,"href":"https:\/\/ismaelcolosi.com.br\/index.php\/wp-json\/wp\/v2\/categories?post=58653"},{"taxonomy":"post_tag","embeddable":true,"href":"https:\/\/ismaelcolosi.com.br\/index.php\/wp-json\/wp\/v2\/tags?post=58653"}],"curies":[{"name":"wp","href":"https:\/\/api.w.org\/{rel}","templated":true}]}}