{"id":58647,"date":"2024-08-01T13:17:54","date_gmt":"2024-08-01T16:17:54","guid":{"rendered":"https:\/\/ismaelcolosi.com.br\/index.php\/2024\/08\/01\/usp-ribeirao-preto-abre-inscricoes-para-atividades-esportivas-destinadas-a-criancas\/"},"modified":"2024-08-01T13:17:54","modified_gmt":"2024-08-01T16:17:54","slug":"usp-ribeirao-preto-abre-inscricoes-para-atividades-esportivas-destinadas-a-criancas","status":"publish","type":"post","link":"https:\/\/ismaelcolosi.com.br\/index.php\/2024\/08\/01\/usp-ribeirao-preto-abre-inscricoes-para-atividades-esportivas-destinadas-a-criancas\/","title":{"rendered":"USP Ribeir\u00e3o Preto abre inscri\u00e7\u00f5es para atividades esportivas destinadas a crian\u00e7as"},"content":{"rendered":"<p> <br \/>\n<\/p>\n<div data-td-block-uid=\"tdi_106\">\n<div class=\"tdb-block-inner td-fix-index\">\n<p>A <strong>USP<\/strong> (Universidade de S\u00e3o Paulo) de <strong>Ribeir\u00e3o Preto<\/strong>, por meio da <strong>Escola de Educa\u00e7\u00e3o F\u00edsica e Esportes<\/strong>, est\u00e1 com <strong>inscri\u00e7\u00f5es abertas<\/strong> para <strong>aulas gratuitas<\/strong> de <strong>diversas modalidades esportivas<\/strong>, destinadas a crian\u00e7as, de <strong>7 a 10 anos de idade<\/strong>. As <strong>vagas s\u00e3o limitadas<\/strong>.<\/p>\n<p>Para se inscrever no <strong>projeto<\/strong> \u201cEscolinha Multiesportes\u201d \u00e9 preciso fazer a<strong> inscri\u00e7\u00e3o preenchendo um formul\u00e1rio on-line<\/strong> (<a href=\"https:\/\/docs.google.com\/forms\/d\/e\/1FAIpQLSeMSnVfzcnp4stL_3121EigZi5wRd8HcesLDgXchYyWyHQTFw\/viewform\" target=\"_blank\" rel=\"noreferrer noopener nofollow\">clique aqui<\/a>).<\/p>\n<p>Todas as <strong>aulas<\/strong> ser\u00e3o no<strong> gin\u00e1sio poliesportivo<\/strong> da Escola de Educa\u00e7\u00e3o F\u00edsica e Esportes, de <strong>6 de agosto<\/strong> a <strong>19 de dezembro<\/strong>. As <strong>atividades<\/strong> ser\u00e3o \u00e0s <strong>ter\u00e7as e quintas-feiras<\/strong>, das <strong>15h \u00e0s 16h<\/strong>.<\/p>\n<p>Confira as modalidades oferecidas no projeto:<\/p>\n<ul>\n<li>handebol<\/li>\n<li>basquetebol<\/li>\n<li>voleibol<\/li>\n<li>floorball<\/li>\n<li>futsal<\/li>\n<\/ul>\n<p>Para mais informa\u00e7\u00f5es, o respons\u00e1vel pelo projeto disponibilizou o e-mail ccex90@usp.br.<\/p>\n<p>SAIBA MAIS <\/p>\n<p>Feira do Livro de Ribeir\u00e3o Preto recebe pe\u00e7a teatral gratuita sobre sustentabilidade<\/p>\n<h4 class=\"wp-block-heading\"><strong>FIQUE ON<\/strong><\/h4>\n<p>Fique ligado em tudo que acontece em Ribeir\u00e3o Preto e regi\u00e3o. Siga os perfis do\u00a0<strong>acidade on\u00a0<\/strong>no\u00a0<a href=\"https:\/\/www.instagram.com\/acidadeonribeirao\" target=\"_blank\" rel=\"noreferrer noopener\">Instagram<\/a>\u00a0e no\u00a0<a href=\"https:\/\/www.facebook.com\/acidadeonribeirao\" target=\"_blank\" rel=\"noreferrer noopener\">Facebook<\/a>.<\/p>\n<p>Receba not\u00edcias do acidade on no WhatsApp. Para entrar no grupo, basta\u00a0<a href=\"https:\/\/chat.whatsapp.com\/Dtv9mxhy6V5BJBotM2OQ5k\" target=\"_blank\" rel=\"noreferrer noopener\">clicar aqui<\/a>.<\/p>\n<p>Fa\u00e7a uma den\u00fancia ou sugira uma reportagem sobre Ribeir\u00e3o Preto e regi\u00e3o pelo WhatsApp: 16 99117 7802.<\/p>\n<p>VEJA TAMB\u00c9M<br \/>Quantas temporadas tem \u2018Brincando com Fogo\u2019?<\/p>\n<p><!-- CONTENT END 1 -->\n<\/div>\n<\/div>\n<p><script async src=\"\/\/www.instagram.com\/embed.js\"><\/script><br \/>\n<br \/><br \/>\n<br \/><a href=\"https:\/\/www.acidadeon.com\/ribeiraopreto\/esportes\/usp-ribeirao-preto-abre-inscricoes-para-atividades-esportivas-destinadas-criancas\/\">Source link <\/a><\/p>\n","protected":false},"excerpt":{"rendered":"<p>A USP (Universidade de S\u00e3o Paulo) de Ribeir\u00e3o Preto, por meio da Escola de Educa\u00e7\u00e3o F\u00edsica e Esportes, est\u00e1 com inscri\u00e7\u00f5es abertas para aulas gratuitas&#8230;<\/p>\n","protected":false},"author":1,"featured_media":58648,"comment_status":"open","ping_status":"open","sticky":false,"template":"","format":"standard","meta":{"_uag_custom_page_level_css":"","advanced_seo_description":"","jetpack_seo_html_title":"","jetpack_seo_noindex":false,"jetpack_post_was_ever_published":false,"_jetpack_newsletter_access":"","_jetpack_dont_email_post_to_subs":false,"_jetpack_newsletter_tier_id":0,"_jetpack_memberships_contains_paywalled_content":false,"_jetpack_memberships_contains_paid_content":false,"footnotes":"","jetpack_publicize_message":"","jetpack_publicize_feature_enabled":true,"jetpack_social_post_already_shared":true,"jetpack_social_options":{"image_generator_settings":{"template":"highway","default_image_id":0,"font":"","enabled":false},"version":2}},"categories":[11],"tags":[],"class_list":["post-58647","post","type-post","status-publish","format-standard","has-post-thumbnail","hentry","category-noticias-de-ribeirao-preto-sp-e-regiao-ismael-colosi"],"jetpack_publicize_connections":[],"jetpack_featured_media_url":"https:\/\/i0.wp.com\/ismaelcolosi.com.br\/wp-content\/uploads\/2024\/08\/Copia-de-Copia-de-TAMANHO-EXATO-PARA-FOTOS-NO-SISTEMA-NOVO-2_2024-08-01_15-44-56_png_2024-08-01_15-44-56.webp.webp?fit=1200%2C675&ssl=1","uagb_featured_image_src":{"full":["https:\/\/i0.wp.com\/ismaelcolosi.com.br\/wp-content\/uploads\/2024\/08\/Copia-de-Copia-de-TAMANHO-EXATO-PARA-FOTOS-NO-SISTEMA-NOVO-2_2024-08-01_15-44-56_png_2024-08-01_15-44-56.webp.webp?fit=1200%2C675&ssl=1",1200,675,false],"thumbnail":["https:\/\/i0.wp.com\/ismaelcolosi.com.br\/wp-content\/uploads\/2024\/08\/Copia-de-Copia-de-TAMANHO-EXATO-PARA-FOTOS-NO-SISTEMA-NOVO-2_2024-08-01_15-44-56_png_2024-08-01_15-44-56.webp.webp?resize=150%2C150&ssl=1",150,150,true],"medium":["https:\/\/i0.wp.com\/ismaelcolosi.com.br\/wp-content\/uploads\/2024\/08\/Copia-de-Copia-de-TAMANHO-EXATO-PARA-FOTOS-NO-SISTEMA-NOVO-2_2024-08-01_15-44-56_png_2024-08-01_15-44-56.webp.webp?fit=300%2C169&ssl=1",300,169,true],"medium_large":["https:\/\/i0.wp.com\/ismaelcolosi.com.br\/wp-content\/uploads\/2024\/08\/Copia-de-Copia-de-TAMANHO-EXATO-PARA-FOTOS-NO-SISTEMA-NOVO-2_2024-08-01_15-44-56_png_2024-08-01_15-44-56.webp.webp?fit=768%2C432&ssl=1",768,432,true],"large":["https:\/\/i0.wp.com\/ismaelcolosi.com.br\/wp-content\/uploads\/2024\/08\/Copia-de-Copia-de-TAMANHO-EXATO-PARA-FOTOS-NO-SISTEMA-NOVO-2_2024-08-01_15-44-56_png_2024-08-01_15-44-56.webp.webp?fit=1024%2C576&ssl=1",1024,576,true],"1536x1536":["https:\/\/i0.wp.com\/ismaelcolosi.com.br\/wp-content\/uploads\/2024\/08\/Copia-de-Copia-de-TAMANHO-EXATO-PARA-FOTOS-NO-SISTEMA-NOVO-2_2024-08-01_15-44-56_png_2024-08-01_15-44-56.webp.webp?fit=1200%2C675&ssl=1",1200,675,true],"2048x2048":["https:\/\/i0.wp.com\/ismaelcolosi.com.br\/wp-content\/uploads\/2024\/08\/Copia-de-Copia-de-TAMANHO-EXATO-PARA-FOTOS-NO-SISTEMA-NOVO-2_2024-08-01_15-44-56_png_2024-08-01_15-44-56.webp.webp?fit=1200%2C675&ssl=1",1200,675,true],"really-simple-thumb":["https:\/\/i0.wp.com\/ismaelcolosi.com.br\/wp-content\/uploads\/2024\/08\/Copia-de-Copia-de-TAMANHO-EXATO-PARA-FOTOS-NO-SISTEMA-NOVO-2_2024-08-01_15-44-56_png_2024-08-01_15-44-56.webp.webp?resize=370%2C247&ssl=1",370,247,true]},"uagb_author_info":{"display_name":"ismaelcolosi.com.br","author_link":"https:\/\/ismaelcolosi.com.br\/index.php\/author\/vidareal-online\/"},"uagb_comment_info":0,"uagb_excerpt":"A USP (Universidade de S\u00e3o Paulo) de Ribeir\u00e3o Preto, por meio da Escola de Educa\u00e7\u00e3o F\u00edsica e Esportes, est\u00e1 com inscri\u00e7\u00f5es abertas para aulas gratuitas...","jetpack-related-posts":[{"id":36486,"url":"https:\/\/ismaelcolosi.com.br\/index.php\/2024\/02\/09\/natacao-ballet-e-circo-usp-esta-com-inscricoes-abertas-para-atividades-na-escola-de-educacao-fisica\/","url_meta":{"origin":58647,"position":0},"title":"Nata\u00e7\u00e3o, Ballet e Circo: USP est\u00e1 com inscri\u00e7\u00f5es abertas para atividades na Escola de Educa\u00e7\u00e3o F\u00edsica\u00a0","author":"ismaelcolosi.com.br","date":"9 de February de 2024","format":false,"excerpt":"A Escola de Educa\u00e7\u00e3o F\u00edsica e Esporte de Ribeir\u00e3o Preto (EEFERP) da USP (Universidade de S\u00e3o Paulo) est\u00e1 com inscri\u00e7\u00f5es abertas para v\u00e1rias atividades e cursos para a comunidade. Podem participar crian\u00e7as, adolescentes e adultos. Entre as op\u00e7\u00f5es est\u00e3o: Nata\u00e7\u00e3o, Ballet Cl\u00e1ssico, Atividades Circense, Dan\u00e7a do Ventre entre outros. Para\u2026","rel":"","context":"In &quot;Not\u00edcias de Ribeir\u00e3o Preto-SP e Regi\u00e3o&quot;","block_context":{"text":"Not\u00edcias de Ribeir\u00e3o Preto-SP e Regi\u00e3o","link":"https:\/\/ismaelcolosi.com.br\/index.php\/category\/noticias-de-ribeirao-preto-sp-e-regiao-ismael-colosi\/"},"img":{"alt_text":"","src":"https:\/\/i0.wp.com\/ismaelcolosi.com.br\/wp-content\/uploads\/2024\/02\/usp_ribeirao_1024x576_30032021153451.jpg?fit=1024%2C576&ssl=1&resize=350%2C200","width":350,"height":200,"srcset":"https:\/\/i0.wp.com\/ismaelcolosi.com.br\/wp-content\/uploads\/2024\/02\/usp_ribeirao_1024x576_30032021153451.jpg?fit=1024%2C576&ssl=1&resize=350%2C200 1x, https:\/\/i0.wp.com\/ismaelcolosi.com.br\/wp-content\/uploads\/2024\/02\/usp_ribeirao_1024x576_30032021153451.jpg?fit=1024%2C576&ssl=1&resize=525%2C300 1.5x, https:\/\/i0.wp.com\/ismaelcolosi.com.br\/wp-content\/uploads\/2024\/02\/usp_ribeirao_1024x576_30032021153451.jpg?fit=1024%2C576&ssl=1&resize=700%2C400 2x"},"classes":[]},{"id":43300,"url":"https:\/\/ismaelcolosi.com.br\/index.php\/2024\/03\/20\/usp-ribeirao-abre-inscricoes-para-pessoas-que-queiram-praticar-exercicios-fisicos\/","url_meta":{"origin":58647,"position":1},"title":"USP Ribeir\u00e3o abre inscri\u00e7\u00f5es para pessoas que queiram praticar exerc\u00edcios f\u00edsicos","author":"ismaelcolosi.com.br","date":"20 de March de 2024","format":false,"excerpt":"A Escola de Educa\u00e7\u00e3o F\u00edsica e Esporte da USP de Ribeir\u00e3o Preto est\u00e1 com inscri\u00e7\u00f5es abertas para pessoas com idade entre 40 e 60 anos que queiram praticar exerc\u00edcios f\u00edsicos. As vagas s\u00e3o limitadas e destinadas para pessoas que n\u00e3o praticam exerc\u00edcios f\u00edsicos e queiram conhecer e cuidar da sa\u00fade.\u2026","rel":"","context":"In &quot;Not\u00edcias de Ribeir\u00e3o Preto-SP e Regi\u00e3o&quot;","block_context":{"text":"Not\u00edcias de Ribeir\u00e3o Preto-SP e Regi\u00e3o","link":"https:\/\/ismaelcolosi.com.br\/index.php\/category\/noticias-de-ribeirao-preto-sp-e-regiao-ismael-colosi\/"},"img":{"alt_text":"","src":"https:\/\/i0.wp.com\/ismaelcolosi.com.br\/wp-content\/uploads\/2024\/03\/Copia-de-Copia-de-TAMANHO-EXATO-PARA-FOTOS-NO-SISTEMA-NOVO-71.jpg?fit=1200%2C675&ssl=1&resize=350%2C200","width":350,"height":200,"srcset":"https:\/\/i0.wp.com\/ismaelcolosi.com.br\/wp-content\/uploads\/2024\/03\/Copia-de-Copia-de-TAMANHO-EXATO-PARA-FOTOS-NO-SISTEMA-NOVO-71.jpg?fit=1200%2C675&ssl=1&resize=350%2C200 1x, https:\/\/i0.wp.com\/ismaelcolosi.com.br\/wp-content\/uploads\/2024\/03\/Copia-de-Copia-de-TAMANHO-EXATO-PARA-FOTOS-NO-SISTEMA-NOVO-71.jpg?fit=1200%2C675&ssl=1&resize=525%2C300 1.5x, https:\/\/i0.wp.com\/ismaelcolosi.com.br\/wp-content\/uploads\/2024\/03\/Copia-de-Copia-de-TAMANHO-EXATO-PARA-FOTOS-NO-SISTEMA-NOVO-71.jpg?fit=1200%2C675&ssl=1&resize=700%2C400 2x, https:\/\/i0.wp.com\/ismaelcolosi.com.br\/wp-content\/uploads\/2024\/03\/Copia-de-Copia-de-TAMANHO-EXATO-PARA-FOTOS-NO-SISTEMA-NOVO-71.jpg?fit=1200%2C675&ssl=1&resize=1050%2C600 3x"},"classes":[]},{"id":57676,"url":"https:\/\/ismaelcolosi.com.br\/index.php\/2024\/07\/23\/usp-ribeirao-preto-abre-inscricoes-para-grupo-de-corrida-gratuito\/","url_meta":{"origin":58647,"position":2},"title":"USP Ribeir\u00e3o Preto abre inscri\u00e7\u00f5es para grupo de corrida gratuito","author":"ismaelcolosi.com.br","date":"23 de July de 2024","format":false,"excerpt":"A USP (Universidade de S\u00e3o Paulo), por meio da Escola de Educa\u00e7\u00e3o F\u00edsica e Esporte de Ribeir\u00e3o Preto, est\u00e1 com inscri\u00e7\u00f5es abertas para o grupo de corrida gratuito. Ao todo, s\u00e3o 30 vagas dispon\u00edveis. Os interessados devem ter entre 18 e 60 anos e \u00e9 preciso se inscrever pelo link\u2026","rel":"","context":"In &quot;Not\u00edcias de Ribeir\u00e3o Preto-SP e Regi\u00e3o&quot;","block_context":{"text":"Not\u00edcias de Ribeir\u00e3o Preto-SP e Regi\u00e3o","link":"https:\/\/ismaelcolosi.com.br\/index.php\/category\/noticias-de-ribeirao-preto-sp-e-regiao-ismael-colosi\/"},"img":{"alt_text":"","src":"https:\/\/i0.wp.com\/ismaelcolosi.com.br\/wp-content\/uploads\/2024\/07\/Copia-de-Copia-de-TAMANHO-EXATO-PARA-FOTOS-NO-SISTEMA-NOVO-15_2024-07-23_18-32-23_jpg_2024-07-23_18-32-23.webp.webp?fit=1200%2C675&ssl=1&resize=350%2C200","width":350,"height":200,"srcset":"https:\/\/i0.wp.com\/ismaelcolosi.com.br\/wp-content\/uploads\/2024\/07\/Copia-de-Copia-de-TAMANHO-EXATO-PARA-FOTOS-NO-SISTEMA-NOVO-15_2024-07-23_18-32-23_jpg_2024-07-23_18-32-23.webp.webp?fit=1200%2C675&ssl=1&resize=350%2C200 1x, https:\/\/i0.wp.com\/ismaelcolosi.com.br\/wp-content\/uploads\/2024\/07\/Copia-de-Copia-de-TAMANHO-EXATO-PARA-FOTOS-NO-SISTEMA-NOVO-15_2024-07-23_18-32-23_jpg_2024-07-23_18-32-23.webp.webp?fit=1200%2C675&ssl=1&resize=525%2C300 1.5x, https:\/\/i0.wp.com\/ismaelcolosi.com.br\/wp-content\/uploads\/2024\/07\/Copia-de-Copia-de-TAMANHO-EXATO-PARA-FOTOS-NO-SISTEMA-NOVO-15_2024-07-23_18-32-23_jpg_2024-07-23_18-32-23.webp.webp?fit=1200%2C675&ssl=1&resize=700%2C400 2x, https:\/\/i0.wp.com\/ismaelcolosi.com.br\/wp-content\/uploads\/2024\/07\/Copia-de-Copia-de-TAMANHO-EXATO-PARA-FOTOS-NO-SISTEMA-NOVO-15_2024-07-23_18-32-23_jpg_2024-07-23_18-32-23.webp.webp?fit=1200%2C675&ssl=1&resize=1050%2C600 3x"},"classes":[]},{"id":39819,"url":"https:\/\/ismaelcolosi.com.br\/index.php\/2024\/02\/28\/usp-ribeirao-oferece-aulas-de-capoeira-gratuitas-veja-como-participar\/","url_meta":{"origin":58647,"position":3},"title":"USP Ribeir\u00e3o oferece aulas de capoeira gratuitas; Veja como participar","author":"ismaelcolosi.com.br","date":"28 de February de 2024","format":false,"excerpt":"A Faculdade de Filosofia, Ci\u00eancias e Letras de Ribeir\u00e3o Preto (FFCLRP) da USP (Universidade de S\u00e3o Paulo) est\u00e1 com inscri\u00e7\u00f5es abertas para atividades de capoeira ligadas ao projeto Di\u00e1logos e Viv\u00eancias para as Rela\u00e7\u00f5es \u00c9tnico-Raciais. Qualquer pessoa pode participar da atividade gratuita. Para se inscrever, os interessados devem preencher um\u2026","rel":"","context":"In &quot;Not\u00edcias de Ribeir\u00e3o Preto-SP e Regi\u00e3o&quot;","block_context":{"text":"Not\u00edcias de Ribeir\u00e3o Preto-SP e Regi\u00e3o","link":"https:\/\/ismaelcolosi.com.br\/index.php\/category\/noticias-de-ribeirao-preto-sp-e-regiao-ismael-colosi\/"},"img":{"alt_text":"","src":"https:\/\/i0.wp.com\/ismaelcolosi.com.br\/wp-content\/uploads\/2024\/02\/20230714_capoeira-1.png?fit=768%2C403&ssl=1&resize=350%2C200","width":350,"height":200,"srcset":"https:\/\/i0.wp.com\/ismaelcolosi.com.br\/wp-content\/uploads\/2024\/02\/20230714_capoeira-1.png?fit=768%2C403&ssl=1&resize=350%2C200 1x, https:\/\/i0.wp.com\/ismaelcolosi.com.br\/wp-content\/uploads\/2024\/02\/20230714_capoeira-1.png?fit=768%2C403&ssl=1&resize=525%2C300 1.5x, https:\/\/i0.wp.com\/ismaelcolosi.com.br\/wp-content\/uploads\/2024\/02\/20230714_capoeira-1.png?fit=768%2C403&ssl=1&resize=700%2C400 2x"},"classes":[]},{"id":33483,"url":"https:\/\/ismaelcolosi.com.br\/index.php\/2024\/01\/29\/usp-abre-inscricoes-para-programa-destinado-a-idosos-confira\/","url_meta":{"origin":58647,"position":4},"title":"USP abre inscri\u00e7\u00f5es para programa destinado a idosos; Confira","author":"ismaelcolosi.com.br","date":"29 de January de 2024","format":false,"excerpt":"As inscri\u00e7\u00f5es para o programa USP 60+, que oferece aos idosos oportunidades de realizarem atividades dentro da universidade, foram abertas nesta segunda-feira (29). Os interessados devem se inscrever at\u00e9 o dia 20 de fevereiro no site cultura.usp.br\/usp60. No portal, \u00e9 poss\u00edvel acessar tamb\u00e9m as vagas dispon\u00edveis para cada campi do\u2026","rel":"","context":"In &quot;Not\u00edcias de Ribeir\u00e3o Preto-SP e Regi\u00e3o&quot;","block_context":{"text":"Not\u00edcias de Ribeir\u00e3o Preto-SP e Regi\u00e3o","link":"https:\/\/ismaelcolosi.com.br\/index.php\/category\/noticias-de-ribeirao-preto-sp-e-regiao-ismael-colosi\/"},"img":{"alt_text":"","src":"https:\/\/i0.wp.com\/ismaelcolosi.com.br\/wp-content\/uploads\/2024\/01\/III-Dia-do-Calouro-foto-Elcio-Silva-scaled-1.jpg?fit=1200%2C570&ssl=1&resize=350%2C200","width":350,"height":200,"srcset":"https:\/\/i0.wp.com\/ismaelcolosi.com.br\/wp-content\/uploads\/2024\/01\/III-Dia-do-Calouro-foto-Elcio-Silva-scaled-1.jpg?fit=1200%2C570&ssl=1&resize=350%2C200 1x, https:\/\/i0.wp.com\/ismaelcolosi.com.br\/wp-content\/uploads\/2024\/01\/III-Dia-do-Calouro-foto-Elcio-Silva-scaled-1.jpg?fit=1200%2C570&ssl=1&resize=525%2C300 1.5x, https:\/\/i0.wp.com\/ismaelcolosi.com.br\/wp-content\/uploads\/2024\/01\/III-Dia-do-Calouro-foto-Elcio-Silva-scaled-1.jpg?fit=1200%2C570&ssl=1&resize=700%2C400 2x, https:\/\/i0.wp.com\/ismaelcolosi.com.br\/wp-content\/uploads\/2024\/01\/III-Dia-do-Calouro-foto-Elcio-Silva-scaled-1.jpg?fit=1200%2C570&ssl=1&resize=1050%2C600 3x"},"classes":[]},{"id":28088,"url":"https:\/\/ismaelcolosi.com.br\/index.php\/2024\/01\/14\/inscricoes-para-projeto-samuzinho-serao-abertas-nesta-segunda-15\/","url_meta":{"origin":58647,"position":5},"title":"Come\u00e7am nesta segunda as inscri\u00e7\u00f5es para \u201cProjeto Samuzinho\u201d","author":"ismaelcolosi.com.br","date":"14 de January de 2024","format":false,"excerpt":"14 de janeiro de 2024 | 18:0014 de janeiro de 2024 | 10:41 0Nesta segunda-feira, 15 de janeiro, come\u00e7am as inscri\u00e7\u00f5es para os novos alunos do Projeto Samuzinho 2024. Neste ano, ser\u00e3o oferecidas 70 vagas para crian\u00e7as com idade de 8 a 13. As inscri\u00e7\u00f5es poder\u00e3o ser feitas pela internet,\u2026","rel":"","context":"In &quot;Not\u00edcias de Ribeir\u00e3o Preto-SP e Regi\u00e3o&quot;","block_context":{"text":"Not\u00edcias de Ribeir\u00e3o Preto-SP e Regi\u00e3o","link":"https:\/\/ismaelcolosi.com.br\/index.php\/category\/noticias-de-ribeirao-preto-sp-e-regiao-ismael-colosi\/"},"img":{"alt_text":"","src":"https:\/\/i0.wp.com\/ismaelcolosi.com.br\/wp-content\/uploads\/2024\/01\/inscricoes_samuzinho_19-scaled.jpeg?fit=861%2C645&ssl=1&resize=350%2C200","width":350,"height":200,"srcset":"https:\/\/i0.wp.com\/ismaelcolosi.com.br\/wp-content\/uploads\/2024\/01\/inscricoes_samuzinho_19-scaled.jpeg?fit=861%2C645&ssl=1&resize=350%2C200 1x, https:\/\/i0.wp.com\/ismaelcolosi.com.br\/wp-content\/uploads\/2024\/01\/inscricoes_samuzinho_19-scaled.jpeg?fit=861%2C645&ssl=1&resize=525%2C300 1.5x, https:\/\/i0.wp.com\/ismaelcolosi.com.br\/wp-content\/uploads\/2024\/01\/inscricoes_samuzinho_19-scaled.jpeg?fit=861%2C645&ssl=1&resize=700%2C400 2x"},"classes":[]}],"jetpack_sharing_enabled":true,"jetpack_shortlink":"https:\/\/wp.me\/pfMlyK-ffV","_links":{"self":[{"href":"https:\/\/ismaelcolosi.com.br\/index.php\/wp-json\/wp\/v2\/posts\/58647","targetHints":{"allow":["GET"]}}],"collection":[{"href":"https:\/\/ismaelcolosi.com.br\/index.php\/wp-json\/wp\/v2\/posts"}],"about":[{"href":"https:\/\/ismaelcolosi.com.br\/index.php\/wp-json\/wp\/v2\/types\/post"}],"author":[{"embeddable":true,"href":"https:\/\/ismaelcolosi.com.br\/index.php\/wp-json\/wp\/v2\/users\/1"}],"replies":[{"embeddable":true,"href":"https:\/\/ismaelcolosi.com.br\/index.php\/wp-json\/wp\/v2\/comments?post=58647"}],"version-history":[{"count":0,"href":"https:\/\/ismaelcolosi.com.br\/index.php\/wp-json\/wp\/v2\/posts\/58647\/revisions"}],"wp:featuredmedia":[{"embeddable":true,"href":"https:\/\/ismaelcolosi.com.br\/index.php\/wp-json\/wp\/v2\/media\/58648"}],"wp:attachment":[{"href":"https:\/\/ismaelcolosi.com.br\/index.php\/wp-json\/wp\/v2\/media?parent=58647"}],"wp:term":[{"taxonomy":"category","embeddable":true,"href":"https:\/\/ismaelcolosi.com.br\/index.php\/wp-json\/wp\/v2\/categories?post=58647"},{"taxonomy":"post_tag","embeddable":true,"href":"https:\/\/ismaelcolosi.com.br\/index.php\/wp-json\/wp\/v2\/tags?post=58647"}],"curies":[{"name":"wp","href":"https:\/\/api.w.org\/{rel}","templated":true}]}}