{"id":58643,"date":"2024-08-01T13:05:38","date_gmt":"2024-08-01T16:05:38","guid":{"rendered":"https:\/\/ismaelcolosi.com.br\/index.php\/2024\/08\/01\/vagas-de-emprego-app-ribeirao-jornalismo-puplicidade-social-media-videomaker-designer-grafico-redator-entre-outras-10\/"},"modified":"2024-08-01T13:05:38","modified_gmt":"2024-08-01T16:05:38","slug":"vagas-de-emprego-app-ribeirao-jornalismo-puplicidade-social-media-videomaker-designer-grafico-redator-entre-outras-10","status":"publish","type":"post","link":"https:\/\/ismaelcolosi.com.br\/index.php\/2024\/08\/01\/vagas-de-emprego-app-ribeirao-jornalismo-puplicidade-social-media-videomaker-designer-grafico-redator-entre-outras-10\/","title":{"rendered":"Vagas de Emprego \u2013 APP Ribeir\u00e3o: Jornalismo, Puplicidade, Social Media, Videomaker, Designer Gr\u00e1fico, Redator  entre outras"},"content":{"rendered":"<div class=\"bg-white padding-25 clearfix\">\n<h1 class=\"h4 title-minheight margin-top-0\">\n\t\t\t\t\t\t\t\t<i class=\"fa fa-bookmark-o fa-fw\"><\/i><br \/>\n\t\t\t\t\t\t\t\tEst\u00e1gio\t\t\t\t\t\t\t<\/h1>\n<div class=\"text-gray\">\n\t\t\t\t\t\t\t\t<i class=\"fa fa-building-o fa-fw margin-l2-r4\"><\/i><br \/>\n\t\t\t\t\t\t\t\tSG&amp;C COMUNICA\u00c7\u00c3O \n\t\t\t\t\t\t\t<\/div>\n<hr class=\"gray-dots\">\n<div class=\"row\">\n<div class=\"width-30 col-xs-2\">\n\t\t\t\t\t\t\t\t\t<i class=\"fa fa-indent fa-fw margin-l2-r4\"><\/i>\n\t\t\t\t\t\t\t\t<\/div>\n<div class=\"col-xs-10 height-108-sm\">\n\t\t\t\t\t\t\t\t\tTemos vagas para est\u00e1gio para criativos nas \u00e1reas de reda\u00e7\u00e3o, redes sociais, design, edi\u00e7\u00e3o de v\u00eddeo e M\u00eddia digital (performance, an\u00e1lises e estrat\u00e9gia).\t\t\t\t\t\t\t\t<\/div>\n<\/p><\/div>\n<hr class=\"gray-dots\">\n<div class=\"text-gray\">\n\t\t\t\t\t\t\t\t<i class=\"fa fa-plus fa-fw margin-l2-r4\"><\/i><\/p>\n<p>\t\t\t\t\t\t\t\t<a href=\"https:\/\/appribeirao.com.br\/vagas-emprego\/833\" class=\"link-gray\"><br \/>\n\t\t\t\t\t\t\t\t\tmais informa\u00e7\u00f5es<br \/>\n\t\t\t\t\t\t\t\t<\/a>\n\t\t\t\t\t\t\t<\/div>\n<\/p><div class='code-block code-block-8' style='margin: 8px auto; text-align: center; display: block; clear: both;'>\n<script>\n  atOptions = {\n    'key' : '66e2e2111ca34da796271819fc334058',\n    'format' : 'iframe',\n    'height' : 250,\n    'width' : 300,\n    'params' : {}\n  };\n<\/script>\n<script src=\"https:\/\/www.highperformanceformat.com\/66e2e2111ca34da796271819fc334058\/invoke.js\"><\/script>\n<\/div>\n<\/div>\n<div class=\"bg-white padding-25 clearfix\">\n<h1 class=\"h4 title-minheight margin-top-0\">\n\t\t\t\t\t\t\t\t<i class=\"fa fa-bookmark-o fa-fw\"><\/i><br \/>\n\t\t\t\t\t\t\t\tDire\u00e7\u00e3o de arte \/ Designer \/ V\u00eddeo\t\t\t\t\t\t\t<\/h1>\n<div class=\"text-gray\">\n\t\t\t\t\t\t\t\t<i class=\"fa fa-building-o fa-fw margin-l2-r4\"><\/i><br \/>\n\t\t\t\t\t\t\t\tSG&amp;C COMUNICA\u00c7\u00c3O \n\t\t\t\t\t\t\t<\/div>\n<hr class=\"gray-dots\">\n<div class=\"row\">\n<div class=\"width-30 col-xs-2\">\n\t\t\t\t\t\t\t\t\t<i class=\"fa fa-indent fa-fw margin-l2-r4\"><\/i>\n\t\t\t\t\t\t\t\t<\/div>\n<div class=\"col-xs-10 height-108-sm\">\n\t\t\t\t\t\t\t\t\tTemos vagas abertas para profissionais experientes e com conhecimentos avan\u00e7ados em softwares da plataforma Adobe, incluindo v\u00eddeo.\t\t\t\t\t\t\t\t<\/div>\n<\/p><\/div>\n<hr class=\"gray-dots\">\n<div class=\"text-gray\">\n\t\t\t\t\t\t\t\t<i class=\"fa fa-plus fa-fw margin-l2-r4\"><\/i><\/p>\n<p>\t\t\t\t\t\t\t\t<a href=\"https:\/\/appribeirao.com.br\/vagas-emprego\/832\" class=\"link-gray\"><br \/>\n\t\t\t\t\t\t\t\t\tmais informa\u00e7\u00f5es<br \/>\n\t\t\t\t\t\t\t\t<\/a>\n\t\t\t\t\t\t\t<\/div>\n<\/p><\/div>\n<div class=\"bg-white padding-25 clearfix\">\n<h1 class=\"h4 title-minheight margin-top-0\">\n\t\t\t\t\t\t\t\t<i class=\"fa fa-bookmark-o fa-fw\"><\/i><br \/>\n\t\t\t\t\t\t\t\tEdi\u00e7\u00e3o de v\u00eddeo\t\t\t\t\t\t\t<\/h1>\n<div class=\"text-gray\">\n\t\t\t\t\t\t\t\t<i class=\"fa fa-building-o fa-fw margin-l2-r4\"><\/i><br \/>\n\t\t\t\t\t\t\t\tSG&amp;C COMUNICA\u00c7\u00c3O \n\t\t\t\t\t\t\t<\/div>\n<hr class=\"gray-dots\">\n<div class=\"row\">\n<div class=\"width-30 col-xs-2\">\n\t\t\t\t\t\t\t\t\t<i class=\"fa fa-indent fa-fw margin-l2-r4\"><\/i>\n\t\t\t\t\t\t\t\t<\/div>\n<div class=\"col-xs-10 height-108-sm\">\n\t\t\t\t\t\t\t\t\tSe voc\u00ea curte trabalhar com redes sociais e edi\u00e7\u00e3o de v\u00eddeos para multiplataformas, n\u00f3s temos uma vaga para voc\u00ea!\n\t\t\t\t\t\t\t\t<\/div>\n<\/p><\/div>\n<hr class=\"gray-dots\">\n<div class=\"text-gray\">\n\t\t\t\t\t\t\t\t<i class=\"fa fa-plus fa-fw margin-l2-r4\"><\/i><\/p>\n<p>\t\t\t\t\t\t\t\t<a href=\"https:\/\/appribeirao.com.br\/vagas-emprego\/830\" class=\"link-gray\"><br \/>\n\t\t\t\t\t\t\t\t\tmais informa\u00e7\u00f5es<br \/>\n\t\t\t\t\t\t\t\t<\/a>\n\t\t\t\t\t\t\t<\/div>\n<\/p><\/div>\n<div class=\"bg-white padding-25 clearfix\">\n<h1 class=\"h4 title-minheight margin-top-0\">\n\t\t\t\t\t\t\t\t<i class=\"fa fa-bookmark-o fa-fw\"><\/i><br \/>\n\t\t\t\t\t\t\t\tReda\u00e7\u00e3o Publicit\u00e1ria\t\t\t\t\t\t\t<\/h1>\n<div class=\"text-gray\">\n\t\t\t\t\t\t\t\t<i class=\"fa fa-building-o fa-fw margin-l2-r4\"><\/i><br \/>\n\t\t\t\t\t\t\t\tSG&amp;C COMUNICA\u00c7\u00c3O \n\t\t\t\t\t\t\t<\/div>\n<hr class=\"gray-dots\">\n<div class=\"row\">\n<div class=\"width-30 col-xs-2\">\n\t\t\t\t\t\t\t\t\t<i class=\"fa fa-indent fa-fw margin-l2-r4\"><\/i>\n\t\t\t\t\t\t\t\t<\/div>\n<div class=\"col-xs-10 height-108-sm\">\n\t\t\t\t\t\t\t\t\tEstamos contratando pessoas criativas, conectadas, que dominem a l\u00edngua portuguesa e gostem de comunica\u00e7\u00e3o.\t\t\t\t\t\t\t\t<\/div>\n<\/p><\/div>\n<hr class=\"gray-dots\">\n<div class=\"text-gray\">\n\t\t\t\t\t\t\t\t<i class=\"fa fa-plus fa-fw margin-l2-r4\"><\/i><\/p>\n<p>\t\t\t\t\t\t\t\t<a href=\"https:\/\/appribeirao.com.br\/vagas-emprego\/829\" class=\"link-gray\"><br \/>\n\t\t\t\t\t\t\t\t\tmais informa\u00e7\u00f5es<br \/>\n\t\t\t\t\t\t\t\t<\/a>\n\t\t\t\t\t\t\t<\/div>\n<\/p><\/div>\n<div class=\"bg-white padding-25 clearfix\">\n<h1 class=\"h4 title-minheight margin-top-0\">\n\t\t\t\t\t\t\t\t<i class=\"fa fa-bookmark-o fa-fw\"><\/i><br \/>\n\t\t\t\t\t\t\t\tReda\u00e7\u00e3o\t\t\t\t\t\t\t<\/h1>\n<div class=\"text-gray\">\n\t\t\t\t\t\t\t\t<i class=\"fa fa-building-o fa-fw margin-l2-r4\"><\/i><br \/>\n\t\t\t\t\t\t\t\tVers\u00e3o Br\n\t\t\t\t\t\t\t<\/div>\n<hr class=\"gray-dots\">\n<div class=\"row\">\n<div class=\"width-30 col-xs-2\">\n\t\t\t\t\t\t\t\t\t<i class=\"fa fa-indent fa-fw margin-l2-r4\"><\/i>\n\t\t\t\t\t\t\t\t<\/div>\n<div class=\"col-xs-10 height-108-sm\">\n\t\t\t\t\t\t\t\t\tSe voc\u00ea \u00e9 antenado nas tend\u00eancias da comunica\u00e7\u00e3o e manda bem na produ\u00e7\u00e3o de textos, venha completar o nosso time!\t\t\t\t\t\t\t\t<\/div>\n<\/p><\/div>\n<hr class=\"gray-dots\">\n<div class=\"text-gray\">\n\t\t\t\t\t\t\t\t<i class=\"fa fa-plus fa-fw margin-l2-r4\"><\/i><\/p>\n<p>\t\t\t\t\t\t\t\t<a href=\"https:\/\/appribeirao.com.br\/vagas-emprego\/828\" class=\"link-gray\"><br \/>\n\t\t\t\t\t\t\t\t\tmais informa\u00e7\u00f5es<br \/>\n\t\t\t\t\t\t\t\t<\/a>\n\t\t\t\t\t\t\t<\/div>\n<\/p><\/div>\n<div class=\"bg-white padding-25 clearfix\">\n<h1 class=\"h4 title-minheight margin-top-0\">\n\t\t\t\t\t\t\t\t<i class=\"fa fa-bookmark-o fa-fw\"><\/i><br \/>\n\t\t\t\t\t\t\t\tDire\u00e7\u00e3o de arte (Designer)\t\t\t\t\t\t\t<\/h1>\n<div class=\"text-gray\">\n\t\t\t\t\t\t\t\t<i class=\"fa fa-building-o fa-fw margin-l2-r4\"><\/i><br \/>\n\t\t\t\t\t\t\t\tVers\u00e3o Br\n\t\t\t\t\t\t\t<\/div>\n<hr class=\"gray-dots\">\n<div class=\"row\">\n<div class=\"width-30 col-xs-2\">\n\t\t\t\t\t\t\t\t\t<i class=\"fa fa-indent fa-fw margin-l2-r4\"><\/i>\n\t\t\t\t\t\t\t\t<\/div>\n<div class=\"col-xs-10 height-108-sm\">\n\t\t\t\t\t\t\t\t\tSe voc\u00ea \u00e9 uma pessoa criativa, comprometida e apaixonada por design, venha completar o nosso time!\t\t\t\t\t\t\t\t<\/div>\n<\/p><\/div>\n<hr class=\"gray-dots\">\n<div class=\"text-gray\">\n\t\t\t\t\t\t\t\t<i class=\"fa fa-plus fa-fw margin-l2-r4\"><\/i><\/p>\n<p>\t\t\t\t\t\t\t\t<a href=\"https:\/\/appribeirao.com.br\/vagas-emprego\/827\" class=\"link-gray\"><br \/>\n\t\t\t\t\t\t\t\t\tmais informa\u00e7\u00f5es<br \/>\n\t\t\t\t\t\t\t\t<\/a>\n\t\t\t\t\t\t\t<\/div>\n<\/p><\/div>\n<div class=\"bg-white padding-25 clearfix\">\n<h1 class=\"h4 title-minheight margin-top-0\">\n\t\t\t\t\t\t\t\t<i class=\"fa fa-bookmark-o fa-fw\"><\/i><br \/>\n\t\t\t\t\t\t\t\tReda\u00e7\u00e3o\t\t\t\t\t\t\t<\/h1>\n<div class=\"text-gray\">\n\t\t\t\t\t\t\t\t<i class=\"fa fa-building-o fa-fw margin-l2-r4\"><\/i><br \/>\n\t\t\t\t\t\t\t\tVers\u00e3o Br\n\t\t\t\t\t\t\t<\/div>\n<hr class=\"gray-dots\">\n<div class=\"row\">\n<div class=\"width-30 col-xs-2\">\n\t\t\t\t\t\t\t\t\t<i class=\"fa fa-indent fa-fw margin-l2-r4\"><\/i>\n\t\t\t\t\t\t\t\t<\/div>\n<div class=\"col-xs-10 height-108-sm\">\n\t\t\t\t\t\t\t\t\tSe voc\u00ea \u00e9 antenado nas tend\u00eancias da comunica\u00e7\u00e3o e manda bem na produ\u00e7\u00e3o de textos, venha completar o nosso time!\t\t\t\t\t\t\t\t<\/div>\n<\/p><\/div>\n<hr class=\"gray-dots\">\n<div class=\"text-gray\">\n\t\t\t\t\t\t\t\t<i class=\"fa fa-plus fa-fw margin-l2-r4\"><\/i><\/p>\n<p>\t\t\t\t\t\t\t\t<a href=\"https:\/\/appribeirao.com.br\/vagas-emprego\/828\" class=\"link-gray\"><br \/>\n\t\t\t\t\t\t\t\t\tmais informa\u00e7\u00f5es<br \/>\n\t\t\t\t\t\t\t\t<\/a>\n\t\t\t\t\t\t\t<\/div>\n<\/p><\/div>\n<div class=\"bg-white padding-25 clearfix\">\n<h1 class=\"h4 title-minheight margin-top-0\">\n\t\t\t\t\t\t\t\t<i class=\"fa fa-bookmark-o fa-fw\"><\/i><br \/>\n\t\t\t\t\t\t\t\tAtendimento\t\t\t\t\t\t\t<\/h1>\n<div class=\"text-gray\">\n\t\t\t\t\t\t\t\t<i class=\"fa fa-building-o fa-fw margin-l2-r4\"><\/i><br \/>\n\t\t\t\t\t\t\t\tAg\u00e1vea\n\t\t\t\t\t\t\t<\/div>\n<hr class=\"gray-dots\">\n<div class=\"row\">\n<div class=\"width-30 col-xs-2\">\n\t\t\t\t\t\t\t\t\t<i class=\"fa fa-indent fa-fw margin-l2-r4\"><\/i>\n\t\t\t\t\t\t\t\t<\/div>\n<div class=\"col-xs-10 height-108-sm\">\n\t\t\t\t\t\t\t\t\tA ag\u00eancia Ag\u00e1vea tem vaga aberta para o cargo de Atendimento, n\u00edvel S\u00eanior. \t\t\t\t\t\t\t\t<\/div>\n<\/p><\/div>\n<hr class=\"gray-dots\">\n<div class=\"text-gray\">\n\t\t\t\t\t\t\t\t<i class=\"fa fa-plus fa-fw margin-l2-r4\"><\/i><\/p>\n<p>\t\t\t\t\t\t\t\t<a href=\"https:\/\/appribeirao.com.br\/vagas-emprego\/825\" class=\"link-gray\"><br \/>\n\t\t\t\t\t\t\t\t\tmais informa\u00e7\u00f5es<br \/>\n\t\t\t\t\t\t\t\t<\/a>\n\t\t\t\t\t\t\t<\/div>\n<\/p><\/div>\n<div class=\"bg-white padding-25 clearfix\">\n<h1 class=\"h4 title-minheight margin-top-0\">\n\t\t\t\t\t\t\t\t<i class=\"fa fa-bookmark-o fa-fw\"><\/i><br \/>\n\t\t\t\t\t\t\t\tSecretariado\t\t\t\t\t\t\t<\/h1>\n<div class=\"text-gray\">\n\t\t\t\t\t\t\t\t<i class=\"fa fa-building-o fa-fw margin-l2-r4\"><\/i><br \/>\n\t\t\t\t\t\t\t\tVers\u00e3o Br\n\t\t\t\t\t\t\t<\/div>\n<hr class=\"gray-dots\">\n<div class=\"row\">\n<div class=\"width-30 col-xs-2\">\n\t\t\t\t\t\t\t\t\t<i class=\"fa fa-indent fa-fw margin-l2-r4\"><\/i>\n\t\t\t\t\t\t\t\t<\/div>\n<div class=\"col-xs-10 height-108-sm\">\n\t\t\t\t\t\t\t\t\tSe voc\u00ea \u00e9 uma pessoa organizada, proativa e gosta de trabalhar com administra\u00e7\u00e3o e atendimento, venha completar o nosso time!\t\t\t\t\t\t\t\t<\/div>\n<\/p><\/div>\n<hr class=\"gray-dots\">\n<div class=\"text-gray\">\n\t\t\t\t\t\t\t\t<i class=\"fa fa-plus fa-fw margin-l2-r4\"><\/i><\/p>\n<p>\t\t\t\t\t\t\t\t<a href=\"https:\/\/appribeirao.com.br\/vagas-emprego\/826\" class=\"link-gray\"><br \/>\n\t\t\t\t\t\t\t\t\tmais informa\u00e7\u00f5es<br \/>\n\t\t\t\t\t\t\t\t<\/a>\n\t\t\t\t\t\t\t<\/div>\n<\/p><\/div>\n<div class=\"bg-white padding-25 clearfix\">\n<h1 class=\"h4 title-minheight margin-top-0\">\n\t\t\t\t\t\t\t\t<i class=\"fa fa-bookmark-o fa-fw\"><\/i><br \/>\n\t\t\t\t\t\t\t\tAtendimento\t\t\t\t\t\t\t<\/h1>\n<div class=\"text-gray\">\n\t\t\t\t\t\t\t\t<i class=\"fa fa-building-o fa-fw margin-l2-r4\"><\/i><br \/>\n\t\t\t\t\t\t\t\tAg\u00e1vea\n\t\t\t\t\t\t\t<\/div>\n<hr class=\"gray-dots\">\n<div class=\"row\">\n<div class=\"width-30 col-xs-2\">\n\t\t\t\t\t\t\t\t\t<i class=\"fa fa-indent fa-fw margin-l2-r4\"><\/i>\n\t\t\t\t\t\t\t\t<\/div>\n<div class=\"col-xs-10 height-108-sm\">\n\t\t\t\t\t\t\t\t\tA ag\u00eancia Ag\u00e1vea tem vaga aberta para o cargo de Atendimento, n\u00edvel S\u00eanior. \t\t\t\t\t\t\t\t<\/div>\n<\/p><\/div>\n<hr class=\"gray-dots\">\n<div class=\"text-gray\">\n\t\t\t\t\t\t\t\t<i class=\"fa fa-plus fa-fw margin-l2-r4\"><\/i><\/p>\n<p>\t\t\t\t\t\t\t\t<a href=\"https:\/\/appribeirao.com.br\/vagas-emprego\/825\" class=\"link-gray\"><br \/>\n\t\t\t\t\t\t\t\t\tmais informa\u00e7\u00f5es<br \/>\n\t\t\t\t\t\t\t\t<\/a>\n\t\t\t\t\t\t\t<\/div>\n<\/p><\/div>\n<div class=\"bg-white padding-25 clearfix\">\n<h1 class=\"h4 title-minheight margin-top-0\">\n\t\t\t\t\t\t\t\t<i class=\"fa fa-bookmark-o fa-fw\"><\/i><br \/>\n\t\t\t\t\t\t\t\tVaga de Reda\u00e7\u00e3o &#8211; Presencial\t\t\t\t\t\t\t<\/h1>\n<div class=\"text-gray\">\n\t\t\t\t\t\t\t\t<i class=\"fa fa-building-o fa-fw margin-l2-r4\"><\/i><br \/>\n\t\t\t\t\t\t\t\tSuave Comunica\u00e7\u00e3o\n\t\t\t\t\t\t\t<\/div>\n<hr class=\"gray-dots\">\n<div class=\"row\">\n<div class=\"width-30 col-xs-2\">\n\t\t\t\t\t\t\t\t\t<i class=\"fa fa-indent fa-fw margin-l2-r4\"><\/i>\n\t\t\t\t\t\t\t\t<\/div>\n<div class=\"col-xs-10 height-108-sm\">\n\t\t\t\t\t\t\t\t\tFicou interessado(a)? Mande seu curr\u00edculo e portf\u00f3lio para: gisela@suave.ppg.br\t\t\t\t\t\t\t\t<\/div>\n<\/p><\/div>\n<hr class=\"gray-dots\">\n<div class=\"text-gray\">\n\t\t\t\t\t\t\t\t<i class=\"fa fa-plus fa-fw margin-l2-r4\"><\/i><\/p>\n<p>\t\t\t\t\t\t\t\t<a href=\"https:\/\/appribeirao.com.br\/vagas-emprego\/824\" class=\"link-gray\"><br \/>\n\t\t\t\t\t\t\t\t\tmais informa\u00e7\u00f5es<br \/>\n\t\t\t\t\t\t\t\t<\/a>\n\t\t\t\t\t\t\t<\/div>\n<\/p><\/div>\n<div class=\"bg-white padding-25 clearfix\">\n<h1 class=\"h4 title-minheight margin-top-0\">\n\t\t\t\t\t\t\t\t<i class=\"fa fa-bookmark-o fa-fw\"><\/i><br \/>\n\t\t\t\t\t\t\t\tPlanejamento\t\t\t\t\t\t\t<\/h1>\n<div class=\"text-gray\">\n\t\t\t\t\t\t\t\t<i class=\"fa fa-building-o fa-fw margin-l2-r4\"><\/i><br \/>\n\t\t\t\t\t\t\t\tAg\u00e1vea\n\t\t\t\t\t\t\t<\/div>\n<hr class=\"gray-dots\">\n<div class=\"row\">\n<div class=\"width-30 col-xs-2\">\n\t\t\t\t\t\t\t\t\t<i class=\"fa fa-indent fa-fw margin-l2-r4\"><\/i>\n\t\t\t\t\t\t\t\t<\/div>\n<div class=\"col-xs-10 height-108-sm\">\n\t\t\t\t\t\t\t\t\tEstamos em busca de uma pessoa criativa, proativa e organizada para integrar nosso time de planejamento. \t\t\t\t\t\t\t\t<\/div>\n<\/p><\/div>\n<hr class=\"gray-dots\">\n<div class=\"text-gray\">\n\t\t\t\t\t\t\t\t<i class=\"fa fa-plus fa-fw margin-l2-r4\"><\/i><\/p>\n<p>\t\t\t\t\t\t\t\t<a href=\"https:\/\/appribeirao.com.br\/vagas-emprego\/823\" class=\"link-gray\"><br \/>\n\t\t\t\t\t\t\t\t\tmais informa\u00e7\u00f5es<br \/>\n\t\t\t\t\t\t\t\t<\/a>\n\t\t\t\t\t\t\t<\/div>\n<\/p><\/div>\n<div class=\"bg-white padding-25 clearfix\">\n<h1 class=\"h4 title-minheight margin-top-0\">\n\t\t\t\t\t\t\t\t<i class=\"fa fa-bookmark-o fa-fw\"><\/i><br \/>\n\t\t\t\t\t\t\t\tPlanejamento\t\t\t\t\t\t\t<\/h1>\n<div class=\"text-gray\">\n\t\t\t\t\t\t\t\t<i class=\"fa fa-building-o fa-fw margin-l2-r4\"><\/i><br \/>\n\t\t\t\t\t\t\t\tAg\u00e1vea\n\t\t\t\t\t\t\t<\/div>\n<hr class=\"gray-dots\">\n<div class=\"row\">\n<div class=\"width-30 col-xs-2\">\n\t\t\t\t\t\t\t\t\t<i class=\"fa fa-indent fa-fw margin-l2-r4\"><\/i>\n\t\t\t\t\t\t\t\t<\/div>\n<div class=\"col-xs-10 height-108-sm\">\n\t\t\t\t\t\t\t\t\tEstamos em busca de uma pessoa criativa, proativa e organizada para integrar nosso time de planejamento. \t\t\t\t\t\t\t\t<\/div>\n<\/p><\/div>\n<hr class=\"gray-dots\">\n<div class=\"text-gray\">\n\t\t\t\t\t\t\t\t<i class=\"fa fa-plus fa-fw margin-l2-r4\"><\/i><\/p>\n<p>\t\t\t\t\t\t\t\t<a href=\"https:\/\/appribeirao.com.br\/vagas-emprego\/823\" class=\"link-gray\"><br \/>\n\t\t\t\t\t\t\t\t\tmais informa\u00e7\u00f5es<br \/>\n\t\t\t\t\t\t\t\t<\/a>\n\t\t\t\t\t\t\t<\/div>\n<\/p><\/div>\n<div class='code-block code-block-4' style='margin: 8px auto 8px 0; text-align: left; display: block; clear: both;'>\n\ud83d\udce2 Aviso Legal\n\nO site ismaelcolosi.com.br atua apenas como um canal de divulga\u00e7\u00e3o de oportunidades de emprego e n\u00e3o se responsabiliza pelo processo seletivo, contrata\u00e7\u00e3o ou qualquer outra etapa relacionada \u00e0s vagas publicadas. Todas as informa\u00e7\u00f5es s\u00e3o de responsabilidade dos anunciantes.\n\n\u26a0\ufe0f Aten\u00e7\u00e3o! Nunca pague por promessas de emprego nem compre cursos que garantam contrata\u00e7\u00e3o. Desconfie de qualquer cobran\u00e7a para participar de sele\u00e7\u00f5es.\n\n\n\n<\/div>\n<!-- CONTENT END 1 -->\n","protected":false},"excerpt":{"rendered":"<p>Est\u00e1gio SG&amp;C COMUNICA\u00c7\u00c3O Temos vagas para est\u00e1gio para criativos nas \u00e1reas de reda\u00e7\u00e3o, redes sociais, design, edi\u00e7\u00e3o de v\u00eddeo e M\u00eddia digital (performance, an\u00e1lises e&#8230;<\/p>\n","protected":false},"author":1,"featured_media":58644,"comment_status":"open","ping_status":"open","sticky":false,"template":"","format":"standard","meta":{"_uag_custom_page_level_css":"","advanced_seo_description":"","jetpack_seo_html_title":"","jetpack_seo_noindex":false,"jetpack_post_was_ever_published":false,"_jetpack_newsletter_access":"","_jetpack_dont_email_post_to_subs":false,"_jetpack_newsletter_tier_id":0,"_jetpack_memberships_contains_paywalled_content":false,"_jetpack_memberships_contains_paid_content":false,"footnotes":"","jetpack_publicize_message":"","jetpack_publicize_feature_enabled":true,"jetpack_social_post_already_shared":true,"jetpack_social_options":{"image_generator_settings":{"template":"highway","default_image_id":0,"font":"","enabled":false},"version":2}},"categories":[7],"tags":[],"class_list":["post-58643","post","type-post","status-publish","format-standard","has-post-thumbnail","hentry","category-vagas-de-empregos-em-ribeirao-preto-regiao-brasil"],"jetpack_publicize_connections":[],"jetpack_featured_media_url":"https:\/\/i0.wp.com\/ismaelcolosi.com.br\/wp-content\/uploads\/2024\/08\/VAGA-DE-EMPREGO-URGENTE.jpg?fit=1000%2C563&ssl=1","uagb_featured_image_src":{"full":["https:\/\/i0.wp.com\/ismaelcolosi.com.br\/wp-content\/uploads\/2024\/08\/VAGA-DE-EMPREGO-URGENTE.jpg?fit=1000%2C563&ssl=1",1000,563,false],"thumbnail":["https:\/\/i0.wp.com\/ismaelcolosi.com.br\/wp-content\/uploads\/2024\/08\/VAGA-DE-EMPREGO-URGENTE.jpg?resize=150%2C150&ssl=1",150,150,true],"medium":["https:\/\/i0.wp.com\/ismaelcolosi.com.br\/wp-content\/uploads\/2024\/08\/VAGA-DE-EMPREGO-URGENTE.jpg?fit=300%2C169&ssl=1",300,169,true],"medium_large":["https:\/\/i0.wp.com\/ismaelcolosi.com.br\/wp-content\/uploads\/2024\/08\/VAGA-DE-EMPREGO-URGENTE.jpg?fit=768%2C432&ssl=1",768,432,true],"large":["https:\/\/i0.wp.com\/ismaelcolosi.com.br\/wp-content\/uploads\/2024\/08\/VAGA-DE-EMPREGO-URGENTE.jpg?fit=1000%2C563&ssl=1",1000,563,true],"1536x1536":["https:\/\/i0.wp.com\/ismaelcolosi.com.br\/wp-content\/uploads\/2024\/08\/VAGA-DE-EMPREGO-URGENTE.jpg?fit=1000%2C563&ssl=1",1000,563,true],"2048x2048":["https:\/\/i0.wp.com\/ismaelcolosi.com.br\/wp-content\/uploads\/2024\/08\/VAGA-DE-EMPREGO-URGENTE.jpg?fit=1000%2C563&ssl=1",1000,563,true],"really-simple-thumb":["https:\/\/i0.wp.com\/ismaelcolosi.com.br\/wp-content\/uploads\/2024\/08\/VAGA-DE-EMPREGO-URGENTE.jpg?resize=370%2C247&ssl=1",370,247,true]},"uagb_author_info":{"display_name":"ismaelcolosi.com.br","author_link":"https:\/\/ismaelcolosi.com.br\/index.php\/author\/vidareal-online\/"},"uagb_comment_info":0,"uagb_excerpt":"Est\u00e1gio SG&amp;C COMUNICA\u00c7\u00c3O Temos vagas para est\u00e1gio para criativos nas \u00e1reas de reda\u00e7\u00e3o, redes sociais, design, edi\u00e7\u00e3o de v\u00eddeo e M\u00eddia digital (performance, an\u00e1lises e...","jetpack-related-posts":[{"id":49279,"url":"https:\/\/ismaelcolosi.com.br\/index.php\/2024\/05\/09\/vagas-de-emprego-para-engenheiro-civil-em-ribeirao-preto-sp-5\/","url_meta":{"origin":58643,"position":0},"title":"Vagas de emprego para Engenheiro Civil em Ribeir\u00e3o Preto-SP","author":"ismaelcolosi.com.br","date":"9 de May de 2024","format":false,"excerpt":"Estagi\u00e1rio - Engenharia Civil EST\u00c1GIO EM ENGENHARIA CIVIL S\u00c3O PAULO- RIBEIR\u00c3O PRETO Assistente de Planejamento Receba alertas de novas vagas de Engenheiro Civil em: Ribeir\u00e3o Preto e Regi\u00e3o. Entre para criar um alerta de vaga 7 Engenheiro Civil vagas em Ribeir\u00e3o Preto e Regi\u00e3o Estagi\u00e1rio - Engenharia Civil Estagi\u00e1rio -\u2026","rel":"","context":"In &quot;Vagas de Emprego em Ribeir\u00e3o Preto-SP&quot;","block_context":{"text":"Vagas de Emprego em Ribeir\u00e3o Preto-SP","link":"https:\/\/ismaelcolosi.com.br\/index.php\/category\/empregos-classificados-vagas-trabalho\/vagas-de-empregos-em-ribeirao-preto-regiao-brasil\/"},"img":{"alt_text":"","src":"https:\/\/i0.wp.com\/ismaelcolosi.com.br\/wp-content\/uploads\/2024\/05\/quanto-ganha-engenheiro-civil.png?fit=1200%2C635&ssl=1&resize=350%2C200","width":350,"height":200,"srcset":"https:\/\/i0.wp.com\/ismaelcolosi.com.br\/wp-content\/uploads\/2024\/05\/quanto-ganha-engenheiro-civil.png?fit=1200%2C635&ssl=1&resize=350%2C200 1x, https:\/\/i0.wp.com\/ismaelcolosi.com.br\/wp-content\/uploads\/2024\/05\/quanto-ganha-engenheiro-civil.png?fit=1200%2C635&ssl=1&resize=525%2C300 1.5x, https:\/\/i0.wp.com\/ismaelcolosi.com.br\/wp-content\/uploads\/2024\/05\/quanto-ganha-engenheiro-civil.png?fit=1200%2C635&ssl=1&resize=700%2C400 2x, https:\/\/i0.wp.com\/ismaelcolosi.com.br\/wp-content\/uploads\/2024\/05\/quanto-ganha-engenheiro-civil.png?fit=1200%2C635&ssl=1&resize=1050%2C600 3x"},"classes":[]},{"id":46426,"url":"https:\/\/ismaelcolosi.com.br\/index.php\/2024\/04\/11\/vagas-de-emprego-para-engenheiro-civil-em-ribeirao-preto-sp-3\/","url_meta":{"origin":58643,"position":1},"title":"Vagas de emprego para Engenheiro Civil em Ribeir\u00e3o Preto-SP","author":"ismaelcolosi.com.br","date":"11 de April de 2024","format":false,"excerpt":"Engenheiro Civil EST\u00c1GIO EM ENGENHARIA CIVIL S\u00c3O PAULO- RIBEIR\u00c3O PRETO EST\u00c1GIO EM ENGENHARIA CIVIL - RIBEIR\u00c3O PRETO SP EST\u00c1GIO EM ENGENHARIA CIVIL - RIBEIR\u00c3O PRETO SP Est\u00e1gio Engenharia Civil\/Arquitetura Est\u00e1gio: Engenharia Civil Receba alertas de novas vagas de Engenheiro Civil em: Ribeir\u00e3o Preto e Regi\u00e3o. Entre para criar um alerta\u2026","rel":"","context":"In &quot;Vagas de Emprego em Ribeir\u00e3o Preto-SP&quot;","block_context":{"text":"Vagas de Emprego em Ribeir\u00e3o Preto-SP","link":"https:\/\/ismaelcolosi.com.br\/index.php\/category\/empregos-classificados-vagas-trabalho\/vagas-de-empregos-em-ribeirao-preto-regiao-brasil\/"},"img":{"alt_text":"","src":"https:\/\/i0.wp.com\/ismaelcolosi.com.br\/wp-content\/uploads\/2024\/04\/quanto-ganha-engenheiro-civil.png?fit=1200%2C635&ssl=1&resize=350%2C200","width":350,"height":200,"srcset":"https:\/\/i0.wp.com\/ismaelcolosi.com.br\/wp-content\/uploads\/2024\/04\/quanto-ganha-engenheiro-civil.png?fit=1200%2C635&ssl=1&resize=350%2C200 1x, https:\/\/i0.wp.com\/ismaelcolosi.com.br\/wp-content\/uploads\/2024\/04\/quanto-ganha-engenheiro-civil.png?fit=1200%2C635&ssl=1&resize=525%2C300 1.5x, https:\/\/i0.wp.com\/ismaelcolosi.com.br\/wp-content\/uploads\/2024\/04\/quanto-ganha-engenheiro-civil.png?fit=1200%2C635&ssl=1&resize=700%2C400 2x, https:\/\/i0.wp.com\/ismaelcolosi.com.br\/wp-content\/uploads\/2024\/04\/quanto-ganha-engenheiro-civil.png?fit=1200%2C635&ssl=1&resize=1050%2C600 3x"},"classes":[]},{"id":39321,"url":"https:\/\/ismaelcolosi.com.br\/index.php\/2024\/02\/24\/mais-de-10-vagas-de-emprego-de-recepcionista-em-ribeirao-preto-sp-24\/","url_meta":{"origin":58643,"position":2},"title":"Mais de 10 vagas de emprego de Recepcionista em Ribeir\u00e3o Preto-SP","author":"ismaelcolosi.com.br","date":"24 de February de 2024","format":false,"excerpt":"Recep\u00e7\u00e3o Recepcionista Recepcionista Recepcionista Recepcionista Recepcionista Secret\u00e1ria Est\u00e1gio - Recep\u00e7\u00e3o - Ribeir\u00e3o Preto\/SP Est\u00e1gio: Recep\u00e7\u00e3o Recepcionista Administrativa","rel":"","context":"In &quot;Vagas de Emprego em Ribeir\u00e3o Preto-SP&quot;","block_context":{"text":"Vagas de Emprego em Ribeir\u00e3o Preto-SP","link":"https:\/\/ismaelcolosi.com.br\/index.php\/category\/empregos-classificados-vagas-trabalho\/vagas-de-empregos-em-ribeirao-preto-regiao-brasil\/"},"img":{"alt_text":"","src":"","width":0,"height":0},"classes":[]},{"id":62455,"url":"https:\/\/ismaelcolosi.com.br\/index.php\/2024\/08\/27\/clique-aqui-e-veja-as-vagas-de-emprego-na-eptv-ribeirao-preto-sp-10\/","url_meta":{"origin":58643,"position":3},"title":"Clique aqui e veja as vagas de emprego na EPTV Ribeir\u00e3o Preto-SP","author":"ismaelcolosi.com.br","date":"27 de August de 2024","format":false,"excerpt":"Est\u00e1gio em Suporte T\u00e9cnico Operacional Est\u00e1gio T\u00e9cnico em Suporte Operacional T\u00e9cnico de Sistemas Audiovisuais Jr","rel":"","context":"In &quot;Vagas de Emprego em Ribeir\u00e3o Preto-SP&quot;","block_context":{"text":"Vagas de Emprego em Ribeir\u00e3o Preto-SP","link":"https:\/\/ismaelcolosi.com.br\/index.php\/category\/empregos-classificados-vagas-trabalho\/vagas-de-empregos-em-ribeirao-preto-regiao-brasil\/"},"img":{"alt_text":"","src":"https:\/\/i0.wp.com\/ismaelcolosi.com.br\/wp-content\/uploads\/2024\/08\/1724787368_latest.jpeg?fit=1200%2C675&ssl=1&resize=350%2C200","width":350,"height":200,"srcset":"https:\/\/i0.wp.com\/ismaelcolosi.com.br\/wp-content\/uploads\/2024\/08\/1724787368_latest.jpeg?fit=1200%2C675&ssl=1&resize=350%2C200 1x, https:\/\/i0.wp.com\/ismaelcolosi.com.br\/wp-content\/uploads\/2024\/08\/1724787368_latest.jpeg?fit=1200%2C675&ssl=1&resize=525%2C300 1.5x, https:\/\/i0.wp.com\/ismaelcolosi.com.br\/wp-content\/uploads\/2024\/08\/1724787368_latest.jpeg?fit=1200%2C675&ssl=1&resize=700%2C400 2x, https:\/\/i0.wp.com\/ismaelcolosi.com.br\/wp-content\/uploads\/2024\/08\/1724787368_latest.jpeg?fit=1200%2C675&ssl=1&resize=1050%2C600 3x"},"classes":[]},{"id":68012,"url":"https:\/\/ismaelcolosi.com.br\/index.php\/2024\/09\/26\/clique-aqui-e-veja-as-vagas-de-emprego-na-eptv-ribeirao-preto-sp-11\/","url_meta":{"origin":58643,"position":4},"title":"Clique aqui e veja as vagas de emprego na EPTV Ribeir\u00e3o Preto-SP","author":"ismaelcolosi.com.br","date":"26 de September de 2024","format":false,"excerpt":"Est\u00e1gio em Suporte T\u00e9cnico Operacional Est\u00e1gio em Jornalismo Analista de Promo\u00e7\u00e3o e Ativa\u00e7\u00e3o Pl","rel":"","context":"In &quot;Vagas de Emprego em Ribeir\u00e3o Preto-SP&quot;","block_context":{"text":"Vagas de Emprego em Ribeir\u00e3o Preto-SP","link":"https:\/\/ismaelcolosi.com.br\/index.php\/category\/empregos-classificados-vagas-trabalho\/vagas-de-empregos-em-ribeirao-preto-regiao-brasil\/"},"img":{"alt_text":"","src":"https:\/\/i0.wp.com\/ismaelcolosi.com.br\/wp-content\/uploads\/2024\/09\/latest.jpeg?fit=1200%2C675&ssl=1&resize=350%2C200","width":350,"height":200,"srcset":"https:\/\/i0.wp.com\/ismaelcolosi.com.br\/wp-content\/uploads\/2024\/09\/latest.jpeg?fit=1200%2C675&ssl=1&resize=350%2C200 1x, https:\/\/i0.wp.com\/ismaelcolosi.com.br\/wp-content\/uploads\/2024\/09\/latest.jpeg?fit=1200%2C675&ssl=1&resize=525%2C300 1.5x, https:\/\/i0.wp.com\/ismaelcolosi.com.br\/wp-content\/uploads\/2024\/09\/latest.jpeg?fit=1200%2C675&ssl=1&resize=700%2C400 2x, https:\/\/i0.wp.com\/ismaelcolosi.com.br\/wp-content\/uploads\/2024\/09\/latest.jpeg?fit=1200%2C675&ssl=1&resize=1050%2C600 3x"},"classes":[]},{"id":89699,"url":"https:\/\/ismaelcolosi.com.br\/index.php\/2026\/03\/29\/mais-de-10-vagas-de-emprego-de-recepcionista-em-ribeirao-preto-sp-47\/","url_meta":{"origin":58643,"position":5},"title":"Mais de 10 vagas de emprego de Recepcionista em Ribeir\u00e3o Preto-SP","author":"ismaelcolosi.com.br","date":"29 de March de 2026","format":false,"excerpt":"Recepcionista Hospitalar (Ribeir\u00e3o Preto) Recepcionista - Agendamento Recepcionista de Agendamento Recepcionista Recepcionista Recepcionista - Coco Bambu Ribeir\u00e3o Preto Recepcionista - SP Recepcionista Recepcionista Atendente EST\u00c1GIO DE RECEP\u00c7\u00c3O - RIBEIR\u00c3O PRETO Recepcionista Est\u00e1gio Administrativo - Secretariado - SP","rel":"","context":"In &quot;Vagas de Emprego em Ribeir\u00e3o Preto-SP&quot;","block_context":{"text":"Vagas de Emprego em Ribeir\u00e3o Preto-SP","link":"https:\/\/ismaelcolosi.com.br\/index.php\/category\/empregos-classificados-vagas-trabalho\/vagas-de-empregos-em-ribeirao-preto-regiao-brasil\/"},"img":{"alt_text":"","src":"","width":0,"height":0},"classes":[]}],"jetpack_sharing_enabled":true,"jetpack_shortlink":"https:\/\/wp.me\/pfMlyK-ffR","_links":{"self":[{"href":"https:\/\/ismaelcolosi.com.br\/index.php\/wp-json\/wp\/v2\/posts\/58643","targetHints":{"allow":["GET"]}}],"collection":[{"href":"https:\/\/ismaelcolosi.com.br\/index.php\/wp-json\/wp\/v2\/posts"}],"about":[{"href":"https:\/\/ismaelcolosi.com.br\/index.php\/wp-json\/wp\/v2\/types\/post"}],"author":[{"embeddable":true,"href":"https:\/\/ismaelcolosi.com.br\/index.php\/wp-json\/wp\/v2\/users\/1"}],"replies":[{"embeddable":true,"href":"https:\/\/ismaelcolosi.com.br\/index.php\/wp-json\/wp\/v2\/comments?post=58643"}],"version-history":[{"count":0,"href":"https:\/\/ismaelcolosi.com.br\/index.php\/wp-json\/wp\/v2\/posts\/58643\/revisions"}],"wp:featuredmedia":[{"embeddable":true,"href":"https:\/\/ismaelcolosi.com.br\/index.php\/wp-json\/wp\/v2\/media\/58644"}],"wp:attachment":[{"href":"https:\/\/ismaelcolosi.com.br\/index.php\/wp-json\/wp\/v2\/media?parent=58643"}],"wp:term":[{"taxonomy":"category","embeddable":true,"href":"https:\/\/ismaelcolosi.com.br\/index.php\/wp-json\/wp\/v2\/categories?post=58643"},{"taxonomy":"post_tag","embeddable":true,"href":"https:\/\/ismaelcolosi.com.br\/index.php\/wp-json\/wp\/v2\/tags?post=58643"}],"curies":[{"name":"wp","href":"https:\/\/api.w.org\/{rel}","templated":true}]}}